{"id":36153,"date":"2021-08-10T16:09:54","date_gmt":"2021-08-10T14:09:54","guid":{"rendered":"https:\/\/www.laguiadepamplona.com\/actualidad\/?p=36153"},"modified":"2023-04-11T11:49:08","modified_gmt":"2023-04-11T09:49:08","slug":"el-ayuntamiento-ofrece-hasta-septiembre-la-oportunidad-de-dar-paseos-por-dos-pamplonas-a-la-vez-la-que-se-recorre-cada-dia-y-la-que-se-visita-solo-leyendo","status":"publish","type":"post","link":"https:\/\/www.laguiadepamplona.com\/actualidad\/el-ayuntamiento-ofrece-hasta-septiembre-la-oportunidad-de-dar-paseos-por-dos-pamplonas-a-la-vez-la-que-se-recorre-cada-dia-y-la-que-se-visita-solo-leyendo\/","title":{"rendered":"El Ayuntamiento ofrece hasta septiembre la oportunidad de dar paseos por dos pamplonas a la vez: la que se recorre cada d\u00eda y la que se visita solo leyendo"},"content":{"rendered":"<h5>Quedan 14 grupos abiertos para visitas literarias, una modalidad organizada junto a la Asociaci\u00f3n Navarra de Escritores este verano por primera vez<\/h5>\n<p><!--more--><\/p>\n<p>El Ayuntamiento de Pamplona en colaboraci\u00f3n con la Asociaci\u00f3n Navarra de Escritores est\u00e1 ofreciendo todos los fines de semana hasta el 12 de septiembre rutas literarias por la ciudad, una actividad in\u00e9dita hasta ahora, que se oferta en castellano y euskera. A\u00fan hay posibilidad de apuntarse a alguno de los 14 recorridos que restan en el programa: 10 de ellos en castellano y 4 en euskera.<\/p>\n<p>Pamplona ha ido dejando huella en escritores y obras literarias de todo \u00e1mbito, desde en la elecci\u00f3n de temas de Hemingway, hasta el \u00e1nimo de Victor Hugo cuando el franc\u00e9s hac\u00eda comentarios jocosos sobre la construcci\u00f3n del Teatro Gayarre o la nueva fachada neocl\u00e1sica de la Catedral. La ciudad tambi\u00e9n se ha expresado a trav\u00e9s de la pluma de escritores de \u00e1mbito m\u00e1s cercano como Felix Urabayen, mozo de almac\u00e9n en Mercaderes que reflejaba la vida del operario en una sociedad en la que se estaba gestando el mensaje socialista de inicios del siglo XX o las inquietudes de la ensayista Maria Luisa Elio, hija de un republicano represaliado que debi\u00f3 exiliarse de su ciudad para acabar en el c\u00edrculo de amistades de otro escritor, este mundialmente conocido: Gabriel Garc\u00eda M\u00e1rquez. Ya en el XXI, recoge, por ejemplo, la fabulaci\u00f3n informada de la Pamplona medieval de Bego\u00f1a Pro Uriarte.<\/p>\n<p><script async src=\"\/\/pagead2.googlesyndication.com\/pagead\/js\/adsbygoogle.js\"><\/script><br \/>\n<!-- Noticias La Guia de Pamplona --><br \/>\n<ins class=\"adsbygoogle\"\nstyle=\"display:block\"\ndata-ad-client=\"ca-pub-6943679897239327\"\ndata-ad-slot=\"7048180777\"\ndata-ad-format=\"auto\"><\/ins><br \/>\n<script>\n(adsbygoogle = window.adsbygoogle || []).push({});\n<\/script><\/p>\n<p>Las plazas, calles y rincones de Pamplona, adem\u00e1s de adoqu\u00edn, loseta u hormig\u00f3n, est\u00e1n hechas de letras. Como no es f\u00e1cil apreciarlo sin la ayuda de expertos, es la Asociaci\u00f3n de Escritores de Navarra la que ha colaborado con el Consistorio realizando la selecci\u00f3n de textos que el gu\u00eda va leyendo en cada parada del recorrido. Son 75 minutos para ver la ciudad y a sus habitantes con otros ojos, m\u00e1s antiguos, a veces m\u00e1s lejanos y a lo mejor m\u00e1s sabios, una visi\u00f3n que se extiende desde el siglo XVIII hasta la actualidad en lo local, nacional e internacional y buscando la aportaci\u00f3n de autores y autoras de diferentes g\u00e9neros literarios.<\/p>\n<p><strong>Los recorridos guiados parten del <\/strong>Caballo Blanco y, pasando por la plazuela de San Jos\u00e9, se llegan hasta Mercaderes, dejando atr\u00e1s la fachada del Instituto Navarro de Administraciones P\u00fablicas (INAP). De ah\u00ed el recorrido guiado se acerca hasta la Plaza Consistorial y, por la calle Zapater\u00eda y San Nicol\u00e1s se aproxima a la Plaza del Castillo para acabar en el ic\u00f3nico monumento al encierro de la avenida de Roncesvalles.<\/p>\n<p>Las visitas en castellano est\u00e1n teniendo lugar este agosto lugar todos los s\u00e1bados y domingos a las 11 horas y se prolongar\u00e1n hasta el 12 de septiembre. Los grupos de euskera se abren en 15 de agosto, 28 de agosto, 4 de septiembre y 12 de septiembre y todos ellos iniciar\u00e1n su recorrido a las 12.30 horas (en este caso desde el monumento al encierro y en sentido contrario a la visita de castellano).<\/p>\n<p>Las entradas se pueden adquirir a precio de 2 euros en la Oficina de Turismo del Ayuntamiento de Pamplona o a trav\u00e9s de la web <a href=\"https:\/\/ayuntamientopamplona.sacatuentrada.es\/\" target=\"_blank\" rel=\"noopener\">https:\/\/ayuntamientopamplona.sacatuentrada.es\/<\/a> al precio de dos euros (1,5 euros con la tarjeta Pamplona Iru\u00f1a Card). Los menores de doce a\u00f1os acompa\u00f1ados tienen acceso gratuito. Los grupos albergar\u00e1n hasta un m\u00e1ximo de 25 personas, siempre teniendo en cuenta el respeto a la distancia interpersonal de seguridad y el preceptivo uso de mascarillas durante la actividad.<\/p>\n<p><script async src=\"\/\/pagead2.googlesyndication.com\/pagead\/js\/adsbygoogle.js\"><\/script><br \/>\n<!-- Noticias La Guia de Pamplona --><br \/>\n<ins class=\"adsbygoogle\"\nstyle=\"display:block\"\ndata-ad-client=\"ca-pub-6943679897239327\"\ndata-ad-slot=\"7048180777\"\ndata-ad-format=\"auto\"><\/ins><br \/>\n<script>\n(adsbygoogle = window.adsbygoogle || []).push({});\n<\/script><\/p>\n<p>&nbsp;<\/p>\n<h3><strong>Puntos de parada y lecturas asociadas a cada uno<\/strong><\/h3>\n<p><strong>Mes\u00f3n del Caballo Blanco:<\/strong><\/p>\n<ul>\n<li>*\u00bbIberia. Viajes y reflexiones sobre Espa\u00f1a\u00bb (1968) de James A. Michener<\/li>\n<li>*\u00bbDesde la \u00faltima vuelta del camino\u00bb (1944) de P\u00edo Baroja<\/li>\n<\/ul>\n<p><strong>Calle de Mercaderes:<\/strong><\/p>\n<ul>\n<li>*\u00bbEl Barrio maldito\u00bb (1925) de F\u00e9lix Urabayen<\/li>\n<li>*\u00bbGlosas a la ciudad\u00bb (1963) de \u00c1ngel Mar\u00eda Pascual<\/li>\n<\/ul>\n<p><strong>Plaza Consistorial:<\/strong><\/p>\n<ul>\n<li>*\u00bbBajo las cenizas de la Navarrer\u00eda\u00bb (2017) de Bego\u00f1a Pro Uriarte<\/li>\n<\/ul>\n<p><strong>Plaza del Castillo:<\/strong><\/p>\n<ul>\n<li>*\u00bbLas pira\u00f1as\u00bb (1992) de Miguel S\u00e1nchez Ostiz<\/li>\n<li>*\u00bbFiesta\u00bb (1926) de Ernest Hemingway<\/li>\n<li>*\u00bbViaje a los Alpes y Pirineos\u00bb (1843) de Victor Hugo<\/li>\n<\/ul>\n<p><strong>Monumento al Encierro:<\/strong><\/p>\n<ul>\n<li>*\u00bbTiempo de llorar\u00bb (1988) de Mar\u00eda Luisa El\u00edo<\/li>\n<li>*\u00bbGuerre \u00e0 la tristesse\u00bb (1955) de Dominique Aubier<\/li>\n<\/ul>\n","protected":false},"excerpt":{"rendered":"<p>Quedan 14 grupos abiertos para visitas literarias, una modalidad organizada junto a la Asociaci\u00f3n Navarra de Escritores este verano por primera vez<\/p>\n","protected":false},"author":1,"featured_media":36154,"comment_status":"open","ping_status":"closed","sticky":false,"template":"","format":"standard","meta":{"footnotes":""},"categories":[2],"tags":[],"class_list":["post-36153","post","type-post","status-publish","format-standard","has-post-thumbnail","hentry","category-ayuntamiento-pamplona"],"yoast_head":"<!-- This site is optimized with the Yoast SEO plugin v27.5 - https:\/\/yoast.com\/product\/yoast-seo-wordpress\/ -->\n<title>El Ayuntamiento ofrece hasta septiembre la oportunidad de dar paseos por dos pamplonas a la vez: la que se recorre cada d\u00eda y la que se visita solo leyendo<\/title>\n<meta name=\"description\" content=\"Quedan 14 grupos abiertos para visitas literarias, una modalidad organizada junto a la Asociaci\u00f3n Navarra de Escritores este verano por primera vez\" \/>\n<meta name=\"robots\" content=\"index, follow, max-snippet:-1, max-image-preview:large, max-video-preview:-1\" \/>\n<link rel=\"canonical\" href=\"https:\/\/www.laguiadepamplona.com\/actualidad\/el-ayuntamiento-ofrece-hasta-septiembre-la-oportunidad-de-dar-paseos-por-dos-pamplonas-a-la-vez-la-que-se-recorre-cada-dia-y-la-que-se-visita-solo-leyendo\/\" \/>\n<meta property=\"og:locale\" content=\"es_ES\" \/>\n<meta property=\"og:type\" content=\"article\" \/>\n<meta property=\"og:title\" content=\"El Ayuntamiento ofrece hasta septiembre la oportunidad de dar paseos por dos pamplonas a la vez: la que se recorre cada d\u00eda y la que se visita solo leyendo\" \/>\n<meta property=\"og:description\" content=\"Quedan 14 grupos abiertos para visitas literarias, una modalidad organizada junto a la Asociaci\u00f3n Navarra de Escritores este verano por primera vez\" \/>\n<meta property=\"og:url\" content=\"https:\/\/www.laguiadepamplona.com\/actualidad\/el-ayuntamiento-ofrece-hasta-septiembre-la-oportunidad-de-dar-paseos-por-dos-pamplonas-a-la-vez-la-que-se-recorre-cada-dia-y-la-que-se-visita-solo-leyendo\/\" \/>\n<meta property=\"og:site_name\" content=\"La Gu\u00eda de Pamplona\" \/>\n<meta property=\"article:publisher\" content=\"https:\/\/www.facebook.com\/laguiadepamplonacom-133175176762273\/?ref=hl\" \/>\n<meta property=\"article:published_time\" content=\"2021-08-10T14:09:54+00:00\" \/>\n<meta property=\"article:modified_time\" content=\"2023-04-11T09:49:08+00:00\" \/>\n<meta property=\"og:image\" content=\"https:\/\/www.laguiadepamplona.com\/actualidad\/wp-content\/uploads\/2021\/08\/rutas-literarias-por-Pamplona-verano-2021.jpg\" \/>\n\t<meta property=\"og:image:width\" content=\"1920\" \/>\n\t<meta property=\"og:image:height\" content=\"1080\" \/>\n\t<meta property=\"og:image:type\" content=\"image\/jpeg\" \/>\n<meta name=\"author\" content=\"La Gu\u00eda de Pamplona\" \/>\n<meta name=\"twitter:card\" content=\"summary_large_image\" \/>\n<meta name=\"twitter:creator\" content=\"@LaGuiadPamplona\" \/>\n<meta name=\"twitter:site\" content=\"@LaGuiadPamplona\" \/>\n<meta name=\"twitter:label1\" content=\"Escrito por\" \/>\n\t<meta name=\"twitter:data1\" content=\"La Gu\u00eda de Pamplona\" \/>\n\t<meta name=\"twitter:label2\" content=\"Tiempo de lectura\" \/>\n\t<meta name=\"twitter:data2\" content=\"3 minutos\" \/>\n<script type=\"application\/ld+json\" class=\"yoast-schema-graph\">{\"@context\":\"https:\\\/\\\/schema.org\",\"@graph\":[{\"@type\":\"Article\",\"@id\":\"https:\\\/\\\/www.laguiadepamplona.com\\\/actualidad\\\/el-ayuntamiento-ofrece-hasta-septiembre-la-oportunidad-de-dar-paseos-por-dos-pamplonas-a-la-vez-la-que-se-recorre-cada-dia-y-la-que-se-visita-solo-leyendo\\\/#article\",\"isPartOf\":{\"@id\":\"https:\\\/\\\/www.laguiadepamplona.com\\\/actualidad\\\/el-ayuntamiento-ofrece-hasta-septiembre-la-oportunidad-de-dar-paseos-por-dos-pamplonas-a-la-vez-la-que-se-recorre-cada-dia-y-la-que-se-visita-solo-leyendo\\\/\"},\"author\":{\"name\":\"La Gu\u00eda de Pamplona\",\"@id\":\"https:\\\/\\\/www.laguiadepamplona.com\\\/actualidad\\\/#\\\/schema\\\/person\\\/efe887376f0213d4657c93adc50b1fdb\"},\"headline\":\"El Ayuntamiento ofrece hasta septiembre la oportunidad de dar paseos por dos pamplonas a la vez: la que se recorre cada d\u00eda y la que se visita solo leyendo\",\"datePublished\":\"2021-08-10T14:09:54+00:00\",\"dateModified\":\"2023-04-11T09:49:08+00:00\",\"mainEntityOfPage\":{\"@id\":\"https:\\\/\\\/www.laguiadepamplona.com\\\/actualidad\\\/el-ayuntamiento-ofrece-hasta-septiembre-la-oportunidad-de-dar-paseos-por-dos-pamplonas-a-la-vez-la-que-se-recorre-cada-dia-y-la-que-se-visita-solo-leyendo\\\/\"},\"wordCount\":746,\"commentCount\":0,\"publisher\":{\"@id\":\"https:\\\/\\\/www.laguiadepamplona.com\\\/actualidad\\\/#organization\"},\"image\":{\"@id\":\"https:\\\/\\\/www.laguiadepamplona.com\\\/actualidad\\\/el-ayuntamiento-ofrece-hasta-septiembre-la-oportunidad-de-dar-paseos-por-dos-pamplonas-a-la-vez-la-que-se-recorre-cada-dia-y-la-que-se-visita-solo-leyendo\\\/#primaryimage\"},\"thumbnailUrl\":\"https:\\\/\\\/www.laguiadepamplona.com\\\/actualidad\\\/wp-content\\\/uploads\\\/2021\\\/08\\\/rutas-literarias-por-Pamplona-verano-2021.jpg\",\"articleSection\":[\"Ayto Pamplona\"],\"inLanguage\":\"es\",\"potentialAction\":[{\"@type\":\"CommentAction\",\"name\":\"Comment\",\"target\":[\"https:\\\/\\\/www.laguiadepamplona.com\\\/actualidad\\\/el-ayuntamiento-ofrece-hasta-septiembre-la-oportunidad-de-dar-paseos-por-dos-pamplonas-a-la-vez-la-que-se-recorre-cada-dia-y-la-que-se-visita-solo-leyendo\\\/#respond\"]}]},{\"@type\":\"WebPage\",\"@id\":\"https:\\\/\\\/www.laguiadepamplona.com\\\/actualidad\\\/el-ayuntamiento-ofrece-hasta-septiembre-la-oportunidad-de-dar-paseos-por-dos-pamplonas-a-la-vez-la-que-se-recorre-cada-dia-y-la-que-se-visita-solo-leyendo\\\/\",\"url\":\"https:\\\/\\\/www.laguiadepamplona.com\\\/actualidad\\\/el-ayuntamiento-ofrece-hasta-septiembre-la-oportunidad-de-dar-paseos-por-dos-pamplonas-a-la-vez-la-que-se-recorre-cada-dia-y-la-que-se-visita-solo-leyendo\\\/\",\"name\":\"El Ayuntamiento ofrece hasta septiembre la oportunidad de dar paseos por dos pamplonas a la vez: la que se recorre cada d\u00eda y la que se visita solo leyendo\",\"isPartOf\":{\"@id\":\"https:\\\/\\\/www.laguiadepamplona.com\\\/actualidad\\\/#website\"},\"primaryImageOfPage\":{\"@id\":\"https:\\\/\\\/www.laguiadepamplona.com\\\/actualidad\\\/el-ayuntamiento-ofrece-hasta-septiembre-la-oportunidad-de-dar-paseos-por-dos-pamplonas-a-la-vez-la-que-se-recorre-cada-dia-y-la-que-se-visita-solo-leyendo\\\/#primaryimage\"},\"image\":{\"@id\":\"https:\\\/\\\/www.laguiadepamplona.com\\\/actualidad\\\/el-ayuntamiento-ofrece-hasta-septiembre-la-oportunidad-de-dar-paseos-por-dos-pamplonas-a-la-vez-la-que-se-recorre-cada-dia-y-la-que-se-visita-solo-leyendo\\\/#primaryimage\"},\"thumbnailUrl\":\"https:\\\/\\\/www.laguiadepamplona.com\\\/actualidad\\\/wp-content\\\/uploads\\\/2021\\\/08\\\/rutas-literarias-por-Pamplona-verano-2021.jpg\",\"datePublished\":\"2021-08-10T14:09:54+00:00\",\"dateModified\":\"2023-04-11T09:49:08+00:00\",\"description\":\"Quedan 14 grupos abiertos para visitas literarias, una modalidad organizada junto a la Asociaci\u00f3n Navarra de Escritores este verano por primera vez\",\"breadcrumb\":{\"@id\":\"https:\\\/\\\/www.laguiadepamplona.com\\\/actualidad\\\/el-ayuntamiento-ofrece-hasta-septiembre-la-oportunidad-de-dar-paseos-por-dos-pamplonas-a-la-vez-la-que-se-recorre-cada-dia-y-la-que-se-visita-solo-leyendo\\\/#breadcrumb\"},\"inLanguage\":\"es\",\"potentialAction\":[{\"@type\":\"ReadAction\",\"target\":[\"https:\\\/\\\/www.laguiadepamplona.com\\\/actualidad\\\/el-ayuntamiento-ofrece-hasta-septiembre-la-oportunidad-de-dar-paseos-por-dos-pamplonas-a-la-vez-la-que-se-recorre-cada-dia-y-la-que-se-visita-solo-leyendo\\\/\"]}]},{\"@type\":\"ImageObject\",\"inLanguage\":\"es\",\"@id\":\"https:\\\/\\\/www.laguiadepamplona.com\\\/actualidad\\\/el-ayuntamiento-ofrece-hasta-septiembre-la-oportunidad-de-dar-paseos-por-dos-pamplonas-a-la-vez-la-que-se-recorre-cada-dia-y-la-que-se-visita-solo-leyendo\\\/#primaryimage\",\"url\":\"https:\\\/\\\/www.laguiadepamplona.com\\\/actualidad\\\/wp-content\\\/uploads\\\/2021\\\/08\\\/rutas-literarias-por-Pamplona-verano-2021.jpg\",\"contentUrl\":\"https:\\\/\\\/www.laguiadepamplona.com\\\/actualidad\\\/wp-content\\\/uploads\\\/2021\\\/08\\\/rutas-literarias-por-Pamplona-verano-2021.jpg\",\"width\":1920,\"height\":1080},{\"@type\":\"BreadcrumbList\",\"@id\":\"https:\\\/\\\/www.laguiadepamplona.com\\\/actualidad\\\/el-ayuntamiento-ofrece-hasta-septiembre-la-oportunidad-de-dar-paseos-por-dos-pamplonas-a-la-vez-la-que-se-recorre-cada-dia-y-la-que-se-visita-solo-leyendo\\\/#breadcrumb\",\"itemListElement\":[{\"@type\":\"ListItem\",\"position\":1,\"name\":\"Portada\",\"item\":\"https:\\\/\\\/www.laguiadepamplona.com\\\/actualidad\\\/\"},{\"@type\":\"ListItem\",\"position\":2,\"name\":\"El Ayuntamiento ofrece hasta septiembre la oportunidad de dar paseos por dos pamplonas a la vez: la que se recorre cada d\u00eda y la que se visita solo leyendo\"}]},{\"@type\":\"WebSite\",\"@id\":\"https:\\\/\\\/www.laguiadepamplona.com\\\/actualidad\\\/#website\",\"url\":\"https:\\\/\\\/www.laguiadepamplona.com\\\/actualidad\\\/\",\"name\":\"La gu\u00eda de Pamplona\",\"description\":\"Noticias de Pamplona\",\"publisher\":{\"@id\":\"https:\\\/\\\/www.laguiadepamplona.com\\\/actualidad\\\/#organization\"},\"potentialAction\":[{\"@type\":\"SearchAction\",\"target\":{\"@type\":\"EntryPoint\",\"urlTemplate\":\"https:\\\/\\\/www.laguiadepamplona.com\\\/actualidad\\\/?s={search_term_string}\"},\"query-input\":{\"@type\":\"PropertyValueSpecification\",\"valueRequired\":true,\"valueName\":\"search_term_string\"}}],\"inLanguage\":\"es\"},{\"@type\":\"Organization\",\"@id\":\"https:\\\/\\\/www.laguiadepamplona.com\\\/actualidad\\\/#organization\",\"name\":\"La Gu\u00eda de Pamplona \\\/ Noticias\",\"url\":\"https:\\\/\\\/www.laguiadepamplona.com\\\/actualidad\\\/\",\"logo\":{\"@type\":\"ImageObject\",\"inLanguage\":\"es\",\"@id\":\"https:\\\/\\\/www.laguiadepamplona.com\\\/actualidad\\\/#\\\/schema\\\/logo\\\/image\\\/\",\"url\":\"https:\\\/\\\/www.laguiadepamplona.com\\\/actualidad\\\/wp-content\\\/uploads\\\/2018\\\/11\\\/logo-laguiadepamplona18-web1.png\",\"contentUrl\":\"https:\\\/\\\/www.laguiadepamplona.com\\\/actualidad\\\/wp-content\\\/uploads\\\/2018\\\/11\\\/logo-laguiadepamplona18-web1.png\",\"width\":600,\"height\":196,\"caption\":\"La Gu\u00eda de Pamplona \\\/ Noticias\"},\"image\":{\"@id\":\"https:\\\/\\\/www.laguiadepamplona.com\\\/actualidad\\\/#\\\/schema\\\/logo\\\/image\\\/\"},\"sameAs\":[\"https:\\\/\\\/www.facebook.com\\\/laguiadepamplonacom-133175176762273\\\/?ref=hl\",\"https:\\\/\\\/x.com\\\/LaGuiadPamplona\",\"https:\\\/\\\/www.instagram.com\\\/la_guia_de_pamplona\\\/\",\"https:\\\/\\\/www.youtube.com\\\/user\\\/laguiadepamplona\"]},{\"@type\":\"Person\",\"@id\":\"https:\\\/\\\/www.laguiadepamplona.com\\\/actualidad\\\/#\\\/schema\\\/person\\\/efe887376f0213d4657c93adc50b1fdb\",\"name\":\"La Gu\u00eda de Pamplona\",\"image\":{\"@type\":\"ImageObject\",\"inLanguage\":\"es\",\"@id\":\"https:\\\/\\\/secure.gravatar.com\\\/avatar\\\/b6992f131dc8d30ab0dff15446e9d346d9dbd95992de0fef795073f5ea83a81c?s=96&d=mm&r=g\",\"url\":\"https:\\\/\\\/secure.gravatar.com\\\/avatar\\\/b6992f131dc8d30ab0dff15446e9d346d9dbd95992de0fef795073f5ea83a81c?s=96&d=mm&r=g\",\"contentUrl\":\"https:\\\/\\\/secure.gravatar.com\\\/avatar\\\/b6992f131dc8d30ab0dff15446e9d346d9dbd95992de0fef795073f5ea83a81c?s=96&d=mm&r=g\",\"caption\":\"La Gu\u00eda de Pamplona\"}}]}<\/script>\n<!-- \/ Yoast SEO plugin. -->","yoast_head_json":{"title":"El Ayuntamiento ofrece hasta septiembre la oportunidad de dar paseos por dos pamplonas a la vez: la que se recorre cada d\u00eda y la que se visita solo leyendo","description":"Quedan 14 grupos abiertos para visitas literarias, una modalidad organizada junto a la Asociaci\u00f3n Navarra de Escritores este verano por primera vez","robots":{"index":"index","follow":"follow","max-snippet":"max-snippet:-1","max-image-preview":"max-image-preview:large","max-video-preview":"max-video-preview:-1"},"canonical":"https:\/\/www.laguiadepamplona.com\/actualidad\/el-ayuntamiento-ofrece-hasta-septiembre-la-oportunidad-de-dar-paseos-por-dos-pamplonas-a-la-vez-la-que-se-recorre-cada-dia-y-la-que-se-visita-solo-leyendo\/","og_locale":"es_ES","og_type":"article","og_title":"El Ayuntamiento ofrece hasta septiembre la oportunidad de dar paseos por dos pamplonas a la vez: la que se recorre cada d\u00eda y la que se visita solo leyendo","og_description":"Quedan 14 grupos abiertos para visitas literarias, una modalidad organizada junto a la Asociaci\u00f3n Navarra de Escritores este verano por primera vez","og_url":"https:\/\/www.laguiadepamplona.com\/actualidad\/el-ayuntamiento-ofrece-hasta-septiembre-la-oportunidad-de-dar-paseos-por-dos-pamplonas-a-la-vez-la-que-se-recorre-cada-dia-y-la-que-se-visita-solo-leyendo\/","og_site_name":"La Gu\u00eda de Pamplona","article_publisher":"https:\/\/www.facebook.com\/laguiadepamplonacom-133175176762273\/?ref=hl","article_published_time":"2021-08-10T14:09:54+00:00","article_modified_time":"2023-04-11T09:49:08+00:00","og_image":[{"width":1920,"height":1080,"url":"https:\/\/www.laguiadepamplona.com\/actualidad\/wp-content\/uploads\/2021\/08\/rutas-literarias-por-Pamplona-verano-2021.jpg","type":"image\/jpeg"}],"author":"La Gu\u00eda de Pamplona","twitter_card":"summary_large_image","twitter_creator":"@LaGuiadPamplona","twitter_site":"@LaGuiadPamplona","twitter_misc":{"Escrito por":"La Gu\u00eda de Pamplona","Tiempo de lectura":"3 minutos"},"schema":{"@context":"https:\/\/schema.org","@graph":[{"@type":"Article","@id":"https:\/\/www.laguiadepamplona.com\/actualidad\/el-ayuntamiento-ofrece-hasta-septiembre-la-oportunidad-de-dar-paseos-por-dos-pamplonas-a-la-vez-la-que-se-recorre-cada-dia-y-la-que-se-visita-solo-leyendo\/#article","isPartOf":{"@id":"https:\/\/www.laguiadepamplona.com\/actualidad\/el-ayuntamiento-ofrece-hasta-septiembre-la-oportunidad-de-dar-paseos-por-dos-pamplonas-a-la-vez-la-que-se-recorre-cada-dia-y-la-que-se-visita-solo-leyendo\/"},"author":{"name":"La Gu\u00eda de Pamplona","@id":"https:\/\/www.laguiadepamplona.com\/actualidad\/#\/schema\/person\/efe887376f0213d4657c93adc50b1fdb"},"headline":"El Ayuntamiento ofrece hasta septiembre la oportunidad de dar paseos por dos pamplonas a la vez: la que se recorre cada d\u00eda y la que se visita solo leyendo","datePublished":"2021-08-10T14:09:54+00:00","dateModified":"2023-04-11T09:49:08+00:00","mainEntityOfPage":{"@id":"https:\/\/www.laguiadepamplona.com\/actualidad\/el-ayuntamiento-ofrece-hasta-septiembre-la-oportunidad-de-dar-paseos-por-dos-pamplonas-a-la-vez-la-que-se-recorre-cada-dia-y-la-que-se-visita-solo-leyendo\/"},"wordCount":746,"commentCount":0,"publisher":{"@id":"https:\/\/www.laguiadepamplona.com\/actualidad\/#organization"},"image":{"@id":"https:\/\/www.laguiadepamplona.com\/actualidad\/el-ayuntamiento-ofrece-hasta-septiembre-la-oportunidad-de-dar-paseos-por-dos-pamplonas-a-la-vez-la-que-se-recorre-cada-dia-y-la-que-se-visita-solo-leyendo\/#primaryimage"},"thumbnailUrl":"https:\/\/www.laguiadepamplona.com\/actualidad\/wp-content\/uploads\/2021\/08\/rutas-literarias-por-Pamplona-verano-2021.jpg","articleSection":["Ayto Pamplona"],"inLanguage":"es","potentialAction":[{"@type":"CommentAction","name":"Comment","target":["https:\/\/www.laguiadepamplona.com\/actualidad\/el-ayuntamiento-ofrece-hasta-septiembre-la-oportunidad-de-dar-paseos-por-dos-pamplonas-a-la-vez-la-que-se-recorre-cada-dia-y-la-que-se-visita-solo-leyendo\/#respond"]}]},{"@type":"WebPage","@id":"https:\/\/www.laguiadepamplona.com\/actualidad\/el-ayuntamiento-ofrece-hasta-septiembre-la-oportunidad-de-dar-paseos-por-dos-pamplonas-a-la-vez-la-que-se-recorre-cada-dia-y-la-que-se-visita-solo-leyendo\/","url":"https:\/\/www.laguiadepamplona.com\/actualidad\/el-ayuntamiento-ofrece-hasta-septiembre-la-oportunidad-de-dar-paseos-por-dos-pamplonas-a-la-vez-la-que-se-recorre-cada-dia-y-la-que-se-visita-solo-leyendo\/","name":"El Ayuntamiento ofrece hasta septiembre la oportunidad de dar paseos por dos pamplonas a la vez: la que se recorre cada d\u00eda y la que se visita solo leyendo","isPartOf":{"@id":"https:\/\/www.laguiadepamplona.com\/actualidad\/#website"},"primaryImageOfPage":{"@id":"https:\/\/www.laguiadepamplona.com\/actualidad\/el-ayuntamiento-ofrece-hasta-septiembre-la-oportunidad-de-dar-paseos-por-dos-pamplonas-a-la-vez-la-que-se-recorre-cada-dia-y-la-que-se-visita-solo-leyendo\/#primaryimage"},"image":{"@id":"https:\/\/www.laguiadepamplona.com\/actualidad\/el-ayuntamiento-ofrece-hasta-septiembre-la-oportunidad-de-dar-paseos-por-dos-pamplonas-a-la-vez-la-que-se-recorre-cada-dia-y-la-que-se-visita-solo-leyendo\/#primaryimage"},"thumbnailUrl":"https:\/\/www.laguiadepamplona.com\/actualidad\/wp-content\/uploads\/2021\/08\/rutas-literarias-por-Pamplona-verano-2021.jpg","datePublished":"2021-08-10T14:09:54+00:00","dateModified":"2023-04-11T09:49:08+00:00","description":"Quedan 14 grupos abiertos para visitas literarias, una modalidad organizada junto a la Asociaci\u00f3n Navarra de Escritores este verano por primera vez","breadcrumb":{"@id":"https:\/\/www.laguiadepamplona.com\/actualidad\/el-ayuntamiento-ofrece-hasta-septiembre-la-oportunidad-de-dar-paseos-por-dos-pamplonas-a-la-vez-la-que-se-recorre-cada-dia-y-la-que-se-visita-solo-leyendo\/#breadcrumb"},"inLanguage":"es","potentialAction":[{"@type":"ReadAction","target":["https:\/\/www.laguiadepamplona.com\/actualidad\/el-ayuntamiento-ofrece-hasta-septiembre-la-oportunidad-de-dar-paseos-por-dos-pamplonas-a-la-vez-la-que-se-recorre-cada-dia-y-la-que-se-visita-solo-leyendo\/"]}]},{"@type":"ImageObject","inLanguage":"es","@id":"https:\/\/www.laguiadepamplona.com\/actualidad\/el-ayuntamiento-ofrece-hasta-septiembre-la-oportunidad-de-dar-paseos-por-dos-pamplonas-a-la-vez-la-que-se-recorre-cada-dia-y-la-que-se-visita-solo-leyendo\/#primaryimage","url":"https:\/\/www.laguiadepamplona.com\/actualidad\/wp-content\/uploads\/2021\/08\/rutas-literarias-por-Pamplona-verano-2021.jpg","contentUrl":"https:\/\/www.laguiadepamplona.com\/actualidad\/wp-content\/uploads\/2021\/08\/rutas-literarias-por-Pamplona-verano-2021.jpg","width":1920,"height":1080},{"@type":"BreadcrumbList","@id":"https:\/\/www.laguiadepamplona.com\/actualidad\/el-ayuntamiento-ofrece-hasta-septiembre-la-oportunidad-de-dar-paseos-por-dos-pamplonas-a-la-vez-la-que-se-recorre-cada-dia-y-la-que-se-visita-solo-leyendo\/#breadcrumb","itemListElement":[{"@type":"ListItem","position":1,"name":"Portada","item":"https:\/\/www.laguiadepamplona.com\/actualidad\/"},{"@type":"ListItem","position":2,"name":"El Ayuntamiento ofrece hasta septiembre la oportunidad de dar paseos por dos pamplonas a la vez: la que se recorre cada d\u00eda y la que se visita solo leyendo"}]},{"@type":"WebSite","@id":"https:\/\/www.laguiadepamplona.com\/actualidad\/#website","url":"https:\/\/www.laguiadepamplona.com\/actualidad\/","name":"La gu\u00eda de Pamplona","description":"Noticias de Pamplona","publisher":{"@id":"https:\/\/www.laguiadepamplona.com\/actualidad\/#organization"},"potentialAction":[{"@type":"SearchAction","target":{"@type":"EntryPoint","urlTemplate":"https:\/\/www.laguiadepamplona.com\/actualidad\/?s={search_term_string}"},"query-input":{"@type":"PropertyValueSpecification","valueRequired":true,"valueName":"search_term_string"}}],"inLanguage":"es"},{"@type":"Organization","@id":"https:\/\/www.laguiadepamplona.com\/actualidad\/#organization","name":"La Gu\u00eda de Pamplona \/ Noticias","url":"https:\/\/www.laguiadepamplona.com\/actualidad\/","logo":{"@type":"ImageObject","inLanguage":"es","@id":"https:\/\/www.laguiadepamplona.com\/actualidad\/#\/schema\/logo\/image\/","url":"https:\/\/www.laguiadepamplona.com\/actualidad\/wp-content\/uploads\/2018\/11\/logo-laguiadepamplona18-web1.png","contentUrl":"https:\/\/www.laguiadepamplona.com\/actualidad\/wp-content\/uploads\/2018\/11\/logo-laguiadepamplona18-web1.png","width":600,"height":196,"caption":"La Gu\u00eda de Pamplona \/ Noticias"},"image":{"@id":"https:\/\/www.laguiadepamplona.com\/actualidad\/#\/schema\/logo\/image\/"},"sameAs":["https:\/\/www.facebook.com\/laguiadepamplonacom-133175176762273\/?ref=hl","https:\/\/x.com\/LaGuiadPamplona","https:\/\/www.instagram.com\/la_guia_de_pamplona\/","https:\/\/www.youtube.com\/user\/laguiadepamplona"]},{"@type":"Person","@id":"https:\/\/www.laguiadepamplona.com\/actualidad\/#\/schema\/person\/efe887376f0213d4657c93adc50b1fdb","name":"La Gu\u00eda de Pamplona","image":{"@type":"ImageObject","inLanguage":"es","@id":"https:\/\/secure.gravatar.com\/avatar\/b6992f131dc8d30ab0dff15446e9d346d9dbd95992de0fef795073f5ea83a81c?s=96&d=mm&r=g","url":"https:\/\/secure.gravatar.com\/avatar\/b6992f131dc8d30ab0dff15446e9d346d9dbd95992de0fef795073f5ea83a81c?s=96&d=mm&r=g","contentUrl":"https:\/\/secure.gravatar.com\/avatar\/b6992f131dc8d30ab0dff15446e9d346d9dbd95992de0fef795073f5ea83a81c?s=96&d=mm&r=g","caption":"La Gu\u00eda de Pamplona"}}]}},"post_mailing_queue_ids":[],"_links":{"self":[{"href":"https:\/\/www.laguiadepamplona.com\/actualidad\/wp-json\/wp\/v2\/posts\/36153","targetHints":{"allow":["GET"]}}],"collection":[{"href":"https:\/\/www.laguiadepamplona.com\/actualidad\/wp-json\/wp\/v2\/posts"}],"about":[{"href":"https:\/\/www.laguiadepamplona.com\/actualidad\/wp-json\/wp\/v2\/types\/post"}],"author":[{"embeddable":true,"href":"https:\/\/www.laguiadepamplona.com\/actualidad\/wp-json\/wp\/v2\/users\/1"}],"replies":[{"embeddable":true,"href":"https:\/\/www.laguiadepamplona.com\/actualidad\/wp-json\/wp\/v2\/comments?post=36153"}],"version-history":[{"count":0,"href":"https:\/\/www.laguiadepamplona.com\/actualidad\/wp-json\/wp\/v2\/posts\/36153\/revisions"}],"wp:featuredmedia":[{"embeddable":true,"href":"https:\/\/www.laguiadepamplona.com\/actualidad\/wp-json\/wp\/v2\/media\/36154"}],"wp:attachment":[{"href":"https:\/\/www.laguiadepamplona.com\/actualidad\/wp-json\/wp\/v2\/media?parent=36153"}],"wp:term":[{"taxonomy":"category","embeddable":true,"href":"https:\/\/www.laguiadepamplona.com\/actualidad\/wp-json\/wp\/v2\/categories?post=36153"},{"taxonomy":"post_tag","embeddable":true,"href":"https:\/\/www.laguiadepamplona.com\/actualidad\/wp-json\/wp\/v2\/tags?post=36153"}],"curies":[{"name":"wp","href":"https:\/\/api.w.org\/{rel}","templated":true}]}}