{"id":36147,"date":"2021-08-09T13:15:06","date_gmt":"2021-08-09T11:15:06","guid":{"rendered":"https:\/\/www.laguiadepamplona.com\/actualidad\/?p=36147"},"modified":"2023-04-11T11:49:08","modified_gmt":"2023-04-11T09:49:08","slug":"el-consistorio-iniciara-tras-el-verano-el-proceso-participativo-para-remodelar-pio-xii-contando-con-vecinos-comerciantes-y-asociaciones-del-barrio","status":"publish","type":"post","link":"https:\/\/www.laguiadepamplona.com\/actualidad\/el-consistorio-iniciara-tras-el-verano-el-proceso-participativo-para-remodelar-pio-xii-contando-con-vecinos-comerciantes-y-asociaciones-del-barrio\/","title":{"rendered":"El Consistorio iniciar\u00e1 tras el verano el proceso participativo para remodelar P\u00edo XII contando con vecinos, comerciantes y asociaciones del barrio"},"content":{"rendered":"<h5>La Junta de Gobierno ha adjudicado hoy la direcci\u00f3n del proceso y la redacci\u00f3n del proyecto definitivo para ocho nuevas zonas verdes en las franjas multiuso<\/h5>\n<p><!--more--><\/p>\n<p>La Junta de Gobierno Local ha aprobado hoy la redacci\u00f3n del proyecto de adecuaci\u00f3n de las zonas verdes de P\u00edo XII que ir\u00e1 acompa\u00f1ado por el correspondiente proceso de participaci\u00f3n, ya que todo el dise\u00f1o se abrir\u00e1 la propuesta a aportaciones de comerciantes, vecinos, asociaciones del barrio, centros escolares, parroquias, etc. Sus ideas, una vez sean validadas por un Grupo T\u00e9cnico formado por las \u00c1reas y Servicios municipales implicados (Jardines, Movilidad, Proyectos, Seguridad Ciudadana\u2026) se incorporar\u00e1n al proyecto final.<\/p>\n<p>El contrato ha sido adjudicado de manera conjunta de CIMA Ingenieros y a Aitor Silgado, Susana Ruiz de Galarreta y Juan Manuel Mart\u00ednez por importe de 21.296 euros y un plazo de ejecuci\u00f3n de 50 d\u00edas. Lo previsto en la propuesta seleccionada es que la ejecuci\u00f3n de estas zonas verdes genere 833 m<sup>2<\/sup> de islas arbustivas (8 espacios) desde el final de la calle Navas Tolosa hasta acabar la avenida, ubicadas en algunas zonas de las franjas multiuso, es decir, en la l\u00ednea que se dispone entre el carril bici y las calzadas que tambi\u00e9n alberga las paradas avanzadas para el transporte p\u00fablico, que se repavimentar\u00e1n.<\/p>\n<p>En paralelo a estos trabajos, la propuesta inicial de la adjudicataria tambi\u00e9n prev\u00e9 un plan de informaci\u00f3n y participaci\u00f3n espec\u00edfica para el barrio que contar\u00e1 de sesiones formativas, visitas sobre el terreno, plazos para recepci\u00f3n de propuestas, presentaci\u00f3n del proyecto final con las aportaciones aceptadas y, seis meses despu\u00e9s, una \u00faltima sesi\u00f3n para recoger valoraciones del proyecto finalmente ejecutado.<\/p>\n<p>Esta propuesta ha sido posible gracias al acuerdo presupuestario entre los grupos municipales Navarra Suma y Socialistas del Ayuntamiento de Pamplona. Est\u00e1 previsto que la ejecuci\u00f3n de los trabajos proyectados inicialmente alcanzara un montante aproximada de 249.542 euros.<\/p>\n<p><script async src=\"\/\/pagead2.googlesyndication.com\/pagead\/js\/adsbygoogle.js\"><\/script><br \/>\n<!-- Noticias La Guia de Pamplona --><br \/>\n<ins class=\"adsbygoogle\"\nstyle=\"display:block\"\ndata-ad-client=\"ca-pub-6943679897239327\"\ndata-ad-slot=\"7048180777\"\ndata-ad-format=\"auto\"><\/ins><br \/>\n<script>\n(adsbygoogle = window.adsbygoogle || []).push({});\n<\/script><\/p>\n<p><strong>Las zonas verdes<\/strong><\/p>\n<p>El anteproyecto entregado, pendiente de los resultados del proceso participativo, busca crear unas isletas ajardinadas longitudinales de diversa extensi\u00f3n (hasta 35 metros) en la franja que separa la circulaci\u00f3n de las bicis y los coches, al igual que existen en la mediana que separa los carriles en los distintos sentidos. Pero en vez de arbolado, en las nuevas franjas se realizar\u00e1n parterres arbustivos de colores diversos y de bajo coste de mantenimiento. Para ello el anteproyecto propone la plantaci\u00f3n de especies como como Bamb\u00fa Sagrado<em> (Nandina Fire Power), <\/em>Pit\u00f3sporo enano<em> (Pitosporum Tobira Nana), Thulbalgia Violacea, Salvia microp Heatwabe blaze, Gaura Lindheimerii, Liriope Monroe White, <\/em>Salvia Rusa<em> (Perovskia Blue Spire), Penisetum Setaceum, <\/em>Agapanto<em> (Agapanthus Africanus) y Spirea Japoica Goldflame<\/em>.<\/p>\n<p>Los ejemplares se plantar\u00edan sobre tierra vegetal con una profundidad m\u00ednima de 50 cm y se dispondr\u00edan en hileras de tres, sin invadir en ning\u00fan caso el carril bici, ni las zonas de tr\u00e1nsito peatonal. Para permitir la buena visibilidad y contribuir a la seguridad, est\u00e1 previsto que las plantas sean de menor altura en los 5 m previos a los dos pasos de peatones y en las dos entradas a bolsas de aparcamiento afectadas.<\/p>\n<p>Los parterres estar\u00e1n dotados de riego autom\u00e1tico por tuber\u00edas con goteros y preparada la evacuaci\u00f3n de aguas para evitar que viertan hacia el carril bici. Asimismo, para no disminuir la capacidad de los carriles bicis la rigola se ubicar\u00e1 en el exterior de la raya blanca y, para evitar la ilusi\u00f3n \u00f3ptica de estrechamiento, el bordillo del parterre hacia el carril bici estar\u00e1 rebajado. Los parterres estar\u00e1n encintados perimetralmente con bordillo de Calatorao.<\/p>\n<p><script async src=\"\/\/pagead2.googlesyndication.com\/pagead\/js\/adsbygoogle.js\"><\/script><br \/>\n<!-- Noticias La Guia de Pamplona --><br \/>\n<ins class=\"adsbygoogle\"\nstyle=\"display:block\"\ndata-ad-client=\"ca-pub-6943679897239327\"\ndata-ad-slot=\"7048180777\"\ndata-ad-format=\"auto\"><\/ins><br \/>\n<script>\n(adsbygoogle = window.adsbygoogle || []).push({});\n<\/script><\/p>\n<p><strong>Estacionamientos y transporte p\u00fablico<\/strong><\/p>\n<p>Esta intervenci\u00f3n en ning\u00fan caso afectar\u00e1 a las 7 plazas de estacionamiento disponibles en la avenida para personas con discapacidad, ni a los espacios destinados a la carga y descarga (23 plazas en todo P\u00edo XII). Los espacios que se van a remodelar s\u00ed podr\u00e1n reemplazar 36 plazas de aparcamiento ordinario ubicadas al inicio de la avenida P\u00edo XII, cerca de la intersecci\u00f3n con la calle Vuelta del Castillo; en el tramo entre Sancho el Fuerte y Monasterio de Urdax; y frente a los n\u00fameros 31 \u2013 33.<\/p>\n<p>Adem\u00e1s, se propone la reversi\u00f3n de las plazas de aparcamiento en la bolsa situada nada m\u00e1s pasar el cruce con la avenida de la Rioja, en direcci\u00f3n salida de la ciudad. Finalmente, se valora eliminar los estacionamientos que hay antes del giro a la derecha hacia la calle Pedro I y los que hay un poco m\u00e1s adelante, en direcci\u00f3n al centro de la ciudad, tras pasar la parada del transporte urbano comarcal. Igualmente, seg\u00fan el anteproyecto, se sustituir\u00e1n por parterres lineales 12 plazas ordinarias del final de la calle Navas de Tolosa (los espacios situados en sentido salida del centro de la ciudad, junto a la parada del transporte urbano comarcal y separadas por un sem\u00e1foro).<\/p>\n<p>Tambi\u00e9n est\u00e1 prevista la remodelaci\u00f3n de las dos paradas de autobus de larga distancia, que se realizar\u00e1n siguiendo el criterio del resto de paradas de bus urbano de la avenida (bordillo de Calatorao y pavimentaci\u00f3n con baldosa). El anteproyecto propone unir las dos paradas pr\u00f3ximas (larga distancia y parada urbana) y elevar el carril bici en esa zona.<\/p>\n<p><script async src=\"\/\/pagead2.googlesyndication.com\/pagead\/js\/adsbygoogle.js\"><\/script><br \/>\n<!-- Noticias La Guia de Pamplona --><br \/>\n<ins class=\"adsbygoogle\"\nstyle=\"display:block\"\ndata-ad-client=\"ca-pub-6943679897239327\"\ndata-ad-slot=\"7048180777\"\ndata-ad-format=\"auto\"><\/ins><br \/>\n<script>\n(adsbygoogle = window.adsbygoogle || []).push({});\n<\/script><\/p>\n<p><strong>Una soluci\u00f3n final participada<\/strong><\/p>\n<p>La propuesta aprobada hoy est\u00e1 condicionada a los resultados del proceso participativo con los se realizar\u00e1 la redacci\u00f3n del proyecto definitivo de intervenci\u00f3n. Comerciantes, vecinos, asociaciones del barrio, etc. ser\u00e1n llamado por el Ayuntamiento de Pamplona para que presentan sus ideas y sugerencias, que, una vez sean validadas por un Grupo T\u00e9cnico formado por las \u00c1reas y Servicios municipales implicados (Jardines, Movilidad, Proyectos, Seguridad Ciudadana\u2026) formar\u00e1n parte del proyecto final. Todas las sesiones previstas ser\u00e1n publicitadas para el p\u00fablico general y espec\u00edficamente a los agentes implicados a trav\u00e9s de medios municipales (webs, redes) y mediante contacto directo con los interesados (mailing, buzoneo, carteler\u00eda en la calle, etc.).<\/p>\n<p>La empresa adjudicataria prev\u00e9 la realizaci\u00f3n de una primera sesi\u00f3n formativa sobre la movilidad urbana en general y sobre las propuestas el proyecto de modificaci\u00f3n de la reurbanizaci\u00f3n en particular en una localizaci\u00f3n dentro del entorno de P\u00edo XII y que podr\u00eda incluir\u00e1 un paseo por los tramos sobre las que se va a trabajar. Una vez realizados los an\u00e1lisis del \u00e1mbito, sus conexiones y propuesta de recorridos peatonales, ciclistas, de transporte urbano y de veh\u00edculo privado, se propone la realizaci\u00f3n de una segunda sesi\u00f3n para resoluci\u00f3n de dudas y recogida de propuestas, con material gr\u00e1fico y en un espacio que posibilite el trabajo en grupo.<\/p>\n<p>Luego se abrir\u00e1 un plazo de una semana m\u00e1s para que los interesados puedan presentar propuestas escritas en las oficinas de CIMA ingenieros, en una oficina municipal o en una direcci\u00f3n espec\u00edfica de internet habilitada por el equipo redactor. Todas estas propuestas ser\u00e1n recogidas y estudiadas, bajo la supervisi\u00f3n del Consistorio, y se incorporar\u00e1n al proyecto definitivo aquellas que supongan mejoras para el inter\u00e9s general. Se realizar\u00e1 entonces una tercera sesi\u00f3n para la presentaci\u00f3n de las modificaciones al proyecto y la propuesta final.<\/p>\n<p>Finalmente, a los 6 meses se realizar\u00e1 una \u00faltima sesi\u00f3n, ya tras la ejecuci\u00f3n del proyecto de reurbanizaci\u00f3n, para valorar el resultado del proyecto finalmente ejecutado.<\/p>\n","protected":false},"excerpt":{"rendered":"<p>La Junta de Gobierno ha adjudicado hoy la direcci\u00f3n del proceso y la redacci\u00f3n del proyecto definitivo para ocho nuevas zonas verdes en las franjas multiuso<\/p>\n","protected":false},"author":1,"featured_media":36074,"comment_status":"open","ping_status":"closed","sticky":false,"template":"","format":"standard","meta":{"footnotes":""},"categories":[2],"tags":[],"class_list":["post-36147","post","type-post","status-publish","format-standard","has-post-thumbnail","hentry","category-ayuntamiento-pamplona"],"yoast_head":"<!-- This site is optimized with the Yoast SEO plugin v27.5 - https:\/\/yoast.com\/product\/yoast-seo-wordpress\/ -->\n<title>El Consistorio iniciar\u00e1 tras el verano el proceso participativo para remodelar P\u00edo XII contando con vecinos, comerciantes y asociaciones del barrio<\/title>\n<meta name=\"description\" content=\"La Junta de Gobierno ha adjudicado hoy la direcci\u00f3n del proceso y la redacci\u00f3n del proyecto definitivo para ocho nuevas zonas verdes en las franjas multiuso\" \/>\n<meta name=\"robots\" content=\"index, follow, max-snippet:-1, max-image-preview:large, max-video-preview:-1\" \/>\n<link rel=\"canonical\" href=\"https:\/\/www.laguiadepamplona.com\/actualidad\/el-consistorio-iniciara-tras-el-verano-el-proceso-participativo-para-remodelar-pio-xii-contando-con-vecinos-comerciantes-y-asociaciones-del-barrio\/\" \/>\n<meta property=\"og:locale\" content=\"es_ES\" \/>\n<meta property=\"og:type\" content=\"article\" \/>\n<meta property=\"og:title\" content=\"El Consistorio iniciar\u00e1 tras el verano el proceso participativo para remodelar P\u00edo XII contando con vecinos, comerciantes y asociaciones del barrio\" \/>\n<meta property=\"og:description\" content=\"La Junta de Gobierno ha adjudicado hoy la direcci\u00f3n del proceso y la redacci\u00f3n del proyecto definitivo para ocho nuevas zonas verdes en las franjas multiuso\" \/>\n<meta property=\"og:url\" content=\"https:\/\/www.laguiadepamplona.com\/actualidad\/el-consistorio-iniciara-tras-el-verano-el-proceso-participativo-para-remodelar-pio-xii-contando-con-vecinos-comerciantes-y-asociaciones-del-barrio\/\" \/>\n<meta property=\"og:site_name\" content=\"La Gu\u00eda de Pamplona\" \/>\n<meta property=\"article:publisher\" content=\"https:\/\/www.facebook.com\/laguiadepamplonacom-133175176762273\/?ref=hl\" \/>\n<meta property=\"article:published_time\" content=\"2021-08-09T11:15:06+00:00\" \/>\n<meta property=\"article:modified_time\" content=\"2023-04-11T09:49:08+00:00\" \/>\n<meta property=\"og:image\" content=\"https:\/\/www.laguiadepamplona.com\/actualidad\/wp-content\/uploads\/2021\/08\/ayuntamiento-pamplona2.jpg\" \/>\n\t<meta property=\"og:image:width\" content=\"1920\" \/>\n\t<meta property=\"og:image:height\" content=\"1080\" \/>\n\t<meta property=\"og:image:type\" content=\"image\/jpeg\" \/>\n<meta name=\"author\" content=\"La Gu\u00eda de Pamplona\" \/>\n<meta name=\"twitter:card\" content=\"summary_large_image\" \/>\n<meta name=\"twitter:creator\" content=\"@LaGuiadPamplona\" \/>\n<meta name=\"twitter:site\" content=\"@LaGuiadPamplona\" \/>\n<meta name=\"twitter:label1\" content=\"Escrito por\" \/>\n\t<meta name=\"twitter:data1\" content=\"La Gu\u00eda de Pamplona\" \/>\n\t<meta name=\"twitter:label2\" content=\"Tiempo de lectura\" \/>\n\t<meta name=\"twitter:data2\" content=\"6 minutos\" \/>\n<script type=\"application\/ld+json\" class=\"yoast-schema-graph\">{\"@context\":\"https:\\\/\\\/schema.org\",\"@graph\":[{\"@type\":\"Article\",\"@id\":\"https:\\\/\\\/www.laguiadepamplona.com\\\/actualidad\\\/el-consistorio-iniciara-tras-el-verano-el-proceso-participativo-para-remodelar-pio-xii-contando-con-vecinos-comerciantes-y-asociaciones-del-barrio\\\/#article\",\"isPartOf\":{\"@id\":\"https:\\\/\\\/www.laguiadepamplona.com\\\/actualidad\\\/el-consistorio-iniciara-tras-el-verano-el-proceso-participativo-para-remodelar-pio-xii-contando-con-vecinos-comerciantes-y-asociaciones-del-barrio\\\/\"},\"author\":{\"name\":\"La Gu\u00eda de Pamplona\",\"@id\":\"https:\\\/\\\/www.laguiadepamplona.com\\\/actualidad\\\/#\\\/schema\\\/person\\\/efe887376f0213d4657c93adc50b1fdb\"},\"headline\":\"El Consistorio iniciar\u00e1 tras el verano el proceso participativo para remodelar P\u00edo XII contando con vecinos, comerciantes y asociaciones del barrio\",\"datePublished\":\"2021-08-09T11:15:06+00:00\",\"dateModified\":\"2023-04-11T09:49:08+00:00\",\"mainEntityOfPage\":{\"@id\":\"https:\\\/\\\/www.laguiadepamplona.com\\\/actualidad\\\/el-consistorio-iniciara-tras-el-verano-el-proceso-participativo-para-remodelar-pio-xii-contando-con-vecinos-comerciantes-y-asociaciones-del-barrio\\\/\"},\"wordCount\":1277,\"commentCount\":0,\"publisher\":{\"@id\":\"https:\\\/\\\/www.laguiadepamplona.com\\\/actualidad\\\/#organization\"},\"image\":{\"@id\":\"https:\\\/\\\/www.laguiadepamplona.com\\\/actualidad\\\/el-consistorio-iniciara-tras-el-verano-el-proceso-participativo-para-remodelar-pio-xii-contando-con-vecinos-comerciantes-y-asociaciones-del-barrio\\\/#primaryimage\"},\"thumbnailUrl\":\"https:\\\/\\\/www.laguiadepamplona.com\\\/actualidad\\\/wp-content\\\/uploads\\\/2021\\\/08\\\/ayuntamiento-pamplona2.jpg\",\"articleSection\":[\"Ayto Pamplona\"],\"inLanguage\":\"es\",\"potentialAction\":[{\"@type\":\"CommentAction\",\"name\":\"Comment\",\"target\":[\"https:\\\/\\\/www.laguiadepamplona.com\\\/actualidad\\\/el-consistorio-iniciara-tras-el-verano-el-proceso-participativo-para-remodelar-pio-xii-contando-con-vecinos-comerciantes-y-asociaciones-del-barrio\\\/#respond\"]}]},{\"@type\":\"WebPage\",\"@id\":\"https:\\\/\\\/www.laguiadepamplona.com\\\/actualidad\\\/el-consistorio-iniciara-tras-el-verano-el-proceso-participativo-para-remodelar-pio-xii-contando-con-vecinos-comerciantes-y-asociaciones-del-barrio\\\/\",\"url\":\"https:\\\/\\\/www.laguiadepamplona.com\\\/actualidad\\\/el-consistorio-iniciara-tras-el-verano-el-proceso-participativo-para-remodelar-pio-xii-contando-con-vecinos-comerciantes-y-asociaciones-del-barrio\\\/\",\"name\":\"El Consistorio iniciar\u00e1 tras el verano el proceso participativo para remodelar P\u00edo XII contando con vecinos, comerciantes y asociaciones del barrio\",\"isPartOf\":{\"@id\":\"https:\\\/\\\/www.laguiadepamplona.com\\\/actualidad\\\/#website\"},\"primaryImageOfPage\":{\"@id\":\"https:\\\/\\\/www.laguiadepamplona.com\\\/actualidad\\\/el-consistorio-iniciara-tras-el-verano-el-proceso-participativo-para-remodelar-pio-xii-contando-con-vecinos-comerciantes-y-asociaciones-del-barrio\\\/#primaryimage\"},\"image\":{\"@id\":\"https:\\\/\\\/www.laguiadepamplona.com\\\/actualidad\\\/el-consistorio-iniciara-tras-el-verano-el-proceso-participativo-para-remodelar-pio-xii-contando-con-vecinos-comerciantes-y-asociaciones-del-barrio\\\/#primaryimage\"},\"thumbnailUrl\":\"https:\\\/\\\/www.laguiadepamplona.com\\\/actualidad\\\/wp-content\\\/uploads\\\/2021\\\/08\\\/ayuntamiento-pamplona2.jpg\",\"datePublished\":\"2021-08-09T11:15:06+00:00\",\"dateModified\":\"2023-04-11T09:49:08+00:00\",\"description\":\"La Junta de Gobierno ha adjudicado hoy la direcci\u00f3n del proceso y la redacci\u00f3n del proyecto definitivo para ocho nuevas zonas verdes en las franjas multiuso\",\"breadcrumb\":{\"@id\":\"https:\\\/\\\/www.laguiadepamplona.com\\\/actualidad\\\/el-consistorio-iniciara-tras-el-verano-el-proceso-participativo-para-remodelar-pio-xii-contando-con-vecinos-comerciantes-y-asociaciones-del-barrio\\\/#breadcrumb\"},\"inLanguage\":\"es\",\"potentialAction\":[{\"@type\":\"ReadAction\",\"target\":[\"https:\\\/\\\/www.laguiadepamplona.com\\\/actualidad\\\/el-consistorio-iniciara-tras-el-verano-el-proceso-participativo-para-remodelar-pio-xii-contando-con-vecinos-comerciantes-y-asociaciones-del-barrio\\\/\"]}]},{\"@type\":\"ImageObject\",\"inLanguage\":\"es\",\"@id\":\"https:\\\/\\\/www.laguiadepamplona.com\\\/actualidad\\\/el-consistorio-iniciara-tras-el-verano-el-proceso-participativo-para-remodelar-pio-xii-contando-con-vecinos-comerciantes-y-asociaciones-del-barrio\\\/#primaryimage\",\"url\":\"https:\\\/\\\/www.laguiadepamplona.com\\\/actualidad\\\/wp-content\\\/uploads\\\/2021\\\/08\\\/ayuntamiento-pamplona2.jpg\",\"contentUrl\":\"https:\\\/\\\/www.laguiadepamplona.com\\\/actualidad\\\/wp-content\\\/uploads\\\/2021\\\/08\\\/ayuntamiento-pamplona2.jpg\",\"width\":1920,\"height\":1080,\"caption\":\"ayuntamiento pamplona\"},{\"@type\":\"BreadcrumbList\",\"@id\":\"https:\\\/\\\/www.laguiadepamplona.com\\\/actualidad\\\/el-consistorio-iniciara-tras-el-verano-el-proceso-participativo-para-remodelar-pio-xii-contando-con-vecinos-comerciantes-y-asociaciones-del-barrio\\\/#breadcrumb\",\"itemListElement\":[{\"@type\":\"ListItem\",\"position\":1,\"name\":\"Portada\",\"item\":\"https:\\\/\\\/www.laguiadepamplona.com\\\/actualidad\\\/\"},{\"@type\":\"ListItem\",\"position\":2,\"name\":\"El Consistorio iniciar\u00e1 tras el verano el proceso participativo para remodelar P\u00edo XII contando con vecinos, comerciantes y asociaciones del barrio\"}]},{\"@type\":\"WebSite\",\"@id\":\"https:\\\/\\\/www.laguiadepamplona.com\\\/actualidad\\\/#website\",\"url\":\"https:\\\/\\\/www.laguiadepamplona.com\\\/actualidad\\\/\",\"name\":\"La gu\u00eda de Pamplona\",\"description\":\"Noticias de Pamplona\",\"publisher\":{\"@id\":\"https:\\\/\\\/www.laguiadepamplona.com\\\/actualidad\\\/#organization\"},\"potentialAction\":[{\"@type\":\"SearchAction\",\"target\":{\"@type\":\"EntryPoint\",\"urlTemplate\":\"https:\\\/\\\/www.laguiadepamplona.com\\\/actualidad\\\/?s={search_term_string}\"},\"query-input\":{\"@type\":\"PropertyValueSpecification\",\"valueRequired\":true,\"valueName\":\"search_term_string\"}}],\"inLanguage\":\"es\"},{\"@type\":\"Organization\",\"@id\":\"https:\\\/\\\/www.laguiadepamplona.com\\\/actualidad\\\/#organization\",\"name\":\"La Gu\u00eda de Pamplona \\\/ Noticias\",\"url\":\"https:\\\/\\\/www.laguiadepamplona.com\\\/actualidad\\\/\",\"logo\":{\"@type\":\"ImageObject\",\"inLanguage\":\"es\",\"@id\":\"https:\\\/\\\/www.laguiadepamplona.com\\\/actualidad\\\/#\\\/schema\\\/logo\\\/image\\\/\",\"url\":\"https:\\\/\\\/www.laguiadepamplona.com\\\/actualidad\\\/wp-content\\\/uploads\\\/2018\\\/11\\\/logo-laguiadepamplona18-web1.png\",\"contentUrl\":\"https:\\\/\\\/www.laguiadepamplona.com\\\/actualidad\\\/wp-content\\\/uploads\\\/2018\\\/11\\\/logo-laguiadepamplona18-web1.png\",\"width\":600,\"height\":196,\"caption\":\"La Gu\u00eda de Pamplona \\\/ Noticias\"},\"image\":{\"@id\":\"https:\\\/\\\/www.laguiadepamplona.com\\\/actualidad\\\/#\\\/schema\\\/logo\\\/image\\\/\"},\"sameAs\":[\"https:\\\/\\\/www.facebook.com\\\/laguiadepamplonacom-133175176762273\\\/?ref=hl\",\"https:\\\/\\\/x.com\\\/LaGuiadPamplona\",\"https:\\\/\\\/www.instagram.com\\\/la_guia_de_pamplona\\\/\",\"https:\\\/\\\/www.youtube.com\\\/user\\\/laguiadepamplona\"]},{\"@type\":\"Person\",\"@id\":\"https:\\\/\\\/www.laguiadepamplona.com\\\/actualidad\\\/#\\\/schema\\\/person\\\/efe887376f0213d4657c93adc50b1fdb\",\"name\":\"La Gu\u00eda de Pamplona\",\"image\":{\"@type\":\"ImageObject\",\"inLanguage\":\"es\",\"@id\":\"https:\\\/\\\/secure.gravatar.com\\\/avatar\\\/b6992f131dc8d30ab0dff15446e9d346d9dbd95992de0fef795073f5ea83a81c?s=96&d=mm&r=g\",\"url\":\"https:\\\/\\\/secure.gravatar.com\\\/avatar\\\/b6992f131dc8d30ab0dff15446e9d346d9dbd95992de0fef795073f5ea83a81c?s=96&d=mm&r=g\",\"contentUrl\":\"https:\\\/\\\/secure.gravatar.com\\\/avatar\\\/b6992f131dc8d30ab0dff15446e9d346d9dbd95992de0fef795073f5ea83a81c?s=96&d=mm&r=g\",\"caption\":\"La Gu\u00eda de Pamplona\"}}]}<\/script>\n<!-- \/ Yoast SEO plugin. -->","yoast_head_json":{"title":"El Consistorio iniciar\u00e1 tras el verano el proceso participativo para remodelar P\u00edo XII contando con vecinos, comerciantes y asociaciones del barrio","description":"La Junta de Gobierno ha adjudicado hoy la direcci\u00f3n del proceso y la redacci\u00f3n del proyecto definitivo para ocho nuevas zonas verdes en las franjas multiuso","robots":{"index":"index","follow":"follow","max-snippet":"max-snippet:-1","max-image-preview":"max-image-preview:large","max-video-preview":"max-video-preview:-1"},"canonical":"https:\/\/www.laguiadepamplona.com\/actualidad\/el-consistorio-iniciara-tras-el-verano-el-proceso-participativo-para-remodelar-pio-xii-contando-con-vecinos-comerciantes-y-asociaciones-del-barrio\/","og_locale":"es_ES","og_type":"article","og_title":"El Consistorio iniciar\u00e1 tras el verano el proceso participativo para remodelar P\u00edo XII contando con vecinos, comerciantes y asociaciones del barrio","og_description":"La Junta de Gobierno ha adjudicado hoy la direcci\u00f3n del proceso y la redacci\u00f3n del proyecto definitivo para ocho nuevas zonas verdes en las franjas multiuso","og_url":"https:\/\/www.laguiadepamplona.com\/actualidad\/el-consistorio-iniciara-tras-el-verano-el-proceso-participativo-para-remodelar-pio-xii-contando-con-vecinos-comerciantes-y-asociaciones-del-barrio\/","og_site_name":"La Gu\u00eda de Pamplona","article_publisher":"https:\/\/www.facebook.com\/laguiadepamplonacom-133175176762273\/?ref=hl","article_published_time":"2021-08-09T11:15:06+00:00","article_modified_time":"2023-04-11T09:49:08+00:00","og_image":[{"width":1920,"height":1080,"url":"https:\/\/www.laguiadepamplona.com\/actualidad\/wp-content\/uploads\/2021\/08\/ayuntamiento-pamplona2.jpg","type":"image\/jpeg"}],"author":"La Gu\u00eda de Pamplona","twitter_card":"summary_large_image","twitter_creator":"@LaGuiadPamplona","twitter_site":"@LaGuiadPamplona","twitter_misc":{"Escrito por":"La Gu\u00eda de Pamplona","Tiempo de lectura":"6 minutos"},"schema":{"@context":"https:\/\/schema.org","@graph":[{"@type":"Article","@id":"https:\/\/www.laguiadepamplona.com\/actualidad\/el-consistorio-iniciara-tras-el-verano-el-proceso-participativo-para-remodelar-pio-xii-contando-con-vecinos-comerciantes-y-asociaciones-del-barrio\/#article","isPartOf":{"@id":"https:\/\/www.laguiadepamplona.com\/actualidad\/el-consistorio-iniciara-tras-el-verano-el-proceso-participativo-para-remodelar-pio-xii-contando-con-vecinos-comerciantes-y-asociaciones-del-barrio\/"},"author":{"name":"La Gu\u00eda de Pamplona","@id":"https:\/\/www.laguiadepamplona.com\/actualidad\/#\/schema\/person\/efe887376f0213d4657c93adc50b1fdb"},"headline":"El Consistorio iniciar\u00e1 tras el verano el proceso participativo para remodelar P\u00edo XII contando con vecinos, comerciantes y asociaciones del barrio","datePublished":"2021-08-09T11:15:06+00:00","dateModified":"2023-04-11T09:49:08+00:00","mainEntityOfPage":{"@id":"https:\/\/www.laguiadepamplona.com\/actualidad\/el-consistorio-iniciara-tras-el-verano-el-proceso-participativo-para-remodelar-pio-xii-contando-con-vecinos-comerciantes-y-asociaciones-del-barrio\/"},"wordCount":1277,"commentCount":0,"publisher":{"@id":"https:\/\/www.laguiadepamplona.com\/actualidad\/#organization"},"image":{"@id":"https:\/\/www.laguiadepamplona.com\/actualidad\/el-consistorio-iniciara-tras-el-verano-el-proceso-participativo-para-remodelar-pio-xii-contando-con-vecinos-comerciantes-y-asociaciones-del-barrio\/#primaryimage"},"thumbnailUrl":"https:\/\/www.laguiadepamplona.com\/actualidad\/wp-content\/uploads\/2021\/08\/ayuntamiento-pamplona2.jpg","articleSection":["Ayto Pamplona"],"inLanguage":"es","potentialAction":[{"@type":"CommentAction","name":"Comment","target":["https:\/\/www.laguiadepamplona.com\/actualidad\/el-consistorio-iniciara-tras-el-verano-el-proceso-participativo-para-remodelar-pio-xii-contando-con-vecinos-comerciantes-y-asociaciones-del-barrio\/#respond"]}]},{"@type":"WebPage","@id":"https:\/\/www.laguiadepamplona.com\/actualidad\/el-consistorio-iniciara-tras-el-verano-el-proceso-participativo-para-remodelar-pio-xii-contando-con-vecinos-comerciantes-y-asociaciones-del-barrio\/","url":"https:\/\/www.laguiadepamplona.com\/actualidad\/el-consistorio-iniciara-tras-el-verano-el-proceso-participativo-para-remodelar-pio-xii-contando-con-vecinos-comerciantes-y-asociaciones-del-barrio\/","name":"El Consistorio iniciar\u00e1 tras el verano el proceso participativo para remodelar P\u00edo XII contando con vecinos, comerciantes y asociaciones del barrio","isPartOf":{"@id":"https:\/\/www.laguiadepamplona.com\/actualidad\/#website"},"primaryImageOfPage":{"@id":"https:\/\/www.laguiadepamplona.com\/actualidad\/el-consistorio-iniciara-tras-el-verano-el-proceso-participativo-para-remodelar-pio-xii-contando-con-vecinos-comerciantes-y-asociaciones-del-barrio\/#primaryimage"},"image":{"@id":"https:\/\/www.laguiadepamplona.com\/actualidad\/el-consistorio-iniciara-tras-el-verano-el-proceso-participativo-para-remodelar-pio-xii-contando-con-vecinos-comerciantes-y-asociaciones-del-barrio\/#primaryimage"},"thumbnailUrl":"https:\/\/www.laguiadepamplona.com\/actualidad\/wp-content\/uploads\/2021\/08\/ayuntamiento-pamplona2.jpg","datePublished":"2021-08-09T11:15:06+00:00","dateModified":"2023-04-11T09:49:08+00:00","description":"La Junta de Gobierno ha adjudicado hoy la direcci\u00f3n del proceso y la redacci\u00f3n del proyecto definitivo para ocho nuevas zonas verdes en las franjas multiuso","breadcrumb":{"@id":"https:\/\/www.laguiadepamplona.com\/actualidad\/el-consistorio-iniciara-tras-el-verano-el-proceso-participativo-para-remodelar-pio-xii-contando-con-vecinos-comerciantes-y-asociaciones-del-barrio\/#breadcrumb"},"inLanguage":"es","potentialAction":[{"@type":"ReadAction","target":["https:\/\/www.laguiadepamplona.com\/actualidad\/el-consistorio-iniciara-tras-el-verano-el-proceso-participativo-para-remodelar-pio-xii-contando-con-vecinos-comerciantes-y-asociaciones-del-barrio\/"]}]},{"@type":"ImageObject","inLanguage":"es","@id":"https:\/\/www.laguiadepamplona.com\/actualidad\/el-consistorio-iniciara-tras-el-verano-el-proceso-participativo-para-remodelar-pio-xii-contando-con-vecinos-comerciantes-y-asociaciones-del-barrio\/#primaryimage","url":"https:\/\/www.laguiadepamplona.com\/actualidad\/wp-content\/uploads\/2021\/08\/ayuntamiento-pamplona2.jpg","contentUrl":"https:\/\/www.laguiadepamplona.com\/actualidad\/wp-content\/uploads\/2021\/08\/ayuntamiento-pamplona2.jpg","width":1920,"height":1080,"caption":"ayuntamiento pamplona"},{"@type":"BreadcrumbList","@id":"https:\/\/www.laguiadepamplona.com\/actualidad\/el-consistorio-iniciara-tras-el-verano-el-proceso-participativo-para-remodelar-pio-xii-contando-con-vecinos-comerciantes-y-asociaciones-del-barrio\/#breadcrumb","itemListElement":[{"@type":"ListItem","position":1,"name":"Portada","item":"https:\/\/www.laguiadepamplona.com\/actualidad\/"},{"@type":"ListItem","position":2,"name":"El Consistorio iniciar\u00e1 tras el verano el proceso participativo para remodelar P\u00edo XII contando con vecinos, comerciantes y asociaciones del barrio"}]},{"@type":"WebSite","@id":"https:\/\/www.laguiadepamplona.com\/actualidad\/#website","url":"https:\/\/www.laguiadepamplona.com\/actualidad\/","name":"La gu\u00eda de Pamplona","description":"Noticias de Pamplona","publisher":{"@id":"https:\/\/www.laguiadepamplona.com\/actualidad\/#organization"},"potentialAction":[{"@type":"SearchAction","target":{"@type":"EntryPoint","urlTemplate":"https:\/\/www.laguiadepamplona.com\/actualidad\/?s={search_term_string}"},"query-input":{"@type":"PropertyValueSpecification","valueRequired":true,"valueName":"search_term_string"}}],"inLanguage":"es"},{"@type":"Organization","@id":"https:\/\/www.laguiadepamplona.com\/actualidad\/#organization","name":"La Gu\u00eda de Pamplona \/ Noticias","url":"https:\/\/www.laguiadepamplona.com\/actualidad\/","logo":{"@type":"ImageObject","inLanguage":"es","@id":"https:\/\/www.laguiadepamplona.com\/actualidad\/#\/schema\/logo\/image\/","url":"https:\/\/www.laguiadepamplona.com\/actualidad\/wp-content\/uploads\/2018\/11\/logo-laguiadepamplona18-web1.png","contentUrl":"https:\/\/www.laguiadepamplona.com\/actualidad\/wp-content\/uploads\/2018\/11\/logo-laguiadepamplona18-web1.png","width":600,"height":196,"caption":"La Gu\u00eda de Pamplona \/ Noticias"},"image":{"@id":"https:\/\/www.laguiadepamplona.com\/actualidad\/#\/schema\/logo\/image\/"},"sameAs":["https:\/\/www.facebook.com\/laguiadepamplonacom-133175176762273\/?ref=hl","https:\/\/x.com\/LaGuiadPamplona","https:\/\/www.instagram.com\/la_guia_de_pamplona\/","https:\/\/www.youtube.com\/user\/laguiadepamplona"]},{"@type":"Person","@id":"https:\/\/www.laguiadepamplona.com\/actualidad\/#\/schema\/person\/efe887376f0213d4657c93adc50b1fdb","name":"La Gu\u00eda de Pamplona","image":{"@type":"ImageObject","inLanguage":"es","@id":"https:\/\/secure.gravatar.com\/avatar\/b6992f131dc8d30ab0dff15446e9d346d9dbd95992de0fef795073f5ea83a81c?s=96&d=mm&r=g","url":"https:\/\/secure.gravatar.com\/avatar\/b6992f131dc8d30ab0dff15446e9d346d9dbd95992de0fef795073f5ea83a81c?s=96&d=mm&r=g","contentUrl":"https:\/\/secure.gravatar.com\/avatar\/b6992f131dc8d30ab0dff15446e9d346d9dbd95992de0fef795073f5ea83a81c?s=96&d=mm&r=g","caption":"La Gu\u00eda de Pamplona"}}]}},"post_mailing_queue_ids":[],"_links":{"self":[{"href":"https:\/\/www.laguiadepamplona.com\/actualidad\/wp-json\/wp\/v2\/posts\/36147","targetHints":{"allow":["GET"]}}],"collection":[{"href":"https:\/\/www.laguiadepamplona.com\/actualidad\/wp-json\/wp\/v2\/posts"}],"about":[{"href":"https:\/\/www.laguiadepamplona.com\/actualidad\/wp-json\/wp\/v2\/types\/post"}],"author":[{"embeddable":true,"href":"https:\/\/www.laguiadepamplona.com\/actualidad\/wp-json\/wp\/v2\/users\/1"}],"replies":[{"embeddable":true,"href":"https:\/\/www.laguiadepamplona.com\/actualidad\/wp-json\/wp\/v2\/comments?post=36147"}],"version-history":[{"count":0,"href":"https:\/\/www.laguiadepamplona.com\/actualidad\/wp-json\/wp\/v2\/posts\/36147\/revisions"}],"wp:featuredmedia":[{"embeddable":true,"href":"https:\/\/www.laguiadepamplona.com\/actualidad\/wp-json\/wp\/v2\/media\/36074"}],"wp:attachment":[{"href":"https:\/\/www.laguiadepamplona.com\/actualidad\/wp-json\/wp\/v2\/media?parent=36147"}],"wp:term":[{"taxonomy":"category","embeddable":true,"href":"https:\/\/www.laguiadepamplona.com\/actualidad\/wp-json\/wp\/v2\/categories?post=36147"},{"taxonomy":"post_tag","embeddable":true,"href":"https:\/\/www.laguiadepamplona.com\/actualidad\/wp-json\/wp\/v2\/tags?post=36147"}],"curies":[{"name":"wp","href":"https:\/\/api.w.org\/{rel}","templated":true}]}}