{"id":36136,"date":"2021-08-05T20:04:35","date_gmt":"2021-08-05T18:04:35","guid":{"rendered":"https:\/\/www.laguiadepamplona.com\/actualidad\/?p=36136"},"modified":"2023-04-11T11:49:09","modified_gmt":"2023-04-11T09:49:09","slug":"el-ayuntamiento-paralizo-a-finales-de-julio-las-obras-en-los-elementos-pendientes-de-adecuacion-de-la-noria-de-la-magdalena-tras-la-reunion-entre-tecnicos-municipales-y-del-gobierno","status":"publish","type":"post","link":"https:\/\/www.laguiadepamplona.com\/actualidad\/el-ayuntamiento-paralizo-a-finales-de-julio-las-obras-en-los-elementos-pendientes-de-adecuacion-de-la-noria-de-la-magdalena-tras-la-reunion-entre-tecnicos-municipales-y-del-gobierno\/","title":{"rendered":"El Ayuntamiento paraliz\u00f3 a finales de julio las obras en los elementos pendientes de adecuaci\u00f3n de la noria de la Magdalena tras la reuni\u00f3n entre t\u00e9cnicos municipales y del Gobierno"},"content":{"rendered":"<h5>El Consistorio ha continuado con las labores permitidas por Gobierno de Navarra mientras se emite el informe favorable final sobre aspectos puntuales de la noria<\/h5>\n<p><!--more--><\/p>\n<p>El Ayuntamiento de Pamplona paraliz\u00f3 las obras en los elementos de la noria de sangre de la Magdalena que est\u00e1n pendientes de aprobar por parte de la Direcci\u00f3n General de Cultura-Instituci\u00f3n Pr\u00edncipe de Viana del Gobierno de Navarra tras la reuni\u00f3n mantenida entre t\u00e9cnicos municipales y del Departamento de Cultura. El encuentro se mantuvo \u201cin situ\u201d en la Txantrea y en \u00e9l se indicaron los cambios que hab\u00eda que introducir.<\/p>\n<p>La aparici\u00f3n de la noria de sangre de la Magdalena tuvo lugar durante las obras de urbanizaci\u00f3n de Txantrea Sur el pasado octubre. En una primera resoluci\u00f3n, el Departamento de Cultura valor\u00f3 durante las catas que los restos deb\u00edan documentarse pero que pod\u00edan ser cubiertos. Posteriormente, el Consistorio pamplon\u00e9s redact\u00f3 un nuevo proyecto para su conservaci\u00f3n.<\/p>\n<p><script async src=\"\/\/pagead2.googlesyndication.com\/pagead\/js\/adsbygoogle.js\"><\/script><br \/>\n<!-- Noticias La Guia de Pamplona --><br \/>\n<ins class=\"adsbygoogle\"\nstyle=\"display:block\"\ndata-ad-client=\"ca-pub-6943679897239327\"\ndata-ad-slot=\"7048180777\"\ndata-ad-format=\"auto\"><\/ins><br \/>\n<script>\n(adsbygoogle = window.adsbygoogle || []).push({});\n<\/script><\/p>\n<p><strong>Acuerdo para paralizar los trabajos en la zona afectada por los ajustes del proyecto<\/strong><\/p>\n<p>En la reuni\u00f3n del 28 de julio, desde la Direcci\u00f3n General de Cultura-Instituci\u00f3n Pr\u00edncipe de Viana se manifest\u00f3 su preocupaci\u00f3n por cubrir parte de la noria (aproximadamente 50 cm de la totalidad de su altura que es 180 cm). Se explic\u00f3 que la soluci\u00f3n estaba condicionada por las rasantes del desembarco del puente de la Magdalena y la calle preexistente. De acuerdo a los informes municipales, \u201cel hecho de tener que cumplir la normativa de accesibilidad y m\u00e1s en una plaza principal de acceso a un parque llev\u00f3 a proyectar unas rasantes entre un tres y un cuatro por ciento dentro en la plaza, lo que provoc\u00f3 tener que tapar esos 50 cm de base de la noria. Se acord\u00f3 poder dejar a la vista la totalidad del muro en el lateral este (donde est\u00e1 la puerta de mantenimiento)\u201d.<\/p>\n<p>Adem\u00e1s, \u201cse trat\u00f3 tambi\u00e9n el banco de hormig\u00f3n perimetral, acord\u00e1ndose colocar un banco m\u00e1s ligero que permita visualizar el muro de la noria, y que a su vez reduzca la altura de ca\u00edda evitando colocar barandilla, elemento que desvirt\u00faa bastante la noria\u201d. Finalmente se acord\u00f3 que se realizar\u00edan estos peque\u00f1os ajustes en el proyecto y que se trasladar\u00eda a Pr\u00edncipe de Viana para su informe.<\/p>\n<p>En reuni\u00f3n de obra del 30 de julio se dio traslado al contratista de la paralizaci\u00f3n de los trabajos en la zona que se ve\u00eda afectada por los ajustes del proyecto. Durante estos cuatro d\u00edas han avanzado en el desmontaje de las piedras que forman la base de giro de los animales, y se han tomado datos de las mismas para su recolocaci\u00f3n igual a la original; han colocado el andamio en el interior del pozo, y han comenzado a desmontar la escalera de acceso que tambi\u00e9n tendr\u00e1n que recolocar.<\/p>\n<p><script async src=\"\/\/pagead2.googlesyndication.com\/pagead\/js\/adsbygoogle.js\"><\/script><br \/>\n<!-- Noticias La Guia de Pamplona --><br \/>\n<ins class=\"adsbygoogle\"\nstyle=\"display:block\"\ndata-ad-client=\"ca-pub-6943679897239327\"\ndata-ad-slot=\"7048180777\"\ndata-ad-format=\"auto\"><\/ins><br \/>\n<script>\n(adsbygoogle = window.adsbygoogle || []).push({});\n<\/script><\/p>\n<p><strong>Modificaci\u00f3n del proyecto inicial para mantener la noria de sangre<\/strong><\/p>\n<p>La noria de sangre de la Magdalena fue encontrada en el entorno del Convento de las Josefinas, bajo la llamada Casa del p\u00e1rroco, conllev\u00f3 la modificaci\u00f3n del proyecto inicial para incluir la rehabilitaci\u00f3n del pozo-noria y mantener su visita, un elemento que los expertos consideran que es anterior al siglo XIX.<\/p>\n<p>El nuevo documento presentado por el equipo Cima Ingenieros-Murillo Sald\u00edas Sergio para las obras en el entorno del pozo variaba el proyecto inicial en el que estaba previsto mantener \u00fanicamente su evocaci\u00f3n dibuj\u00e1ndola en el pavimento. Los cambios suponen un incremento respecto al proyecto inicial de 117.500 euros (IVA no incluido).<\/p>\n<p><script async src=\"\/\/pagead2.googlesyndication.com\/pagead\/js\/adsbygoogle.js\"><\/script><br \/>\n<!-- Noticias La Guia de Pamplona --><br \/>\n<ins class=\"adsbygoogle\"\nstyle=\"display:block\"\ndata-ad-client=\"ca-pub-6943679897239327\"\ndata-ad-slot=\"7048180777\"\ndata-ad-format=\"auto\"><\/ins><br \/>\n<script>\n(adsbygoogle = window.adsbygoogle || []).push({});\n<\/script><\/p>\n<p><strong>\u00danico ingenio hidr\u00e1ulico de este tipo conservado en Pamplona<\/strong><\/p>\n<p>La noria de sangre de la Magdalena fue considerada por el Departamento de Cultura del Gobierno de Navarra como de valor hist\u00f3rico \u2018notable\u2019. Constituye el \u00fanico ingenio hidr\u00e1ulico de este tipo conservado en Pamplona y, por tanto, un ejemplo de un sistema de producci\u00f3n agrario de gran importancia en la historia de la ciudad.<\/p>\n<p>La infraestructura hidr\u00e1ulica es propiedad del Ayuntamiento de Pamplona, consta de un circulo horizontal en piedra labrada al que se accede por unos escalones irregulares que, probablemente, anta\u00f1o fueran una rampa de acceso para los animales de tiro. En el centro de este c\u00edrculo de 6 metros de di\u00e1metro se ubica un pozo de piedra cuadrado de alrededor de 2 metros, una mineta y, al Este de la noria, un aljibe de f\u00e1brica de mamposter\u00eda con muro de unos 80 cm de espesor.<\/p>\n<p>El antiguo sistema de extracci\u00f3n de agua, posiblemente vinculado a las necesidades de la comunidad conventual (agua de boca y de riego), estaba basado en la rotaci\u00f3n de un eje a trav\u00e9s de la fuerza ejercida por animales de tiro y no se encontr\u00f3 en su estado original, sino que, por el hecho de haberse seguido usando durante d\u00e9cadas, presenta aportaciones posteriores, aunque f\u00e1cilmente identificables.<\/p>\n","protected":false},"excerpt":{"rendered":"<p>El Consistorio ha continuado con las labores permitidas por Gobierno de Navarra mientras se emite el informe favorable final sobre aspectos puntuales de la noria<\/p>\n","protected":false},"author":1,"featured_media":35744,"comment_status":"open","ping_status":"closed","sticky":false,"template":"","format":"standard","meta":{"footnotes":""},"categories":[2],"tags":[],"class_list":["post-36136","post","type-post","status-publish","format-standard","has-post-thumbnail","hentry","category-ayuntamiento-pamplona"],"yoast_head":"<!-- This site is optimized with the Yoast SEO plugin v27.5 - https:\/\/yoast.com\/product\/yoast-seo-wordpress\/ -->\n<title>El Ayuntamiento paraliz\u00f3 a finales de julio las obras en los elementos pendientes de adecuaci\u00f3n de la noria de la Magdalena tras la reuni\u00f3n entre t\u00e9cnicos municipales y del Gobierno<\/title>\n<meta name=\"description\" content=\"El Consistorio ha continuado con las labores permitidas por Gobierno de Navarra mientras se emite el informe favorable final sobre aspectos puntuales de la noria\" \/>\n<meta name=\"robots\" content=\"index, follow, max-snippet:-1, max-image-preview:large, max-video-preview:-1\" \/>\n<link rel=\"canonical\" href=\"https:\/\/www.laguiadepamplona.com\/actualidad\/el-ayuntamiento-paralizo-a-finales-de-julio-las-obras-en-los-elementos-pendientes-de-adecuacion-de-la-noria-de-la-magdalena-tras-la-reunion-entre-tecnicos-municipales-y-del-gobierno\/\" \/>\n<meta property=\"og:locale\" content=\"es_ES\" \/>\n<meta property=\"og:type\" content=\"article\" \/>\n<meta property=\"og:title\" content=\"El Ayuntamiento paraliz\u00f3 a finales de julio las obras en los elementos pendientes de adecuaci\u00f3n de la noria de la Magdalena tras la reuni\u00f3n entre t\u00e9cnicos municipales y del Gobierno\" \/>\n<meta property=\"og:description\" content=\"El Consistorio ha continuado con las labores permitidas por Gobierno de Navarra mientras se emite el informe favorable final sobre aspectos puntuales de la noria\" \/>\n<meta property=\"og:url\" content=\"https:\/\/www.laguiadepamplona.com\/actualidad\/el-ayuntamiento-paralizo-a-finales-de-julio-las-obras-en-los-elementos-pendientes-de-adecuacion-de-la-noria-de-la-magdalena-tras-la-reunion-entre-tecnicos-municipales-y-del-gobierno\/\" \/>\n<meta property=\"og:site_name\" content=\"La Gu\u00eda de Pamplona\" \/>\n<meta property=\"article:publisher\" content=\"https:\/\/www.facebook.com\/laguiadepamplonacom-133175176762273\/?ref=hl\" \/>\n<meta property=\"article:published_time\" content=\"2021-08-05T18:04:35+00:00\" \/>\n<meta property=\"article:modified_time\" content=\"2023-04-11T09:49:09+00:00\" \/>\n<meta property=\"og:image\" content=\"https:\/\/www.laguiadepamplona.com\/actualidad\/wp-content\/uploads\/2021\/06\/parquesur_JGV6005.jpg\" \/>\n\t<meta property=\"og:image:width\" content=\"1920\" \/>\n\t<meta property=\"og:image:height\" content=\"1280\" \/>\n\t<meta property=\"og:image:type\" content=\"image\/jpeg\" \/>\n<meta name=\"author\" content=\"La Gu\u00eda de Pamplona\" \/>\n<meta name=\"twitter:card\" content=\"summary_large_image\" \/>\n<meta name=\"twitter:creator\" content=\"@LaGuiadPamplona\" \/>\n<meta name=\"twitter:site\" content=\"@LaGuiadPamplona\" \/>\n<meta name=\"twitter:label1\" content=\"Escrito por\" \/>\n\t<meta name=\"twitter:data1\" content=\"La Gu\u00eda de Pamplona\" \/>\n\t<meta name=\"twitter:label2\" content=\"Tiempo de lectura\" \/>\n\t<meta name=\"twitter:data2\" content=\"4 minutos\" \/>\n<script type=\"application\/ld+json\" class=\"yoast-schema-graph\">{\"@context\":\"https:\\\/\\\/schema.org\",\"@graph\":[{\"@type\":\"Article\",\"@id\":\"https:\\\/\\\/www.laguiadepamplona.com\\\/actualidad\\\/el-ayuntamiento-paralizo-a-finales-de-julio-las-obras-en-los-elementos-pendientes-de-adecuacion-de-la-noria-de-la-magdalena-tras-la-reunion-entre-tecnicos-municipales-y-del-gobierno\\\/#article\",\"isPartOf\":{\"@id\":\"https:\\\/\\\/www.laguiadepamplona.com\\\/actualidad\\\/el-ayuntamiento-paralizo-a-finales-de-julio-las-obras-en-los-elementos-pendientes-de-adecuacion-de-la-noria-de-la-magdalena-tras-la-reunion-entre-tecnicos-municipales-y-del-gobierno\\\/\"},\"author\":{\"name\":\"La Gu\u00eda de Pamplona\",\"@id\":\"https:\\\/\\\/www.laguiadepamplona.com\\\/actualidad\\\/#\\\/schema\\\/person\\\/efe887376f0213d4657c93adc50b1fdb\"},\"headline\":\"El Ayuntamiento paraliz\u00f3 a finales de julio las obras en los elementos pendientes de adecuaci\u00f3n de la noria de la Magdalena tras la reuni\u00f3n entre t\u00e9cnicos municipales y del Gobierno\",\"datePublished\":\"2021-08-05T18:04:35+00:00\",\"dateModified\":\"2023-04-11T09:49:09+00:00\",\"mainEntityOfPage\":{\"@id\":\"https:\\\/\\\/www.laguiadepamplona.com\\\/actualidad\\\/el-ayuntamiento-paralizo-a-finales-de-julio-las-obras-en-los-elementos-pendientes-de-adecuacion-de-la-noria-de-la-magdalena-tras-la-reunion-entre-tecnicos-municipales-y-del-gobierno\\\/\"},\"wordCount\":867,\"commentCount\":0,\"publisher\":{\"@id\":\"https:\\\/\\\/www.laguiadepamplona.com\\\/actualidad\\\/#organization\"},\"image\":{\"@id\":\"https:\\\/\\\/www.laguiadepamplona.com\\\/actualidad\\\/el-ayuntamiento-paralizo-a-finales-de-julio-las-obras-en-los-elementos-pendientes-de-adecuacion-de-la-noria-de-la-magdalena-tras-la-reunion-entre-tecnicos-municipales-y-del-gobierno\\\/#primaryimage\"},\"thumbnailUrl\":\"https:\\\/\\\/www.laguiadepamplona.com\\\/actualidad\\\/wp-content\\\/uploads\\\/2021\\\/06\\\/parquesur_JGV6005.jpg\",\"articleSection\":[\"Ayto Pamplona\"],\"inLanguage\":\"es\",\"potentialAction\":[{\"@type\":\"CommentAction\",\"name\":\"Comment\",\"target\":[\"https:\\\/\\\/www.laguiadepamplona.com\\\/actualidad\\\/el-ayuntamiento-paralizo-a-finales-de-julio-las-obras-en-los-elementos-pendientes-de-adecuacion-de-la-noria-de-la-magdalena-tras-la-reunion-entre-tecnicos-municipales-y-del-gobierno\\\/#respond\"]}]},{\"@type\":\"WebPage\",\"@id\":\"https:\\\/\\\/www.laguiadepamplona.com\\\/actualidad\\\/el-ayuntamiento-paralizo-a-finales-de-julio-las-obras-en-los-elementos-pendientes-de-adecuacion-de-la-noria-de-la-magdalena-tras-la-reunion-entre-tecnicos-municipales-y-del-gobierno\\\/\",\"url\":\"https:\\\/\\\/www.laguiadepamplona.com\\\/actualidad\\\/el-ayuntamiento-paralizo-a-finales-de-julio-las-obras-en-los-elementos-pendientes-de-adecuacion-de-la-noria-de-la-magdalena-tras-la-reunion-entre-tecnicos-municipales-y-del-gobierno\\\/\",\"name\":\"El Ayuntamiento paraliz\u00f3 a finales de julio las obras en los elementos pendientes de adecuaci\u00f3n de la noria de la Magdalena tras la reuni\u00f3n entre t\u00e9cnicos municipales y del Gobierno\",\"isPartOf\":{\"@id\":\"https:\\\/\\\/www.laguiadepamplona.com\\\/actualidad\\\/#website\"},\"primaryImageOfPage\":{\"@id\":\"https:\\\/\\\/www.laguiadepamplona.com\\\/actualidad\\\/el-ayuntamiento-paralizo-a-finales-de-julio-las-obras-en-los-elementos-pendientes-de-adecuacion-de-la-noria-de-la-magdalena-tras-la-reunion-entre-tecnicos-municipales-y-del-gobierno\\\/#primaryimage\"},\"image\":{\"@id\":\"https:\\\/\\\/www.laguiadepamplona.com\\\/actualidad\\\/el-ayuntamiento-paralizo-a-finales-de-julio-las-obras-en-los-elementos-pendientes-de-adecuacion-de-la-noria-de-la-magdalena-tras-la-reunion-entre-tecnicos-municipales-y-del-gobierno\\\/#primaryimage\"},\"thumbnailUrl\":\"https:\\\/\\\/www.laguiadepamplona.com\\\/actualidad\\\/wp-content\\\/uploads\\\/2021\\\/06\\\/parquesur_JGV6005.jpg\",\"datePublished\":\"2021-08-05T18:04:35+00:00\",\"dateModified\":\"2023-04-11T09:49:09+00:00\",\"description\":\"El Consistorio ha continuado con las labores permitidas por Gobierno de Navarra mientras se emite el informe favorable final sobre aspectos puntuales de la noria\",\"breadcrumb\":{\"@id\":\"https:\\\/\\\/www.laguiadepamplona.com\\\/actualidad\\\/el-ayuntamiento-paralizo-a-finales-de-julio-las-obras-en-los-elementos-pendientes-de-adecuacion-de-la-noria-de-la-magdalena-tras-la-reunion-entre-tecnicos-municipales-y-del-gobierno\\\/#breadcrumb\"},\"inLanguage\":\"es\",\"potentialAction\":[{\"@type\":\"ReadAction\",\"target\":[\"https:\\\/\\\/www.laguiadepamplona.com\\\/actualidad\\\/el-ayuntamiento-paralizo-a-finales-de-julio-las-obras-en-los-elementos-pendientes-de-adecuacion-de-la-noria-de-la-magdalena-tras-la-reunion-entre-tecnicos-municipales-y-del-gobierno\\\/\"]}]},{\"@type\":\"ImageObject\",\"inLanguage\":\"es\",\"@id\":\"https:\\\/\\\/www.laguiadepamplona.com\\\/actualidad\\\/el-ayuntamiento-paralizo-a-finales-de-julio-las-obras-en-los-elementos-pendientes-de-adecuacion-de-la-noria-de-la-magdalena-tras-la-reunion-entre-tecnicos-municipales-y-del-gobierno\\\/#primaryimage\",\"url\":\"https:\\\/\\\/www.laguiadepamplona.com\\\/actualidad\\\/wp-content\\\/uploads\\\/2021\\\/06\\\/parquesur_JGV6005.jpg\",\"contentUrl\":\"https:\\\/\\\/www.laguiadepamplona.com\\\/actualidad\\\/wp-content\\\/uploads\\\/2021\\\/06\\\/parquesur_JGV6005.jpg\",\"width\":1920,\"height\":1280},{\"@type\":\"BreadcrumbList\",\"@id\":\"https:\\\/\\\/www.laguiadepamplona.com\\\/actualidad\\\/el-ayuntamiento-paralizo-a-finales-de-julio-las-obras-en-los-elementos-pendientes-de-adecuacion-de-la-noria-de-la-magdalena-tras-la-reunion-entre-tecnicos-municipales-y-del-gobierno\\\/#breadcrumb\",\"itemListElement\":[{\"@type\":\"ListItem\",\"position\":1,\"name\":\"Portada\",\"item\":\"https:\\\/\\\/www.laguiadepamplona.com\\\/actualidad\\\/\"},{\"@type\":\"ListItem\",\"position\":2,\"name\":\"El Ayuntamiento paraliz\u00f3 a finales de julio las obras en los elementos pendientes de adecuaci\u00f3n de la noria de la Magdalena tras la reuni\u00f3n entre t\u00e9cnicos municipales y del Gobierno\"}]},{\"@type\":\"WebSite\",\"@id\":\"https:\\\/\\\/www.laguiadepamplona.com\\\/actualidad\\\/#website\",\"url\":\"https:\\\/\\\/www.laguiadepamplona.com\\\/actualidad\\\/\",\"name\":\"La gu\u00eda de Pamplona\",\"description\":\"Noticias de Pamplona\",\"publisher\":{\"@id\":\"https:\\\/\\\/www.laguiadepamplona.com\\\/actualidad\\\/#organization\"},\"potentialAction\":[{\"@type\":\"SearchAction\",\"target\":{\"@type\":\"EntryPoint\",\"urlTemplate\":\"https:\\\/\\\/www.laguiadepamplona.com\\\/actualidad\\\/?s={search_term_string}\"},\"query-input\":{\"@type\":\"PropertyValueSpecification\",\"valueRequired\":true,\"valueName\":\"search_term_string\"}}],\"inLanguage\":\"es\"},{\"@type\":\"Organization\",\"@id\":\"https:\\\/\\\/www.laguiadepamplona.com\\\/actualidad\\\/#organization\",\"name\":\"La Gu\u00eda de Pamplona \\\/ Noticias\",\"url\":\"https:\\\/\\\/www.laguiadepamplona.com\\\/actualidad\\\/\",\"logo\":{\"@type\":\"ImageObject\",\"inLanguage\":\"es\",\"@id\":\"https:\\\/\\\/www.laguiadepamplona.com\\\/actualidad\\\/#\\\/schema\\\/logo\\\/image\\\/\",\"url\":\"https:\\\/\\\/www.laguiadepamplona.com\\\/actualidad\\\/wp-content\\\/uploads\\\/2018\\\/11\\\/logo-laguiadepamplona18-web1.png\",\"contentUrl\":\"https:\\\/\\\/www.laguiadepamplona.com\\\/actualidad\\\/wp-content\\\/uploads\\\/2018\\\/11\\\/logo-laguiadepamplona18-web1.png\",\"width\":600,\"height\":196,\"caption\":\"La Gu\u00eda de Pamplona \\\/ Noticias\"},\"image\":{\"@id\":\"https:\\\/\\\/www.laguiadepamplona.com\\\/actualidad\\\/#\\\/schema\\\/logo\\\/image\\\/\"},\"sameAs\":[\"https:\\\/\\\/www.facebook.com\\\/laguiadepamplonacom-133175176762273\\\/?ref=hl\",\"https:\\\/\\\/x.com\\\/LaGuiadPamplona\",\"https:\\\/\\\/www.instagram.com\\\/la_guia_de_pamplona\\\/\",\"https:\\\/\\\/www.youtube.com\\\/user\\\/laguiadepamplona\"]},{\"@type\":\"Person\",\"@id\":\"https:\\\/\\\/www.laguiadepamplona.com\\\/actualidad\\\/#\\\/schema\\\/person\\\/efe887376f0213d4657c93adc50b1fdb\",\"name\":\"La Gu\u00eda de Pamplona\",\"image\":{\"@type\":\"ImageObject\",\"inLanguage\":\"es\",\"@id\":\"https:\\\/\\\/secure.gravatar.com\\\/avatar\\\/b6992f131dc8d30ab0dff15446e9d346d9dbd95992de0fef795073f5ea83a81c?s=96&d=mm&r=g\",\"url\":\"https:\\\/\\\/secure.gravatar.com\\\/avatar\\\/b6992f131dc8d30ab0dff15446e9d346d9dbd95992de0fef795073f5ea83a81c?s=96&d=mm&r=g\",\"contentUrl\":\"https:\\\/\\\/secure.gravatar.com\\\/avatar\\\/b6992f131dc8d30ab0dff15446e9d346d9dbd95992de0fef795073f5ea83a81c?s=96&d=mm&r=g\",\"caption\":\"La Gu\u00eda de Pamplona\"}}]}<\/script>\n<!-- \/ Yoast SEO plugin. -->","yoast_head_json":{"title":"El Ayuntamiento paraliz\u00f3 a finales de julio las obras en los elementos pendientes de adecuaci\u00f3n de la noria de la Magdalena tras la reuni\u00f3n entre t\u00e9cnicos municipales y del Gobierno","description":"El Consistorio ha continuado con las labores permitidas por Gobierno de Navarra mientras se emite el informe favorable final sobre aspectos puntuales de la noria","robots":{"index":"index","follow":"follow","max-snippet":"max-snippet:-1","max-image-preview":"max-image-preview:large","max-video-preview":"max-video-preview:-1"},"canonical":"https:\/\/www.laguiadepamplona.com\/actualidad\/el-ayuntamiento-paralizo-a-finales-de-julio-las-obras-en-los-elementos-pendientes-de-adecuacion-de-la-noria-de-la-magdalena-tras-la-reunion-entre-tecnicos-municipales-y-del-gobierno\/","og_locale":"es_ES","og_type":"article","og_title":"El Ayuntamiento paraliz\u00f3 a finales de julio las obras en los elementos pendientes de adecuaci\u00f3n de la noria de la Magdalena tras la reuni\u00f3n entre t\u00e9cnicos municipales y del Gobierno","og_description":"El Consistorio ha continuado con las labores permitidas por Gobierno de Navarra mientras se emite el informe favorable final sobre aspectos puntuales de la noria","og_url":"https:\/\/www.laguiadepamplona.com\/actualidad\/el-ayuntamiento-paralizo-a-finales-de-julio-las-obras-en-los-elementos-pendientes-de-adecuacion-de-la-noria-de-la-magdalena-tras-la-reunion-entre-tecnicos-municipales-y-del-gobierno\/","og_site_name":"La Gu\u00eda de Pamplona","article_publisher":"https:\/\/www.facebook.com\/laguiadepamplonacom-133175176762273\/?ref=hl","article_published_time":"2021-08-05T18:04:35+00:00","article_modified_time":"2023-04-11T09:49:09+00:00","og_image":[{"width":1920,"height":1280,"url":"https:\/\/www.laguiadepamplona.com\/actualidad\/wp-content\/uploads\/2021\/06\/parquesur_JGV6005.jpg","type":"image\/jpeg"}],"author":"La Gu\u00eda de Pamplona","twitter_card":"summary_large_image","twitter_creator":"@LaGuiadPamplona","twitter_site":"@LaGuiadPamplona","twitter_misc":{"Escrito por":"La Gu\u00eda de Pamplona","Tiempo de lectura":"4 minutos"},"schema":{"@context":"https:\/\/schema.org","@graph":[{"@type":"Article","@id":"https:\/\/www.laguiadepamplona.com\/actualidad\/el-ayuntamiento-paralizo-a-finales-de-julio-las-obras-en-los-elementos-pendientes-de-adecuacion-de-la-noria-de-la-magdalena-tras-la-reunion-entre-tecnicos-municipales-y-del-gobierno\/#article","isPartOf":{"@id":"https:\/\/www.laguiadepamplona.com\/actualidad\/el-ayuntamiento-paralizo-a-finales-de-julio-las-obras-en-los-elementos-pendientes-de-adecuacion-de-la-noria-de-la-magdalena-tras-la-reunion-entre-tecnicos-municipales-y-del-gobierno\/"},"author":{"name":"La Gu\u00eda de Pamplona","@id":"https:\/\/www.laguiadepamplona.com\/actualidad\/#\/schema\/person\/efe887376f0213d4657c93adc50b1fdb"},"headline":"El Ayuntamiento paraliz\u00f3 a finales de julio las obras en los elementos pendientes de adecuaci\u00f3n de la noria de la Magdalena tras la reuni\u00f3n entre t\u00e9cnicos municipales y del Gobierno","datePublished":"2021-08-05T18:04:35+00:00","dateModified":"2023-04-11T09:49:09+00:00","mainEntityOfPage":{"@id":"https:\/\/www.laguiadepamplona.com\/actualidad\/el-ayuntamiento-paralizo-a-finales-de-julio-las-obras-en-los-elementos-pendientes-de-adecuacion-de-la-noria-de-la-magdalena-tras-la-reunion-entre-tecnicos-municipales-y-del-gobierno\/"},"wordCount":867,"commentCount":0,"publisher":{"@id":"https:\/\/www.laguiadepamplona.com\/actualidad\/#organization"},"image":{"@id":"https:\/\/www.laguiadepamplona.com\/actualidad\/el-ayuntamiento-paralizo-a-finales-de-julio-las-obras-en-los-elementos-pendientes-de-adecuacion-de-la-noria-de-la-magdalena-tras-la-reunion-entre-tecnicos-municipales-y-del-gobierno\/#primaryimage"},"thumbnailUrl":"https:\/\/www.laguiadepamplona.com\/actualidad\/wp-content\/uploads\/2021\/06\/parquesur_JGV6005.jpg","articleSection":["Ayto Pamplona"],"inLanguage":"es","potentialAction":[{"@type":"CommentAction","name":"Comment","target":["https:\/\/www.laguiadepamplona.com\/actualidad\/el-ayuntamiento-paralizo-a-finales-de-julio-las-obras-en-los-elementos-pendientes-de-adecuacion-de-la-noria-de-la-magdalena-tras-la-reunion-entre-tecnicos-municipales-y-del-gobierno\/#respond"]}]},{"@type":"WebPage","@id":"https:\/\/www.laguiadepamplona.com\/actualidad\/el-ayuntamiento-paralizo-a-finales-de-julio-las-obras-en-los-elementos-pendientes-de-adecuacion-de-la-noria-de-la-magdalena-tras-la-reunion-entre-tecnicos-municipales-y-del-gobierno\/","url":"https:\/\/www.laguiadepamplona.com\/actualidad\/el-ayuntamiento-paralizo-a-finales-de-julio-las-obras-en-los-elementos-pendientes-de-adecuacion-de-la-noria-de-la-magdalena-tras-la-reunion-entre-tecnicos-municipales-y-del-gobierno\/","name":"El Ayuntamiento paraliz\u00f3 a finales de julio las obras en los elementos pendientes de adecuaci\u00f3n de la noria de la Magdalena tras la reuni\u00f3n entre t\u00e9cnicos municipales y del Gobierno","isPartOf":{"@id":"https:\/\/www.laguiadepamplona.com\/actualidad\/#website"},"primaryImageOfPage":{"@id":"https:\/\/www.laguiadepamplona.com\/actualidad\/el-ayuntamiento-paralizo-a-finales-de-julio-las-obras-en-los-elementos-pendientes-de-adecuacion-de-la-noria-de-la-magdalena-tras-la-reunion-entre-tecnicos-municipales-y-del-gobierno\/#primaryimage"},"image":{"@id":"https:\/\/www.laguiadepamplona.com\/actualidad\/el-ayuntamiento-paralizo-a-finales-de-julio-las-obras-en-los-elementos-pendientes-de-adecuacion-de-la-noria-de-la-magdalena-tras-la-reunion-entre-tecnicos-municipales-y-del-gobierno\/#primaryimage"},"thumbnailUrl":"https:\/\/www.laguiadepamplona.com\/actualidad\/wp-content\/uploads\/2021\/06\/parquesur_JGV6005.jpg","datePublished":"2021-08-05T18:04:35+00:00","dateModified":"2023-04-11T09:49:09+00:00","description":"El Consistorio ha continuado con las labores permitidas por Gobierno de Navarra mientras se emite el informe favorable final sobre aspectos puntuales de la noria","breadcrumb":{"@id":"https:\/\/www.laguiadepamplona.com\/actualidad\/el-ayuntamiento-paralizo-a-finales-de-julio-las-obras-en-los-elementos-pendientes-de-adecuacion-de-la-noria-de-la-magdalena-tras-la-reunion-entre-tecnicos-municipales-y-del-gobierno\/#breadcrumb"},"inLanguage":"es","potentialAction":[{"@type":"ReadAction","target":["https:\/\/www.laguiadepamplona.com\/actualidad\/el-ayuntamiento-paralizo-a-finales-de-julio-las-obras-en-los-elementos-pendientes-de-adecuacion-de-la-noria-de-la-magdalena-tras-la-reunion-entre-tecnicos-municipales-y-del-gobierno\/"]}]},{"@type":"ImageObject","inLanguage":"es","@id":"https:\/\/www.laguiadepamplona.com\/actualidad\/el-ayuntamiento-paralizo-a-finales-de-julio-las-obras-en-los-elementos-pendientes-de-adecuacion-de-la-noria-de-la-magdalena-tras-la-reunion-entre-tecnicos-municipales-y-del-gobierno\/#primaryimage","url":"https:\/\/www.laguiadepamplona.com\/actualidad\/wp-content\/uploads\/2021\/06\/parquesur_JGV6005.jpg","contentUrl":"https:\/\/www.laguiadepamplona.com\/actualidad\/wp-content\/uploads\/2021\/06\/parquesur_JGV6005.jpg","width":1920,"height":1280},{"@type":"BreadcrumbList","@id":"https:\/\/www.laguiadepamplona.com\/actualidad\/el-ayuntamiento-paralizo-a-finales-de-julio-las-obras-en-los-elementos-pendientes-de-adecuacion-de-la-noria-de-la-magdalena-tras-la-reunion-entre-tecnicos-municipales-y-del-gobierno\/#breadcrumb","itemListElement":[{"@type":"ListItem","position":1,"name":"Portada","item":"https:\/\/www.laguiadepamplona.com\/actualidad\/"},{"@type":"ListItem","position":2,"name":"El Ayuntamiento paraliz\u00f3 a finales de julio las obras en los elementos pendientes de adecuaci\u00f3n de la noria de la Magdalena tras la reuni\u00f3n entre t\u00e9cnicos municipales y del Gobierno"}]},{"@type":"WebSite","@id":"https:\/\/www.laguiadepamplona.com\/actualidad\/#website","url":"https:\/\/www.laguiadepamplona.com\/actualidad\/","name":"La gu\u00eda de Pamplona","description":"Noticias de Pamplona","publisher":{"@id":"https:\/\/www.laguiadepamplona.com\/actualidad\/#organization"},"potentialAction":[{"@type":"SearchAction","target":{"@type":"EntryPoint","urlTemplate":"https:\/\/www.laguiadepamplona.com\/actualidad\/?s={search_term_string}"},"query-input":{"@type":"PropertyValueSpecification","valueRequired":true,"valueName":"search_term_string"}}],"inLanguage":"es"},{"@type":"Organization","@id":"https:\/\/www.laguiadepamplona.com\/actualidad\/#organization","name":"La Gu\u00eda de Pamplona \/ Noticias","url":"https:\/\/www.laguiadepamplona.com\/actualidad\/","logo":{"@type":"ImageObject","inLanguage":"es","@id":"https:\/\/www.laguiadepamplona.com\/actualidad\/#\/schema\/logo\/image\/","url":"https:\/\/www.laguiadepamplona.com\/actualidad\/wp-content\/uploads\/2018\/11\/logo-laguiadepamplona18-web1.png","contentUrl":"https:\/\/www.laguiadepamplona.com\/actualidad\/wp-content\/uploads\/2018\/11\/logo-laguiadepamplona18-web1.png","width":600,"height":196,"caption":"La Gu\u00eda de Pamplona \/ Noticias"},"image":{"@id":"https:\/\/www.laguiadepamplona.com\/actualidad\/#\/schema\/logo\/image\/"},"sameAs":["https:\/\/www.facebook.com\/laguiadepamplonacom-133175176762273\/?ref=hl","https:\/\/x.com\/LaGuiadPamplona","https:\/\/www.instagram.com\/la_guia_de_pamplona\/","https:\/\/www.youtube.com\/user\/laguiadepamplona"]},{"@type":"Person","@id":"https:\/\/www.laguiadepamplona.com\/actualidad\/#\/schema\/person\/efe887376f0213d4657c93adc50b1fdb","name":"La Gu\u00eda de Pamplona","image":{"@type":"ImageObject","inLanguage":"es","@id":"https:\/\/secure.gravatar.com\/avatar\/b6992f131dc8d30ab0dff15446e9d346d9dbd95992de0fef795073f5ea83a81c?s=96&d=mm&r=g","url":"https:\/\/secure.gravatar.com\/avatar\/b6992f131dc8d30ab0dff15446e9d346d9dbd95992de0fef795073f5ea83a81c?s=96&d=mm&r=g","contentUrl":"https:\/\/secure.gravatar.com\/avatar\/b6992f131dc8d30ab0dff15446e9d346d9dbd95992de0fef795073f5ea83a81c?s=96&d=mm&r=g","caption":"La Gu\u00eda de Pamplona"}}]}},"post_mailing_queue_ids":[],"_links":{"self":[{"href":"https:\/\/www.laguiadepamplona.com\/actualidad\/wp-json\/wp\/v2\/posts\/36136","targetHints":{"allow":["GET"]}}],"collection":[{"href":"https:\/\/www.laguiadepamplona.com\/actualidad\/wp-json\/wp\/v2\/posts"}],"about":[{"href":"https:\/\/www.laguiadepamplona.com\/actualidad\/wp-json\/wp\/v2\/types\/post"}],"author":[{"embeddable":true,"href":"https:\/\/www.laguiadepamplona.com\/actualidad\/wp-json\/wp\/v2\/users\/1"}],"replies":[{"embeddable":true,"href":"https:\/\/www.laguiadepamplona.com\/actualidad\/wp-json\/wp\/v2\/comments?post=36136"}],"version-history":[{"count":0,"href":"https:\/\/www.laguiadepamplona.com\/actualidad\/wp-json\/wp\/v2\/posts\/36136\/revisions"}],"wp:featuredmedia":[{"embeddable":true,"href":"https:\/\/www.laguiadepamplona.com\/actualidad\/wp-json\/wp\/v2\/media\/35744"}],"wp:attachment":[{"href":"https:\/\/www.laguiadepamplona.com\/actualidad\/wp-json\/wp\/v2\/media?parent=36136"}],"wp:term":[{"taxonomy":"category","embeddable":true,"href":"https:\/\/www.laguiadepamplona.com\/actualidad\/wp-json\/wp\/v2\/categories?post=36136"},{"taxonomy":"post_tag","embeddable":true,"href":"https:\/\/www.laguiadepamplona.com\/actualidad\/wp-json\/wp\/v2\/tags?post=36136"}],"curies":[{"name":"wp","href":"https:\/\/api.w.org\/{rel}","templated":true}]}}