{"id":36133,"date":"2021-08-05T20:01:59","date_gmt":"2021-08-05T18:01:59","guid":{"rendered":"https:\/\/www.laguiadepamplona.com\/actualidad\/?p=36133"},"modified":"2023-04-11T11:49:09","modified_gmt":"2023-04-11T09:49:09","slug":"manana-el-teatro-cientifico-infantil-mas-gamberro-llegara-a-la-plaza-de-la-o-de-la-mano-de-atardecer-pamplona","status":"publish","type":"post","link":"https:\/\/www.laguiadepamplona.com\/actualidad\/manana-el-teatro-cientifico-infantil-mas-gamberro-llegara-a-la-plaza-de-la-o-de-la-mano-de-atardecer-pamplona\/","title":{"rendered":"Ma\u00f1ana el teatro cient\u00edfico infantil m\u00e1s gamberro llegar\u00e1 a la plaza de la O de la mano de \u2018Atardecer Pamplona\u2019"},"content":{"rendered":"<h5>Dos doctores en gen\u00e9tica y qu\u00edmica del colectivo BigVAn Ciencia buscar\u00e1n la colaboraci\u00f3n del p\u00fablico su explosivo laboratorio<\/h5>\n<p><!--more--><\/p>\n<p>Que la ciencia puede ser divertida es una frase que se suele repetir. Pero m\u00e1s all\u00e1 de las palabras, la doctora en Gen\u00e9tica Helena Gonz\u00e1lez y doctor en Qu\u00edmica Oriol Marimon, lo que hacen es demostrarlo con hechos\u2026 cient\u00edficos. Ma\u00f1ana las 20 horas, en la Plaza de la O, se podr\u00e1 comprobar que hay de verdad en eso de la mano del colectivo BigVan Ciencia que llevar\u00e1 a \u2018Atardecer Pamplona\u2019 el espect\u00e1culo \u201dClownt\u00edfics\u201d.<\/p>\n<p>Se consideran la ciencia m\u00e1s payasa y este 6 de agosto instalar\u00e1n en el entorno amurallado su LABORATODOELMUNDORIO (Laboratorio de Investigaciones Desternillantes Donde Todo el Mundo Trabaja en Algo) para, con la ayuda de los espectadores, llevar a cabo sus experimentos. Orilo y Arlequino durante una hora tratar\u00e1n de ilustrar a su p\u00fablico, no s\u00f3lo sobre conceptos cient\u00edficos punteros, sino sobre lo m\u00e1s importante: la necesidad de utilizar el m\u00e9todo cient\u00edfico para tomar decisiones razonadas y basadas en el conocimiento.<\/p>\n<p><script async src=\"\/\/pagead2.googlesyndication.com\/pagead\/js\/adsbygoogle.js\"><\/script><br \/>\n<!-- Noticias La Guia de Pamplona --><br \/>\n<ins class=\"adsbygoogle\"\nstyle=\"display:block\"\ndata-ad-client=\"ca-pub-6943679897239327\"\ndata-ad-slot=\"7048180777\"\ndata-ad-format=\"auto\"><\/ins><br \/>\n<script>\n(adsbygoogle = window.adsbygoogle || []).push({});\n<\/script><\/p>\n<p>Helena Gonz\u00e1lez es doctora en Gen\u00e9tica, camino que escogi\u00f3 a los nueve a\u00f1os tras ver el filme de Spielberg \u2018Parque Jur\u00e1sico\u2019. Lleva m\u00e1s de una d\u00e9cada haciendo espect\u00e1culos para ni\u00f1os, p\u00fablico con el que se siente muy identificada. Oriol Marimon es qu\u00edmico de formaci\u00f3n, ya que le encanta provocar la liberaci\u00f3n masiva de energ\u00eda en cortos periodos de tiempo debido a la reordenaci\u00f3n molecular, vamos, hacer explotar cosas. Realiz\u00f3 su tesis doctoral en Resonancia Magn\u00e9tica Nuclear, en la Universidad de Barcelona.<\/p>\n<p>Ambos pertenecen a BigVAn Ciencia, un grupo de m\u00e1s de 30 profesionales dedicados a la ciencia y la investigaci\u00f3n con el claro objetivo de transformar la comunicaci\u00f3n cient\u00edfica en un producto atractivo para todo tipo de p\u00fablico. Este par de doctores han cambiado de escenario, pero no han dejado de investigar. Se dedican a desarrollar nuevas formas de ense\u00f1ar y divulgar ciencia utilizando las artes esc\u00e9nicas gracias al proyecto Europeo de Investigaci\u00f3n pedag\u00f3gica PERFORM. En esta l\u00ednea trabajan en la l\u00ednea de fomentar la cultura cient\u00edfica y las vocaciones STEM, con especial atenci\u00f3n a las vocaciones cient\u00edficas femeninas y en zonas con m\u00e1s riesgo de exclusi\u00f3n social.<\/p>\n<p><script async src=\"\/\/pagead2.googlesyndication.com\/pagead\/js\/adsbygoogle.js\"><\/script><br \/>\n<!-- Noticias La Guia de Pamplona --><br \/>\n<ins class=\"adsbygoogle\"\nstyle=\"display:block\"\ndata-ad-client=\"ca-pub-6943679897239327\"\ndata-ad-slot=\"7048180777\"\ndata-ad-format=\"auto\"><\/ins><br \/>\n<script>\n(adsbygoogle = window.adsbygoogle || []).push({});\n<\/script><\/p>\n<p><strong>Precipitar vocaciones cient\u00edficas<\/strong><\/p>\n<p>Gonz\u00e1lez y Marimon, durante el tiempo de confinamiento por la COVID-19 se han hecho conocidos en los hogares del pa\u00eds con el programa \u201cAprendemos En Casa\u201d, un espacio con contenidos de Ciencias Naturales que se hizo hueco en la programaci\u00f3n de RTVE. Dirigido a alumnos y alumnas de 6 a 16 a\u00f1os buscaba entretenerles y facilitar el aprendizaje cient\u00edfico de los menores durante la suspensi\u00f3n de las clases presenciales por la pandemia. Como equipo han actuado en el Festival Internacional Cervantino, Guanajuato, la Feria Internacional del Libro Guadalajara y el Festival El Arte de la Ciencia, Pachuca, todos ellos en M\u00e9xico, adem\u00e1s de Isola di Einstein, en Italia y la Universidad de Andorra.<\/p>\n<p>En Espa\u00f1a han recorrido la Feria de la Ciencia y de la Tecnolog\u00eda de Castilla y Le\u00f3n, Feria de la Ciencia de Calle de Jerez de la Frontera y las Semanas de la Ciencia de Benicarl\u00f3 y Sant Joan Desp\u00ed, adem\u00e1s del Museo Elder de Gran Canaria, el CosmoCaixa de Barcelona y el Naukas de Bilbao. Estos cient\u00edficos-actores<\/p>\n<p>Defienden que la ciencia, construida desde la cooperaci\u00f3n y la igualdad, debe ser la principal herramienta para el progreso de la humanidad. Por eso apoyan los principios de la RRI (investigaci\u00f3n e innovaci\u00f3n responsable): nadie deber\u00eda quedarse fuera de los beneficios que ofrecen los nuevos avances cient\u00edficos.<\/p>\n","protected":false},"excerpt":{"rendered":"<p>Dos doctores en gen\u00e9tica y qu\u00edmica del colectivo BigVAn Ciencia buscar\u00e1n la colaboraci\u00f3n del p\u00fablico su explosivo laboratorio<\/p>\n","protected":false},"author":1,"featured_media":36134,"comment_status":"open","ping_status":"closed","sticky":false,"template":"","format":"standard","meta":{"footnotes":""},"categories":[2],"tags":[],"class_list":["post-36133","post","type-post","status-publish","format-standard","has-post-thumbnail","hentry","category-ayuntamiento-pamplona"],"yoast_head":"<!-- This site is optimized with the Yoast SEO plugin v27.5 - https:\/\/yoast.com\/product\/yoast-seo-wordpress\/ -->\n<title>Ma\u00f1ana el teatro cient\u00edfico infantil m\u00e1s gamberro llegar\u00e1 a la plaza de la O de la mano de \u2018Atardecer Pamplona\u2019<\/title>\n<meta name=\"description\" content=\"Dos doctores en gen\u00e9tica y qu\u00edmica del colectivo BigVAn Ciencia buscar\u00e1n la colaboraci\u00f3n del p\u00fablico su explosivo laboratorio\" \/>\n<meta name=\"robots\" content=\"index, follow, max-snippet:-1, max-image-preview:large, max-video-preview:-1\" \/>\n<link rel=\"canonical\" href=\"https:\/\/www.laguiadepamplona.com\/actualidad\/manana-el-teatro-cientifico-infantil-mas-gamberro-llegara-a-la-plaza-de-la-o-de-la-mano-de-atardecer-pamplona\/\" \/>\n<meta property=\"og:locale\" content=\"es_ES\" \/>\n<meta property=\"og:type\" content=\"article\" \/>\n<meta property=\"og:title\" content=\"Ma\u00f1ana el teatro cient\u00edfico infantil m\u00e1s gamberro llegar\u00e1 a la plaza de la O de la mano de \u2018Atardecer Pamplona\u2019\" \/>\n<meta property=\"og:description\" content=\"Dos doctores en gen\u00e9tica y qu\u00edmica del colectivo BigVAn Ciencia buscar\u00e1n la colaboraci\u00f3n del p\u00fablico su explosivo laboratorio\" \/>\n<meta property=\"og:url\" content=\"https:\/\/www.laguiadepamplona.com\/actualidad\/manana-el-teatro-cientifico-infantil-mas-gamberro-llegara-a-la-plaza-de-la-o-de-la-mano-de-atardecer-pamplona\/\" \/>\n<meta property=\"og:site_name\" content=\"La Gu\u00eda de Pamplona\" \/>\n<meta property=\"article:publisher\" content=\"https:\/\/www.facebook.com\/laguiadepamplonacom-133175176762273\/?ref=hl\" \/>\n<meta property=\"article:published_time\" content=\"2021-08-05T18:01:59+00:00\" \/>\n<meta property=\"article:modified_time\" content=\"2023-04-11T09:49:09+00:00\" \/>\n<meta property=\"og:image\" content=\"https:\/\/www.laguiadepamplona.com\/actualidad\/wp-content\/uploads\/2021\/08\/clowntifics_fondo_0.jpg\" \/>\n\t<meta property=\"og:image:width\" content=\"1920\" \/>\n\t<meta property=\"og:image:height\" content=\"1282\" \/>\n\t<meta property=\"og:image:type\" content=\"image\/jpeg\" \/>\n<meta name=\"author\" content=\"La Gu\u00eda de Pamplona\" \/>\n<meta name=\"twitter:card\" content=\"summary_large_image\" \/>\n<meta name=\"twitter:creator\" content=\"@LaGuiadPamplona\" \/>\n<meta name=\"twitter:site\" content=\"@LaGuiadPamplona\" \/>\n<meta name=\"twitter:label1\" content=\"Escrito por\" \/>\n\t<meta name=\"twitter:data1\" content=\"La Gu\u00eda de Pamplona\" \/>\n\t<meta name=\"twitter:label2\" content=\"Tiempo de lectura\" \/>\n\t<meta name=\"twitter:data2\" content=\"3 minutos\" \/>\n<script type=\"application\/ld+json\" class=\"yoast-schema-graph\">{\"@context\":\"https:\\\/\\\/schema.org\",\"@graph\":[{\"@type\":\"Article\",\"@id\":\"https:\\\/\\\/www.laguiadepamplona.com\\\/actualidad\\\/manana-el-teatro-cientifico-infantil-mas-gamberro-llegara-a-la-plaza-de-la-o-de-la-mano-de-atardecer-pamplona\\\/#article\",\"isPartOf\":{\"@id\":\"https:\\\/\\\/www.laguiadepamplona.com\\\/actualidad\\\/manana-el-teatro-cientifico-infantil-mas-gamberro-llegara-a-la-plaza-de-la-o-de-la-mano-de-atardecer-pamplona\\\/\"},\"author\":{\"name\":\"La Gu\u00eda de Pamplona\",\"@id\":\"https:\\\/\\\/www.laguiadepamplona.com\\\/actualidad\\\/#\\\/schema\\\/person\\\/efe887376f0213d4657c93adc50b1fdb\"},\"headline\":\"Ma\u00f1ana el teatro cient\u00edfico infantil m\u00e1s gamberro llegar\u00e1 a la plaza de la O de la mano de \u2018Atardecer Pamplona\u2019\",\"datePublished\":\"2021-08-05T18:01:59+00:00\",\"dateModified\":\"2023-04-11T09:49:09+00:00\",\"mainEntityOfPage\":{\"@id\":\"https:\\\/\\\/www.laguiadepamplona.com\\\/actualidad\\\/manana-el-teatro-cientifico-infantil-mas-gamberro-llegara-a-la-plaza-de-la-o-de-la-mano-de-atardecer-pamplona\\\/\"},\"wordCount\":670,\"commentCount\":0,\"publisher\":{\"@id\":\"https:\\\/\\\/www.laguiadepamplona.com\\\/actualidad\\\/#organization\"},\"image\":{\"@id\":\"https:\\\/\\\/www.laguiadepamplona.com\\\/actualidad\\\/manana-el-teatro-cientifico-infantil-mas-gamberro-llegara-a-la-plaza-de-la-o-de-la-mano-de-atardecer-pamplona\\\/#primaryimage\"},\"thumbnailUrl\":\"https:\\\/\\\/www.laguiadepamplona.com\\\/actualidad\\\/wp-content\\\/uploads\\\/2021\\\/08\\\/clowntifics_fondo_0.jpg\",\"articleSection\":[\"Ayto Pamplona\"],\"inLanguage\":\"es\",\"potentialAction\":[{\"@type\":\"CommentAction\",\"name\":\"Comment\",\"target\":[\"https:\\\/\\\/www.laguiadepamplona.com\\\/actualidad\\\/manana-el-teatro-cientifico-infantil-mas-gamberro-llegara-a-la-plaza-de-la-o-de-la-mano-de-atardecer-pamplona\\\/#respond\"]}]},{\"@type\":\"WebPage\",\"@id\":\"https:\\\/\\\/www.laguiadepamplona.com\\\/actualidad\\\/manana-el-teatro-cientifico-infantil-mas-gamberro-llegara-a-la-plaza-de-la-o-de-la-mano-de-atardecer-pamplona\\\/\",\"url\":\"https:\\\/\\\/www.laguiadepamplona.com\\\/actualidad\\\/manana-el-teatro-cientifico-infantil-mas-gamberro-llegara-a-la-plaza-de-la-o-de-la-mano-de-atardecer-pamplona\\\/\",\"name\":\"Ma\u00f1ana el teatro cient\u00edfico infantil m\u00e1s gamberro llegar\u00e1 a la plaza de la O de la mano de \u2018Atardecer Pamplona\u2019\",\"isPartOf\":{\"@id\":\"https:\\\/\\\/www.laguiadepamplona.com\\\/actualidad\\\/#website\"},\"primaryImageOfPage\":{\"@id\":\"https:\\\/\\\/www.laguiadepamplona.com\\\/actualidad\\\/manana-el-teatro-cientifico-infantil-mas-gamberro-llegara-a-la-plaza-de-la-o-de-la-mano-de-atardecer-pamplona\\\/#primaryimage\"},\"image\":{\"@id\":\"https:\\\/\\\/www.laguiadepamplona.com\\\/actualidad\\\/manana-el-teatro-cientifico-infantil-mas-gamberro-llegara-a-la-plaza-de-la-o-de-la-mano-de-atardecer-pamplona\\\/#primaryimage\"},\"thumbnailUrl\":\"https:\\\/\\\/www.laguiadepamplona.com\\\/actualidad\\\/wp-content\\\/uploads\\\/2021\\\/08\\\/clowntifics_fondo_0.jpg\",\"datePublished\":\"2021-08-05T18:01:59+00:00\",\"dateModified\":\"2023-04-11T09:49:09+00:00\",\"description\":\"Dos doctores en gen\u00e9tica y qu\u00edmica del colectivo BigVAn Ciencia buscar\u00e1n la colaboraci\u00f3n del p\u00fablico su explosivo laboratorio\",\"breadcrumb\":{\"@id\":\"https:\\\/\\\/www.laguiadepamplona.com\\\/actualidad\\\/manana-el-teatro-cientifico-infantil-mas-gamberro-llegara-a-la-plaza-de-la-o-de-la-mano-de-atardecer-pamplona\\\/#breadcrumb\"},\"inLanguage\":\"es\",\"potentialAction\":[{\"@type\":\"ReadAction\",\"target\":[\"https:\\\/\\\/www.laguiadepamplona.com\\\/actualidad\\\/manana-el-teatro-cientifico-infantil-mas-gamberro-llegara-a-la-plaza-de-la-o-de-la-mano-de-atardecer-pamplona\\\/\"]}]},{\"@type\":\"ImageObject\",\"inLanguage\":\"es\",\"@id\":\"https:\\\/\\\/www.laguiadepamplona.com\\\/actualidad\\\/manana-el-teatro-cientifico-infantil-mas-gamberro-llegara-a-la-plaza-de-la-o-de-la-mano-de-atardecer-pamplona\\\/#primaryimage\",\"url\":\"https:\\\/\\\/www.laguiadepamplona.com\\\/actualidad\\\/wp-content\\\/uploads\\\/2021\\\/08\\\/clowntifics_fondo_0.jpg\",\"contentUrl\":\"https:\\\/\\\/www.laguiadepamplona.com\\\/actualidad\\\/wp-content\\\/uploads\\\/2021\\\/08\\\/clowntifics_fondo_0.jpg\",\"width\":1920,\"height\":1282},{\"@type\":\"BreadcrumbList\",\"@id\":\"https:\\\/\\\/www.laguiadepamplona.com\\\/actualidad\\\/manana-el-teatro-cientifico-infantil-mas-gamberro-llegara-a-la-plaza-de-la-o-de-la-mano-de-atardecer-pamplona\\\/#breadcrumb\",\"itemListElement\":[{\"@type\":\"ListItem\",\"position\":1,\"name\":\"Portada\",\"item\":\"https:\\\/\\\/www.laguiadepamplona.com\\\/actualidad\\\/\"},{\"@type\":\"ListItem\",\"position\":2,\"name\":\"Ma\u00f1ana el teatro cient\u00edfico infantil m\u00e1s gamberro llegar\u00e1 a la plaza de la O de la mano de \u2018Atardecer Pamplona\u2019\"}]},{\"@type\":\"WebSite\",\"@id\":\"https:\\\/\\\/www.laguiadepamplona.com\\\/actualidad\\\/#website\",\"url\":\"https:\\\/\\\/www.laguiadepamplona.com\\\/actualidad\\\/\",\"name\":\"La gu\u00eda de Pamplona\",\"description\":\"Noticias de Pamplona\",\"publisher\":{\"@id\":\"https:\\\/\\\/www.laguiadepamplona.com\\\/actualidad\\\/#organization\"},\"potentialAction\":[{\"@type\":\"SearchAction\",\"target\":{\"@type\":\"EntryPoint\",\"urlTemplate\":\"https:\\\/\\\/www.laguiadepamplona.com\\\/actualidad\\\/?s={search_term_string}\"},\"query-input\":{\"@type\":\"PropertyValueSpecification\",\"valueRequired\":true,\"valueName\":\"search_term_string\"}}],\"inLanguage\":\"es\"},{\"@type\":\"Organization\",\"@id\":\"https:\\\/\\\/www.laguiadepamplona.com\\\/actualidad\\\/#organization\",\"name\":\"La Gu\u00eda de Pamplona \\\/ Noticias\",\"url\":\"https:\\\/\\\/www.laguiadepamplona.com\\\/actualidad\\\/\",\"logo\":{\"@type\":\"ImageObject\",\"inLanguage\":\"es\",\"@id\":\"https:\\\/\\\/www.laguiadepamplona.com\\\/actualidad\\\/#\\\/schema\\\/logo\\\/image\\\/\",\"url\":\"https:\\\/\\\/www.laguiadepamplona.com\\\/actualidad\\\/wp-content\\\/uploads\\\/2018\\\/11\\\/logo-laguiadepamplona18-web1.png\",\"contentUrl\":\"https:\\\/\\\/www.laguiadepamplona.com\\\/actualidad\\\/wp-content\\\/uploads\\\/2018\\\/11\\\/logo-laguiadepamplona18-web1.png\",\"width\":600,\"height\":196,\"caption\":\"La Gu\u00eda de Pamplona \\\/ Noticias\"},\"image\":{\"@id\":\"https:\\\/\\\/www.laguiadepamplona.com\\\/actualidad\\\/#\\\/schema\\\/logo\\\/image\\\/\"},\"sameAs\":[\"https:\\\/\\\/www.facebook.com\\\/laguiadepamplonacom-133175176762273\\\/?ref=hl\",\"https:\\\/\\\/x.com\\\/LaGuiadPamplona\",\"https:\\\/\\\/www.instagram.com\\\/la_guia_de_pamplona\\\/\",\"https:\\\/\\\/www.youtube.com\\\/user\\\/laguiadepamplona\"]},{\"@type\":\"Person\",\"@id\":\"https:\\\/\\\/www.laguiadepamplona.com\\\/actualidad\\\/#\\\/schema\\\/person\\\/efe887376f0213d4657c93adc50b1fdb\",\"name\":\"La Gu\u00eda de Pamplona\",\"image\":{\"@type\":\"ImageObject\",\"inLanguage\":\"es\",\"@id\":\"https:\\\/\\\/secure.gravatar.com\\\/avatar\\\/b6992f131dc8d30ab0dff15446e9d346d9dbd95992de0fef795073f5ea83a81c?s=96&d=mm&r=g\",\"url\":\"https:\\\/\\\/secure.gravatar.com\\\/avatar\\\/b6992f131dc8d30ab0dff15446e9d346d9dbd95992de0fef795073f5ea83a81c?s=96&d=mm&r=g\",\"contentUrl\":\"https:\\\/\\\/secure.gravatar.com\\\/avatar\\\/b6992f131dc8d30ab0dff15446e9d346d9dbd95992de0fef795073f5ea83a81c?s=96&d=mm&r=g\",\"caption\":\"La Gu\u00eda de Pamplona\"}}]}<\/script>\n<!-- \/ Yoast SEO plugin. -->","yoast_head_json":{"title":"Ma\u00f1ana el teatro cient\u00edfico infantil m\u00e1s gamberro llegar\u00e1 a la plaza de la O de la mano de \u2018Atardecer Pamplona\u2019","description":"Dos doctores en gen\u00e9tica y qu\u00edmica del colectivo BigVAn Ciencia buscar\u00e1n la colaboraci\u00f3n del p\u00fablico su explosivo laboratorio","robots":{"index":"index","follow":"follow","max-snippet":"max-snippet:-1","max-image-preview":"max-image-preview:large","max-video-preview":"max-video-preview:-1"},"canonical":"https:\/\/www.laguiadepamplona.com\/actualidad\/manana-el-teatro-cientifico-infantil-mas-gamberro-llegara-a-la-plaza-de-la-o-de-la-mano-de-atardecer-pamplona\/","og_locale":"es_ES","og_type":"article","og_title":"Ma\u00f1ana el teatro cient\u00edfico infantil m\u00e1s gamberro llegar\u00e1 a la plaza de la O de la mano de \u2018Atardecer Pamplona\u2019","og_description":"Dos doctores en gen\u00e9tica y qu\u00edmica del colectivo BigVAn Ciencia buscar\u00e1n la colaboraci\u00f3n del p\u00fablico su explosivo laboratorio","og_url":"https:\/\/www.laguiadepamplona.com\/actualidad\/manana-el-teatro-cientifico-infantil-mas-gamberro-llegara-a-la-plaza-de-la-o-de-la-mano-de-atardecer-pamplona\/","og_site_name":"La Gu\u00eda de Pamplona","article_publisher":"https:\/\/www.facebook.com\/laguiadepamplonacom-133175176762273\/?ref=hl","article_published_time":"2021-08-05T18:01:59+00:00","article_modified_time":"2023-04-11T09:49:09+00:00","og_image":[{"width":1920,"height":1282,"url":"https:\/\/www.laguiadepamplona.com\/actualidad\/wp-content\/uploads\/2021\/08\/clowntifics_fondo_0.jpg","type":"image\/jpeg"}],"author":"La Gu\u00eda de Pamplona","twitter_card":"summary_large_image","twitter_creator":"@LaGuiadPamplona","twitter_site":"@LaGuiadPamplona","twitter_misc":{"Escrito por":"La Gu\u00eda de Pamplona","Tiempo de lectura":"3 minutos"},"schema":{"@context":"https:\/\/schema.org","@graph":[{"@type":"Article","@id":"https:\/\/www.laguiadepamplona.com\/actualidad\/manana-el-teatro-cientifico-infantil-mas-gamberro-llegara-a-la-plaza-de-la-o-de-la-mano-de-atardecer-pamplona\/#article","isPartOf":{"@id":"https:\/\/www.laguiadepamplona.com\/actualidad\/manana-el-teatro-cientifico-infantil-mas-gamberro-llegara-a-la-plaza-de-la-o-de-la-mano-de-atardecer-pamplona\/"},"author":{"name":"La Gu\u00eda de Pamplona","@id":"https:\/\/www.laguiadepamplona.com\/actualidad\/#\/schema\/person\/efe887376f0213d4657c93adc50b1fdb"},"headline":"Ma\u00f1ana el teatro cient\u00edfico infantil m\u00e1s gamberro llegar\u00e1 a la plaza de la O de la mano de \u2018Atardecer Pamplona\u2019","datePublished":"2021-08-05T18:01:59+00:00","dateModified":"2023-04-11T09:49:09+00:00","mainEntityOfPage":{"@id":"https:\/\/www.laguiadepamplona.com\/actualidad\/manana-el-teatro-cientifico-infantil-mas-gamberro-llegara-a-la-plaza-de-la-o-de-la-mano-de-atardecer-pamplona\/"},"wordCount":670,"commentCount":0,"publisher":{"@id":"https:\/\/www.laguiadepamplona.com\/actualidad\/#organization"},"image":{"@id":"https:\/\/www.laguiadepamplona.com\/actualidad\/manana-el-teatro-cientifico-infantil-mas-gamberro-llegara-a-la-plaza-de-la-o-de-la-mano-de-atardecer-pamplona\/#primaryimage"},"thumbnailUrl":"https:\/\/www.laguiadepamplona.com\/actualidad\/wp-content\/uploads\/2021\/08\/clowntifics_fondo_0.jpg","articleSection":["Ayto Pamplona"],"inLanguage":"es","potentialAction":[{"@type":"CommentAction","name":"Comment","target":["https:\/\/www.laguiadepamplona.com\/actualidad\/manana-el-teatro-cientifico-infantil-mas-gamberro-llegara-a-la-plaza-de-la-o-de-la-mano-de-atardecer-pamplona\/#respond"]}]},{"@type":"WebPage","@id":"https:\/\/www.laguiadepamplona.com\/actualidad\/manana-el-teatro-cientifico-infantil-mas-gamberro-llegara-a-la-plaza-de-la-o-de-la-mano-de-atardecer-pamplona\/","url":"https:\/\/www.laguiadepamplona.com\/actualidad\/manana-el-teatro-cientifico-infantil-mas-gamberro-llegara-a-la-plaza-de-la-o-de-la-mano-de-atardecer-pamplona\/","name":"Ma\u00f1ana el teatro cient\u00edfico infantil m\u00e1s gamberro llegar\u00e1 a la plaza de la O de la mano de \u2018Atardecer Pamplona\u2019","isPartOf":{"@id":"https:\/\/www.laguiadepamplona.com\/actualidad\/#website"},"primaryImageOfPage":{"@id":"https:\/\/www.laguiadepamplona.com\/actualidad\/manana-el-teatro-cientifico-infantil-mas-gamberro-llegara-a-la-plaza-de-la-o-de-la-mano-de-atardecer-pamplona\/#primaryimage"},"image":{"@id":"https:\/\/www.laguiadepamplona.com\/actualidad\/manana-el-teatro-cientifico-infantil-mas-gamberro-llegara-a-la-plaza-de-la-o-de-la-mano-de-atardecer-pamplona\/#primaryimage"},"thumbnailUrl":"https:\/\/www.laguiadepamplona.com\/actualidad\/wp-content\/uploads\/2021\/08\/clowntifics_fondo_0.jpg","datePublished":"2021-08-05T18:01:59+00:00","dateModified":"2023-04-11T09:49:09+00:00","description":"Dos doctores en gen\u00e9tica y qu\u00edmica del colectivo BigVAn Ciencia buscar\u00e1n la colaboraci\u00f3n del p\u00fablico su explosivo laboratorio","breadcrumb":{"@id":"https:\/\/www.laguiadepamplona.com\/actualidad\/manana-el-teatro-cientifico-infantil-mas-gamberro-llegara-a-la-plaza-de-la-o-de-la-mano-de-atardecer-pamplona\/#breadcrumb"},"inLanguage":"es","potentialAction":[{"@type":"ReadAction","target":["https:\/\/www.laguiadepamplona.com\/actualidad\/manana-el-teatro-cientifico-infantil-mas-gamberro-llegara-a-la-plaza-de-la-o-de-la-mano-de-atardecer-pamplona\/"]}]},{"@type":"ImageObject","inLanguage":"es","@id":"https:\/\/www.laguiadepamplona.com\/actualidad\/manana-el-teatro-cientifico-infantil-mas-gamberro-llegara-a-la-plaza-de-la-o-de-la-mano-de-atardecer-pamplona\/#primaryimage","url":"https:\/\/www.laguiadepamplona.com\/actualidad\/wp-content\/uploads\/2021\/08\/clowntifics_fondo_0.jpg","contentUrl":"https:\/\/www.laguiadepamplona.com\/actualidad\/wp-content\/uploads\/2021\/08\/clowntifics_fondo_0.jpg","width":1920,"height":1282},{"@type":"BreadcrumbList","@id":"https:\/\/www.laguiadepamplona.com\/actualidad\/manana-el-teatro-cientifico-infantil-mas-gamberro-llegara-a-la-plaza-de-la-o-de-la-mano-de-atardecer-pamplona\/#breadcrumb","itemListElement":[{"@type":"ListItem","position":1,"name":"Portada","item":"https:\/\/www.laguiadepamplona.com\/actualidad\/"},{"@type":"ListItem","position":2,"name":"Ma\u00f1ana el teatro cient\u00edfico infantil m\u00e1s gamberro llegar\u00e1 a la plaza de la O de la mano de \u2018Atardecer Pamplona\u2019"}]},{"@type":"WebSite","@id":"https:\/\/www.laguiadepamplona.com\/actualidad\/#website","url":"https:\/\/www.laguiadepamplona.com\/actualidad\/","name":"La gu\u00eda de Pamplona","description":"Noticias de Pamplona","publisher":{"@id":"https:\/\/www.laguiadepamplona.com\/actualidad\/#organization"},"potentialAction":[{"@type":"SearchAction","target":{"@type":"EntryPoint","urlTemplate":"https:\/\/www.laguiadepamplona.com\/actualidad\/?s={search_term_string}"},"query-input":{"@type":"PropertyValueSpecification","valueRequired":true,"valueName":"search_term_string"}}],"inLanguage":"es"},{"@type":"Organization","@id":"https:\/\/www.laguiadepamplona.com\/actualidad\/#organization","name":"La Gu\u00eda de Pamplona \/ Noticias","url":"https:\/\/www.laguiadepamplona.com\/actualidad\/","logo":{"@type":"ImageObject","inLanguage":"es","@id":"https:\/\/www.laguiadepamplona.com\/actualidad\/#\/schema\/logo\/image\/","url":"https:\/\/www.laguiadepamplona.com\/actualidad\/wp-content\/uploads\/2018\/11\/logo-laguiadepamplona18-web1.png","contentUrl":"https:\/\/www.laguiadepamplona.com\/actualidad\/wp-content\/uploads\/2018\/11\/logo-laguiadepamplona18-web1.png","width":600,"height":196,"caption":"La Gu\u00eda de Pamplona \/ Noticias"},"image":{"@id":"https:\/\/www.laguiadepamplona.com\/actualidad\/#\/schema\/logo\/image\/"},"sameAs":["https:\/\/www.facebook.com\/laguiadepamplonacom-133175176762273\/?ref=hl","https:\/\/x.com\/LaGuiadPamplona","https:\/\/www.instagram.com\/la_guia_de_pamplona\/","https:\/\/www.youtube.com\/user\/laguiadepamplona"]},{"@type":"Person","@id":"https:\/\/www.laguiadepamplona.com\/actualidad\/#\/schema\/person\/efe887376f0213d4657c93adc50b1fdb","name":"La Gu\u00eda de Pamplona","image":{"@type":"ImageObject","inLanguage":"es","@id":"https:\/\/secure.gravatar.com\/avatar\/b6992f131dc8d30ab0dff15446e9d346d9dbd95992de0fef795073f5ea83a81c?s=96&d=mm&r=g","url":"https:\/\/secure.gravatar.com\/avatar\/b6992f131dc8d30ab0dff15446e9d346d9dbd95992de0fef795073f5ea83a81c?s=96&d=mm&r=g","contentUrl":"https:\/\/secure.gravatar.com\/avatar\/b6992f131dc8d30ab0dff15446e9d346d9dbd95992de0fef795073f5ea83a81c?s=96&d=mm&r=g","caption":"La Gu\u00eda de Pamplona"}}]}},"post_mailing_queue_ids":[],"_links":{"self":[{"href":"https:\/\/www.laguiadepamplona.com\/actualidad\/wp-json\/wp\/v2\/posts\/36133","targetHints":{"allow":["GET"]}}],"collection":[{"href":"https:\/\/www.laguiadepamplona.com\/actualidad\/wp-json\/wp\/v2\/posts"}],"about":[{"href":"https:\/\/www.laguiadepamplona.com\/actualidad\/wp-json\/wp\/v2\/types\/post"}],"author":[{"embeddable":true,"href":"https:\/\/www.laguiadepamplona.com\/actualidad\/wp-json\/wp\/v2\/users\/1"}],"replies":[{"embeddable":true,"href":"https:\/\/www.laguiadepamplona.com\/actualidad\/wp-json\/wp\/v2\/comments?post=36133"}],"version-history":[{"count":0,"href":"https:\/\/www.laguiadepamplona.com\/actualidad\/wp-json\/wp\/v2\/posts\/36133\/revisions"}],"wp:featuredmedia":[{"embeddable":true,"href":"https:\/\/www.laguiadepamplona.com\/actualidad\/wp-json\/wp\/v2\/media\/36134"}],"wp:attachment":[{"href":"https:\/\/www.laguiadepamplona.com\/actualidad\/wp-json\/wp\/v2\/media?parent=36133"}],"wp:term":[{"taxonomy":"category","embeddable":true,"href":"https:\/\/www.laguiadepamplona.com\/actualidad\/wp-json\/wp\/v2\/categories?post=36133"},{"taxonomy":"post_tag","embeddable":true,"href":"https:\/\/www.laguiadepamplona.com\/actualidad\/wp-json\/wp\/v2\/tags?post=36133"}],"curies":[{"name":"wp","href":"https:\/\/api.w.org\/{rel}","templated":true}]}}