{"id":36128,"date":"2021-08-05T19:58:20","date_gmt":"2021-08-05T17:58:20","guid":{"rendered":"https:\/\/www.laguiadepamplona.com\/actualidad\/?p=36128"},"modified":"2023-04-11T11:49:09","modified_gmt":"2023-04-11T09:49:09","slug":"amaia-romero-actua-este-sabado-en-noches-en-la-ciudadela-con-las-entradas-agotadas-desde-el-dia-en-el-que-se-pusieron-a-la-venta","status":"publish","type":"post","link":"https:\/\/www.laguiadepamplona.com\/actualidad\/amaia-romero-actua-este-sabado-en-noches-en-la-ciudadela-con-las-entradas-agotadas-desde-el-dia-en-el-que-se-pusieron-a-la-venta\/","title":{"rendered":"Amaia Romero act\u00faa este s\u00e1bado en Noches en la Ciudadela, con las entradas agotadas desde el d\u00eda en el que se pusieron a la venta"},"content":{"rendered":"<h5>Contin\u00faan a la venta en <a href=\"http:\/\/www.pamplonaescultura.es\" target=\"_blank\" rel=\"noopener\">www.pamplonaescultura.es<\/a> las \u00faltimas entradas para los conciertos de Izaro, Stay Homas y Anne Lukin<\/h5>\n<p><!--more--><\/p>\n<p>Fue el primer concierto de \u2018Noches en la Ciudadela\u2019 que agot\u00f3 sus entradas cuando se pusieron a la venta a mediados del mes de junio. La pamplonesa Amaia Romero vuelve a tocar en casa este s\u00e1bado, al aire libre, como en 2018 en Flamenco On Fire desde el balc\u00f3n da la Casa Consistorial. En esta ocasi\u00f3n el concierto se enmarca en la programaci\u00f3n m\u00fasical de \u2018Viva Pamplona viva\u2019, organizada por el Ayuntamiento para este verano.<\/p>\n<p>A partir de las 21.30 horas, Amaia Romero mostrar\u00e1 su versatilidad como cantante, m\u00fasica y compositora. Interpretar\u00e1 los temas de su primer \u00e1lbum de estudio, \u2018Pero no pasa nada\u2019, as\u00ed como otras piezas de colaboraci\u00f3n que ha realizado con diferentes grupos y artistas. No faltar\u00e1 tampoco cierta improvisaci\u00f3n, pues en su faceta de m\u00fasico, y con el amplio abanico de estilos a los que se adapta, se podr\u00e1n escuchar versiones y canciones, que le han hecho conocida y reconocida y otras que lleva a su terreno para reinterpretarlas.<\/p>\n<p>Con 19 a\u00f1os, Amaia Romero gan\u00f3 Operaci\u00f3n Triunfo y se convirti\u00f3 en icono de la juventud del pa\u00eds. Tambi\u00e9n particip\u00f3 en Eurovisi\u00f3n, toc\u00f3 en el Primavera Sound y agot\u00f3 entradas en todos los conciertos que ofreci\u00f3. Su voz es hermosa, moldeable y rica, ya sea con una copla o con un hit de estilo pop, ya sea sola al piano o con banda. Y con un resultado que siempre suena a ovaciones, emoci\u00f3n y bises. En definitiva, cada vez que se sube al escenario algo pasa.<\/p>\n<p><script async src=\"\/\/pagead2.googlesyndication.com\/pagead\/js\/adsbygoogle.js\"><\/script><br \/>\n<!-- Noticias La Guia de Pamplona --><br \/>\n<ins class=\"adsbygoogle\"\nstyle=\"display:block\"\ndata-ad-client=\"ca-pub-6943679897239327\"\ndata-ad-slot=\"7048180777\"\ndata-ad-format=\"auto\"><\/ins><br \/>\n<script>\n(adsbygoogle = window.adsbygoogle || []).push({});\n<\/script><\/p>\n<p><strong>\u00daltimas entradas para Izaro, Stay Homas y Anne Lukin<\/strong><\/p>\n<p>Con entradas agotadas para las actuaciones de Amaia Romero, El Kanka, Nil Moliner y Bad Gyal, todav\u00eda quedan algunas localidades en <a href=\"http:\/\/www.pamplonaescultura.es\" target=\"_blank\" rel=\"noopener\">www.pamplonaescultura.es<\/a> para los conciertos de Izaro, Stay Homas y Anne Lukin dentro de este ciclo musical Noches de Ciudadela. El 14 de agosto Izaro presentar\u00e1 \u2018Limones en invierno\u2019, publicado el a\u00f1o pasado. Izaro confirma con este trabajo una carrera ascendente que ha ido evolucionando desde sus inicios en 2014 hasta su consagraci\u00f3n, principalmente en 2018 con \u2018Eason\u2019. El precio de las entradas para el concierto es de 19 euros m\u00e1s 1,5 euros de gastos de gesti\u00f3n.<\/p>\n<p>Una semana despu\u00e9s, el s\u00e1bado 21 de agosto, subir\u00e1 al escenario de Ciudadela Stay Homas. En plena pandemia y a trav\u00e9s de las redes sociales, Klaus, Guillem y el Rai lograron un gran impacto con un estilo musical con pocos recursos t\u00e9cnicos, letras ingeniosas, melod\u00edas frescas y ecl\u00e9cticas. A finales de 2020 publicaron su primer larga duraci\u00f3n, \u2018Agua\u2019, con temas in\u00e9ditos, que est\u00e1n presentando a lo largo de este a\u00f1o con una ambiciosa gira internacional que les est\u00e1 llevando por Am\u00e9rica Latina y las principales ciudades europeas y espa\u00f1olas. Las \u00faltimas entradas se pueden adquirir al precio de 15 euros m\u00e1s 1,5 de gastos de gesti\u00f3n.<\/p>\n<p>El jueves 23 de septiembre la pamplonesa Anne Lukin cerrar\u00e1 el ciclo Noches en Ciudadela, tras aplazarse por la lluvia su concierto previsto para el pasado 18 de junio. Las entradas se venden al precio de 12 euros m\u00e1s 1,5 euros de gastos de gesti\u00f3n. Anne Lukin cantar\u00e1 acompa\u00f1ada de\u00a0<strong>Los Tenampas y presentar\u00e1 tambi\u00e9n los temas de su primer trabajo, \u2018Al d\u00eda siguiente\u2019<\/strong>, editado un a\u00f1o despu\u00e9s de su paso por Operaci\u00f3n Triunfo, talent televisivo que impuls\u00f3 su carrera.<\/p>\n","protected":false},"excerpt":{"rendered":"<p>Contin\u00faan a la venta en www.pamplonaescultura.es las \u00faltimas entradas para los conciertos de Izaro, Stay Homas y Anne Lukin<\/p>\n","protected":false},"author":1,"featured_media":36129,"comment_status":"open","ping_status":"closed","sticky":false,"template":"","format":"standard","meta":{"footnotes":""},"categories":[2],"tags":[],"class_list":["post-36128","post","type-post","status-publish","format-standard","has-post-thumbnail","hentry","category-ayuntamiento-pamplona"],"yoast_head":"<!-- This site is optimized with the Yoast SEO plugin v27.5 - https:\/\/yoast.com\/product\/yoast-seo-wordpress\/ -->\n<title>Amaia Romero act\u00faa este s\u00e1bado en Noches en la Ciudadela, con las entradas agotadas desde el d\u00eda en el que se pusieron a la venta<\/title>\n<meta name=\"description\" content=\"Contin\u00faan a la venta en www.pamplonaescultura.es las \u00faltimas entradas para los conciertos de Izaro, Stay Homas y Anne Lukin\" \/>\n<meta name=\"robots\" content=\"index, follow, max-snippet:-1, max-image-preview:large, max-video-preview:-1\" \/>\n<link rel=\"canonical\" href=\"https:\/\/www.laguiadepamplona.com\/actualidad\/amaia-romero-actua-este-sabado-en-noches-en-la-ciudadela-con-las-entradas-agotadas-desde-el-dia-en-el-que-se-pusieron-a-la-venta\/\" \/>\n<meta property=\"og:locale\" content=\"es_ES\" \/>\n<meta property=\"og:type\" content=\"article\" \/>\n<meta property=\"og:title\" content=\"Amaia Romero act\u00faa este s\u00e1bado en Noches en la Ciudadela, con las entradas agotadas desde el d\u00eda en el que se pusieron a la venta\" \/>\n<meta property=\"og:description\" content=\"Contin\u00faan a la venta en www.pamplonaescultura.es las \u00faltimas entradas para los conciertos de Izaro, Stay Homas y Anne Lukin\" \/>\n<meta property=\"og:url\" content=\"https:\/\/www.laguiadepamplona.com\/actualidad\/amaia-romero-actua-este-sabado-en-noches-en-la-ciudadela-con-las-entradas-agotadas-desde-el-dia-en-el-que-se-pusieron-a-la-venta\/\" \/>\n<meta property=\"og:site_name\" content=\"La Gu\u00eda de Pamplona\" \/>\n<meta property=\"article:publisher\" content=\"https:\/\/www.facebook.com\/laguiadepamplonacom-133175176762273\/?ref=hl\" \/>\n<meta property=\"article:published_time\" content=\"2021-08-05T17:58:20+00:00\" \/>\n<meta property=\"article:modified_time\" content=\"2023-04-11T09:49:09+00:00\" \/>\n<meta property=\"og:image\" content=\"https:\/\/www.laguiadepamplona.com\/actualidad\/wp-content\/uploads\/2021\/08\/noches_ciudadela00009.jpg\" \/>\n\t<meta property=\"og:image:width\" content=\"1500\" \/>\n\t<meta property=\"og:image:height\" content=\"1875\" \/>\n\t<meta property=\"og:image:type\" content=\"image\/jpeg\" \/>\n<meta name=\"author\" content=\"La Gu\u00eda de Pamplona\" \/>\n<meta name=\"twitter:card\" content=\"summary_large_image\" \/>\n<meta name=\"twitter:creator\" content=\"@LaGuiadPamplona\" \/>\n<meta name=\"twitter:site\" content=\"@LaGuiadPamplona\" \/>\n<meta name=\"twitter:label1\" content=\"Escrito por\" \/>\n\t<meta name=\"twitter:data1\" content=\"La Gu\u00eda de Pamplona\" \/>\n\t<meta name=\"twitter:label2\" content=\"Tiempo de lectura\" \/>\n\t<meta name=\"twitter:data2\" content=\"3 minutos\" \/>\n<script type=\"application\/ld+json\" class=\"yoast-schema-graph\">{\"@context\":\"https:\\\/\\\/schema.org\",\"@graph\":[{\"@type\":\"Article\",\"@id\":\"https:\\\/\\\/www.laguiadepamplona.com\\\/actualidad\\\/amaia-romero-actua-este-sabado-en-noches-en-la-ciudadela-con-las-entradas-agotadas-desde-el-dia-en-el-que-se-pusieron-a-la-venta\\\/#article\",\"isPartOf\":{\"@id\":\"https:\\\/\\\/www.laguiadepamplona.com\\\/actualidad\\\/amaia-romero-actua-este-sabado-en-noches-en-la-ciudadela-con-las-entradas-agotadas-desde-el-dia-en-el-que-se-pusieron-a-la-venta\\\/\"},\"author\":{\"name\":\"La Gu\u00eda de Pamplona\",\"@id\":\"https:\\\/\\\/www.laguiadepamplona.com\\\/actualidad\\\/#\\\/schema\\\/person\\\/efe887376f0213d4657c93adc50b1fdb\"},\"headline\":\"Amaia Romero act\u00faa este s\u00e1bado en Noches en la Ciudadela, con las entradas agotadas desde el d\u00eda en el que se pusieron a la venta\",\"datePublished\":\"2021-08-05T17:58:20+00:00\",\"dateModified\":\"2023-04-11T09:49:09+00:00\",\"mainEntityOfPage\":{\"@id\":\"https:\\\/\\\/www.laguiadepamplona.com\\\/actualidad\\\/amaia-romero-actua-este-sabado-en-noches-en-la-ciudadela-con-las-entradas-agotadas-desde-el-dia-en-el-que-se-pusieron-a-la-venta\\\/\"},\"wordCount\":620,\"commentCount\":0,\"publisher\":{\"@id\":\"https:\\\/\\\/www.laguiadepamplona.com\\\/actualidad\\\/#organization\"},\"image\":{\"@id\":\"https:\\\/\\\/www.laguiadepamplona.com\\\/actualidad\\\/amaia-romero-actua-este-sabado-en-noches-en-la-ciudadela-con-las-entradas-agotadas-desde-el-dia-en-el-que-se-pusieron-a-la-venta\\\/#primaryimage\"},\"thumbnailUrl\":\"https:\\\/\\\/www.laguiadepamplona.com\\\/actualidad\\\/wp-content\\\/uploads\\\/2021\\\/08\\\/noches_ciudadela00009.jpg\",\"articleSection\":[\"Ayto Pamplona\"],\"inLanguage\":\"es\",\"potentialAction\":[{\"@type\":\"CommentAction\",\"name\":\"Comment\",\"target\":[\"https:\\\/\\\/www.laguiadepamplona.com\\\/actualidad\\\/amaia-romero-actua-este-sabado-en-noches-en-la-ciudadela-con-las-entradas-agotadas-desde-el-dia-en-el-que-se-pusieron-a-la-venta\\\/#respond\"]}]},{\"@type\":\"WebPage\",\"@id\":\"https:\\\/\\\/www.laguiadepamplona.com\\\/actualidad\\\/amaia-romero-actua-este-sabado-en-noches-en-la-ciudadela-con-las-entradas-agotadas-desde-el-dia-en-el-que-se-pusieron-a-la-venta\\\/\",\"url\":\"https:\\\/\\\/www.laguiadepamplona.com\\\/actualidad\\\/amaia-romero-actua-este-sabado-en-noches-en-la-ciudadela-con-las-entradas-agotadas-desde-el-dia-en-el-que-se-pusieron-a-la-venta\\\/\",\"name\":\"Amaia Romero act\u00faa este s\u00e1bado en Noches en la Ciudadela, con las entradas agotadas desde el d\u00eda en el que se pusieron a la venta\",\"isPartOf\":{\"@id\":\"https:\\\/\\\/www.laguiadepamplona.com\\\/actualidad\\\/#website\"},\"primaryImageOfPage\":{\"@id\":\"https:\\\/\\\/www.laguiadepamplona.com\\\/actualidad\\\/amaia-romero-actua-este-sabado-en-noches-en-la-ciudadela-con-las-entradas-agotadas-desde-el-dia-en-el-que-se-pusieron-a-la-venta\\\/#primaryimage\"},\"image\":{\"@id\":\"https:\\\/\\\/www.laguiadepamplona.com\\\/actualidad\\\/amaia-romero-actua-este-sabado-en-noches-en-la-ciudadela-con-las-entradas-agotadas-desde-el-dia-en-el-que-se-pusieron-a-la-venta\\\/#primaryimage\"},\"thumbnailUrl\":\"https:\\\/\\\/www.laguiadepamplona.com\\\/actualidad\\\/wp-content\\\/uploads\\\/2021\\\/08\\\/noches_ciudadela00009.jpg\",\"datePublished\":\"2021-08-05T17:58:20+00:00\",\"dateModified\":\"2023-04-11T09:49:09+00:00\",\"description\":\"Contin\u00faan a la venta en www.pamplonaescultura.es las \u00faltimas entradas para los conciertos de Izaro, Stay Homas y Anne Lukin\",\"breadcrumb\":{\"@id\":\"https:\\\/\\\/www.laguiadepamplona.com\\\/actualidad\\\/amaia-romero-actua-este-sabado-en-noches-en-la-ciudadela-con-las-entradas-agotadas-desde-el-dia-en-el-que-se-pusieron-a-la-venta\\\/#breadcrumb\"},\"inLanguage\":\"es\",\"potentialAction\":[{\"@type\":\"ReadAction\",\"target\":[\"https:\\\/\\\/www.laguiadepamplona.com\\\/actualidad\\\/amaia-romero-actua-este-sabado-en-noches-en-la-ciudadela-con-las-entradas-agotadas-desde-el-dia-en-el-que-se-pusieron-a-la-venta\\\/\"]}]},{\"@type\":\"ImageObject\",\"inLanguage\":\"es\",\"@id\":\"https:\\\/\\\/www.laguiadepamplona.com\\\/actualidad\\\/amaia-romero-actua-este-sabado-en-noches-en-la-ciudadela-con-las-entradas-agotadas-desde-el-dia-en-el-que-se-pusieron-a-la-venta\\\/#primaryimage\",\"url\":\"https:\\\/\\\/www.laguiadepamplona.com\\\/actualidad\\\/wp-content\\\/uploads\\\/2021\\\/08\\\/noches_ciudadela00009.jpg\",\"contentUrl\":\"https:\\\/\\\/www.laguiadepamplona.com\\\/actualidad\\\/wp-content\\\/uploads\\\/2021\\\/08\\\/noches_ciudadela00009.jpg\",\"width\":1500,\"height\":1875},{\"@type\":\"BreadcrumbList\",\"@id\":\"https:\\\/\\\/www.laguiadepamplona.com\\\/actualidad\\\/amaia-romero-actua-este-sabado-en-noches-en-la-ciudadela-con-las-entradas-agotadas-desde-el-dia-en-el-que-se-pusieron-a-la-venta\\\/#breadcrumb\",\"itemListElement\":[{\"@type\":\"ListItem\",\"position\":1,\"name\":\"Portada\",\"item\":\"https:\\\/\\\/www.laguiadepamplona.com\\\/actualidad\\\/\"},{\"@type\":\"ListItem\",\"position\":2,\"name\":\"Amaia Romero act\u00faa este s\u00e1bado en Noches en la Ciudadela, con las entradas agotadas desde el d\u00eda en el que se pusieron a la venta\"}]},{\"@type\":\"WebSite\",\"@id\":\"https:\\\/\\\/www.laguiadepamplona.com\\\/actualidad\\\/#website\",\"url\":\"https:\\\/\\\/www.laguiadepamplona.com\\\/actualidad\\\/\",\"name\":\"La gu\u00eda de Pamplona\",\"description\":\"Noticias de Pamplona\",\"publisher\":{\"@id\":\"https:\\\/\\\/www.laguiadepamplona.com\\\/actualidad\\\/#organization\"},\"potentialAction\":[{\"@type\":\"SearchAction\",\"target\":{\"@type\":\"EntryPoint\",\"urlTemplate\":\"https:\\\/\\\/www.laguiadepamplona.com\\\/actualidad\\\/?s={search_term_string}\"},\"query-input\":{\"@type\":\"PropertyValueSpecification\",\"valueRequired\":true,\"valueName\":\"search_term_string\"}}],\"inLanguage\":\"es\"},{\"@type\":\"Organization\",\"@id\":\"https:\\\/\\\/www.laguiadepamplona.com\\\/actualidad\\\/#organization\",\"name\":\"La Gu\u00eda de Pamplona \\\/ Noticias\",\"url\":\"https:\\\/\\\/www.laguiadepamplona.com\\\/actualidad\\\/\",\"logo\":{\"@type\":\"ImageObject\",\"inLanguage\":\"es\",\"@id\":\"https:\\\/\\\/www.laguiadepamplona.com\\\/actualidad\\\/#\\\/schema\\\/logo\\\/image\\\/\",\"url\":\"https:\\\/\\\/www.laguiadepamplona.com\\\/actualidad\\\/wp-content\\\/uploads\\\/2018\\\/11\\\/logo-laguiadepamplona18-web1.png\",\"contentUrl\":\"https:\\\/\\\/www.laguiadepamplona.com\\\/actualidad\\\/wp-content\\\/uploads\\\/2018\\\/11\\\/logo-laguiadepamplona18-web1.png\",\"width\":600,\"height\":196,\"caption\":\"La Gu\u00eda de Pamplona \\\/ Noticias\"},\"image\":{\"@id\":\"https:\\\/\\\/www.laguiadepamplona.com\\\/actualidad\\\/#\\\/schema\\\/logo\\\/image\\\/\"},\"sameAs\":[\"https:\\\/\\\/www.facebook.com\\\/laguiadepamplonacom-133175176762273\\\/?ref=hl\",\"https:\\\/\\\/x.com\\\/LaGuiadPamplona\",\"https:\\\/\\\/www.instagram.com\\\/la_guia_de_pamplona\\\/\",\"https:\\\/\\\/www.youtube.com\\\/user\\\/laguiadepamplona\"]},{\"@type\":\"Person\",\"@id\":\"https:\\\/\\\/www.laguiadepamplona.com\\\/actualidad\\\/#\\\/schema\\\/person\\\/efe887376f0213d4657c93adc50b1fdb\",\"name\":\"La Gu\u00eda de Pamplona\",\"image\":{\"@type\":\"ImageObject\",\"inLanguage\":\"es\",\"@id\":\"https:\\\/\\\/secure.gravatar.com\\\/avatar\\\/b6992f131dc8d30ab0dff15446e9d346d9dbd95992de0fef795073f5ea83a81c?s=96&d=mm&r=g\",\"url\":\"https:\\\/\\\/secure.gravatar.com\\\/avatar\\\/b6992f131dc8d30ab0dff15446e9d346d9dbd95992de0fef795073f5ea83a81c?s=96&d=mm&r=g\",\"contentUrl\":\"https:\\\/\\\/secure.gravatar.com\\\/avatar\\\/b6992f131dc8d30ab0dff15446e9d346d9dbd95992de0fef795073f5ea83a81c?s=96&d=mm&r=g\",\"caption\":\"La Gu\u00eda de Pamplona\"}}]}<\/script>\n<!-- \/ Yoast SEO plugin. -->","yoast_head_json":{"title":"Amaia Romero act\u00faa este s\u00e1bado en Noches en la Ciudadela, con las entradas agotadas desde el d\u00eda en el que se pusieron a la venta","description":"Contin\u00faan a la venta en www.pamplonaescultura.es las \u00faltimas entradas para los conciertos de Izaro, Stay Homas y Anne Lukin","robots":{"index":"index","follow":"follow","max-snippet":"max-snippet:-1","max-image-preview":"max-image-preview:large","max-video-preview":"max-video-preview:-1"},"canonical":"https:\/\/www.laguiadepamplona.com\/actualidad\/amaia-romero-actua-este-sabado-en-noches-en-la-ciudadela-con-las-entradas-agotadas-desde-el-dia-en-el-que-se-pusieron-a-la-venta\/","og_locale":"es_ES","og_type":"article","og_title":"Amaia Romero act\u00faa este s\u00e1bado en Noches en la Ciudadela, con las entradas agotadas desde el d\u00eda en el que se pusieron a la venta","og_description":"Contin\u00faan a la venta en www.pamplonaescultura.es las \u00faltimas entradas para los conciertos de Izaro, Stay Homas y Anne Lukin","og_url":"https:\/\/www.laguiadepamplona.com\/actualidad\/amaia-romero-actua-este-sabado-en-noches-en-la-ciudadela-con-las-entradas-agotadas-desde-el-dia-en-el-que-se-pusieron-a-la-venta\/","og_site_name":"La Gu\u00eda de Pamplona","article_publisher":"https:\/\/www.facebook.com\/laguiadepamplonacom-133175176762273\/?ref=hl","article_published_time":"2021-08-05T17:58:20+00:00","article_modified_time":"2023-04-11T09:49:09+00:00","og_image":[{"width":1500,"height":1875,"url":"https:\/\/www.laguiadepamplona.com\/actualidad\/wp-content\/uploads\/2021\/08\/noches_ciudadela00009.jpg","type":"image\/jpeg"}],"author":"La Gu\u00eda de Pamplona","twitter_card":"summary_large_image","twitter_creator":"@LaGuiadPamplona","twitter_site":"@LaGuiadPamplona","twitter_misc":{"Escrito por":"La Gu\u00eda de Pamplona","Tiempo de lectura":"3 minutos"},"schema":{"@context":"https:\/\/schema.org","@graph":[{"@type":"Article","@id":"https:\/\/www.laguiadepamplona.com\/actualidad\/amaia-romero-actua-este-sabado-en-noches-en-la-ciudadela-con-las-entradas-agotadas-desde-el-dia-en-el-que-se-pusieron-a-la-venta\/#article","isPartOf":{"@id":"https:\/\/www.laguiadepamplona.com\/actualidad\/amaia-romero-actua-este-sabado-en-noches-en-la-ciudadela-con-las-entradas-agotadas-desde-el-dia-en-el-que-se-pusieron-a-la-venta\/"},"author":{"name":"La Gu\u00eda de Pamplona","@id":"https:\/\/www.laguiadepamplona.com\/actualidad\/#\/schema\/person\/efe887376f0213d4657c93adc50b1fdb"},"headline":"Amaia Romero act\u00faa este s\u00e1bado en Noches en la Ciudadela, con las entradas agotadas desde el d\u00eda en el que se pusieron a la venta","datePublished":"2021-08-05T17:58:20+00:00","dateModified":"2023-04-11T09:49:09+00:00","mainEntityOfPage":{"@id":"https:\/\/www.laguiadepamplona.com\/actualidad\/amaia-romero-actua-este-sabado-en-noches-en-la-ciudadela-con-las-entradas-agotadas-desde-el-dia-en-el-que-se-pusieron-a-la-venta\/"},"wordCount":620,"commentCount":0,"publisher":{"@id":"https:\/\/www.laguiadepamplona.com\/actualidad\/#organization"},"image":{"@id":"https:\/\/www.laguiadepamplona.com\/actualidad\/amaia-romero-actua-este-sabado-en-noches-en-la-ciudadela-con-las-entradas-agotadas-desde-el-dia-en-el-que-se-pusieron-a-la-venta\/#primaryimage"},"thumbnailUrl":"https:\/\/www.laguiadepamplona.com\/actualidad\/wp-content\/uploads\/2021\/08\/noches_ciudadela00009.jpg","articleSection":["Ayto Pamplona"],"inLanguage":"es","potentialAction":[{"@type":"CommentAction","name":"Comment","target":["https:\/\/www.laguiadepamplona.com\/actualidad\/amaia-romero-actua-este-sabado-en-noches-en-la-ciudadela-con-las-entradas-agotadas-desde-el-dia-en-el-que-se-pusieron-a-la-venta\/#respond"]}]},{"@type":"WebPage","@id":"https:\/\/www.laguiadepamplona.com\/actualidad\/amaia-romero-actua-este-sabado-en-noches-en-la-ciudadela-con-las-entradas-agotadas-desde-el-dia-en-el-que-se-pusieron-a-la-venta\/","url":"https:\/\/www.laguiadepamplona.com\/actualidad\/amaia-romero-actua-este-sabado-en-noches-en-la-ciudadela-con-las-entradas-agotadas-desde-el-dia-en-el-que-se-pusieron-a-la-venta\/","name":"Amaia Romero act\u00faa este s\u00e1bado en Noches en la Ciudadela, con las entradas agotadas desde el d\u00eda en el que se pusieron a la venta","isPartOf":{"@id":"https:\/\/www.laguiadepamplona.com\/actualidad\/#website"},"primaryImageOfPage":{"@id":"https:\/\/www.laguiadepamplona.com\/actualidad\/amaia-romero-actua-este-sabado-en-noches-en-la-ciudadela-con-las-entradas-agotadas-desde-el-dia-en-el-que-se-pusieron-a-la-venta\/#primaryimage"},"image":{"@id":"https:\/\/www.laguiadepamplona.com\/actualidad\/amaia-romero-actua-este-sabado-en-noches-en-la-ciudadela-con-las-entradas-agotadas-desde-el-dia-en-el-que-se-pusieron-a-la-venta\/#primaryimage"},"thumbnailUrl":"https:\/\/www.laguiadepamplona.com\/actualidad\/wp-content\/uploads\/2021\/08\/noches_ciudadela00009.jpg","datePublished":"2021-08-05T17:58:20+00:00","dateModified":"2023-04-11T09:49:09+00:00","description":"Contin\u00faan a la venta en www.pamplonaescultura.es las \u00faltimas entradas para los conciertos de Izaro, Stay Homas y Anne Lukin","breadcrumb":{"@id":"https:\/\/www.laguiadepamplona.com\/actualidad\/amaia-romero-actua-este-sabado-en-noches-en-la-ciudadela-con-las-entradas-agotadas-desde-el-dia-en-el-que-se-pusieron-a-la-venta\/#breadcrumb"},"inLanguage":"es","potentialAction":[{"@type":"ReadAction","target":["https:\/\/www.laguiadepamplona.com\/actualidad\/amaia-romero-actua-este-sabado-en-noches-en-la-ciudadela-con-las-entradas-agotadas-desde-el-dia-en-el-que-se-pusieron-a-la-venta\/"]}]},{"@type":"ImageObject","inLanguage":"es","@id":"https:\/\/www.laguiadepamplona.com\/actualidad\/amaia-romero-actua-este-sabado-en-noches-en-la-ciudadela-con-las-entradas-agotadas-desde-el-dia-en-el-que-se-pusieron-a-la-venta\/#primaryimage","url":"https:\/\/www.laguiadepamplona.com\/actualidad\/wp-content\/uploads\/2021\/08\/noches_ciudadela00009.jpg","contentUrl":"https:\/\/www.laguiadepamplona.com\/actualidad\/wp-content\/uploads\/2021\/08\/noches_ciudadela00009.jpg","width":1500,"height":1875},{"@type":"BreadcrumbList","@id":"https:\/\/www.laguiadepamplona.com\/actualidad\/amaia-romero-actua-este-sabado-en-noches-en-la-ciudadela-con-las-entradas-agotadas-desde-el-dia-en-el-que-se-pusieron-a-la-venta\/#breadcrumb","itemListElement":[{"@type":"ListItem","position":1,"name":"Portada","item":"https:\/\/www.laguiadepamplona.com\/actualidad\/"},{"@type":"ListItem","position":2,"name":"Amaia Romero act\u00faa este s\u00e1bado en Noches en la Ciudadela, con las entradas agotadas desde el d\u00eda en el que se pusieron a la venta"}]},{"@type":"WebSite","@id":"https:\/\/www.laguiadepamplona.com\/actualidad\/#website","url":"https:\/\/www.laguiadepamplona.com\/actualidad\/","name":"La gu\u00eda de Pamplona","description":"Noticias de Pamplona","publisher":{"@id":"https:\/\/www.laguiadepamplona.com\/actualidad\/#organization"},"potentialAction":[{"@type":"SearchAction","target":{"@type":"EntryPoint","urlTemplate":"https:\/\/www.laguiadepamplona.com\/actualidad\/?s={search_term_string}"},"query-input":{"@type":"PropertyValueSpecification","valueRequired":true,"valueName":"search_term_string"}}],"inLanguage":"es"},{"@type":"Organization","@id":"https:\/\/www.laguiadepamplona.com\/actualidad\/#organization","name":"La Gu\u00eda de Pamplona \/ Noticias","url":"https:\/\/www.laguiadepamplona.com\/actualidad\/","logo":{"@type":"ImageObject","inLanguage":"es","@id":"https:\/\/www.laguiadepamplona.com\/actualidad\/#\/schema\/logo\/image\/","url":"https:\/\/www.laguiadepamplona.com\/actualidad\/wp-content\/uploads\/2018\/11\/logo-laguiadepamplona18-web1.png","contentUrl":"https:\/\/www.laguiadepamplona.com\/actualidad\/wp-content\/uploads\/2018\/11\/logo-laguiadepamplona18-web1.png","width":600,"height":196,"caption":"La Gu\u00eda de Pamplona \/ Noticias"},"image":{"@id":"https:\/\/www.laguiadepamplona.com\/actualidad\/#\/schema\/logo\/image\/"},"sameAs":["https:\/\/www.facebook.com\/laguiadepamplonacom-133175176762273\/?ref=hl","https:\/\/x.com\/LaGuiadPamplona","https:\/\/www.instagram.com\/la_guia_de_pamplona\/","https:\/\/www.youtube.com\/user\/laguiadepamplona"]},{"@type":"Person","@id":"https:\/\/www.laguiadepamplona.com\/actualidad\/#\/schema\/person\/efe887376f0213d4657c93adc50b1fdb","name":"La Gu\u00eda de Pamplona","image":{"@type":"ImageObject","inLanguage":"es","@id":"https:\/\/secure.gravatar.com\/avatar\/b6992f131dc8d30ab0dff15446e9d346d9dbd95992de0fef795073f5ea83a81c?s=96&d=mm&r=g","url":"https:\/\/secure.gravatar.com\/avatar\/b6992f131dc8d30ab0dff15446e9d346d9dbd95992de0fef795073f5ea83a81c?s=96&d=mm&r=g","contentUrl":"https:\/\/secure.gravatar.com\/avatar\/b6992f131dc8d30ab0dff15446e9d346d9dbd95992de0fef795073f5ea83a81c?s=96&d=mm&r=g","caption":"La Gu\u00eda de Pamplona"}}]}},"post_mailing_queue_ids":[],"_links":{"self":[{"href":"https:\/\/www.laguiadepamplona.com\/actualidad\/wp-json\/wp\/v2\/posts\/36128","targetHints":{"allow":["GET"]}}],"collection":[{"href":"https:\/\/www.laguiadepamplona.com\/actualidad\/wp-json\/wp\/v2\/posts"}],"about":[{"href":"https:\/\/www.laguiadepamplona.com\/actualidad\/wp-json\/wp\/v2\/types\/post"}],"author":[{"embeddable":true,"href":"https:\/\/www.laguiadepamplona.com\/actualidad\/wp-json\/wp\/v2\/users\/1"}],"replies":[{"embeddable":true,"href":"https:\/\/www.laguiadepamplona.com\/actualidad\/wp-json\/wp\/v2\/comments?post=36128"}],"version-history":[{"count":0,"href":"https:\/\/www.laguiadepamplona.com\/actualidad\/wp-json\/wp\/v2\/posts\/36128\/revisions"}],"wp:featuredmedia":[{"embeddable":true,"href":"https:\/\/www.laguiadepamplona.com\/actualidad\/wp-json\/wp\/v2\/media\/36129"}],"wp:attachment":[{"href":"https:\/\/www.laguiadepamplona.com\/actualidad\/wp-json\/wp\/v2\/media?parent=36128"}],"wp:term":[{"taxonomy":"category","embeddable":true,"href":"https:\/\/www.laguiadepamplona.com\/actualidad\/wp-json\/wp\/v2\/categories?post=36128"},{"taxonomy":"post_tag","embeddable":true,"href":"https:\/\/www.laguiadepamplona.com\/actualidad\/wp-json\/wp\/v2\/tags?post=36128"}],"curies":[{"name":"wp","href":"https:\/\/api.w.org\/{rel}","templated":true}]}}