{"id":36115,"date":"2021-08-05T19:46:05","date_gmt":"2021-08-05T17:46:05","guid":{"rendered":"https:\/\/www.laguiadepamplona.com\/actualidad\/?p=36115"},"modified":"2023-04-11T11:49:09","modified_gmt":"2023-04-11T09:49:09","slug":"el-nuevo-programa-municipal-en-euskera-mihiluze-dirigido-a-menores-de-3-a-11-anos-y-a-sus-familias-continua-en-agosto-en-la-ciudadela-con-doble-propuesta","status":"publish","type":"post","link":"https:\/\/www.laguiadepamplona.com\/actualidad\/el-nuevo-programa-municipal-en-euskera-mihiluze-dirigido-a-menores-de-3-a-11-anos-y-a-sus-familias-continua-en-agosto-en-la-ciudadela-con-doble-propuesta\/","title":{"rendered":"El nuevo programa municipal en euskera \u201cMihiluze\u201d, dirigido a menores de 3 a 11 a\u00f1os y a sus familias, contin\u00faa en agosto en la Ciudadela con doble propuesta"},"content":{"rendered":"<h5>Habr\u00e1 talleres para menores de 3 a 6 a\u00f1os acompa\u00f1ados por una persona adulta y de 7 a 11 a\u00f1os tienen juegos cooperativos en \u201cAliziaren burutazio miresgarriak\u201d<\/h5>\n<p><!--more--><\/p>\n<p>El nuevo programa en euskera \u201cMihiluze\u201d, organizado por el Ayuntamiento de Pamplona, continuar\u00e1 desarroll\u00e1ndose en el mes de agosto en la Ciudadela con una doble propuesta dirigida a menores de 3 a 11 a\u00f1os y a sus familias. Por una parte, seguir\u00e1n los talleres familiares en los jardines junto a la sala de Armas pensados para menores de 3 a 6 a\u00f1os acompa\u00f1ados de una persona adulta. Por otra, se ha organizado una actividad diferente para este mes titulada \u201cAliziaren burutazio miresgarriak\u201d que tendr\u00e1 lugar en la Sala de Armas y que se basa en sesiones de juegos cooperativos. En ella podr\u00e1n participar quienes tengan entre 7 y 11 a\u00f1os.<\/p>\n<p>Las sesiones en agosto de \u201cMihiluze\u201d se llevar\u00e1n a cabo los d\u00edas 10, 11, 12, 17, 18 y 19 de agosto en horario de ma\u00f1ana, de 11 a 12.30 horas. Las inscripciones est\u00e1n ya abiertas a trav\u00e9s del tel\u00e9fono 010 o 948 420 100, con un precio para cada una de ellas de 3 euros. Las plazas son limitadas.<\/p>\n<p><script async src=\"\/\/pagead2.googlesyndication.com\/pagead\/js\/adsbygoogle.js\"><\/script><br \/>\n<!-- Noticias La Guia de Pamplona --><br \/>\n<ins class=\"adsbygoogle\"\nstyle=\"display:block\"\ndata-ad-client=\"ca-pub-6943679897239327\"\ndata-ad-slot=\"7048180777\"\ndata-ad-format=\"auto\"><\/ins><br \/>\n<script>\n(adsbygoogle = window.adsbygoogle || []).push({});\n<\/script><\/p>\n<p><strong>Inscripciones por d\u00eda y mientas haya plazas libres<\/strong><\/p>\n<p>La inscripci\u00f3n se realiza por d\u00eda y permanecer\u00e1 abierta hasta la v\u00edspera de la actividad o hasta que se acabe las plazas. Cada participante puede inscribirse tantos d\u00edas como quiere. En el caso de los talleres infantiles cabe la posibilidad de inscribirse dos personas adultas por hijo o hija o una persona adulta con uno o m\u00e1s menores.<\/p>\n<p>M\u00e1s de 100 personas tomaron parte en las actividades del ciclo durante el mes de julio. Con esta iniciativa, el Consistorio pamplon\u00e9s quiere hacer una propuesta para jugar y disfrutar en euskera durante este verano.<\/p>\n<p><script async src=\"\/\/pagead2.googlesyndication.com\/pagead\/js\/adsbygoogle.js\"><\/script><br \/>\n<!-- Noticias La Guia de Pamplona --><br \/>\n<ins class=\"adsbygoogle\"\nstyle=\"display:block\"\ndata-ad-client=\"ca-pub-6943679897239327\"\ndata-ad-slot=\"7048180777\"\ndata-ad-format=\"auto\"><\/ins><br \/>\n<script>\n(adsbygoogle = window.adsbygoogle || []).push({});\n<\/script><\/p>\n<p><strong>Propuestas con juegos cooperativos, canciones, humor y pasatiempos ling\u00fc\u00edsticos<\/strong><\/p>\n<p>Los talleres familiares propondr\u00e1n recursos y actividades como juegos, cuentos, adivinanzas o canciones para que padres, madres, ni\u00f1as y ni\u00f1os puedan jugar en euskera. Cada sesi\u00f3n oferta 25 plazas.<\/p>\n<p>\u201cAliziaren burutazio miresgarriak\u201d es una propuesta l\u00fadica que combina la peculiar concepci\u00f3n del humor, los juegos de palabras, la aventura y la fantas\u00eda planteada por Lewis Carroll en su libro \u201cAlicia en el pa\u00eds de las maravillas\u201d y las escenifica en diferentes rincones de la Sala de Armas. La actividad trata espec\u00edficamente el humor ling\u00fc\u00edstico y la reflexi\u00f3n sobre las normas que hay establecidas en la sociedad.<\/p>\n","protected":false},"excerpt":{"rendered":"<p>Habr\u00e1 talleres para menores de 3 a 6 a\u00f1os acompa\u00f1ados por una persona adulta y de 7 a 11 a\u00f1os tienen juegos cooperativos en \u201cAliziaren burutazio miresgarriak\u201d<\/p>\n","protected":false},"author":1,"featured_media":36116,"comment_status":"open","ping_status":"closed","sticky":false,"template":"","format":"standard","meta":{"footnotes":""},"categories":[2],"tags":[],"class_list":["post-36115","post","type-post","status-publish","format-standard","has-post-thumbnail","hentry","category-ayuntamiento-pamplona"],"yoast_head":"<!-- This site is optimized with the Yoast SEO plugin v27.5 - https:\/\/yoast.com\/product\/yoast-seo-wordpress\/ -->\n<title>El nuevo programa municipal en euskera \u201cMihiluze\u201d, dirigido a menores de 3 a 11 a\u00f1os y a sus familias, contin\u00faa en agosto en la Ciudadela con doble propuesta<\/title>\n<meta name=\"robots\" content=\"index, follow, max-snippet:-1, max-image-preview:large, max-video-preview:-1\" \/>\n<link rel=\"canonical\" href=\"https:\/\/www.laguiadepamplona.com\/actualidad\/el-nuevo-programa-municipal-en-euskera-mihiluze-dirigido-a-menores-de-3-a-11-anos-y-a-sus-familias-continua-en-agosto-en-la-ciudadela-con-doble-propuesta\/\" \/>\n<meta property=\"og:locale\" content=\"es_ES\" \/>\n<meta property=\"og:type\" content=\"article\" \/>\n<meta property=\"og:title\" content=\"El nuevo programa municipal en euskera \u201cMihiluze\u201d, dirigido a menores de 3 a 11 a\u00f1os y a sus familias, contin\u00faa en agosto en la Ciudadela con doble propuesta\" \/>\n<meta property=\"og:description\" content=\"Habr\u00e1 talleres para menores de 3 a 6 a\u00f1os acompa\u00f1ados por una persona adulta y de 7 a 11 a\u00f1os tienen juegos cooperativos en \u201cAliziaren burutazio miresgarriak\u201d\" \/>\n<meta property=\"og:url\" content=\"https:\/\/www.laguiadepamplona.com\/actualidad\/el-nuevo-programa-municipal-en-euskera-mihiluze-dirigido-a-menores-de-3-a-11-anos-y-a-sus-familias-continua-en-agosto-en-la-ciudadela-con-doble-propuesta\/\" \/>\n<meta property=\"og:site_name\" content=\"La Gu\u00eda de Pamplona\" \/>\n<meta property=\"article:publisher\" content=\"https:\/\/www.facebook.com\/laguiadepamplonacom-133175176762273\/?ref=hl\" \/>\n<meta property=\"article:published_time\" content=\"2021-08-05T17:46:05+00:00\" \/>\n<meta property=\"article:modified_time\" content=\"2023-04-11T09:49:09+00:00\" \/>\n<meta property=\"og:image\" content=\"https:\/\/www.laguiadepamplona.com\/actualidad\/wp-content\/uploads\/2021\/08\/mihiluze.jpg\" \/>\n\t<meta property=\"og:image:width\" content=\"1920\" \/>\n\t<meta property=\"og:image:height\" content=\"1085\" \/>\n\t<meta property=\"og:image:type\" content=\"image\/jpeg\" \/>\n<meta name=\"author\" content=\"La Gu\u00eda de Pamplona\" \/>\n<meta name=\"twitter:card\" content=\"summary_large_image\" \/>\n<meta name=\"twitter:creator\" content=\"@LaGuiadPamplona\" \/>\n<meta name=\"twitter:site\" content=\"@LaGuiadPamplona\" \/>\n<meta name=\"twitter:label1\" content=\"Escrito por\" \/>\n\t<meta name=\"twitter:data1\" content=\"La Gu\u00eda de Pamplona\" \/>\n\t<meta name=\"twitter:label2\" content=\"Tiempo de lectura\" \/>\n\t<meta name=\"twitter:data2\" content=\"2 minutos\" \/>\n<script type=\"application\/ld+json\" class=\"yoast-schema-graph\">{\"@context\":\"https:\\\/\\\/schema.org\",\"@graph\":[{\"@type\":\"Article\",\"@id\":\"https:\\\/\\\/www.laguiadepamplona.com\\\/actualidad\\\/el-nuevo-programa-municipal-en-euskera-mihiluze-dirigido-a-menores-de-3-a-11-anos-y-a-sus-familias-continua-en-agosto-en-la-ciudadela-con-doble-propuesta\\\/#article\",\"isPartOf\":{\"@id\":\"https:\\\/\\\/www.laguiadepamplona.com\\\/actualidad\\\/el-nuevo-programa-municipal-en-euskera-mihiluze-dirigido-a-menores-de-3-a-11-anos-y-a-sus-familias-continua-en-agosto-en-la-ciudadela-con-doble-propuesta\\\/\"},\"author\":{\"name\":\"La Gu\u00eda de Pamplona\",\"@id\":\"https:\\\/\\\/www.laguiadepamplona.com\\\/actualidad\\\/#\\\/schema\\\/person\\\/efe887376f0213d4657c93adc50b1fdb\"},\"headline\":\"El nuevo programa municipal en euskera \u201cMihiluze\u201d, dirigido a menores de 3 a 11 a\u00f1os y a sus familias, contin\u00faa en agosto en la Ciudadela con doble propuesta\",\"datePublished\":\"2021-08-05T17:46:05+00:00\",\"dateModified\":\"2023-04-11T09:49:09+00:00\",\"mainEntityOfPage\":{\"@id\":\"https:\\\/\\\/www.laguiadepamplona.com\\\/actualidad\\\/el-nuevo-programa-municipal-en-euskera-mihiluze-dirigido-a-menores-de-3-a-11-anos-y-a-sus-familias-continua-en-agosto-en-la-ciudadela-con-doble-propuesta\\\/\"},\"wordCount\":441,\"commentCount\":0,\"publisher\":{\"@id\":\"https:\\\/\\\/www.laguiadepamplona.com\\\/actualidad\\\/#organization\"},\"image\":{\"@id\":\"https:\\\/\\\/www.laguiadepamplona.com\\\/actualidad\\\/el-nuevo-programa-municipal-en-euskera-mihiluze-dirigido-a-menores-de-3-a-11-anos-y-a-sus-familias-continua-en-agosto-en-la-ciudadela-con-doble-propuesta\\\/#primaryimage\"},\"thumbnailUrl\":\"https:\\\/\\\/www.laguiadepamplona.com\\\/actualidad\\\/wp-content\\\/uploads\\\/2021\\\/08\\\/mihiluze.jpg\",\"articleSection\":[\"Ayto Pamplona\"],\"inLanguage\":\"es\",\"potentialAction\":[{\"@type\":\"CommentAction\",\"name\":\"Comment\",\"target\":[\"https:\\\/\\\/www.laguiadepamplona.com\\\/actualidad\\\/el-nuevo-programa-municipal-en-euskera-mihiluze-dirigido-a-menores-de-3-a-11-anos-y-a-sus-familias-continua-en-agosto-en-la-ciudadela-con-doble-propuesta\\\/#respond\"]}]},{\"@type\":\"WebPage\",\"@id\":\"https:\\\/\\\/www.laguiadepamplona.com\\\/actualidad\\\/el-nuevo-programa-municipal-en-euskera-mihiluze-dirigido-a-menores-de-3-a-11-anos-y-a-sus-familias-continua-en-agosto-en-la-ciudadela-con-doble-propuesta\\\/\",\"url\":\"https:\\\/\\\/www.laguiadepamplona.com\\\/actualidad\\\/el-nuevo-programa-municipal-en-euskera-mihiluze-dirigido-a-menores-de-3-a-11-anos-y-a-sus-familias-continua-en-agosto-en-la-ciudadela-con-doble-propuesta\\\/\",\"name\":\"El nuevo programa municipal en euskera \u201cMihiluze\u201d, dirigido a menores de 3 a 11 a\u00f1os y a sus familias, contin\u00faa en agosto en la Ciudadela con doble propuesta\",\"isPartOf\":{\"@id\":\"https:\\\/\\\/www.laguiadepamplona.com\\\/actualidad\\\/#website\"},\"primaryImageOfPage\":{\"@id\":\"https:\\\/\\\/www.laguiadepamplona.com\\\/actualidad\\\/el-nuevo-programa-municipal-en-euskera-mihiluze-dirigido-a-menores-de-3-a-11-anos-y-a-sus-familias-continua-en-agosto-en-la-ciudadela-con-doble-propuesta\\\/#primaryimage\"},\"image\":{\"@id\":\"https:\\\/\\\/www.laguiadepamplona.com\\\/actualidad\\\/el-nuevo-programa-municipal-en-euskera-mihiluze-dirigido-a-menores-de-3-a-11-anos-y-a-sus-familias-continua-en-agosto-en-la-ciudadela-con-doble-propuesta\\\/#primaryimage\"},\"thumbnailUrl\":\"https:\\\/\\\/www.laguiadepamplona.com\\\/actualidad\\\/wp-content\\\/uploads\\\/2021\\\/08\\\/mihiluze.jpg\",\"datePublished\":\"2021-08-05T17:46:05+00:00\",\"dateModified\":\"2023-04-11T09:49:09+00:00\",\"breadcrumb\":{\"@id\":\"https:\\\/\\\/www.laguiadepamplona.com\\\/actualidad\\\/el-nuevo-programa-municipal-en-euskera-mihiluze-dirigido-a-menores-de-3-a-11-anos-y-a-sus-familias-continua-en-agosto-en-la-ciudadela-con-doble-propuesta\\\/#breadcrumb\"},\"inLanguage\":\"es\",\"potentialAction\":[{\"@type\":\"ReadAction\",\"target\":[\"https:\\\/\\\/www.laguiadepamplona.com\\\/actualidad\\\/el-nuevo-programa-municipal-en-euskera-mihiluze-dirigido-a-menores-de-3-a-11-anos-y-a-sus-familias-continua-en-agosto-en-la-ciudadela-con-doble-propuesta\\\/\"]}]},{\"@type\":\"ImageObject\",\"inLanguage\":\"es\",\"@id\":\"https:\\\/\\\/www.laguiadepamplona.com\\\/actualidad\\\/el-nuevo-programa-municipal-en-euskera-mihiluze-dirigido-a-menores-de-3-a-11-anos-y-a-sus-familias-continua-en-agosto-en-la-ciudadela-con-doble-propuesta\\\/#primaryimage\",\"url\":\"https:\\\/\\\/www.laguiadepamplona.com\\\/actualidad\\\/wp-content\\\/uploads\\\/2021\\\/08\\\/mihiluze.jpg\",\"contentUrl\":\"https:\\\/\\\/www.laguiadepamplona.com\\\/actualidad\\\/wp-content\\\/uploads\\\/2021\\\/08\\\/mihiluze.jpg\",\"width\":1920,\"height\":1085},{\"@type\":\"BreadcrumbList\",\"@id\":\"https:\\\/\\\/www.laguiadepamplona.com\\\/actualidad\\\/el-nuevo-programa-municipal-en-euskera-mihiluze-dirigido-a-menores-de-3-a-11-anos-y-a-sus-familias-continua-en-agosto-en-la-ciudadela-con-doble-propuesta\\\/#breadcrumb\",\"itemListElement\":[{\"@type\":\"ListItem\",\"position\":1,\"name\":\"Portada\",\"item\":\"https:\\\/\\\/www.laguiadepamplona.com\\\/actualidad\\\/\"},{\"@type\":\"ListItem\",\"position\":2,\"name\":\"El nuevo programa municipal en euskera \u201cMihiluze\u201d, dirigido a menores de 3 a 11 a\u00f1os y a sus familias, contin\u00faa en agosto en la Ciudadela con doble propuesta\"}]},{\"@type\":\"WebSite\",\"@id\":\"https:\\\/\\\/www.laguiadepamplona.com\\\/actualidad\\\/#website\",\"url\":\"https:\\\/\\\/www.laguiadepamplona.com\\\/actualidad\\\/\",\"name\":\"La gu\u00eda de Pamplona\",\"description\":\"Noticias de Pamplona\",\"publisher\":{\"@id\":\"https:\\\/\\\/www.laguiadepamplona.com\\\/actualidad\\\/#organization\"},\"potentialAction\":[{\"@type\":\"SearchAction\",\"target\":{\"@type\":\"EntryPoint\",\"urlTemplate\":\"https:\\\/\\\/www.laguiadepamplona.com\\\/actualidad\\\/?s={search_term_string}\"},\"query-input\":{\"@type\":\"PropertyValueSpecification\",\"valueRequired\":true,\"valueName\":\"search_term_string\"}}],\"inLanguage\":\"es\"},{\"@type\":\"Organization\",\"@id\":\"https:\\\/\\\/www.laguiadepamplona.com\\\/actualidad\\\/#organization\",\"name\":\"La Gu\u00eda de Pamplona \\\/ Noticias\",\"url\":\"https:\\\/\\\/www.laguiadepamplona.com\\\/actualidad\\\/\",\"logo\":{\"@type\":\"ImageObject\",\"inLanguage\":\"es\",\"@id\":\"https:\\\/\\\/www.laguiadepamplona.com\\\/actualidad\\\/#\\\/schema\\\/logo\\\/image\\\/\",\"url\":\"https:\\\/\\\/www.laguiadepamplona.com\\\/actualidad\\\/wp-content\\\/uploads\\\/2018\\\/11\\\/logo-laguiadepamplona18-web1.png\",\"contentUrl\":\"https:\\\/\\\/www.laguiadepamplona.com\\\/actualidad\\\/wp-content\\\/uploads\\\/2018\\\/11\\\/logo-laguiadepamplona18-web1.png\",\"width\":600,\"height\":196,\"caption\":\"La Gu\u00eda de Pamplona \\\/ Noticias\"},\"image\":{\"@id\":\"https:\\\/\\\/www.laguiadepamplona.com\\\/actualidad\\\/#\\\/schema\\\/logo\\\/image\\\/\"},\"sameAs\":[\"https:\\\/\\\/www.facebook.com\\\/laguiadepamplonacom-133175176762273\\\/?ref=hl\",\"https:\\\/\\\/x.com\\\/LaGuiadPamplona\",\"https:\\\/\\\/www.instagram.com\\\/la_guia_de_pamplona\\\/\",\"https:\\\/\\\/www.youtube.com\\\/user\\\/laguiadepamplona\"]},{\"@type\":\"Person\",\"@id\":\"https:\\\/\\\/www.laguiadepamplona.com\\\/actualidad\\\/#\\\/schema\\\/person\\\/efe887376f0213d4657c93adc50b1fdb\",\"name\":\"La Gu\u00eda de Pamplona\",\"image\":{\"@type\":\"ImageObject\",\"inLanguage\":\"es\",\"@id\":\"https:\\\/\\\/secure.gravatar.com\\\/avatar\\\/b6992f131dc8d30ab0dff15446e9d346d9dbd95992de0fef795073f5ea83a81c?s=96&d=mm&r=g\",\"url\":\"https:\\\/\\\/secure.gravatar.com\\\/avatar\\\/b6992f131dc8d30ab0dff15446e9d346d9dbd95992de0fef795073f5ea83a81c?s=96&d=mm&r=g\",\"contentUrl\":\"https:\\\/\\\/secure.gravatar.com\\\/avatar\\\/b6992f131dc8d30ab0dff15446e9d346d9dbd95992de0fef795073f5ea83a81c?s=96&d=mm&r=g\",\"caption\":\"La Gu\u00eda de Pamplona\"}}]}<\/script>\n<!-- \/ Yoast SEO plugin. -->","yoast_head_json":{"title":"El nuevo programa municipal en euskera \u201cMihiluze\u201d, dirigido a menores de 3 a 11 a\u00f1os y a sus familias, contin\u00faa en agosto en la Ciudadela con doble propuesta","robots":{"index":"index","follow":"follow","max-snippet":"max-snippet:-1","max-image-preview":"max-image-preview:large","max-video-preview":"max-video-preview:-1"},"canonical":"https:\/\/www.laguiadepamplona.com\/actualidad\/el-nuevo-programa-municipal-en-euskera-mihiluze-dirigido-a-menores-de-3-a-11-anos-y-a-sus-familias-continua-en-agosto-en-la-ciudadela-con-doble-propuesta\/","og_locale":"es_ES","og_type":"article","og_title":"El nuevo programa municipal en euskera \u201cMihiluze\u201d, dirigido a menores de 3 a 11 a\u00f1os y a sus familias, contin\u00faa en agosto en la Ciudadela con doble propuesta","og_description":"Habr\u00e1 talleres para menores de 3 a 6 a\u00f1os acompa\u00f1ados por una persona adulta y de 7 a 11 a\u00f1os tienen juegos cooperativos en \u201cAliziaren burutazio miresgarriak\u201d","og_url":"https:\/\/www.laguiadepamplona.com\/actualidad\/el-nuevo-programa-municipal-en-euskera-mihiluze-dirigido-a-menores-de-3-a-11-anos-y-a-sus-familias-continua-en-agosto-en-la-ciudadela-con-doble-propuesta\/","og_site_name":"La Gu\u00eda de Pamplona","article_publisher":"https:\/\/www.facebook.com\/laguiadepamplonacom-133175176762273\/?ref=hl","article_published_time":"2021-08-05T17:46:05+00:00","article_modified_time":"2023-04-11T09:49:09+00:00","og_image":[{"width":1920,"height":1085,"url":"https:\/\/www.laguiadepamplona.com\/actualidad\/wp-content\/uploads\/2021\/08\/mihiluze.jpg","type":"image\/jpeg"}],"author":"La Gu\u00eda de Pamplona","twitter_card":"summary_large_image","twitter_creator":"@LaGuiadPamplona","twitter_site":"@LaGuiadPamplona","twitter_misc":{"Escrito por":"La Gu\u00eda de Pamplona","Tiempo de lectura":"2 minutos"},"schema":{"@context":"https:\/\/schema.org","@graph":[{"@type":"Article","@id":"https:\/\/www.laguiadepamplona.com\/actualidad\/el-nuevo-programa-municipal-en-euskera-mihiluze-dirigido-a-menores-de-3-a-11-anos-y-a-sus-familias-continua-en-agosto-en-la-ciudadela-con-doble-propuesta\/#article","isPartOf":{"@id":"https:\/\/www.laguiadepamplona.com\/actualidad\/el-nuevo-programa-municipal-en-euskera-mihiluze-dirigido-a-menores-de-3-a-11-anos-y-a-sus-familias-continua-en-agosto-en-la-ciudadela-con-doble-propuesta\/"},"author":{"name":"La Gu\u00eda de Pamplona","@id":"https:\/\/www.laguiadepamplona.com\/actualidad\/#\/schema\/person\/efe887376f0213d4657c93adc50b1fdb"},"headline":"El nuevo programa municipal en euskera \u201cMihiluze\u201d, dirigido a menores de 3 a 11 a\u00f1os y a sus familias, contin\u00faa en agosto en la Ciudadela con doble propuesta","datePublished":"2021-08-05T17:46:05+00:00","dateModified":"2023-04-11T09:49:09+00:00","mainEntityOfPage":{"@id":"https:\/\/www.laguiadepamplona.com\/actualidad\/el-nuevo-programa-municipal-en-euskera-mihiluze-dirigido-a-menores-de-3-a-11-anos-y-a-sus-familias-continua-en-agosto-en-la-ciudadela-con-doble-propuesta\/"},"wordCount":441,"commentCount":0,"publisher":{"@id":"https:\/\/www.laguiadepamplona.com\/actualidad\/#organization"},"image":{"@id":"https:\/\/www.laguiadepamplona.com\/actualidad\/el-nuevo-programa-municipal-en-euskera-mihiluze-dirigido-a-menores-de-3-a-11-anos-y-a-sus-familias-continua-en-agosto-en-la-ciudadela-con-doble-propuesta\/#primaryimage"},"thumbnailUrl":"https:\/\/www.laguiadepamplona.com\/actualidad\/wp-content\/uploads\/2021\/08\/mihiluze.jpg","articleSection":["Ayto Pamplona"],"inLanguage":"es","potentialAction":[{"@type":"CommentAction","name":"Comment","target":["https:\/\/www.laguiadepamplona.com\/actualidad\/el-nuevo-programa-municipal-en-euskera-mihiluze-dirigido-a-menores-de-3-a-11-anos-y-a-sus-familias-continua-en-agosto-en-la-ciudadela-con-doble-propuesta\/#respond"]}]},{"@type":"WebPage","@id":"https:\/\/www.laguiadepamplona.com\/actualidad\/el-nuevo-programa-municipal-en-euskera-mihiluze-dirigido-a-menores-de-3-a-11-anos-y-a-sus-familias-continua-en-agosto-en-la-ciudadela-con-doble-propuesta\/","url":"https:\/\/www.laguiadepamplona.com\/actualidad\/el-nuevo-programa-municipal-en-euskera-mihiluze-dirigido-a-menores-de-3-a-11-anos-y-a-sus-familias-continua-en-agosto-en-la-ciudadela-con-doble-propuesta\/","name":"El nuevo programa municipal en euskera \u201cMihiluze\u201d, dirigido a menores de 3 a 11 a\u00f1os y a sus familias, contin\u00faa en agosto en la Ciudadela con doble propuesta","isPartOf":{"@id":"https:\/\/www.laguiadepamplona.com\/actualidad\/#website"},"primaryImageOfPage":{"@id":"https:\/\/www.laguiadepamplona.com\/actualidad\/el-nuevo-programa-municipal-en-euskera-mihiluze-dirigido-a-menores-de-3-a-11-anos-y-a-sus-familias-continua-en-agosto-en-la-ciudadela-con-doble-propuesta\/#primaryimage"},"image":{"@id":"https:\/\/www.laguiadepamplona.com\/actualidad\/el-nuevo-programa-municipal-en-euskera-mihiluze-dirigido-a-menores-de-3-a-11-anos-y-a-sus-familias-continua-en-agosto-en-la-ciudadela-con-doble-propuesta\/#primaryimage"},"thumbnailUrl":"https:\/\/www.laguiadepamplona.com\/actualidad\/wp-content\/uploads\/2021\/08\/mihiluze.jpg","datePublished":"2021-08-05T17:46:05+00:00","dateModified":"2023-04-11T09:49:09+00:00","breadcrumb":{"@id":"https:\/\/www.laguiadepamplona.com\/actualidad\/el-nuevo-programa-municipal-en-euskera-mihiluze-dirigido-a-menores-de-3-a-11-anos-y-a-sus-familias-continua-en-agosto-en-la-ciudadela-con-doble-propuesta\/#breadcrumb"},"inLanguage":"es","potentialAction":[{"@type":"ReadAction","target":["https:\/\/www.laguiadepamplona.com\/actualidad\/el-nuevo-programa-municipal-en-euskera-mihiluze-dirigido-a-menores-de-3-a-11-anos-y-a-sus-familias-continua-en-agosto-en-la-ciudadela-con-doble-propuesta\/"]}]},{"@type":"ImageObject","inLanguage":"es","@id":"https:\/\/www.laguiadepamplona.com\/actualidad\/el-nuevo-programa-municipal-en-euskera-mihiluze-dirigido-a-menores-de-3-a-11-anos-y-a-sus-familias-continua-en-agosto-en-la-ciudadela-con-doble-propuesta\/#primaryimage","url":"https:\/\/www.laguiadepamplona.com\/actualidad\/wp-content\/uploads\/2021\/08\/mihiluze.jpg","contentUrl":"https:\/\/www.laguiadepamplona.com\/actualidad\/wp-content\/uploads\/2021\/08\/mihiluze.jpg","width":1920,"height":1085},{"@type":"BreadcrumbList","@id":"https:\/\/www.laguiadepamplona.com\/actualidad\/el-nuevo-programa-municipal-en-euskera-mihiluze-dirigido-a-menores-de-3-a-11-anos-y-a-sus-familias-continua-en-agosto-en-la-ciudadela-con-doble-propuesta\/#breadcrumb","itemListElement":[{"@type":"ListItem","position":1,"name":"Portada","item":"https:\/\/www.laguiadepamplona.com\/actualidad\/"},{"@type":"ListItem","position":2,"name":"El nuevo programa municipal en euskera \u201cMihiluze\u201d, dirigido a menores de 3 a 11 a\u00f1os y a sus familias, contin\u00faa en agosto en la Ciudadela con doble propuesta"}]},{"@type":"WebSite","@id":"https:\/\/www.laguiadepamplona.com\/actualidad\/#website","url":"https:\/\/www.laguiadepamplona.com\/actualidad\/","name":"La gu\u00eda de Pamplona","description":"Noticias de Pamplona","publisher":{"@id":"https:\/\/www.laguiadepamplona.com\/actualidad\/#organization"},"potentialAction":[{"@type":"SearchAction","target":{"@type":"EntryPoint","urlTemplate":"https:\/\/www.laguiadepamplona.com\/actualidad\/?s={search_term_string}"},"query-input":{"@type":"PropertyValueSpecification","valueRequired":true,"valueName":"search_term_string"}}],"inLanguage":"es"},{"@type":"Organization","@id":"https:\/\/www.laguiadepamplona.com\/actualidad\/#organization","name":"La Gu\u00eda de Pamplona \/ Noticias","url":"https:\/\/www.laguiadepamplona.com\/actualidad\/","logo":{"@type":"ImageObject","inLanguage":"es","@id":"https:\/\/www.laguiadepamplona.com\/actualidad\/#\/schema\/logo\/image\/","url":"https:\/\/www.laguiadepamplona.com\/actualidad\/wp-content\/uploads\/2018\/11\/logo-laguiadepamplona18-web1.png","contentUrl":"https:\/\/www.laguiadepamplona.com\/actualidad\/wp-content\/uploads\/2018\/11\/logo-laguiadepamplona18-web1.png","width":600,"height":196,"caption":"La Gu\u00eda de Pamplona \/ Noticias"},"image":{"@id":"https:\/\/www.laguiadepamplona.com\/actualidad\/#\/schema\/logo\/image\/"},"sameAs":["https:\/\/www.facebook.com\/laguiadepamplonacom-133175176762273\/?ref=hl","https:\/\/x.com\/LaGuiadPamplona","https:\/\/www.instagram.com\/la_guia_de_pamplona\/","https:\/\/www.youtube.com\/user\/laguiadepamplona"]},{"@type":"Person","@id":"https:\/\/www.laguiadepamplona.com\/actualidad\/#\/schema\/person\/efe887376f0213d4657c93adc50b1fdb","name":"La Gu\u00eda de Pamplona","image":{"@type":"ImageObject","inLanguage":"es","@id":"https:\/\/secure.gravatar.com\/avatar\/b6992f131dc8d30ab0dff15446e9d346d9dbd95992de0fef795073f5ea83a81c?s=96&d=mm&r=g","url":"https:\/\/secure.gravatar.com\/avatar\/b6992f131dc8d30ab0dff15446e9d346d9dbd95992de0fef795073f5ea83a81c?s=96&d=mm&r=g","contentUrl":"https:\/\/secure.gravatar.com\/avatar\/b6992f131dc8d30ab0dff15446e9d346d9dbd95992de0fef795073f5ea83a81c?s=96&d=mm&r=g","caption":"La Gu\u00eda de Pamplona"}}]}},"post_mailing_queue_ids":[],"_links":{"self":[{"href":"https:\/\/www.laguiadepamplona.com\/actualidad\/wp-json\/wp\/v2\/posts\/36115","targetHints":{"allow":["GET"]}}],"collection":[{"href":"https:\/\/www.laguiadepamplona.com\/actualidad\/wp-json\/wp\/v2\/posts"}],"about":[{"href":"https:\/\/www.laguiadepamplona.com\/actualidad\/wp-json\/wp\/v2\/types\/post"}],"author":[{"embeddable":true,"href":"https:\/\/www.laguiadepamplona.com\/actualidad\/wp-json\/wp\/v2\/users\/1"}],"replies":[{"embeddable":true,"href":"https:\/\/www.laguiadepamplona.com\/actualidad\/wp-json\/wp\/v2\/comments?post=36115"}],"version-history":[{"count":0,"href":"https:\/\/www.laguiadepamplona.com\/actualidad\/wp-json\/wp\/v2\/posts\/36115\/revisions"}],"wp:featuredmedia":[{"embeddable":true,"href":"https:\/\/www.laguiadepamplona.com\/actualidad\/wp-json\/wp\/v2\/media\/36116"}],"wp:attachment":[{"href":"https:\/\/www.laguiadepamplona.com\/actualidad\/wp-json\/wp\/v2\/media?parent=36115"}],"wp:term":[{"taxonomy":"category","embeddable":true,"href":"https:\/\/www.laguiadepamplona.com\/actualidad\/wp-json\/wp\/v2\/categories?post=36115"},{"taxonomy":"post_tag","embeddable":true,"href":"https:\/\/www.laguiadepamplona.com\/actualidad\/wp-json\/wp\/v2\/tags?post=36115"}],"curies":[{"name":"wp","href":"https:\/\/api.w.org\/{rel}","templated":true}]}}