{"id":36112,"date":"2021-08-06T19:30:48","date_gmt":"2021-08-06T17:30:48","guid":{"rendered":"https:\/\/www.laguiadepamplona.com\/actualidad\/?p=36112"},"modified":"2023-04-11T11:49:08","modified_gmt":"2023-04-11T09:49:08","slug":"el-ayuntamiento-de-pamplona-realojo-ayer-a-34-personas-que-se-encontraban-en-el-edificio-incendiado-de-la-calle-hilarion-eslava","status":"publish","type":"post","link":"https:\/\/www.laguiadepamplona.com\/actualidad\/el-ayuntamiento-de-pamplona-realojo-ayer-a-34-personas-que-se-encontraban-en-el-edificio-incendiado-de-la-calle-hilarion-eslava\/","title":{"rendered":"El Ayuntamiento de Pamplona realoj\u00f3 ayer a 34 personas que se encontraban en el edificio incendiado de la calle Hilari\u00f3n Eslava"},"content":{"rendered":"<h5>De las 34 personas, 30 han estado relacionadas con los servicios sociales municipales y 14 de ellas ten\u00edan sufragado el alojamiento por el Ayuntamiento<\/h5>\n<p><!--more--><\/p>\n<p>El Ayuntamiento de Pamplona realoj\u00f3 ayer a 34 personas que se encontraban pernoctando en el edificio incendiado de la calle Hilari\u00f3n Eslava. De las 34, 30 han estado relacionadas con los Servicios Sociales municipales y 14 de ellas ten\u00edan sufragado el alojamiento por el Consistorio pamplon\u00e9s. El \u00e1rea de Seguridad Ciudadana, a trav\u00e9s de la Unidad de Protecci\u00f3n y Acci\u00f3n Social (UPAS), en coordinaci\u00f3n con el \u00e1rea de Servicios Sociales, Acci\u00f3n Comunitaria y Deporte se encarg\u00f3 de la gesti\u00f3n de los alojamientos a los que Polic\u00eda Municipal traslad\u00f3 las personas afectadas.<\/p>\n<p>El incendio se produjo este jueves por la tarde en la Pensi\u00f3n Eslava situada en el n\u00famero 13. El inmueble tuvo graves da\u00f1os, sobre todo en las plantas segunda y tercera. En el fuego falleci\u00f3 una persona y otras 6 fueron atendidas por inhalaci\u00f3n de humo. Polic\u00eda Municipal se est\u00e1 encargando de la investigaci\u00f3n de las causas del siniestro y de conocer la identidad de la persona fallecida. El alcalde de Pamplona, Enrique Maya, visit\u00f3 ayer el lugar del incendio.<\/p>\n<p><script async src=\"\/\/pagead2.googlesyndication.com\/pagead\/js\/adsbygoogle.js\"><\/script><br \/>\n<!-- Noticias La Guia de Pamplona --><br \/>\n<ins class=\"adsbygoogle\"\nstyle=\"display:block\"\ndata-ad-client=\"ca-pub-6943679897239327\"\ndata-ad-slot=\"7048180777\"\ndata-ad-format=\"auto\"><\/ins><br \/>\n<script>\n(adsbygoogle = window.adsbygoogle || []).push({});\n<\/script><\/p>\n<p><strong>T\u00e9cnicos de Urbanismo y Vivienda estudian el edificio<\/strong><\/p>\n<p>Esta ma\u00f1ana, t\u00e9cnicos del \u00e1rea de Urbanismo, Vivienda y Sostenibilidad han visitado el edificio y la primera valoraci\u00f3n no ha sido suficientemente concluyente como para decidir si es posible entrar al edificio o no. Est\u00e1 previsto continuar con nuevos ex\u00e1menes para determinar si es seguro que las personas alojadas en \u00e9l pueden acceder para recoger sus pertenencias.<\/p>\n<p>De las 34 personas realojadas, 15 se distribuyen en 5 unidades familiares compuestas por la madre y entre uno y cuatro hijos con edades comprendidas entre los 3 y los 45 a\u00f1os. El resto son 19 personas adultas. Inicialmente fueron trasladadas al Centro de Atenci\u00f3n a Personas sin Hogar situado en Trinitarios (4 personas), el Albergue Trinidad de Arre (11 personas), el Hotel Maisonave (17 personas) y el Hotel Albret (2 personas).<\/p>\n<p>En estos momentos, personal t\u00e9cnico municipal del \u00e1rea de Servicios Sociales, Acci\u00f3n Comunitaria y Deporte est\u00e1 trabajando para buscar nuevos alojamientos que permitan estancias de m\u00e1s tiempo, ya que la alta ocupaci\u00f3n tur\u00edstica de estos d\u00edas est\u00e1 dificultando el encontrar alojamientos libres.<\/p>\n","protected":false},"excerpt":{"rendered":"<p>De las 34 personas, 30 han estado relacionadas con los servicios sociales municipales y 14 de ellas ten\u00edan sufragado el alojamiento por el Ayuntamiento<\/p>\n","protected":false},"author":1,"featured_media":36113,"comment_status":"open","ping_status":"closed","sticky":false,"template":"","format":"standard","meta":{"footnotes":""},"categories":[2],"tags":[],"class_list":["post-36112","post","type-post","status-publish","format-standard","has-post-thumbnail","hentry","category-ayuntamiento-pamplona"],"yoast_head":"<!-- This site is optimized with the Yoast SEO plugin v27.5 - https:\/\/yoast.com\/product\/yoast-seo-wordpress\/ -->\n<title>El Ayuntamiento de Pamplona realoj\u00f3 ayer a 34 personas que se encontraban en el edificio incendiado de la calle Hilari\u00f3n Eslava<\/title>\n<meta name=\"description\" content=\"De las 34 personas, 30 han estado relacionadas con los servicios sociales municipales y 14 de ellas ten\u00edan sufragado el alojamiento por el Ayuntamiento\" \/>\n<meta name=\"robots\" content=\"index, follow, max-snippet:-1, max-image-preview:large, max-video-preview:-1\" \/>\n<link rel=\"canonical\" href=\"https:\/\/www.laguiadepamplona.com\/actualidad\/el-ayuntamiento-de-pamplona-realojo-ayer-a-34-personas-que-se-encontraban-en-el-edificio-incendiado-de-la-calle-hilarion-eslava\/\" \/>\n<meta property=\"og:locale\" content=\"es_ES\" \/>\n<meta property=\"og:type\" content=\"article\" \/>\n<meta property=\"og:title\" content=\"El Ayuntamiento de Pamplona realoj\u00f3 ayer a 34 personas que se encontraban en el edificio incendiado de la calle Hilari\u00f3n Eslava\" \/>\n<meta property=\"og:description\" content=\"De las 34 personas, 30 han estado relacionadas con los servicios sociales municipales y 14 de ellas ten\u00edan sufragado el alojamiento por el Ayuntamiento\" \/>\n<meta property=\"og:url\" content=\"https:\/\/www.laguiadepamplona.com\/actualidad\/el-ayuntamiento-de-pamplona-realojo-ayer-a-34-personas-que-se-encontraban-en-el-edificio-incendiado-de-la-calle-hilarion-eslava\/\" \/>\n<meta property=\"og:site_name\" content=\"La Gu\u00eda de Pamplona\" \/>\n<meta property=\"article:publisher\" content=\"https:\/\/www.facebook.com\/laguiadepamplonacom-133175176762273\/?ref=hl\" \/>\n<meta property=\"article:published_time\" content=\"2021-08-06T17:30:48+00:00\" \/>\n<meta property=\"article:modified_time\" content=\"2023-04-11T09:49:08+00:00\" \/>\n<meta property=\"og:image\" content=\"https:\/\/www.laguiadepamplona.com\/actualidad\/wp-content\/uploads\/2021\/08\/calle-hilarion-eslava.jpg\" \/>\n\t<meta property=\"og:image:width\" content=\"1131\" \/>\n\t<meta property=\"og:image:height\" content=\"839\" \/>\n\t<meta property=\"og:image:type\" content=\"image\/jpeg\" \/>\n<meta name=\"author\" content=\"La Gu\u00eda de Pamplona\" \/>\n<meta name=\"twitter:card\" content=\"summary_large_image\" \/>\n<meta name=\"twitter:creator\" content=\"@LaGuiadPamplona\" \/>\n<meta name=\"twitter:site\" content=\"@LaGuiadPamplona\" \/>\n<meta name=\"twitter:label1\" content=\"Escrito por\" \/>\n\t<meta name=\"twitter:data1\" content=\"La Gu\u00eda de Pamplona\" \/>\n\t<meta name=\"twitter:label2\" content=\"Tiempo de lectura\" \/>\n\t<meta name=\"twitter:data2\" content=\"2 minutos\" \/>\n<script type=\"application\/ld+json\" class=\"yoast-schema-graph\">{\"@context\":\"https:\\\/\\\/schema.org\",\"@graph\":[{\"@type\":\"Article\",\"@id\":\"https:\\\/\\\/www.laguiadepamplona.com\\\/actualidad\\\/el-ayuntamiento-de-pamplona-realojo-ayer-a-34-personas-que-se-encontraban-en-el-edificio-incendiado-de-la-calle-hilarion-eslava\\\/#article\",\"isPartOf\":{\"@id\":\"https:\\\/\\\/www.laguiadepamplona.com\\\/actualidad\\\/el-ayuntamiento-de-pamplona-realojo-ayer-a-34-personas-que-se-encontraban-en-el-edificio-incendiado-de-la-calle-hilarion-eslava\\\/\"},\"author\":{\"name\":\"La Gu\u00eda de Pamplona\",\"@id\":\"https:\\\/\\\/www.laguiadepamplona.com\\\/actualidad\\\/#\\\/schema\\\/person\\\/efe887376f0213d4657c93adc50b1fdb\"},\"headline\":\"El Ayuntamiento de Pamplona realoj\u00f3 ayer a 34 personas que se encontraban en el edificio incendiado de la calle Hilari\u00f3n Eslava\",\"datePublished\":\"2021-08-06T17:30:48+00:00\",\"dateModified\":\"2023-04-11T09:49:08+00:00\",\"mainEntityOfPage\":{\"@id\":\"https:\\\/\\\/www.laguiadepamplona.com\\\/actualidad\\\/el-ayuntamiento-de-pamplona-realojo-ayer-a-34-personas-que-se-encontraban-en-el-edificio-incendiado-de-la-calle-hilarion-eslava\\\/\"},\"wordCount\":406,\"commentCount\":0,\"publisher\":{\"@id\":\"https:\\\/\\\/www.laguiadepamplona.com\\\/actualidad\\\/#organization\"},\"image\":{\"@id\":\"https:\\\/\\\/www.laguiadepamplona.com\\\/actualidad\\\/el-ayuntamiento-de-pamplona-realojo-ayer-a-34-personas-que-se-encontraban-en-el-edificio-incendiado-de-la-calle-hilarion-eslava\\\/#primaryimage\"},\"thumbnailUrl\":\"https:\\\/\\\/www.laguiadepamplona.com\\\/actualidad\\\/wp-content\\\/uploads\\\/2021\\\/08\\\/calle-hilarion-eslava.jpg\",\"articleSection\":[\"Ayto Pamplona\"],\"inLanguage\":\"es\",\"potentialAction\":[{\"@type\":\"CommentAction\",\"name\":\"Comment\",\"target\":[\"https:\\\/\\\/www.laguiadepamplona.com\\\/actualidad\\\/el-ayuntamiento-de-pamplona-realojo-ayer-a-34-personas-que-se-encontraban-en-el-edificio-incendiado-de-la-calle-hilarion-eslava\\\/#respond\"]}]},{\"@type\":\"WebPage\",\"@id\":\"https:\\\/\\\/www.laguiadepamplona.com\\\/actualidad\\\/el-ayuntamiento-de-pamplona-realojo-ayer-a-34-personas-que-se-encontraban-en-el-edificio-incendiado-de-la-calle-hilarion-eslava\\\/\",\"url\":\"https:\\\/\\\/www.laguiadepamplona.com\\\/actualidad\\\/el-ayuntamiento-de-pamplona-realojo-ayer-a-34-personas-que-se-encontraban-en-el-edificio-incendiado-de-la-calle-hilarion-eslava\\\/\",\"name\":\"El Ayuntamiento de Pamplona realoj\u00f3 ayer a 34 personas que se encontraban en el edificio incendiado de la calle Hilari\u00f3n Eslava\",\"isPartOf\":{\"@id\":\"https:\\\/\\\/www.laguiadepamplona.com\\\/actualidad\\\/#website\"},\"primaryImageOfPage\":{\"@id\":\"https:\\\/\\\/www.laguiadepamplona.com\\\/actualidad\\\/el-ayuntamiento-de-pamplona-realojo-ayer-a-34-personas-que-se-encontraban-en-el-edificio-incendiado-de-la-calle-hilarion-eslava\\\/#primaryimage\"},\"image\":{\"@id\":\"https:\\\/\\\/www.laguiadepamplona.com\\\/actualidad\\\/el-ayuntamiento-de-pamplona-realojo-ayer-a-34-personas-que-se-encontraban-en-el-edificio-incendiado-de-la-calle-hilarion-eslava\\\/#primaryimage\"},\"thumbnailUrl\":\"https:\\\/\\\/www.laguiadepamplona.com\\\/actualidad\\\/wp-content\\\/uploads\\\/2021\\\/08\\\/calle-hilarion-eslava.jpg\",\"datePublished\":\"2021-08-06T17:30:48+00:00\",\"dateModified\":\"2023-04-11T09:49:08+00:00\",\"description\":\"De las 34 personas, 30 han estado relacionadas con los servicios sociales municipales y 14 de ellas ten\u00edan sufragado el alojamiento por el Ayuntamiento\",\"breadcrumb\":{\"@id\":\"https:\\\/\\\/www.laguiadepamplona.com\\\/actualidad\\\/el-ayuntamiento-de-pamplona-realojo-ayer-a-34-personas-que-se-encontraban-en-el-edificio-incendiado-de-la-calle-hilarion-eslava\\\/#breadcrumb\"},\"inLanguage\":\"es\",\"potentialAction\":[{\"@type\":\"ReadAction\",\"target\":[\"https:\\\/\\\/www.laguiadepamplona.com\\\/actualidad\\\/el-ayuntamiento-de-pamplona-realojo-ayer-a-34-personas-que-se-encontraban-en-el-edificio-incendiado-de-la-calle-hilarion-eslava\\\/\"]}]},{\"@type\":\"ImageObject\",\"inLanguage\":\"es\",\"@id\":\"https:\\\/\\\/www.laguiadepamplona.com\\\/actualidad\\\/el-ayuntamiento-de-pamplona-realojo-ayer-a-34-personas-que-se-encontraban-en-el-edificio-incendiado-de-la-calle-hilarion-eslava\\\/#primaryimage\",\"url\":\"https:\\\/\\\/www.laguiadepamplona.com\\\/actualidad\\\/wp-content\\\/uploads\\\/2021\\\/08\\\/calle-hilarion-eslava.jpg\",\"contentUrl\":\"https:\\\/\\\/www.laguiadepamplona.com\\\/actualidad\\\/wp-content\\\/uploads\\\/2021\\\/08\\\/calle-hilarion-eslava.jpg\",\"width\":1131,\"height\":839},{\"@type\":\"BreadcrumbList\",\"@id\":\"https:\\\/\\\/www.laguiadepamplona.com\\\/actualidad\\\/el-ayuntamiento-de-pamplona-realojo-ayer-a-34-personas-que-se-encontraban-en-el-edificio-incendiado-de-la-calle-hilarion-eslava\\\/#breadcrumb\",\"itemListElement\":[{\"@type\":\"ListItem\",\"position\":1,\"name\":\"Portada\",\"item\":\"https:\\\/\\\/www.laguiadepamplona.com\\\/actualidad\\\/\"},{\"@type\":\"ListItem\",\"position\":2,\"name\":\"El Ayuntamiento de Pamplona realoj\u00f3 ayer a 34 personas que se encontraban en el edificio incendiado de la calle Hilari\u00f3n Eslava\"}]},{\"@type\":\"WebSite\",\"@id\":\"https:\\\/\\\/www.laguiadepamplona.com\\\/actualidad\\\/#website\",\"url\":\"https:\\\/\\\/www.laguiadepamplona.com\\\/actualidad\\\/\",\"name\":\"La gu\u00eda de Pamplona\",\"description\":\"Noticias de Pamplona\",\"publisher\":{\"@id\":\"https:\\\/\\\/www.laguiadepamplona.com\\\/actualidad\\\/#organization\"},\"potentialAction\":[{\"@type\":\"SearchAction\",\"target\":{\"@type\":\"EntryPoint\",\"urlTemplate\":\"https:\\\/\\\/www.laguiadepamplona.com\\\/actualidad\\\/?s={search_term_string}\"},\"query-input\":{\"@type\":\"PropertyValueSpecification\",\"valueRequired\":true,\"valueName\":\"search_term_string\"}}],\"inLanguage\":\"es\"},{\"@type\":\"Organization\",\"@id\":\"https:\\\/\\\/www.laguiadepamplona.com\\\/actualidad\\\/#organization\",\"name\":\"La Gu\u00eda de Pamplona \\\/ Noticias\",\"url\":\"https:\\\/\\\/www.laguiadepamplona.com\\\/actualidad\\\/\",\"logo\":{\"@type\":\"ImageObject\",\"inLanguage\":\"es\",\"@id\":\"https:\\\/\\\/www.laguiadepamplona.com\\\/actualidad\\\/#\\\/schema\\\/logo\\\/image\\\/\",\"url\":\"https:\\\/\\\/www.laguiadepamplona.com\\\/actualidad\\\/wp-content\\\/uploads\\\/2018\\\/11\\\/logo-laguiadepamplona18-web1.png\",\"contentUrl\":\"https:\\\/\\\/www.laguiadepamplona.com\\\/actualidad\\\/wp-content\\\/uploads\\\/2018\\\/11\\\/logo-laguiadepamplona18-web1.png\",\"width\":600,\"height\":196,\"caption\":\"La Gu\u00eda de Pamplona \\\/ Noticias\"},\"image\":{\"@id\":\"https:\\\/\\\/www.laguiadepamplona.com\\\/actualidad\\\/#\\\/schema\\\/logo\\\/image\\\/\"},\"sameAs\":[\"https:\\\/\\\/www.facebook.com\\\/laguiadepamplonacom-133175176762273\\\/?ref=hl\",\"https:\\\/\\\/x.com\\\/LaGuiadPamplona\",\"https:\\\/\\\/www.instagram.com\\\/la_guia_de_pamplona\\\/\",\"https:\\\/\\\/www.youtube.com\\\/user\\\/laguiadepamplona\"]},{\"@type\":\"Person\",\"@id\":\"https:\\\/\\\/www.laguiadepamplona.com\\\/actualidad\\\/#\\\/schema\\\/person\\\/efe887376f0213d4657c93adc50b1fdb\",\"name\":\"La Gu\u00eda de Pamplona\",\"image\":{\"@type\":\"ImageObject\",\"inLanguage\":\"es\",\"@id\":\"https:\\\/\\\/secure.gravatar.com\\\/avatar\\\/b6992f131dc8d30ab0dff15446e9d346d9dbd95992de0fef795073f5ea83a81c?s=96&d=mm&r=g\",\"url\":\"https:\\\/\\\/secure.gravatar.com\\\/avatar\\\/b6992f131dc8d30ab0dff15446e9d346d9dbd95992de0fef795073f5ea83a81c?s=96&d=mm&r=g\",\"contentUrl\":\"https:\\\/\\\/secure.gravatar.com\\\/avatar\\\/b6992f131dc8d30ab0dff15446e9d346d9dbd95992de0fef795073f5ea83a81c?s=96&d=mm&r=g\",\"caption\":\"La Gu\u00eda de Pamplona\"}}]}<\/script>\n<!-- \/ Yoast SEO plugin. -->","yoast_head_json":{"title":"El Ayuntamiento de Pamplona realoj\u00f3 ayer a 34 personas que se encontraban en el edificio incendiado de la calle Hilari\u00f3n Eslava","description":"De las 34 personas, 30 han estado relacionadas con los servicios sociales municipales y 14 de ellas ten\u00edan sufragado el alojamiento por el Ayuntamiento","robots":{"index":"index","follow":"follow","max-snippet":"max-snippet:-1","max-image-preview":"max-image-preview:large","max-video-preview":"max-video-preview:-1"},"canonical":"https:\/\/www.laguiadepamplona.com\/actualidad\/el-ayuntamiento-de-pamplona-realojo-ayer-a-34-personas-que-se-encontraban-en-el-edificio-incendiado-de-la-calle-hilarion-eslava\/","og_locale":"es_ES","og_type":"article","og_title":"El Ayuntamiento de Pamplona realoj\u00f3 ayer a 34 personas que se encontraban en el edificio incendiado de la calle Hilari\u00f3n Eslava","og_description":"De las 34 personas, 30 han estado relacionadas con los servicios sociales municipales y 14 de ellas ten\u00edan sufragado el alojamiento por el Ayuntamiento","og_url":"https:\/\/www.laguiadepamplona.com\/actualidad\/el-ayuntamiento-de-pamplona-realojo-ayer-a-34-personas-que-se-encontraban-en-el-edificio-incendiado-de-la-calle-hilarion-eslava\/","og_site_name":"La Gu\u00eda de Pamplona","article_publisher":"https:\/\/www.facebook.com\/laguiadepamplonacom-133175176762273\/?ref=hl","article_published_time":"2021-08-06T17:30:48+00:00","article_modified_time":"2023-04-11T09:49:08+00:00","og_image":[{"width":1131,"height":839,"url":"https:\/\/www.laguiadepamplona.com\/actualidad\/wp-content\/uploads\/2021\/08\/calle-hilarion-eslava.jpg","type":"image\/jpeg"}],"author":"La Gu\u00eda de Pamplona","twitter_card":"summary_large_image","twitter_creator":"@LaGuiadPamplona","twitter_site":"@LaGuiadPamplona","twitter_misc":{"Escrito por":"La Gu\u00eda de Pamplona","Tiempo de lectura":"2 minutos"},"schema":{"@context":"https:\/\/schema.org","@graph":[{"@type":"Article","@id":"https:\/\/www.laguiadepamplona.com\/actualidad\/el-ayuntamiento-de-pamplona-realojo-ayer-a-34-personas-que-se-encontraban-en-el-edificio-incendiado-de-la-calle-hilarion-eslava\/#article","isPartOf":{"@id":"https:\/\/www.laguiadepamplona.com\/actualidad\/el-ayuntamiento-de-pamplona-realojo-ayer-a-34-personas-que-se-encontraban-en-el-edificio-incendiado-de-la-calle-hilarion-eslava\/"},"author":{"name":"La Gu\u00eda de Pamplona","@id":"https:\/\/www.laguiadepamplona.com\/actualidad\/#\/schema\/person\/efe887376f0213d4657c93adc50b1fdb"},"headline":"El Ayuntamiento de Pamplona realoj\u00f3 ayer a 34 personas que se encontraban en el edificio incendiado de la calle Hilari\u00f3n Eslava","datePublished":"2021-08-06T17:30:48+00:00","dateModified":"2023-04-11T09:49:08+00:00","mainEntityOfPage":{"@id":"https:\/\/www.laguiadepamplona.com\/actualidad\/el-ayuntamiento-de-pamplona-realojo-ayer-a-34-personas-que-se-encontraban-en-el-edificio-incendiado-de-la-calle-hilarion-eslava\/"},"wordCount":406,"commentCount":0,"publisher":{"@id":"https:\/\/www.laguiadepamplona.com\/actualidad\/#organization"},"image":{"@id":"https:\/\/www.laguiadepamplona.com\/actualidad\/el-ayuntamiento-de-pamplona-realojo-ayer-a-34-personas-que-se-encontraban-en-el-edificio-incendiado-de-la-calle-hilarion-eslava\/#primaryimage"},"thumbnailUrl":"https:\/\/www.laguiadepamplona.com\/actualidad\/wp-content\/uploads\/2021\/08\/calle-hilarion-eslava.jpg","articleSection":["Ayto Pamplona"],"inLanguage":"es","potentialAction":[{"@type":"CommentAction","name":"Comment","target":["https:\/\/www.laguiadepamplona.com\/actualidad\/el-ayuntamiento-de-pamplona-realojo-ayer-a-34-personas-que-se-encontraban-en-el-edificio-incendiado-de-la-calle-hilarion-eslava\/#respond"]}]},{"@type":"WebPage","@id":"https:\/\/www.laguiadepamplona.com\/actualidad\/el-ayuntamiento-de-pamplona-realojo-ayer-a-34-personas-que-se-encontraban-en-el-edificio-incendiado-de-la-calle-hilarion-eslava\/","url":"https:\/\/www.laguiadepamplona.com\/actualidad\/el-ayuntamiento-de-pamplona-realojo-ayer-a-34-personas-que-se-encontraban-en-el-edificio-incendiado-de-la-calle-hilarion-eslava\/","name":"El Ayuntamiento de Pamplona realoj\u00f3 ayer a 34 personas que se encontraban en el edificio incendiado de la calle Hilari\u00f3n Eslava","isPartOf":{"@id":"https:\/\/www.laguiadepamplona.com\/actualidad\/#website"},"primaryImageOfPage":{"@id":"https:\/\/www.laguiadepamplona.com\/actualidad\/el-ayuntamiento-de-pamplona-realojo-ayer-a-34-personas-que-se-encontraban-en-el-edificio-incendiado-de-la-calle-hilarion-eslava\/#primaryimage"},"image":{"@id":"https:\/\/www.laguiadepamplona.com\/actualidad\/el-ayuntamiento-de-pamplona-realojo-ayer-a-34-personas-que-se-encontraban-en-el-edificio-incendiado-de-la-calle-hilarion-eslava\/#primaryimage"},"thumbnailUrl":"https:\/\/www.laguiadepamplona.com\/actualidad\/wp-content\/uploads\/2021\/08\/calle-hilarion-eslava.jpg","datePublished":"2021-08-06T17:30:48+00:00","dateModified":"2023-04-11T09:49:08+00:00","description":"De las 34 personas, 30 han estado relacionadas con los servicios sociales municipales y 14 de ellas ten\u00edan sufragado el alojamiento por el Ayuntamiento","breadcrumb":{"@id":"https:\/\/www.laguiadepamplona.com\/actualidad\/el-ayuntamiento-de-pamplona-realojo-ayer-a-34-personas-que-se-encontraban-en-el-edificio-incendiado-de-la-calle-hilarion-eslava\/#breadcrumb"},"inLanguage":"es","potentialAction":[{"@type":"ReadAction","target":["https:\/\/www.laguiadepamplona.com\/actualidad\/el-ayuntamiento-de-pamplona-realojo-ayer-a-34-personas-que-se-encontraban-en-el-edificio-incendiado-de-la-calle-hilarion-eslava\/"]}]},{"@type":"ImageObject","inLanguage":"es","@id":"https:\/\/www.laguiadepamplona.com\/actualidad\/el-ayuntamiento-de-pamplona-realojo-ayer-a-34-personas-que-se-encontraban-en-el-edificio-incendiado-de-la-calle-hilarion-eslava\/#primaryimage","url":"https:\/\/www.laguiadepamplona.com\/actualidad\/wp-content\/uploads\/2021\/08\/calle-hilarion-eslava.jpg","contentUrl":"https:\/\/www.laguiadepamplona.com\/actualidad\/wp-content\/uploads\/2021\/08\/calle-hilarion-eslava.jpg","width":1131,"height":839},{"@type":"BreadcrumbList","@id":"https:\/\/www.laguiadepamplona.com\/actualidad\/el-ayuntamiento-de-pamplona-realojo-ayer-a-34-personas-que-se-encontraban-en-el-edificio-incendiado-de-la-calle-hilarion-eslava\/#breadcrumb","itemListElement":[{"@type":"ListItem","position":1,"name":"Portada","item":"https:\/\/www.laguiadepamplona.com\/actualidad\/"},{"@type":"ListItem","position":2,"name":"El Ayuntamiento de Pamplona realoj\u00f3 ayer a 34 personas que se encontraban en el edificio incendiado de la calle Hilari\u00f3n Eslava"}]},{"@type":"WebSite","@id":"https:\/\/www.laguiadepamplona.com\/actualidad\/#website","url":"https:\/\/www.laguiadepamplona.com\/actualidad\/","name":"La gu\u00eda de Pamplona","description":"Noticias de Pamplona","publisher":{"@id":"https:\/\/www.laguiadepamplona.com\/actualidad\/#organization"},"potentialAction":[{"@type":"SearchAction","target":{"@type":"EntryPoint","urlTemplate":"https:\/\/www.laguiadepamplona.com\/actualidad\/?s={search_term_string}"},"query-input":{"@type":"PropertyValueSpecification","valueRequired":true,"valueName":"search_term_string"}}],"inLanguage":"es"},{"@type":"Organization","@id":"https:\/\/www.laguiadepamplona.com\/actualidad\/#organization","name":"La Gu\u00eda de Pamplona \/ Noticias","url":"https:\/\/www.laguiadepamplona.com\/actualidad\/","logo":{"@type":"ImageObject","inLanguage":"es","@id":"https:\/\/www.laguiadepamplona.com\/actualidad\/#\/schema\/logo\/image\/","url":"https:\/\/www.laguiadepamplona.com\/actualidad\/wp-content\/uploads\/2018\/11\/logo-laguiadepamplona18-web1.png","contentUrl":"https:\/\/www.laguiadepamplona.com\/actualidad\/wp-content\/uploads\/2018\/11\/logo-laguiadepamplona18-web1.png","width":600,"height":196,"caption":"La Gu\u00eda de Pamplona \/ Noticias"},"image":{"@id":"https:\/\/www.laguiadepamplona.com\/actualidad\/#\/schema\/logo\/image\/"},"sameAs":["https:\/\/www.facebook.com\/laguiadepamplonacom-133175176762273\/?ref=hl","https:\/\/x.com\/LaGuiadPamplona","https:\/\/www.instagram.com\/la_guia_de_pamplona\/","https:\/\/www.youtube.com\/user\/laguiadepamplona"]},{"@type":"Person","@id":"https:\/\/www.laguiadepamplona.com\/actualidad\/#\/schema\/person\/efe887376f0213d4657c93adc50b1fdb","name":"La Gu\u00eda de Pamplona","image":{"@type":"ImageObject","inLanguage":"es","@id":"https:\/\/secure.gravatar.com\/avatar\/b6992f131dc8d30ab0dff15446e9d346d9dbd95992de0fef795073f5ea83a81c?s=96&d=mm&r=g","url":"https:\/\/secure.gravatar.com\/avatar\/b6992f131dc8d30ab0dff15446e9d346d9dbd95992de0fef795073f5ea83a81c?s=96&d=mm&r=g","contentUrl":"https:\/\/secure.gravatar.com\/avatar\/b6992f131dc8d30ab0dff15446e9d346d9dbd95992de0fef795073f5ea83a81c?s=96&d=mm&r=g","caption":"La Gu\u00eda de Pamplona"}}]}},"post_mailing_queue_ids":[],"_links":{"self":[{"href":"https:\/\/www.laguiadepamplona.com\/actualidad\/wp-json\/wp\/v2\/posts\/36112","targetHints":{"allow":["GET"]}}],"collection":[{"href":"https:\/\/www.laguiadepamplona.com\/actualidad\/wp-json\/wp\/v2\/posts"}],"about":[{"href":"https:\/\/www.laguiadepamplona.com\/actualidad\/wp-json\/wp\/v2\/types\/post"}],"author":[{"embeddable":true,"href":"https:\/\/www.laguiadepamplona.com\/actualidad\/wp-json\/wp\/v2\/users\/1"}],"replies":[{"embeddable":true,"href":"https:\/\/www.laguiadepamplona.com\/actualidad\/wp-json\/wp\/v2\/comments?post=36112"}],"version-history":[{"count":0,"href":"https:\/\/www.laguiadepamplona.com\/actualidad\/wp-json\/wp\/v2\/posts\/36112\/revisions"}],"wp:featuredmedia":[{"embeddable":true,"href":"https:\/\/www.laguiadepamplona.com\/actualidad\/wp-json\/wp\/v2\/media\/36113"}],"wp:attachment":[{"href":"https:\/\/www.laguiadepamplona.com\/actualidad\/wp-json\/wp\/v2\/media?parent=36112"}],"wp:term":[{"taxonomy":"category","embeddable":true,"href":"https:\/\/www.laguiadepamplona.com\/actualidad\/wp-json\/wp\/v2\/categories?post=36112"},{"taxonomy":"post_tag","embeddable":true,"href":"https:\/\/www.laguiadepamplona.com\/actualidad\/wp-json\/wp\/v2\/tags?post=36112"}],"curies":[{"name":"wp","href":"https:\/\/api.w.org\/{rel}","templated":true}]}}