{"id":36110,"date":"2021-08-06T19:24:23","date_gmt":"2021-08-06T17:24:23","guid":{"rendered":"https:\/\/www.laguiadepamplona.com\/actualidad\/?p=36110"},"modified":"2023-04-11T11:49:08","modified_gmt":"2023-04-11T09:49:08","slug":"dos-filmes-europeos-de-animacion-y-una-comedia-espanola-con-la-crisis-economica-como-contexto-dan-inicio-a-la-segunda-semana-de-noches-de-cine","status":"publish","type":"post","link":"https:\/\/www.laguiadepamplona.com\/actualidad\/dos-filmes-europeos-de-animacion-y-una-comedia-espanola-con-la-crisis-economica-como-contexto-dan-inicio-a-la-segunda-semana-de-noches-de-cine\/","title":{"rendered":"Dos filmes europeos de animaci\u00f3n y una comedia espa\u00f1ola con la crisis econ\u00f3mica como contexto, dan inicio a la segunda semana de \u2018Noches de Cine\u2019"},"content":{"rendered":"<h5>Etxabakoitz, Buztintxuri y Yamaguchi, las pr\u00f3ximas salas de proyecciones de la cartelera del Ayuntamiento de Pamplona para este verano<\/h5>\n<p><!--more--><\/p>\n<p>Esta noche, dentro del programa municipal \u2019Noches de Cine\u2019, en el Palacio Ezpeleta del Casco Antiguo, se podr\u00e1 ver la comedia de Borja Cobeaga \u2018Pagafantas\u2019 (Espa\u00f1a, 2009, 80\u2019), que se pasar\u00e1 en euskera con subt\u00edtulos en castellano. Ser\u00e1 la \u00faltima sesi\u00f3n de esta semana antes de dar paso a la segunda semana de proyecciones cinematogr\u00e1ficas en los barrios. El lunes 9 y el martes 10 de agosto la cartelera empezar\u00e1 con cine infantil e animaci\u00f3n. Una cinta brit\u00e1nica \u2018La oveja Shaun. La pel\u00edcula: Granjagued\u00f3n\u2019 (2019, GB, 86\u2019) y otra danesa \u2018Minna y el mundo de los sue\u00f1os\u2019 (2020, Dinamarca, 81\u2019), buscar\u00e1n entretener a los m\u00e1s peque\u00f1os en Etxabakoitz y Buztintxuri,, respectivamente.<\/p>\n<p>La primera, asociada a una conocida serie del mismo nombre, obtuvo una buena cantidad de nominaciones tras su estreno en salas comerciales, muchas de ellas por la calidad de la animaci\u00f3n de sus figuras de plastilina. El filme, sin di\u00e1logos, narra la historia de una oveja y sus amigas que reciben la visita de una extraterrestre. En el grupo de personajes destaca tambi\u00e9n el papel de Bitzer, su perro pastor.<\/p>\n<p><script async src=\"\/\/pagead2.googlesyndication.com\/pagead\/js\/adsbygoogle.js\"><\/script><br \/>\n<!-- Noticias La Guia de Pamplona --><br \/>\n<ins class=\"adsbygoogle\"\nstyle=\"display:block\"\ndata-ad-client=\"ca-pub-6943679897239327\"\ndata-ad-slot=\"7048180777\"\ndata-ad-format=\"auto\"><\/ins><br \/>\n<script>\n(adsbygoogle = window.adsbygoogle || []).push({});\n<\/script><\/p>\n<p>Para el martes en Buztintxuri la propuesta es otro filme de animaci\u00f3n inspirado en el tipo de dibujo de Pixar que cuenta la historia de Minna, una adolescente cuya vida da un vuelco cuando la nueva novia de su padre, Helena, y su hija Jenny, con la que no se lleva bien, se mudan a su casa. Conseguir\u00e1 la posibilidad de entrar en el mundo de los sue\u00f1os para manipular los de su hermanastra, con consecuencias inesperadas.<\/p>\n<p>A mitad de la semana, el ciclo cambia de p\u00fablico para centrar el foco en una franja de edad al mayor. Bajo el mismo techo (2019, Espa\u00f1a, 97) es la propuesta del Ayuntamiento para el parque de Yamaguchi para el mi\u00e9rcoles 11 y est\u00e1 calificada para p\u00fablico a partir de 12 a\u00f1os. Dirigida por Juana Mac\u00edas, tambi\u00e9n coautora del guion, es una comedia en el contexto de la crisis econ\u00f3mica que comenz\u00f3 en 2008. Relata en clave de humor la historia de una pareja de mediana edad que, tras divorciarse, tendr\u00e1 que seguir viviendo bajo el mismo techo: no encuentran comprador para su casa y ninguno de los dos tiene dinero para costearse una vida independiente. El resultado, un guion disparatado, similar a \u2018La guerra de los Rose\u2019, en clave local.<\/p>\n<p>El ciclo \u2018Noches de Cine\u2019 ir\u00e1 rotando por 10 barrios de Pamplona hasta el 27 de agosto dentro del programa cultural veraniego \u2018!Viva Pamplona Viva\u00a1\u2019. Todas las sesiones tienen entrada libre y comienzan a las 22 horas.<\/p>\n<p><script async src=\"\/\/pagead2.googlesyndication.com\/pagead\/js\/adsbygoogle.js\"><\/script><br \/>\n<!-- Noticias La Guia de Pamplona --><br \/>\n<ins class=\"adsbygoogle\"\nstyle=\"display:block\"\ndata-ad-client=\"ca-pub-6943679897239327\"\ndata-ad-slot=\"7048180777\"\ndata-ad-format=\"auto\"><\/ins><br \/>\n<script>\n(adsbygoogle = window.adsbygoogle || []).push({});\n<\/script><\/p>\n<p>&nbsp;<\/p>\n<h3><strong>Noches de Cine<\/strong><\/h3>\n<p>Hasta el 27 de agosto<\/p>\n<p>22 horas<\/p>\n<p>Entrada libre hasta completar el aforo<\/p>\n<p>Lunes 9 de agosto, Etxabakoitz<\/p>\n<ul>\n<li>La oveja Shaun. La pel\u00edcula: Granjagued\u00f3n (2019, GB, 86\u2019)<\/li>\n<\/ul>\n<p>Martes 10 de agosto, Buztintxuri (Paseo de Buztintxuri)<\/p>\n<ul>\n<li>Minna y el mundo de los sue\u00f1os (2020, Dinamarca, 81\u2019)<\/li>\n<\/ul>\n<p>Mi\u00e9rcoles 11 de agosto, parque de Yamaguchi<\/p>\n<ul>\n<li>Bajo el mismo techo (2019, Espa\u00f1a, 97)<\/li>\n<\/ul>\n","protected":false},"excerpt":{"rendered":"<p>Etxabakoitz, Buztintxuri y Yamaguchi, las pr\u00f3ximas salas de proyecciones de la cartelera del Ayuntamiento de Pamplona para este verano<\/p>\n","protected":false},"author":1,"featured_media":23391,"comment_status":"open","ping_status":"closed","sticky":false,"template":"","format":"standard","meta":{"footnotes":""},"categories":[2],"tags":[],"class_list":["post-36110","post","type-post","status-publish","format-standard","has-post-thumbnail","hentry","category-ayuntamiento-pamplona"],"yoast_head":"<!-- This site is optimized with the Yoast SEO plugin v27.5 - https:\/\/yoast.com\/product\/yoast-seo-wordpress\/ -->\n<title>Dos filmes europeos de animaci\u00f3n y una comedia espa\u00f1ola con la crisis econ\u00f3mica como contexto, dan inicio a la segunda semana de \u2018Noches de Cine\u2019<\/title>\n<meta name=\"description\" content=\"Etxabakoitz, Buztintxuri y Yamaguchi, las pr\u00f3ximas salas de proyecciones de la cartelera del Ayuntamiento de Pamplona para este verano\" \/>\n<meta name=\"robots\" content=\"index, follow, max-snippet:-1, max-image-preview:large, max-video-preview:-1\" \/>\n<link rel=\"canonical\" href=\"https:\/\/www.laguiadepamplona.com\/actualidad\/dos-filmes-europeos-de-animacion-y-una-comedia-espanola-con-la-crisis-economica-como-contexto-dan-inicio-a-la-segunda-semana-de-noches-de-cine\/\" \/>\n<meta property=\"og:locale\" content=\"es_ES\" \/>\n<meta property=\"og:type\" content=\"article\" \/>\n<meta property=\"og:title\" content=\"Dos filmes europeos de animaci\u00f3n y una comedia espa\u00f1ola con la crisis econ\u00f3mica como contexto, dan inicio a la segunda semana de \u2018Noches de Cine\u2019\" \/>\n<meta property=\"og:description\" content=\"Etxabakoitz, Buztintxuri y Yamaguchi, las pr\u00f3ximas salas de proyecciones de la cartelera del Ayuntamiento de Pamplona para este verano\" \/>\n<meta property=\"og:url\" content=\"https:\/\/www.laguiadepamplona.com\/actualidad\/dos-filmes-europeos-de-animacion-y-una-comedia-espanola-con-la-crisis-economica-como-contexto-dan-inicio-a-la-segunda-semana-de-noches-de-cine\/\" \/>\n<meta property=\"og:site_name\" content=\"La Gu\u00eda de Pamplona\" \/>\n<meta property=\"article:publisher\" content=\"https:\/\/www.facebook.com\/laguiadepamplonacom-133175176762273\/?ref=hl\" \/>\n<meta property=\"article:published_time\" content=\"2021-08-06T17:24:23+00:00\" \/>\n<meta property=\"article:modified_time\" content=\"2023-04-11T09:49:08+00:00\" \/>\n<meta property=\"og:image\" content=\"https:\/\/www.laguiadepamplona.com\/actualidad\/wp-content\/uploads\/2019\/07\/noches-de-cine.jpg\" \/>\n\t<meta property=\"og:image:width\" content=\"1800\" \/>\n\t<meta property=\"og:image:height\" content=\"1035\" \/>\n\t<meta property=\"og:image:type\" content=\"image\/jpeg\" \/>\n<meta name=\"author\" content=\"La Gu\u00eda de Pamplona\" \/>\n<meta name=\"twitter:card\" content=\"summary_large_image\" \/>\n<meta name=\"twitter:creator\" content=\"@LaGuiadPamplona\" \/>\n<meta name=\"twitter:site\" content=\"@LaGuiadPamplona\" \/>\n<meta name=\"twitter:label1\" content=\"Escrito por\" \/>\n\t<meta name=\"twitter:data1\" content=\"La Gu\u00eda de Pamplona\" \/>\n\t<meta name=\"twitter:label2\" content=\"Tiempo de lectura\" \/>\n\t<meta name=\"twitter:data2\" content=\"3 minutos\" \/>\n<script type=\"application\/ld+json\" class=\"yoast-schema-graph\">{\"@context\":\"https:\\\/\\\/schema.org\",\"@graph\":[{\"@type\":\"Article\",\"@id\":\"https:\\\/\\\/www.laguiadepamplona.com\\\/actualidad\\\/dos-filmes-europeos-de-animacion-y-una-comedia-espanola-con-la-crisis-economica-como-contexto-dan-inicio-a-la-segunda-semana-de-noches-de-cine\\\/#article\",\"isPartOf\":{\"@id\":\"https:\\\/\\\/www.laguiadepamplona.com\\\/actualidad\\\/dos-filmes-europeos-de-animacion-y-una-comedia-espanola-con-la-crisis-economica-como-contexto-dan-inicio-a-la-segunda-semana-de-noches-de-cine\\\/\"},\"author\":{\"name\":\"La Gu\u00eda de Pamplona\",\"@id\":\"https:\\\/\\\/www.laguiadepamplona.com\\\/actualidad\\\/#\\\/schema\\\/person\\\/efe887376f0213d4657c93adc50b1fdb\"},\"headline\":\"Dos filmes europeos de animaci\u00f3n y una comedia espa\u00f1ola con la crisis econ\u00f3mica como contexto, dan inicio a la segunda semana de \u2018Noches de Cine\u2019\",\"datePublished\":\"2021-08-06T17:24:23+00:00\",\"dateModified\":\"2023-04-11T09:49:08+00:00\",\"mainEntityOfPage\":{\"@id\":\"https:\\\/\\\/www.laguiadepamplona.com\\\/actualidad\\\/dos-filmes-europeos-de-animacion-y-una-comedia-espanola-con-la-crisis-economica-como-contexto-dan-inicio-a-la-segunda-semana-de-noches-de-cine\\\/\"},\"wordCount\":540,\"commentCount\":0,\"publisher\":{\"@id\":\"https:\\\/\\\/www.laguiadepamplona.com\\\/actualidad\\\/#organization\"},\"image\":{\"@id\":\"https:\\\/\\\/www.laguiadepamplona.com\\\/actualidad\\\/dos-filmes-europeos-de-animacion-y-una-comedia-espanola-con-la-crisis-economica-como-contexto-dan-inicio-a-la-segunda-semana-de-noches-de-cine\\\/#primaryimage\"},\"thumbnailUrl\":\"https:\\\/\\\/www.laguiadepamplona.com\\\/actualidad\\\/wp-content\\\/uploads\\\/2019\\\/07\\\/noches-de-cine.jpg\",\"articleSection\":[\"Ayto Pamplona\"],\"inLanguage\":\"es\",\"potentialAction\":[{\"@type\":\"CommentAction\",\"name\":\"Comment\",\"target\":[\"https:\\\/\\\/www.laguiadepamplona.com\\\/actualidad\\\/dos-filmes-europeos-de-animacion-y-una-comedia-espanola-con-la-crisis-economica-como-contexto-dan-inicio-a-la-segunda-semana-de-noches-de-cine\\\/#respond\"]}]},{\"@type\":\"WebPage\",\"@id\":\"https:\\\/\\\/www.laguiadepamplona.com\\\/actualidad\\\/dos-filmes-europeos-de-animacion-y-una-comedia-espanola-con-la-crisis-economica-como-contexto-dan-inicio-a-la-segunda-semana-de-noches-de-cine\\\/\",\"url\":\"https:\\\/\\\/www.laguiadepamplona.com\\\/actualidad\\\/dos-filmes-europeos-de-animacion-y-una-comedia-espanola-con-la-crisis-economica-como-contexto-dan-inicio-a-la-segunda-semana-de-noches-de-cine\\\/\",\"name\":\"Dos filmes europeos de animaci\u00f3n y una comedia espa\u00f1ola con la crisis econ\u00f3mica como contexto, dan inicio a la segunda semana de \u2018Noches de Cine\u2019\",\"isPartOf\":{\"@id\":\"https:\\\/\\\/www.laguiadepamplona.com\\\/actualidad\\\/#website\"},\"primaryImageOfPage\":{\"@id\":\"https:\\\/\\\/www.laguiadepamplona.com\\\/actualidad\\\/dos-filmes-europeos-de-animacion-y-una-comedia-espanola-con-la-crisis-economica-como-contexto-dan-inicio-a-la-segunda-semana-de-noches-de-cine\\\/#primaryimage\"},\"image\":{\"@id\":\"https:\\\/\\\/www.laguiadepamplona.com\\\/actualidad\\\/dos-filmes-europeos-de-animacion-y-una-comedia-espanola-con-la-crisis-economica-como-contexto-dan-inicio-a-la-segunda-semana-de-noches-de-cine\\\/#primaryimage\"},\"thumbnailUrl\":\"https:\\\/\\\/www.laguiadepamplona.com\\\/actualidad\\\/wp-content\\\/uploads\\\/2019\\\/07\\\/noches-de-cine.jpg\",\"datePublished\":\"2021-08-06T17:24:23+00:00\",\"dateModified\":\"2023-04-11T09:49:08+00:00\",\"description\":\"Etxabakoitz, Buztintxuri y Yamaguchi, las pr\u00f3ximas salas de proyecciones de la cartelera del Ayuntamiento de Pamplona para este verano\",\"breadcrumb\":{\"@id\":\"https:\\\/\\\/www.laguiadepamplona.com\\\/actualidad\\\/dos-filmes-europeos-de-animacion-y-una-comedia-espanola-con-la-crisis-economica-como-contexto-dan-inicio-a-la-segunda-semana-de-noches-de-cine\\\/#breadcrumb\"},\"inLanguage\":\"es\",\"potentialAction\":[{\"@type\":\"ReadAction\",\"target\":[\"https:\\\/\\\/www.laguiadepamplona.com\\\/actualidad\\\/dos-filmes-europeos-de-animacion-y-una-comedia-espanola-con-la-crisis-economica-como-contexto-dan-inicio-a-la-segunda-semana-de-noches-de-cine\\\/\"]}]},{\"@type\":\"ImageObject\",\"inLanguage\":\"es\",\"@id\":\"https:\\\/\\\/www.laguiadepamplona.com\\\/actualidad\\\/dos-filmes-europeos-de-animacion-y-una-comedia-espanola-con-la-crisis-economica-como-contexto-dan-inicio-a-la-segunda-semana-de-noches-de-cine\\\/#primaryimage\",\"url\":\"https:\\\/\\\/www.laguiadepamplona.com\\\/actualidad\\\/wp-content\\\/uploads\\\/2019\\\/07\\\/noches-de-cine.jpg\",\"contentUrl\":\"https:\\\/\\\/www.laguiadepamplona.com\\\/actualidad\\\/wp-content\\\/uploads\\\/2019\\\/07\\\/noches-de-cine.jpg\",\"width\":1800,\"height\":1035,\"caption\":\"noches de cine\"},{\"@type\":\"BreadcrumbList\",\"@id\":\"https:\\\/\\\/www.laguiadepamplona.com\\\/actualidad\\\/dos-filmes-europeos-de-animacion-y-una-comedia-espanola-con-la-crisis-economica-como-contexto-dan-inicio-a-la-segunda-semana-de-noches-de-cine\\\/#breadcrumb\",\"itemListElement\":[{\"@type\":\"ListItem\",\"position\":1,\"name\":\"Portada\",\"item\":\"https:\\\/\\\/www.laguiadepamplona.com\\\/actualidad\\\/\"},{\"@type\":\"ListItem\",\"position\":2,\"name\":\"Dos filmes europeos de animaci\u00f3n y una comedia espa\u00f1ola con la crisis econ\u00f3mica como contexto, dan inicio a la segunda semana de \u2018Noches de Cine\u2019\"}]},{\"@type\":\"WebSite\",\"@id\":\"https:\\\/\\\/www.laguiadepamplona.com\\\/actualidad\\\/#website\",\"url\":\"https:\\\/\\\/www.laguiadepamplona.com\\\/actualidad\\\/\",\"name\":\"La gu\u00eda de Pamplona\",\"description\":\"Noticias de Pamplona\",\"publisher\":{\"@id\":\"https:\\\/\\\/www.laguiadepamplona.com\\\/actualidad\\\/#organization\"},\"potentialAction\":[{\"@type\":\"SearchAction\",\"target\":{\"@type\":\"EntryPoint\",\"urlTemplate\":\"https:\\\/\\\/www.laguiadepamplona.com\\\/actualidad\\\/?s={search_term_string}\"},\"query-input\":{\"@type\":\"PropertyValueSpecification\",\"valueRequired\":true,\"valueName\":\"search_term_string\"}}],\"inLanguage\":\"es\"},{\"@type\":\"Organization\",\"@id\":\"https:\\\/\\\/www.laguiadepamplona.com\\\/actualidad\\\/#organization\",\"name\":\"La Gu\u00eda de Pamplona \\\/ Noticias\",\"url\":\"https:\\\/\\\/www.laguiadepamplona.com\\\/actualidad\\\/\",\"logo\":{\"@type\":\"ImageObject\",\"inLanguage\":\"es\",\"@id\":\"https:\\\/\\\/www.laguiadepamplona.com\\\/actualidad\\\/#\\\/schema\\\/logo\\\/image\\\/\",\"url\":\"https:\\\/\\\/www.laguiadepamplona.com\\\/actualidad\\\/wp-content\\\/uploads\\\/2018\\\/11\\\/logo-laguiadepamplona18-web1.png\",\"contentUrl\":\"https:\\\/\\\/www.laguiadepamplona.com\\\/actualidad\\\/wp-content\\\/uploads\\\/2018\\\/11\\\/logo-laguiadepamplona18-web1.png\",\"width\":600,\"height\":196,\"caption\":\"La Gu\u00eda de Pamplona \\\/ Noticias\"},\"image\":{\"@id\":\"https:\\\/\\\/www.laguiadepamplona.com\\\/actualidad\\\/#\\\/schema\\\/logo\\\/image\\\/\"},\"sameAs\":[\"https:\\\/\\\/www.facebook.com\\\/laguiadepamplonacom-133175176762273\\\/?ref=hl\",\"https:\\\/\\\/x.com\\\/LaGuiadPamplona\",\"https:\\\/\\\/www.instagram.com\\\/la_guia_de_pamplona\\\/\",\"https:\\\/\\\/www.youtube.com\\\/user\\\/laguiadepamplona\"]},{\"@type\":\"Person\",\"@id\":\"https:\\\/\\\/www.laguiadepamplona.com\\\/actualidad\\\/#\\\/schema\\\/person\\\/efe887376f0213d4657c93adc50b1fdb\",\"name\":\"La Gu\u00eda de Pamplona\",\"image\":{\"@type\":\"ImageObject\",\"inLanguage\":\"es\",\"@id\":\"https:\\\/\\\/secure.gravatar.com\\\/avatar\\\/b6992f131dc8d30ab0dff15446e9d346d9dbd95992de0fef795073f5ea83a81c?s=96&d=mm&r=g\",\"url\":\"https:\\\/\\\/secure.gravatar.com\\\/avatar\\\/b6992f131dc8d30ab0dff15446e9d346d9dbd95992de0fef795073f5ea83a81c?s=96&d=mm&r=g\",\"contentUrl\":\"https:\\\/\\\/secure.gravatar.com\\\/avatar\\\/b6992f131dc8d30ab0dff15446e9d346d9dbd95992de0fef795073f5ea83a81c?s=96&d=mm&r=g\",\"caption\":\"La Gu\u00eda de Pamplona\"}}]}<\/script>\n<!-- \/ Yoast SEO plugin. -->","yoast_head_json":{"title":"Dos filmes europeos de animaci\u00f3n y una comedia espa\u00f1ola con la crisis econ\u00f3mica como contexto, dan inicio a la segunda semana de \u2018Noches de Cine\u2019","description":"Etxabakoitz, Buztintxuri y Yamaguchi, las pr\u00f3ximas salas de proyecciones de la cartelera del Ayuntamiento de Pamplona para este verano","robots":{"index":"index","follow":"follow","max-snippet":"max-snippet:-1","max-image-preview":"max-image-preview:large","max-video-preview":"max-video-preview:-1"},"canonical":"https:\/\/www.laguiadepamplona.com\/actualidad\/dos-filmes-europeos-de-animacion-y-una-comedia-espanola-con-la-crisis-economica-como-contexto-dan-inicio-a-la-segunda-semana-de-noches-de-cine\/","og_locale":"es_ES","og_type":"article","og_title":"Dos filmes europeos de animaci\u00f3n y una comedia espa\u00f1ola con la crisis econ\u00f3mica como contexto, dan inicio a la segunda semana de \u2018Noches de Cine\u2019","og_description":"Etxabakoitz, Buztintxuri y Yamaguchi, las pr\u00f3ximas salas de proyecciones de la cartelera del Ayuntamiento de Pamplona para este verano","og_url":"https:\/\/www.laguiadepamplona.com\/actualidad\/dos-filmes-europeos-de-animacion-y-una-comedia-espanola-con-la-crisis-economica-como-contexto-dan-inicio-a-la-segunda-semana-de-noches-de-cine\/","og_site_name":"La Gu\u00eda de Pamplona","article_publisher":"https:\/\/www.facebook.com\/laguiadepamplonacom-133175176762273\/?ref=hl","article_published_time":"2021-08-06T17:24:23+00:00","article_modified_time":"2023-04-11T09:49:08+00:00","og_image":[{"width":1800,"height":1035,"url":"https:\/\/www.laguiadepamplona.com\/actualidad\/wp-content\/uploads\/2019\/07\/noches-de-cine.jpg","type":"image\/jpeg"}],"author":"La Gu\u00eda de Pamplona","twitter_card":"summary_large_image","twitter_creator":"@LaGuiadPamplona","twitter_site":"@LaGuiadPamplona","twitter_misc":{"Escrito por":"La Gu\u00eda de Pamplona","Tiempo de lectura":"3 minutos"},"schema":{"@context":"https:\/\/schema.org","@graph":[{"@type":"Article","@id":"https:\/\/www.laguiadepamplona.com\/actualidad\/dos-filmes-europeos-de-animacion-y-una-comedia-espanola-con-la-crisis-economica-como-contexto-dan-inicio-a-la-segunda-semana-de-noches-de-cine\/#article","isPartOf":{"@id":"https:\/\/www.laguiadepamplona.com\/actualidad\/dos-filmes-europeos-de-animacion-y-una-comedia-espanola-con-la-crisis-economica-como-contexto-dan-inicio-a-la-segunda-semana-de-noches-de-cine\/"},"author":{"name":"La Gu\u00eda de Pamplona","@id":"https:\/\/www.laguiadepamplona.com\/actualidad\/#\/schema\/person\/efe887376f0213d4657c93adc50b1fdb"},"headline":"Dos filmes europeos de animaci\u00f3n y una comedia espa\u00f1ola con la crisis econ\u00f3mica como contexto, dan inicio a la segunda semana de \u2018Noches de Cine\u2019","datePublished":"2021-08-06T17:24:23+00:00","dateModified":"2023-04-11T09:49:08+00:00","mainEntityOfPage":{"@id":"https:\/\/www.laguiadepamplona.com\/actualidad\/dos-filmes-europeos-de-animacion-y-una-comedia-espanola-con-la-crisis-economica-como-contexto-dan-inicio-a-la-segunda-semana-de-noches-de-cine\/"},"wordCount":540,"commentCount":0,"publisher":{"@id":"https:\/\/www.laguiadepamplona.com\/actualidad\/#organization"},"image":{"@id":"https:\/\/www.laguiadepamplona.com\/actualidad\/dos-filmes-europeos-de-animacion-y-una-comedia-espanola-con-la-crisis-economica-como-contexto-dan-inicio-a-la-segunda-semana-de-noches-de-cine\/#primaryimage"},"thumbnailUrl":"https:\/\/www.laguiadepamplona.com\/actualidad\/wp-content\/uploads\/2019\/07\/noches-de-cine.jpg","articleSection":["Ayto Pamplona"],"inLanguage":"es","potentialAction":[{"@type":"CommentAction","name":"Comment","target":["https:\/\/www.laguiadepamplona.com\/actualidad\/dos-filmes-europeos-de-animacion-y-una-comedia-espanola-con-la-crisis-economica-como-contexto-dan-inicio-a-la-segunda-semana-de-noches-de-cine\/#respond"]}]},{"@type":"WebPage","@id":"https:\/\/www.laguiadepamplona.com\/actualidad\/dos-filmes-europeos-de-animacion-y-una-comedia-espanola-con-la-crisis-economica-como-contexto-dan-inicio-a-la-segunda-semana-de-noches-de-cine\/","url":"https:\/\/www.laguiadepamplona.com\/actualidad\/dos-filmes-europeos-de-animacion-y-una-comedia-espanola-con-la-crisis-economica-como-contexto-dan-inicio-a-la-segunda-semana-de-noches-de-cine\/","name":"Dos filmes europeos de animaci\u00f3n y una comedia espa\u00f1ola con la crisis econ\u00f3mica como contexto, dan inicio a la segunda semana de \u2018Noches de Cine\u2019","isPartOf":{"@id":"https:\/\/www.laguiadepamplona.com\/actualidad\/#website"},"primaryImageOfPage":{"@id":"https:\/\/www.laguiadepamplona.com\/actualidad\/dos-filmes-europeos-de-animacion-y-una-comedia-espanola-con-la-crisis-economica-como-contexto-dan-inicio-a-la-segunda-semana-de-noches-de-cine\/#primaryimage"},"image":{"@id":"https:\/\/www.laguiadepamplona.com\/actualidad\/dos-filmes-europeos-de-animacion-y-una-comedia-espanola-con-la-crisis-economica-como-contexto-dan-inicio-a-la-segunda-semana-de-noches-de-cine\/#primaryimage"},"thumbnailUrl":"https:\/\/www.laguiadepamplona.com\/actualidad\/wp-content\/uploads\/2019\/07\/noches-de-cine.jpg","datePublished":"2021-08-06T17:24:23+00:00","dateModified":"2023-04-11T09:49:08+00:00","description":"Etxabakoitz, Buztintxuri y Yamaguchi, las pr\u00f3ximas salas de proyecciones de la cartelera del Ayuntamiento de Pamplona para este verano","breadcrumb":{"@id":"https:\/\/www.laguiadepamplona.com\/actualidad\/dos-filmes-europeos-de-animacion-y-una-comedia-espanola-con-la-crisis-economica-como-contexto-dan-inicio-a-la-segunda-semana-de-noches-de-cine\/#breadcrumb"},"inLanguage":"es","potentialAction":[{"@type":"ReadAction","target":["https:\/\/www.laguiadepamplona.com\/actualidad\/dos-filmes-europeos-de-animacion-y-una-comedia-espanola-con-la-crisis-economica-como-contexto-dan-inicio-a-la-segunda-semana-de-noches-de-cine\/"]}]},{"@type":"ImageObject","inLanguage":"es","@id":"https:\/\/www.laguiadepamplona.com\/actualidad\/dos-filmes-europeos-de-animacion-y-una-comedia-espanola-con-la-crisis-economica-como-contexto-dan-inicio-a-la-segunda-semana-de-noches-de-cine\/#primaryimage","url":"https:\/\/www.laguiadepamplona.com\/actualidad\/wp-content\/uploads\/2019\/07\/noches-de-cine.jpg","contentUrl":"https:\/\/www.laguiadepamplona.com\/actualidad\/wp-content\/uploads\/2019\/07\/noches-de-cine.jpg","width":1800,"height":1035,"caption":"noches de cine"},{"@type":"BreadcrumbList","@id":"https:\/\/www.laguiadepamplona.com\/actualidad\/dos-filmes-europeos-de-animacion-y-una-comedia-espanola-con-la-crisis-economica-como-contexto-dan-inicio-a-la-segunda-semana-de-noches-de-cine\/#breadcrumb","itemListElement":[{"@type":"ListItem","position":1,"name":"Portada","item":"https:\/\/www.laguiadepamplona.com\/actualidad\/"},{"@type":"ListItem","position":2,"name":"Dos filmes europeos de animaci\u00f3n y una comedia espa\u00f1ola con la crisis econ\u00f3mica como contexto, dan inicio a la segunda semana de \u2018Noches de Cine\u2019"}]},{"@type":"WebSite","@id":"https:\/\/www.laguiadepamplona.com\/actualidad\/#website","url":"https:\/\/www.laguiadepamplona.com\/actualidad\/","name":"La gu\u00eda de Pamplona","description":"Noticias de Pamplona","publisher":{"@id":"https:\/\/www.laguiadepamplona.com\/actualidad\/#organization"},"potentialAction":[{"@type":"SearchAction","target":{"@type":"EntryPoint","urlTemplate":"https:\/\/www.laguiadepamplona.com\/actualidad\/?s={search_term_string}"},"query-input":{"@type":"PropertyValueSpecification","valueRequired":true,"valueName":"search_term_string"}}],"inLanguage":"es"},{"@type":"Organization","@id":"https:\/\/www.laguiadepamplona.com\/actualidad\/#organization","name":"La Gu\u00eda de Pamplona \/ Noticias","url":"https:\/\/www.laguiadepamplona.com\/actualidad\/","logo":{"@type":"ImageObject","inLanguage":"es","@id":"https:\/\/www.laguiadepamplona.com\/actualidad\/#\/schema\/logo\/image\/","url":"https:\/\/www.laguiadepamplona.com\/actualidad\/wp-content\/uploads\/2018\/11\/logo-laguiadepamplona18-web1.png","contentUrl":"https:\/\/www.laguiadepamplona.com\/actualidad\/wp-content\/uploads\/2018\/11\/logo-laguiadepamplona18-web1.png","width":600,"height":196,"caption":"La Gu\u00eda de Pamplona \/ Noticias"},"image":{"@id":"https:\/\/www.laguiadepamplona.com\/actualidad\/#\/schema\/logo\/image\/"},"sameAs":["https:\/\/www.facebook.com\/laguiadepamplonacom-133175176762273\/?ref=hl","https:\/\/x.com\/LaGuiadPamplona","https:\/\/www.instagram.com\/la_guia_de_pamplona\/","https:\/\/www.youtube.com\/user\/laguiadepamplona"]},{"@type":"Person","@id":"https:\/\/www.laguiadepamplona.com\/actualidad\/#\/schema\/person\/efe887376f0213d4657c93adc50b1fdb","name":"La Gu\u00eda de Pamplona","image":{"@type":"ImageObject","inLanguage":"es","@id":"https:\/\/secure.gravatar.com\/avatar\/b6992f131dc8d30ab0dff15446e9d346d9dbd95992de0fef795073f5ea83a81c?s=96&d=mm&r=g","url":"https:\/\/secure.gravatar.com\/avatar\/b6992f131dc8d30ab0dff15446e9d346d9dbd95992de0fef795073f5ea83a81c?s=96&d=mm&r=g","contentUrl":"https:\/\/secure.gravatar.com\/avatar\/b6992f131dc8d30ab0dff15446e9d346d9dbd95992de0fef795073f5ea83a81c?s=96&d=mm&r=g","caption":"La Gu\u00eda de Pamplona"}}]}},"post_mailing_queue_ids":[],"_links":{"self":[{"href":"https:\/\/www.laguiadepamplona.com\/actualidad\/wp-json\/wp\/v2\/posts\/36110","targetHints":{"allow":["GET"]}}],"collection":[{"href":"https:\/\/www.laguiadepamplona.com\/actualidad\/wp-json\/wp\/v2\/posts"}],"about":[{"href":"https:\/\/www.laguiadepamplona.com\/actualidad\/wp-json\/wp\/v2\/types\/post"}],"author":[{"embeddable":true,"href":"https:\/\/www.laguiadepamplona.com\/actualidad\/wp-json\/wp\/v2\/users\/1"}],"replies":[{"embeddable":true,"href":"https:\/\/www.laguiadepamplona.com\/actualidad\/wp-json\/wp\/v2\/comments?post=36110"}],"version-history":[{"count":0,"href":"https:\/\/www.laguiadepamplona.com\/actualidad\/wp-json\/wp\/v2\/posts\/36110\/revisions"}],"wp:featuredmedia":[{"embeddable":true,"href":"https:\/\/www.laguiadepamplona.com\/actualidad\/wp-json\/wp\/v2\/media\/23391"}],"wp:attachment":[{"href":"https:\/\/www.laguiadepamplona.com\/actualidad\/wp-json\/wp\/v2\/media?parent=36110"}],"wp:term":[{"taxonomy":"category","embeddable":true,"href":"https:\/\/www.laguiadepamplona.com\/actualidad\/wp-json\/wp\/v2\/categories?post=36110"},{"taxonomy":"post_tag","embeddable":true,"href":"https:\/\/www.laguiadepamplona.com\/actualidad\/wp-json\/wp\/v2\/tags?post=36110"}],"curies":[{"name":"wp","href":"https:\/\/api.w.org\/{rel}","templated":true}]}}