{"id":36105,"date":"2021-08-06T19:21:16","date_gmt":"2021-08-06T17:21:16","guid":{"rendered":"https:\/\/www.laguiadepamplona.com\/actualidad\/?p=36105"},"modified":"2023-04-11T11:49:08","modified_gmt":"2023-04-11T09:49:08","slug":"kadavresky-y-trocos-lucos-presentan-sus-acrobacias-sobre-esquis-y-sus-tecnicas-de-bascula-coreana-en-las-citas-previstas-lunes-y-martes-en-el-festival-de-las-murallas","status":"publish","type":"post","link":"https:\/\/www.laguiadepamplona.com\/actualidad\/kadavresky-y-trocos-lucos-presentan-sus-acrobacias-sobre-esquis-y-sus-tecnicas-de-bascula-coreana-en-las-citas-previstas-lunes-y-martes-en-el-festival-de-las-murallas\/","title":{"rendered":"Kadavresky y Trocos Lucos presentan sus acrobacias sobre esqu\u00eds y sus t\u00e9cnicas de bascula coreana en las citas previstas lunes y martes en el Festival de las Murallas"},"content":{"rendered":"<h5>Comienza la segunda semana del festival con los espect\u00e1culos \u2018Les Madeleines de Poulpe\u2019 y \u2018Tartana\u2019, con entrada libre hasta completar el aforo<\/h5>\n<p><!--more--><\/p>\n<p>Segunda semana del Festival de las Murallas en la Ciudadela de Pamplona, que comienza con los espect\u00e1culos de las compa\u00f1\u00edas Kadravesky y Trocos Lucos el lunes y el martes, respectivamente. El p\u00fablico podr\u00e1 ver t\u00e9cnicas circenses como las acrobacias o la b\u00e1scula coreana. Ambas representaciones dar\u00e1n comienzo a las 20 horas, con entrada libre hasta completar el aforo previsto.<\/p>\n<p>El lunes actuar\u00e1 la compa\u00f1\u00eda Kadavresky, con su espect\u00e1culo \u2018Les Madeleines de Poulpe (Las magdalenas de pulpo)\u2019. En un universo burlesco y po\u00e9tico, se mezclan carcajadas y acrobacias con la ayuda de los esqu\u00eds. Se pone al fuego y se a\u00f1aden las cintas a\u00e9reas y el m\u00e1stil chino, con un pellizco de equilibrios. Se incorpora el pulpo en rodajas, se salpimenta con m\u00fasica y se remueve vivamente hasta que los recuerdos emerjan. Una receta de espect\u00e1culo (versus magdalenas) atrevida, en\u00e9rgica y musical.<\/p>\n<p>Acrobacias sobre esqu\u00eds, ejercicios a\u00e9reos, teatro de clown, equilibrios, teatro de objetos y m\u00fasica en directo son los ingredientes de este espect\u00e1culo din\u00e1mico y lleno de alegr\u00eda que conjuga el humor surrealista con c\u00f3digos art\u00edsticos que recuerdan al cabaret, el\u00a0<em>burlesque<\/em>, el charivari y el circo tradicional. Kadavreski es una compa\u00f1\u00eda francesa creada en 2012 por cinco j\u00f3venes artistas de circo, expertos en una gran variedad de artes. \u2018Les Madeleines de Poulpe\u2019 es su segundo espect\u00e1culo. Con el primero, \u2018L\u00b4Effet Escargot\u2019 realizaron m\u00e1s de 250 actuaciones en Francia y en pa\u00edses como Espa\u00f1a, Italia, B\u00e9lgica, Noruega o Costa Rica.<\/p>\n<p><script async src=\"\/\/pagead2.googlesyndication.com\/pagead\/js\/adsbygoogle.js\"><\/script><br \/>\n<!-- Noticias La Guia de Pamplona --><br \/>\n<ins class=\"adsbygoogle\"\nstyle=\"display:block\"\ndata-ad-client=\"ca-pub-6943679897239327\"\ndata-ad-slot=\"7048180777\"\ndata-ad-format=\"auto\"><\/ins><br \/>\n<script>\n(adsbygoogle = window.adsbygoogle || []).push({});\n<\/script><\/p>\n<p><strong>Saltos y b\u00e1scula coreana con Trocos Lucos<\/strong><\/p>\n<p>\u2018Tartana\u2019 es la propuesta que el martes llevar\u00e1 a escena Trocos Lucos. Se trata de un espect\u00e1culo que a\u00fana una investigaci\u00f3n sobre la t\u00e9cnica de b\u00e1scula coreana y equilibrios sobre manos y humor, en una escena encuadrada por una furgoneta y la sensaci\u00f3n de que cualquier cosa es posible. Una propuesta innovadora con la que vivir el riesgo de alto nivel en las t\u00e9cnicas de circo y con la que emocionarse por la complicidad de los tres acr\u00f3batas protagonistas.<\/p>\n<p>Trocos Lucos se consolid\u00f3 en el a\u00f1o 2019, a partir de la ilusi\u00f3n y el compromiso profesional de tres j\u00f3venes acr\u00f3batas madrile\u00f1os para desarrollar espect\u00e1culos de calle. Durante el proceso, han trabajado en diferentes eventos de compa\u00f1\u00edas como AcroEvents, Cirque des Sens o 21Distritos, actuando en festivales como Trapezi, el TAC o Firco y colaborando con entidades como el Teatro Circo Price o la Escuela de Circo Carampa. Tras la creaci\u00f3n de \u2018Tartana\u2019, han presentado su material en festivales como Circo de Tres Cantos (Madrid) y Festival Circada (Sevilla), en el que consiguieron diferentes premios.<\/p>\n<p><script async src=\"\/\/pagead2.googlesyndication.com\/pagead\/js\/adsbygoogle.js\"><\/script><br \/>\n<!-- Noticias La Guia de Pamplona --><br \/>\n<ins class=\"adsbygoogle\"\nstyle=\"display:block\"\ndata-ad-client=\"ca-pub-6943679897239327\"\ndata-ad-slot=\"7048180777\"\ndata-ad-format=\"auto\"><\/ins><br \/>\n<script>\n(adsbygoogle = window.adsbygoogle || []).push({});\n<\/script><\/p>\n<p>&nbsp;<\/p>\n<h3>Espect\u00e1culos del Festival de las Murallas<\/h3>\n<ul>\n<li>Lunes 9 agosto. 20 horas, Ciudadela\n<ul>\n<li>LES MADELEINES DE POULPE. Kadavresky<\/li>\n<\/ul>\n<\/li>\n<li>Martes 10 agosto. 20 horas, Ciudadela\n<ul>\n<li>Trocos Lukos<\/li>\n<\/ul>\n<\/li>\n<li>Mi\u00e9rcoles 11 agosto. 20 horas, Ciudadela\n<ul>\n<li>La gata japonesa<\/li>\n<\/ul>\n<\/li>\n<li>Jueves 12 agosto. 20 horas, Ciudadela\n<ul>\n<li>Cir Bover<\/li>\n<\/ul>\n<\/li>\n<li>Viernes 13 agosto. 22 horas, Ciudadela\n<ul>\n<li>Nicanor de Elia<\/li>\n<\/ul>\n<\/li>\n<li>Lunes 16 agosto. 20 horas, Ciudadela\n<ul>\n<li>EL CAZADOR. MIGTHY JAMBO<\/li>\n<\/ul>\n<\/li>\n<li>Martes 17 agosto. 20 horas, Ciudadela\n<ul>\n<li>Colectiu TQM<\/li>\n<\/ul>\n<\/li>\n<li>Mi\u00e9rcoles 18 agosto. 20 horas, Ciudadela\n<ul>\n<li>MAGIC BOX. E.go<\/li>\n<\/ul>\n<\/li>\n<li>Jueves 19 agosto. 20 horas, Ciudadela\n<ul>\n<li>Vaiv\u00e9n circo<\/li>\n<\/ul>\n<\/li>\n<\/ul>\n","protected":false},"excerpt":{"rendered":"<p>Comienza la segunda semana del festival con los espect\u00e1culos \u2018Les Madeleines de Poulpe\u2019 y \u2018Tartana\u2019, con entrada libre hasta completar el aforo<\/p>\n","protected":false},"author":1,"featured_media":36106,"comment_status":"open","ping_status":"closed","sticky":false,"template":"","format":"standard","meta":{"footnotes":""},"categories":[2],"tags":[],"class_list":["post-36105","post","type-post","status-publish","format-standard","has-post-thumbnail","hentry","category-ayuntamiento-pamplona"],"yoast_head":"<!-- This site is optimized with the Yoast SEO plugin v27.5 - https:\/\/yoast.com\/product\/yoast-seo-wordpress\/ -->\n<title>Kadavresky y Trocos Lucos presentan sus acrobacias sobre esqu\u00eds y sus t\u00e9cnicas de bascula coreana en las citas previstas lunes y martes en el Festival de las Murallas<\/title>\n<meta name=\"description\" content=\"Comienza la segunda semana del festival con los espect\u00e1culos \u2018Les Madeleines de Poulpe\u2019 y \u2018Tartana\u2019, con entrada libre hasta completar el aforo\" \/>\n<meta name=\"robots\" content=\"index, follow, max-snippet:-1, max-image-preview:large, max-video-preview:-1\" \/>\n<link rel=\"canonical\" href=\"https:\/\/www.laguiadepamplona.com\/actualidad\/kadavresky-y-trocos-lucos-presentan-sus-acrobacias-sobre-esquis-y-sus-tecnicas-de-bascula-coreana-en-las-citas-previstas-lunes-y-martes-en-el-festival-de-las-murallas\/\" \/>\n<meta property=\"og:locale\" content=\"es_ES\" \/>\n<meta property=\"og:type\" content=\"article\" \/>\n<meta property=\"og:title\" content=\"Kadavresky y Trocos Lucos presentan sus acrobacias sobre esqu\u00eds y sus t\u00e9cnicas de bascula coreana en las citas previstas lunes y martes en el Festival de las Murallas\" \/>\n<meta property=\"og:description\" content=\"Comienza la segunda semana del festival con los espect\u00e1culos \u2018Les Madeleines de Poulpe\u2019 y \u2018Tartana\u2019, con entrada libre hasta completar el aforo\" \/>\n<meta property=\"og:url\" content=\"https:\/\/www.laguiadepamplona.com\/actualidad\/kadavresky-y-trocos-lucos-presentan-sus-acrobacias-sobre-esquis-y-sus-tecnicas-de-bascula-coreana-en-las-citas-previstas-lunes-y-martes-en-el-festival-de-las-murallas\/\" \/>\n<meta property=\"og:site_name\" content=\"La Gu\u00eda de Pamplona\" \/>\n<meta property=\"article:publisher\" content=\"https:\/\/www.facebook.com\/laguiadepamplonacom-133175176762273\/?ref=hl\" \/>\n<meta property=\"article:published_time\" content=\"2021-08-06T17:21:16+00:00\" \/>\n<meta property=\"article:modified_time\" content=\"2023-04-11T09:49:08+00:00\" \/>\n<meta property=\"og:image\" content=\"https:\/\/www.laguiadepamplona.com\/actualidad\/wp-content\/uploads\/2021\/08\/trocos-lucos.jpg\" \/>\n\t<meta property=\"og:image:width\" content=\"1920\" \/>\n\t<meta property=\"og:image:height\" content=\"1083\" \/>\n\t<meta property=\"og:image:type\" content=\"image\/jpeg\" \/>\n<meta name=\"author\" content=\"La Gu\u00eda de Pamplona\" \/>\n<meta name=\"twitter:card\" content=\"summary_large_image\" \/>\n<meta name=\"twitter:creator\" content=\"@LaGuiadPamplona\" \/>\n<meta name=\"twitter:site\" content=\"@LaGuiadPamplona\" \/>\n<meta name=\"twitter:label1\" content=\"Escrito por\" \/>\n\t<meta name=\"twitter:data1\" content=\"La Gu\u00eda de Pamplona\" \/>\n\t<meta name=\"twitter:label2\" content=\"Tiempo de lectura\" \/>\n\t<meta name=\"twitter:data2\" content=\"3 minutos\" \/>\n<script type=\"application\/ld+json\" class=\"yoast-schema-graph\">{\"@context\":\"https:\\\/\\\/schema.org\",\"@graph\":[{\"@type\":\"Article\",\"@id\":\"https:\\\/\\\/www.laguiadepamplona.com\\\/actualidad\\\/kadavresky-y-trocos-lucos-presentan-sus-acrobacias-sobre-esquis-y-sus-tecnicas-de-bascula-coreana-en-las-citas-previstas-lunes-y-martes-en-el-festival-de-las-murallas\\\/#article\",\"isPartOf\":{\"@id\":\"https:\\\/\\\/www.laguiadepamplona.com\\\/actualidad\\\/kadavresky-y-trocos-lucos-presentan-sus-acrobacias-sobre-esquis-y-sus-tecnicas-de-bascula-coreana-en-las-citas-previstas-lunes-y-martes-en-el-festival-de-las-murallas\\\/\"},\"author\":{\"name\":\"La Gu\u00eda de Pamplona\",\"@id\":\"https:\\\/\\\/www.laguiadepamplona.com\\\/actualidad\\\/#\\\/schema\\\/person\\\/efe887376f0213d4657c93adc50b1fdb\"},\"headline\":\"Kadavresky y Trocos Lucos presentan sus acrobacias sobre esqu\u00eds y sus t\u00e9cnicas de bascula coreana en las citas previstas lunes y martes en el Festival de las Murallas\",\"datePublished\":\"2021-08-06T17:21:16+00:00\",\"dateModified\":\"2023-04-11T09:49:08+00:00\",\"mainEntityOfPage\":{\"@id\":\"https:\\\/\\\/www.laguiadepamplona.com\\\/actualidad\\\/kadavresky-y-trocos-lucos-presentan-sus-acrobacias-sobre-esquis-y-sus-tecnicas-de-bascula-coreana-en-las-citas-previstas-lunes-y-martes-en-el-festival-de-las-murallas\\\/\"},\"wordCount\":593,\"commentCount\":0,\"publisher\":{\"@id\":\"https:\\\/\\\/www.laguiadepamplona.com\\\/actualidad\\\/#organization\"},\"image\":{\"@id\":\"https:\\\/\\\/www.laguiadepamplona.com\\\/actualidad\\\/kadavresky-y-trocos-lucos-presentan-sus-acrobacias-sobre-esquis-y-sus-tecnicas-de-bascula-coreana-en-las-citas-previstas-lunes-y-martes-en-el-festival-de-las-murallas\\\/#primaryimage\"},\"thumbnailUrl\":\"https:\\\/\\\/www.laguiadepamplona.com\\\/actualidad\\\/wp-content\\\/uploads\\\/2021\\\/08\\\/trocos-lucos.jpg\",\"articleSection\":[\"Ayto Pamplona\"],\"inLanguage\":\"es\",\"potentialAction\":[{\"@type\":\"CommentAction\",\"name\":\"Comment\",\"target\":[\"https:\\\/\\\/www.laguiadepamplona.com\\\/actualidad\\\/kadavresky-y-trocos-lucos-presentan-sus-acrobacias-sobre-esquis-y-sus-tecnicas-de-bascula-coreana-en-las-citas-previstas-lunes-y-martes-en-el-festival-de-las-murallas\\\/#respond\"]}]},{\"@type\":\"WebPage\",\"@id\":\"https:\\\/\\\/www.laguiadepamplona.com\\\/actualidad\\\/kadavresky-y-trocos-lucos-presentan-sus-acrobacias-sobre-esquis-y-sus-tecnicas-de-bascula-coreana-en-las-citas-previstas-lunes-y-martes-en-el-festival-de-las-murallas\\\/\",\"url\":\"https:\\\/\\\/www.laguiadepamplona.com\\\/actualidad\\\/kadavresky-y-trocos-lucos-presentan-sus-acrobacias-sobre-esquis-y-sus-tecnicas-de-bascula-coreana-en-las-citas-previstas-lunes-y-martes-en-el-festival-de-las-murallas\\\/\",\"name\":\"Kadavresky y Trocos Lucos presentan sus acrobacias sobre esqu\u00eds y sus t\u00e9cnicas de bascula coreana en las citas previstas lunes y martes en el Festival de las Murallas\",\"isPartOf\":{\"@id\":\"https:\\\/\\\/www.laguiadepamplona.com\\\/actualidad\\\/#website\"},\"primaryImageOfPage\":{\"@id\":\"https:\\\/\\\/www.laguiadepamplona.com\\\/actualidad\\\/kadavresky-y-trocos-lucos-presentan-sus-acrobacias-sobre-esquis-y-sus-tecnicas-de-bascula-coreana-en-las-citas-previstas-lunes-y-martes-en-el-festival-de-las-murallas\\\/#primaryimage\"},\"image\":{\"@id\":\"https:\\\/\\\/www.laguiadepamplona.com\\\/actualidad\\\/kadavresky-y-trocos-lucos-presentan-sus-acrobacias-sobre-esquis-y-sus-tecnicas-de-bascula-coreana-en-las-citas-previstas-lunes-y-martes-en-el-festival-de-las-murallas\\\/#primaryimage\"},\"thumbnailUrl\":\"https:\\\/\\\/www.laguiadepamplona.com\\\/actualidad\\\/wp-content\\\/uploads\\\/2021\\\/08\\\/trocos-lucos.jpg\",\"datePublished\":\"2021-08-06T17:21:16+00:00\",\"dateModified\":\"2023-04-11T09:49:08+00:00\",\"description\":\"Comienza la segunda semana del festival con los espect\u00e1culos \u2018Les Madeleines de Poulpe\u2019 y \u2018Tartana\u2019, con entrada libre hasta completar el aforo\",\"breadcrumb\":{\"@id\":\"https:\\\/\\\/www.laguiadepamplona.com\\\/actualidad\\\/kadavresky-y-trocos-lucos-presentan-sus-acrobacias-sobre-esquis-y-sus-tecnicas-de-bascula-coreana-en-las-citas-previstas-lunes-y-martes-en-el-festival-de-las-murallas\\\/#breadcrumb\"},\"inLanguage\":\"es\",\"potentialAction\":[{\"@type\":\"ReadAction\",\"target\":[\"https:\\\/\\\/www.laguiadepamplona.com\\\/actualidad\\\/kadavresky-y-trocos-lucos-presentan-sus-acrobacias-sobre-esquis-y-sus-tecnicas-de-bascula-coreana-en-las-citas-previstas-lunes-y-martes-en-el-festival-de-las-murallas\\\/\"]}]},{\"@type\":\"ImageObject\",\"inLanguage\":\"es\",\"@id\":\"https:\\\/\\\/www.laguiadepamplona.com\\\/actualidad\\\/kadavresky-y-trocos-lucos-presentan-sus-acrobacias-sobre-esquis-y-sus-tecnicas-de-bascula-coreana-en-las-citas-previstas-lunes-y-martes-en-el-festival-de-las-murallas\\\/#primaryimage\",\"url\":\"https:\\\/\\\/www.laguiadepamplona.com\\\/actualidad\\\/wp-content\\\/uploads\\\/2021\\\/08\\\/trocos-lucos.jpg\",\"contentUrl\":\"https:\\\/\\\/www.laguiadepamplona.com\\\/actualidad\\\/wp-content\\\/uploads\\\/2021\\\/08\\\/trocos-lucos.jpg\",\"width\":1920,\"height\":1083},{\"@type\":\"BreadcrumbList\",\"@id\":\"https:\\\/\\\/www.laguiadepamplona.com\\\/actualidad\\\/kadavresky-y-trocos-lucos-presentan-sus-acrobacias-sobre-esquis-y-sus-tecnicas-de-bascula-coreana-en-las-citas-previstas-lunes-y-martes-en-el-festival-de-las-murallas\\\/#breadcrumb\",\"itemListElement\":[{\"@type\":\"ListItem\",\"position\":1,\"name\":\"Portada\",\"item\":\"https:\\\/\\\/www.laguiadepamplona.com\\\/actualidad\\\/\"},{\"@type\":\"ListItem\",\"position\":2,\"name\":\"Kadavresky y Trocos Lucos presentan sus acrobacias sobre esqu\u00eds y sus t\u00e9cnicas de bascula coreana en las citas previstas lunes y martes en el Festival de las Murallas\"}]},{\"@type\":\"WebSite\",\"@id\":\"https:\\\/\\\/www.laguiadepamplona.com\\\/actualidad\\\/#website\",\"url\":\"https:\\\/\\\/www.laguiadepamplona.com\\\/actualidad\\\/\",\"name\":\"La gu\u00eda de Pamplona\",\"description\":\"Noticias de Pamplona\",\"publisher\":{\"@id\":\"https:\\\/\\\/www.laguiadepamplona.com\\\/actualidad\\\/#organization\"},\"potentialAction\":[{\"@type\":\"SearchAction\",\"target\":{\"@type\":\"EntryPoint\",\"urlTemplate\":\"https:\\\/\\\/www.laguiadepamplona.com\\\/actualidad\\\/?s={search_term_string}\"},\"query-input\":{\"@type\":\"PropertyValueSpecification\",\"valueRequired\":true,\"valueName\":\"search_term_string\"}}],\"inLanguage\":\"es\"},{\"@type\":\"Organization\",\"@id\":\"https:\\\/\\\/www.laguiadepamplona.com\\\/actualidad\\\/#organization\",\"name\":\"La Gu\u00eda de Pamplona \\\/ Noticias\",\"url\":\"https:\\\/\\\/www.laguiadepamplona.com\\\/actualidad\\\/\",\"logo\":{\"@type\":\"ImageObject\",\"inLanguage\":\"es\",\"@id\":\"https:\\\/\\\/www.laguiadepamplona.com\\\/actualidad\\\/#\\\/schema\\\/logo\\\/image\\\/\",\"url\":\"https:\\\/\\\/www.laguiadepamplona.com\\\/actualidad\\\/wp-content\\\/uploads\\\/2018\\\/11\\\/logo-laguiadepamplona18-web1.png\",\"contentUrl\":\"https:\\\/\\\/www.laguiadepamplona.com\\\/actualidad\\\/wp-content\\\/uploads\\\/2018\\\/11\\\/logo-laguiadepamplona18-web1.png\",\"width\":600,\"height\":196,\"caption\":\"La Gu\u00eda de Pamplona \\\/ Noticias\"},\"image\":{\"@id\":\"https:\\\/\\\/www.laguiadepamplona.com\\\/actualidad\\\/#\\\/schema\\\/logo\\\/image\\\/\"},\"sameAs\":[\"https:\\\/\\\/www.facebook.com\\\/laguiadepamplonacom-133175176762273\\\/?ref=hl\",\"https:\\\/\\\/x.com\\\/LaGuiadPamplona\",\"https:\\\/\\\/www.instagram.com\\\/la_guia_de_pamplona\\\/\",\"https:\\\/\\\/www.youtube.com\\\/user\\\/laguiadepamplona\"]},{\"@type\":\"Person\",\"@id\":\"https:\\\/\\\/www.laguiadepamplona.com\\\/actualidad\\\/#\\\/schema\\\/person\\\/efe887376f0213d4657c93adc50b1fdb\",\"name\":\"La Gu\u00eda de Pamplona\",\"image\":{\"@type\":\"ImageObject\",\"inLanguage\":\"es\",\"@id\":\"https:\\\/\\\/secure.gravatar.com\\\/avatar\\\/b6992f131dc8d30ab0dff15446e9d346d9dbd95992de0fef795073f5ea83a81c?s=96&d=mm&r=g\",\"url\":\"https:\\\/\\\/secure.gravatar.com\\\/avatar\\\/b6992f131dc8d30ab0dff15446e9d346d9dbd95992de0fef795073f5ea83a81c?s=96&d=mm&r=g\",\"contentUrl\":\"https:\\\/\\\/secure.gravatar.com\\\/avatar\\\/b6992f131dc8d30ab0dff15446e9d346d9dbd95992de0fef795073f5ea83a81c?s=96&d=mm&r=g\",\"caption\":\"La Gu\u00eda de Pamplona\"}}]}<\/script>\n<!-- \/ Yoast SEO plugin. -->","yoast_head_json":{"title":"Kadavresky y Trocos Lucos presentan sus acrobacias sobre esqu\u00eds y sus t\u00e9cnicas de bascula coreana en las citas previstas lunes y martes en el Festival de las Murallas","description":"Comienza la segunda semana del festival con los espect\u00e1culos \u2018Les Madeleines de Poulpe\u2019 y \u2018Tartana\u2019, con entrada libre hasta completar el aforo","robots":{"index":"index","follow":"follow","max-snippet":"max-snippet:-1","max-image-preview":"max-image-preview:large","max-video-preview":"max-video-preview:-1"},"canonical":"https:\/\/www.laguiadepamplona.com\/actualidad\/kadavresky-y-trocos-lucos-presentan-sus-acrobacias-sobre-esquis-y-sus-tecnicas-de-bascula-coreana-en-las-citas-previstas-lunes-y-martes-en-el-festival-de-las-murallas\/","og_locale":"es_ES","og_type":"article","og_title":"Kadavresky y Trocos Lucos presentan sus acrobacias sobre esqu\u00eds y sus t\u00e9cnicas de bascula coreana en las citas previstas lunes y martes en el Festival de las Murallas","og_description":"Comienza la segunda semana del festival con los espect\u00e1culos \u2018Les Madeleines de Poulpe\u2019 y \u2018Tartana\u2019, con entrada libre hasta completar el aforo","og_url":"https:\/\/www.laguiadepamplona.com\/actualidad\/kadavresky-y-trocos-lucos-presentan-sus-acrobacias-sobre-esquis-y-sus-tecnicas-de-bascula-coreana-en-las-citas-previstas-lunes-y-martes-en-el-festival-de-las-murallas\/","og_site_name":"La Gu\u00eda de Pamplona","article_publisher":"https:\/\/www.facebook.com\/laguiadepamplonacom-133175176762273\/?ref=hl","article_published_time":"2021-08-06T17:21:16+00:00","article_modified_time":"2023-04-11T09:49:08+00:00","og_image":[{"width":1920,"height":1083,"url":"https:\/\/www.laguiadepamplona.com\/actualidad\/wp-content\/uploads\/2021\/08\/trocos-lucos.jpg","type":"image\/jpeg"}],"author":"La Gu\u00eda de Pamplona","twitter_card":"summary_large_image","twitter_creator":"@LaGuiadPamplona","twitter_site":"@LaGuiadPamplona","twitter_misc":{"Escrito por":"La Gu\u00eda de Pamplona","Tiempo de lectura":"3 minutos"},"schema":{"@context":"https:\/\/schema.org","@graph":[{"@type":"Article","@id":"https:\/\/www.laguiadepamplona.com\/actualidad\/kadavresky-y-trocos-lucos-presentan-sus-acrobacias-sobre-esquis-y-sus-tecnicas-de-bascula-coreana-en-las-citas-previstas-lunes-y-martes-en-el-festival-de-las-murallas\/#article","isPartOf":{"@id":"https:\/\/www.laguiadepamplona.com\/actualidad\/kadavresky-y-trocos-lucos-presentan-sus-acrobacias-sobre-esquis-y-sus-tecnicas-de-bascula-coreana-en-las-citas-previstas-lunes-y-martes-en-el-festival-de-las-murallas\/"},"author":{"name":"La Gu\u00eda de Pamplona","@id":"https:\/\/www.laguiadepamplona.com\/actualidad\/#\/schema\/person\/efe887376f0213d4657c93adc50b1fdb"},"headline":"Kadavresky y Trocos Lucos presentan sus acrobacias sobre esqu\u00eds y sus t\u00e9cnicas de bascula coreana en las citas previstas lunes y martes en el Festival de las Murallas","datePublished":"2021-08-06T17:21:16+00:00","dateModified":"2023-04-11T09:49:08+00:00","mainEntityOfPage":{"@id":"https:\/\/www.laguiadepamplona.com\/actualidad\/kadavresky-y-trocos-lucos-presentan-sus-acrobacias-sobre-esquis-y-sus-tecnicas-de-bascula-coreana-en-las-citas-previstas-lunes-y-martes-en-el-festival-de-las-murallas\/"},"wordCount":593,"commentCount":0,"publisher":{"@id":"https:\/\/www.laguiadepamplona.com\/actualidad\/#organization"},"image":{"@id":"https:\/\/www.laguiadepamplona.com\/actualidad\/kadavresky-y-trocos-lucos-presentan-sus-acrobacias-sobre-esquis-y-sus-tecnicas-de-bascula-coreana-en-las-citas-previstas-lunes-y-martes-en-el-festival-de-las-murallas\/#primaryimage"},"thumbnailUrl":"https:\/\/www.laguiadepamplona.com\/actualidad\/wp-content\/uploads\/2021\/08\/trocos-lucos.jpg","articleSection":["Ayto Pamplona"],"inLanguage":"es","potentialAction":[{"@type":"CommentAction","name":"Comment","target":["https:\/\/www.laguiadepamplona.com\/actualidad\/kadavresky-y-trocos-lucos-presentan-sus-acrobacias-sobre-esquis-y-sus-tecnicas-de-bascula-coreana-en-las-citas-previstas-lunes-y-martes-en-el-festival-de-las-murallas\/#respond"]}]},{"@type":"WebPage","@id":"https:\/\/www.laguiadepamplona.com\/actualidad\/kadavresky-y-trocos-lucos-presentan-sus-acrobacias-sobre-esquis-y-sus-tecnicas-de-bascula-coreana-en-las-citas-previstas-lunes-y-martes-en-el-festival-de-las-murallas\/","url":"https:\/\/www.laguiadepamplona.com\/actualidad\/kadavresky-y-trocos-lucos-presentan-sus-acrobacias-sobre-esquis-y-sus-tecnicas-de-bascula-coreana-en-las-citas-previstas-lunes-y-martes-en-el-festival-de-las-murallas\/","name":"Kadavresky y Trocos Lucos presentan sus acrobacias sobre esqu\u00eds y sus t\u00e9cnicas de bascula coreana en las citas previstas lunes y martes en el Festival de las Murallas","isPartOf":{"@id":"https:\/\/www.laguiadepamplona.com\/actualidad\/#website"},"primaryImageOfPage":{"@id":"https:\/\/www.laguiadepamplona.com\/actualidad\/kadavresky-y-trocos-lucos-presentan-sus-acrobacias-sobre-esquis-y-sus-tecnicas-de-bascula-coreana-en-las-citas-previstas-lunes-y-martes-en-el-festival-de-las-murallas\/#primaryimage"},"image":{"@id":"https:\/\/www.laguiadepamplona.com\/actualidad\/kadavresky-y-trocos-lucos-presentan-sus-acrobacias-sobre-esquis-y-sus-tecnicas-de-bascula-coreana-en-las-citas-previstas-lunes-y-martes-en-el-festival-de-las-murallas\/#primaryimage"},"thumbnailUrl":"https:\/\/www.laguiadepamplona.com\/actualidad\/wp-content\/uploads\/2021\/08\/trocos-lucos.jpg","datePublished":"2021-08-06T17:21:16+00:00","dateModified":"2023-04-11T09:49:08+00:00","description":"Comienza la segunda semana del festival con los espect\u00e1culos \u2018Les Madeleines de Poulpe\u2019 y \u2018Tartana\u2019, con entrada libre hasta completar el aforo","breadcrumb":{"@id":"https:\/\/www.laguiadepamplona.com\/actualidad\/kadavresky-y-trocos-lucos-presentan-sus-acrobacias-sobre-esquis-y-sus-tecnicas-de-bascula-coreana-en-las-citas-previstas-lunes-y-martes-en-el-festival-de-las-murallas\/#breadcrumb"},"inLanguage":"es","potentialAction":[{"@type":"ReadAction","target":["https:\/\/www.laguiadepamplona.com\/actualidad\/kadavresky-y-trocos-lucos-presentan-sus-acrobacias-sobre-esquis-y-sus-tecnicas-de-bascula-coreana-en-las-citas-previstas-lunes-y-martes-en-el-festival-de-las-murallas\/"]}]},{"@type":"ImageObject","inLanguage":"es","@id":"https:\/\/www.laguiadepamplona.com\/actualidad\/kadavresky-y-trocos-lucos-presentan-sus-acrobacias-sobre-esquis-y-sus-tecnicas-de-bascula-coreana-en-las-citas-previstas-lunes-y-martes-en-el-festival-de-las-murallas\/#primaryimage","url":"https:\/\/www.laguiadepamplona.com\/actualidad\/wp-content\/uploads\/2021\/08\/trocos-lucos.jpg","contentUrl":"https:\/\/www.laguiadepamplona.com\/actualidad\/wp-content\/uploads\/2021\/08\/trocos-lucos.jpg","width":1920,"height":1083},{"@type":"BreadcrumbList","@id":"https:\/\/www.laguiadepamplona.com\/actualidad\/kadavresky-y-trocos-lucos-presentan-sus-acrobacias-sobre-esquis-y-sus-tecnicas-de-bascula-coreana-en-las-citas-previstas-lunes-y-martes-en-el-festival-de-las-murallas\/#breadcrumb","itemListElement":[{"@type":"ListItem","position":1,"name":"Portada","item":"https:\/\/www.laguiadepamplona.com\/actualidad\/"},{"@type":"ListItem","position":2,"name":"Kadavresky y Trocos Lucos presentan sus acrobacias sobre esqu\u00eds y sus t\u00e9cnicas de bascula coreana en las citas previstas lunes y martes en el Festival de las Murallas"}]},{"@type":"WebSite","@id":"https:\/\/www.laguiadepamplona.com\/actualidad\/#website","url":"https:\/\/www.laguiadepamplona.com\/actualidad\/","name":"La gu\u00eda de Pamplona","description":"Noticias de Pamplona","publisher":{"@id":"https:\/\/www.laguiadepamplona.com\/actualidad\/#organization"},"potentialAction":[{"@type":"SearchAction","target":{"@type":"EntryPoint","urlTemplate":"https:\/\/www.laguiadepamplona.com\/actualidad\/?s={search_term_string}"},"query-input":{"@type":"PropertyValueSpecification","valueRequired":true,"valueName":"search_term_string"}}],"inLanguage":"es"},{"@type":"Organization","@id":"https:\/\/www.laguiadepamplona.com\/actualidad\/#organization","name":"La Gu\u00eda de Pamplona \/ Noticias","url":"https:\/\/www.laguiadepamplona.com\/actualidad\/","logo":{"@type":"ImageObject","inLanguage":"es","@id":"https:\/\/www.laguiadepamplona.com\/actualidad\/#\/schema\/logo\/image\/","url":"https:\/\/www.laguiadepamplona.com\/actualidad\/wp-content\/uploads\/2018\/11\/logo-laguiadepamplona18-web1.png","contentUrl":"https:\/\/www.laguiadepamplona.com\/actualidad\/wp-content\/uploads\/2018\/11\/logo-laguiadepamplona18-web1.png","width":600,"height":196,"caption":"La Gu\u00eda de Pamplona \/ Noticias"},"image":{"@id":"https:\/\/www.laguiadepamplona.com\/actualidad\/#\/schema\/logo\/image\/"},"sameAs":["https:\/\/www.facebook.com\/laguiadepamplonacom-133175176762273\/?ref=hl","https:\/\/x.com\/LaGuiadPamplona","https:\/\/www.instagram.com\/la_guia_de_pamplona\/","https:\/\/www.youtube.com\/user\/laguiadepamplona"]},{"@type":"Person","@id":"https:\/\/www.laguiadepamplona.com\/actualidad\/#\/schema\/person\/efe887376f0213d4657c93adc50b1fdb","name":"La Gu\u00eda de Pamplona","image":{"@type":"ImageObject","inLanguage":"es","@id":"https:\/\/secure.gravatar.com\/avatar\/b6992f131dc8d30ab0dff15446e9d346d9dbd95992de0fef795073f5ea83a81c?s=96&d=mm&r=g","url":"https:\/\/secure.gravatar.com\/avatar\/b6992f131dc8d30ab0dff15446e9d346d9dbd95992de0fef795073f5ea83a81c?s=96&d=mm&r=g","contentUrl":"https:\/\/secure.gravatar.com\/avatar\/b6992f131dc8d30ab0dff15446e9d346d9dbd95992de0fef795073f5ea83a81c?s=96&d=mm&r=g","caption":"La Gu\u00eda de Pamplona"}}]}},"post_mailing_queue_ids":[],"_links":{"self":[{"href":"https:\/\/www.laguiadepamplona.com\/actualidad\/wp-json\/wp\/v2\/posts\/36105","targetHints":{"allow":["GET"]}}],"collection":[{"href":"https:\/\/www.laguiadepamplona.com\/actualidad\/wp-json\/wp\/v2\/posts"}],"about":[{"href":"https:\/\/www.laguiadepamplona.com\/actualidad\/wp-json\/wp\/v2\/types\/post"}],"author":[{"embeddable":true,"href":"https:\/\/www.laguiadepamplona.com\/actualidad\/wp-json\/wp\/v2\/users\/1"}],"replies":[{"embeddable":true,"href":"https:\/\/www.laguiadepamplona.com\/actualidad\/wp-json\/wp\/v2\/comments?post=36105"}],"version-history":[{"count":0,"href":"https:\/\/www.laguiadepamplona.com\/actualidad\/wp-json\/wp\/v2\/posts\/36105\/revisions"}],"wp:featuredmedia":[{"embeddable":true,"href":"https:\/\/www.laguiadepamplona.com\/actualidad\/wp-json\/wp\/v2\/media\/36106"}],"wp:attachment":[{"href":"https:\/\/www.laguiadepamplona.com\/actualidad\/wp-json\/wp\/v2\/media?parent=36105"}],"wp:term":[{"taxonomy":"category","embeddable":true,"href":"https:\/\/www.laguiadepamplona.com\/actualidad\/wp-json\/wp\/v2\/categories?post=36105"},{"taxonomy":"post_tag","embeddable":true,"href":"https:\/\/www.laguiadepamplona.com\/actualidad\/wp-json\/wp\/v2\/tags?post=36105"}],"curies":[{"name":"wp","href":"https:\/\/api.w.org\/{rel}","templated":true}]}}