{"id":36102,"date":"2021-08-06T19:15:41","date_gmt":"2021-08-06T17:15:41","guid":{"rendered":"https:\/\/www.laguiadepamplona.com\/actualidad\/?p=36102"},"modified":"2023-04-11T11:49:09","modified_gmt":"2023-04-11T09:49:09","slug":"el-ayuntamiento-de-pamplona-organiza-el-primer-festival-mujeres-al-frente-maf-que-tendra-lugar-el-sabado-4-se-septiembre","status":"publish","type":"post","link":"https:\/\/www.laguiadepamplona.com\/actualidad\/el-ayuntamiento-de-pamplona-organiza-el-primer-festival-mujeres-al-frente-maf-que-tendra-lugar-el-sabado-4-se-septiembre\/","title":{"rendered":"El Ayuntamiento de Pamplona organiza el primer festival Mujeres al Frente (MAF) que tendr\u00e1 lugar el s\u00e1bado 4 se septiembre"},"content":{"rendered":"<h5>4 mujeres con 4 estilos diferentes interpretar\u00e1n sus temas en el Parque del Runa en una tarde-noche de conciertos gratuitos<\/h5>\n<p><!--more--><\/p>\n<p>El Ayuntamiento de Pamplona ha organizado, para el pr\u00f3ximo 4 de septiembre, el festival MAF (Mujeres al frente), una cita musical que traer\u00e1 al Parque del Runa de Pamplona propuestas musicales lideradas por mujeres en un d\u00eda de conciertos gratuitos. Este festival nace con la idea de celebrar y visibilizar los proyectos musicales de mujeres que est\u00e1n triunfando en el panorama actual de forma que, desde esta programaci\u00f3n, se pueda aunar feminismo, diversidad en los estilos musicales y calidad, poniendo el foco en artistas que componen y crean y son las protagonistas de sus carreras.<\/p>\n<p>Esta tarde-noche de conciertos gratuitos permitir\u00e1 disfrutar de la m\u00fasica de Rigoberta Bandini, como cabeza de cartel, as\u00ed como de las intervenciones de Julia de Castro, Ede y Cintia Lund, adem\u00e1s de contar con Raxku, Dj que pinchar\u00e1 entre conciertos y seguir\u00e1 haci\u00e9ndolo al finalizar el \u00faltimo de ellos. Todas las int\u00e9rpretes comparten el hecho de componer y cantar en castellano y ofrecer, adem\u00e1s de m\u00fasica para bailar, letras que contienen discursos feministas, sociales e \u00edntimos.<\/p>\n<p><script async src=\"\/\/pagead2.googlesyndication.com\/pagead\/js\/adsbygoogle.js\"><\/script><br \/>\n<!-- Noticias La Guia de Pamplona --><br \/>\n<ins class=\"adsbygoogle\"\nstyle=\"display:block\"\ndata-ad-client=\"ca-pub-6943679897239327\"\ndata-ad-slot=\"7048180777\"\ndata-ad-format=\"auto\"><\/ins><br \/>\n<script>\n(adsbygoogle = window.adsbygoogle || []).push({});\n<\/script><\/p>\n<p>Se podr\u00e1 disfrutar de estilos musicales bien diferentes. Como plato fuerte, la electr\u00f3nica personal de Rigoberta Bandini, una barcelonesa tambi\u00e9n conocida como parte de la formaci\u00f3n The Mamzelles y cuya carrera en solitario comenz\u00f3 el 2019 convierti\u00e9ndola en fen\u00f3meno de la escena alternativa de 2020. Sus letras son una propuesta literaria, una narrativa experiencial y po\u00e9tica y una reivindicaci\u00f3n feminista.<\/p>\n<p>Tambi\u00e9n estar\u00e1 presente la mezcla sonora de cumbia, ranchera y flamenco de la cantante, compositora y actriz Julia de Castro. Tras a\u00f1os de recorrido con el fascinante d\u00fao \u2018De la Pur\u00edsima\u2019, de Castro ha debutado recientemente en solitario con el \u00e1lbum \u2018La historiadora\u2019 que mantienen un discurso intelectual y feminista importante.<\/p>\n<p>La madrile\u00f1a Ede aportar\u00e1 su canci\u00f3n \u00edntima con sonidos soul y R&amp;B. Integrante en las voces de la banda de Xoel L\u00f3pez, ahora trabaja tambi\u00e9n en solitario con una m\u00fasica que reverbera hacia lo soul, hacia las m\u00fasicas de ra\u00edces populares, el bolero, el flamenco, presentando bell\u00edsimas letras de desamor, autoafirmaci\u00f3n, etc. La cuarta interprete de la noche ser\u00e1 Cintia Lund, donde modernidad y nostalgia retro confluyen a trav\u00e9s de corrientes musicales dream pop, folk y electr\u00f3nica.<\/p>\n<p><script async src=\"\/\/pagead2.googlesyndication.com\/pagead\/js\/adsbygoogle.js\"><\/script><br \/>\n<!-- Noticias La Guia de Pamplona --><br \/>\n<ins class=\"adsbygoogle\"\nstyle=\"display:block\"\ndata-ad-client=\"ca-pub-6943679897239327\"\ndata-ad-slot=\"7048180777\"\ndata-ad-format=\"auto\"><\/ins><br \/>\n<script>\n(adsbygoogle = window.adsbygoogle || []).push({});\n<\/script><\/p>\n<p>La ambientaci\u00f3n musical durante la velada y al final de las actuaciones la aportar\u00e1 Dj Raxku, cuyas sesiones giran en torno a la m\u00fasica electr\u00f3nica y sus variantes, inclin\u00e1ndose siempre hacia aquella hecha por mujeres. Ha pinchado en Pamplona en bares como el Txintxarri y tambi\u00e9n en peque\u00f1os clubs de Londres.<\/p>\n<p>La apertura de puertas del festival Mujeres al Frente (MAF) ser\u00e1 a las 19 horas y los conciertos se suceder\u00e1n hasta la noche, en una jornada abierta para todos los p\u00fablicos.<\/p>\n","protected":false},"excerpt":{"rendered":"<p>4 mujeres con 4 estilos diferentes interpretar\u00e1n sus temas en el Parque del Runa en una tarde-noche de conciertos gratuitos<\/p>\n","protected":false},"author":1,"featured_media":36103,"comment_status":"open","ping_status":"closed","sticky":false,"template":"","format":"standard","meta":{"footnotes":""},"categories":[2],"tags":[],"class_list":["post-36102","post","type-post","status-publish","format-standard","has-post-thumbnail","hentry","category-ayuntamiento-pamplona"],"yoast_head":"<!-- This site is optimized with the Yoast SEO plugin v27.5 - https:\/\/yoast.com\/product\/yoast-seo-wordpress\/ -->\n<title>El Ayuntamiento de Pamplona organiza el primer festival Mujeres al Frente (MAF) que tendr\u00e1 lugar el s\u00e1bado 4 se septiembre<\/title>\n<meta name=\"description\" content=\"4 mujeres con 4 estilos diferentes interpretar\u00e1n sus temas en el Parque del Runa en una tarde-noche de conciertos gratuitos\" \/>\n<meta name=\"robots\" content=\"index, follow, max-snippet:-1, max-image-preview:large, max-video-preview:-1\" \/>\n<link rel=\"canonical\" href=\"https:\/\/www.laguiadepamplona.com\/actualidad\/el-ayuntamiento-de-pamplona-organiza-el-primer-festival-mujeres-al-frente-maf-que-tendra-lugar-el-sabado-4-se-septiembre\/\" \/>\n<meta property=\"og:locale\" content=\"es_ES\" \/>\n<meta property=\"og:type\" content=\"article\" \/>\n<meta property=\"og:title\" content=\"El Ayuntamiento de Pamplona organiza el primer festival Mujeres al Frente (MAF) que tendr\u00e1 lugar el s\u00e1bado 4 se septiembre\" \/>\n<meta property=\"og:description\" content=\"4 mujeres con 4 estilos diferentes interpretar\u00e1n sus temas en el Parque del Runa en una tarde-noche de conciertos gratuitos\" \/>\n<meta property=\"og:url\" content=\"https:\/\/www.laguiadepamplona.com\/actualidad\/el-ayuntamiento-de-pamplona-organiza-el-primer-festival-mujeres-al-frente-maf-que-tendra-lugar-el-sabado-4-se-septiembre\/\" \/>\n<meta property=\"og:site_name\" content=\"La Gu\u00eda de Pamplona\" \/>\n<meta property=\"article:publisher\" content=\"https:\/\/www.facebook.com\/laguiadepamplonacom-133175176762273\/?ref=hl\" \/>\n<meta property=\"article:published_time\" content=\"2021-08-06T17:15:41+00:00\" \/>\n<meta property=\"article:modified_time\" content=\"2023-04-11T09:49:09+00:00\" \/>\n<meta property=\"og:image\" content=\"https:\/\/www.laguiadepamplona.com\/actualidad\/wp-content\/uploads\/2021\/08\/maf_rigoberta_bandini.jpg\" \/>\n\t<meta property=\"og:image:width\" content=\"1920\" \/>\n\t<meta property=\"og:image:height\" content=\"1060\" \/>\n\t<meta property=\"og:image:type\" content=\"image\/jpeg\" \/>\n<meta name=\"author\" content=\"La Gu\u00eda de Pamplona\" \/>\n<meta name=\"twitter:card\" content=\"summary_large_image\" \/>\n<meta name=\"twitter:creator\" content=\"@LaGuiadPamplona\" \/>\n<meta name=\"twitter:site\" content=\"@LaGuiadPamplona\" \/>\n<meta name=\"twitter:label1\" content=\"Escrito por\" \/>\n\t<meta name=\"twitter:data1\" content=\"La Gu\u00eda de Pamplona\" \/>\n\t<meta name=\"twitter:label2\" content=\"Tiempo de lectura\" \/>\n\t<meta name=\"twitter:data2\" content=\"3 minutos\" \/>\n<script type=\"application\/ld+json\" class=\"yoast-schema-graph\">{\"@context\":\"https:\\\/\\\/schema.org\",\"@graph\":[{\"@type\":\"Article\",\"@id\":\"https:\\\/\\\/www.laguiadepamplona.com\\\/actualidad\\\/el-ayuntamiento-de-pamplona-organiza-el-primer-festival-mujeres-al-frente-maf-que-tendra-lugar-el-sabado-4-se-septiembre\\\/#article\",\"isPartOf\":{\"@id\":\"https:\\\/\\\/www.laguiadepamplona.com\\\/actualidad\\\/el-ayuntamiento-de-pamplona-organiza-el-primer-festival-mujeres-al-frente-maf-que-tendra-lugar-el-sabado-4-se-septiembre\\\/\"},\"author\":{\"name\":\"La Gu\u00eda de Pamplona\",\"@id\":\"https:\\\/\\\/www.laguiadepamplona.com\\\/actualidad\\\/#\\\/schema\\\/person\\\/efe887376f0213d4657c93adc50b1fdb\"},\"headline\":\"El Ayuntamiento de Pamplona organiza el primer festival Mujeres al Frente (MAF) que tendr\u00e1 lugar el s\u00e1bado 4 se septiembre\",\"datePublished\":\"2021-08-06T17:15:41+00:00\",\"dateModified\":\"2023-04-11T09:49:09+00:00\",\"mainEntityOfPage\":{\"@id\":\"https:\\\/\\\/www.laguiadepamplona.com\\\/actualidad\\\/el-ayuntamiento-de-pamplona-organiza-el-primer-festival-mujeres-al-frente-maf-que-tendra-lugar-el-sabado-4-se-septiembre\\\/\"},\"wordCount\":518,\"commentCount\":0,\"publisher\":{\"@id\":\"https:\\\/\\\/www.laguiadepamplona.com\\\/actualidad\\\/#organization\"},\"image\":{\"@id\":\"https:\\\/\\\/www.laguiadepamplona.com\\\/actualidad\\\/el-ayuntamiento-de-pamplona-organiza-el-primer-festival-mujeres-al-frente-maf-que-tendra-lugar-el-sabado-4-se-septiembre\\\/#primaryimage\"},\"thumbnailUrl\":\"https:\\\/\\\/www.laguiadepamplona.com\\\/actualidad\\\/wp-content\\\/uploads\\\/2021\\\/08\\\/maf_rigoberta_bandini.jpg\",\"articleSection\":[\"Ayto Pamplona\"],\"inLanguage\":\"es\",\"potentialAction\":[{\"@type\":\"CommentAction\",\"name\":\"Comment\",\"target\":[\"https:\\\/\\\/www.laguiadepamplona.com\\\/actualidad\\\/el-ayuntamiento-de-pamplona-organiza-el-primer-festival-mujeres-al-frente-maf-que-tendra-lugar-el-sabado-4-se-septiembre\\\/#respond\"]}]},{\"@type\":\"WebPage\",\"@id\":\"https:\\\/\\\/www.laguiadepamplona.com\\\/actualidad\\\/el-ayuntamiento-de-pamplona-organiza-el-primer-festival-mujeres-al-frente-maf-que-tendra-lugar-el-sabado-4-se-septiembre\\\/\",\"url\":\"https:\\\/\\\/www.laguiadepamplona.com\\\/actualidad\\\/el-ayuntamiento-de-pamplona-organiza-el-primer-festival-mujeres-al-frente-maf-que-tendra-lugar-el-sabado-4-se-septiembre\\\/\",\"name\":\"El Ayuntamiento de Pamplona organiza el primer festival Mujeres al Frente (MAF) que tendr\u00e1 lugar el s\u00e1bado 4 se septiembre\",\"isPartOf\":{\"@id\":\"https:\\\/\\\/www.laguiadepamplona.com\\\/actualidad\\\/#website\"},\"primaryImageOfPage\":{\"@id\":\"https:\\\/\\\/www.laguiadepamplona.com\\\/actualidad\\\/el-ayuntamiento-de-pamplona-organiza-el-primer-festival-mujeres-al-frente-maf-que-tendra-lugar-el-sabado-4-se-septiembre\\\/#primaryimage\"},\"image\":{\"@id\":\"https:\\\/\\\/www.laguiadepamplona.com\\\/actualidad\\\/el-ayuntamiento-de-pamplona-organiza-el-primer-festival-mujeres-al-frente-maf-que-tendra-lugar-el-sabado-4-se-septiembre\\\/#primaryimage\"},\"thumbnailUrl\":\"https:\\\/\\\/www.laguiadepamplona.com\\\/actualidad\\\/wp-content\\\/uploads\\\/2021\\\/08\\\/maf_rigoberta_bandini.jpg\",\"datePublished\":\"2021-08-06T17:15:41+00:00\",\"dateModified\":\"2023-04-11T09:49:09+00:00\",\"description\":\"4 mujeres con 4 estilos diferentes interpretar\u00e1n sus temas en el Parque del Runa en una tarde-noche de conciertos gratuitos\",\"breadcrumb\":{\"@id\":\"https:\\\/\\\/www.laguiadepamplona.com\\\/actualidad\\\/el-ayuntamiento-de-pamplona-organiza-el-primer-festival-mujeres-al-frente-maf-que-tendra-lugar-el-sabado-4-se-septiembre\\\/#breadcrumb\"},\"inLanguage\":\"es\",\"potentialAction\":[{\"@type\":\"ReadAction\",\"target\":[\"https:\\\/\\\/www.laguiadepamplona.com\\\/actualidad\\\/el-ayuntamiento-de-pamplona-organiza-el-primer-festival-mujeres-al-frente-maf-que-tendra-lugar-el-sabado-4-se-septiembre\\\/\"]}]},{\"@type\":\"ImageObject\",\"inLanguage\":\"es\",\"@id\":\"https:\\\/\\\/www.laguiadepamplona.com\\\/actualidad\\\/el-ayuntamiento-de-pamplona-organiza-el-primer-festival-mujeres-al-frente-maf-que-tendra-lugar-el-sabado-4-se-septiembre\\\/#primaryimage\",\"url\":\"https:\\\/\\\/www.laguiadepamplona.com\\\/actualidad\\\/wp-content\\\/uploads\\\/2021\\\/08\\\/maf_rigoberta_bandini.jpg\",\"contentUrl\":\"https:\\\/\\\/www.laguiadepamplona.com\\\/actualidad\\\/wp-content\\\/uploads\\\/2021\\\/08\\\/maf_rigoberta_bandini.jpg\",\"width\":1920,\"height\":1060},{\"@type\":\"BreadcrumbList\",\"@id\":\"https:\\\/\\\/www.laguiadepamplona.com\\\/actualidad\\\/el-ayuntamiento-de-pamplona-organiza-el-primer-festival-mujeres-al-frente-maf-que-tendra-lugar-el-sabado-4-se-septiembre\\\/#breadcrumb\",\"itemListElement\":[{\"@type\":\"ListItem\",\"position\":1,\"name\":\"Portada\",\"item\":\"https:\\\/\\\/www.laguiadepamplona.com\\\/actualidad\\\/\"},{\"@type\":\"ListItem\",\"position\":2,\"name\":\"El Ayuntamiento de Pamplona organiza el primer festival Mujeres al Frente (MAF) que tendr\u00e1 lugar el s\u00e1bado 4 se septiembre\"}]},{\"@type\":\"WebSite\",\"@id\":\"https:\\\/\\\/www.laguiadepamplona.com\\\/actualidad\\\/#website\",\"url\":\"https:\\\/\\\/www.laguiadepamplona.com\\\/actualidad\\\/\",\"name\":\"La gu\u00eda de Pamplona\",\"description\":\"Noticias de Pamplona\",\"publisher\":{\"@id\":\"https:\\\/\\\/www.laguiadepamplona.com\\\/actualidad\\\/#organization\"},\"potentialAction\":[{\"@type\":\"SearchAction\",\"target\":{\"@type\":\"EntryPoint\",\"urlTemplate\":\"https:\\\/\\\/www.laguiadepamplona.com\\\/actualidad\\\/?s={search_term_string}\"},\"query-input\":{\"@type\":\"PropertyValueSpecification\",\"valueRequired\":true,\"valueName\":\"search_term_string\"}}],\"inLanguage\":\"es\"},{\"@type\":\"Organization\",\"@id\":\"https:\\\/\\\/www.laguiadepamplona.com\\\/actualidad\\\/#organization\",\"name\":\"La Gu\u00eda de Pamplona \\\/ Noticias\",\"url\":\"https:\\\/\\\/www.laguiadepamplona.com\\\/actualidad\\\/\",\"logo\":{\"@type\":\"ImageObject\",\"inLanguage\":\"es\",\"@id\":\"https:\\\/\\\/www.laguiadepamplona.com\\\/actualidad\\\/#\\\/schema\\\/logo\\\/image\\\/\",\"url\":\"https:\\\/\\\/www.laguiadepamplona.com\\\/actualidad\\\/wp-content\\\/uploads\\\/2018\\\/11\\\/logo-laguiadepamplona18-web1.png\",\"contentUrl\":\"https:\\\/\\\/www.laguiadepamplona.com\\\/actualidad\\\/wp-content\\\/uploads\\\/2018\\\/11\\\/logo-laguiadepamplona18-web1.png\",\"width\":600,\"height\":196,\"caption\":\"La Gu\u00eda de Pamplona \\\/ Noticias\"},\"image\":{\"@id\":\"https:\\\/\\\/www.laguiadepamplona.com\\\/actualidad\\\/#\\\/schema\\\/logo\\\/image\\\/\"},\"sameAs\":[\"https:\\\/\\\/www.facebook.com\\\/laguiadepamplonacom-133175176762273\\\/?ref=hl\",\"https:\\\/\\\/x.com\\\/LaGuiadPamplona\",\"https:\\\/\\\/www.instagram.com\\\/la_guia_de_pamplona\\\/\",\"https:\\\/\\\/www.youtube.com\\\/user\\\/laguiadepamplona\"]},{\"@type\":\"Person\",\"@id\":\"https:\\\/\\\/www.laguiadepamplona.com\\\/actualidad\\\/#\\\/schema\\\/person\\\/efe887376f0213d4657c93adc50b1fdb\",\"name\":\"La Gu\u00eda de Pamplona\",\"image\":{\"@type\":\"ImageObject\",\"inLanguage\":\"es\",\"@id\":\"https:\\\/\\\/secure.gravatar.com\\\/avatar\\\/b6992f131dc8d30ab0dff15446e9d346d9dbd95992de0fef795073f5ea83a81c?s=96&d=mm&r=g\",\"url\":\"https:\\\/\\\/secure.gravatar.com\\\/avatar\\\/b6992f131dc8d30ab0dff15446e9d346d9dbd95992de0fef795073f5ea83a81c?s=96&d=mm&r=g\",\"contentUrl\":\"https:\\\/\\\/secure.gravatar.com\\\/avatar\\\/b6992f131dc8d30ab0dff15446e9d346d9dbd95992de0fef795073f5ea83a81c?s=96&d=mm&r=g\",\"caption\":\"La Gu\u00eda de Pamplona\"}}]}<\/script>\n<!-- \/ Yoast SEO plugin. -->","yoast_head_json":{"title":"El Ayuntamiento de Pamplona organiza el primer festival Mujeres al Frente (MAF) que tendr\u00e1 lugar el s\u00e1bado 4 se septiembre","description":"4 mujeres con 4 estilos diferentes interpretar\u00e1n sus temas en el Parque del Runa en una tarde-noche de conciertos gratuitos","robots":{"index":"index","follow":"follow","max-snippet":"max-snippet:-1","max-image-preview":"max-image-preview:large","max-video-preview":"max-video-preview:-1"},"canonical":"https:\/\/www.laguiadepamplona.com\/actualidad\/el-ayuntamiento-de-pamplona-organiza-el-primer-festival-mujeres-al-frente-maf-que-tendra-lugar-el-sabado-4-se-septiembre\/","og_locale":"es_ES","og_type":"article","og_title":"El Ayuntamiento de Pamplona organiza el primer festival Mujeres al Frente (MAF) que tendr\u00e1 lugar el s\u00e1bado 4 se septiembre","og_description":"4 mujeres con 4 estilos diferentes interpretar\u00e1n sus temas en el Parque del Runa en una tarde-noche de conciertos gratuitos","og_url":"https:\/\/www.laguiadepamplona.com\/actualidad\/el-ayuntamiento-de-pamplona-organiza-el-primer-festival-mujeres-al-frente-maf-que-tendra-lugar-el-sabado-4-se-septiembre\/","og_site_name":"La Gu\u00eda de Pamplona","article_publisher":"https:\/\/www.facebook.com\/laguiadepamplonacom-133175176762273\/?ref=hl","article_published_time":"2021-08-06T17:15:41+00:00","article_modified_time":"2023-04-11T09:49:09+00:00","og_image":[{"width":1920,"height":1060,"url":"https:\/\/www.laguiadepamplona.com\/actualidad\/wp-content\/uploads\/2021\/08\/maf_rigoberta_bandini.jpg","type":"image\/jpeg"}],"author":"La Gu\u00eda de Pamplona","twitter_card":"summary_large_image","twitter_creator":"@LaGuiadPamplona","twitter_site":"@LaGuiadPamplona","twitter_misc":{"Escrito por":"La Gu\u00eda de Pamplona","Tiempo de lectura":"3 minutos"},"schema":{"@context":"https:\/\/schema.org","@graph":[{"@type":"Article","@id":"https:\/\/www.laguiadepamplona.com\/actualidad\/el-ayuntamiento-de-pamplona-organiza-el-primer-festival-mujeres-al-frente-maf-que-tendra-lugar-el-sabado-4-se-septiembre\/#article","isPartOf":{"@id":"https:\/\/www.laguiadepamplona.com\/actualidad\/el-ayuntamiento-de-pamplona-organiza-el-primer-festival-mujeres-al-frente-maf-que-tendra-lugar-el-sabado-4-se-septiembre\/"},"author":{"name":"La Gu\u00eda de Pamplona","@id":"https:\/\/www.laguiadepamplona.com\/actualidad\/#\/schema\/person\/efe887376f0213d4657c93adc50b1fdb"},"headline":"El Ayuntamiento de Pamplona organiza el primer festival Mujeres al Frente (MAF) que tendr\u00e1 lugar el s\u00e1bado 4 se septiembre","datePublished":"2021-08-06T17:15:41+00:00","dateModified":"2023-04-11T09:49:09+00:00","mainEntityOfPage":{"@id":"https:\/\/www.laguiadepamplona.com\/actualidad\/el-ayuntamiento-de-pamplona-organiza-el-primer-festival-mujeres-al-frente-maf-que-tendra-lugar-el-sabado-4-se-septiembre\/"},"wordCount":518,"commentCount":0,"publisher":{"@id":"https:\/\/www.laguiadepamplona.com\/actualidad\/#organization"},"image":{"@id":"https:\/\/www.laguiadepamplona.com\/actualidad\/el-ayuntamiento-de-pamplona-organiza-el-primer-festival-mujeres-al-frente-maf-que-tendra-lugar-el-sabado-4-se-septiembre\/#primaryimage"},"thumbnailUrl":"https:\/\/www.laguiadepamplona.com\/actualidad\/wp-content\/uploads\/2021\/08\/maf_rigoberta_bandini.jpg","articleSection":["Ayto Pamplona"],"inLanguage":"es","potentialAction":[{"@type":"CommentAction","name":"Comment","target":["https:\/\/www.laguiadepamplona.com\/actualidad\/el-ayuntamiento-de-pamplona-organiza-el-primer-festival-mujeres-al-frente-maf-que-tendra-lugar-el-sabado-4-se-septiembre\/#respond"]}]},{"@type":"WebPage","@id":"https:\/\/www.laguiadepamplona.com\/actualidad\/el-ayuntamiento-de-pamplona-organiza-el-primer-festival-mujeres-al-frente-maf-que-tendra-lugar-el-sabado-4-se-septiembre\/","url":"https:\/\/www.laguiadepamplona.com\/actualidad\/el-ayuntamiento-de-pamplona-organiza-el-primer-festival-mujeres-al-frente-maf-que-tendra-lugar-el-sabado-4-se-septiembre\/","name":"El Ayuntamiento de Pamplona organiza el primer festival Mujeres al Frente (MAF) que tendr\u00e1 lugar el s\u00e1bado 4 se septiembre","isPartOf":{"@id":"https:\/\/www.laguiadepamplona.com\/actualidad\/#website"},"primaryImageOfPage":{"@id":"https:\/\/www.laguiadepamplona.com\/actualidad\/el-ayuntamiento-de-pamplona-organiza-el-primer-festival-mujeres-al-frente-maf-que-tendra-lugar-el-sabado-4-se-septiembre\/#primaryimage"},"image":{"@id":"https:\/\/www.laguiadepamplona.com\/actualidad\/el-ayuntamiento-de-pamplona-organiza-el-primer-festival-mujeres-al-frente-maf-que-tendra-lugar-el-sabado-4-se-septiembre\/#primaryimage"},"thumbnailUrl":"https:\/\/www.laguiadepamplona.com\/actualidad\/wp-content\/uploads\/2021\/08\/maf_rigoberta_bandini.jpg","datePublished":"2021-08-06T17:15:41+00:00","dateModified":"2023-04-11T09:49:09+00:00","description":"4 mujeres con 4 estilos diferentes interpretar\u00e1n sus temas en el Parque del Runa en una tarde-noche de conciertos gratuitos","breadcrumb":{"@id":"https:\/\/www.laguiadepamplona.com\/actualidad\/el-ayuntamiento-de-pamplona-organiza-el-primer-festival-mujeres-al-frente-maf-que-tendra-lugar-el-sabado-4-se-septiembre\/#breadcrumb"},"inLanguage":"es","potentialAction":[{"@type":"ReadAction","target":["https:\/\/www.laguiadepamplona.com\/actualidad\/el-ayuntamiento-de-pamplona-organiza-el-primer-festival-mujeres-al-frente-maf-que-tendra-lugar-el-sabado-4-se-septiembre\/"]}]},{"@type":"ImageObject","inLanguage":"es","@id":"https:\/\/www.laguiadepamplona.com\/actualidad\/el-ayuntamiento-de-pamplona-organiza-el-primer-festival-mujeres-al-frente-maf-que-tendra-lugar-el-sabado-4-se-septiembre\/#primaryimage","url":"https:\/\/www.laguiadepamplona.com\/actualidad\/wp-content\/uploads\/2021\/08\/maf_rigoberta_bandini.jpg","contentUrl":"https:\/\/www.laguiadepamplona.com\/actualidad\/wp-content\/uploads\/2021\/08\/maf_rigoberta_bandini.jpg","width":1920,"height":1060},{"@type":"BreadcrumbList","@id":"https:\/\/www.laguiadepamplona.com\/actualidad\/el-ayuntamiento-de-pamplona-organiza-el-primer-festival-mujeres-al-frente-maf-que-tendra-lugar-el-sabado-4-se-septiembre\/#breadcrumb","itemListElement":[{"@type":"ListItem","position":1,"name":"Portada","item":"https:\/\/www.laguiadepamplona.com\/actualidad\/"},{"@type":"ListItem","position":2,"name":"El Ayuntamiento de Pamplona organiza el primer festival Mujeres al Frente (MAF) que tendr\u00e1 lugar el s\u00e1bado 4 se septiembre"}]},{"@type":"WebSite","@id":"https:\/\/www.laguiadepamplona.com\/actualidad\/#website","url":"https:\/\/www.laguiadepamplona.com\/actualidad\/","name":"La gu\u00eda de Pamplona","description":"Noticias de Pamplona","publisher":{"@id":"https:\/\/www.laguiadepamplona.com\/actualidad\/#organization"},"potentialAction":[{"@type":"SearchAction","target":{"@type":"EntryPoint","urlTemplate":"https:\/\/www.laguiadepamplona.com\/actualidad\/?s={search_term_string}"},"query-input":{"@type":"PropertyValueSpecification","valueRequired":true,"valueName":"search_term_string"}}],"inLanguage":"es"},{"@type":"Organization","@id":"https:\/\/www.laguiadepamplona.com\/actualidad\/#organization","name":"La Gu\u00eda de Pamplona \/ Noticias","url":"https:\/\/www.laguiadepamplona.com\/actualidad\/","logo":{"@type":"ImageObject","inLanguage":"es","@id":"https:\/\/www.laguiadepamplona.com\/actualidad\/#\/schema\/logo\/image\/","url":"https:\/\/www.laguiadepamplona.com\/actualidad\/wp-content\/uploads\/2018\/11\/logo-laguiadepamplona18-web1.png","contentUrl":"https:\/\/www.laguiadepamplona.com\/actualidad\/wp-content\/uploads\/2018\/11\/logo-laguiadepamplona18-web1.png","width":600,"height":196,"caption":"La Gu\u00eda de Pamplona \/ Noticias"},"image":{"@id":"https:\/\/www.laguiadepamplona.com\/actualidad\/#\/schema\/logo\/image\/"},"sameAs":["https:\/\/www.facebook.com\/laguiadepamplonacom-133175176762273\/?ref=hl","https:\/\/x.com\/LaGuiadPamplona","https:\/\/www.instagram.com\/la_guia_de_pamplona\/","https:\/\/www.youtube.com\/user\/laguiadepamplona"]},{"@type":"Person","@id":"https:\/\/www.laguiadepamplona.com\/actualidad\/#\/schema\/person\/efe887376f0213d4657c93adc50b1fdb","name":"La Gu\u00eda de Pamplona","image":{"@type":"ImageObject","inLanguage":"es","@id":"https:\/\/secure.gravatar.com\/avatar\/b6992f131dc8d30ab0dff15446e9d346d9dbd95992de0fef795073f5ea83a81c?s=96&d=mm&r=g","url":"https:\/\/secure.gravatar.com\/avatar\/b6992f131dc8d30ab0dff15446e9d346d9dbd95992de0fef795073f5ea83a81c?s=96&d=mm&r=g","contentUrl":"https:\/\/secure.gravatar.com\/avatar\/b6992f131dc8d30ab0dff15446e9d346d9dbd95992de0fef795073f5ea83a81c?s=96&d=mm&r=g","caption":"La Gu\u00eda de Pamplona"}}]}},"post_mailing_queue_ids":[],"_links":{"self":[{"href":"https:\/\/www.laguiadepamplona.com\/actualidad\/wp-json\/wp\/v2\/posts\/36102","targetHints":{"allow":["GET"]}}],"collection":[{"href":"https:\/\/www.laguiadepamplona.com\/actualidad\/wp-json\/wp\/v2\/posts"}],"about":[{"href":"https:\/\/www.laguiadepamplona.com\/actualidad\/wp-json\/wp\/v2\/types\/post"}],"author":[{"embeddable":true,"href":"https:\/\/www.laguiadepamplona.com\/actualidad\/wp-json\/wp\/v2\/users\/1"}],"replies":[{"embeddable":true,"href":"https:\/\/www.laguiadepamplona.com\/actualidad\/wp-json\/wp\/v2\/comments?post=36102"}],"version-history":[{"count":0,"href":"https:\/\/www.laguiadepamplona.com\/actualidad\/wp-json\/wp\/v2\/posts\/36102\/revisions"}],"wp:featuredmedia":[{"embeddable":true,"href":"https:\/\/www.laguiadepamplona.com\/actualidad\/wp-json\/wp\/v2\/media\/36103"}],"wp:attachment":[{"href":"https:\/\/www.laguiadepamplona.com\/actualidad\/wp-json\/wp\/v2\/media?parent=36102"}],"wp:term":[{"taxonomy":"category","embeddable":true,"href":"https:\/\/www.laguiadepamplona.com\/actualidad\/wp-json\/wp\/v2\/categories?post=36102"},{"taxonomy":"post_tag","embeddable":true,"href":"https:\/\/www.laguiadepamplona.com\/actualidad\/wp-json\/wp\/v2\/tags?post=36102"}],"curies":[{"name":"wp","href":"https:\/\/api.w.org\/{rel}","templated":true}]}}