{"id":36058,"date":"2021-08-02T12:56:15","date_gmt":"2021-08-02T10:56:15","guid":{"rendered":"https:\/\/www.laguiadepamplona.com\/actualidad\/?p=36058"},"modified":"2023-04-11T11:49:10","modified_gmt":"2023-04-11T09:49:10","slug":"la-reurbanizacion-del-paseo-de-sarasate-generara-nuevos-pasos-transversales-y-zonas-de-estancia-que-multiplicaran-la-permeabilidad-entre-casco-antiguo-y-ensanches","status":"publish","type":"post","link":"https:\/\/www.laguiadepamplona.com\/actualidad\/la-reurbanizacion-del-paseo-de-sarasate-generara-nuevos-pasos-transversales-y-zonas-de-estancia-que-multiplicaran-la-permeabilidad-entre-casco-antiguo-y-ensanches\/","title":{"rendered":"La reurbanizaci\u00f3n del paseo de Sarasate generar\u00e1 nuevos pasos transversales y zonas de estancia que multiplicar\u00e1n la permeabilidad entre Casco Antiguo y Ensanches"},"content":{"rendered":"<h5>La Junta de Gobierno licita por 10.210.339 euros las obras que renovar\u00e1n 22.000 m<sup>2<\/sup> y extender\u00e1n el \u00e1mbito peatonal hasta la calle Estella<\/h5>\n<p><!--more--><\/p>\n<div id='gallery-1' class='gallery galleryid-36058 gallery-columns-3 gallery-size-medium'><figure class='gallery-item'>\n\t\t\t<div class='gallery-icon landscape'>\n\t\t\t\t<a href='https:\/\/www.laguiadepamplona.com\/actualidad\/wp-content\/uploads\/2021\/08\/21.08.02_reurbanizacion_sarasate_alzado.jpg'><img loading=\"lazy\" decoding=\"async\" width=\"484\" height=\"300\" src=\"https:\/\/www.laguiadepamplona.com\/actualidad\/wp-content\/uploads\/2021\/08\/21.08.02_reurbanizacion_sarasate_alzado-484x300.jpg\" class=\"attachment-medium size-medium\" alt=\"\" srcset=\"https:\/\/www.laguiadepamplona.com\/actualidad\/wp-content\/uploads\/2021\/08\/21.08.02_reurbanizacion_sarasate_alzado-484x300.jpg 484w, https:\/\/www.laguiadepamplona.com\/actualidad\/wp-content\/uploads\/2021\/08\/21.08.02_reurbanizacion_sarasate_alzado-1024x635.jpg 1024w, https:\/\/www.laguiadepamplona.com\/actualidad\/wp-content\/uploads\/2021\/08\/21.08.02_reurbanizacion_sarasate_alzado-768x476.jpg 768w, https:\/\/www.laguiadepamplona.com\/actualidad\/wp-content\/uploads\/2021\/08\/21.08.02_reurbanizacion_sarasate_alzado-1536x953.jpg 1536w, https:\/\/www.laguiadepamplona.com\/actualidad\/wp-content\/uploads\/2021\/08\/21.08.02_reurbanizacion_sarasate_alzado-640x397.jpg 640w, https:\/\/www.laguiadepamplona.com\/actualidad\/wp-content\/uploads\/2021\/08\/21.08.02_reurbanizacion_sarasate_alzado.jpg 1920w\" sizes=\"auto, (max-width: 484px) 100vw, 484px\" \/><\/a>\n\t\t\t<\/div><\/figure><figure class='gallery-item'>\n\t\t\t<div class='gallery-icon landscape'>\n\t\t\t\t<a href='https:\/\/www.laguiadepamplona.com\/actualidad\/wp-content\/uploads\/2021\/08\/21.08.02_reurbanizacion_sarasate_ambito.jpg'><img loading=\"lazy\" decoding=\"async\" width=\"424\" height=\"300\" src=\"https:\/\/www.laguiadepamplona.com\/actualidad\/wp-content\/uploads\/2021\/08\/21.08.02_reurbanizacion_sarasate_ambito-424x300.jpg\" class=\"attachment-medium size-medium\" alt=\"\" srcset=\"https:\/\/www.laguiadepamplona.com\/actualidad\/wp-content\/uploads\/2021\/08\/21.08.02_reurbanizacion_sarasate_ambito-424x300.jpg 424w, https:\/\/www.laguiadepamplona.com\/actualidad\/wp-content\/uploads\/2021\/08\/21.08.02_reurbanizacion_sarasate_ambito-964x682.jpg 964w, https:\/\/www.laguiadepamplona.com\/actualidad\/wp-content\/uploads\/2021\/08\/21.08.02_reurbanizacion_sarasate_ambito-768x544.jpg 768w, https:\/\/www.laguiadepamplona.com\/actualidad\/wp-content\/uploads\/2021\/08\/21.08.02_reurbanizacion_sarasate_ambito-1536x1087.jpg 1536w, https:\/\/www.laguiadepamplona.com\/actualidad\/wp-content\/uploads\/2021\/08\/21.08.02_reurbanizacion_sarasate_ambito-640x453.jpg 640w, https:\/\/www.laguiadepamplona.com\/actualidad\/wp-content\/uploads\/2021\/08\/21.08.02_reurbanizacion_sarasate_ambito.jpg 1920w\" sizes=\"auto, (max-width: 424px) 100vw, 424px\" \/><\/a>\n\t\t\t<\/div><\/figure><figure class='gallery-item'>\n\t\t\t<div class='gallery-icon landscape'>\n\t\t\t\t<a href='https:\/\/www.laguiadepamplona.com\/actualidad\/wp-content\/uploads\/2021\/08\/21.08.02_reurbanizacion_sarasate_plano.jpg'><img loading=\"lazy\" decoding=\"async\" width=\"424\" height=\"300\" src=\"https:\/\/www.laguiadepamplona.com\/actualidad\/wp-content\/uploads\/2021\/08\/21.08.02_reurbanizacion_sarasate_plano-424x300.jpg\" class=\"attachment-medium size-medium\" alt=\"\" srcset=\"https:\/\/www.laguiadepamplona.com\/actualidad\/wp-content\/uploads\/2021\/08\/21.08.02_reurbanizacion_sarasate_plano-424x300.jpg 424w, https:\/\/www.laguiadepamplona.com\/actualidad\/wp-content\/uploads\/2021\/08\/21.08.02_reurbanizacion_sarasate_plano-964x682.jpg 964w, https:\/\/www.laguiadepamplona.com\/actualidad\/wp-content\/uploads\/2021\/08\/21.08.02_reurbanizacion_sarasate_plano-768x544.jpg 768w, https:\/\/www.laguiadepamplona.com\/actualidad\/wp-content\/uploads\/2021\/08\/21.08.02_reurbanizacion_sarasate_plano-1536x1087.jpg 1536w, https:\/\/www.laguiadepamplona.com\/actualidad\/wp-content\/uploads\/2021\/08\/21.08.02_reurbanizacion_sarasate_plano-640x453.jpg 640w, https:\/\/www.laguiadepamplona.com\/actualidad\/wp-content\/uploads\/2021\/08\/21.08.02_reurbanizacion_sarasate_plano.jpg 1920w\" sizes=\"auto, (max-width: 424px) 100vw, 424px\" \/><\/a>\n\t\t\t<\/div><\/figure>\n\t\t<\/div>\n\n<p>&nbsp;<\/p>\n<p>El paseo de Sarasate cambiar\u00e1 de cara y reforzar\u00e1 su concepto de bulevar, con una reurbanizaci\u00f3n que tiene como objetivo poner en valor las cualidades de uno de los espacios emblem\u00e1ticos de la ciudad. El proyecto mantiene el and\u00e9n central con parterres ajardinados y las alineaciones arboladas, y generar\u00e1 nuevos pasos transversales para dotar al espacio de una permeabilidad m\u00e1s natural entre el Casco Antiguo y el Segundo Ensanche. El desnivel entre el paseo central y la zona norte se salvar\u00e1 mediante gradas \u2013 escaleras, que generar\u00e1n nuevos espacios de estancia informales y nuevas rampas que mejorar\u00e1n la accesibilidad de la zona.<\/p>\n<p>La Junta de Gobierno Local ha aprobado esta ma\u00f1ana la licitaci\u00f3n del proyecto de reurbanizaci\u00f3n del paseo de Sarasate. El presupuesto asciende a 10.210.338,67 euros, que incluye tambi\u00e9n los 2,1 millones de euros del proyecto de renovaci\u00f3n de redes de saneamiento y abastecimiento, elaborado por la Mancomunidad de la Comarca de Pamplona, y que se ejecutar\u00e1 al mismo tiempo que la reurbanizaci\u00f3n, gracias al convenio suscrito entre ambas entidades. Debido a esas obras previstas por la Mancomunidad, el \u00e1mbito se ha ampliado a las calles Alh\u00f3ndiga, V\u00ednculo, Garc\u00eda Casta\u00f1\u00f3n, San Ignacio y Fern\u00e1ndez Arenas. El plazo de ejecuci\u00f3n de los trabajos es de 15 meses y se prev\u00e9 que den comienzo en enero de 2022. Esta reurbanizaci\u00f3n del paseo de Sarasate forma parte del acuerdo presupuestario alcanzado por los grupos municipales de Navarra Suma y Socialistas del Ayuntamiento de Pamplona.<\/p>\n<p>El proyecto prioriza el tr\u00e1nsito peatonal y unifica el dise\u00f1o del paseo con pavimentaciones homog\u00e9neas que delimitar\u00e1n los diferentes espacios, manteniendo el tr\u00e1fico por el vial sur y estructurando el vial norte, principalmente como zona para servicios. Entre otras intervenciones, se eliminar\u00e1n los aseos subterr\u00e1neos y se colocar\u00e1n cabinas de aseos autolimpiables, se reforzar\u00e1 la jardiner\u00eda, se reubicar\u00e1n cuatro de las seis esculturas de los Reyes de Navarra y se significar\u00e1 la importancia del Monumento a los Fueros.<\/p>\n<p><script async src=\"\/\/pagead2.googlesyndication.com\/pagead\/js\/adsbygoogle.js\"><\/script><br \/>\n<!-- Noticias La Guia de Pamplona --><br \/>\n<ins class=\"adsbygoogle\"\nstyle=\"display:block\"\ndata-ad-client=\"ca-pub-6943679897239327\"\ndata-ad-slot=\"7048180777\"\ndata-ad-format=\"auto\"><\/ins><br \/>\n<script>\n(adsbygoogle = window.adsbygoogle || []).push({});\n<\/script><\/p>\n<p><strong>La mayor licitaci\u00f3n desde 2008<\/strong><\/p>\n<p>El alcalde de Pamplona, Enrique Maya, y el concejal delegado de Proyectos Estrat\u00e9gicos, Movilidad y Sostenibilidad, Ferm\u00edn Alonso, han explicado en rueda de prensa los detalles de un proyecto que reurbaniza 22.675 metros cuadrados del centro de la ciudad, un 10% de ellos zonas verdes. Se trata de la mayor obra licitada por el Ayuntamiento de Pamplona desde 2008, cuando se acometi\u00f3 la reurbanizaci\u00f3n de la zona de Navarrer\u00eda y las calles adyacentes con un presupuesto de 14 millones de euros.<\/p>\n<p>El punto de partida del proyecto es el Concurso de Ideas convocado por el Ayuntamiento en 2019. Se presentaron 16 propuestas y se seleccionaron 3 como ganadoras, \u2018Zapateando\u2019, del equipo pamplon\u00e9s dirigido por Ram\u00f3n Garitano; \u2018ZIP\u2019 del equipo barcelon\u00e9s dirigido por Luis Beri\u00e1in; y <strong>\u2018<\/strong>Un paseo con tres plazas\u2019 del estudio madrile\u00f1o de Ulargui y Asociados Arquitectos S.L.P. El proyecto licitado a\u00fana aspectos de las tres propuestas y para su redacci\u00f3n se han mantenido contactos con otras administraciones involucradas como la Mancomunidad de la Comarca de Pamplona, la Instituci\u00f3n Pr\u00edncipe de Viana, Correos, ONCE o empresas suministradoras de energ\u00eda y servicios.<\/p>\n<p>De forma previa al futuro inicio de los trabajos, se han realizado unos sondeos arqueol\u00f3gicos, tal y como determina la normativa del Plan Especial de Protecci\u00f3n y Reforma Interior (PEPRI), de cara a conocer el subsuelo para acometer las obras de renovaci\u00f3n de las redes de saneamiento y abastecimiento.<\/p>\n<p><script async src=\"\/\/pagead2.googlesyndication.com\/pagead\/js\/adsbygoogle.js\"><\/script><br \/>\n<!-- Noticias La Guia de Pamplona --><br \/>\n<ins class=\"adsbygoogle\"\nstyle=\"display:block\"\ndata-ad-client=\"ca-pub-6943679897239327\"\ndata-ad-slot=\"7048180777\"\ndata-ad-format=\"auto\"><\/ins><br \/>\n<script>\n(adsbygoogle = window.adsbygoogle || []).push({});\n<\/script><\/p>\n<p><strong>\u00c1mbito con uso peatonal predominante y con conexi\u00f3n ciclista por el vial norte<\/strong><\/p>\n<p>El proyecto propone el uso peatonal como predominante, aunque se permite el paso de veh\u00edculo donde es necesario. Todo el \u00e1mbito estar\u00e1 regulado como zona residencial, con calles en plataforma \u00fanica donde est\u00e1 permitido ese tr\u00e1fico rodado. Esta condici\u00f3n favorecer\u00e1 la convivencia con las bicicletas que encontrar\u00e1n en el dise\u00f1o urbano una gu\u00eda por la que circular de manera m\u00e1s ordenada, con una conexi\u00f3n m\u00e1s clara con los tramos ya existentes. El vial norte, el m\u00e1s cercano al Casco Antiguo, es el que recoger\u00e1 el tr\u00e1fico ciclista que circule desde Taconera o Plaza del Castillo, siempre con preferencia peatonal.<\/p>\n<p>El acceso rodado se producir\u00e1 por la calle San Ignacio. El circuito de carga y descarga tendr\u00e1 su acceso por la calle Comedias con los horarios limitados habituales. Los autobuses urbanos, taxis, camiones de recogida de residuos o veh\u00edculos de residentes girar\u00e1n hacia el vial sur del paseo, desde el que podr\u00e1n acceder a las calles Garc\u00eda Casta\u00f1\u00f3n y Alh\u00f3ndiga. La calle del V\u00ednculo quedar\u00e1 como en la actualidad, con acceso desde la calle Estella hacia el paseo por las rampas del estacionamiento existente.<\/p>\n<p>En el vial norte se libera un espacio de posible circulaci\u00f3n exclusiva para emergencia, servicio a comerciantes y hosteler\u00eda y para residentes que deban tener acceso a su portal. El vial sur acoge las paradas del transporte urbano comarcal, con dos marquesinas entre Garc\u00eda Casta\u00f1\u00f3n y el Monumento a los Fueros; una parada de taxis frente a Correos; y las plazas reservadas precisamente para Correos, para el Parlamento de Navarra y para veh\u00edculos autorizados de personas con movilidad reducida.<\/p>\n<p>La reurbanizaci\u00f3n de las calles adyacentes generar\u00e1 otros espacios reservados. En Garc\u00eda Casta\u00f1\u00f3n se reserva espacio para cuatro plazas de movilidad reducida u otros servicios; en Fern\u00e1ndez Arenas se pueden habilitar hasta once plazas que pueden dar servicio al Gobierno de Navarra o a la carga y descarga; y en San Ignacio, entre la rampa de acceso al aparcamiento y el paseo de Sarasate se localizar\u00e1 una base con 24 unidades del futuro sistema de bicicleta el\u00e9ctrica p\u00fablica de Pamplona. Esas calles se establecer\u00e1n en plataforma \u00fanica, es decir, con acera y calzada al mismo nivel.<\/p>\n<p><script async src=\"\/\/pagead2.googlesyndication.com\/pagead\/js\/adsbygoogle.js\"><\/script><br \/>\n<!-- Noticias La Guia de Pamplona --><br \/>\n<ins class=\"adsbygoogle\"\nstyle=\"display:block\"\ndata-ad-client=\"ca-pub-6943679897239327\"\ndata-ad-slot=\"7048180777\"\ndata-ad-format=\"auto\"><\/ins><br \/>\n<script>\n(adsbygoogle = window.adsbygoogle || []).push({});\n<\/script><\/p>\n<p><strong>Pavimento caracter\u00edstico en cada zona<\/strong><\/p>\n<p>El pavimento va a determinar tambi\u00e9n las diferentes zonas de intervenci\u00f3n, dando unidad y continuidad y mejorando la permeabilidad de un paseo de Sarasate que sirve como transici\u00f3n entre el Casco Antiguo y el Segundo Ensanche. En las fachadas del lado norte, el m\u00e1s cercano al Casco Antiguo, se respetar\u00e1 una anchura para el tr\u00e1nsito peatonal, que quedar\u00e1 significada como l\u00edmite de pavimentaci\u00f3n. Se utilizar\u00e1 losa de piedra calcarenita con un despiece similar al del Casco Antiguo, lo mismo que en la zona de la iglesia de San Nicol\u00e1s. Se habilitar\u00e1 tambi\u00e9n un espacio de servicios para acomodar otros usos como los de posibles terrazas, aparcamiento de bicicletas, aseos o, espor\u00e1dicamente, parterres que puedan naturalizar el espacio.<\/p>\n<p>El espacio que quedar\u00e1 libre del actual vial norte, destinado a la circulaci\u00f3n de peatones, ciclistas, veh\u00edculos de emergencia o, de manera ocasional, de veh\u00edculos de residentes, se pavimentar\u00e1 con adoqu\u00edn de granito silvestre mar. Ese mismo material se extender\u00e1 en la pavimentaci\u00f3n entre la acera existente en el Palacio de Navarra y la plataforma del Monumento a los Fueros.<\/p>\n<p>El espacio alrededor del Monumento a los Fueros quedar\u00e1 liberado d\u00e1ndole mayor presencia, reforzado por la nueva pavimentaci\u00f3n, que se utilizar\u00e1 tambi\u00e9n en el otro extremo del paseo, frente al Parlamento, a base de piezas de granito silvestre mar y negro. Por su parte, el and\u00e9n central del paseo tendr\u00e1 tambi\u00e9n un pavimento caracter\u00edstico con losas de granito. En las zonas que se corresponder\u00e1n con los nuevos pasos peatonales (actualmente zonas de parterre), se colocar\u00e1 un pavimento drenante formado por piezas de adoqu\u00edn de granito negro con junta verde. Esto permitir\u00e1 que las zonas sean transitables, mejorando considerablemente la accesibilidad del paseo.<\/p>\n<p><script async src=\"\/\/pagead2.googlesyndication.com\/pagead\/js\/adsbygoogle.js\"><\/script><br \/>\n<!-- Noticias La Guia de Pamplona --><br \/>\n<ins class=\"adsbygoogle\"\nstyle=\"display:block\"\ndata-ad-client=\"ca-pub-6943679897239327\"\ndata-ad-slot=\"7048180777\"\ndata-ad-format=\"auto\"><\/ins><br \/>\n<script>\n(adsbygoogle = window.adsbygoogle || []).push({});\n<\/script><\/p>\n<p><strong>Paisajismo y zonas verdes, esculturas y Monumento, aseos autolimpiables\u2026<\/strong><\/p>\n<p>Una de las cuestiones irrenunciables del proyecto es la conservaci\u00f3n de las alineaciones arboladas existentes, que cuentan con un Grado 2 de protecci\u00f3n, que dan continuidad y se enlazan con la zona de la Taconera. El proyecto incluye una nueva cota cero de plantaci\u00f3n elevada y separada del pavimento (caminos, paseos\u2026) que evite el pisoteo al que se someten aquellos jardines plantados al mismo nivel de ese pavimento. El Ayuntamiento ha encargado, mediante una asistencia t\u00e9cnica, ese proyecto de paisajismo para el conjunto del paseo de Sarasate, a la empresa MSD Paisajismo.<\/p>\n<p>El Monumento a los Fueros tiene un especial potencial en la trama del paseo de Sarasate por su posici\u00f3n y su escala. El proyecto aprobado lo destaca a\u00fan m\u00e1s, eliminando elementos actuales como las vallas que lo rodean o las barandillas de los aseos p\u00fablicos subterr\u00e1neos. Se reforzar\u00e1 su iluminaci\u00f3n ornamental, con un proyecto espec\u00edfico que se ha encargado mediante una asistencia t\u00e9cnica a la Ingenier\u00eda INARQ. Asimismo, se renovar\u00e1 totalmente el alumbrado p\u00fablico del paseo.<\/p>\n<p>En el otro extremo del paseo, frente al Parlamento, se est\u00e1 estudiando la posible colocaci\u00f3n de un nuevo elemento escult\u00f3rico para dar contrapunto a la polaridad que ejerce el Monumento a los Fueros. El Ayuntamiento solicit\u00f3 una propuesta a tres escultores locales de avalada trayectoria y se est\u00e1 pendiente de la toma de la decisi\u00f3n para elegir una de ellas. Adem\u00e1s, las seis estatuas de Reyes de Navarra del paseo de Sarasate, que datan de 1760, se desmontar\u00e1n y limpiar\u00e1n. Cuatro de ellas cambiar\u00e1n de ubicaci\u00f3n en el mismo paseo y las dos centrales se mantendr\u00e1n en el mismo sitio.<\/p>\n<p>La reurbanizaci\u00f3n del paseo de Sarasate supondr\u00e1 la clausura de los actuales aseos p\u00fablicos subterr\u00e1neos, cuya entrada no cumple la normativa de accesibilidad. Se colocar\u00e1n tres nuevos aseos autolimpiables, con urinarios en ed\u00edculos, que acoger\u00e1n los armarios necesarios de control de riego y de electricidad. Durante las obras, el aseo autolimpiable existente se recuperar\u00e1 e intentar\u00e1 colocar en otra ubicaci\u00f3n de la ciudad.<\/p>\n<p>A todo ello se unir\u00e1 el nuevo mobiliario urbano con nuevos bancos corridos en el and\u00e9n central y en la zona de las gradas \u2013 escaleras, nuevas papeleras, dos fuentes o un nuevo pasamanos en la zona de escaleras frente a la iglesia de San Nicol\u00e1s. Las dos cabinas de venta de la ONCE se trasladar\u00e1n a puntos cercanos a los actuales y tambi\u00e9n se trasladar\u00e1 la cabina de Telef\u00f3nica.<\/p>\n<p><script async src=\"\/\/pagead2.googlesyndication.com\/pagead\/js\/adsbygoogle.js\"><\/script><br \/>\n<!-- Noticias La Guia de Pamplona --><br \/>\n<ins class=\"adsbygoogle\"\nstyle=\"display:block\"\ndata-ad-client=\"ca-pub-6943679897239327\"\ndata-ad-slot=\"7048180777\"\ndata-ad-format=\"auto\"><\/ins><br \/>\n<script>\n(adsbygoogle = window.adsbygoogle || []).push({});\n<\/script><\/p>\n<p><strong>Renovaci\u00f3n de redes de abastecimiento y saneamiento<\/strong><\/p>\n<p>El proyecto de renovaci\u00f3n de redes de abastecimiento y saneamiento, dependiente de la Mancomunidad de la Comarca de Pamplona, se ejecutar\u00e1 a la par de la reurbanizaci\u00f3n del paseo de Sarasate. En el aspecto del abastecimiento, comprende las tuber\u00edas que hay en los tramos de las calles a reurbanizar y que dan acometida a las edificaciones existentes, as\u00ed como el traslado de un colector de gran di\u00e1metro del a\u00f1o 1895 que discurre por debajo del parterre norte y la estatua de los Fueros, con el fin de que pueda ser registrable en todos sus puntos.\u00a0 En cuanto al saneamiento, se renovar\u00e1 las antiguas canalizaciones unitarias de saneamiento y se implementar\u00e1 una red separativa, con colectores de pluviales y fecales paralelos.<\/p>\n<p>Por otro lado, por cuenta del Ayuntamiento de Pamplona, se recoger\u00e1n las bajantes de las pluviales de la edificaci\u00f3n de la zona norte, que vierten a acera o a trav\u00e9s del bordillo, tras atravesar en tubo bajo la acera, y los sumideros de este tramo y del and\u00e9n central del paseo, con dos colectores de pluviales que se conectan a pozos de registro existentes. Se ha colaborado en la redacci\u00f3n del proyecto con diversos servicios municipales (Jardines, Alumbrado, Seguridad Ciudadana, Sanidad y Cultura), y se han realizado consultas a personal t\u00e9cnico de la Mancomunidad (Agua, Residuos y Transporte Urbano) y a personal de las compa\u00f1\u00edas de servicios con canalizaciones en la zona tanto para conocer su estado actual como para conocer las necesidades e incluirlas en el proyecto.<\/p>\n","protected":false},"excerpt":{"rendered":"<p>La Junta de Gobierno licita por 10.210.339 euros las obras que renovar\u00e1n 22.000 m2 y extender\u00e1n el \u00e1mbito peatonal hasta la calle Estella<\/p>\n","protected":false},"author":1,"featured_media":36059,"comment_status":"open","ping_status":"closed","sticky":false,"template":"","format":"standard","meta":{"footnotes":""},"categories":[2],"tags":[],"class_list":["post-36058","post","type-post","status-publish","format-standard","has-post-thumbnail","hentry","category-ayuntamiento-pamplona"],"yoast_head":"<!-- This site is optimized with the Yoast SEO plugin v27.5 - https:\/\/yoast.com\/product\/yoast-seo-wordpress\/ -->\n<title>La reurbanizaci\u00f3n del paseo de Sarasate generar\u00e1 nuevos pasos transversales y zonas de estancia que multiplicar\u00e1n la permeabilidad entre Casco Antiguo y Ensanches<\/title>\n<meta name=\"description\" content=\"La Junta de Gobierno licita por 10.210.339 euros las obras que renovar\u00e1n 22.000 m2 y extender\u00e1n el \u00e1mbito peatonal hasta la calle Estella\" \/>\n<meta name=\"robots\" content=\"index, follow, max-snippet:-1, max-image-preview:large, max-video-preview:-1\" \/>\n<link rel=\"canonical\" href=\"https:\/\/www.laguiadepamplona.com\/actualidad\/la-reurbanizacion-del-paseo-de-sarasate-generara-nuevos-pasos-transversales-y-zonas-de-estancia-que-multiplicaran-la-permeabilidad-entre-casco-antiguo-y-ensanches\/\" \/>\n<meta property=\"og:locale\" content=\"es_ES\" \/>\n<meta property=\"og:type\" content=\"article\" \/>\n<meta property=\"og:title\" content=\"La reurbanizaci\u00f3n del paseo de Sarasate generar\u00e1 nuevos pasos transversales y zonas de estancia que multiplicar\u00e1n la permeabilidad entre Casco Antiguo y Ensanches\" \/>\n<meta property=\"og:description\" content=\"La Junta de Gobierno licita por 10.210.339 euros las obras que renovar\u00e1n 22.000 m2 y extender\u00e1n el \u00e1mbito peatonal hasta la calle Estella\" \/>\n<meta property=\"og:url\" content=\"https:\/\/www.laguiadepamplona.com\/actualidad\/la-reurbanizacion-del-paseo-de-sarasate-generara-nuevos-pasos-transversales-y-zonas-de-estancia-que-multiplicaran-la-permeabilidad-entre-casco-antiguo-y-ensanches\/\" \/>\n<meta property=\"og:site_name\" content=\"La Gu\u00eda de Pamplona\" \/>\n<meta property=\"article:publisher\" content=\"https:\/\/www.facebook.com\/laguiadepamplonacom-133175176762273\/?ref=hl\" \/>\n<meta property=\"article:published_time\" content=\"2021-08-02T10:56:15+00:00\" \/>\n<meta property=\"article:modified_time\" content=\"2023-04-11T09:49:10+00:00\" \/>\n<meta property=\"og:image\" content=\"https:\/\/www.laguiadepamplona.com\/actualidad\/wp-content\/uploads\/2021\/08\/21.08.02_reurbanizacion_sarasate_alzado.jpg\" \/>\n\t<meta property=\"og:image:width\" content=\"1920\" \/>\n\t<meta property=\"og:image:height\" content=\"1191\" \/>\n\t<meta property=\"og:image:type\" content=\"image\/jpeg\" \/>\n<meta name=\"author\" content=\"La Gu\u00eda de Pamplona\" \/>\n<meta name=\"twitter:card\" content=\"summary_large_image\" \/>\n<meta name=\"twitter:creator\" content=\"@LaGuiadPamplona\" \/>\n<meta name=\"twitter:site\" content=\"@LaGuiadPamplona\" \/>\n<meta name=\"twitter:label1\" content=\"Escrito por\" \/>\n\t<meta name=\"twitter:data1\" content=\"La Gu\u00eda de Pamplona\" \/>\n\t<meta name=\"twitter:label2\" content=\"Tiempo de lectura\" \/>\n\t<meta name=\"twitter:data2\" content=\"9 minutos\" \/>\n<script type=\"application\/ld+json\" class=\"yoast-schema-graph\">{\"@context\":\"https:\\\/\\\/schema.org\",\"@graph\":[{\"@type\":\"Article\",\"@id\":\"https:\\\/\\\/www.laguiadepamplona.com\\\/actualidad\\\/la-reurbanizacion-del-paseo-de-sarasate-generara-nuevos-pasos-transversales-y-zonas-de-estancia-que-multiplicaran-la-permeabilidad-entre-casco-antiguo-y-ensanches\\\/#article\",\"isPartOf\":{\"@id\":\"https:\\\/\\\/www.laguiadepamplona.com\\\/actualidad\\\/la-reurbanizacion-del-paseo-de-sarasate-generara-nuevos-pasos-transversales-y-zonas-de-estancia-que-multiplicaran-la-permeabilidad-entre-casco-antiguo-y-ensanches\\\/\"},\"author\":{\"name\":\"La Gu\u00eda de Pamplona\",\"@id\":\"https:\\\/\\\/www.laguiadepamplona.com\\\/actualidad\\\/#\\\/schema\\\/person\\\/efe887376f0213d4657c93adc50b1fdb\"},\"headline\":\"La reurbanizaci\u00f3n del paseo de Sarasate generar\u00e1 nuevos pasos transversales y zonas de estancia que multiplicar\u00e1n la permeabilidad entre Casco Antiguo y Ensanches\",\"datePublished\":\"2021-08-02T10:56:15+00:00\",\"dateModified\":\"2023-04-11T09:49:10+00:00\",\"mainEntityOfPage\":{\"@id\":\"https:\\\/\\\/www.laguiadepamplona.com\\\/actualidad\\\/la-reurbanizacion-del-paseo-de-sarasate-generara-nuevos-pasos-transversales-y-zonas-de-estancia-que-multiplicaran-la-permeabilidad-entre-casco-antiguo-y-ensanches\\\/\"},\"wordCount\":2065,\"commentCount\":0,\"publisher\":{\"@id\":\"https:\\\/\\\/www.laguiadepamplona.com\\\/actualidad\\\/#organization\"},\"image\":{\"@id\":\"https:\\\/\\\/www.laguiadepamplona.com\\\/actualidad\\\/la-reurbanizacion-del-paseo-de-sarasate-generara-nuevos-pasos-transversales-y-zonas-de-estancia-que-multiplicaran-la-permeabilidad-entre-casco-antiguo-y-ensanches\\\/#primaryimage\"},\"thumbnailUrl\":\"https:\\\/\\\/www.laguiadepamplona.com\\\/actualidad\\\/wp-content\\\/uploads\\\/2021\\\/08\\\/21.08.02_reurbanizacion_sarasate_alzado.jpg\",\"articleSection\":[\"Ayto Pamplona\"],\"inLanguage\":\"es\",\"potentialAction\":[{\"@type\":\"CommentAction\",\"name\":\"Comment\",\"target\":[\"https:\\\/\\\/www.laguiadepamplona.com\\\/actualidad\\\/la-reurbanizacion-del-paseo-de-sarasate-generara-nuevos-pasos-transversales-y-zonas-de-estancia-que-multiplicaran-la-permeabilidad-entre-casco-antiguo-y-ensanches\\\/#respond\"]}]},{\"@type\":\"WebPage\",\"@id\":\"https:\\\/\\\/www.laguiadepamplona.com\\\/actualidad\\\/la-reurbanizacion-del-paseo-de-sarasate-generara-nuevos-pasos-transversales-y-zonas-de-estancia-que-multiplicaran-la-permeabilidad-entre-casco-antiguo-y-ensanches\\\/\",\"url\":\"https:\\\/\\\/www.laguiadepamplona.com\\\/actualidad\\\/la-reurbanizacion-del-paseo-de-sarasate-generara-nuevos-pasos-transversales-y-zonas-de-estancia-que-multiplicaran-la-permeabilidad-entre-casco-antiguo-y-ensanches\\\/\",\"name\":\"La reurbanizaci\u00f3n del paseo de Sarasate generar\u00e1 nuevos pasos transversales y zonas de estancia que multiplicar\u00e1n la permeabilidad entre Casco Antiguo y Ensanches\",\"isPartOf\":{\"@id\":\"https:\\\/\\\/www.laguiadepamplona.com\\\/actualidad\\\/#website\"},\"primaryImageOfPage\":{\"@id\":\"https:\\\/\\\/www.laguiadepamplona.com\\\/actualidad\\\/la-reurbanizacion-del-paseo-de-sarasate-generara-nuevos-pasos-transversales-y-zonas-de-estancia-que-multiplicaran-la-permeabilidad-entre-casco-antiguo-y-ensanches\\\/#primaryimage\"},\"image\":{\"@id\":\"https:\\\/\\\/www.laguiadepamplona.com\\\/actualidad\\\/la-reurbanizacion-del-paseo-de-sarasate-generara-nuevos-pasos-transversales-y-zonas-de-estancia-que-multiplicaran-la-permeabilidad-entre-casco-antiguo-y-ensanches\\\/#primaryimage\"},\"thumbnailUrl\":\"https:\\\/\\\/www.laguiadepamplona.com\\\/actualidad\\\/wp-content\\\/uploads\\\/2021\\\/08\\\/21.08.02_reurbanizacion_sarasate_alzado.jpg\",\"datePublished\":\"2021-08-02T10:56:15+00:00\",\"dateModified\":\"2023-04-11T09:49:10+00:00\",\"description\":\"La Junta de Gobierno licita por 10.210.339 euros las obras que renovar\u00e1n 22.000 m2 y extender\u00e1n el \u00e1mbito peatonal hasta la calle Estella\",\"breadcrumb\":{\"@id\":\"https:\\\/\\\/www.laguiadepamplona.com\\\/actualidad\\\/la-reurbanizacion-del-paseo-de-sarasate-generara-nuevos-pasos-transversales-y-zonas-de-estancia-que-multiplicaran-la-permeabilidad-entre-casco-antiguo-y-ensanches\\\/#breadcrumb\"},\"inLanguage\":\"es\",\"potentialAction\":[{\"@type\":\"ReadAction\",\"target\":[\"https:\\\/\\\/www.laguiadepamplona.com\\\/actualidad\\\/la-reurbanizacion-del-paseo-de-sarasate-generara-nuevos-pasos-transversales-y-zonas-de-estancia-que-multiplicaran-la-permeabilidad-entre-casco-antiguo-y-ensanches\\\/\"]}]},{\"@type\":\"ImageObject\",\"inLanguage\":\"es\",\"@id\":\"https:\\\/\\\/www.laguiadepamplona.com\\\/actualidad\\\/la-reurbanizacion-del-paseo-de-sarasate-generara-nuevos-pasos-transversales-y-zonas-de-estancia-que-multiplicaran-la-permeabilidad-entre-casco-antiguo-y-ensanches\\\/#primaryimage\",\"url\":\"https:\\\/\\\/www.laguiadepamplona.com\\\/actualidad\\\/wp-content\\\/uploads\\\/2021\\\/08\\\/21.08.02_reurbanizacion_sarasate_alzado.jpg\",\"contentUrl\":\"https:\\\/\\\/www.laguiadepamplona.com\\\/actualidad\\\/wp-content\\\/uploads\\\/2021\\\/08\\\/21.08.02_reurbanizacion_sarasate_alzado.jpg\",\"width\":1920,\"height\":1191},{\"@type\":\"BreadcrumbList\",\"@id\":\"https:\\\/\\\/www.laguiadepamplona.com\\\/actualidad\\\/la-reurbanizacion-del-paseo-de-sarasate-generara-nuevos-pasos-transversales-y-zonas-de-estancia-que-multiplicaran-la-permeabilidad-entre-casco-antiguo-y-ensanches\\\/#breadcrumb\",\"itemListElement\":[{\"@type\":\"ListItem\",\"position\":1,\"name\":\"Portada\",\"item\":\"https:\\\/\\\/www.laguiadepamplona.com\\\/actualidad\\\/\"},{\"@type\":\"ListItem\",\"position\":2,\"name\":\"La reurbanizaci\u00f3n del paseo de Sarasate generar\u00e1 nuevos pasos transversales y zonas de estancia que multiplicar\u00e1n la permeabilidad entre Casco Antiguo y Ensanches\"}]},{\"@type\":\"WebSite\",\"@id\":\"https:\\\/\\\/www.laguiadepamplona.com\\\/actualidad\\\/#website\",\"url\":\"https:\\\/\\\/www.laguiadepamplona.com\\\/actualidad\\\/\",\"name\":\"La gu\u00eda de Pamplona\",\"description\":\"Noticias de Pamplona\",\"publisher\":{\"@id\":\"https:\\\/\\\/www.laguiadepamplona.com\\\/actualidad\\\/#organization\"},\"potentialAction\":[{\"@type\":\"SearchAction\",\"target\":{\"@type\":\"EntryPoint\",\"urlTemplate\":\"https:\\\/\\\/www.laguiadepamplona.com\\\/actualidad\\\/?s={search_term_string}\"},\"query-input\":{\"@type\":\"PropertyValueSpecification\",\"valueRequired\":true,\"valueName\":\"search_term_string\"}}],\"inLanguage\":\"es\"},{\"@type\":\"Organization\",\"@id\":\"https:\\\/\\\/www.laguiadepamplona.com\\\/actualidad\\\/#organization\",\"name\":\"La Gu\u00eda de Pamplona \\\/ Noticias\",\"url\":\"https:\\\/\\\/www.laguiadepamplona.com\\\/actualidad\\\/\",\"logo\":{\"@type\":\"ImageObject\",\"inLanguage\":\"es\",\"@id\":\"https:\\\/\\\/www.laguiadepamplona.com\\\/actualidad\\\/#\\\/schema\\\/logo\\\/image\\\/\",\"url\":\"https:\\\/\\\/www.laguiadepamplona.com\\\/actualidad\\\/wp-content\\\/uploads\\\/2018\\\/11\\\/logo-laguiadepamplona18-web1.png\",\"contentUrl\":\"https:\\\/\\\/www.laguiadepamplona.com\\\/actualidad\\\/wp-content\\\/uploads\\\/2018\\\/11\\\/logo-laguiadepamplona18-web1.png\",\"width\":600,\"height\":196,\"caption\":\"La Gu\u00eda de Pamplona \\\/ Noticias\"},\"image\":{\"@id\":\"https:\\\/\\\/www.laguiadepamplona.com\\\/actualidad\\\/#\\\/schema\\\/logo\\\/image\\\/\"},\"sameAs\":[\"https:\\\/\\\/www.facebook.com\\\/laguiadepamplonacom-133175176762273\\\/?ref=hl\",\"https:\\\/\\\/x.com\\\/LaGuiadPamplona\",\"https:\\\/\\\/www.instagram.com\\\/la_guia_de_pamplona\\\/\",\"https:\\\/\\\/www.youtube.com\\\/user\\\/laguiadepamplona\"]},{\"@type\":\"Person\",\"@id\":\"https:\\\/\\\/www.laguiadepamplona.com\\\/actualidad\\\/#\\\/schema\\\/person\\\/efe887376f0213d4657c93adc50b1fdb\",\"name\":\"La Gu\u00eda de Pamplona\",\"image\":{\"@type\":\"ImageObject\",\"inLanguage\":\"es\",\"@id\":\"https:\\\/\\\/secure.gravatar.com\\\/avatar\\\/b6992f131dc8d30ab0dff15446e9d346d9dbd95992de0fef795073f5ea83a81c?s=96&d=mm&r=g\",\"url\":\"https:\\\/\\\/secure.gravatar.com\\\/avatar\\\/b6992f131dc8d30ab0dff15446e9d346d9dbd95992de0fef795073f5ea83a81c?s=96&d=mm&r=g\",\"contentUrl\":\"https:\\\/\\\/secure.gravatar.com\\\/avatar\\\/b6992f131dc8d30ab0dff15446e9d346d9dbd95992de0fef795073f5ea83a81c?s=96&d=mm&r=g\",\"caption\":\"La Gu\u00eda de Pamplona\"}}]}<\/script>\n<!-- \/ Yoast SEO plugin. -->","yoast_head_json":{"title":"La reurbanizaci\u00f3n del paseo de Sarasate generar\u00e1 nuevos pasos transversales y zonas de estancia que multiplicar\u00e1n la permeabilidad entre Casco Antiguo y Ensanches","description":"La Junta de Gobierno licita por 10.210.339 euros las obras que renovar\u00e1n 22.000 m2 y extender\u00e1n el \u00e1mbito peatonal hasta la calle Estella","robots":{"index":"index","follow":"follow","max-snippet":"max-snippet:-1","max-image-preview":"max-image-preview:large","max-video-preview":"max-video-preview:-1"},"canonical":"https:\/\/www.laguiadepamplona.com\/actualidad\/la-reurbanizacion-del-paseo-de-sarasate-generara-nuevos-pasos-transversales-y-zonas-de-estancia-que-multiplicaran-la-permeabilidad-entre-casco-antiguo-y-ensanches\/","og_locale":"es_ES","og_type":"article","og_title":"La reurbanizaci\u00f3n del paseo de Sarasate generar\u00e1 nuevos pasos transversales y zonas de estancia que multiplicar\u00e1n la permeabilidad entre Casco Antiguo y Ensanches","og_description":"La Junta de Gobierno licita por 10.210.339 euros las obras que renovar\u00e1n 22.000 m2 y extender\u00e1n el \u00e1mbito peatonal hasta la calle Estella","og_url":"https:\/\/www.laguiadepamplona.com\/actualidad\/la-reurbanizacion-del-paseo-de-sarasate-generara-nuevos-pasos-transversales-y-zonas-de-estancia-que-multiplicaran-la-permeabilidad-entre-casco-antiguo-y-ensanches\/","og_site_name":"La Gu\u00eda de Pamplona","article_publisher":"https:\/\/www.facebook.com\/laguiadepamplonacom-133175176762273\/?ref=hl","article_published_time":"2021-08-02T10:56:15+00:00","article_modified_time":"2023-04-11T09:49:10+00:00","og_image":[{"width":1920,"height":1191,"url":"https:\/\/www.laguiadepamplona.com\/actualidad\/wp-content\/uploads\/2021\/08\/21.08.02_reurbanizacion_sarasate_alzado.jpg","type":"image\/jpeg"}],"author":"La Gu\u00eda de Pamplona","twitter_card":"summary_large_image","twitter_creator":"@LaGuiadPamplona","twitter_site":"@LaGuiadPamplona","twitter_misc":{"Escrito por":"La Gu\u00eda de Pamplona","Tiempo de lectura":"9 minutos"},"schema":{"@context":"https:\/\/schema.org","@graph":[{"@type":"Article","@id":"https:\/\/www.laguiadepamplona.com\/actualidad\/la-reurbanizacion-del-paseo-de-sarasate-generara-nuevos-pasos-transversales-y-zonas-de-estancia-que-multiplicaran-la-permeabilidad-entre-casco-antiguo-y-ensanches\/#article","isPartOf":{"@id":"https:\/\/www.laguiadepamplona.com\/actualidad\/la-reurbanizacion-del-paseo-de-sarasate-generara-nuevos-pasos-transversales-y-zonas-de-estancia-que-multiplicaran-la-permeabilidad-entre-casco-antiguo-y-ensanches\/"},"author":{"name":"La Gu\u00eda de Pamplona","@id":"https:\/\/www.laguiadepamplona.com\/actualidad\/#\/schema\/person\/efe887376f0213d4657c93adc50b1fdb"},"headline":"La reurbanizaci\u00f3n del paseo de Sarasate generar\u00e1 nuevos pasos transversales y zonas de estancia que multiplicar\u00e1n la permeabilidad entre Casco Antiguo y Ensanches","datePublished":"2021-08-02T10:56:15+00:00","dateModified":"2023-04-11T09:49:10+00:00","mainEntityOfPage":{"@id":"https:\/\/www.laguiadepamplona.com\/actualidad\/la-reurbanizacion-del-paseo-de-sarasate-generara-nuevos-pasos-transversales-y-zonas-de-estancia-que-multiplicaran-la-permeabilidad-entre-casco-antiguo-y-ensanches\/"},"wordCount":2065,"commentCount":0,"publisher":{"@id":"https:\/\/www.laguiadepamplona.com\/actualidad\/#organization"},"image":{"@id":"https:\/\/www.laguiadepamplona.com\/actualidad\/la-reurbanizacion-del-paseo-de-sarasate-generara-nuevos-pasos-transversales-y-zonas-de-estancia-que-multiplicaran-la-permeabilidad-entre-casco-antiguo-y-ensanches\/#primaryimage"},"thumbnailUrl":"https:\/\/www.laguiadepamplona.com\/actualidad\/wp-content\/uploads\/2021\/08\/21.08.02_reurbanizacion_sarasate_alzado.jpg","articleSection":["Ayto Pamplona"],"inLanguage":"es","potentialAction":[{"@type":"CommentAction","name":"Comment","target":["https:\/\/www.laguiadepamplona.com\/actualidad\/la-reurbanizacion-del-paseo-de-sarasate-generara-nuevos-pasos-transversales-y-zonas-de-estancia-que-multiplicaran-la-permeabilidad-entre-casco-antiguo-y-ensanches\/#respond"]}]},{"@type":"WebPage","@id":"https:\/\/www.laguiadepamplona.com\/actualidad\/la-reurbanizacion-del-paseo-de-sarasate-generara-nuevos-pasos-transversales-y-zonas-de-estancia-que-multiplicaran-la-permeabilidad-entre-casco-antiguo-y-ensanches\/","url":"https:\/\/www.laguiadepamplona.com\/actualidad\/la-reurbanizacion-del-paseo-de-sarasate-generara-nuevos-pasos-transversales-y-zonas-de-estancia-que-multiplicaran-la-permeabilidad-entre-casco-antiguo-y-ensanches\/","name":"La reurbanizaci\u00f3n del paseo de Sarasate generar\u00e1 nuevos pasos transversales y zonas de estancia que multiplicar\u00e1n la permeabilidad entre Casco Antiguo y Ensanches","isPartOf":{"@id":"https:\/\/www.laguiadepamplona.com\/actualidad\/#website"},"primaryImageOfPage":{"@id":"https:\/\/www.laguiadepamplona.com\/actualidad\/la-reurbanizacion-del-paseo-de-sarasate-generara-nuevos-pasos-transversales-y-zonas-de-estancia-que-multiplicaran-la-permeabilidad-entre-casco-antiguo-y-ensanches\/#primaryimage"},"image":{"@id":"https:\/\/www.laguiadepamplona.com\/actualidad\/la-reurbanizacion-del-paseo-de-sarasate-generara-nuevos-pasos-transversales-y-zonas-de-estancia-que-multiplicaran-la-permeabilidad-entre-casco-antiguo-y-ensanches\/#primaryimage"},"thumbnailUrl":"https:\/\/www.laguiadepamplona.com\/actualidad\/wp-content\/uploads\/2021\/08\/21.08.02_reurbanizacion_sarasate_alzado.jpg","datePublished":"2021-08-02T10:56:15+00:00","dateModified":"2023-04-11T09:49:10+00:00","description":"La Junta de Gobierno licita por 10.210.339 euros las obras que renovar\u00e1n 22.000 m2 y extender\u00e1n el \u00e1mbito peatonal hasta la calle Estella","breadcrumb":{"@id":"https:\/\/www.laguiadepamplona.com\/actualidad\/la-reurbanizacion-del-paseo-de-sarasate-generara-nuevos-pasos-transversales-y-zonas-de-estancia-que-multiplicaran-la-permeabilidad-entre-casco-antiguo-y-ensanches\/#breadcrumb"},"inLanguage":"es","potentialAction":[{"@type":"ReadAction","target":["https:\/\/www.laguiadepamplona.com\/actualidad\/la-reurbanizacion-del-paseo-de-sarasate-generara-nuevos-pasos-transversales-y-zonas-de-estancia-que-multiplicaran-la-permeabilidad-entre-casco-antiguo-y-ensanches\/"]}]},{"@type":"ImageObject","inLanguage":"es","@id":"https:\/\/www.laguiadepamplona.com\/actualidad\/la-reurbanizacion-del-paseo-de-sarasate-generara-nuevos-pasos-transversales-y-zonas-de-estancia-que-multiplicaran-la-permeabilidad-entre-casco-antiguo-y-ensanches\/#primaryimage","url":"https:\/\/www.laguiadepamplona.com\/actualidad\/wp-content\/uploads\/2021\/08\/21.08.02_reurbanizacion_sarasate_alzado.jpg","contentUrl":"https:\/\/www.laguiadepamplona.com\/actualidad\/wp-content\/uploads\/2021\/08\/21.08.02_reurbanizacion_sarasate_alzado.jpg","width":1920,"height":1191},{"@type":"BreadcrumbList","@id":"https:\/\/www.laguiadepamplona.com\/actualidad\/la-reurbanizacion-del-paseo-de-sarasate-generara-nuevos-pasos-transversales-y-zonas-de-estancia-que-multiplicaran-la-permeabilidad-entre-casco-antiguo-y-ensanches\/#breadcrumb","itemListElement":[{"@type":"ListItem","position":1,"name":"Portada","item":"https:\/\/www.laguiadepamplona.com\/actualidad\/"},{"@type":"ListItem","position":2,"name":"La reurbanizaci\u00f3n del paseo de Sarasate generar\u00e1 nuevos pasos transversales y zonas de estancia que multiplicar\u00e1n la permeabilidad entre Casco Antiguo y Ensanches"}]},{"@type":"WebSite","@id":"https:\/\/www.laguiadepamplona.com\/actualidad\/#website","url":"https:\/\/www.laguiadepamplona.com\/actualidad\/","name":"La gu\u00eda de Pamplona","description":"Noticias de Pamplona","publisher":{"@id":"https:\/\/www.laguiadepamplona.com\/actualidad\/#organization"},"potentialAction":[{"@type":"SearchAction","target":{"@type":"EntryPoint","urlTemplate":"https:\/\/www.laguiadepamplona.com\/actualidad\/?s={search_term_string}"},"query-input":{"@type":"PropertyValueSpecification","valueRequired":true,"valueName":"search_term_string"}}],"inLanguage":"es"},{"@type":"Organization","@id":"https:\/\/www.laguiadepamplona.com\/actualidad\/#organization","name":"La Gu\u00eda de Pamplona \/ Noticias","url":"https:\/\/www.laguiadepamplona.com\/actualidad\/","logo":{"@type":"ImageObject","inLanguage":"es","@id":"https:\/\/www.laguiadepamplona.com\/actualidad\/#\/schema\/logo\/image\/","url":"https:\/\/www.laguiadepamplona.com\/actualidad\/wp-content\/uploads\/2018\/11\/logo-laguiadepamplona18-web1.png","contentUrl":"https:\/\/www.laguiadepamplona.com\/actualidad\/wp-content\/uploads\/2018\/11\/logo-laguiadepamplona18-web1.png","width":600,"height":196,"caption":"La Gu\u00eda de Pamplona \/ Noticias"},"image":{"@id":"https:\/\/www.laguiadepamplona.com\/actualidad\/#\/schema\/logo\/image\/"},"sameAs":["https:\/\/www.facebook.com\/laguiadepamplonacom-133175176762273\/?ref=hl","https:\/\/x.com\/LaGuiadPamplona","https:\/\/www.instagram.com\/la_guia_de_pamplona\/","https:\/\/www.youtube.com\/user\/laguiadepamplona"]},{"@type":"Person","@id":"https:\/\/www.laguiadepamplona.com\/actualidad\/#\/schema\/person\/efe887376f0213d4657c93adc50b1fdb","name":"La Gu\u00eda de Pamplona","image":{"@type":"ImageObject","inLanguage":"es","@id":"https:\/\/secure.gravatar.com\/avatar\/b6992f131dc8d30ab0dff15446e9d346d9dbd95992de0fef795073f5ea83a81c?s=96&d=mm&r=g","url":"https:\/\/secure.gravatar.com\/avatar\/b6992f131dc8d30ab0dff15446e9d346d9dbd95992de0fef795073f5ea83a81c?s=96&d=mm&r=g","contentUrl":"https:\/\/secure.gravatar.com\/avatar\/b6992f131dc8d30ab0dff15446e9d346d9dbd95992de0fef795073f5ea83a81c?s=96&d=mm&r=g","caption":"La Gu\u00eda de Pamplona"}}]}},"post_mailing_queue_ids":[],"_links":{"self":[{"href":"https:\/\/www.laguiadepamplona.com\/actualidad\/wp-json\/wp\/v2\/posts\/36058","targetHints":{"allow":["GET"]}}],"collection":[{"href":"https:\/\/www.laguiadepamplona.com\/actualidad\/wp-json\/wp\/v2\/posts"}],"about":[{"href":"https:\/\/www.laguiadepamplona.com\/actualidad\/wp-json\/wp\/v2\/types\/post"}],"author":[{"embeddable":true,"href":"https:\/\/www.laguiadepamplona.com\/actualidad\/wp-json\/wp\/v2\/users\/1"}],"replies":[{"embeddable":true,"href":"https:\/\/www.laguiadepamplona.com\/actualidad\/wp-json\/wp\/v2\/comments?post=36058"}],"version-history":[{"count":0,"href":"https:\/\/www.laguiadepamplona.com\/actualidad\/wp-json\/wp\/v2\/posts\/36058\/revisions"}],"wp:featuredmedia":[{"embeddable":true,"href":"https:\/\/www.laguiadepamplona.com\/actualidad\/wp-json\/wp\/v2\/media\/36059"}],"wp:attachment":[{"href":"https:\/\/www.laguiadepamplona.com\/actualidad\/wp-json\/wp\/v2\/media?parent=36058"}],"wp:term":[{"taxonomy":"category","embeddable":true,"href":"https:\/\/www.laguiadepamplona.com\/actualidad\/wp-json\/wp\/v2\/categories?post=36058"},{"taxonomy":"post_tag","embeddable":true,"href":"https:\/\/www.laguiadepamplona.com\/actualidad\/wp-json\/wp\/v2\/tags?post=36058"}],"curies":[{"name":"wp","href":"https:\/\/api.w.org\/{rel}","templated":true}]}}