{"id":36053,"date":"2021-07-30T13:16:03","date_gmt":"2021-07-30T11:16:03","guid":{"rendered":"https:\/\/www.laguiadepamplona.com\/actualidad\/?p=36053"},"modified":"2023-04-11T11:49:11","modified_gmt":"2023-04-11T09:49:11","slug":"el-palacio-de-ezpeleta-abre-sus-puertas-el-lunes-para-acoger-del-2-al-25-de-agosto-el-ciclo-versionando-talleres-infantiles-artes-de-calle-musica-en-familia-y-noches-de-cine","status":"publish","type":"post","link":"https:\/\/www.laguiadepamplona.com\/actualidad\/el-palacio-de-ezpeleta-abre-sus-puertas-el-lunes-para-acoger-del-2-al-25-de-agosto-el-ciclo-versionando-talleres-infantiles-artes-de-calle-musica-en-familia-y-noches-de-cine\/","title":{"rendered":"El Palacio de Ezpeleta abre sus puertas el lunes para acoger del 2 al 25 de agosto el ciclo Versionando, talleres infantiles, artes de calle, m\u00fasica en familia y noches de cine \u00a0"},"content":{"rendered":"<h5>Se han programado una veintena de actividades vespertinas para todo tipo de p\u00fablicos, todas ellas gratuitas<\/h5>\n<p><!--more--><\/p>\n<p>Por segundo a\u00f1o consecutivo, el Palacio de Ezpeleta se convierte en sede de la programaci\u00f3n cultural del Ayuntamiento de Pamplona. Del 2 al 25 de agosto, el patio del palacio acoger\u00e1 una veintena de actividades gratuitas, dirigidas a todo tipo de p\u00fablicos. Los lunes se dedicar\u00e1n al ciclo Versionando, los martes a las artes de calle, los mi\u00e9rcoles a la m\u00fasica en familia y los jueves habr\u00e1 talleres y actividades infantiles y familiares. Los dos primeros viernes se proyectar\u00e1n tambi\u00e9n dos pel\u00edculas de \u2018Noches de cine\u2019. La entrada ser\u00e1 libre, por orden de llegada hasta completar aforo, excepto en los talleres, que requieren de inscripci\u00f3n previa. Las puertas del recinto se abrir\u00e1n 45 minutos antes de cada actividad.<\/p>\n<p>Los lunes ser\u00e1n tiempo para la m\u00fasica con el ciclo Versionando. A partir de las 20 horas, se suceder\u00e1n cl\u00e1sicos y versiones en diferentes estilos. El 2 de agosto abrir\u00e1 los conciertos The Mirrorballs con un homenaje a la m\u00fasica de los 70, a ritmo de funk, disco, R&amp;B, soul y rock and roll. El 9 de agosto The Road propone un espect\u00e1culo de m\u00fasica teatralizada con versiones de David Bowie, Louis Prima, Elvis Presley, Extremoduro, Tequila, Berri Txarrak\u2026 El 16 de agosto The Corleone\u00b4s Band interpretar\u00e1 versiones m\u00e1s blueseras y rockeras de artistas como Aretha Franklin, Tina Turner, Blues Brothers, AC\/DC, Queen o Michael Jackson. Cerrar\u00e1 Versionando el 23 de agosto Correcaminos Rock&amp;Roll Band con un viaje genuino, en\u00e9rgico y contundente por el rock and roll.<\/p>\n<p>Las artes de calle ocupar\u00e1n la programaci\u00f3n de los martes, con cuatro propuestas aptas para todos los p\u00fablicos a partir de las 19 horas. Batean Zirko propone para el 3 de agosto \u201cBaserriko porrusalda\u201d, obras en euskera, en torno a la gastronom\u00eda, la cocina e incluso la filosof\u00eda zen. El 10 de agosto La Banda del Otro representar\u00e1 \u2018Yee-haw\u2019, trasladando al p\u00fablico al lejano Oeste de Andaluisiana, con m\u00fasicos, malabaristas y payasos. El 17 de agosto, en \u2018Ohlimpiadas\u2019, la compa\u00f1\u00eda La Sincro narra la historia de dos limpiadoras que realizan su rutina laboral como si estuvieran en los Juegos Ol\u00edmpicos. El espect\u00e1culo combina danza, acrobacias y humor. El 24 de agosto Markeli\u00f1e propone \u2018Chef Nature\u2019, un espect\u00e1culo sin palabras ambientado en un restaurante al aire libre y con huerta propia.<\/p>\n<p><script async src=\"\/\/pagead2.googlesyndication.com\/pagead\/js\/adsbygoogle.js\"><\/script><br \/>\n<!-- Noticias La Guia de Pamplona --><br \/>\n<ins class=\"adsbygoogle\"\nstyle=\"display:block\"\ndata-ad-client=\"ca-pub-6943679897239327\"\ndata-ad-slot=\"7048180777\"\ndata-ad-format=\"auto\"><\/ins><br \/>\n<script>\n(adsbygoogle = window.adsbygoogle || []).push({});\n<\/script><\/p>\n<p><strong>M\u00fasica, talleres y cine<\/strong><\/p>\n<p><strong>La m\u00fasica en familia protagonizar\u00e1 los mi\u00e9rcoles con cuatro sesiones a las 19 horas, con entrada libre hasta completar el aforo. El 4 de agosto act\u00faa el d\u00fao Fet\u00e9n Fet\u00e9n, con un concierto de valses, jotas, fox trot o pasodobles, homenaje a la m\u00fasica popular. El d\u00eda 11 Billy Boom Band presentar\u00e1 la m\u00fasica rock de su \u00faltimo disco, \u2018La mujer bala\u2019. El mi\u00e9rcoles 18 Demode Quartet pondr\u00e1 en escena \u201cPorrupatata. Ez porru ez patata\u201d, un espect\u00e1culo que a\u00fana m\u00fasica, narraci\u00f3n y proyecci\u00f3n. El d\u00eda 25 Musas y Fusas apostar\u00e1n por un concierto en formato el\u00e9ctrico, con mucho ritmo y muy bailable con \u2018Pum patapum pa pam\u2019. <\/strong><\/p>\n<p><strong>Los jueves la oferta se centra en talleres y juegos infantiles y familiares. Son gratuitos, pero requieren de inscripci\u00f3n previa a trav\u00e9s del 010, la web <a href=\"http:\/\/www.pamplonaescultura.es\">www.pamplonaescultura.es<\/a> o los centros de la red Civivox. Se desarrollar\u00e1n a partir de las 18.30 horas. Kaligrama y Art Cinco proponen para el 5 de agosto un taller construir una c\u00e1mara de dibujos. El d\u00eda 12, con La Pai, se elaborar\u00e1n animales gigantes con grandes cajas de cart\u00f3n. Una semana despu\u00e9s, el 19 de agosto, taller de circo con La Raspa para aprender a subir al trapecio, caminar sobre el cable de equilibrio o hacer malabares.<\/strong><\/p>\n<p><strong>Por \u00faltimo, los viernes 6 y 13 de agosto, el patio del Palacio de Ezpeleta se convertir\u00e1 en sala de cine para la proyecci\u00f3n de dos pel\u00edculas del ciclo \u2018Noches de cine\u2019, organizado por la red Civivox. El 6 de agosto se podr\u00e1 ver la comedia \u2018Pagafantas\u2019, en versi\u00f3n en euskera y con subt\u00edtulos en castellano, y el 13 de agosto el filme de aventuras \u2018Jumanji. Siguiente nivel\u2019. Ambas comenzar\u00e1n a las 22 horas y no est\u00e1n recomendadas para menores de 7 a\u00f1os. <\/strong><\/p>\n<p><script async src=\"\/\/pagead2.googlesyndication.com\/pagead\/js\/adsbygoogle.js\"><\/script><br \/>\n<!-- Noticias La Guia de Pamplona --><br \/>\n<ins class=\"adsbygoogle\"\nstyle=\"display:block\"\ndata-ad-client=\"ca-pub-6943679897239327\"\ndata-ad-slot=\"7048180777\"\ndata-ad-format=\"auto\"><\/ins><br \/>\n<script>\n(adsbygoogle = window.adsbygoogle || []).push({});\n<\/script><\/p>\n<p>&nbsp;<\/p>\n<h3>Palacio de Ezpeleta. Programaci\u00f3n cultural. Del 2 al 25 de agosto<\/h3>\n<ul>\n<li><strong>CONCIERTOS.<\/strong> <strong>Lunes, 20 horas<\/strong>\n<ul>\n<li>2 de agosto. THE MIRRORBALLS<\/li>\n<li>9 de agosto. XABIER ARTIEDA-THE ROAD<\/li>\n<li>16 de agosto. THE CORLEONE\u00b4S BAND<\/li>\n<li>23 de agosto. CORRECAMINOS ROCK&amp;ROLL BAND<\/li>\n<\/ul>\n<\/li>\n<\/ul>\n<p>&nbsp;<\/p>\n<ul>\n<li><strong>ARTES DE CALLE. <\/strong><strong>Martes, 19 horas<\/strong>\n<ul>\n<li>3 de agosto. BASERRIKO PORRUSALDA (BAPATEAN ZIRKO) (EN EUSKERA)<\/li>\n<li>10 de agosto. YEE-HAW (LA BANDA DEL OTRO)<\/li>\n<li>17 de agosto. OHLIMPIADAS (SINCRONACIDAS)<\/li>\n<li>24 de agosto. CHEF NATURE (MARKELI\u00d1E)<\/li>\n<\/ul>\n<\/li>\n<\/ul>\n<p>&nbsp;<\/p>\n<ul>\n<li><strong>M\u00daSICA EN FAMILIA. <\/strong><strong>Mi\u00e9rcoles, 19 horas<\/strong>\n<ul>\n<li>4 de agosto. FETEN FETEN<\/li>\n<li>11 de agosto. BILLY BOOM BAND<\/li>\n<li>18 de agosto. PORRUTATA-DEMODE QUARTET (EN EUSKERA)<\/li>\n<li>25 de agosto. MUSAS Y FUSAS<\/li>\n<\/ul>\n<\/li>\n<\/ul>\n<p>&nbsp;<\/p>\n<ul>\n<li><strong>TALLERES Y JUEGOS INFANTILES Y FAMILIARES. <\/strong><strong>Jueves, 18.30 horas<\/strong>\n<ul>\n<li>5 de agosto. \u00a1KLIK! CREA TU PROPIA C\u00c1MARA DE DIBUJOS (KALIGRAMAK Y ART CINCO)<\/li>\n<li>12 de agosto. \u00a1BICHOS DE CART\u00d3N! (LA PAI)<\/li>\n<li>19 de agosto. FAMILY FRIENDLY (Taller de circo) (LA RASPA)<\/li>\n<\/ul>\n<\/li>\n<\/ul>\n<p>&nbsp;<\/p>\n<ul>\n<li><strong>NOCHES DE CINE. <\/strong><strong>Viernes, 22 horas<\/strong>\n<ul>\n<li>6 de agosto. PAGAFANTAS (EN EUSKERA)<\/li>\n<li>13 de agosto. JUMANJI. SIGUIENTE NIVEL<\/li>\n<\/ul>\n<\/li>\n<\/ul>\n","protected":false},"excerpt":{"rendered":"<p>Se han programado una veintena de actividades vespertinas para todo tipo de p\u00fablicos, todas ellas gratuitas<\/p>\n","protected":false},"author":1,"featured_media":36054,"comment_status":"open","ping_status":"closed","sticky":false,"template":"","format":"standard","meta":{"footnotes":""},"categories":[2],"tags":[],"class_list":["post-36053","post","type-post","status-publish","format-standard","has-post-thumbnail","hentry","category-ayuntamiento-pamplona"],"yoast_head":"<!-- This site is optimized with the Yoast SEO plugin v27.5 - https:\/\/yoast.com\/product\/yoast-seo-wordpress\/ -->\n<title>El Palacio de Ezpeleta abre sus puertas el lunes para acoger del 2 al 25 de agosto el ciclo Versionando, talleres infantiles, artes de calle, m\u00fasica en familia y noches de cine \u00a0<\/title>\n<meta name=\"description\" content=\"Se han programado una veintena de actividades vespertinas para todo tipo de p\u00fablicos, todas ellas gratuitas\" \/>\n<meta name=\"robots\" content=\"index, follow, max-snippet:-1, max-image-preview:large, max-video-preview:-1\" \/>\n<link rel=\"canonical\" href=\"https:\/\/www.laguiadepamplona.com\/actualidad\/el-palacio-de-ezpeleta-abre-sus-puertas-el-lunes-para-acoger-del-2-al-25-de-agosto-el-ciclo-versionando-talleres-infantiles-artes-de-calle-musica-en-familia-y-noches-de-cine\/\" \/>\n<meta property=\"og:locale\" content=\"es_ES\" \/>\n<meta property=\"og:type\" content=\"article\" \/>\n<meta property=\"og:title\" content=\"El Palacio de Ezpeleta abre sus puertas el lunes para acoger del 2 al 25 de agosto el ciclo Versionando, talleres infantiles, artes de calle, m\u00fasica en familia y noches de cine \u00a0\" \/>\n<meta property=\"og:description\" content=\"Se han programado una veintena de actividades vespertinas para todo tipo de p\u00fablicos, todas ellas gratuitas\" \/>\n<meta property=\"og:url\" content=\"https:\/\/www.laguiadepamplona.com\/actualidad\/el-palacio-de-ezpeleta-abre-sus-puertas-el-lunes-para-acoger-del-2-al-25-de-agosto-el-ciclo-versionando-talleres-infantiles-artes-de-calle-musica-en-familia-y-noches-de-cine\/\" \/>\n<meta property=\"og:site_name\" content=\"La Gu\u00eda de Pamplona\" \/>\n<meta property=\"article:publisher\" content=\"https:\/\/www.facebook.com\/laguiadepamplonacom-133175176762273\/?ref=hl\" \/>\n<meta property=\"article:published_time\" content=\"2021-07-30T11:16:03+00:00\" \/>\n<meta property=\"article:modified_time\" content=\"2023-04-11T09:49:11+00:00\" \/>\n<meta property=\"og:image\" content=\"https:\/\/www.laguiadepamplona.com\/actualidad\/wp-content\/uploads\/2021\/07\/palacio-ezpeleta.jpg\" \/>\n\t<meta property=\"og:image:width\" content=\"870\" \/>\n\t<meta property=\"og:image:height\" content=\"480\" \/>\n\t<meta property=\"og:image:type\" content=\"image\/jpeg\" \/>\n<meta name=\"author\" content=\"La Gu\u00eda de Pamplona\" \/>\n<meta name=\"twitter:card\" content=\"summary_large_image\" \/>\n<meta name=\"twitter:creator\" content=\"@LaGuiadPamplona\" \/>\n<meta name=\"twitter:site\" content=\"@LaGuiadPamplona\" \/>\n<meta name=\"twitter:label1\" content=\"Escrito por\" \/>\n\t<meta name=\"twitter:data1\" content=\"La Gu\u00eda de Pamplona\" \/>\n\t<meta name=\"twitter:label2\" content=\"Tiempo de lectura\" \/>\n\t<meta name=\"twitter:data2\" content=\"4 minutos\" \/>\n<script type=\"application\/ld+json\" class=\"yoast-schema-graph\">{\"@context\":\"https:\\\/\\\/schema.org\",\"@graph\":[{\"@type\":\"Article\",\"@id\":\"https:\\\/\\\/www.laguiadepamplona.com\\\/actualidad\\\/el-palacio-de-ezpeleta-abre-sus-puertas-el-lunes-para-acoger-del-2-al-25-de-agosto-el-ciclo-versionando-talleres-infantiles-artes-de-calle-musica-en-familia-y-noches-de-cine\\\/#article\",\"isPartOf\":{\"@id\":\"https:\\\/\\\/www.laguiadepamplona.com\\\/actualidad\\\/el-palacio-de-ezpeleta-abre-sus-puertas-el-lunes-para-acoger-del-2-al-25-de-agosto-el-ciclo-versionando-talleres-infantiles-artes-de-calle-musica-en-familia-y-noches-de-cine\\\/\"},\"author\":{\"name\":\"La Gu\u00eda de Pamplona\",\"@id\":\"https:\\\/\\\/www.laguiadepamplona.com\\\/actualidad\\\/#\\\/schema\\\/person\\\/efe887376f0213d4657c93adc50b1fdb\"},\"headline\":\"El Palacio de Ezpeleta abre sus puertas el lunes para acoger del 2 al 25 de agosto el ciclo Versionando, talleres infantiles, artes de calle, m\u00fasica en familia y noches de cine \u00a0\",\"datePublished\":\"2021-07-30T11:16:03+00:00\",\"dateModified\":\"2023-04-11T09:49:11+00:00\",\"mainEntityOfPage\":{\"@id\":\"https:\\\/\\\/www.laguiadepamplona.com\\\/actualidad\\\/el-palacio-de-ezpeleta-abre-sus-puertas-el-lunes-para-acoger-del-2-al-25-de-agosto-el-ciclo-versionando-talleres-infantiles-artes-de-calle-musica-en-familia-y-noches-de-cine\\\/\"},\"wordCount\":914,\"commentCount\":0,\"publisher\":{\"@id\":\"https:\\\/\\\/www.laguiadepamplona.com\\\/actualidad\\\/#organization\"},\"image\":{\"@id\":\"https:\\\/\\\/www.laguiadepamplona.com\\\/actualidad\\\/el-palacio-de-ezpeleta-abre-sus-puertas-el-lunes-para-acoger-del-2-al-25-de-agosto-el-ciclo-versionando-talleres-infantiles-artes-de-calle-musica-en-familia-y-noches-de-cine\\\/#primaryimage\"},\"thumbnailUrl\":\"https:\\\/\\\/www.laguiadepamplona.com\\\/actualidad\\\/wp-content\\\/uploads\\\/2021\\\/07\\\/palacio-ezpeleta.jpg\",\"articleSection\":[\"Ayto Pamplona\"],\"inLanguage\":\"es\",\"potentialAction\":[{\"@type\":\"CommentAction\",\"name\":\"Comment\",\"target\":[\"https:\\\/\\\/www.laguiadepamplona.com\\\/actualidad\\\/el-palacio-de-ezpeleta-abre-sus-puertas-el-lunes-para-acoger-del-2-al-25-de-agosto-el-ciclo-versionando-talleres-infantiles-artes-de-calle-musica-en-familia-y-noches-de-cine\\\/#respond\"]}]},{\"@type\":\"WebPage\",\"@id\":\"https:\\\/\\\/www.laguiadepamplona.com\\\/actualidad\\\/el-palacio-de-ezpeleta-abre-sus-puertas-el-lunes-para-acoger-del-2-al-25-de-agosto-el-ciclo-versionando-talleres-infantiles-artes-de-calle-musica-en-familia-y-noches-de-cine\\\/\",\"url\":\"https:\\\/\\\/www.laguiadepamplona.com\\\/actualidad\\\/el-palacio-de-ezpeleta-abre-sus-puertas-el-lunes-para-acoger-del-2-al-25-de-agosto-el-ciclo-versionando-talleres-infantiles-artes-de-calle-musica-en-familia-y-noches-de-cine\\\/\",\"name\":\"El Palacio de Ezpeleta abre sus puertas el lunes para acoger del 2 al 25 de agosto el ciclo Versionando, talleres infantiles, artes de calle, m\u00fasica en familia y noches de cine \u00a0\",\"isPartOf\":{\"@id\":\"https:\\\/\\\/www.laguiadepamplona.com\\\/actualidad\\\/#website\"},\"primaryImageOfPage\":{\"@id\":\"https:\\\/\\\/www.laguiadepamplona.com\\\/actualidad\\\/el-palacio-de-ezpeleta-abre-sus-puertas-el-lunes-para-acoger-del-2-al-25-de-agosto-el-ciclo-versionando-talleres-infantiles-artes-de-calle-musica-en-familia-y-noches-de-cine\\\/#primaryimage\"},\"image\":{\"@id\":\"https:\\\/\\\/www.laguiadepamplona.com\\\/actualidad\\\/el-palacio-de-ezpeleta-abre-sus-puertas-el-lunes-para-acoger-del-2-al-25-de-agosto-el-ciclo-versionando-talleres-infantiles-artes-de-calle-musica-en-familia-y-noches-de-cine\\\/#primaryimage\"},\"thumbnailUrl\":\"https:\\\/\\\/www.laguiadepamplona.com\\\/actualidad\\\/wp-content\\\/uploads\\\/2021\\\/07\\\/palacio-ezpeleta.jpg\",\"datePublished\":\"2021-07-30T11:16:03+00:00\",\"dateModified\":\"2023-04-11T09:49:11+00:00\",\"description\":\"Se han programado una veintena de actividades vespertinas para todo tipo de p\u00fablicos, todas ellas gratuitas\",\"breadcrumb\":{\"@id\":\"https:\\\/\\\/www.laguiadepamplona.com\\\/actualidad\\\/el-palacio-de-ezpeleta-abre-sus-puertas-el-lunes-para-acoger-del-2-al-25-de-agosto-el-ciclo-versionando-talleres-infantiles-artes-de-calle-musica-en-familia-y-noches-de-cine\\\/#breadcrumb\"},\"inLanguage\":\"es\",\"potentialAction\":[{\"@type\":\"ReadAction\",\"target\":[\"https:\\\/\\\/www.laguiadepamplona.com\\\/actualidad\\\/el-palacio-de-ezpeleta-abre-sus-puertas-el-lunes-para-acoger-del-2-al-25-de-agosto-el-ciclo-versionando-talleres-infantiles-artes-de-calle-musica-en-familia-y-noches-de-cine\\\/\"]}]},{\"@type\":\"ImageObject\",\"inLanguage\":\"es\",\"@id\":\"https:\\\/\\\/www.laguiadepamplona.com\\\/actualidad\\\/el-palacio-de-ezpeleta-abre-sus-puertas-el-lunes-para-acoger-del-2-al-25-de-agosto-el-ciclo-versionando-talleres-infantiles-artes-de-calle-musica-en-familia-y-noches-de-cine\\\/#primaryimage\",\"url\":\"https:\\\/\\\/www.laguiadepamplona.com\\\/actualidad\\\/wp-content\\\/uploads\\\/2021\\\/07\\\/palacio-ezpeleta.jpg\",\"contentUrl\":\"https:\\\/\\\/www.laguiadepamplona.com\\\/actualidad\\\/wp-content\\\/uploads\\\/2021\\\/07\\\/palacio-ezpeleta.jpg\",\"width\":870,\"height\":480},{\"@type\":\"BreadcrumbList\",\"@id\":\"https:\\\/\\\/www.laguiadepamplona.com\\\/actualidad\\\/el-palacio-de-ezpeleta-abre-sus-puertas-el-lunes-para-acoger-del-2-al-25-de-agosto-el-ciclo-versionando-talleres-infantiles-artes-de-calle-musica-en-familia-y-noches-de-cine\\\/#breadcrumb\",\"itemListElement\":[{\"@type\":\"ListItem\",\"position\":1,\"name\":\"Portada\",\"item\":\"https:\\\/\\\/www.laguiadepamplona.com\\\/actualidad\\\/\"},{\"@type\":\"ListItem\",\"position\":2,\"name\":\"El Palacio de Ezpeleta abre sus puertas el lunes para acoger del 2 al 25 de agosto el ciclo Versionando, talleres infantiles, artes de calle, m\u00fasica en familia y noches de cine \u00a0\"}]},{\"@type\":\"WebSite\",\"@id\":\"https:\\\/\\\/www.laguiadepamplona.com\\\/actualidad\\\/#website\",\"url\":\"https:\\\/\\\/www.laguiadepamplona.com\\\/actualidad\\\/\",\"name\":\"La gu\u00eda de Pamplona\",\"description\":\"Noticias de Pamplona\",\"publisher\":{\"@id\":\"https:\\\/\\\/www.laguiadepamplona.com\\\/actualidad\\\/#organization\"},\"potentialAction\":[{\"@type\":\"SearchAction\",\"target\":{\"@type\":\"EntryPoint\",\"urlTemplate\":\"https:\\\/\\\/www.laguiadepamplona.com\\\/actualidad\\\/?s={search_term_string}\"},\"query-input\":{\"@type\":\"PropertyValueSpecification\",\"valueRequired\":true,\"valueName\":\"search_term_string\"}}],\"inLanguage\":\"es\"},{\"@type\":\"Organization\",\"@id\":\"https:\\\/\\\/www.laguiadepamplona.com\\\/actualidad\\\/#organization\",\"name\":\"La Gu\u00eda de Pamplona \\\/ Noticias\",\"url\":\"https:\\\/\\\/www.laguiadepamplona.com\\\/actualidad\\\/\",\"logo\":{\"@type\":\"ImageObject\",\"inLanguage\":\"es\",\"@id\":\"https:\\\/\\\/www.laguiadepamplona.com\\\/actualidad\\\/#\\\/schema\\\/logo\\\/image\\\/\",\"url\":\"https:\\\/\\\/www.laguiadepamplona.com\\\/actualidad\\\/wp-content\\\/uploads\\\/2018\\\/11\\\/logo-laguiadepamplona18-web1.png\",\"contentUrl\":\"https:\\\/\\\/www.laguiadepamplona.com\\\/actualidad\\\/wp-content\\\/uploads\\\/2018\\\/11\\\/logo-laguiadepamplona18-web1.png\",\"width\":600,\"height\":196,\"caption\":\"La Gu\u00eda de Pamplona \\\/ Noticias\"},\"image\":{\"@id\":\"https:\\\/\\\/www.laguiadepamplona.com\\\/actualidad\\\/#\\\/schema\\\/logo\\\/image\\\/\"},\"sameAs\":[\"https:\\\/\\\/www.facebook.com\\\/laguiadepamplonacom-133175176762273\\\/?ref=hl\",\"https:\\\/\\\/x.com\\\/LaGuiadPamplona\",\"https:\\\/\\\/www.instagram.com\\\/la_guia_de_pamplona\\\/\",\"https:\\\/\\\/www.youtube.com\\\/user\\\/laguiadepamplona\"]},{\"@type\":\"Person\",\"@id\":\"https:\\\/\\\/www.laguiadepamplona.com\\\/actualidad\\\/#\\\/schema\\\/person\\\/efe887376f0213d4657c93adc50b1fdb\",\"name\":\"La Gu\u00eda de Pamplona\",\"image\":{\"@type\":\"ImageObject\",\"inLanguage\":\"es\",\"@id\":\"https:\\\/\\\/secure.gravatar.com\\\/avatar\\\/b6992f131dc8d30ab0dff15446e9d346d9dbd95992de0fef795073f5ea83a81c?s=96&d=mm&r=g\",\"url\":\"https:\\\/\\\/secure.gravatar.com\\\/avatar\\\/b6992f131dc8d30ab0dff15446e9d346d9dbd95992de0fef795073f5ea83a81c?s=96&d=mm&r=g\",\"contentUrl\":\"https:\\\/\\\/secure.gravatar.com\\\/avatar\\\/b6992f131dc8d30ab0dff15446e9d346d9dbd95992de0fef795073f5ea83a81c?s=96&d=mm&r=g\",\"caption\":\"La Gu\u00eda de Pamplona\"}}]}<\/script>\n<!-- \/ Yoast SEO plugin. -->","yoast_head_json":{"title":"El Palacio de Ezpeleta abre sus puertas el lunes para acoger del 2 al 25 de agosto el ciclo Versionando, talleres infantiles, artes de calle, m\u00fasica en familia y noches de cine \u00a0","description":"Se han programado una veintena de actividades vespertinas para todo tipo de p\u00fablicos, todas ellas gratuitas","robots":{"index":"index","follow":"follow","max-snippet":"max-snippet:-1","max-image-preview":"max-image-preview:large","max-video-preview":"max-video-preview:-1"},"canonical":"https:\/\/www.laguiadepamplona.com\/actualidad\/el-palacio-de-ezpeleta-abre-sus-puertas-el-lunes-para-acoger-del-2-al-25-de-agosto-el-ciclo-versionando-talleres-infantiles-artes-de-calle-musica-en-familia-y-noches-de-cine\/","og_locale":"es_ES","og_type":"article","og_title":"El Palacio de Ezpeleta abre sus puertas el lunes para acoger del 2 al 25 de agosto el ciclo Versionando, talleres infantiles, artes de calle, m\u00fasica en familia y noches de cine \u00a0","og_description":"Se han programado una veintena de actividades vespertinas para todo tipo de p\u00fablicos, todas ellas gratuitas","og_url":"https:\/\/www.laguiadepamplona.com\/actualidad\/el-palacio-de-ezpeleta-abre-sus-puertas-el-lunes-para-acoger-del-2-al-25-de-agosto-el-ciclo-versionando-talleres-infantiles-artes-de-calle-musica-en-familia-y-noches-de-cine\/","og_site_name":"La Gu\u00eda de Pamplona","article_publisher":"https:\/\/www.facebook.com\/laguiadepamplonacom-133175176762273\/?ref=hl","article_published_time":"2021-07-30T11:16:03+00:00","article_modified_time":"2023-04-11T09:49:11+00:00","og_image":[{"width":870,"height":480,"url":"https:\/\/www.laguiadepamplona.com\/actualidad\/wp-content\/uploads\/2021\/07\/palacio-ezpeleta.jpg","type":"image\/jpeg"}],"author":"La Gu\u00eda de Pamplona","twitter_card":"summary_large_image","twitter_creator":"@LaGuiadPamplona","twitter_site":"@LaGuiadPamplona","twitter_misc":{"Escrito por":"La Gu\u00eda de Pamplona","Tiempo de lectura":"4 minutos"},"schema":{"@context":"https:\/\/schema.org","@graph":[{"@type":"Article","@id":"https:\/\/www.laguiadepamplona.com\/actualidad\/el-palacio-de-ezpeleta-abre-sus-puertas-el-lunes-para-acoger-del-2-al-25-de-agosto-el-ciclo-versionando-talleres-infantiles-artes-de-calle-musica-en-familia-y-noches-de-cine\/#article","isPartOf":{"@id":"https:\/\/www.laguiadepamplona.com\/actualidad\/el-palacio-de-ezpeleta-abre-sus-puertas-el-lunes-para-acoger-del-2-al-25-de-agosto-el-ciclo-versionando-talleres-infantiles-artes-de-calle-musica-en-familia-y-noches-de-cine\/"},"author":{"name":"La Gu\u00eda de Pamplona","@id":"https:\/\/www.laguiadepamplona.com\/actualidad\/#\/schema\/person\/efe887376f0213d4657c93adc50b1fdb"},"headline":"El Palacio de Ezpeleta abre sus puertas el lunes para acoger del 2 al 25 de agosto el ciclo Versionando, talleres infantiles, artes de calle, m\u00fasica en familia y noches de cine \u00a0","datePublished":"2021-07-30T11:16:03+00:00","dateModified":"2023-04-11T09:49:11+00:00","mainEntityOfPage":{"@id":"https:\/\/www.laguiadepamplona.com\/actualidad\/el-palacio-de-ezpeleta-abre-sus-puertas-el-lunes-para-acoger-del-2-al-25-de-agosto-el-ciclo-versionando-talleres-infantiles-artes-de-calle-musica-en-familia-y-noches-de-cine\/"},"wordCount":914,"commentCount":0,"publisher":{"@id":"https:\/\/www.laguiadepamplona.com\/actualidad\/#organization"},"image":{"@id":"https:\/\/www.laguiadepamplona.com\/actualidad\/el-palacio-de-ezpeleta-abre-sus-puertas-el-lunes-para-acoger-del-2-al-25-de-agosto-el-ciclo-versionando-talleres-infantiles-artes-de-calle-musica-en-familia-y-noches-de-cine\/#primaryimage"},"thumbnailUrl":"https:\/\/www.laguiadepamplona.com\/actualidad\/wp-content\/uploads\/2021\/07\/palacio-ezpeleta.jpg","articleSection":["Ayto Pamplona"],"inLanguage":"es","potentialAction":[{"@type":"CommentAction","name":"Comment","target":["https:\/\/www.laguiadepamplona.com\/actualidad\/el-palacio-de-ezpeleta-abre-sus-puertas-el-lunes-para-acoger-del-2-al-25-de-agosto-el-ciclo-versionando-talleres-infantiles-artes-de-calle-musica-en-familia-y-noches-de-cine\/#respond"]}]},{"@type":"WebPage","@id":"https:\/\/www.laguiadepamplona.com\/actualidad\/el-palacio-de-ezpeleta-abre-sus-puertas-el-lunes-para-acoger-del-2-al-25-de-agosto-el-ciclo-versionando-talleres-infantiles-artes-de-calle-musica-en-familia-y-noches-de-cine\/","url":"https:\/\/www.laguiadepamplona.com\/actualidad\/el-palacio-de-ezpeleta-abre-sus-puertas-el-lunes-para-acoger-del-2-al-25-de-agosto-el-ciclo-versionando-talleres-infantiles-artes-de-calle-musica-en-familia-y-noches-de-cine\/","name":"El Palacio de Ezpeleta abre sus puertas el lunes para acoger del 2 al 25 de agosto el ciclo Versionando, talleres infantiles, artes de calle, m\u00fasica en familia y noches de cine \u00a0","isPartOf":{"@id":"https:\/\/www.laguiadepamplona.com\/actualidad\/#website"},"primaryImageOfPage":{"@id":"https:\/\/www.laguiadepamplona.com\/actualidad\/el-palacio-de-ezpeleta-abre-sus-puertas-el-lunes-para-acoger-del-2-al-25-de-agosto-el-ciclo-versionando-talleres-infantiles-artes-de-calle-musica-en-familia-y-noches-de-cine\/#primaryimage"},"image":{"@id":"https:\/\/www.laguiadepamplona.com\/actualidad\/el-palacio-de-ezpeleta-abre-sus-puertas-el-lunes-para-acoger-del-2-al-25-de-agosto-el-ciclo-versionando-talleres-infantiles-artes-de-calle-musica-en-familia-y-noches-de-cine\/#primaryimage"},"thumbnailUrl":"https:\/\/www.laguiadepamplona.com\/actualidad\/wp-content\/uploads\/2021\/07\/palacio-ezpeleta.jpg","datePublished":"2021-07-30T11:16:03+00:00","dateModified":"2023-04-11T09:49:11+00:00","description":"Se han programado una veintena de actividades vespertinas para todo tipo de p\u00fablicos, todas ellas gratuitas","breadcrumb":{"@id":"https:\/\/www.laguiadepamplona.com\/actualidad\/el-palacio-de-ezpeleta-abre-sus-puertas-el-lunes-para-acoger-del-2-al-25-de-agosto-el-ciclo-versionando-talleres-infantiles-artes-de-calle-musica-en-familia-y-noches-de-cine\/#breadcrumb"},"inLanguage":"es","potentialAction":[{"@type":"ReadAction","target":["https:\/\/www.laguiadepamplona.com\/actualidad\/el-palacio-de-ezpeleta-abre-sus-puertas-el-lunes-para-acoger-del-2-al-25-de-agosto-el-ciclo-versionando-talleres-infantiles-artes-de-calle-musica-en-familia-y-noches-de-cine\/"]}]},{"@type":"ImageObject","inLanguage":"es","@id":"https:\/\/www.laguiadepamplona.com\/actualidad\/el-palacio-de-ezpeleta-abre-sus-puertas-el-lunes-para-acoger-del-2-al-25-de-agosto-el-ciclo-versionando-talleres-infantiles-artes-de-calle-musica-en-familia-y-noches-de-cine\/#primaryimage","url":"https:\/\/www.laguiadepamplona.com\/actualidad\/wp-content\/uploads\/2021\/07\/palacio-ezpeleta.jpg","contentUrl":"https:\/\/www.laguiadepamplona.com\/actualidad\/wp-content\/uploads\/2021\/07\/palacio-ezpeleta.jpg","width":870,"height":480},{"@type":"BreadcrumbList","@id":"https:\/\/www.laguiadepamplona.com\/actualidad\/el-palacio-de-ezpeleta-abre-sus-puertas-el-lunes-para-acoger-del-2-al-25-de-agosto-el-ciclo-versionando-talleres-infantiles-artes-de-calle-musica-en-familia-y-noches-de-cine\/#breadcrumb","itemListElement":[{"@type":"ListItem","position":1,"name":"Portada","item":"https:\/\/www.laguiadepamplona.com\/actualidad\/"},{"@type":"ListItem","position":2,"name":"El Palacio de Ezpeleta abre sus puertas el lunes para acoger del 2 al 25 de agosto el ciclo Versionando, talleres infantiles, artes de calle, m\u00fasica en familia y noches de cine \u00a0"}]},{"@type":"WebSite","@id":"https:\/\/www.laguiadepamplona.com\/actualidad\/#website","url":"https:\/\/www.laguiadepamplona.com\/actualidad\/","name":"La gu\u00eda de Pamplona","description":"Noticias de Pamplona","publisher":{"@id":"https:\/\/www.laguiadepamplona.com\/actualidad\/#organization"},"potentialAction":[{"@type":"SearchAction","target":{"@type":"EntryPoint","urlTemplate":"https:\/\/www.laguiadepamplona.com\/actualidad\/?s={search_term_string}"},"query-input":{"@type":"PropertyValueSpecification","valueRequired":true,"valueName":"search_term_string"}}],"inLanguage":"es"},{"@type":"Organization","@id":"https:\/\/www.laguiadepamplona.com\/actualidad\/#organization","name":"La Gu\u00eda de Pamplona \/ Noticias","url":"https:\/\/www.laguiadepamplona.com\/actualidad\/","logo":{"@type":"ImageObject","inLanguage":"es","@id":"https:\/\/www.laguiadepamplona.com\/actualidad\/#\/schema\/logo\/image\/","url":"https:\/\/www.laguiadepamplona.com\/actualidad\/wp-content\/uploads\/2018\/11\/logo-laguiadepamplona18-web1.png","contentUrl":"https:\/\/www.laguiadepamplona.com\/actualidad\/wp-content\/uploads\/2018\/11\/logo-laguiadepamplona18-web1.png","width":600,"height":196,"caption":"La Gu\u00eda de Pamplona \/ Noticias"},"image":{"@id":"https:\/\/www.laguiadepamplona.com\/actualidad\/#\/schema\/logo\/image\/"},"sameAs":["https:\/\/www.facebook.com\/laguiadepamplonacom-133175176762273\/?ref=hl","https:\/\/x.com\/LaGuiadPamplona","https:\/\/www.instagram.com\/la_guia_de_pamplona\/","https:\/\/www.youtube.com\/user\/laguiadepamplona"]},{"@type":"Person","@id":"https:\/\/www.laguiadepamplona.com\/actualidad\/#\/schema\/person\/efe887376f0213d4657c93adc50b1fdb","name":"La Gu\u00eda de Pamplona","image":{"@type":"ImageObject","inLanguage":"es","@id":"https:\/\/secure.gravatar.com\/avatar\/b6992f131dc8d30ab0dff15446e9d346d9dbd95992de0fef795073f5ea83a81c?s=96&d=mm&r=g","url":"https:\/\/secure.gravatar.com\/avatar\/b6992f131dc8d30ab0dff15446e9d346d9dbd95992de0fef795073f5ea83a81c?s=96&d=mm&r=g","contentUrl":"https:\/\/secure.gravatar.com\/avatar\/b6992f131dc8d30ab0dff15446e9d346d9dbd95992de0fef795073f5ea83a81c?s=96&d=mm&r=g","caption":"La Gu\u00eda de Pamplona"}}]}},"post_mailing_queue_ids":[],"_links":{"self":[{"href":"https:\/\/www.laguiadepamplona.com\/actualidad\/wp-json\/wp\/v2\/posts\/36053","targetHints":{"allow":["GET"]}}],"collection":[{"href":"https:\/\/www.laguiadepamplona.com\/actualidad\/wp-json\/wp\/v2\/posts"}],"about":[{"href":"https:\/\/www.laguiadepamplona.com\/actualidad\/wp-json\/wp\/v2\/types\/post"}],"author":[{"embeddable":true,"href":"https:\/\/www.laguiadepamplona.com\/actualidad\/wp-json\/wp\/v2\/users\/1"}],"replies":[{"embeddable":true,"href":"https:\/\/www.laguiadepamplona.com\/actualidad\/wp-json\/wp\/v2\/comments?post=36053"}],"version-history":[{"count":0,"href":"https:\/\/www.laguiadepamplona.com\/actualidad\/wp-json\/wp\/v2\/posts\/36053\/revisions"}],"wp:featuredmedia":[{"embeddable":true,"href":"https:\/\/www.laguiadepamplona.com\/actualidad\/wp-json\/wp\/v2\/media\/36054"}],"wp:attachment":[{"href":"https:\/\/www.laguiadepamplona.com\/actualidad\/wp-json\/wp\/v2\/media?parent=36053"}],"wp:term":[{"taxonomy":"category","embeddable":true,"href":"https:\/\/www.laguiadepamplona.com\/actualidad\/wp-json\/wp\/v2\/categories?post=36053"},{"taxonomy":"post_tag","embeddable":true,"href":"https:\/\/www.laguiadepamplona.com\/actualidad\/wp-json\/wp\/v2\/tags?post=36053"}],"curies":[{"name":"wp","href":"https:\/\/api.w.org\/{rel}","templated":true}]}}