{"id":3605,"date":"2014-10-28T13:59:29","date_gmt":"2014-10-28T11:59:29","guid":{"rendered":"http:\/\/laguiadepamplona.com\/actualidad\/?p=3605"},"modified":"2014-10-28T13:59:29","modified_gmt":"2014-10-28T11:59:29","slug":"ayuntamiento-y-gobierno-de-navarra-firmaran-un-convenio-para-inhumar-los-restos-humanos-no-reclamados-de-victimas-de-la-guerra-civil-y-del-franquismo","status":"publish","type":"post","link":"https:\/\/www.laguiadepamplona.com\/actualidad\/ayuntamiento-y-gobierno-de-navarra-firmaran-un-convenio-para-inhumar-los-restos-humanos-no-reclamados-de-victimas-de-la-guerra-civil-y-del-franquismo\/","title":{"rendered":"Ayuntamiento y Gobierno de Navarra firmar\u00e1n un convenio para inhumar los restos humanos no reclamados de v\u00edctimas de la guerra civil y del franquismo"},"content":{"rendered":"<h4>Los restos se depositar\u00e1n en un pante\u00f3n espec\u00edfico en el cementerio de San Jos\u00e9 de Pamplona<\/h4>\n<p><a href=\"http:\/\/laguiadepamplona.com\/actualidad\/wp-content\/uploads\/2014\/06\/Ayto_Pamplona.jpg\"><img loading=\"lazy\" decoding=\"async\" class=\"alignleft size-medium wp-image-2063\" src=\"http:\/\/laguiadepamplona.com\/actualidad\/wp-content\/uploads\/2014\/06\/Ayto_Pamplona-300x225.jpg\" alt=\"Ayto_Pamplona\" width=\"300\" height=\"225\" \/><\/a>El Ayuntamiento y la Administraci\u00f3n de la Comunidad Foral de Navarra van a firmar un convenio de colaboraci\u00f3n para la inhumaci\u00f3n de restos humanos no reclamados de v\u00edctimas de la guerra civil de 1936 y del franquismo en Navarra en el cementerio de San Jos\u00e9 de Pamplona. La Junta de Gobierno Local del Ayuntamiento de Pamplona ha aprobado el texto del convenio en su sesi\u00f3n de hoy y ma\u00f1ana lo har\u00e1 el Gobierno de Navarra.<\/p>\n<p>Los restos objeto del convenio, que firmar\u00e1n el alcalde de Pamplona, Enrique Maya, y el consejero de Presidencia, Justicia e Interior, Javier Morr\u00e1s, deber\u00e1n tratarse de restos humanos de v\u00edctimas de la guerra civil de 1936 o del franquismo desaparecidas y exhumadas conforme al Protocolo de Exhumaciones de la Comunidad Foral de Navarra aprobado por la Orden Foral 77\/2011, no haber sido posible su identificaci\u00f3n tras los estudios realizados y tratarse de v\u00edctimas cuyos restos se hayan encontrado en una fosa de Navarra.<\/p>\n<p>Este convenio se deriva de la Ley Foral 33\/2013, de 26 de noviembre, de reconocimiento y reparaci\u00f3n moral de las ciudadanas y ciudadanos asesinados y v\u00edctimas de la represi\u00f3n a ra\u00edz del golpe militar de 1936. En su art\u00edculo 7 apartado 3, esa ley establece que \u201cse firmar\u00e1 un acuerdo de colaboraci\u00f3n con el Ayuntamiento de Pamplona para la inhumaci\u00f3n, en un lugar dise\u00f1ado para este fin, de las personas desaparecidas y exhumadas pero no reclamadas por sus familiares. Este lugar deber\u00e1 estar espec\u00edficamente se\u00f1alizado, con una menci\u00f3n que explique los hechos acaecidos en Navarra durante la guerra civil y el franquismo\u201d.<\/p>\n<p><strong>Informaci\u00f3n de los restos<\/strong><\/p>\n<p>La Administraci\u00f3n de la Comunidad Foral de Navarra facilitar\u00e1 al Ayuntamiento de Pamplona toda la informaci\u00f3n relevante de los restos humanos procedentes de las exhumaciones que se hayan practicado, o se practiquen en el futuro, y de las que se extraigan restos a los que resulte aplicable este convenio. Esa informaci\u00f3n contendr\u00e1 la identificaci\u00f3n de los restos mediante las caracter\u00edsticas del lugar de procedencia de los restos, los datos cient\u00edficos y las circunstancias conocidas de su muerte. Asimismo, la Administraci\u00f3n de la Comunidad Foral se ocupar\u00e1 del traslado al cementerio de esos restos.<\/p>\n<p>Por su parte, el Ayuntamiento recibir\u00e1 los restos y adoptar\u00e1 las actuaciones oportunas para darles sepultura en el pante\u00f3n construido a tal efecto. Cada individuo ser\u00e1 inhumado de manera individualizada y garantizando la identificaci\u00f3n de los restos que permita su localizaci\u00f3n. Los gastos vinculados con el enterramiento y su conservaci\u00f3n y mantenimiento correr\u00e1n a cargo del Consistorio y los originados por el traslado de los restos los pagar\u00e1 el Gobierno de Navarra.<\/p>\n<p><strong>Caracter\u00edsticas del pante\u00f3n<\/strong><\/p>\n<p>El pante\u00f3n est\u00e1 ubicado en el camposanto de San Jos\u00e9, en la calle Santa Felicia, en la esquina del grupo de nichos 27 bis, en una zona cercana a las oficinas municipales del cementerio. Es un pante\u00f3n de 3 x 3 metros en sus dimensiones exteriores, realizado en hormig\u00f3n armado y revestido a base de piedra maciza de granito negro intenso. A su derecha se consolida un espacio di\u00e1fano de dimensiones 2,60 x 3 metros, que cuenta con un banco continuo de 45 cent\u00edmetros de anchura realizado <em>in situ<\/em> en hormig\u00f3n armado revestido en piedra maciza de granito negro. Enfrentado a ese espacio se encuentro un monolito de piedra procedente directamente de cantera en color gris, con unas dimensiones aproximadas de 2,60 metros de longitud, 0,50 metros de anchura y 2,80 metros de altura. El pante\u00f3n est\u00e1 rodeado de una zona ajardinada.<\/p>\n<p>En su interior, cuenta con 4 baldas de hormig\u00f3n, que generan 6 espacios laterales de 0,80 x 0,70 metros cada uno y un paso central de 0,80 metros de anchura. La capacidad es de 10 cajas por balda, es decir, 60 restos. El pante\u00f3n es propiedad del Ayuntamiento de Pamplona y recoge una menci\u00f3n a las personas asesinadas en Navarra durante la Guerra Civil y el franquismo, y recuperadas de fosas comunes. Se construy\u00f3 en 2013, tras decidirlo en Pleno en febrero de ese a\u00f1o, con un coste de 35.000 euros.<\/p>\n<p>&nbsp;<\/p>\n","protected":false},"excerpt":{"rendered":"<p>Los restos se depositar\u00e1n en un pante\u00f3n espec\u00edfico en el cementerio de San Jos\u00e9 de Pamplona El Ayuntamiento y la Administraci\u00f3n de la Comunidad Foral de Navarra van a firmar&#8230;<\/p>\n","protected":false},"author":1,"featured_media":2063,"comment_status":"open","ping_status":"open","sticky":false,"template":"","format":"standard","meta":{"footnotes":""},"categories":[2],"tags":[5,6,509,640,3072,3073,3074,3075,8,9,3076,3077],"class_list":["post-3605","post","type-post","status-publish","format-standard","has-post-thumbnail","hentry","category-ayuntamiento-pamplona","tag-actualidad","tag-ayto-pamplona","tag-ayuntamiento-de-pamplona","tag-convenio","tag-franquismo","tag-gobierno-navarra","tag-inhumar","tag-no-declarados","tag-noticias","tag-pamplona","tag-restos-humanos","tag-victimas-de-la-guerra-civil"],"yoast_head":"<!-- This site is optimized with the Yoast SEO plugin v27.5 - https:\/\/yoast.com\/product\/yoast-seo-wordpress\/ -->\n<title>Ayuntamiento y Gobierno de Navarra firmar\u00e1n un convenio para inhumar los restos humanos no reclamados de v\u00edctimas de la guerra civil y del franquismo<\/title>\n<meta name=\"robots\" content=\"index, follow, max-snippet:-1, max-image-preview:large, max-video-preview:-1\" \/>\n<link rel=\"canonical\" href=\"https:\/\/www.laguiadepamplona.com\/actualidad\/ayuntamiento-y-gobierno-de-navarra-firmaran-un-convenio-para-inhumar-los-restos-humanos-no-reclamados-de-victimas-de-la-guerra-civil-y-del-franquismo\/\" \/>\n<meta property=\"og:locale\" content=\"es_ES\" \/>\n<meta property=\"og:type\" content=\"article\" \/>\n<meta property=\"og:title\" content=\"Ayuntamiento y Gobierno de Navarra firmar\u00e1n un convenio para inhumar los restos humanos no reclamados de v\u00edctimas de la guerra civil y del franquismo\" \/>\n<meta property=\"og:description\" content=\"Los restos se depositar\u00e1n en un pante\u00f3n espec\u00edfico en el cementerio de San Jos\u00e9 de Pamplona El Ayuntamiento y la Administraci\u00f3n de la Comunidad Foral de Navarra van a firmar...\" \/>\n<meta property=\"og:url\" content=\"https:\/\/www.laguiadepamplona.com\/actualidad\/ayuntamiento-y-gobierno-de-navarra-firmaran-un-convenio-para-inhumar-los-restos-humanos-no-reclamados-de-victimas-de-la-guerra-civil-y-del-franquismo\/\" \/>\n<meta property=\"og:site_name\" content=\"La Gu\u00eda de Pamplona\" \/>\n<meta property=\"article:publisher\" content=\"https:\/\/www.facebook.com\/laguiadepamplonacom-133175176762273\/?ref=hl\" \/>\n<meta property=\"article:published_time\" content=\"2014-10-28T11:59:29+00:00\" \/>\n<meta name=\"author\" content=\"La Gu\u00eda de Pamplona\" \/>\n<meta name=\"twitter:card\" content=\"summary_large_image\" \/>\n<meta name=\"twitter:creator\" content=\"@LaGuiadPamplona\" \/>\n<meta name=\"twitter:site\" content=\"@LaGuiadPamplona\" \/>\n<meta name=\"twitter:label1\" content=\"Escrito por\" \/>\n\t<meta name=\"twitter:data1\" content=\"La Gu\u00eda de Pamplona\" \/>\n\t<meta name=\"twitter:label2\" content=\"Tiempo de lectura\" \/>\n\t<meta name=\"twitter:data2\" content=\"4 minutos\" \/>\n<script type=\"application\/ld+json\" class=\"yoast-schema-graph\">{\"@context\":\"https:\\\/\\\/schema.org\",\"@graph\":[{\"@type\":\"Article\",\"@id\":\"https:\\\/\\\/www.laguiadepamplona.com\\\/actualidad\\\/ayuntamiento-y-gobierno-de-navarra-firmaran-un-convenio-para-inhumar-los-restos-humanos-no-reclamados-de-victimas-de-la-guerra-civil-y-del-franquismo\\\/#article\",\"isPartOf\":{\"@id\":\"https:\\\/\\\/www.laguiadepamplona.com\\\/actualidad\\\/ayuntamiento-y-gobierno-de-navarra-firmaran-un-convenio-para-inhumar-los-restos-humanos-no-reclamados-de-victimas-de-la-guerra-civil-y-del-franquismo\\\/\"},\"author\":{\"name\":\"La Gu\u00eda de Pamplona\",\"@id\":\"https:\\\/\\\/www.laguiadepamplona.com\\\/actualidad\\\/#\\\/schema\\\/person\\\/efe887376f0213d4657c93adc50b1fdb\"},\"headline\":\"Ayuntamiento y Gobierno de Navarra firmar\u00e1n un convenio para inhumar los restos humanos no reclamados de v\u00edctimas de la guerra civil y del franquismo\",\"datePublished\":\"2014-10-28T11:59:29+00:00\",\"mainEntityOfPage\":{\"@id\":\"https:\\\/\\\/www.laguiadepamplona.com\\\/actualidad\\\/ayuntamiento-y-gobierno-de-navarra-firmaran-un-convenio-para-inhumar-los-restos-humanos-no-reclamados-de-victimas-de-la-guerra-civil-y-del-franquismo\\\/\"},\"wordCount\":734,\"commentCount\":0,\"publisher\":{\"@id\":\"https:\\\/\\\/www.laguiadepamplona.com\\\/actualidad\\\/#organization\"},\"image\":{\"@id\":\"https:\\\/\\\/www.laguiadepamplona.com\\\/actualidad\\\/ayuntamiento-y-gobierno-de-navarra-firmaran-un-convenio-para-inhumar-los-restos-humanos-no-reclamados-de-victimas-de-la-guerra-civil-y-del-franquismo\\\/#primaryimage\"},\"thumbnailUrl\":\"\",\"keywords\":[\"actualidad\",\"ayto pamplona\",\"Ayuntamiento de Pamplona\",\"convenio\",\"franquismo\",\"gobierno navarra\",\"inhumar\",\"no declarados\",\"noticias\",\"pamplona\",\"restos humanos\",\"v\u00edctimas de la guerra civil\"],\"articleSection\":[\"Ayto Pamplona\"],\"inLanguage\":\"es\",\"potentialAction\":[{\"@type\":\"CommentAction\",\"name\":\"Comment\",\"target\":[\"https:\\\/\\\/www.laguiadepamplona.com\\\/actualidad\\\/ayuntamiento-y-gobierno-de-navarra-firmaran-un-convenio-para-inhumar-los-restos-humanos-no-reclamados-de-victimas-de-la-guerra-civil-y-del-franquismo\\\/#respond\"]}]},{\"@type\":\"WebPage\",\"@id\":\"https:\\\/\\\/www.laguiadepamplona.com\\\/actualidad\\\/ayuntamiento-y-gobierno-de-navarra-firmaran-un-convenio-para-inhumar-los-restos-humanos-no-reclamados-de-victimas-de-la-guerra-civil-y-del-franquismo\\\/\",\"url\":\"https:\\\/\\\/www.laguiadepamplona.com\\\/actualidad\\\/ayuntamiento-y-gobierno-de-navarra-firmaran-un-convenio-para-inhumar-los-restos-humanos-no-reclamados-de-victimas-de-la-guerra-civil-y-del-franquismo\\\/\",\"name\":\"Ayuntamiento y Gobierno de Navarra firmar\u00e1n un convenio para inhumar los restos humanos no reclamados de v\u00edctimas de la guerra civil y del franquismo\",\"isPartOf\":{\"@id\":\"https:\\\/\\\/www.laguiadepamplona.com\\\/actualidad\\\/#website\"},\"primaryImageOfPage\":{\"@id\":\"https:\\\/\\\/www.laguiadepamplona.com\\\/actualidad\\\/ayuntamiento-y-gobierno-de-navarra-firmaran-un-convenio-para-inhumar-los-restos-humanos-no-reclamados-de-victimas-de-la-guerra-civil-y-del-franquismo\\\/#primaryimage\"},\"image\":{\"@id\":\"https:\\\/\\\/www.laguiadepamplona.com\\\/actualidad\\\/ayuntamiento-y-gobierno-de-navarra-firmaran-un-convenio-para-inhumar-los-restos-humanos-no-reclamados-de-victimas-de-la-guerra-civil-y-del-franquismo\\\/#primaryimage\"},\"thumbnailUrl\":\"\",\"datePublished\":\"2014-10-28T11:59:29+00:00\",\"breadcrumb\":{\"@id\":\"https:\\\/\\\/www.laguiadepamplona.com\\\/actualidad\\\/ayuntamiento-y-gobierno-de-navarra-firmaran-un-convenio-para-inhumar-los-restos-humanos-no-reclamados-de-victimas-de-la-guerra-civil-y-del-franquismo\\\/#breadcrumb\"},\"inLanguage\":\"es\",\"potentialAction\":[{\"@type\":\"ReadAction\",\"target\":[\"https:\\\/\\\/www.laguiadepamplona.com\\\/actualidad\\\/ayuntamiento-y-gobierno-de-navarra-firmaran-un-convenio-para-inhumar-los-restos-humanos-no-reclamados-de-victimas-de-la-guerra-civil-y-del-franquismo\\\/\"]}]},{\"@type\":\"ImageObject\",\"inLanguage\":\"es\",\"@id\":\"https:\\\/\\\/www.laguiadepamplona.com\\\/actualidad\\\/ayuntamiento-y-gobierno-de-navarra-firmaran-un-convenio-para-inhumar-los-restos-humanos-no-reclamados-de-victimas-de-la-guerra-civil-y-del-franquismo\\\/#primaryimage\",\"url\":\"\",\"contentUrl\":\"\"},{\"@type\":\"BreadcrumbList\",\"@id\":\"https:\\\/\\\/www.laguiadepamplona.com\\\/actualidad\\\/ayuntamiento-y-gobierno-de-navarra-firmaran-un-convenio-para-inhumar-los-restos-humanos-no-reclamados-de-victimas-de-la-guerra-civil-y-del-franquismo\\\/#breadcrumb\",\"itemListElement\":[{\"@type\":\"ListItem\",\"position\":1,\"name\":\"Portada\",\"item\":\"https:\\\/\\\/www.laguiadepamplona.com\\\/actualidad\\\/\"},{\"@type\":\"ListItem\",\"position\":2,\"name\":\"Ayuntamiento y Gobierno de Navarra firmar\u00e1n un convenio para inhumar los restos humanos no reclamados de v\u00edctimas de la guerra civil y del franquismo\"}]},{\"@type\":\"WebSite\",\"@id\":\"https:\\\/\\\/www.laguiadepamplona.com\\\/actualidad\\\/#website\",\"url\":\"https:\\\/\\\/www.laguiadepamplona.com\\\/actualidad\\\/\",\"name\":\"La gu\u00eda de Pamplona\",\"description\":\"Noticias de Pamplona\",\"publisher\":{\"@id\":\"https:\\\/\\\/www.laguiadepamplona.com\\\/actualidad\\\/#organization\"},\"potentialAction\":[{\"@type\":\"SearchAction\",\"target\":{\"@type\":\"EntryPoint\",\"urlTemplate\":\"https:\\\/\\\/www.laguiadepamplona.com\\\/actualidad\\\/?s={search_term_string}\"},\"query-input\":{\"@type\":\"PropertyValueSpecification\",\"valueRequired\":true,\"valueName\":\"search_term_string\"}}],\"inLanguage\":\"es\"},{\"@type\":\"Organization\",\"@id\":\"https:\\\/\\\/www.laguiadepamplona.com\\\/actualidad\\\/#organization\",\"name\":\"La Gu\u00eda de Pamplona \\\/ Noticias\",\"url\":\"https:\\\/\\\/www.laguiadepamplona.com\\\/actualidad\\\/\",\"logo\":{\"@type\":\"ImageObject\",\"inLanguage\":\"es\",\"@id\":\"https:\\\/\\\/www.laguiadepamplona.com\\\/actualidad\\\/#\\\/schema\\\/logo\\\/image\\\/\",\"url\":\"https:\\\/\\\/www.laguiadepamplona.com\\\/actualidad\\\/wp-content\\\/uploads\\\/2018\\\/11\\\/logo-laguiadepamplona18-web1.png\",\"contentUrl\":\"https:\\\/\\\/www.laguiadepamplona.com\\\/actualidad\\\/wp-content\\\/uploads\\\/2018\\\/11\\\/logo-laguiadepamplona18-web1.png\",\"width\":600,\"height\":196,\"caption\":\"La Gu\u00eda de Pamplona \\\/ Noticias\"},\"image\":{\"@id\":\"https:\\\/\\\/www.laguiadepamplona.com\\\/actualidad\\\/#\\\/schema\\\/logo\\\/image\\\/\"},\"sameAs\":[\"https:\\\/\\\/www.facebook.com\\\/laguiadepamplonacom-133175176762273\\\/?ref=hl\",\"https:\\\/\\\/x.com\\\/LaGuiadPamplona\",\"https:\\\/\\\/www.instagram.com\\\/la_guia_de_pamplona\\\/\",\"https:\\\/\\\/www.youtube.com\\\/user\\\/laguiadepamplona\"]},{\"@type\":\"Person\",\"@id\":\"https:\\\/\\\/www.laguiadepamplona.com\\\/actualidad\\\/#\\\/schema\\\/person\\\/efe887376f0213d4657c93adc50b1fdb\",\"name\":\"La Gu\u00eda de Pamplona\",\"image\":{\"@type\":\"ImageObject\",\"inLanguage\":\"es\",\"@id\":\"https:\\\/\\\/secure.gravatar.com\\\/avatar\\\/b6992f131dc8d30ab0dff15446e9d346d9dbd95992de0fef795073f5ea83a81c?s=96&d=mm&r=g\",\"url\":\"https:\\\/\\\/secure.gravatar.com\\\/avatar\\\/b6992f131dc8d30ab0dff15446e9d346d9dbd95992de0fef795073f5ea83a81c?s=96&d=mm&r=g\",\"contentUrl\":\"https:\\\/\\\/secure.gravatar.com\\\/avatar\\\/b6992f131dc8d30ab0dff15446e9d346d9dbd95992de0fef795073f5ea83a81c?s=96&d=mm&r=g\",\"caption\":\"La Gu\u00eda de Pamplona\"}}]}<\/script>\n<!-- \/ Yoast SEO plugin. -->","yoast_head_json":{"title":"Ayuntamiento y Gobierno de Navarra firmar\u00e1n un convenio para inhumar los restos humanos no reclamados de v\u00edctimas de la guerra civil y del franquismo","robots":{"index":"index","follow":"follow","max-snippet":"max-snippet:-1","max-image-preview":"max-image-preview:large","max-video-preview":"max-video-preview:-1"},"canonical":"https:\/\/www.laguiadepamplona.com\/actualidad\/ayuntamiento-y-gobierno-de-navarra-firmaran-un-convenio-para-inhumar-los-restos-humanos-no-reclamados-de-victimas-de-la-guerra-civil-y-del-franquismo\/","og_locale":"es_ES","og_type":"article","og_title":"Ayuntamiento y Gobierno de Navarra firmar\u00e1n un convenio para inhumar los restos humanos no reclamados de v\u00edctimas de la guerra civil y del franquismo","og_description":"Los restos se depositar\u00e1n en un pante\u00f3n espec\u00edfico en el cementerio de San Jos\u00e9 de Pamplona El Ayuntamiento y la Administraci\u00f3n de la Comunidad Foral de Navarra van a firmar...","og_url":"https:\/\/www.laguiadepamplona.com\/actualidad\/ayuntamiento-y-gobierno-de-navarra-firmaran-un-convenio-para-inhumar-los-restos-humanos-no-reclamados-de-victimas-de-la-guerra-civil-y-del-franquismo\/","og_site_name":"La Gu\u00eda de Pamplona","article_publisher":"https:\/\/www.facebook.com\/laguiadepamplonacom-133175176762273\/?ref=hl","article_published_time":"2014-10-28T11:59:29+00:00","author":"La Gu\u00eda de Pamplona","twitter_card":"summary_large_image","twitter_creator":"@LaGuiadPamplona","twitter_site":"@LaGuiadPamplona","twitter_misc":{"Escrito por":"La Gu\u00eda de Pamplona","Tiempo de lectura":"4 minutos"},"schema":{"@context":"https:\/\/schema.org","@graph":[{"@type":"Article","@id":"https:\/\/www.laguiadepamplona.com\/actualidad\/ayuntamiento-y-gobierno-de-navarra-firmaran-un-convenio-para-inhumar-los-restos-humanos-no-reclamados-de-victimas-de-la-guerra-civil-y-del-franquismo\/#article","isPartOf":{"@id":"https:\/\/www.laguiadepamplona.com\/actualidad\/ayuntamiento-y-gobierno-de-navarra-firmaran-un-convenio-para-inhumar-los-restos-humanos-no-reclamados-de-victimas-de-la-guerra-civil-y-del-franquismo\/"},"author":{"name":"La Gu\u00eda de Pamplona","@id":"https:\/\/www.laguiadepamplona.com\/actualidad\/#\/schema\/person\/efe887376f0213d4657c93adc50b1fdb"},"headline":"Ayuntamiento y Gobierno de Navarra firmar\u00e1n un convenio para inhumar los restos humanos no reclamados de v\u00edctimas de la guerra civil y del franquismo","datePublished":"2014-10-28T11:59:29+00:00","mainEntityOfPage":{"@id":"https:\/\/www.laguiadepamplona.com\/actualidad\/ayuntamiento-y-gobierno-de-navarra-firmaran-un-convenio-para-inhumar-los-restos-humanos-no-reclamados-de-victimas-de-la-guerra-civil-y-del-franquismo\/"},"wordCount":734,"commentCount":0,"publisher":{"@id":"https:\/\/www.laguiadepamplona.com\/actualidad\/#organization"},"image":{"@id":"https:\/\/www.laguiadepamplona.com\/actualidad\/ayuntamiento-y-gobierno-de-navarra-firmaran-un-convenio-para-inhumar-los-restos-humanos-no-reclamados-de-victimas-de-la-guerra-civil-y-del-franquismo\/#primaryimage"},"thumbnailUrl":"","keywords":["actualidad","ayto pamplona","Ayuntamiento de Pamplona","convenio","franquismo","gobierno navarra","inhumar","no declarados","noticias","pamplona","restos humanos","v\u00edctimas de la guerra civil"],"articleSection":["Ayto Pamplona"],"inLanguage":"es","potentialAction":[{"@type":"CommentAction","name":"Comment","target":["https:\/\/www.laguiadepamplona.com\/actualidad\/ayuntamiento-y-gobierno-de-navarra-firmaran-un-convenio-para-inhumar-los-restos-humanos-no-reclamados-de-victimas-de-la-guerra-civil-y-del-franquismo\/#respond"]}]},{"@type":"WebPage","@id":"https:\/\/www.laguiadepamplona.com\/actualidad\/ayuntamiento-y-gobierno-de-navarra-firmaran-un-convenio-para-inhumar-los-restos-humanos-no-reclamados-de-victimas-de-la-guerra-civil-y-del-franquismo\/","url":"https:\/\/www.laguiadepamplona.com\/actualidad\/ayuntamiento-y-gobierno-de-navarra-firmaran-un-convenio-para-inhumar-los-restos-humanos-no-reclamados-de-victimas-de-la-guerra-civil-y-del-franquismo\/","name":"Ayuntamiento y Gobierno de Navarra firmar\u00e1n un convenio para inhumar los restos humanos no reclamados de v\u00edctimas de la guerra civil y del franquismo","isPartOf":{"@id":"https:\/\/www.laguiadepamplona.com\/actualidad\/#website"},"primaryImageOfPage":{"@id":"https:\/\/www.laguiadepamplona.com\/actualidad\/ayuntamiento-y-gobierno-de-navarra-firmaran-un-convenio-para-inhumar-los-restos-humanos-no-reclamados-de-victimas-de-la-guerra-civil-y-del-franquismo\/#primaryimage"},"image":{"@id":"https:\/\/www.laguiadepamplona.com\/actualidad\/ayuntamiento-y-gobierno-de-navarra-firmaran-un-convenio-para-inhumar-los-restos-humanos-no-reclamados-de-victimas-de-la-guerra-civil-y-del-franquismo\/#primaryimage"},"thumbnailUrl":"","datePublished":"2014-10-28T11:59:29+00:00","breadcrumb":{"@id":"https:\/\/www.laguiadepamplona.com\/actualidad\/ayuntamiento-y-gobierno-de-navarra-firmaran-un-convenio-para-inhumar-los-restos-humanos-no-reclamados-de-victimas-de-la-guerra-civil-y-del-franquismo\/#breadcrumb"},"inLanguage":"es","potentialAction":[{"@type":"ReadAction","target":["https:\/\/www.laguiadepamplona.com\/actualidad\/ayuntamiento-y-gobierno-de-navarra-firmaran-un-convenio-para-inhumar-los-restos-humanos-no-reclamados-de-victimas-de-la-guerra-civil-y-del-franquismo\/"]}]},{"@type":"ImageObject","inLanguage":"es","@id":"https:\/\/www.laguiadepamplona.com\/actualidad\/ayuntamiento-y-gobierno-de-navarra-firmaran-un-convenio-para-inhumar-los-restos-humanos-no-reclamados-de-victimas-de-la-guerra-civil-y-del-franquismo\/#primaryimage","url":"","contentUrl":""},{"@type":"BreadcrumbList","@id":"https:\/\/www.laguiadepamplona.com\/actualidad\/ayuntamiento-y-gobierno-de-navarra-firmaran-un-convenio-para-inhumar-los-restos-humanos-no-reclamados-de-victimas-de-la-guerra-civil-y-del-franquismo\/#breadcrumb","itemListElement":[{"@type":"ListItem","position":1,"name":"Portada","item":"https:\/\/www.laguiadepamplona.com\/actualidad\/"},{"@type":"ListItem","position":2,"name":"Ayuntamiento y Gobierno de Navarra firmar\u00e1n un convenio para inhumar los restos humanos no reclamados de v\u00edctimas de la guerra civil y del franquismo"}]},{"@type":"WebSite","@id":"https:\/\/www.laguiadepamplona.com\/actualidad\/#website","url":"https:\/\/www.laguiadepamplona.com\/actualidad\/","name":"La gu\u00eda de Pamplona","description":"Noticias de Pamplona","publisher":{"@id":"https:\/\/www.laguiadepamplona.com\/actualidad\/#organization"},"potentialAction":[{"@type":"SearchAction","target":{"@type":"EntryPoint","urlTemplate":"https:\/\/www.laguiadepamplona.com\/actualidad\/?s={search_term_string}"},"query-input":{"@type":"PropertyValueSpecification","valueRequired":true,"valueName":"search_term_string"}}],"inLanguage":"es"},{"@type":"Organization","@id":"https:\/\/www.laguiadepamplona.com\/actualidad\/#organization","name":"La Gu\u00eda de Pamplona \/ Noticias","url":"https:\/\/www.laguiadepamplona.com\/actualidad\/","logo":{"@type":"ImageObject","inLanguage":"es","@id":"https:\/\/www.laguiadepamplona.com\/actualidad\/#\/schema\/logo\/image\/","url":"https:\/\/www.laguiadepamplona.com\/actualidad\/wp-content\/uploads\/2018\/11\/logo-laguiadepamplona18-web1.png","contentUrl":"https:\/\/www.laguiadepamplona.com\/actualidad\/wp-content\/uploads\/2018\/11\/logo-laguiadepamplona18-web1.png","width":600,"height":196,"caption":"La Gu\u00eda de Pamplona \/ Noticias"},"image":{"@id":"https:\/\/www.laguiadepamplona.com\/actualidad\/#\/schema\/logo\/image\/"},"sameAs":["https:\/\/www.facebook.com\/laguiadepamplonacom-133175176762273\/?ref=hl","https:\/\/x.com\/LaGuiadPamplona","https:\/\/www.instagram.com\/la_guia_de_pamplona\/","https:\/\/www.youtube.com\/user\/laguiadepamplona"]},{"@type":"Person","@id":"https:\/\/www.laguiadepamplona.com\/actualidad\/#\/schema\/person\/efe887376f0213d4657c93adc50b1fdb","name":"La Gu\u00eda de Pamplona","image":{"@type":"ImageObject","inLanguage":"es","@id":"https:\/\/secure.gravatar.com\/avatar\/b6992f131dc8d30ab0dff15446e9d346d9dbd95992de0fef795073f5ea83a81c?s=96&d=mm&r=g","url":"https:\/\/secure.gravatar.com\/avatar\/b6992f131dc8d30ab0dff15446e9d346d9dbd95992de0fef795073f5ea83a81c?s=96&d=mm&r=g","contentUrl":"https:\/\/secure.gravatar.com\/avatar\/b6992f131dc8d30ab0dff15446e9d346d9dbd95992de0fef795073f5ea83a81c?s=96&d=mm&r=g","caption":"La Gu\u00eda de Pamplona"}}]}},"post_mailing_queue_ids":[],"_links":{"self":[{"href":"https:\/\/www.laguiadepamplona.com\/actualidad\/wp-json\/wp\/v2\/posts\/3605","targetHints":{"allow":["GET"]}}],"collection":[{"href":"https:\/\/www.laguiadepamplona.com\/actualidad\/wp-json\/wp\/v2\/posts"}],"about":[{"href":"https:\/\/www.laguiadepamplona.com\/actualidad\/wp-json\/wp\/v2\/types\/post"}],"author":[{"embeddable":true,"href":"https:\/\/www.laguiadepamplona.com\/actualidad\/wp-json\/wp\/v2\/users\/1"}],"replies":[{"embeddable":true,"href":"https:\/\/www.laguiadepamplona.com\/actualidad\/wp-json\/wp\/v2\/comments?post=3605"}],"version-history":[{"count":0,"href":"https:\/\/www.laguiadepamplona.com\/actualidad\/wp-json\/wp\/v2\/posts\/3605\/revisions"}],"wp:featuredmedia":[{"embeddable":true,"href":"https:\/\/www.laguiadepamplona.com\/actualidad\/wp-json\/"}],"wp:attachment":[{"href":"https:\/\/www.laguiadepamplona.com\/actualidad\/wp-json\/wp\/v2\/media?parent=3605"}],"wp:term":[{"taxonomy":"category","embeddable":true,"href":"https:\/\/www.laguiadepamplona.com\/actualidad\/wp-json\/wp\/v2\/categories?post=3605"},{"taxonomy":"post_tag","embeddable":true,"href":"https:\/\/www.laguiadepamplona.com\/actualidad\/wp-json\/wp\/v2\/tags?post=3605"}],"curies":[{"name":"wp","href":"https:\/\/api.w.org\/{rel}","templated":true}]}}