{"id":36043,"date":"2021-07-29T12:50:14","date_gmt":"2021-07-29T10:50:14","guid":{"rendered":"https:\/\/www.laguiadepamplona.com\/actualidad\/?p=36043"},"modified":"2023-04-11T11:49:11","modified_gmt":"2023-04-11T09:49:11","slug":"seleccionadas-las-empresas-que-mediante-acuerdo-marco-ejecutaran-las-obras-de-rehabilitacion-de-espacios-publicos-en-pamplona-durante-los-proximos-anos","status":"publish","type":"post","link":"https:\/\/www.laguiadepamplona.com\/actualidad\/seleccionadas-las-empresas-que-mediante-acuerdo-marco-ejecutaran-las-obras-de-rehabilitacion-de-espacios-publicos-en-pamplona-durante-los-proximos-anos\/","title":{"rendered":"Seleccionadas las empresas que, mediante acuerdo marco, ejecutar\u00e1n las obras de rehabilitaci\u00f3n de espacios p\u00fablicos en Pamplona durante los pr\u00f3ximos a\u00f1os"},"content":{"rendered":"<h5>Se prev\u00e9 un gasto anual que puede llegar a 1 mill\u00f3n de euros, en calzadas y pavimentaciones y en trabajos de modificaci\u00f3n o creaci\u00f3n de zonas peatonales<\/h5>\n<p><!--more--><\/p>\n<p>La Junta de Gobierno Local del Ayuntamiento de Pamplona ha aprobado el listado de las empresas que, mediante acuerdo marco, llevar\u00e1n a cabo las obras de rehabilitaci\u00f3n de espacios p\u00fablicos de la ciudad. El contrato se licit\u00f3 en dos lotes, una para pavimentaciones y trabajos en calzada y el otro para la modificaci\u00f3n o creaci\u00f3n de espacios peatonales. Se prev\u00e9 un gasto m\u00e1ximo anual de hasta un mill\u00f3n de euros en un acuerdo marco con opci\u00f3n de tres pr\u00f3rrogas y una inversi\u00f3n total hasta 2024 de cuatro millones de euros.<\/p>\n<p>Para el lote 1 se ha seleccionado por orden de puntuaci\u00f3n, y por tanto por orden de encargo de trabajos, a Asfaltos Biurrun SA, a Viaria Aglomerado Covial SL, a Asfaltia SL, a Construcciones Boreste SA y a Obysur Asfaltos SL, que han presentado porcentajes de baja que oscilan entre los 19,99% y los 3,51%. A este lote se destinar\u00e1n al a\u00f1o unos 300.000 euros. El lote 2, con un presupuesto anual en torno a los 700.000 euros, contar\u00e1 con las empresas Guill\u00e9n Obras y Proyectos SL, Construcciones y Excavaciones Erri Berri SL, Excavaciones Ferm\u00edn Os\u00e9s SL, Construcciones Lacunza Hermanos SL y Obras y Servicios Tex SL, que han ofertadas bajas entre el 6,80% y el 0%. Cada empresa pod\u00eda concurrir \u00fanicamente a uno de los lotes.<\/p>\n<p>A trav\u00e9s de este acuerdo marco, el Ayuntamiento de Pamplona pretende realizar actuaciones como la renovaci\u00f3n de aceras en el Grupo Urd\u00e1noz de Etxabakoitz, una nueva fase de renovaci\u00f3n de aceras en Mendillorri, la campa\u00f1a de asfaltado, intervenciones en el talud de la cuesta de Santo Domingo, la reurbanizac\u00f3n de las calles Padre Moret y Chinchilla en el Primer Ensanche o la construcci\u00f3n de una acerca en la calle del Muelle en San Jorge.<\/p>\n<p><script async src=\"\/\/pagead2.googlesyndication.com\/pagead\/js\/adsbygoogle.js\"><\/script><br \/>\n<!-- Noticias La Guia de Pamplona --><br \/>\n<ins class=\"adsbygoogle\"\nstyle=\"display:block\"\ndata-ad-client=\"ca-pub-6943679897239327\"\ndata-ad-slot=\"7048180777\"\ndata-ad-format=\"auto\"><\/ins><br \/>\n<script>\n(adsbygoogle = window.adsbygoogle || []).push({});\n<\/script><\/p>\n<p><strong>Trabajos en calzada y en zonas peatonales<\/strong><\/p>\n<p>Los trabajos en calzadas incluyen, m\u00e1s en concreto, la eliminaci\u00f3n de blandones u otros problemas subyacentes bajo la pavimentaci\u00f3n, la mejora de los sistemas de evacuaci\u00f3n longitudinales de aguas pluviales (r\u00edgolas) y la renovaci\u00f3n del pavimento o refuerzo del existente, seg\u00fan sea conveniente en cada caso. Tambi\u00e9n abarca la implantaci\u00f3n de elementos reductores de velocidad fijos, como lomos de asno o similar. Podr\u00eda incluirse, incluso, la peque\u00f1a obra civil necesaria para conseguir el fin de la mejora de las r\u00edgolas, tales como recolocaci\u00f3n de bordillos, etc\u00e9tera. L\u00f3gicamente, se ejecutar\u00eda tambi\u00e9n la se\u00f1alizaci\u00f3n de la v\u00eda o cualquier otro trabajo que remate y finalice las actuaciones llevadas a cabo.<\/p>\n<p>Los trabajos de modificaci\u00f3n o creaci\u00f3n de zonas peatonales consisten en la demolici\u00f3n y preparaci\u00f3n de la zona en la que se act\u00faa, con el fin de acometer las intervenciones necesarias. Se incluyen los trabajos que sean necesarios para ello y para dejar la zona totalmente rematada y terminada. Podr\u00edan incluirse trabajos relativos a peque\u00f1os muros de contenci\u00f3n, pasos peatonales y, en general, cualquier trabajo relacionado con las obras generales de urbanizaci\u00f3n. Asimismo, podr\u00edan incluirse tambi\u00e9n trabajos relativos a las mejoras de las instalaciones necesarias en la urbanizaci\u00f3n de la ciudad, tales como modificaci\u00f3n del alumbrado p\u00fablico o similar.<\/p>\n","protected":false},"excerpt":{"rendered":"<p>Se prev\u00e9 un gasto anual que puede llegar a 1 mill\u00f3n de euros, en calzadas y pavimentaciones y en trabajos de modificaci\u00f3n o creaci\u00f3n de zonas peatonales<\/p>\n","protected":false},"author":1,"featured_media":36044,"comment_status":"open","ping_status":"closed","sticky":false,"template":"","format":"standard","meta":{"footnotes":""},"categories":[2],"tags":[],"class_list":["post-36043","post","type-post","status-publish","format-standard","has-post-thumbnail","hentry","category-ayuntamiento-pamplona"],"yoast_head":"<!-- This site is optimized with the Yoast SEO plugin v27.5 - https:\/\/yoast.com\/product\/yoast-seo-wordpress\/ -->\n<title>Seleccionadas las empresas que, mediante acuerdo marco, ejecutar\u00e1n las obras de rehabilitaci\u00f3n de espacios p\u00fablicos en Pamplona durante los pr\u00f3ximos a\u00f1os<\/title>\n<meta name=\"description\" content=\"Se prev\u00e9 un gasto anual que puede llegar a 1 mill\u00f3n de euros, en calzadas y pavimentaciones y en trabajos de modificaci\u00f3n o creaci\u00f3n de zonas peatonales\" \/>\n<meta name=\"robots\" content=\"index, follow, max-snippet:-1, max-image-preview:large, max-video-preview:-1\" \/>\n<link rel=\"canonical\" href=\"https:\/\/www.laguiadepamplona.com\/actualidad\/seleccionadas-las-empresas-que-mediante-acuerdo-marco-ejecutaran-las-obras-de-rehabilitacion-de-espacios-publicos-en-pamplona-durante-los-proximos-anos\/\" \/>\n<meta property=\"og:locale\" content=\"es_ES\" \/>\n<meta property=\"og:type\" content=\"article\" \/>\n<meta property=\"og:title\" content=\"Seleccionadas las empresas que, mediante acuerdo marco, ejecutar\u00e1n las obras de rehabilitaci\u00f3n de espacios p\u00fablicos en Pamplona durante los pr\u00f3ximos a\u00f1os\" \/>\n<meta property=\"og:description\" content=\"Se prev\u00e9 un gasto anual que puede llegar a 1 mill\u00f3n de euros, en calzadas y pavimentaciones y en trabajos de modificaci\u00f3n o creaci\u00f3n de zonas peatonales\" \/>\n<meta property=\"og:url\" content=\"https:\/\/www.laguiadepamplona.com\/actualidad\/seleccionadas-las-empresas-que-mediante-acuerdo-marco-ejecutaran-las-obras-de-rehabilitacion-de-espacios-publicos-en-pamplona-durante-los-proximos-anos\/\" \/>\n<meta property=\"og:site_name\" content=\"La Gu\u00eda de Pamplona\" \/>\n<meta property=\"article:publisher\" content=\"https:\/\/www.facebook.com\/laguiadepamplonacom-133175176762273\/?ref=hl\" \/>\n<meta property=\"article:published_time\" content=\"2021-07-29T10:50:14+00:00\" \/>\n<meta property=\"article:modified_time\" content=\"2023-04-11T09:49:11+00:00\" \/>\n<meta property=\"og:image\" content=\"https:\/\/www.laguiadepamplona.com\/actualidad\/wp-content\/uploads\/2021\/07\/empresas-obras-publicas-pamplona.jpg\" \/>\n\t<meta property=\"og:image:width\" content=\"1920\" \/>\n\t<meta property=\"og:image:height\" content=\"1082\" \/>\n\t<meta property=\"og:image:type\" content=\"image\/jpeg\" \/>\n<meta name=\"author\" content=\"La Gu\u00eda de Pamplona\" \/>\n<meta name=\"twitter:card\" content=\"summary_large_image\" \/>\n<meta name=\"twitter:creator\" content=\"@LaGuiadPamplona\" \/>\n<meta name=\"twitter:site\" content=\"@LaGuiadPamplona\" \/>\n<meta name=\"twitter:label1\" content=\"Escrito por\" \/>\n\t<meta name=\"twitter:data1\" content=\"La Gu\u00eda de Pamplona\" \/>\n\t<meta name=\"twitter:label2\" content=\"Tiempo de lectura\" \/>\n\t<meta name=\"twitter:data2\" content=\"3 minutos\" \/>\n<script type=\"application\/ld+json\" class=\"yoast-schema-graph\">{\"@context\":\"https:\\\/\\\/schema.org\",\"@graph\":[{\"@type\":\"Article\",\"@id\":\"https:\\\/\\\/www.laguiadepamplona.com\\\/actualidad\\\/seleccionadas-las-empresas-que-mediante-acuerdo-marco-ejecutaran-las-obras-de-rehabilitacion-de-espacios-publicos-en-pamplona-durante-los-proximos-anos\\\/#article\",\"isPartOf\":{\"@id\":\"https:\\\/\\\/www.laguiadepamplona.com\\\/actualidad\\\/seleccionadas-las-empresas-que-mediante-acuerdo-marco-ejecutaran-las-obras-de-rehabilitacion-de-espacios-publicos-en-pamplona-durante-los-proximos-anos\\\/\"},\"author\":{\"name\":\"La Gu\u00eda de Pamplona\",\"@id\":\"https:\\\/\\\/www.laguiadepamplona.com\\\/actualidad\\\/#\\\/schema\\\/person\\\/efe887376f0213d4657c93adc50b1fdb\"},\"headline\":\"Seleccionadas las empresas que, mediante acuerdo marco, ejecutar\u00e1n las obras de rehabilitaci\u00f3n de espacios p\u00fablicos en Pamplona durante los pr\u00f3ximos a\u00f1os\",\"datePublished\":\"2021-07-29T10:50:14+00:00\",\"dateModified\":\"2023-04-11T09:49:11+00:00\",\"mainEntityOfPage\":{\"@id\":\"https:\\\/\\\/www.laguiadepamplona.com\\\/actualidad\\\/seleccionadas-las-empresas-que-mediante-acuerdo-marco-ejecutaran-las-obras-de-rehabilitacion-de-espacios-publicos-en-pamplona-durante-los-proximos-anos\\\/\"},\"wordCount\":609,\"commentCount\":0,\"publisher\":{\"@id\":\"https:\\\/\\\/www.laguiadepamplona.com\\\/actualidad\\\/#organization\"},\"image\":{\"@id\":\"https:\\\/\\\/www.laguiadepamplona.com\\\/actualidad\\\/seleccionadas-las-empresas-que-mediante-acuerdo-marco-ejecutaran-las-obras-de-rehabilitacion-de-espacios-publicos-en-pamplona-durante-los-proximos-anos\\\/#primaryimage\"},\"thumbnailUrl\":\"https:\\\/\\\/www.laguiadepamplona.com\\\/actualidad\\\/wp-content\\\/uploads\\\/2021\\\/07\\\/empresas-obras-publicas-pamplona.jpg\",\"articleSection\":[\"Ayto Pamplona\"],\"inLanguage\":\"es\",\"potentialAction\":[{\"@type\":\"CommentAction\",\"name\":\"Comment\",\"target\":[\"https:\\\/\\\/www.laguiadepamplona.com\\\/actualidad\\\/seleccionadas-las-empresas-que-mediante-acuerdo-marco-ejecutaran-las-obras-de-rehabilitacion-de-espacios-publicos-en-pamplona-durante-los-proximos-anos\\\/#respond\"]}]},{\"@type\":\"WebPage\",\"@id\":\"https:\\\/\\\/www.laguiadepamplona.com\\\/actualidad\\\/seleccionadas-las-empresas-que-mediante-acuerdo-marco-ejecutaran-las-obras-de-rehabilitacion-de-espacios-publicos-en-pamplona-durante-los-proximos-anos\\\/\",\"url\":\"https:\\\/\\\/www.laguiadepamplona.com\\\/actualidad\\\/seleccionadas-las-empresas-que-mediante-acuerdo-marco-ejecutaran-las-obras-de-rehabilitacion-de-espacios-publicos-en-pamplona-durante-los-proximos-anos\\\/\",\"name\":\"Seleccionadas las empresas que, mediante acuerdo marco, ejecutar\u00e1n las obras de rehabilitaci\u00f3n de espacios p\u00fablicos en Pamplona durante los pr\u00f3ximos a\u00f1os\",\"isPartOf\":{\"@id\":\"https:\\\/\\\/www.laguiadepamplona.com\\\/actualidad\\\/#website\"},\"primaryImageOfPage\":{\"@id\":\"https:\\\/\\\/www.laguiadepamplona.com\\\/actualidad\\\/seleccionadas-las-empresas-que-mediante-acuerdo-marco-ejecutaran-las-obras-de-rehabilitacion-de-espacios-publicos-en-pamplona-durante-los-proximos-anos\\\/#primaryimage\"},\"image\":{\"@id\":\"https:\\\/\\\/www.laguiadepamplona.com\\\/actualidad\\\/seleccionadas-las-empresas-que-mediante-acuerdo-marco-ejecutaran-las-obras-de-rehabilitacion-de-espacios-publicos-en-pamplona-durante-los-proximos-anos\\\/#primaryimage\"},\"thumbnailUrl\":\"https:\\\/\\\/www.laguiadepamplona.com\\\/actualidad\\\/wp-content\\\/uploads\\\/2021\\\/07\\\/empresas-obras-publicas-pamplona.jpg\",\"datePublished\":\"2021-07-29T10:50:14+00:00\",\"dateModified\":\"2023-04-11T09:49:11+00:00\",\"description\":\"Se prev\u00e9 un gasto anual que puede llegar a 1 mill\u00f3n de euros, en calzadas y pavimentaciones y en trabajos de modificaci\u00f3n o creaci\u00f3n de zonas peatonales\",\"breadcrumb\":{\"@id\":\"https:\\\/\\\/www.laguiadepamplona.com\\\/actualidad\\\/seleccionadas-las-empresas-que-mediante-acuerdo-marco-ejecutaran-las-obras-de-rehabilitacion-de-espacios-publicos-en-pamplona-durante-los-proximos-anos\\\/#breadcrumb\"},\"inLanguage\":\"es\",\"potentialAction\":[{\"@type\":\"ReadAction\",\"target\":[\"https:\\\/\\\/www.laguiadepamplona.com\\\/actualidad\\\/seleccionadas-las-empresas-que-mediante-acuerdo-marco-ejecutaran-las-obras-de-rehabilitacion-de-espacios-publicos-en-pamplona-durante-los-proximos-anos\\\/\"]}]},{\"@type\":\"ImageObject\",\"inLanguage\":\"es\",\"@id\":\"https:\\\/\\\/www.laguiadepamplona.com\\\/actualidad\\\/seleccionadas-las-empresas-que-mediante-acuerdo-marco-ejecutaran-las-obras-de-rehabilitacion-de-espacios-publicos-en-pamplona-durante-los-proximos-anos\\\/#primaryimage\",\"url\":\"https:\\\/\\\/www.laguiadepamplona.com\\\/actualidad\\\/wp-content\\\/uploads\\\/2021\\\/07\\\/empresas-obras-publicas-pamplona.jpg\",\"contentUrl\":\"https:\\\/\\\/www.laguiadepamplona.com\\\/actualidad\\\/wp-content\\\/uploads\\\/2021\\\/07\\\/empresas-obras-publicas-pamplona.jpg\",\"width\":1920,\"height\":1082},{\"@type\":\"BreadcrumbList\",\"@id\":\"https:\\\/\\\/www.laguiadepamplona.com\\\/actualidad\\\/seleccionadas-las-empresas-que-mediante-acuerdo-marco-ejecutaran-las-obras-de-rehabilitacion-de-espacios-publicos-en-pamplona-durante-los-proximos-anos\\\/#breadcrumb\",\"itemListElement\":[{\"@type\":\"ListItem\",\"position\":1,\"name\":\"Portada\",\"item\":\"https:\\\/\\\/www.laguiadepamplona.com\\\/actualidad\\\/\"},{\"@type\":\"ListItem\",\"position\":2,\"name\":\"Seleccionadas las empresas que, mediante acuerdo marco, ejecutar\u00e1n las obras de rehabilitaci\u00f3n de espacios p\u00fablicos en Pamplona durante los pr\u00f3ximos a\u00f1os\"}]},{\"@type\":\"WebSite\",\"@id\":\"https:\\\/\\\/www.laguiadepamplona.com\\\/actualidad\\\/#website\",\"url\":\"https:\\\/\\\/www.laguiadepamplona.com\\\/actualidad\\\/\",\"name\":\"La gu\u00eda de Pamplona\",\"description\":\"Noticias de Pamplona\",\"publisher\":{\"@id\":\"https:\\\/\\\/www.laguiadepamplona.com\\\/actualidad\\\/#organization\"},\"potentialAction\":[{\"@type\":\"SearchAction\",\"target\":{\"@type\":\"EntryPoint\",\"urlTemplate\":\"https:\\\/\\\/www.laguiadepamplona.com\\\/actualidad\\\/?s={search_term_string}\"},\"query-input\":{\"@type\":\"PropertyValueSpecification\",\"valueRequired\":true,\"valueName\":\"search_term_string\"}}],\"inLanguage\":\"es\"},{\"@type\":\"Organization\",\"@id\":\"https:\\\/\\\/www.laguiadepamplona.com\\\/actualidad\\\/#organization\",\"name\":\"La Gu\u00eda de Pamplona \\\/ Noticias\",\"url\":\"https:\\\/\\\/www.laguiadepamplona.com\\\/actualidad\\\/\",\"logo\":{\"@type\":\"ImageObject\",\"inLanguage\":\"es\",\"@id\":\"https:\\\/\\\/www.laguiadepamplona.com\\\/actualidad\\\/#\\\/schema\\\/logo\\\/image\\\/\",\"url\":\"https:\\\/\\\/www.laguiadepamplona.com\\\/actualidad\\\/wp-content\\\/uploads\\\/2018\\\/11\\\/logo-laguiadepamplona18-web1.png\",\"contentUrl\":\"https:\\\/\\\/www.laguiadepamplona.com\\\/actualidad\\\/wp-content\\\/uploads\\\/2018\\\/11\\\/logo-laguiadepamplona18-web1.png\",\"width\":600,\"height\":196,\"caption\":\"La Gu\u00eda de Pamplona \\\/ Noticias\"},\"image\":{\"@id\":\"https:\\\/\\\/www.laguiadepamplona.com\\\/actualidad\\\/#\\\/schema\\\/logo\\\/image\\\/\"},\"sameAs\":[\"https:\\\/\\\/www.facebook.com\\\/laguiadepamplonacom-133175176762273\\\/?ref=hl\",\"https:\\\/\\\/x.com\\\/LaGuiadPamplona\",\"https:\\\/\\\/www.instagram.com\\\/la_guia_de_pamplona\\\/\",\"https:\\\/\\\/www.youtube.com\\\/user\\\/laguiadepamplona\"]},{\"@type\":\"Person\",\"@id\":\"https:\\\/\\\/www.laguiadepamplona.com\\\/actualidad\\\/#\\\/schema\\\/person\\\/efe887376f0213d4657c93adc50b1fdb\",\"name\":\"La Gu\u00eda de Pamplona\",\"image\":{\"@type\":\"ImageObject\",\"inLanguage\":\"es\",\"@id\":\"https:\\\/\\\/secure.gravatar.com\\\/avatar\\\/b6992f131dc8d30ab0dff15446e9d346d9dbd95992de0fef795073f5ea83a81c?s=96&d=mm&r=g\",\"url\":\"https:\\\/\\\/secure.gravatar.com\\\/avatar\\\/b6992f131dc8d30ab0dff15446e9d346d9dbd95992de0fef795073f5ea83a81c?s=96&d=mm&r=g\",\"contentUrl\":\"https:\\\/\\\/secure.gravatar.com\\\/avatar\\\/b6992f131dc8d30ab0dff15446e9d346d9dbd95992de0fef795073f5ea83a81c?s=96&d=mm&r=g\",\"caption\":\"La Gu\u00eda de Pamplona\"}}]}<\/script>\n<!-- \/ Yoast SEO plugin. -->","yoast_head_json":{"title":"Seleccionadas las empresas que, mediante acuerdo marco, ejecutar\u00e1n las obras de rehabilitaci\u00f3n de espacios p\u00fablicos en Pamplona durante los pr\u00f3ximos a\u00f1os","description":"Se prev\u00e9 un gasto anual que puede llegar a 1 mill\u00f3n de euros, en calzadas y pavimentaciones y en trabajos de modificaci\u00f3n o creaci\u00f3n de zonas peatonales","robots":{"index":"index","follow":"follow","max-snippet":"max-snippet:-1","max-image-preview":"max-image-preview:large","max-video-preview":"max-video-preview:-1"},"canonical":"https:\/\/www.laguiadepamplona.com\/actualidad\/seleccionadas-las-empresas-que-mediante-acuerdo-marco-ejecutaran-las-obras-de-rehabilitacion-de-espacios-publicos-en-pamplona-durante-los-proximos-anos\/","og_locale":"es_ES","og_type":"article","og_title":"Seleccionadas las empresas que, mediante acuerdo marco, ejecutar\u00e1n las obras de rehabilitaci\u00f3n de espacios p\u00fablicos en Pamplona durante los pr\u00f3ximos a\u00f1os","og_description":"Se prev\u00e9 un gasto anual que puede llegar a 1 mill\u00f3n de euros, en calzadas y pavimentaciones y en trabajos de modificaci\u00f3n o creaci\u00f3n de zonas peatonales","og_url":"https:\/\/www.laguiadepamplona.com\/actualidad\/seleccionadas-las-empresas-que-mediante-acuerdo-marco-ejecutaran-las-obras-de-rehabilitacion-de-espacios-publicos-en-pamplona-durante-los-proximos-anos\/","og_site_name":"La Gu\u00eda de Pamplona","article_publisher":"https:\/\/www.facebook.com\/laguiadepamplonacom-133175176762273\/?ref=hl","article_published_time":"2021-07-29T10:50:14+00:00","article_modified_time":"2023-04-11T09:49:11+00:00","og_image":[{"width":1920,"height":1082,"url":"https:\/\/www.laguiadepamplona.com\/actualidad\/wp-content\/uploads\/2021\/07\/empresas-obras-publicas-pamplona.jpg","type":"image\/jpeg"}],"author":"La Gu\u00eda de Pamplona","twitter_card":"summary_large_image","twitter_creator":"@LaGuiadPamplona","twitter_site":"@LaGuiadPamplona","twitter_misc":{"Escrito por":"La Gu\u00eda de Pamplona","Tiempo de lectura":"3 minutos"},"schema":{"@context":"https:\/\/schema.org","@graph":[{"@type":"Article","@id":"https:\/\/www.laguiadepamplona.com\/actualidad\/seleccionadas-las-empresas-que-mediante-acuerdo-marco-ejecutaran-las-obras-de-rehabilitacion-de-espacios-publicos-en-pamplona-durante-los-proximos-anos\/#article","isPartOf":{"@id":"https:\/\/www.laguiadepamplona.com\/actualidad\/seleccionadas-las-empresas-que-mediante-acuerdo-marco-ejecutaran-las-obras-de-rehabilitacion-de-espacios-publicos-en-pamplona-durante-los-proximos-anos\/"},"author":{"name":"La Gu\u00eda de Pamplona","@id":"https:\/\/www.laguiadepamplona.com\/actualidad\/#\/schema\/person\/efe887376f0213d4657c93adc50b1fdb"},"headline":"Seleccionadas las empresas que, mediante acuerdo marco, ejecutar\u00e1n las obras de rehabilitaci\u00f3n de espacios p\u00fablicos en Pamplona durante los pr\u00f3ximos a\u00f1os","datePublished":"2021-07-29T10:50:14+00:00","dateModified":"2023-04-11T09:49:11+00:00","mainEntityOfPage":{"@id":"https:\/\/www.laguiadepamplona.com\/actualidad\/seleccionadas-las-empresas-que-mediante-acuerdo-marco-ejecutaran-las-obras-de-rehabilitacion-de-espacios-publicos-en-pamplona-durante-los-proximos-anos\/"},"wordCount":609,"commentCount":0,"publisher":{"@id":"https:\/\/www.laguiadepamplona.com\/actualidad\/#organization"},"image":{"@id":"https:\/\/www.laguiadepamplona.com\/actualidad\/seleccionadas-las-empresas-que-mediante-acuerdo-marco-ejecutaran-las-obras-de-rehabilitacion-de-espacios-publicos-en-pamplona-durante-los-proximos-anos\/#primaryimage"},"thumbnailUrl":"https:\/\/www.laguiadepamplona.com\/actualidad\/wp-content\/uploads\/2021\/07\/empresas-obras-publicas-pamplona.jpg","articleSection":["Ayto Pamplona"],"inLanguage":"es","potentialAction":[{"@type":"CommentAction","name":"Comment","target":["https:\/\/www.laguiadepamplona.com\/actualidad\/seleccionadas-las-empresas-que-mediante-acuerdo-marco-ejecutaran-las-obras-de-rehabilitacion-de-espacios-publicos-en-pamplona-durante-los-proximos-anos\/#respond"]}]},{"@type":"WebPage","@id":"https:\/\/www.laguiadepamplona.com\/actualidad\/seleccionadas-las-empresas-que-mediante-acuerdo-marco-ejecutaran-las-obras-de-rehabilitacion-de-espacios-publicos-en-pamplona-durante-los-proximos-anos\/","url":"https:\/\/www.laguiadepamplona.com\/actualidad\/seleccionadas-las-empresas-que-mediante-acuerdo-marco-ejecutaran-las-obras-de-rehabilitacion-de-espacios-publicos-en-pamplona-durante-los-proximos-anos\/","name":"Seleccionadas las empresas que, mediante acuerdo marco, ejecutar\u00e1n las obras de rehabilitaci\u00f3n de espacios p\u00fablicos en Pamplona durante los pr\u00f3ximos a\u00f1os","isPartOf":{"@id":"https:\/\/www.laguiadepamplona.com\/actualidad\/#website"},"primaryImageOfPage":{"@id":"https:\/\/www.laguiadepamplona.com\/actualidad\/seleccionadas-las-empresas-que-mediante-acuerdo-marco-ejecutaran-las-obras-de-rehabilitacion-de-espacios-publicos-en-pamplona-durante-los-proximos-anos\/#primaryimage"},"image":{"@id":"https:\/\/www.laguiadepamplona.com\/actualidad\/seleccionadas-las-empresas-que-mediante-acuerdo-marco-ejecutaran-las-obras-de-rehabilitacion-de-espacios-publicos-en-pamplona-durante-los-proximos-anos\/#primaryimage"},"thumbnailUrl":"https:\/\/www.laguiadepamplona.com\/actualidad\/wp-content\/uploads\/2021\/07\/empresas-obras-publicas-pamplona.jpg","datePublished":"2021-07-29T10:50:14+00:00","dateModified":"2023-04-11T09:49:11+00:00","description":"Se prev\u00e9 un gasto anual que puede llegar a 1 mill\u00f3n de euros, en calzadas y pavimentaciones y en trabajos de modificaci\u00f3n o creaci\u00f3n de zonas peatonales","breadcrumb":{"@id":"https:\/\/www.laguiadepamplona.com\/actualidad\/seleccionadas-las-empresas-que-mediante-acuerdo-marco-ejecutaran-las-obras-de-rehabilitacion-de-espacios-publicos-en-pamplona-durante-los-proximos-anos\/#breadcrumb"},"inLanguage":"es","potentialAction":[{"@type":"ReadAction","target":["https:\/\/www.laguiadepamplona.com\/actualidad\/seleccionadas-las-empresas-que-mediante-acuerdo-marco-ejecutaran-las-obras-de-rehabilitacion-de-espacios-publicos-en-pamplona-durante-los-proximos-anos\/"]}]},{"@type":"ImageObject","inLanguage":"es","@id":"https:\/\/www.laguiadepamplona.com\/actualidad\/seleccionadas-las-empresas-que-mediante-acuerdo-marco-ejecutaran-las-obras-de-rehabilitacion-de-espacios-publicos-en-pamplona-durante-los-proximos-anos\/#primaryimage","url":"https:\/\/www.laguiadepamplona.com\/actualidad\/wp-content\/uploads\/2021\/07\/empresas-obras-publicas-pamplona.jpg","contentUrl":"https:\/\/www.laguiadepamplona.com\/actualidad\/wp-content\/uploads\/2021\/07\/empresas-obras-publicas-pamplona.jpg","width":1920,"height":1082},{"@type":"BreadcrumbList","@id":"https:\/\/www.laguiadepamplona.com\/actualidad\/seleccionadas-las-empresas-que-mediante-acuerdo-marco-ejecutaran-las-obras-de-rehabilitacion-de-espacios-publicos-en-pamplona-durante-los-proximos-anos\/#breadcrumb","itemListElement":[{"@type":"ListItem","position":1,"name":"Portada","item":"https:\/\/www.laguiadepamplona.com\/actualidad\/"},{"@type":"ListItem","position":2,"name":"Seleccionadas las empresas que, mediante acuerdo marco, ejecutar\u00e1n las obras de rehabilitaci\u00f3n de espacios p\u00fablicos en Pamplona durante los pr\u00f3ximos a\u00f1os"}]},{"@type":"WebSite","@id":"https:\/\/www.laguiadepamplona.com\/actualidad\/#website","url":"https:\/\/www.laguiadepamplona.com\/actualidad\/","name":"La gu\u00eda de Pamplona","description":"Noticias de Pamplona","publisher":{"@id":"https:\/\/www.laguiadepamplona.com\/actualidad\/#organization"},"potentialAction":[{"@type":"SearchAction","target":{"@type":"EntryPoint","urlTemplate":"https:\/\/www.laguiadepamplona.com\/actualidad\/?s={search_term_string}"},"query-input":{"@type":"PropertyValueSpecification","valueRequired":true,"valueName":"search_term_string"}}],"inLanguage":"es"},{"@type":"Organization","@id":"https:\/\/www.laguiadepamplona.com\/actualidad\/#organization","name":"La Gu\u00eda de Pamplona \/ Noticias","url":"https:\/\/www.laguiadepamplona.com\/actualidad\/","logo":{"@type":"ImageObject","inLanguage":"es","@id":"https:\/\/www.laguiadepamplona.com\/actualidad\/#\/schema\/logo\/image\/","url":"https:\/\/www.laguiadepamplona.com\/actualidad\/wp-content\/uploads\/2018\/11\/logo-laguiadepamplona18-web1.png","contentUrl":"https:\/\/www.laguiadepamplona.com\/actualidad\/wp-content\/uploads\/2018\/11\/logo-laguiadepamplona18-web1.png","width":600,"height":196,"caption":"La Gu\u00eda de Pamplona \/ Noticias"},"image":{"@id":"https:\/\/www.laguiadepamplona.com\/actualidad\/#\/schema\/logo\/image\/"},"sameAs":["https:\/\/www.facebook.com\/laguiadepamplonacom-133175176762273\/?ref=hl","https:\/\/x.com\/LaGuiadPamplona","https:\/\/www.instagram.com\/la_guia_de_pamplona\/","https:\/\/www.youtube.com\/user\/laguiadepamplona"]},{"@type":"Person","@id":"https:\/\/www.laguiadepamplona.com\/actualidad\/#\/schema\/person\/efe887376f0213d4657c93adc50b1fdb","name":"La Gu\u00eda de Pamplona","image":{"@type":"ImageObject","inLanguage":"es","@id":"https:\/\/secure.gravatar.com\/avatar\/b6992f131dc8d30ab0dff15446e9d346d9dbd95992de0fef795073f5ea83a81c?s=96&d=mm&r=g","url":"https:\/\/secure.gravatar.com\/avatar\/b6992f131dc8d30ab0dff15446e9d346d9dbd95992de0fef795073f5ea83a81c?s=96&d=mm&r=g","contentUrl":"https:\/\/secure.gravatar.com\/avatar\/b6992f131dc8d30ab0dff15446e9d346d9dbd95992de0fef795073f5ea83a81c?s=96&d=mm&r=g","caption":"La Gu\u00eda de Pamplona"}}]}},"post_mailing_queue_ids":[],"_links":{"self":[{"href":"https:\/\/www.laguiadepamplona.com\/actualidad\/wp-json\/wp\/v2\/posts\/36043","targetHints":{"allow":["GET"]}}],"collection":[{"href":"https:\/\/www.laguiadepamplona.com\/actualidad\/wp-json\/wp\/v2\/posts"}],"about":[{"href":"https:\/\/www.laguiadepamplona.com\/actualidad\/wp-json\/wp\/v2\/types\/post"}],"author":[{"embeddable":true,"href":"https:\/\/www.laguiadepamplona.com\/actualidad\/wp-json\/wp\/v2\/users\/1"}],"replies":[{"embeddable":true,"href":"https:\/\/www.laguiadepamplona.com\/actualidad\/wp-json\/wp\/v2\/comments?post=36043"}],"version-history":[{"count":0,"href":"https:\/\/www.laguiadepamplona.com\/actualidad\/wp-json\/wp\/v2\/posts\/36043\/revisions"}],"wp:featuredmedia":[{"embeddable":true,"href":"https:\/\/www.laguiadepamplona.com\/actualidad\/wp-json\/wp\/v2\/media\/36044"}],"wp:attachment":[{"href":"https:\/\/www.laguiadepamplona.com\/actualidad\/wp-json\/wp\/v2\/media?parent=36043"}],"wp:term":[{"taxonomy":"category","embeddable":true,"href":"https:\/\/www.laguiadepamplona.com\/actualidad\/wp-json\/wp\/v2\/categories?post=36043"},{"taxonomy":"post_tag","embeddable":true,"href":"https:\/\/www.laguiadepamplona.com\/actualidad\/wp-json\/wp\/v2\/tags?post=36043"}],"curies":[{"name":"wp","href":"https:\/\/api.w.org\/{rel}","templated":true}]}}