{"id":35976,"date":"2021-07-22T12:29:42","date_gmt":"2021-07-22T10:29:42","guid":{"rendered":"https:\/\/www.laguiadepamplona.com\/actualidad\/?p=35976"},"modified":"2023-04-11T11:49:12","modified_gmt":"2023-04-11T09:49:12","slug":"danza-y-tecnologia-se-funden-este-viernes-en-re-des-espectaculo-de-la-compania-danzai-que-abre-el-ciclo-atardecer-pamplona-en-su-retorno-a-la-plaza-de-la-o","status":"publish","type":"post","link":"https:\/\/www.laguiadepamplona.com\/actualidad\/danza-y-tecnologia-se-funden-este-viernes-en-re-des-espectaculo-de-la-compania-danzai-que-abre-el-ciclo-atardecer-pamplona-en-su-retorno-a-la-plaza-de-la-o\/","title":{"rendered":"Danza y tecnolog\u00eda se funden este viernes en \u2018Re-des\u2019, espect\u00e1culo de la compa\u00f1\u00eda DanzAI, que abre el ciclo Atardecer Pamplona en su retorno a la plaza de la O"},"content":{"rendered":"<h5>Las cinco actuaciones previstas, los viernes del 23 de julio al 20 de agosto, comenzar\u00e1n a las 20 horas, con entrada libre hasta completar el aforo<\/h5>\n<p><!--more--><\/p>\n<p>Este viernes comienza en la plaza de la O una nueva edici\u00f3n de Atardecer Pamplona, un programa que une ciencia, arte, nuevas tecnolog\u00edas y energ\u00edas renovables. La compa\u00f1\u00eda DanzAI, con su espect\u00e1culo \u2018Re\u2013des\u2019, abrir\u00e1 un programa que retorna a su ubicaci\u00f3n habitual tras el par\u00e9ntesis del verano pasado en el palacio de Ezpeleta, motivado por la situaci\u00f3n sanitaria. La sesi\u00f3n comenzar\u00e1 a las 20 horas, con entrada libre hasta completar el aforo.<\/p>\n<p>DanzAI a\u00fana en este montaje danza y tecnolog\u00eda. \u2018Re-des\u2019 es un proyecto de bailarina y core\u00f3grafa navarra Andrea Irurzun, realizado dentro del marco de una de las residencias art\u00edsticas y de creaci\u00f3n del festival DNA2020 del Gobierno de Navarra en el Teatro Municipal de Anso\u00e1in (Teatro perteneciente a la Red de Teatros de Navarra). El espect\u00e1culo pretende analizar, desmontar, reconstruir y mostrar el peso que cobra la comunicaci\u00f3n en la era digital, para as\u00ed enfocarlo en procesos creativos. Una red social que nos hace viajar a lugares en los que nunca hemos estado, nos conecta con personas que tenemos lejos, e incluso que no conocemos, pero que a la vez nos separa de personas cercanas. La puesta en escena cuenta con m\u00fasica original compuesta por el productor Alberto M\u00e1rquez \u2018Citrus&#8217;.<\/p>\n<p>Andrea Irurzun cuenta con un estilo propio que pretende combinar el plano f\u00edsico y virtual a favor de la creaci\u00f3n y difusi\u00f3n de la danza por toda Navarra. Estudi\u00f3 danza cl\u00e1sica en la Escuela de Danza del Gobierno de Navarra y fue becada para completar su formaci\u00f3n en danza contempor\u00e1nea en MDC. M\u00e1s tarde, fue seleccionada para estudiar con KCDC, Israel, donde comenz\u00f3 su carrera profesional. Ha trabajado en compa\u00f1\u00edas a nivel nacional, como Madridanza, y con compa\u00f1\u00edas navarras como Konmocion, Fueradeleje y Fundaci\u00f3n Atena, donde contin\u00faa en la actualidad como docente y core\u00f3grafa. En 2017 y 2019 gan\u00f3 el primer y tercer premio de Encuentros de Arte Joven del Gobierno de Navarra con sus obras \u2018K-OS\u2019 y \u2018G\u00e9nera\u2019.<\/p>\n<p><script async src=\"\/\/pagead2.googlesyndication.com\/pagead\/js\/adsbygoogle.js\"><\/script><br \/>\n<!-- Noticias La Guia de Pamplona --><br \/>\n<ins class=\"adsbygoogle\"\nstyle=\"display:block\"\ndata-ad-client=\"ca-pub-6943679897239327\"\ndata-ad-slot=\"7048180777\"\ndata-ad-format=\"auto\"><\/ins><br \/>\n<script>\n(adsbygoogle = window.adsbygoogle || []).push({});\n<\/script><\/p>\n<p><strong>M\u00e1s Atardecer hasta el 20 de agosto<\/strong><\/p>\n<p>Atardecer Pamplona se desarrollar\u00e1 durante cinco viernes entre el 23 de julio y el 20 de agosto, a las 20 horas, con diferentes propuestas que combinan m\u00fasica, teatro, tecnolog\u00eda y circo. El viernes 30 ser\u00e1 el turno de Trakamatraka, con su espect\u00e1culo \u2018Matraka ma non tropo\u2019. Basura convertida en instrumentos musicales para unir la m\u00fasica con conceptos como el reciclaje, la creatividad, la diversidad y el respeto al medio ambiente.<\/p>\n<p>El 6 de agosto Big Van Ciencia presentar\u00e1 \u2018Clowntifics\u2019, un espect\u00e1culo teatral interactivo donde el propio p\u00fablico subir\u00e1 al escenario para realizar experimentos cient\u00edficos. A trav\u00e9s del juego, se aprender\u00e1n conceptos cient\u00edficos punteros y la utilizaci\u00f3n del m\u00e9todo cient\u00edfico en la toma de decisiones razonadas y basadas en el conocimiento.<\/p>\n<p>Neonymus y su proyecto \u2018Viajeros del mundo\u2019 ser\u00e1n los protagonistas del viernes 13 de agosto. Un hombre solo, encima el escenario, con su voz, algunos peque\u00f1os instrumentos ins\u00f3litos y una <em>loop station<\/em>, construye melod\u00edas que sugieren escena de la prehistoria y de la \u00e9poca actual. Distintas l\u00edneas vocales creadas en directo, que se tejen y entrelazan, a veces levantando acordes, a veces peque\u00f1as frases en contrapunto.<\/p>\n<p>Por \u00faltimo, el 20 de agosto, Circonciencia representar\u00e1 \u2018Redoxidables\u2019. Ser\u00e1 el reestreno de su segundo espect\u00e1culo, con nuevos experimentos y nuevas rutinas y disciplinas de circo. Los hermanos Venafrente presentan conceptos asociados a la reacci\u00f3n Redox (reducci\u00f3n \u2013 oxidaci\u00f3n), al servicio de la divulgaci\u00f3n cient\u00edfica por m\u00e9todos no convencionales.<\/p>\n<p><script async src=\"\/\/pagead2.googlesyndication.com\/pagead\/js\/adsbygoogle.js\"><\/script><br \/>\n<!-- Noticias La Guia de Pamplona --><br \/>\n<ins class=\"adsbygoogle\"\nstyle=\"display:block\"\ndata-ad-client=\"ca-pub-6943679897239327\"\ndata-ad-slot=\"7048180777\"\ndata-ad-format=\"auto\"><\/ins><br \/>\n<script>\n(adsbygoogle = window.adsbygoogle || []).push({});\n<\/script><\/p>\n<p>&nbsp;<\/p>\n<h3>Atardecer Pamplona. Plaza de la Virgen de la O. Del 23 de julio al 20 de agosto<\/h3>\n<ul>\n<li>Viernes 23 de julio, 20 horas\n<ul>\n<li>RE \u2013 DES. Danzai. Danza y tecnolog\u00eda<\/li>\n<\/ul>\n<\/li>\n<li>Viernes 30 de julio, 20 horas\n<ul>\n<li>MATRAKA MA NON TROPO. Trakamatraka. M\u00fasica y Medio Ambiente<\/li>\n<\/ul>\n<\/li>\n<li>Viernes 6 de agosto, 20 horas\n<ul>\n<li>Big Van Ciencia. Teatro<\/li>\n<\/ul>\n<\/li>\n<li>Viernes 13 de agosto, 20 horas\n<ul>\n<li>VIAJEROS DEL TIEMPO. Neonymus. M\u00fasica y tecnolog\u00eda<\/li>\n<\/ul>\n<\/li>\n<li>Viernes 20 de agosto, 20 horas\n<ul>\n<li>Circonciencia. Circo<\/li>\n<\/ul>\n<\/li>\n<\/ul>\n","protected":false},"excerpt":{"rendered":"<p>Las cinco actuaciones previstas, los viernes del 23 de julio al 20 de agosto, comenzar\u00e1n a las 20 horas, con entrada libre hasta completar el aforo<\/p>\n","protected":false},"author":1,"featured_media":35977,"comment_status":"open","ping_status":"closed","sticky":false,"template":"","format":"standard","meta":{"footnotes":""},"categories":[2],"tags":[],"class_list":["post-35976","post","type-post","status-publish","format-standard","has-post-thumbnail","hentry","category-ayuntamiento-pamplona"],"yoast_head":"<!-- This site is optimized with the Yoast SEO plugin v27.5 - https:\/\/yoast.com\/product\/yoast-seo-wordpress\/ -->\n<title>Danza y tecnolog\u00eda se funden este viernes en \u2018Re-des\u2019, espect\u00e1culo de la compa\u00f1\u00eda DanzAI, que abre el ciclo Atardecer Pamplona en su retorno a la plaza de la O<\/title>\n<meta name=\"description\" content=\"Las cinco actuaciones previstas, los viernes del 23 de julio al 20 de agosto, comenzar\u00e1n a las 20 horas, con entrada libre hasta completar el aforo\" \/>\n<meta name=\"robots\" content=\"index, follow, max-snippet:-1, max-image-preview:large, max-video-preview:-1\" \/>\n<link rel=\"canonical\" href=\"https:\/\/www.laguiadepamplona.com\/actualidad\/danza-y-tecnologia-se-funden-este-viernes-en-re-des-espectaculo-de-la-compania-danzai-que-abre-el-ciclo-atardecer-pamplona-en-su-retorno-a-la-plaza-de-la-o\/\" \/>\n<meta property=\"og:locale\" content=\"es_ES\" \/>\n<meta property=\"og:type\" content=\"article\" \/>\n<meta property=\"og:title\" content=\"Danza y tecnolog\u00eda se funden este viernes en \u2018Re-des\u2019, espect\u00e1culo de la compa\u00f1\u00eda DanzAI, que abre el ciclo Atardecer Pamplona en su retorno a la plaza de la O\" \/>\n<meta property=\"og:description\" content=\"Las cinco actuaciones previstas, los viernes del 23 de julio al 20 de agosto, comenzar\u00e1n a las 20 horas, con entrada libre hasta completar el aforo\" \/>\n<meta property=\"og:url\" content=\"https:\/\/www.laguiadepamplona.com\/actualidad\/danza-y-tecnologia-se-funden-este-viernes-en-re-des-espectaculo-de-la-compania-danzai-que-abre-el-ciclo-atardecer-pamplona-en-su-retorno-a-la-plaza-de-la-o\/\" \/>\n<meta property=\"og:site_name\" content=\"La Gu\u00eda de Pamplona\" \/>\n<meta property=\"article:publisher\" content=\"https:\/\/www.facebook.com\/laguiadepamplonacom-133175176762273\/?ref=hl\" \/>\n<meta property=\"article:published_time\" content=\"2021-07-22T10:29:42+00:00\" \/>\n<meta property=\"article:modified_time\" content=\"2023-04-11T09:49:12+00:00\" \/>\n<meta property=\"og:image\" content=\"https:\/\/www.laguiadepamplona.com\/actualidad\/wp-content\/uploads\/2021\/07\/ATARDECER-PAMPLONA-9.jpg\" \/>\n\t<meta property=\"og:image:width\" content=\"870\" \/>\n\t<meta property=\"og:image:height\" content=\"480\" \/>\n\t<meta property=\"og:image:type\" content=\"image\/jpeg\" \/>\n<meta name=\"author\" content=\"La Gu\u00eda de Pamplona\" \/>\n<meta name=\"twitter:card\" content=\"summary_large_image\" \/>\n<meta name=\"twitter:creator\" content=\"@LaGuiadPamplona\" \/>\n<meta name=\"twitter:site\" content=\"@LaGuiadPamplona\" \/>\n<meta name=\"twitter:label1\" content=\"Escrito por\" \/>\n\t<meta name=\"twitter:data1\" content=\"La Gu\u00eda de Pamplona\" \/>\n\t<meta name=\"twitter:label2\" content=\"Tiempo de lectura\" \/>\n\t<meta name=\"twitter:data2\" content=\"3 minutos\" \/>\n<script type=\"application\/ld+json\" class=\"yoast-schema-graph\">{\"@context\":\"https:\\\/\\\/schema.org\",\"@graph\":[{\"@type\":\"Article\",\"@id\":\"https:\\\/\\\/www.laguiadepamplona.com\\\/actualidad\\\/danza-y-tecnologia-se-funden-este-viernes-en-re-des-espectaculo-de-la-compania-danzai-que-abre-el-ciclo-atardecer-pamplona-en-su-retorno-a-la-plaza-de-la-o\\\/#article\",\"isPartOf\":{\"@id\":\"https:\\\/\\\/www.laguiadepamplona.com\\\/actualidad\\\/danza-y-tecnologia-se-funden-este-viernes-en-re-des-espectaculo-de-la-compania-danzai-que-abre-el-ciclo-atardecer-pamplona-en-su-retorno-a-la-plaza-de-la-o\\\/\"},\"author\":{\"name\":\"La Gu\u00eda de Pamplona\",\"@id\":\"https:\\\/\\\/www.laguiadepamplona.com\\\/actualidad\\\/#\\\/schema\\\/person\\\/efe887376f0213d4657c93adc50b1fdb\"},\"headline\":\"Danza y tecnolog\u00eda se funden este viernes en \u2018Re-des\u2019, espect\u00e1culo de la compa\u00f1\u00eda DanzAI, que abre el ciclo Atardecer Pamplona en su retorno a la plaza de la O\",\"datePublished\":\"2021-07-22T10:29:42+00:00\",\"dateModified\":\"2023-04-11T09:49:12+00:00\",\"mainEntityOfPage\":{\"@id\":\"https:\\\/\\\/www.laguiadepamplona.com\\\/actualidad\\\/danza-y-tecnologia-se-funden-este-viernes-en-re-des-espectaculo-de-la-compania-danzai-que-abre-el-ciclo-atardecer-pamplona-en-su-retorno-a-la-plaza-de-la-o\\\/\"},\"wordCount\":735,\"commentCount\":0,\"publisher\":{\"@id\":\"https:\\\/\\\/www.laguiadepamplona.com\\\/actualidad\\\/#organization\"},\"image\":{\"@id\":\"https:\\\/\\\/www.laguiadepamplona.com\\\/actualidad\\\/danza-y-tecnologia-se-funden-este-viernes-en-re-des-espectaculo-de-la-compania-danzai-que-abre-el-ciclo-atardecer-pamplona-en-su-retorno-a-la-plaza-de-la-o\\\/#primaryimage\"},\"thumbnailUrl\":\"https:\\\/\\\/www.laguiadepamplona.com\\\/actualidad\\\/wp-content\\\/uploads\\\/2021\\\/07\\\/ATARDECER-PAMPLONA-9.jpg\",\"articleSection\":[\"Ayto Pamplona\"],\"inLanguage\":\"es\",\"potentialAction\":[{\"@type\":\"CommentAction\",\"name\":\"Comment\",\"target\":[\"https:\\\/\\\/www.laguiadepamplona.com\\\/actualidad\\\/danza-y-tecnologia-se-funden-este-viernes-en-re-des-espectaculo-de-la-compania-danzai-que-abre-el-ciclo-atardecer-pamplona-en-su-retorno-a-la-plaza-de-la-o\\\/#respond\"]}]},{\"@type\":\"WebPage\",\"@id\":\"https:\\\/\\\/www.laguiadepamplona.com\\\/actualidad\\\/danza-y-tecnologia-se-funden-este-viernes-en-re-des-espectaculo-de-la-compania-danzai-que-abre-el-ciclo-atardecer-pamplona-en-su-retorno-a-la-plaza-de-la-o\\\/\",\"url\":\"https:\\\/\\\/www.laguiadepamplona.com\\\/actualidad\\\/danza-y-tecnologia-se-funden-este-viernes-en-re-des-espectaculo-de-la-compania-danzai-que-abre-el-ciclo-atardecer-pamplona-en-su-retorno-a-la-plaza-de-la-o\\\/\",\"name\":\"Danza y tecnolog\u00eda se funden este viernes en \u2018Re-des\u2019, espect\u00e1culo de la compa\u00f1\u00eda DanzAI, que abre el ciclo Atardecer Pamplona en su retorno a la plaza de la O\",\"isPartOf\":{\"@id\":\"https:\\\/\\\/www.laguiadepamplona.com\\\/actualidad\\\/#website\"},\"primaryImageOfPage\":{\"@id\":\"https:\\\/\\\/www.laguiadepamplona.com\\\/actualidad\\\/danza-y-tecnologia-se-funden-este-viernes-en-re-des-espectaculo-de-la-compania-danzai-que-abre-el-ciclo-atardecer-pamplona-en-su-retorno-a-la-plaza-de-la-o\\\/#primaryimage\"},\"image\":{\"@id\":\"https:\\\/\\\/www.laguiadepamplona.com\\\/actualidad\\\/danza-y-tecnologia-se-funden-este-viernes-en-re-des-espectaculo-de-la-compania-danzai-que-abre-el-ciclo-atardecer-pamplona-en-su-retorno-a-la-plaza-de-la-o\\\/#primaryimage\"},\"thumbnailUrl\":\"https:\\\/\\\/www.laguiadepamplona.com\\\/actualidad\\\/wp-content\\\/uploads\\\/2021\\\/07\\\/ATARDECER-PAMPLONA-9.jpg\",\"datePublished\":\"2021-07-22T10:29:42+00:00\",\"dateModified\":\"2023-04-11T09:49:12+00:00\",\"description\":\"Las cinco actuaciones previstas, los viernes del 23 de julio al 20 de agosto, comenzar\u00e1n a las 20 horas, con entrada libre hasta completar el aforo\",\"breadcrumb\":{\"@id\":\"https:\\\/\\\/www.laguiadepamplona.com\\\/actualidad\\\/danza-y-tecnologia-se-funden-este-viernes-en-re-des-espectaculo-de-la-compania-danzai-que-abre-el-ciclo-atardecer-pamplona-en-su-retorno-a-la-plaza-de-la-o\\\/#breadcrumb\"},\"inLanguage\":\"es\",\"potentialAction\":[{\"@type\":\"ReadAction\",\"target\":[\"https:\\\/\\\/www.laguiadepamplona.com\\\/actualidad\\\/danza-y-tecnologia-se-funden-este-viernes-en-re-des-espectaculo-de-la-compania-danzai-que-abre-el-ciclo-atardecer-pamplona-en-su-retorno-a-la-plaza-de-la-o\\\/\"]}]},{\"@type\":\"ImageObject\",\"inLanguage\":\"es\",\"@id\":\"https:\\\/\\\/www.laguiadepamplona.com\\\/actualidad\\\/danza-y-tecnologia-se-funden-este-viernes-en-re-des-espectaculo-de-la-compania-danzai-que-abre-el-ciclo-atardecer-pamplona-en-su-retorno-a-la-plaza-de-la-o\\\/#primaryimage\",\"url\":\"https:\\\/\\\/www.laguiadepamplona.com\\\/actualidad\\\/wp-content\\\/uploads\\\/2021\\\/07\\\/ATARDECER-PAMPLONA-9.jpg\",\"contentUrl\":\"https:\\\/\\\/www.laguiadepamplona.com\\\/actualidad\\\/wp-content\\\/uploads\\\/2021\\\/07\\\/ATARDECER-PAMPLONA-9.jpg\",\"width\":870,\"height\":480},{\"@type\":\"BreadcrumbList\",\"@id\":\"https:\\\/\\\/www.laguiadepamplona.com\\\/actualidad\\\/danza-y-tecnologia-se-funden-este-viernes-en-re-des-espectaculo-de-la-compania-danzai-que-abre-el-ciclo-atardecer-pamplona-en-su-retorno-a-la-plaza-de-la-o\\\/#breadcrumb\",\"itemListElement\":[{\"@type\":\"ListItem\",\"position\":1,\"name\":\"Portada\",\"item\":\"https:\\\/\\\/www.laguiadepamplona.com\\\/actualidad\\\/\"},{\"@type\":\"ListItem\",\"position\":2,\"name\":\"Danza y tecnolog\u00eda se funden este viernes en \u2018Re-des\u2019, espect\u00e1culo de la compa\u00f1\u00eda DanzAI, que abre el ciclo Atardecer Pamplona en su retorno a la plaza de la O\"}]},{\"@type\":\"WebSite\",\"@id\":\"https:\\\/\\\/www.laguiadepamplona.com\\\/actualidad\\\/#website\",\"url\":\"https:\\\/\\\/www.laguiadepamplona.com\\\/actualidad\\\/\",\"name\":\"La gu\u00eda de Pamplona\",\"description\":\"Noticias de Pamplona\",\"publisher\":{\"@id\":\"https:\\\/\\\/www.laguiadepamplona.com\\\/actualidad\\\/#organization\"},\"potentialAction\":[{\"@type\":\"SearchAction\",\"target\":{\"@type\":\"EntryPoint\",\"urlTemplate\":\"https:\\\/\\\/www.laguiadepamplona.com\\\/actualidad\\\/?s={search_term_string}\"},\"query-input\":{\"@type\":\"PropertyValueSpecification\",\"valueRequired\":true,\"valueName\":\"search_term_string\"}}],\"inLanguage\":\"es\"},{\"@type\":\"Organization\",\"@id\":\"https:\\\/\\\/www.laguiadepamplona.com\\\/actualidad\\\/#organization\",\"name\":\"La Gu\u00eda de Pamplona \\\/ Noticias\",\"url\":\"https:\\\/\\\/www.laguiadepamplona.com\\\/actualidad\\\/\",\"logo\":{\"@type\":\"ImageObject\",\"inLanguage\":\"es\",\"@id\":\"https:\\\/\\\/www.laguiadepamplona.com\\\/actualidad\\\/#\\\/schema\\\/logo\\\/image\\\/\",\"url\":\"https:\\\/\\\/www.laguiadepamplona.com\\\/actualidad\\\/wp-content\\\/uploads\\\/2018\\\/11\\\/logo-laguiadepamplona18-web1.png\",\"contentUrl\":\"https:\\\/\\\/www.laguiadepamplona.com\\\/actualidad\\\/wp-content\\\/uploads\\\/2018\\\/11\\\/logo-laguiadepamplona18-web1.png\",\"width\":600,\"height\":196,\"caption\":\"La Gu\u00eda de Pamplona \\\/ Noticias\"},\"image\":{\"@id\":\"https:\\\/\\\/www.laguiadepamplona.com\\\/actualidad\\\/#\\\/schema\\\/logo\\\/image\\\/\"},\"sameAs\":[\"https:\\\/\\\/www.facebook.com\\\/laguiadepamplonacom-133175176762273\\\/?ref=hl\",\"https:\\\/\\\/x.com\\\/LaGuiadPamplona\",\"https:\\\/\\\/www.instagram.com\\\/la_guia_de_pamplona\\\/\",\"https:\\\/\\\/www.youtube.com\\\/user\\\/laguiadepamplona\"]},{\"@type\":\"Person\",\"@id\":\"https:\\\/\\\/www.laguiadepamplona.com\\\/actualidad\\\/#\\\/schema\\\/person\\\/efe887376f0213d4657c93adc50b1fdb\",\"name\":\"La Gu\u00eda de Pamplona\",\"image\":{\"@type\":\"ImageObject\",\"inLanguage\":\"es\",\"@id\":\"https:\\\/\\\/secure.gravatar.com\\\/avatar\\\/b6992f131dc8d30ab0dff15446e9d346d9dbd95992de0fef795073f5ea83a81c?s=96&d=mm&r=g\",\"url\":\"https:\\\/\\\/secure.gravatar.com\\\/avatar\\\/b6992f131dc8d30ab0dff15446e9d346d9dbd95992de0fef795073f5ea83a81c?s=96&d=mm&r=g\",\"contentUrl\":\"https:\\\/\\\/secure.gravatar.com\\\/avatar\\\/b6992f131dc8d30ab0dff15446e9d346d9dbd95992de0fef795073f5ea83a81c?s=96&d=mm&r=g\",\"caption\":\"La Gu\u00eda de Pamplona\"}}]}<\/script>\n<!-- \/ Yoast SEO plugin. -->","yoast_head_json":{"title":"Danza y tecnolog\u00eda se funden este viernes en \u2018Re-des\u2019, espect\u00e1culo de la compa\u00f1\u00eda DanzAI, que abre el ciclo Atardecer Pamplona en su retorno a la plaza de la O","description":"Las cinco actuaciones previstas, los viernes del 23 de julio al 20 de agosto, comenzar\u00e1n a las 20 horas, con entrada libre hasta completar el aforo","robots":{"index":"index","follow":"follow","max-snippet":"max-snippet:-1","max-image-preview":"max-image-preview:large","max-video-preview":"max-video-preview:-1"},"canonical":"https:\/\/www.laguiadepamplona.com\/actualidad\/danza-y-tecnologia-se-funden-este-viernes-en-re-des-espectaculo-de-la-compania-danzai-que-abre-el-ciclo-atardecer-pamplona-en-su-retorno-a-la-plaza-de-la-o\/","og_locale":"es_ES","og_type":"article","og_title":"Danza y tecnolog\u00eda se funden este viernes en \u2018Re-des\u2019, espect\u00e1culo de la compa\u00f1\u00eda DanzAI, que abre el ciclo Atardecer Pamplona en su retorno a la plaza de la O","og_description":"Las cinco actuaciones previstas, los viernes del 23 de julio al 20 de agosto, comenzar\u00e1n a las 20 horas, con entrada libre hasta completar el aforo","og_url":"https:\/\/www.laguiadepamplona.com\/actualidad\/danza-y-tecnologia-se-funden-este-viernes-en-re-des-espectaculo-de-la-compania-danzai-que-abre-el-ciclo-atardecer-pamplona-en-su-retorno-a-la-plaza-de-la-o\/","og_site_name":"La Gu\u00eda de Pamplona","article_publisher":"https:\/\/www.facebook.com\/laguiadepamplonacom-133175176762273\/?ref=hl","article_published_time":"2021-07-22T10:29:42+00:00","article_modified_time":"2023-04-11T09:49:12+00:00","og_image":[{"width":870,"height":480,"url":"https:\/\/www.laguiadepamplona.com\/actualidad\/wp-content\/uploads\/2021\/07\/ATARDECER-PAMPLONA-9.jpg","type":"image\/jpeg"}],"author":"La Gu\u00eda de Pamplona","twitter_card":"summary_large_image","twitter_creator":"@LaGuiadPamplona","twitter_site":"@LaGuiadPamplona","twitter_misc":{"Escrito por":"La Gu\u00eda de Pamplona","Tiempo de lectura":"3 minutos"},"schema":{"@context":"https:\/\/schema.org","@graph":[{"@type":"Article","@id":"https:\/\/www.laguiadepamplona.com\/actualidad\/danza-y-tecnologia-se-funden-este-viernes-en-re-des-espectaculo-de-la-compania-danzai-que-abre-el-ciclo-atardecer-pamplona-en-su-retorno-a-la-plaza-de-la-o\/#article","isPartOf":{"@id":"https:\/\/www.laguiadepamplona.com\/actualidad\/danza-y-tecnologia-se-funden-este-viernes-en-re-des-espectaculo-de-la-compania-danzai-que-abre-el-ciclo-atardecer-pamplona-en-su-retorno-a-la-plaza-de-la-o\/"},"author":{"name":"La Gu\u00eda de Pamplona","@id":"https:\/\/www.laguiadepamplona.com\/actualidad\/#\/schema\/person\/efe887376f0213d4657c93adc50b1fdb"},"headline":"Danza y tecnolog\u00eda se funden este viernes en \u2018Re-des\u2019, espect\u00e1culo de la compa\u00f1\u00eda DanzAI, que abre el ciclo Atardecer Pamplona en su retorno a la plaza de la O","datePublished":"2021-07-22T10:29:42+00:00","dateModified":"2023-04-11T09:49:12+00:00","mainEntityOfPage":{"@id":"https:\/\/www.laguiadepamplona.com\/actualidad\/danza-y-tecnologia-se-funden-este-viernes-en-re-des-espectaculo-de-la-compania-danzai-que-abre-el-ciclo-atardecer-pamplona-en-su-retorno-a-la-plaza-de-la-o\/"},"wordCount":735,"commentCount":0,"publisher":{"@id":"https:\/\/www.laguiadepamplona.com\/actualidad\/#organization"},"image":{"@id":"https:\/\/www.laguiadepamplona.com\/actualidad\/danza-y-tecnologia-se-funden-este-viernes-en-re-des-espectaculo-de-la-compania-danzai-que-abre-el-ciclo-atardecer-pamplona-en-su-retorno-a-la-plaza-de-la-o\/#primaryimage"},"thumbnailUrl":"https:\/\/www.laguiadepamplona.com\/actualidad\/wp-content\/uploads\/2021\/07\/ATARDECER-PAMPLONA-9.jpg","articleSection":["Ayto Pamplona"],"inLanguage":"es","potentialAction":[{"@type":"CommentAction","name":"Comment","target":["https:\/\/www.laguiadepamplona.com\/actualidad\/danza-y-tecnologia-se-funden-este-viernes-en-re-des-espectaculo-de-la-compania-danzai-que-abre-el-ciclo-atardecer-pamplona-en-su-retorno-a-la-plaza-de-la-o\/#respond"]}]},{"@type":"WebPage","@id":"https:\/\/www.laguiadepamplona.com\/actualidad\/danza-y-tecnologia-se-funden-este-viernes-en-re-des-espectaculo-de-la-compania-danzai-que-abre-el-ciclo-atardecer-pamplona-en-su-retorno-a-la-plaza-de-la-o\/","url":"https:\/\/www.laguiadepamplona.com\/actualidad\/danza-y-tecnologia-se-funden-este-viernes-en-re-des-espectaculo-de-la-compania-danzai-que-abre-el-ciclo-atardecer-pamplona-en-su-retorno-a-la-plaza-de-la-o\/","name":"Danza y tecnolog\u00eda se funden este viernes en \u2018Re-des\u2019, espect\u00e1culo de la compa\u00f1\u00eda DanzAI, que abre el ciclo Atardecer Pamplona en su retorno a la plaza de la O","isPartOf":{"@id":"https:\/\/www.laguiadepamplona.com\/actualidad\/#website"},"primaryImageOfPage":{"@id":"https:\/\/www.laguiadepamplona.com\/actualidad\/danza-y-tecnologia-se-funden-este-viernes-en-re-des-espectaculo-de-la-compania-danzai-que-abre-el-ciclo-atardecer-pamplona-en-su-retorno-a-la-plaza-de-la-o\/#primaryimage"},"image":{"@id":"https:\/\/www.laguiadepamplona.com\/actualidad\/danza-y-tecnologia-se-funden-este-viernes-en-re-des-espectaculo-de-la-compania-danzai-que-abre-el-ciclo-atardecer-pamplona-en-su-retorno-a-la-plaza-de-la-o\/#primaryimage"},"thumbnailUrl":"https:\/\/www.laguiadepamplona.com\/actualidad\/wp-content\/uploads\/2021\/07\/ATARDECER-PAMPLONA-9.jpg","datePublished":"2021-07-22T10:29:42+00:00","dateModified":"2023-04-11T09:49:12+00:00","description":"Las cinco actuaciones previstas, los viernes del 23 de julio al 20 de agosto, comenzar\u00e1n a las 20 horas, con entrada libre hasta completar el aforo","breadcrumb":{"@id":"https:\/\/www.laguiadepamplona.com\/actualidad\/danza-y-tecnologia-se-funden-este-viernes-en-re-des-espectaculo-de-la-compania-danzai-que-abre-el-ciclo-atardecer-pamplona-en-su-retorno-a-la-plaza-de-la-o\/#breadcrumb"},"inLanguage":"es","potentialAction":[{"@type":"ReadAction","target":["https:\/\/www.laguiadepamplona.com\/actualidad\/danza-y-tecnologia-se-funden-este-viernes-en-re-des-espectaculo-de-la-compania-danzai-que-abre-el-ciclo-atardecer-pamplona-en-su-retorno-a-la-plaza-de-la-o\/"]}]},{"@type":"ImageObject","inLanguage":"es","@id":"https:\/\/www.laguiadepamplona.com\/actualidad\/danza-y-tecnologia-se-funden-este-viernes-en-re-des-espectaculo-de-la-compania-danzai-que-abre-el-ciclo-atardecer-pamplona-en-su-retorno-a-la-plaza-de-la-o\/#primaryimage","url":"https:\/\/www.laguiadepamplona.com\/actualidad\/wp-content\/uploads\/2021\/07\/ATARDECER-PAMPLONA-9.jpg","contentUrl":"https:\/\/www.laguiadepamplona.com\/actualidad\/wp-content\/uploads\/2021\/07\/ATARDECER-PAMPLONA-9.jpg","width":870,"height":480},{"@type":"BreadcrumbList","@id":"https:\/\/www.laguiadepamplona.com\/actualidad\/danza-y-tecnologia-se-funden-este-viernes-en-re-des-espectaculo-de-la-compania-danzai-que-abre-el-ciclo-atardecer-pamplona-en-su-retorno-a-la-plaza-de-la-o\/#breadcrumb","itemListElement":[{"@type":"ListItem","position":1,"name":"Portada","item":"https:\/\/www.laguiadepamplona.com\/actualidad\/"},{"@type":"ListItem","position":2,"name":"Danza y tecnolog\u00eda se funden este viernes en \u2018Re-des\u2019, espect\u00e1culo de la compa\u00f1\u00eda DanzAI, que abre el ciclo Atardecer Pamplona en su retorno a la plaza de la O"}]},{"@type":"WebSite","@id":"https:\/\/www.laguiadepamplona.com\/actualidad\/#website","url":"https:\/\/www.laguiadepamplona.com\/actualidad\/","name":"La gu\u00eda de Pamplona","description":"Noticias de Pamplona","publisher":{"@id":"https:\/\/www.laguiadepamplona.com\/actualidad\/#organization"},"potentialAction":[{"@type":"SearchAction","target":{"@type":"EntryPoint","urlTemplate":"https:\/\/www.laguiadepamplona.com\/actualidad\/?s={search_term_string}"},"query-input":{"@type":"PropertyValueSpecification","valueRequired":true,"valueName":"search_term_string"}}],"inLanguage":"es"},{"@type":"Organization","@id":"https:\/\/www.laguiadepamplona.com\/actualidad\/#organization","name":"La Gu\u00eda de Pamplona \/ Noticias","url":"https:\/\/www.laguiadepamplona.com\/actualidad\/","logo":{"@type":"ImageObject","inLanguage":"es","@id":"https:\/\/www.laguiadepamplona.com\/actualidad\/#\/schema\/logo\/image\/","url":"https:\/\/www.laguiadepamplona.com\/actualidad\/wp-content\/uploads\/2018\/11\/logo-laguiadepamplona18-web1.png","contentUrl":"https:\/\/www.laguiadepamplona.com\/actualidad\/wp-content\/uploads\/2018\/11\/logo-laguiadepamplona18-web1.png","width":600,"height":196,"caption":"La Gu\u00eda de Pamplona \/ Noticias"},"image":{"@id":"https:\/\/www.laguiadepamplona.com\/actualidad\/#\/schema\/logo\/image\/"},"sameAs":["https:\/\/www.facebook.com\/laguiadepamplonacom-133175176762273\/?ref=hl","https:\/\/x.com\/LaGuiadPamplona","https:\/\/www.instagram.com\/la_guia_de_pamplona\/","https:\/\/www.youtube.com\/user\/laguiadepamplona"]},{"@type":"Person","@id":"https:\/\/www.laguiadepamplona.com\/actualidad\/#\/schema\/person\/efe887376f0213d4657c93adc50b1fdb","name":"La Gu\u00eda de Pamplona","image":{"@type":"ImageObject","inLanguage":"es","@id":"https:\/\/secure.gravatar.com\/avatar\/b6992f131dc8d30ab0dff15446e9d346d9dbd95992de0fef795073f5ea83a81c?s=96&d=mm&r=g","url":"https:\/\/secure.gravatar.com\/avatar\/b6992f131dc8d30ab0dff15446e9d346d9dbd95992de0fef795073f5ea83a81c?s=96&d=mm&r=g","contentUrl":"https:\/\/secure.gravatar.com\/avatar\/b6992f131dc8d30ab0dff15446e9d346d9dbd95992de0fef795073f5ea83a81c?s=96&d=mm&r=g","caption":"La Gu\u00eda de Pamplona"}}]}},"post_mailing_queue_ids":[],"_links":{"self":[{"href":"https:\/\/www.laguiadepamplona.com\/actualidad\/wp-json\/wp\/v2\/posts\/35976","targetHints":{"allow":["GET"]}}],"collection":[{"href":"https:\/\/www.laguiadepamplona.com\/actualidad\/wp-json\/wp\/v2\/posts"}],"about":[{"href":"https:\/\/www.laguiadepamplona.com\/actualidad\/wp-json\/wp\/v2\/types\/post"}],"author":[{"embeddable":true,"href":"https:\/\/www.laguiadepamplona.com\/actualidad\/wp-json\/wp\/v2\/users\/1"}],"replies":[{"embeddable":true,"href":"https:\/\/www.laguiadepamplona.com\/actualidad\/wp-json\/wp\/v2\/comments?post=35976"}],"version-history":[{"count":0,"href":"https:\/\/www.laguiadepamplona.com\/actualidad\/wp-json\/wp\/v2\/posts\/35976\/revisions"}],"wp:featuredmedia":[{"embeddable":true,"href":"https:\/\/www.laguiadepamplona.com\/actualidad\/wp-json\/wp\/v2\/media\/35977"}],"wp:attachment":[{"href":"https:\/\/www.laguiadepamplona.com\/actualidad\/wp-json\/wp\/v2\/media?parent=35976"}],"wp:term":[{"taxonomy":"category","embeddable":true,"href":"https:\/\/www.laguiadepamplona.com\/actualidad\/wp-json\/wp\/v2\/categories?post=35976"},{"taxonomy":"post_tag","embeddable":true,"href":"https:\/\/www.laguiadepamplona.com\/actualidad\/wp-json\/wp\/v2\/tags?post=35976"}],"curies":[{"name":"wp","href":"https:\/\/api.w.org\/{rel}","templated":true}]}}