{"id":35971,"date":"2021-07-22T12:26:09","date_gmt":"2021-07-22T10:26:09","guid":{"rendered":"https:\/\/www.laguiadepamplona.com\/actualidad\/?p=35971"},"modified":"2023-04-11T11:49:13","modified_gmt":"2023-04-11T09:49:13","slug":"el-ayuntamiento-abre-un-nuevo-plazo-hasta-el-6-de-agosto-para-presentar-solicitudes-a-la-convocatoria-de-listas-de-contratacion-temporal-como-auxiliar-de-proteccion-civil","status":"publish","type":"post","link":"https:\/\/www.laguiadepamplona.com\/actualidad\/el-ayuntamiento-abre-un-nuevo-plazo-hasta-el-6-de-agosto-para-presentar-solicitudes-a-la-convocatoria-de-listas-de-contratacion-temporal-como-auxiliar-de-proteccion-civil\/","title":{"rendered":"El Ayuntamiento abre un nuevo plazo, hasta el 6 de agosto, para presentar solicitudes a la convocatoria de listas de contrataci\u00f3n temporal como auxiliar de Protecci\u00f3n Civil"},"content":{"rendered":"<h5>Las 685 personas ya apuntadas en la convocatoria suspendida el a\u00f1o pasado por la COVID-19 no tienen que volver a inscribirse<\/h5>\n<p><!--more--><\/p>\n<p>El 6 de agosto finaliza el nuevo plazo abierto por el Ayuntamiento de Pamplona para presentar instancias a la convocatoria, a trav\u00e9s de pruebas selectivas, de tres relaciones de aspirantes a la contrataci\u00f3n temporal como auxiliares de Protecci\u00f3n Civil. Al retomarse la convocatoria, paralizada el a\u00f1o pasado a causa de la COVID-19, las 685 personas ya apuntadas no deber\u00e1n volver a inscribirse, pues este nuevo plazo rige \u00fanicamente para nuevas solicitudes.<\/p>\n<p>Mediante Resoluci\u00f3n de la Direcci\u00f3n de Recursos Humanos de 19 de septiembre de 2019, se aprob\u00f3 la convocatoria para la constituci\u00f3n, a trav\u00e9s de pruebas selectivas, de esas tres listas de aspirantes. Tambi\u00e9n por resoluci\u00f3n del mismo \u00f3rgano, con fecha 4 de febrero de 2020, se aprob\u00f3 la lista definitiva de personas aspirantes admitidas y excluidas al proceso de selecci\u00f3n, que fijaba el 14 de marzo como fecha del examen. Como consecuencia de la aprobaci\u00f3n del Real Decreto 463\/2020, por el que se declaraba el estado de alarma para la gesti\u00f3n de la situaci\u00f3n de crisis sanitaria ocasionada por el COVID-19, se acord\u00f3 la cancelaci\u00f3n de esa fecha de celebraci\u00f3n de las pruebas selectivas.<\/p>\n<p><script async src=\"\/\/pagead2.googlesyndication.com\/pagead\/js\/adsbygoogle.js\"><\/script><br \/>\n<!-- Noticias La Guia de Pamplona --><br \/>\n<ins class=\"adsbygoogle\"\nstyle=\"display:block\"\ndata-ad-client=\"ca-pub-6943679897239327\"\ndata-ad-slot=\"7048180777\"\ndata-ad-format=\"auto\"><\/ins><br \/>\n<script>\n(adsbygoogle = window.adsbygoogle || []).push({});\n<\/script><\/p>\n<p>La convocatoria mantiene las tres listas de contrataci\u00f3n: una lista para cualquiera de los departamentos\/servicios del \u00c1rea de Seguridad Ciudadana; otra para el departamento de objetos perdidos con requisito de tenencia del t\u00edtulo de ingl\u00e9s C1; y la tercera para cualquier servicio que requiera estar en posesi\u00f3n del permiso de conducci\u00f3n de veh\u00edculos clase C. Cada aspirante pod\u00eda optar por formar parte de una o m\u00e1s de estas listas. El mayor n\u00famero de personas apuntadas, 554, se inscribi\u00f3 para la constituci\u00f3n de la primera de las listas.<\/p>\n<p>En el momento actual, a la vista de que la actividad laboral y municipal est\u00e1 normalizada, y est\u00e1 garantizada la seguridad y la protecci\u00f3n de la salud del personal interviniente en la celebraci\u00f3n de las pruebas, el Ayuntamiento reanuda la convocatoria con este nuevo plazo. Las personas interesadas pueden presentar sus solicitudes en cualquiera de los registros municipales o por los medios previstos en el Procedimiento Administrativo Com\u00fan de las Administraciones P\u00fablicas.<\/p>\n","protected":false},"excerpt":{"rendered":"<p>Las 685 personas ya apuntadas en la convocatoria suspendida el a\u00f1o pasado por la COVID-19 no tienen que volver a inscribirse<\/p>\n","protected":false},"author":1,"featured_media":33021,"comment_status":"open","ping_status":"closed","sticky":false,"template":"","format":"standard","meta":{"footnotes":""},"categories":[2],"tags":[],"class_list":["post-35971","post","type-post","status-publish","format-standard","has-post-thumbnail","hentry","category-ayuntamiento-pamplona"],"yoast_head":"<!-- This site is optimized with the Yoast SEO plugin v27.5 - https:\/\/yoast.com\/product\/yoast-seo-wordpress\/ -->\n<title>El Ayuntamiento abre un nuevo plazo, hasta el 6 de agosto, para presentar solicitudes a la convocatoria de listas de contrataci\u00f3n temporal como auxiliar de Protecci\u00f3n Civil<\/title>\n<meta name=\"description\" content=\"Las 685 personas ya apuntadas en la convocatoria suspendida el a\u00f1o pasado por la COVID-19 no tienen que volver a inscribirse\" \/>\n<meta name=\"robots\" content=\"index, follow, max-snippet:-1, max-image-preview:large, max-video-preview:-1\" \/>\n<link rel=\"canonical\" href=\"https:\/\/www.laguiadepamplona.com\/actualidad\/el-ayuntamiento-abre-un-nuevo-plazo-hasta-el-6-de-agosto-para-presentar-solicitudes-a-la-convocatoria-de-listas-de-contratacion-temporal-como-auxiliar-de-proteccion-civil\/\" \/>\n<meta property=\"og:locale\" content=\"es_ES\" \/>\n<meta property=\"og:type\" content=\"article\" \/>\n<meta property=\"og:title\" content=\"El Ayuntamiento abre un nuevo plazo, hasta el 6 de agosto, para presentar solicitudes a la convocatoria de listas de contrataci\u00f3n temporal como auxiliar de Protecci\u00f3n Civil\" \/>\n<meta property=\"og:description\" content=\"Las 685 personas ya apuntadas en la convocatoria suspendida el a\u00f1o pasado por la COVID-19 no tienen que volver a inscribirse\" \/>\n<meta property=\"og:url\" content=\"https:\/\/www.laguiadepamplona.com\/actualidad\/el-ayuntamiento-abre-un-nuevo-plazo-hasta-el-6-de-agosto-para-presentar-solicitudes-a-la-convocatoria-de-listas-de-contratacion-temporal-como-auxiliar-de-proteccion-civil\/\" \/>\n<meta property=\"og:site_name\" content=\"La Gu\u00eda de Pamplona\" \/>\n<meta property=\"article:publisher\" content=\"https:\/\/www.facebook.com\/laguiadepamplonacom-133175176762273\/?ref=hl\" \/>\n<meta property=\"article:published_time\" content=\"2021-07-22T10:26:09+00:00\" \/>\n<meta property=\"article:modified_time\" content=\"2023-04-11T09:49:13+00:00\" \/>\n<meta property=\"og:image\" content=\"https:\/\/www.laguiadepamplona.com\/actualidad\/wp-content\/uploads\/2021\/02\/ayuntamiento-pamplona.jpg\" \/>\n\t<meta property=\"og:image:width\" content=\"1920\" \/>\n\t<meta property=\"og:image:height\" content=\"1080\" \/>\n\t<meta property=\"og:image:type\" content=\"image\/jpeg\" \/>\n<meta name=\"author\" content=\"La Gu\u00eda de Pamplona\" \/>\n<meta name=\"twitter:card\" content=\"summary_large_image\" \/>\n<meta name=\"twitter:creator\" content=\"@LaGuiadPamplona\" \/>\n<meta name=\"twitter:site\" content=\"@LaGuiadPamplona\" \/>\n<meta name=\"twitter:label1\" content=\"Escrito por\" \/>\n\t<meta name=\"twitter:data1\" content=\"La Gu\u00eda de Pamplona\" \/>\n\t<meta name=\"twitter:label2\" content=\"Tiempo de lectura\" \/>\n\t<meta name=\"twitter:data2\" content=\"2 minutos\" \/>\n<script type=\"application\/ld+json\" class=\"yoast-schema-graph\">{\"@context\":\"https:\\\/\\\/schema.org\",\"@graph\":[{\"@type\":\"Article\",\"@id\":\"https:\\\/\\\/www.laguiadepamplona.com\\\/actualidad\\\/el-ayuntamiento-abre-un-nuevo-plazo-hasta-el-6-de-agosto-para-presentar-solicitudes-a-la-convocatoria-de-listas-de-contratacion-temporal-como-auxiliar-de-proteccion-civil\\\/#article\",\"isPartOf\":{\"@id\":\"https:\\\/\\\/www.laguiadepamplona.com\\\/actualidad\\\/el-ayuntamiento-abre-un-nuevo-plazo-hasta-el-6-de-agosto-para-presentar-solicitudes-a-la-convocatoria-de-listas-de-contratacion-temporal-como-auxiliar-de-proteccion-civil\\\/\"},\"author\":{\"name\":\"La Gu\u00eda de Pamplona\",\"@id\":\"https:\\\/\\\/www.laguiadepamplona.com\\\/actualidad\\\/#\\\/schema\\\/person\\\/efe887376f0213d4657c93adc50b1fdb\"},\"headline\":\"El Ayuntamiento abre un nuevo plazo, hasta el 6 de agosto, para presentar solicitudes a la convocatoria de listas de contrataci\u00f3n temporal como auxiliar de Protecci\u00f3n Civil\",\"datePublished\":\"2021-07-22T10:26:09+00:00\",\"dateModified\":\"2023-04-11T09:49:13+00:00\",\"mainEntityOfPage\":{\"@id\":\"https:\\\/\\\/www.laguiadepamplona.com\\\/actualidad\\\/el-ayuntamiento-abre-un-nuevo-plazo-hasta-el-6-de-agosto-para-presentar-solicitudes-a-la-convocatoria-de-listas-de-contratacion-temporal-como-auxiliar-de-proteccion-civil\\\/\"},\"wordCount\":416,\"commentCount\":0,\"publisher\":{\"@id\":\"https:\\\/\\\/www.laguiadepamplona.com\\\/actualidad\\\/#organization\"},\"image\":{\"@id\":\"https:\\\/\\\/www.laguiadepamplona.com\\\/actualidad\\\/el-ayuntamiento-abre-un-nuevo-plazo-hasta-el-6-de-agosto-para-presentar-solicitudes-a-la-convocatoria-de-listas-de-contratacion-temporal-como-auxiliar-de-proteccion-civil\\\/#primaryimage\"},\"thumbnailUrl\":\"https:\\\/\\\/www.laguiadepamplona.com\\\/actualidad\\\/wp-content\\\/uploads\\\/2021\\\/02\\\/ayuntamiento-pamplona.jpg\",\"articleSection\":[\"Ayto Pamplona\"],\"inLanguage\":\"es\",\"potentialAction\":[{\"@type\":\"CommentAction\",\"name\":\"Comment\",\"target\":[\"https:\\\/\\\/www.laguiadepamplona.com\\\/actualidad\\\/el-ayuntamiento-abre-un-nuevo-plazo-hasta-el-6-de-agosto-para-presentar-solicitudes-a-la-convocatoria-de-listas-de-contratacion-temporal-como-auxiliar-de-proteccion-civil\\\/#respond\"]}]},{\"@type\":\"WebPage\",\"@id\":\"https:\\\/\\\/www.laguiadepamplona.com\\\/actualidad\\\/el-ayuntamiento-abre-un-nuevo-plazo-hasta-el-6-de-agosto-para-presentar-solicitudes-a-la-convocatoria-de-listas-de-contratacion-temporal-como-auxiliar-de-proteccion-civil\\\/\",\"url\":\"https:\\\/\\\/www.laguiadepamplona.com\\\/actualidad\\\/el-ayuntamiento-abre-un-nuevo-plazo-hasta-el-6-de-agosto-para-presentar-solicitudes-a-la-convocatoria-de-listas-de-contratacion-temporal-como-auxiliar-de-proteccion-civil\\\/\",\"name\":\"El Ayuntamiento abre un nuevo plazo, hasta el 6 de agosto, para presentar solicitudes a la convocatoria de listas de contrataci\u00f3n temporal como auxiliar de Protecci\u00f3n Civil\",\"isPartOf\":{\"@id\":\"https:\\\/\\\/www.laguiadepamplona.com\\\/actualidad\\\/#website\"},\"primaryImageOfPage\":{\"@id\":\"https:\\\/\\\/www.laguiadepamplona.com\\\/actualidad\\\/el-ayuntamiento-abre-un-nuevo-plazo-hasta-el-6-de-agosto-para-presentar-solicitudes-a-la-convocatoria-de-listas-de-contratacion-temporal-como-auxiliar-de-proteccion-civil\\\/#primaryimage\"},\"image\":{\"@id\":\"https:\\\/\\\/www.laguiadepamplona.com\\\/actualidad\\\/el-ayuntamiento-abre-un-nuevo-plazo-hasta-el-6-de-agosto-para-presentar-solicitudes-a-la-convocatoria-de-listas-de-contratacion-temporal-como-auxiliar-de-proteccion-civil\\\/#primaryimage\"},\"thumbnailUrl\":\"https:\\\/\\\/www.laguiadepamplona.com\\\/actualidad\\\/wp-content\\\/uploads\\\/2021\\\/02\\\/ayuntamiento-pamplona.jpg\",\"datePublished\":\"2021-07-22T10:26:09+00:00\",\"dateModified\":\"2023-04-11T09:49:13+00:00\",\"description\":\"Las 685 personas ya apuntadas en la convocatoria suspendida el a\u00f1o pasado por la COVID-19 no tienen que volver a inscribirse\",\"breadcrumb\":{\"@id\":\"https:\\\/\\\/www.laguiadepamplona.com\\\/actualidad\\\/el-ayuntamiento-abre-un-nuevo-plazo-hasta-el-6-de-agosto-para-presentar-solicitudes-a-la-convocatoria-de-listas-de-contratacion-temporal-como-auxiliar-de-proteccion-civil\\\/#breadcrumb\"},\"inLanguage\":\"es\",\"potentialAction\":[{\"@type\":\"ReadAction\",\"target\":[\"https:\\\/\\\/www.laguiadepamplona.com\\\/actualidad\\\/el-ayuntamiento-abre-un-nuevo-plazo-hasta-el-6-de-agosto-para-presentar-solicitudes-a-la-convocatoria-de-listas-de-contratacion-temporal-como-auxiliar-de-proteccion-civil\\\/\"]}]},{\"@type\":\"ImageObject\",\"inLanguage\":\"es\",\"@id\":\"https:\\\/\\\/www.laguiadepamplona.com\\\/actualidad\\\/el-ayuntamiento-abre-un-nuevo-plazo-hasta-el-6-de-agosto-para-presentar-solicitudes-a-la-convocatoria-de-listas-de-contratacion-temporal-como-auxiliar-de-proteccion-civil\\\/#primaryimage\",\"url\":\"https:\\\/\\\/www.laguiadepamplona.com\\\/actualidad\\\/wp-content\\\/uploads\\\/2021\\\/02\\\/ayuntamiento-pamplona.jpg\",\"contentUrl\":\"https:\\\/\\\/www.laguiadepamplona.com\\\/actualidad\\\/wp-content\\\/uploads\\\/2021\\\/02\\\/ayuntamiento-pamplona.jpg\",\"width\":1920,\"height\":1080},{\"@type\":\"BreadcrumbList\",\"@id\":\"https:\\\/\\\/www.laguiadepamplona.com\\\/actualidad\\\/el-ayuntamiento-abre-un-nuevo-plazo-hasta-el-6-de-agosto-para-presentar-solicitudes-a-la-convocatoria-de-listas-de-contratacion-temporal-como-auxiliar-de-proteccion-civil\\\/#breadcrumb\",\"itemListElement\":[{\"@type\":\"ListItem\",\"position\":1,\"name\":\"Portada\",\"item\":\"https:\\\/\\\/www.laguiadepamplona.com\\\/actualidad\\\/\"},{\"@type\":\"ListItem\",\"position\":2,\"name\":\"El Ayuntamiento abre un nuevo plazo, hasta el 6 de agosto, para presentar solicitudes a la convocatoria de listas de contrataci\u00f3n temporal como auxiliar de Protecci\u00f3n Civil\"}]},{\"@type\":\"WebSite\",\"@id\":\"https:\\\/\\\/www.laguiadepamplona.com\\\/actualidad\\\/#website\",\"url\":\"https:\\\/\\\/www.laguiadepamplona.com\\\/actualidad\\\/\",\"name\":\"La gu\u00eda de Pamplona\",\"description\":\"Noticias de Pamplona\",\"publisher\":{\"@id\":\"https:\\\/\\\/www.laguiadepamplona.com\\\/actualidad\\\/#organization\"},\"potentialAction\":[{\"@type\":\"SearchAction\",\"target\":{\"@type\":\"EntryPoint\",\"urlTemplate\":\"https:\\\/\\\/www.laguiadepamplona.com\\\/actualidad\\\/?s={search_term_string}\"},\"query-input\":{\"@type\":\"PropertyValueSpecification\",\"valueRequired\":true,\"valueName\":\"search_term_string\"}}],\"inLanguage\":\"es\"},{\"@type\":\"Organization\",\"@id\":\"https:\\\/\\\/www.laguiadepamplona.com\\\/actualidad\\\/#organization\",\"name\":\"La Gu\u00eda de Pamplona \\\/ Noticias\",\"url\":\"https:\\\/\\\/www.laguiadepamplona.com\\\/actualidad\\\/\",\"logo\":{\"@type\":\"ImageObject\",\"inLanguage\":\"es\",\"@id\":\"https:\\\/\\\/www.laguiadepamplona.com\\\/actualidad\\\/#\\\/schema\\\/logo\\\/image\\\/\",\"url\":\"https:\\\/\\\/www.laguiadepamplona.com\\\/actualidad\\\/wp-content\\\/uploads\\\/2018\\\/11\\\/logo-laguiadepamplona18-web1.png\",\"contentUrl\":\"https:\\\/\\\/www.laguiadepamplona.com\\\/actualidad\\\/wp-content\\\/uploads\\\/2018\\\/11\\\/logo-laguiadepamplona18-web1.png\",\"width\":600,\"height\":196,\"caption\":\"La Gu\u00eda de Pamplona \\\/ Noticias\"},\"image\":{\"@id\":\"https:\\\/\\\/www.laguiadepamplona.com\\\/actualidad\\\/#\\\/schema\\\/logo\\\/image\\\/\"},\"sameAs\":[\"https:\\\/\\\/www.facebook.com\\\/laguiadepamplonacom-133175176762273\\\/?ref=hl\",\"https:\\\/\\\/x.com\\\/LaGuiadPamplona\",\"https:\\\/\\\/www.instagram.com\\\/la_guia_de_pamplona\\\/\",\"https:\\\/\\\/www.youtube.com\\\/user\\\/laguiadepamplona\"]},{\"@type\":\"Person\",\"@id\":\"https:\\\/\\\/www.laguiadepamplona.com\\\/actualidad\\\/#\\\/schema\\\/person\\\/efe887376f0213d4657c93adc50b1fdb\",\"name\":\"La Gu\u00eda de Pamplona\",\"image\":{\"@type\":\"ImageObject\",\"inLanguage\":\"es\",\"@id\":\"https:\\\/\\\/secure.gravatar.com\\\/avatar\\\/b6992f131dc8d30ab0dff15446e9d346d9dbd95992de0fef795073f5ea83a81c?s=96&d=mm&r=g\",\"url\":\"https:\\\/\\\/secure.gravatar.com\\\/avatar\\\/b6992f131dc8d30ab0dff15446e9d346d9dbd95992de0fef795073f5ea83a81c?s=96&d=mm&r=g\",\"contentUrl\":\"https:\\\/\\\/secure.gravatar.com\\\/avatar\\\/b6992f131dc8d30ab0dff15446e9d346d9dbd95992de0fef795073f5ea83a81c?s=96&d=mm&r=g\",\"caption\":\"La Gu\u00eda de Pamplona\"}}]}<\/script>\n<!-- \/ Yoast SEO plugin. -->","yoast_head_json":{"title":"El Ayuntamiento abre un nuevo plazo, hasta el 6 de agosto, para presentar solicitudes a la convocatoria de listas de contrataci\u00f3n temporal como auxiliar de Protecci\u00f3n Civil","description":"Las 685 personas ya apuntadas en la convocatoria suspendida el a\u00f1o pasado por la COVID-19 no tienen que volver a inscribirse","robots":{"index":"index","follow":"follow","max-snippet":"max-snippet:-1","max-image-preview":"max-image-preview:large","max-video-preview":"max-video-preview:-1"},"canonical":"https:\/\/www.laguiadepamplona.com\/actualidad\/el-ayuntamiento-abre-un-nuevo-plazo-hasta-el-6-de-agosto-para-presentar-solicitudes-a-la-convocatoria-de-listas-de-contratacion-temporal-como-auxiliar-de-proteccion-civil\/","og_locale":"es_ES","og_type":"article","og_title":"El Ayuntamiento abre un nuevo plazo, hasta el 6 de agosto, para presentar solicitudes a la convocatoria de listas de contrataci\u00f3n temporal como auxiliar de Protecci\u00f3n Civil","og_description":"Las 685 personas ya apuntadas en la convocatoria suspendida el a\u00f1o pasado por la COVID-19 no tienen que volver a inscribirse","og_url":"https:\/\/www.laguiadepamplona.com\/actualidad\/el-ayuntamiento-abre-un-nuevo-plazo-hasta-el-6-de-agosto-para-presentar-solicitudes-a-la-convocatoria-de-listas-de-contratacion-temporal-como-auxiliar-de-proteccion-civil\/","og_site_name":"La Gu\u00eda de Pamplona","article_publisher":"https:\/\/www.facebook.com\/laguiadepamplonacom-133175176762273\/?ref=hl","article_published_time":"2021-07-22T10:26:09+00:00","article_modified_time":"2023-04-11T09:49:13+00:00","og_image":[{"width":1920,"height":1080,"url":"https:\/\/www.laguiadepamplona.com\/actualidad\/wp-content\/uploads\/2021\/02\/ayuntamiento-pamplona.jpg","type":"image\/jpeg"}],"author":"La Gu\u00eda de Pamplona","twitter_card":"summary_large_image","twitter_creator":"@LaGuiadPamplona","twitter_site":"@LaGuiadPamplona","twitter_misc":{"Escrito por":"La Gu\u00eda de Pamplona","Tiempo de lectura":"2 minutos"},"schema":{"@context":"https:\/\/schema.org","@graph":[{"@type":"Article","@id":"https:\/\/www.laguiadepamplona.com\/actualidad\/el-ayuntamiento-abre-un-nuevo-plazo-hasta-el-6-de-agosto-para-presentar-solicitudes-a-la-convocatoria-de-listas-de-contratacion-temporal-como-auxiliar-de-proteccion-civil\/#article","isPartOf":{"@id":"https:\/\/www.laguiadepamplona.com\/actualidad\/el-ayuntamiento-abre-un-nuevo-plazo-hasta-el-6-de-agosto-para-presentar-solicitudes-a-la-convocatoria-de-listas-de-contratacion-temporal-como-auxiliar-de-proteccion-civil\/"},"author":{"name":"La Gu\u00eda de Pamplona","@id":"https:\/\/www.laguiadepamplona.com\/actualidad\/#\/schema\/person\/efe887376f0213d4657c93adc50b1fdb"},"headline":"El Ayuntamiento abre un nuevo plazo, hasta el 6 de agosto, para presentar solicitudes a la convocatoria de listas de contrataci\u00f3n temporal como auxiliar de Protecci\u00f3n Civil","datePublished":"2021-07-22T10:26:09+00:00","dateModified":"2023-04-11T09:49:13+00:00","mainEntityOfPage":{"@id":"https:\/\/www.laguiadepamplona.com\/actualidad\/el-ayuntamiento-abre-un-nuevo-plazo-hasta-el-6-de-agosto-para-presentar-solicitudes-a-la-convocatoria-de-listas-de-contratacion-temporal-como-auxiliar-de-proteccion-civil\/"},"wordCount":416,"commentCount":0,"publisher":{"@id":"https:\/\/www.laguiadepamplona.com\/actualidad\/#organization"},"image":{"@id":"https:\/\/www.laguiadepamplona.com\/actualidad\/el-ayuntamiento-abre-un-nuevo-plazo-hasta-el-6-de-agosto-para-presentar-solicitudes-a-la-convocatoria-de-listas-de-contratacion-temporal-como-auxiliar-de-proteccion-civil\/#primaryimage"},"thumbnailUrl":"https:\/\/www.laguiadepamplona.com\/actualidad\/wp-content\/uploads\/2021\/02\/ayuntamiento-pamplona.jpg","articleSection":["Ayto Pamplona"],"inLanguage":"es","potentialAction":[{"@type":"CommentAction","name":"Comment","target":["https:\/\/www.laguiadepamplona.com\/actualidad\/el-ayuntamiento-abre-un-nuevo-plazo-hasta-el-6-de-agosto-para-presentar-solicitudes-a-la-convocatoria-de-listas-de-contratacion-temporal-como-auxiliar-de-proteccion-civil\/#respond"]}]},{"@type":"WebPage","@id":"https:\/\/www.laguiadepamplona.com\/actualidad\/el-ayuntamiento-abre-un-nuevo-plazo-hasta-el-6-de-agosto-para-presentar-solicitudes-a-la-convocatoria-de-listas-de-contratacion-temporal-como-auxiliar-de-proteccion-civil\/","url":"https:\/\/www.laguiadepamplona.com\/actualidad\/el-ayuntamiento-abre-un-nuevo-plazo-hasta-el-6-de-agosto-para-presentar-solicitudes-a-la-convocatoria-de-listas-de-contratacion-temporal-como-auxiliar-de-proteccion-civil\/","name":"El Ayuntamiento abre un nuevo plazo, hasta el 6 de agosto, para presentar solicitudes a la convocatoria de listas de contrataci\u00f3n temporal como auxiliar de Protecci\u00f3n Civil","isPartOf":{"@id":"https:\/\/www.laguiadepamplona.com\/actualidad\/#website"},"primaryImageOfPage":{"@id":"https:\/\/www.laguiadepamplona.com\/actualidad\/el-ayuntamiento-abre-un-nuevo-plazo-hasta-el-6-de-agosto-para-presentar-solicitudes-a-la-convocatoria-de-listas-de-contratacion-temporal-como-auxiliar-de-proteccion-civil\/#primaryimage"},"image":{"@id":"https:\/\/www.laguiadepamplona.com\/actualidad\/el-ayuntamiento-abre-un-nuevo-plazo-hasta-el-6-de-agosto-para-presentar-solicitudes-a-la-convocatoria-de-listas-de-contratacion-temporal-como-auxiliar-de-proteccion-civil\/#primaryimage"},"thumbnailUrl":"https:\/\/www.laguiadepamplona.com\/actualidad\/wp-content\/uploads\/2021\/02\/ayuntamiento-pamplona.jpg","datePublished":"2021-07-22T10:26:09+00:00","dateModified":"2023-04-11T09:49:13+00:00","description":"Las 685 personas ya apuntadas en la convocatoria suspendida el a\u00f1o pasado por la COVID-19 no tienen que volver a inscribirse","breadcrumb":{"@id":"https:\/\/www.laguiadepamplona.com\/actualidad\/el-ayuntamiento-abre-un-nuevo-plazo-hasta-el-6-de-agosto-para-presentar-solicitudes-a-la-convocatoria-de-listas-de-contratacion-temporal-como-auxiliar-de-proteccion-civil\/#breadcrumb"},"inLanguage":"es","potentialAction":[{"@type":"ReadAction","target":["https:\/\/www.laguiadepamplona.com\/actualidad\/el-ayuntamiento-abre-un-nuevo-plazo-hasta-el-6-de-agosto-para-presentar-solicitudes-a-la-convocatoria-de-listas-de-contratacion-temporal-como-auxiliar-de-proteccion-civil\/"]}]},{"@type":"ImageObject","inLanguage":"es","@id":"https:\/\/www.laguiadepamplona.com\/actualidad\/el-ayuntamiento-abre-un-nuevo-plazo-hasta-el-6-de-agosto-para-presentar-solicitudes-a-la-convocatoria-de-listas-de-contratacion-temporal-como-auxiliar-de-proteccion-civil\/#primaryimage","url":"https:\/\/www.laguiadepamplona.com\/actualidad\/wp-content\/uploads\/2021\/02\/ayuntamiento-pamplona.jpg","contentUrl":"https:\/\/www.laguiadepamplona.com\/actualidad\/wp-content\/uploads\/2021\/02\/ayuntamiento-pamplona.jpg","width":1920,"height":1080},{"@type":"BreadcrumbList","@id":"https:\/\/www.laguiadepamplona.com\/actualidad\/el-ayuntamiento-abre-un-nuevo-plazo-hasta-el-6-de-agosto-para-presentar-solicitudes-a-la-convocatoria-de-listas-de-contratacion-temporal-como-auxiliar-de-proteccion-civil\/#breadcrumb","itemListElement":[{"@type":"ListItem","position":1,"name":"Portada","item":"https:\/\/www.laguiadepamplona.com\/actualidad\/"},{"@type":"ListItem","position":2,"name":"El Ayuntamiento abre un nuevo plazo, hasta el 6 de agosto, para presentar solicitudes a la convocatoria de listas de contrataci\u00f3n temporal como auxiliar de Protecci\u00f3n Civil"}]},{"@type":"WebSite","@id":"https:\/\/www.laguiadepamplona.com\/actualidad\/#website","url":"https:\/\/www.laguiadepamplona.com\/actualidad\/","name":"La gu\u00eda de Pamplona","description":"Noticias de Pamplona","publisher":{"@id":"https:\/\/www.laguiadepamplona.com\/actualidad\/#organization"},"potentialAction":[{"@type":"SearchAction","target":{"@type":"EntryPoint","urlTemplate":"https:\/\/www.laguiadepamplona.com\/actualidad\/?s={search_term_string}"},"query-input":{"@type":"PropertyValueSpecification","valueRequired":true,"valueName":"search_term_string"}}],"inLanguage":"es"},{"@type":"Organization","@id":"https:\/\/www.laguiadepamplona.com\/actualidad\/#organization","name":"La Gu\u00eda de Pamplona \/ Noticias","url":"https:\/\/www.laguiadepamplona.com\/actualidad\/","logo":{"@type":"ImageObject","inLanguage":"es","@id":"https:\/\/www.laguiadepamplona.com\/actualidad\/#\/schema\/logo\/image\/","url":"https:\/\/www.laguiadepamplona.com\/actualidad\/wp-content\/uploads\/2018\/11\/logo-laguiadepamplona18-web1.png","contentUrl":"https:\/\/www.laguiadepamplona.com\/actualidad\/wp-content\/uploads\/2018\/11\/logo-laguiadepamplona18-web1.png","width":600,"height":196,"caption":"La Gu\u00eda de Pamplona \/ Noticias"},"image":{"@id":"https:\/\/www.laguiadepamplona.com\/actualidad\/#\/schema\/logo\/image\/"},"sameAs":["https:\/\/www.facebook.com\/laguiadepamplonacom-133175176762273\/?ref=hl","https:\/\/x.com\/LaGuiadPamplona","https:\/\/www.instagram.com\/la_guia_de_pamplona\/","https:\/\/www.youtube.com\/user\/laguiadepamplona"]},{"@type":"Person","@id":"https:\/\/www.laguiadepamplona.com\/actualidad\/#\/schema\/person\/efe887376f0213d4657c93adc50b1fdb","name":"La Gu\u00eda de Pamplona","image":{"@type":"ImageObject","inLanguage":"es","@id":"https:\/\/secure.gravatar.com\/avatar\/b6992f131dc8d30ab0dff15446e9d346d9dbd95992de0fef795073f5ea83a81c?s=96&d=mm&r=g","url":"https:\/\/secure.gravatar.com\/avatar\/b6992f131dc8d30ab0dff15446e9d346d9dbd95992de0fef795073f5ea83a81c?s=96&d=mm&r=g","contentUrl":"https:\/\/secure.gravatar.com\/avatar\/b6992f131dc8d30ab0dff15446e9d346d9dbd95992de0fef795073f5ea83a81c?s=96&d=mm&r=g","caption":"La Gu\u00eda de Pamplona"}}]}},"post_mailing_queue_ids":[],"_links":{"self":[{"href":"https:\/\/www.laguiadepamplona.com\/actualidad\/wp-json\/wp\/v2\/posts\/35971","targetHints":{"allow":["GET"]}}],"collection":[{"href":"https:\/\/www.laguiadepamplona.com\/actualidad\/wp-json\/wp\/v2\/posts"}],"about":[{"href":"https:\/\/www.laguiadepamplona.com\/actualidad\/wp-json\/wp\/v2\/types\/post"}],"author":[{"embeddable":true,"href":"https:\/\/www.laguiadepamplona.com\/actualidad\/wp-json\/wp\/v2\/users\/1"}],"replies":[{"embeddable":true,"href":"https:\/\/www.laguiadepamplona.com\/actualidad\/wp-json\/wp\/v2\/comments?post=35971"}],"version-history":[{"count":0,"href":"https:\/\/www.laguiadepamplona.com\/actualidad\/wp-json\/wp\/v2\/posts\/35971\/revisions"}],"wp:featuredmedia":[{"embeddable":true,"href":"https:\/\/www.laguiadepamplona.com\/actualidad\/wp-json\/wp\/v2\/media\/33021"}],"wp:attachment":[{"href":"https:\/\/www.laguiadepamplona.com\/actualidad\/wp-json\/wp\/v2\/media?parent=35971"}],"wp:term":[{"taxonomy":"category","embeddable":true,"href":"https:\/\/www.laguiadepamplona.com\/actualidad\/wp-json\/wp\/v2\/categories?post=35971"},{"taxonomy":"post_tag","embeddable":true,"href":"https:\/\/www.laguiadepamplona.com\/actualidad\/wp-json\/wp\/v2\/tags?post=35971"}],"curies":[{"name":"wp","href":"https:\/\/api.w.org\/{rel}","templated":true}]}}