{"id":35956,"date":"2021-07-21T13:51:45","date_gmt":"2021-07-21T11:51:45","guid":{"rendered":"https:\/\/www.laguiadepamplona.com\/actualidad\/?p=35956"},"modified":"2023-04-11T11:49:13","modified_gmt":"2023-04-11T09:49:13","slug":"el-rock-de-dvicio-y-la-musica-fusion-de-califato-%c2%be-y-carino-protagonizan-este-viernes-y-sabado-los-conciertos-de-noches-en-la-ciudadela","status":"publish","type":"post","link":"https:\/\/www.laguiadepamplona.com\/actualidad\/el-rock-de-dvicio-y-la-musica-fusion-de-califato-%c2%be-y-carino-protagonizan-este-viernes-y-sabado-los-conciertos-de-noches-en-la-ciudadela\/","title":{"rendered":"El rock de Dvicio y la m\u00fasica fusi\u00f3n de Califato \u00be y Cari\u00f1o protagonizan este viernes y s\u00e1bado los conciertos de \u2018Noches en la Ciudadela\u2019"},"content":{"rendered":"<h5>Todav\u00eda hay algunas entradas a la venta para ambos conciertos, que se pueden comprar a trav\u00e9s de la <a href=\"https:\/\/es.patronbase.com\/_PamplonaEsCultura\/Productions\" target=\"_blank\" rel=\"noopener\">web municipal de Cultura<\/a><\/h5>\n<p><!--more--><\/p>\n<p>Viernes de rock con Dvicio y s\u00e1bado de m\u00fasica fusi\u00f3n con Califato \u00be y Cari\u00f1o son las propuestas musicales de \u2018Noches en la Ciudadela\u2019. El escenario del recinto fortificado acoger\u00e1 ambas actuaciones a partir de las 21.30 horas. Todav\u00eda quedan algunas entradas que se pueden comprar en la web municipal de Cultura, <a href=\"http:\/\/www.pamplonaescultura.es\">www.pamplonaescultura.es<\/a>. El concierto de Dvicio tiene un precio de 17 euros m\u00e1s 1,5 euros de gastos de gesti\u00f3n y el de Califato \u00be y Cari\u00f1o, 19 euros m\u00e1s 1,5 euros de gastos de gesti\u00f3n.<\/p>\n<p>Dvicio es una banda de rock\u00a0madrile\u00f1a formada en 2013 por Alberto Gonz\u00e1lez, Nacho Goto, Luis Gonzalvo y Mart\u00edn y Andr\u00e9s Ceballos. Comenzaron a tocar juntos en 2005 interpretando versiones por simple diversi\u00f3n y ya en 2009 comenzaron una trayectoria m\u00e1s seria bajo el nombre de Tiempo L\u00edmite. En 2013 firmaron contrato con Sony Music.\u00a0Su sencillo debut \u2018Para\u00edso\u2019, ya como Dvicio, apareci\u00f3 un a\u00f1o despu\u00e9s, vinculado a la campa\u00f1a publicitaria de una conocida marca de establecimientos de hamburguesas. Poco despu\u00e9s publicaron su primer \u00e1lbum \u2018Justo Ahora\u2019.<\/p>\n<p>En 2017 lleg\u00f3 su segundo \u00e1lbum \u2018Que tienes t\u00fa\u2019 y en 2020 el tercero y por ahora \u00faltimo, \u2018Impulso\u2019, un trabajo que combina la esencia urbana de algunos de sus temas con puro pop y gotas de funky. En este 2021 celebran un a\u00f1o de ese trabajo, con gira y con una edici\u00f3n especial y el tema in\u00e9dito \u2018Castillo de cera\u2019.<\/p>\n<p><script async src=\"\/\/pagead2.googlesyndication.com\/pagead\/js\/adsbygoogle.js\"><\/script><br \/>\n<!-- Noticias La Guia de Pamplona --><br \/>\n<ins class=\"adsbygoogle\"\nstyle=\"display:block\"\ndata-ad-client=\"ca-pub-6943679897239327\"\ndata-ad-slot=\"7048180777\"\ndata-ad-format=\"auto\"><\/ins><br \/>\n<script>\n(adsbygoogle = window.adsbygoogle || []).push({});\n<\/script><\/p>\n<p><strong>M\u00fasica fusi\u00f3n e indie para el s\u00e1bado<\/strong><\/p>\n<p>El s\u00e1bado, en el mismo escenario, ser\u00e1 el turno de Califato \u00be y de Cari\u00f1o. Como bien indica su nombre, <strong>Califato 3\/4<\/strong><strong>\u00a0<\/strong>otorgan especial relevancia al comp\u00e1s de \u00be, el comp\u00e1s ternario b\u00e1sico com\u00fan a muchos palos del flamenco. Esta formaci\u00f3n surgida en 2018 reivindica la\u00a0Andaluc\u00eda popular\u00a0y\u00a0mestiza\u00a0a trav\u00e9s de la\u00a0experimentaci\u00f3n\u00a0y la\u00a0fusi\u00f3n del flamenco, el\u00a0funk, los\u00a0breaks, el\u00a0footwork, el\u00a0hip hop\u00a0y el\u00a0dub, entre otros, y siempre\u00a0sin miedo a mezclar. Art\u00edfices de su propia versi\u00f3n del folklore andaluz, que mira hacia el pasado y hacia el futuro; fruto de su mezcla y su memoria. En el concierto tocar\u00e1n temas de su \u00faltimo \u00e1lbum, \u2018La contrase\u00f1a\u2019, un disco m\u00e1s org\u00e1nico, con m\u00e1s instrumentos y menos <em>samples<\/em>.<\/p>\n<p>Le acompa\u00f1ar\u00e1 el grupo de m\u00fasica indie madrile\u00f1o Cari\u00f1o, formado por Paola Rivero,\u00a0Mar\u00eda\u00a0Talaverano y\u00a0Alicia Ros. Se dieron a conocer por su single de lanzamiento\u00a0\u2018Canci\u00f3n de Pop de Amor\u2019\u00a0y por conseguir versionar\u00a0\u2018Llorando en la Limo\u2019\u00a0de C. Tangana. En noviembre de 2018 vio la luz su primer disco\u00a0\u2018Movidas\u2019,\u00a0que inclu\u00eda sus ya cl\u00e1sicos\u00a0\u2018Bisexual\u2019\u00a0o\u00a0\u2018Mierda Seca\u2019, canciones consideradas pr\u00e1cticamente himnos por su p\u00fablico y que ya acumulan m\u00e1s de 3,5 millones de <em>plays<\/em> en las principales plataformas digitales.<\/p>\n","protected":false},"excerpt":{"rendered":"<p>Todav\u00eda hay algunas entradas a la venta para ambos conciertos, que se pueden comprar a trav\u00e9s de la web municipal de Cultura<\/p>\n","protected":false},"author":1,"featured_media":35957,"comment_status":"open","ping_status":"closed","sticky":false,"template":"","format":"standard","meta":{"footnotes":""},"categories":[2],"tags":[],"class_list":["post-35956","post","type-post","status-publish","format-standard","has-post-thumbnail","hentry","category-ayuntamiento-pamplona"],"yoast_head":"<!-- This site is optimized with the Yoast SEO plugin v27.5 - https:\/\/yoast.com\/product\/yoast-seo-wordpress\/ -->\n<title>El rock de Dvicio y la m\u00fasica fusi\u00f3n de Califato \u00be y Cari\u00f1o protagonizan este viernes y s\u00e1bado los conciertos de \u2018Noches en la Ciudadela\u2019<\/title>\n<meta name=\"description\" content=\"Todav\u00eda hay algunas entradas a la venta para ambos conciertos, que se pueden comprar a trav\u00e9s de la web municipal de Cultura\" \/>\n<meta name=\"robots\" content=\"index, follow, max-snippet:-1, max-image-preview:large, max-video-preview:-1\" \/>\n<link rel=\"canonical\" href=\"https:\/\/www.laguiadepamplona.com\/actualidad\/el-rock-de-dvicio-y-la-musica-fusion-de-califato-\u00be-y-carino-protagonizan-este-viernes-y-sabado-los-conciertos-de-noches-en-la-ciudadela\/\" \/>\n<meta property=\"og:locale\" content=\"es_ES\" \/>\n<meta property=\"og:type\" content=\"article\" \/>\n<meta property=\"og:title\" content=\"El rock de Dvicio y la m\u00fasica fusi\u00f3n de Califato \u00be y Cari\u00f1o protagonizan este viernes y s\u00e1bado los conciertos de \u2018Noches en la Ciudadela\u2019\" \/>\n<meta property=\"og:description\" content=\"Todav\u00eda hay algunas entradas a la venta para ambos conciertos, que se pueden comprar a trav\u00e9s de la web municipal de Cultura\" \/>\n<meta property=\"og:url\" content=\"https:\/\/www.laguiadepamplona.com\/actualidad\/el-rock-de-dvicio-y-la-musica-fusion-de-califato-\u00be-y-carino-protagonizan-este-viernes-y-sabado-los-conciertos-de-noches-en-la-ciudadela\/\" \/>\n<meta property=\"og:site_name\" content=\"La Gu\u00eda de Pamplona\" \/>\n<meta property=\"article:publisher\" content=\"https:\/\/www.facebook.com\/laguiadepamplonacom-133175176762273\/?ref=hl\" \/>\n<meta property=\"article:published_time\" content=\"2021-07-21T11:51:45+00:00\" \/>\n<meta property=\"article:modified_time\" content=\"2023-04-11T09:49:13+00:00\" \/>\n<meta property=\"og:image\" content=\"https:\/\/www.laguiadepamplona.com\/actualidad\/wp-content\/uploads\/2021\/07\/AA-Foto-unica-FORMATO-Show-COMPLETO-califato-3x4-foto-Adrian-@offdelcampo.jpg\" \/>\n\t<meta property=\"og:image:width\" content=\"1920\" \/>\n\t<meta property=\"og:image:height\" content=\"1400\" \/>\n\t<meta property=\"og:image:type\" content=\"image\/jpeg\" \/>\n<meta name=\"author\" content=\"La Gu\u00eda de Pamplona\" \/>\n<meta name=\"twitter:card\" content=\"summary_large_image\" \/>\n<meta name=\"twitter:creator\" content=\"@LaGuiadPamplona\" \/>\n<meta name=\"twitter:site\" content=\"@LaGuiadPamplona\" \/>\n<meta name=\"twitter:label1\" content=\"Escrito por\" \/>\n\t<meta name=\"twitter:data1\" content=\"La Gu\u00eda de Pamplona\" \/>\n\t<meta name=\"twitter:label2\" content=\"Tiempo de lectura\" \/>\n\t<meta name=\"twitter:data2\" content=\"3 minutos\" \/>\n<script type=\"application\/ld+json\" class=\"yoast-schema-graph\">{\"@context\":\"https:\\\/\\\/schema.org\",\"@graph\":[{\"@type\":\"Article\",\"@id\":\"https:\\\/\\\/www.laguiadepamplona.com\\\/actualidad\\\/el-rock-de-dvicio-y-la-musica-fusion-de-califato-%c2%be-y-carino-protagonizan-este-viernes-y-sabado-los-conciertos-de-noches-en-la-ciudadela\\\/#article\",\"isPartOf\":{\"@id\":\"https:\\\/\\\/www.laguiadepamplona.com\\\/actualidad\\\/el-rock-de-dvicio-y-la-musica-fusion-de-califato-%c2%be-y-carino-protagonizan-este-viernes-y-sabado-los-conciertos-de-noches-en-la-ciudadela\\\/\"},\"author\":{\"name\":\"La Gu\u00eda de Pamplona\",\"@id\":\"https:\\\/\\\/www.laguiadepamplona.com\\\/actualidad\\\/#\\\/schema\\\/person\\\/efe887376f0213d4657c93adc50b1fdb\"},\"headline\":\"El rock de Dvicio y la m\u00fasica fusi\u00f3n de Califato \u00be y Cari\u00f1o protagonizan este viernes y s\u00e1bado los conciertos de \u2018Noches en la Ciudadela\u2019\",\"datePublished\":\"2021-07-21T11:51:45+00:00\",\"dateModified\":\"2023-04-11T09:49:13+00:00\",\"mainEntityOfPage\":{\"@id\":\"https:\\\/\\\/www.laguiadepamplona.com\\\/actualidad\\\/el-rock-de-dvicio-y-la-musica-fusion-de-califato-%c2%be-y-carino-protagonizan-este-viernes-y-sabado-los-conciertos-de-noches-en-la-ciudadela\\\/\"},\"wordCount\":542,\"commentCount\":0,\"publisher\":{\"@id\":\"https:\\\/\\\/www.laguiadepamplona.com\\\/actualidad\\\/#organization\"},\"image\":{\"@id\":\"https:\\\/\\\/www.laguiadepamplona.com\\\/actualidad\\\/el-rock-de-dvicio-y-la-musica-fusion-de-califato-%c2%be-y-carino-protagonizan-este-viernes-y-sabado-los-conciertos-de-noches-en-la-ciudadela\\\/#primaryimage\"},\"thumbnailUrl\":\"https:\\\/\\\/www.laguiadepamplona.com\\\/actualidad\\\/wp-content\\\/uploads\\\/2021\\\/07\\\/AA-Foto-unica-FORMATO-Show-COMPLETO-califato-3x4-foto-Adrian-@offdelcampo.jpg\",\"articleSection\":[\"Ayto Pamplona\"],\"inLanguage\":\"es\",\"potentialAction\":[{\"@type\":\"CommentAction\",\"name\":\"Comment\",\"target\":[\"https:\\\/\\\/www.laguiadepamplona.com\\\/actualidad\\\/el-rock-de-dvicio-y-la-musica-fusion-de-califato-%c2%be-y-carino-protagonizan-este-viernes-y-sabado-los-conciertos-de-noches-en-la-ciudadela\\\/#respond\"]}]},{\"@type\":\"WebPage\",\"@id\":\"https:\\\/\\\/www.laguiadepamplona.com\\\/actualidad\\\/el-rock-de-dvicio-y-la-musica-fusion-de-califato-%c2%be-y-carino-protagonizan-este-viernes-y-sabado-los-conciertos-de-noches-en-la-ciudadela\\\/\",\"url\":\"https:\\\/\\\/www.laguiadepamplona.com\\\/actualidad\\\/el-rock-de-dvicio-y-la-musica-fusion-de-califato-%c2%be-y-carino-protagonizan-este-viernes-y-sabado-los-conciertos-de-noches-en-la-ciudadela\\\/\",\"name\":\"El rock de Dvicio y la m\u00fasica fusi\u00f3n de Califato \u00be y Cari\u00f1o protagonizan este viernes y s\u00e1bado los conciertos de \u2018Noches en la Ciudadela\u2019\",\"isPartOf\":{\"@id\":\"https:\\\/\\\/www.laguiadepamplona.com\\\/actualidad\\\/#website\"},\"primaryImageOfPage\":{\"@id\":\"https:\\\/\\\/www.laguiadepamplona.com\\\/actualidad\\\/el-rock-de-dvicio-y-la-musica-fusion-de-califato-%c2%be-y-carino-protagonizan-este-viernes-y-sabado-los-conciertos-de-noches-en-la-ciudadela\\\/#primaryimage\"},\"image\":{\"@id\":\"https:\\\/\\\/www.laguiadepamplona.com\\\/actualidad\\\/el-rock-de-dvicio-y-la-musica-fusion-de-califato-%c2%be-y-carino-protagonizan-este-viernes-y-sabado-los-conciertos-de-noches-en-la-ciudadela\\\/#primaryimage\"},\"thumbnailUrl\":\"https:\\\/\\\/www.laguiadepamplona.com\\\/actualidad\\\/wp-content\\\/uploads\\\/2021\\\/07\\\/AA-Foto-unica-FORMATO-Show-COMPLETO-califato-3x4-foto-Adrian-@offdelcampo.jpg\",\"datePublished\":\"2021-07-21T11:51:45+00:00\",\"dateModified\":\"2023-04-11T09:49:13+00:00\",\"description\":\"Todav\u00eda hay algunas entradas a la venta para ambos conciertos, que se pueden comprar a trav\u00e9s de la web municipal de Cultura\",\"breadcrumb\":{\"@id\":\"https:\\\/\\\/www.laguiadepamplona.com\\\/actualidad\\\/el-rock-de-dvicio-y-la-musica-fusion-de-califato-%c2%be-y-carino-protagonizan-este-viernes-y-sabado-los-conciertos-de-noches-en-la-ciudadela\\\/#breadcrumb\"},\"inLanguage\":\"es\",\"potentialAction\":[{\"@type\":\"ReadAction\",\"target\":[\"https:\\\/\\\/www.laguiadepamplona.com\\\/actualidad\\\/el-rock-de-dvicio-y-la-musica-fusion-de-califato-%c2%be-y-carino-protagonizan-este-viernes-y-sabado-los-conciertos-de-noches-en-la-ciudadela\\\/\"]}]},{\"@type\":\"ImageObject\",\"inLanguage\":\"es\",\"@id\":\"https:\\\/\\\/www.laguiadepamplona.com\\\/actualidad\\\/el-rock-de-dvicio-y-la-musica-fusion-de-califato-%c2%be-y-carino-protagonizan-este-viernes-y-sabado-los-conciertos-de-noches-en-la-ciudadela\\\/#primaryimage\",\"url\":\"https:\\\/\\\/www.laguiadepamplona.com\\\/actualidad\\\/wp-content\\\/uploads\\\/2021\\\/07\\\/AA-Foto-unica-FORMATO-Show-COMPLETO-califato-3x4-foto-Adrian-@offdelcampo.jpg\",\"contentUrl\":\"https:\\\/\\\/www.laguiadepamplona.com\\\/actualidad\\\/wp-content\\\/uploads\\\/2021\\\/07\\\/AA-Foto-unica-FORMATO-Show-COMPLETO-califato-3x4-foto-Adrian-@offdelcampo.jpg\",\"width\":1920,\"height\":1400},{\"@type\":\"BreadcrumbList\",\"@id\":\"https:\\\/\\\/www.laguiadepamplona.com\\\/actualidad\\\/el-rock-de-dvicio-y-la-musica-fusion-de-califato-%c2%be-y-carino-protagonizan-este-viernes-y-sabado-los-conciertos-de-noches-en-la-ciudadela\\\/#breadcrumb\",\"itemListElement\":[{\"@type\":\"ListItem\",\"position\":1,\"name\":\"Portada\",\"item\":\"https:\\\/\\\/www.laguiadepamplona.com\\\/actualidad\\\/\"},{\"@type\":\"ListItem\",\"position\":2,\"name\":\"El rock de Dvicio y la m\u00fasica fusi\u00f3n de Califato \u00be y Cari\u00f1o protagonizan este viernes y s\u00e1bado los conciertos de \u2018Noches en la Ciudadela\u2019\"}]},{\"@type\":\"WebSite\",\"@id\":\"https:\\\/\\\/www.laguiadepamplona.com\\\/actualidad\\\/#website\",\"url\":\"https:\\\/\\\/www.laguiadepamplona.com\\\/actualidad\\\/\",\"name\":\"La gu\u00eda de Pamplona\",\"description\":\"Noticias de Pamplona\",\"publisher\":{\"@id\":\"https:\\\/\\\/www.laguiadepamplona.com\\\/actualidad\\\/#organization\"},\"potentialAction\":[{\"@type\":\"SearchAction\",\"target\":{\"@type\":\"EntryPoint\",\"urlTemplate\":\"https:\\\/\\\/www.laguiadepamplona.com\\\/actualidad\\\/?s={search_term_string}\"},\"query-input\":{\"@type\":\"PropertyValueSpecification\",\"valueRequired\":true,\"valueName\":\"search_term_string\"}}],\"inLanguage\":\"es\"},{\"@type\":\"Organization\",\"@id\":\"https:\\\/\\\/www.laguiadepamplona.com\\\/actualidad\\\/#organization\",\"name\":\"La Gu\u00eda de Pamplona \\\/ Noticias\",\"url\":\"https:\\\/\\\/www.laguiadepamplona.com\\\/actualidad\\\/\",\"logo\":{\"@type\":\"ImageObject\",\"inLanguage\":\"es\",\"@id\":\"https:\\\/\\\/www.laguiadepamplona.com\\\/actualidad\\\/#\\\/schema\\\/logo\\\/image\\\/\",\"url\":\"https:\\\/\\\/www.laguiadepamplona.com\\\/actualidad\\\/wp-content\\\/uploads\\\/2018\\\/11\\\/logo-laguiadepamplona18-web1.png\",\"contentUrl\":\"https:\\\/\\\/www.laguiadepamplona.com\\\/actualidad\\\/wp-content\\\/uploads\\\/2018\\\/11\\\/logo-laguiadepamplona18-web1.png\",\"width\":600,\"height\":196,\"caption\":\"La Gu\u00eda de Pamplona \\\/ Noticias\"},\"image\":{\"@id\":\"https:\\\/\\\/www.laguiadepamplona.com\\\/actualidad\\\/#\\\/schema\\\/logo\\\/image\\\/\"},\"sameAs\":[\"https:\\\/\\\/www.facebook.com\\\/laguiadepamplonacom-133175176762273\\\/?ref=hl\",\"https:\\\/\\\/x.com\\\/LaGuiadPamplona\",\"https:\\\/\\\/www.instagram.com\\\/la_guia_de_pamplona\\\/\",\"https:\\\/\\\/www.youtube.com\\\/user\\\/laguiadepamplona\"]},{\"@type\":\"Person\",\"@id\":\"https:\\\/\\\/www.laguiadepamplona.com\\\/actualidad\\\/#\\\/schema\\\/person\\\/efe887376f0213d4657c93adc50b1fdb\",\"name\":\"La Gu\u00eda de Pamplona\",\"image\":{\"@type\":\"ImageObject\",\"inLanguage\":\"es\",\"@id\":\"https:\\\/\\\/secure.gravatar.com\\\/avatar\\\/b6992f131dc8d30ab0dff15446e9d346d9dbd95992de0fef795073f5ea83a81c?s=96&d=mm&r=g\",\"url\":\"https:\\\/\\\/secure.gravatar.com\\\/avatar\\\/b6992f131dc8d30ab0dff15446e9d346d9dbd95992de0fef795073f5ea83a81c?s=96&d=mm&r=g\",\"contentUrl\":\"https:\\\/\\\/secure.gravatar.com\\\/avatar\\\/b6992f131dc8d30ab0dff15446e9d346d9dbd95992de0fef795073f5ea83a81c?s=96&d=mm&r=g\",\"caption\":\"La Gu\u00eda de Pamplona\"}}]}<\/script>\n<!-- \/ Yoast SEO plugin. -->","yoast_head_json":{"title":"El rock de Dvicio y la m\u00fasica fusi\u00f3n de Califato \u00be y Cari\u00f1o protagonizan este viernes y s\u00e1bado los conciertos de \u2018Noches en la Ciudadela\u2019","description":"Todav\u00eda hay algunas entradas a la venta para ambos conciertos, que se pueden comprar a trav\u00e9s de la web municipal de Cultura","robots":{"index":"index","follow":"follow","max-snippet":"max-snippet:-1","max-image-preview":"max-image-preview:large","max-video-preview":"max-video-preview:-1"},"canonical":"https:\/\/www.laguiadepamplona.com\/actualidad\/el-rock-de-dvicio-y-la-musica-fusion-de-califato-\u00be-y-carino-protagonizan-este-viernes-y-sabado-los-conciertos-de-noches-en-la-ciudadela\/","og_locale":"es_ES","og_type":"article","og_title":"El rock de Dvicio y la m\u00fasica fusi\u00f3n de Califato \u00be y Cari\u00f1o protagonizan este viernes y s\u00e1bado los conciertos de \u2018Noches en la Ciudadela\u2019","og_description":"Todav\u00eda hay algunas entradas a la venta para ambos conciertos, que se pueden comprar a trav\u00e9s de la web municipal de Cultura","og_url":"https:\/\/www.laguiadepamplona.com\/actualidad\/el-rock-de-dvicio-y-la-musica-fusion-de-califato-\u00be-y-carino-protagonizan-este-viernes-y-sabado-los-conciertos-de-noches-en-la-ciudadela\/","og_site_name":"La Gu\u00eda de Pamplona","article_publisher":"https:\/\/www.facebook.com\/laguiadepamplonacom-133175176762273\/?ref=hl","article_published_time":"2021-07-21T11:51:45+00:00","article_modified_time":"2023-04-11T09:49:13+00:00","og_image":[{"width":1920,"height":1400,"url":"https:\/\/www.laguiadepamplona.com\/actualidad\/wp-content\/uploads\/2021\/07\/AA-Foto-unica-FORMATO-Show-COMPLETO-califato-3x4-foto-Adrian-@offdelcampo.jpg","type":"image\/jpeg"}],"author":"La Gu\u00eda de Pamplona","twitter_card":"summary_large_image","twitter_creator":"@LaGuiadPamplona","twitter_site":"@LaGuiadPamplona","twitter_misc":{"Escrito por":"La Gu\u00eda de Pamplona","Tiempo de lectura":"3 minutos"},"schema":{"@context":"https:\/\/schema.org","@graph":[{"@type":"Article","@id":"https:\/\/www.laguiadepamplona.com\/actualidad\/el-rock-de-dvicio-y-la-musica-fusion-de-califato-%c2%be-y-carino-protagonizan-este-viernes-y-sabado-los-conciertos-de-noches-en-la-ciudadela\/#article","isPartOf":{"@id":"https:\/\/www.laguiadepamplona.com\/actualidad\/el-rock-de-dvicio-y-la-musica-fusion-de-califato-%c2%be-y-carino-protagonizan-este-viernes-y-sabado-los-conciertos-de-noches-en-la-ciudadela\/"},"author":{"name":"La Gu\u00eda de Pamplona","@id":"https:\/\/www.laguiadepamplona.com\/actualidad\/#\/schema\/person\/efe887376f0213d4657c93adc50b1fdb"},"headline":"El rock de Dvicio y la m\u00fasica fusi\u00f3n de Califato \u00be y Cari\u00f1o protagonizan este viernes y s\u00e1bado los conciertos de \u2018Noches en la Ciudadela\u2019","datePublished":"2021-07-21T11:51:45+00:00","dateModified":"2023-04-11T09:49:13+00:00","mainEntityOfPage":{"@id":"https:\/\/www.laguiadepamplona.com\/actualidad\/el-rock-de-dvicio-y-la-musica-fusion-de-califato-%c2%be-y-carino-protagonizan-este-viernes-y-sabado-los-conciertos-de-noches-en-la-ciudadela\/"},"wordCount":542,"commentCount":0,"publisher":{"@id":"https:\/\/www.laguiadepamplona.com\/actualidad\/#organization"},"image":{"@id":"https:\/\/www.laguiadepamplona.com\/actualidad\/el-rock-de-dvicio-y-la-musica-fusion-de-califato-%c2%be-y-carino-protagonizan-este-viernes-y-sabado-los-conciertos-de-noches-en-la-ciudadela\/#primaryimage"},"thumbnailUrl":"https:\/\/www.laguiadepamplona.com\/actualidad\/wp-content\/uploads\/2021\/07\/AA-Foto-unica-FORMATO-Show-COMPLETO-califato-3x4-foto-Adrian-@offdelcampo.jpg","articleSection":["Ayto Pamplona"],"inLanguage":"es","potentialAction":[{"@type":"CommentAction","name":"Comment","target":["https:\/\/www.laguiadepamplona.com\/actualidad\/el-rock-de-dvicio-y-la-musica-fusion-de-califato-%c2%be-y-carino-protagonizan-este-viernes-y-sabado-los-conciertos-de-noches-en-la-ciudadela\/#respond"]}]},{"@type":"WebPage","@id":"https:\/\/www.laguiadepamplona.com\/actualidad\/el-rock-de-dvicio-y-la-musica-fusion-de-califato-%c2%be-y-carino-protagonizan-este-viernes-y-sabado-los-conciertos-de-noches-en-la-ciudadela\/","url":"https:\/\/www.laguiadepamplona.com\/actualidad\/el-rock-de-dvicio-y-la-musica-fusion-de-califato-%c2%be-y-carino-protagonizan-este-viernes-y-sabado-los-conciertos-de-noches-en-la-ciudadela\/","name":"El rock de Dvicio y la m\u00fasica fusi\u00f3n de Califato \u00be y Cari\u00f1o protagonizan este viernes y s\u00e1bado los conciertos de \u2018Noches en la Ciudadela\u2019","isPartOf":{"@id":"https:\/\/www.laguiadepamplona.com\/actualidad\/#website"},"primaryImageOfPage":{"@id":"https:\/\/www.laguiadepamplona.com\/actualidad\/el-rock-de-dvicio-y-la-musica-fusion-de-califato-%c2%be-y-carino-protagonizan-este-viernes-y-sabado-los-conciertos-de-noches-en-la-ciudadela\/#primaryimage"},"image":{"@id":"https:\/\/www.laguiadepamplona.com\/actualidad\/el-rock-de-dvicio-y-la-musica-fusion-de-califato-%c2%be-y-carino-protagonizan-este-viernes-y-sabado-los-conciertos-de-noches-en-la-ciudadela\/#primaryimage"},"thumbnailUrl":"https:\/\/www.laguiadepamplona.com\/actualidad\/wp-content\/uploads\/2021\/07\/AA-Foto-unica-FORMATO-Show-COMPLETO-califato-3x4-foto-Adrian-@offdelcampo.jpg","datePublished":"2021-07-21T11:51:45+00:00","dateModified":"2023-04-11T09:49:13+00:00","description":"Todav\u00eda hay algunas entradas a la venta para ambos conciertos, que se pueden comprar a trav\u00e9s de la web municipal de Cultura","breadcrumb":{"@id":"https:\/\/www.laguiadepamplona.com\/actualidad\/el-rock-de-dvicio-y-la-musica-fusion-de-califato-%c2%be-y-carino-protagonizan-este-viernes-y-sabado-los-conciertos-de-noches-en-la-ciudadela\/#breadcrumb"},"inLanguage":"es","potentialAction":[{"@type":"ReadAction","target":["https:\/\/www.laguiadepamplona.com\/actualidad\/el-rock-de-dvicio-y-la-musica-fusion-de-califato-%c2%be-y-carino-protagonizan-este-viernes-y-sabado-los-conciertos-de-noches-en-la-ciudadela\/"]}]},{"@type":"ImageObject","inLanguage":"es","@id":"https:\/\/www.laguiadepamplona.com\/actualidad\/el-rock-de-dvicio-y-la-musica-fusion-de-califato-%c2%be-y-carino-protagonizan-este-viernes-y-sabado-los-conciertos-de-noches-en-la-ciudadela\/#primaryimage","url":"https:\/\/www.laguiadepamplona.com\/actualidad\/wp-content\/uploads\/2021\/07\/AA-Foto-unica-FORMATO-Show-COMPLETO-califato-3x4-foto-Adrian-@offdelcampo.jpg","contentUrl":"https:\/\/www.laguiadepamplona.com\/actualidad\/wp-content\/uploads\/2021\/07\/AA-Foto-unica-FORMATO-Show-COMPLETO-califato-3x4-foto-Adrian-@offdelcampo.jpg","width":1920,"height":1400},{"@type":"BreadcrumbList","@id":"https:\/\/www.laguiadepamplona.com\/actualidad\/el-rock-de-dvicio-y-la-musica-fusion-de-califato-%c2%be-y-carino-protagonizan-este-viernes-y-sabado-los-conciertos-de-noches-en-la-ciudadela\/#breadcrumb","itemListElement":[{"@type":"ListItem","position":1,"name":"Portada","item":"https:\/\/www.laguiadepamplona.com\/actualidad\/"},{"@type":"ListItem","position":2,"name":"El rock de Dvicio y la m\u00fasica fusi\u00f3n de Califato \u00be y Cari\u00f1o protagonizan este viernes y s\u00e1bado los conciertos de \u2018Noches en la Ciudadela\u2019"}]},{"@type":"WebSite","@id":"https:\/\/www.laguiadepamplona.com\/actualidad\/#website","url":"https:\/\/www.laguiadepamplona.com\/actualidad\/","name":"La gu\u00eda de Pamplona","description":"Noticias de Pamplona","publisher":{"@id":"https:\/\/www.laguiadepamplona.com\/actualidad\/#organization"},"potentialAction":[{"@type":"SearchAction","target":{"@type":"EntryPoint","urlTemplate":"https:\/\/www.laguiadepamplona.com\/actualidad\/?s={search_term_string}"},"query-input":{"@type":"PropertyValueSpecification","valueRequired":true,"valueName":"search_term_string"}}],"inLanguage":"es"},{"@type":"Organization","@id":"https:\/\/www.laguiadepamplona.com\/actualidad\/#organization","name":"La Gu\u00eda de Pamplona \/ Noticias","url":"https:\/\/www.laguiadepamplona.com\/actualidad\/","logo":{"@type":"ImageObject","inLanguage":"es","@id":"https:\/\/www.laguiadepamplona.com\/actualidad\/#\/schema\/logo\/image\/","url":"https:\/\/www.laguiadepamplona.com\/actualidad\/wp-content\/uploads\/2018\/11\/logo-laguiadepamplona18-web1.png","contentUrl":"https:\/\/www.laguiadepamplona.com\/actualidad\/wp-content\/uploads\/2018\/11\/logo-laguiadepamplona18-web1.png","width":600,"height":196,"caption":"La Gu\u00eda de Pamplona \/ Noticias"},"image":{"@id":"https:\/\/www.laguiadepamplona.com\/actualidad\/#\/schema\/logo\/image\/"},"sameAs":["https:\/\/www.facebook.com\/laguiadepamplonacom-133175176762273\/?ref=hl","https:\/\/x.com\/LaGuiadPamplona","https:\/\/www.instagram.com\/la_guia_de_pamplona\/","https:\/\/www.youtube.com\/user\/laguiadepamplona"]},{"@type":"Person","@id":"https:\/\/www.laguiadepamplona.com\/actualidad\/#\/schema\/person\/efe887376f0213d4657c93adc50b1fdb","name":"La Gu\u00eda de Pamplona","image":{"@type":"ImageObject","inLanguage":"es","@id":"https:\/\/secure.gravatar.com\/avatar\/b6992f131dc8d30ab0dff15446e9d346d9dbd95992de0fef795073f5ea83a81c?s=96&d=mm&r=g","url":"https:\/\/secure.gravatar.com\/avatar\/b6992f131dc8d30ab0dff15446e9d346d9dbd95992de0fef795073f5ea83a81c?s=96&d=mm&r=g","contentUrl":"https:\/\/secure.gravatar.com\/avatar\/b6992f131dc8d30ab0dff15446e9d346d9dbd95992de0fef795073f5ea83a81c?s=96&d=mm&r=g","caption":"La Gu\u00eda de Pamplona"}}]}},"post_mailing_queue_ids":[],"_links":{"self":[{"href":"https:\/\/www.laguiadepamplona.com\/actualidad\/wp-json\/wp\/v2\/posts\/35956","targetHints":{"allow":["GET"]}}],"collection":[{"href":"https:\/\/www.laguiadepamplona.com\/actualidad\/wp-json\/wp\/v2\/posts"}],"about":[{"href":"https:\/\/www.laguiadepamplona.com\/actualidad\/wp-json\/wp\/v2\/types\/post"}],"author":[{"embeddable":true,"href":"https:\/\/www.laguiadepamplona.com\/actualidad\/wp-json\/wp\/v2\/users\/1"}],"replies":[{"embeddable":true,"href":"https:\/\/www.laguiadepamplona.com\/actualidad\/wp-json\/wp\/v2\/comments?post=35956"}],"version-history":[{"count":0,"href":"https:\/\/www.laguiadepamplona.com\/actualidad\/wp-json\/wp\/v2\/posts\/35956\/revisions"}],"wp:featuredmedia":[{"embeddable":true,"href":"https:\/\/www.laguiadepamplona.com\/actualidad\/wp-json\/wp\/v2\/media\/35957"}],"wp:attachment":[{"href":"https:\/\/www.laguiadepamplona.com\/actualidad\/wp-json\/wp\/v2\/media?parent=35956"}],"wp:term":[{"taxonomy":"category","embeddable":true,"href":"https:\/\/www.laguiadepamplona.com\/actualidad\/wp-json\/wp\/v2\/categories?post=35956"},{"taxonomy":"post_tag","embeddable":true,"href":"https:\/\/www.laguiadepamplona.com\/actualidad\/wp-json\/wp\/v2\/tags?post=35956"}],"curies":[{"name":"wp","href":"https:\/\/api.w.org\/{rel}","templated":true}]}}