{"id":35945,"date":"2021-07-20T16:10:53","date_gmt":"2021-07-20T14:10:53","guid":{"rendered":"https:\/\/www.laguiadepamplona.com\/actualidad\/?p=35945"},"modified":"2023-04-11T11:49:13","modified_gmt":"2023-04-11T09:49:13","slug":"el-museo-de-educacion-ambiental-acoge-del-17-al-27-de-agosto-en-castellano-y-euskera-cuatro-talleres-infantiles-gratuitos-para-conectar-con-la-naturaleza","status":"publish","type":"post","link":"https:\/\/www.laguiadepamplona.com\/actualidad\/el-museo-de-educacion-ambiental-acoge-del-17-al-27-de-agosto-en-castellano-y-euskera-cuatro-talleres-infantiles-gratuitos-para-conectar-con-la-naturaleza\/","title":{"rendered":"El Museo de Educaci\u00f3n Ambiental acoge del 17 al 27 de agosto, en castellano y euskera, cuatro talleres infantiles gratuitos para conectar con la naturaleza"},"content":{"rendered":"<h5>Las inscripciones ya est\u00e1n abiertas en el tel\u00e9fono 010 \u2013 948 420 100; los talleres est\u00e1n dirigidos a menores de 6 a 12 a\u00f1os<\/h5>\n<p><!--more--><\/p>\n<p>El Ayuntamiento de Pamplona, a trav\u00e9s de su Equipo de Educaci\u00f3n Ambiental, propone para la segunda quincena de agosto cuatro talleres infantiles gratuitos para conectar con el medio ambiental, jugar y reflexionar. Est\u00e1n dirigidos a menores de 6 a 12 a\u00f1os y las inscripciones se pueden realizar ya en el tel\u00e9fono 010 \u2013 948 420 100. Del 17 al 20 de agosto se celebrar\u00e1n los talleres en castellano y del 24 al 27 de agosto los mismos talleres se impartir\u00e1n en euskera. Cada menor puede apuntarse a varios talleres.<\/p>\n<p>Los talleres propuestos tienen un doble objetivo. Por una parte, los menores se divierten y conocen a otros ni\u00f1os y ni\u00f1as con los que realizar los trabajos que se proponga en cada taller y, por otra, aprenden sobre el medio ambiente para ir asumiendo comportamientos respetuosos y sostenibles. Los talleres se desarrollar\u00e1n por la ma\u00f1ana, de 10.30 a 12.30 horas, y tratar\u00e1n en cada sesi\u00f3n uno de los cuatro elementos b\u00e1sicos, fuego, agua, tierra y aire, con propuestas de movimiento corporal, juegos y manualidades, basadas en la libre expresi\u00f3n y en la creatividad.<\/p>\n<p>Todas sesiones, tanto en castellano como en euskera, ser\u00e1n impartidas por Izaskun Robledo, con una amplia experiencia en talleres creativos para todo tipo de edades. Toda la informaci\u00f3n de la programaci\u00f3n del Museo de Educaci\u00f3n Ambiental para este verano se puede consultar en la web <a href=\"http:\/\/www.educacionambiental.pamplona.es\" target=\"_blank\" rel=\"noopener\">www.educacionambiental.pamplona.es<\/a>.<\/p>\n<p><script async src=\"\/\/pagead2.googlesyndication.com\/pagead\/js\/adsbygoogle.js\"><\/script><br \/>\n<!-- Noticias La Guia de Pamplona --><br \/>\n<ins class=\"adsbygoogle\"\nstyle=\"display:block\"\ndata-ad-client=\"ca-pub-6943679897239327\"\ndata-ad-slot=\"7048180777\"\ndata-ad-format=\"auto\"><\/ins><br \/>\n<script>\n(adsbygoogle = window.adsbygoogle || []).push({});\n<\/script><\/p>\n<p><strong>Talleres para conectar con el medio ambiente<\/strong><\/p>\n<p>En el primer taller, \u2018Encendamos el fuego\u2019, los martes 17 y 24 de agosto, se trabajar\u00e1 con el elemento simb\u00f3lico del fuego, a trav\u00e9s del movimiento corporal. El verano es una estaci\u00f3n en la que prima la luz del sol y su calor. Es el mismo fuego que est\u00e1 dentro del coraz\u00f3n y que da la chispa para vivir y estar en relaci\u00f3n entre unas y otras personas. Durante la sesi\u00f3n se buscar\u00e1 la llama del fuego y se crear\u00e1n para ello velas con materiales naturales.<\/p>\n<p>Los mi\u00e9rcoles 18 y 25 se optar\u00e1 por el agua. En \u2018Nadando en el agua\u2019 se conocer\u00e1 el ciclo del agua y se jugar\u00e1 con ella. A trav\u00e9s del paisaje y los habitantes del r\u00edo, se realizar\u00e1 un mural para representarlo. El agua es vida, para las plantas y tambi\u00e9n para las personas. El planeta Tierra es en su mayor\u00eda agua, igual que el cuerpo humano.<\/p>\n<p>\u2018Latimos con la tierra\u2019 es el t\u00edtulo del taller de los jueves 19 y 26 de agosto. La tierra es el lugar donde crecen las plantas, imprescindibles para el resto de habitantes. A las personas la tierra les ayuda tambi\u00e9n a enraizarse y sostenerse. Durante el taller se experimentar\u00e1 con esa sensaci\u00f3n y se jugar\u00e1 con el barro para crear diferentes figuras.<\/p>\n<p>Por \u00faltimo, los viernes 20 y 27 de agosto se centrar\u00e1n en el aire. El aire es movimiento, aporta direcci\u00f3n, es ligero y tiene la cualidad de volar como los p\u00e1jaros. En \u2018\u00a1Que nos lleva el aire!\u2019<strong>\u00a0s<\/strong>e jugar\u00e1 con este elemento para crear molinillos de viento hechos a mano.<\/p>\n","protected":false},"excerpt":{"rendered":"<p>Las inscripciones ya est\u00e1n abiertas en el tel\u00e9fono 010 \u2013 948 420 100; los talleres est\u00e1n dirigidos a menores de 6 a 12 a\u00f1os<\/p>\n","protected":false},"author":1,"featured_media":32687,"comment_status":"open","ping_status":"closed","sticky":false,"template":"","format":"standard","meta":{"footnotes":""},"categories":[2],"tags":[],"class_list":["post-35945","post","type-post","status-publish","format-standard","has-post-thumbnail","hentry","category-ayuntamiento-pamplona"],"yoast_head":"<!-- This site is optimized with the Yoast SEO plugin v27.5 - https:\/\/yoast.com\/product\/yoast-seo-wordpress\/ -->\n<title>El Museo de Educaci\u00f3n Ambiental acoge del 17 al 27 de agosto, en castellano y euskera, cuatro talleres infantiles gratuitos para conectar con la naturaleza<\/title>\n<meta name=\"description\" content=\"Las inscripciones ya est\u00e1n abiertas en el tel\u00e9fono 010 \u2013 948 420 100; los talleres est\u00e1n dirigidos a menores de 6 a 12 a\u00f1os\" \/>\n<meta name=\"robots\" content=\"index, follow, max-snippet:-1, max-image-preview:large, max-video-preview:-1\" \/>\n<link rel=\"canonical\" href=\"https:\/\/www.laguiadepamplona.com\/actualidad\/el-museo-de-educacion-ambiental-acoge-del-17-al-27-de-agosto-en-castellano-y-euskera-cuatro-talleres-infantiles-gratuitos-para-conectar-con-la-naturaleza\/\" \/>\n<meta property=\"og:locale\" content=\"es_ES\" \/>\n<meta property=\"og:type\" content=\"article\" \/>\n<meta property=\"og:title\" content=\"El Museo de Educaci\u00f3n Ambiental acoge del 17 al 27 de agosto, en castellano y euskera, cuatro talleres infantiles gratuitos para conectar con la naturaleza\" \/>\n<meta property=\"og:description\" content=\"Las inscripciones ya est\u00e1n abiertas en el tel\u00e9fono 010 \u2013 948 420 100; los talleres est\u00e1n dirigidos a menores de 6 a 12 a\u00f1os\" \/>\n<meta property=\"og:url\" content=\"https:\/\/www.laguiadepamplona.com\/actualidad\/el-museo-de-educacion-ambiental-acoge-del-17-al-27-de-agosto-en-castellano-y-euskera-cuatro-talleres-infantiles-gratuitos-para-conectar-con-la-naturaleza\/\" \/>\n<meta property=\"og:site_name\" content=\"La Gu\u00eda de Pamplona\" \/>\n<meta property=\"article:publisher\" content=\"https:\/\/www.facebook.com\/laguiadepamplonacom-133175176762273\/?ref=hl\" \/>\n<meta property=\"article:published_time\" content=\"2021-07-20T14:10:53+00:00\" \/>\n<meta property=\"article:modified_time\" content=\"2023-04-11T09:49:13+00:00\" \/>\n<meta property=\"og:image\" content=\"https:\/\/www.laguiadepamplona.com\/actualidad\/wp-content\/uploads\/2021\/01\/museo-educacion-ambiental.jpg\" \/>\n\t<meta property=\"og:image:width\" content=\"1920\" \/>\n\t<meta property=\"og:image:height\" content=\"1059\" \/>\n\t<meta property=\"og:image:type\" content=\"image\/jpeg\" \/>\n<meta name=\"author\" content=\"La Gu\u00eda de Pamplona\" \/>\n<meta name=\"twitter:card\" content=\"summary_large_image\" \/>\n<meta name=\"twitter:creator\" content=\"@LaGuiadPamplona\" \/>\n<meta name=\"twitter:site\" content=\"@LaGuiadPamplona\" \/>\n<meta name=\"twitter:label1\" content=\"Escrito por\" \/>\n\t<meta name=\"twitter:data1\" content=\"La Gu\u00eda de Pamplona\" \/>\n\t<meta name=\"twitter:label2\" content=\"Tiempo de lectura\" \/>\n\t<meta name=\"twitter:data2\" content=\"3 minutos\" \/>\n<script type=\"application\/ld+json\" class=\"yoast-schema-graph\">{\"@context\":\"https:\\\/\\\/schema.org\",\"@graph\":[{\"@type\":\"Article\",\"@id\":\"https:\\\/\\\/www.laguiadepamplona.com\\\/actualidad\\\/el-museo-de-educacion-ambiental-acoge-del-17-al-27-de-agosto-en-castellano-y-euskera-cuatro-talleres-infantiles-gratuitos-para-conectar-con-la-naturaleza\\\/#article\",\"isPartOf\":{\"@id\":\"https:\\\/\\\/www.laguiadepamplona.com\\\/actualidad\\\/el-museo-de-educacion-ambiental-acoge-del-17-al-27-de-agosto-en-castellano-y-euskera-cuatro-talleres-infantiles-gratuitos-para-conectar-con-la-naturaleza\\\/\"},\"author\":{\"name\":\"La Gu\u00eda de Pamplona\",\"@id\":\"https:\\\/\\\/www.laguiadepamplona.com\\\/actualidad\\\/#\\\/schema\\\/person\\\/efe887376f0213d4657c93adc50b1fdb\"},\"headline\":\"El Museo de Educaci\u00f3n Ambiental acoge del 17 al 27 de agosto, en castellano y euskera, cuatro talleres infantiles gratuitos para conectar con la naturaleza\",\"datePublished\":\"2021-07-20T14:10:53+00:00\",\"dateModified\":\"2023-04-11T09:49:13+00:00\",\"mainEntityOfPage\":{\"@id\":\"https:\\\/\\\/www.laguiadepamplona.com\\\/actualidad\\\/el-museo-de-educacion-ambiental-acoge-del-17-al-27-de-agosto-en-castellano-y-euskera-cuatro-talleres-infantiles-gratuitos-para-conectar-con-la-naturaleza\\\/\"},\"wordCount\":563,\"commentCount\":0,\"publisher\":{\"@id\":\"https:\\\/\\\/www.laguiadepamplona.com\\\/actualidad\\\/#organization\"},\"image\":{\"@id\":\"https:\\\/\\\/www.laguiadepamplona.com\\\/actualidad\\\/el-museo-de-educacion-ambiental-acoge-del-17-al-27-de-agosto-en-castellano-y-euskera-cuatro-talleres-infantiles-gratuitos-para-conectar-con-la-naturaleza\\\/#primaryimage\"},\"thumbnailUrl\":\"https:\\\/\\\/www.laguiadepamplona.com\\\/actualidad\\\/wp-content\\\/uploads\\\/2021\\\/01\\\/museo-educacion-ambiental.jpg\",\"articleSection\":[\"Ayto Pamplona\"],\"inLanguage\":\"es\",\"potentialAction\":[{\"@type\":\"CommentAction\",\"name\":\"Comment\",\"target\":[\"https:\\\/\\\/www.laguiadepamplona.com\\\/actualidad\\\/el-museo-de-educacion-ambiental-acoge-del-17-al-27-de-agosto-en-castellano-y-euskera-cuatro-talleres-infantiles-gratuitos-para-conectar-con-la-naturaleza\\\/#respond\"]}]},{\"@type\":\"WebPage\",\"@id\":\"https:\\\/\\\/www.laguiadepamplona.com\\\/actualidad\\\/el-museo-de-educacion-ambiental-acoge-del-17-al-27-de-agosto-en-castellano-y-euskera-cuatro-talleres-infantiles-gratuitos-para-conectar-con-la-naturaleza\\\/\",\"url\":\"https:\\\/\\\/www.laguiadepamplona.com\\\/actualidad\\\/el-museo-de-educacion-ambiental-acoge-del-17-al-27-de-agosto-en-castellano-y-euskera-cuatro-talleres-infantiles-gratuitos-para-conectar-con-la-naturaleza\\\/\",\"name\":\"El Museo de Educaci\u00f3n Ambiental acoge del 17 al 27 de agosto, en castellano y euskera, cuatro talleres infantiles gratuitos para conectar con la naturaleza\",\"isPartOf\":{\"@id\":\"https:\\\/\\\/www.laguiadepamplona.com\\\/actualidad\\\/#website\"},\"primaryImageOfPage\":{\"@id\":\"https:\\\/\\\/www.laguiadepamplona.com\\\/actualidad\\\/el-museo-de-educacion-ambiental-acoge-del-17-al-27-de-agosto-en-castellano-y-euskera-cuatro-talleres-infantiles-gratuitos-para-conectar-con-la-naturaleza\\\/#primaryimage\"},\"image\":{\"@id\":\"https:\\\/\\\/www.laguiadepamplona.com\\\/actualidad\\\/el-museo-de-educacion-ambiental-acoge-del-17-al-27-de-agosto-en-castellano-y-euskera-cuatro-talleres-infantiles-gratuitos-para-conectar-con-la-naturaleza\\\/#primaryimage\"},\"thumbnailUrl\":\"https:\\\/\\\/www.laguiadepamplona.com\\\/actualidad\\\/wp-content\\\/uploads\\\/2021\\\/01\\\/museo-educacion-ambiental.jpg\",\"datePublished\":\"2021-07-20T14:10:53+00:00\",\"dateModified\":\"2023-04-11T09:49:13+00:00\",\"description\":\"Las inscripciones ya est\u00e1n abiertas en el tel\u00e9fono 010 \u2013 948 420 100; los talleres est\u00e1n dirigidos a menores de 6 a 12 a\u00f1os\",\"breadcrumb\":{\"@id\":\"https:\\\/\\\/www.laguiadepamplona.com\\\/actualidad\\\/el-museo-de-educacion-ambiental-acoge-del-17-al-27-de-agosto-en-castellano-y-euskera-cuatro-talleres-infantiles-gratuitos-para-conectar-con-la-naturaleza\\\/#breadcrumb\"},\"inLanguage\":\"es\",\"potentialAction\":[{\"@type\":\"ReadAction\",\"target\":[\"https:\\\/\\\/www.laguiadepamplona.com\\\/actualidad\\\/el-museo-de-educacion-ambiental-acoge-del-17-al-27-de-agosto-en-castellano-y-euskera-cuatro-talleres-infantiles-gratuitos-para-conectar-con-la-naturaleza\\\/\"]}]},{\"@type\":\"ImageObject\",\"inLanguage\":\"es\",\"@id\":\"https:\\\/\\\/www.laguiadepamplona.com\\\/actualidad\\\/el-museo-de-educacion-ambiental-acoge-del-17-al-27-de-agosto-en-castellano-y-euskera-cuatro-talleres-infantiles-gratuitos-para-conectar-con-la-naturaleza\\\/#primaryimage\",\"url\":\"https:\\\/\\\/www.laguiadepamplona.com\\\/actualidad\\\/wp-content\\\/uploads\\\/2021\\\/01\\\/museo-educacion-ambiental.jpg\",\"contentUrl\":\"https:\\\/\\\/www.laguiadepamplona.com\\\/actualidad\\\/wp-content\\\/uploads\\\/2021\\\/01\\\/museo-educacion-ambiental.jpg\",\"width\":1920,\"height\":1059},{\"@type\":\"BreadcrumbList\",\"@id\":\"https:\\\/\\\/www.laguiadepamplona.com\\\/actualidad\\\/el-museo-de-educacion-ambiental-acoge-del-17-al-27-de-agosto-en-castellano-y-euskera-cuatro-talleres-infantiles-gratuitos-para-conectar-con-la-naturaleza\\\/#breadcrumb\",\"itemListElement\":[{\"@type\":\"ListItem\",\"position\":1,\"name\":\"Portada\",\"item\":\"https:\\\/\\\/www.laguiadepamplona.com\\\/actualidad\\\/\"},{\"@type\":\"ListItem\",\"position\":2,\"name\":\"El Museo de Educaci\u00f3n Ambiental acoge del 17 al 27 de agosto, en castellano y euskera, cuatro talleres infantiles gratuitos para conectar con la naturaleza\"}]},{\"@type\":\"WebSite\",\"@id\":\"https:\\\/\\\/www.laguiadepamplona.com\\\/actualidad\\\/#website\",\"url\":\"https:\\\/\\\/www.laguiadepamplona.com\\\/actualidad\\\/\",\"name\":\"La gu\u00eda de Pamplona\",\"description\":\"Noticias de Pamplona\",\"publisher\":{\"@id\":\"https:\\\/\\\/www.laguiadepamplona.com\\\/actualidad\\\/#organization\"},\"potentialAction\":[{\"@type\":\"SearchAction\",\"target\":{\"@type\":\"EntryPoint\",\"urlTemplate\":\"https:\\\/\\\/www.laguiadepamplona.com\\\/actualidad\\\/?s={search_term_string}\"},\"query-input\":{\"@type\":\"PropertyValueSpecification\",\"valueRequired\":true,\"valueName\":\"search_term_string\"}}],\"inLanguage\":\"es\"},{\"@type\":\"Organization\",\"@id\":\"https:\\\/\\\/www.laguiadepamplona.com\\\/actualidad\\\/#organization\",\"name\":\"La Gu\u00eda de Pamplona \\\/ Noticias\",\"url\":\"https:\\\/\\\/www.laguiadepamplona.com\\\/actualidad\\\/\",\"logo\":{\"@type\":\"ImageObject\",\"inLanguage\":\"es\",\"@id\":\"https:\\\/\\\/www.laguiadepamplona.com\\\/actualidad\\\/#\\\/schema\\\/logo\\\/image\\\/\",\"url\":\"https:\\\/\\\/www.laguiadepamplona.com\\\/actualidad\\\/wp-content\\\/uploads\\\/2018\\\/11\\\/logo-laguiadepamplona18-web1.png\",\"contentUrl\":\"https:\\\/\\\/www.laguiadepamplona.com\\\/actualidad\\\/wp-content\\\/uploads\\\/2018\\\/11\\\/logo-laguiadepamplona18-web1.png\",\"width\":600,\"height\":196,\"caption\":\"La Gu\u00eda de Pamplona \\\/ Noticias\"},\"image\":{\"@id\":\"https:\\\/\\\/www.laguiadepamplona.com\\\/actualidad\\\/#\\\/schema\\\/logo\\\/image\\\/\"},\"sameAs\":[\"https:\\\/\\\/www.facebook.com\\\/laguiadepamplonacom-133175176762273\\\/?ref=hl\",\"https:\\\/\\\/x.com\\\/LaGuiadPamplona\",\"https:\\\/\\\/www.instagram.com\\\/la_guia_de_pamplona\\\/\",\"https:\\\/\\\/www.youtube.com\\\/user\\\/laguiadepamplona\"]},{\"@type\":\"Person\",\"@id\":\"https:\\\/\\\/www.laguiadepamplona.com\\\/actualidad\\\/#\\\/schema\\\/person\\\/efe887376f0213d4657c93adc50b1fdb\",\"name\":\"La Gu\u00eda de Pamplona\",\"image\":{\"@type\":\"ImageObject\",\"inLanguage\":\"es\",\"@id\":\"https:\\\/\\\/secure.gravatar.com\\\/avatar\\\/b6992f131dc8d30ab0dff15446e9d346d9dbd95992de0fef795073f5ea83a81c?s=96&d=mm&r=g\",\"url\":\"https:\\\/\\\/secure.gravatar.com\\\/avatar\\\/b6992f131dc8d30ab0dff15446e9d346d9dbd95992de0fef795073f5ea83a81c?s=96&d=mm&r=g\",\"contentUrl\":\"https:\\\/\\\/secure.gravatar.com\\\/avatar\\\/b6992f131dc8d30ab0dff15446e9d346d9dbd95992de0fef795073f5ea83a81c?s=96&d=mm&r=g\",\"caption\":\"La Gu\u00eda de Pamplona\"}}]}<\/script>\n<!-- \/ Yoast SEO plugin. -->","yoast_head_json":{"title":"El Museo de Educaci\u00f3n Ambiental acoge del 17 al 27 de agosto, en castellano y euskera, cuatro talleres infantiles gratuitos para conectar con la naturaleza","description":"Las inscripciones ya est\u00e1n abiertas en el tel\u00e9fono 010 \u2013 948 420 100; los talleres est\u00e1n dirigidos a menores de 6 a 12 a\u00f1os","robots":{"index":"index","follow":"follow","max-snippet":"max-snippet:-1","max-image-preview":"max-image-preview:large","max-video-preview":"max-video-preview:-1"},"canonical":"https:\/\/www.laguiadepamplona.com\/actualidad\/el-museo-de-educacion-ambiental-acoge-del-17-al-27-de-agosto-en-castellano-y-euskera-cuatro-talleres-infantiles-gratuitos-para-conectar-con-la-naturaleza\/","og_locale":"es_ES","og_type":"article","og_title":"El Museo de Educaci\u00f3n Ambiental acoge del 17 al 27 de agosto, en castellano y euskera, cuatro talleres infantiles gratuitos para conectar con la naturaleza","og_description":"Las inscripciones ya est\u00e1n abiertas en el tel\u00e9fono 010 \u2013 948 420 100; los talleres est\u00e1n dirigidos a menores de 6 a 12 a\u00f1os","og_url":"https:\/\/www.laguiadepamplona.com\/actualidad\/el-museo-de-educacion-ambiental-acoge-del-17-al-27-de-agosto-en-castellano-y-euskera-cuatro-talleres-infantiles-gratuitos-para-conectar-con-la-naturaleza\/","og_site_name":"La Gu\u00eda de Pamplona","article_publisher":"https:\/\/www.facebook.com\/laguiadepamplonacom-133175176762273\/?ref=hl","article_published_time":"2021-07-20T14:10:53+00:00","article_modified_time":"2023-04-11T09:49:13+00:00","og_image":[{"width":1920,"height":1059,"url":"https:\/\/www.laguiadepamplona.com\/actualidad\/wp-content\/uploads\/2021\/01\/museo-educacion-ambiental.jpg","type":"image\/jpeg"}],"author":"La Gu\u00eda de Pamplona","twitter_card":"summary_large_image","twitter_creator":"@LaGuiadPamplona","twitter_site":"@LaGuiadPamplona","twitter_misc":{"Escrito por":"La Gu\u00eda de Pamplona","Tiempo de lectura":"3 minutos"},"schema":{"@context":"https:\/\/schema.org","@graph":[{"@type":"Article","@id":"https:\/\/www.laguiadepamplona.com\/actualidad\/el-museo-de-educacion-ambiental-acoge-del-17-al-27-de-agosto-en-castellano-y-euskera-cuatro-talleres-infantiles-gratuitos-para-conectar-con-la-naturaleza\/#article","isPartOf":{"@id":"https:\/\/www.laguiadepamplona.com\/actualidad\/el-museo-de-educacion-ambiental-acoge-del-17-al-27-de-agosto-en-castellano-y-euskera-cuatro-talleres-infantiles-gratuitos-para-conectar-con-la-naturaleza\/"},"author":{"name":"La Gu\u00eda de Pamplona","@id":"https:\/\/www.laguiadepamplona.com\/actualidad\/#\/schema\/person\/efe887376f0213d4657c93adc50b1fdb"},"headline":"El Museo de Educaci\u00f3n Ambiental acoge del 17 al 27 de agosto, en castellano y euskera, cuatro talleres infantiles gratuitos para conectar con la naturaleza","datePublished":"2021-07-20T14:10:53+00:00","dateModified":"2023-04-11T09:49:13+00:00","mainEntityOfPage":{"@id":"https:\/\/www.laguiadepamplona.com\/actualidad\/el-museo-de-educacion-ambiental-acoge-del-17-al-27-de-agosto-en-castellano-y-euskera-cuatro-talleres-infantiles-gratuitos-para-conectar-con-la-naturaleza\/"},"wordCount":563,"commentCount":0,"publisher":{"@id":"https:\/\/www.laguiadepamplona.com\/actualidad\/#organization"},"image":{"@id":"https:\/\/www.laguiadepamplona.com\/actualidad\/el-museo-de-educacion-ambiental-acoge-del-17-al-27-de-agosto-en-castellano-y-euskera-cuatro-talleres-infantiles-gratuitos-para-conectar-con-la-naturaleza\/#primaryimage"},"thumbnailUrl":"https:\/\/www.laguiadepamplona.com\/actualidad\/wp-content\/uploads\/2021\/01\/museo-educacion-ambiental.jpg","articleSection":["Ayto Pamplona"],"inLanguage":"es","potentialAction":[{"@type":"CommentAction","name":"Comment","target":["https:\/\/www.laguiadepamplona.com\/actualidad\/el-museo-de-educacion-ambiental-acoge-del-17-al-27-de-agosto-en-castellano-y-euskera-cuatro-talleres-infantiles-gratuitos-para-conectar-con-la-naturaleza\/#respond"]}]},{"@type":"WebPage","@id":"https:\/\/www.laguiadepamplona.com\/actualidad\/el-museo-de-educacion-ambiental-acoge-del-17-al-27-de-agosto-en-castellano-y-euskera-cuatro-talleres-infantiles-gratuitos-para-conectar-con-la-naturaleza\/","url":"https:\/\/www.laguiadepamplona.com\/actualidad\/el-museo-de-educacion-ambiental-acoge-del-17-al-27-de-agosto-en-castellano-y-euskera-cuatro-talleres-infantiles-gratuitos-para-conectar-con-la-naturaleza\/","name":"El Museo de Educaci\u00f3n Ambiental acoge del 17 al 27 de agosto, en castellano y euskera, cuatro talleres infantiles gratuitos para conectar con la naturaleza","isPartOf":{"@id":"https:\/\/www.laguiadepamplona.com\/actualidad\/#website"},"primaryImageOfPage":{"@id":"https:\/\/www.laguiadepamplona.com\/actualidad\/el-museo-de-educacion-ambiental-acoge-del-17-al-27-de-agosto-en-castellano-y-euskera-cuatro-talleres-infantiles-gratuitos-para-conectar-con-la-naturaleza\/#primaryimage"},"image":{"@id":"https:\/\/www.laguiadepamplona.com\/actualidad\/el-museo-de-educacion-ambiental-acoge-del-17-al-27-de-agosto-en-castellano-y-euskera-cuatro-talleres-infantiles-gratuitos-para-conectar-con-la-naturaleza\/#primaryimage"},"thumbnailUrl":"https:\/\/www.laguiadepamplona.com\/actualidad\/wp-content\/uploads\/2021\/01\/museo-educacion-ambiental.jpg","datePublished":"2021-07-20T14:10:53+00:00","dateModified":"2023-04-11T09:49:13+00:00","description":"Las inscripciones ya est\u00e1n abiertas en el tel\u00e9fono 010 \u2013 948 420 100; los talleres est\u00e1n dirigidos a menores de 6 a 12 a\u00f1os","breadcrumb":{"@id":"https:\/\/www.laguiadepamplona.com\/actualidad\/el-museo-de-educacion-ambiental-acoge-del-17-al-27-de-agosto-en-castellano-y-euskera-cuatro-talleres-infantiles-gratuitos-para-conectar-con-la-naturaleza\/#breadcrumb"},"inLanguage":"es","potentialAction":[{"@type":"ReadAction","target":["https:\/\/www.laguiadepamplona.com\/actualidad\/el-museo-de-educacion-ambiental-acoge-del-17-al-27-de-agosto-en-castellano-y-euskera-cuatro-talleres-infantiles-gratuitos-para-conectar-con-la-naturaleza\/"]}]},{"@type":"ImageObject","inLanguage":"es","@id":"https:\/\/www.laguiadepamplona.com\/actualidad\/el-museo-de-educacion-ambiental-acoge-del-17-al-27-de-agosto-en-castellano-y-euskera-cuatro-talleres-infantiles-gratuitos-para-conectar-con-la-naturaleza\/#primaryimage","url":"https:\/\/www.laguiadepamplona.com\/actualidad\/wp-content\/uploads\/2021\/01\/museo-educacion-ambiental.jpg","contentUrl":"https:\/\/www.laguiadepamplona.com\/actualidad\/wp-content\/uploads\/2021\/01\/museo-educacion-ambiental.jpg","width":1920,"height":1059},{"@type":"BreadcrumbList","@id":"https:\/\/www.laguiadepamplona.com\/actualidad\/el-museo-de-educacion-ambiental-acoge-del-17-al-27-de-agosto-en-castellano-y-euskera-cuatro-talleres-infantiles-gratuitos-para-conectar-con-la-naturaleza\/#breadcrumb","itemListElement":[{"@type":"ListItem","position":1,"name":"Portada","item":"https:\/\/www.laguiadepamplona.com\/actualidad\/"},{"@type":"ListItem","position":2,"name":"El Museo de Educaci\u00f3n Ambiental acoge del 17 al 27 de agosto, en castellano y euskera, cuatro talleres infantiles gratuitos para conectar con la naturaleza"}]},{"@type":"WebSite","@id":"https:\/\/www.laguiadepamplona.com\/actualidad\/#website","url":"https:\/\/www.laguiadepamplona.com\/actualidad\/","name":"La gu\u00eda de Pamplona","description":"Noticias de Pamplona","publisher":{"@id":"https:\/\/www.laguiadepamplona.com\/actualidad\/#organization"},"potentialAction":[{"@type":"SearchAction","target":{"@type":"EntryPoint","urlTemplate":"https:\/\/www.laguiadepamplona.com\/actualidad\/?s={search_term_string}"},"query-input":{"@type":"PropertyValueSpecification","valueRequired":true,"valueName":"search_term_string"}}],"inLanguage":"es"},{"@type":"Organization","@id":"https:\/\/www.laguiadepamplona.com\/actualidad\/#organization","name":"La Gu\u00eda de Pamplona \/ Noticias","url":"https:\/\/www.laguiadepamplona.com\/actualidad\/","logo":{"@type":"ImageObject","inLanguage":"es","@id":"https:\/\/www.laguiadepamplona.com\/actualidad\/#\/schema\/logo\/image\/","url":"https:\/\/www.laguiadepamplona.com\/actualidad\/wp-content\/uploads\/2018\/11\/logo-laguiadepamplona18-web1.png","contentUrl":"https:\/\/www.laguiadepamplona.com\/actualidad\/wp-content\/uploads\/2018\/11\/logo-laguiadepamplona18-web1.png","width":600,"height":196,"caption":"La Gu\u00eda de Pamplona \/ Noticias"},"image":{"@id":"https:\/\/www.laguiadepamplona.com\/actualidad\/#\/schema\/logo\/image\/"},"sameAs":["https:\/\/www.facebook.com\/laguiadepamplonacom-133175176762273\/?ref=hl","https:\/\/x.com\/LaGuiadPamplona","https:\/\/www.instagram.com\/la_guia_de_pamplona\/","https:\/\/www.youtube.com\/user\/laguiadepamplona"]},{"@type":"Person","@id":"https:\/\/www.laguiadepamplona.com\/actualidad\/#\/schema\/person\/efe887376f0213d4657c93adc50b1fdb","name":"La Gu\u00eda de Pamplona","image":{"@type":"ImageObject","inLanguage":"es","@id":"https:\/\/secure.gravatar.com\/avatar\/b6992f131dc8d30ab0dff15446e9d346d9dbd95992de0fef795073f5ea83a81c?s=96&d=mm&r=g","url":"https:\/\/secure.gravatar.com\/avatar\/b6992f131dc8d30ab0dff15446e9d346d9dbd95992de0fef795073f5ea83a81c?s=96&d=mm&r=g","contentUrl":"https:\/\/secure.gravatar.com\/avatar\/b6992f131dc8d30ab0dff15446e9d346d9dbd95992de0fef795073f5ea83a81c?s=96&d=mm&r=g","caption":"La Gu\u00eda de Pamplona"}}]}},"post_mailing_queue_ids":[],"_links":{"self":[{"href":"https:\/\/www.laguiadepamplona.com\/actualidad\/wp-json\/wp\/v2\/posts\/35945","targetHints":{"allow":["GET"]}}],"collection":[{"href":"https:\/\/www.laguiadepamplona.com\/actualidad\/wp-json\/wp\/v2\/posts"}],"about":[{"href":"https:\/\/www.laguiadepamplona.com\/actualidad\/wp-json\/wp\/v2\/types\/post"}],"author":[{"embeddable":true,"href":"https:\/\/www.laguiadepamplona.com\/actualidad\/wp-json\/wp\/v2\/users\/1"}],"replies":[{"embeddable":true,"href":"https:\/\/www.laguiadepamplona.com\/actualidad\/wp-json\/wp\/v2\/comments?post=35945"}],"version-history":[{"count":0,"href":"https:\/\/www.laguiadepamplona.com\/actualidad\/wp-json\/wp\/v2\/posts\/35945\/revisions"}],"wp:featuredmedia":[{"embeddable":true,"href":"https:\/\/www.laguiadepamplona.com\/actualidad\/wp-json\/wp\/v2\/media\/32687"}],"wp:attachment":[{"href":"https:\/\/www.laguiadepamplona.com\/actualidad\/wp-json\/wp\/v2\/media?parent=35945"}],"wp:term":[{"taxonomy":"category","embeddable":true,"href":"https:\/\/www.laguiadepamplona.com\/actualidad\/wp-json\/wp\/v2\/categories?post=35945"},{"taxonomy":"post_tag","embeddable":true,"href":"https:\/\/www.laguiadepamplona.com\/actualidad\/wp-json\/wp\/v2\/tags?post=35945"}],"curies":[{"name":"wp","href":"https:\/\/api.w.org\/{rel}","templated":true}]}}