{"id":35888,"date":"2021-07-13T14:56:42","date_gmt":"2021-07-13T12:56:42","guid":{"rendered":"https:\/\/www.laguiadepamplona.com\/actualidad\/?p=35888"},"modified":"2023-04-11T11:49:14","modified_gmt":"2023-04-11T09:49:14","slug":"tono-benavides-en-la-modalidad-de-castellano-y-lierni-azkagorta-en-la-de-euskera-ganan-el-xv-premio-internacional-de-poesia-ciudad-de-pamplona","status":"publish","type":"post","link":"https:\/\/www.laguiadepamplona.com\/actualidad\/tono-benavides-en-la-modalidad-de-castellano-y-lierni-azkagorta-en-la-de-euskera-ganan-el-xv-premio-internacional-de-poesia-ciudad-de-pamplona\/","title":{"rendered":"To\u00f1o Benavides, en la modalidad de castellano, y Lierni Azkagorta, en la de euskera, ganan el XV Premio Internacional de Poes\u00eda Ciudad de Pamplona"},"content":{"rendered":"<h5>Se presentaron 482 poemarios a un premio impulsado Ayuntamiento de Pamplona y Ateneo Navarro\/Nafar Ateneoa<\/h5>\n<p><!--more--><\/p>\n<p>To\u00f1o Benavides Gonz\u00e1lez en la modalidad de castellano con la obra \u2018Panor\u00e1mica\u2019 y Lierni Azkargorta Ruiz de Egino en la de euskera con \u2018Eripoema\u2019 han ganado el XV Premio Internacional de Poes\u00eda \u2018Ciudad de Pamplona-Iru\u00f1a Hiria\u2019 impulsado por el Ayuntamiento de Pamplona y el Ateneo Navarro\/Nafar Ateneoa. Para la puesta en marcha del certamen, el Consistorio pamplon\u00e9s ha firmado un convenio con el Ateneo navarro por el que asume un gasto de 6.000 euros destinado a los dos premios en met\u00e1lico, dotados con 3.000 euros en cada modalidad. El objetivo de esta iniciativa es fomentar y difundir de la creaci\u00f3n literaria y promover a sus autores. Adem\u00e1s del premio en met\u00e1lico, el galard\u00f3n conlleva la publicaci\u00f3n de los poemarios ganadores en castellano y euskera.<\/p>\n<p>Al concurso se han presentado un total de 482 poemarios, de los que 464 son en castellano y 18 en euskera, cifras muy similares en castellano e id\u00e9nticas en euskera respecto a 2020. En la pasada edici\u00f3n, se recibieron 475 poemarios, casi un 30% m\u00e1s que el a\u00f1o anterior. De ellos, 457 estaban escritos en castellano y 18 en euskera. Tambi\u00e9n se ha mantenido la tendencia de las obras llegadas por internet, el 97,84% en castellano y el 100% en euskera.<\/p>\n<p>La media de edad es de las personas participantes en castellano es de 45 a\u00f1os, destacando por su juventud 2 personas de 15 a\u00f1os, 1 de 19, 1 de 21, 3 de 23 y 1 de 24 y por su veteran\u00eda, una persona participante de 93 a\u00f1os. En euskera la media de edad baja a los 34 a\u00f1os, habiendo una persona participante de 17 a\u00f1os, otra de 18 y 5 entre 26 y 35 a\u00f1os, siendo la de mayor edad de 66 a\u00f1os.<\/p>\n<p><script async src=\"\/\/pagead2.googlesyndication.com\/pagead\/js\/adsbygoogle.js\"><\/script><br \/>\n<!-- Noticias La Guia de Pamplona --><br \/>\n<ins class=\"adsbygoogle\"\nstyle=\"display:block\"\ndata-ad-client=\"ca-pub-6943679897239327\"\ndata-ad-slot=\"7048180777\"\ndata-ad-format=\"auto\"><\/ins><br \/>\n<script>\n(adsbygoogle = window.adsbygoogle || []).push({});\n<\/script><\/p>\n<p><strong>En la modalidad de castellano el 34% de las obras llegaron del extranjero<\/strong><\/p>\n<p>El 66% de las obras presentadas en castellano (307 de las 464) tienen procedencia nacional y el 34% son extranjeras (157). Dos son de origen desconocido. En esta edici\u00f3n las autonom\u00edas con m\u00e1s obras presentadas ha sido Andaluc\u00eda con 57, seguida de Madrid con 55. La lista se completa con Catalu\u00f1a y Comunidad Valenciana, ambas con 21, Euskadi con 19, Castilla la Mancha con 18, Navarra con 17, Castilla y Le\u00f3n con 15, Galicia con 13, Arag\u00f3n con 12, Asturias con 11, Murcia con 10, Extremadura e Islas Canarias con 9, Cantabria con 8, Baleares con 7, La Rioja con 3 y 2 de origen desconocido.<\/p>\n<p>Entre los poemarios recibidos desde el extranjero destacan los 33 de Argentina, 27 de Cuba, 22 de M\u00e9xico, 18 de Colombia, 10 de Chile, 9 de Per\u00fa, 8 de Venezuela, 5 de EEUU, 5 de Uruguay, 3 de Costa Rica, 2 de Bolivia, Ecuador, El Salvador, Francia, Italia y comparten 1 poemario Alemania, Canad\u00e1, Dinamarca, Guatemala, Israel, Paraguay, Portugal y Puerto Rico.<\/p>\n<p>De las 18 obras recibidas en euskera 8 son de Gipuzkoa, 2 de Bizkaia, 5 de Navarra y 3 de origen desconocido.<\/p>\n<p><script async src=\"\/\/pagead2.googlesyndication.com\/pagead\/js\/adsbygoogle.js\"><\/script><br \/>\n<!-- Noticias La Guia de Pamplona --><br \/>\n<ins class=\"adsbygoogle\"\nstyle=\"display:block\"\ndata-ad-client=\"ca-pub-6943679897239327\"\ndata-ad-slot=\"7048180777\"\ndata-ad-format=\"auto\"><\/ins><br \/>\n<script>\n(adsbygoogle = window.adsbygoogle || []).push({});\n<\/script><\/p>\n<p><strong>To\u00f1o Benavides, ilustrador y escritor con numerosos galardones<\/strong><\/p>\n<p>To\u00f1o Benavides Gonz\u00e1les (Le\u00f3n, 1961)) es ilustrador y escritor. Ha recibido diversos premios por su larga trayectoria como ilustrador entre los que se encuentran <em>24 Awards of Excelence<\/em>, seis medallas de plata y una de oro, incluido el <em>Special Jury Recognition<\/em> de la Society Of Newspaper Design por trabajos publicados en el diario El Mundo del Siglo XXI. Su obra ilustrada ha sido publicada en Espa\u00f1a y Norteam\u00e9rica.<\/p>\n<p>En su trabajo de escritor cuenta con publicaciones como \u2018El s\u00f3tano en llamas\u2019, una aproximaci\u00f3n al surrealismo narrativo en diez relatos. Su obra po\u00e9tica se desarrolla de manera abundante a partir de 2009, a\u00f1o en el que se publica \u2018Para\u00edso\u2019. Posteriormente presentar\u00eda \u2018Los chicos del vertedero\u2019. En 2014 consigue el Premio de Poes\u00eda \u2018Eladio Caba\u00f1ero\u2019 por \u2018Gran Sur\u2019. Actualmente desempe\u00f1a la labor de ilustrador en el campo de la publicidad y, principalmente, prensa y editoriales, al tiempo que colabora realizando rese\u00f1as literarias y art\u00edculos de opini\u00f3n para diversos medios.<\/p>\n<p>El jurado en castellano ha estado compuesto por Jes\u00fas Mun\u00e1rriz, Ilia Gal\u00e1n y Pedro Salaberri con Javier Asi\u00e1in como secretario. De la obra ganadora han destacado su frescura, originalidad y belleza de lenguaje. Tambi\u00e9n coinciden todos los miembros en reconocer \u201cun libro diferente al resto de a\u00f1os precedentes porque arriesga sin duda desde su planteamiento formal, pero tambi\u00e9n en su agudeza cr\u00edtica, trayendo versos del mejor surrealismo o caligramas de una belleza muy conseguida\u201d.<\/p>\n<p><script async src=\"\/\/pagead2.googlesyndication.com\/pagead\/js\/adsbygoogle.js\"><\/script><br \/>\n<!-- Noticias La Guia de Pamplona --><br \/>\n<ins class=\"adsbygoogle\"\nstyle=\"display:block\"\ndata-ad-client=\"ca-pub-6943679897239327\"\ndata-ad-slot=\"7048180777\"\ndata-ad-format=\"auto\"><\/ins><br \/>\n<script>\n(adsbygoogle = window.adsbygoogle || []).push({});\n<\/script><\/p>\n<p><strong>Una enfermera se hace con el premio en euskera<\/strong><\/p>\n<p>Lierni Azkargorta Ruiz de Egino (Lazkao 1979) est\u00e1 diplomada en Enfermer\u00eda y Fisioterapia en las universidades de San Sebasti\u00e1n y Zaragoza. Actualmente trabaja de enfermera en Osakidetza. Ha ganado distintos premios en cert\u00e1menes de cuentos (Ayuntamientos de Laudio y Eibar y el concurso Bizenta Mogel) y los premios de Literatura Mar\u00eda de Maeztu y Lasarte-Oria.<\/p>\n<p>A la hora de elegir su profesi\u00f3n, aunque opt\u00f3 por el \u00e1rea de las Ciencias de la Salud, reconoce que lo que le gu\u00eda \u201ces la escritura por la necesidad y el deseo de ver, entender y sentir la vida misma tal y como es.<\/p>\n<p>El jurado de la modalidad de euskera ha estado formado por Ohiane Garmendia, Unai Pascual y Pedro Salaberri, adem\u00e1s de In\u00e9s Castiella de secretaria. De \u2018Eripoema\u2019 han considerado que \u201cmerece especial menci\u00f3n la elegancia con que la autora consigue llevar al terreno de la l\u00edrica t\u00e9rminos m\u00e9dicos, que de por s\u00ed son neutros y as\u00e9pticos, y lograr con gran habilidad escenas no habituales en poes\u00eda. Destaca tambi\u00e9n el gran nivel en el dominio del idioma\u201d.<\/p>\n","protected":false},"excerpt":{"rendered":"<p>Se presentaron 482 poemarios a un premio impulsado Ayuntamiento de Pamplona y Ateneo Navarro\/Nafar Ateneoa<\/p>\n","protected":false},"author":1,"featured_media":35889,"comment_status":"open","ping_status":"closed","sticky":false,"template":"","format":"standard","meta":{"footnotes":""},"categories":[2],"tags":[],"class_list":["post-35888","post","type-post","status-publish","format-standard","has-post-thumbnail","hentry","category-ayuntamiento-pamplona"],"yoast_head":"<!-- This site is optimized with the Yoast SEO plugin v27.5 - https:\/\/yoast.com\/product\/yoast-seo-wordpress\/ -->\n<title>To\u00f1o Benavides, en la modalidad de castellano, y Lierni Azkagorta, en la de euskera, ganan el XV Premio Internacional de Poes\u00eda Ciudad de Pamplona<\/title>\n<meta name=\"description\" content=\"Se presentaron 482 poemarios a un premio impulsado Ayuntamiento de Pamplona y Ateneo Navarro\/Nafar Ateneoa\" \/>\n<meta name=\"robots\" content=\"index, follow, max-snippet:-1, max-image-preview:large, max-video-preview:-1\" \/>\n<link rel=\"canonical\" href=\"https:\/\/www.laguiadepamplona.com\/actualidad\/tono-benavides-en-la-modalidad-de-castellano-y-lierni-azkagorta-en-la-de-euskera-ganan-el-xv-premio-internacional-de-poesia-ciudad-de-pamplona\/\" \/>\n<meta property=\"og:locale\" content=\"es_ES\" \/>\n<meta property=\"og:type\" content=\"article\" \/>\n<meta property=\"og:title\" content=\"To\u00f1o Benavides, en la modalidad de castellano, y Lierni Azkagorta, en la de euskera, ganan el XV Premio Internacional de Poes\u00eda Ciudad de Pamplona\" \/>\n<meta property=\"og:description\" content=\"Se presentaron 482 poemarios a un premio impulsado Ayuntamiento de Pamplona y Ateneo Navarro\/Nafar Ateneoa\" \/>\n<meta property=\"og:url\" content=\"https:\/\/www.laguiadepamplona.com\/actualidad\/tono-benavides-en-la-modalidad-de-castellano-y-lierni-azkagorta-en-la-de-euskera-ganan-el-xv-premio-internacional-de-poesia-ciudad-de-pamplona\/\" \/>\n<meta property=\"og:site_name\" content=\"La Gu\u00eda de Pamplona\" \/>\n<meta property=\"article:publisher\" content=\"https:\/\/www.facebook.com\/laguiadepamplonacom-133175176762273\/?ref=hl\" \/>\n<meta property=\"article:published_time\" content=\"2021-07-13T12:56:42+00:00\" \/>\n<meta property=\"article:modified_time\" content=\"2023-04-11T09:49:14+00:00\" \/>\n<meta property=\"og:image\" content=\"https:\/\/www.laguiadepamplona.com\/actualidad\/wp-content\/uploads\/2021\/07\/XV-Premio-Internacional-de-Poesia-Ciudad-de-Pamplona.jpg\" \/>\n\t<meta property=\"og:image:width\" content=\"1920\" \/>\n\t<meta property=\"og:image:height\" content=\"1080\" \/>\n\t<meta property=\"og:image:type\" content=\"image\/jpeg\" \/>\n<meta name=\"author\" content=\"La Gu\u00eda de Pamplona\" \/>\n<meta name=\"twitter:card\" content=\"summary_large_image\" \/>\n<meta name=\"twitter:creator\" content=\"@LaGuiadPamplona\" \/>\n<meta name=\"twitter:site\" content=\"@LaGuiadPamplona\" \/>\n<meta name=\"twitter:label1\" content=\"Escrito por\" \/>\n\t<meta name=\"twitter:data1\" content=\"La Gu\u00eda de Pamplona\" \/>\n\t<meta name=\"twitter:label2\" content=\"Tiempo de lectura\" \/>\n\t<meta name=\"twitter:data2\" content=\"5 minutos\" \/>\n<script type=\"application\/ld+json\" class=\"yoast-schema-graph\">{\"@context\":\"https:\\\/\\\/schema.org\",\"@graph\":[{\"@type\":\"Article\",\"@id\":\"https:\\\/\\\/www.laguiadepamplona.com\\\/actualidad\\\/tono-benavides-en-la-modalidad-de-castellano-y-lierni-azkagorta-en-la-de-euskera-ganan-el-xv-premio-internacional-de-poesia-ciudad-de-pamplona\\\/#article\",\"isPartOf\":{\"@id\":\"https:\\\/\\\/www.laguiadepamplona.com\\\/actualidad\\\/tono-benavides-en-la-modalidad-de-castellano-y-lierni-azkagorta-en-la-de-euskera-ganan-el-xv-premio-internacional-de-poesia-ciudad-de-pamplona\\\/\"},\"author\":{\"name\":\"La Gu\u00eda de Pamplona\",\"@id\":\"https:\\\/\\\/www.laguiadepamplona.com\\\/actualidad\\\/#\\\/schema\\\/person\\\/efe887376f0213d4657c93adc50b1fdb\"},\"headline\":\"To\u00f1o Benavides, en la modalidad de castellano, y Lierni Azkagorta, en la de euskera, ganan el XV Premio Internacional de Poes\u00eda Ciudad de Pamplona\",\"datePublished\":\"2021-07-13T12:56:42+00:00\",\"dateModified\":\"2023-04-11T09:49:14+00:00\",\"mainEntityOfPage\":{\"@id\":\"https:\\\/\\\/www.laguiadepamplona.com\\\/actualidad\\\/tono-benavides-en-la-modalidad-de-castellano-y-lierni-azkagorta-en-la-de-euskera-ganan-el-xv-premio-internacional-de-poesia-ciudad-de-pamplona\\\/\"},\"wordCount\":955,\"commentCount\":0,\"publisher\":{\"@id\":\"https:\\\/\\\/www.laguiadepamplona.com\\\/actualidad\\\/#organization\"},\"image\":{\"@id\":\"https:\\\/\\\/www.laguiadepamplona.com\\\/actualidad\\\/tono-benavides-en-la-modalidad-de-castellano-y-lierni-azkagorta-en-la-de-euskera-ganan-el-xv-premio-internacional-de-poesia-ciudad-de-pamplona\\\/#primaryimage\"},\"thumbnailUrl\":\"https:\\\/\\\/www.laguiadepamplona.com\\\/actualidad\\\/wp-content\\\/uploads\\\/2021\\\/07\\\/XV-Premio-Internacional-de-Poesia-Ciudad-de-Pamplona.jpg\",\"articleSection\":[\"Ayto Pamplona\"],\"inLanguage\":\"es\",\"potentialAction\":[{\"@type\":\"CommentAction\",\"name\":\"Comment\",\"target\":[\"https:\\\/\\\/www.laguiadepamplona.com\\\/actualidad\\\/tono-benavides-en-la-modalidad-de-castellano-y-lierni-azkagorta-en-la-de-euskera-ganan-el-xv-premio-internacional-de-poesia-ciudad-de-pamplona\\\/#respond\"]}]},{\"@type\":\"WebPage\",\"@id\":\"https:\\\/\\\/www.laguiadepamplona.com\\\/actualidad\\\/tono-benavides-en-la-modalidad-de-castellano-y-lierni-azkagorta-en-la-de-euskera-ganan-el-xv-premio-internacional-de-poesia-ciudad-de-pamplona\\\/\",\"url\":\"https:\\\/\\\/www.laguiadepamplona.com\\\/actualidad\\\/tono-benavides-en-la-modalidad-de-castellano-y-lierni-azkagorta-en-la-de-euskera-ganan-el-xv-premio-internacional-de-poesia-ciudad-de-pamplona\\\/\",\"name\":\"To\u00f1o Benavides, en la modalidad de castellano, y Lierni Azkagorta, en la de euskera, ganan el XV Premio Internacional de Poes\u00eda Ciudad de Pamplona\",\"isPartOf\":{\"@id\":\"https:\\\/\\\/www.laguiadepamplona.com\\\/actualidad\\\/#website\"},\"primaryImageOfPage\":{\"@id\":\"https:\\\/\\\/www.laguiadepamplona.com\\\/actualidad\\\/tono-benavides-en-la-modalidad-de-castellano-y-lierni-azkagorta-en-la-de-euskera-ganan-el-xv-premio-internacional-de-poesia-ciudad-de-pamplona\\\/#primaryimage\"},\"image\":{\"@id\":\"https:\\\/\\\/www.laguiadepamplona.com\\\/actualidad\\\/tono-benavides-en-la-modalidad-de-castellano-y-lierni-azkagorta-en-la-de-euskera-ganan-el-xv-premio-internacional-de-poesia-ciudad-de-pamplona\\\/#primaryimage\"},\"thumbnailUrl\":\"https:\\\/\\\/www.laguiadepamplona.com\\\/actualidad\\\/wp-content\\\/uploads\\\/2021\\\/07\\\/XV-Premio-Internacional-de-Poesia-Ciudad-de-Pamplona.jpg\",\"datePublished\":\"2021-07-13T12:56:42+00:00\",\"dateModified\":\"2023-04-11T09:49:14+00:00\",\"description\":\"Se presentaron 482 poemarios a un premio impulsado Ayuntamiento de Pamplona y Ateneo Navarro\\\/Nafar Ateneoa\",\"breadcrumb\":{\"@id\":\"https:\\\/\\\/www.laguiadepamplona.com\\\/actualidad\\\/tono-benavides-en-la-modalidad-de-castellano-y-lierni-azkagorta-en-la-de-euskera-ganan-el-xv-premio-internacional-de-poesia-ciudad-de-pamplona\\\/#breadcrumb\"},\"inLanguage\":\"es\",\"potentialAction\":[{\"@type\":\"ReadAction\",\"target\":[\"https:\\\/\\\/www.laguiadepamplona.com\\\/actualidad\\\/tono-benavides-en-la-modalidad-de-castellano-y-lierni-azkagorta-en-la-de-euskera-ganan-el-xv-premio-internacional-de-poesia-ciudad-de-pamplona\\\/\"]}]},{\"@type\":\"ImageObject\",\"inLanguage\":\"es\",\"@id\":\"https:\\\/\\\/www.laguiadepamplona.com\\\/actualidad\\\/tono-benavides-en-la-modalidad-de-castellano-y-lierni-azkagorta-en-la-de-euskera-ganan-el-xv-premio-internacional-de-poesia-ciudad-de-pamplona\\\/#primaryimage\",\"url\":\"https:\\\/\\\/www.laguiadepamplona.com\\\/actualidad\\\/wp-content\\\/uploads\\\/2021\\\/07\\\/XV-Premio-Internacional-de-Poesia-Ciudad-de-Pamplona.jpg\",\"contentUrl\":\"https:\\\/\\\/www.laguiadepamplona.com\\\/actualidad\\\/wp-content\\\/uploads\\\/2021\\\/07\\\/XV-Premio-Internacional-de-Poesia-Ciudad-de-Pamplona.jpg\",\"width\":1920,\"height\":1080},{\"@type\":\"BreadcrumbList\",\"@id\":\"https:\\\/\\\/www.laguiadepamplona.com\\\/actualidad\\\/tono-benavides-en-la-modalidad-de-castellano-y-lierni-azkagorta-en-la-de-euskera-ganan-el-xv-premio-internacional-de-poesia-ciudad-de-pamplona\\\/#breadcrumb\",\"itemListElement\":[{\"@type\":\"ListItem\",\"position\":1,\"name\":\"Portada\",\"item\":\"https:\\\/\\\/www.laguiadepamplona.com\\\/actualidad\\\/\"},{\"@type\":\"ListItem\",\"position\":2,\"name\":\"To\u00f1o Benavides, en la modalidad de castellano, y Lierni Azkagorta, en la de euskera, ganan el XV Premio Internacional de Poes\u00eda Ciudad de Pamplona\"}]},{\"@type\":\"WebSite\",\"@id\":\"https:\\\/\\\/www.laguiadepamplona.com\\\/actualidad\\\/#website\",\"url\":\"https:\\\/\\\/www.laguiadepamplona.com\\\/actualidad\\\/\",\"name\":\"La gu\u00eda de Pamplona\",\"description\":\"Noticias de Pamplona\",\"publisher\":{\"@id\":\"https:\\\/\\\/www.laguiadepamplona.com\\\/actualidad\\\/#organization\"},\"potentialAction\":[{\"@type\":\"SearchAction\",\"target\":{\"@type\":\"EntryPoint\",\"urlTemplate\":\"https:\\\/\\\/www.laguiadepamplona.com\\\/actualidad\\\/?s={search_term_string}\"},\"query-input\":{\"@type\":\"PropertyValueSpecification\",\"valueRequired\":true,\"valueName\":\"search_term_string\"}}],\"inLanguage\":\"es\"},{\"@type\":\"Organization\",\"@id\":\"https:\\\/\\\/www.laguiadepamplona.com\\\/actualidad\\\/#organization\",\"name\":\"La Gu\u00eda de Pamplona \\\/ Noticias\",\"url\":\"https:\\\/\\\/www.laguiadepamplona.com\\\/actualidad\\\/\",\"logo\":{\"@type\":\"ImageObject\",\"inLanguage\":\"es\",\"@id\":\"https:\\\/\\\/www.laguiadepamplona.com\\\/actualidad\\\/#\\\/schema\\\/logo\\\/image\\\/\",\"url\":\"https:\\\/\\\/www.laguiadepamplona.com\\\/actualidad\\\/wp-content\\\/uploads\\\/2018\\\/11\\\/logo-laguiadepamplona18-web1.png\",\"contentUrl\":\"https:\\\/\\\/www.laguiadepamplona.com\\\/actualidad\\\/wp-content\\\/uploads\\\/2018\\\/11\\\/logo-laguiadepamplona18-web1.png\",\"width\":600,\"height\":196,\"caption\":\"La Gu\u00eda de Pamplona \\\/ Noticias\"},\"image\":{\"@id\":\"https:\\\/\\\/www.laguiadepamplona.com\\\/actualidad\\\/#\\\/schema\\\/logo\\\/image\\\/\"},\"sameAs\":[\"https:\\\/\\\/www.facebook.com\\\/laguiadepamplonacom-133175176762273\\\/?ref=hl\",\"https:\\\/\\\/x.com\\\/LaGuiadPamplona\",\"https:\\\/\\\/www.instagram.com\\\/la_guia_de_pamplona\\\/\",\"https:\\\/\\\/www.youtube.com\\\/user\\\/laguiadepamplona\"]},{\"@type\":\"Person\",\"@id\":\"https:\\\/\\\/www.laguiadepamplona.com\\\/actualidad\\\/#\\\/schema\\\/person\\\/efe887376f0213d4657c93adc50b1fdb\",\"name\":\"La Gu\u00eda de Pamplona\",\"image\":{\"@type\":\"ImageObject\",\"inLanguage\":\"es\",\"@id\":\"https:\\\/\\\/secure.gravatar.com\\\/avatar\\\/b6992f131dc8d30ab0dff15446e9d346d9dbd95992de0fef795073f5ea83a81c?s=96&d=mm&r=g\",\"url\":\"https:\\\/\\\/secure.gravatar.com\\\/avatar\\\/b6992f131dc8d30ab0dff15446e9d346d9dbd95992de0fef795073f5ea83a81c?s=96&d=mm&r=g\",\"contentUrl\":\"https:\\\/\\\/secure.gravatar.com\\\/avatar\\\/b6992f131dc8d30ab0dff15446e9d346d9dbd95992de0fef795073f5ea83a81c?s=96&d=mm&r=g\",\"caption\":\"La Gu\u00eda de Pamplona\"}}]}<\/script>\n<!-- \/ Yoast SEO plugin. -->","yoast_head_json":{"title":"To\u00f1o Benavides, en la modalidad de castellano, y Lierni Azkagorta, en la de euskera, ganan el XV Premio Internacional de Poes\u00eda Ciudad de Pamplona","description":"Se presentaron 482 poemarios a un premio impulsado Ayuntamiento de Pamplona y Ateneo Navarro\/Nafar Ateneoa","robots":{"index":"index","follow":"follow","max-snippet":"max-snippet:-1","max-image-preview":"max-image-preview:large","max-video-preview":"max-video-preview:-1"},"canonical":"https:\/\/www.laguiadepamplona.com\/actualidad\/tono-benavides-en-la-modalidad-de-castellano-y-lierni-azkagorta-en-la-de-euskera-ganan-el-xv-premio-internacional-de-poesia-ciudad-de-pamplona\/","og_locale":"es_ES","og_type":"article","og_title":"To\u00f1o Benavides, en la modalidad de castellano, y Lierni Azkagorta, en la de euskera, ganan el XV Premio Internacional de Poes\u00eda Ciudad de Pamplona","og_description":"Se presentaron 482 poemarios a un premio impulsado Ayuntamiento de Pamplona y Ateneo Navarro\/Nafar Ateneoa","og_url":"https:\/\/www.laguiadepamplona.com\/actualidad\/tono-benavides-en-la-modalidad-de-castellano-y-lierni-azkagorta-en-la-de-euskera-ganan-el-xv-premio-internacional-de-poesia-ciudad-de-pamplona\/","og_site_name":"La Gu\u00eda de Pamplona","article_publisher":"https:\/\/www.facebook.com\/laguiadepamplonacom-133175176762273\/?ref=hl","article_published_time":"2021-07-13T12:56:42+00:00","article_modified_time":"2023-04-11T09:49:14+00:00","og_image":[{"width":1920,"height":1080,"url":"https:\/\/www.laguiadepamplona.com\/actualidad\/wp-content\/uploads\/2021\/07\/XV-Premio-Internacional-de-Poesia-Ciudad-de-Pamplona.jpg","type":"image\/jpeg"}],"author":"La Gu\u00eda de Pamplona","twitter_card":"summary_large_image","twitter_creator":"@LaGuiadPamplona","twitter_site":"@LaGuiadPamplona","twitter_misc":{"Escrito por":"La Gu\u00eda de Pamplona","Tiempo de lectura":"5 minutos"},"schema":{"@context":"https:\/\/schema.org","@graph":[{"@type":"Article","@id":"https:\/\/www.laguiadepamplona.com\/actualidad\/tono-benavides-en-la-modalidad-de-castellano-y-lierni-azkagorta-en-la-de-euskera-ganan-el-xv-premio-internacional-de-poesia-ciudad-de-pamplona\/#article","isPartOf":{"@id":"https:\/\/www.laguiadepamplona.com\/actualidad\/tono-benavides-en-la-modalidad-de-castellano-y-lierni-azkagorta-en-la-de-euskera-ganan-el-xv-premio-internacional-de-poesia-ciudad-de-pamplona\/"},"author":{"name":"La Gu\u00eda de Pamplona","@id":"https:\/\/www.laguiadepamplona.com\/actualidad\/#\/schema\/person\/efe887376f0213d4657c93adc50b1fdb"},"headline":"To\u00f1o Benavides, en la modalidad de castellano, y Lierni Azkagorta, en la de euskera, ganan el XV Premio Internacional de Poes\u00eda Ciudad de Pamplona","datePublished":"2021-07-13T12:56:42+00:00","dateModified":"2023-04-11T09:49:14+00:00","mainEntityOfPage":{"@id":"https:\/\/www.laguiadepamplona.com\/actualidad\/tono-benavides-en-la-modalidad-de-castellano-y-lierni-azkagorta-en-la-de-euskera-ganan-el-xv-premio-internacional-de-poesia-ciudad-de-pamplona\/"},"wordCount":955,"commentCount":0,"publisher":{"@id":"https:\/\/www.laguiadepamplona.com\/actualidad\/#organization"},"image":{"@id":"https:\/\/www.laguiadepamplona.com\/actualidad\/tono-benavides-en-la-modalidad-de-castellano-y-lierni-azkagorta-en-la-de-euskera-ganan-el-xv-premio-internacional-de-poesia-ciudad-de-pamplona\/#primaryimage"},"thumbnailUrl":"https:\/\/www.laguiadepamplona.com\/actualidad\/wp-content\/uploads\/2021\/07\/XV-Premio-Internacional-de-Poesia-Ciudad-de-Pamplona.jpg","articleSection":["Ayto Pamplona"],"inLanguage":"es","potentialAction":[{"@type":"CommentAction","name":"Comment","target":["https:\/\/www.laguiadepamplona.com\/actualidad\/tono-benavides-en-la-modalidad-de-castellano-y-lierni-azkagorta-en-la-de-euskera-ganan-el-xv-premio-internacional-de-poesia-ciudad-de-pamplona\/#respond"]}]},{"@type":"WebPage","@id":"https:\/\/www.laguiadepamplona.com\/actualidad\/tono-benavides-en-la-modalidad-de-castellano-y-lierni-azkagorta-en-la-de-euskera-ganan-el-xv-premio-internacional-de-poesia-ciudad-de-pamplona\/","url":"https:\/\/www.laguiadepamplona.com\/actualidad\/tono-benavides-en-la-modalidad-de-castellano-y-lierni-azkagorta-en-la-de-euskera-ganan-el-xv-premio-internacional-de-poesia-ciudad-de-pamplona\/","name":"To\u00f1o Benavides, en la modalidad de castellano, y Lierni Azkagorta, en la de euskera, ganan el XV Premio Internacional de Poes\u00eda Ciudad de Pamplona","isPartOf":{"@id":"https:\/\/www.laguiadepamplona.com\/actualidad\/#website"},"primaryImageOfPage":{"@id":"https:\/\/www.laguiadepamplona.com\/actualidad\/tono-benavides-en-la-modalidad-de-castellano-y-lierni-azkagorta-en-la-de-euskera-ganan-el-xv-premio-internacional-de-poesia-ciudad-de-pamplona\/#primaryimage"},"image":{"@id":"https:\/\/www.laguiadepamplona.com\/actualidad\/tono-benavides-en-la-modalidad-de-castellano-y-lierni-azkagorta-en-la-de-euskera-ganan-el-xv-premio-internacional-de-poesia-ciudad-de-pamplona\/#primaryimage"},"thumbnailUrl":"https:\/\/www.laguiadepamplona.com\/actualidad\/wp-content\/uploads\/2021\/07\/XV-Premio-Internacional-de-Poesia-Ciudad-de-Pamplona.jpg","datePublished":"2021-07-13T12:56:42+00:00","dateModified":"2023-04-11T09:49:14+00:00","description":"Se presentaron 482 poemarios a un premio impulsado Ayuntamiento de Pamplona y Ateneo Navarro\/Nafar Ateneoa","breadcrumb":{"@id":"https:\/\/www.laguiadepamplona.com\/actualidad\/tono-benavides-en-la-modalidad-de-castellano-y-lierni-azkagorta-en-la-de-euskera-ganan-el-xv-premio-internacional-de-poesia-ciudad-de-pamplona\/#breadcrumb"},"inLanguage":"es","potentialAction":[{"@type":"ReadAction","target":["https:\/\/www.laguiadepamplona.com\/actualidad\/tono-benavides-en-la-modalidad-de-castellano-y-lierni-azkagorta-en-la-de-euskera-ganan-el-xv-premio-internacional-de-poesia-ciudad-de-pamplona\/"]}]},{"@type":"ImageObject","inLanguage":"es","@id":"https:\/\/www.laguiadepamplona.com\/actualidad\/tono-benavides-en-la-modalidad-de-castellano-y-lierni-azkagorta-en-la-de-euskera-ganan-el-xv-premio-internacional-de-poesia-ciudad-de-pamplona\/#primaryimage","url":"https:\/\/www.laguiadepamplona.com\/actualidad\/wp-content\/uploads\/2021\/07\/XV-Premio-Internacional-de-Poesia-Ciudad-de-Pamplona.jpg","contentUrl":"https:\/\/www.laguiadepamplona.com\/actualidad\/wp-content\/uploads\/2021\/07\/XV-Premio-Internacional-de-Poesia-Ciudad-de-Pamplona.jpg","width":1920,"height":1080},{"@type":"BreadcrumbList","@id":"https:\/\/www.laguiadepamplona.com\/actualidad\/tono-benavides-en-la-modalidad-de-castellano-y-lierni-azkagorta-en-la-de-euskera-ganan-el-xv-premio-internacional-de-poesia-ciudad-de-pamplona\/#breadcrumb","itemListElement":[{"@type":"ListItem","position":1,"name":"Portada","item":"https:\/\/www.laguiadepamplona.com\/actualidad\/"},{"@type":"ListItem","position":2,"name":"To\u00f1o Benavides, en la modalidad de castellano, y Lierni Azkagorta, en la de euskera, ganan el XV Premio Internacional de Poes\u00eda Ciudad de Pamplona"}]},{"@type":"WebSite","@id":"https:\/\/www.laguiadepamplona.com\/actualidad\/#website","url":"https:\/\/www.laguiadepamplona.com\/actualidad\/","name":"La gu\u00eda de Pamplona","description":"Noticias de Pamplona","publisher":{"@id":"https:\/\/www.laguiadepamplona.com\/actualidad\/#organization"},"potentialAction":[{"@type":"SearchAction","target":{"@type":"EntryPoint","urlTemplate":"https:\/\/www.laguiadepamplona.com\/actualidad\/?s={search_term_string}"},"query-input":{"@type":"PropertyValueSpecification","valueRequired":true,"valueName":"search_term_string"}}],"inLanguage":"es"},{"@type":"Organization","@id":"https:\/\/www.laguiadepamplona.com\/actualidad\/#organization","name":"La Gu\u00eda de Pamplona \/ Noticias","url":"https:\/\/www.laguiadepamplona.com\/actualidad\/","logo":{"@type":"ImageObject","inLanguage":"es","@id":"https:\/\/www.laguiadepamplona.com\/actualidad\/#\/schema\/logo\/image\/","url":"https:\/\/www.laguiadepamplona.com\/actualidad\/wp-content\/uploads\/2018\/11\/logo-laguiadepamplona18-web1.png","contentUrl":"https:\/\/www.laguiadepamplona.com\/actualidad\/wp-content\/uploads\/2018\/11\/logo-laguiadepamplona18-web1.png","width":600,"height":196,"caption":"La Gu\u00eda de Pamplona \/ Noticias"},"image":{"@id":"https:\/\/www.laguiadepamplona.com\/actualidad\/#\/schema\/logo\/image\/"},"sameAs":["https:\/\/www.facebook.com\/laguiadepamplonacom-133175176762273\/?ref=hl","https:\/\/x.com\/LaGuiadPamplona","https:\/\/www.instagram.com\/la_guia_de_pamplona\/","https:\/\/www.youtube.com\/user\/laguiadepamplona"]},{"@type":"Person","@id":"https:\/\/www.laguiadepamplona.com\/actualidad\/#\/schema\/person\/efe887376f0213d4657c93adc50b1fdb","name":"La Gu\u00eda de Pamplona","image":{"@type":"ImageObject","inLanguage":"es","@id":"https:\/\/secure.gravatar.com\/avatar\/b6992f131dc8d30ab0dff15446e9d346d9dbd95992de0fef795073f5ea83a81c?s=96&d=mm&r=g","url":"https:\/\/secure.gravatar.com\/avatar\/b6992f131dc8d30ab0dff15446e9d346d9dbd95992de0fef795073f5ea83a81c?s=96&d=mm&r=g","contentUrl":"https:\/\/secure.gravatar.com\/avatar\/b6992f131dc8d30ab0dff15446e9d346d9dbd95992de0fef795073f5ea83a81c?s=96&d=mm&r=g","caption":"La Gu\u00eda de Pamplona"}}]}},"post_mailing_queue_ids":[],"_links":{"self":[{"href":"https:\/\/www.laguiadepamplona.com\/actualidad\/wp-json\/wp\/v2\/posts\/35888","targetHints":{"allow":["GET"]}}],"collection":[{"href":"https:\/\/www.laguiadepamplona.com\/actualidad\/wp-json\/wp\/v2\/posts"}],"about":[{"href":"https:\/\/www.laguiadepamplona.com\/actualidad\/wp-json\/wp\/v2\/types\/post"}],"author":[{"embeddable":true,"href":"https:\/\/www.laguiadepamplona.com\/actualidad\/wp-json\/wp\/v2\/users\/1"}],"replies":[{"embeddable":true,"href":"https:\/\/www.laguiadepamplona.com\/actualidad\/wp-json\/wp\/v2\/comments?post=35888"}],"version-history":[{"count":0,"href":"https:\/\/www.laguiadepamplona.com\/actualidad\/wp-json\/wp\/v2\/posts\/35888\/revisions"}],"wp:featuredmedia":[{"embeddable":true,"href":"https:\/\/www.laguiadepamplona.com\/actualidad\/wp-json\/wp\/v2\/media\/35889"}],"wp:attachment":[{"href":"https:\/\/www.laguiadepamplona.com\/actualidad\/wp-json\/wp\/v2\/media?parent=35888"}],"wp:term":[{"taxonomy":"category","embeddable":true,"href":"https:\/\/www.laguiadepamplona.com\/actualidad\/wp-json\/wp\/v2\/categories?post=35888"},{"taxonomy":"post_tag","embeddable":true,"href":"https:\/\/www.laguiadepamplona.com\/actualidad\/wp-json\/wp\/v2\/tags?post=35888"}],"curies":[{"name":"wp","href":"https:\/\/api.w.org\/{rel}","templated":true}]}}