{"id":35880,"date":"2021-07-13T12:25:33","date_gmt":"2021-07-13T10:25:33","guid":{"rendered":"https:\/\/www.laguiadepamplona.com\/actualidad\/?p=35880"},"modified":"2023-04-11T11:49:15","modified_gmt":"2023-04-11T09:49:15","slug":"la-asociacion-de-amigos-del-camino-de-santiago-de-paderborn-seguira-gestionando-durante-los-proximos-cinco-anos-el-albergue-de-peregrinos-del-chalet-de-iraizoz","status":"publish","type":"post","link":"https:\/\/www.laguiadepamplona.com\/actualidad\/la-asociacion-de-amigos-del-camino-de-santiago-de-paderborn-seguira-gestionando-durante-los-proximos-cinco-anos-el-albergue-de-peregrinos-del-chalet-de-iraizoz\/","title":{"rendered":"La Asociaci\u00f3n de Amigos del Camino de Santiago de Paderborn seguir\u00e1 gestionando durante los pr\u00f3ximos cinco a\u00f1os el albergue de peregrinos del Chalet de Iraizoz"},"content":{"rendered":"<h5>Ayuntamiento y asociaci\u00f3n han renovado el convenio de colaboraci\u00f3n para la gesti\u00f3n del albergue ubicado en ese edificio municipal en la Magdalena<\/h5>\n<p><!--more--><\/p>\n<p>El Ayuntamiento de Pamplona y la Asociaci\u00f3n de Amigos del Camino de Santiago \u2013 Hermandad de Santiago de Paderborn han firmado un convenio de colaboraci\u00f3n para la cesi\u00f3n del edificio del Chalet de Iraizoz como albergue de peregrinos \u2018Casa Paderborn\u2019. Ambas entidades han renovado ese convenio por el que, desde 2006, esta asociaci\u00f3n gestiona el albergue ubicado en la Magdalena. El nuevo convenio estar\u00e1 vigente durante los pr\u00f3ximos cinco a\u00f1os.<\/p>\n<p><script async src=\"\/\/pagead2.googlesyndication.com\/pagead\/js\/adsbygoogle.js\"><\/script><br \/>\n<!-- Noticias La Guia de Pamplona --><br \/>\n<ins class=\"adsbygoogle\"\nstyle=\"display:block\"\ndata-ad-client=\"ca-pub-6943679897239327\"\ndata-ad-slot=\"7048180777\"\ndata-ad-format=\"auto\"><\/ins><br \/>\n<script>\n(adsbygoogle = window.adsbygoogle || []).push({});\n<\/script><\/p>\n<p>La Asociaci\u00f3n de Amigos del Camino de Santiago de Paderborn acepta la cesi\u00f3n gratuita de uso del inmueble y se compromete a conservarlo adecuadamente y a soportar los gastos de limpieza y mantenimiento ordinario que requiera el funcionamiento del albergue y el de las actividades de atenci\u00f3n a los peregrinos. Los gastos de agua corriente y electricidad del albergue correr\u00e1n a cargo del Ayuntamiento de Pamplona, siempre y cuando no excedan del 10% del importe de las facturas del a\u00f1o anterior. Debido a la especificidad de 2020 con la pandemia de la COVID-19, este a\u00f1o se tomar\u00e1n como referencia las facturas de 2019.<\/p>\n<p>La asociaci\u00f3n se compromete a realizar las tareas de acogimiento, hospitalidad, informaci\u00f3n y apoyo a los peregrinos que acudan al albergue, de acuerdo con los usos y pr\u00e1cticas que son comunes en los albergues de la Ruta Jacobea. La asociaci\u00f3n requerir\u00e1 a los peregrinos, al momento en que soliciten ingresar en el albergue, la presentaci\u00f3n de las correspondientes credenciales y, en caso de que se considere necesario, documentos de identificaci\u00f3n suficiente. Adem\u00e1s, la asociaci\u00f3n podr\u00e1 percibir por la pernoctaci\u00f3n del peregrino un donativo. Se considerar\u00e1 donaci\u00f3n una cantidad acorde con la prevista por el Gobierno de Navarra en su decreto sobre albergues tur\u00edsticos.<\/p>\n<p><script async src=\"\/\/pagead2.googlesyndication.com\/pagead\/js\/adsbygoogle.js\"><\/script><br \/>\n<!-- Noticias La Guia de Pamplona --><br \/>\n<ins class=\"adsbygoogle\"\nstyle=\"display:block\"\ndata-ad-client=\"ca-pub-6943679897239327\"\ndata-ad-slot=\"7048180777\"\ndata-ad-format=\"auto\"><\/ins><br \/>\n<script>\n(adsbygoogle = window.adsbygoogle || []).push({});\n<\/script><\/p>\n<p>El alcalde de Pamplona, Enrique Maya, y el presidente de Asociaci\u00f3n de Amigos del Camino de Santiago \u2013 Hermandad de Santiago de Paderborn, Heino Von Groote, han firmado este convenio de colaboraci\u00f3n. La relaci\u00f3n entre Pamplona y Paderborn se convirti\u00f3 en hermanamiento entre ambas ciudades en 1993, cuando se firm\u00f3 un documento de amistad para establecer relaciones en diferentes \u00e1mbitos, como en este caso, vinculadas al Camino de Santiago.<\/p>\n","protected":false},"excerpt":{"rendered":"<p>Ayuntamiento y asociaci\u00f3n han renovado el convenio de colaboraci\u00f3n para la gesti\u00f3n del albergue ubicado en ese edificio municipal en la Magdalena<\/p>\n","protected":false},"author":1,"featured_media":15072,"comment_status":"open","ping_status":"closed","sticky":false,"template":"","format":"standard","meta":{"footnotes":""},"categories":[2],"tags":[],"class_list":["post-35880","post","type-post","status-publish","format-standard","has-post-thumbnail","hentry","category-ayuntamiento-pamplona"],"yoast_head":"<!-- This site is optimized with the Yoast SEO plugin v27.5 - https:\/\/yoast.com\/product\/yoast-seo-wordpress\/ -->\n<title>La Asociaci\u00f3n de Amigos del Camino de Santiago de Paderborn seguir\u00e1 gestionando durante los pr\u00f3ximos cinco a\u00f1os el albergue de peregrinos del Chalet de Iraizoz<\/title>\n<meta name=\"description\" content=\"Ayuntamiento y asociaci\u00f3n han renovado el convenio de colaboraci\u00f3n para la gesti\u00f3n del albergue ubicado en ese edificio municipal en la Magdalena\" \/>\n<meta name=\"robots\" content=\"index, follow, max-snippet:-1, max-image-preview:large, max-video-preview:-1\" \/>\n<link rel=\"canonical\" href=\"https:\/\/www.laguiadepamplona.com\/actualidad\/la-asociacion-de-amigos-del-camino-de-santiago-de-paderborn-seguira-gestionando-durante-los-proximos-cinco-anos-el-albergue-de-peregrinos-del-chalet-de-iraizoz\/\" \/>\n<meta property=\"og:locale\" content=\"es_ES\" \/>\n<meta property=\"og:type\" content=\"article\" \/>\n<meta property=\"og:title\" content=\"La Asociaci\u00f3n de Amigos del Camino de Santiago de Paderborn seguir\u00e1 gestionando durante los pr\u00f3ximos cinco a\u00f1os el albergue de peregrinos del Chalet de Iraizoz\" \/>\n<meta property=\"og:description\" content=\"Ayuntamiento y asociaci\u00f3n han renovado el convenio de colaboraci\u00f3n para la gesti\u00f3n del albergue ubicado en ese edificio municipal en la Magdalena\" \/>\n<meta property=\"og:url\" content=\"https:\/\/www.laguiadepamplona.com\/actualidad\/la-asociacion-de-amigos-del-camino-de-santiago-de-paderborn-seguira-gestionando-durante-los-proximos-cinco-anos-el-albergue-de-peregrinos-del-chalet-de-iraizoz\/\" \/>\n<meta property=\"og:site_name\" content=\"La Gu\u00eda de Pamplona\" \/>\n<meta property=\"article:publisher\" content=\"https:\/\/www.facebook.com\/laguiadepamplonacom-133175176762273\/?ref=hl\" \/>\n<meta property=\"article:published_time\" content=\"2021-07-13T10:25:33+00:00\" \/>\n<meta property=\"article:modified_time\" content=\"2023-04-11T09:49:15+00:00\" \/>\n<meta property=\"og:image\" content=\"https:\/\/www.laguiadepamplona.com\/actualidad\/wp-content\/uploads\/2017\/11\/camino-santiago.jpg\" \/>\n\t<meta property=\"og:image:width\" content=\"1000\" \/>\n\t<meta property=\"og:image:height\" content=\"683\" \/>\n\t<meta property=\"og:image:type\" content=\"image\/jpeg\" \/>\n<meta name=\"author\" content=\"La Gu\u00eda de Pamplona\" \/>\n<meta name=\"twitter:card\" content=\"summary_large_image\" \/>\n<meta name=\"twitter:creator\" content=\"@LaGuiadPamplona\" \/>\n<meta name=\"twitter:site\" content=\"@LaGuiadPamplona\" \/>\n<meta name=\"twitter:label1\" content=\"Escrito por\" \/>\n\t<meta name=\"twitter:data1\" content=\"La Gu\u00eda de Pamplona\" \/>\n\t<meta name=\"twitter:label2\" content=\"Tiempo de lectura\" \/>\n\t<meta name=\"twitter:data2\" content=\"2 minutos\" \/>\n<script type=\"application\/ld+json\" class=\"yoast-schema-graph\">{\"@context\":\"https:\\\/\\\/schema.org\",\"@graph\":[{\"@type\":\"Article\",\"@id\":\"https:\\\/\\\/www.laguiadepamplona.com\\\/actualidad\\\/la-asociacion-de-amigos-del-camino-de-santiago-de-paderborn-seguira-gestionando-durante-los-proximos-cinco-anos-el-albergue-de-peregrinos-del-chalet-de-iraizoz\\\/#article\",\"isPartOf\":{\"@id\":\"https:\\\/\\\/www.laguiadepamplona.com\\\/actualidad\\\/la-asociacion-de-amigos-del-camino-de-santiago-de-paderborn-seguira-gestionando-durante-los-proximos-cinco-anos-el-albergue-de-peregrinos-del-chalet-de-iraizoz\\\/\"},\"author\":{\"name\":\"La Gu\u00eda de Pamplona\",\"@id\":\"https:\\\/\\\/www.laguiadepamplona.com\\\/actualidad\\\/#\\\/schema\\\/person\\\/efe887376f0213d4657c93adc50b1fdb\"},\"headline\":\"La Asociaci\u00f3n de Amigos del Camino de Santiago de Paderborn seguir\u00e1 gestionando durante los pr\u00f3ximos cinco a\u00f1os el albergue de peregrinos del Chalet de Iraizoz\",\"datePublished\":\"2021-07-13T10:25:33+00:00\",\"dateModified\":\"2023-04-11T09:49:15+00:00\",\"mainEntityOfPage\":{\"@id\":\"https:\\\/\\\/www.laguiadepamplona.com\\\/actualidad\\\/la-asociacion-de-amigos-del-camino-de-santiago-de-paderborn-seguira-gestionando-durante-los-proximos-cinco-anos-el-albergue-de-peregrinos-del-chalet-de-iraizoz\\\/\"},\"wordCount\":418,\"commentCount\":0,\"publisher\":{\"@id\":\"https:\\\/\\\/www.laguiadepamplona.com\\\/actualidad\\\/#organization\"},\"image\":{\"@id\":\"https:\\\/\\\/www.laguiadepamplona.com\\\/actualidad\\\/la-asociacion-de-amigos-del-camino-de-santiago-de-paderborn-seguira-gestionando-durante-los-proximos-cinco-anos-el-albergue-de-peregrinos-del-chalet-de-iraizoz\\\/#primaryimage\"},\"thumbnailUrl\":\"https:\\\/\\\/www.laguiadepamplona.com\\\/actualidad\\\/wp-content\\\/uploads\\\/2017\\\/11\\\/camino-santiago.jpg\",\"articleSection\":[\"Ayto Pamplona\"],\"inLanguage\":\"es\",\"potentialAction\":[{\"@type\":\"CommentAction\",\"name\":\"Comment\",\"target\":[\"https:\\\/\\\/www.laguiadepamplona.com\\\/actualidad\\\/la-asociacion-de-amigos-del-camino-de-santiago-de-paderborn-seguira-gestionando-durante-los-proximos-cinco-anos-el-albergue-de-peregrinos-del-chalet-de-iraizoz\\\/#respond\"]}]},{\"@type\":\"WebPage\",\"@id\":\"https:\\\/\\\/www.laguiadepamplona.com\\\/actualidad\\\/la-asociacion-de-amigos-del-camino-de-santiago-de-paderborn-seguira-gestionando-durante-los-proximos-cinco-anos-el-albergue-de-peregrinos-del-chalet-de-iraizoz\\\/\",\"url\":\"https:\\\/\\\/www.laguiadepamplona.com\\\/actualidad\\\/la-asociacion-de-amigos-del-camino-de-santiago-de-paderborn-seguira-gestionando-durante-los-proximos-cinco-anos-el-albergue-de-peregrinos-del-chalet-de-iraizoz\\\/\",\"name\":\"La Asociaci\u00f3n de Amigos del Camino de Santiago de Paderborn seguir\u00e1 gestionando durante los pr\u00f3ximos cinco a\u00f1os el albergue de peregrinos del Chalet de Iraizoz\",\"isPartOf\":{\"@id\":\"https:\\\/\\\/www.laguiadepamplona.com\\\/actualidad\\\/#website\"},\"primaryImageOfPage\":{\"@id\":\"https:\\\/\\\/www.laguiadepamplona.com\\\/actualidad\\\/la-asociacion-de-amigos-del-camino-de-santiago-de-paderborn-seguira-gestionando-durante-los-proximos-cinco-anos-el-albergue-de-peregrinos-del-chalet-de-iraizoz\\\/#primaryimage\"},\"image\":{\"@id\":\"https:\\\/\\\/www.laguiadepamplona.com\\\/actualidad\\\/la-asociacion-de-amigos-del-camino-de-santiago-de-paderborn-seguira-gestionando-durante-los-proximos-cinco-anos-el-albergue-de-peregrinos-del-chalet-de-iraizoz\\\/#primaryimage\"},\"thumbnailUrl\":\"https:\\\/\\\/www.laguiadepamplona.com\\\/actualidad\\\/wp-content\\\/uploads\\\/2017\\\/11\\\/camino-santiago.jpg\",\"datePublished\":\"2021-07-13T10:25:33+00:00\",\"dateModified\":\"2023-04-11T09:49:15+00:00\",\"description\":\"Ayuntamiento y asociaci\u00f3n han renovado el convenio de colaboraci\u00f3n para la gesti\u00f3n del albergue ubicado en ese edificio municipal en la Magdalena\",\"breadcrumb\":{\"@id\":\"https:\\\/\\\/www.laguiadepamplona.com\\\/actualidad\\\/la-asociacion-de-amigos-del-camino-de-santiago-de-paderborn-seguira-gestionando-durante-los-proximos-cinco-anos-el-albergue-de-peregrinos-del-chalet-de-iraizoz\\\/#breadcrumb\"},\"inLanguage\":\"es\",\"potentialAction\":[{\"@type\":\"ReadAction\",\"target\":[\"https:\\\/\\\/www.laguiadepamplona.com\\\/actualidad\\\/la-asociacion-de-amigos-del-camino-de-santiago-de-paderborn-seguira-gestionando-durante-los-proximos-cinco-anos-el-albergue-de-peregrinos-del-chalet-de-iraizoz\\\/\"]}]},{\"@type\":\"ImageObject\",\"inLanguage\":\"es\",\"@id\":\"https:\\\/\\\/www.laguiadepamplona.com\\\/actualidad\\\/la-asociacion-de-amigos-del-camino-de-santiago-de-paderborn-seguira-gestionando-durante-los-proximos-cinco-anos-el-albergue-de-peregrinos-del-chalet-de-iraizoz\\\/#primaryimage\",\"url\":\"https:\\\/\\\/www.laguiadepamplona.com\\\/actualidad\\\/wp-content\\\/uploads\\\/2017\\\/11\\\/camino-santiago.jpg\",\"contentUrl\":\"https:\\\/\\\/www.laguiadepamplona.com\\\/actualidad\\\/wp-content\\\/uploads\\\/2017\\\/11\\\/camino-santiago.jpg\",\"width\":1000,\"height\":683},{\"@type\":\"BreadcrumbList\",\"@id\":\"https:\\\/\\\/www.laguiadepamplona.com\\\/actualidad\\\/la-asociacion-de-amigos-del-camino-de-santiago-de-paderborn-seguira-gestionando-durante-los-proximos-cinco-anos-el-albergue-de-peregrinos-del-chalet-de-iraizoz\\\/#breadcrumb\",\"itemListElement\":[{\"@type\":\"ListItem\",\"position\":1,\"name\":\"Portada\",\"item\":\"https:\\\/\\\/www.laguiadepamplona.com\\\/actualidad\\\/\"},{\"@type\":\"ListItem\",\"position\":2,\"name\":\"La Asociaci\u00f3n de Amigos del Camino de Santiago de Paderborn seguir\u00e1 gestionando durante los pr\u00f3ximos cinco a\u00f1os el albergue de peregrinos del Chalet de Iraizoz\"}]},{\"@type\":\"WebSite\",\"@id\":\"https:\\\/\\\/www.laguiadepamplona.com\\\/actualidad\\\/#website\",\"url\":\"https:\\\/\\\/www.laguiadepamplona.com\\\/actualidad\\\/\",\"name\":\"La gu\u00eda de Pamplona\",\"description\":\"Noticias de Pamplona\",\"publisher\":{\"@id\":\"https:\\\/\\\/www.laguiadepamplona.com\\\/actualidad\\\/#organization\"},\"potentialAction\":[{\"@type\":\"SearchAction\",\"target\":{\"@type\":\"EntryPoint\",\"urlTemplate\":\"https:\\\/\\\/www.laguiadepamplona.com\\\/actualidad\\\/?s={search_term_string}\"},\"query-input\":{\"@type\":\"PropertyValueSpecification\",\"valueRequired\":true,\"valueName\":\"search_term_string\"}}],\"inLanguage\":\"es\"},{\"@type\":\"Organization\",\"@id\":\"https:\\\/\\\/www.laguiadepamplona.com\\\/actualidad\\\/#organization\",\"name\":\"La Gu\u00eda de Pamplona \\\/ Noticias\",\"url\":\"https:\\\/\\\/www.laguiadepamplona.com\\\/actualidad\\\/\",\"logo\":{\"@type\":\"ImageObject\",\"inLanguage\":\"es\",\"@id\":\"https:\\\/\\\/www.laguiadepamplona.com\\\/actualidad\\\/#\\\/schema\\\/logo\\\/image\\\/\",\"url\":\"https:\\\/\\\/www.laguiadepamplona.com\\\/actualidad\\\/wp-content\\\/uploads\\\/2018\\\/11\\\/logo-laguiadepamplona18-web1.png\",\"contentUrl\":\"https:\\\/\\\/www.laguiadepamplona.com\\\/actualidad\\\/wp-content\\\/uploads\\\/2018\\\/11\\\/logo-laguiadepamplona18-web1.png\",\"width\":600,\"height\":196,\"caption\":\"La Gu\u00eda de Pamplona \\\/ Noticias\"},\"image\":{\"@id\":\"https:\\\/\\\/www.laguiadepamplona.com\\\/actualidad\\\/#\\\/schema\\\/logo\\\/image\\\/\"},\"sameAs\":[\"https:\\\/\\\/www.facebook.com\\\/laguiadepamplonacom-133175176762273\\\/?ref=hl\",\"https:\\\/\\\/x.com\\\/LaGuiadPamplona\",\"https:\\\/\\\/www.instagram.com\\\/la_guia_de_pamplona\\\/\",\"https:\\\/\\\/www.youtube.com\\\/user\\\/laguiadepamplona\"]},{\"@type\":\"Person\",\"@id\":\"https:\\\/\\\/www.laguiadepamplona.com\\\/actualidad\\\/#\\\/schema\\\/person\\\/efe887376f0213d4657c93adc50b1fdb\",\"name\":\"La Gu\u00eda de Pamplona\",\"image\":{\"@type\":\"ImageObject\",\"inLanguage\":\"es\",\"@id\":\"https:\\\/\\\/secure.gravatar.com\\\/avatar\\\/b6992f131dc8d30ab0dff15446e9d346d9dbd95992de0fef795073f5ea83a81c?s=96&d=mm&r=g\",\"url\":\"https:\\\/\\\/secure.gravatar.com\\\/avatar\\\/b6992f131dc8d30ab0dff15446e9d346d9dbd95992de0fef795073f5ea83a81c?s=96&d=mm&r=g\",\"contentUrl\":\"https:\\\/\\\/secure.gravatar.com\\\/avatar\\\/b6992f131dc8d30ab0dff15446e9d346d9dbd95992de0fef795073f5ea83a81c?s=96&d=mm&r=g\",\"caption\":\"La Gu\u00eda de Pamplona\"}}]}<\/script>\n<!-- \/ Yoast SEO plugin. -->","yoast_head_json":{"title":"La Asociaci\u00f3n de Amigos del Camino de Santiago de Paderborn seguir\u00e1 gestionando durante los pr\u00f3ximos cinco a\u00f1os el albergue de peregrinos del Chalet de Iraizoz","description":"Ayuntamiento y asociaci\u00f3n han renovado el convenio de colaboraci\u00f3n para la gesti\u00f3n del albergue ubicado en ese edificio municipal en la Magdalena","robots":{"index":"index","follow":"follow","max-snippet":"max-snippet:-1","max-image-preview":"max-image-preview:large","max-video-preview":"max-video-preview:-1"},"canonical":"https:\/\/www.laguiadepamplona.com\/actualidad\/la-asociacion-de-amigos-del-camino-de-santiago-de-paderborn-seguira-gestionando-durante-los-proximos-cinco-anos-el-albergue-de-peregrinos-del-chalet-de-iraizoz\/","og_locale":"es_ES","og_type":"article","og_title":"La Asociaci\u00f3n de Amigos del Camino de Santiago de Paderborn seguir\u00e1 gestionando durante los pr\u00f3ximos cinco a\u00f1os el albergue de peregrinos del Chalet de Iraizoz","og_description":"Ayuntamiento y asociaci\u00f3n han renovado el convenio de colaboraci\u00f3n para la gesti\u00f3n del albergue ubicado en ese edificio municipal en la Magdalena","og_url":"https:\/\/www.laguiadepamplona.com\/actualidad\/la-asociacion-de-amigos-del-camino-de-santiago-de-paderborn-seguira-gestionando-durante-los-proximos-cinco-anos-el-albergue-de-peregrinos-del-chalet-de-iraizoz\/","og_site_name":"La Gu\u00eda de Pamplona","article_publisher":"https:\/\/www.facebook.com\/laguiadepamplonacom-133175176762273\/?ref=hl","article_published_time":"2021-07-13T10:25:33+00:00","article_modified_time":"2023-04-11T09:49:15+00:00","og_image":[{"width":1000,"height":683,"url":"https:\/\/www.laguiadepamplona.com\/actualidad\/wp-content\/uploads\/2017\/11\/camino-santiago.jpg","type":"image\/jpeg"}],"author":"La Gu\u00eda de Pamplona","twitter_card":"summary_large_image","twitter_creator":"@LaGuiadPamplona","twitter_site":"@LaGuiadPamplona","twitter_misc":{"Escrito por":"La Gu\u00eda de Pamplona","Tiempo de lectura":"2 minutos"},"schema":{"@context":"https:\/\/schema.org","@graph":[{"@type":"Article","@id":"https:\/\/www.laguiadepamplona.com\/actualidad\/la-asociacion-de-amigos-del-camino-de-santiago-de-paderborn-seguira-gestionando-durante-los-proximos-cinco-anos-el-albergue-de-peregrinos-del-chalet-de-iraizoz\/#article","isPartOf":{"@id":"https:\/\/www.laguiadepamplona.com\/actualidad\/la-asociacion-de-amigos-del-camino-de-santiago-de-paderborn-seguira-gestionando-durante-los-proximos-cinco-anos-el-albergue-de-peregrinos-del-chalet-de-iraizoz\/"},"author":{"name":"La Gu\u00eda de Pamplona","@id":"https:\/\/www.laguiadepamplona.com\/actualidad\/#\/schema\/person\/efe887376f0213d4657c93adc50b1fdb"},"headline":"La Asociaci\u00f3n de Amigos del Camino de Santiago de Paderborn seguir\u00e1 gestionando durante los pr\u00f3ximos cinco a\u00f1os el albergue de peregrinos del Chalet de Iraizoz","datePublished":"2021-07-13T10:25:33+00:00","dateModified":"2023-04-11T09:49:15+00:00","mainEntityOfPage":{"@id":"https:\/\/www.laguiadepamplona.com\/actualidad\/la-asociacion-de-amigos-del-camino-de-santiago-de-paderborn-seguira-gestionando-durante-los-proximos-cinco-anos-el-albergue-de-peregrinos-del-chalet-de-iraizoz\/"},"wordCount":418,"commentCount":0,"publisher":{"@id":"https:\/\/www.laguiadepamplona.com\/actualidad\/#organization"},"image":{"@id":"https:\/\/www.laguiadepamplona.com\/actualidad\/la-asociacion-de-amigos-del-camino-de-santiago-de-paderborn-seguira-gestionando-durante-los-proximos-cinco-anos-el-albergue-de-peregrinos-del-chalet-de-iraizoz\/#primaryimage"},"thumbnailUrl":"https:\/\/www.laguiadepamplona.com\/actualidad\/wp-content\/uploads\/2017\/11\/camino-santiago.jpg","articleSection":["Ayto Pamplona"],"inLanguage":"es","potentialAction":[{"@type":"CommentAction","name":"Comment","target":["https:\/\/www.laguiadepamplona.com\/actualidad\/la-asociacion-de-amigos-del-camino-de-santiago-de-paderborn-seguira-gestionando-durante-los-proximos-cinco-anos-el-albergue-de-peregrinos-del-chalet-de-iraizoz\/#respond"]}]},{"@type":"WebPage","@id":"https:\/\/www.laguiadepamplona.com\/actualidad\/la-asociacion-de-amigos-del-camino-de-santiago-de-paderborn-seguira-gestionando-durante-los-proximos-cinco-anos-el-albergue-de-peregrinos-del-chalet-de-iraizoz\/","url":"https:\/\/www.laguiadepamplona.com\/actualidad\/la-asociacion-de-amigos-del-camino-de-santiago-de-paderborn-seguira-gestionando-durante-los-proximos-cinco-anos-el-albergue-de-peregrinos-del-chalet-de-iraizoz\/","name":"La Asociaci\u00f3n de Amigos del Camino de Santiago de Paderborn seguir\u00e1 gestionando durante los pr\u00f3ximos cinco a\u00f1os el albergue de peregrinos del Chalet de Iraizoz","isPartOf":{"@id":"https:\/\/www.laguiadepamplona.com\/actualidad\/#website"},"primaryImageOfPage":{"@id":"https:\/\/www.laguiadepamplona.com\/actualidad\/la-asociacion-de-amigos-del-camino-de-santiago-de-paderborn-seguira-gestionando-durante-los-proximos-cinco-anos-el-albergue-de-peregrinos-del-chalet-de-iraizoz\/#primaryimage"},"image":{"@id":"https:\/\/www.laguiadepamplona.com\/actualidad\/la-asociacion-de-amigos-del-camino-de-santiago-de-paderborn-seguira-gestionando-durante-los-proximos-cinco-anos-el-albergue-de-peregrinos-del-chalet-de-iraizoz\/#primaryimage"},"thumbnailUrl":"https:\/\/www.laguiadepamplona.com\/actualidad\/wp-content\/uploads\/2017\/11\/camino-santiago.jpg","datePublished":"2021-07-13T10:25:33+00:00","dateModified":"2023-04-11T09:49:15+00:00","description":"Ayuntamiento y asociaci\u00f3n han renovado el convenio de colaboraci\u00f3n para la gesti\u00f3n del albergue ubicado en ese edificio municipal en la Magdalena","breadcrumb":{"@id":"https:\/\/www.laguiadepamplona.com\/actualidad\/la-asociacion-de-amigos-del-camino-de-santiago-de-paderborn-seguira-gestionando-durante-los-proximos-cinco-anos-el-albergue-de-peregrinos-del-chalet-de-iraizoz\/#breadcrumb"},"inLanguage":"es","potentialAction":[{"@type":"ReadAction","target":["https:\/\/www.laguiadepamplona.com\/actualidad\/la-asociacion-de-amigos-del-camino-de-santiago-de-paderborn-seguira-gestionando-durante-los-proximos-cinco-anos-el-albergue-de-peregrinos-del-chalet-de-iraizoz\/"]}]},{"@type":"ImageObject","inLanguage":"es","@id":"https:\/\/www.laguiadepamplona.com\/actualidad\/la-asociacion-de-amigos-del-camino-de-santiago-de-paderborn-seguira-gestionando-durante-los-proximos-cinco-anos-el-albergue-de-peregrinos-del-chalet-de-iraizoz\/#primaryimage","url":"https:\/\/www.laguiadepamplona.com\/actualidad\/wp-content\/uploads\/2017\/11\/camino-santiago.jpg","contentUrl":"https:\/\/www.laguiadepamplona.com\/actualidad\/wp-content\/uploads\/2017\/11\/camino-santiago.jpg","width":1000,"height":683},{"@type":"BreadcrumbList","@id":"https:\/\/www.laguiadepamplona.com\/actualidad\/la-asociacion-de-amigos-del-camino-de-santiago-de-paderborn-seguira-gestionando-durante-los-proximos-cinco-anos-el-albergue-de-peregrinos-del-chalet-de-iraizoz\/#breadcrumb","itemListElement":[{"@type":"ListItem","position":1,"name":"Portada","item":"https:\/\/www.laguiadepamplona.com\/actualidad\/"},{"@type":"ListItem","position":2,"name":"La Asociaci\u00f3n de Amigos del Camino de Santiago de Paderborn seguir\u00e1 gestionando durante los pr\u00f3ximos cinco a\u00f1os el albergue de peregrinos del Chalet de Iraizoz"}]},{"@type":"WebSite","@id":"https:\/\/www.laguiadepamplona.com\/actualidad\/#website","url":"https:\/\/www.laguiadepamplona.com\/actualidad\/","name":"La gu\u00eda de Pamplona","description":"Noticias de Pamplona","publisher":{"@id":"https:\/\/www.laguiadepamplona.com\/actualidad\/#organization"},"potentialAction":[{"@type":"SearchAction","target":{"@type":"EntryPoint","urlTemplate":"https:\/\/www.laguiadepamplona.com\/actualidad\/?s={search_term_string}"},"query-input":{"@type":"PropertyValueSpecification","valueRequired":true,"valueName":"search_term_string"}}],"inLanguage":"es"},{"@type":"Organization","@id":"https:\/\/www.laguiadepamplona.com\/actualidad\/#organization","name":"La Gu\u00eda de Pamplona \/ Noticias","url":"https:\/\/www.laguiadepamplona.com\/actualidad\/","logo":{"@type":"ImageObject","inLanguage":"es","@id":"https:\/\/www.laguiadepamplona.com\/actualidad\/#\/schema\/logo\/image\/","url":"https:\/\/www.laguiadepamplona.com\/actualidad\/wp-content\/uploads\/2018\/11\/logo-laguiadepamplona18-web1.png","contentUrl":"https:\/\/www.laguiadepamplona.com\/actualidad\/wp-content\/uploads\/2018\/11\/logo-laguiadepamplona18-web1.png","width":600,"height":196,"caption":"La Gu\u00eda de Pamplona \/ Noticias"},"image":{"@id":"https:\/\/www.laguiadepamplona.com\/actualidad\/#\/schema\/logo\/image\/"},"sameAs":["https:\/\/www.facebook.com\/laguiadepamplonacom-133175176762273\/?ref=hl","https:\/\/x.com\/LaGuiadPamplona","https:\/\/www.instagram.com\/la_guia_de_pamplona\/","https:\/\/www.youtube.com\/user\/laguiadepamplona"]},{"@type":"Person","@id":"https:\/\/www.laguiadepamplona.com\/actualidad\/#\/schema\/person\/efe887376f0213d4657c93adc50b1fdb","name":"La Gu\u00eda de Pamplona","image":{"@type":"ImageObject","inLanguage":"es","@id":"https:\/\/secure.gravatar.com\/avatar\/b6992f131dc8d30ab0dff15446e9d346d9dbd95992de0fef795073f5ea83a81c?s=96&d=mm&r=g","url":"https:\/\/secure.gravatar.com\/avatar\/b6992f131dc8d30ab0dff15446e9d346d9dbd95992de0fef795073f5ea83a81c?s=96&d=mm&r=g","contentUrl":"https:\/\/secure.gravatar.com\/avatar\/b6992f131dc8d30ab0dff15446e9d346d9dbd95992de0fef795073f5ea83a81c?s=96&d=mm&r=g","caption":"La Gu\u00eda de Pamplona"}}]}},"post_mailing_queue_ids":[],"_links":{"self":[{"href":"https:\/\/www.laguiadepamplona.com\/actualidad\/wp-json\/wp\/v2\/posts\/35880","targetHints":{"allow":["GET"]}}],"collection":[{"href":"https:\/\/www.laguiadepamplona.com\/actualidad\/wp-json\/wp\/v2\/posts"}],"about":[{"href":"https:\/\/www.laguiadepamplona.com\/actualidad\/wp-json\/wp\/v2\/types\/post"}],"author":[{"embeddable":true,"href":"https:\/\/www.laguiadepamplona.com\/actualidad\/wp-json\/wp\/v2\/users\/1"}],"replies":[{"embeddable":true,"href":"https:\/\/www.laguiadepamplona.com\/actualidad\/wp-json\/wp\/v2\/comments?post=35880"}],"version-history":[{"count":0,"href":"https:\/\/www.laguiadepamplona.com\/actualidad\/wp-json\/wp\/v2\/posts\/35880\/revisions"}],"wp:featuredmedia":[{"embeddable":true,"href":"https:\/\/www.laguiadepamplona.com\/actualidad\/wp-json\/wp\/v2\/media\/15072"}],"wp:attachment":[{"href":"https:\/\/www.laguiadepamplona.com\/actualidad\/wp-json\/wp\/v2\/media?parent=35880"}],"wp:term":[{"taxonomy":"category","embeddable":true,"href":"https:\/\/www.laguiadepamplona.com\/actualidad\/wp-json\/wp\/v2\/categories?post=35880"},{"taxonomy":"post_tag","embeddable":true,"href":"https:\/\/www.laguiadepamplona.com\/actualidad\/wp-json\/wp\/v2\/tags?post=35880"}],"curies":[{"name":"wp","href":"https:\/\/api.w.org\/{rel}","templated":true}]}}