{"id":35853,"date":"2021-07-09T16:41:19","date_gmt":"2021-07-09T14:41:19","guid":{"rendered":"https:\/\/www.laguiadepamplona.com\/actualidad\/?p=35853"},"modified":"2023-04-11T11:49:15","modified_gmt":"2023-04-11T09:49:15","slug":"comienzan-las-obras-de-reparacion-del-suelo-de-la-pista-del-polideportivo-jose-maria-iribarren-que-mantendran-cerrada-la-instalacion-durante-dos-semanas","status":"publish","type":"post","link":"https:\/\/www.laguiadepamplona.com\/actualidad\/comienzan-las-obras-de-reparacion-del-suelo-de-la-pista-del-polideportivo-jose-maria-iribarren-que-mantendran-cerrada-la-instalacion-durante-dos-semanas\/","title":{"rendered":"Comienzan las obras de reparaci\u00f3n del suelo de la pista del polideportivo Jos\u00e9 Mar\u00eda Iribarren, que mantendr\u00e1n cerrada la instalaci\u00f3n durante dos semanas"},"content":{"rendered":"<h5>El presupuesto es de 22.879,15 euros, enmarcados en los 1,2 millones de inversiones este a\u00f1o en las instalaciones deportivas municipales<\/h5>\n<p><!--more--><\/p>\n<p>El Ayuntamiento de Pamplona ha comenzado los trabajos para reparar el suelo de la pista polideportiva del pabell\u00f3n Jos\u00e9 Mar\u00eda Iribarren. Las obras se prolongar\u00e1n durante las pr\u00f3ximas dos semanas, tiempo en el que la pista permanecer\u00e1 cerrada sin poder ser utilizada. El presupuesto asciende a 22.879,15 euros, que forman parte de los 1,2 millones de euros que el Ayuntamiento de Pamplona invertir\u00e1 este a\u00f1o en instalaciones deportivas municipales.<\/p>\n<p><script async src=\"\/\/pagead2.googlesyndication.com\/pagead\/js\/adsbygoogle.js\"><\/script><br \/>\n<!-- Noticias La Guia de Pamplona --><br \/>\n<ins class=\"adsbygoogle\"\nstyle=\"display:block\"\ndata-ad-client=\"ca-pub-6943679897239327\"\ndata-ad-slot=\"7048180777\"\ndata-ad-format=\"auto\"><\/ins><br \/>\n<script>\n(adsbygoogle = window.adsbygoogle || []).push({});\n<\/script><\/p>\n<p>La pista polideportiva del colegio Jos\u00e9 Mar\u00eda Iribarren se encontraba muy deteriorada debido al paso del tiempo y al uso deportivo que se realiza de la instalaci\u00f3n. La actuaci\u00f3n principal para dar soluci\u00f3n a los problemas constatados consiste en el lijado y barnizado de todo el suelo de la pista para volver despu\u00e9s a marcar con pintura las diferentes canchas de juego. Adem\u00e1s, se actuar\u00e1 puntualmente en una peque\u00f1a zona, sustituyendo por completo el pavimento ya que debido a humedades se hab\u00eda visto totalmente deteriorado.<\/p>\n<p>El trabajo lo est\u00e1 realizando empresa Smart Sport. El polideportivo est\u00e1 ubicado en la calle Ermitaga\u00f1a s\/n y se construy\u00f3 en 1988 dentro del recinto del Colegio P\u00fablico Jos\u00e9 M\u00aa Iribarren. La pista polideportiva cuenta con unas dimensiones 42 x 27 metros, sin gradas, y con campos de balonmano, f\u00fatbol sala, voleibol o baloncesto marcados.<\/p>\n","protected":false},"excerpt":{"rendered":"<p>El presupuesto es de 22.879,15 euros, enmarcados en los 1,2 millones de inversiones este a\u00f1o en las instalaciones deportivas municipales<\/p>\n","protected":false},"author":1,"featured_media":33021,"comment_status":"open","ping_status":"closed","sticky":false,"template":"","format":"standard","meta":{"footnotes":""},"categories":[2],"tags":[],"class_list":["post-35853","post","type-post","status-publish","format-standard","has-post-thumbnail","hentry","category-ayuntamiento-pamplona"],"yoast_head":"<!-- This site is optimized with the Yoast SEO plugin v27.5 - https:\/\/yoast.com\/product\/yoast-seo-wordpress\/ -->\n<title>Comienzan las obras de reparaci\u00f3n del suelo de la pista del polideportivo Jos\u00e9 Mar\u00eda Iribarren, que mantendr\u00e1n cerrada la instalaci\u00f3n durante dos semanas<\/title>\n<meta name=\"description\" content=\"El presupuesto es de 22.879,15 euros, enmarcados en los 1,2 millones de inversiones este a\u00f1o en las instalaciones deportivas municipales\" \/>\n<meta name=\"robots\" content=\"index, follow, max-snippet:-1, max-image-preview:large, max-video-preview:-1\" \/>\n<link rel=\"canonical\" href=\"https:\/\/www.laguiadepamplona.com\/actualidad\/comienzan-las-obras-de-reparacion-del-suelo-de-la-pista-del-polideportivo-jose-maria-iribarren-que-mantendran-cerrada-la-instalacion-durante-dos-semanas\/\" \/>\n<meta property=\"og:locale\" content=\"es_ES\" \/>\n<meta property=\"og:type\" content=\"article\" \/>\n<meta property=\"og:title\" content=\"Comienzan las obras de reparaci\u00f3n del suelo de la pista del polideportivo Jos\u00e9 Mar\u00eda Iribarren, que mantendr\u00e1n cerrada la instalaci\u00f3n durante dos semanas\" \/>\n<meta property=\"og:description\" content=\"El presupuesto es de 22.879,15 euros, enmarcados en los 1,2 millones de inversiones este a\u00f1o en las instalaciones deportivas municipales\" \/>\n<meta property=\"og:url\" content=\"https:\/\/www.laguiadepamplona.com\/actualidad\/comienzan-las-obras-de-reparacion-del-suelo-de-la-pista-del-polideportivo-jose-maria-iribarren-que-mantendran-cerrada-la-instalacion-durante-dos-semanas\/\" \/>\n<meta property=\"og:site_name\" content=\"La Gu\u00eda de Pamplona\" \/>\n<meta property=\"article:publisher\" content=\"https:\/\/www.facebook.com\/laguiadepamplonacom-133175176762273\/?ref=hl\" \/>\n<meta property=\"article:published_time\" content=\"2021-07-09T14:41:19+00:00\" \/>\n<meta property=\"article:modified_time\" content=\"2023-04-11T09:49:15+00:00\" \/>\n<meta property=\"og:image\" content=\"https:\/\/www.laguiadepamplona.com\/actualidad\/wp-content\/uploads\/2021\/02\/ayuntamiento-pamplona.jpg\" \/>\n\t<meta property=\"og:image:width\" content=\"1920\" \/>\n\t<meta property=\"og:image:height\" content=\"1080\" \/>\n\t<meta property=\"og:image:type\" content=\"image\/jpeg\" \/>\n<meta name=\"author\" content=\"La Gu\u00eda de Pamplona\" \/>\n<meta name=\"twitter:card\" content=\"summary_large_image\" \/>\n<meta name=\"twitter:creator\" content=\"@LaGuiadPamplona\" \/>\n<meta name=\"twitter:site\" content=\"@LaGuiadPamplona\" \/>\n<meta name=\"twitter:label1\" content=\"Escrito por\" \/>\n\t<meta name=\"twitter:data1\" content=\"La Gu\u00eda de Pamplona\" \/>\n\t<meta name=\"twitter:label2\" content=\"Tiempo de lectura\" \/>\n\t<meta name=\"twitter:data2\" content=\"2 minutos\" \/>\n<script type=\"application\/ld+json\" class=\"yoast-schema-graph\">{\"@context\":\"https:\\\/\\\/schema.org\",\"@graph\":[{\"@type\":\"Article\",\"@id\":\"https:\\\/\\\/www.laguiadepamplona.com\\\/actualidad\\\/comienzan-las-obras-de-reparacion-del-suelo-de-la-pista-del-polideportivo-jose-maria-iribarren-que-mantendran-cerrada-la-instalacion-durante-dos-semanas\\\/#article\",\"isPartOf\":{\"@id\":\"https:\\\/\\\/www.laguiadepamplona.com\\\/actualidad\\\/comienzan-las-obras-de-reparacion-del-suelo-de-la-pista-del-polideportivo-jose-maria-iribarren-que-mantendran-cerrada-la-instalacion-durante-dos-semanas\\\/\"},\"author\":{\"name\":\"La Gu\u00eda de Pamplona\",\"@id\":\"https:\\\/\\\/www.laguiadepamplona.com\\\/actualidad\\\/#\\\/schema\\\/person\\\/efe887376f0213d4657c93adc50b1fdb\"},\"headline\":\"Comienzan las obras de reparaci\u00f3n del suelo de la pista del polideportivo Jos\u00e9 Mar\u00eda Iribarren, que mantendr\u00e1n cerrada la instalaci\u00f3n durante dos semanas\",\"datePublished\":\"2021-07-09T14:41:19+00:00\",\"dateModified\":\"2023-04-11T09:49:15+00:00\",\"mainEntityOfPage\":{\"@id\":\"https:\\\/\\\/www.laguiadepamplona.com\\\/actualidad\\\/comienzan-las-obras-de-reparacion-del-suelo-de-la-pista-del-polideportivo-jose-maria-iribarren-que-mantendran-cerrada-la-instalacion-durante-dos-semanas\\\/\"},\"wordCount\":267,\"commentCount\":0,\"publisher\":{\"@id\":\"https:\\\/\\\/www.laguiadepamplona.com\\\/actualidad\\\/#organization\"},\"image\":{\"@id\":\"https:\\\/\\\/www.laguiadepamplona.com\\\/actualidad\\\/comienzan-las-obras-de-reparacion-del-suelo-de-la-pista-del-polideportivo-jose-maria-iribarren-que-mantendran-cerrada-la-instalacion-durante-dos-semanas\\\/#primaryimage\"},\"thumbnailUrl\":\"https:\\\/\\\/www.laguiadepamplona.com\\\/actualidad\\\/wp-content\\\/uploads\\\/2021\\\/02\\\/ayuntamiento-pamplona.jpg\",\"articleSection\":[\"Ayto Pamplona\"],\"inLanguage\":\"es\",\"potentialAction\":[{\"@type\":\"CommentAction\",\"name\":\"Comment\",\"target\":[\"https:\\\/\\\/www.laguiadepamplona.com\\\/actualidad\\\/comienzan-las-obras-de-reparacion-del-suelo-de-la-pista-del-polideportivo-jose-maria-iribarren-que-mantendran-cerrada-la-instalacion-durante-dos-semanas\\\/#respond\"]}]},{\"@type\":\"WebPage\",\"@id\":\"https:\\\/\\\/www.laguiadepamplona.com\\\/actualidad\\\/comienzan-las-obras-de-reparacion-del-suelo-de-la-pista-del-polideportivo-jose-maria-iribarren-que-mantendran-cerrada-la-instalacion-durante-dos-semanas\\\/\",\"url\":\"https:\\\/\\\/www.laguiadepamplona.com\\\/actualidad\\\/comienzan-las-obras-de-reparacion-del-suelo-de-la-pista-del-polideportivo-jose-maria-iribarren-que-mantendran-cerrada-la-instalacion-durante-dos-semanas\\\/\",\"name\":\"Comienzan las obras de reparaci\u00f3n del suelo de la pista del polideportivo Jos\u00e9 Mar\u00eda Iribarren, que mantendr\u00e1n cerrada la instalaci\u00f3n durante dos semanas\",\"isPartOf\":{\"@id\":\"https:\\\/\\\/www.laguiadepamplona.com\\\/actualidad\\\/#website\"},\"primaryImageOfPage\":{\"@id\":\"https:\\\/\\\/www.laguiadepamplona.com\\\/actualidad\\\/comienzan-las-obras-de-reparacion-del-suelo-de-la-pista-del-polideportivo-jose-maria-iribarren-que-mantendran-cerrada-la-instalacion-durante-dos-semanas\\\/#primaryimage\"},\"image\":{\"@id\":\"https:\\\/\\\/www.laguiadepamplona.com\\\/actualidad\\\/comienzan-las-obras-de-reparacion-del-suelo-de-la-pista-del-polideportivo-jose-maria-iribarren-que-mantendran-cerrada-la-instalacion-durante-dos-semanas\\\/#primaryimage\"},\"thumbnailUrl\":\"https:\\\/\\\/www.laguiadepamplona.com\\\/actualidad\\\/wp-content\\\/uploads\\\/2021\\\/02\\\/ayuntamiento-pamplona.jpg\",\"datePublished\":\"2021-07-09T14:41:19+00:00\",\"dateModified\":\"2023-04-11T09:49:15+00:00\",\"description\":\"El presupuesto es de 22.879,15 euros, enmarcados en los 1,2 millones de inversiones este a\u00f1o en las instalaciones deportivas municipales\",\"breadcrumb\":{\"@id\":\"https:\\\/\\\/www.laguiadepamplona.com\\\/actualidad\\\/comienzan-las-obras-de-reparacion-del-suelo-de-la-pista-del-polideportivo-jose-maria-iribarren-que-mantendran-cerrada-la-instalacion-durante-dos-semanas\\\/#breadcrumb\"},\"inLanguage\":\"es\",\"potentialAction\":[{\"@type\":\"ReadAction\",\"target\":[\"https:\\\/\\\/www.laguiadepamplona.com\\\/actualidad\\\/comienzan-las-obras-de-reparacion-del-suelo-de-la-pista-del-polideportivo-jose-maria-iribarren-que-mantendran-cerrada-la-instalacion-durante-dos-semanas\\\/\"]}]},{\"@type\":\"ImageObject\",\"inLanguage\":\"es\",\"@id\":\"https:\\\/\\\/www.laguiadepamplona.com\\\/actualidad\\\/comienzan-las-obras-de-reparacion-del-suelo-de-la-pista-del-polideportivo-jose-maria-iribarren-que-mantendran-cerrada-la-instalacion-durante-dos-semanas\\\/#primaryimage\",\"url\":\"https:\\\/\\\/www.laguiadepamplona.com\\\/actualidad\\\/wp-content\\\/uploads\\\/2021\\\/02\\\/ayuntamiento-pamplona.jpg\",\"contentUrl\":\"https:\\\/\\\/www.laguiadepamplona.com\\\/actualidad\\\/wp-content\\\/uploads\\\/2021\\\/02\\\/ayuntamiento-pamplona.jpg\",\"width\":1920,\"height\":1080},{\"@type\":\"BreadcrumbList\",\"@id\":\"https:\\\/\\\/www.laguiadepamplona.com\\\/actualidad\\\/comienzan-las-obras-de-reparacion-del-suelo-de-la-pista-del-polideportivo-jose-maria-iribarren-que-mantendran-cerrada-la-instalacion-durante-dos-semanas\\\/#breadcrumb\",\"itemListElement\":[{\"@type\":\"ListItem\",\"position\":1,\"name\":\"Portada\",\"item\":\"https:\\\/\\\/www.laguiadepamplona.com\\\/actualidad\\\/\"},{\"@type\":\"ListItem\",\"position\":2,\"name\":\"Comienzan las obras de reparaci\u00f3n del suelo de la pista del polideportivo Jos\u00e9 Mar\u00eda Iribarren, que mantendr\u00e1n cerrada la instalaci\u00f3n durante dos semanas\"}]},{\"@type\":\"WebSite\",\"@id\":\"https:\\\/\\\/www.laguiadepamplona.com\\\/actualidad\\\/#website\",\"url\":\"https:\\\/\\\/www.laguiadepamplona.com\\\/actualidad\\\/\",\"name\":\"La gu\u00eda de Pamplona\",\"description\":\"Noticias de Pamplona\",\"publisher\":{\"@id\":\"https:\\\/\\\/www.laguiadepamplona.com\\\/actualidad\\\/#organization\"},\"potentialAction\":[{\"@type\":\"SearchAction\",\"target\":{\"@type\":\"EntryPoint\",\"urlTemplate\":\"https:\\\/\\\/www.laguiadepamplona.com\\\/actualidad\\\/?s={search_term_string}\"},\"query-input\":{\"@type\":\"PropertyValueSpecification\",\"valueRequired\":true,\"valueName\":\"search_term_string\"}}],\"inLanguage\":\"es\"},{\"@type\":\"Organization\",\"@id\":\"https:\\\/\\\/www.laguiadepamplona.com\\\/actualidad\\\/#organization\",\"name\":\"La Gu\u00eda de Pamplona \\\/ Noticias\",\"url\":\"https:\\\/\\\/www.laguiadepamplona.com\\\/actualidad\\\/\",\"logo\":{\"@type\":\"ImageObject\",\"inLanguage\":\"es\",\"@id\":\"https:\\\/\\\/www.laguiadepamplona.com\\\/actualidad\\\/#\\\/schema\\\/logo\\\/image\\\/\",\"url\":\"https:\\\/\\\/www.laguiadepamplona.com\\\/actualidad\\\/wp-content\\\/uploads\\\/2018\\\/11\\\/logo-laguiadepamplona18-web1.png\",\"contentUrl\":\"https:\\\/\\\/www.laguiadepamplona.com\\\/actualidad\\\/wp-content\\\/uploads\\\/2018\\\/11\\\/logo-laguiadepamplona18-web1.png\",\"width\":600,\"height\":196,\"caption\":\"La Gu\u00eda de Pamplona \\\/ Noticias\"},\"image\":{\"@id\":\"https:\\\/\\\/www.laguiadepamplona.com\\\/actualidad\\\/#\\\/schema\\\/logo\\\/image\\\/\"},\"sameAs\":[\"https:\\\/\\\/www.facebook.com\\\/laguiadepamplonacom-133175176762273\\\/?ref=hl\",\"https:\\\/\\\/x.com\\\/LaGuiadPamplona\",\"https:\\\/\\\/www.instagram.com\\\/la_guia_de_pamplona\\\/\",\"https:\\\/\\\/www.youtube.com\\\/user\\\/laguiadepamplona\"]},{\"@type\":\"Person\",\"@id\":\"https:\\\/\\\/www.laguiadepamplona.com\\\/actualidad\\\/#\\\/schema\\\/person\\\/efe887376f0213d4657c93adc50b1fdb\",\"name\":\"La Gu\u00eda de Pamplona\",\"image\":{\"@type\":\"ImageObject\",\"inLanguage\":\"es\",\"@id\":\"https:\\\/\\\/secure.gravatar.com\\\/avatar\\\/b6992f131dc8d30ab0dff15446e9d346d9dbd95992de0fef795073f5ea83a81c?s=96&d=mm&r=g\",\"url\":\"https:\\\/\\\/secure.gravatar.com\\\/avatar\\\/b6992f131dc8d30ab0dff15446e9d346d9dbd95992de0fef795073f5ea83a81c?s=96&d=mm&r=g\",\"contentUrl\":\"https:\\\/\\\/secure.gravatar.com\\\/avatar\\\/b6992f131dc8d30ab0dff15446e9d346d9dbd95992de0fef795073f5ea83a81c?s=96&d=mm&r=g\",\"caption\":\"La Gu\u00eda de Pamplona\"}}]}<\/script>\n<!-- \/ Yoast SEO plugin. -->","yoast_head_json":{"title":"Comienzan las obras de reparaci\u00f3n del suelo de la pista del polideportivo Jos\u00e9 Mar\u00eda Iribarren, que mantendr\u00e1n cerrada la instalaci\u00f3n durante dos semanas","description":"El presupuesto es de 22.879,15 euros, enmarcados en los 1,2 millones de inversiones este a\u00f1o en las instalaciones deportivas municipales","robots":{"index":"index","follow":"follow","max-snippet":"max-snippet:-1","max-image-preview":"max-image-preview:large","max-video-preview":"max-video-preview:-1"},"canonical":"https:\/\/www.laguiadepamplona.com\/actualidad\/comienzan-las-obras-de-reparacion-del-suelo-de-la-pista-del-polideportivo-jose-maria-iribarren-que-mantendran-cerrada-la-instalacion-durante-dos-semanas\/","og_locale":"es_ES","og_type":"article","og_title":"Comienzan las obras de reparaci\u00f3n del suelo de la pista del polideportivo Jos\u00e9 Mar\u00eda Iribarren, que mantendr\u00e1n cerrada la instalaci\u00f3n durante dos semanas","og_description":"El presupuesto es de 22.879,15 euros, enmarcados en los 1,2 millones de inversiones este a\u00f1o en las instalaciones deportivas municipales","og_url":"https:\/\/www.laguiadepamplona.com\/actualidad\/comienzan-las-obras-de-reparacion-del-suelo-de-la-pista-del-polideportivo-jose-maria-iribarren-que-mantendran-cerrada-la-instalacion-durante-dos-semanas\/","og_site_name":"La Gu\u00eda de Pamplona","article_publisher":"https:\/\/www.facebook.com\/laguiadepamplonacom-133175176762273\/?ref=hl","article_published_time":"2021-07-09T14:41:19+00:00","article_modified_time":"2023-04-11T09:49:15+00:00","og_image":[{"width":1920,"height":1080,"url":"https:\/\/www.laguiadepamplona.com\/actualidad\/wp-content\/uploads\/2021\/02\/ayuntamiento-pamplona.jpg","type":"image\/jpeg"}],"author":"La Gu\u00eda de Pamplona","twitter_card":"summary_large_image","twitter_creator":"@LaGuiadPamplona","twitter_site":"@LaGuiadPamplona","twitter_misc":{"Escrito por":"La Gu\u00eda de Pamplona","Tiempo de lectura":"2 minutos"},"schema":{"@context":"https:\/\/schema.org","@graph":[{"@type":"Article","@id":"https:\/\/www.laguiadepamplona.com\/actualidad\/comienzan-las-obras-de-reparacion-del-suelo-de-la-pista-del-polideportivo-jose-maria-iribarren-que-mantendran-cerrada-la-instalacion-durante-dos-semanas\/#article","isPartOf":{"@id":"https:\/\/www.laguiadepamplona.com\/actualidad\/comienzan-las-obras-de-reparacion-del-suelo-de-la-pista-del-polideportivo-jose-maria-iribarren-que-mantendran-cerrada-la-instalacion-durante-dos-semanas\/"},"author":{"name":"La Gu\u00eda de Pamplona","@id":"https:\/\/www.laguiadepamplona.com\/actualidad\/#\/schema\/person\/efe887376f0213d4657c93adc50b1fdb"},"headline":"Comienzan las obras de reparaci\u00f3n del suelo de la pista del polideportivo Jos\u00e9 Mar\u00eda Iribarren, que mantendr\u00e1n cerrada la instalaci\u00f3n durante dos semanas","datePublished":"2021-07-09T14:41:19+00:00","dateModified":"2023-04-11T09:49:15+00:00","mainEntityOfPage":{"@id":"https:\/\/www.laguiadepamplona.com\/actualidad\/comienzan-las-obras-de-reparacion-del-suelo-de-la-pista-del-polideportivo-jose-maria-iribarren-que-mantendran-cerrada-la-instalacion-durante-dos-semanas\/"},"wordCount":267,"commentCount":0,"publisher":{"@id":"https:\/\/www.laguiadepamplona.com\/actualidad\/#organization"},"image":{"@id":"https:\/\/www.laguiadepamplona.com\/actualidad\/comienzan-las-obras-de-reparacion-del-suelo-de-la-pista-del-polideportivo-jose-maria-iribarren-que-mantendran-cerrada-la-instalacion-durante-dos-semanas\/#primaryimage"},"thumbnailUrl":"https:\/\/www.laguiadepamplona.com\/actualidad\/wp-content\/uploads\/2021\/02\/ayuntamiento-pamplona.jpg","articleSection":["Ayto Pamplona"],"inLanguage":"es","potentialAction":[{"@type":"CommentAction","name":"Comment","target":["https:\/\/www.laguiadepamplona.com\/actualidad\/comienzan-las-obras-de-reparacion-del-suelo-de-la-pista-del-polideportivo-jose-maria-iribarren-que-mantendran-cerrada-la-instalacion-durante-dos-semanas\/#respond"]}]},{"@type":"WebPage","@id":"https:\/\/www.laguiadepamplona.com\/actualidad\/comienzan-las-obras-de-reparacion-del-suelo-de-la-pista-del-polideportivo-jose-maria-iribarren-que-mantendran-cerrada-la-instalacion-durante-dos-semanas\/","url":"https:\/\/www.laguiadepamplona.com\/actualidad\/comienzan-las-obras-de-reparacion-del-suelo-de-la-pista-del-polideportivo-jose-maria-iribarren-que-mantendran-cerrada-la-instalacion-durante-dos-semanas\/","name":"Comienzan las obras de reparaci\u00f3n del suelo de la pista del polideportivo Jos\u00e9 Mar\u00eda Iribarren, que mantendr\u00e1n cerrada la instalaci\u00f3n durante dos semanas","isPartOf":{"@id":"https:\/\/www.laguiadepamplona.com\/actualidad\/#website"},"primaryImageOfPage":{"@id":"https:\/\/www.laguiadepamplona.com\/actualidad\/comienzan-las-obras-de-reparacion-del-suelo-de-la-pista-del-polideportivo-jose-maria-iribarren-que-mantendran-cerrada-la-instalacion-durante-dos-semanas\/#primaryimage"},"image":{"@id":"https:\/\/www.laguiadepamplona.com\/actualidad\/comienzan-las-obras-de-reparacion-del-suelo-de-la-pista-del-polideportivo-jose-maria-iribarren-que-mantendran-cerrada-la-instalacion-durante-dos-semanas\/#primaryimage"},"thumbnailUrl":"https:\/\/www.laguiadepamplona.com\/actualidad\/wp-content\/uploads\/2021\/02\/ayuntamiento-pamplona.jpg","datePublished":"2021-07-09T14:41:19+00:00","dateModified":"2023-04-11T09:49:15+00:00","description":"El presupuesto es de 22.879,15 euros, enmarcados en los 1,2 millones de inversiones este a\u00f1o en las instalaciones deportivas municipales","breadcrumb":{"@id":"https:\/\/www.laguiadepamplona.com\/actualidad\/comienzan-las-obras-de-reparacion-del-suelo-de-la-pista-del-polideportivo-jose-maria-iribarren-que-mantendran-cerrada-la-instalacion-durante-dos-semanas\/#breadcrumb"},"inLanguage":"es","potentialAction":[{"@type":"ReadAction","target":["https:\/\/www.laguiadepamplona.com\/actualidad\/comienzan-las-obras-de-reparacion-del-suelo-de-la-pista-del-polideportivo-jose-maria-iribarren-que-mantendran-cerrada-la-instalacion-durante-dos-semanas\/"]}]},{"@type":"ImageObject","inLanguage":"es","@id":"https:\/\/www.laguiadepamplona.com\/actualidad\/comienzan-las-obras-de-reparacion-del-suelo-de-la-pista-del-polideportivo-jose-maria-iribarren-que-mantendran-cerrada-la-instalacion-durante-dos-semanas\/#primaryimage","url":"https:\/\/www.laguiadepamplona.com\/actualidad\/wp-content\/uploads\/2021\/02\/ayuntamiento-pamplona.jpg","contentUrl":"https:\/\/www.laguiadepamplona.com\/actualidad\/wp-content\/uploads\/2021\/02\/ayuntamiento-pamplona.jpg","width":1920,"height":1080},{"@type":"BreadcrumbList","@id":"https:\/\/www.laguiadepamplona.com\/actualidad\/comienzan-las-obras-de-reparacion-del-suelo-de-la-pista-del-polideportivo-jose-maria-iribarren-que-mantendran-cerrada-la-instalacion-durante-dos-semanas\/#breadcrumb","itemListElement":[{"@type":"ListItem","position":1,"name":"Portada","item":"https:\/\/www.laguiadepamplona.com\/actualidad\/"},{"@type":"ListItem","position":2,"name":"Comienzan las obras de reparaci\u00f3n del suelo de la pista del polideportivo Jos\u00e9 Mar\u00eda Iribarren, que mantendr\u00e1n cerrada la instalaci\u00f3n durante dos semanas"}]},{"@type":"WebSite","@id":"https:\/\/www.laguiadepamplona.com\/actualidad\/#website","url":"https:\/\/www.laguiadepamplona.com\/actualidad\/","name":"La gu\u00eda de Pamplona","description":"Noticias de Pamplona","publisher":{"@id":"https:\/\/www.laguiadepamplona.com\/actualidad\/#organization"},"potentialAction":[{"@type":"SearchAction","target":{"@type":"EntryPoint","urlTemplate":"https:\/\/www.laguiadepamplona.com\/actualidad\/?s={search_term_string}"},"query-input":{"@type":"PropertyValueSpecification","valueRequired":true,"valueName":"search_term_string"}}],"inLanguage":"es"},{"@type":"Organization","@id":"https:\/\/www.laguiadepamplona.com\/actualidad\/#organization","name":"La Gu\u00eda de Pamplona \/ Noticias","url":"https:\/\/www.laguiadepamplona.com\/actualidad\/","logo":{"@type":"ImageObject","inLanguage":"es","@id":"https:\/\/www.laguiadepamplona.com\/actualidad\/#\/schema\/logo\/image\/","url":"https:\/\/www.laguiadepamplona.com\/actualidad\/wp-content\/uploads\/2018\/11\/logo-laguiadepamplona18-web1.png","contentUrl":"https:\/\/www.laguiadepamplona.com\/actualidad\/wp-content\/uploads\/2018\/11\/logo-laguiadepamplona18-web1.png","width":600,"height":196,"caption":"La Gu\u00eda de Pamplona \/ Noticias"},"image":{"@id":"https:\/\/www.laguiadepamplona.com\/actualidad\/#\/schema\/logo\/image\/"},"sameAs":["https:\/\/www.facebook.com\/laguiadepamplonacom-133175176762273\/?ref=hl","https:\/\/x.com\/LaGuiadPamplona","https:\/\/www.instagram.com\/la_guia_de_pamplona\/","https:\/\/www.youtube.com\/user\/laguiadepamplona"]},{"@type":"Person","@id":"https:\/\/www.laguiadepamplona.com\/actualidad\/#\/schema\/person\/efe887376f0213d4657c93adc50b1fdb","name":"La Gu\u00eda de Pamplona","image":{"@type":"ImageObject","inLanguage":"es","@id":"https:\/\/secure.gravatar.com\/avatar\/b6992f131dc8d30ab0dff15446e9d346d9dbd95992de0fef795073f5ea83a81c?s=96&d=mm&r=g","url":"https:\/\/secure.gravatar.com\/avatar\/b6992f131dc8d30ab0dff15446e9d346d9dbd95992de0fef795073f5ea83a81c?s=96&d=mm&r=g","contentUrl":"https:\/\/secure.gravatar.com\/avatar\/b6992f131dc8d30ab0dff15446e9d346d9dbd95992de0fef795073f5ea83a81c?s=96&d=mm&r=g","caption":"La Gu\u00eda de Pamplona"}}]}},"post_mailing_queue_ids":[],"_links":{"self":[{"href":"https:\/\/www.laguiadepamplona.com\/actualidad\/wp-json\/wp\/v2\/posts\/35853","targetHints":{"allow":["GET"]}}],"collection":[{"href":"https:\/\/www.laguiadepamplona.com\/actualidad\/wp-json\/wp\/v2\/posts"}],"about":[{"href":"https:\/\/www.laguiadepamplona.com\/actualidad\/wp-json\/wp\/v2\/types\/post"}],"author":[{"embeddable":true,"href":"https:\/\/www.laguiadepamplona.com\/actualidad\/wp-json\/wp\/v2\/users\/1"}],"replies":[{"embeddable":true,"href":"https:\/\/www.laguiadepamplona.com\/actualidad\/wp-json\/wp\/v2\/comments?post=35853"}],"version-history":[{"count":0,"href":"https:\/\/www.laguiadepamplona.com\/actualidad\/wp-json\/wp\/v2\/posts\/35853\/revisions"}],"wp:featuredmedia":[{"embeddable":true,"href":"https:\/\/www.laguiadepamplona.com\/actualidad\/wp-json\/wp\/v2\/media\/33021"}],"wp:attachment":[{"href":"https:\/\/www.laguiadepamplona.com\/actualidad\/wp-json\/wp\/v2\/media?parent=35853"}],"wp:term":[{"taxonomy":"category","embeddable":true,"href":"https:\/\/www.laguiadepamplona.com\/actualidad\/wp-json\/wp\/v2\/categories?post=35853"},{"taxonomy":"post_tag","embeddable":true,"href":"https:\/\/www.laguiadepamplona.com\/actualidad\/wp-json\/wp\/v2\/tags?post=35853"}],"curies":[{"name":"wp","href":"https:\/\/api.w.org\/{rel}","templated":true}]}}