{"id":35850,"date":"2021-07-09T16:40:13","date_gmt":"2021-07-09T14:40:13","guid":{"rendered":"https:\/\/www.laguiadepamplona.com\/actualidad\/?p=35850"},"modified":"2023-04-11T11:49:15","modified_gmt":"2023-04-11T09:49:15","slug":"el-ayuntamiento-de-pamplona-recibe-un-primer-premio-bikefriendly-impulsado-por-la-red-de-ciudades-por-la-bicicleta-en-la-categoria-de-educacion-y-promocion","status":"publish","type":"post","link":"https:\/\/www.laguiadepamplona.com\/actualidad\/el-ayuntamiento-de-pamplona-recibe-un-primer-premio-bikefriendly-impulsado-por-la-red-de-ciudades-por-la-bicicleta-en-la-categoria-de-educacion-y-promocion\/","title":{"rendered":"El Ayuntamiento de Pamplona recibe un primer premio Bikefriendly, impulsado por la Red de Ciudades por la Bicicleta, en la categor\u00eda de \u2018Educaci\u00f3n y Promoci\u00f3n\u2019"},"content":{"rendered":"<h5>Reconocidas las iniciativas \u2018Bicicleta en la Escuela\u2018, \u2018Biciescuela para personas adultas, \u2018Ahora que somos libres, no te encierres en el coche\u2018 y \u2018Semana Europea de la Movilidad\u2019<\/h5>\n<p><!--more--><\/p>\n<p>El Ayuntamiento de Pamplona recibi\u00f3 anoche, en M\u00e1laga, un primer premio Bikefriendly de la Red de Ciudades por la Bicicleta en la categor\u00eda de Educaci\u00f3n y Promoci\u00f3n por fomentar la bicicleta como medio de transporte urbano desde distintas estrategias, entre las que el jurado ha destacado las acciones formativas y campa\u00f1as de comunicaci\u00f3n, y que se completan con la mejora de las infraestructuras ciclables y la dotaci\u00f3n de aparcamientos para bicicletas. Se han reconocido con el galard\u00f3n los programas \u2018Bicicleta en la escuela\u2018 y \u2018Biciescuela para personas adultas, la campa\u00f1a \u2018Ahora que somos libres, no te encierres en el coche\u2018 y la \u2018Semana Europea de la Movilidad\u2019.<\/p>\n<p>En total se recibieron 43 candidaturas y junto a Pamplona han sido galardonadas las <strong>diputaciones de Pontevedra en la categor\u00eda <\/strong>\u2018Liderazgo y compromiso\u2019<strong> y la de Gipuzkoa<\/strong> en \u2018Infraestructura ciclista, adem\u00e1s del Ayuntamiento de<strong> Torrent en la categor\u00eda de <\/strong>\u2018Bicieconom\u00eda\u2019. Los acc\u00e9sits han sido obtenidos por los consistorios de <strong>A Coru\u00f1a, Valladolid, Logro\u00f1o y Fuenlabrad<\/strong>a.<\/p>\n<p>Este premio se une a otros obtenidos este a\u00f1o por el Consistorio pamplon\u00e9s por el fomento de la movilidad ciclista en la ciudad como el de Buenas Pr\u00e1cticas Locales por el Clima concedido por la Federaci\u00f3n Espa\u00f1ola de Municipios y Provincias (FEMP) en el que se reconocieron actuaciones como los ejes sostenibles en avenidas de Pamplona y los aparcamientos seguros y el premio del Ministerio de Transici\u00f3n Ecol\u00f3gica por el conjunto de \u2018Medidas permanentes desarrolladas entre las Semanas Europeas de la Movilidad 2019 y 2020. Adem\u00e1s, del reconocimiento como Buena Pr\u00e1ctica de Sostenibilidad Local el programa educativo \u2018Biciescuela\u2019 en los XI Premios de Buenas Pr\u00e1cticas de Desarrollo Local Sostenible \u2018Jos\u00e9 Ignacio Sanz Arbizu\u2019 en los que el Ayuntamiento tambi\u00e9n recibi\u00f3 dos menciones especiales por los proyectos \u2018Sirenas\u2019 y \u2018Consumo responsable y prevenci\u00f3n de residuos en las escuelas infantiles del Ayuntamiento de Pamplona\u2019 y otros dos reconocimientos de buenas pr\u00e1cticas por los programas \u2018Red de huertos urbanos y proyecto educativo\u2019 y \u2018Huertas escolares ecol\u00f3gicas\u2019.<\/p>\n<p><script async src=\"\/\/pagead2.googlesyndication.com\/pagead\/js\/adsbygoogle.js\"><\/script><br \/>\n<!-- Noticias La Guia de Pamplona --><br \/>\n<ins class=\"adsbygoogle\"\nstyle=\"display:block\"\ndata-ad-client=\"ca-pub-6943679897239327\"\ndata-ad-slot=\"7048180777\"\ndata-ad-format=\"auto\"><\/ins><br \/>\n<script>\n(adsbygoogle = window.adsbygoogle || []).push({});\n<\/script><\/p>\n<p><strong>Fomentar el uso cotidiano de la bicicleta<\/strong><\/p>\n<p>Los <strong>Premios Bikefriendly<\/strong> est\u00e1n destinados a reconocer el esfuerzo llevado a cabo por los <strong>entes p\u00fablicos <\/strong>para impulsar proyectos destinados a fomentar el uso cotidiano de la bicicleta y compartir buenas pr\u00e1cticas y experiencias en el \u00e1mbito de la<strong> ciclomovilidad <\/strong>a trav\u00e9s de un espacio de referencia, tanto a nivel nacional como internacional.<\/p>\n<p>En la categor\u00eda de \u2018Educaci\u00f3n y promoci\u00f3n\u2019 se reconoc\u00edan acciones, en los \u00e1mbitos de la educaci\u00f3n, el est\u00edmulo, la comunicaci\u00f3n y la informaci\u00f3n, destinadas al conjunto de la ciudadan\u00eda y orientadas a combatir todas aquellas barreras y prejuicios que dificultan el uso cotidiano de la bici. El Ayuntamiento ha obtenido el galard\u00f3n, de acuerdo al jurado, por la diversidad de las acciones destinadas: formaci\u00f3n pr\u00e1ctica, paseos guiados y campa\u00f1as de comunicaci\u00f3n.<\/p>\n<p>Entre los objetivos municipales por los que se ponen en marchas estas acciones est\u00e1n el de sensibilizar a la poblaci\u00f3n sobre las ventajas de utilizar la bicicleta como medio de transporte cotidiano tanto para la salud de las personas como para frenar el cambio clim\u00e1tico y el capacitar a las personas para conseguir que puedan circular con seguridad y comodidad. Asimismo, ense\u00f1ar a planificar rutas por la ciudad que permitan desplazarse de un modo eficaz y sostenible as\u00ed como apreciar el variado paisaje urbano de Pamplona y sus valores patrimoniales y ambientales.<\/p>\n<p><script async src=\"\/\/pagead2.googlesyndication.com\/pagead\/js\/adsbygoogle.js\"><\/script><br \/>\n<!-- Noticias La Guia de Pamplona --><br \/>\n<ins class=\"adsbygoogle\"\nstyle=\"display:block\"\ndata-ad-client=\"ca-pub-6943679897239327\"\ndata-ad-slot=\"7048180777\"\ndata-ad-format=\"auto\"><\/ins><br \/>\n<script>\n(adsbygoogle = window.adsbygoogle || []).push({});\n<\/script><\/p>\n<p><strong>Programas para concienciar y ganar seguridad en el uso de la bicicleta<\/strong><\/p>\n<p>En la candidatura se recog\u00edan 4 iniciativas municipales con las que se quiere concienciar y formar para ganar seguridad en el uso urbano de la bicicleta. En la `Bicicleta en la escuela\u00b4 se ofrece al alumnado de \u00faltimo ciclo de Primaria y de primer ciclo de ESO una formaci\u00f3n pr\u00e1ctica que incluye, adem\u00e1s de trabajo en el aula y pr\u00e1ctica en el patio, una experiencia de circulaci\u00f3n en la calle. El fin es poner en uso los conocimientos aprendidos, adquirir confianza y aprender a autoprotegerse como personas usuarias de las calles m\u00e1s vulnerables que quienes circulan en coche y a respetar a peatones en sus espacios y cruces.<\/p>\n<p>La `Biciescuela para personas adultas\u00b4 tiene de objetivo motivar que m\u00e1s personas se animen a utilizar la bicicleta como medio de transporte cotidiano en la ciudad y sustituyan el coche por la bicicleta, reduci\u00e9ndose as\u00ed las emisiones contaminantes y ganando en salud para las personas usuarias y el resto de la ciudadan\u00eda. Se ofertan tres niveles formativos y progresivos: `Iniciaci\u00f3n\u00b4, `Habilidad\u00b4, y `Circulaci\u00f3n\u00b4 en cursos que se desarrollan en primavera y en oto\u00f1o.<\/p>\n<p>En la \u2018Semana Europea de la Movilidad\u2019, tanto en la edici\u00f3n de 2019 como en la de 2020, se ofrec\u00edan actividades que se realizaban en bicicleta para ir ganando confianza, adem\u00e1s de `Paseos guiados en bicicleta\u00b4 para conocer las infraestructuras ciclables de la ciudad, fomentando el que m\u00e1s personas se animen a circular de manera aut\u00f3noma y aprendan a planificar sus recorridos. Por \u00faltimo, en 2020, con motivo del fin del confinamiento debido a la crisis sanitaria, se lanz\u00f3 una campa\u00f1a espec\u00edfica con el lema `Ahora que somos libres, no te encierres en el coche\u00b4.<\/p>\n<p><script async src=\"\/\/pagead2.googlesyndication.com\/pagead\/js\/adsbygoogle.js\"><\/script><br \/>\n<!-- Noticias La Guia de Pamplona --><br \/>\n<ins class=\"adsbygoogle\"\nstyle=\"display:block\"\ndata-ad-client=\"ca-pub-6943679897239327\"\ndata-ad-slot=\"7048180777\"\ndata-ad-format=\"auto\"><\/ins><br \/>\n<script>\n(adsbygoogle = window.adsbygoogle || []).push({});\n<\/script><\/p>\n<p><strong>Se valoraba la innovaci\u00f3n, el impacto real o la implicaci\u00f3n de agentes locales y ciudadan\u00eda<\/strong><\/p>\n<p>En la categor\u00eda \u2018Educaci\u00f3n y promoci\u00f3n\u2019 se recibieron 15 candidaturas, siendo las de los ayuntamientos de Valencia y Sant Boi de Llobregat las mejor valoradas por el jurado tras la de Pamplona. En la valoraci\u00f3n se tuvieron en cuenta el componente innovador de los proyectos (10 puntos), impacto real, con incidencia medible y resultados palpables (10 puntos), replicabilidad (10 puntos) y el nivel de implicaci\u00f3n de los agentes locales y la ciudadan\u00eda (10 puntos).<\/p>\n<p>Previamente a la entrega de premios, se celebr\u00f3 ayer<strong> el II Encuentro de la Bicicleta Urbana<\/strong>, una jornada colaboradora de las Estrategias Estatales por la Bicicleta en la que se dieron a conocer casos de \u00e9xito y se reflexion\u00f3 sobre dificultades y c\u00f3mo solventarlas a la hora de impulsar la movilidad ciclista. Tambi\u00e9n hubo un espacio para el encuentro en una mesa redonda sobre \u2018Marcos generales de colaboraci\u00f3n para el fomento de la bicicleta\u2019 en el que participaron entidades locales, asociaciones y empresas con el objetivo com\u00fan de impulsar la bicicleta como medio de transporte urbano y cotidiano.<\/p>\n","protected":false},"excerpt":{"rendered":"<p>Reconocidas las iniciativas \u2018Bicicleta en la Escuela\u2018, \u2018Biciescuela para personas adultas, \u2018Ahora que somos libres, no te encierres en el coche\u2018 y \u2018Semana Europea de la Movilidad\u2019<\/p>\n","protected":false},"author":1,"featured_media":35851,"comment_status":"open","ping_status":"closed","sticky":false,"template":"","format":"standard","meta":{"footnotes":""},"categories":[2],"tags":[],"class_list":["post-35850","post","type-post","status-publish","format-standard","has-post-thumbnail","hentry","category-ayuntamiento-pamplona"],"yoast_head":"<!-- This site is optimized with the Yoast SEO plugin v27.5 - https:\/\/yoast.com\/product\/yoast-seo-wordpress\/ -->\n<title>El Ayuntamiento de Pamplona recibe un primer premio Bikefriendly, impulsado por la Red de Ciudades por la Bicicleta, en la categor\u00eda de \u2018Educaci\u00f3n y Promoci\u00f3n\u2019<\/title>\n<meta name=\"description\" content=\"Reconocidas las iniciativas \u2018Bicicleta en la Escuela\u2018, \u2018Biciescuela para personas adultas, \u2018Ahora que somos libres, no te encierres en el coche\u2018 y \u2018Semana Europea de la Movilidad\u2019\" \/>\n<meta name=\"robots\" content=\"index, follow, max-snippet:-1, max-image-preview:large, max-video-preview:-1\" \/>\n<link rel=\"canonical\" href=\"https:\/\/www.laguiadepamplona.com\/actualidad\/el-ayuntamiento-de-pamplona-recibe-un-primer-premio-bikefriendly-impulsado-por-la-red-de-ciudades-por-la-bicicleta-en-la-categoria-de-educacion-y-promocion\/\" \/>\n<meta property=\"og:locale\" content=\"es_ES\" \/>\n<meta property=\"og:type\" content=\"article\" \/>\n<meta property=\"og:title\" content=\"El Ayuntamiento de Pamplona recibe un primer premio Bikefriendly, impulsado por la Red de Ciudades por la Bicicleta, en la categor\u00eda de \u2018Educaci\u00f3n y Promoci\u00f3n\u2019\" \/>\n<meta property=\"og:description\" content=\"Reconocidas las iniciativas \u2018Bicicleta en la Escuela\u2018, \u2018Biciescuela para personas adultas, \u2018Ahora que somos libres, no te encierres en el coche\u2018 y \u2018Semana Europea de la Movilidad\u2019\" \/>\n<meta property=\"og:url\" content=\"https:\/\/www.laguiadepamplona.com\/actualidad\/el-ayuntamiento-de-pamplona-recibe-un-primer-premio-bikefriendly-impulsado-por-la-red-de-ciudades-por-la-bicicleta-en-la-categoria-de-educacion-y-promocion\/\" \/>\n<meta property=\"og:site_name\" content=\"La Gu\u00eda de Pamplona\" \/>\n<meta property=\"article:publisher\" content=\"https:\/\/www.facebook.com\/laguiadepamplonacom-133175176762273\/?ref=hl\" \/>\n<meta property=\"article:published_time\" content=\"2021-07-09T14:40:13+00:00\" \/>\n<meta property=\"article:modified_time\" content=\"2023-04-11T09:49:15+00:00\" \/>\n<meta property=\"og:image\" content=\"https:\/\/www.laguiadepamplona.com\/actualidad\/wp-content\/uploads\/2021\/07\/IMG_20210708_211533.jpg\" \/>\n\t<meta property=\"og:image:width\" content=\"1920\" \/>\n\t<meta property=\"og:image:height\" content=\"1188\" \/>\n\t<meta property=\"og:image:type\" content=\"image\/jpeg\" \/>\n<meta name=\"author\" content=\"La Gu\u00eda de Pamplona\" \/>\n<meta name=\"twitter:card\" content=\"summary_large_image\" \/>\n<meta name=\"twitter:creator\" content=\"@LaGuiadPamplona\" \/>\n<meta name=\"twitter:site\" content=\"@LaGuiadPamplona\" \/>\n<meta name=\"twitter:label1\" content=\"Escrito por\" \/>\n\t<meta name=\"twitter:data1\" content=\"La Gu\u00eda de Pamplona\" \/>\n\t<meta name=\"twitter:label2\" content=\"Tiempo de lectura\" \/>\n\t<meta name=\"twitter:data2\" content=\"5 minutos\" \/>\n<script type=\"application\/ld+json\" class=\"yoast-schema-graph\">{\"@context\":\"https:\\\/\\\/schema.org\",\"@graph\":[{\"@type\":\"Article\",\"@id\":\"https:\\\/\\\/www.laguiadepamplona.com\\\/actualidad\\\/el-ayuntamiento-de-pamplona-recibe-un-primer-premio-bikefriendly-impulsado-por-la-red-de-ciudades-por-la-bicicleta-en-la-categoria-de-educacion-y-promocion\\\/#article\",\"isPartOf\":{\"@id\":\"https:\\\/\\\/www.laguiadepamplona.com\\\/actualidad\\\/el-ayuntamiento-de-pamplona-recibe-un-primer-premio-bikefriendly-impulsado-por-la-red-de-ciudades-por-la-bicicleta-en-la-categoria-de-educacion-y-promocion\\\/\"},\"author\":{\"name\":\"La Gu\u00eda de Pamplona\",\"@id\":\"https:\\\/\\\/www.laguiadepamplona.com\\\/actualidad\\\/#\\\/schema\\\/person\\\/efe887376f0213d4657c93adc50b1fdb\"},\"headline\":\"El Ayuntamiento de Pamplona recibe un primer premio Bikefriendly, impulsado por la Red de Ciudades por la Bicicleta, en la categor\u00eda de \u2018Educaci\u00f3n y Promoci\u00f3n\u2019\",\"datePublished\":\"2021-07-09T14:40:13+00:00\",\"dateModified\":\"2023-04-11T09:49:15+00:00\",\"mainEntityOfPage\":{\"@id\":\"https:\\\/\\\/www.laguiadepamplona.com\\\/actualidad\\\/el-ayuntamiento-de-pamplona-recibe-un-primer-premio-bikefriendly-impulsado-por-la-red-de-ciudades-por-la-bicicleta-en-la-categoria-de-educacion-y-promocion\\\/\"},\"wordCount\":1151,\"commentCount\":0,\"publisher\":{\"@id\":\"https:\\\/\\\/www.laguiadepamplona.com\\\/actualidad\\\/#organization\"},\"image\":{\"@id\":\"https:\\\/\\\/www.laguiadepamplona.com\\\/actualidad\\\/el-ayuntamiento-de-pamplona-recibe-un-primer-premio-bikefriendly-impulsado-por-la-red-de-ciudades-por-la-bicicleta-en-la-categoria-de-educacion-y-promocion\\\/#primaryimage\"},\"thumbnailUrl\":\"https:\\\/\\\/www.laguiadepamplona.com\\\/actualidad\\\/wp-content\\\/uploads\\\/2021\\\/07\\\/IMG_20210708_211533.jpg\",\"articleSection\":[\"Ayto Pamplona\"],\"inLanguage\":\"es\",\"potentialAction\":[{\"@type\":\"CommentAction\",\"name\":\"Comment\",\"target\":[\"https:\\\/\\\/www.laguiadepamplona.com\\\/actualidad\\\/el-ayuntamiento-de-pamplona-recibe-un-primer-premio-bikefriendly-impulsado-por-la-red-de-ciudades-por-la-bicicleta-en-la-categoria-de-educacion-y-promocion\\\/#respond\"]}]},{\"@type\":\"WebPage\",\"@id\":\"https:\\\/\\\/www.laguiadepamplona.com\\\/actualidad\\\/el-ayuntamiento-de-pamplona-recibe-un-primer-premio-bikefriendly-impulsado-por-la-red-de-ciudades-por-la-bicicleta-en-la-categoria-de-educacion-y-promocion\\\/\",\"url\":\"https:\\\/\\\/www.laguiadepamplona.com\\\/actualidad\\\/el-ayuntamiento-de-pamplona-recibe-un-primer-premio-bikefriendly-impulsado-por-la-red-de-ciudades-por-la-bicicleta-en-la-categoria-de-educacion-y-promocion\\\/\",\"name\":\"El Ayuntamiento de Pamplona recibe un primer premio Bikefriendly, impulsado por la Red de Ciudades por la Bicicleta, en la categor\u00eda de \u2018Educaci\u00f3n y Promoci\u00f3n\u2019\",\"isPartOf\":{\"@id\":\"https:\\\/\\\/www.laguiadepamplona.com\\\/actualidad\\\/#website\"},\"primaryImageOfPage\":{\"@id\":\"https:\\\/\\\/www.laguiadepamplona.com\\\/actualidad\\\/el-ayuntamiento-de-pamplona-recibe-un-primer-premio-bikefriendly-impulsado-por-la-red-de-ciudades-por-la-bicicleta-en-la-categoria-de-educacion-y-promocion\\\/#primaryimage\"},\"image\":{\"@id\":\"https:\\\/\\\/www.laguiadepamplona.com\\\/actualidad\\\/el-ayuntamiento-de-pamplona-recibe-un-primer-premio-bikefriendly-impulsado-por-la-red-de-ciudades-por-la-bicicleta-en-la-categoria-de-educacion-y-promocion\\\/#primaryimage\"},\"thumbnailUrl\":\"https:\\\/\\\/www.laguiadepamplona.com\\\/actualidad\\\/wp-content\\\/uploads\\\/2021\\\/07\\\/IMG_20210708_211533.jpg\",\"datePublished\":\"2021-07-09T14:40:13+00:00\",\"dateModified\":\"2023-04-11T09:49:15+00:00\",\"description\":\"Reconocidas las iniciativas \u2018Bicicleta en la Escuela\u2018, \u2018Biciescuela para personas adultas, \u2018Ahora que somos libres, no te encierres en el coche\u2018 y \u2018Semana Europea de la Movilidad\u2019\",\"breadcrumb\":{\"@id\":\"https:\\\/\\\/www.laguiadepamplona.com\\\/actualidad\\\/el-ayuntamiento-de-pamplona-recibe-un-primer-premio-bikefriendly-impulsado-por-la-red-de-ciudades-por-la-bicicleta-en-la-categoria-de-educacion-y-promocion\\\/#breadcrumb\"},\"inLanguage\":\"es\",\"potentialAction\":[{\"@type\":\"ReadAction\",\"target\":[\"https:\\\/\\\/www.laguiadepamplona.com\\\/actualidad\\\/el-ayuntamiento-de-pamplona-recibe-un-primer-premio-bikefriendly-impulsado-por-la-red-de-ciudades-por-la-bicicleta-en-la-categoria-de-educacion-y-promocion\\\/\"]}]},{\"@type\":\"ImageObject\",\"inLanguage\":\"es\",\"@id\":\"https:\\\/\\\/www.laguiadepamplona.com\\\/actualidad\\\/el-ayuntamiento-de-pamplona-recibe-un-primer-premio-bikefriendly-impulsado-por-la-red-de-ciudades-por-la-bicicleta-en-la-categoria-de-educacion-y-promocion\\\/#primaryimage\",\"url\":\"https:\\\/\\\/www.laguiadepamplona.com\\\/actualidad\\\/wp-content\\\/uploads\\\/2021\\\/07\\\/IMG_20210708_211533.jpg\",\"contentUrl\":\"https:\\\/\\\/www.laguiadepamplona.com\\\/actualidad\\\/wp-content\\\/uploads\\\/2021\\\/07\\\/IMG_20210708_211533.jpg\",\"width\":1920,\"height\":1188},{\"@type\":\"BreadcrumbList\",\"@id\":\"https:\\\/\\\/www.laguiadepamplona.com\\\/actualidad\\\/el-ayuntamiento-de-pamplona-recibe-un-primer-premio-bikefriendly-impulsado-por-la-red-de-ciudades-por-la-bicicleta-en-la-categoria-de-educacion-y-promocion\\\/#breadcrumb\",\"itemListElement\":[{\"@type\":\"ListItem\",\"position\":1,\"name\":\"Portada\",\"item\":\"https:\\\/\\\/www.laguiadepamplona.com\\\/actualidad\\\/\"},{\"@type\":\"ListItem\",\"position\":2,\"name\":\"El Ayuntamiento de Pamplona recibe un primer premio Bikefriendly, impulsado por la Red de Ciudades por la Bicicleta, en la categor\u00eda de \u2018Educaci\u00f3n y Promoci\u00f3n\u2019\"}]},{\"@type\":\"WebSite\",\"@id\":\"https:\\\/\\\/www.laguiadepamplona.com\\\/actualidad\\\/#website\",\"url\":\"https:\\\/\\\/www.laguiadepamplona.com\\\/actualidad\\\/\",\"name\":\"La gu\u00eda de Pamplona\",\"description\":\"Noticias de Pamplona\",\"publisher\":{\"@id\":\"https:\\\/\\\/www.laguiadepamplona.com\\\/actualidad\\\/#organization\"},\"potentialAction\":[{\"@type\":\"SearchAction\",\"target\":{\"@type\":\"EntryPoint\",\"urlTemplate\":\"https:\\\/\\\/www.laguiadepamplona.com\\\/actualidad\\\/?s={search_term_string}\"},\"query-input\":{\"@type\":\"PropertyValueSpecification\",\"valueRequired\":true,\"valueName\":\"search_term_string\"}}],\"inLanguage\":\"es\"},{\"@type\":\"Organization\",\"@id\":\"https:\\\/\\\/www.laguiadepamplona.com\\\/actualidad\\\/#organization\",\"name\":\"La Gu\u00eda de Pamplona \\\/ Noticias\",\"url\":\"https:\\\/\\\/www.laguiadepamplona.com\\\/actualidad\\\/\",\"logo\":{\"@type\":\"ImageObject\",\"inLanguage\":\"es\",\"@id\":\"https:\\\/\\\/www.laguiadepamplona.com\\\/actualidad\\\/#\\\/schema\\\/logo\\\/image\\\/\",\"url\":\"https:\\\/\\\/www.laguiadepamplona.com\\\/actualidad\\\/wp-content\\\/uploads\\\/2018\\\/11\\\/logo-laguiadepamplona18-web1.png\",\"contentUrl\":\"https:\\\/\\\/www.laguiadepamplona.com\\\/actualidad\\\/wp-content\\\/uploads\\\/2018\\\/11\\\/logo-laguiadepamplona18-web1.png\",\"width\":600,\"height\":196,\"caption\":\"La Gu\u00eda de Pamplona \\\/ Noticias\"},\"image\":{\"@id\":\"https:\\\/\\\/www.laguiadepamplona.com\\\/actualidad\\\/#\\\/schema\\\/logo\\\/image\\\/\"},\"sameAs\":[\"https:\\\/\\\/www.facebook.com\\\/laguiadepamplonacom-133175176762273\\\/?ref=hl\",\"https:\\\/\\\/x.com\\\/LaGuiadPamplona\",\"https:\\\/\\\/www.instagram.com\\\/la_guia_de_pamplona\\\/\",\"https:\\\/\\\/www.youtube.com\\\/user\\\/laguiadepamplona\"]},{\"@type\":\"Person\",\"@id\":\"https:\\\/\\\/www.laguiadepamplona.com\\\/actualidad\\\/#\\\/schema\\\/person\\\/efe887376f0213d4657c93adc50b1fdb\",\"name\":\"La Gu\u00eda de Pamplona\",\"image\":{\"@type\":\"ImageObject\",\"inLanguage\":\"es\",\"@id\":\"https:\\\/\\\/secure.gravatar.com\\\/avatar\\\/b6992f131dc8d30ab0dff15446e9d346d9dbd95992de0fef795073f5ea83a81c?s=96&d=mm&r=g\",\"url\":\"https:\\\/\\\/secure.gravatar.com\\\/avatar\\\/b6992f131dc8d30ab0dff15446e9d346d9dbd95992de0fef795073f5ea83a81c?s=96&d=mm&r=g\",\"contentUrl\":\"https:\\\/\\\/secure.gravatar.com\\\/avatar\\\/b6992f131dc8d30ab0dff15446e9d346d9dbd95992de0fef795073f5ea83a81c?s=96&d=mm&r=g\",\"caption\":\"La Gu\u00eda de Pamplona\"}}]}<\/script>\n<!-- \/ Yoast SEO plugin. -->","yoast_head_json":{"title":"El Ayuntamiento de Pamplona recibe un primer premio Bikefriendly, impulsado por la Red de Ciudades por la Bicicleta, en la categor\u00eda de \u2018Educaci\u00f3n y Promoci\u00f3n\u2019","description":"Reconocidas las iniciativas \u2018Bicicleta en la Escuela\u2018, \u2018Biciescuela para personas adultas, \u2018Ahora que somos libres, no te encierres en el coche\u2018 y \u2018Semana Europea de la Movilidad\u2019","robots":{"index":"index","follow":"follow","max-snippet":"max-snippet:-1","max-image-preview":"max-image-preview:large","max-video-preview":"max-video-preview:-1"},"canonical":"https:\/\/www.laguiadepamplona.com\/actualidad\/el-ayuntamiento-de-pamplona-recibe-un-primer-premio-bikefriendly-impulsado-por-la-red-de-ciudades-por-la-bicicleta-en-la-categoria-de-educacion-y-promocion\/","og_locale":"es_ES","og_type":"article","og_title":"El Ayuntamiento de Pamplona recibe un primer premio Bikefriendly, impulsado por la Red de Ciudades por la Bicicleta, en la categor\u00eda de \u2018Educaci\u00f3n y Promoci\u00f3n\u2019","og_description":"Reconocidas las iniciativas \u2018Bicicleta en la Escuela\u2018, \u2018Biciescuela para personas adultas, \u2018Ahora que somos libres, no te encierres en el coche\u2018 y \u2018Semana Europea de la Movilidad\u2019","og_url":"https:\/\/www.laguiadepamplona.com\/actualidad\/el-ayuntamiento-de-pamplona-recibe-un-primer-premio-bikefriendly-impulsado-por-la-red-de-ciudades-por-la-bicicleta-en-la-categoria-de-educacion-y-promocion\/","og_site_name":"La Gu\u00eda de Pamplona","article_publisher":"https:\/\/www.facebook.com\/laguiadepamplonacom-133175176762273\/?ref=hl","article_published_time":"2021-07-09T14:40:13+00:00","article_modified_time":"2023-04-11T09:49:15+00:00","og_image":[{"width":1920,"height":1188,"url":"https:\/\/www.laguiadepamplona.com\/actualidad\/wp-content\/uploads\/2021\/07\/IMG_20210708_211533.jpg","type":"image\/jpeg"}],"author":"La Gu\u00eda de Pamplona","twitter_card":"summary_large_image","twitter_creator":"@LaGuiadPamplona","twitter_site":"@LaGuiadPamplona","twitter_misc":{"Escrito por":"La Gu\u00eda de Pamplona","Tiempo de lectura":"5 minutos"},"schema":{"@context":"https:\/\/schema.org","@graph":[{"@type":"Article","@id":"https:\/\/www.laguiadepamplona.com\/actualidad\/el-ayuntamiento-de-pamplona-recibe-un-primer-premio-bikefriendly-impulsado-por-la-red-de-ciudades-por-la-bicicleta-en-la-categoria-de-educacion-y-promocion\/#article","isPartOf":{"@id":"https:\/\/www.laguiadepamplona.com\/actualidad\/el-ayuntamiento-de-pamplona-recibe-un-primer-premio-bikefriendly-impulsado-por-la-red-de-ciudades-por-la-bicicleta-en-la-categoria-de-educacion-y-promocion\/"},"author":{"name":"La Gu\u00eda de Pamplona","@id":"https:\/\/www.laguiadepamplona.com\/actualidad\/#\/schema\/person\/efe887376f0213d4657c93adc50b1fdb"},"headline":"El Ayuntamiento de Pamplona recibe un primer premio Bikefriendly, impulsado por la Red de Ciudades por la Bicicleta, en la categor\u00eda de \u2018Educaci\u00f3n y Promoci\u00f3n\u2019","datePublished":"2021-07-09T14:40:13+00:00","dateModified":"2023-04-11T09:49:15+00:00","mainEntityOfPage":{"@id":"https:\/\/www.laguiadepamplona.com\/actualidad\/el-ayuntamiento-de-pamplona-recibe-un-primer-premio-bikefriendly-impulsado-por-la-red-de-ciudades-por-la-bicicleta-en-la-categoria-de-educacion-y-promocion\/"},"wordCount":1151,"commentCount":0,"publisher":{"@id":"https:\/\/www.laguiadepamplona.com\/actualidad\/#organization"},"image":{"@id":"https:\/\/www.laguiadepamplona.com\/actualidad\/el-ayuntamiento-de-pamplona-recibe-un-primer-premio-bikefriendly-impulsado-por-la-red-de-ciudades-por-la-bicicleta-en-la-categoria-de-educacion-y-promocion\/#primaryimage"},"thumbnailUrl":"https:\/\/www.laguiadepamplona.com\/actualidad\/wp-content\/uploads\/2021\/07\/IMG_20210708_211533.jpg","articleSection":["Ayto Pamplona"],"inLanguage":"es","potentialAction":[{"@type":"CommentAction","name":"Comment","target":["https:\/\/www.laguiadepamplona.com\/actualidad\/el-ayuntamiento-de-pamplona-recibe-un-primer-premio-bikefriendly-impulsado-por-la-red-de-ciudades-por-la-bicicleta-en-la-categoria-de-educacion-y-promocion\/#respond"]}]},{"@type":"WebPage","@id":"https:\/\/www.laguiadepamplona.com\/actualidad\/el-ayuntamiento-de-pamplona-recibe-un-primer-premio-bikefriendly-impulsado-por-la-red-de-ciudades-por-la-bicicleta-en-la-categoria-de-educacion-y-promocion\/","url":"https:\/\/www.laguiadepamplona.com\/actualidad\/el-ayuntamiento-de-pamplona-recibe-un-primer-premio-bikefriendly-impulsado-por-la-red-de-ciudades-por-la-bicicleta-en-la-categoria-de-educacion-y-promocion\/","name":"El Ayuntamiento de Pamplona recibe un primer premio Bikefriendly, impulsado por la Red de Ciudades por la Bicicleta, en la categor\u00eda de \u2018Educaci\u00f3n y Promoci\u00f3n\u2019","isPartOf":{"@id":"https:\/\/www.laguiadepamplona.com\/actualidad\/#website"},"primaryImageOfPage":{"@id":"https:\/\/www.laguiadepamplona.com\/actualidad\/el-ayuntamiento-de-pamplona-recibe-un-primer-premio-bikefriendly-impulsado-por-la-red-de-ciudades-por-la-bicicleta-en-la-categoria-de-educacion-y-promocion\/#primaryimage"},"image":{"@id":"https:\/\/www.laguiadepamplona.com\/actualidad\/el-ayuntamiento-de-pamplona-recibe-un-primer-premio-bikefriendly-impulsado-por-la-red-de-ciudades-por-la-bicicleta-en-la-categoria-de-educacion-y-promocion\/#primaryimage"},"thumbnailUrl":"https:\/\/www.laguiadepamplona.com\/actualidad\/wp-content\/uploads\/2021\/07\/IMG_20210708_211533.jpg","datePublished":"2021-07-09T14:40:13+00:00","dateModified":"2023-04-11T09:49:15+00:00","description":"Reconocidas las iniciativas \u2018Bicicleta en la Escuela\u2018, \u2018Biciescuela para personas adultas, \u2018Ahora que somos libres, no te encierres en el coche\u2018 y \u2018Semana Europea de la Movilidad\u2019","breadcrumb":{"@id":"https:\/\/www.laguiadepamplona.com\/actualidad\/el-ayuntamiento-de-pamplona-recibe-un-primer-premio-bikefriendly-impulsado-por-la-red-de-ciudades-por-la-bicicleta-en-la-categoria-de-educacion-y-promocion\/#breadcrumb"},"inLanguage":"es","potentialAction":[{"@type":"ReadAction","target":["https:\/\/www.laguiadepamplona.com\/actualidad\/el-ayuntamiento-de-pamplona-recibe-un-primer-premio-bikefriendly-impulsado-por-la-red-de-ciudades-por-la-bicicleta-en-la-categoria-de-educacion-y-promocion\/"]}]},{"@type":"ImageObject","inLanguage":"es","@id":"https:\/\/www.laguiadepamplona.com\/actualidad\/el-ayuntamiento-de-pamplona-recibe-un-primer-premio-bikefriendly-impulsado-por-la-red-de-ciudades-por-la-bicicleta-en-la-categoria-de-educacion-y-promocion\/#primaryimage","url":"https:\/\/www.laguiadepamplona.com\/actualidad\/wp-content\/uploads\/2021\/07\/IMG_20210708_211533.jpg","contentUrl":"https:\/\/www.laguiadepamplona.com\/actualidad\/wp-content\/uploads\/2021\/07\/IMG_20210708_211533.jpg","width":1920,"height":1188},{"@type":"BreadcrumbList","@id":"https:\/\/www.laguiadepamplona.com\/actualidad\/el-ayuntamiento-de-pamplona-recibe-un-primer-premio-bikefriendly-impulsado-por-la-red-de-ciudades-por-la-bicicleta-en-la-categoria-de-educacion-y-promocion\/#breadcrumb","itemListElement":[{"@type":"ListItem","position":1,"name":"Portada","item":"https:\/\/www.laguiadepamplona.com\/actualidad\/"},{"@type":"ListItem","position":2,"name":"El Ayuntamiento de Pamplona recibe un primer premio Bikefriendly, impulsado por la Red de Ciudades por la Bicicleta, en la categor\u00eda de \u2018Educaci\u00f3n y Promoci\u00f3n\u2019"}]},{"@type":"WebSite","@id":"https:\/\/www.laguiadepamplona.com\/actualidad\/#website","url":"https:\/\/www.laguiadepamplona.com\/actualidad\/","name":"La gu\u00eda de Pamplona","description":"Noticias de Pamplona","publisher":{"@id":"https:\/\/www.laguiadepamplona.com\/actualidad\/#organization"},"potentialAction":[{"@type":"SearchAction","target":{"@type":"EntryPoint","urlTemplate":"https:\/\/www.laguiadepamplona.com\/actualidad\/?s={search_term_string}"},"query-input":{"@type":"PropertyValueSpecification","valueRequired":true,"valueName":"search_term_string"}}],"inLanguage":"es"},{"@type":"Organization","@id":"https:\/\/www.laguiadepamplona.com\/actualidad\/#organization","name":"La Gu\u00eda de Pamplona \/ Noticias","url":"https:\/\/www.laguiadepamplona.com\/actualidad\/","logo":{"@type":"ImageObject","inLanguage":"es","@id":"https:\/\/www.laguiadepamplona.com\/actualidad\/#\/schema\/logo\/image\/","url":"https:\/\/www.laguiadepamplona.com\/actualidad\/wp-content\/uploads\/2018\/11\/logo-laguiadepamplona18-web1.png","contentUrl":"https:\/\/www.laguiadepamplona.com\/actualidad\/wp-content\/uploads\/2018\/11\/logo-laguiadepamplona18-web1.png","width":600,"height":196,"caption":"La Gu\u00eda de Pamplona \/ Noticias"},"image":{"@id":"https:\/\/www.laguiadepamplona.com\/actualidad\/#\/schema\/logo\/image\/"},"sameAs":["https:\/\/www.facebook.com\/laguiadepamplonacom-133175176762273\/?ref=hl","https:\/\/x.com\/LaGuiadPamplona","https:\/\/www.instagram.com\/la_guia_de_pamplona\/","https:\/\/www.youtube.com\/user\/laguiadepamplona"]},{"@type":"Person","@id":"https:\/\/www.laguiadepamplona.com\/actualidad\/#\/schema\/person\/efe887376f0213d4657c93adc50b1fdb","name":"La Gu\u00eda de Pamplona","image":{"@type":"ImageObject","inLanguage":"es","@id":"https:\/\/secure.gravatar.com\/avatar\/b6992f131dc8d30ab0dff15446e9d346d9dbd95992de0fef795073f5ea83a81c?s=96&d=mm&r=g","url":"https:\/\/secure.gravatar.com\/avatar\/b6992f131dc8d30ab0dff15446e9d346d9dbd95992de0fef795073f5ea83a81c?s=96&d=mm&r=g","contentUrl":"https:\/\/secure.gravatar.com\/avatar\/b6992f131dc8d30ab0dff15446e9d346d9dbd95992de0fef795073f5ea83a81c?s=96&d=mm&r=g","caption":"La Gu\u00eda de Pamplona"}}]}},"post_mailing_queue_ids":[],"_links":{"self":[{"href":"https:\/\/www.laguiadepamplona.com\/actualidad\/wp-json\/wp\/v2\/posts\/35850","targetHints":{"allow":["GET"]}}],"collection":[{"href":"https:\/\/www.laguiadepamplona.com\/actualidad\/wp-json\/wp\/v2\/posts"}],"about":[{"href":"https:\/\/www.laguiadepamplona.com\/actualidad\/wp-json\/wp\/v2\/types\/post"}],"author":[{"embeddable":true,"href":"https:\/\/www.laguiadepamplona.com\/actualidad\/wp-json\/wp\/v2\/users\/1"}],"replies":[{"embeddable":true,"href":"https:\/\/www.laguiadepamplona.com\/actualidad\/wp-json\/wp\/v2\/comments?post=35850"}],"version-history":[{"count":0,"href":"https:\/\/www.laguiadepamplona.com\/actualidad\/wp-json\/wp\/v2\/posts\/35850\/revisions"}],"wp:featuredmedia":[{"embeddable":true,"href":"https:\/\/www.laguiadepamplona.com\/actualidad\/wp-json\/wp\/v2\/media\/35851"}],"wp:attachment":[{"href":"https:\/\/www.laguiadepamplona.com\/actualidad\/wp-json\/wp\/v2\/media?parent=35850"}],"wp:term":[{"taxonomy":"category","embeddable":true,"href":"https:\/\/www.laguiadepamplona.com\/actualidad\/wp-json\/wp\/v2\/categories?post=35850"},{"taxonomy":"post_tag","embeddable":true,"href":"https:\/\/www.laguiadepamplona.com\/actualidad\/wp-json\/wp\/v2\/tags?post=35850"}],"curies":[{"name":"wp","href":"https:\/\/api.w.org\/{rel}","templated":true}]}}