{"id":35826,"date":"2021-07-05T16:59:35","date_gmt":"2021-07-05T14:59:35","guid":{"rendered":"https:\/\/www.laguiadepamplona.com\/actualidad\/?p=35826"},"modified":"2023-04-11T11:49:16","modified_gmt":"2023-04-11T09:49:16","slug":"el-ayuntamiento-pone-en-marcha-manana-un-puesto-de-mando-avanzado-para-coordinar-los-esfuerzos-de-policia-municipal-policia-foral-policia-nacional-y-guardia-civil","status":"publish","type":"post","link":"https:\/\/www.laguiadepamplona.com\/actualidad\/el-ayuntamiento-pone-en-marcha-manana-un-puesto-de-mando-avanzado-para-coordinar-los-esfuerzos-de-policia-municipal-policia-foral-policia-nacional-y-guardia-civil\/","title":{"rendered":"\u00a0El Ayuntamiento pone en marcha ma\u00f1ana un Puesto de Mando Avanzado para coordinar los esfuerzos de Polic\u00eda Municipal, Polic\u00eda Foral, Polic\u00eda Nacional y Guardia Civil"},"content":{"rendered":"<h5>La colaboraci\u00f3n entre fuerzas de seguridad busca que la jornada del 6 de julio se desarrolle con normalidad<\/h5>\n<p><!--more--><\/p>\n<p>Ma\u00f1ana, desde primera hora de la ma\u00f1ana, estar\u00e1 operativo en la Casa Consistorial un Puesto de Mando Avanzado a trav\u00e9s del que se coordinar\u00e1n esfuerzos entre Polic\u00eda Municipal, Polic\u00eda Foral, Polic\u00eda Nacional y Guardia Civil para que todo transcurra con normalidad el d\u00eda 6 de julio. Seg\u00fan lo acordado en la Junta Local de Seguridad el pasado mes de junio, este puesto podr\u00eda tambi\u00e9n activarse los d\u00edas 7, 9 y 10 en caso de que las circunstancias lo aconsejen.<\/p>\n<p><script async src=\"\/\/pagead2.googlesyndication.com\/pagead\/js\/adsbygoogle.js\"><\/script><br \/>\n<!-- Noticias La Guia de Pamplona --><br \/>\n<ins class=\"adsbygoogle\"\nstyle=\"display:block\"\ndata-ad-client=\"ca-pub-6943679897239327\"\ndata-ad-slot=\"7048180777\"\ndata-ad-format=\"auto\"><\/ins><br \/>\n<script>\n(adsbygoogle = window.adsbygoogle || []).push({});\n<\/script><\/p>\n<p><strong><u>Ma\u00f1ana 6 de julio, a las 10.30 horas<\/u>, visitar\u00e1n este espacio el vicepresidente primero y consejero de Presidencia, Igualdad, Funci\u00f3n P\u00fablica e Interior de Gobierno de Navarra, Javier Rem\u00edrez, el delegado del Gobierno, Jos\u00e9 Luis Arasti P\u00e9rez, el concejal delegado de Seguridad Ciudadana, Javier Labairu, y los jefes de Polic\u00eda Municipal, Polic\u00eda Foral, Polic\u00eda Nacional y Guardia Civil.<\/strong> <strong><em><u>Los medios de comunicaci\u00f3n que lo deseen podr\u00e1n tomar durante unos minutos im\u00e1genes del espacio habilitado para coordinar la vigilancia, control y seguridad del centro de la ciudad<\/u><\/em>.<\/strong> El Puesto de Mando Avanzado estar\u00e1 ubicado en la planta tercera del edificio (Sala de comisiones), en la misma localizaci\u00f3n en que se dispuso en el operativo preparado en 2020.<\/p>\n<p>En ese espacio trabajar\u00e1n agentes de diferentes cuerpos con ordenadores y pantallas conectados a c\u00e1maras de vigilancia dispuestas en las zonas donde se pudieran producir aglomeraciones o concentraciones. Al igual que el a\u00f1o pasado, el 6 de julio por la ma\u00f1ana se establecer\u00e1n puntos de control en los accesos a la Plaza Consistorial y Plaza del Castillo y se ha previsto tambi\u00e9n un control de posibles aglomeraciones en las calles m\u00e1s habituales del centro de la ciudad. Los cuerpos policiales colaborar\u00e1n para controlar calles como Jarauta, San Nicol\u00e1s \u2013 San Gregorio, Navarrer\u00eda, Estafeta, Calderer\u00eda, Garc\u00eda Casta\u00f1\u00f3n y avenida de Roncesvalles \u2013 Plaza de Toros. El consumo de bebidas deber\u00e1 realizarse en el interior de los locales o en las terrazas. Cuando esas zonas presenten un nivel de afluencia que impida mantener las debidas medidas de seguridad, se cortar\u00e1n los accesos.<\/p>\n<p><script async src=\"\/\/pagead2.googlesyndication.com\/pagead\/js\/adsbygoogle.js\"><\/script><br \/>\n<!-- Noticias La Guia de Pamplona --><br \/>\n<ins class=\"adsbygoogle\"\nstyle=\"display:block\"\ndata-ad-client=\"ca-pub-6943679897239327\"\ndata-ad-slot=\"7048180777\"\ndata-ad-format=\"auto\"><\/ins><br \/>\n<script>\n(adsbygoogle = window.adsbygoogle || []).push({});\n<\/script><\/p>\n<p>Estos dispositivos de seguridad buscan el cumplimiento de la normativa sanitaria vigente, especialmente en lo relativo a medidas de higiene, distancias, aforos, horario, v\u00eda p\u00fablica, establecimientos, actividades y ocio. Adem\u00e1s, el operativo se centrar\u00e1 en la prevenci\u00f3n de agresiones o abusos que puedan derivarse al amparo de mayor presencia de personas en la v\u00eda p\u00fablica y al control de la conducci\u00f3n de veh\u00edculos bajo la influencia del alcohol. Se recomienda a los establecimientos de hosteler\u00eda que en caso de que vean que no se cumple la normativa en sus locales, soliciten la presencia de los cuerpos policiales llamando al 092, no para tramitar expedientes sancionadores, sino para facilitar el restablecimiento de la normalidad.<\/p>\n","protected":false},"excerpt":{"rendered":"<p>La colaboraci\u00f3n entre fuerzas de seguridad busca que la jornada del 6 de julio se desarrolle con normalidad<\/p>\n","protected":false},"author":1,"featured_media":33021,"comment_status":"open","ping_status":"closed","sticky":false,"template":"","format":"standard","meta":{"footnotes":""},"categories":[2],"tags":[],"class_list":["post-35826","post","type-post","status-publish","format-standard","has-post-thumbnail","hentry","category-ayuntamiento-pamplona"],"yoast_head":"<!-- This site is optimized with the Yoast SEO plugin v27.5 - https:\/\/yoast.com\/product\/yoast-seo-wordpress\/ -->\n<title>\u00a0El Ayuntamiento pone en marcha ma\u00f1ana un Puesto de Mando Avanzado para coordinar los esfuerzos de Polic\u00eda Municipal, Polic\u00eda Foral, Polic\u00eda Nacional y Guardia Civil<\/title>\n<meta name=\"description\" content=\"La colaboraci\u00f3n entre fuerzas de seguridad busca que la jornada del 6 de julio se desarrolle con normalidad\" \/>\n<meta name=\"robots\" content=\"index, follow, max-snippet:-1, max-image-preview:large, max-video-preview:-1\" \/>\n<link rel=\"canonical\" href=\"https:\/\/www.laguiadepamplona.com\/actualidad\/el-ayuntamiento-pone-en-marcha-manana-un-puesto-de-mando-avanzado-para-coordinar-los-esfuerzos-de-policia-municipal-policia-foral-policia-nacional-y-guardia-civil\/\" \/>\n<meta property=\"og:locale\" content=\"es_ES\" \/>\n<meta property=\"og:type\" content=\"article\" \/>\n<meta property=\"og:title\" content=\"\u00a0El Ayuntamiento pone en marcha ma\u00f1ana un Puesto de Mando Avanzado para coordinar los esfuerzos de Polic\u00eda Municipal, Polic\u00eda Foral, Polic\u00eda Nacional y Guardia Civil\" \/>\n<meta property=\"og:description\" content=\"La colaboraci\u00f3n entre fuerzas de seguridad busca que la jornada del 6 de julio se desarrolle con normalidad\" \/>\n<meta property=\"og:url\" content=\"https:\/\/www.laguiadepamplona.com\/actualidad\/el-ayuntamiento-pone-en-marcha-manana-un-puesto-de-mando-avanzado-para-coordinar-los-esfuerzos-de-policia-municipal-policia-foral-policia-nacional-y-guardia-civil\/\" \/>\n<meta property=\"og:site_name\" content=\"La Gu\u00eda de Pamplona\" \/>\n<meta property=\"article:publisher\" content=\"https:\/\/www.facebook.com\/laguiadepamplonacom-133175176762273\/?ref=hl\" \/>\n<meta property=\"article:published_time\" content=\"2021-07-05T14:59:35+00:00\" \/>\n<meta property=\"article:modified_time\" content=\"2023-04-11T09:49:16+00:00\" \/>\n<meta property=\"og:image\" content=\"https:\/\/www.laguiadepamplona.com\/actualidad\/wp-content\/uploads\/2021\/02\/ayuntamiento-pamplona.jpg\" \/>\n\t<meta property=\"og:image:width\" content=\"1920\" \/>\n\t<meta property=\"og:image:height\" content=\"1080\" \/>\n\t<meta property=\"og:image:type\" content=\"image\/jpeg\" \/>\n<meta name=\"author\" content=\"La Gu\u00eda de Pamplona\" \/>\n<meta name=\"twitter:card\" content=\"summary_large_image\" \/>\n<meta name=\"twitter:creator\" content=\"@LaGuiadPamplona\" \/>\n<meta name=\"twitter:site\" content=\"@LaGuiadPamplona\" \/>\n<meta name=\"twitter:label1\" content=\"Escrito por\" \/>\n\t<meta name=\"twitter:data1\" content=\"La Gu\u00eda de Pamplona\" \/>\n\t<meta name=\"twitter:label2\" content=\"Tiempo de lectura\" \/>\n\t<meta name=\"twitter:data2\" content=\"3 minutos\" \/>\n<script type=\"application\/ld+json\" class=\"yoast-schema-graph\">{\"@context\":\"https:\\\/\\\/schema.org\",\"@graph\":[{\"@type\":\"Article\",\"@id\":\"https:\\\/\\\/www.laguiadepamplona.com\\\/actualidad\\\/el-ayuntamiento-pone-en-marcha-manana-un-puesto-de-mando-avanzado-para-coordinar-los-esfuerzos-de-policia-municipal-policia-foral-policia-nacional-y-guardia-civil\\\/#article\",\"isPartOf\":{\"@id\":\"https:\\\/\\\/www.laguiadepamplona.com\\\/actualidad\\\/el-ayuntamiento-pone-en-marcha-manana-un-puesto-de-mando-avanzado-para-coordinar-los-esfuerzos-de-policia-municipal-policia-foral-policia-nacional-y-guardia-civil\\\/\"},\"author\":{\"name\":\"La Gu\u00eda de Pamplona\",\"@id\":\"https:\\\/\\\/www.laguiadepamplona.com\\\/actualidad\\\/#\\\/schema\\\/person\\\/efe887376f0213d4657c93adc50b1fdb\"},\"headline\":\"\u00a0El Ayuntamiento pone en marcha ma\u00f1ana un Puesto de Mando Avanzado para coordinar los esfuerzos de Polic\u00eda Municipal, Polic\u00eda Foral, Polic\u00eda Nacional y Guardia Civil\",\"datePublished\":\"2021-07-05T14:59:35+00:00\",\"dateModified\":\"2023-04-11T09:49:16+00:00\",\"mainEntityOfPage\":{\"@id\":\"https:\\\/\\\/www.laguiadepamplona.com\\\/actualidad\\\/el-ayuntamiento-pone-en-marcha-manana-un-puesto-de-mando-avanzado-para-coordinar-los-esfuerzos-de-policia-municipal-policia-foral-policia-nacional-y-guardia-civil\\\/\"},\"wordCount\":532,\"commentCount\":0,\"publisher\":{\"@id\":\"https:\\\/\\\/www.laguiadepamplona.com\\\/actualidad\\\/#organization\"},\"image\":{\"@id\":\"https:\\\/\\\/www.laguiadepamplona.com\\\/actualidad\\\/el-ayuntamiento-pone-en-marcha-manana-un-puesto-de-mando-avanzado-para-coordinar-los-esfuerzos-de-policia-municipal-policia-foral-policia-nacional-y-guardia-civil\\\/#primaryimage\"},\"thumbnailUrl\":\"https:\\\/\\\/www.laguiadepamplona.com\\\/actualidad\\\/wp-content\\\/uploads\\\/2021\\\/02\\\/ayuntamiento-pamplona.jpg\",\"articleSection\":[\"Ayto Pamplona\"],\"inLanguage\":\"es\",\"potentialAction\":[{\"@type\":\"CommentAction\",\"name\":\"Comment\",\"target\":[\"https:\\\/\\\/www.laguiadepamplona.com\\\/actualidad\\\/el-ayuntamiento-pone-en-marcha-manana-un-puesto-de-mando-avanzado-para-coordinar-los-esfuerzos-de-policia-municipal-policia-foral-policia-nacional-y-guardia-civil\\\/#respond\"]}]},{\"@type\":\"WebPage\",\"@id\":\"https:\\\/\\\/www.laguiadepamplona.com\\\/actualidad\\\/el-ayuntamiento-pone-en-marcha-manana-un-puesto-de-mando-avanzado-para-coordinar-los-esfuerzos-de-policia-municipal-policia-foral-policia-nacional-y-guardia-civil\\\/\",\"url\":\"https:\\\/\\\/www.laguiadepamplona.com\\\/actualidad\\\/el-ayuntamiento-pone-en-marcha-manana-un-puesto-de-mando-avanzado-para-coordinar-los-esfuerzos-de-policia-municipal-policia-foral-policia-nacional-y-guardia-civil\\\/\",\"name\":\"\u00a0El Ayuntamiento pone en marcha ma\u00f1ana un Puesto de Mando Avanzado para coordinar los esfuerzos de Polic\u00eda Municipal, Polic\u00eda Foral, Polic\u00eda Nacional y Guardia Civil\",\"isPartOf\":{\"@id\":\"https:\\\/\\\/www.laguiadepamplona.com\\\/actualidad\\\/#website\"},\"primaryImageOfPage\":{\"@id\":\"https:\\\/\\\/www.laguiadepamplona.com\\\/actualidad\\\/el-ayuntamiento-pone-en-marcha-manana-un-puesto-de-mando-avanzado-para-coordinar-los-esfuerzos-de-policia-municipal-policia-foral-policia-nacional-y-guardia-civil\\\/#primaryimage\"},\"image\":{\"@id\":\"https:\\\/\\\/www.laguiadepamplona.com\\\/actualidad\\\/el-ayuntamiento-pone-en-marcha-manana-un-puesto-de-mando-avanzado-para-coordinar-los-esfuerzos-de-policia-municipal-policia-foral-policia-nacional-y-guardia-civil\\\/#primaryimage\"},\"thumbnailUrl\":\"https:\\\/\\\/www.laguiadepamplona.com\\\/actualidad\\\/wp-content\\\/uploads\\\/2021\\\/02\\\/ayuntamiento-pamplona.jpg\",\"datePublished\":\"2021-07-05T14:59:35+00:00\",\"dateModified\":\"2023-04-11T09:49:16+00:00\",\"description\":\"La colaboraci\u00f3n entre fuerzas de seguridad busca que la jornada del 6 de julio se desarrolle con normalidad\",\"breadcrumb\":{\"@id\":\"https:\\\/\\\/www.laguiadepamplona.com\\\/actualidad\\\/el-ayuntamiento-pone-en-marcha-manana-un-puesto-de-mando-avanzado-para-coordinar-los-esfuerzos-de-policia-municipal-policia-foral-policia-nacional-y-guardia-civil\\\/#breadcrumb\"},\"inLanguage\":\"es\",\"potentialAction\":[{\"@type\":\"ReadAction\",\"target\":[\"https:\\\/\\\/www.laguiadepamplona.com\\\/actualidad\\\/el-ayuntamiento-pone-en-marcha-manana-un-puesto-de-mando-avanzado-para-coordinar-los-esfuerzos-de-policia-municipal-policia-foral-policia-nacional-y-guardia-civil\\\/\"]}]},{\"@type\":\"ImageObject\",\"inLanguage\":\"es\",\"@id\":\"https:\\\/\\\/www.laguiadepamplona.com\\\/actualidad\\\/el-ayuntamiento-pone-en-marcha-manana-un-puesto-de-mando-avanzado-para-coordinar-los-esfuerzos-de-policia-municipal-policia-foral-policia-nacional-y-guardia-civil\\\/#primaryimage\",\"url\":\"https:\\\/\\\/www.laguiadepamplona.com\\\/actualidad\\\/wp-content\\\/uploads\\\/2021\\\/02\\\/ayuntamiento-pamplona.jpg\",\"contentUrl\":\"https:\\\/\\\/www.laguiadepamplona.com\\\/actualidad\\\/wp-content\\\/uploads\\\/2021\\\/02\\\/ayuntamiento-pamplona.jpg\",\"width\":1920,\"height\":1080},{\"@type\":\"BreadcrumbList\",\"@id\":\"https:\\\/\\\/www.laguiadepamplona.com\\\/actualidad\\\/el-ayuntamiento-pone-en-marcha-manana-un-puesto-de-mando-avanzado-para-coordinar-los-esfuerzos-de-policia-municipal-policia-foral-policia-nacional-y-guardia-civil\\\/#breadcrumb\",\"itemListElement\":[{\"@type\":\"ListItem\",\"position\":1,\"name\":\"Portada\",\"item\":\"https:\\\/\\\/www.laguiadepamplona.com\\\/actualidad\\\/\"},{\"@type\":\"ListItem\",\"position\":2,\"name\":\"\u00a0El Ayuntamiento pone en marcha ma\u00f1ana un Puesto de Mando Avanzado para coordinar los esfuerzos de Polic\u00eda Municipal, Polic\u00eda Foral, Polic\u00eda Nacional y Guardia Civil\"}]},{\"@type\":\"WebSite\",\"@id\":\"https:\\\/\\\/www.laguiadepamplona.com\\\/actualidad\\\/#website\",\"url\":\"https:\\\/\\\/www.laguiadepamplona.com\\\/actualidad\\\/\",\"name\":\"La gu\u00eda de Pamplona\",\"description\":\"Noticias de Pamplona\",\"publisher\":{\"@id\":\"https:\\\/\\\/www.laguiadepamplona.com\\\/actualidad\\\/#organization\"},\"potentialAction\":[{\"@type\":\"SearchAction\",\"target\":{\"@type\":\"EntryPoint\",\"urlTemplate\":\"https:\\\/\\\/www.laguiadepamplona.com\\\/actualidad\\\/?s={search_term_string}\"},\"query-input\":{\"@type\":\"PropertyValueSpecification\",\"valueRequired\":true,\"valueName\":\"search_term_string\"}}],\"inLanguage\":\"es\"},{\"@type\":\"Organization\",\"@id\":\"https:\\\/\\\/www.laguiadepamplona.com\\\/actualidad\\\/#organization\",\"name\":\"La Gu\u00eda de Pamplona \\\/ Noticias\",\"url\":\"https:\\\/\\\/www.laguiadepamplona.com\\\/actualidad\\\/\",\"logo\":{\"@type\":\"ImageObject\",\"inLanguage\":\"es\",\"@id\":\"https:\\\/\\\/www.laguiadepamplona.com\\\/actualidad\\\/#\\\/schema\\\/logo\\\/image\\\/\",\"url\":\"https:\\\/\\\/www.laguiadepamplona.com\\\/actualidad\\\/wp-content\\\/uploads\\\/2018\\\/11\\\/logo-laguiadepamplona18-web1.png\",\"contentUrl\":\"https:\\\/\\\/www.laguiadepamplona.com\\\/actualidad\\\/wp-content\\\/uploads\\\/2018\\\/11\\\/logo-laguiadepamplona18-web1.png\",\"width\":600,\"height\":196,\"caption\":\"La Gu\u00eda de Pamplona \\\/ Noticias\"},\"image\":{\"@id\":\"https:\\\/\\\/www.laguiadepamplona.com\\\/actualidad\\\/#\\\/schema\\\/logo\\\/image\\\/\"},\"sameAs\":[\"https:\\\/\\\/www.facebook.com\\\/laguiadepamplonacom-133175176762273\\\/?ref=hl\",\"https:\\\/\\\/x.com\\\/LaGuiadPamplona\",\"https:\\\/\\\/www.instagram.com\\\/la_guia_de_pamplona\\\/\",\"https:\\\/\\\/www.youtube.com\\\/user\\\/laguiadepamplona\"]},{\"@type\":\"Person\",\"@id\":\"https:\\\/\\\/www.laguiadepamplona.com\\\/actualidad\\\/#\\\/schema\\\/person\\\/efe887376f0213d4657c93adc50b1fdb\",\"name\":\"La Gu\u00eda de Pamplona\",\"image\":{\"@type\":\"ImageObject\",\"inLanguage\":\"es\",\"@id\":\"https:\\\/\\\/secure.gravatar.com\\\/avatar\\\/b6992f131dc8d30ab0dff15446e9d346d9dbd95992de0fef795073f5ea83a81c?s=96&d=mm&r=g\",\"url\":\"https:\\\/\\\/secure.gravatar.com\\\/avatar\\\/b6992f131dc8d30ab0dff15446e9d346d9dbd95992de0fef795073f5ea83a81c?s=96&d=mm&r=g\",\"contentUrl\":\"https:\\\/\\\/secure.gravatar.com\\\/avatar\\\/b6992f131dc8d30ab0dff15446e9d346d9dbd95992de0fef795073f5ea83a81c?s=96&d=mm&r=g\",\"caption\":\"La Gu\u00eda de Pamplona\"}}]}<\/script>\n<!-- \/ Yoast SEO plugin. -->","yoast_head_json":{"title":"\u00a0El Ayuntamiento pone en marcha ma\u00f1ana un Puesto de Mando Avanzado para coordinar los esfuerzos de Polic\u00eda Municipal, Polic\u00eda Foral, Polic\u00eda Nacional y Guardia Civil","description":"La colaboraci\u00f3n entre fuerzas de seguridad busca que la jornada del 6 de julio se desarrolle con normalidad","robots":{"index":"index","follow":"follow","max-snippet":"max-snippet:-1","max-image-preview":"max-image-preview:large","max-video-preview":"max-video-preview:-1"},"canonical":"https:\/\/www.laguiadepamplona.com\/actualidad\/el-ayuntamiento-pone-en-marcha-manana-un-puesto-de-mando-avanzado-para-coordinar-los-esfuerzos-de-policia-municipal-policia-foral-policia-nacional-y-guardia-civil\/","og_locale":"es_ES","og_type":"article","og_title":"\u00a0El Ayuntamiento pone en marcha ma\u00f1ana un Puesto de Mando Avanzado para coordinar los esfuerzos de Polic\u00eda Municipal, Polic\u00eda Foral, Polic\u00eda Nacional y Guardia Civil","og_description":"La colaboraci\u00f3n entre fuerzas de seguridad busca que la jornada del 6 de julio se desarrolle con normalidad","og_url":"https:\/\/www.laguiadepamplona.com\/actualidad\/el-ayuntamiento-pone-en-marcha-manana-un-puesto-de-mando-avanzado-para-coordinar-los-esfuerzos-de-policia-municipal-policia-foral-policia-nacional-y-guardia-civil\/","og_site_name":"La Gu\u00eda de Pamplona","article_publisher":"https:\/\/www.facebook.com\/laguiadepamplonacom-133175176762273\/?ref=hl","article_published_time":"2021-07-05T14:59:35+00:00","article_modified_time":"2023-04-11T09:49:16+00:00","og_image":[{"width":1920,"height":1080,"url":"https:\/\/www.laguiadepamplona.com\/actualidad\/wp-content\/uploads\/2021\/02\/ayuntamiento-pamplona.jpg","type":"image\/jpeg"}],"author":"La Gu\u00eda de Pamplona","twitter_card":"summary_large_image","twitter_creator":"@LaGuiadPamplona","twitter_site":"@LaGuiadPamplona","twitter_misc":{"Escrito por":"La Gu\u00eda de Pamplona","Tiempo de lectura":"3 minutos"},"schema":{"@context":"https:\/\/schema.org","@graph":[{"@type":"Article","@id":"https:\/\/www.laguiadepamplona.com\/actualidad\/el-ayuntamiento-pone-en-marcha-manana-un-puesto-de-mando-avanzado-para-coordinar-los-esfuerzos-de-policia-municipal-policia-foral-policia-nacional-y-guardia-civil\/#article","isPartOf":{"@id":"https:\/\/www.laguiadepamplona.com\/actualidad\/el-ayuntamiento-pone-en-marcha-manana-un-puesto-de-mando-avanzado-para-coordinar-los-esfuerzos-de-policia-municipal-policia-foral-policia-nacional-y-guardia-civil\/"},"author":{"name":"La Gu\u00eda de Pamplona","@id":"https:\/\/www.laguiadepamplona.com\/actualidad\/#\/schema\/person\/efe887376f0213d4657c93adc50b1fdb"},"headline":"\u00a0El Ayuntamiento pone en marcha ma\u00f1ana un Puesto de Mando Avanzado para coordinar los esfuerzos de Polic\u00eda Municipal, Polic\u00eda Foral, Polic\u00eda Nacional y Guardia Civil","datePublished":"2021-07-05T14:59:35+00:00","dateModified":"2023-04-11T09:49:16+00:00","mainEntityOfPage":{"@id":"https:\/\/www.laguiadepamplona.com\/actualidad\/el-ayuntamiento-pone-en-marcha-manana-un-puesto-de-mando-avanzado-para-coordinar-los-esfuerzos-de-policia-municipal-policia-foral-policia-nacional-y-guardia-civil\/"},"wordCount":532,"commentCount":0,"publisher":{"@id":"https:\/\/www.laguiadepamplona.com\/actualidad\/#organization"},"image":{"@id":"https:\/\/www.laguiadepamplona.com\/actualidad\/el-ayuntamiento-pone-en-marcha-manana-un-puesto-de-mando-avanzado-para-coordinar-los-esfuerzos-de-policia-municipal-policia-foral-policia-nacional-y-guardia-civil\/#primaryimage"},"thumbnailUrl":"https:\/\/www.laguiadepamplona.com\/actualidad\/wp-content\/uploads\/2021\/02\/ayuntamiento-pamplona.jpg","articleSection":["Ayto Pamplona"],"inLanguage":"es","potentialAction":[{"@type":"CommentAction","name":"Comment","target":["https:\/\/www.laguiadepamplona.com\/actualidad\/el-ayuntamiento-pone-en-marcha-manana-un-puesto-de-mando-avanzado-para-coordinar-los-esfuerzos-de-policia-municipal-policia-foral-policia-nacional-y-guardia-civil\/#respond"]}]},{"@type":"WebPage","@id":"https:\/\/www.laguiadepamplona.com\/actualidad\/el-ayuntamiento-pone-en-marcha-manana-un-puesto-de-mando-avanzado-para-coordinar-los-esfuerzos-de-policia-municipal-policia-foral-policia-nacional-y-guardia-civil\/","url":"https:\/\/www.laguiadepamplona.com\/actualidad\/el-ayuntamiento-pone-en-marcha-manana-un-puesto-de-mando-avanzado-para-coordinar-los-esfuerzos-de-policia-municipal-policia-foral-policia-nacional-y-guardia-civil\/","name":"\u00a0El Ayuntamiento pone en marcha ma\u00f1ana un Puesto de Mando Avanzado para coordinar los esfuerzos de Polic\u00eda Municipal, Polic\u00eda Foral, Polic\u00eda Nacional y Guardia Civil","isPartOf":{"@id":"https:\/\/www.laguiadepamplona.com\/actualidad\/#website"},"primaryImageOfPage":{"@id":"https:\/\/www.laguiadepamplona.com\/actualidad\/el-ayuntamiento-pone-en-marcha-manana-un-puesto-de-mando-avanzado-para-coordinar-los-esfuerzos-de-policia-municipal-policia-foral-policia-nacional-y-guardia-civil\/#primaryimage"},"image":{"@id":"https:\/\/www.laguiadepamplona.com\/actualidad\/el-ayuntamiento-pone-en-marcha-manana-un-puesto-de-mando-avanzado-para-coordinar-los-esfuerzos-de-policia-municipal-policia-foral-policia-nacional-y-guardia-civil\/#primaryimage"},"thumbnailUrl":"https:\/\/www.laguiadepamplona.com\/actualidad\/wp-content\/uploads\/2021\/02\/ayuntamiento-pamplona.jpg","datePublished":"2021-07-05T14:59:35+00:00","dateModified":"2023-04-11T09:49:16+00:00","description":"La colaboraci\u00f3n entre fuerzas de seguridad busca que la jornada del 6 de julio se desarrolle con normalidad","breadcrumb":{"@id":"https:\/\/www.laguiadepamplona.com\/actualidad\/el-ayuntamiento-pone-en-marcha-manana-un-puesto-de-mando-avanzado-para-coordinar-los-esfuerzos-de-policia-municipal-policia-foral-policia-nacional-y-guardia-civil\/#breadcrumb"},"inLanguage":"es","potentialAction":[{"@type":"ReadAction","target":["https:\/\/www.laguiadepamplona.com\/actualidad\/el-ayuntamiento-pone-en-marcha-manana-un-puesto-de-mando-avanzado-para-coordinar-los-esfuerzos-de-policia-municipal-policia-foral-policia-nacional-y-guardia-civil\/"]}]},{"@type":"ImageObject","inLanguage":"es","@id":"https:\/\/www.laguiadepamplona.com\/actualidad\/el-ayuntamiento-pone-en-marcha-manana-un-puesto-de-mando-avanzado-para-coordinar-los-esfuerzos-de-policia-municipal-policia-foral-policia-nacional-y-guardia-civil\/#primaryimage","url":"https:\/\/www.laguiadepamplona.com\/actualidad\/wp-content\/uploads\/2021\/02\/ayuntamiento-pamplona.jpg","contentUrl":"https:\/\/www.laguiadepamplona.com\/actualidad\/wp-content\/uploads\/2021\/02\/ayuntamiento-pamplona.jpg","width":1920,"height":1080},{"@type":"BreadcrumbList","@id":"https:\/\/www.laguiadepamplona.com\/actualidad\/el-ayuntamiento-pone-en-marcha-manana-un-puesto-de-mando-avanzado-para-coordinar-los-esfuerzos-de-policia-municipal-policia-foral-policia-nacional-y-guardia-civil\/#breadcrumb","itemListElement":[{"@type":"ListItem","position":1,"name":"Portada","item":"https:\/\/www.laguiadepamplona.com\/actualidad\/"},{"@type":"ListItem","position":2,"name":"\u00a0El Ayuntamiento pone en marcha ma\u00f1ana un Puesto de Mando Avanzado para coordinar los esfuerzos de Polic\u00eda Municipal, Polic\u00eda Foral, Polic\u00eda Nacional y Guardia Civil"}]},{"@type":"WebSite","@id":"https:\/\/www.laguiadepamplona.com\/actualidad\/#website","url":"https:\/\/www.laguiadepamplona.com\/actualidad\/","name":"La gu\u00eda de Pamplona","description":"Noticias de Pamplona","publisher":{"@id":"https:\/\/www.laguiadepamplona.com\/actualidad\/#organization"},"potentialAction":[{"@type":"SearchAction","target":{"@type":"EntryPoint","urlTemplate":"https:\/\/www.laguiadepamplona.com\/actualidad\/?s={search_term_string}"},"query-input":{"@type":"PropertyValueSpecification","valueRequired":true,"valueName":"search_term_string"}}],"inLanguage":"es"},{"@type":"Organization","@id":"https:\/\/www.laguiadepamplona.com\/actualidad\/#organization","name":"La Gu\u00eda de Pamplona \/ Noticias","url":"https:\/\/www.laguiadepamplona.com\/actualidad\/","logo":{"@type":"ImageObject","inLanguage":"es","@id":"https:\/\/www.laguiadepamplona.com\/actualidad\/#\/schema\/logo\/image\/","url":"https:\/\/www.laguiadepamplona.com\/actualidad\/wp-content\/uploads\/2018\/11\/logo-laguiadepamplona18-web1.png","contentUrl":"https:\/\/www.laguiadepamplona.com\/actualidad\/wp-content\/uploads\/2018\/11\/logo-laguiadepamplona18-web1.png","width":600,"height":196,"caption":"La Gu\u00eda de Pamplona \/ Noticias"},"image":{"@id":"https:\/\/www.laguiadepamplona.com\/actualidad\/#\/schema\/logo\/image\/"},"sameAs":["https:\/\/www.facebook.com\/laguiadepamplonacom-133175176762273\/?ref=hl","https:\/\/x.com\/LaGuiadPamplona","https:\/\/www.instagram.com\/la_guia_de_pamplona\/","https:\/\/www.youtube.com\/user\/laguiadepamplona"]},{"@type":"Person","@id":"https:\/\/www.laguiadepamplona.com\/actualidad\/#\/schema\/person\/efe887376f0213d4657c93adc50b1fdb","name":"La Gu\u00eda de Pamplona","image":{"@type":"ImageObject","inLanguage":"es","@id":"https:\/\/secure.gravatar.com\/avatar\/b6992f131dc8d30ab0dff15446e9d346d9dbd95992de0fef795073f5ea83a81c?s=96&d=mm&r=g","url":"https:\/\/secure.gravatar.com\/avatar\/b6992f131dc8d30ab0dff15446e9d346d9dbd95992de0fef795073f5ea83a81c?s=96&d=mm&r=g","contentUrl":"https:\/\/secure.gravatar.com\/avatar\/b6992f131dc8d30ab0dff15446e9d346d9dbd95992de0fef795073f5ea83a81c?s=96&d=mm&r=g","caption":"La Gu\u00eda de Pamplona"}}]}},"post_mailing_queue_ids":[],"_links":{"self":[{"href":"https:\/\/www.laguiadepamplona.com\/actualidad\/wp-json\/wp\/v2\/posts\/35826","targetHints":{"allow":["GET"]}}],"collection":[{"href":"https:\/\/www.laguiadepamplona.com\/actualidad\/wp-json\/wp\/v2\/posts"}],"about":[{"href":"https:\/\/www.laguiadepamplona.com\/actualidad\/wp-json\/wp\/v2\/types\/post"}],"author":[{"embeddable":true,"href":"https:\/\/www.laguiadepamplona.com\/actualidad\/wp-json\/wp\/v2\/users\/1"}],"replies":[{"embeddable":true,"href":"https:\/\/www.laguiadepamplona.com\/actualidad\/wp-json\/wp\/v2\/comments?post=35826"}],"version-history":[{"count":0,"href":"https:\/\/www.laguiadepamplona.com\/actualidad\/wp-json\/wp\/v2\/posts\/35826\/revisions"}],"wp:featuredmedia":[{"embeddable":true,"href":"https:\/\/www.laguiadepamplona.com\/actualidad\/wp-json\/wp\/v2\/media\/33021"}],"wp:attachment":[{"href":"https:\/\/www.laguiadepamplona.com\/actualidad\/wp-json\/wp\/v2\/media?parent=35826"}],"wp:term":[{"taxonomy":"category","embeddable":true,"href":"https:\/\/www.laguiadepamplona.com\/actualidad\/wp-json\/wp\/v2\/categories?post=35826"},{"taxonomy":"post_tag","embeddable":true,"href":"https:\/\/www.laguiadepamplona.com\/actualidad\/wp-json\/wp\/v2\/tags?post=35826"}],"curies":[{"name":"wp","href":"https:\/\/api.w.org\/{rel}","templated":true}]}}