{"id":35809,"date":"2021-07-02T17:25:31","date_gmt":"2021-07-02T15:25:31","guid":{"rendered":"https:\/\/www.laguiadepamplona.com\/actualidad\/?p=35809"},"modified":"2023-04-11T11:49:17","modified_gmt":"2023-04-11T09:49:17","slug":"personas-residentes-en-la-casa-de-misericordia-ensamblaran-y-decoraran-cajas-nido-este-lunes-en-un-taller-del-ayuntamiento-de-pamplona-y-fundacion-ilundain","status":"publish","type":"post","link":"https:\/\/www.laguiadepamplona.com\/actualidad\/personas-residentes-en-la-casa-de-misericordia-ensamblaran-y-decoraran-cajas-nido-este-lunes-en-un-taller-del-ayuntamiento-de-pamplona-y-fundacion-ilundain\/","title":{"rendered":"Personas residentes en la Casa de Misericordia ensamblar\u00e1n y decorar\u00e1n cajas nido este lunes en un taller del Ayuntamiento de Pamplona y Fundaci\u00f3n Ilund\u00e1in"},"content":{"rendered":"<h5>Colaborar\u00e1n en mejorar la biodiversidad con los m\u00e1s de 400 escolares que este curso han realizado la actividad de sensibilizaci\u00f3n ambiental<\/h5>\n<p><!--more--><\/p>\n<p>La actividad de montar, decorar e instalar cajas-nido para peque\u00f1as aves en el entorno urbano ha llegado a la franja de edad de los m\u00e1s mayores. Este lunes por la ma\u00f1ana una veintena de residentes de la Casa de la Misericordia de Pamplona, de entre 75 y 90 a\u00f1os, atender\u00e1n a las explicaciones de Eider Azkoaga, bi\u00f3loga de la Fundaci\u00f3n Ilund\u00e1in, que les hablar\u00e1 sobre las aves, sus ventajas para el control de pagas y se efecto positivo en la biodiversidad urbana. Despu\u00e9s, las personas participantes en el taller terminar\u00e1n de ensamblar las cajas pre-montadas por j\u00f3venes en situaci\u00f3n de vulnerabilidad contratados por Fundaci\u00f3n Ilundain con financiaci\u00f3n de Gobierno de Navarra. Finalmente, los residentes, con la ayuda de temperas de colores, decorar\u00e1n los refugios para aves antes de salir al exterior del edificio.<\/p>\n<p><script async src=\"\/\/pagead2.googlesyndication.com\/pagead\/js\/adsbygoogle.js\"><\/script><br \/>\n<!-- Noticias La Guia de Pamplona --><br \/>\n<ins class=\"adsbygoogle\"\nstyle=\"display:block\"\ndata-ad-client=\"ca-pub-6943679897239327\"\ndata-ad-slot=\"7048180777\"\ndata-ad-format=\"auto\"><\/ins><br \/>\n<script>\n(adsbygoogle = window.adsbygoogle || []).push({});\n<\/script><\/p>\n<p>Esta iniciativa, que se lleva a cabo en los colegios durante el curso escolar, se ha abierto este a\u00f1o a otros colectivos, inici\u00e1ndose la ampliaci\u00f3n con miembros de ANASAP (Asociaci\u00f3n Navarra para la Salud Mental), a los que ahora se suma la Casa de Misericordia. Los talleres se enmarcan dentro del convenio de colaboraci\u00f3n firmado por Ayuntamiento de Pamplona y Fundaci\u00f3n y que, adem\u00e1s de la sensibilizaci\u00f3n, lleva aparejado un diagn\u00f3stico de la poblaci\u00f3n de aves en Pamplona. <strong><u>El pr\u00f3ximo lunes 5 de julio, a las 12 horas, el concejal delegado de Proyectos Estrat\u00e9gicos, Movilidad y Sostenibilidad, Ferm\u00edn Alonso, se desplazar\u00e1 hasta este primer taller de cajas nido con personas mayores (entrada por la puerta de la Vuelta del Castillo)<\/u><\/strong> para comprobar su funcionamiento y dar las gracias a quienes se han animado a realizarlo.<\/p>\n<p>La segunda parte del taller tendr\u00e1 lugar fuera el edificio. Con la ayuda de una p\u00e9rtiga, la bi\u00f3loga y los ancianos colocar\u00e1n 4 cajas-nido en los \u00e1rboles del entorno de la residencia. Est\u00e1n destinadas a P\u00e1ridos (carboneros\/<em>Parus major<\/em> y herrerillos <em>Cyanistes caeruleus<\/em>), las aves m\u00e1s frecuentes en ese entorno. De hecho, la mayor\u00eda de las cajas nido procedentes del \u00e1mbito escolar estaban dise\u00f1adas con dimensiones y di\u00e1metro del acceso para esa familia de aves, aunque tambi\u00e9n se han puesto cajas nido para petirrojo europeo <em>(Erithacus rubecula<\/em>) y lavandera com\u00fan (<em>Motacilla alba<\/em>), adem\u00e1s de refugios para agateador com\u00fan (<em>Certhia brachydactyla<\/em>), autillo europeo (<em>Otus scops<\/em>) y vencejo (<em>Apus apus<\/em>), a los que se suman los posaderos para cern\u00edcalos vulgares (<em>Falco tinnunculus<\/em>).<\/p>\n<p><script async src=\"\/\/pagead2.googlesyndication.com\/pagead\/js\/adsbygoogle.js\"><\/script><br \/>\n<!-- Noticias La Guia de Pamplona --><br \/>\n<ins class=\"adsbygoogle\"\nstyle=\"display:block\"\ndata-ad-client=\"ca-pub-6943679897239327\"\ndata-ad-slot=\"7048180777\"\ndata-ad-format=\"auto\"><\/ins><br \/>\n<script>\n(adsbygoogle = window.adsbygoogle || []).push({});\n<\/script><\/p>\n<p>Este es el tercer a\u00f1o de andadura del programa previsto en principio para alumnado desde Primaria hasta Bachillerato. La novedad del taller de mayores se viene a sumar en esta edici\u00f3n a los talleres realizados de estimulaci\u00f3n multisensorial con alumnos de Educaci\u00f3n Infantil (menores de 3 a\u00f1os).\u00a0 En el curso escolar 2020\/2021 se han realizado sesiones de educaci\u00f3n ambiental en seis centros educativos de Pamplona: C.P. Garc\u00eda Galdeano, C.P. Nicasio Landa, Hegoalde Ikastola, C.P.E.I.P. Cardenal Ilundain, IES Navarro Villoslada BHI y Colegio Concertado Esclavas del Sagrado Coraz\u00f3n. En total han participado m\u00e1s de 400 personas y se han colocado 32 cajas nido.<\/p>\n<p>Esta iniciativa se enmarca en la estrategia municipal \u2018Go Green Pamplona\u2019, que engloba todas las actuaciones en materia de sostenibilidad ambiental y lucha contra el cambio clim\u00e1tico que desarrolla la ciudad y que define las l\u00edneas de actuaci\u00f3n para los pr\u00f3ximos a\u00f1os.<\/p>\n","protected":false},"excerpt":{"rendered":"<p>Colaborar\u00e1n en mejorar la biodiversidad con los m\u00e1s de 400 escolares que este curso han realizado la actividad de sensibilizaci\u00f3n ambiental<\/p>\n","protected":false},"author":1,"featured_media":35810,"comment_status":"open","ping_status":"closed","sticky":false,"template":"","format":"standard","meta":{"footnotes":""},"categories":[2],"tags":[],"class_list":["post-35809","post","type-post","status-publish","format-standard","has-post-thumbnail","hentry","category-ayuntamiento-pamplona"],"yoast_head":"<!-- This site is optimized with the Yoast SEO plugin v27.5 - https:\/\/yoast.com\/product\/yoast-seo-wordpress\/ -->\n<title>Personas residentes en la Casa de Misericordia ensamblar\u00e1n y decorar\u00e1n cajas nido este lunes en un taller del Ayuntamiento de Pamplona y Fundaci\u00f3n Ilund\u00e1in<\/title>\n<meta name=\"description\" content=\"Colaborar\u00e1n en mejorar la biodiversidad con los m\u00e1s de 400 escolares que este curso han realizado la actividad de sensibilizaci\u00f3n ambiental\" \/>\n<meta name=\"robots\" content=\"index, follow, max-snippet:-1, max-image-preview:large, max-video-preview:-1\" \/>\n<link rel=\"canonical\" href=\"https:\/\/www.laguiadepamplona.com\/actualidad\/personas-residentes-en-la-casa-de-misericordia-ensamblaran-y-decoraran-cajas-nido-este-lunes-en-un-taller-del-ayuntamiento-de-pamplona-y-fundacion-ilundain\/\" \/>\n<meta property=\"og:locale\" content=\"es_ES\" \/>\n<meta property=\"og:type\" content=\"article\" \/>\n<meta property=\"og:title\" content=\"Personas residentes en la Casa de Misericordia ensamblar\u00e1n y decorar\u00e1n cajas nido este lunes en un taller del Ayuntamiento de Pamplona y Fundaci\u00f3n Ilund\u00e1in\" \/>\n<meta property=\"og:description\" content=\"Colaborar\u00e1n en mejorar la biodiversidad con los m\u00e1s de 400 escolares que este curso han realizado la actividad de sensibilizaci\u00f3n ambiental\" \/>\n<meta property=\"og:url\" content=\"https:\/\/www.laguiadepamplona.com\/actualidad\/personas-residentes-en-la-casa-de-misericordia-ensamblaran-y-decoraran-cajas-nido-este-lunes-en-un-taller-del-ayuntamiento-de-pamplona-y-fundacion-ilundain\/\" \/>\n<meta property=\"og:site_name\" content=\"La Gu\u00eda de Pamplona\" \/>\n<meta property=\"article:publisher\" content=\"https:\/\/www.facebook.com\/laguiadepamplonacom-133175176762273\/?ref=hl\" \/>\n<meta property=\"article:published_time\" content=\"2021-07-02T15:25:31+00:00\" \/>\n<meta property=\"article:modified_time\" content=\"2023-04-11T09:49:17+00:00\" \/>\n<meta property=\"og:image\" content=\"https:\/\/www.laguiadepamplona.com\/actualidad\/wp-content\/uploads\/2021\/07\/nidos.jpg\" \/>\n\t<meta property=\"og:image:width\" content=\"1920\" \/>\n\t<meta property=\"og:image:height\" content=\"1368\" \/>\n\t<meta property=\"og:image:type\" content=\"image\/jpeg\" \/>\n<meta name=\"author\" content=\"La Gu\u00eda de Pamplona\" \/>\n<meta name=\"twitter:card\" content=\"summary_large_image\" \/>\n<meta name=\"twitter:creator\" content=\"@LaGuiadPamplona\" \/>\n<meta name=\"twitter:site\" content=\"@LaGuiadPamplona\" \/>\n<meta name=\"twitter:label1\" content=\"Escrito por\" \/>\n\t<meta name=\"twitter:data1\" content=\"La Gu\u00eda de Pamplona\" \/>\n\t<meta name=\"twitter:label2\" content=\"Tiempo de lectura\" \/>\n\t<meta name=\"twitter:data2\" content=\"3 minutos\" \/>\n<script type=\"application\/ld+json\" class=\"yoast-schema-graph\">{\"@context\":\"https:\\\/\\\/schema.org\",\"@graph\":[{\"@type\":\"Article\",\"@id\":\"https:\\\/\\\/www.laguiadepamplona.com\\\/actualidad\\\/personas-residentes-en-la-casa-de-misericordia-ensamblaran-y-decoraran-cajas-nido-este-lunes-en-un-taller-del-ayuntamiento-de-pamplona-y-fundacion-ilundain\\\/#article\",\"isPartOf\":{\"@id\":\"https:\\\/\\\/www.laguiadepamplona.com\\\/actualidad\\\/personas-residentes-en-la-casa-de-misericordia-ensamblaran-y-decoraran-cajas-nido-este-lunes-en-un-taller-del-ayuntamiento-de-pamplona-y-fundacion-ilundain\\\/\"},\"author\":{\"name\":\"La Gu\u00eda de Pamplona\",\"@id\":\"https:\\\/\\\/www.laguiadepamplona.com\\\/actualidad\\\/#\\\/schema\\\/person\\\/efe887376f0213d4657c93adc50b1fdb\"},\"headline\":\"Personas residentes en la Casa de Misericordia ensamblar\u00e1n y decorar\u00e1n cajas nido este lunes en un taller del Ayuntamiento de Pamplona y Fundaci\u00f3n Ilund\u00e1in\",\"datePublished\":\"2021-07-02T15:25:31+00:00\",\"dateModified\":\"2023-04-11T09:49:17+00:00\",\"mainEntityOfPage\":{\"@id\":\"https:\\\/\\\/www.laguiadepamplona.com\\\/actualidad\\\/personas-residentes-en-la-casa-de-misericordia-ensamblaran-y-decoraran-cajas-nido-este-lunes-en-un-taller-del-ayuntamiento-de-pamplona-y-fundacion-ilundain\\\/\"},\"wordCount\":636,\"commentCount\":0,\"publisher\":{\"@id\":\"https:\\\/\\\/www.laguiadepamplona.com\\\/actualidad\\\/#organization\"},\"image\":{\"@id\":\"https:\\\/\\\/www.laguiadepamplona.com\\\/actualidad\\\/personas-residentes-en-la-casa-de-misericordia-ensamblaran-y-decoraran-cajas-nido-este-lunes-en-un-taller-del-ayuntamiento-de-pamplona-y-fundacion-ilundain\\\/#primaryimage\"},\"thumbnailUrl\":\"https:\\\/\\\/www.laguiadepamplona.com\\\/actualidad\\\/wp-content\\\/uploads\\\/2021\\\/07\\\/nidos.jpg\",\"articleSection\":[\"Ayto Pamplona\"],\"inLanguage\":\"es\",\"potentialAction\":[{\"@type\":\"CommentAction\",\"name\":\"Comment\",\"target\":[\"https:\\\/\\\/www.laguiadepamplona.com\\\/actualidad\\\/personas-residentes-en-la-casa-de-misericordia-ensamblaran-y-decoraran-cajas-nido-este-lunes-en-un-taller-del-ayuntamiento-de-pamplona-y-fundacion-ilundain\\\/#respond\"]}]},{\"@type\":\"WebPage\",\"@id\":\"https:\\\/\\\/www.laguiadepamplona.com\\\/actualidad\\\/personas-residentes-en-la-casa-de-misericordia-ensamblaran-y-decoraran-cajas-nido-este-lunes-en-un-taller-del-ayuntamiento-de-pamplona-y-fundacion-ilundain\\\/\",\"url\":\"https:\\\/\\\/www.laguiadepamplona.com\\\/actualidad\\\/personas-residentes-en-la-casa-de-misericordia-ensamblaran-y-decoraran-cajas-nido-este-lunes-en-un-taller-del-ayuntamiento-de-pamplona-y-fundacion-ilundain\\\/\",\"name\":\"Personas residentes en la Casa de Misericordia ensamblar\u00e1n y decorar\u00e1n cajas nido este lunes en un taller del Ayuntamiento de Pamplona y Fundaci\u00f3n Ilund\u00e1in\",\"isPartOf\":{\"@id\":\"https:\\\/\\\/www.laguiadepamplona.com\\\/actualidad\\\/#website\"},\"primaryImageOfPage\":{\"@id\":\"https:\\\/\\\/www.laguiadepamplona.com\\\/actualidad\\\/personas-residentes-en-la-casa-de-misericordia-ensamblaran-y-decoraran-cajas-nido-este-lunes-en-un-taller-del-ayuntamiento-de-pamplona-y-fundacion-ilundain\\\/#primaryimage\"},\"image\":{\"@id\":\"https:\\\/\\\/www.laguiadepamplona.com\\\/actualidad\\\/personas-residentes-en-la-casa-de-misericordia-ensamblaran-y-decoraran-cajas-nido-este-lunes-en-un-taller-del-ayuntamiento-de-pamplona-y-fundacion-ilundain\\\/#primaryimage\"},\"thumbnailUrl\":\"https:\\\/\\\/www.laguiadepamplona.com\\\/actualidad\\\/wp-content\\\/uploads\\\/2021\\\/07\\\/nidos.jpg\",\"datePublished\":\"2021-07-02T15:25:31+00:00\",\"dateModified\":\"2023-04-11T09:49:17+00:00\",\"description\":\"Colaborar\u00e1n en mejorar la biodiversidad con los m\u00e1s de 400 escolares que este curso han realizado la actividad de sensibilizaci\u00f3n ambiental\",\"breadcrumb\":{\"@id\":\"https:\\\/\\\/www.laguiadepamplona.com\\\/actualidad\\\/personas-residentes-en-la-casa-de-misericordia-ensamblaran-y-decoraran-cajas-nido-este-lunes-en-un-taller-del-ayuntamiento-de-pamplona-y-fundacion-ilundain\\\/#breadcrumb\"},\"inLanguage\":\"es\",\"potentialAction\":[{\"@type\":\"ReadAction\",\"target\":[\"https:\\\/\\\/www.laguiadepamplona.com\\\/actualidad\\\/personas-residentes-en-la-casa-de-misericordia-ensamblaran-y-decoraran-cajas-nido-este-lunes-en-un-taller-del-ayuntamiento-de-pamplona-y-fundacion-ilundain\\\/\"]}]},{\"@type\":\"ImageObject\",\"inLanguage\":\"es\",\"@id\":\"https:\\\/\\\/www.laguiadepamplona.com\\\/actualidad\\\/personas-residentes-en-la-casa-de-misericordia-ensamblaran-y-decoraran-cajas-nido-este-lunes-en-un-taller-del-ayuntamiento-de-pamplona-y-fundacion-ilundain\\\/#primaryimage\",\"url\":\"https:\\\/\\\/www.laguiadepamplona.com\\\/actualidad\\\/wp-content\\\/uploads\\\/2021\\\/07\\\/nidos.jpg\",\"contentUrl\":\"https:\\\/\\\/www.laguiadepamplona.com\\\/actualidad\\\/wp-content\\\/uploads\\\/2021\\\/07\\\/nidos.jpg\",\"width\":1920,\"height\":1368},{\"@type\":\"BreadcrumbList\",\"@id\":\"https:\\\/\\\/www.laguiadepamplona.com\\\/actualidad\\\/personas-residentes-en-la-casa-de-misericordia-ensamblaran-y-decoraran-cajas-nido-este-lunes-en-un-taller-del-ayuntamiento-de-pamplona-y-fundacion-ilundain\\\/#breadcrumb\",\"itemListElement\":[{\"@type\":\"ListItem\",\"position\":1,\"name\":\"Portada\",\"item\":\"https:\\\/\\\/www.laguiadepamplona.com\\\/actualidad\\\/\"},{\"@type\":\"ListItem\",\"position\":2,\"name\":\"Personas residentes en la Casa de Misericordia ensamblar\u00e1n y decorar\u00e1n cajas nido este lunes en un taller del Ayuntamiento de Pamplona y Fundaci\u00f3n Ilund\u00e1in\"}]},{\"@type\":\"WebSite\",\"@id\":\"https:\\\/\\\/www.laguiadepamplona.com\\\/actualidad\\\/#website\",\"url\":\"https:\\\/\\\/www.laguiadepamplona.com\\\/actualidad\\\/\",\"name\":\"La gu\u00eda de Pamplona\",\"description\":\"Noticias de Pamplona\",\"publisher\":{\"@id\":\"https:\\\/\\\/www.laguiadepamplona.com\\\/actualidad\\\/#organization\"},\"potentialAction\":[{\"@type\":\"SearchAction\",\"target\":{\"@type\":\"EntryPoint\",\"urlTemplate\":\"https:\\\/\\\/www.laguiadepamplona.com\\\/actualidad\\\/?s={search_term_string}\"},\"query-input\":{\"@type\":\"PropertyValueSpecification\",\"valueRequired\":true,\"valueName\":\"search_term_string\"}}],\"inLanguage\":\"es\"},{\"@type\":\"Organization\",\"@id\":\"https:\\\/\\\/www.laguiadepamplona.com\\\/actualidad\\\/#organization\",\"name\":\"La Gu\u00eda de Pamplona \\\/ Noticias\",\"url\":\"https:\\\/\\\/www.laguiadepamplona.com\\\/actualidad\\\/\",\"logo\":{\"@type\":\"ImageObject\",\"inLanguage\":\"es\",\"@id\":\"https:\\\/\\\/www.laguiadepamplona.com\\\/actualidad\\\/#\\\/schema\\\/logo\\\/image\\\/\",\"url\":\"https:\\\/\\\/www.laguiadepamplona.com\\\/actualidad\\\/wp-content\\\/uploads\\\/2018\\\/11\\\/logo-laguiadepamplona18-web1.png\",\"contentUrl\":\"https:\\\/\\\/www.laguiadepamplona.com\\\/actualidad\\\/wp-content\\\/uploads\\\/2018\\\/11\\\/logo-laguiadepamplona18-web1.png\",\"width\":600,\"height\":196,\"caption\":\"La Gu\u00eda de Pamplona \\\/ Noticias\"},\"image\":{\"@id\":\"https:\\\/\\\/www.laguiadepamplona.com\\\/actualidad\\\/#\\\/schema\\\/logo\\\/image\\\/\"},\"sameAs\":[\"https:\\\/\\\/www.facebook.com\\\/laguiadepamplonacom-133175176762273\\\/?ref=hl\",\"https:\\\/\\\/x.com\\\/LaGuiadPamplona\",\"https:\\\/\\\/www.instagram.com\\\/la_guia_de_pamplona\\\/\",\"https:\\\/\\\/www.youtube.com\\\/user\\\/laguiadepamplona\"]},{\"@type\":\"Person\",\"@id\":\"https:\\\/\\\/www.laguiadepamplona.com\\\/actualidad\\\/#\\\/schema\\\/person\\\/efe887376f0213d4657c93adc50b1fdb\",\"name\":\"La Gu\u00eda de Pamplona\",\"image\":{\"@type\":\"ImageObject\",\"inLanguage\":\"es\",\"@id\":\"https:\\\/\\\/secure.gravatar.com\\\/avatar\\\/b6992f131dc8d30ab0dff15446e9d346d9dbd95992de0fef795073f5ea83a81c?s=96&d=mm&r=g\",\"url\":\"https:\\\/\\\/secure.gravatar.com\\\/avatar\\\/b6992f131dc8d30ab0dff15446e9d346d9dbd95992de0fef795073f5ea83a81c?s=96&d=mm&r=g\",\"contentUrl\":\"https:\\\/\\\/secure.gravatar.com\\\/avatar\\\/b6992f131dc8d30ab0dff15446e9d346d9dbd95992de0fef795073f5ea83a81c?s=96&d=mm&r=g\",\"caption\":\"La Gu\u00eda de Pamplona\"}}]}<\/script>\n<!-- \/ Yoast SEO plugin. -->","yoast_head_json":{"title":"Personas residentes en la Casa de Misericordia ensamblar\u00e1n y decorar\u00e1n cajas nido este lunes en un taller del Ayuntamiento de Pamplona y Fundaci\u00f3n Ilund\u00e1in","description":"Colaborar\u00e1n en mejorar la biodiversidad con los m\u00e1s de 400 escolares que este curso han realizado la actividad de sensibilizaci\u00f3n ambiental","robots":{"index":"index","follow":"follow","max-snippet":"max-snippet:-1","max-image-preview":"max-image-preview:large","max-video-preview":"max-video-preview:-1"},"canonical":"https:\/\/www.laguiadepamplona.com\/actualidad\/personas-residentes-en-la-casa-de-misericordia-ensamblaran-y-decoraran-cajas-nido-este-lunes-en-un-taller-del-ayuntamiento-de-pamplona-y-fundacion-ilundain\/","og_locale":"es_ES","og_type":"article","og_title":"Personas residentes en la Casa de Misericordia ensamblar\u00e1n y decorar\u00e1n cajas nido este lunes en un taller del Ayuntamiento de Pamplona y Fundaci\u00f3n Ilund\u00e1in","og_description":"Colaborar\u00e1n en mejorar la biodiversidad con los m\u00e1s de 400 escolares que este curso han realizado la actividad de sensibilizaci\u00f3n ambiental","og_url":"https:\/\/www.laguiadepamplona.com\/actualidad\/personas-residentes-en-la-casa-de-misericordia-ensamblaran-y-decoraran-cajas-nido-este-lunes-en-un-taller-del-ayuntamiento-de-pamplona-y-fundacion-ilundain\/","og_site_name":"La Gu\u00eda de Pamplona","article_publisher":"https:\/\/www.facebook.com\/laguiadepamplonacom-133175176762273\/?ref=hl","article_published_time":"2021-07-02T15:25:31+00:00","article_modified_time":"2023-04-11T09:49:17+00:00","og_image":[{"width":1920,"height":1368,"url":"https:\/\/www.laguiadepamplona.com\/actualidad\/wp-content\/uploads\/2021\/07\/nidos.jpg","type":"image\/jpeg"}],"author":"La Gu\u00eda de Pamplona","twitter_card":"summary_large_image","twitter_creator":"@LaGuiadPamplona","twitter_site":"@LaGuiadPamplona","twitter_misc":{"Escrito por":"La Gu\u00eda de Pamplona","Tiempo de lectura":"3 minutos"},"schema":{"@context":"https:\/\/schema.org","@graph":[{"@type":"Article","@id":"https:\/\/www.laguiadepamplona.com\/actualidad\/personas-residentes-en-la-casa-de-misericordia-ensamblaran-y-decoraran-cajas-nido-este-lunes-en-un-taller-del-ayuntamiento-de-pamplona-y-fundacion-ilundain\/#article","isPartOf":{"@id":"https:\/\/www.laguiadepamplona.com\/actualidad\/personas-residentes-en-la-casa-de-misericordia-ensamblaran-y-decoraran-cajas-nido-este-lunes-en-un-taller-del-ayuntamiento-de-pamplona-y-fundacion-ilundain\/"},"author":{"name":"La Gu\u00eda de Pamplona","@id":"https:\/\/www.laguiadepamplona.com\/actualidad\/#\/schema\/person\/efe887376f0213d4657c93adc50b1fdb"},"headline":"Personas residentes en la Casa de Misericordia ensamblar\u00e1n y decorar\u00e1n cajas nido este lunes en un taller del Ayuntamiento de Pamplona y Fundaci\u00f3n Ilund\u00e1in","datePublished":"2021-07-02T15:25:31+00:00","dateModified":"2023-04-11T09:49:17+00:00","mainEntityOfPage":{"@id":"https:\/\/www.laguiadepamplona.com\/actualidad\/personas-residentes-en-la-casa-de-misericordia-ensamblaran-y-decoraran-cajas-nido-este-lunes-en-un-taller-del-ayuntamiento-de-pamplona-y-fundacion-ilundain\/"},"wordCount":636,"commentCount":0,"publisher":{"@id":"https:\/\/www.laguiadepamplona.com\/actualidad\/#organization"},"image":{"@id":"https:\/\/www.laguiadepamplona.com\/actualidad\/personas-residentes-en-la-casa-de-misericordia-ensamblaran-y-decoraran-cajas-nido-este-lunes-en-un-taller-del-ayuntamiento-de-pamplona-y-fundacion-ilundain\/#primaryimage"},"thumbnailUrl":"https:\/\/www.laguiadepamplona.com\/actualidad\/wp-content\/uploads\/2021\/07\/nidos.jpg","articleSection":["Ayto Pamplona"],"inLanguage":"es","potentialAction":[{"@type":"CommentAction","name":"Comment","target":["https:\/\/www.laguiadepamplona.com\/actualidad\/personas-residentes-en-la-casa-de-misericordia-ensamblaran-y-decoraran-cajas-nido-este-lunes-en-un-taller-del-ayuntamiento-de-pamplona-y-fundacion-ilundain\/#respond"]}]},{"@type":"WebPage","@id":"https:\/\/www.laguiadepamplona.com\/actualidad\/personas-residentes-en-la-casa-de-misericordia-ensamblaran-y-decoraran-cajas-nido-este-lunes-en-un-taller-del-ayuntamiento-de-pamplona-y-fundacion-ilundain\/","url":"https:\/\/www.laguiadepamplona.com\/actualidad\/personas-residentes-en-la-casa-de-misericordia-ensamblaran-y-decoraran-cajas-nido-este-lunes-en-un-taller-del-ayuntamiento-de-pamplona-y-fundacion-ilundain\/","name":"Personas residentes en la Casa de Misericordia ensamblar\u00e1n y decorar\u00e1n cajas nido este lunes en un taller del Ayuntamiento de Pamplona y Fundaci\u00f3n Ilund\u00e1in","isPartOf":{"@id":"https:\/\/www.laguiadepamplona.com\/actualidad\/#website"},"primaryImageOfPage":{"@id":"https:\/\/www.laguiadepamplona.com\/actualidad\/personas-residentes-en-la-casa-de-misericordia-ensamblaran-y-decoraran-cajas-nido-este-lunes-en-un-taller-del-ayuntamiento-de-pamplona-y-fundacion-ilundain\/#primaryimage"},"image":{"@id":"https:\/\/www.laguiadepamplona.com\/actualidad\/personas-residentes-en-la-casa-de-misericordia-ensamblaran-y-decoraran-cajas-nido-este-lunes-en-un-taller-del-ayuntamiento-de-pamplona-y-fundacion-ilundain\/#primaryimage"},"thumbnailUrl":"https:\/\/www.laguiadepamplona.com\/actualidad\/wp-content\/uploads\/2021\/07\/nidos.jpg","datePublished":"2021-07-02T15:25:31+00:00","dateModified":"2023-04-11T09:49:17+00:00","description":"Colaborar\u00e1n en mejorar la biodiversidad con los m\u00e1s de 400 escolares que este curso han realizado la actividad de sensibilizaci\u00f3n ambiental","breadcrumb":{"@id":"https:\/\/www.laguiadepamplona.com\/actualidad\/personas-residentes-en-la-casa-de-misericordia-ensamblaran-y-decoraran-cajas-nido-este-lunes-en-un-taller-del-ayuntamiento-de-pamplona-y-fundacion-ilundain\/#breadcrumb"},"inLanguage":"es","potentialAction":[{"@type":"ReadAction","target":["https:\/\/www.laguiadepamplona.com\/actualidad\/personas-residentes-en-la-casa-de-misericordia-ensamblaran-y-decoraran-cajas-nido-este-lunes-en-un-taller-del-ayuntamiento-de-pamplona-y-fundacion-ilundain\/"]}]},{"@type":"ImageObject","inLanguage":"es","@id":"https:\/\/www.laguiadepamplona.com\/actualidad\/personas-residentes-en-la-casa-de-misericordia-ensamblaran-y-decoraran-cajas-nido-este-lunes-en-un-taller-del-ayuntamiento-de-pamplona-y-fundacion-ilundain\/#primaryimage","url":"https:\/\/www.laguiadepamplona.com\/actualidad\/wp-content\/uploads\/2021\/07\/nidos.jpg","contentUrl":"https:\/\/www.laguiadepamplona.com\/actualidad\/wp-content\/uploads\/2021\/07\/nidos.jpg","width":1920,"height":1368},{"@type":"BreadcrumbList","@id":"https:\/\/www.laguiadepamplona.com\/actualidad\/personas-residentes-en-la-casa-de-misericordia-ensamblaran-y-decoraran-cajas-nido-este-lunes-en-un-taller-del-ayuntamiento-de-pamplona-y-fundacion-ilundain\/#breadcrumb","itemListElement":[{"@type":"ListItem","position":1,"name":"Portada","item":"https:\/\/www.laguiadepamplona.com\/actualidad\/"},{"@type":"ListItem","position":2,"name":"Personas residentes en la Casa de Misericordia ensamblar\u00e1n y decorar\u00e1n cajas nido este lunes en un taller del Ayuntamiento de Pamplona y Fundaci\u00f3n Ilund\u00e1in"}]},{"@type":"WebSite","@id":"https:\/\/www.laguiadepamplona.com\/actualidad\/#website","url":"https:\/\/www.laguiadepamplona.com\/actualidad\/","name":"La gu\u00eda de Pamplona","description":"Noticias de Pamplona","publisher":{"@id":"https:\/\/www.laguiadepamplona.com\/actualidad\/#organization"},"potentialAction":[{"@type":"SearchAction","target":{"@type":"EntryPoint","urlTemplate":"https:\/\/www.laguiadepamplona.com\/actualidad\/?s={search_term_string}"},"query-input":{"@type":"PropertyValueSpecification","valueRequired":true,"valueName":"search_term_string"}}],"inLanguage":"es"},{"@type":"Organization","@id":"https:\/\/www.laguiadepamplona.com\/actualidad\/#organization","name":"La Gu\u00eda de Pamplona \/ Noticias","url":"https:\/\/www.laguiadepamplona.com\/actualidad\/","logo":{"@type":"ImageObject","inLanguage":"es","@id":"https:\/\/www.laguiadepamplona.com\/actualidad\/#\/schema\/logo\/image\/","url":"https:\/\/www.laguiadepamplona.com\/actualidad\/wp-content\/uploads\/2018\/11\/logo-laguiadepamplona18-web1.png","contentUrl":"https:\/\/www.laguiadepamplona.com\/actualidad\/wp-content\/uploads\/2018\/11\/logo-laguiadepamplona18-web1.png","width":600,"height":196,"caption":"La Gu\u00eda de Pamplona \/ Noticias"},"image":{"@id":"https:\/\/www.laguiadepamplona.com\/actualidad\/#\/schema\/logo\/image\/"},"sameAs":["https:\/\/www.facebook.com\/laguiadepamplonacom-133175176762273\/?ref=hl","https:\/\/x.com\/LaGuiadPamplona","https:\/\/www.instagram.com\/la_guia_de_pamplona\/","https:\/\/www.youtube.com\/user\/laguiadepamplona"]},{"@type":"Person","@id":"https:\/\/www.laguiadepamplona.com\/actualidad\/#\/schema\/person\/efe887376f0213d4657c93adc50b1fdb","name":"La Gu\u00eda de Pamplona","image":{"@type":"ImageObject","inLanguage":"es","@id":"https:\/\/secure.gravatar.com\/avatar\/b6992f131dc8d30ab0dff15446e9d346d9dbd95992de0fef795073f5ea83a81c?s=96&d=mm&r=g","url":"https:\/\/secure.gravatar.com\/avatar\/b6992f131dc8d30ab0dff15446e9d346d9dbd95992de0fef795073f5ea83a81c?s=96&d=mm&r=g","contentUrl":"https:\/\/secure.gravatar.com\/avatar\/b6992f131dc8d30ab0dff15446e9d346d9dbd95992de0fef795073f5ea83a81c?s=96&d=mm&r=g","caption":"La Gu\u00eda de Pamplona"}}]}},"post_mailing_queue_ids":[],"_links":{"self":[{"href":"https:\/\/www.laguiadepamplona.com\/actualidad\/wp-json\/wp\/v2\/posts\/35809","targetHints":{"allow":["GET"]}}],"collection":[{"href":"https:\/\/www.laguiadepamplona.com\/actualidad\/wp-json\/wp\/v2\/posts"}],"about":[{"href":"https:\/\/www.laguiadepamplona.com\/actualidad\/wp-json\/wp\/v2\/types\/post"}],"author":[{"embeddable":true,"href":"https:\/\/www.laguiadepamplona.com\/actualidad\/wp-json\/wp\/v2\/users\/1"}],"replies":[{"embeddable":true,"href":"https:\/\/www.laguiadepamplona.com\/actualidad\/wp-json\/wp\/v2\/comments?post=35809"}],"version-history":[{"count":0,"href":"https:\/\/www.laguiadepamplona.com\/actualidad\/wp-json\/wp\/v2\/posts\/35809\/revisions"}],"wp:featuredmedia":[{"embeddable":true,"href":"https:\/\/www.laguiadepamplona.com\/actualidad\/wp-json\/wp\/v2\/media\/35810"}],"wp:attachment":[{"href":"https:\/\/www.laguiadepamplona.com\/actualidad\/wp-json\/wp\/v2\/media?parent=35809"}],"wp:term":[{"taxonomy":"category","embeddable":true,"href":"https:\/\/www.laguiadepamplona.com\/actualidad\/wp-json\/wp\/v2\/categories?post=35809"},{"taxonomy":"post_tag","embeddable":true,"href":"https:\/\/www.laguiadepamplona.com\/actualidad\/wp-json\/wp\/v2\/tags?post=35809"}],"curies":[{"name":"wp","href":"https:\/\/api.w.org\/{rel}","templated":true}]}}