{"id":35800,"date":"2021-07-02T13:10:04","date_gmt":"2021-07-02T11:10:04","guid":{"rendered":"https:\/\/www.laguiadepamplona.com\/actualidad\/?p=35800"},"modified":"2023-04-11T11:49:17","modified_gmt":"2023-04-11T09:49:17","slug":"la-ciudadela-se-convierte-en-una-gran-sala-expositiva-sobre-sanfermines-con-piezas-de-la-coleccion-municipal-obras-y-carteles-creados-exprofeso-y-proyecciones","status":"publish","type":"post","link":"https:\/\/www.laguiadepamplona.com\/actualidad\/la-ciudadela-se-convierte-en-una-gran-sala-expositiva-sobre-sanfermines-con-piezas-de-la-coleccion-municipal-obras-y-carteles-creados-exprofeso-y-proyecciones\/","title":{"rendered":"La Ciudadela se convierte en una gran sala expositiva sobre Sanfermines con piezas de la colecci\u00f3n municipal, obras y carteles creados exprofeso y proyecciones"},"content":{"rendered":"<h5>En las exposiciones, que estar\u00e1n todo el verano, se presentan obras de 57 artistas locales, 44 dise\u00f1adores y 27 autores de la colecci\u00f3n municipal<\/h5>\n<p><!--more--><\/p>\n<p>La Ciudadela se convierten este verano en un gran espacio expositivo sobre los Sanfermines con 4 muestras en las que podr\u00e1n verse piezas de la Colecci\u00f3n de Arte Contempor\u00e1neo del Ayuntamiento de Pamplona de 27 autores, obras creadas exprofeso por 57 artistas locales, 44 carteles pensados por dise\u00f1adores navarros para unas fiestas que no se pueden celebrar y tres proyecciones audiovisuales. Adem\u00e1s, del 6 al 14 de julio, estar\u00e1n las figuras de la Comparsa de Gigantes y Cabezudos en la planta baja de la Sala de Armas.<\/p>\n<p>De esta forma, del 2 de julio al 12 de septiembre, en el Pabell\u00f3n de Mixtos podr\u00e1n verse los \u2018Sanfermines imaginados\u2019 y en el Polvor\u00edn \u20182020 2021 Los a\u00f1os que no bailamos. Carteles para una fiesta que no pudo ser\u2019 para continuar en el Horno con \u2018Miradas\u2026 sensaciones\u2026 emociones\u2026\u2019 y finalizar en la primera planta de la Sala de Armas con una \u2018Guerra a la tristeza. Souvenirs de una fiesta sin igual\u2019.<\/p>\n<p>Una propuesta para un a\u00f1o en el que la prudencia y la responsabilidad sanitaria han motivado la suspensi\u00f3n de las fiestas. Est\u00e1 incluida en el programa \u2018\u00a1Viva Pamplona viva!\u2019 organizado por el Ayuntamiento y que ofrece m\u00e1s de 400 actividades de car\u00e1cter cultural con propuestas para todos los d\u00edas del verano.<\/p>\n<p><script async src=\"\/\/pagead2.googlesyndication.com\/pagead\/js\/adsbygoogle.js\"><\/script><br \/>\n<!-- Noticias La Guia de Pamplona --><br \/>\n<ins class=\"adsbygoogle\"\nstyle=\"display:block\"\ndata-ad-client=\"ca-pub-6943679897239327\"\ndata-ad-slot=\"7048180777\"\ndata-ad-format=\"auto\"><\/ins><br \/>\n<script>\n(adsbygoogle = window.adsbygoogle || []).push({});\n<\/script><\/p>\n<p><strong>Del 2 al 12 de julio de martes a domingo, ma\u00f1ana y tarde<\/strong><\/p>\n<p>El horario de visita de las muestras es de martes a s\u00e1bado de 11,30 a 13,30 y de 18,30 a 20,30 horas y domingos y festivos de 11,30 a 13.30 horas. Adem\u00e1s, las salas abrir\u00e1n el lunes 12 de julio.<\/p>\n<p>En la presentaci\u00f3n de las exposiciones han participado la concejala delegada de Cultura e Igualdad, Mar\u00eda Garc\u00eda Barberena; el coordinador de \u2018Sanfermines imaginados\u2019 y presidente del Ateneo Navarro Pedro Salaberri; el coordinador de \u20182020 2021. Los a\u00f1os que no bailamos. Carteles para una fiesta que no pudo ser\u2019, Luis Garbayo, y el comisario de \u2018Guerra a la tristeza. Souvenirs de una fiesta sin igual\u2019, Javier Manzanos.<\/p>\n<p><script async src=\"\/\/pagead2.googlesyndication.com\/pagead\/js\/adsbygoogle.js\"><\/script><br \/>\n<!-- Noticias La Guia de Pamplona --><br \/>\n<ins class=\"adsbygoogle\"\nstyle=\"display:block\"\ndata-ad-client=\"ca-pub-6943679897239327\"\ndata-ad-slot=\"7048180777\"\ndata-ad-format=\"auto\"><\/ins><br \/>\n<script>\n(adsbygoogle = window.adsbygoogle || []).push({});\n<\/script><\/p>\n<p><strong>\u2018Guerra a la tristeza. Souvenirs de una fiesta sin igual\u2019, primera planta Sala de Armas<\/strong><\/p>\n<p>La exposici\u00f3n \u2018Guerra a la tristeza. Souvenirs de una fiesta sin igual\u2019 rescata piezas significativas del acervo art\u00edstico sanferminero conservadas en el patrimonio municipal en la Colecci\u00f3n de Arte Contempor\u00e1neo. Son <em>souvenirs<\/em> que rememoran una fiesta que sin perder su genuina identidad no deja de evolucionar. Propone un sugerente viaje en el tiempo por esta fiesta sin igual que desde el cartel anunciador de Basiano de 1929, recorre sanfermines desde la d\u00e9cada de los a\u00f1os 50 hasta la actualidad y finaliza con el Zapi gorria de Julio Pardo, ese pa\u00f1uelo rojo que invita a so\u00f1ar y navegar en una dist\u00f3pica Plaza del Castillo.<\/p>\n<p>En total son fotograf\u00edas, pinturas y esculturas de 27 autores de distintas \u00e9pocas y procedencias que detienen el tiempo y ofrecen la oportunidad de reflexionar sobre las fiestas que tuvimos, que anhelamos y que queremos sigan siendo. Son Angel de Mingo, Antonio Laita, Elena Go\u00f1i. Ferdinando Scianna. Francisco Zubieta y Andr\u00e9s Retegui, Gerardo Zarag\u00fceta, Gonzalo Ainaga. Inge Morath. Javier Muro, Jes\u00fas Basiano, Jim Hollander, Joaqu\u00edn Resano, Jos\u00e9 Luis Nobel, Julio Pardo, Julio Ubi\u00f1a, Luis Azanza, Luis Badosa, Mariano Sinu\u00e9s, Miguel Bergasa, Nicol\u00e1s Ardanaz, Paco G\u00f3mez, Pedro Armestre, Pedro Mart\u00edn Balda, Pedro Os\u00e9s, Pepe Yag\u00fces y Rafael del Real.<\/p>\n<p>El t\u00edtulo de la muestra tiene su origen en el libro \u2018Guerre \u00e0 la tristesse\u2019 que Robert Delpire public\u00f3 en 1955 con textos de la escritora Dominique Aubier y la colecci\u00f3n de fotograf\u00edas que Inge Morath realiz\u00f3 en los sanfermines de 1954. Entre ellas aparec\u00eda un triste paisano de boina y traje ra\u00eddo frente a la barraca de feria \u2018Guerra a la tristeza\u2019.<\/p>\n<p><script async src=\"\/\/pagead2.googlesyndication.com\/pagead\/js\/adsbygoogle.js\"><\/script><br \/>\n<!-- Noticias La Guia de Pamplona --><br \/>\n<ins class=\"adsbygoogle\"\nstyle=\"display:block\"\ndata-ad-client=\"ca-pub-6943679897239327\"\ndata-ad-slot=\"7048180777\"\ndata-ad-format=\"auto\"><\/ins><br \/>\n<script>\n(adsbygoogle = window.adsbygoogle || []).push({});\n<\/script><\/p>\n<p><strong>\u2018Sanfermines imaginados\u2019, primera y segunda planta del Pabell\u00f3n Mixtos<\/strong><\/p>\n<p>La muestra colectiva \u2018Sanfermines imaginados\u2019, organizado en colaboraci\u00f3n con el Ateneo Navarro, quiere fomentar la reflexi\u00f3n sobre las fiestas. Para ello, el Consistorio pamplon\u00e9s ha invitado a m\u00e1s de 50 artistas para que creen una obra espec\u00edfica acompa\u00f1ada de un texto. Puede verse el trabajo de 57 de ellos, todos ellos de nueva creaci\u00f3n.<\/p>\n<p>En el cat\u00e1logo de la muestra se recuerda que ya en 1995, el Ayuntamiento present\u00f3 la exposici\u00f3n \u2018Pintar los sanfermines\u2019 en la que 18 artistas recreaban una idea o una sensaci\u00f3n que alud\u00eda a las fiestas y lo hac\u00edan desde muy diversas formas de entenderlas. Ahonda en que \u201clos Sanfermines en las artes pl\u00e1sticas, exceptuando la fotograf\u00eda, no hab\u00edan tenido demasiadas aportaciones est\u00e9ticas mientras que en la literatura o el cartelismo ten\u00edan presencia constante\u201d.<\/p>\n<p>A diferencia de entonces, esta vez, \u201cno se trata de hablar de ellos como entonces, ahora hay que crearlos a partir de su recuerdo, de lo que de una u otra forma han significado para cada participante y sigue siendo una buena oportunidad para que aparezcan las muy diversas maneras que tenemos de vivirlos. Son un estado de \u00e1nimo, un latigazo, un deseo de cordialidad o una ausencia y ahora con vuestra ayuda, queremos convertirlos en una evocaci\u00f3n. Porque no es solo que queramos que vuelvan los sanfermines, es que necesitamos que siga la vida y una vez m\u00e1s el arte puede hacer que nos sintamos acompa\u00f1ados\u201d.<\/p>\n<p>Los artistas participantes son Alfonso Ascunce, Alicia Otaegui, \u00c1ngel Arbe, \u00c1ngel M\u00aa Presencio, \u00c1ngela Moreno, Antonio Laita, Bel\u00e9n Ar\u00e9valo, Cabeza De Artista, Carlos Cenoz, Carlos Puig, Carmen Salgado, Celia Eslava, Chuma Argui\u00f1ariz, Cristina Cidriain, David Anocibar, Dicky Rekalde, Elba Martinez, Emilio Matute, Ferm\u00edn Alvira, Ferm\u00edn Jim\u00e9nez Landa, Fernando Pagola, Gonzalo Nicuesa, Guillermo Sarmiento, Ignacio Muro, Iker Serrano, Iosu Zapata, Javier Landa, Javier Mina, Javier Muro, Joaqu\u00edn Resano, Jos\u00e9 Luis Mayor, Juan Jos\u00e9 Lazkano, Julio Pardo, Kontxesi Vicente, La Chincheta Bruna, Leire Urbeltz \/ Andrea Ganuza, Manuel Bermejo, Mar\u00eda Azcona, Mar\u00eda Jim\u00e9nez, Mertxe Sueskun, Miguel Leache, Mikel Belascoain, Monika Aranda, Montse Borda, Natxo Barberena, Pablo Ochoa De Olza, Patxi Ezquieta, Pedro Osakar, Pedro Os\u00e9s, Pello Azketa, Teresa Sabat\u00e9, Uxua Vides, Virginia Santos y Xabier Celestino<\/p>\n<p><script async src=\"\/\/pagead2.googlesyndication.com\/pagead\/js\/adsbygoogle.js\"><\/script><br \/>\n<!-- Noticias La Guia de Pamplona --><br \/>\n<ins class=\"adsbygoogle\"\nstyle=\"display:block\"\ndata-ad-client=\"ca-pub-6943679897239327\"\ndata-ad-slot=\"7048180777\"\ndata-ad-format=\"auto\"><\/ins><br \/>\n<script>\n(adsbygoogle = window.adsbygoogle || []).push({});\n<\/script><\/p>\n<p><strong>\u20182020 2021 Los a\u00f1os que no bailamos. Carteles para una fiesta que no pudo ser\u2019, Polvor\u00edn<\/strong><\/p>\n<p>Una idea similar de invitar a personas creadoras a que realicen una obra exprofeso es la que subyace tambi\u00e9n en la muestra \u20182020 2021 Los a\u00f1os que no bailamos. Carteles para una fiesta que no pudo ser \/ Ezin izan zen festa baterako kartelak\u2019 llevada a cabo junto con la Asociaci\u00f3n Navarra de Empresas de Comunicaci\u00f3n y Publicidad. La idea era encargar el dise\u00f1o de un cartel imaginario de San Ferm\u00edn para unas fiestas que no van a celebrarse con el fin de \u201caliviar estos dos a\u00f1os seguidos sin Sanfermines\u201d. Se invitaron dise\u00f1adores, artistas y estudios de dise\u00f1o de Navarra.<\/p>\n<p>El cat\u00e1logo de la muestra hace un recorrido por la historia de los careles de las fiestas y sus autores. El m\u00e1s antiguo que se conserva es de 1846. Como el resto de carteles del siglo XIX, tiene un car\u00e1cter estrictamente taurino, aunque algunos a\u00f1os se cuela la imagen de Pablo Sarasate o elementos musicales. En el siglo XX se ampl\u00edan los motivos y se copia el estilo de las revistas ilustradas para despu\u00e9s pasar a la fotograf\u00eda.<\/p>\n<p>En el Polvor\u00edn pueden verse los carteles de Alberto Molina, Alberto Ollo, Alberto P\u00e9rez Reina, \u00c1lex Viladrich, Ana Cobo, Ana Gozalo, Ana P\u00e9rez Errea, Andoni Eg\u00fazkiza, Arraitz Koch Elizegi, Carlos \u00c1lvarez, Carlos Garc\u00eda, C\u00e9sar Oroz, David Alegr\u00eda, Germ\u00e1n Ucar, I\u00f1aki Cabodevilla, I\u00f1igo Del Canto, Itziar Go\u00f1i, Javier Balda, Javier Errea, Javier Mor\u00f3n, Javier Oyarzun, Javier Unzu\u00e9, Jes\u00fas C\u00eda, Jokin Manzanos, Jorge Mart\u00ednez Huarte, Jos\u00e9 F\u00e9lix Collazos, Jos\u00e9 Joaqu\u00edn Lizaur, Juanjo Barasoain, Koldo Villarreal, La Llorona Comunicaci\u00f3n, Luis Garbayo, Marisa Mantxola, Miguel P\u00e9rez Ota\u00f1o, Mikel Echandi, Mikel Urmeneta, Nicol\u00e1s Azn\u00e1rez, Olga Ortiz Besga, \u00d3scar Mun\u00e1rriz, Pablo Errea Rodr\u00edguez, Patricia Fern\u00e1ndez e Iv\u00e1n Irisarri, Proyecta Comunicaci\u00f3n. Rafa Esqu\u00edroz y Ricardo Bermejo.<\/p>\n<p><script async src=\"\/\/pagead2.googlesyndication.com\/pagead\/js\/adsbygoogle.js\"><\/script><br \/>\n<!-- Noticias La Guia de Pamplona --><br \/>\n<ins class=\"adsbygoogle\"\nstyle=\"display:block\"\ndata-ad-client=\"ca-pub-6943679897239327\"\ndata-ad-slot=\"7048180777\"\ndata-ad-format=\"auto\"><\/ins><br \/>\n<script>\n(adsbygoogle = window.adsbygoogle || []).push({});\n<\/script><\/p>\n<p><strong>\u2018Miradas\u2026 sensaciones\u2026 emociones\u2026\u2019, Horno<\/strong><\/p>\n<p>Totalmente diferente es la propuesta en el Horno, que podr\u00e1 verse tambi\u00e9n del 2 de julio a 12 de septiembre ya que se trata de proyecciones audiovisuales. Pensando en el espacio, el Ayuntamiento ha apostado por una instalaci\u00f3n audiovisual con tres proyecciones sobre diversos momentos sanfermineros. Producidos por Arena Comunicaci\u00f3n Audiovisual, la edici\u00f3n e instalaci\u00f3n es obra de Acr\u00f3nica Producciones.<\/p>\n<p>Dos de las proyecciones ofrecen diferentes momentos (\u201cmomenticos y momentazos\u201d) de las fiestas de San Ferm\u00edn con una duraci\u00f3n de aproximadamente 10 minutos cada una. La tercera es una proyecci\u00f3n a suelo que ofrece dos mosaicos con la amalgama de im\u00e1genes, sensaciones y emociones que suceden en Pamplona.<\/p>\n<p><script async src=\"\/\/pagead2.googlesyndication.com\/pagead\/js\/adsbygoogle.js\"><\/script><br \/>\n<!-- Noticias La Guia de Pamplona --><br \/>\n<ins class=\"adsbygoogle\"\nstyle=\"display:block\"\ndata-ad-client=\"ca-pub-6943679897239327\"\ndata-ad-slot=\"7048180777\"\ndata-ad-format=\"auto\"><\/ins><br \/>\n<script>\n(adsbygoogle = window.adsbygoogle || []).push({});\n<\/script><\/p>\n<p><strong>Comparsa de Gigantes y Cabezudos de Pamplona, planta baja de la Sala de Armas<\/strong><\/p>\n<p>Por \u00faltimo, la planta baja de la Sala de Armas acoger\u00e1 del 6 al 14 una exposici\u00f3n con figuras de la Comparsa de Gigantes y Cabezudos de Pamplona. Ya que la comparsa no va a poder recorrer la ciudad en sus citas habituales del 6 al 14 de julio, se ha querido instalarla para que pueda visitarse en estas fechas.<\/p>\n<p>Se abre as\u00ed la posibilidad de que, con medidas de distanciamiento y aforo, todo quien quiera se pueda fotografiar junto con Braulia, Toko-toko, Esther Arata, y el resto de los gigantes, as\u00ed como con una representaci\u00f3n de los kilikis, zaldikos y cabezudos que forman parte de la Comparsa.<\/p>\n<p>En 1860 el Ayuntamiento encarg\u00f3 al escultor Tadeo Amorena la construcci\u00f3n de 8 Gigantes que representaran a los cuatro continentes o razas que en esa \u00e9poca se conoc\u00edan: cauc\u00e1sica, asi\u00e1tica (Oriente Pr\u00f3ximo), moro-africana y afroamericana (Europa, Asia, \u00c1frica y Am\u00e9rica). Esta corte de reyes, precedida por su escolta de 5 cabezudos, 6 kilikis y 6 zaldikos, en total 25 figuras, forman en la actualidad la Comparsa del Ayuntamiento de Pamplona.<\/p>\n","protected":false},"excerpt":{"rendered":"<p>En las exposiciones, que estar\u00e1n todo el verano, se presentan obras de 57 artistas locales, 44 dise\u00f1adores y 27 autores de la colecci\u00f3n municipal<\/p>\n","protected":false},"author":1,"featured_media":35801,"comment_status":"open","ping_status":"closed","sticky":false,"template":"","format":"standard","meta":{"footnotes":""},"categories":[2],"tags":[],"class_list":["post-35800","post","type-post","status-publish","format-standard","has-post-thumbnail","hentry","category-ayuntamiento-pamplona"],"yoast_head":"<!-- This site is optimized with the Yoast SEO plugin v27.5 - https:\/\/yoast.com\/product\/yoast-seo-wordpress\/ -->\n<title>La Ciudadela se convierte en una gran sala expositiva sobre Sanfermines con piezas de la colecci\u00f3n municipal, obras y carteles creados exprofeso y proyecciones<\/title>\n<meta name=\"robots\" content=\"index, follow, max-snippet:-1, max-image-preview:large, max-video-preview:-1\" \/>\n<link rel=\"canonical\" href=\"https:\/\/www.laguiadepamplona.com\/actualidad\/la-ciudadela-se-convierte-en-una-gran-sala-expositiva-sobre-sanfermines-con-piezas-de-la-coleccion-municipal-obras-y-carteles-creados-exprofeso-y-proyecciones\/\" \/>\n<meta property=\"og:locale\" content=\"es_ES\" \/>\n<meta property=\"og:type\" content=\"article\" \/>\n<meta property=\"og:title\" content=\"La Ciudadela se convierte en una gran sala expositiva sobre Sanfermines con piezas de la colecci\u00f3n municipal, obras y carteles creados exprofeso y proyecciones\" \/>\n<meta property=\"og:description\" content=\"En las exposiciones, que estar\u00e1n todo el verano, se presentan obras de 57 artistas locales, 44 dise\u00f1adores y 27 autores de la colecci\u00f3n municipal\" \/>\n<meta property=\"og:url\" content=\"https:\/\/www.laguiadepamplona.com\/actualidad\/la-ciudadela-se-convierte-en-una-gran-sala-expositiva-sobre-sanfermines-con-piezas-de-la-coleccion-municipal-obras-y-carteles-creados-exprofeso-y-proyecciones\/\" \/>\n<meta property=\"og:site_name\" content=\"La Gu\u00eda de Pamplona\" \/>\n<meta property=\"article:publisher\" content=\"https:\/\/www.facebook.com\/laguiadepamplonacom-133175176762273\/?ref=hl\" \/>\n<meta property=\"article:published_time\" content=\"2021-07-02T11:10:04+00:00\" \/>\n<meta property=\"article:modified_time\" content=\"2023-04-11T09:49:17+00:00\" \/>\n<meta property=\"og:image\" content=\"https:\/\/www.laguiadepamplona.com\/actualidad\/wp-content\/uploads\/2021\/07\/exposf_JGV5051.jpg\" \/>\n\t<meta property=\"og:image:width\" content=\"1920\" \/>\n\t<meta property=\"og:image:height\" content=\"1280\" \/>\n\t<meta property=\"og:image:type\" content=\"image\/jpeg\" \/>\n<meta name=\"author\" content=\"La Gu\u00eda de Pamplona\" \/>\n<meta name=\"twitter:card\" content=\"summary_large_image\" \/>\n<meta name=\"twitter:creator\" content=\"@LaGuiadPamplona\" \/>\n<meta name=\"twitter:site\" content=\"@LaGuiadPamplona\" \/>\n<meta name=\"twitter:label1\" content=\"Escrito por\" \/>\n\t<meta name=\"twitter:data1\" content=\"La Gu\u00eda de Pamplona\" \/>\n\t<meta name=\"twitter:label2\" content=\"Tiempo de lectura\" \/>\n\t<meta name=\"twitter:data2\" content=\"8 minutos\" \/>\n<script type=\"application\/ld+json\" class=\"yoast-schema-graph\">{\"@context\":\"https:\\\/\\\/schema.org\",\"@graph\":[{\"@type\":\"Article\",\"@id\":\"https:\\\/\\\/www.laguiadepamplona.com\\\/actualidad\\\/la-ciudadela-se-convierte-en-una-gran-sala-expositiva-sobre-sanfermines-con-piezas-de-la-coleccion-municipal-obras-y-carteles-creados-exprofeso-y-proyecciones\\\/#article\",\"isPartOf\":{\"@id\":\"https:\\\/\\\/www.laguiadepamplona.com\\\/actualidad\\\/la-ciudadela-se-convierte-en-una-gran-sala-expositiva-sobre-sanfermines-con-piezas-de-la-coleccion-municipal-obras-y-carteles-creados-exprofeso-y-proyecciones\\\/\"},\"author\":{\"name\":\"La Gu\u00eda de Pamplona\",\"@id\":\"https:\\\/\\\/www.laguiadepamplona.com\\\/actualidad\\\/#\\\/schema\\\/person\\\/efe887376f0213d4657c93adc50b1fdb\"},\"headline\":\"La Ciudadela se convierte en una gran sala expositiva sobre Sanfermines con piezas de la colecci\u00f3n municipal, obras y carteles creados exprofeso y proyecciones\",\"datePublished\":\"2021-07-02T11:10:04+00:00\",\"dateModified\":\"2023-04-11T09:49:17+00:00\",\"mainEntityOfPage\":{\"@id\":\"https:\\\/\\\/www.laguiadepamplona.com\\\/actualidad\\\/la-ciudadela-se-convierte-en-una-gran-sala-expositiva-sobre-sanfermines-con-piezas-de-la-coleccion-municipal-obras-y-carteles-creados-exprofeso-y-proyecciones\\\/\"},\"wordCount\":1726,\"commentCount\":0,\"publisher\":{\"@id\":\"https:\\\/\\\/www.laguiadepamplona.com\\\/actualidad\\\/#organization\"},\"image\":{\"@id\":\"https:\\\/\\\/www.laguiadepamplona.com\\\/actualidad\\\/la-ciudadela-se-convierte-en-una-gran-sala-expositiva-sobre-sanfermines-con-piezas-de-la-coleccion-municipal-obras-y-carteles-creados-exprofeso-y-proyecciones\\\/#primaryimage\"},\"thumbnailUrl\":\"https:\\\/\\\/www.laguiadepamplona.com\\\/actualidad\\\/wp-content\\\/uploads\\\/2021\\\/07\\\/exposf_JGV5051.jpg\",\"articleSection\":[\"Ayto Pamplona\"],\"inLanguage\":\"es\",\"potentialAction\":[{\"@type\":\"CommentAction\",\"name\":\"Comment\",\"target\":[\"https:\\\/\\\/www.laguiadepamplona.com\\\/actualidad\\\/la-ciudadela-se-convierte-en-una-gran-sala-expositiva-sobre-sanfermines-con-piezas-de-la-coleccion-municipal-obras-y-carteles-creados-exprofeso-y-proyecciones\\\/#respond\"]}]},{\"@type\":\"WebPage\",\"@id\":\"https:\\\/\\\/www.laguiadepamplona.com\\\/actualidad\\\/la-ciudadela-se-convierte-en-una-gran-sala-expositiva-sobre-sanfermines-con-piezas-de-la-coleccion-municipal-obras-y-carteles-creados-exprofeso-y-proyecciones\\\/\",\"url\":\"https:\\\/\\\/www.laguiadepamplona.com\\\/actualidad\\\/la-ciudadela-se-convierte-en-una-gran-sala-expositiva-sobre-sanfermines-con-piezas-de-la-coleccion-municipal-obras-y-carteles-creados-exprofeso-y-proyecciones\\\/\",\"name\":\"La Ciudadela se convierte en una gran sala expositiva sobre Sanfermines con piezas de la colecci\u00f3n municipal, obras y carteles creados exprofeso y proyecciones\",\"isPartOf\":{\"@id\":\"https:\\\/\\\/www.laguiadepamplona.com\\\/actualidad\\\/#website\"},\"primaryImageOfPage\":{\"@id\":\"https:\\\/\\\/www.laguiadepamplona.com\\\/actualidad\\\/la-ciudadela-se-convierte-en-una-gran-sala-expositiva-sobre-sanfermines-con-piezas-de-la-coleccion-municipal-obras-y-carteles-creados-exprofeso-y-proyecciones\\\/#primaryimage\"},\"image\":{\"@id\":\"https:\\\/\\\/www.laguiadepamplona.com\\\/actualidad\\\/la-ciudadela-se-convierte-en-una-gran-sala-expositiva-sobre-sanfermines-con-piezas-de-la-coleccion-municipal-obras-y-carteles-creados-exprofeso-y-proyecciones\\\/#primaryimage\"},\"thumbnailUrl\":\"https:\\\/\\\/www.laguiadepamplona.com\\\/actualidad\\\/wp-content\\\/uploads\\\/2021\\\/07\\\/exposf_JGV5051.jpg\",\"datePublished\":\"2021-07-02T11:10:04+00:00\",\"dateModified\":\"2023-04-11T09:49:17+00:00\",\"breadcrumb\":{\"@id\":\"https:\\\/\\\/www.laguiadepamplona.com\\\/actualidad\\\/la-ciudadela-se-convierte-en-una-gran-sala-expositiva-sobre-sanfermines-con-piezas-de-la-coleccion-municipal-obras-y-carteles-creados-exprofeso-y-proyecciones\\\/#breadcrumb\"},\"inLanguage\":\"es\",\"potentialAction\":[{\"@type\":\"ReadAction\",\"target\":[\"https:\\\/\\\/www.laguiadepamplona.com\\\/actualidad\\\/la-ciudadela-se-convierte-en-una-gran-sala-expositiva-sobre-sanfermines-con-piezas-de-la-coleccion-municipal-obras-y-carteles-creados-exprofeso-y-proyecciones\\\/\"]}]},{\"@type\":\"ImageObject\",\"inLanguage\":\"es\",\"@id\":\"https:\\\/\\\/www.laguiadepamplona.com\\\/actualidad\\\/la-ciudadela-se-convierte-en-una-gran-sala-expositiva-sobre-sanfermines-con-piezas-de-la-coleccion-municipal-obras-y-carteles-creados-exprofeso-y-proyecciones\\\/#primaryimage\",\"url\":\"https:\\\/\\\/www.laguiadepamplona.com\\\/actualidad\\\/wp-content\\\/uploads\\\/2021\\\/07\\\/exposf_JGV5051.jpg\",\"contentUrl\":\"https:\\\/\\\/www.laguiadepamplona.com\\\/actualidad\\\/wp-content\\\/uploads\\\/2021\\\/07\\\/exposf_JGV5051.jpg\",\"width\":1920,\"height\":1280,\"caption\":\"A* Jes\u00fas Garzaron F* 2021_07_02 T* Presentaci\u00f3n exposiciones sanfermines L* Ciudadela, Pamplona\"},{\"@type\":\"BreadcrumbList\",\"@id\":\"https:\\\/\\\/www.laguiadepamplona.com\\\/actualidad\\\/la-ciudadela-se-convierte-en-una-gran-sala-expositiva-sobre-sanfermines-con-piezas-de-la-coleccion-municipal-obras-y-carteles-creados-exprofeso-y-proyecciones\\\/#breadcrumb\",\"itemListElement\":[{\"@type\":\"ListItem\",\"position\":1,\"name\":\"Portada\",\"item\":\"https:\\\/\\\/www.laguiadepamplona.com\\\/actualidad\\\/\"},{\"@type\":\"ListItem\",\"position\":2,\"name\":\"La Ciudadela se convierte en una gran sala expositiva sobre Sanfermines con piezas de la colecci\u00f3n municipal, obras y carteles creados exprofeso y proyecciones\"}]},{\"@type\":\"WebSite\",\"@id\":\"https:\\\/\\\/www.laguiadepamplona.com\\\/actualidad\\\/#website\",\"url\":\"https:\\\/\\\/www.laguiadepamplona.com\\\/actualidad\\\/\",\"name\":\"La gu\u00eda de Pamplona\",\"description\":\"Noticias de Pamplona\",\"publisher\":{\"@id\":\"https:\\\/\\\/www.laguiadepamplona.com\\\/actualidad\\\/#organization\"},\"potentialAction\":[{\"@type\":\"SearchAction\",\"target\":{\"@type\":\"EntryPoint\",\"urlTemplate\":\"https:\\\/\\\/www.laguiadepamplona.com\\\/actualidad\\\/?s={search_term_string}\"},\"query-input\":{\"@type\":\"PropertyValueSpecification\",\"valueRequired\":true,\"valueName\":\"search_term_string\"}}],\"inLanguage\":\"es\"},{\"@type\":\"Organization\",\"@id\":\"https:\\\/\\\/www.laguiadepamplona.com\\\/actualidad\\\/#organization\",\"name\":\"La Gu\u00eda de Pamplona \\\/ Noticias\",\"url\":\"https:\\\/\\\/www.laguiadepamplona.com\\\/actualidad\\\/\",\"logo\":{\"@type\":\"ImageObject\",\"inLanguage\":\"es\",\"@id\":\"https:\\\/\\\/www.laguiadepamplona.com\\\/actualidad\\\/#\\\/schema\\\/logo\\\/image\\\/\",\"url\":\"https:\\\/\\\/www.laguiadepamplona.com\\\/actualidad\\\/wp-content\\\/uploads\\\/2018\\\/11\\\/logo-laguiadepamplona18-web1.png\",\"contentUrl\":\"https:\\\/\\\/www.laguiadepamplona.com\\\/actualidad\\\/wp-content\\\/uploads\\\/2018\\\/11\\\/logo-laguiadepamplona18-web1.png\",\"width\":600,\"height\":196,\"caption\":\"La Gu\u00eda de Pamplona \\\/ Noticias\"},\"image\":{\"@id\":\"https:\\\/\\\/www.laguiadepamplona.com\\\/actualidad\\\/#\\\/schema\\\/logo\\\/image\\\/\"},\"sameAs\":[\"https:\\\/\\\/www.facebook.com\\\/laguiadepamplonacom-133175176762273\\\/?ref=hl\",\"https:\\\/\\\/x.com\\\/LaGuiadPamplona\",\"https:\\\/\\\/www.instagram.com\\\/la_guia_de_pamplona\\\/\",\"https:\\\/\\\/www.youtube.com\\\/user\\\/laguiadepamplona\"]},{\"@type\":\"Person\",\"@id\":\"https:\\\/\\\/www.laguiadepamplona.com\\\/actualidad\\\/#\\\/schema\\\/person\\\/efe887376f0213d4657c93adc50b1fdb\",\"name\":\"La Gu\u00eda de Pamplona\",\"image\":{\"@type\":\"ImageObject\",\"inLanguage\":\"es\",\"@id\":\"https:\\\/\\\/secure.gravatar.com\\\/avatar\\\/b6992f131dc8d30ab0dff15446e9d346d9dbd95992de0fef795073f5ea83a81c?s=96&d=mm&r=g\",\"url\":\"https:\\\/\\\/secure.gravatar.com\\\/avatar\\\/b6992f131dc8d30ab0dff15446e9d346d9dbd95992de0fef795073f5ea83a81c?s=96&d=mm&r=g\",\"contentUrl\":\"https:\\\/\\\/secure.gravatar.com\\\/avatar\\\/b6992f131dc8d30ab0dff15446e9d346d9dbd95992de0fef795073f5ea83a81c?s=96&d=mm&r=g\",\"caption\":\"La Gu\u00eda de Pamplona\"}}]}<\/script>\n<!-- \/ Yoast SEO plugin. -->","yoast_head_json":{"title":"La Ciudadela se convierte en una gran sala expositiva sobre Sanfermines con piezas de la colecci\u00f3n municipal, obras y carteles creados exprofeso y proyecciones","robots":{"index":"index","follow":"follow","max-snippet":"max-snippet:-1","max-image-preview":"max-image-preview:large","max-video-preview":"max-video-preview:-1"},"canonical":"https:\/\/www.laguiadepamplona.com\/actualidad\/la-ciudadela-se-convierte-en-una-gran-sala-expositiva-sobre-sanfermines-con-piezas-de-la-coleccion-municipal-obras-y-carteles-creados-exprofeso-y-proyecciones\/","og_locale":"es_ES","og_type":"article","og_title":"La Ciudadela se convierte en una gran sala expositiva sobre Sanfermines con piezas de la colecci\u00f3n municipal, obras y carteles creados exprofeso y proyecciones","og_description":"En las exposiciones, que estar\u00e1n todo el verano, se presentan obras de 57 artistas locales, 44 dise\u00f1adores y 27 autores de la colecci\u00f3n municipal","og_url":"https:\/\/www.laguiadepamplona.com\/actualidad\/la-ciudadela-se-convierte-en-una-gran-sala-expositiva-sobre-sanfermines-con-piezas-de-la-coleccion-municipal-obras-y-carteles-creados-exprofeso-y-proyecciones\/","og_site_name":"La Gu\u00eda de Pamplona","article_publisher":"https:\/\/www.facebook.com\/laguiadepamplonacom-133175176762273\/?ref=hl","article_published_time":"2021-07-02T11:10:04+00:00","article_modified_time":"2023-04-11T09:49:17+00:00","og_image":[{"width":1920,"height":1280,"url":"https:\/\/www.laguiadepamplona.com\/actualidad\/wp-content\/uploads\/2021\/07\/exposf_JGV5051.jpg","type":"image\/jpeg"}],"author":"La Gu\u00eda de Pamplona","twitter_card":"summary_large_image","twitter_creator":"@LaGuiadPamplona","twitter_site":"@LaGuiadPamplona","twitter_misc":{"Escrito por":"La Gu\u00eda de Pamplona","Tiempo de lectura":"8 minutos"},"schema":{"@context":"https:\/\/schema.org","@graph":[{"@type":"Article","@id":"https:\/\/www.laguiadepamplona.com\/actualidad\/la-ciudadela-se-convierte-en-una-gran-sala-expositiva-sobre-sanfermines-con-piezas-de-la-coleccion-municipal-obras-y-carteles-creados-exprofeso-y-proyecciones\/#article","isPartOf":{"@id":"https:\/\/www.laguiadepamplona.com\/actualidad\/la-ciudadela-se-convierte-en-una-gran-sala-expositiva-sobre-sanfermines-con-piezas-de-la-coleccion-municipal-obras-y-carteles-creados-exprofeso-y-proyecciones\/"},"author":{"name":"La Gu\u00eda de Pamplona","@id":"https:\/\/www.laguiadepamplona.com\/actualidad\/#\/schema\/person\/efe887376f0213d4657c93adc50b1fdb"},"headline":"La Ciudadela se convierte en una gran sala expositiva sobre Sanfermines con piezas de la colecci\u00f3n municipal, obras y carteles creados exprofeso y proyecciones","datePublished":"2021-07-02T11:10:04+00:00","dateModified":"2023-04-11T09:49:17+00:00","mainEntityOfPage":{"@id":"https:\/\/www.laguiadepamplona.com\/actualidad\/la-ciudadela-se-convierte-en-una-gran-sala-expositiva-sobre-sanfermines-con-piezas-de-la-coleccion-municipal-obras-y-carteles-creados-exprofeso-y-proyecciones\/"},"wordCount":1726,"commentCount":0,"publisher":{"@id":"https:\/\/www.laguiadepamplona.com\/actualidad\/#organization"},"image":{"@id":"https:\/\/www.laguiadepamplona.com\/actualidad\/la-ciudadela-se-convierte-en-una-gran-sala-expositiva-sobre-sanfermines-con-piezas-de-la-coleccion-municipal-obras-y-carteles-creados-exprofeso-y-proyecciones\/#primaryimage"},"thumbnailUrl":"https:\/\/www.laguiadepamplona.com\/actualidad\/wp-content\/uploads\/2021\/07\/exposf_JGV5051.jpg","articleSection":["Ayto Pamplona"],"inLanguage":"es","potentialAction":[{"@type":"CommentAction","name":"Comment","target":["https:\/\/www.laguiadepamplona.com\/actualidad\/la-ciudadela-se-convierte-en-una-gran-sala-expositiva-sobre-sanfermines-con-piezas-de-la-coleccion-municipal-obras-y-carteles-creados-exprofeso-y-proyecciones\/#respond"]}]},{"@type":"WebPage","@id":"https:\/\/www.laguiadepamplona.com\/actualidad\/la-ciudadela-se-convierte-en-una-gran-sala-expositiva-sobre-sanfermines-con-piezas-de-la-coleccion-municipal-obras-y-carteles-creados-exprofeso-y-proyecciones\/","url":"https:\/\/www.laguiadepamplona.com\/actualidad\/la-ciudadela-se-convierte-en-una-gran-sala-expositiva-sobre-sanfermines-con-piezas-de-la-coleccion-municipal-obras-y-carteles-creados-exprofeso-y-proyecciones\/","name":"La Ciudadela se convierte en una gran sala expositiva sobre Sanfermines con piezas de la colecci\u00f3n municipal, obras y carteles creados exprofeso y proyecciones","isPartOf":{"@id":"https:\/\/www.laguiadepamplona.com\/actualidad\/#website"},"primaryImageOfPage":{"@id":"https:\/\/www.laguiadepamplona.com\/actualidad\/la-ciudadela-se-convierte-en-una-gran-sala-expositiva-sobre-sanfermines-con-piezas-de-la-coleccion-municipal-obras-y-carteles-creados-exprofeso-y-proyecciones\/#primaryimage"},"image":{"@id":"https:\/\/www.laguiadepamplona.com\/actualidad\/la-ciudadela-se-convierte-en-una-gran-sala-expositiva-sobre-sanfermines-con-piezas-de-la-coleccion-municipal-obras-y-carteles-creados-exprofeso-y-proyecciones\/#primaryimage"},"thumbnailUrl":"https:\/\/www.laguiadepamplona.com\/actualidad\/wp-content\/uploads\/2021\/07\/exposf_JGV5051.jpg","datePublished":"2021-07-02T11:10:04+00:00","dateModified":"2023-04-11T09:49:17+00:00","breadcrumb":{"@id":"https:\/\/www.laguiadepamplona.com\/actualidad\/la-ciudadela-se-convierte-en-una-gran-sala-expositiva-sobre-sanfermines-con-piezas-de-la-coleccion-municipal-obras-y-carteles-creados-exprofeso-y-proyecciones\/#breadcrumb"},"inLanguage":"es","potentialAction":[{"@type":"ReadAction","target":["https:\/\/www.laguiadepamplona.com\/actualidad\/la-ciudadela-se-convierte-en-una-gran-sala-expositiva-sobre-sanfermines-con-piezas-de-la-coleccion-municipal-obras-y-carteles-creados-exprofeso-y-proyecciones\/"]}]},{"@type":"ImageObject","inLanguage":"es","@id":"https:\/\/www.laguiadepamplona.com\/actualidad\/la-ciudadela-se-convierte-en-una-gran-sala-expositiva-sobre-sanfermines-con-piezas-de-la-coleccion-municipal-obras-y-carteles-creados-exprofeso-y-proyecciones\/#primaryimage","url":"https:\/\/www.laguiadepamplona.com\/actualidad\/wp-content\/uploads\/2021\/07\/exposf_JGV5051.jpg","contentUrl":"https:\/\/www.laguiadepamplona.com\/actualidad\/wp-content\/uploads\/2021\/07\/exposf_JGV5051.jpg","width":1920,"height":1280,"caption":"A* Jes\u00fas Garzaron F* 2021_07_02 T* Presentaci\u00f3n exposiciones sanfermines L* Ciudadela, Pamplona"},{"@type":"BreadcrumbList","@id":"https:\/\/www.laguiadepamplona.com\/actualidad\/la-ciudadela-se-convierte-en-una-gran-sala-expositiva-sobre-sanfermines-con-piezas-de-la-coleccion-municipal-obras-y-carteles-creados-exprofeso-y-proyecciones\/#breadcrumb","itemListElement":[{"@type":"ListItem","position":1,"name":"Portada","item":"https:\/\/www.laguiadepamplona.com\/actualidad\/"},{"@type":"ListItem","position":2,"name":"La Ciudadela se convierte en una gran sala expositiva sobre Sanfermines con piezas de la colecci\u00f3n municipal, obras y carteles creados exprofeso y proyecciones"}]},{"@type":"WebSite","@id":"https:\/\/www.laguiadepamplona.com\/actualidad\/#website","url":"https:\/\/www.laguiadepamplona.com\/actualidad\/","name":"La gu\u00eda de Pamplona","description":"Noticias de Pamplona","publisher":{"@id":"https:\/\/www.laguiadepamplona.com\/actualidad\/#organization"},"potentialAction":[{"@type":"SearchAction","target":{"@type":"EntryPoint","urlTemplate":"https:\/\/www.laguiadepamplona.com\/actualidad\/?s={search_term_string}"},"query-input":{"@type":"PropertyValueSpecification","valueRequired":true,"valueName":"search_term_string"}}],"inLanguage":"es"},{"@type":"Organization","@id":"https:\/\/www.laguiadepamplona.com\/actualidad\/#organization","name":"La Gu\u00eda de Pamplona \/ Noticias","url":"https:\/\/www.laguiadepamplona.com\/actualidad\/","logo":{"@type":"ImageObject","inLanguage":"es","@id":"https:\/\/www.laguiadepamplona.com\/actualidad\/#\/schema\/logo\/image\/","url":"https:\/\/www.laguiadepamplona.com\/actualidad\/wp-content\/uploads\/2018\/11\/logo-laguiadepamplona18-web1.png","contentUrl":"https:\/\/www.laguiadepamplona.com\/actualidad\/wp-content\/uploads\/2018\/11\/logo-laguiadepamplona18-web1.png","width":600,"height":196,"caption":"La Gu\u00eda de Pamplona \/ Noticias"},"image":{"@id":"https:\/\/www.laguiadepamplona.com\/actualidad\/#\/schema\/logo\/image\/"},"sameAs":["https:\/\/www.facebook.com\/laguiadepamplonacom-133175176762273\/?ref=hl","https:\/\/x.com\/LaGuiadPamplona","https:\/\/www.instagram.com\/la_guia_de_pamplona\/","https:\/\/www.youtube.com\/user\/laguiadepamplona"]},{"@type":"Person","@id":"https:\/\/www.laguiadepamplona.com\/actualidad\/#\/schema\/person\/efe887376f0213d4657c93adc50b1fdb","name":"La Gu\u00eda de Pamplona","image":{"@type":"ImageObject","inLanguage":"es","@id":"https:\/\/secure.gravatar.com\/avatar\/b6992f131dc8d30ab0dff15446e9d346d9dbd95992de0fef795073f5ea83a81c?s=96&d=mm&r=g","url":"https:\/\/secure.gravatar.com\/avatar\/b6992f131dc8d30ab0dff15446e9d346d9dbd95992de0fef795073f5ea83a81c?s=96&d=mm&r=g","contentUrl":"https:\/\/secure.gravatar.com\/avatar\/b6992f131dc8d30ab0dff15446e9d346d9dbd95992de0fef795073f5ea83a81c?s=96&d=mm&r=g","caption":"La Gu\u00eda de Pamplona"}}]}},"post_mailing_queue_ids":[],"_links":{"self":[{"href":"https:\/\/www.laguiadepamplona.com\/actualidad\/wp-json\/wp\/v2\/posts\/35800","targetHints":{"allow":["GET"]}}],"collection":[{"href":"https:\/\/www.laguiadepamplona.com\/actualidad\/wp-json\/wp\/v2\/posts"}],"about":[{"href":"https:\/\/www.laguiadepamplona.com\/actualidad\/wp-json\/wp\/v2\/types\/post"}],"author":[{"embeddable":true,"href":"https:\/\/www.laguiadepamplona.com\/actualidad\/wp-json\/wp\/v2\/users\/1"}],"replies":[{"embeddable":true,"href":"https:\/\/www.laguiadepamplona.com\/actualidad\/wp-json\/wp\/v2\/comments?post=35800"}],"version-history":[{"count":0,"href":"https:\/\/www.laguiadepamplona.com\/actualidad\/wp-json\/wp\/v2\/posts\/35800\/revisions"}],"wp:featuredmedia":[{"embeddable":true,"href":"https:\/\/www.laguiadepamplona.com\/actualidad\/wp-json\/wp\/v2\/media\/35801"}],"wp:attachment":[{"href":"https:\/\/www.laguiadepamplona.com\/actualidad\/wp-json\/wp\/v2\/media?parent=35800"}],"wp:term":[{"taxonomy":"category","embeddable":true,"href":"https:\/\/www.laguiadepamplona.com\/actualidad\/wp-json\/wp\/v2\/categories?post=35800"},{"taxonomy":"post_tag","embeddable":true,"href":"https:\/\/www.laguiadepamplona.com\/actualidad\/wp-json\/wp\/v2\/tags?post=35800"}],"curies":[{"name":"wp","href":"https:\/\/api.w.org\/{rel}","templated":true}]}}