{"id":35792,"date":"2021-07-02T13:04:32","date_gmt":"2021-07-02T11:04:32","guid":{"rendered":"https:\/\/www.laguiadepamplona.com\/actualidad\/?p=35792"},"modified":"2023-04-11T11:49:17","modified_gmt":"2023-04-11T09:49:17","slug":"se-completan-las-plazas-ofertadas-por-la-red-de-escuelas-infantiles-del-ayuntamiento-de-pamplona-para-un-curso-en-el-que-536-menores-se-matriculan-por-primera-vez","status":"publish","type":"post","link":"https:\/\/www.laguiadepamplona.com\/actualidad\/se-completan-las-plazas-ofertadas-por-la-red-de-escuelas-infantiles-del-ayuntamiento-de-pamplona-para-un-curso-en-el-que-536-menores-se-matriculan-por-primera-vez\/","title":{"rendered":"Se completan las plazas ofertadas por la red de escuelas infantiles del Ayuntamiento de Pamplona para un curso en el que 536 menores se matriculan por primera vez"},"content":{"rendered":"<h5>El incremento de solicitudes de plaza se aprecia en todos los centros y para todas las modalidades ling\u00fc\u00edsticas<\/h5>\n<p><!--more--><\/p>\n<p>El curso en las Escuelas Infantiles municipales comenzar\u00e1 el 16 de agosto. Seg\u00fan los datos provisionales de matriculaci\u00f3n, las 756 plazas en jornada completa y 117 en media jornada se han cubierto en su pr\u00e1ctica totalidad, ya que la demanda de las familias ha sido importante (1.197 solicitudes en 2021\/2021, respecto a 605 peticiones en el curso anterior). Este curso 536 menores han entrado como nuevo alumnado en la red y otros 569 se han quedo en lista de espera.<\/p>\n<p>Son datos provisionales que esta ma\u00f1ana ha presentado p\u00fablicamente el concejal delegado de Educaci\u00f3n, Participaci\u00f3n Ciudadana y Juventud del Ayuntamiento de Pamplona, Fernando Sesma, que ha explicado que este incremento de la demanda se aprecia en todos y cada uno de los centros de la red y para todas las modalidades ling\u00fc\u00edsticas ofertadas por el Consistorio.<\/p>\n<p><script async src=\"\/\/pagead2.googlesyndication.com\/pagead\/js\/adsbygoogle.js\"><\/script><br \/>\n<!-- Noticias La Guia de Pamplona --><br \/>\n<ins class=\"adsbygoogle\"\nstyle=\"display:block\"\ndata-ad-client=\"ca-pub-6943679897239327\"\ndata-ad-slot=\"7048180777\"\ndata-ad-format=\"auto\"><\/ins><br \/>\n<script>\n(adsbygoogle = window.adsbygoogle || []).push({});\n<\/script><\/p>\n<p>Dos factores han cambiado sustancialmente en este curso. Por un lado, la gratuidad para las familias de la escolarizaci\u00f3n en todo el ciclo 0-3 a\u00f1os, una novedad que ha sido posible gracias al acuerdo presupuestario alcanzado por los grupos municipales de Navarra Suma y Socialistas del Ayuntamiento de Pamplona. Por otro, la apuesta por la reestructuraci\u00f3n de la oferta ling\u00fc\u00edstica en evoluci\u00f3n hacia un modelo mixto de idiomas, incrementando las actividades en ingl\u00e9s, tanto castellano con actividades en ingl\u00e9s, como \u2013por primera vez este curso- euskera con actividades en ingl\u00e9s en Hello Buztintxuri (Buztintxuri) y Printzearen Harresi\/Fuerte del Pr\u00edncipe (Milagrosa). En ambas escuelas, en este modelo ling\u00fc\u00edstico, hay lista de espera.<\/p>\n<p>Por modelos ling\u00fc\u00edsticos, las mayores listas de espera se concentran en las solicitudes de castellano y de castellano con ingl\u00e9s, que acumulan 513 de los 569 ni\u00f1os y ni\u00f1as que se han quedado sin poder acceder a las escuelas, lo que supone el 90% de la lista de espera. Por su parte, la lista de espera para escuelas con modelo ling\u00fc\u00edstico en euskera o euskera con ingl\u00e9s suma un total de 56 solicitudes.<\/p>\n<p>La red de Escuelas Infantiles Municipales que gestiona el Organismo Aut\u00f3nomo de Escuelas Infantiles del Ayuntamiento de Pamplona consta de 11 centros, aunque, el pr\u00f3ximo curso uno de ellos no estar\u00e1 en funcionamiento ya que en Mendebaldea se van a realizar obras de remodelaci\u00f3n integral del centro, por lo que su alumnado se ha reubicado provisionalmente en otras escuelas infantiles municipales.<\/p>\n<p><script async src=\"\/\/pagead2.googlesyndication.com\/pagead\/js\/adsbygoogle.js\"><\/script><br \/>\n<!-- Noticias La Guia de Pamplona --><br \/>\n<ins class=\"adsbygoogle\"\nstyle=\"display:block\"\ndata-ad-client=\"ca-pub-6943679897239327\"\ndata-ad-slot=\"7048180777\"\ndata-ad-format=\"auto\"><\/ins><br \/>\n<script>\n(adsbygoogle = window.adsbygoogle || []).push({});\n<\/script><\/p>\n<p><strong>Escolarizaci\u00f3n gratuita<\/strong><\/p>\n<p>La gratuidad en la escolarizaci\u00f3n en las Escuelas Infantiles de Pamplona cubre el 100% del coste de la plaza y afecta las 873 plazas de las que dispone la red para el curso 2021-22. La ense\u00f1anza es gratuita, no as\u00ed la alimentaci\u00f3n. Las familias que hayan matriculado a sus menores en alguna de las 756 plazas de jornada completa s\u00ed deber\u00e1n abonar el gasto por el servicio de comedor. Lo har\u00e1n en un precio que est\u00e1 en funci\u00f3n del nivel renta y tipo de familia, de forma que puede oscilar entre 52 y 95 euros al mes en familias ordinarias y los 25 y 84 euros al mes en familias monoparentales. Como el \u00fanico coste para las familias en la red municipal p\u00fablica es el comedor, las 117 plazas de media jornada ofertadas en Goiz Eder, Hello Azpilaga\u00f1a y Jos\u00e9 Mar\u00eda Huarte, no llevan aparejado ning\u00fan tipo de desembolso econ\u00f3mico.<\/p>\n<p>Por otra parte, de las familias demandantes que no est\u00e1n empadronadas en Pamplona el 56,4% trabajan en Pamplona, aunque no vivan en la ciudad; ese porcentaje es dos puntos inferior al del curso pasado, que a su vez era 8 puntos menor que el del curso 2019\/2020.<\/p>\n<p>Los horarios de los menores durante el curso 2021\/2022, seg\u00fan el tipo de r\u00e9gimen, ser\u00e1n de 7.30 a 16.30 en jornada completa, de las que el ni\u00f1o o la ni\u00f1a solo podr\u00e1 estar efectivamente en el centro un m\u00e1ximo de 7 horas, y de 8 a 13 horas en media jornada con una estancia efectiva 4 horas.<\/p>\n<p><script async src=\"\/\/pagead2.googlesyndication.com\/pagead\/js\/adsbygoogle.js\"><\/script><br \/>\n<!-- Noticias La Guia de Pamplona --><br \/>\n<ins class=\"adsbygoogle\"\nstyle=\"display:block\"\ndata-ad-client=\"ca-pub-6943679897239327\"\ndata-ad-slot=\"7048180777\"\ndata-ad-format=\"auto\"><\/ins><br \/>\n<script>\n(adsbygoogle = window.adsbygoogle || []).push({});\n<\/script><\/p>\n<p><strong>M\u00e1s plazas con actividades en ingl\u00e9s<\/strong><\/p>\n<p>Este curso en la red habr\u00e1 88 unidades educativas. De ellas, 66 ser\u00e1n en castellano o en castellano con actividades en ingl\u00e9s y ambas conjuntamente suponen el 75% del total. 22 unidades se impartir\u00e1n en euskera o en euskera con actividades de ingl\u00e9s (25% del total). Estos datos suponen el incremento, por un lado, de la oferta de plazas en euskera y, por otro, de plazas que tienen actividades en ingl\u00e9s.<\/p>\n<p>El euskera se ofertaba este curso por primera vez en dos barrios de la ciudad Buztitxuri y Milagrosa y la demanda ha cubierto la propuesta municipal. El euskera se extiende, de esta forma, de 2 a 4 de las escuelas de la red.\u00a0 El total de plazas con oferta en euskera para este curso es de 224.<\/p>\n<p>El ingl\u00e9s, por otra parte, se impartir\u00e1 como complemento en la l\u00ednea de aprendizaje de ciclo 0-3 en seis escuelas de la red, con un total de 385 plazas (101 de ellas en media jornada), que se reparten entre l\u00edneas de castellano y de euskera.. As\u00ed, este curso tendr\u00e1n actividades en ingl\u00e9s en sus l\u00edneas, tanto de castellano, como de euskera Printzearen Harresi (30 plazas) y Hello Buztintxuri (82 plazas). Mantendr\u00e1n actividades en ingl\u00e9s en la l\u00ednea de castellano Hello Egunsenti (58 plazas), Goiz Eder (48 plazas), Hello Azpilaga\u00f1a (123 plazas), y Jose Mar\u00eda Huarte (44 plazas en media jornada).<\/p>\n<p><script async src=\"\/\/pagead2.googlesyndication.com\/pagead\/js\/adsbygoogle.js\"><\/script><br \/>\n<!-- Noticias La Guia de Pamplona --><br \/>\n<ins class=\"adsbygoogle\"\nstyle=\"display:block\"\ndata-ad-client=\"ca-pub-6943679897239327\"\ndata-ad-slot=\"7048180777\"\ndata-ad-format=\"auto\"><\/ins><br \/>\n<script>\n(adsbygoogle = window.adsbygoogle || []).push({});\n<\/script><\/p>\n<p><strong>Listas de espera<\/strong><\/p>\n<p>Seg\u00fan los datos provisionales de matriculaci\u00f3n, en todas las Escuelas Infantiles del Ayuntamiento de Pamplona hay lista de espera, salvo en Jos\u00e9 Mar\u00eda Huarte, hasta completar las 569 solicitudes que no han podido realizar matr\u00edcula. Las dos escuelas con mayor n\u00famero de familias en espera son, por este orden, Mendillorri y Donibane. Ambas ofrec\u00edan 120 plazas y tienen en espera a 148 y 120 menores, respectivamente. La menor lista de espera la presenta en estos momentos Haurtzaro, en la que s\u00f3lo ha quedado una familia, seguida por Hello Egunsenti, con 5 solicitudes no atendidas.<\/p>\n<p><script async src=\"\/\/pagead2.googlesyndication.com\/pagead\/js\/adsbygoogle.js\"><\/script><br \/>\n<!-- Noticias La Guia de Pamplona --><br \/>\n<ins class=\"adsbygoogle\"\nstyle=\"display:block\"\ndata-ad-client=\"ca-pub-6943679897239327\"\ndata-ad-slot=\"7048180777\"\ndata-ad-format=\"auto\"><\/ins><br \/>\n<script>\n(adsbygoogle = window.adsbygoogle || []).push({});\n<\/script><\/p>\n<p>&nbsp;<\/p>\n<h3>Datos totales de matriculaci\u00f3n provisional 2021\/2022<\/h3>\n<p>&nbsp;<\/p>\n<table>\n<tbody>\n<tr>\n<td><strong>ESCUELA<\/strong><\/td>\n<td rowspan=\"2\">Oferta de plazas<\/td>\n<td rowspan=\"2\">Vacantes ofertadas<\/td>\n<td rowspan=\"2\">Solicitudes recibidas 1\u00aa opci\u00f3n<\/td>\n<td rowspan=\"2\">Nuevos matriculados<\/td>\n<td rowspan=\"2\">Lista espera<\/td>\n<\/tr>\n<tr>\n<td><\/td>\n<\/tr>\n<tr>\n<td>EI DONIBANE<\/td>\n<td>102<\/td>\n<td>40<\/td>\n<td>193<\/td>\n<td>40<\/td>\n<td>136<\/td>\n<\/tr>\n<tr>\n<td>EI PRINTZEAREN HARRESI \/ FUERTE DEL PRINCIPE<\/td>\n<td>102<\/td>\n<td>57<\/td>\n<td>145<\/td>\n<td>57<\/td>\n<td>71<\/td>\n<\/tr>\n<tr>\n<td>EI GOIZ EDER<\/td>\n<td>96<\/td>\n<td>71<\/td>\n<td>114<\/td>\n<td>71<\/td>\n<td>26<\/td>\n<\/tr>\n<tr>\n<td>EI IZARTEGI<\/td>\n<td>82<\/td>\n<td>56<\/td>\n<td>65<\/td>\n<td>56<\/td>\n<td>11<\/td>\n<\/tr>\n<tr>\n<td>EI MENDILLORRI<\/td>\n<td>102<\/td>\n<td>63<\/td>\n<td>220<\/td>\n<td>63<\/td>\n<td>148<\/td>\n<\/tr>\n<tr>\n<td>EI HAURTZARO<\/td>\n<td>82<\/td>\n<td>51<\/td>\n<td>56<\/td>\n<td>51<\/td>\n<td>1<\/td>\n<\/tr>\n<tr>\n<td>EI HELLO EGUNSENTI<\/td>\n<td>58<\/td>\n<td>48<\/td>\n<td>48<\/td>\n<td>48<\/td>\n<td>5<\/td>\n<\/tr>\n<tr>\n<td>EI HELLO-BUZTINTXURI<\/td>\n<td>82<\/td>\n<td>46<\/td>\n<td>134<\/td>\n<td>46<\/td>\n<td>64<\/td>\n<\/tr>\n<tr>\n<td>EI HELLO AZPILAGA\u00d1A<\/td>\n<td>123<\/td>\n<td>78<\/td>\n<td>202<\/td>\n<td>78<\/td>\n<td>107<\/td>\n<\/tr>\n<tr>\n<td>EI J.M.HUARTE<\/td>\n<td>44<\/td>\n<td>26<\/td>\n<td>19<\/td>\n<td>26<\/td>\n<td>&nbsp;<\/td>\n<\/tr>\n<tr>\n<td><strong>TOTAL <\/strong><\/td>\n<td><strong>873<\/strong><\/td>\n<td><strong>536<\/strong><\/td>\n<td><strong>1197<\/strong><\/td>\n<td><strong>536<\/strong><\/td>\n<td><strong>569<\/strong><\/td>\n<\/tr>\n<\/tbody>\n<\/table>\n<p>&nbsp;<\/p>\n<table width=\"511\">\n<tbody>\n<tr>\n<td width=\"115\"><\/td>\n<td rowspan=\"2\" width=\"61\">Oferta de plazas<\/td>\n<td rowspan=\"2\" width=\"67\">Vacantes ofertadas<\/td>\n<td rowspan=\"2\" width=\"75\">Solicitudes recibidas 1\u00aa opci\u00f3n<\/td>\n<td rowspan=\"2\" width=\"81\">Nuevos matriculados<\/td>\n<td rowspan=\"2\" width=\"57\">Vacantes<\/td>\n<td rowspan=\"2\" width=\"55\">Lista espera<\/td>\n<\/tr>\n<tr>\n<td width=\"115\"><\/td>\n<\/tr>\n<tr>\n<td width=\"115\">EUSKERA<\/td>\n<td width=\"61\">194<\/td>\n<td width=\"67\">104<\/td>\n<td width=\"75\">157<\/td>\n<td width=\"81\">104<\/td>\n<td width=\"57\">0<\/td>\n<td width=\"55\">31<\/td>\n<\/tr>\n<tr>\n<td width=\"115\">EUSKERA + ingl\u00e9s<\/td>\n<td width=\"61\">30<\/td>\n<td width=\"67\">25<\/td>\n<td width=\"75\">58<\/td>\n<td width=\"81\">25<\/td>\n<td width=\"57\">0<\/td>\n<td width=\"55\">25<\/td>\n<\/tr>\n<tr>\n<td width=\"115\">CASTELLANO<\/td>\n<td width=\"61\">294<\/td>\n<td width=\"67\">168<\/td>\n<td width=\"75\">498<\/td>\n<td width=\"81\">168<\/td>\n<td width=\"57\">0<\/td>\n<td width=\"55\">304<\/td>\n<\/tr>\n<tr>\n<td width=\"115\">CASTELLANO + ingl\u00e9s<\/td>\n<td width=\"61\">355<\/td>\n<td width=\"67\">239<\/td>\n<td width=\"75\">484<\/td>\n<td width=\"81\">239<\/td>\n<td width=\"57\">0<\/td>\n<td width=\"55\">209<\/td>\n<\/tr>\n<tr>\n<td width=\"115\">&nbsp;<\/td>\n<td width=\"61\"><strong>873<\/strong><\/td>\n<td width=\"67\"><strong>536<\/strong><\/td>\n<td width=\"75\"><strong>1197<\/strong><\/td>\n<td width=\"81\"><strong>536<\/strong><\/td>\n<td width=\"57\"><strong>0<\/strong><\/td>\n<td width=\"55\"><strong>569<\/strong><\/td>\n<\/tr>\n<\/tbody>\n<\/table>\n<p>&nbsp;<\/p>\n<p>&nbsp;<br \/>\n[qodef_button size=\u00bblarge\u00bb type=\u00bb\u00bb text=\u00bbmatriculaci\u00f3n escuelas infantiles.pdf\u00bb custom_class=\u00bb\u00bb icon_pack=\u00bbfont_elegant\u00bb fa_icon=\u00bbicon_download\u00bb link=\u00bbhttps:\/\/www.laguiadepamplona.com\/actualidad\/wp-content\/uploads\/2021\/07\/21.07.02_matriculacion_escuelas_infantiles.pdf\u00bb target=\u00bb_blank\u00bb color=\u00bbffffff\u00bb hover_color=\u00bb\u00bb background_color=\u00bb\u00bb hover_background_color=\u00bb\u00bb border_color=\u00bb\u00bb hover_border_color=\u00bb\u00bb font_size=\u00bb\u00bb font_weight=\u00bb\u00bb margin=\u00bb\u00bb]\n","protected":false},"excerpt":{"rendered":"<p>El incremento de solicitudes de plaza se aprecia en todos los centros y para todas las modalidades ling\u00fc\u00edsticas<\/p>\n","protected":false},"author":1,"featured_media":35793,"comment_status":"open","ping_status":"closed","sticky":false,"template":"","format":"standard","meta":{"footnotes":""},"categories":[2],"tags":[],"class_list":["post-35792","post","type-post","status-publish","format-standard","has-post-thumbnail","hentry","category-ayuntamiento-pamplona"],"yoast_head":"<!-- This site is optimized with the Yoast SEO plugin v27.5 - https:\/\/yoast.com\/product\/yoast-seo-wordpress\/ -->\n<title>Se completan las plazas ofertadas por la red de escuelas infantiles del Ayuntamiento de Pamplona para un curso en el que 536 menores se matriculan por primera vez<\/title>\n<meta name=\"description\" content=\"El incremento de solicitudes de plaza se aprecia en todos los centros y para todas las modalidades ling\u00fc\u00edsticas\" \/>\n<meta name=\"robots\" content=\"index, follow, max-snippet:-1, max-image-preview:large, max-video-preview:-1\" \/>\n<link rel=\"canonical\" href=\"https:\/\/www.laguiadepamplona.com\/actualidad\/se-completan-las-plazas-ofertadas-por-la-red-de-escuelas-infantiles-del-ayuntamiento-de-pamplona-para-un-curso-en-el-que-536-menores-se-matriculan-por-primera-vez\/\" \/>\n<meta property=\"og:locale\" content=\"es_ES\" \/>\n<meta property=\"og:type\" content=\"article\" \/>\n<meta property=\"og:title\" content=\"Se completan las plazas ofertadas por la red de escuelas infantiles del Ayuntamiento de Pamplona para un curso en el que 536 menores se matriculan por primera vez\" \/>\n<meta property=\"og:description\" content=\"El incremento de solicitudes de plaza se aprecia en todos los centros y para todas las modalidades ling\u00fc\u00edsticas\" \/>\n<meta property=\"og:url\" content=\"https:\/\/www.laguiadepamplona.com\/actualidad\/se-completan-las-plazas-ofertadas-por-la-red-de-escuelas-infantiles-del-ayuntamiento-de-pamplona-para-un-curso-en-el-que-536-menores-se-matriculan-por-primera-vez\/\" \/>\n<meta property=\"og:site_name\" content=\"La Gu\u00eda de Pamplona\" \/>\n<meta property=\"article:publisher\" content=\"https:\/\/www.facebook.com\/laguiadepamplonacom-133175176762273\/?ref=hl\" \/>\n<meta property=\"article:published_time\" content=\"2021-07-02T11:04:32+00:00\" \/>\n<meta property=\"article:modified_time\" content=\"2023-04-11T09:49:17+00:00\" \/>\n<meta property=\"og:image\" content=\"https:\/\/www.laguiadepamplona.com\/actualidad\/wp-content\/uploads\/2021\/07\/21.07.02_matriculacion_escuelas_infantiles.jpg\" \/>\n\t<meta property=\"og:image:width\" content=\"1920\" \/>\n\t<meta property=\"og:image:height\" content=\"1080\" \/>\n\t<meta property=\"og:image:type\" content=\"image\/jpeg\" \/>\n<meta name=\"author\" content=\"La Gu\u00eda de Pamplona\" \/>\n<meta name=\"twitter:card\" content=\"summary_large_image\" \/>\n<meta name=\"twitter:creator\" content=\"@LaGuiadPamplona\" \/>\n<meta name=\"twitter:site\" content=\"@LaGuiadPamplona\" \/>\n<meta name=\"twitter:label1\" content=\"Escrito por\" \/>\n\t<meta name=\"twitter:data1\" content=\"La Gu\u00eda de Pamplona\" \/>\n\t<meta name=\"twitter:label2\" content=\"Tiempo de lectura\" \/>\n\t<meta name=\"twitter:data2\" content=\"5 minutos\" \/>\n<script type=\"application\/ld+json\" class=\"yoast-schema-graph\">{\"@context\":\"https:\\\/\\\/schema.org\",\"@graph\":[{\"@type\":\"Article\",\"@id\":\"https:\\\/\\\/www.laguiadepamplona.com\\\/actualidad\\\/se-completan-las-plazas-ofertadas-por-la-red-de-escuelas-infantiles-del-ayuntamiento-de-pamplona-para-un-curso-en-el-que-536-menores-se-matriculan-por-primera-vez\\\/#article\",\"isPartOf\":{\"@id\":\"https:\\\/\\\/www.laguiadepamplona.com\\\/actualidad\\\/se-completan-las-plazas-ofertadas-por-la-red-de-escuelas-infantiles-del-ayuntamiento-de-pamplona-para-un-curso-en-el-que-536-menores-se-matriculan-por-primera-vez\\\/\"},\"author\":{\"name\":\"La Gu\u00eda de Pamplona\",\"@id\":\"https:\\\/\\\/www.laguiadepamplona.com\\\/actualidad\\\/#\\\/schema\\\/person\\\/efe887376f0213d4657c93adc50b1fdb\"},\"headline\":\"Se completan las plazas ofertadas por la red de escuelas infantiles del Ayuntamiento de Pamplona para un curso en el que 536 menores se matriculan por primera vez\",\"datePublished\":\"2021-07-02T11:04:32+00:00\",\"dateModified\":\"2023-04-11T09:49:17+00:00\",\"mainEntityOfPage\":{\"@id\":\"https:\\\/\\\/www.laguiadepamplona.com\\\/actualidad\\\/se-completan-las-plazas-ofertadas-por-la-red-de-escuelas-infantiles-del-ayuntamiento-de-pamplona-para-un-curso-en-el-que-536-menores-se-matriculan-por-primera-vez\\\/\"},\"wordCount\":1168,\"commentCount\":0,\"publisher\":{\"@id\":\"https:\\\/\\\/www.laguiadepamplona.com\\\/actualidad\\\/#organization\"},\"image\":{\"@id\":\"https:\\\/\\\/www.laguiadepamplona.com\\\/actualidad\\\/se-completan-las-plazas-ofertadas-por-la-red-de-escuelas-infantiles-del-ayuntamiento-de-pamplona-para-un-curso-en-el-que-536-menores-se-matriculan-por-primera-vez\\\/#primaryimage\"},\"thumbnailUrl\":\"https:\\\/\\\/www.laguiadepamplona.com\\\/actualidad\\\/wp-content\\\/uploads\\\/2021\\\/07\\\/21.07.02_matriculacion_escuelas_infantiles.jpg\",\"articleSection\":[\"Ayto Pamplona\"],\"inLanguage\":\"es\",\"potentialAction\":[{\"@type\":\"CommentAction\",\"name\":\"Comment\",\"target\":[\"https:\\\/\\\/www.laguiadepamplona.com\\\/actualidad\\\/se-completan-las-plazas-ofertadas-por-la-red-de-escuelas-infantiles-del-ayuntamiento-de-pamplona-para-un-curso-en-el-que-536-menores-se-matriculan-por-primera-vez\\\/#respond\"]}]},{\"@type\":\"WebPage\",\"@id\":\"https:\\\/\\\/www.laguiadepamplona.com\\\/actualidad\\\/se-completan-las-plazas-ofertadas-por-la-red-de-escuelas-infantiles-del-ayuntamiento-de-pamplona-para-un-curso-en-el-que-536-menores-se-matriculan-por-primera-vez\\\/\",\"url\":\"https:\\\/\\\/www.laguiadepamplona.com\\\/actualidad\\\/se-completan-las-plazas-ofertadas-por-la-red-de-escuelas-infantiles-del-ayuntamiento-de-pamplona-para-un-curso-en-el-que-536-menores-se-matriculan-por-primera-vez\\\/\",\"name\":\"Se completan las plazas ofertadas por la red de escuelas infantiles del Ayuntamiento de Pamplona para un curso en el que 536 menores se matriculan por primera vez\",\"isPartOf\":{\"@id\":\"https:\\\/\\\/www.laguiadepamplona.com\\\/actualidad\\\/#website\"},\"primaryImageOfPage\":{\"@id\":\"https:\\\/\\\/www.laguiadepamplona.com\\\/actualidad\\\/se-completan-las-plazas-ofertadas-por-la-red-de-escuelas-infantiles-del-ayuntamiento-de-pamplona-para-un-curso-en-el-que-536-menores-se-matriculan-por-primera-vez\\\/#primaryimage\"},\"image\":{\"@id\":\"https:\\\/\\\/www.laguiadepamplona.com\\\/actualidad\\\/se-completan-las-plazas-ofertadas-por-la-red-de-escuelas-infantiles-del-ayuntamiento-de-pamplona-para-un-curso-en-el-que-536-menores-se-matriculan-por-primera-vez\\\/#primaryimage\"},\"thumbnailUrl\":\"https:\\\/\\\/www.laguiadepamplona.com\\\/actualidad\\\/wp-content\\\/uploads\\\/2021\\\/07\\\/21.07.02_matriculacion_escuelas_infantiles.jpg\",\"datePublished\":\"2021-07-02T11:04:32+00:00\",\"dateModified\":\"2023-04-11T09:49:17+00:00\",\"description\":\"El incremento de solicitudes de plaza se aprecia en todos los centros y para todas las modalidades ling\u00fc\u00edsticas\",\"breadcrumb\":{\"@id\":\"https:\\\/\\\/www.laguiadepamplona.com\\\/actualidad\\\/se-completan-las-plazas-ofertadas-por-la-red-de-escuelas-infantiles-del-ayuntamiento-de-pamplona-para-un-curso-en-el-que-536-menores-se-matriculan-por-primera-vez\\\/#breadcrumb\"},\"inLanguage\":\"es\",\"potentialAction\":[{\"@type\":\"ReadAction\",\"target\":[\"https:\\\/\\\/www.laguiadepamplona.com\\\/actualidad\\\/se-completan-las-plazas-ofertadas-por-la-red-de-escuelas-infantiles-del-ayuntamiento-de-pamplona-para-un-curso-en-el-que-536-menores-se-matriculan-por-primera-vez\\\/\"]}]},{\"@type\":\"ImageObject\",\"inLanguage\":\"es\",\"@id\":\"https:\\\/\\\/www.laguiadepamplona.com\\\/actualidad\\\/se-completan-las-plazas-ofertadas-por-la-red-de-escuelas-infantiles-del-ayuntamiento-de-pamplona-para-un-curso-en-el-que-536-menores-se-matriculan-por-primera-vez\\\/#primaryimage\",\"url\":\"https:\\\/\\\/www.laguiadepamplona.com\\\/actualidad\\\/wp-content\\\/uploads\\\/2021\\\/07\\\/21.07.02_matriculacion_escuelas_infantiles.jpg\",\"contentUrl\":\"https:\\\/\\\/www.laguiadepamplona.com\\\/actualidad\\\/wp-content\\\/uploads\\\/2021\\\/07\\\/21.07.02_matriculacion_escuelas_infantiles.jpg\",\"width\":1920,\"height\":1080},{\"@type\":\"BreadcrumbList\",\"@id\":\"https:\\\/\\\/www.laguiadepamplona.com\\\/actualidad\\\/se-completan-las-plazas-ofertadas-por-la-red-de-escuelas-infantiles-del-ayuntamiento-de-pamplona-para-un-curso-en-el-que-536-menores-se-matriculan-por-primera-vez\\\/#breadcrumb\",\"itemListElement\":[{\"@type\":\"ListItem\",\"position\":1,\"name\":\"Portada\",\"item\":\"https:\\\/\\\/www.laguiadepamplona.com\\\/actualidad\\\/\"},{\"@type\":\"ListItem\",\"position\":2,\"name\":\"Se completan las plazas ofertadas por la red de escuelas infantiles del Ayuntamiento de Pamplona para un curso en el que 536 menores se matriculan por primera vez\"}]},{\"@type\":\"WebSite\",\"@id\":\"https:\\\/\\\/www.laguiadepamplona.com\\\/actualidad\\\/#website\",\"url\":\"https:\\\/\\\/www.laguiadepamplona.com\\\/actualidad\\\/\",\"name\":\"La gu\u00eda de Pamplona\",\"description\":\"Noticias de Pamplona\",\"publisher\":{\"@id\":\"https:\\\/\\\/www.laguiadepamplona.com\\\/actualidad\\\/#organization\"},\"potentialAction\":[{\"@type\":\"SearchAction\",\"target\":{\"@type\":\"EntryPoint\",\"urlTemplate\":\"https:\\\/\\\/www.laguiadepamplona.com\\\/actualidad\\\/?s={search_term_string}\"},\"query-input\":{\"@type\":\"PropertyValueSpecification\",\"valueRequired\":true,\"valueName\":\"search_term_string\"}}],\"inLanguage\":\"es\"},{\"@type\":\"Organization\",\"@id\":\"https:\\\/\\\/www.laguiadepamplona.com\\\/actualidad\\\/#organization\",\"name\":\"La Gu\u00eda de Pamplona \\\/ Noticias\",\"url\":\"https:\\\/\\\/www.laguiadepamplona.com\\\/actualidad\\\/\",\"logo\":{\"@type\":\"ImageObject\",\"inLanguage\":\"es\",\"@id\":\"https:\\\/\\\/www.laguiadepamplona.com\\\/actualidad\\\/#\\\/schema\\\/logo\\\/image\\\/\",\"url\":\"https:\\\/\\\/www.laguiadepamplona.com\\\/actualidad\\\/wp-content\\\/uploads\\\/2018\\\/11\\\/logo-laguiadepamplona18-web1.png\",\"contentUrl\":\"https:\\\/\\\/www.laguiadepamplona.com\\\/actualidad\\\/wp-content\\\/uploads\\\/2018\\\/11\\\/logo-laguiadepamplona18-web1.png\",\"width\":600,\"height\":196,\"caption\":\"La Gu\u00eda de Pamplona \\\/ Noticias\"},\"image\":{\"@id\":\"https:\\\/\\\/www.laguiadepamplona.com\\\/actualidad\\\/#\\\/schema\\\/logo\\\/image\\\/\"},\"sameAs\":[\"https:\\\/\\\/www.facebook.com\\\/laguiadepamplonacom-133175176762273\\\/?ref=hl\",\"https:\\\/\\\/x.com\\\/LaGuiadPamplona\",\"https:\\\/\\\/www.instagram.com\\\/la_guia_de_pamplona\\\/\",\"https:\\\/\\\/www.youtube.com\\\/user\\\/laguiadepamplona\"]},{\"@type\":\"Person\",\"@id\":\"https:\\\/\\\/www.laguiadepamplona.com\\\/actualidad\\\/#\\\/schema\\\/person\\\/efe887376f0213d4657c93adc50b1fdb\",\"name\":\"La Gu\u00eda de Pamplona\",\"image\":{\"@type\":\"ImageObject\",\"inLanguage\":\"es\",\"@id\":\"https:\\\/\\\/secure.gravatar.com\\\/avatar\\\/b6992f131dc8d30ab0dff15446e9d346d9dbd95992de0fef795073f5ea83a81c?s=96&d=mm&r=g\",\"url\":\"https:\\\/\\\/secure.gravatar.com\\\/avatar\\\/b6992f131dc8d30ab0dff15446e9d346d9dbd95992de0fef795073f5ea83a81c?s=96&d=mm&r=g\",\"contentUrl\":\"https:\\\/\\\/secure.gravatar.com\\\/avatar\\\/b6992f131dc8d30ab0dff15446e9d346d9dbd95992de0fef795073f5ea83a81c?s=96&d=mm&r=g\",\"caption\":\"La Gu\u00eda de Pamplona\"}}]}<\/script>\n<!-- \/ Yoast SEO plugin. -->","yoast_head_json":{"title":"Se completan las plazas ofertadas por la red de escuelas infantiles del Ayuntamiento de Pamplona para un curso en el que 536 menores se matriculan por primera vez","description":"El incremento de solicitudes de plaza se aprecia en todos los centros y para todas las modalidades ling\u00fc\u00edsticas","robots":{"index":"index","follow":"follow","max-snippet":"max-snippet:-1","max-image-preview":"max-image-preview:large","max-video-preview":"max-video-preview:-1"},"canonical":"https:\/\/www.laguiadepamplona.com\/actualidad\/se-completan-las-plazas-ofertadas-por-la-red-de-escuelas-infantiles-del-ayuntamiento-de-pamplona-para-un-curso-en-el-que-536-menores-se-matriculan-por-primera-vez\/","og_locale":"es_ES","og_type":"article","og_title":"Se completan las plazas ofertadas por la red de escuelas infantiles del Ayuntamiento de Pamplona para un curso en el que 536 menores se matriculan por primera vez","og_description":"El incremento de solicitudes de plaza se aprecia en todos los centros y para todas las modalidades ling\u00fc\u00edsticas","og_url":"https:\/\/www.laguiadepamplona.com\/actualidad\/se-completan-las-plazas-ofertadas-por-la-red-de-escuelas-infantiles-del-ayuntamiento-de-pamplona-para-un-curso-en-el-que-536-menores-se-matriculan-por-primera-vez\/","og_site_name":"La Gu\u00eda de Pamplona","article_publisher":"https:\/\/www.facebook.com\/laguiadepamplonacom-133175176762273\/?ref=hl","article_published_time":"2021-07-02T11:04:32+00:00","article_modified_time":"2023-04-11T09:49:17+00:00","og_image":[{"width":1920,"height":1080,"url":"https:\/\/www.laguiadepamplona.com\/actualidad\/wp-content\/uploads\/2021\/07\/21.07.02_matriculacion_escuelas_infantiles.jpg","type":"image\/jpeg"}],"author":"La Gu\u00eda de Pamplona","twitter_card":"summary_large_image","twitter_creator":"@LaGuiadPamplona","twitter_site":"@LaGuiadPamplona","twitter_misc":{"Escrito por":"La Gu\u00eda de Pamplona","Tiempo de lectura":"5 minutos"},"schema":{"@context":"https:\/\/schema.org","@graph":[{"@type":"Article","@id":"https:\/\/www.laguiadepamplona.com\/actualidad\/se-completan-las-plazas-ofertadas-por-la-red-de-escuelas-infantiles-del-ayuntamiento-de-pamplona-para-un-curso-en-el-que-536-menores-se-matriculan-por-primera-vez\/#article","isPartOf":{"@id":"https:\/\/www.laguiadepamplona.com\/actualidad\/se-completan-las-plazas-ofertadas-por-la-red-de-escuelas-infantiles-del-ayuntamiento-de-pamplona-para-un-curso-en-el-que-536-menores-se-matriculan-por-primera-vez\/"},"author":{"name":"La Gu\u00eda de Pamplona","@id":"https:\/\/www.laguiadepamplona.com\/actualidad\/#\/schema\/person\/efe887376f0213d4657c93adc50b1fdb"},"headline":"Se completan las plazas ofertadas por la red de escuelas infantiles del Ayuntamiento de Pamplona para un curso en el que 536 menores se matriculan por primera vez","datePublished":"2021-07-02T11:04:32+00:00","dateModified":"2023-04-11T09:49:17+00:00","mainEntityOfPage":{"@id":"https:\/\/www.laguiadepamplona.com\/actualidad\/se-completan-las-plazas-ofertadas-por-la-red-de-escuelas-infantiles-del-ayuntamiento-de-pamplona-para-un-curso-en-el-que-536-menores-se-matriculan-por-primera-vez\/"},"wordCount":1168,"commentCount":0,"publisher":{"@id":"https:\/\/www.laguiadepamplona.com\/actualidad\/#organization"},"image":{"@id":"https:\/\/www.laguiadepamplona.com\/actualidad\/se-completan-las-plazas-ofertadas-por-la-red-de-escuelas-infantiles-del-ayuntamiento-de-pamplona-para-un-curso-en-el-que-536-menores-se-matriculan-por-primera-vez\/#primaryimage"},"thumbnailUrl":"https:\/\/www.laguiadepamplona.com\/actualidad\/wp-content\/uploads\/2021\/07\/21.07.02_matriculacion_escuelas_infantiles.jpg","articleSection":["Ayto Pamplona"],"inLanguage":"es","potentialAction":[{"@type":"CommentAction","name":"Comment","target":["https:\/\/www.laguiadepamplona.com\/actualidad\/se-completan-las-plazas-ofertadas-por-la-red-de-escuelas-infantiles-del-ayuntamiento-de-pamplona-para-un-curso-en-el-que-536-menores-se-matriculan-por-primera-vez\/#respond"]}]},{"@type":"WebPage","@id":"https:\/\/www.laguiadepamplona.com\/actualidad\/se-completan-las-plazas-ofertadas-por-la-red-de-escuelas-infantiles-del-ayuntamiento-de-pamplona-para-un-curso-en-el-que-536-menores-se-matriculan-por-primera-vez\/","url":"https:\/\/www.laguiadepamplona.com\/actualidad\/se-completan-las-plazas-ofertadas-por-la-red-de-escuelas-infantiles-del-ayuntamiento-de-pamplona-para-un-curso-en-el-que-536-menores-se-matriculan-por-primera-vez\/","name":"Se completan las plazas ofertadas por la red de escuelas infantiles del Ayuntamiento de Pamplona para un curso en el que 536 menores se matriculan por primera vez","isPartOf":{"@id":"https:\/\/www.laguiadepamplona.com\/actualidad\/#website"},"primaryImageOfPage":{"@id":"https:\/\/www.laguiadepamplona.com\/actualidad\/se-completan-las-plazas-ofertadas-por-la-red-de-escuelas-infantiles-del-ayuntamiento-de-pamplona-para-un-curso-en-el-que-536-menores-se-matriculan-por-primera-vez\/#primaryimage"},"image":{"@id":"https:\/\/www.laguiadepamplona.com\/actualidad\/se-completan-las-plazas-ofertadas-por-la-red-de-escuelas-infantiles-del-ayuntamiento-de-pamplona-para-un-curso-en-el-que-536-menores-se-matriculan-por-primera-vez\/#primaryimage"},"thumbnailUrl":"https:\/\/www.laguiadepamplona.com\/actualidad\/wp-content\/uploads\/2021\/07\/21.07.02_matriculacion_escuelas_infantiles.jpg","datePublished":"2021-07-02T11:04:32+00:00","dateModified":"2023-04-11T09:49:17+00:00","description":"El incremento de solicitudes de plaza se aprecia en todos los centros y para todas las modalidades ling\u00fc\u00edsticas","breadcrumb":{"@id":"https:\/\/www.laguiadepamplona.com\/actualidad\/se-completan-las-plazas-ofertadas-por-la-red-de-escuelas-infantiles-del-ayuntamiento-de-pamplona-para-un-curso-en-el-que-536-menores-se-matriculan-por-primera-vez\/#breadcrumb"},"inLanguage":"es","potentialAction":[{"@type":"ReadAction","target":["https:\/\/www.laguiadepamplona.com\/actualidad\/se-completan-las-plazas-ofertadas-por-la-red-de-escuelas-infantiles-del-ayuntamiento-de-pamplona-para-un-curso-en-el-que-536-menores-se-matriculan-por-primera-vez\/"]}]},{"@type":"ImageObject","inLanguage":"es","@id":"https:\/\/www.laguiadepamplona.com\/actualidad\/se-completan-las-plazas-ofertadas-por-la-red-de-escuelas-infantiles-del-ayuntamiento-de-pamplona-para-un-curso-en-el-que-536-menores-se-matriculan-por-primera-vez\/#primaryimage","url":"https:\/\/www.laguiadepamplona.com\/actualidad\/wp-content\/uploads\/2021\/07\/21.07.02_matriculacion_escuelas_infantiles.jpg","contentUrl":"https:\/\/www.laguiadepamplona.com\/actualidad\/wp-content\/uploads\/2021\/07\/21.07.02_matriculacion_escuelas_infantiles.jpg","width":1920,"height":1080},{"@type":"BreadcrumbList","@id":"https:\/\/www.laguiadepamplona.com\/actualidad\/se-completan-las-plazas-ofertadas-por-la-red-de-escuelas-infantiles-del-ayuntamiento-de-pamplona-para-un-curso-en-el-que-536-menores-se-matriculan-por-primera-vez\/#breadcrumb","itemListElement":[{"@type":"ListItem","position":1,"name":"Portada","item":"https:\/\/www.laguiadepamplona.com\/actualidad\/"},{"@type":"ListItem","position":2,"name":"Se completan las plazas ofertadas por la red de escuelas infantiles del Ayuntamiento de Pamplona para un curso en el que 536 menores se matriculan por primera vez"}]},{"@type":"WebSite","@id":"https:\/\/www.laguiadepamplona.com\/actualidad\/#website","url":"https:\/\/www.laguiadepamplona.com\/actualidad\/","name":"La gu\u00eda de Pamplona","description":"Noticias de Pamplona","publisher":{"@id":"https:\/\/www.laguiadepamplona.com\/actualidad\/#organization"},"potentialAction":[{"@type":"SearchAction","target":{"@type":"EntryPoint","urlTemplate":"https:\/\/www.laguiadepamplona.com\/actualidad\/?s={search_term_string}"},"query-input":{"@type":"PropertyValueSpecification","valueRequired":true,"valueName":"search_term_string"}}],"inLanguage":"es"},{"@type":"Organization","@id":"https:\/\/www.laguiadepamplona.com\/actualidad\/#organization","name":"La Gu\u00eda de Pamplona \/ Noticias","url":"https:\/\/www.laguiadepamplona.com\/actualidad\/","logo":{"@type":"ImageObject","inLanguage":"es","@id":"https:\/\/www.laguiadepamplona.com\/actualidad\/#\/schema\/logo\/image\/","url":"https:\/\/www.laguiadepamplona.com\/actualidad\/wp-content\/uploads\/2018\/11\/logo-laguiadepamplona18-web1.png","contentUrl":"https:\/\/www.laguiadepamplona.com\/actualidad\/wp-content\/uploads\/2018\/11\/logo-laguiadepamplona18-web1.png","width":600,"height":196,"caption":"La Gu\u00eda de Pamplona \/ Noticias"},"image":{"@id":"https:\/\/www.laguiadepamplona.com\/actualidad\/#\/schema\/logo\/image\/"},"sameAs":["https:\/\/www.facebook.com\/laguiadepamplonacom-133175176762273\/?ref=hl","https:\/\/x.com\/LaGuiadPamplona","https:\/\/www.instagram.com\/la_guia_de_pamplona\/","https:\/\/www.youtube.com\/user\/laguiadepamplona"]},{"@type":"Person","@id":"https:\/\/www.laguiadepamplona.com\/actualidad\/#\/schema\/person\/efe887376f0213d4657c93adc50b1fdb","name":"La Gu\u00eda de Pamplona","image":{"@type":"ImageObject","inLanguage":"es","@id":"https:\/\/secure.gravatar.com\/avatar\/b6992f131dc8d30ab0dff15446e9d346d9dbd95992de0fef795073f5ea83a81c?s=96&d=mm&r=g","url":"https:\/\/secure.gravatar.com\/avatar\/b6992f131dc8d30ab0dff15446e9d346d9dbd95992de0fef795073f5ea83a81c?s=96&d=mm&r=g","contentUrl":"https:\/\/secure.gravatar.com\/avatar\/b6992f131dc8d30ab0dff15446e9d346d9dbd95992de0fef795073f5ea83a81c?s=96&d=mm&r=g","caption":"La Gu\u00eda de Pamplona"}}]}},"post_mailing_queue_ids":[],"_links":{"self":[{"href":"https:\/\/www.laguiadepamplona.com\/actualidad\/wp-json\/wp\/v2\/posts\/35792","targetHints":{"allow":["GET"]}}],"collection":[{"href":"https:\/\/www.laguiadepamplona.com\/actualidad\/wp-json\/wp\/v2\/posts"}],"about":[{"href":"https:\/\/www.laguiadepamplona.com\/actualidad\/wp-json\/wp\/v2\/types\/post"}],"author":[{"embeddable":true,"href":"https:\/\/www.laguiadepamplona.com\/actualidad\/wp-json\/wp\/v2\/users\/1"}],"replies":[{"embeddable":true,"href":"https:\/\/www.laguiadepamplona.com\/actualidad\/wp-json\/wp\/v2\/comments?post=35792"}],"version-history":[{"count":0,"href":"https:\/\/www.laguiadepamplona.com\/actualidad\/wp-json\/wp\/v2\/posts\/35792\/revisions"}],"wp:featuredmedia":[{"embeddable":true,"href":"https:\/\/www.laguiadepamplona.com\/actualidad\/wp-json\/wp\/v2\/media\/35793"}],"wp:attachment":[{"href":"https:\/\/www.laguiadepamplona.com\/actualidad\/wp-json\/wp\/v2\/media?parent=35792"}],"wp:term":[{"taxonomy":"category","embeddable":true,"href":"https:\/\/www.laguiadepamplona.com\/actualidad\/wp-json\/wp\/v2\/categories?post=35792"},{"taxonomy":"post_tag","embeddable":true,"href":"https:\/\/www.laguiadepamplona.com\/actualidad\/wp-json\/wp\/v2\/tags?post=35792"}],"curies":[{"name":"wp","href":"https:\/\/api.w.org\/{rel}","templated":true}]}}