{"id":35776,"date":"2021-06-30T15:32:42","date_gmt":"2021-06-30T13:32:42","guid":{"rendered":"https:\/\/www.laguiadepamplona.com\/actualidad\/?p=35776"},"modified":"2023-04-11T11:49:17","modified_gmt":"2023-04-11T09:49:17","slug":"el-alcalde-de-pamplona-participa-en-una-jornada-virtual-sobre-economia-circular-presentando-las-estrategia-para-una-ciudad-mas-ecologica-y-respetuosa-con-el-clima","status":"publish","type":"post","link":"https:\/\/www.laguiadepamplona.com\/actualidad\/el-alcalde-de-pamplona-participa-en-una-jornada-virtual-sobre-economia-circular-presentando-las-estrategia-para-una-ciudad-mas-ecologica-y-respetuosa-con-el-clima\/","title":{"rendered":"El alcalde de Pamplona participa en una jornada virtual sobre econom\u00eda circular presentando las estrategia para una ciudad m\u00e1s ecol\u00f3gica y respetuosa con el clima"},"content":{"rendered":"<h5>La jornada \u2018Econom\u00eda circular, reconstrucci\u00f3n y entidades locales\u2019 est\u00e1 organizada por la FEMP y el ayuntamiento de Valladolid en colaboraci\u00f3n con Ecoembes<\/h5>\n<p><!--more--><\/p>\n<p>El alcalde de Pamplona, Enrique Maya, ha participado hoy en la jornada virtual \u2018Econom\u00eda circular, reconstrucci\u00f3n y entidades locales\u2019 presentando la Estrategia 2030 \u2013 Agenda Urbana de Pamplona y la Estrategia de Transici\u00f3n Energ\u00e9tica y Cambio Clim\u00e1tico 2030 que sientan las bases para el desarrollo de la ciudad que ser\u00e1 m\u00e1s ecol\u00f3gico, respetuoso con el clima, equitativo, justo, igualitario, solidario, inclusivo e innovador. La jornada est\u00e1 organizada por la Federaci\u00f3n Espa\u00f1ola de Municipios y Provincias (FEMP) y el Ayuntamiento de Valladolid con la colaboraci\u00f3n de Ecoembes.<\/p>\n<p>En su intervenci\u00f3n ha recordado que, frente al modelo lineal de consumo basado en producir, usar y tirar, las instituciones est\u00e1n apostando por promover modelos de producci\u00f3n y consumo donde el residuo sea visto como un nuevo recurso que reintegrar a la cadena de valor, lo que se denomina Econom\u00eda circular.<\/p>\n<p><script async src=\"\/\/pagead2.googlesyndication.com\/pagead\/js\/adsbygoogle.js\"><\/script><br \/>\n<!-- Noticias La Guia de Pamplona --><br \/>\n<ins class=\"adsbygoogle\"\nstyle=\"display:block\"\ndata-ad-client=\"ca-pub-6943679897239327\"\ndata-ad-slot=\"7048180777\"\ndata-ad-format=\"auto\"><\/ins><br \/>\n<script>\n(adsbygoogle = window.adsbygoogle || []).push({});\n<\/script><\/p>\n<p><strong>Mejorar la eficiencia en el uso de recursos naturales y reducir la contaminaci\u00f3n<\/strong><\/p>\n<p>La Estrategia 2030 \u2013 Agenda Urbana de Pamplona propone avanzar en 5 grandes \u00e1mbitos (o dimensiones estrat\u00e9gicas) y todos ellos tienen una vinculaci\u00f3n con la econom\u00eda circular. Por ejemplo, la dimensi\u00f3n 1 se denomina \u201cPamplona verde, ecol\u00f3gica y comprometida con el clima\u201d y se divide en tres grandes l\u00edneas de acci\u00f3n: movilidad, energ\u00eda y recursos, apostando por \u201cMejorar la eficiencia en el uso de los recursos naturales y reducir su contaminaci\u00f3n\u201d. La 3 est\u00e1 dedicada a una gesti\u00f3n p\u00fablica m\u00e1s innovadora e integral, lo que incluye, entre otras cuestiones, integrar los aspectos ambientales y sociales en la contrataci\u00f3n p\u00fablica en l\u00ednea con los objetivos europeos. La dimensi\u00f3n 4 apuesta por un modelo tur\u00edstico m\u00e1s sostenible y la 5 por una econom\u00eda local basada en el conocimiento y en la innovaci\u00f3n, lo que puede impulsar la econom\u00eda circular.<\/p>\n<p>De manera paralela, la Estrategia de Transici\u00f3n Energ\u00e9tica y Cambio Clim\u00e1tico 2030 se presenta como una apuesta decidida por transformar el modelo energ\u00e9tico urbano y hacerlo m\u00e1s circular y el proyecto de cooperaci\u00f3n europeo STARDUST del programa Horizonte 2020, donde Pamplona es una ciudad faro, impulsa construir una ciudad m\u00e1s inteligente que utiliza mejor sus recursos.<\/p>\n<p>Todo ello, en colaboraci\u00f3n con las universidades, los centros tecnol\u00f3gicos y las empresas, que participan en el laboratorio vivo o \u201cliving lab\u201d (Smart Pamplona Lab) probando nuevas soluciones tecnol\u00f3gicas para la econom\u00eda circular.<\/p>\n<p><script async src=\"\/\/pagead2.googlesyndication.com\/pagead\/js\/adsbygoogle.js\"><\/script><br \/>\n<!-- Noticias La Guia de Pamplona --><br \/>\n<ins class=\"adsbygoogle\"\nstyle=\"display:block\"\ndata-ad-client=\"ca-pub-6943679897239327\"\ndata-ad-slot=\"7048180777\"\ndata-ad-format=\"auto\"><\/ins><br \/>\n<script>\n(adsbygoogle = window.adsbygoogle || []).push({});\n<\/script><\/p>\n<p><strong>Alcaldes y representantes del Ministerios de Transporte, Movilidad y Agenda Urbana<\/strong><\/p>\n<p>El alcalde de Pamplona ha participado en la sesi\u00f3n que ha comenzado a las 12.30 horas y que ha girado sobre \u2018Econom\u00eda circular y agenda urbana\u2019. Junto a \u00e9l han participado David Lucas, secretario general de Agenda Urbana y Vivienda del Ministerios de Transporte, Movilidad y Agenda Urbana; Juan Espadas, alcalde de Sevilla y presidente de la Red Espa\u00f1ola de Ciudades por el Clima; Amparo Marco, alcaldesa de Castell\u00f3 de la Plana y vocal de la Junta de Gobierno de la FEMP y Francisco de la Torre, alcalde de M\u00e1laga.<\/p>\n<p>Tras esta \u00faltima sesi\u00f3n de la ma\u00f1ana, a la tarde, est\u00e1 previsto que se apruebe y se firme la \u201cDeclaraci\u00f3n de Valladolid por la Econom\u00eda Circular y la Reconstrucci\u00f3n del pa\u00eds\u201d. En la jornada han participado junto al alcalde de Pamplona, los de Valladolid, Vigo, Toledo, Rivas Vaciamadrid, San Javier, Sevilla, Castell\u00f3 de la Plana y M\u00e1laga. Del Ministerios de Transporte, Movilidad y Agenda Urbana han estado presentes el secretario de estado de Medio Ambiente, Hugo Mor\u00e1n, el director general de Calidad y Evaluaci\u00f3n Ambiental, Ismael Aznar, y el secretario general de Agenda Urbana y Vivienda, David Lucas.<\/p>\n<p>Otros temas abordados en el d\u00eda de hoy han sido la \u201cEconom\u00eda circular, reconstrucci\u00f3n, resiliencia y transformaci\u00f3n: el papel de las Entidades Locales\u201d y \u201cLa reducci\u00f3n del uso de los recursos naturales y la gesti\u00f3n de sus residuos\u201d.<\/p>\n","protected":false},"excerpt":{"rendered":"<p>La jornada \u2018Econom\u00eda circular, reconstrucci\u00f3n y entidades locales\u2019 est\u00e1 organizada por la FEMP y el ayuntamiento de Valladolid en colaboraci\u00f3n con Ecoembes<\/p>\n","protected":false},"author":1,"featured_media":31583,"comment_status":"open","ping_status":"closed","sticky":false,"template":"","format":"standard","meta":{"footnotes":""},"categories":[2],"tags":[],"class_list":["post-35776","post","type-post","status-publish","format-standard","has-post-thumbnail","hentry","category-ayuntamiento-pamplona"],"yoast_head":"<!-- This site is optimized with the Yoast SEO plugin v27.5 - https:\/\/yoast.com\/product\/yoast-seo-wordpress\/ -->\n<title>El alcalde de Pamplona participa en una jornada virtual sobre econom\u00eda circular presentando las estrategia para una ciudad m\u00e1s ecol\u00f3gica y respetuosa con el clima<\/title>\n<meta name=\"description\" content=\"La jornada \u2018Econom\u00eda circular, reconstrucci\u00f3n y entidades locales\u2019 est\u00e1 organizada por la FEMP y el ayuntamiento de Valladolid en colaboraci\u00f3n con Ecoembes\" \/>\n<meta name=\"robots\" content=\"index, follow, max-snippet:-1, max-image-preview:large, max-video-preview:-1\" \/>\n<link rel=\"canonical\" href=\"https:\/\/www.laguiadepamplona.com\/actualidad\/el-alcalde-de-pamplona-participa-en-una-jornada-virtual-sobre-economia-circular-presentando-las-estrategia-para-una-ciudad-mas-ecologica-y-respetuosa-con-el-clima\/\" \/>\n<meta property=\"og:locale\" content=\"es_ES\" \/>\n<meta property=\"og:type\" content=\"article\" \/>\n<meta property=\"og:title\" content=\"El alcalde de Pamplona participa en una jornada virtual sobre econom\u00eda circular presentando las estrategia para una ciudad m\u00e1s ecol\u00f3gica y respetuosa con el clima\" \/>\n<meta property=\"og:description\" content=\"La jornada \u2018Econom\u00eda circular, reconstrucci\u00f3n y entidades locales\u2019 est\u00e1 organizada por la FEMP y el ayuntamiento de Valladolid en colaboraci\u00f3n con Ecoembes\" \/>\n<meta property=\"og:url\" content=\"https:\/\/www.laguiadepamplona.com\/actualidad\/el-alcalde-de-pamplona-participa-en-una-jornada-virtual-sobre-economia-circular-presentando-las-estrategia-para-una-ciudad-mas-ecologica-y-respetuosa-con-el-clima\/\" \/>\n<meta property=\"og:site_name\" content=\"La Gu\u00eda de Pamplona\" \/>\n<meta property=\"article:publisher\" content=\"https:\/\/www.facebook.com\/laguiadepamplonacom-133175176762273\/?ref=hl\" \/>\n<meta property=\"article:published_time\" content=\"2021-06-30T13:32:42+00:00\" \/>\n<meta property=\"article:modified_time\" content=\"2023-04-11T09:49:17+00:00\" \/>\n<meta property=\"og:image\" content=\"https:\/\/www.laguiadepamplona.com\/actualidad\/wp-content\/uploads\/2020\/09\/20.09.01_reunion_alcaldes.jpg\" \/>\n\t<meta property=\"og:image:width\" content=\"1920\" \/>\n\t<meta property=\"og:image:height\" content=\"1280\" \/>\n\t<meta property=\"og:image:type\" content=\"image\/jpeg\" \/>\n<meta name=\"author\" content=\"La Gu\u00eda de Pamplona\" \/>\n<meta name=\"twitter:card\" content=\"summary_large_image\" \/>\n<meta name=\"twitter:creator\" content=\"@LaGuiadPamplona\" \/>\n<meta name=\"twitter:site\" content=\"@LaGuiadPamplona\" \/>\n<meta name=\"twitter:label1\" content=\"Escrito por\" \/>\n\t<meta name=\"twitter:data1\" content=\"La Gu\u00eda de Pamplona\" \/>\n\t<meta name=\"twitter:label2\" content=\"Tiempo de lectura\" \/>\n\t<meta name=\"twitter:data2\" content=\"3 minutos\" \/>\n<script type=\"application\/ld+json\" class=\"yoast-schema-graph\">{\"@context\":\"https:\\\/\\\/schema.org\",\"@graph\":[{\"@type\":\"Article\",\"@id\":\"https:\\\/\\\/www.laguiadepamplona.com\\\/actualidad\\\/el-alcalde-de-pamplona-participa-en-una-jornada-virtual-sobre-economia-circular-presentando-las-estrategia-para-una-ciudad-mas-ecologica-y-respetuosa-con-el-clima\\\/#article\",\"isPartOf\":{\"@id\":\"https:\\\/\\\/www.laguiadepamplona.com\\\/actualidad\\\/el-alcalde-de-pamplona-participa-en-una-jornada-virtual-sobre-economia-circular-presentando-las-estrategia-para-una-ciudad-mas-ecologica-y-respetuosa-con-el-clima\\\/\"},\"author\":{\"name\":\"La Gu\u00eda de Pamplona\",\"@id\":\"https:\\\/\\\/www.laguiadepamplona.com\\\/actualidad\\\/#\\\/schema\\\/person\\\/efe887376f0213d4657c93adc50b1fdb\"},\"headline\":\"El alcalde de Pamplona participa en una jornada virtual sobre econom\u00eda circular presentando las estrategia para una ciudad m\u00e1s ecol\u00f3gica y respetuosa con el clima\",\"datePublished\":\"2021-06-30T13:32:42+00:00\",\"dateModified\":\"2023-04-11T09:49:17+00:00\",\"mainEntityOfPage\":{\"@id\":\"https:\\\/\\\/www.laguiadepamplona.com\\\/actualidad\\\/el-alcalde-de-pamplona-participa-en-una-jornada-virtual-sobre-economia-circular-presentando-las-estrategia-para-una-ciudad-mas-ecologica-y-respetuosa-con-el-clima\\\/\"},\"wordCount\":719,\"commentCount\":0,\"publisher\":{\"@id\":\"https:\\\/\\\/www.laguiadepamplona.com\\\/actualidad\\\/#organization\"},\"image\":{\"@id\":\"https:\\\/\\\/www.laguiadepamplona.com\\\/actualidad\\\/el-alcalde-de-pamplona-participa-en-una-jornada-virtual-sobre-economia-circular-presentando-las-estrategia-para-una-ciudad-mas-ecologica-y-respetuosa-con-el-clima\\\/#primaryimage\"},\"thumbnailUrl\":\"https:\\\/\\\/www.laguiadepamplona.com\\\/actualidad\\\/wp-content\\\/uploads\\\/2020\\\/09\\\/20.09.01_reunion_alcaldes.jpg\",\"articleSection\":[\"Ayto Pamplona\"],\"inLanguage\":\"es\",\"potentialAction\":[{\"@type\":\"CommentAction\",\"name\":\"Comment\",\"target\":[\"https:\\\/\\\/www.laguiadepamplona.com\\\/actualidad\\\/el-alcalde-de-pamplona-participa-en-una-jornada-virtual-sobre-economia-circular-presentando-las-estrategia-para-una-ciudad-mas-ecologica-y-respetuosa-con-el-clima\\\/#respond\"]}]},{\"@type\":\"WebPage\",\"@id\":\"https:\\\/\\\/www.laguiadepamplona.com\\\/actualidad\\\/el-alcalde-de-pamplona-participa-en-una-jornada-virtual-sobre-economia-circular-presentando-las-estrategia-para-una-ciudad-mas-ecologica-y-respetuosa-con-el-clima\\\/\",\"url\":\"https:\\\/\\\/www.laguiadepamplona.com\\\/actualidad\\\/el-alcalde-de-pamplona-participa-en-una-jornada-virtual-sobre-economia-circular-presentando-las-estrategia-para-una-ciudad-mas-ecologica-y-respetuosa-con-el-clima\\\/\",\"name\":\"El alcalde de Pamplona participa en una jornada virtual sobre econom\u00eda circular presentando las estrategia para una ciudad m\u00e1s ecol\u00f3gica y respetuosa con el clima\",\"isPartOf\":{\"@id\":\"https:\\\/\\\/www.laguiadepamplona.com\\\/actualidad\\\/#website\"},\"primaryImageOfPage\":{\"@id\":\"https:\\\/\\\/www.laguiadepamplona.com\\\/actualidad\\\/el-alcalde-de-pamplona-participa-en-una-jornada-virtual-sobre-economia-circular-presentando-las-estrategia-para-una-ciudad-mas-ecologica-y-respetuosa-con-el-clima\\\/#primaryimage\"},\"image\":{\"@id\":\"https:\\\/\\\/www.laguiadepamplona.com\\\/actualidad\\\/el-alcalde-de-pamplona-participa-en-una-jornada-virtual-sobre-economia-circular-presentando-las-estrategia-para-una-ciudad-mas-ecologica-y-respetuosa-con-el-clima\\\/#primaryimage\"},\"thumbnailUrl\":\"https:\\\/\\\/www.laguiadepamplona.com\\\/actualidad\\\/wp-content\\\/uploads\\\/2020\\\/09\\\/20.09.01_reunion_alcaldes.jpg\",\"datePublished\":\"2021-06-30T13:32:42+00:00\",\"dateModified\":\"2023-04-11T09:49:17+00:00\",\"description\":\"La jornada \u2018Econom\u00eda circular, reconstrucci\u00f3n y entidades locales\u2019 est\u00e1 organizada por la FEMP y el ayuntamiento de Valladolid en colaboraci\u00f3n con Ecoembes\",\"breadcrumb\":{\"@id\":\"https:\\\/\\\/www.laguiadepamplona.com\\\/actualidad\\\/el-alcalde-de-pamplona-participa-en-una-jornada-virtual-sobre-economia-circular-presentando-las-estrategia-para-una-ciudad-mas-ecologica-y-respetuosa-con-el-clima\\\/#breadcrumb\"},\"inLanguage\":\"es\",\"potentialAction\":[{\"@type\":\"ReadAction\",\"target\":[\"https:\\\/\\\/www.laguiadepamplona.com\\\/actualidad\\\/el-alcalde-de-pamplona-participa-en-una-jornada-virtual-sobre-economia-circular-presentando-las-estrategia-para-una-ciudad-mas-ecologica-y-respetuosa-con-el-clima\\\/\"]}]},{\"@type\":\"ImageObject\",\"inLanguage\":\"es\",\"@id\":\"https:\\\/\\\/www.laguiadepamplona.com\\\/actualidad\\\/el-alcalde-de-pamplona-participa-en-una-jornada-virtual-sobre-economia-circular-presentando-las-estrategia-para-una-ciudad-mas-ecologica-y-respetuosa-con-el-clima\\\/#primaryimage\",\"url\":\"https:\\\/\\\/www.laguiadepamplona.com\\\/actualidad\\\/wp-content\\\/uploads\\\/2020\\\/09\\\/20.09.01_reunion_alcaldes.jpg\",\"contentUrl\":\"https:\\\/\\\/www.laguiadepamplona.com\\\/actualidad\\\/wp-content\\\/uploads\\\/2020\\\/09\\\/20.09.01_reunion_alcaldes.jpg\",\"width\":1920,\"height\":1280,\"caption\":\"A* Jes\u00fas Garzaron F* 2020_09_01 T* Reuni\u00f3n telem\u00e1tica con alcaldes del Acuerdo de Zaragoza L* Despacho del Alcalde\"},{\"@type\":\"BreadcrumbList\",\"@id\":\"https:\\\/\\\/www.laguiadepamplona.com\\\/actualidad\\\/el-alcalde-de-pamplona-participa-en-una-jornada-virtual-sobre-economia-circular-presentando-las-estrategia-para-una-ciudad-mas-ecologica-y-respetuosa-con-el-clima\\\/#breadcrumb\",\"itemListElement\":[{\"@type\":\"ListItem\",\"position\":1,\"name\":\"Portada\",\"item\":\"https:\\\/\\\/www.laguiadepamplona.com\\\/actualidad\\\/\"},{\"@type\":\"ListItem\",\"position\":2,\"name\":\"El alcalde de Pamplona participa en una jornada virtual sobre econom\u00eda circular presentando las estrategia para una ciudad m\u00e1s ecol\u00f3gica y respetuosa con el clima\"}]},{\"@type\":\"WebSite\",\"@id\":\"https:\\\/\\\/www.laguiadepamplona.com\\\/actualidad\\\/#website\",\"url\":\"https:\\\/\\\/www.laguiadepamplona.com\\\/actualidad\\\/\",\"name\":\"La gu\u00eda de Pamplona\",\"description\":\"Noticias de Pamplona\",\"publisher\":{\"@id\":\"https:\\\/\\\/www.laguiadepamplona.com\\\/actualidad\\\/#organization\"},\"potentialAction\":[{\"@type\":\"SearchAction\",\"target\":{\"@type\":\"EntryPoint\",\"urlTemplate\":\"https:\\\/\\\/www.laguiadepamplona.com\\\/actualidad\\\/?s={search_term_string}\"},\"query-input\":{\"@type\":\"PropertyValueSpecification\",\"valueRequired\":true,\"valueName\":\"search_term_string\"}}],\"inLanguage\":\"es\"},{\"@type\":\"Organization\",\"@id\":\"https:\\\/\\\/www.laguiadepamplona.com\\\/actualidad\\\/#organization\",\"name\":\"La Gu\u00eda de Pamplona \\\/ Noticias\",\"url\":\"https:\\\/\\\/www.laguiadepamplona.com\\\/actualidad\\\/\",\"logo\":{\"@type\":\"ImageObject\",\"inLanguage\":\"es\",\"@id\":\"https:\\\/\\\/www.laguiadepamplona.com\\\/actualidad\\\/#\\\/schema\\\/logo\\\/image\\\/\",\"url\":\"https:\\\/\\\/www.laguiadepamplona.com\\\/actualidad\\\/wp-content\\\/uploads\\\/2018\\\/11\\\/logo-laguiadepamplona18-web1.png\",\"contentUrl\":\"https:\\\/\\\/www.laguiadepamplona.com\\\/actualidad\\\/wp-content\\\/uploads\\\/2018\\\/11\\\/logo-laguiadepamplona18-web1.png\",\"width\":600,\"height\":196,\"caption\":\"La Gu\u00eda de Pamplona \\\/ Noticias\"},\"image\":{\"@id\":\"https:\\\/\\\/www.laguiadepamplona.com\\\/actualidad\\\/#\\\/schema\\\/logo\\\/image\\\/\"},\"sameAs\":[\"https:\\\/\\\/www.facebook.com\\\/laguiadepamplonacom-133175176762273\\\/?ref=hl\",\"https:\\\/\\\/x.com\\\/LaGuiadPamplona\",\"https:\\\/\\\/www.instagram.com\\\/la_guia_de_pamplona\\\/\",\"https:\\\/\\\/www.youtube.com\\\/user\\\/laguiadepamplona\"]},{\"@type\":\"Person\",\"@id\":\"https:\\\/\\\/www.laguiadepamplona.com\\\/actualidad\\\/#\\\/schema\\\/person\\\/efe887376f0213d4657c93adc50b1fdb\",\"name\":\"La Gu\u00eda de Pamplona\",\"image\":{\"@type\":\"ImageObject\",\"inLanguage\":\"es\",\"@id\":\"https:\\\/\\\/secure.gravatar.com\\\/avatar\\\/b6992f131dc8d30ab0dff15446e9d346d9dbd95992de0fef795073f5ea83a81c?s=96&d=mm&r=g\",\"url\":\"https:\\\/\\\/secure.gravatar.com\\\/avatar\\\/b6992f131dc8d30ab0dff15446e9d346d9dbd95992de0fef795073f5ea83a81c?s=96&d=mm&r=g\",\"contentUrl\":\"https:\\\/\\\/secure.gravatar.com\\\/avatar\\\/b6992f131dc8d30ab0dff15446e9d346d9dbd95992de0fef795073f5ea83a81c?s=96&d=mm&r=g\",\"caption\":\"La Gu\u00eda de Pamplona\"}}]}<\/script>\n<!-- \/ Yoast SEO plugin. -->","yoast_head_json":{"title":"El alcalde de Pamplona participa en una jornada virtual sobre econom\u00eda circular presentando las estrategia para una ciudad m\u00e1s ecol\u00f3gica y respetuosa con el clima","description":"La jornada \u2018Econom\u00eda circular, reconstrucci\u00f3n y entidades locales\u2019 est\u00e1 organizada por la FEMP y el ayuntamiento de Valladolid en colaboraci\u00f3n con Ecoembes","robots":{"index":"index","follow":"follow","max-snippet":"max-snippet:-1","max-image-preview":"max-image-preview:large","max-video-preview":"max-video-preview:-1"},"canonical":"https:\/\/www.laguiadepamplona.com\/actualidad\/el-alcalde-de-pamplona-participa-en-una-jornada-virtual-sobre-economia-circular-presentando-las-estrategia-para-una-ciudad-mas-ecologica-y-respetuosa-con-el-clima\/","og_locale":"es_ES","og_type":"article","og_title":"El alcalde de Pamplona participa en una jornada virtual sobre econom\u00eda circular presentando las estrategia para una ciudad m\u00e1s ecol\u00f3gica y respetuosa con el clima","og_description":"La jornada \u2018Econom\u00eda circular, reconstrucci\u00f3n y entidades locales\u2019 est\u00e1 organizada por la FEMP y el ayuntamiento de Valladolid en colaboraci\u00f3n con Ecoembes","og_url":"https:\/\/www.laguiadepamplona.com\/actualidad\/el-alcalde-de-pamplona-participa-en-una-jornada-virtual-sobre-economia-circular-presentando-las-estrategia-para-una-ciudad-mas-ecologica-y-respetuosa-con-el-clima\/","og_site_name":"La Gu\u00eda de Pamplona","article_publisher":"https:\/\/www.facebook.com\/laguiadepamplonacom-133175176762273\/?ref=hl","article_published_time":"2021-06-30T13:32:42+00:00","article_modified_time":"2023-04-11T09:49:17+00:00","og_image":[{"width":1920,"height":1280,"url":"https:\/\/www.laguiadepamplona.com\/actualidad\/wp-content\/uploads\/2020\/09\/20.09.01_reunion_alcaldes.jpg","type":"image\/jpeg"}],"author":"La Gu\u00eda de Pamplona","twitter_card":"summary_large_image","twitter_creator":"@LaGuiadPamplona","twitter_site":"@LaGuiadPamplona","twitter_misc":{"Escrito por":"La Gu\u00eda de Pamplona","Tiempo de lectura":"3 minutos"},"schema":{"@context":"https:\/\/schema.org","@graph":[{"@type":"Article","@id":"https:\/\/www.laguiadepamplona.com\/actualidad\/el-alcalde-de-pamplona-participa-en-una-jornada-virtual-sobre-economia-circular-presentando-las-estrategia-para-una-ciudad-mas-ecologica-y-respetuosa-con-el-clima\/#article","isPartOf":{"@id":"https:\/\/www.laguiadepamplona.com\/actualidad\/el-alcalde-de-pamplona-participa-en-una-jornada-virtual-sobre-economia-circular-presentando-las-estrategia-para-una-ciudad-mas-ecologica-y-respetuosa-con-el-clima\/"},"author":{"name":"La Gu\u00eda de Pamplona","@id":"https:\/\/www.laguiadepamplona.com\/actualidad\/#\/schema\/person\/efe887376f0213d4657c93adc50b1fdb"},"headline":"El alcalde de Pamplona participa en una jornada virtual sobre econom\u00eda circular presentando las estrategia para una ciudad m\u00e1s ecol\u00f3gica y respetuosa con el clima","datePublished":"2021-06-30T13:32:42+00:00","dateModified":"2023-04-11T09:49:17+00:00","mainEntityOfPage":{"@id":"https:\/\/www.laguiadepamplona.com\/actualidad\/el-alcalde-de-pamplona-participa-en-una-jornada-virtual-sobre-economia-circular-presentando-las-estrategia-para-una-ciudad-mas-ecologica-y-respetuosa-con-el-clima\/"},"wordCount":719,"commentCount":0,"publisher":{"@id":"https:\/\/www.laguiadepamplona.com\/actualidad\/#organization"},"image":{"@id":"https:\/\/www.laguiadepamplona.com\/actualidad\/el-alcalde-de-pamplona-participa-en-una-jornada-virtual-sobre-economia-circular-presentando-las-estrategia-para-una-ciudad-mas-ecologica-y-respetuosa-con-el-clima\/#primaryimage"},"thumbnailUrl":"https:\/\/www.laguiadepamplona.com\/actualidad\/wp-content\/uploads\/2020\/09\/20.09.01_reunion_alcaldes.jpg","articleSection":["Ayto Pamplona"],"inLanguage":"es","potentialAction":[{"@type":"CommentAction","name":"Comment","target":["https:\/\/www.laguiadepamplona.com\/actualidad\/el-alcalde-de-pamplona-participa-en-una-jornada-virtual-sobre-economia-circular-presentando-las-estrategia-para-una-ciudad-mas-ecologica-y-respetuosa-con-el-clima\/#respond"]}]},{"@type":"WebPage","@id":"https:\/\/www.laguiadepamplona.com\/actualidad\/el-alcalde-de-pamplona-participa-en-una-jornada-virtual-sobre-economia-circular-presentando-las-estrategia-para-una-ciudad-mas-ecologica-y-respetuosa-con-el-clima\/","url":"https:\/\/www.laguiadepamplona.com\/actualidad\/el-alcalde-de-pamplona-participa-en-una-jornada-virtual-sobre-economia-circular-presentando-las-estrategia-para-una-ciudad-mas-ecologica-y-respetuosa-con-el-clima\/","name":"El alcalde de Pamplona participa en una jornada virtual sobre econom\u00eda circular presentando las estrategia para una ciudad m\u00e1s ecol\u00f3gica y respetuosa con el clima","isPartOf":{"@id":"https:\/\/www.laguiadepamplona.com\/actualidad\/#website"},"primaryImageOfPage":{"@id":"https:\/\/www.laguiadepamplona.com\/actualidad\/el-alcalde-de-pamplona-participa-en-una-jornada-virtual-sobre-economia-circular-presentando-las-estrategia-para-una-ciudad-mas-ecologica-y-respetuosa-con-el-clima\/#primaryimage"},"image":{"@id":"https:\/\/www.laguiadepamplona.com\/actualidad\/el-alcalde-de-pamplona-participa-en-una-jornada-virtual-sobre-economia-circular-presentando-las-estrategia-para-una-ciudad-mas-ecologica-y-respetuosa-con-el-clima\/#primaryimage"},"thumbnailUrl":"https:\/\/www.laguiadepamplona.com\/actualidad\/wp-content\/uploads\/2020\/09\/20.09.01_reunion_alcaldes.jpg","datePublished":"2021-06-30T13:32:42+00:00","dateModified":"2023-04-11T09:49:17+00:00","description":"La jornada \u2018Econom\u00eda circular, reconstrucci\u00f3n y entidades locales\u2019 est\u00e1 organizada por la FEMP y el ayuntamiento de Valladolid en colaboraci\u00f3n con Ecoembes","breadcrumb":{"@id":"https:\/\/www.laguiadepamplona.com\/actualidad\/el-alcalde-de-pamplona-participa-en-una-jornada-virtual-sobre-economia-circular-presentando-las-estrategia-para-una-ciudad-mas-ecologica-y-respetuosa-con-el-clima\/#breadcrumb"},"inLanguage":"es","potentialAction":[{"@type":"ReadAction","target":["https:\/\/www.laguiadepamplona.com\/actualidad\/el-alcalde-de-pamplona-participa-en-una-jornada-virtual-sobre-economia-circular-presentando-las-estrategia-para-una-ciudad-mas-ecologica-y-respetuosa-con-el-clima\/"]}]},{"@type":"ImageObject","inLanguage":"es","@id":"https:\/\/www.laguiadepamplona.com\/actualidad\/el-alcalde-de-pamplona-participa-en-una-jornada-virtual-sobre-economia-circular-presentando-las-estrategia-para-una-ciudad-mas-ecologica-y-respetuosa-con-el-clima\/#primaryimage","url":"https:\/\/www.laguiadepamplona.com\/actualidad\/wp-content\/uploads\/2020\/09\/20.09.01_reunion_alcaldes.jpg","contentUrl":"https:\/\/www.laguiadepamplona.com\/actualidad\/wp-content\/uploads\/2020\/09\/20.09.01_reunion_alcaldes.jpg","width":1920,"height":1280,"caption":"A* Jes\u00fas Garzaron F* 2020_09_01 T* Reuni\u00f3n telem\u00e1tica con alcaldes del Acuerdo de Zaragoza L* Despacho del Alcalde"},{"@type":"BreadcrumbList","@id":"https:\/\/www.laguiadepamplona.com\/actualidad\/el-alcalde-de-pamplona-participa-en-una-jornada-virtual-sobre-economia-circular-presentando-las-estrategia-para-una-ciudad-mas-ecologica-y-respetuosa-con-el-clima\/#breadcrumb","itemListElement":[{"@type":"ListItem","position":1,"name":"Portada","item":"https:\/\/www.laguiadepamplona.com\/actualidad\/"},{"@type":"ListItem","position":2,"name":"El alcalde de Pamplona participa en una jornada virtual sobre econom\u00eda circular presentando las estrategia para una ciudad m\u00e1s ecol\u00f3gica y respetuosa con el clima"}]},{"@type":"WebSite","@id":"https:\/\/www.laguiadepamplona.com\/actualidad\/#website","url":"https:\/\/www.laguiadepamplona.com\/actualidad\/","name":"La gu\u00eda de Pamplona","description":"Noticias de Pamplona","publisher":{"@id":"https:\/\/www.laguiadepamplona.com\/actualidad\/#organization"},"potentialAction":[{"@type":"SearchAction","target":{"@type":"EntryPoint","urlTemplate":"https:\/\/www.laguiadepamplona.com\/actualidad\/?s={search_term_string}"},"query-input":{"@type":"PropertyValueSpecification","valueRequired":true,"valueName":"search_term_string"}}],"inLanguage":"es"},{"@type":"Organization","@id":"https:\/\/www.laguiadepamplona.com\/actualidad\/#organization","name":"La Gu\u00eda de Pamplona \/ Noticias","url":"https:\/\/www.laguiadepamplona.com\/actualidad\/","logo":{"@type":"ImageObject","inLanguage":"es","@id":"https:\/\/www.laguiadepamplona.com\/actualidad\/#\/schema\/logo\/image\/","url":"https:\/\/www.laguiadepamplona.com\/actualidad\/wp-content\/uploads\/2018\/11\/logo-laguiadepamplona18-web1.png","contentUrl":"https:\/\/www.laguiadepamplona.com\/actualidad\/wp-content\/uploads\/2018\/11\/logo-laguiadepamplona18-web1.png","width":600,"height":196,"caption":"La Gu\u00eda de Pamplona \/ Noticias"},"image":{"@id":"https:\/\/www.laguiadepamplona.com\/actualidad\/#\/schema\/logo\/image\/"},"sameAs":["https:\/\/www.facebook.com\/laguiadepamplonacom-133175176762273\/?ref=hl","https:\/\/x.com\/LaGuiadPamplona","https:\/\/www.instagram.com\/la_guia_de_pamplona\/","https:\/\/www.youtube.com\/user\/laguiadepamplona"]},{"@type":"Person","@id":"https:\/\/www.laguiadepamplona.com\/actualidad\/#\/schema\/person\/efe887376f0213d4657c93adc50b1fdb","name":"La Gu\u00eda de Pamplona","image":{"@type":"ImageObject","inLanguage":"es","@id":"https:\/\/secure.gravatar.com\/avatar\/b6992f131dc8d30ab0dff15446e9d346d9dbd95992de0fef795073f5ea83a81c?s=96&d=mm&r=g","url":"https:\/\/secure.gravatar.com\/avatar\/b6992f131dc8d30ab0dff15446e9d346d9dbd95992de0fef795073f5ea83a81c?s=96&d=mm&r=g","contentUrl":"https:\/\/secure.gravatar.com\/avatar\/b6992f131dc8d30ab0dff15446e9d346d9dbd95992de0fef795073f5ea83a81c?s=96&d=mm&r=g","caption":"La Gu\u00eda de Pamplona"}}]}},"post_mailing_queue_ids":[],"_links":{"self":[{"href":"https:\/\/www.laguiadepamplona.com\/actualidad\/wp-json\/wp\/v2\/posts\/35776","targetHints":{"allow":["GET"]}}],"collection":[{"href":"https:\/\/www.laguiadepamplona.com\/actualidad\/wp-json\/wp\/v2\/posts"}],"about":[{"href":"https:\/\/www.laguiadepamplona.com\/actualidad\/wp-json\/wp\/v2\/types\/post"}],"author":[{"embeddable":true,"href":"https:\/\/www.laguiadepamplona.com\/actualidad\/wp-json\/wp\/v2\/users\/1"}],"replies":[{"embeddable":true,"href":"https:\/\/www.laguiadepamplona.com\/actualidad\/wp-json\/wp\/v2\/comments?post=35776"}],"version-history":[{"count":0,"href":"https:\/\/www.laguiadepamplona.com\/actualidad\/wp-json\/wp\/v2\/posts\/35776\/revisions"}],"wp:featuredmedia":[{"embeddable":true,"href":"https:\/\/www.laguiadepamplona.com\/actualidad\/wp-json\/wp\/v2\/media\/31583"}],"wp:attachment":[{"href":"https:\/\/www.laguiadepamplona.com\/actualidad\/wp-json\/wp\/v2\/media?parent=35776"}],"wp:term":[{"taxonomy":"category","embeddable":true,"href":"https:\/\/www.laguiadepamplona.com\/actualidad\/wp-json\/wp\/v2\/categories?post=35776"},{"taxonomy":"post_tag","embeddable":true,"href":"https:\/\/www.laguiadepamplona.com\/actualidad\/wp-json\/wp\/v2\/tags?post=35776"}],"curies":[{"name":"wp","href":"https:\/\/api.w.org\/{rel}","templated":true}]}}