{"id":35770,"date":"2021-06-30T13:32:04","date_gmt":"2021-06-30T11:32:04","guid":{"rendered":"https:\/\/www.laguiadepamplona.com\/actualidad\/?p=35770"},"modified":"2023-04-11T11:49:17","modified_gmt":"2023-04-11T09:49:17","slug":"manana-jueves-1-de-julio-se-ponen-a-la-venta-las-entradas-del-nuevo-concierto-de-anne-lukin-en-la-ciudadela-aplazado-al-23-de-septiembre","status":"publish","type":"post","link":"https:\/\/www.laguiadepamplona.com\/actualidad\/manana-jueves-1-de-julio-se-ponen-a-la-venta-las-entradas-del-nuevo-concierto-de-anne-lukin-en-la-ciudadela-aplazado-al-23-de-septiembre\/","title":{"rendered":"Ma\u00f1ana jueves 1 de julio se ponen a la venta las entradas del nuevo concierto de Anne Lukin en la Ciudadela, aplazado al 23 de septiembre"},"content":{"rendered":"<h5>El Ayuntamiento de Pamplona devolver\u00e1 el importe de todas las entradas vendidas para el concierto suspendido del 18 de junio<\/h5>\n<p><!--more--><\/p>\n<p>El Ayuntamiento de Pamplona devolver\u00e1 el importe de todas las entradas vendidas para el concierto de Anne Lukin de la Ciudadela del pasado d\u00eda 18 de junio. La cita se ha aplazado hasta el 23 de septiembre, ya que la artista se vio forzada a parar su concierto a causa de la lluvia.<\/p>\n<p>Las entradas para este espect\u00e1culo se podr\u00e1n a la venta en la p\u00e1gina web <a href=\"http:\/\/www.pamplonaescultura.es\" target=\"_blank\" rel=\"noopener\">www.pamplonaescultura.es<\/a> a partir del jueves 1 de julio a las 12 horas. A su vez, se est\u00e1 procediendo a la devoluci\u00f3n del importe de las entradas de anterior concierto.<\/p>\n<p><script async src=\"\/\/pagead2.googlesyndication.com\/pagead\/js\/adsbygoogle.js\"><\/script><br \/>\n<!-- Noticias La Guia de Pamplona --><br \/>\n<ins class=\"adsbygoogle\"\nstyle=\"display:block\"\ndata-ad-client=\"ca-pub-6943679897239327\"\ndata-ad-slot=\"7048180777\"\ndata-ad-format=\"auto\"><\/ins><br \/>\n<script>\n(adsbygoogle = window.adsbygoogle || []).push({});\n<\/script><\/p>\n<p>Las localidades del concierto de septiembre saldr\u00e1n a la venta en su integridad, ya que la distribuci\u00f3n de espectadores ser\u00e1 m\u00e1s variada que la del acto suspendido. Siguiendo las normas de aforo y distancia COVID-19, las entradas se podr\u00e1n a la venta en grupos de 1, 2, 3 o 4 localidades. En la sesi\u00f3n de septiembre Anne Lukin estar\u00e1 acompa\u00f1ada por Los Tenampas.<\/p>\n","protected":false},"excerpt":{"rendered":"<p>El Ayuntamiento de Pamplona devolver\u00e1 el importe de todas las entradas vendidas para el concierto suspendido del 18 de junio<\/p>\n","protected":false},"author":1,"featured_media":35771,"comment_status":"open","ping_status":"closed","sticky":false,"template":"","format":"standard","meta":{"footnotes":""},"categories":[2],"tags":[],"class_list":["post-35770","post","type-post","status-publish","format-standard","has-post-thumbnail","hentry","category-ayuntamiento-pamplona"],"yoast_head":"<!-- This site is optimized with the Yoast SEO plugin v27.5 - https:\/\/yoast.com\/product\/yoast-seo-wordpress\/ -->\n<title>Ma\u00f1ana jueves 1 de julio se ponen a la venta las entradas del nuevo concierto de Anne Lukin en la Ciudadela, aplazado al 23 de septiembre<\/title>\n<meta name=\"description\" content=\"El Ayuntamiento de Pamplona devolver\u00e1 el importe de todas las entradas vendidas para el concierto suspendido del 18 de junio\" \/>\n<meta name=\"robots\" content=\"index, follow, max-snippet:-1, max-image-preview:large, max-video-preview:-1\" \/>\n<link rel=\"canonical\" href=\"https:\/\/www.laguiadepamplona.com\/actualidad\/manana-jueves-1-de-julio-se-ponen-a-la-venta-las-entradas-del-nuevo-concierto-de-anne-lukin-en-la-ciudadela-aplazado-al-23-de-septiembre\/\" \/>\n<meta property=\"og:locale\" content=\"es_ES\" \/>\n<meta property=\"og:type\" content=\"article\" \/>\n<meta property=\"og:title\" content=\"Ma\u00f1ana jueves 1 de julio se ponen a la venta las entradas del nuevo concierto de Anne Lukin en la Ciudadela, aplazado al 23 de septiembre\" \/>\n<meta property=\"og:description\" content=\"El Ayuntamiento de Pamplona devolver\u00e1 el importe de todas las entradas vendidas para el concierto suspendido del 18 de junio\" \/>\n<meta property=\"og:url\" content=\"https:\/\/www.laguiadepamplona.com\/actualidad\/manana-jueves-1-de-julio-se-ponen-a-la-venta-las-entradas-del-nuevo-concierto-de-anne-lukin-en-la-ciudadela-aplazado-al-23-de-septiembre\/\" \/>\n<meta property=\"og:site_name\" content=\"La Gu\u00eda de Pamplona\" \/>\n<meta property=\"article:publisher\" content=\"https:\/\/www.facebook.com\/laguiadepamplonacom-133175176762273\/?ref=hl\" \/>\n<meta property=\"article:published_time\" content=\"2021-06-30T11:32:04+00:00\" \/>\n<meta property=\"article:modified_time\" content=\"2023-04-11T09:49:17+00:00\" \/>\n<meta property=\"og:image\" content=\"https:\/\/www.laguiadepamplona.com\/actualidad\/wp-content\/uploads\/2021\/06\/anne-lukin.jpg\" \/>\n\t<meta property=\"og:image:width\" content=\"1000\" \/>\n\t<meta property=\"og:image:height\" content=\"621\" \/>\n\t<meta property=\"og:image:type\" content=\"image\/jpeg\" \/>\n<meta name=\"author\" content=\"La Gu\u00eda de Pamplona\" \/>\n<meta name=\"twitter:card\" content=\"summary_large_image\" \/>\n<meta name=\"twitter:creator\" content=\"@LaGuiadPamplona\" \/>\n<meta name=\"twitter:site\" content=\"@LaGuiadPamplona\" \/>\n<meta name=\"twitter:label1\" content=\"Escrito por\" \/>\n\t<meta name=\"twitter:data1\" content=\"La Gu\u00eda de Pamplona\" \/>\n\t<meta name=\"twitter:label2\" content=\"Tiempo de lectura\" \/>\n\t<meta name=\"twitter:data2\" content=\"1 minuto\" \/>\n<script type=\"application\/ld+json\" class=\"yoast-schema-graph\">{\"@context\":\"https:\\\/\\\/schema.org\",\"@graph\":[{\"@type\":\"Article\",\"@id\":\"https:\\\/\\\/www.laguiadepamplona.com\\\/actualidad\\\/manana-jueves-1-de-julio-se-ponen-a-la-venta-las-entradas-del-nuevo-concierto-de-anne-lukin-en-la-ciudadela-aplazado-al-23-de-septiembre\\\/#article\",\"isPartOf\":{\"@id\":\"https:\\\/\\\/www.laguiadepamplona.com\\\/actualidad\\\/manana-jueves-1-de-julio-se-ponen-a-la-venta-las-entradas-del-nuevo-concierto-de-anne-lukin-en-la-ciudadela-aplazado-al-23-de-septiembre\\\/\"},\"author\":{\"name\":\"La Gu\u00eda de Pamplona\",\"@id\":\"https:\\\/\\\/www.laguiadepamplona.com\\\/actualidad\\\/#\\\/schema\\\/person\\\/efe887376f0213d4657c93adc50b1fdb\"},\"headline\":\"Ma\u00f1ana jueves 1 de julio se ponen a la venta las entradas del nuevo concierto de Anne Lukin en la Ciudadela, aplazado al 23 de septiembre\",\"datePublished\":\"2021-06-30T11:32:04+00:00\",\"dateModified\":\"2023-04-11T09:49:17+00:00\",\"mainEntityOfPage\":{\"@id\":\"https:\\\/\\\/www.laguiadepamplona.com\\\/actualidad\\\/manana-jueves-1-de-julio-se-ponen-a-la-venta-las-entradas-del-nuevo-concierto-de-anne-lukin-en-la-ciudadela-aplazado-al-23-de-septiembre\\\/\"},\"wordCount\":208,\"commentCount\":0,\"publisher\":{\"@id\":\"https:\\\/\\\/www.laguiadepamplona.com\\\/actualidad\\\/#organization\"},\"image\":{\"@id\":\"https:\\\/\\\/www.laguiadepamplona.com\\\/actualidad\\\/manana-jueves-1-de-julio-se-ponen-a-la-venta-las-entradas-del-nuevo-concierto-de-anne-lukin-en-la-ciudadela-aplazado-al-23-de-septiembre\\\/#primaryimage\"},\"thumbnailUrl\":\"https:\\\/\\\/www.laguiadepamplona.com\\\/actualidad\\\/wp-content\\\/uploads\\\/2021\\\/06\\\/anne-lukin.jpg\",\"articleSection\":[\"Ayto Pamplona\"],\"inLanguage\":\"es\",\"potentialAction\":[{\"@type\":\"CommentAction\",\"name\":\"Comment\",\"target\":[\"https:\\\/\\\/www.laguiadepamplona.com\\\/actualidad\\\/manana-jueves-1-de-julio-se-ponen-a-la-venta-las-entradas-del-nuevo-concierto-de-anne-lukin-en-la-ciudadela-aplazado-al-23-de-septiembre\\\/#respond\"]}]},{\"@type\":\"WebPage\",\"@id\":\"https:\\\/\\\/www.laguiadepamplona.com\\\/actualidad\\\/manana-jueves-1-de-julio-se-ponen-a-la-venta-las-entradas-del-nuevo-concierto-de-anne-lukin-en-la-ciudadela-aplazado-al-23-de-septiembre\\\/\",\"url\":\"https:\\\/\\\/www.laguiadepamplona.com\\\/actualidad\\\/manana-jueves-1-de-julio-se-ponen-a-la-venta-las-entradas-del-nuevo-concierto-de-anne-lukin-en-la-ciudadela-aplazado-al-23-de-septiembre\\\/\",\"name\":\"Ma\u00f1ana jueves 1 de julio se ponen a la venta las entradas del nuevo concierto de Anne Lukin en la Ciudadela, aplazado al 23 de septiembre\",\"isPartOf\":{\"@id\":\"https:\\\/\\\/www.laguiadepamplona.com\\\/actualidad\\\/#website\"},\"primaryImageOfPage\":{\"@id\":\"https:\\\/\\\/www.laguiadepamplona.com\\\/actualidad\\\/manana-jueves-1-de-julio-se-ponen-a-la-venta-las-entradas-del-nuevo-concierto-de-anne-lukin-en-la-ciudadela-aplazado-al-23-de-septiembre\\\/#primaryimage\"},\"image\":{\"@id\":\"https:\\\/\\\/www.laguiadepamplona.com\\\/actualidad\\\/manana-jueves-1-de-julio-se-ponen-a-la-venta-las-entradas-del-nuevo-concierto-de-anne-lukin-en-la-ciudadela-aplazado-al-23-de-septiembre\\\/#primaryimage\"},\"thumbnailUrl\":\"https:\\\/\\\/www.laguiadepamplona.com\\\/actualidad\\\/wp-content\\\/uploads\\\/2021\\\/06\\\/anne-lukin.jpg\",\"datePublished\":\"2021-06-30T11:32:04+00:00\",\"dateModified\":\"2023-04-11T09:49:17+00:00\",\"description\":\"El Ayuntamiento de Pamplona devolver\u00e1 el importe de todas las entradas vendidas para el concierto suspendido del 18 de junio\",\"breadcrumb\":{\"@id\":\"https:\\\/\\\/www.laguiadepamplona.com\\\/actualidad\\\/manana-jueves-1-de-julio-se-ponen-a-la-venta-las-entradas-del-nuevo-concierto-de-anne-lukin-en-la-ciudadela-aplazado-al-23-de-septiembre\\\/#breadcrumb\"},\"inLanguage\":\"es\",\"potentialAction\":[{\"@type\":\"ReadAction\",\"target\":[\"https:\\\/\\\/www.laguiadepamplona.com\\\/actualidad\\\/manana-jueves-1-de-julio-se-ponen-a-la-venta-las-entradas-del-nuevo-concierto-de-anne-lukin-en-la-ciudadela-aplazado-al-23-de-septiembre\\\/\"]}]},{\"@type\":\"ImageObject\",\"inLanguage\":\"es\",\"@id\":\"https:\\\/\\\/www.laguiadepamplona.com\\\/actualidad\\\/manana-jueves-1-de-julio-se-ponen-a-la-venta-las-entradas-del-nuevo-concierto-de-anne-lukin-en-la-ciudadela-aplazado-al-23-de-septiembre\\\/#primaryimage\",\"url\":\"https:\\\/\\\/www.laguiadepamplona.com\\\/actualidad\\\/wp-content\\\/uploads\\\/2021\\\/06\\\/anne-lukin.jpg\",\"contentUrl\":\"https:\\\/\\\/www.laguiadepamplona.com\\\/actualidad\\\/wp-content\\\/uploads\\\/2021\\\/06\\\/anne-lukin.jpg\",\"width\":1000,\"height\":621},{\"@type\":\"BreadcrumbList\",\"@id\":\"https:\\\/\\\/www.laguiadepamplona.com\\\/actualidad\\\/manana-jueves-1-de-julio-se-ponen-a-la-venta-las-entradas-del-nuevo-concierto-de-anne-lukin-en-la-ciudadela-aplazado-al-23-de-septiembre\\\/#breadcrumb\",\"itemListElement\":[{\"@type\":\"ListItem\",\"position\":1,\"name\":\"Portada\",\"item\":\"https:\\\/\\\/www.laguiadepamplona.com\\\/actualidad\\\/\"},{\"@type\":\"ListItem\",\"position\":2,\"name\":\"Ma\u00f1ana jueves 1 de julio se ponen a la venta las entradas del nuevo concierto de Anne Lukin en la Ciudadela, aplazado al 23 de septiembre\"}]},{\"@type\":\"WebSite\",\"@id\":\"https:\\\/\\\/www.laguiadepamplona.com\\\/actualidad\\\/#website\",\"url\":\"https:\\\/\\\/www.laguiadepamplona.com\\\/actualidad\\\/\",\"name\":\"La gu\u00eda de Pamplona\",\"description\":\"Noticias de Pamplona\",\"publisher\":{\"@id\":\"https:\\\/\\\/www.laguiadepamplona.com\\\/actualidad\\\/#organization\"},\"potentialAction\":[{\"@type\":\"SearchAction\",\"target\":{\"@type\":\"EntryPoint\",\"urlTemplate\":\"https:\\\/\\\/www.laguiadepamplona.com\\\/actualidad\\\/?s={search_term_string}\"},\"query-input\":{\"@type\":\"PropertyValueSpecification\",\"valueRequired\":true,\"valueName\":\"search_term_string\"}}],\"inLanguage\":\"es\"},{\"@type\":\"Organization\",\"@id\":\"https:\\\/\\\/www.laguiadepamplona.com\\\/actualidad\\\/#organization\",\"name\":\"La Gu\u00eda de Pamplona \\\/ Noticias\",\"url\":\"https:\\\/\\\/www.laguiadepamplona.com\\\/actualidad\\\/\",\"logo\":{\"@type\":\"ImageObject\",\"inLanguage\":\"es\",\"@id\":\"https:\\\/\\\/www.laguiadepamplona.com\\\/actualidad\\\/#\\\/schema\\\/logo\\\/image\\\/\",\"url\":\"https:\\\/\\\/www.laguiadepamplona.com\\\/actualidad\\\/wp-content\\\/uploads\\\/2018\\\/11\\\/logo-laguiadepamplona18-web1.png\",\"contentUrl\":\"https:\\\/\\\/www.laguiadepamplona.com\\\/actualidad\\\/wp-content\\\/uploads\\\/2018\\\/11\\\/logo-laguiadepamplona18-web1.png\",\"width\":600,\"height\":196,\"caption\":\"La Gu\u00eda de Pamplona \\\/ Noticias\"},\"image\":{\"@id\":\"https:\\\/\\\/www.laguiadepamplona.com\\\/actualidad\\\/#\\\/schema\\\/logo\\\/image\\\/\"},\"sameAs\":[\"https:\\\/\\\/www.facebook.com\\\/laguiadepamplonacom-133175176762273\\\/?ref=hl\",\"https:\\\/\\\/x.com\\\/LaGuiadPamplona\",\"https:\\\/\\\/www.instagram.com\\\/la_guia_de_pamplona\\\/\",\"https:\\\/\\\/www.youtube.com\\\/user\\\/laguiadepamplona\"]},{\"@type\":\"Person\",\"@id\":\"https:\\\/\\\/www.laguiadepamplona.com\\\/actualidad\\\/#\\\/schema\\\/person\\\/efe887376f0213d4657c93adc50b1fdb\",\"name\":\"La Gu\u00eda de Pamplona\",\"image\":{\"@type\":\"ImageObject\",\"inLanguage\":\"es\",\"@id\":\"https:\\\/\\\/secure.gravatar.com\\\/avatar\\\/b6992f131dc8d30ab0dff15446e9d346d9dbd95992de0fef795073f5ea83a81c?s=96&d=mm&r=g\",\"url\":\"https:\\\/\\\/secure.gravatar.com\\\/avatar\\\/b6992f131dc8d30ab0dff15446e9d346d9dbd95992de0fef795073f5ea83a81c?s=96&d=mm&r=g\",\"contentUrl\":\"https:\\\/\\\/secure.gravatar.com\\\/avatar\\\/b6992f131dc8d30ab0dff15446e9d346d9dbd95992de0fef795073f5ea83a81c?s=96&d=mm&r=g\",\"caption\":\"La Gu\u00eda de Pamplona\"}}]}<\/script>\n<!-- \/ Yoast SEO plugin. -->","yoast_head_json":{"title":"Ma\u00f1ana jueves 1 de julio se ponen a la venta las entradas del nuevo concierto de Anne Lukin en la Ciudadela, aplazado al 23 de septiembre","description":"El Ayuntamiento de Pamplona devolver\u00e1 el importe de todas las entradas vendidas para el concierto suspendido del 18 de junio","robots":{"index":"index","follow":"follow","max-snippet":"max-snippet:-1","max-image-preview":"max-image-preview:large","max-video-preview":"max-video-preview:-1"},"canonical":"https:\/\/www.laguiadepamplona.com\/actualidad\/manana-jueves-1-de-julio-se-ponen-a-la-venta-las-entradas-del-nuevo-concierto-de-anne-lukin-en-la-ciudadela-aplazado-al-23-de-septiembre\/","og_locale":"es_ES","og_type":"article","og_title":"Ma\u00f1ana jueves 1 de julio se ponen a la venta las entradas del nuevo concierto de Anne Lukin en la Ciudadela, aplazado al 23 de septiembre","og_description":"El Ayuntamiento de Pamplona devolver\u00e1 el importe de todas las entradas vendidas para el concierto suspendido del 18 de junio","og_url":"https:\/\/www.laguiadepamplona.com\/actualidad\/manana-jueves-1-de-julio-se-ponen-a-la-venta-las-entradas-del-nuevo-concierto-de-anne-lukin-en-la-ciudadela-aplazado-al-23-de-septiembre\/","og_site_name":"La Gu\u00eda de Pamplona","article_publisher":"https:\/\/www.facebook.com\/laguiadepamplonacom-133175176762273\/?ref=hl","article_published_time":"2021-06-30T11:32:04+00:00","article_modified_time":"2023-04-11T09:49:17+00:00","og_image":[{"width":1000,"height":621,"url":"https:\/\/www.laguiadepamplona.com\/actualidad\/wp-content\/uploads\/2021\/06\/anne-lukin.jpg","type":"image\/jpeg"}],"author":"La Gu\u00eda de Pamplona","twitter_card":"summary_large_image","twitter_creator":"@LaGuiadPamplona","twitter_site":"@LaGuiadPamplona","twitter_misc":{"Escrito por":"La Gu\u00eda de Pamplona","Tiempo de lectura":"1 minuto"},"schema":{"@context":"https:\/\/schema.org","@graph":[{"@type":"Article","@id":"https:\/\/www.laguiadepamplona.com\/actualidad\/manana-jueves-1-de-julio-se-ponen-a-la-venta-las-entradas-del-nuevo-concierto-de-anne-lukin-en-la-ciudadela-aplazado-al-23-de-septiembre\/#article","isPartOf":{"@id":"https:\/\/www.laguiadepamplona.com\/actualidad\/manana-jueves-1-de-julio-se-ponen-a-la-venta-las-entradas-del-nuevo-concierto-de-anne-lukin-en-la-ciudadela-aplazado-al-23-de-septiembre\/"},"author":{"name":"La Gu\u00eda de Pamplona","@id":"https:\/\/www.laguiadepamplona.com\/actualidad\/#\/schema\/person\/efe887376f0213d4657c93adc50b1fdb"},"headline":"Ma\u00f1ana jueves 1 de julio se ponen a la venta las entradas del nuevo concierto de Anne Lukin en la Ciudadela, aplazado al 23 de septiembre","datePublished":"2021-06-30T11:32:04+00:00","dateModified":"2023-04-11T09:49:17+00:00","mainEntityOfPage":{"@id":"https:\/\/www.laguiadepamplona.com\/actualidad\/manana-jueves-1-de-julio-se-ponen-a-la-venta-las-entradas-del-nuevo-concierto-de-anne-lukin-en-la-ciudadela-aplazado-al-23-de-septiembre\/"},"wordCount":208,"commentCount":0,"publisher":{"@id":"https:\/\/www.laguiadepamplona.com\/actualidad\/#organization"},"image":{"@id":"https:\/\/www.laguiadepamplona.com\/actualidad\/manana-jueves-1-de-julio-se-ponen-a-la-venta-las-entradas-del-nuevo-concierto-de-anne-lukin-en-la-ciudadela-aplazado-al-23-de-septiembre\/#primaryimage"},"thumbnailUrl":"https:\/\/www.laguiadepamplona.com\/actualidad\/wp-content\/uploads\/2021\/06\/anne-lukin.jpg","articleSection":["Ayto Pamplona"],"inLanguage":"es","potentialAction":[{"@type":"CommentAction","name":"Comment","target":["https:\/\/www.laguiadepamplona.com\/actualidad\/manana-jueves-1-de-julio-se-ponen-a-la-venta-las-entradas-del-nuevo-concierto-de-anne-lukin-en-la-ciudadela-aplazado-al-23-de-septiembre\/#respond"]}]},{"@type":"WebPage","@id":"https:\/\/www.laguiadepamplona.com\/actualidad\/manana-jueves-1-de-julio-se-ponen-a-la-venta-las-entradas-del-nuevo-concierto-de-anne-lukin-en-la-ciudadela-aplazado-al-23-de-septiembre\/","url":"https:\/\/www.laguiadepamplona.com\/actualidad\/manana-jueves-1-de-julio-se-ponen-a-la-venta-las-entradas-del-nuevo-concierto-de-anne-lukin-en-la-ciudadela-aplazado-al-23-de-septiembre\/","name":"Ma\u00f1ana jueves 1 de julio se ponen a la venta las entradas del nuevo concierto de Anne Lukin en la Ciudadela, aplazado al 23 de septiembre","isPartOf":{"@id":"https:\/\/www.laguiadepamplona.com\/actualidad\/#website"},"primaryImageOfPage":{"@id":"https:\/\/www.laguiadepamplona.com\/actualidad\/manana-jueves-1-de-julio-se-ponen-a-la-venta-las-entradas-del-nuevo-concierto-de-anne-lukin-en-la-ciudadela-aplazado-al-23-de-septiembre\/#primaryimage"},"image":{"@id":"https:\/\/www.laguiadepamplona.com\/actualidad\/manana-jueves-1-de-julio-se-ponen-a-la-venta-las-entradas-del-nuevo-concierto-de-anne-lukin-en-la-ciudadela-aplazado-al-23-de-septiembre\/#primaryimage"},"thumbnailUrl":"https:\/\/www.laguiadepamplona.com\/actualidad\/wp-content\/uploads\/2021\/06\/anne-lukin.jpg","datePublished":"2021-06-30T11:32:04+00:00","dateModified":"2023-04-11T09:49:17+00:00","description":"El Ayuntamiento de Pamplona devolver\u00e1 el importe de todas las entradas vendidas para el concierto suspendido del 18 de junio","breadcrumb":{"@id":"https:\/\/www.laguiadepamplona.com\/actualidad\/manana-jueves-1-de-julio-se-ponen-a-la-venta-las-entradas-del-nuevo-concierto-de-anne-lukin-en-la-ciudadela-aplazado-al-23-de-septiembre\/#breadcrumb"},"inLanguage":"es","potentialAction":[{"@type":"ReadAction","target":["https:\/\/www.laguiadepamplona.com\/actualidad\/manana-jueves-1-de-julio-se-ponen-a-la-venta-las-entradas-del-nuevo-concierto-de-anne-lukin-en-la-ciudadela-aplazado-al-23-de-septiembre\/"]}]},{"@type":"ImageObject","inLanguage":"es","@id":"https:\/\/www.laguiadepamplona.com\/actualidad\/manana-jueves-1-de-julio-se-ponen-a-la-venta-las-entradas-del-nuevo-concierto-de-anne-lukin-en-la-ciudadela-aplazado-al-23-de-septiembre\/#primaryimage","url":"https:\/\/www.laguiadepamplona.com\/actualidad\/wp-content\/uploads\/2021\/06\/anne-lukin.jpg","contentUrl":"https:\/\/www.laguiadepamplona.com\/actualidad\/wp-content\/uploads\/2021\/06\/anne-lukin.jpg","width":1000,"height":621},{"@type":"BreadcrumbList","@id":"https:\/\/www.laguiadepamplona.com\/actualidad\/manana-jueves-1-de-julio-se-ponen-a-la-venta-las-entradas-del-nuevo-concierto-de-anne-lukin-en-la-ciudadela-aplazado-al-23-de-septiembre\/#breadcrumb","itemListElement":[{"@type":"ListItem","position":1,"name":"Portada","item":"https:\/\/www.laguiadepamplona.com\/actualidad\/"},{"@type":"ListItem","position":2,"name":"Ma\u00f1ana jueves 1 de julio se ponen a la venta las entradas del nuevo concierto de Anne Lukin en la Ciudadela, aplazado al 23 de septiembre"}]},{"@type":"WebSite","@id":"https:\/\/www.laguiadepamplona.com\/actualidad\/#website","url":"https:\/\/www.laguiadepamplona.com\/actualidad\/","name":"La gu\u00eda de Pamplona","description":"Noticias de Pamplona","publisher":{"@id":"https:\/\/www.laguiadepamplona.com\/actualidad\/#organization"},"potentialAction":[{"@type":"SearchAction","target":{"@type":"EntryPoint","urlTemplate":"https:\/\/www.laguiadepamplona.com\/actualidad\/?s={search_term_string}"},"query-input":{"@type":"PropertyValueSpecification","valueRequired":true,"valueName":"search_term_string"}}],"inLanguage":"es"},{"@type":"Organization","@id":"https:\/\/www.laguiadepamplona.com\/actualidad\/#organization","name":"La Gu\u00eda de Pamplona \/ Noticias","url":"https:\/\/www.laguiadepamplona.com\/actualidad\/","logo":{"@type":"ImageObject","inLanguage":"es","@id":"https:\/\/www.laguiadepamplona.com\/actualidad\/#\/schema\/logo\/image\/","url":"https:\/\/www.laguiadepamplona.com\/actualidad\/wp-content\/uploads\/2018\/11\/logo-laguiadepamplona18-web1.png","contentUrl":"https:\/\/www.laguiadepamplona.com\/actualidad\/wp-content\/uploads\/2018\/11\/logo-laguiadepamplona18-web1.png","width":600,"height":196,"caption":"La Gu\u00eda de Pamplona \/ Noticias"},"image":{"@id":"https:\/\/www.laguiadepamplona.com\/actualidad\/#\/schema\/logo\/image\/"},"sameAs":["https:\/\/www.facebook.com\/laguiadepamplonacom-133175176762273\/?ref=hl","https:\/\/x.com\/LaGuiadPamplona","https:\/\/www.instagram.com\/la_guia_de_pamplona\/","https:\/\/www.youtube.com\/user\/laguiadepamplona"]},{"@type":"Person","@id":"https:\/\/www.laguiadepamplona.com\/actualidad\/#\/schema\/person\/efe887376f0213d4657c93adc50b1fdb","name":"La Gu\u00eda de Pamplona","image":{"@type":"ImageObject","inLanguage":"es","@id":"https:\/\/secure.gravatar.com\/avatar\/b6992f131dc8d30ab0dff15446e9d346d9dbd95992de0fef795073f5ea83a81c?s=96&d=mm&r=g","url":"https:\/\/secure.gravatar.com\/avatar\/b6992f131dc8d30ab0dff15446e9d346d9dbd95992de0fef795073f5ea83a81c?s=96&d=mm&r=g","contentUrl":"https:\/\/secure.gravatar.com\/avatar\/b6992f131dc8d30ab0dff15446e9d346d9dbd95992de0fef795073f5ea83a81c?s=96&d=mm&r=g","caption":"La Gu\u00eda de Pamplona"}}]}},"post_mailing_queue_ids":[],"_links":{"self":[{"href":"https:\/\/www.laguiadepamplona.com\/actualidad\/wp-json\/wp\/v2\/posts\/35770","targetHints":{"allow":["GET"]}}],"collection":[{"href":"https:\/\/www.laguiadepamplona.com\/actualidad\/wp-json\/wp\/v2\/posts"}],"about":[{"href":"https:\/\/www.laguiadepamplona.com\/actualidad\/wp-json\/wp\/v2\/types\/post"}],"author":[{"embeddable":true,"href":"https:\/\/www.laguiadepamplona.com\/actualidad\/wp-json\/wp\/v2\/users\/1"}],"replies":[{"embeddable":true,"href":"https:\/\/www.laguiadepamplona.com\/actualidad\/wp-json\/wp\/v2\/comments?post=35770"}],"version-history":[{"count":0,"href":"https:\/\/www.laguiadepamplona.com\/actualidad\/wp-json\/wp\/v2\/posts\/35770\/revisions"}],"wp:featuredmedia":[{"embeddable":true,"href":"https:\/\/www.laguiadepamplona.com\/actualidad\/wp-json\/wp\/v2\/media\/35771"}],"wp:attachment":[{"href":"https:\/\/www.laguiadepamplona.com\/actualidad\/wp-json\/wp\/v2\/media?parent=35770"}],"wp:term":[{"taxonomy":"category","embeddable":true,"href":"https:\/\/www.laguiadepamplona.com\/actualidad\/wp-json\/wp\/v2\/categories?post=35770"},{"taxonomy":"post_tag","embeddable":true,"href":"https:\/\/www.laguiadepamplona.com\/actualidad\/wp-json\/wp\/v2\/tags?post=35770"}],"curies":[{"name":"wp","href":"https:\/\/api.w.org\/{rel}","templated":true}]}}