{"id":35438,"date":"2021-06-15T12:57:20","date_gmt":"2021-06-15T10:57:20","guid":{"rendered":"https:\/\/www.laguiadepamplona.com\/actualidad\/?p=35438"},"modified":"2023-04-11T11:49:24","modified_gmt":"2023-04-11T09:49:24","slug":"viva-pamplona-viva-presenta-mas-de-400-eventos-culturales-de-musica-teatro-danza-circo-y-otras-actividades-durante-todo-el-verano","status":"publish","type":"post","link":"https:\/\/www.laguiadepamplona.com\/actualidad\/viva-pamplona-viva-presenta-mas-de-400-eventos-culturales-de-musica-teatro-danza-circo-y-otras-actividades-durante-todo-el-verano\/","title":{"rendered":"\u2018Viva Pamplona viva\u2019 presenta m\u00e1s de 400 eventos culturales de m\u00fasica, teatro, danza, circo y otras actividades durante todo el verano"},"content":{"rendered":"<h5>Amaia Romero, Bad Gyal, o El Kanka actuar\u00e1n en la Ciudadela, donde tambi\u00e9n, del 6 al 14 de julio, se expondr\u00e1n los gigantes del ayuntamiento<\/h5>\n<p><!--more--><\/p>\n<p>El programa de actividades culturales \u2018Viva Pamplona viva\u2019 pondr\u00e1 en marcha durante el verano m\u00e1s de 400 actividades, que no dejar\u00e1n ning\u00fan d\u00eda de julio y agosto sin propuestas culturales en la ciudad. Se trata de una apuesta del Ayuntamiento de Pamplona por la cultura al aire libre para ofrecer una actividad variada y segura, cumpliendo todos los protocolos para evitar la propagaci\u00f3n del virus. La Ciudadela ser\u00e1 el lugar de referencia de esta propuesta, gracias a un escenario que ofrece capacidad para 800 asistentes y al que se van a subir, adem\u00e1s de grupos de jazz, folklore o bandas, artistas y bandas que actualmente gozan de una amplia popularidad en el \u00e1mbito nacional. Tambi\u00e9n en el recinto amurallado la Comparsa de Gigantes y Cabezudos ofrecer\u00e1 un espect\u00e1culo gratuito en tres jornadas a lo largo del verano y sus figuras se expondr\u00e1n del 6 al 14 de julio para que todo el que quiera pueda visitarlas.<\/p>\n<p><script async src=\"\/\/pagead2.googlesyndication.com\/pagead\/js\/adsbygoogle.js\"><\/script><br \/>\n<!-- Noticias La Guia de Pamplona --><br \/>\n<ins class=\"adsbygoogle\"\nstyle=\"display:block\"\ndata-ad-client=\"ca-pub-6943679897239327\"\ndata-ad-slot=\"7048180777\"\ndata-ad-format=\"auto\"><\/ins><br \/>\n<script>\n(adsbygoogle = window.adsbygoogle || []).push({});\n<\/script><\/p>\n<p>\u2018\u00a1Viva Pamplona viva!\u2019 llevar\u00e1 a la Ciudadela las noches de viernes y s\u00e1bados a lo largo del verano la m\u00fasica de artistas de reconocido prestigio de varios estilos. La presencia en este escenario al aire libre de Don Patricio, Kutxi Romero, Quique Gonz\u00e1lez, la Mala Rodr\u00edguez, Izaro, Neil Moliner, o la formaci\u00f3n \u2018DVicio\u2019 deja claro que habr\u00e1 propuestas para todos los gustos. Y a estos se suman los nombres de otras bandas o solistas que actualmente cosechan millones de reproducciones en internet, como Bad Gyal, La M.O.D.A., Califato \u00be, Zea Mays, \u2018Skakeitian + Skabidean\u2019, el Kanka, Stay Homas o Freedonia y Los Mejillones Tigre. Las entradas para estos espect\u00e1culos estar\u00e1n a la venta en la p\u00e1gina web <a href=\"http:\/\/www.pamplonaescultura.es\" target=\"_blank\" rel=\"noopener\">www.pamplonaescultura.es<\/a> a partir de ma\u00f1ana d\u00eda 16 de junio.<\/p>\n<p>Si el a\u00f1o pasado fueron Natialia Lacunza y la \u2018Chica Sobresalto\u2019, en esta edici\u00f3n \u2018Noches de Ciudadela\u2019 tambi\u00e9n ha reservado cartel para otras dos artistas pamplonesas que est\u00e1n haciendo carrera musical tras su paso por el talent televisivo \u2018Operaci\u00f3n Triunfo\u2019. En esta ocasi\u00f3n ser\u00e1n Amaia Romero (7 de agosto) y Anne Lukin (18 de junio) las que protagonicen una noche musical en su ciudad.\u00a0 Las entradas para estos conciertos se podr\u00e1n adquirir a trav\u00e9s de la web municipal de Cultura, en la direcci\u00f3n pamplonaescultura.es. Al igual que el a\u00f1o pasado, estas citas tendr\u00e1n lugar en el escenario que el Ayuntamiento de Pamplona ha habilitado en la Ciudadela, en un espacio perimetrado en la pradera ubicada detr\u00e1s del cuerpo de guardia, junto a la entrada que da a la avenida del Ej\u00e9rcito. El aforo de este espacio asciende a 800 personas. Las puertas se abrir\u00e1n para cada concierto 45 minutos antes de su inicio. Desde el Consistorio se garantiza el cumplimiento de los protocolos y normativas antiCOVID en pro de una cultura segura.<\/p>\n<p><script async src=\"\/\/pagead2.googlesyndication.com\/pagead\/js\/adsbygoogle.js\"><\/script><br \/>\n<!-- Noticias La Guia de Pamplona --><br \/>\n<ins class=\"adsbygoogle\"\nstyle=\"display:block\"\ndata-ad-client=\"ca-pub-6943679897239327\"\ndata-ad-slot=\"7048180777\"\ndata-ad-format=\"auto\"><\/ins><br \/>\n<script>\n(adsbygoogle = window.adsbygoogle || []).push({});\n<\/script><\/p>\n<p><strong>La Comparsa pasa el verano en la Ciudadela, con tres jornadas de espect\u00e1culo y una exposici\u00f3n del 6 a al 14 de julio<\/strong><\/p>\n<p>La Comparsa de Gigantes y Cabezudos tambi\u00e9n se suma a la programaci\u00f3n de \u2018Viva Pamplona viva\u2019 con un espect\u00e1culo de danza tradicional que tendr\u00e1 lugar en tres jornadas repartidas a lo largo del calendario del verano. Se ofrecer\u00e1 de manera gratuita con entrada libre hasta completar aforo en la Ciudadela. Concretamente, ser\u00e1 los d\u00edas los d\u00edas 4 y 28 de julio y el 4 de septiembre, en varias sesiones de 20 minutos. Las citas ser\u00e1n el domingo 4 julio, a las 10:30, 11:30, 12:30 y 18:30, 19:30 y 20:30; el mi\u00e9rcoles 28 julio a 18:30, 19:30 y 20:30; y el s\u00e1bado 4 septiembre a las 10:30, 11:30, 12:30 y 18:30, 19:30 y 20:30 horas.<\/p>\n<p>Por segundo a\u00f1o consecutivo debido a las consecuencias de la pandemia, la Comparsa de Gigantes y Cabezudos de Pamplona no podr\u00e1 recorrer las calles de la ciudad en su cita habitual del 6 al 14 de julio, pero este a\u00f1o s\u00ed que podr\u00e1n ser visitados durante esas fechas en la Sala de Armas de la Ciudadela. Se abre as\u00ed la posibilidad de que, con medidas de distanciamiento y aforo, todo el que quiera se pueda fotografiar junto con Braulia, Toko-toko, Esther Arata, y el resto de los gigantes, as\u00ed como con una representaci\u00f3n de los kilikis, zaldikos y cabezudos que forman parte de la Comparsa. La entrada ser\u00e1 gratuita y se podr\u00e1n ver en la planta baja de Sala de Armas de 11:30 a 13:30 y de 18:00 a 20:30.<\/p>\n<p><script async src=\"\/\/pagead2.googlesyndication.com\/pagead\/js\/adsbygoogle.js\"><\/script><br \/>\n<!-- Noticias La Guia de Pamplona --><br \/>\n<ins class=\"adsbygoogle\"\nstyle=\"display:block\"\ndata-ad-client=\"ca-pub-6943679897239327\"\ndata-ad-slot=\"7048180777\"\ndata-ad-format=\"auto\"><\/ins><br \/>\n<script>\n(adsbygoogle = window.adsbygoogle || []).push({});\n<\/script><\/p>\n<p><strong>Ciudadela, centro neur\u00e1lgico de la cultura de Pamplona durante el verano<\/strong><\/p>\n<p>\u2018Viva Pamplona viva\u2019 llevar\u00e1 cada domingo entre el 2 de julio y el 5 de septiembre a partir de las 19:30 horas al escenario de Ciudadela el ciclo \u2018M\u00fasica para Banda\u2019. La Banda sinf\u00f3nica de la Federaci\u00f3n de Bandas de M\u00fasica de Navarra lo inaugurar\u00e1 el d\u00eda 2 con un espect\u00e1culo especial preparado para la ocasi\u00f3n con la participaci\u00f3n de 65 m\u00fasicos de las 55 bandas en el que invitar\u00e1n a los asistentes a realizar un viaje audiovisual a trav\u00e9s de los secretos de las bandas sonoras en el cine. A este concierto inaugural le seguir\u00e1n a partir del domingo 11 julio, la Banda de M\u00fasica de Azagra, Banda de m\u00fasica Mariano Garc\u00eda de Aoiz, la Banda de Zizur Mayor, Banda de M\u00fasica de Sartaguda y Banda de M\u00fasica Zuloandia- Ayegui, Banda de m\u00fasica de Peralta, Banda Alai Taldea de Gar\u00ednoain, Banda de m\u00fasica Ler\u00edn, y Banda de m\u00fasica Fitero.<\/p>\n<p>Los lunes, Ciudadela se llenar\u00e1 de expresiones art\u00edsticas diversas tanto de Navarra como de otros lugares del mundo de la mano del ciclo \u2018Puro folklore\u2019. Tendr\u00e1 lugar del 12 julio al 20 septiembre, a partir de las 19:00 horas con entrada libre hasta completar aforo. Y los jueves, \u2018Viva Pamplona viva\u2019 los dedicar\u00e1 al jazz con recitales tambi\u00e9n desde el escenario de la Ciudadela desde las ocho de la tarde. Este ciclo arrancar\u00e1 el 8 de julio con a \u2018The New jazz proyect\u2019, y le seguir\u00e1n, el jueves 15 de julio, \u2018The Cubintage\u2019, el 22 de julio, \u2018Terela Gradin Sings Caymmi\u2019 y, por \u00faltimo, el 29 de julio, \u2018Pamplona Jazz Big Band\u2019.<\/p>\n<p>Ya en el mes de agosto, se inaugurar\u00e1 el Festival de las Murallas, que tendr\u00e1 lugar de lunes a viernes, del 2 al 19 agosto, durante tres semanas consecutivas, a las 20:00 horas, a excepci\u00f3n de dos eventos nocturnos que comenzar\u00e1n a las 22:00 de la noche cuando haya ca\u00eddo la luz. Uno de ellos ser\u00e1 el de inauguraci\u00f3n y que protagonizar\u00e1 de nuevo Suakai, con un espect\u00e1culo similar al que presentaron el a\u00f1o pasado, que obtuvo una gran acogida. Uno de los espect\u00e1culos recordar\u00e1 la figura de la funambulista Remigia Echarren, m\u00e1s conocida como \u2018La Reina del Arga\u2019.<\/p>\n<p>La Ciudadela albergar\u00e1 adem\u00e1s el ciclo \u2018Melod\u00edas del Mundo\u2019, con tres conciertos que tendr\u00e1n lugar los jueves 9, 16 y 23 de septiembre. Adem\u00e1s, el recinto amurallado acoger\u00e1 otros conciertos y espect\u00e1culos especiales como el D\u00eda de la \u00d3pera, el pr\u00f3ximo 20 junio a las 19:30, con el Coro de la AGAO acompa\u00f1ado de m\u00fasica de piano; el Concierto de la Orquesta Sinf\u00f3nica de Navarra, el viernes 20 agosto a las 19:30; y el Alarde de Txistularis, el s\u00e1bado 11 septiembre, a las 10:00 horas. Por \u00faltimo, en los jardines junto a la Sala de Armas de la Ciudadela se realizar\u00e1n talleres infantiles en euskera (3-6 a\u00f1os) y sesiones de juegos cooperativos en euskera (7 \u2013 11 a\u00f1os), entre el 20 y el 29 julio, y el 10 y 19 de agosto. Las inscripciones se pueden realizar a trav\u00e9s de tel\u00e9fono 010, hasta la v\u00edspera de la actividad, a un precio de 3 euros por participante y sesi\u00f3n. Adem\u00e1s, todas las salas de exposiciones del recinto albergar\u00e1n una muestra art\u00edstica en torno a los Sanfermines que se presentar\u00e1 el pr\u00f3ximo 2 de julio.<\/p>\n<p><script async src=\"\/\/pagead2.googlesyndication.com\/pagead\/js\/adsbygoogle.js\"><\/script><br \/>\n<!-- Noticias La Guia de Pamplona --><br \/>\n<ins class=\"adsbygoogle\"\nstyle=\"display:block\"\ndata-ad-client=\"ca-pub-6943679897239327\"\ndata-ad-slot=\"7048180777\"\ndata-ad-format=\"auto\"><\/ins><br \/>\n<script>\n(adsbygoogle = window.adsbygoogle || []).push({});\n<\/script><\/p>\n<p><strong>La m\u00fasica se escuchar\u00e1 por toda la ciudad con conciertos en lugares emblem\u00e1ticos<\/strong><\/p>\n<p>En su objetivo por difundir la cultura de una manera segura, \u2018Viva Pamplona viva\u2019 vuelve a apostar este verano por el ciclo \u2018Salas de m\u00fasica en la calle\u2019, en el que, en colaboraci\u00f3n con establecimientos hosteleros de la ciudad, se programan a lo largo del verano citas musicales en lugares abiertos y con suficiente espacio como para permitir unos aforos adecuados. As\u00ed, las plazas de la Virgen de la O, los Burgos y San Jos\u00e9, el Jito Alai o la Taconera se convertir\u00e1n en escenarios que recibir\u00e1n a formaciones de una gran variedad de estilos como el indie pop, el heavy metal, el folk rock, el reggae fusi\u00f3n o el punk. Todos los conciertos programados tendr\u00e1n entrada libre hasta completar el aforo permitido en cada espacio.<\/p>\n<p>\u2018Salas de m\u00fasica en la calle\u2019 arranca esta misma tarde con la actuaci\u00f3n de \u2018Simona\u2019, con un concierto que comenzar\u00e1 a las 20 horas en la plaza de los Burgos. La artista argentina, afincada en Barcelona, debut\u00f3 en 2019 con su single \u2018Bali\u2019, que le puso en el foco de la escena emergente. Este a\u00f1o suena con \u2018Rosa pastel\u2019, con aires de <em>latin pop barrial<\/em> y <em>sweet reggaet\u00f3n<\/em> y con \u2018Lluvia\u2019, un trueno electro-pop que se suma al universo collage de la artista. Cada martes de verano, hasta el 14 de septiembre, a partir de las ocho una formaci\u00f3n podr\u00e1 su m\u00fasica a la tarde pamplonesa. Lemon y Tal, Gregario de Luxe, Exnovios o The Lizards ser\u00e1n algunas de las trece formaciones que participar\u00e1n.<\/p>\n<p><script async src=\"\/\/pagead2.googlesyndication.com\/pagead\/js\/adsbygoogle.js\"><\/script><br \/>\n<!-- Noticias La Guia de Pamplona --><br \/>\n<ins class=\"adsbygoogle\"\nstyle=\"display:block\"\ndata-ad-client=\"ca-pub-6943679897239327\"\ndata-ad-slot=\"7048180777\"\ndata-ad-format=\"auto\"><\/ins><br \/>\n<script>\n(adsbygoogle = window.adsbygoogle || []).push({});\n<\/script><\/p>\n<p><strong>\u2018Viva Pamplona viva\u2019 llena de cultura toda la ciudad durante todo el verano<\/strong><\/p>\n<p>El patio ajardinado del Palacio de Ezpeleta acoger\u00e1 durante el verano una veintena de actividades culturales del programa \u2018Viva Pamplona viva\u2019. Cada d\u00eda de la semana estar\u00e1 dedicado a un ciclo, as\u00ed, los lunes 2, 9, 16, 23 agosto, 20:00, tendr\u00e1n lugar los conciertos Versionando. Los martes 3, 10, 17, 24 agosto, a las 19:00, llegar\u00e1 \u2018Artes de calle\u2019, para dejar paso los mi\u00e9rcoles 4, 11, 18, 25 agosto, 19:00 horas, a \u2018M\u00fasica en familia\u2019. Los jueves, 5, 12 y 19 agosto, el Palacio de Ezpeleta acoger\u00e1 talleres y juegos infantiles y familiares y los viernes 6 y 13 agosto, a las 22:00, ser\u00e1 el turno del tradicional \u2018Noches de cine\u2019, con la proyecci\u00f3n de las pel\u00edculas \u2018Pagafantas\u2019 en euskera y \u2018Jumanji. Siguiente nivel\u2019. Este programa tambi\u00e9n llegar\u00e1 a los diez barrios de Pamplona, programando cine en la calle a partir de las diez de la noche durante todo el mes de agosto.<\/p>\n<p>Otro de los escenarios que tendr\u00e1n actividad cultural este verano es la Plaza Virgen de la O, que acoger\u00e1 el programa \u2018Atardecer Pamplona\u2019, con espect\u00e1culos de teatro, m\u00fasica y danza combinados con tecnolog\u00eda y la puesta de sol como fondo de escenario. Tendr\u00e1n lugar los viernes 23, 30 julio y 6, 13, 20 agosto, a partir de las 20:00 horas.\u00a0 Actuar\u00e1n grupos como Danzai Andrea Irurzun, Trakamatraka, Big Van Ciencia, Neonymus y Circonciencia.<\/p>\n<p>Por otro lado, el Front\u00f3n Jito Alai, vuelve a acoger este a\u00f1o el ciclo \u2018Danzad, danzad malditos\u2019, los d\u00edas 7, 14 y 21 agosto con grupos de danza de calle, danza experimental y creaciones especiales realizadas para el espacio en concreto. Este programa se realiza cada a\u00f1o, gracias a la colaboraci\u00f3n de la core\u00f3grafa y bailarina Carmen Larraz y La Faktor\u00eda. Por \u00faltimo, la red Civivox ofrecer\u00e1 actuaciones musicales en varios puntos de la capital a lo largo del verano. El ciclo \u2018Enklaves. Conciertos en barrios y plazas\u2019 llegar\u00e1 a la Taconera, al Jito Alai, al puente de San Pedro de la Rochapea, al parque de la Media Luna, la vuelta del Castillo o la plaza de la Virgen de la O<\/p>\n<p><script async src=\"\/\/pagead2.googlesyndication.com\/pagead\/js\/adsbygoogle.js\"><\/script><br \/>\n<!-- Noticias La Guia de Pamplona --><br \/>\n<ins class=\"adsbygoogle\"\nstyle=\"display:block\"\ndata-ad-client=\"ca-pub-6943679897239327\"\ndata-ad-slot=\"7048180777\"\ndata-ad-format=\"auto\"><\/ins><br \/>\n<script>\n(adsbygoogle = window.adsbygoogle || []).push({});\n<\/script><\/p>\n<p>&nbsp;<\/p>\n<h3>Calendario de actividades de \u2018Viva Pamplona viva\u2019<\/h3>\n<ul>\n<li><span style=\"color: #ff0000;\"><strong>Programaci\u00f3n de conciertos \u2018Noches de Ciudadela\u2019<\/strong><\/span>\n<ul>\n<li>Viernes 18 junio. Anne Lukin<\/li>\n<li>S\u00e1bado 19 junio. Don Patricio<\/li>\n<li>Viernes 25 junio. Kutxi Romero<\/li>\n<li>Viernes 09 julio. La M.O.D.A. (La maravillosa orquesta del alcohol)<\/li>\n<li>S\u00e1bado 10 julio. Zea Mays<\/li>\n<li>Viernes 16 julio. Quique Gonz\u00e1lez<\/li>\n<li>S\u00e1bado 17 julio. Mala Rodriguez &#8211; Lujo Ib\u00e9rico Unplugged<\/li>\n<li>Viernes 23 julio. Dvicio<\/li>\n<li>S\u00e1bado 24 julio. Califato 3\/4 + Cari\u00f1o<\/li>\n<li>Viernes 30 julio. Skakeitan + Skabidean<\/li>\n<li>S\u00e1bado 31 julio. Beltza Weekend presenta: Freedonia + Los Mejillones Tigre<\/li>\n<li>S\u00e1bado 07 agosto. Amaia Romero<\/li>\n<li>S\u00e1bado 14 agosto. Izaro<\/li>\n<li>S\u00e1bado 21 agosto. Stay Homas<\/li>\n<li>Viernes 17 septiembre. El Kanka<\/li>\n<li>Viernes 24 septiembre. Nil Moliner<\/li>\n<li>S\u00e1bado 25 septiembre. Bad Gyal<\/li>\n<\/ul>\n<\/li>\n<\/ul>\n<p>&nbsp;<\/p>\n<ul>\n<li><span style=\"color: #ff0000;\"><strong>Programaci\u00f3n de conciertos \u2018Salas de m\u00fasica en la calle\u2019<\/strong><\/span>\n<ul>\n<li>15 junio. SIMONA (r n b.) Plaza de los Burgos<\/li>\n<li>22 junio. IKER MARTINEZ ETA ZALDI HERRENAK (folk rock) Jito Alai<\/li>\n<li>29 junio. LEMON Y TAL (pop rock) Plaza San Jos\u00e9<\/li>\n<li>13 julio. THE LIZARDS (hard rock) Jito Alai<\/li>\n<li>20 julio. THE TITANIANS (reggae fusi\u00f3n) Plaza San Jos\u00e9<\/li>\n<li>27 julio.\u00a0 LEHIOTIKAN (punk) Patio de las salesianas<\/li>\n<li>3 agosto. TOIFELTHAL (heavy metal). Jito Alai<\/li>\n<li>10 agosto. EXNOVIOS (pop shoegaze). Plaza de la O<\/li>\n<li>17 agosto. LOBOS NEGROS (rock n roll, rockabilly) Taconera<\/li>\n<li>24 agosto. RIO ARGA (indie pop) Plaza de la O<\/li>\n<li>31 agosto. GREGARIO DE LUXE soul) Taconera<\/li>\n<li>7 septiembre.\u00a0 JON ULECIA &amp; CANTINA BIZARRO (rock) Plaza de la O<\/li>\n<li>14 septiembre. GUARIMBA (cumbia electr\u00f3nica) Plaza de la O<\/li>\n<\/ul>\n<\/li>\n<\/ul>\n<p>&nbsp;<\/p>\n<ul>\n<li><span style=\"color: #ff0000;\"><strong>Programaci\u00f3n jueves de jazz (Del 8 al 29 de julio. Jueves. 20:00 horas)<\/strong><\/span>\n<ul>\n<li>Jueves 8 julio. The New jazz proyect<\/li>\n<li>Jueves 15 julio. The Cubintage<\/li>\n<li>Jueves 22 julio. Terela Gradin Sings Caymmi<\/li>\n<li>Jueves 29 julio. Pamplona Jazz Big Band<\/li>\n<\/ul>\n<\/li>\n<\/ul>\n<p>&nbsp;<\/p>\n<ul>\n<li><span style=\"color: #ff0000;\"><strong>Programaci\u00f3n m\u00fasica para banda (domingos. Del 2 julio a 5 septiembre. 19:30 horas)<\/strong><\/span>\n<ul>\n<li>Viernes 2 julio. 22:00 horas. Banda sinf\u00f3nica de la Federaci\u00f3n de Bandas de M\u00fasica de Navarra. Viaje audiovisual a trav\u00e9s de los secretos de las Bandas Sonoras en el cine. Un espect\u00e1culo sonoro y visual con el que el protagonista, Samuel, ir\u00e1 desvelando sus vivencias desde la sala de proyecciones de un cine. Act\u00faan 65 m\u00fasicos de las 55 bandas federadas.<\/li>\n<li>Domingo 11 julio. 19:30 horas. Banda de M\u00fasica de Azagra<\/li>\n<li>Domingo 18 julio. 19:30 horas. Banda de m\u00fasica Mariano Garc\u00eda de Aoiz<\/li>\n<li>Domingo 25 julio. 19:30 horas. Banda de Zizur Mayor<\/li>\n<li>Domingo 1 agosto. 19:30 horas. Banda de M\u00fasica de Sartaguda y Banda de M\u00fasica Zuloandia- Ayegui<\/li>\n<li>Domingo 8 agosto. 19:30 horas. Banda de m\u00fasica de Peralta<\/li>\n<li>Domingo 15 agosto. 19:30 horas. Banda Alai Taldea de Gar\u00ednoain<\/li>\n<li>Domingo 22 agosto. 19:30 horas. Banda de m\u00fasica Ler\u00edn<\/li>\n<li>Domingo 5 septiembre. 19:30 horas. Banda de m\u00fasica Fitero<\/li>\n<\/ul>\n<\/li>\n<\/ul>\n<p>&nbsp;<\/p>\n<ul>\n<li><span style=\"color: #ff0000;\"><strong>Melod\u00edas del mundo<\/strong><\/span>\n<ul>\n<li>Jueves 9 septiembre. 20:00. Pan con chile. M\u00fasica latinoamericana<\/li>\n<li>Jueves 16 septiembre. 20:00. Patricia Kraus. M\u00fasica fusi\u00f3n.<\/li>\n<\/ul>\n<\/li>\n<\/ul>\n<p>&nbsp;<\/p>\n<ul>\n<li><span style=\"color: #ff0000;\"><strong>Talleres y juegos en euskera en la Ciudadela<\/strong><\/span>\n<ul>\n<li>20, 21, 22, 27, 28, 29 julio y 10, 11, 12, 17, 18, 19 agosto. 11:00 a 12:30 horas. Talleres infantiles en euskera (3-6 a\u00f1os)<\/li>\n<li>20, 21, 22, 27, 28, 29 julio. 11:00 a 12:30 horas. Juegos infantiles en euskera (7-11 a\u00f1os) Itsaspeko bihotzak (Corazones bajo el mar)<\/li>\n<li>10, 11, 12, 17, 18, 19 agosto. Juegos infantiles en euskera (7-11 a\u00f1os) Labirintoaren erbestean (A las afueras del laberinto).<\/li>\n<\/ul>\n<\/li>\n<\/ul>\n<p>&nbsp;<\/p>\n<ul>\n<li><span style=\"color: #ff0000;\"><strong>Patio del Palacio de Ezpeleta<\/strong><\/span>\n<ul>\n<li>2, 9, 16, 23 agosto. Lunes. 20:00. Conciertos Versionando. THE MIRRORBALLS, XABIER ARTIEDA-THE ROAD, CORRECAMINOS ROCK&amp;ROLL BAND, THE CORLEONE\u00b4S BAND.<\/li>\n<li>3, 10, 17, 24 agosto. Martes. 19:00. Artes de calle. BASERRIKO PORRUSALDA (BAPATEAN ZIRKO) (EUS), YEE-HAW (LA BANDA DEL OTRO), OHLIMPIADAS (SINCRONACIDAS), CHEF NATURE (MARKELI\u00d1E).<\/li>\n<li>4, 11, 18, 25 agosto. Mi\u00e9rcoles. 19:00. M\u00fasica en familia. FETEN FETEN, BILLY BOOM BAND, PORRUTATA-DEMODE QUARTET (EUS), MUSAS Y FUSAS.<\/li>\n<li>5, 12, 19 agosto. Jueves. 18:30-20:30 Talleres y juegos infantiles y familiares. \u00a1KLIK! CREA TU PROPIA C\u00c1MARA DE DIBUJOS (KALIGRAMAK Y ART CINCO); \u00a1BICHOS DE CART\u00d3N! (LA PAI); FAMILY FRIENDLY (Taller de circo) (LA RASPA)<\/li>\n<li>6, 13 agosto. Viernes. 22:00. Noches de cine. PAGAFANTAS (Euskera), JUMANJI. SIGUIENTE NIVEL<\/li>\n<\/ul>\n<\/li>\n<\/ul>\n<p>&nbsp;<\/p>\n<ul>\n<li><span style=\"color: #ff0000;\"><strong>\u2018Atardecer Pamplona\u2019. Plaza Virgen de la O<\/strong><\/span>\n<ul>\n<li>Viernes 23 julio. 20:00. Danza contempor\u00e1nea. <em>Re-Des<\/em>. Danzai andrea irurzun<\/li>\n<li>Viernes 30 julio. 20:00. M\u00fasica\/medio ambiente. <em>Matraka ma non troppo<\/em>. Trakamatraka.<\/li>\n<li>Viernes 6 agosto. 20:00. Teatro. <em>Clowntifics<\/em>. Big van ciencia<\/li>\n<li>Viernes 13 agosto. 20:00. M\u00fasica\/tecnolog\u00eda. <em>Viajeros del tiempo<\/em>. neonymus<\/li>\n<li>Viernes 20 agosto. 20:00. Circo\/teatro. <em>Redoxidables<\/em>. circonciencia<\/li>\n<\/ul>\n<\/li>\n<\/ul>\n<p>&nbsp;<\/p>\n<p>&nbsp;<\/p>\n<ul>\n<li><span style=\"color: #ff0000;\"><strong>\u2018Enklaves\u2019. Conciertos en barrios y plazas<\/strong><\/span>\n<ul>\n<li>30 DE JULIO. Parque de la Taconera. Rol\u00e1n Garc\u00e9s<\/li>\n<li>6 DE AGOSTO. Jito Alai. A1Goldie<\/li>\n<li>13 DE AGOSTO. Katanga Dub. Rochapea (Puente de San Pedro)<\/li>\n<li>20 DE AGOSTO. Goxuan Salsa. Parque de la Media Luna<\/li>\n<li>27 DE AGOSTO. Zuberoa Azn\u00e1rez. Vuelta del Castillo.<\/li>\n<li>3 DE SEPTIEMBRE. Kokoshca. Plaza Virgen de la O<\/li>\n<\/ul>\n<\/li>\n<\/ul>\n<p>&nbsp;<\/p>\n<ul>\n<li><span style=\"color: #ff0000;\"><strong>Noches de cine en los barrios<\/strong><\/span>\n<ul>\n<li>Etxabakoitz\u00a0\u00a0\u00a0\u00a0 02\/08\/2021 Cine\u00a0\u00a0\u00a0\u00a0\u00a0\u00a0\u00a0\u00a0 MIA Y EL LE\u00d3N BLANCO<\/li>\n<li>\u00a0\u00a0\u00a0\u00a0 03\/08\/2021 Cine\u00a0\u00a0\u00a0\u00a0\u00a0\u00a0\u00a0\u00a0 PADRE NO HAY MAS QUE UNO 2: LA LLEGADA DE LA SUEGRA<\/li>\n<li>Yamaguchi\u00a0\u00a0\u00a0\u00a0 04\/08\/2021 Cine\u00a0\u00a0\u00a0\u00a0\u00a0\u00a0\u00a0\u00a0 DIOS M\u00cdO, \u00bfPERO QU\u00c9 TE HEMOS HECHO&#8230; AHORA?<\/li>\n<li>Mendillorri\u00a0\u00a0\u00a0\u00a0\u00a0\u00a0 05\/08\/2021 Cine\u00a0\u00a0\u00a0\u00a0\u00a0\u00a0\u00a0\u00a0 BAD BOYS FOR LIFE.<\/li>\n<li>Ezpeleta\u00a0\u00a0\u00a0\u00a0\u00a0\u00a0\u00a0\u00a0\u00a0 06\/08\/2021 Cine\u00a0\u00a0\u00a0\u00a0\u00a0\u00a0\u00a0\u00a0 PAGAFANTAS. Euskera. Subtitulada en castellano.<\/li>\n<li>Etxabakoitz\u00a0\u00a0\u00a0\u00a0 09\/08\/2021 Cine\u00a0\u00a0\u00a0\u00a0\u00a0\u00a0\u00a0\u00a0 LA OVEJA SHAUN. LA PEL\u00cdCULA: GRANJAGUED\u00d3N<\/li>\n<li>\u00a0\u00a0\u00a0\u00a0 10\/08\/2021 Cine\u00a0\u00a0\u00a0\u00a0\u00a0\u00a0\u00a0\u00a0 MINA Y EL MUNDO DE LOS SUE\u00d1OS<\/li>\n<li>Yamaguchi\u00a0\u00a0\u00a0\u00a0 11\/08\/2021 Cine\u00a0\u00a0\u00a0\u00a0\u00a0\u00a0\u00a0\u00a0 BAJO EL MISMO TECHO<\/li>\n<li>Mendillorri\u00a0\u00a0\u00a0\u00a0\u00a0\u00a0 12\/08\/2021 Cine \u00a0\u00a0\u00a0\u00a0\u00a0\u00a0\u00a0 PONYO EN EL ACANTILADO (PONYO ITSASLABARREAN). (Euskera. Subtitulada en castellano).<\/li>\n<li>Ezpeleta\u00a0\u00a0\u00a0\u00a0\u00a0\u00a0\u00a0\u00a0\u00a0 13\/08\/2021 Cine\u00a0\u00a0\u00a0\u00a0\u00a0\u00a0\u00a0\u00a0 JUMANJI. SIGUIENTE NIVEL<\/li>\n<li>Iturrama\u00a0\u00a0\u00a0\u00a0\u00a0\u00a0\u00a0\u00a0\u00a0 16\/08\/2021 Cine\u00a0\u00a0\u00a0\u00a0\u00a0\u00a0\u00a0\u00a0 CATS<\/li>\n<li>Txantrea\u00a0\u00a0\u00a0\u00a0\u00a0\u00a0\u00a0\u00a0 17\/08\/2021 Cine\u00a0\u00a0\u00a0\u00a0\u00a0\u00a0\u00a0\u00a0 LAS AVENTURAS DEL DR. DOLITTLE<\/li>\n<li>San Jorge\u00a0\u00a0\u00a0\u00a0\u00a0\u00a0 18\/08\/2021 Cine\u00a0\u00a0\u00a0\u00a0\u00a0\u00a0\u00a0\u00a0 LOS TRES MOSQUETEROS (HIRU MOSKETARIAK). (Euskera. Subtitulada en castellano).<\/li>\n<li>Milagrosa\u00a0\u00a0\u00a0\u00a0\u00a0\u00a0\u00a0 19\/08\/2021 Cine\u00a0\u00a0\u00a0\u00a0\u00a0\u00a0\u00a0\u00a0 DE LA INDIA A PAR\u00cdS EN UN ARMARIO DE IKEA<\/li>\n<li>Rochapea\u00a0\u00a0\u00a0\u00a0\u00a0\u00a0 20\/08\/2021 Cine\u00a0\u00a0\u00a0\u00a0\u00a0\u00a0\u00a0\u00a0 ABOMINABLE<\/li>\n<li>Iturrama\u00a0\u00a0\u00a0\u00a0\u00a0\u00a0\u00a0\u00a0\u00a0 23\/08\/2021 Cine\u00a0\u00a0\u00a0\u00a0\u00a0\u00a0\u00a0\u00a0 SUPERAGENTE MAKEY<\/li>\n<li>Txantrea\u00a0\u00a0\u00a0\u00a0\u00a0\u00a0\u00a0\u00a0 24\/08\/2021 Cine \u00a0\u00a0\u00a0\u00a0\u00a0\u00a0\u00a0 ERNEST &amp; CELESTINE (Euskera. Subtitulada en castellano).<\/li>\n<li>San Jorge\u00a0\u00a0\u00a0\u00a0\u00a0\u00a0 25\/08\/2021 Cine\u00a0\u00a0\u00a0\u00a0\u00a0\u00a0\u00a0\u00a0 \u00a1SCOOBY!<\/li>\n<li>Milagrosa\u00a0\u00a0\u00a0\u00a0\u00a0\u00a0\u00a0 26\/08\/2021 Cine\u00a0\u00a0\u00a0\u00a0\u00a0\u00a0\u00a0\u00a0 YESTERDAY<\/li>\n<li>Rochapea\u00a0\u00a0\u00a0\u00a0\u00a0\u00a0 27\/08\/2021 Cine\u00a0\u00a0\u00a0\u00a0\u00a0\u00a0\u00a0\u00a0 LA FAMILIA ADDAMS<\/li>\n<\/ul>\n<\/li>\n<\/ul>\n","protected":false},"excerpt":{"rendered":"<p>Amaia Romero, Bad Gyal, o El Kanka actuar\u00e1n en la Ciudadela, donde tambi\u00e9n, del 6 al 14 de julio, se expondr\u00e1n los gigantes del ayuntamiento<\/p>\n","protected":false},"author":1,"featured_media":34499,"comment_status":"open","ping_status":"closed","sticky":false,"template":"","format":"standard","meta":{"footnotes":""},"categories":[2],"tags":[],"class_list":["post-35438","post","type-post","status-publish","format-standard","has-post-thumbnail","hentry","category-ayuntamiento-pamplona"],"yoast_head":"<!-- This site is optimized with the Yoast SEO plugin v27.5 - https:\/\/yoast.com\/product\/yoast-seo-wordpress\/ -->\n<title>\u2018Viva Pamplona viva\u2019 presenta m\u00e1s de 400 eventos culturales de m\u00fasica, teatro, danza, circo y otras actividades durante todo el verano<\/title>\n<meta name=\"description\" content=\"Amaia Romero, Bad Gyal, o El Kanka actuar\u00e1n en la Ciudadela, donde tambi\u00e9n, del 6 al 14 de julio, se expondr\u00e1n los gigantes del ayuntamiento\" \/>\n<meta name=\"robots\" content=\"index, follow, max-snippet:-1, max-image-preview:large, max-video-preview:-1\" \/>\n<link rel=\"canonical\" href=\"https:\/\/www.laguiadepamplona.com\/actualidad\/viva-pamplona-viva-presenta-mas-de-400-eventos-culturales-de-musica-teatro-danza-circo-y-otras-actividades-durante-todo-el-verano\/\" \/>\n<meta property=\"og:locale\" content=\"es_ES\" \/>\n<meta property=\"og:type\" content=\"article\" \/>\n<meta property=\"og:title\" content=\"\u2018Viva Pamplona viva\u2019 presenta m\u00e1s de 400 eventos culturales de m\u00fasica, teatro, danza, circo y otras actividades durante todo el verano\" \/>\n<meta property=\"og:description\" content=\"Amaia Romero, Bad Gyal, o El Kanka actuar\u00e1n en la Ciudadela, donde tambi\u00e9n, del 6 al 14 de julio, se expondr\u00e1n los gigantes del ayuntamiento\" \/>\n<meta property=\"og:url\" content=\"https:\/\/www.laguiadepamplona.com\/actualidad\/viva-pamplona-viva-presenta-mas-de-400-eventos-culturales-de-musica-teatro-danza-circo-y-otras-actividades-durante-todo-el-verano\/\" \/>\n<meta property=\"og:site_name\" content=\"La Gu\u00eda de Pamplona\" \/>\n<meta property=\"article:publisher\" content=\"https:\/\/www.facebook.com\/laguiadepamplonacom-133175176762273\/?ref=hl\" \/>\n<meta property=\"article:published_time\" content=\"2021-06-15T10:57:20+00:00\" \/>\n<meta property=\"article:modified_time\" content=\"2023-04-11T09:49:24+00:00\" \/>\n<meta property=\"og:image\" content=\"https:\/\/www.laguiadepamplona.com\/actualidad\/wp-content\/uploads\/2021\/04\/viva-pamplona-viva.jpg\" \/>\n\t<meta property=\"og:image:width\" content=\"1500\" \/>\n\t<meta property=\"og:image:height\" content=\"746\" \/>\n\t<meta property=\"og:image:type\" content=\"image\/jpeg\" \/>\n<meta name=\"author\" content=\"La Gu\u00eda de Pamplona\" \/>\n<meta name=\"twitter:card\" content=\"summary_large_image\" \/>\n<meta name=\"twitter:creator\" content=\"@LaGuiadPamplona\" \/>\n<meta name=\"twitter:site\" content=\"@LaGuiadPamplona\" \/>\n<meta name=\"twitter:label1\" content=\"Escrito por\" \/>\n\t<meta name=\"twitter:data1\" content=\"La Gu\u00eda de Pamplona\" \/>\n\t<meta name=\"twitter:label2\" content=\"Tiempo de lectura\" \/>\n\t<meta name=\"twitter:data2\" content=\"13 minutos\" \/>\n<script type=\"application\/ld+json\" class=\"yoast-schema-graph\">{\"@context\":\"https:\\\/\\\/schema.org\",\"@graph\":[{\"@type\":\"Article\",\"@id\":\"https:\\\/\\\/www.laguiadepamplona.com\\\/actualidad\\\/viva-pamplona-viva-presenta-mas-de-400-eventos-culturales-de-musica-teatro-danza-circo-y-otras-actividades-durante-todo-el-verano\\\/#article\",\"isPartOf\":{\"@id\":\"https:\\\/\\\/www.laguiadepamplona.com\\\/actualidad\\\/viva-pamplona-viva-presenta-mas-de-400-eventos-culturales-de-musica-teatro-danza-circo-y-otras-actividades-durante-todo-el-verano\\\/\"},\"author\":{\"name\":\"La Gu\u00eda de Pamplona\",\"@id\":\"https:\\\/\\\/www.laguiadepamplona.com\\\/actualidad\\\/#\\\/schema\\\/person\\\/efe887376f0213d4657c93adc50b1fdb\"},\"headline\":\"\u2018Viva Pamplona viva\u2019 presenta m\u00e1s de 400 eventos culturales de m\u00fasica, teatro, danza, circo y otras actividades durante todo el verano\",\"datePublished\":\"2021-06-15T10:57:20+00:00\",\"dateModified\":\"2023-04-11T09:49:24+00:00\",\"mainEntityOfPage\":{\"@id\":\"https:\\\/\\\/www.laguiadepamplona.com\\\/actualidad\\\/viva-pamplona-viva-presenta-mas-de-400-eventos-culturales-de-musica-teatro-danza-circo-y-otras-actividades-durante-todo-el-verano\\\/\"},\"wordCount\":2849,\"commentCount\":0,\"publisher\":{\"@id\":\"https:\\\/\\\/www.laguiadepamplona.com\\\/actualidad\\\/#organization\"},\"image\":{\"@id\":\"https:\\\/\\\/www.laguiadepamplona.com\\\/actualidad\\\/viva-pamplona-viva-presenta-mas-de-400-eventos-culturales-de-musica-teatro-danza-circo-y-otras-actividades-durante-todo-el-verano\\\/#primaryimage\"},\"thumbnailUrl\":\"https:\\\/\\\/www.laguiadepamplona.com\\\/actualidad\\\/wp-content\\\/uploads\\\/2021\\\/04\\\/viva-pamplona-viva.jpg\",\"articleSection\":[\"Ayto Pamplona\"],\"inLanguage\":\"es\",\"potentialAction\":[{\"@type\":\"CommentAction\",\"name\":\"Comment\",\"target\":[\"https:\\\/\\\/www.laguiadepamplona.com\\\/actualidad\\\/viva-pamplona-viva-presenta-mas-de-400-eventos-culturales-de-musica-teatro-danza-circo-y-otras-actividades-durante-todo-el-verano\\\/#respond\"]}]},{\"@type\":\"WebPage\",\"@id\":\"https:\\\/\\\/www.laguiadepamplona.com\\\/actualidad\\\/viva-pamplona-viva-presenta-mas-de-400-eventos-culturales-de-musica-teatro-danza-circo-y-otras-actividades-durante-todo-el-verano\\\/\",\"url\":\"https:\\\/\\\/www.laguiadepamplona.com\\\/actualidad\\\/viva-pamplona-viva-presenta-mas-de-400-eventos-culturales-de-musica-teatro-danza-circo-y-otras-actividades-durante-todo-el-verano\\\/\",\"name\":\"\u2018Viva Pamplona viva\u2019 presenta m\u00e1s de 400 eventos culturales de m\u00fasica, teatro, danza, circo y otras actividades durante todo el verano\",\"isPartOf\":{\"@id\":\"https:\\\/\\\/www.laguiadepamplona.com\\\/actualidad\\\/#website\"},\"primaryImageOfPage\":{\"@id\":\"https:\\\/\\\/www.laguiadepamplona.com\\\/actualidad\\\/viva-pamplona-viva-presenta-mas-de-400-eventos-culturales-de-musica-teatro-danza-circo-y-otras-actividades-durante-todo-el-verano\\\/#primaryimage\"},\"image\":{\"@id\":\"https:\\\/\\\/www.laguiadepamplona.com\\\/actualidad\\\/viva-pamplona-viva-presenta-mas-de-400-eventos-culturales-de-musica-teatro-danza-circo-y-otras-actividades-durante-todo-el-verano\\\/#primaryimage\"},\"thumbnailUrl\":\"https:\\\/\\\/www.laguiadepamplona.com\\\/actualidad\\\/wp-content\\\/uploads\\\/2021\\\/04\\\/viva-pamplona-viva.jpg\",\"datePublished\":\"2021-06-15T10:57:20+00:00\",\"dateModified\":\"2023-04-11T09:49:24+00:00\",\"description\":\"Amaia Romero, Bad Gyal, o El Kanka actuar\u00e1n en la Ciudadela, donde tambi\u00e9n, del 6 al 14 de julio, se expondr\u00e1n los gigantes del ayuntamiento\",\"breadcrumb\":{\"@id\":\"https:\\\/\\\/www.laguiadepamplona.com\\\/actualidad\\\/viva-pamplona-viva-presenta-mas-de-400-eventos-culturales-de-musica-teatro-danza-circo-y-otras-actividades-durante-todo-el-verano\\\/#breadcrumb\"},\"inLanguage\":\"es\",\"potentialAction\":[{\"@type\":\"ReadAction\",\"target\":[\"https:\\\/\\\/www.laguiadepamplona.com\\\/actualidad\\\/viva-pamplona-viva-presenta-mas-de-400-eventos-culturales-de-musica-teatro-danza-circo-y-otras-actividades-durante-todo-el-verano\\\/\"]}]},{\"@type\":\"ImageObject\",\"inLanguage\":\"es\",\"@id\":\"https:\\\/\\\/www.laguiadepamplona.com\\\/actualidad\\\/viva-pamplona-viva-presenta-mas-de-400-eventos-culturales-de-musica-teatro-danza-circo-y-otras-actividades-durante-todo-el-verano\\\/#primaryimage\",\"url\":\"https:\\\/\\\/www.laguiadepamplona.com\\\/actualidad\\\/wp-content\\\/uploads\\\/2021\\\/04\\\/viva-pamplona-viva.jpg\",\"contentUrl\":\"https:\\\/\\\/www.laguiadepamplona.com\\\/actualidad\\\/wp-content\\\/uploads\\\/2021\\\/04\\\/viva-pamplona-viva.jpg\",\"width\":1500,\"height\":746},{\"@type\":\"BreadcrumbList\",\"@id\":\"https:\\\/\\\/www.laguiadepamplona.com\\\/actualidad\\\/viva-pamplona-viva-presenta-mas-de-400-eventos-culturales-de-musica-teatro-danza-circo-y-otras-actividades-durante-todo-el-verano\\\/#breadcrumb\",\"itemListElement\":[{\"@type\":\"ListItem\",\"position\":1,\"name\":\"Portada\",\"item\":\"https:\\\/\\\/www.laguiadepamplona.com\\\/actualidad\\\/\"},{\"@type\":\"ListItem\",\"position\":2,\"name\":\"\u2018Viva Pamplona viva\u2019 presenta m\u00e1s de 400 eventos culturales de m\u00fasica, teatro, danza, circo y otras actividades durante todo el verano\"}]},{\"@type\":\"WebSite\",\"@id\":\"https:\\\/\\\/www.laguiadepamplona.com\\\/actualidad\\\/#website\",\"url\":\"https:\\\/\\\/www.laguiadepamplona.com\\\/actualidad\\\/\",\"name\":\"La gu\u00eda de Pamplona\",\"description\":\"Noticias de Pamplona\",\"publisher\":{\"@id\":\"https:\\\/\\\/www.laguiadepamplona.com\\\/actualidad\\\/#organization\"},\"potentialAction\":[{\"@type\":\"SearchAction\",\"target\":{\"@type\":\"EntryPoint\",\"urlTemplate\":\"https:\\\/\\\/www.laguiadepamplona.com\\\/actualidad\\\/?s={search_term_string}\"},\"query-input\":{\"@type\":\"PropertyValueSpecification\",\"valueRequired\":true,\"valueName\":\"search_term_string\"}}],\"inLanguage\":\"es\"},{\"@type\":\"Organization\",\"@id\":\"https:\\\/\\\/www.laguiadepamplona.com\\\/actualidad\\\/#organization\",\"name\":\"La Gu\u00eda de Pamplona \\\/ Noticias\",\"url\":\"https:\\\/\\\/www.laguiadepamplona.com\\\/actualidad\\\/\",\"logo\":{\"@type\":\"ImageObject\",\"inLanguage\":\"es\",\"@id\":\"https:\\\/\\\/www.laguiadepamplona.com\\\/actualidad\\\/#\\\/schema\\\/logo\\\/image\\\/\",\"url\":\"https:\\\/\\\/www.laguiadepamplona.com\\\/actualidad\\\/wp-content\\\/uploads\\\/2018\\\/11\\\/logo-laguiadepamplona18-web1.png\",\"contentUrl\":\"https:\\\/\\\/www.laguiadepamplona.com\\\/actualidad\\\/wp-content\\\/uploads\\\/2018\\\/11\\\/logo-laguiadepamplona18-web1.png\",\"width\":600,\"height\":196,\"caption\":\"La Gu\u00eda de Pamplona \\\/ Noticias\"},\"image\":{\"@id\":\"https:\\\/\\\/www.laguiadepamplona.com\\\/actualidad\\\/#\\\/schema\\\/logo\\\/image\\\/\"},\"sameAs\":[\"https:\\\/\\\/www.facebook.com\\\/laguiadepamplonacom-133175176762273\\\/?ref=hl\",\"https:\\\/\\\/x.com\\\/LaGuiadPamplona\",\"https:\\\/\\\/www.instagram.com\\\/la_guia_de_pamplona\\\/\",\"https:\\\/\\\/www.youtube.com\\\/user\\\/laguiadepamplona\"]},{\"@type\":\"Person\",\"@id\":\"https:\\\/\\\/www.laguiadepamplona.com\\\/actualidad\\\/#\\\/schema\\\/person\\\/efe887376f0213d4657c93adc50b1fdb\",\"name\":\"La Gu\u00eda de Pamplona\",\"image\":{\"@type\":\"ImageObject\",\"inLanguage\":\"es\",\"@id\":\"https:\\\/\\\/secure.gravatar.com\\\/avatar\\\/b6992f131dc8d30ab0dff15446e9d346d9dbd95992de0fef795073f5ea83a81c?s=96&d=mm&r=g\",\"url\":\"https:\\\/\\\/secure.gravatar.com\\\/avatar\\\/b6992f131dc8d30ab0dff15446e9d346d9dbd95992de0fef795073f5ea83a81c?s=96&d=mm&r=g\",\"contentUrl\":\"https:\\\/\\\/secure.gravatar.com\\\/avatar\\\/b6992f131dc8d30ab0dff15446e9d346d9dbd95992de0fef795073f5ea83a81c?s=96&d=mm&r=g\",\"caption\":\"La Gu\u00eda de Pamplona\"}}]}<\/script>\n<!-- \/ Yoast SEO plugin. -->","yoast_head_json":{"title":"\u2018Viva Pamplona viva\u2019 presenta m\u00e1s de 400 eventos culturales de m\u00fasica, teatro, danza, circo y otras actividades durante todo el verano","description":"Amaia Romero, Bad Gyal, o El Kanka actuar\u00e1n en la Ciudadela, donde tambi\u00e9n, del 6 al 14 de julio, se expondr\u00e1n los gigantes del ayuntamiento","robots":{"index":"index","follow":"follow","max-snippet":"max-snippet:-1","max-image-preview":"max-image-preview:large","max-video-preview":"max-video-preview:-1"},"canonical":"https:\/\/www.laguiadepamplona.com\/actualidad\/viva-pamplona-viva-presenta-mas-de-400-eventos-culturales-de-musica-teatro-danza-circo-y-otras-actividades-durante-todo-el-verano\/","og_locale":"es_ES","og_type":"article","og_title":"\u2018Viva Pamplona viva\u2019 presenta m\u00e1s de 400 eventos culturales de m\u00fasica, teatro, danza, circo y otras actividades durante todo el verano","og_description":"Amaia Romero, Bad Gyal, o El Kanka actuar\u00e1n en la Ciudadela, donde tambi\u00e9n, del 6 al 14 de julio, se expondr\u00e1n los gigantes del ayuntamiento","og_url":"https:\/\/www.laguiadepamplona.com\/actualidad\/viva-pamplona-viva-presenta-mas-de-400-eventos-culturales-de-musica-teatro-danza-circo-y-otras-actividades-durante-todo-el-verano\/","og_site_name":"La Gu\u00eda de Pamplona","article_publisher":"https:\/\/www.facebook.com\/laguiadepamplonacom-133175176762273\/?ref=hl","article_published_time":"2021-06-15T10:57:20+00:00","article_modified_time":"2023-04-11T09:49:24+00:00","og_image":[{"width":1500,"height":746,"url":"https:\/\/www.laguiadepamplona.com\/actualidad\/wp-content\/uploads\/2021\/04\/viva-pamplona-viva.jpg","type":"image\/jpeg"}],"author":"La Gu\u00eda de Pamplona","twitter_card":"summary_large_image","twitter_creator":"@LaGuiadPamplona","twitter_site":"@LaGuiadPamplona","twitter_misc":{"Escrito por":"La Gu\u00eda de Pamplona","Tiempo de lectura":"13 minutos"},"schema":{"@context":"https:\/\/schema.org","@graph":[{"@type":"Article","@id":"https:\/\/www.laguiadepamplona.com\/actualidad\/viva-pamplona-viva-presenta-mas-de-400-eventos-culturales-de-musica-teatro-danza-circo-y-otras-actividades-durante-todo-el-verano\/#article","isPartOf":{"@id":"https:\/\/www.laguiadepamplona.com\/actualidad\/viva-pamplona-viva-presenta-mas-de-400-eventos-culturales-de-musica-teatro-danza-circo-y-otras-actividades-durante-todo-el-verano\/"},"author":{"name":"La Gu\u00eda de Pamplona","@id":"https:\/\/www.laguiadepamplona.com\/actualidad\/#\/schema\/person\/efe887376f0213d4657c93adc50b1fdb"},"headline":"\u2018Viva Pamplona viva\u2019 presenta m\u00e1s de 400 eventos culturales de m\u00fasica, teatro, danza, circo y otras actividades durante todo el verano","datePublished":"2021-06-15T10:57:20+00:00","dateModified":"2023-04-11T09:49:24+00:00","mainEntityOfPage":{"@id":"https:\/\/www.laguiadepamplona.com\/actualidad\/viva-pamplona-viva-presenta-mas-de-400-eventos-culturales-de-musica-teatro-danza-circo-y-otras-actividades-durante-todo-el-verano\/"},"wordCount":2849,"commentCount":0,"publisher":{"@id":"https:\/\/www.laguiadepamplona.com\/actualidad\/#organization"},"image":{"@id":"https:\/\/www.laguiadepamplona.com\/actualidad\/viva-pamplona-viva-presenta-mas-de-400-eventos-culturales-de-musica-teatro-danza-circo-y-otras-actividades-durante-todo-el-verano\/#primaryimage"},"thumbnailUrl":"https:\/\/www.laguiadepamplona.com\/actualidad\/wp-content\/uploads\/2021\/04\/viva-pamplona-viva.jpg","articleSection":["Ayto Pamplona"],"inLanguage":"es","potentialAction":[{"@type":"CommentAction","name":"Comment","target":["https:\/\/www.laguiadepamplona.com\/actualidad\/viva-pamplona-viva-presenta-mas-de-400-eventos-culturales-de-musica-teatro-danza-circo-y-otras-actividades-durante-todo-el-verano\/#respond"]}]},{"@type":"WebPage","@id":"https:\/\/www.laguiadepamplona.com\/actualidad\/viva-pamplona-viva-presenta-mas-de-400-eventos-culturales-de-musica-teatro-danza-circo-y-otras-actividades-durante-todo-el-verano\/","url":"https:\/\/www.laguiadepamplona.com\/actualidad\/viva-pamplona-viva-presenta-mas-de-400-eventos-culturales-de-musica-teatro-danza-circo-y-otras-actividades-durante-todo-el-verano\/","name":"\u2018Viva Pamplona viva\u2019 presenta m\u00e1s de 400 eventos culturales de m\u00fasica, teatro, danza, circo y otras actividades durante todo el verano","isPartOf":{"@id":"https:\/\/www.laguiadepamplona.com\/actualidad\/#website"},"primaryImageOfPage":{"@id":"https:\/\/www.laguiadepamplona.com\/actualidad\/viva-pamplona-viva-presenta-mas-de-400-eventos-culturales-de-musica-teatro-danza-circo-y-otras-actividades-durante-todo-el-verano\/#primaryimage"},"image":{"@id":"https:\/\/www.laguiadepamplona.com\/actualidad\/viva-pamplona-viva-presenta-mas-de-400-eventos-culturales-de-musica-teatro-danza-circo-y-otras-actividades-durante-todo-el-verano\/#primaryimage"},"thumbnailUrl":"https:\/\/www.laguiadepamplona.com\/actualidad\/wp-content\/uploads\/2021\/04\/viva-pamplona-viva.jpg","datePublished":"2021-06-15T10:57:20+00:00","dateModified":"2023-04-11T09:49:24+00:00","description":"Amaia Romero, Bad Gyal, o El Kanka actuar\u00e1n en la Ciudadela, donde tambi\u00e9n, del 6 al 14 de julio, se expondr\u00e1n los gigantes del ayuntamiento","breadcrumb":{"@id":"https:\/\/www.laguiadepamplona.com\/actualidad\/viva-pamplona-viva-presenta-mas-de-400-eventos-culturales-de-musica-teatro-danza-circo-y-otras-actividades-durante-todo-el-verano\/#breadcrumb"},"inLanguage":"es","potentialAction":[{"@type":"ReadAction","target":["https:\/\/www.laguiadepamplona.com\/actualidad\/viva-pamplona-viva-presenta-mas-de-400-eventos-culturales-de-musica-teatro-danza-circo-y-otras-actividades-durante-todo-el-verano\/"]}]},{"@type":"ImageObject","inLanguage":"es","@id":"https:\/\/www.laguiadepamplona.com\/actualidad\/viva-pamplona-viva-presenta-mas-de-400-eventos-culturales-de-musica-teatro-danza-circo-y-otras-actividades-durante-todo-el-verano\/#primaryimage","url":"https:\/\/www.laguiadepamplona.com\/actualidad\/wp-content\/uploads\/2021\/04\/viva-pamplona-viva.jpg","contentUrl":"https:\/\/www.laguiadepamplona.com\/actualidad\/wp-content\/uploads\/2021\/04\/viva-pamplona-viva.jpg","width":1500,"height":746},{"@type":"BreadcrumbList","@id":"https:\/\/www.laguiadepamplona.com\/actualidad\/viva-pamplona-viva-presenta-mas-de-400-eventos-culturales-de-musica-teatro-danza-circo-y-otras-actividades-durante-todo-el-verano\/#breadcrumb","itemListElement":[{"@type":"ListItem","position":1,"name":"Portada","item":"https:\/\/www.laguiadepamplona.com\/actualidad\/"},{"@type":"ListItem","position":2,"name":"\u2018Viva Pamplona viva\u2019 presenta m\u00e1s de 400 eventos culturales de m\u00fasica, teatro, danza, circo y otras actividades durante todo el verano"}]},{"@type":"WebSite","@id":"https:\/\/www.laguiadepamplona.com\/actualidad\/#website","url":"https:\/\/www.laguiadepamplona.com\/actualidad\/","name":"La gu\u00eda de Pamplona","description":"Noticias de Pamplona","publisher":{"@id":"https:\/\/www.laguiadepamplona.com\/actualidad\/#organization"},"potentialAction":[{"@type":"SearchAction","target":{"@type":"EntryPoint","urlTemplate":"https:\/\/www.laguiadepamplona.com\/actualidad\/?s={search_term_string}"},"query-input":{"@type":"PropertyValueSpecification","valueRequired":true,"valueName":"search_term_string"}}],"inLanguage":"es"},{"@type":"Organization","@id":"https:\/\/www.laguiadepamplona.com\/actualidad\/#organization","name":"La Gu\u00eda de Pamplona \/ Noticias","url":"https:\/\/www.laguiadepamplona.com\/actualidad\/","logo":{"@type":"ImageObject","inLanguage":"es","@id":"https:\/\/www.laguiadepamplona.com\/actualidad\/#\/schema\/logo\/image\/","url":"https:\/\/www.laguiadepamplona.com\/actualidad\/wp-content\/uploads\/2018\/11\/logo-laguiadepamplona18-web1.png","contentUrl":"https:\/\/www.laguiadepamplona.com\/actualidad\/wp-content\/uploads\/2018\/11\/logo-laguiadepamplona18-web1.png","width":600,"height":196,"caption":"La Gu\u00eda de Pamplona \/ Noticias"},"image":{"@id":"https:\/\/www.laguiadepamplona.com\/actualidad\/#\/schema\/logo\/image\/"},"sameAs":["https:\/\/www.facebook.com\/laguiadepamplonacom-133175176762273\/?ref=hl","https:\/\/x.com\/LaGuiadPamplona","https:\/\/www.instagram.com\/la_guia_de_pamplona\/","https:\/\/www.youtube.com\/user\/laguiadepamplona"]},{"@type":"Person","@id":"https:\/\/www.laguiadepamplona.com\/actualidad\/#\/schema\/person\/efe887376f0213d4657c93adc50b1fdb","name":"La Gu\u00eda de Pamplona","image":{"@type":"ImageObject","inLanguage":"es","@id":"https:\/\/secure.gravatar.com\/avatar\/b6992f131dc8d30ab0dff15446e9d346d9dbd95992de0fef795073f5ea83a81c?s=96&d=mm&r=g","url":"https:\/\/secure.gravatar.com\/avatar\/b6992f131dc8d30ab0dff15446e9d346d9dbd95992de0fef795073f5ea83a81c?s=96&d=mm&r=g","contentUrl":"https:\/\/secure.gravatar.com\/avatar\/b6992f131dc8d30ab0dff15446e9d346d9dbd95992de0fef795073f5ea83a81c?s=96&d=mm&r=g","caption":"La Gu\u00eda de Pamplona"}}]}},"post_mailing_queue_ids":[],"_links":{"self":[{"href":"https:\/\/www.laguiadepamplona.com\/actualidad\/wp-json\/wp\/v2\/posts\/35438","targetHints":{"allow":["GET"]}}],"collection":[{"href":"https:\/\/www.laguiadepamplona.com\/actualidad\/wp-json\/wp\/v2\/posts"}],"about":[{"href":"https:\/\/www.laguiadepamplona.com\/actualidad\/wp-json\/wp\/v2\/types\/post"}],"author":[{"embeddable":true,"href":"https:\/\/www.laguiadepamplona.com\/actualidad\/wp-json\/wp\/v2\/users\/1"}],"replies":[{"embeddable":true,"href":"https:\/\/www.laguiadepamplona.com\/actualidad\/wp-json\/wp\/v2\/comments?post=35438"}],"version-history":[{"count":0,"href":"https:\/\/www.laguiadepamplona.com\/actualidad\/wp-json\/wp\/v2\/posts\/35438\/revisions"}],"wp:featuredmedia":[{"embeddable":true,"href":"https:\/\/www.laguiadepamplona.com\/actualidad\/wp-json\/wp\/v2\/media\/34499"}],"wp:attachment":[{"href":"https:\/\/www.laguiadepamplona.com\/actualidad\/wp-json\/wp\/v2\/media?parent=35438"}],"wp:term":[{"taxonomy":"category","embeddable":true,"href":"https:\/\/www.laguiadepamplona.com\/actualidad\/wp-json\/wp\/v2\/categories?post=35438"},{"taxonomy":"post_tag","embeddable":true,"href":"https:\/\/www.laguiadepamplona.com\/actualidad\/wp-json\/wp\/v2\/tags?post=35438"}],"curies":[{"name":"wp","href":"https:\/\/api.w.org\/{rel}","templated":true}]}}