{"id":35291,"date":"2021-06-08T17:10:35","date_gmt":"2021-06-08T15:10:35","guid":{"rendered":"https:\/\/www.laguiadepamplona.com\/actualidad\/?p=35291"},"modified":"2023-04-11T11:49:26","modified_gmt":"2023-04-11T09:49:26","slug":"coworkids-oferta-durante-los-meses-de-julio-y-agosto-760-plazas-en-campamentos-urbanos-de-verano-para-edades-comprendidas-entre-los-3-y-los-18-anos","status":"publish","type":"post","link":"https:\/\/www.laguiadepamplona.com\/actualidad\/coworkids-oferta-durante-los-meses-de-julio-y-agosto-760-plazas-en-campamentos-urbanos-de-verano-para-edades-comprendidas-entre-los-3-y-los-18-anos\/","title":{"rendered":"COworkids oferta durante los meses de julio y agosto 760 plazas en campamentos urbanos de verano para edades comprendidas entre los 3 y los 18 a\u00f1os"},"content":{"rendered":"<h5>Por primera vez se realiza un campamento para menores de 3 a 5 a\u00f1os y se proponen campamentos tem\u00e1ticos de h\u00edpica, piscina o cuidado del planeta<\/h5>\n<p><!--more--><\/p>\n<p>El Ayuntamiento de Pamplona propone para este verano, a trav\u00e9s del programa COworkids, 760 plazas en campamento urbanos dirigidos a ni\u00f1os, ni\u00f1as y adolescentes, entre los 3 y los 18 a\u00f1os. Se desarrollar\u00e1n del 5 de julio al 20 de agosto y, por primera vez, se ofertan campamentos para la primera infancia, entre los 3 y los 5 a\u00f1os. Adem\u00e1s de los habituales campamentos urbanos en centros escolares, se han organizado campamentos tem\u00e1ticos de h\u00edpica en el Centro Ecuestre Cizur, de piscina en las instalaciones de Aranzadi y de cuidado del planeta en el Fort\u00edn de San Bartolom\u00e9.<\/p>\n<p>La concejala delegada de Servicios Sociales, Acci\u00f3n Comunitaria y Deporte, Mar\u00eda Caballero, y la coordinadora del programa COworkids, Celia Pinedo, han presentado esta ma\u00f1ana la programaci\u00f3n de los campamentos urbanos de verano, con diferentes modalidades, diferentes y franjas de edad, combinando tambi\u00e9n actividades de pago y actividades gratuitas, para llegar a un mayor n\u00famero de poblaci\u00f3n infantil y juvenil. Las inscripciones para los campamentos urbanos en centros escolares comenzar\u00e1n el pr\u00f3ximo 14 de junio, a trav\u00e9s del tel\u00e9fono 010 \u2013 948 420 100, y se prolongar\u00e1n hasta el d\u00eda 23. Para apuntarse a los campamentos tem\u00e1ticos habr\u00e1 que esperar unos d\u00edas m\u00e1s y se realizar\u00e1n tambi\u00e9n telef\u00f3nicamente o por whatsapp.<\/p>\n<p>Estos primeros campamentos de verano COworkids se conciben, en su imagen creativa, como un recorrido en tren de cercan\u00edas, con diferentes paradas para cada grupo de edad y con las alternativas que el Ayuntamiento de Pamplona ofrece durante los meses de julio y agosto para la conciliaci\u00f3n familiar y para el desarrollo de ni\u00f1os, ni\u00f1as y adolescentes de 3 a 18 a\u00f1os. Toda la informaci\u00f3n se puede consultar tambi\u00e9n en <a href=\"http:\/\/www.coworkidspamplona.es\" target=\"_blank\" rel=\"noopener\">www.coworkidspamplona.es<\/a>.<\/p>\n<p><script async src=\"\/\/pagead2.googlesyndication.com\/pagead\/js\/adsbygoogle.js\"><\/script><br \/>\n<!-- Noticias La Guia de Pamplona --><br \/>\n<ins class=\"adsbygoogle\"\nstyle=\"display:block\"\ndata-ad-client=\"ca-pub-6943679897239327\"\ndata-ad-slot=\"7048180777\"\ndata-ad-format=\"auto\"><\/ins><br \/>\n<script>\n(adsbygoogle = window.adsbygoogle || []).push({});\n<\/script><\/p>\n<p><strong>Campamentos urbanos en centros escolares<\/strong><\/p>\n<p>La primera parada incluye los campamentos urbanos para la primera infancia, con un total de 90 plazas. Se desarrollar\u00e1n por tandas semanales, del 19 de julio al 09 de agosto, de lunes a viernes, en horario de 8 a 15.30 horas. Tendr\u00e1n lugar en la Escuela Infantil Mendillorri y se realizar\u00e1n juegos infantiles y actividades l\u00fadicas, dirigidas a menores de 3 a 5 a\u00f1os.<\/p>\n<p>La segunda parada abarca los campamentos para menores de 6 a 12 a\u00f1os, con una oferta de 510 plazas. Se llevar\u00e1n a cabo en tres centros escolares, CP Ermitaga\u00f1a, CP Azpilaga\u00f1a y CP Cardenal Ilund\u00e1in, en tandas semanas del 19 de julio al 20 de agosto, tambi\u00e9n de lunes a viernes, de 8 a 15.30 horas. Se prev\u00e9n juegos, deporte, manualidades y talleres sobre los Objetivos de Desarrollo Sostenible y la participaci\u00f3n infantil.<\/p>\n<p>El precio para una semana de ambos campamentos sin comida es de 55 euros y con comida de 85 euros. En caso de inscribir a dos hijos o hijas se realizar\u00e1 un descuento del 20% y si se inscribe a 3, el descuento aumento al 30%. Las inscripciones se pueden realizar para una semana o para varias. En ambos campamentos se realizar\u00e1n grupos en castellano y en euskera, seg\u00fan la demanda.<\/p>\n<p><script async src=\"\/\/pagead2.googlesyndication.com\/pagead\/js\/adsbygoogle.js\"><\/script><br \/>\n<!-- Noticias La Guia de Pamplona --><br \/>\n<ins class=\"adsbygoogle\"\nstyle=\"display:block\"\ndata-ad-client=\"ca-pub-6943679897239327\"\ndata-ad-slot=\"7048180777\"\ndata-ad-format=\"auto\"><\/ins><br \/>\n<script>\n(adsbygoogle = window.adsbygoogle || []).push({});\n<\/script><\/p>\n<p><strong>Campamentos tem\u00e1ticos<\/strong><\/p>\n<p>El campamento de h\u00edpica, la tercera parada de este viaje, ser\u00e1 el primero que se lleve a cabo, del 5 al 17 de julio, dirigido a menores de 8 a 14 a\u00f1os. Se ofertan 40 plazas para actividades, de lunes a s\u00e1bado, de 9 a 15.30 horas, en el Centro Ecuestre Cizur. Las inscripciones se pueden realizar del 21 al 25 de junio, en horario de 9 a 14 horas en el tel\u00e9fono 608 431 221. Los precios del campamento, los mismos que en los urbanos en centros escolares, 55 euros la semana sin comida y 85 euros con comida, con los consiguientes descuentos por hermanos. El campamento se concibe como una iniciaci\u00f3n a la h\u00edpica y al cuidado del caballo, con juegos en un entorno natural.<\/p>\n<p>La cuarta parada incluye actividades en las piscinas de Aranzadi. Juegos y diversi\u00f3n dentro y fuera de la piscina para menores de 9 a 12 a\u00f1os, en tandas semanales del 19 al 30 de julio. Son actividades gratuitas, que requieren de inscripci\u00f3n del 28 de junio al 2 de julio, en horario de 9 a 14.30 horas, en el tel\u00e9fono 608 431 221. Para estas \u2018Piscinas COworkids\u2019, el programa oferta 40 plazas.<\/p>\n<p>La quinta parada est\u00e1 dirigida a adolescentes de 13 a 18 a\u00f1os y se centra en el cuidado del planeta. Se desarrollar\u00e1 del 9 al 20 de agosto, tambi\u00e9n en tandas semanales, en el Fort\u00edn de San Bartolom\u00e9. Ser\u00e1 un campamento de tarde, de lunes a viernes, en horario de 16.30 a 20 horas. La inscripci\u00f3n es gratuita y se podr\u00e1 realizar del 5 de julio al 2 de agosto, v\u00eda whatsapp, en el tel\u00e9fono 696 256 369. Se ofertan 80 plazas. Se han previsto actuaciones musicales de Rawan y D\u00fao D\u00eddyma, sesiones DJ, talleres de <em>land art<\/em> o magia, juegos teatrales, pirag\u00fcismo, yincanas y <em>escape rooms<\/em>.<\/p>\n<p>Esta programaci\u00f3n de COworkids se completa con las actividades que la Casa de la Juventud propone tambi\u00e9n para este pr\u00f3ximo verano a trav\u00e9s de los programas \u2018Chancletas\u2019 y \u2018Cada d\u00eda un plan\u2019, que se presentar\u00e1n pr\u00f3ximamente. Ser\u00e1n actividades dirigidas a j\u00f3venes a partir de los 12 o 14 a\u00f1os que se llevar\u00e1n a cabo del 16 de julio al 31 de agosto en horario vespertino, de 16.30 a 20 horas.<\/p>\n<p><script async src=\"\/\/pagead2.googlesyndication.com\/pagead\/js\/adsbygoogle.js\"><\/script><br \/>\n<!-- Noticias La Guia de Pamplona --><br \/>\n<ins class=\"adsbygoogle\"\nstyle=\"display:block\"\ndata-ad-client=\"ca-pub-6943679897239327\"\ndata-ad-slot=\"7048180777\"\ndata-ad-format=\"auto\"><\/ins><br \/>\n<script>\n(adsbygoogle = window.adsbygoogle || []).push({});\n<\/script><\/p>\n<p><strong>M\u00e1s de 900 menores participantes en las actividades del segundo trimestre<\/strong><\/p>\n<p>Esta propuesta de verano supone continuar con la trayectoria iniciada por COworkids a principio de a\u00f1o y con las programaciones trimestrales organizadas hasta la fecha dirigidas a ni\u00f1os, ni\u00f1as y adolescentes. Durante el segundo trimestre del a\u00f1o 905 menores han participado en las actividades gratuitas realizadas en los diferentes barrios. El equipo de COworkids est\u00e1, adem\u00e1s trabajando de manera directa con las familias de esos menores, a trav\u00e9s de reuniones presenciales o atenci\u00f3n telef\u00f3nica continuada. Por lo tanto, la poblaci\u00f3n beneficiaria indirectamente del programa se estima en unas 1.810 personas.<\/p>\n<p>En las actividades diarias en cada barrio se ha trabajado una programaci\u00f3n basada en los derechos de la infancia, los Objetivos de Desarrollo Sostenible, el medio ambiente y la participaci\u00f3n infantil. A trav\u00e9s de actividades socioeducativas y creativas, a trav\u00e9s del juego, la lectura o la expresi\u00f3n oral, COworkids promueve la formaci\u00f3n y la sensibilizaci\u00f3n a ni\u00f1os y ni\u00f1as sobre sus derechos y brinda herramientas a la infancia y la adolescencia de Pamplona para lograr un impacto real de su participaci\u00f3n en la ciudad.<\/p>\n<p>Cada tarde, durante las actividades, se ha ofrecido a los menores participantes una merienda saludable, con productos de comercio justo en el primer trimestre y con piezas de fruta de temporada en el segundo, gracias a un acuerdo con La Caixa. Las actividades diarias de acompa\u00f1amiento escolar, creatividad y multijuegos, se complementan con una oferta deportiva en colaboraci\u00f3n con la Federaci\u00f3n Navarra de Ajedrez, la Federaci\u00f3n Navarra de Baloncesto y la Federaci\u00f3n Navarra de Pelota; con talleres variados y multidisciplinares en la Casa de la Juventud (magia, K-Pop, colonias, arcilla, <em>street dance<\/em>); o con las actividades organizadas los s\u00e1bados en el Club Pirag\u00fcismo Pamplona.<\/p>\n<p><script async src=\"\/\/pagead2.googlesyndication.com\/pagead\/js\/adsbygoogle.js\"><\/script><br \/>\n<!-- Noticias La Guia de Pamplona --><br \/>\n<ins class=\"adsbygoogle\"\nstyle=\"display:block\"\ndata-ad-client=\"ca-pub-6943679897239327\"\ndata-ad-slot=\"7048180777\"\ndata-ad-format=\"auto\"><\/ins><br \/>\n<script>\n(adsbygoogle = window.adsbygoogle || []).push({});\n<\/script><\/p>\n<p>&nbsp;<br \/>\n[qodef_button size=\u00bblarge\u00bb type=\u00bb\u00bb text=\u00bbTr\u00edptico campamentos coworkids.pdf\u00bb custom_class=\u00bb\u00bb icon_pack=\u00bbfont_elegant\u00bb fa_icon=\u00bbicon_download\u00bb link=\u00bbhttps:\/\/www.pamplona.es\/sites\/default\/files\/2021-06\/21.06.08_triptico_campamentos_coworkids.pdf\u00bb target=\u00bb_blank\u00bb color=\u00bbffffff\u00bb hover_color=\u00bb\u00bb background_color=\u00bb\u00bb hover_background_color=\u00bb\u00bb border_color=\u00bb\u00bb hover_border_color=\u00bb\u00bb font_size=\u00bb\u00bb font_weight=\u00bb\u00bb margin=\u00bb\u00bb]\n&nbsp;<\/p>\n","protected":false},"excerpt":{"rendered":"<p>Por primera vez se realiza un campamento para menores de 3 a 5 a\u00f1os y se proponen campamentos tem\u00e1ticos de h\u00edpica, piscina o cuidado del planeta<\/p>\n","protected":false},"author":1,"featured_media":35293,"comment_status":"open","ping_status":"closed","sticky":false,"template":"","format":"standard","meta":{"footnotes":""},"categories":[2],"tags":[],"class_list":["post-35291","post","type-post","status-publish","format-standard","has-post-thumbnail","hentry","category-ayuntamiento-pamplona"],"yoast_head":"<!-- This site is optimized with the Yoast SEO plugin v27.3 - https:\/\/yoast.com\/product\/yoast-seo-wordpress\/ -->\n<title>COworkids oferta durante los meses de julio y agosto 760 plazas en campamentos urbanos de verano para edades comprendidas entre los 3 y los 18 a\u00f1os<\/title>\n<meta name=\"description\" content=\"Por primera vez se realiza un campamento para menores de 3 a 5 a\u00f1os y se proponen campamentos tem\u00e1ticos de h\u00edpica, piscina o cuidado del planeta\" \/>\n<meta name=\"robots\" content=\"index, follow, max-snippet:-1, max-image-preview:large, max-video-preview:-1\" \/>\n<link rel=\"canonical\" href=\"https:\/\/www.laguiadepamplona.com\/actualidad\/coworkids-oferta-durante-los-meses-de-julio-y-agosto-760-plazas-en-campamentos-urbanos-de-verano-para-edades-comprendidas-entre-los-3-y-los-18-anos\/\" \/>\n<meta property=\"og:locale\" content=\"es_ES\" \/>\n<meta property=\"og:type\" content=\"article\" \/>\n<meta property=\"og:title\" content=\"COworkids oferta durante los meses de julio y agosto 760 plazas en campamentos urbanos de verano para edades comprendidas entre los 3 y los 18 a\u00f1os\" \/>\n<meta property=\"og:description\" content=\"Por primera vez se realiza un campamento para menores de 3 a 5 a\u00f1os y se proponen campamentos tem\u00e1ticos de h\u00edpica, piscina o cuidado del planeta\" \/>\n<meta property=\"og:url\" content=\"https:\/\/www.laguiadepamplona.com\/actualidad\/coworkids-oferta-durante-los-meses-de-julio-y-agosto-760-plazas-en-campamentos-urbanos-de-verano-para-edades-comprendidas-entre-los-3-y-los-18-anos\/\" \/>\n<meta property=\"og:site_name\" content=\"La Gu\u00eda de Pamplona\" \/>\n<meta property=\"article:publisher\" content=\"https:\/\/www.facebook.com\/laguiadepamplonacom-133175176762273\/?ref=hl\" \/>\n<meta property=\"article:published_time\" content=\"2021-06-08T15:10:35+00:00\" \/>\n<meta property=\"article:modified_time\" content=\"2023-04-11T09:49:26+00:00\" \/>\n<meta property=\"og:image\" content=\"https:\/\/www.laguiadepamplona.com\/actualidad\/wp-content\/uploads\/2021\/06\/triptico_campamentos_coworkids.jpg\" \/>\n\t<meta property=\"og:image:width\" content=\"1218\" \/>\n\t<meta property=\"og:image:height\" content=\"581\" \/>\n\t<meta property=\"og:image:type\" content=\"image\/jpeg\" \/>\n<meta name=\"author\" content=\"La Gu\u00eda de Pamplona\" \/>\n<meta name=\"twitter:card\" content=\"summary_large_image\" \/>\n<meta name=\"twitter:creator\" content=\"@LaGuiadPamplona\" \/>\n<meta name=\"twitter:site\" content=\"@LaGuiadPamplona\" \/>\n<meta name=\"twitter:label1\" content=\"Escrito por\" \/>\n\t<meta name=\"twitter:data1\" content=\"La Gu\u00eda de Pamplona\" \/>\n\t<meta name=\"twitter:label2\" content=\"Tiempo de lectura\" \/>\n\t<meta name=\"twitter:data2\" content=\"6 minutos\" \/>\n<script type=\"application\/ld+json\" class=\"yoast-schema-graph\">{\"@context\":\"https:\\\/\\\/schema.org\",\"@graph\":[{\"@type\":\"Article\",\"@id\":\"https:\\\/\\\/www.laguiadepamplona.com\\\/actualidad\\\/coworkids-oferta-durante-los-meses-de-julio-y-agosto-760-plazas-en-campamentos-urbanos-de-verano-para-edades-comprendidas-entre-los-3-y-los-18-anos\\\/#article\",\"isPartOf\":{\"@id\":\"https:\\\/\\\/www.laguiadepamplona.com\\\/actualidad\\\/coworkids-oferta-durante-los-meses-de-julio-y-agosto-760-plazas-en-campamentos-urbanos-de-verano-para-edades-comprendidas-entre-los-3-y-los-18-anos\\\/\"},\"author\":{\"name\":\"La Gu\u00eda de Pamplona\",\"@id\":\"https:\\\/\\\/www.laguiadepamplona.com\\\/actualidad\\\/#\\\/schema\\\/person\\\/efe887376f0213d4657c93adc50b1fdb\"},\"headline\":\"COworkids oferta durante los meses de julio y agosto 760 plazas en campamentos urbanos de verano para edades comprendidas entre los 3 y los 18 a\u00f1os\",\"datePublished\":\"2021-06-08T15:10:35+00:00\",\"dateModified\":\"2023-04-11T09:49:26+00:00\",\"mainEntityOfPage\":{\"@id\":\"https:\\\/\\\/www.laguiadepamplona.com\\\/actualidad\\\/coworkids-oferta-durante-los-meses-de-julio-y-agosto-760-plazas-en-campamentos-urbanos-de-verano-para-edades-comprendidas-entre-los-3-y-los-18-anos\\\/\"},\"wordCount\":1294,\"commentCount\":0,\"publisher\":{\"@id\":\"https:\\\/\\\/www.laguiadepamplona.com\\\/actualidad\\\/#organization\"},\"image\":{\"@id\":\"https:\\\/\\\/www.laguiadepamplona.com\\\/actualidad\\\/coworkids-oferta-durante-los-meses-de-julio-y-agosto-760-plazas-en-campamentos-urbanos-de-verano-para-edades-comprendidas-entre-los-3-y-los-18-anos\\\/#primaryimage\"},\"thumbnailUrl\":\"https:\\\/\\\/www.laguiadepamplona.com\\\/actualidad\\\/wp-content\\\/uploads\\\/2021\\\/06\\\/triptico_campamentos_coworkids.jpg\",\"articleSection\":[\"Ayto Pamplona\"],\"inLanguage\":\"es\",\"potentialAction\":[{\"@type\":\"CommentAction\",\"name\":\"Comment\",\"target\":[\"https:\\\/\\\/www.laguiadepamplona.com\\\/actualidad\\\/coworkids-oferta-durante-los-meses-de-julio-y-agosto-760-plazas-en-campamentos-urbanos-de-verano-para-edades-comprendidas-entre-los-3-y-los-18-anos\\\/#respond\"]}]},{\"@type\":\"WebPage\",\"@id\":\"https:\\\/\\\/www.laguiadepamplona.com\\\/actualidad\\\/coworkids-oferta-durante-los-meses-de-julio-y-agosto-760-plazas-en-campamentos-urbanos-de-verano-para-edades-comprendidas-entre-los-3-y-los-18-anos\\\/\",\"url\":\"https:\\\/\\\/www.laguiadepamplona.com\\\/actualidad\\\/coworkids-oferta-durante-los-meses-de-julio-y-agosto-760-plazas-en-campamentos-urbanos-de-verano-para-edades-comprendidas-entre-los-3-y-los-18-anos\\\/\",\"name\":\"COworkids oferta durante los meses de julio y agosto 760 plazas en campamentos urbanos de verano para edades comprendidas entre los 3 y los 18 a\u00f1os\",\"isPartOf\":{\"@id\":\"https:\\\/\\\/www.laguiadepamplona.com\\\/actualidad\\\/#website\"},\"primaryImageOfPage\":{\"@id\":\"https:\\\/\\\/www.laguiadepamplona.com\\\/actualidad\\\/coworkids-oferta-durante-los-meses-de-julio-y-agosto-760-plazas-en-campamentos-urbanos-de-verano-para-edades-comprendidas-entre-los-3-y-los-18-anos\\\/#primaryimage\"},\"image\":{\"@id\":\"https:\\\/\\\/www.laguiadepamplona.com\\\/actualidad\\\/coworkids-oferta-durante-los-meses-de-julio-y-agosto-760-plazas-en-campamentos-urbanos-de-verano-para-edades-comprendidas-entre-los-3-y-los-18-anos\\\/#primaryimage\"},\"thumbnailUrl\":\"https:\\\/\\\/www.laguiadepamplona.com\\\/actualidad\\\/wp-content\\\/uploads\\\/2021\\\/06\\\/triptico_campamentos_coworkids.jpg\",\"datePublished\":\"2021-06-08T15:10:35+00:00\",\"dateModified\":\"2023-04-11T09:49:26+00:00\",\"description\":\"Por primera vez se realiza un campamento para menores de 3 a 5 a\u00f1os y se proponen campamentos tem\u00e1ticos de h\u00edpica, piscina o cuidado del planeta\",\"breadcrumb\":{\"@id\":\"https:\\\/\\\/www.laguiadepamplona.com\\\/actualidad\\\/coworkids-oferta-durante-los-meses-de-julio-y-agosto-760-plazas-en-campamentos-urbanos-de-verano-para-edades-comprendidas-entre-los-3-y-los-18-anos\\\/#breadcrumb\"},\"inLanguage\":\"es\",\"potentialAction\":[{\"@type\":\"ReadAction\",\"target\":[\"https:\\\/\\\/www.laguiadepamplona.com\\\/actualidad\\\/coworkids-oferta-durante-los-meses-de-julio-y-agosto-760-plazas-en-campamentos-urbanos-de-verano-para-edades-comprendidas-entre-los-3-y-los-18-anos\\\/\"]}]},{\"@type\":\"ImageObject\",\"inLanguage\":\"es\",\"@id\":\"https:\\\/\\\/www.laguiadepamplona.com\\\/actualidad\\\/coworkids-oferta-durante-los-meses-de-julio-y-agosto-760-plazas-en-campamentos-urbanos-de-verano-para-edades-comprendidas-entre-los-3-y-los-18-anos\\\/#primaryimage\",\"url\":\"https:\\\/\\\/www.laguiadepamplona.com\\\/actualidad\\\/wp-content\\\/uploads\\\/2021\\\/06\\\/triptico_campamentos_coworkids.jpg\",\"contentUrl\":\"https:\\\/\\\/www.laguiadepamplona.com\\\/actualidad\\\/wp-content\\\/uploads\\\/2021\\\/06\\\/triptico_campamentos_coworkids.jpg\",\"width\":1218,\"height\":581},{\"@type\":\"BreadcrumbList\",\"@id\":\"https:\\\/\\\/www.laguiadepamplona.com\\\/actualidad\\\/coworkids-oferta-durante-los-meses-de-julio-y-agosto-760-plazas-en-campamentos-urbanos-de-verano-para-edades-comprendidas-entre-los-3-y-los-18-anos\\\/#breadcrumb\",\"itemListElement\":[{\"@type\":\"ListItem\",\"position\":1,\"name\":\"Portada\",\"item\":\"https:\\\/\\\/www.laguiadepamplona.com\\\/actualidad\\\/\"},{\"@type\":\"ListItem\",\"position\":2,\"name\":\"COworkids oferta durante los meses de julio y agosto 760 plazas en campamentos urbanos de verano para edades comprendidas entre los 3 y los 18 a\u00f1os\"}]},{\"@type\":\"WebSite\",\"@id\":\"https:\\\/\\\/www.laguiadepamplona.com\\\/actualidad\\\/#website\",\"url\":\"https:\\\/\\\/www.laguiadepamplona.com\\\/actualidad\\\/\",\"name\":\"La gu\u00eda de Pamplona\",\"description\":\"Noticias de Pamplona\",\"publisher\":{\"@id\":\"https:\\\/\\\/www.laguiadepamplona.com\\\/actualidad\\\/#organization\"},\"potentialAction\":[{\"@type\":\"SearchAction\",\"target\":{\"@type\":\"EntryPoint\",\"urlTemplate\":\"https:\\\/\\\/www.laguiadepamplona.com\\\/actualidad\\\/?s={search_term_string}\"},\"query-input\":{\"@type\":\"PropertyValueSpecification\",\"valueRequired\":true,\"valueName\":\"search_term_string\"}}],\"inLanguage\":\"es\"},{\"@type\":\"Organization\",\"@id\":\"https:\\\/\\\/www.laguiadepamplona.com\\\/actualidad\\\/#organization\",\"name\":\"La Gu\u00eda de Pamplona \\\/ Noticias\",\"url\":\"https:\\\/\\\/www.laguiadepamplona.com\\\/actualidad\\\/\",\"logo\":{\"@type\":\"ImageObject\",\"inLanguage\":\"es\",\"@id\":\"https:\\\/\\\/www.laguiadepamplona.com\\\/actualidad\\\/#\\\/schema\\\/logo\\\/image\\\/\",\"url\":\"https:\\\/\\\/www.laguiadepamplona.com\\\/actualidad\\\/wp-content\\\/uploads\\\/2018\\\/11\\\/logo-laguiadepamplona18-web1.png\",\"contentUrl\":\"https:\\\/\\\/www.laguiadepamplona.com\\\/actualidad\\\/wp-content\\\/uploads\\\/2018\\\/11\\\/logo-laguiadepamplona18-web1.png\",\"width\":600,\"height\":196,\"caption\":\"La Gu\u00eda de Pamplona \\\/ Noticias\"},\"image\":{\"@id\":\"https:\\\/\\\/www.laguiadepamplona.com\\\/actualidad\\\/#\\\/schema\\\/logo\\\/image\\\/\"},\"sameAs\":[\"https:\\\/\\\/www.facebook.com\\\/laguiadepamplonacom-133175176762273\\\/?ref=hl\",\"https:\\\/\\\/x.com\\\/LaGuiadPamplona\",\"https:\\\/\\\/www.instagram.com\\\/la_guia_de_pamplona\\\/\",\"https:\\\/\\\/www.youtube.com\\\/user\\\/laguiadepamplona\"]},{\"@type\":\"Person\",\"@id\":\"https:\\\/\\\/www.laguiadepamplona.com\\\/actualidad\\\/#\\\/schema\\\/person\\\/efe887376f0213d4657c93adc50b1fdb\",\"name\":\"La Gu\u00eda de Pamplona\",\"image\":{\"@type\":\"ImageObject\",\"inLanguage\":\"es\",\"@id\":\"https:\\\/\\\/secure.gravatar.com\\\/avatar\\\/b6992f131dc8d30ab0dff15446e9d346d9dbd95992de0fef795073f5ea83a81c?s=96&d=mm&r=g\",\"url\":\"https:\\\/\\\/secure.gravatar.com\\\/avatar\\\/b6992f131dc8d30ab0dff15446e9d346d9dbd95992de0fef795073f5ea83a81c?s=96&d=mm&r=g\",\"contentUrl\":\"https:\\\/\\\/secure.gravatar.com\\\/avatar\\\/b6992f131dc8d30ab0dff15446e9d346d9dbd95992de0fef795073f5ea83a81c?s=96&d=mm&r=g\",\"caption\":\"La Gu\u00eda de Pamplona\"}}]}<\/script>\n<!-- \/ Yoast SEO plugin. -->","yoast_head_json":{"title":"COworkids oferta durante los meses de julio y agosto 760 plazas en campamentos urbanos de verano para edades comprendidas entre los 3 y los 18 a\u00f1os","description":"Por primera vez se realiza un campamento para menores de 3 a 5 a\u00f1os y se proponen campamentos tem\u00e1ticos de h\u00edpica, piscina o cuidado del planeta","robots":{"index":"index","follow":"follow","max-snippet":"max-snippet:-1","max-image-preview":"max-image-preview:large","max-video-preview":"max-video-preview:-1"},"canonical":"https:\/\/www.laguiadepamplona.com\/actualidad\/coworkids-oferta-durante-los-meses-de-julio-y-agosto-760-plazas-en-campamentos-urbanos-de-verano-para-edades-comprendidas-entre-los-3-y-los-18-anos\/","og_locale":"es_ES","og_type":"article","og_title":"COworkids oferta durante los meses de julio y agosto 760 plazas en campamentos urbanos de verano para edades comprendidas entre los 3 y los 18 a\u00f1os","og_description":"Por primera vez se realiza un campamento para menores de 3 a 5 a\u00f1os y se proponen campamentos tem\u00e1ticos de h\u00edpica, piscina o cuidado del planeta","og_url":"https:\/\/www.laguiadepamplona.com\/actualidad\/coworkids-oferta-durante-los-meses-de-julio-y-agosto-760-plazas-en-campamentos-urbanos-de-verano-para-edades-comprendidas-entre-los-3-y-los-18-anos\/","og_site_name":"La Gu\u00eda de Pamplona","article_publisher":"https:\/\/www.facebook.com\/laguiadepamplonacom-133175176762273\/?ref=hl","article_published_time":"2021-06-08T15:10:35+00:00","article_modified_time":"2023-04-11T09:49:26+00:00","og_image":[{"width":1218,"height":581,"url":"https:\/\/www.laguiadepamplona.com\/actualidad\/wp-content\/uploads\/2021\/06\/triptico_campamentos_coworkids.jpg","type":"image\/jpeg"}],"author":"La Gu\u00eda de Pamplona","twitter_card":"summary_large_image","twitter_creator":"@LaGuiadPamplona","twitter_site":"@LaGuiadPamplona","twitter_misc":{"Escrito por":"La Gu\u00eda de Pamplona","Tiempo de lectura":"6 minutos"},"schema":{"@context":"https:\/\/schema.org","@graph":[{"@type":"Article","@id":"https:\/\/www.laguiadepamplona.com\/actualidad\/coworkids-oferta-durante-los-meses-de-julio-y-agosto-760-plazas-en-campamentos-urbanos-de-verano-para-edades-comprendidas-entre-los-3-y-los-18-anos\/#article","isPartOf":{"@id":"https:\/\/www.laguiadepamplona.com\/actualidad\/coworkids-oferta-durante-los-meses-de-julio-y-agosto-760-plazas-en-campamentos-urbanos-de-verano-para-edades-comprendidas-entre-los-3-y-los-18-anos\/"},"author":{"name":"La Gu\u00eda de Pamplona","@id":"https:\/\/www.laguiadepamplona.com\/actualidad\/#\/schema\/person\/efe887376f0213d4657c93adc50b1fdb"},"headline":"COworkids oferta durante los meses de julio y agosto 760 plazas en campamentos urbanos de verano para edades comprendidas entre los 3 y los 18 a\u00f1os","datePublished":"2021-06-08T15:10:35+00:00","dateModified":"2023-04-11T09:49:26+00:00","mainEntityOfPage":{"@id":"https:\/\/www.laguiadepamplona.com\/actualidad\/coworkids-oferta-durante-los-meses-de-julio-y-agosto-760-plazas-en-campamentos-urbanos-de-verano-para-edades-comprendidas-entre-los-3-y-los-18-anos\/"},"wordCount":1294,"commentCount":0,"publisher":{"@id":"https:\/\/www.laguiadepamplona.com\/actualidad\/#organization"},"image":{"@id":"https:\/\/www.laguiadepamplona.com\/actualidad\/coworkids-oferta-durante-los-meses-de-julio-y-agosto-760-plazas-en-campamentos-urbanos-de-verano-para-edades-comprendidas-entre-los-3-y-los-18-anos\/#primaryimage"},"thumbnailUrl":"https:\/\/www.laguiadepamplona.com\/actualidad\/wp-content\/uploads\/2021\/06\/triptico_campamentos_coworkids.jpg","articleSection":["Ayto Pamplona"],"inLanguage":"es","potentialAction":[{"@type":"CommentAction","name":"Comment","target":["https:\/\/www.laguiadepamplona.com\/actualidad\/coworkids-oferta-durante-los-meses-de-julio-y-agosto-760-plazas-en-campamentos-urbanos-de-verano-para-edades-comprendidas-entre-los-3-y-los-18-anos\/#respond"]}]},{"@type":"WebPage","@id":"https:\/\/www.laguiadepamplona.com\/actualidad\/coworkids-oferta-durante-los-meses-de-julio-y-agosto-760-plazas-en-campamentos-urbanos-de-verano-para-edades-comprendidas-entre-los-3-y-los-18-anos\/","url":"https:\/\/www.laguiadepamplona.com\/actualidad\/coworkids-oferta-durante-los-meses-de-julio-y-agosto-760-plazas-en-campamentos-urbanos-de-verano-para-edades-comprendidas-entre-los-3-y-los-18-anos\/","name":"COworkids oferta durante los meses de julio y agosto 760 plazas en campamentos urbanos de verano para edades comprendidas entre los 3 y los 18 a\u00f1os","isPartOf":{"@id":"https:\/\/www.laguiadepamplona.com\/actualidad\/#website"},"primaryImageOfPage":{"@id":"https:\/\/www.laguiadepamplona.com\/actualidad\/coworkids-oferta-durante-los-meses-de-julio-y-agosto-760-plazas-en-campamentos-urbanos-de-verano-para-edades-comprendidas-entre-los-3-y-los-18-anos\/#primaryimage"},"image":{"@id":"https:\/\/www.laguiadepamplona.com\/actualidad\/coworkids-oferta-durante-los-meses-de-julio-y-agosto-760-plazas-en-campamentos-urbanos-de-verano-para-edades-comprendidas-entre-los-3-y-los-18-anos\/#primaryimage"},"thumbnailUrl":"https:\/\/www.laguiadepamplona.com\/actualidad\/wp-content\/uploads\/2021\/06\/triptico_campamentos_coworkids.jpg","datePublished":"2021-06-08T15:10:35+00:00","dateModified":"2023-04-11T09:49:26+00:00","description":"Por primera vez se realiza un campamento para menores de 3 a 5 a\u00f1os y se proponen campamentos tem\u00e1ticos de h\u00edpica, piscina o cuidado del planeta","breadcrumb":{"@id":"https:\/\/www.laguiadepamplona.com\/actualidad\/coworkids-oferta-durante-los-meses-de-julio-y-agosto-760-plazas-en-campamentos-urbanos-de-verano-para-edades-comprendidas-entre-los-3-y-los-18-anos\/#breadcrumb"},"inLanguage":"es","potentialAction":[{"@type":"ReadAction","target":["https:\/\/www.laguiadepamplona.com\/actualidad\/coworkids-oferta-durante-los-meses-de-julio-y-agosto-760-plazas-en-campamentos-urbanos-de-verano-para-edades-comprendidas-entre-los-3-y-los-18-anos\/"]}]},{"@type":"ImageObject","inLanguage":"es","@id":"https:\/\/www.laguiadepamplona.com\/actualidad\/coworkids-oferta-durante-los-meses-de-julio-y-agosto-760-plazas-en-campamentos-urbanos-de-verano-para-edades-comprendidas-entre-los-3-y-los-18-anos\/#primaryimage","url":"https:\/\/www.laguiadepamplona.com\/actualidad\/wp-content\/uploads\/2021\/06\/triptico_campamentos_coworkids.jpg","contentUrl":"https:\/\/www.laguiadepamplona.com\/actualidad\/wp-content\/uploads\/2021\/06\/triptico_campamentos_coworkids.jpg","width":1218,"height":581},{"@type":"BreadcrumbList","@id":"https:\/\/www.laguiadepamplona.com\/actualidad\/coworkids-oferta-durante-los-meses-de-julio-y-agosto-760-plazas-en-campamentos-urbanos-de-verano-para-edades-comprendidas-entre-los-3-y-los-18-anos\/#breadcrumb","itemListElement":[{"@type":"ListItem","position":1,"name":"Portada","item":"https:\/\/www.laguiadepamplona.com\/actualidad\/"},{"@type":"ListItem","position":2,"name":"COworkids oferta durante los meses de julio y agosto 760 plazas en campamentos urbanos de verano para edades comprendidas entre los 3 y los 18 a\u00f1os"}]},{"@type":"WebSite","@id":"https:\/\/www.laguiadepamplona.com\/actualidad\/#website","url":"https:\/\/www.laguiadepamplona.com\/actualidad\/","name":"La gu\u00eda de Pamplona","description":"Noticias de Pamplona","publisher":{"@id":"https:\/\/www.laguiadepamplona.com\/actualidad\/#organization"},"potentialAction":[{"@type":"SearchAction","target":{"@type":"EntryPoint","urlTemplate":"https:\/\/www.laguiadepamplona.com\/actualidad\/?s={search_term_string}"},"query-input":{"@type":"PropertyValueSpecification","valueRequired":true,"valueName":"search_term_string"}}],"inLanguage":"es"},{"@type":"Organization","@id":"https:\/\/www.laguiadepamplona.com\/actualidad\/#organization","name":"La Gu\u00eda de Pamplona \/ Noticias","url":"https:\/\/www.laguiadepamplona.com\/actualidad\/","logo":{"@type":"ImageObject","inLanguage":"es","@id":"https:\/\/www.laguiadepamplona.com\/actualidad\/#\/schema\/logo\/image\/","url":"https:\/\/www.laguiadepamplona.com\/actualidad\/wp-content\/uploads\/2018\/11\/logo-laguiadepamplona18-web1.png","contentUrl":"https:\/\/www.laguiadepamplona.com\/actualidad\/wp-content\/uploads\/2018\/11\/logo-laguiadepamplona18-web1.png","width":600,"height":196,"caption":"La Gu\u00eda de Pamplona \/ Noticias"},"image":{"@id":"https:\/\/www.laguiadepamplona.com\/actualidad\/#\/schema\/logo\/image\/"},"sameAs":["https:\/\/www.facebook.com\/laguiadepamplonacom-133175176762273\/?ref=hl","https:\/\/x.com\/LaGuiadPamplona","https:\/\/www.instagram.com\/la_guia_de_pamplona\/","https:\/\/www.youtube.com\/user\/laguiadepamplona"]},{"@type":"Person","@id":"https:\/\/www.laguiadepamplona.com\/actualidad\/#\/schema\/person\/efe887376f0213d4657c93adc50b1fdb","name":"La Gu\u00eda de Pamplona","image":{"@type":"ImageObject","inLanguage":"es","@id":"https:\/\/secure.gravatar.com\/avatar\/b6992f131dc8d30ab0dff15446e9d346d9dbd95992de0fef795073f5ea83a81c?s=96&d=mm&r=g","url":"https:\/\/secure.gravatar.com\/avatar\/b6992f131dc8d30ab0dff15446e9d346d9dbd95992de0fef795073f5ea83a81c?s=96&d=mm&r=g","contentUrl":"https:\/\/secure.gravatar.com\/avatar\/b6992f131dc8d30ab0dff15446e9d346d9dbd95992de0fef795073f5ea83a81c?s=96&d=mm&r=g","caption":"La Gu\u00eda de Pamplona"}}]}},"post_mailing_queue_ids":[],"_links":{"self":[{"href":"https:\/\/www.laguiadepamplona.com\/actualidad\/wp-json\/wp\/v2\/posts\/35291","targetHints":{"allow":["GET"]}}],"collection":[{"href":"https:\/\/www.laguiadepamplona.com\/actualidad\/wp-json\/wp\/v2\/posts"}],"about":[{"href":"https:\/\/www.laguiadepamplona.com\/actualidad\/wp-json\/wp\/v2\/types\/post"}],"author":[{"embeddable":true,"href":"https:\/\/www.laguiadepamplona.com\/actualidad\/wp-json\/wp\/v2\/users\/1"}],"replies":[{"embeddable":true,"href":"https:\/\/www.laguiadepamplona.com\/actualidad\/wp-json\/wp\/v2\/comments?post=35291"}],"version-history":[{"count":0,"href":"https:\/\/www.laguiadepamplona.com\/actualidad\/wp-json\/wp\/v2\/posts\/35291\/revisions"}],"wp:featuredmedia":[{"embeddable":true,"href":"https:\/\/www.laguiadepamplona.com\/actualidad\/wp-json\/wp\/v2\/media\/35293"}],"wp:attachment":[{"href":"https:\/\/www.laguiadepamplona.com\/actualidad\/wp-json\/wp\/v2\/media?parent=35291"}],"wp:term":[{"taxonomy":"category","embeddable":true,"href":"https:\/\/www.laguiadepamplona.com\/actualidad\/wp-json\/wp\/v2\/categories?post=35291"},{"taxonomy":"post_tag","embeddable":true,"href":"https:\/\/www.laguiadepamplona.com\/actualidad\/wp-json\/wp\/v2\/tags?post=35291"}],"curies":[{"name":"wp","href":"https:\/\/api.w.org\/{rel}","templated":true}]}}