{"id":35287,"date":"2021-06-07T18:11:56","date_gmt":"2021-06-07T16:11:56","guid":{"rendered":"https:\/\/www.laguiadepamplona.com\/actualidad\/?p=35287"},"modified":"2023-04-11T11:49:26","modified_gmt":"2023-04-11T09:49:26","slug":"las-escuelas-de-musica-de-pamplona-salen-a-la-calle-para-ofrecer-conciertos-gratuitos-en-puntos-emblematicos-de-la-capital","status":"publish","type":"post","link":"https:\/\/www.laguiadepamplona.com\/actualidad\/las-escuelas-de-musica-de-pamplona-salen-a-la-calle-para-ofrecer-conciertos-gratuitos-en-puntos-emblematicos-de-la-capital\/","title":{"rendered":"Las escuelas de m\u00fasica de Pamplona salen a la calle para ofrecer conciertos gratuitos en puntos emblem\u00e1ticos de la capital"},"content":{"rendered":"<h5>Desde ma\u00f1ana y hasta el viernes 18 se han programado 13 conciertos en la Ciudadela, la plaza de San Jos\u00e9 y el Fort\u00edn de San Bartolom\u00e9<\/h5>\n<p><!--more--><\/p>\n<p>La Escuela Municipal de M\u00fasica Joaqu\u00edn Maya, el Conservatorio Profesional de M\u00fasica Pablo Sarasate y el Conservatorio Superior de M\u00fasica de Navarra ofrecer\u00e1n desde ma\u00f1ana por la tarde y hasta el pr\u00f3ximo viernes d\u00eda 18 un total de 13 conciertos gratuitos al aire libre. El ciclo \u2018La m\u00fasica sale del aula\u2019 pretende mostrar el trabajo que realizan los alumnos de ense\u00f1anzas musicales superiores, y hacerlo en lugares abiertos y seguros, para evitar la propagaci\u00f3n del virus. En este sentido, se han escogido tres lugares representativos de la ciudad, como son la Ciudadela, la plaza de San Jos\u00e9 y el Fort\u00edn de San Bartolom\u00e9.<\/p>\n<p>El Ayuntamiento de Pamplona y las escuelas de m\u00fasica de Pamplona ponen en marcha el programa \u2018La m\u00fasica sale a la calle\u2019, en el que el p\u00fablico podr\u00e1 disfrutar de conciertos de diferentes instrumentos al aire libre con entrada gratuita hasta completar aforo. Los conciertos tendr\u00e1n lugar durante ocho jornadas, en horario de tarde, los d\u00edas 8, 9, 10, 11, 13, 14, 16 y 18 de junio.<\/p>\n<p>\u2018La m\u00fasica sale a la calle\u2019 arranca ma\u00f1ana, a partir de las 18 horas en la plaza San Jos\u00e9, con el recital de los grupos de piano y m\u00fasica de c\u00e1mara de la Escuela Municipal de M\u00fasica Joaqu\u00edn Maya. Posteriormente, a las 19 horas en el mismo escenario, coger\u00e1n el testigo el grupo de txistularis del Conservatorio Profesional de M\u00fasica Pablo Sarasate. La orquesta de cuerdas de este conservatorio pondr\u00e1 el broche final a la tarde musical a las 19.30 horas en la Ciudadela.<\/p>\n<p><script async src=\"\/\/pagead2.googlesyndication.com\/pagead\/js\/adsbygoogle.js\"><\/script><br \/>\n<!-- Noticias La Guia de Pamplona --><br \/>\n<ins class=\"adsbygoogle\"\nstyle=\"display:block\"\ndata-ad-client=\"ca-pub-6943679897239327\"\ndata-ad-slot=\"7048180777\"\ndata-ad-format=\"auto\"><\/ins><br \/>\n<script>\n(adsbygoogle = window.adsbygoogle || []).push({});\n<\/script><\/p>\n<p><strong>Tres escenarios ubicados en puntos emblem\u00e1ticos e hist\u00f3ricos de la ciudad<\/strong><\/p>\n<p>El escenario de Ciudadela volver\u00e1 a recibir a la misma hora el mi\u00e9rcoles, el jueves y el pr\u00f3ximo lunes d\u00eda 14, a los alumnos del Conservatorio Profesional de M\u00fasica Pablo Sarasate. El mi\u00e9rcoles con las bandas de tercero y cuarto acompa\u00f1adas por la Orquesta Sinf\u00f3nica; el jueves con los alumnos de cuerda y la Brass Band de tercer y cuarto curso; y el lunes con las bandas de varios cursos. El mi\u00e9rcoles 26, Ciudadela cambiar\u00e1 de escuela de m\u00fasica para acoger, a partir de las ocho de la tarde a los alumnos de ensemble y percusi\u00f3n del Conservatorio Superior de Navarra.<\/p>\n<p>Adem\u00e1s del de ma\u00f1ana, el Fort\u00edn de San Bartolom\u00e9 acoger\u00e1 tres conciertos m\u00e1s de la mano del Conservatorio Profesional de M\u00fasica Pablo Sarasate. Este jueves se ofrecer\u00e1 un concierto de arpa y acordeones; el domingo recibir\u00e1 a los grupos de c\u00e1mara y el viernes 18 juntar\u00e1 a estos \u00faltimos con conjuntos de guitarra y un grupo de fagotes. Todas las citas tendr\u00e1n lugar a las 19:30 horas.<\/p>\n<p>Tras la inauguraci\u00f3n del espacio en la plaza San Jos\u00e9 de \u2018La m\u00fasica sale a la calle\u2019, esta semana acoger\u00e1 dos conciertos de los alumnos de la Escuela Municipal de M\u00fasica Joaqu\u00edn Maya. El jueves llegar\u00e1n \u2018El Combo Linga &amp; the Trombone-bones\u2019, y el viernes ser\u00e1 el turno para el grupo de txistus. Por \u00faltimo, el pr\u00f3ximo mi\u00e9rcoles d\u00eda 16 este escenario acoger\u00e1 a un tr\u00edo de clarinetes y ensemble de flautas del Conservatorio Profesional de M\u00fasica Pablo Sarasate. Las tres citas ser\u00e1n a las 19:30 horas.<\/p>\n<p><script async src=\"\/\/pagead2.googlesyndication.com\/pagead\/js\/adsbygoogle.js\"><\/script><br \/>\n<!-- Noticias La Guia de Pamplona --><br \/>\n<ins class=\"adsbygoogle\"\nstyle=\"display:block\"\ndata-ad-client=\"ca-pub-6943679897239327\"\ndata-ad-slot=\"7048180777\"\ndata-ad-format=\"auto\"><\/ins><br \/>\n<script>\n(adsbygoogle = window.adsbygoogle || []).push({});\n<\/script><\/p>\n<p>&nbsp;<\/p>\n<h3>Programaci\u00f3n completa del ciclo \u2018La m\u00fasica sale a la calle\u2019<\/h3>\n<p><span style=\"color: #ff0000;\"><strong>Martes 8 de junio<\/strong><\/span><\/p>\n<ul>\n<li>Ciudadela, 19:30 horas\n<ul>\n<li>Orquesta de cuerdas 1\u00ba y 2\u00ba<\/li>\n<li>Conservatorio Profesional de M\u00fasica Pablo Sarasate<\/li>\n<\/ul>\n<\/li>\n<li>Plaza San Jose, 18 horas\n<ul>\n<li>Grupos de piano y m\u00fasica de c\u00e1mara<\/li>\n<li>Escuela Municipal de M\u00fasica Joaqu\u00edn Maya<\/li>\n<\/ul>\n<\/li>\n<li>Plaza San Jose, 19 horas\n<ul>\n<li>Grupo de Txistularis<\/li>\n<li>Conservatorio Profesional de M\u00fasica Pablo Sarasate<\/li>\n<\/ul>\n<\/li>\n<\/ul>\n<p>&nbsp;<\/p>\n<p><span style=\"color: #ff0000;\"><strong>Mi\u00e9rcoles 9 de junio<\/strong><\/span><\/p>\n<ul>\n<li>Ciudadela, 19:30 horas\n<ul>\n<li>Banda 3\u00ba y 4\u00ba y Orquesta Sinf\u00f3nica<\/li>\n<li>Conservatorio Profesional de M\u00fasica Pablo Sarasate<\/li>\n<\/ul>\n<\/li>\n<\/ul>\n<p>&nbsp;<\/p>\n<p><span style=\"color: #ff0000;\"><strong>Jueves 10 de junio<\/strong><\/span><\/p>\n<ul>\n<li>Fort\u00edn de San Bartolom\u00e9 (dentro), 19:30 horas\n<ul>\n<li>Concierto de Arpa y grupo de acordeones<\/li>\n<li>Conservatorio Profesional de M\u00fasica Pablo Sarasate<\/li>\n<\/ul>\n<\/li>\n<li>Ciudadela, 19:30 horas\n<ul>\n<li>Orquesta de cuerdas 3\u00ba y 4\u00ba y Brass Band 3\u00ba y 4\u00ba<\/li>\n<li>Conservatorio Profesional de M\u00fasica Pablo Sarasate<\/li>\n<\/ul>\n<\/li>\n<li>Plaza San Jose, 19:30 horas\n<ul>\n<li>El Combo Linga &amp; the Trombone-bones<\/li>\n<li>Escuela Municipal de M\u00fasica Joaqu\u00edn Maya<\/li>\n<\/ul>\n<\/li>\n<\/ul>\n<p>&nbsp;<\/p>\n<p><span style=\"color: #ff0000;\"><strong>Viernes 11 de junio<\/strong><\/span><\/p>\n<ul>\n<li>Plaza San Jos\u00e9, 19:30 horas\n<ul>\n<li>Grupo de Txistus \/ Txistu Taldea<\/li>\n<li>Escuela Municipal de M\u00fasica Joaqu\u00edn Maya<\/li>\n<\/ul>\n<\/li>\n<\/ul>\n<p>&nbsp;<\/p>\n<p><span style=\"color: #ff0000;\"><strong>Domingo 13 de junio<\/strong><\/span><\/p>\n<ul>\n<li>Fort\u00edn de San Bartolom\u00e9, 19:30 horas\n<ul>\n<li>Grupos de c\u00e1mara<\/li>\n<li>Conservatorio Profesional de M\u00fasica Pablo Sarasate<\/li>\n<\/ul>\n<\/li>\n<\/ul>\n<p>&nbsp;<\/p>\n<p><span style=\"color: #ff0000;\"><strong>Lunes 14 de junio<\/strong><\/span><\/p>\n<ul>\n<li>Ciudadela, 19:30 horas\n<ul>\n<li>Banda 1\u00ba y 2\u00ba y Banda 5\u00ba y 6\u00ba<\/li>\n<li>Conservatorio Profesional de M\u00fasica Pablo Sarasate<\/li>\n<\/ul>\n<\/li>\n<\/ul>\n<p>&nbsp;<\/p>\n<p><span style=\"color: #ff0000;\"><strong>Mi\u00e9rcoles 16 de junio<\/strong><\/span><\/p>\n<ul>\n<li>San Jos\u00e9, 19:30 horas\n<ul>\n<li>Tr\u00edo de Clarinetes y ensemble de flautas<\/li>\n<li>Conservatorio Profesional de M\u00fasica Pablo Sarasate<\/li>\n<\/ul>\n<\/li>\n<li>Ciudadela, 18 y 20 horas\n<ul>\n<li>Ensemble de metales y percusi\u00f3n<\/li>\n<li>Conservatorio Superior de M\u00fasica de Navarra<\/li>\n<\/ul>\n<\/li>\n<\/ul>\n<p>&nbsp;<\/p>\n<p><strong>Viernes 18 de junio<\/strong><\/p>\n<ul>\n<li>Fort\u00edn de San Bartolom\u00e9, 19:30 horas\n<ul>\n<li>Grupos de c\u00e1mara, conjuntos de guitarras y grupo de fagotes<\/li>\n<li>Conservatorio Profesional de M\u00fasica Pablo Sarasate<\/li>\n<\/ul>\n<\/li>\n<\/ul>\n","protected":false},"excerpt":{"rendered":"<p>Desde ma\u00f1ana y hasta el viernes 18 se han programado 13 conciertos en la Ciudadela, la plaza de San Jos\u00e9 y el Fort\u00edn de San Bartolom\u00e9<\/p>\n","protected":false},"author":1,"featured_media":17440,"comment_status":"open","ping_status":"closed","sticky":false,"template":"","format":"standard","meta":{"footnotes":""},"categories":[2],"tags":[],"class_list":["post-35287","post","type-post","status-publish","format-standard","has-post-thumbnail","hentry","category-ayuntamiento-pamplona"],"yoast_head":"<!-- This site is optimized with the Yoast SEO plugin v27.3 - https:\/\/yoast.com\/product\/yoast-seo-wordpress\/ -->\n<title>Las escuelas de m\u00fasica de Pamplona salen a la calle para ofrecer conciertos gratuitos en puntos emblem\u00e1ticos de la capital<\/title>\n<meta name=\"robots\" content=\"index, follow, max-snippet:-1, max-image-preview:large, max-video-preview:-1\" \/>\n<link rel=\"canonical\" href=\"https:\/\/www.laguiadepamplona.com\/actualidad\/las-escuelas-de-musica-de-pamplona-salen-a-la-calle-para-ofrecer-conciertos-gratuitos-en-puntos-emblematicos-de-la-capital\/\" \/>\n<meta property=\"og:locale\" content=\"es_ES\" \/>\n<meta property=\"og:type\" content=\"article\" \/>\n<meta property=\"og:title\" content=\"Las escuelas de m\u00fasica de Pamplona salen a la calle para ofrecer conciertos gratuitos en puntos emblem\u00e1ticos de la capital\" \/>\n<meta property=\"og:description\" content=\"Desde ma\u00f1ana y hasta el viernes 18 se han programado 13 conciertos en la Ciudadela, la plaza de San Jos\u00e9 y el Fort\u00edn de San Bartolom\u00e9\" \/>\n<meta property=\"og:url\" content=\"https:\/\/www.laguiadepamplona.com\/actualidad\/las-escuelas-de-musica-de-pamplona-salen-a-la-calle-para-ofrecer-conciertos-gratuitos-en-puntos-emblematicos-de-la-capital\/\" \/>\n<meta property=\"og:site_name\" content=\"La Gu\u00eda de Pamplona\" \/>\n<meta property=\"article:publisher\" content=\"https:\/\/www.facebook.com\/laguiadepamplonacom-133175176762273\/?ref=hl\" \/>\n<meta property=\"article:published_time\" content=\"2021-06-07T16:11:56+00:00\" \/>\n<meta property=\"article:modified_time\" content=\"2023-04-11T09:49:26+00:00\" \/>\n<meta property=\"og:image\" content=\"https:\/\/www.laguiadepamplona.com\/actualidad\/wp-content\/uploads\/2018\/05\/escuela-musica-joaquin-maya.jpg\" \/>\n\t<meta property=\"og:image:width\" content=\"1000\" \/>\n\t<meta property=\"og:image:height\" content=\"667\" \/>\n\t<meta property=\"og:image:type\" content=\"image\/jpeg\" \/>\n<meta name=\"author\" content=\"La Gu\u00eda de Pamplona\" \/>\n<meta name=\"twitter:card\" content=\"summary_large_image\" \/>\n<meta name=\"twitter:creator\" content=\"@LaGuiadPamplona\" \/>\n<meta name=\"twitter:site\" content=\"@LaGuiadPamplona\" \/>\n<meta name=\"twitter:label1\" content=\"Escrito por\" \/>\n\t<meta name=\"twitter:data1\" content=\"La Gu\u00eda de Pamplona\" \/>\n\t<meta name=\"twitter:label2\" content=\"Tiempo de lectura\" \/>\n\t<meta name=\"twitter:data2\" content=\"4 minutos\" \/>\n<script type=\"application\/ld+json\" class=\"yoast-schema-graph\">{\"@context\":\"https:\\\/\\\/schema.org\",\"@graph\":[{\"@type\":\"Article\",\"@id\":\"https:\\\/\\\/www.laguiadepamplona.com\\\/actualidad\\\/las-escuelas-de-musica-de-pamplona-salen-a-la-calle-para-ofrecer-conciertos-gratuitos-en-puntos-emblematicos-de-la-capital\\\/#article\",\"isPartOf\":{\"@id\":\"https:\\\/\\\/www.laguiadepamplona.com\\\/actualidad\\\/las-escuelas-de-musica-de-pamplona-salen-a-la-calle-para-ofrecer-conciertos-gratuitos-en-puntos-emblematicos-de-la-capital\\\/\"},\"author\":{\"name\":\"La Gu\u00eda de Pamplona\",\"@id\":\"https:\\\/\\\/www.laguiadepamplona.com\\\/actualidad\\\/#\\\/schema\\\/person\\\/efe887376f0213d4657c93adc50b1fdb\"},\"headline\":\"Las escuelas de m\u00fasica de Pamplona salen a la calle para ofrecer conciertos gratuitos en puntos emblem\u00e1ticos de la capital\",\"datePublished\":\"2021-06-07T16:11:56+00:00\",\"dateModified\":\"2023-04-11T09:49:26+00:00\",\"mainEntityOfPage\":{\"@id\":\"https:\\\/\\\/www.laguiadepamplona.com\\\/actualidad\\\/las-escuelas-de-musica-de-pamplona-salen-a-la-calle-para-ofrecer-conciertos-gratuitos-en-puntos-emblematicos-de-la-capital\\\/\"},\"wordCount\":875,\"commentCount\":0,\"publisher\":{\"@id\":\"https:\\\/\\\/www.laguiadepamplona.com\\\/actualidad\\\/#organization\"},\"image\":{\"@id\":\"https:\\\/\\\/www.laguiadepamplona.com\\\/actualidad\\\/las-escuelas-de-musica-de-pamplona-salen-a-la-calle-para-ofrecer-conciertos-gratuitos-en-puntos-emblematicos-de-la-capital\\\/#primaryimage\"},\"thumbnailUrl\":\"https:\\\/\\\/www.laguiadepamplona.com\\\/actualidad\\\/wp-content\\\/uploads\\\/2018\\\/05\\\/escuela-musica-joaquin-maya.jpg\",\"articleSection\":[\"Ayto Pamplona\"],\"inLanguage\":\"es\",\"potentialAction\":[{\"@type\":\"CommentAction\",\"name\":\"Comment\",\"target\":[\"https:\\\/\\\/www.laguiadepamplona.com\\\/actualidad\\\/las-escuelas-de-musica-de-pamplona-salen-a-la-calle-para-ofrecer-conciertos-gratuitos-en-puntos-emblematicos-de-la-capital\\\/#respond\"]}]},{\"@type\":\"WebPage\",\"@id\":\"https:\\\/\\\/www.laguiadepamplona.com\\\/actualidad\\\/las-escuelas-de-musica-de-pamplona-salen-a-la-calle-para-ofrecer-conciertos-gratuitos-en-puntos-emblematicos-de-la-capital\\\/\",\"url\":\"https:\\\/\\\/www.laguiadepamplona.com\\\/actualidad\\\/las-escuelas-de-musica-de-pamplona-salen-a-la-calle-para-ofrecer-conciertos-gratuitos-en-puntos-emblematicos-de-la-capital\\\/\",\"name\":\"Las escuelas de m\u00fasica de Pamplona salen a la calle para ofrecer conciertos gratuitos en puntos emblem\u00e1ticos de la capital\",\"isPartOf\":{\"@id\":\"https:\\\/\\\/www.laguiadepamplona.com\\\/actualidad\\\/#website\"},\"primaryImageOfPage\":{\"@id\":\"https:\\\/\\\/www.laguiadepamplona.com\\\/actualidad\\\/las-escuelas-de-musica-de-pamplona-salen-a-la-calle-para-ofrecer-conciertos-gratuitos-en-puntos-emblematicos-de-la-capital\\\/#primaryimage\"},\"image\":{\"@id\":\"https:\\\/\\\/www.laguiadepamplona.com\\\/actualidad\\\/las-escuelas-de-musica-de-pamplona-salen-a-la-calle-para-ofrecer-conciertos-gratuitos-en-puntos-emblematicos-de-la-capital\\\/#primaryimage\"},\"thumbnailUrl\":\"https:\\\/\\\/www.laguiadepamplona.com\\\/actualidad\\\/wp-content\\\/uploads\\\/2018\\\/05\\\/escuela-musica-joaquin-maya.jpg\",\"datePublished\":\"2021-06-07T16:11:56+00:00\",\"dateModified\":\"2023-04-11T09:49:26+00:00\",\"breadcrumb\":{\"@id\":\"https:\\\/\\\/www.laguiadepamplona.com\\\/actualidad\\\/las-escuelas-de-musica-de-pamplona-salen-a-la-calle-para-ofrecer-conciertos-gratuitos-en-puntos-emblematicos-de-la-capital\\\/#breadcrumb\"},\"inLanguage\":\"es\",\"potentialAction\":[{\"@type\":\"ReadAction\",\"target\":[\"https:\\\/\\\/www.laguiadepamplona.com\\\/actualidad\\\/las-escuelas-de-musica-de-pamplona-salen-a-la-calle-para-ofrecer-conciertos-gratuitos-en-puntos-emblematicos-de-la-capital\\\/\"]}]},{\"@type\":\"ImageObject\",\"inLanguage\":\"es\",\"@id\":\"https:\\\/\\\/www.laguiadepamplona.com\\\/actualidad\\\/las-escuelas-de-musica-de-pamplona-salen-a-la-calle-para-ofrecer-conciertos-gratuitos-en-puntos-emblematicos-de-la-capital\\\/#primaryimage\",\"url\":\"https:\\\/\\\/www.laguiadepamplona.com\\\/actualidad\\\/wp-content\\\/uploads\\\/2018\\\/05\\\/escuela-musica-joaquin-maya.jpg\",\"contentUrl\":\"https:\\\/\\\/www.laguiadepamplona.com\\\/actualidad\\\/wp-content\\\/uploads\\\/2018\\\/05\\\/escuela-musica-joaquin-maya.jpg\",\"width\":1000,\"height\":667},{\"@type\":\"BreadcrumbList\",\"@id\":\"https:\\\/\\\/www.laguiadepamplona.com\\\/actualidad\\\/las-escuelas-de-musica-de-pamplona-salen-a-la-calle-para-ofrecer-conciertos-gratuitos-en-puntos-emblematicos-de-la-capital\\\/#breadcrumb\",\"itemListElement\":[{\"@type\":\"ListItem\",\"position\":1,\"name\":\"Portada\",\"item\":\"https:\\\/\\\/www.laguiadepamplona.com\\\/actualidad\\\/\"},{\"@type\":\"ListItem\",\"position\":2,\"name\":\"Las escuelas de m\u00fasica de Pamplona salen a la calle para ofrecer conciertos gratuitos en puntos emblem\u00e1ticos de la capital\"}]},{\"@type\":\"WebSite\",\"@id\":\"https:\\\/\\\/www.laguiadepamplona.com\\\/actualidad\\\/#website\",\"url\":\"https:\\\/\\\/www.laguiadepamplona.com\\\/actualidad\\\/\",\"name\":\"La gu\u00eda de Pamplona\",\"description\":\"Noticias de Pamplona\",\"publisher\":{\"@id\":\"https:\\\/\\\/www.laguiadepamplona.com\\\/actualidad\\\/#organization\"},\"potentialAction\":[{\"@type\":\"SearchAction\",\"target\":{\"@type\":\"EntryPoint\",\"urlTemplate\":\"https:\\\/\\\/www.laguiadepamplona.com\\\/actualidad\\\/?s={search_term_string}\"},\"query-input\":{\"@type\":\"PropertyValueSpecification\",\"valueRequired\":true,\"valueName\":\"search_term_string\"}}],\"inLanguage\":\"es\"},{\"@type\":\"Organization\",\"@id\":\"https:\\\/\\\/www.laguiadepamplona.com\\\/actualidad\\\/#organization\",\"name\":\"La Gu\u00eda de Pamplona \\\/ Noticias\",\"url\":\"https:\\\/\\\/www.laguiadepamplona.com\\\/actualidad\\\/\",\"logo\":{\"@type\":\"ImageObject\",\"inLanguage\":\"es\",\"@id\":\"https:\\\/\\\/www.laguiadepamplona.com\\\/actualidad\\\/#\\\/schema\\\/logo\\\/image\\\/\",\"url\":\"https:\\\/\\\/www.laguiadepamplona.com\\\/actualidad\\\/wp-content\\\/uploads\\\/2018\\\/11\\\/logo-laguiadepamplona18-web1.png\",\"contentUrl\":\"https:\\\/\\\/www.laguiadepamplona.com\\\/actualidad\\\/wp-content\\\/uploads\\\/2018\\\/11\\\/logo-laguiadepamplona18-web1.png\",\"width\":600,\"height\":196,\"caption\":\"La Gu\u00eda de Pamplona \\\/ Noticias\"},\"image\":{\"@id\":\"https:\\\/\\\/www.laguiadepamplona.com\\\/actualidad\\\/#\\\/schema\\\/logo\\\/image\\\/\"},\"sameAs\":[\"https:\\\/\\\/www.facebook.com\\\/laguiadepamplonacom-133175176762273\\\/?ref=hl\",\"https:\\\/\\\/x.com\\\/LaGuiadPamplona\",\"https:\\\/\\\/www.instagram.com\\\/la_guia_de_pamplona\\\/\",\"https:\\\/\\\/www.youtube.com\\\/user\\\/laguiadepamplona\"]},{\"@type\":\"Person\",\"@id\":\"https:\\\/\\\/www.laguiadepamplona.com\\\/actualidad\\\/#\\\/schema\\\/person\\\/efe887376f0213d4657c93adc50b1fdb\",\"name\":\"La Gu\u00eda de Pamplona\",\"image\":{\"@type\":\"ImageObject\",\"inLanguage\":\"es\",\"@id\":\"https:\\\/\\\/secure.gravatar.com\\\/avatar\\\/b6992f131dc8d30ab0dff15446e9d346d9dbd95992de0fef795073f5ea83a81c?s=96&d=mm&r=g\",\"url\":\"https:\\\/\\\/secure.gravatar.com\\\/avatar\\\/b6992f131dc8d30ab0dff15446e9d346d9dbd95992de0fef795073f5ea83a81c?s=96&d=mm&r=g\",\"contentUrl\":\"https:\\\/\\\/secure.gravatar.com\\\/avatar\\\/b6992f131dc8d30ab0dff15446e9d346d9dbd95992de0fef795073f5ea83a81c?s=96&d=mm&r=g\",\"caption\":\"La Gu\u00eda de Pamplona\"}}]}<\/script>\n<!-- \/ Yoast SEO plugin. -->","yoast_head_json":{"title":"Las escuelas de m\u00fasica de Pamplona salen a la calle para ofrecer conciertos gratuitos en puntos emblem\u00e1ticos de la capital","robots":{"index":"index","follow":"follow","max-snippet":"max-snippet:-1","max-image-preview":"max-image-preview:large","max-video-preview":"max-video-preview:-1"},"canonical":"https:\/\/www.laguiadepamplona.com\/actualidad\/las-escuelas-de-musica-de-pamplona-salen-a-la-calle-para-ofrecer-conciertos-gratuitos-en-puntos-emblematicos-de-la-capital\/","og_locale":"es_ES","og_type":"article","og_title":"Las escuelas de m\u00fasica de Pamplona salen a la calle para ofrecer conciertos gratuitos en puntos emblem\u00e1ticos de la capital","og_description":"Desde ma\u00f1ana y hasta el viernes 18 se han programado 13 conciertos en la Ciudadela, la plaza de San Jos\u00e9 y el Fort\u00edn de San Bartolom\u00e9","og_url":"https:\/\/www.laguiadepamplona.com\/actualidad\/las-escuelas-de-musica-de-pamplona-salen-a-la-calle-para-ofrecer-conciertos-gratuitos-en-puntos-emblematicos-de-la-capital\/","og_site_name":"La Gu\u00eda de Pamplona","article_publisher":"https:\/\/www.facebook.com\/laguiadepamplonacom-133175176762273\/?ref=hl","article_published_time":"2021-06-07T16:11:56+00:00","article_modified_time":"2023-04-11T09:49:26+00:00","og_image":[{"width":1000,"height":667,"url":"https:\/\/www.laguiadepamplona.com\/actualidad\/wp-content\/uploads\/2018\/05\/escuela-musica-joaquin-maya.jpg","type":"image\/jpeg"}],"author":"La Gu\u00eda de Pamplona","twitter_card":"summary_large_image","twitter_creator":"@LaGuiadPamplona","twitter_site":"@LaGuiadPamplona","twitter_misc":{"Escrito por":"La Gu\u00eda de Pamplona","Tiempo de lectura":"4 minutos"},"schema":{"@context":"https:\/\/schema.org","@graph":[{"@type":"Article","@id":"https:\/\/www.laguiadepamplona.com\/actualidad\/las-escuelas-de-musica-de-pamplona-salen-a-la-calle-para-ofrecer-conciertos-gratuitos-en-puntos-emblematicos-de-la-capital\/#article","isPartOf":{"@id":"https:\/\/www.laguiadepamplona.com\/actualidad\/las-escuelas-de-musica-de-pamplona-salen-a-la-calle-para-ofrecer-conciertos-gratuitos-en-puntos-emblematicos-de-la-capital\/"},"author":{"name":"La Gu\u00eda de Pamplona","@id":"https:\/\/www.laguiadepamplona.com\/actualidad\/#\/schema\/person\/efe887376f0213d4657c93adc50b1fdb"},"headline":"Las escuelas de m\u00fasica de Pamplona salen a la calle para ofrecer conciertos gratuitos en puntos emblem\u00e1ticos de la capital","datePublished":"2021-06-07T16:11:56+00:00","dateModified":"2023-04-11T09:49:26+00:00","mainEntityOfPage":{"@id":"https:\/\/www.laguiadepamplona.com\/actualidad\/las-escuelas-de-musica-de-pamplona-salen-a-la-calle-para-ofrecer-conciertos-gratuitos-en-puntos-emblematicos-de-la-capital\/"},"wordCount":875,"commentCount":0,"publisher":{"@id":"https:\/\/www.laguiadepamplona.com\/actualidad\/#organization"},"image":{"@id":"https:\/\/www.laguiadepamplona.com\/actualidad\/las-escuelas-de-musica-de-pamplona-salen-a-la-calle-para-ofrecer-conciertos-gratuitos-en-puntos-emblematicos-de-la-capital\/#primaryimage"},"thumbnailUrl":"https:\/\/www.laguiadepamplona.com\/actualidad\/wp-content\/uploads\/2018\/05\/escuela-musica-joaquin-maya.jpg","articleSection":["Ayto Pamplona"],"inLanguage":"es","potentialAction":[{"@type":"CommentAction","name":"Comment","target":["https:\/\/www.laguiadepamplona.com\/actualidad\/las-escuelas-de-musica-de-pamplona-salen-a-la-calle-para-ofrecer-conciertos-gratuitos-en-puntos-emblematicos-de-la-capital\/#respond"]}]},{"@type":"WebPage","@id":"https:\/\/www.laguiadepamplona.com\/actualidad\/las-escuelas-de-musica-de-pamplona-salen-a-la-calle-para-ofrecer-conciertos-gratuitos-en-puntos-emblematicos-de-la-capital\/","url":"https:\/\/www.laguiadepamplona.com\/actualidad\/las-escuelas-de-musica-de-pamplona-salen-a-la-calle-para-ofrecer-conciertos-gratuitos-en-puntos-emblematicos-de-la-capital\/","name":"Las escuelas de m\u00fasica de Pamplona salen a la calle para ofrecer conciertos gratuitos en puntos emblem\u00e1ticos de la capital","isPartOf":{"@id":"https:\/\/www.laguiadepamplona.com\/actualidad\/#website"},"primaryImageOfPage":{"@id":"https:\/\/www.laguiadepamplona.com\/actualidad\/las-escuelas-de-musica-de-pamplona-salen-a-la-calle-para-ofrecer-conciertos-gratuitos-en-puntos-emblematicos-de-la-capital\/#primaryimage"},"image":{"@id":"https:\/\/www.laguiadepamplona.com\/actualidad\/las-escuelas-de-musica-de-pamplona-salen-a-la-calle-para-ofrecer-conciertos-gratuitos-en-puntos-emblematicos-de-la-capital\/#primaryimage"},"thumbnailUrl":"https:\/\/www.laguiadepamplona.com\/actualidad\/wp-content\/uploads\/2018\/05\/escuela-musica-joaquin-maya.jpg","datePublished":"2021-06-07T16:11:56+00:00","dateModified":"2023-04-11T09:49:26+00:00","breadcrumb":{"@id":"https:\/\/www.laguiadepamplona.com\/actualidad\/las-escuelas-de-musica-de-pamplona-salen-a-la-calle-para-ofrecer-conciertos-gratuitos-en-puntos-emblematicos-de-la-capital\/#breadcrumb"},"inLanguage":"es","potentialAction":[{"@type":"ReadAction","target":["https:\/\/www.laguiadepamplona.com\/actualidad\/las-escuelas-de-musica-de-pamplona-salen-a-la-calle-para-ofrecer-conciertos-gratuitos-en-puntos-emblematicos-de-la-capital\/"]}]},{"@type":"ImageObject","inLanguage":"es","@id":"https:\/\/www.laguiadepamplona.com\/actualidad\/las-escuelas-de-musica-de-pamplona-salen-a-la-calle-para-ofrecer-conciertos-gratuitos-en-puntos-emblematicos-de-la-capital\/#primaryimage","url":"https:\/\/www.laguiadepamplona.com\/actualidad\/wp-content\/uploads\/2018\/05\/escuela-musica-joaquin-maya.jpg","contentUrl":"https:\/\/www.laguiadepamplona.com\/actualidad\/wp-content\/uploads\/2018\/05\/escuela-musica-joaquin-maya.jpg","width":1000,"height":667},{"@type":"BreadcrumbList","@id":"https:\/\/www.laguiadepamplona.com\/actualidad\/las-escuelas-de-musica-de-pamplona-salen-a-la-calle-para-ofrecer-conciertos-gratuitos-en-puntos-emblematicos-de-la-capital\/#breadcrumb","itemListElement":[{"@type":"ListItem","position":1,"name":"Portada","item":"https:\/\/www.laguiadepamplona.com\/actualidad\/"},{"@type":"ListItem","position":2,"name":"Las escuelas de m\u00fasica de Pamplona salen a la calle para ofrecer conciertos gratuitos en puntos emblem\u00e1ticos de la capital"}]},{"@type":"WebSite","@id":"https:\/\/www.laguiadepamplona.com\/actualidad\/#website","url":"https:\/\/www.laguiadepamplona.com\/actualidad\/","name":"La gu\u00eda de Pamplona","description":"Noticias de Pamplona","publisher":{"@id":"https:\/\/www.laguiadepamplona.com\/actualidad\/#organization"},"potentialAction":[{"@type":"SearchAction","target":{"@type":"EntryPoint","urlTemplate":"https:\/\/www.laguiadepamplona.com\/actualidad\/?s={search_term_string}"},"query-input":{"@type":"PropertyValueSpecification","valueRequired":true,"valueName":"search_term_string"}}],"inLanguage":"es"},{"@type":"Organization","@id":"https:\/\/www.laguiadepamplona.com\/actualidad\/#organization","name":"La Gu\u00eda de Pamplona \/ Noticias","url":"https:\/\/www.laguiadepamplona.com\/actualidad\/","logo":{"@type":"ImageObject","inLanguage":"es","@id":"https:\/\/www.laguiadepamplona.com\/actualidad\/#\/schema\/logo\/image\/","url":"https:\/\/www.laguiadepamplona.com\/actualidad\/wp-content\/uploads\/2018\/11\/logo-laguiadepamplona18-web1.png","contentUrl":"https:\/\/www.laguiadepamplona.com\/actualidad\/wp-content\/uploads\/2018\/11\/logo-laguiadepamplona18-web1.png","width":600,"height":196,"caption":"La Gu\u00eda de Pamplona \/ Noticias"},"image":{"@id":"https:\/\/www.laguiadepamplona.com\/actualidad\/#\/schema\/logo\/image\/"},"sameAs":["https:\/\/www.facebook.com\/laguiadepamplonacom-133175176762273\/?ref=hl","https:\/\/x.com\/LaGuiadPamplona","https:\/\/www.instagram.com\/la_guia_de_pamplona\/","https:\/\/www.youtube.com\/user\/laguiadepamplona"]},{"@type":"Person","@id":"https:\/\/www.laguiadepamplona.com\/actualidad\/#\/schema\/person\/efe887376f0213d4657c93adc50b1fdb","name":"La Gu\u00eda de Pamplona","image":{"@type":"ImageObject","inLanguage":"es","@id":"https:\/\/secure.gravatar.com\/avatar\/b6992f131dc8d30ab0dff15446e9d346d9dbd95992de0fef795073f5ea83a81c?s=96&d=mm&r=g","url":"https:\/\/secure.gravatar.com\/avatar\/b6992f131dc8d30ab0dff15446e9d346d9dbd95992de0fef795073f5ea83a81c?s=96&d=mm&r=g","contentUrl":"https:\/\/secure.gravatar.com\/avatar\/b6992f131dc8d30ab0dff15446e9d346d9dbd95992de0fef795073f5ea83a81c?s=96&d=mm&r=g","caption":"La Gu\u00eda de Pamplona"}}]}},"post_mailing_queue_ids":[],"_links":{"self":[{"href":"https:\/\/www.laguiadepamplona.com\/actualidad\/wp-json\/wp\/v2\/posts\/35287","targetHints":{"allow":["GET"]}}],"collection":[{"href":"https:\/\/www.laguiadepamplona.com\/actualidad\/wp-json\/wp\/v2\/posts"}],"about":[{"href":"https:\/\/www.laguiadepamplona.com\/actualidad\/wp-json\/wp\/v2\/types\/post"}],"author":[{"embeddable":true,"href":"https:\/\/www.laguiadepamplona.com\/actualidad\/wp-json\/wp\/v2\/users\/1"}],"replies":[{"embeddable":true,"href":"https:\/\/www.laguiadepamplona.com\/actualidad\/wp-json\/wp\/v2\/comments?post=35287"}],"version-history":[{"count":0,"href":"https:\/\/www.laguiadepamplona.com\/actualidad\/wp-json\/wp\/v2\/posts\/35287\/revisions"}],"wp:featuredmedia":[{"embeddable":true,"href":"https:\/\/www.laguiadepamplona.com\/actualidad\/wp-json\/wp\/v2\/media\/17440"}],"wp:attachment":[{"href":"https:\/\/www.laguiadepamplona.com\/actualidad\/wp-json\/wp\/v2\/media?parent=35287"}],"wp:term":[{"taxonomy":"category","embeddable":true,"href":"https:\/\/www.laguiadepamplona.com\/actualidad\/wp-json\/wp\/v2\/categories?post=35287"},{"taxonomy":"post_tag","embeddable":true,"href":"https:\/\/www.laguiadepamplona.com\/actualidad\/wp-json\/wp\/v2\/tags?post=35287"}],"curies":[{"name":"wp","href":"https:\/\/api.w.org\/{rel}","templated":true}]}}