{"id":35284,"date":"2021-06-07T18:09:50","date_gmt":"2021-06-07T16:09:50","guid":{"rendered":"https:\/\/www.laguiadepamplona.com\/actualidad\/?p=35284"},"modified":"2023-04-11T11:49:26","modified_gmt":"2023-04-11T09:49:26","slug":"25-nuevos-agentes-de-policia-municipal-6-mujeres-y-19-hombres-reciben-sus-nombramientos-y-sus-placas-en-un-acto-solemne-en-la-ciudadela","status":"publish","type":"post","link":"https:\/\/www.laguiadepamplona.com\/actualidad\/25-nuevos-agentes-de-policia-municipal-6-mujeres-y-19-hombres-reciben-sus-nombramientos-y-sus-placas-en-un-acto-solemne-en-la-ciudadela\/","title":{"rendered":"25 nuevos agentes de Polic\u00eda Municipal, 6 mujeres y 19 hombres, reciben sus nombramientos y sus placas en un acto solemne en la Ciudadela"},"content":{"rendered":"<h5>El alcalde de Pamplona, Enrique Maya, y el jefe de la Polic\u00eda Municipal, Javier Goya, presiden un acto al que estaba invitada la Corporaci\u00f3n<\/h5>\n<p><!--more--><\/p>\n<p>Hoy han recibido sus placas y destinos 25 mujeres y hombres que se incorporan como nueva promoci\u00f3n al cuerpo de Polic\u00eda Municipal de Pamplona. La nueva promoci\u00f3n est\u00e1 formada por 6 mujeres y 24 hombres, aunque 5 de los agentes no han participado en el acto de hoy, ya que tomaron anteriormente posesi\u00f3n porque proven\u00edan de otras polic\u00edas de Navarra y se les convalid\u00f3 el curso de formaci\u00f3n en la Escuela de Seguridad y Emergencias de Navarra.<\/p>\n<p><script async src=\"\/\/pagead2.googlesyndication.com\/pagead\/js\/adsbygoogle.js\"><\/script><br \/>\n<!-- Noticias La Guia de Pamplona --><br \/>\n<ins class=\"adsbygoogle\"\nstyle=\"display:block\"\ndata-ad-client=\"ca-pub-6943679897239327\"\ndata-ad-slot=\"7048180777\"\ndata-ad-format=\"auto\"><\/ins><br \/>\n<script>\n(adsbygoogle = window.adsbygoogle || []).push({});\n<\/script><\/p>\n<p>Lo han hecho dentro de un acto p\u00fablico que ha tenido lugar en la pradera exterior de la Sala de Armas de la Ciudadela que han presidido el alcalde de Pamplona, Enrique Maya, y el jefe de la Polic\u00eda Municipal de la Ciudad, Javier Goya. En el acto solemne tambi\u00e9n han participado el concejal delegado y el director del \u00c1rea de Seguridad Ciudadana, Javier Labairu y Patxi Fern\u00e1ndez, respectivamente, y representantes de distintos grupos de la Corporaci\u00f3n Municipal.<\/p>\n<p>La cita ha comenzado con la interpretaci\u00f3n del Himno de Navarra y la jura o promesa de los nuevos agentes que han recibido sus nombramientos de manos del alcalde y sus placas de las del jefe de Polic\u00eda Municipal y ha terminado con la realizaci\u00f3n de una foto de grupo de la nueva promoci\u00f3n. A lo largo del acto se han sucedido las intervenciones intercaladas con diversas piezas musicales a cargo del cuarteto de cuerda Zura Quartet (viola y viol\u00edn).<\/p>\n<p><script async src=\"\/\/pagead2.googlesyndication.com\/pagead\/js\/adsbygoogle.js\"><\/script><br \/>\n<!-- Noticias La Guia de Pamplona --><br \/>\n<ins class=\"adsbygoogle\"\nstyle=\"display:block\"\ndata-ad-client=\"ca-pub-6943679897239327\"\ndata-ad-slot=\"7048180777\"\ndata-ad-format=\"auto\"><\/ins><br \/>\n<script>\n(adsbygoogle = window.adsbygoogle || []).push({});\n<\/script><\/p>\n<p>De los 30 nuevos agentes, 25 se incorporar\u00e1n a la Brigada de Proximidad y otros 5 a la Brigada de Circulaci\u00f3n. Con su ingreso, la Polic\u00eda Municipal de Pamplona cuenta con una plantilla total de 402 efectivos, un 14,1 % de ellos mujeres (56), con una edad que oscila entre los 25 y los 63 a\u00f1os. En esta nueva promoci\u00f3n las mujeres suponen un 20% de los agentes.<\/p>\n<p>Los nuevos agentes en su proceso de selecci\u00f3n debieron realizar una prueba te\u00f3rica tipo test con 100 preguntas, diferentes pruebas de aptitud f\u00edsica (press de banca, nataci\u00f3n, test de Barrow y test de Course Navette), una prueba de aptitud psicot\u00e9cnica y las correspondientes pruebas m\u00e9dicas. Ya aprobados, realizaron el Curso de Formaci\u00f3n B\u00e1sica en la Escuela de Seguridad y Emergencias de Navarra.<\/p>\n","protected":false},"excerpt":{"rendered":"<p>El alcalde de Pamplona, Enrique Maya, y el jefe de la Polic\u00eda Municipal, Javier Goya, presiden un acto al que estaba invitada la Corporaci\u00f3n<\/p>\n","protected":false},"author":1,"featured_media":35285,"comment_status":"open","ping_status":"closed","sticky":false,"template":"","format":"standard","meta":{"footnotes":""},"categories":[2],"tags":[],"class_list":["post-35284","post","type-post","status-publish","format-standard","has-post-thumbnail","hentry","category-ayuntamiento-pamplona"],"yoast_head":"<!-- This site is optimized with the Yoast SEO plugin v27.3 - https:\/\/yoast.com\/product\/yoast-seo-wordpress\/ -->\n<title>25 nuevos agentes de Polic\u00eda Municipal, 6 mujeres y 19 hombres, reciben sus nombramientos y sus placas en un acto solemne en la Ciudadela<\/title>\n<meta name=\"description\" content=\"El alcalde de Pamplona, Enrique Maya, y el jefe de la Polic\u00eda Municipal, Javier Goya, presiden un acto al que estaba invitada la Corporaci\u00f3n\" \/>\n<meta name=\"robots\" content=\"index, follow, max-snippet:-1, max-image-preview:large, max-video-preview:-1\" \/>\n<link rel=\"canonical\" href=\"https:\/\/www.laguiadepamplona.com\/actualidad\/25-nuevos-agentes-de-policia-municipal-6-mujeres-y-19-hombres-reciben-sus-nombramientos-y-sus-placas-en-un-acto-solemne-en-la-ciudadela\/\" \/>\n<meta property=\"og:locale\" content=\"es_ES\" \/>\n<meta property=\"og:type\" content=\"article\" \/>\n<meta property=\"og:title\" content=\"25 nuevos agentes de Polic\u00eda Municipal, 6 mujeres y 19 hombres, reciben sus nombramientos y sus placas en un acto solemne en la Ciudadela\" \/>\n<meta property=\"og:description\" content=\"El alcalde de Pamplona, Enrique Maya, y el jefe de la Polic\u00eda Municipal, Javier Goya, presiden un acto al que estaba invitada la Corporaci\u00f3n\" \/>\n<meta property=\"og:url\" content=\"https:\/\/www.laguiadepamplona.com\/actualidad\/25-nuevos-agentes-de-policia-municipal-6-mujeres-y-19-hombres-reciben-sus-nombramientos-y-sus-placas-en-un-acto-solemne-en-la-ciudadela\/\" \/>\n<meta property=\"og:site_name\" content=\"La Gu\u00eda de Pamplona\" \/>\n<meta property=\"article:publisher\" content=\"https:\/\/www.facebook.com\/laguiadepamplonacom-133175176762273\/?ref=hl\" \/>\n<meta property=\"article:published_time\" content=\"2021-06-07T16:09:50+00:00\" \/>\n<meta property=\"article:modified_time\" content=\"2023-04-11T09:49:26+00:00\" \/>\n<meta property=\"og:image\" content=\"https:\/\/www.laguiadepamplona.com\/actualidad\/wp-content\/uploads\/2021\/06\/pmunicipal_jgv5224.jpg\" \/>\n\t<meta property=\"og:image:width\" content=\"1920\" \/>\n\t<meta property=\"og:image:height\" content=\"1280\" \/>\n\t<meta property=\"og:image:type\" content=\"image\/jpeg\" \/>\n<meta name=\"author\" content=\"La Gu\u00eda de Pamplona\" \/>\n<meta name=\"twitter:card\" content=\"summary_large_image\" \/>\n<meta name=\"twitter:creator\" content=\"@LaGuiadPamplona\" \/>\n<meta name=\"twitter:site\" content=\"@LaGuiadPamplona\" \/>\n<meta name=\"twitter:label1\" content=\"Escrito por\" \/>\n\t<meta name=\"twitter:data1\" content=\"La Gu\u00eda de Pamplona\" \/>\n\t<meta name=\"twitter:label2\" content=\"Tiempo de lectura\" \/>\n\t<meta name=\"twitter:data2\" content=\"2 minutos\" \/>\n<script type=\"application\/ld+json\" class=\"yoast-schema-graph\">{\"@context\":\"https:\\\/\\\/schema.org\",\"@graph\":[{\"@type\":\"Article\",\"@id\":\"https:\\\/\\\/www.laguiadepamplona.com\\\/actualidad\\\/25-nuevos-agentes-de-policia-municipal-6-mujeres-y-19-hombres-reciben-sus-nombramientos-y-sus-placas-en-un-acto-solemne-en-la-ciudadela\\\/#article\",\"isPartOf\":{\"@id\":\"https:\\\/\\\/www.laguiadepamplona.com\\\/actualidad\\\/25-nuevos-agentes-de-policia-municipal-6-mujeres-y-19-hombres-reciben-sus-nombramientos-y-sus-placas-en-un-acto-solemne-en-la-ciudadela\\\/\"},\"author\":{\"name\":\"La Gu\u00eda de Pamplona\",\"@id\":\"https:\\\/\\\/www.laguiadepamplona.com\\\/actualidad\\\/#\\\/schema\\\/person\\\/efe887376f0213d4657c93adc50b1fdb\"},\"headline\":\"25 nuevos agentes de Polic\u00eda Municipal, 6 mujeres y 19 hombres, reciben sus nombramientos y sus placas en un acto solemne en la Ciudadela\",\"datePublished\":\"2021-06-07T16:09:50+00:00\",\"dateModified\":\"2023-04-11T09:49:26+00:00\",\"mainEntityOfPage\":{\"@id\":\"https:\\\/\\\/www.laguiadepamplona.com\\\/actualidad\\\/25-nuevos-agentes-de-policia-municipal-6-mujeres-y-19-hombres-reciben-sus-nombramientos-y-sus-placas-en-un-acto-solemne-en-la-ciudadela\\\/\"},\"wordCount\":428,\"commentCount\":0,\"publisher\":{\"@id\":\"https:\\\/\\\/www.laguiadepamplona.com\\\/actualidad\\\/#organization\"},\"image\":{\"@id\":\"https:\\\/\\\/www.laguiadepamplona.com\\\/actualidad\\\/25-nuevos-agentes-de-policia-municipal-6-mujeres-y-19-hombres-reciben-sus-nombramientos-y-sus-placas-en-un-acto-solemne-en-la-ciudadela\\\/#primaryimage\"},\"thumbnailUrl\":\"https:\\\/\\\/www.laguiadepamplona.com\\\/actualidad\\\/wp-content\\\/uploads\\\/2021\\\/06\\\/pmunicipal_jgv5224.jpg\",\"articleSection\":[\"Ayto Pamplona\"],\"inLanguage\":\"es\",\"potentialAction\":[{\"@type\":\"CommentAction\",\"name\":\"Comment\",\"target\":[\"https:\\\/\\\/www.laguiadepamplona.com\\\/actualidad\\\/25-nuevos-agentes-de-policia-municipal-6-mujeres-y-19-hombres-reciben-sus-nombramientos-y-sus-placas-en-un-acto-solemne-en-la-ciudadela\\\/#respond\"]}]},{\"@type\":\"WebPage\",\"@id\":\"https:\\\/\\\/www.laguiadepamplona.com\\\/actualidad\\\/25-nuevos-agentes-de-policia-municipal-6-mujeres-y-19-hombres-reciben-sus-nombramientos-y-sus-placas-en-un-acto-solemne-en-la-ciudadela\\\/\",\"url\":\"https:\\\/\\\/www.laguiadepamplona.com\\\/actualidad\\\/25-nuevos-agentes-de-policia-municipal-6-mujeres-y-19-hombres-reciben-sus-nombramientos-y-sus-placas-en-un-acto-solemne-en-la-ciudadela\\\/\",\"name\":\"25 nuevos agentes de Polic\u00eda Municipal, 6 mujeres y 19 hombres, reciben sus nombramientos y sus placas en un acto solemne en la Ciudadela\",\"isPartOf\":{\"@id\":\"https:\\\/\\\/www.laguiadepamplona.com\\\/actualidad\\\/#website\"},\"primaryImageOfPage\":{\"@id\":\"https:\\\/\\\/www.laguiadepamplona.com\\\/actualidad\\\/25-nuevos-agentes-de-policia-municipal-6-mujeres-y-19-hombres-reciben-sus-nombramientos-y-sus-placas-en-un-acto-solemne-en-la-ciudadela\\\/#primaryimage\"},\"image\":{\"@id\":\"https:\\\/\\\/www.laguiadepamplona.com\\\/actualidad\\\/25-nuevos-agentes-de-policia-municipal-6-mujeres-y-19-hombres-reciben-sus-nombramientos-y-sus-placas-en-un-acto-solemne-en-la-ciudadela\\\/#primaryimage\"},\"thumbnailUrl\":\"https:\\\/\\\/www.laguiadepamplona.com\\\/actualidad\\\/wp-content\\\/uploads\\\/2021\\\/06\\\/pmunicipal_jgv5224.jpg\",\"datePublished\":\"2021-06-07T16:09:50+00:00\",\"dateModified\":\"2023-04-11T09:49:26+00:00\",\"description\":\"El alcalde de Pamplona, Enrique Maya, y el jefe de la Polic\u00eda Municipal, Javier Goya, presiden un acto al que estaba invitada la Corporaci\u00f3n\",\"breadcrumb\":{\"@id\":\"https:\\\/\\\/www.laguiadepamplona.com\\\/actualidad\\\/25-nuevos-agentes-de-policia-municipal-6-mujeres-y-19-hombres-reciben-sus-nombramientos-y-sus-placas-en-un-acto-solemne-en-la-ciudadela\\\/#breadcrumb\"},\"inLanguage\":\"es\",\"potentialAction\":[{\"@type\":\"ReadAction\",\"target\":[\"https:\\\/\\\/www.laguiadepamplona.com\\\/actualidad\\\/25-nuevos-agentes-de-policia-municipal-6-mujeres-y-19-hombres-reciben-sus-nombramientos-y-sus-placas-en-un-acto-solemne-en-la-ciudadela\\\/\"]}]},{\"@type\":\"ImageObject\",\"inLanguage\":\"es\",\"@id\":\"https:\\\/\\\/www.laguiadepamplona.com\\\/actualidad\\\/25-nuevos-agentes-de-policia-municipal-6-mujeres-y-19-hombres-reciben-sus-nombramientos-y-sus-placas-en-un-acto-solemne-en-la-ciudadela\\\/#primaryimage\",\"url\":\"https:\\\/\\\/www.laguiadepamplona.com\\\/actualidad\\\/wp-content\\\/uploads\\\/2021\\\/06\\\/pmunicipal_jgv5224.jpg\",\"contentUrl\":\"https:\\\/\\\/www.laguiadepamplona.com\\\/actualidad\\\/wp-content\\\/uploads\\\/2021\\\/06\\\/pmunicipal_jgv5224.jpg\",\"width\":1920,\"height\":1280,\"caption\":\"A* Jes\u00fas Garzaron F* 2021_06_07 T* Toma posesi\u00f3n polic\u00edas municipales L* Ciudadela\"},{\"@type\":\"BreadcrumbList\",\"@id\":\"https:\\\/\\\/www.laguiadepamplona.com\\\/actualidad\\\/25-nuevos-agentes-de-policia-municipal-6-mujeres-y-19-hombres-reciben-sus-nombramientos-y-sus-placas-en-un-acto-solemne-en-la-ciudadela\\\/#breadcrumb\",\"itemListElement\":[{\"@type\":\"ListItem\",\"position\":1,\"name\":\"Portada\",\"item\":\"https:\\\/\\\/www.laguiadepamplona.com\\\/actualidad\\\/\"},{\"@type\":\"ListItem\",\"position\":2,\"name\":\"25 nuevos agentes de Polic\u00eda Municipal, 6 mujeres y 19 hombres, reciben sus nombramientos y sus placas en un acto solemne en la Ciudadela\"}]},{\"@type\":\"WebSite\",\"@id\":\"https:\\\/\\\/www.laguiadepamplona.com\\\/actualidad\\\/#website\",\"url\":\"https:\\\/\\\/www.laguiadepamplona.com\\\/actualidad\\\/\",\"name\":\"La gu\u00eda de Pamplona\",\"description\":\"Noticias de Pamplona\",\"publisher\":{\"@id\":\"https:\\\/\\\/www.laguiadepamplona.com\\\/actualidad\\\/#organization\"},\"potentialAction\":[{\"@type\":\"SearchAction\",\"target\":{\"@type\":\"EntryPoint\",\"urlTemplate\":\"https:\\\/\\\/www.laguiadepamplona.com\\\/actualidad\\\/?s={search_term_string}\"},\"query-input\":{\"@type\":\"PropertyValueSpecification\",\"valueRequired\":true,\"valueName\":\"search_term_string\"}}],\"inLanguage\":\"es\"},{\"@type\":\"Organization\",\"@id\":\"https:\\\/\\\/www.laguiadepamplona.com\\\/actualidad\\\/#organization\",\"name\":\"La Gu\u00eda de Pamplona \\\/ Noticias\",\"url\":\"https:\\\/\\\/www.laguiadepamplona.com\\\/actualidad\\\/\",\"logo\":{\"@type\":\"ImageObject\",\"inLanguage\":\"es\",\"@id\":\"https:\\\/\\\/www.laguiadepamplona.com\\\/actualidad\\\/#\\\/schema\\\/logo\\\/image\\\/\",\"url\":\"https:\\\/\\\/www.laguiadepamplona.com\\\/actualidad\\\/wp-content\\\/uploads\\\/2018\\\/11\\\/logo-laguiadepamplona18-web1.png\",\"contentUrl\":\"https:\\\/\\\/www.laguiadepamplona.com\\\/actualidad\\\/wp-content\\\/uploads\\\/2018\\\/11\\\/logo-laguiadepamplona18-web1.png\",\"width\":600,\"height\":196,\"caption\":\"La Gu\u00eda de Pamplona \\\/ Noticias\"},\"image\":{\"@id\":\"https:\\\/\\\/www.laguiadepamplona.com\\\/actualidad\\\/#\\\/schema\\\/logo\\\/image\\\/\"},\"sameAs\":[\"https:\\\/\\\/www.facebook.com\\\/laguiadepamplonacom-133175176762273\\\/?ref=hl\",\"https:\\\/\\\/x.com\\\/LaGuiadPamplona\",\"https:\\\/\\\/www.instagram.com\\\/la_guia_de_pamplona\\\/\",\"https:\\\/\\\/www.youtube.com\\\/user\\\/laguiadepamplona\"]},{\"@type\":\"Person\",\"@id\":\"https:\\\/\\\/www.laguiadepamplona.com\\\/actualidad\\\/#\\\/schema\\\/person\\\/efe887376f0213d4657c93adc50b1fdb\",\"name\":\"La Gu\u00eda de Pamplona\",\"image\":{\"@type\":\"ImageObject\",\"inLanguage\":\"es\",\"@id\":\"https:\\\/\\\/secure.gravatar.com\\\/avatar\\\/b6992f131dc8d30ab0dff15446e9d346d9dbd95992de0fef795073f5ea83a81c?s=96&d=mm&r=g\",\"url\":\"https:\\\/\\\/secure.gravatar.com\\\/avatar\\\/b6992f131dc8d30ab0dff15446e9d346d9dbd95992de0fef795073f5ea83a81c?s=96&d=mm&r=g\",\"contentUrl\":\"https:\\\/\\\/secure.gravatar.com\\\/avatar\\\/b6992f131dc8d30ab0dff15446e9d346d9dbd95992de0fef795073f5ea83a81c?s=96&d=mm&r=g\",\"caption\":\"La Gu\u00eda de Pamplona\"}}]}<\/script>\n<!-- \/ Yoast SEO plugin. -->","yoast_head_json":{"title":"25 nuevos agentes de Polic\u00eda Municipal, 6 mujeres y 19 hombres, reciben sus nombramientos y sus placas en un acto solemne en la Ciudadela","description":"El alcalde de Pamplona, Enrique Maya, y el jefe de la Polic\u00eda Municipal, Javier Goya, presiden un acto al que estaba invitada la Corporaci\u00f3n","robots":{"index":"index","follow":"follow","max-snippet":"max-snippet:-1","max-image-preview":"max-image-preview:large","max-video-preview":"max-video-preview:-1"},"canonical":"https:\/\/www.laguiadepamplona.com\/actualidad\/25-nuevos-agentes-de-policia-municipal-6-mujeres-y-19-hombres-reciben-sus-nombramientos-y-sus-placas-en-un-acto-solemne-en-la-ciudadela\/","og_locale":"es_ES","og_type":"article","og_title":"25 nuevos agentes de Polic\u00eda Municipal, 6 mujeres y 19 hombres, reciben sus nombramientos y sus placas en un acto solemne en la Ciudadela","og_description":"El alcalde de Pamplona, Enrique Maya, y el jefe de la Polic\u00eda Municipal, Javier Goya, presiden un acto al que estaba invitada la Corporaci\u00f3n","og_url":"https:\/\/www.laguiadepamplona.com\/actualidad\/25-nuevos-agentes-de-policia-municipal-6-mujeres-y-19-hombres-reciben-sus-nombramientos-y-sus-placas-en-un-acto-solemne-en-la-ciudadela\/","og_site_name":"La Gu\u00eda de Pamplona","article_publisher":"https:\/\/www.facebook.com\/laguiadepamplonacom-133175176762273\/?ref=hl","article_published_time":"2021-06-07T16:09:50+00:00","article_modified_time":"2023-04-11T09:49:26+00:00","og_image":[{"width":1920,"height":1280,"url":"https:\/\/www.laguiadepamplona.com\/actualidad\/wp-content\/uploads\/2021\/06\/pmunicipal_jgv5224.jpg","type":"image\/jpeg"}],"author":"La Gu\u00eda de Pamplona","twitter_card":"summary_large_image","twitter_creator":"@LaGuiadPamplona","twitter_site":"@LaGuiadPamplona","twitter_misc":{"Escrito por":"La Gu\u00eda de Pamplona","Tiempo de lectura":"2 minutos"},"schema":{"@context":"https:\/\/schema.org","@graph":[{"@type":"Article","@id":"https:\/\/www.laguiadepamplona.com\/actualidad\/25-nuevos-agentes-de-policia-municipal-6-mujeres-y-19-hombres-reciben-sus-nombramientos-y-sus-placas-en-un-acto-solemne-en-la-ciudadela\/#article","isPartOf":{"@id":"https:\/\/www.laguiadepamplona.com\/actualidad\/25-nuevos-agentes-de-policia-municipal-6-mujeres-y-19-hombres-reciben-sus-nombramientos-y-sus-placas-en-un-acto-solemne-en-la-ciudadela\/"},"author":{"name":"La Gu\u00eda de Pamplona","@id":"https:\/\/www.laguiadepamplona.com\/actualidad\/#\/schema\/person\/efe887376f0213d4657c93adc50b1fdb"},"headline":"25 nuevos agentes de Polic\u00eda Municipal, 6 mujeres y 19 hombres, reciben sus nombramientos y sus placas en un acto solemne en la Ciudadela","datePublished":"2021-06-07T16:09:50+00:00","dateModified":"2023-04-11T09:49:26+00:00","mainEntityOfPage":{"@id":"https:\/\/www.laguiadepamplona.com\/actualidad\/25-nuevos-agentes-de-policia-municipal-6-mujeres-y-19-hombres-reciben-sus-nombramientos-y-sus-placas-en-un-acto-solemne-en-la-ciudadela\/"},"wordCount":428,"commentCount":0,"publisher":{"@id":"https:\/\/www.laguiadepamplona.com\/actualidad\/#organization"},"image":{"@id":"https:\/\/www.laguiadepamplona.com\/actualidad\/25-nuevos-agentes-de-policia-municipal-6-mujeres-y-19-hombres-reciben-sus-nombramientos-y-sus-placas-en-un-acto-solemne-en-la-ciudadela\/#primaryimage"},"thumbnailUrl":"https:\/\/www.laguiadepamplona.com\/actualidad\/wp-content\/uploads\/2021\/06\/pmunicipal_jgv5224.jpg","articleSection":["Ayto Pamplona"],"inLanguage":"es","potentialAction":[{"@type":"CommentAction","name":"Comment","target":["https:\/\/www.laguiadepamplona.com\/actualidad\/25-nuevos-agentes-de-policia-municipal-6-mujeres-y-19-hombres-reciben-sus-nombramientos-y-sus-placas-en-un-acto-solemne-en-la-ciudadela\/#respond"]}]},{"@type":"WebPage","@id":"https:\/\/www.laguiadepamplona.com\/actualidad\/25-nuevos-agentes-de-policia-municipal-6-mujeres-y-19-hombres-reciben-sus-nombramientos-y-sus-placas-en-un-acto-solemne-en-la-ciudadela\/","url":"https:\/\/www.laguiadepamplona.com\/actualidad\/25-nuevos-agentes-de-policia-municipal-6-mujeres-y-19-hombres-reciben-sus-nombramientos-y-sus-placas-en-un-acto-solemne-en-la-ciudadela\/","name":"25 nuevos agentes de Polic\u00eda Municipal, 6 mujeres y 19 hombres, reciben sus nombramientos y sus placas en un acto solemne en la Ciudadela","isPartOf":{"@id":"https:\/\/www.laguiadepamplona.com\/actualidad\/#website"},"primaryImageOfPage":{"@id":"https:\/\/www.laguiadepamplona.com\/actualidad\/25-nuevos-agentes-de-policia-municipal-6-mujeres-y-19-hombres-reciben-sus-nombramientos-y-sus-placas-en-un-acto-solemne-en-la-ciudadela\/#primaryimage"},"image":{"@id":"https:\/\/www.laguiadepamplona.com\/actualidad\/25-nuevos-agentes-de-policia-municipal-6-mujeres-y-19-hombres-reciben-sus-nombramientos-y-sus-placas-en-un-acto-solemne-en-la-ciudadela\/#primaryimage"},"thumbnailUrl":"https:\/\/www.laguiadepamplona.com\/actualidad\/wp-content\/uploads\/2021\/06\/pmunicipal_jgv5224.jpg","datePublished":"2021-06-07T16:09:50+00:00","dateModified":"2023-04-11T09:49:26+00:00","description":"El alcalde de Pamplona, Enrique Maya, y el jefe de la Polic\u00eda Municipal, Javier Goya, presiden un acto al que estaba invitada la Corporaci\u00f3n","breadcrumb":{"@id":"https:\/\/www.laguiadepamplona.com\/actualidad\/25-nuevos-agentes-de-policia-municipal-6-mujeres-y-19-hombres-reciben-sus-nombramientos-y-sus-placas-en-un-acto-solemne-en-la-ciudadela\/#breadcrumb"},"inLanguage":"es","potentialAction":[{"@type":"ReadAction","target":["https:\/\/www.laguiadepamplona.com\/actualidad\/25-nuevos-agentes-de-policia-municipal-6-mujeres-y-19-hombres-reciben-sus-nombramientos-y-sus-placas-en-un-acto-solemne-en-la-ciudadela\/"]}]},{"@type":"ImageObject","inLanguage":"es","@id":"https:\/\/www.laguiadepamplona.com\/actualidad\/25-nuevos-agentes-de-policia-municipal-6-mujeres-y-19-hombres-reciben-sus-nombramientos-y-sus-placas-en-un-acto-solemne-en-la-ciudadela\/#primaryimage","url":"https:\/\/www.laguiadepamplona.com\/actualidad\/wp-content\/uploads\/2021\/06\/pmunicipal_jgv5224.jpg","contentUrl":"https:\/\/www.laguiadepamplona.com\/actualidad\/wp-content\/uploads\/2021\/06\/pmunicipal_jgv5224.jpg","width":1920,"height":1280,"caption":"A* Jes\u00fas Garzaron F* 2021_06_07 T* Toma posesi\u00f3n polic\u00edas municipales L* Ciudadela"},{"@type":"BreadcrumbList","@id":"https:\/\/www.laguiadepamplona.com\/actualidad\/25-nuevos-agentes-de-policia-municipal-6-mujeres-y-19-hombres-reciben-sus-nombramientos-y-sus-placas-en-un-acto-solemne-en-la-ciudadela\/#breadcrumb","itemListElement":[{"@type":"ListItem","position":1,"name":"Portada","item":"https:\/\/www.laguiadepamplona.com\/actualidad\/"},{"@type":"ListItem","position":2,"name":"25 nuevos agentes de Polic\u00eda Municipal, 6 mujeres y 19 hombres, reciben sus nombramientos y sus placas en un acto solemne en la Ciudadela"}]},{"@type":"WebSite","@id":"https:\/\/www.laguiadepamplona.com\/actualidad\/#website","url":"https:\/\/www.laguiadepamplona.com\/actualidad\/","name":"La gu\u00eda de Pamplona","description":"Noticias de Pamplona","publisher":{"@id":"https:\/\/www.laguiadepamplona.com\/actualidad\/#organization"},"potentialAction":[{"@type":"SearchAction","target":{"@type":"EntryPoint","urlTemplate":"https:\/\/www.laguiadepamplona.com\/actualidad\/?s={search_term_string}"},"query-input":{"@type":"PropertyValueSpecification","valueRequired":true,"valueName":"search_term_string"}}],"inLanguage":"es"},{"@type":"Organization","@id":"https:\/\/www.laguiadepamplona.com\/actualidad\/#organization","name":"La Gu\u00eda de Pamplona \/ Noticias","url":"https:\/\/www.laguiadepamplona.com\/actualidad\/","logo":{"@type":"ImageObject","inLanguage":"es","@id":"https:\/\/www.laguiadepamplona.com\/actualidad\/#\/schema\/logo\/image\/","url":"https:\/\/www.laguiadepamplona.com\/actualidad\/wp-content\/uploads\/2018\/11\/logo-laguiadepamplona18-web1.png","contentUrl":"https:\/\/www.laguiadepamplona.com\/actualidad\/wp-content\/uploads\/2018\/11\/logo-laguiadepamplona18-web1.png","width":600,"height":196,"caption":"La Gu\u00eda de Pamplona \/ Noticias"},"image":{"@id":"https:\/\/www.laguiadepamplona.com\/actualidad\/#\/schema\/logo\/image\/"},"sameAs":["https:\/\/www.facebook.com\/laguiadepamplonacom-133175176762273\/?ref=hl","https:\/\/x.com\/LaGuiadPamplona","https:\/\/www.instagram.com\/la_guia_de_pamplona\/","https:\/\/www.youtube.com\/user\/laguiadepamplona"]},{"@type":"Person","@id":"https:\/\/www.laguiadepamplona.com\/actualidad\/#\/schema\/person\/efe887376f0213d4657c93adc50b1fdb","name":"La Gu\u00eda de Pamplona","image":{"@type":"ImageObject","inLanguage":"es","@id":"https:\/\/secure.gravatar.com\/avatar\/b6992f131dc8d30ab0dff15446e9d346d9dbd95992de0fef795073f5ea83a81c?s=96&d=mm&r=g","url":"https:\/\/secure.gravatar.com\/avatar\/b6992f131dc8d30ab0dff15446e9d346d9dbd95992de0fef795073f5ea83a81c?s=96&d=mm&r=g","contentUrl":"https:\/\/secure.gravatar.com\/avatar\/b6992f131dc8d30ab0dff15446e9d346d9dbd95992de0fef795073f5ea83a81c?s=96&d=mm&r=g","caption":"La Gu\u00eda de Pamplona"}}]}},"post_mailing_queue_ids":[],"_links":{"self":[{"href":"https:\/\/www.laguiadepamplona.com\/actualidad\/wp-json\/wp\/v2\/posts\/35284","targetHints":{"allow":["GET"]}}],"collection":[{"href":"https:\/\/www.laguiadepamplona.com\/actualidad\/wp-json\/wp\/v2\/posts"}],"about":[{"href":"https:\/\/www.laguiadepamplona.com\/actualidad\/wp-json\/wp\/v2\/types\/post"}],"author":[{"embeddable":true,"href":"https:\/\/www.laguiadepamplona.com\/actualidad\/wp-json\/wp\/v2\/users\/1"}],"replies":[{"embeddable":true,"href":"https:\/\/www.laguiadepamplona.com\/actualidad\/wp-json\/wp\/v2\/comments?post=35284"}],"version-history":[{"count":0,"href":"https:\/\/www.laguiadepamplona.com\/actualidad\/wp-json\/wp\/v2\/posts\/35284\/revisions"}],"wp:featuredmedia":[{"embeddable":true,"href":"https:\/\/www.laguiadepamplona.com\/actualidad\/wp-json\/wp\/v2\/media\/35285"}],"wp:attachment":[{"href":"https:\/\/www.laguiadepamplona.com\/actualidad\/wp-json\/wp\/v2\/media?parent=35284"}],"wp:term":[{"taxonomy":"category","embeddable":true,"href":"https:\/\/www.laguiadepamplona.com\/actualidad\/wp-json\/wp\/v2\/categories?post=35284"},{"taxonomy":"post_tag","embeddable":true,"href":"https:\/\/www.laguiadepamplona.com\/actualidad\/wp-json\/wp\/v2\/tags?post=35284"}],"curies":[{"name":"wp","href":"https:\/\/api.w.org\/{rel}","templated":true}]}}