{"id":35282,"date":"2021-06-07T18:07:29","date_gmt":"2021-06-07T16:07:29","guid":{"rendered":"https:\/\/www.laguiadepamplona.com\/actualidad\/?p=35282"},"modified":"2023-04-11T11:49:26","modified_gmt":"2023-04-11T09:49:26","slug":"el-ayuntamiento-presentara-esta-semana-sus-iniciativas-sobre-sostenibilidad-y-cambio-climatico-en-las-jornadas-de-sostenibilidad-de-la-comarca-de-pamplona","status":"publish","type":"post","link":"https:\/\/www.laguiadepamplona.com\/actualidad\/el-ayuntamiento-presentara-esta-semana-sus-iniciativas-sobre-sostenibilidad-y-cambio-climatico-en-las-jornadas-de-sostenibilidad-de-la-comarca-de-pamplona\/","title":{"rendered":"El Ayuntamiento presentar\u00e1, esta semana, sus iniciativas sobre sostenibilidad y cambio clim\u00e1tico en las Jornadas de Sostenibilidad de la Comarca de Pamplona"},"content":{"rendered":"<h5>Las jornadas incluyen la entrega de premios en la que el Consistorio recibir\u00e1 dos menciones especiales y tres reconocimientos por buenas pr\u00e1cticas<\/h5>\n<p><!--more--><\/p>\n<p>El Ayuntamiento de Pamplona va a presentar sus iniciativas sobre sostenibilidad y cambio clim\u00e1tico en las Jornadas de Sostenibilidad de la Comarca de Pamplona organizadas por el Gobierno de Navarra del 9 al 11 de junio a trav\u00e9s de la Red Navarra de Entidades Locales hacia la Sostenibilidad (Red Nels), a la que Pamplona pertenece. Ser\u00e1n ejemplos del trabajo que est\u00e1 realizando en la lucha contra el cambio clim\u00e1tico y la adaptaci\u00f3n de la ciudad a esos efectos y riesgos clim\u00e1ticos en un momento en el que ya ha concluido la elaboraci\u00f3n participada de la Estrategia de Transici\u00f3n Energ\u00e9tica y Cambio Clim\u00e1tico 2030. La estrategia se enmarca dentro del proyecto \u2018Go Green Pamplona\u2019, que engloba todas las materias de lucha contra el cambio clim\u00e1tico que est\u00e1 desarrollando y desarrollar\u00e1 la ciudad y que define las nuevas l\u00edneas de actuaci\u00f3n en los pr\u00f3ximos a\u00f1os.<\/p>\n<p>Las jornadas incluyen la entrega de los XI Premios de Buenas Pr\u00e1cticas de Desarrollo Local Sostenible \u2018Jos\u00e9 Ignacio Sanz Arbizu\u2019 en la que el Ayuntamiento de Pamplona recibir\u00e1 dos menciones especiales por los proyectos \u2018Sirenas\u2019 y \u2018Consumo responsable y prevenci\u00f3n de residuos en las escuelas infantiles del Ayuntamiento de Pamplona\u2019 y tres reconocimientos de buenas pr\u00e1cticas por los programas \u2018Biciescuela\u2019, \u2018Red de huertos urbanos y proyecto educativo\u2019 y \u2018Huertas escolares ecol\u00f3gicas\u2019.<\/p>\n<p><script async src=\"\/\/pagead2.googlesyndication.com\/pagead\/js\/adsbygoogle.js\"><\/script><br \/>\n<!-- Noticias La Guia de Pamplona --><br \/>\n<ins class=\"adsbygoogle\"\nstyle=\"display:block\"\ndata-ad-client=\"ca-pub-6943679897239327\"\ndata-ad-slot=\"7048180777\"\ndata-ad-format=\"auto\"><\/ins><br \/>\n<script>\n(adsbygoogle = window.adsbygoogle || []).push({});\n<\/script><\/p>\n<p><strong>\u201cGoGreen Pamplona\u201d, Estrategia de Transici\u00f3n Energ\u00e9tica y Cambio Clim\u00e1tico 2030<\/strong><\/p>\n<p>En el primer d\u00eda de las jornadas, la t\u00e9cnica municipal del servicio de Agenda Local 21, Marta Torres, participar\u00e1 en una sesi\u00f3n sobre el cambio clim\u00e1tico y presentar\u00e1 las acciones del Ayuntamiento en este tema y que giran sobre la Estrategia de Transici\u00f3n Energ\u00e9tica y Cambio Clim\u00e1tico 2030. La estrategia incluye el an\u00e1lisis energ\u00e9tico y de vulnerabilidades y riesgos a los impactos del cambio clim\u00e1tico. Este an\u00e1lisis ha puesto de relieve que existe un incremento de los riesgos para la salud de la ciudadan\u00eda y para la propia ciudad al seguir intensific\u00e1ndose efectos como el aumento de la temperatura y las lluvias intensas. El estudio indica que habr\u00e1 un cambio tambi\u00e9n en el paisaje, que ya est\u00e1 evolucionando, y que a mediados de siglo podr\u00eda ser en Pamplona similar al de municipios extreme\u00f1os, andaluces o de ciertas zonas mediterr\u00e1neas.<\/p>\n<p>Al d\u00eda siguiente, la responsable de Movilidad, Maribel G\u00f3mez, estar\u00e1 presente en la sesi\u00f3n desinada a la movilidad sostenible, \u00e1mbito en el que Pamplona ha recibido recientemente dos reconocimientos, de una parte de la Federaci\u00f3n Espa\u00f1ola de Municipios y Provincias a trav\u00e9s de la Red de Ciudades por el Clima, y de otra, del Ministerio de Transici\u00f3n Ecol\u00f3gica, a trav\u00e9s de la Semana de la Movilidad.<\/p>\n<p>Pamplona est\u00e1 llevando a cabo distintas actuaciones en la trama urbana de la ciudad para alcanzar un reparto m\u00e1s equitativo del espacio que busca ampliar las zonas para peatones y ciclistas. Esto contribuye a calmar el tr\u00e1fico y reducir accidentes, as\u00ed como a mejorar la calidad urbana en general, controlando el ruido y la calidad del aire. Igualmente, la ganancia del espacio permite introducir arbolado y permebailizar la ciudad, estrategias que enriquecen el paisaje urbano y contribuyen a la adaptaci\u00f3n clim\u00e1tica.<\/p>\n<p>En este momento Pamplona est\u00e1 en fase de implantaci\u00f3n de un Sistema P\u00fablico de Bicicleta El\u00e9ctrica Compartida, como nuevo impulso al desarrollo de la movilidad ciclista, ya que es una alternativa sostenible y saludable, tanto para las personas usuarias de la bicicleta, como para el conjunto de la ciudad, ya que, las bicis no hacen ruido, no contaminan y no emiten CO<sub>2<\/sub>. Son por tanto una importante contribuci\u00f3n a la Agenda urbana Pamplona 2030, que tiene entre sus principales objetivos alcanzar una \u201cPamplona, verde, ecol\u00f3gica y comprometida con el clima\u201d.<\/p>\n<p><script async src=\"\/\/pagead2.googlesyndication.com\/pagead\/js\/adsbygoogle.js\"><\/script><br \/>\n<!-- Noticias La Guia de Pamplona --><br \/>\n<ins class=\"adsbygoogle\"\nstyle=\"display:block\"\ndata-ad-client=\"ca-pub-6943679897239327\"\ndata-ad-slot=\"7048180777\"\ndata-ad-format=\"auto\"><\/ins><br \/>\n<script>\n(adsbygoogle = window.adsbygoogle || []).push({});\n<\/script><\/p>\n<p><strong>Reconocimiento para \u2018Sirenas\u2019 y la prevenci\u00f3n de residuos en escuelas infantiles<\/strong><\/p>\n<p>Para finalizar las jornadas, el viernes, tendr\u00e1 lugar una mesa redonda que se centrar\u00e1 en las principales conclusiones que se extraigan de las sesiones de los d\u00edas previos en la que participar\u00e1 el director de Proyectos y Obras, Movilidad y Sostenibilidad del Ayuntamiento, Alejandro Astibia, y se realizar\u00e1 la entrega de los XI Premios de Buenas Pr\u00e1cticas de Desarrollo Local Sostenible \u2018Jos\u00e9 Ignacio Sanz Arbizu\u2019 en la que participar\u00e1 el concejal delegado de Proyectos Estrat\u00e9gicos, Movilidad y Sostenibilidad, Ferm\u00edn Alonso. El Ayuntamiento de Pamplona recibir\u00e1 cinco reconocimientos, dos menciones especiales y tres por buenas pr\u00e1cticas.<\/p>\n<p>Una de las menciones especiales ser\u00e1 para \u2018Sirenas-Itsas Laminak-Sir\u00e8nes\u2019 que el Consistorio organiza junto con la Fundaci\u00f3n Cristina Enea de San Sebasti\u00e1n y el Ballet Malandain de Biarritz. A trav\u00e9s de un itinerario pedag\u00f3gico que combina danza y educaci\u00f3n ambiental, grupos de escolares de las tres ciudades trabajan el efecto que tienen los residuos pl\u00e1sticos en los mares y oc\u00e9anos. El programa pretende mostrar que, por encima de las diferencias, existe una capacidad de colaboraci\u00f3n y cooperaci\u00f3n imprescindible para afrontar los problemas del mundo actual.<\/p>\n<p>La segunda menci\u00f3n es para la iniciativa \u2018Consumo responsable y prevenci\u00f3n de residuos en las escuelas infantiles del Ayuntamiento de Pamplona\u2019 en la que se ha impulsado la compra de alimentos de producci\u00f3n ecol\u00f3gica y de cercan\u00eda, la eliminaci\u00f3n de procesos poco saludables en la forma de cocinar los alimentos, la incorporaci\u00f3n de criterios ambientales en la compra de productos de limpieza y alimentos, la valorizaci\u00f3n de residuos y la realizaci\u00f3n del plan de reducci\u00f3n de residuos.<\/p>\n<p><script async src=\"\/\/pagead2.googlesyndication.com\/pagead\/js\/adsbygoogle.js\"><\/script><br \/>\n<!-- Noticias La Guia de Pamplona --><br \/>\n<ins class=\"adsbygoogle\"\nstyle=\"display:block\"\ndata-ad-client=\"ca-pub-6943679897239327\"\ndata-ad-slot=\"7048180777\"\ndata-ad-format=\"auto\"><\/ins><br \/>\n<script>\n(adsbygoogle = window.adsbygoogle || []).push({});\n<\/script><\/p>\n<p><strong>Buenas pr\u00e1cticas: \u2018Biciescuela\u2019, red de huertos urbanos y huertas escolares ecol\u00f3gicas<\/strong><\/p>\n<p>Uno de los reconocimientos a las buenas pr\u00e1cticas ha sido para la \u2018Biciescuela\u2019, que ofrece sesiones de diferentes niveles para que las personas adultas puedan aprender a andar y a circular en bicicleta y tambi\u00e9n incluye un programa educativo dirigido a los centros escolares centrado en el uso urbano, responsable y seguro de la bicicleta. El segundo es para la red de huertos urbanos. Pamplona cuenta con cinco huertos urbanos en los barrios del Casco Antiguo, Txantrea, San Juan, Rochapea y Mendebaldea \u2013 Ermitaga\u00f1a. M\u00e1s de 6.000 m<sup>2<\/sup> en los que se cultivan productos de agricultura ecol\u00f3gica, adem\u00e1s de promoverse otras actividades en pro del desarrollo sostenible, la salud o el medio ambiente.<\/p>\n<p>Por \u00faltimo, ha sido reconocida la iniciativa municipal para crear huertas escolares ecol\u00f3gicas en las que el alumnado recibe formaci\u00f3n en torno a la sostenibilidad aunando la teor\u00eda con la pr\u00e1ctica en el propio centro. De esta manera, las actividades en el aula se complementan con la puesta en marcha de un huerto ecol\u00f3gico en las instalaciones del colegio que el alumnado, de la mano del profesorado, tiene que mantener durante todo el a\u00f1o con el asesoramiento del equipo de educaci\u00f3n ambiental.<\/p>\n<p>El Premio Buenas Pr\u00e1cticas de Desarrollo Local Sostenible \u2018Jos\u00e9 Ignacio Sanz Arbizu\u2019, promovido por el Departamento de Desarrollo Rural y Medio Ambiente y la Red NELS, reconoce las mejores pr\u00e1cticas de Navarra en materia de sostenibilidad local, haciendo hincapi\u00e9 en las iniciativas que integran el asociacionismo, la innovaci\u00f3n y la capacidad de ser transferidas a otros territorios, y especialmente aquellas que ofrecen resultados comprobables y generan un impacto positivo y tangible. El objetivo es concienciar a la sociedad sobre los logros en sostenibilidad para mejorar las condiciones de vida de las personas en pueblos y ciudades.<\/p>\n","protected":false},"excerpt":{"rendered":"<p>Las jornadas incluyen la entrega de premios en la que el Consistorio recibir\u00e1 dos menciones especiales y tres reconocimientos por buenas pr\u00e1cticas<\/p>\n","protected":false},"author":1,"featured_media":28931,"comment_status":"open","ping_status":"closed","sticky":false,"template":"","format":"standard","meta":{"footnotes":""},"categories":[2],"tags":[],"class_list":["post-35282","post","type-post","status-publish","format-standard","has-post-thumbnail","hentry","category-ayuntamiento-pamplona"],"yoast_head":"<!-- This site is optimized with the Yoast SEO plugin v27.3 - https:\/\/yoast.com\/product\/yoast-seo-wordpress\/ -->\n<title>El Ayuntamiento presentar\u00e1, esta semana, sus iniciativas sobre sostenibilidad y cambio clim\u00e1tico en las Jornadas de Sostenibilidad de la Comarca de Pamplona<\/title>\n<meta name=\"description\" content=\"Las jornadas incluyen la entrega de premios en la que el Consistorio recibir\u00e1 dos menciones especiales y tres reconocimientos por buenas pr\u00e1cticas\" \/>\n<meta name=\"robots\" content=\"index, follow, max-snippet:-1, max-image-preview:large, max-video-preview:-1\" \/>\n<link rel=\"canonical\" href=\"https:\/\/www.laguiadepamplona.com\/actualidad\/el-ayuntamiento-presentara-esta-semana-sus-iniciativas-sobre-sostenibilidad-y-cambio-climatico-en-las-jornadas-de-sostenibilidad-de-la-comarca-de-pamplona\/\" \/>\n<meta property=\"og:locale\" content=\"es_ES\" \/>\n<meta property=\"og:type\" content=\"article\" \/>\n<meta property=\"og:title\" content=\"El Ayuntamiento presentar\u00e1, esta semana, sus iniciativas sobre sostenibilidad y cambio clim\u00e1tico en las Jornadas de Sostenibilidad de la Comarca de Pamplona\" \/>\n<meta property=\"og:description\" content=\"Las jornadas incluyen la entrega de premios en la que el Consistorio recibir\u00e1 dos menciones especiales y tres reconocimientos por buenas pr\u00e1cticas\" \/>\n<meta property=\"og:url\" content=\"https:\/\/www.laguiadepamplona.com\/actualidad\/el-ayuntamiento-presentara-esta-semana-sus-iniciativas-sobre-sostenibilidad-y-cambio-climatico-en-las-jornadas-de-sostenibilidad-de-la-comarca-de-pamplona\/\" \/>\n<meta property=\"og:site_name\" content=\"La Gu\u00eda de Pamplona\" \/>\n<meta property=\"article:publisher\" content=\"https:\/\/www.facebook.com\/laguiadepamplonacom-133175176762273\/?ref=hl\" \/>\n<meta property=\"article:published_time\" content=\"2021-06-07T16:07:29+00:00\" \/>\n<meta property=\"article:modified_time\" content=\"2023-04-11T09:49:26+00:00\" \/>\n<meta property=\"og:image\" content=\"https:\/\/www.laguiadepamplona.com\/actualidad\/wp-content\/uploads\/2020\/03\/20.03.12_Go_Green_Pamplona_diagnostico_energetico-1.jpg\" \/>\n\t<meta property=\"og:image:width\" content=\"1920\" \/>\n\t<meta property=\"og:image:height\" content=\"1094\" \/>\n\t<meta property=\"og:image:type\" content=\"image\/jpeg\" \/>\n<meta name=\"author\" content=\"La Gu\u00eda de Pamplona\" \/>\n<meta name=\"twitter:card\" content=\"summary_large_image\" \/>\n<meta name=\"twitter:creator\" content=\"@LaGuiadPamplona\" \/>\n<meta name=\"twitter:site\" content=\"@LaGuiadPamplona\" \/>\n<meta name=\"twitter:label1\" content=\"Escrito por\" \/>\n\t<meta name=\"twitter:data1\" content=\"La Gu\u00eda de Pamplona\" \/>\n\t<meta name=\"twitter:label2\" content=\"Tiempo de lectura\" \/>\n\t<meta name=\"twitter:data2\" content=\"6 minutos\" \/>\n<script type=\"application\/ld+json\" class=\"yoast-schema-graph\">{\"@context\":\"https:\\\/\\\/schema.org\",\"@graph\":[{\"@type\":\"Article\",\"@id\":\"https:\\\/\\\/www.laguiadepamplona.com\\\/actualidad\\\/el-ayuntamiento-presentara-esta-semana-sus-iniciativas-sobre-sostenibilidad-y-cambio-climatico-en-las-jornadas-de-sostenibilidad-de-la-comarca-de-pamplona\\\/#article\",\"isPartOf\":{\"@id\":\"https:\\\/\\\/www.laguiadepamplona.com\\\/actualidad\\\/el-ayuntamiento-presentara-esta-semana-sus-iniciativas-sobre-sostenibilidad-y-cambio-climatico-en-las-jornadas-de-sostenibilidad-de-la-comarca-de-pamplona\\\/\"},\"author\":{\"name\":\"La Gu\u00eda de Pamplona\",\"@id\":\"https:\\\/\\\/www.laguiadepamplona.com\\\/actualidad\\\/#\\\/schema\\\/person\\\/efe887376f0213d4657c93adc50b1fdb\"},\"headline\":\"El Ayuntamiento presentar\u00e1, esta semana, sus iniciativas sobre sostenibilidad y cambio clim\u00e1tico en las Jornadas de Sostenibilidad de la Comarca de Pamplona\",\"datePublished\":\"2021-06-07T16:07:29+00:00\",\"dateModified\":\"2023-04-11T09:49:26+00:00\",\"mainEntityOfPage\":{\"@id\":\"https:\\\/\\\/www.laguiadepamplona.com\\\/actualidad\\\/el-ayuntamiento-presentara-esta-semana-sus-iniciativas-sobre-sostenibilidad-y-cambio-climatico-en-las-jornadas-de-sostenibilidad-de-la-comarca-de-pamplona\\\/\"},\"wordCount\":1308,\"commentCount\":0,\"publisher\":{\"@id\":\"https:\\\/\\\/www.laguiadepamplona.com\\\/actualidad\\\/#organization\"},\"image\":{\"@id\":\"https:\\\/\\\/www.laguiadepamplona.com\\\/actualidad\\\/el-ayuntamiento-presentara-esta-semana-sus-iniciativas-sobre-sostenibilidad-y-cambio-climatico-en-las-jornadas-de-sostenibilidad-de-la-comarca-de-pamplona\\\/#primaryimage\"},\"thumbnailUrl\":\"https:\\\/\\\/www.laguiadepamplona.com\\\/actualidad\\\/wp-content\\\/uploads\\\/2020\\\/03\\\/20.03.12_Go_Green_Pamplona_diagnostico_energetico-1.jpg\",\"articleSection\":[\"Ayto Pamplona\"],\"inLanguage\":\"es\",\"potentialAction\":[{\"@type\":\"CommentAction\",\"name\":\"Comment\",\"target\":[\"https:\\\/\\\/www.laguiadepamplona.com\\\/actualidad\\\/el-ayuntamiento-presentara-esta-semana-sus-iniciativas-sobre-sostenibilidad-y-cambio-climatico-en-las-jornadas-de-sostenibilidad-de-la-comarca-de-pamplona\\\/#respond\"]}]},{\"@type\":\"WebPage\",\"@id\":\"https:\\\/\\\/www.laguiadepamplona.com\\\/actualidad\\\/el-ayuntamiento-presentara-esta-semana-sus-iniciativas-sobre-sostenibilidad-y-cambio-climatico-en-las-jornadas-de-sostenibilidad-de-la-comarca-de-pamplona\\\/\",\"url\":\"https:\\\/\\\/www.laguiadepamplona.com\\\/actualidad\\\/el-ayuntamiento-presentara-esta-semana-sus-iniciativas-sobre-sostenibilidad-y-cambio-climatico-en-las-jornadas-de-sostenibilidad-de-la-comarca-de-pamplona\\\/\",\"name\":\"El Ayuntamiento presentar\u00e1, esta semana, sus iniciativas sobre sostenibilidad y cambio clim\u00e1tico en las Jornadas de Sostenibilidad de la Comarca de Pamplona\",\"isPartOf\":{\"@id\":\"https:\\\/\\\/www.laguiadepamplona.com\\\/actualidad\\\/#website\"},\"primaryImageOfPage\":{\"@id\":\"https:\\\/\\\/www.laguiadepamplona.com\\\/actualidad\\\/el-ayuntamiento-presentara-esta-semana-sus-iniciativas-sobre-sostenibilidad-y-cambio-climatico-en-las-jornadas-de-sostenibilidad-de-la-comarca-de-pamplona\\\/#primaryimage\"},\"image\":{\"@id\":\"https:\\\/\\\/www.laguiadepamplona.com\\\/actualidad\\\/el-ayuntamiento-presentara-esta-semana-sus-iniciativas-sobre-sostenibilidad-y-cambio-climatico-en-las-jornadas-de-sostenibilidad-de-la-comarca-de-pamplona\\\/#primaryimage\"},\"thumbnailUrl\":\"https:\\\/\\\/www.laguiadepamplona.com\\\/actualidad\\\/wp-content\\\/uploads\\\/2020\\\/03\\\/20.03.12_Go_Green_Pamplona_diagnostico_energetico-1.jpg\",\"datePublished\":\"2021-06-07T16:07:29+00:00\",\"dateModified\":\"2023-04-11T09:49:26+00:00\",\"description\":\"Las jornadas incluyen la entrega de premios en la que el Consistorio recibir\u00e1 dos menciones especiales y tres reconocimientos por buenas pr\u00e1cticas\",\"breadcrumb\":{\"@id\":\"https:\\\/\\\/www.laguiadepamplona.com\\\/actualidad\\\/el-ayuntamiento-presentara-esta-semana-sus-iniciativas-sobre-sostenibilidad-y-cambio-climatico-en-las-jornadas-de-sostenibilidad-de-la-comarca-de-pamplona\\\/#breadcrumb\"},\"inLanguage\":\"es\",\"potentialAction\":[{\"@type\":\"ReadAction\",\"target\":[\"https:\\\/\\\/www.laguiadepamplona.com\\\/actualidad\\\/el-ayuntamiento-presentara-esta-semana-sus-iniciativas-sobre-sostenibilidad-y-cambio-climatico-en-las-jornadas-de-sostenibilidad-de-la-comarca-de-pamplona\\\/\"]}]},{\"@type\":\"ImageObject\",\"inLanguage\":\"es\",\"@id\":\"https:\\\/\\\/www.laguiadepamplona.com\\\/actualidad\\\/el-ayuntamiento-presentara-esta-semana-sus-iniciativas-sobre-sostenibilidad-y-cambio-climatico-en-las-jornadas-de-sostenibilidad-de-la-comarca-de-pamplona\\\/#primaryimage\",\"url\":\"https:\\\/\\\/www.laguiadepamplona.com\\\/actualidad\\\/wp-content\\\/uploads\\\/2020\\\/03\\\/20.03.12_Go_Green_Pamplona_diagnostico_energetico-1.jpg\",\"contentUrl\":\"https:\\\/\\\/www.laguiadepamplona.com\\\/actualidad\\\/wp-content\\\/uploads\\\/2020\\\/03\\\/20.03.12_Go_Green_Pamplona_diagnostico_energetico-1.jpg\",\"width\":1920,\"height\":1094},{\"@type\":\"BreadcrumbList\",\"@id\":\"https:\\\/\\\/www.laguiadepamplona.com\\\/actualidad\\\/el-ayuntamiento-presentara-esta-semana-sus-iniciativas-sobre-sostenibilidad-y-cambio-climatico-en-las-jornadas-de-sostenibilidad-de-la-comarca-de-pamplona\\\/#breadcrumb\",\"itemListElement\":[{\"@type\":\"ListItem\",\"position\":1,\"name\":\"Portada\",\"item\":\"https:\\\/\\\/www.laguiadepamplona.com\\\/actualidad\\\/\"},{\"@type\":\"ListItem\",\"position\":2,\"name\":\"El Ayuntamiento presentar\u00e1, esta semana, sus iniciativas sobre sostenibilidad y cambio clim\u00e1tico en las Jornadas de Sostenibilidad de la Comarca de Pamplona\"}]},{\"@type\":\"WebSite\",\"@id\":\"https:\\\/\\\/www.laguiadepamplona.com\\\/actualidad\\\/#website\",\"url\":\"https:\\\/\\\/www.laguiadepamplona.com\\\/actualidad\\\/\",\"name\":\"La gu\u00eda de Pamplona\",\"description\":\"Noticias de Pamplona\",\"publisher\":{\"@id\":\"https:\\\/\\\/www.laguiadepamplona.com\\\/actualidad\\\/#organization\"},\"potentialAction\":[{\"@type\":\"SearchAction\",\"target\":{\"@type\":\"EntryPoint\",\"urlTemplate\":\"https:\\\/\\\/www.laguiadepamplona.com\\\/actualidad\\\/?s={search_term_string}\"},\"query-input\":{\"@type\":\"PropertyValueSpecification\",\"valueRequired\":true,\"valueName\":\"search_term_string\"}}],\"inLanguage\":\"es\"},{\"@type\":\"Organization\",\"@id\":\"https:\\\/\\\/www.laguiadepamplona.com\\\/actualidad\\\/#organization\",\"name\":\"La Gu\u00eda de Pamplona \\\/ Noticias\",\"url\":\"https:\\\/\\\/www.laguiadepamplona.com\\\/actualidad\\\/\",\"logo\":{\"@type\":\"ImageObject\",\"inLanguage\":\"es\",\"@id\":\"https:\\\/\\\/www.laguiadepamplona.com\\\/actualidad\\\/#\\\/schema\\\/logo\\\/image\\\/\",\"url\":\"https:\\\/\\\/www.laguiadepamplona.com\\\/actualidad\\\/wp-content\\\/uploads\\\/2018\\\/11\\\/logo-laguiadepamplona18-web1.png\",\"contentUrl\":\"https:\\\/\\\/www.laguiadepamplona.com\\\/actualidad\\\/wp-content\\\/uploads\\\/2018\\\/11\\\/logo-laguiadepamplona18-web1.png\",\"width\":600,\"height\":196,\"caption\":\"La Gu\u00eda de Pamplona \\\/ Noticias\"},\"image\":{\"@id\":\"https:\\\/\\\/www.laguiadepamplona.com\\\/actualidad\\\/#\\\/schema\\\/logo\\\/image\\\/\"},\"sameAs\":[\"https:\\\/\\\/www.facebook.com\\\/laguiadepamplonacom-133175176762273\\\/?ref=hl\",\"https:\\\/\\\/x.com\\\/LaGuiadPamplona\",\"https:\\\/\\\/www.instagram.com\\\/la_guia_de_pamplona\\\/\",\"https:\\\/\\\/www.youtube.com\\\/user\\\/laguiadepamplona\"]},{\"@type\":\"Person\",\"@id\":\"https:\\\/\\\/www.laguiadepamplona.com\\\/actualidad\\\/#\\\/schema\\\/person\\\/efe887376f0213d4657c93adc50b1fdb\",\"name\":\"La Gu\u00eda de Pamplona\",\"image\":{\"@type\":\"ImageObject\",\"inLanguage\":\"es\",\"@id\":\"https:\\\/\\\/secure.gravatar.com\\\/avatar\\\/b6992f131dc8d30ab0dff15446e9d346d9dbd95992de0fef795073f5ea83a81c?s=96&d=mm&r=g\",\"url\":\"https:\\\/\\\/secure.gravatar.com\\\/avatar\\\/b6992f131dc8d30ab0dff15446e9d346d9dbd95992de0fef795073f5ea83a81c?s=96&d=mm&r=g\",\"contentUrl\":\"https:\\\/\\\/secure.gravatar.com\\\/avatar\\\/b6992f131dc8d30ab0dff15446e9d346d9dbd95992de0fef795073f5ea83a81c?s=96&d=mm&r=g\",\"caption\":\"La Gu\u00eda de Pamplona\"}}]}<\/script>\n<!-- \/ Yoast SEO plugin. -->","yoast_head_json":{"title":"El Ayuntamiento presentar\u00e1, esta semana, sus iniciativas sobre sostenibilidad y cambio clim\u00e1tico en las Jornadas de Sostenibilidad de la Comarca de Pamplona","description":"Las jornadas incluyen la entrega de premios en la que el Consistorio recibir\u00e1 dos menciones especiales y tres reconocimientos por buenas pr\u00e1cticas","robots":{"index":"index","follow":"follow","max-snippet":"max-snippet:-1","max-image-preview":"max-image-preview:large","max-video-preview":"max-video-preview:-1"},"canonical":"https:\/\/www.laguiadepamplona.com\/actualidad\/el-ayuntamiento-presentara-esta-semana-sus-iniciativas-sobre-sostenibilidad-y-cambio-climatico-en-las-jornadas-de-sostenibilidad-de-la-comarca-de-pamplona\/","og_locale":"es_ES","og_type":"article","og_title":"El Ayuntamiento presentar\u00e1, esta semana, sus iniciativas sobre sostenibilidad y cambio clim\u00e1tico en las Jornadas de Sostenibilidad de la Comarca de Pamplona","og_description":"Las jornadas incluyen la entrega de premios en la que el Consistorio recibir\u00e1 dos menciones especiales y tres reconocimientos por buenas pr\u00e1cticas","og_url":"https:\/\/www.laguiadepamplona.com\/actualidad\/el-ayuntamiento-presentara-esta-semana-sus-iniciativas-sobre-sostenibilidad-y-cambio-climatico-en-las-jornadas-de-sostenibilidad-de-la-comarca-de-pamplona\/","og_site_name":"La Gu\u00eda de Pamplona","article_publisher":"https:\/\/www.facebook.com\/laguiadepamplonacom-133175176762273\/?ref=hl","article_published_time":"2021-06-07T16:07:29+00:00","article_modified_time":"2023-04-11T09:49:26+00:00","og_image":[{"width":1920,"height":1094,"url":"https:\/\/www.laguiadepamplona.com\/actualidad\/wp-content\/uploads\/2020\/03\/20.03.12_Go_Green_Pamplona_diagnostico_energetico-1.jpg","type":"image\/jpeg"}],"author":"La Gu\u00eda de Pamplona","twitter_card":"summary_large_image","twitter_creator":"@LaGuiadPamplona","twitter_site":"@LaGuiadPamplona","twitter_misc":{"Escrito por":"La Gu\u00eda de Pamplona","Tiempo de lectura":"6 minutos"},"schema":{"@context":"https:\/\/schema.org","@graph":[{"@type":"Article","@id":"https:\/\/www.laguiadepamplona.com\/actualidad\/el-ayuntamiento-presentara-esta-semana-sus-iniciativas-sobre-sostenibilidad-y-cambio-climatico-en-las-jornadas-de-sostenibilidad-de-la-comarca-de-pamplona\/#article","isPartOf":{"@id":"https:\/\/www.laguiadepamplona.com\/actualidad\/el-ayuntamiento-presentara-esta-semana-sus-iniciativas-sobre-sostenibilidad-y-cambio-climatico-en-las-jornadas-de-sostenibilidad-de-la-comarca-de-pamplona\/"},"author":{"name":"La Gu\u00eda de Pamplona","@id":"https:\/\/www.laguiadepamplona.com\/actualidad\/#\/schema\/person\/efe887376f0213d4657c93adc50b1fdb"},"headline":"El Ayuntamiento presentar\u00e1, esta semana, sus iniciativas sobre sostenibilidad y cambio clim\u00e1tico en las Jornadas de Sostenibilidad de la Comarca de Pamplona","datePublished":"2021-06-07T16:07:29+00:00","dateModified":"2023-04-11T09:49:26+00:00","mainEntityOfPage":{"@id":"https:\/\/www.laguiadepamplona.com\/actualidad\/el-ayuntamiento-presentara-esta-semana-sus-iniciativas-sobre-sostenibilidad-y-cambio-climatico-en-las-jornadas-de-sostenibilidad-de-la-comarca-de-pamplona\/"},"wordCount":1308,"commentCount":0,"publisher":{"@id":"https:\/\/www.laguiadepamplona.com\/actualidad\/#organization"},"image":{"@id":"https:\/\/www.laguiadepamplona.com\/actualidad\/el-ayuntamiento-presentara-esta-semana-sus-iniciativas-sobre-sostenibilidad-y-cambio-climatico-en-las-jornadas-de-sostenibilidad-de-la-comarca-de-pamplona\/#primaryimage"},"thumbnailUrl":"https:\/\/www.laguiadepamplona.com\/actualidad\/wp-content\/uploads\/2020\/03\/20.03.12_Go_Green_Pamplona_diagnostico_energetico-1.jpg","articleSection":["Ayto Pamplona"],"inLanguage":"es","potentialAction":[{"@type":"CommentAction","name":"Comment","target":["https:\/\/www.laguiadepamplona.com\/actualidad\/el-ayuntamiento-presentara-esta-semana-sus-iniciativas-sobre-sostenibilidad-y-cambio-climatico-en-las-jornadas-de-sostenibilidad-de-la-comarca-de-pamplona\/#respond"]}]},{"@type":"WebPage","@id":"https:\/\/www.laguiadepamplona.com\/actualidad\/el-ayuntamiento-presentara-esta-semana-sus-iniciativas-sobre-sostenibilidad-y-cambio-climatico-en-las-jornadas-de-sostenibilidad-de-la-comarca-de-pamplona\/","url":"https:\/\/www.laguiadepamplona.com\/actualidad\/el-ayuntamiento-presentara-esta-semana-sus-iniciativas-sobre-sostenibilidad-y-cambio-climatico-en-las-jornadas-de-sostenibilidad-de-la-comarca-de-pamplona\/","name":"El Ayuntamiento presentar\u00e1, esta semana, sus iniciativas sobre sostenibilidad y cambio clim\u00e1tico en las Jornadas de Sostenibilidad de la Comarca de Pamplona","isPartOf":{"@id":"https:\/\/www.laguiadepamplona.com\/actualidad\/#website"},"primaryImageOfPage":{"@id":"https:\/\/www.laguiadepamplona.com\/actualidad\/el-ayuntamiento-presentara-esta-semana-sus-iniciativas-sobre-sostenibilidad-y-cambio-climatico-en-las-jornadas-de-sostenibilidad-de-la-comarca-de-pamplona\/#primaryimage"},"image":{"@id":"https:\/\/www.laguiadepamplona.com\/actualidad\/el-ayuntamiento-presentara-esta-semana-sus-iniciativas-sobre-sostenibilidad-y-cambio-climatico-en-las-jornadas-de-sostenibilidad-de-la-comarca-de-pamplona\/#primaryimage"},"thumbnailUrl":"https:\/\/www.laguiadepamplona.com\/actualidad\/wp-content\/uploads\/2020\/03\/20.03.12_Go_Green_Pamplona_diagnostico_energetico-1.jpg","datePublished":"2021-06-07T16:07:29+00:00","dateModified":"2023-04-11T09:49:26+00:00","description":"Las jornadas incluyen la entrega de premios en la que el Consistorio recibir\u00e1 dos menciones especiales y tres reconocimientos por buenas pr\u00e1cticas","breadcrumb":{"@id":"https:\/\/www.laguiadepamplona.com\/actualidad\/el-ayuntamiento-presentara-esta-semana-sus-iniciativas-sobre-sostenibilidad-y-cambio-climatico-en-las-jornadas-de-sostenibilidad-de-la-comarca-de-pamplona\/#breadcrumb"},"inLanguage":"es","potentialAction":[{"@type":"ReadAction","target":["https:\/\/www.laguiadepamplona.com\/actualidad\/el-ayuntamiento-presentara-esta-semana-sus-iniciativas-sobre-sostenibilidad-y-cambio-climatico-en-las-jornadas-de-sostenibilidad-de-la-comarca-de-pamplona\/"]}]},{"@type":"ImageObject","inLanguage":"es","@id":"https:\/\/www.laguiadepamplona.com\/actualidad\/el-ayuntamiento-presentara-esta-semana-sus-iniciativas-sobre-sostenibilidad-y-cambio-climatico-en-las-jornadas-de-sostenibilidad-de-la-comarca-de-pamplona\/#primaryimage","url":"https:\/\/www.laguiadepamplona.com\/actualidad\/wp-content\/uploads\/2020\/03\/20.03.12_Go_Green_Pamplona_diagnostico_energetico-1.jpg","contentUrl":"https:\/\/www.laguiadepamplona.com\/actualidad\/wp-content\/uploads\/2020\/03\/20.03.12_Go_Green_Pamplona_diagnostico_energetico-1.jpg","width":1920,"height":1094},{"@type":"BreadcrumbList","@id":"https:\/\/www.laguiadepamplona.com\/actualidad\/el-ayuntamiento-presentara-esta-semana-sus-iniciativas-sobre-sostenibilidad-y-cambio-climatico-en-las-jornadas-de-sostenibilidad-de-la-comarca-de-pamplona\/#breadcrumb","itemListElement":[{"@type":"ListItem","position":1,"name":"Portada","item":"https:\/\/www.laguiadepamplona.com\/actualidad\/"},{"@type":"ListItem","position":2,"name":"El Ayuntamiento presentar\u00e1, esta semana, sus iniciativas sobre sostenibilidad y cambio clim\u00e1tico en las Jornadas de Sostenibilidad de la Comarca de Pamplona"}]},{"@type":"WebSite","@id":"https:\/\/www.laguiadepamplona.com\/actualidad\/#website","url":"https:\/\/www.laguiadepamplona.com\/actualidad\/","name":"La gu\u00eda de Pamplona","description":"Noticias de Pamplona","publisher":{"@id":"https:\/\/www.laguiadepamplona.com\/actualidad\/#organization"},"potentialAction":[{"@type":"SearchAction","target":{"@type":"EntryPoint","urlTemplate":"https:\/\/www.laguiadepamplona.com\/actualidad\/?s={search_term_string}"},"query-input":{"@type":"PropertyValueSpecification","valueRequired":true,"valueName":"search_term_string"}}],"inLanguage":"es"},{"@type":"Organization","@id":"https:\/\/www.laguiadepamplona.com\/actualidad\/#organization","name":"La Gu\u00eda de Pamplona \/ Noticias","url":"https:\/\/www.laguiadepamplona.com\/actualidad\/","logo":{"@type":"ImageObject","inLanguage":"es","@id":"https:\/\/www.laguiadepamplona.com\/actualidad\/#\/schema\/logo\/image\/","url":"https:\/\/www.laguiadepamplona.com\/actualidad\/wp-content\/uploads\/2018\/11\/logo-laguiadepamplona18-web1.png","contentUrl":"https:\/\/www.laguiadepamplona.com\/actualidad\/wp-content\/uploads\/2018\/11\/logo-laguiadepamplona18-web1.png","width":600,"height":196,"caption":"La Gu\u00eda de Pamplona \/ Noticias"},"image":{"@id":"https:\/\/www.laguiadepamplona.com\/actualidad\/#\/schema\/logo\/image\/"},"sameAs":["https:\/\/www.facebook.com\/laguiadepamplonacom-133175176762273\/?ref=hl","https:\/\/x.com\/LaGuiadPamplona","https:\/\/www.instagram.com\/la_guia_de_pamplona\/","https:\/\/www.youtube.com\/user\/laguiadepamplona"]},{"@type":"Person","@id":"https:\/\/www.laguiadepamplona.com\/actualidad\/#\/schema\/person\/efe887376f0213d4657c93adc50b1fdb","name":"La Gu\u00eda de Pamplona","image":{"@type":"ImageObject","inLanguage":"es","@id":"https:\/\/secure.gravatar.com\/avatar\/b6992f131dc8d30ab0dff15446e9d346d9dbd95992de0fef795073f5ea83a81c?s=96&d=mm&r=g","url":"https:\/\/secure.gravatar.com\/avatar\/b6992f131dc8d30ab0dff15446e9d346d9dbd95992de0fef795073f5ea83a81c?s=96&d=mm&r=g","contentUrl":"https:\/\/secure.gravatar.com\/avatar\/b6992f131dc8d30ab0dff15446e9d346d9dbd95992de0fef795073f5ea83a81c?s=96&d=mm&r=g","caption":"La Gu\u00eda de Pamplona"}}]}},"post_mailing_queue_ids":[],"_links":{"self":[{"href":"https:\/\/www.laguiadepamplona.com\/actualidad\/wp-json\/wp\/v2\/posts\/35282","targetHints":{"allow":["GET"]}}],"collection":[{"href":"https:\/\/www.laguiadepamplona.com\/actualidad\/wp-json\/wp\/v2\/posts"}],"about":[{"href":"https:\/\/www.laguiadepamplona.com\/actualidad\/wp-json\/wp\/v2\/types\/post"}],"author":[{"embeddable":true,"href":"https:\/\/www.laguiadepamplona.com\/actualidad\/wp-json\/wp\/v2\/users\/1"}],"replies":[{"embeddable":true,"href":"https:\/\/www.laguiadepamplona.com\/actualidad\/wp-json\/wp\/v2\/comments?post=35282"}],"version-history":[{"count":0,"href":"https:\/\/www.laguiadepamplona.com\/actualidad\/wp-json\/wp\/v2\/posts\/35282\/revisions"}],"wp:featuredmedia":[{"embeddable":true,"href":"https:\/\/www.laguiadepamplona.com\/actualidad\/wp-json\/wp\/v2\/media\/28931"}],"wp:attachment":[{"href":"https:\/\/www.laguiadepamplona.com\/actualidad\/wp-json\/wp\/v2\/media?parent=35282"}],"wp:term":[{"taxonomy":"category","embeddable":true,"href":"https:\/\/www.laguiadepamplona.com\/actualidad\/wp-json\/wp\/v2\/categories?post=35282"},{"taxonomy":"post_tag","embeddable":true,"href":"https:\/\/www.laguiadepamplona.com\/actualidad\/wp-json\/wp\/v2\/tags?post=35282"}],"curies":[{"name":"wp","href":"https:\/\/api.w.org\/{rel}","templated":true}]}}