{"id":35276,"date":"2021-06-07T18:03:55","date_gmt":"2021-06-07T16:03:55","guid":{"rendered":"https:\/\/www.laguiadepamplona.com\/actualidad\/?p=35276"},"modified":"2023-04-11T11:49:27","modified_gmt":"2023-04-11T09:49:27","slug":"el-ayuntamiento-subastara-la-concesion-administrativa-de-uso-de-16-parcelas-para-la-construccion-de-panteones-en-el-cementerio-municipal-de-san-jose","status":"publish","type":"post","link":"https:\/\/www.laguiadepamplona.com\/actualidad\/el-ayuntamiento-subastara-la-concesion-administrativa-de-uso-de-16-parcelas-para-la-construccion-de-panteones-en-el-cementerio-municipal-de-san-jose\/","title":{"rendered":"El Ayuntamiento subastar\u00e1 la concesi\u00f3n administrativa de uso de 16 parcelas para la construcci\u00f3n de panteones en el cementerio municipal de San Jos\u00e9"},"content":{"rendered":"<h5>Son parcelas de 7,5 metros cuadrados, con un precio de salida de 6.500 euros y una concesi\u00f3n administrativa para 50 a\u00f1os<\/h5>\n<p><!--more--><\/p>\n<p>La Junta de Gobierno Local ha aprobado esta ma\u00f1ana la convocatoria de una subasta p\u00fablica para la concesi\u00f3n administrativa de uso de 16 parcelas del cementerio municipal de San Jos\u00e9 para construir panteones. La concesi\u00f3n se otorga por un plazo de 50 a\u00f1os, a partir de la fecha del acuerdo de adjudicaci\u00f3n definitiva, con un precio de salida de cada parcela de 6.500 euros.<\/p>\n<p><script async src=\"\/\/pagead2.googlesyndication.com\/pagead\/js\/adsbygoogle.js\"><\/script><br \/>\n<!-- Noticias La Guia de Pamplona --><br \/>\n<ins class=\"adsbygoogle\"\nstyle=\"display:block\"\ndata-ad-client=\"ca-pub-6943679897239327\"\ndata-ad-slot=\"7048180777\"\ndata-ad-format=\"auto\"><\/ins><br \/>\n<script>\n(adsbygoogle = window.adsbygoogle || []).push({});\n<\/script><\/p>\n<p>Las 16 parcelas cuentan con una superficie de 7,5 metros cuadrados y est\u00e1n situadas en el cuadrante delimitado por las calles San Lucas, San Juan, San Marcos y San Gabriel. El Ayuntamiento ha tomado la decisi\u00f3n de llevar a cabo esta subasta ante las numerosas consultas recibidas por diferentes personas interesadas en la concesi\u00f3n de uso de un pante\u00f3n en el cementerio municipal. Las parcelas servir\u00e1n para la edificaci\u00f3n de panteones, seg\u00fan los criterios constructivos que el Ayuntamiento de Pamplona tiene establecidos, sin perjuicio de la obtenci\u00f3n de la licencia preceptiva.<\/p>\n<p>La subasta se realizar\u00e1 \u2018a viva voz\u2019 y en un solo acto. Podr\u00e1n participar personas f\u00edsicas que tengan plena capacidad de obras o est\u00e1n representadas legalmente y personas jur\u00eddicas que puedan ser titulares de derechos funerarios. La adjudicaci\u00f3n se har\u00e1 en favor de una sola persona, excepto en el caso de c\u00f3nyuges o miembros de pareja estable no matrimonial que as\u00ed lo soliciten, siempre que cualquiera de ellos no resulte adjudicatario provisional de otra parcela en esa misma subasta. Por excepci\u00f3n, podr\u00e1n resultar adjudicatarios de hasta tres unidades subastadas las fundaciones o asociaciones con fines ben\u00e9ficos o de asistencia social, para uso exclusivo de sus miembros y personas beneficiarias.<\/p>\n<p><script async src=\"\/\/pagead2.googlesyndication.com\/pagead\/js\/adsbygoogle.js\"><\/script><br \/>\n<!-- Noticias La Guia de Pamplona --><br \/>\n<ins class=\"adsbygoogle\"\nstyle=\"display:block\"\ndata-ad-client=\"ca-pub-6943679897239327\"\ndata-ad-slot=\"7048180777\"\ndata-ad-format=\"auto\"><\/ins><br \/>\n<script>\n(adsbygoogle = window.adsbygoogle || []).push({});\n<\/script><\/p>\n<p><strong>Plazos de la subasta<\/strong><\/p>\n<p>El plazo para apuntarse a la subasta comenzar\u00e1 una vez que el acuerdo se publique en el Bolet\u00edn Oficial de Navarra y se prolongar\u00e1 durante 18 d\u00edas naturales desde el siguiente a esa publicaci\u00f3n. La subasta tendr\u00e1 lugar a los 7 d\u00edas naturales siguientes a la finalizaci\u00f3n de ese plazo. El lugar d\u00eda y hora de la celebraci\u00f3n de la subasta se se\u00f1alar\u00e1 en el anuncio que se publique en el Bolet\u00edn Oficial de Navarra, Portal de Contrataci\u00f3n de Navarra, tablones de anuncios del Ayuntamiento y del cementerio, web municipal y prensa local.<\/p>\n<p>Los tantos m\u00ednimos de puja ser\u00e1n de 50 euros sobre esos precios de salida. El plazo de 50 a\u00f1os de concesi\u00f3n administrativa podr\u00e1 prorrogarse de conformidad a lo dispuesto en la legislaci\u00f3n vigente en el momento de finalizar ese plazo inicial y sin que el c\u00f3mputo total exceda del plazo m\u00e1ximo que prevea esa legislaci\u00f3n para el otorgamiento de concesiones de dominio p\u00fablico. El otorgamiento de la concesi\u00f3n no supone en modo alguno enajenaci\u00f3n ni gravamen de la parcela, que revertir\u00e1 al Ayuntamiento de Pamplona al t\u00e9rmino del plazo de la concesi\u00f3n.<\/p>\n","protected":false},"excerpt":{"rendered":"<p>Son parcelas de 7,5 metros cuadrados, con un precio de salida de 6.500 euros y una concesi\u00f3n administrativa para 50 a\u00f1os<\/p>\n","protected":false},"author":1,"featured_media":35277,"comment_status":"open","ping_status":"closed","sticky":false,"template":"","format":"standard","meta":{"footnotes":""},"categories":[2],"tags":[],"class_list":["post-35276","post","type-post","status-publish","format-standard","has-post-thumbnail","hentry","category-ayuntamiento-pamplona"],"yoast_head":"<!-- This site is optimized with the Yoast SEO plugin v27.3 - https:\/\/yoast.com\/product\/yoast-seo-wordpress\/ -->\n<title>El Ayuntamiento subastar\u00e1 la concesi\u00f3n administrativa de uso de 16 parcelas para la construcci\u00f3n de panteones en el cementerio municipal de San Jos\u00e9<\/title>\n<meta name=\"description\" content=\"Son parcelas de 7,5 metros cuadrados, con un precio de salida de 6.500 euros y una concesi\u00f3n administrativa para 50 a\u00f1os\" \/>\n<meta name=\"robots\" content=\"index, follow, max-snippet:-1, max-image-preview:large, max-video-preview:-1\" \/>\n<link rel=\"canonical\" href=\"https:\/\/www.laguiadepamplona.com\/actualidad\/el-ayuntamiento-subastara-la-concesion-administrativa-de-uso-de-16-parcelas-para-la-construccion-de-panteones-en-el-cementerio-municipal-de-san-jose\/\" \/>\n<meta property=\"og:locale\" content=\"es_ES\" \/>\n<meta property=\"og:type\" content=\"article\" \/>\n<meta property=\"og:title\" content=\"El Ayuntamiento subastar\u00e1 la concesi\u00f3n administrativa de uso de 16 parcelas para la construcci\u00f3n de panteones en el cementerio municipal de San Jos\u00e9\" \/>\n<meta property=\"og:description\" content=\"Son parcelas de 7,5 metros cuadrados, con un precio de salida de 6.500 euros y una concesi\u00f3n administrativa para 50 a\u00f1os\" \/>\n<meta property=\"og:url\" content=\"https:\/\/www.laguiadepamplona.com\/actualidad\/el-ayuntamiento-subastara-la-concesion-administrativa-de-uso-de-16-parcelas-para-la-construccion-de-panteones-en-el-cementerio-municipal-de-san-jose\/\" \/>\n<meta property=\"og:site_name\" content=\"La Gu\u00eda de Pamplona\" \/>\n<meta property=\"article:publisher\" content=\"https:\/\/www.facebook.com\/laguiadepamplonacom-133175176762273\/?ref=hl\" \/>\n<meta property=\"article:published_time\" content=\"2021-06-07T16:03:55+00:00\" \/>\n<meta property=\"article:modified_time\" content=\"2023-04-11T09:49:27+00:00\" \/>\n<meta property=\"og:image\" content=\"https:\/\/www.laguiadepamplona.com\/actualidad\/wp-content\/uploads\/2021\/06\/cementerio_JMG4640.jpg\" \/>\n\t<meta property=\"og:image:width\" content=\"1920\" \/>\n\t<meta property=\"og:image:height\" content=\"1280\" \/>\n\t<meta property=\"og:image:type\" content=\"image\/jpeg\" \/>\n<meta name=\"author\" content=\"La Gu\u00eda de Pamplona\" \/>\n<meta name=\"twitter:card\" content=\"summary_large_image\" \/>\n<meta name=\"twitter:creator\" content=\"@LaGuiadPamplona\" \/>\n<meta name=\"twitter:site\" content=\"@LaGuiadPamplona\" \/>\n<meta name=\"twitter:label1\" content=\"Escrito por\" \/>\n\t<meta name=\"twitter:data1\" content=\"La Gu\u00eda de Pamplona\" \/>\n\t<meta name=\"twitter:label2\" content=\"Tiempo de lectura\" \/>\n\t<meta name=\"twitter:data2\" content=\"3 minutos\" \/>\n<script type=\"application\/ld+json\" class=\"yoast-schema-graph\">{\"@context\":\"https:\\\/\\\/schema.org\",\"@graph\":[{\"@type\":\"Article\",\"@id\":\"https:\\\/\\\/www.laguiadepamplona.com\\\/actualidad\\\/el-ayuntamiento-subastara-la-concesion-administrativa-de-uso-de-16-parcelas-para-la-construccion-de-panteones-en-el-cementerio-municipal-de-san-jose\\\/#article\",\"isPartOf\":{\"@id\":\"https:\\\/\\\/www.laguiadepamplona.com\\\/actualidad\\\/el-ayuntamiento-subastara-la-concesion-administrativa-de-uso-de-16-parcelas-para-la-construccion-de-panteones-en-el-cementerio-municipal-de-san-jose\\\/\"},\"author\":{\"name\":\"La Gu\u00eda de Pamplona\",\"@id\":\"https:\\\/\\\/www.laguiadepamplona.com\\\/actualidad\\\/#\\\/schema\\\/person\\\/efe887376f0213d4657c93adc50b1fdb\"},\"headline\":\"El Ayuntamiento subastar\u00e1 la concesi\u00f3n administrativa de uso de 16 parcelas para la construcci\u00f3n de panteones en el cementerio municipal de San Jos\u00e9\",\"datePublished\":\"2021-06-07T16:03:55+00:00\",\"dateModified\":\"2023-04-11T09:49:27+00:00\",\"mainEntityOfPage\":{\"@id\":\"https:\\\/\\\/www.laguiadepamplona.com\\\/actualidad\\\/el-ayuntamiento-subastara-la-concesion-administrativa-de-uso-de-16-parcelas-para-la-construccion-de-panteones-en-el-cementerio-municipal-de-san-jose\\\/\"},\"wordCount\":534,\"commentCount\":0,\"publisher\":{\"@id\":\"https:\\\/\\\/www.laguiadepamplona.com\\\/actualidad\\\/#organization\"},\"image\":{\"@id\":\"https:\\\/\\\/www.laguiadepamplona.com\\\/actualidad\\\/el-ayuntamiento-subastara-la-concesion-administrativa-de-uso-de-16-parcelas-para-la-construccion-de-panteones-en-el-cementerio-municipal-de-san-jose\\\/#primaryimage\"},\"thumbnailUrl\":\"https:\\\/\\\/www.laguiadepamplona.com\\\/actualidad\\\/wp-content\\\/uploads\\\/2021\\\/06\\\/cementerio_JMG4640.jpg\",\"articleSection\":[\"Ayto Pamplona\"],\"inLanguage\":\"es\",\"potentialAction\":[{\"@type\":\"CommentAction\",\"name\":\"Comment\",\"target\":[\"https:\\\/\\\/www.laguiadepamplona.com\\\/actualidad\\\/el-ayuntamiento-subastara-la-concesion-administrativa-de-uso-de-16-parcelas-para-la-construccion-de-panteones-en-el-cementerio-municipal-de-san-jose\\\/#respond\"]}]},{\"@type\":\"WebPage\",\"@id\":\"https:\\\/\\\/www.laguiadepamplona.com\\\/actualidad\\\/el-ayuntamiento-subastara-la-concesion-administrativa-de-uso-de-16-parcelas-para-la-construccion-de-panteones-en-el-cementerio-municipal-de-san-jose\\\/\",\"url\":\"https:\\\/\\\/www.laguiadepamplona.com\\\/actualidad\\\/el-ayuntamiento-subastara-la-concesion-administrativa-de-uso-de-16-parcelas-para-la-construccion-de-panteones-en-el-cementerio-municipal-de-san-jose\\\/\",\"name\":\"El Ayuntamiento subastar\u00e1 la concesi\u00f3n administrativa de uso de 16 parcelas para la construcci\u00f3n de panteones en el cementerio municipal de San Jos\u00e9\",\"isPartOf\":{\"@id\":\"https:\\\/\\\/www.laguiadepamplona.com\\\/actualidad\\\/#website\"},\"primaryImageOfPage\":{\"@id\":\"https:\\\/\\\/www.laguiadepamplona.com\\\/actualidad\\\/el-ayuntamiento-subastara-la-concesion-administrativa-de-uso-de-16-parcelas-para-la-construccion-de-panteones-en-el-cementerio-municipal-de-san-jose\\\/#primaryimage\"},\"image\":{\"@id\":\"https:\\\/\\\/www.laguiadepamplona.com\\\/actualidad\\\/el-ayuntamiento-subastara-la-concesion-administrativa-de-uso-de-16-parcelas-para-la-construccion-de-panteones-en-el-cementerio-municipal-de-san-jose\\\/#primaryimage\"},\"thumbnailUrl\":\"https:\\\/\\\/www.laguiadepamplona.com\\\/actualidad\\\/wp-content\\\/uploads\\\/2021\\\/06\\\/cementerio_JMG4640.jpg\",\"datePublished\":\"2021-06-07T16:03:55+00:00\",\"dateModified\":\"2023-04-11T09:49:27+00:00\",\"description\":\"Son parcelas de 7,5 metros cuadrados, con un precio de salida de 6.500 euros y una concesi\u00f3n administrativa para 50 a\u00f1os\",\"breadcrumb\":{\"@id\":\"https:\\\/\\\/www.laguiadepamplona.com\\\/actualidad\\\/el-ayuntamiento-subastara-la-concesion-administrativa-de-uso-de-16-parcelas-para-la-construccion-de-panteones-en-el-cementerio-municipal-de-san-jose\\\/#breadcrumb\"},\"inLanguage\":\"es\",\"potentialAction\":[{\"@type\":\"ReadAction\",\"target\":[\"https:\\\/\\\/www.laguiadepamplona.com\\\/actualidad\\\/el-ayuntamiento-subastara-la-concesion-administrativa-de-uso-de-16-parcelas-para-la-construccion-de-panteones-en-el-cementerio-municipal-de-san-jose\\\/\"]}]},{\"@type\":\"ImageObject\",\"inLanguage\":\"es\",\"@id\":\"https:\\\/\\\/www.laguiadepamplona.com\\\/actualidad\\\/el-ayuntamiento-subastara-la-concesion-administrativa-de-uso-de-16-parcelas-para-la-construccion-de-panteones-en-el-cementerio-municipal-de-san-jose\\\/#primaryimage\",\"url\":\"https:\\\/\\\/www.laguiadepamplona.com\\\/actualidad\\\/wp-content\\\/uploads\\\/2021\\\/06\\\/cementerio_JMG4640.jpg\",\"contentUrl\":\"https:\\\/\\\/www.laguiadepamplona.com\\\/actualidad\\\/wp-content\\\/uploads\\\/2021\\\/06\\\/cementerio_JMG4640.jpg\",\"width\":1920,\"height\":1280,\"caption\":\"A* Jes\u00fas Garzaron F* 2020_10_27 T* Di\u00e1s previos al D\u00eda de todos los Santos. L* Cementerio de Pamplona\"},{\"@type\":\"BreadcrumbList\",\"@id\":\"https:\\\/\\\/www.laguiadepamplona.com\\\/actualidad\\\/el-ayuntamiento-subastara-la-concesion-administrativa-de-uso-de-16-parcelas-para-la-construccion-de-panteones-en-el-cementerio-municipal-de-san-jose\\\/#breadcrumb\",\"itemListElement\":[{\"@type\":\"ListItem\",\"position\":1,\"name\":\"Portada\",\"item\":\"https:\\\/\\\/www.laguiadepamplona.com\\\/actualidad\\\/\"},{\"@type\":\"ListItem\",\"position\":2,\"name\":\"El Ayuntamiento subastar\u00e1 la concesi\u00f3n administrativa de uso de 16 parcelas para la construcci\u00f3n de panteones en el cementerio municipal de San Jos\u00e9\"}]},{\"@type\":\"WebSite\",\"@id\":\"https:\\\/\\\/www.laguiadepamplona.com\\\/actualidad\\\/#website\",\"url\":\"https:\\\/\\\/www.laguiadepamplona.com\\\/actualidad\\\/\",\"name\":\"La gu\u00eda de Pamplona\",\"description\":\"Noticias de Pamplona\",\"publisher\":{\"@id\":\"https:\\\/\\\/www.laguiadepamplona.com\\\/actualidad\\\/#organization\"},\"potentialAction\":[{\"@type\":\"SearchAction\",\"target\":{\"@type\":\"EntryPoint\",\"urlTemplate\":\"https:\\\/\\\/www.laguiadepamplona.com\\\/actualidad\\\/?s={search_term_string}\"},\"query-input\":{\"@type\":\"PropertyValueSpecification\",\"valueRequired\":true,\"valueName\":\"search_term_string\"}}],\"inLanguage\":\"es\"},{\"@type\":\"Organization\",\"@id\":\"https:\\\/\\\/www.laguiadepamplona.com\\\/actualidad\\\/#organization\",\"name\":\"La Gu\u00eda de Pamplona \\\/ Noticias\",\"url\":\"https:\\\/\\\/www.laguiadepamplona.com\\\/actualidad\\\/\",\"logo\":{\"@type\":\"ImageObject\",\"inLanguage\":\"es\",\"@id\":\"https:\\\/\\\/www.laguiadepamplona.com\\\/actualidad\\\/#\\\/schema\\\/logo\\\/image\\\/\",\"url\":\"https:\\\/\\\/www.laguiadepamplona.com\\\/actualidad\\\/wp-content\\\/uploads\\\/2018\\\/11\\\/logo-laguiadepamplona18-web1.png\",\"contentUrl\":\"https:\\\/\\\/www.laguiadepamplona.com\\\/actualidad\\\/wp-content\\\/uploads\\\/2018\\\/11\\\/logo-laguiadepamplona18-web1.png\",\"width\":600,\"height\":196,\"caption\":\"La Gu\u00eda de Pamplona \\\/ Noticias\"},\"image\":{\"@id\":\"https:\\\/\\\/www.laguiadepamplona.com\\\/actualidad\\\/#\\\/schema\\\/logo\\\/image\\\/\"},\"sameAs\":[\"https:\\\/\\\/www.facebook.com\\\/laguiadepamplonacom-133175176762273\\\/?ref=hl\",\"https:\\\/\\\/x.com\\\/LaGuiadPamplona\",\"https:\\\/\\\/www.instagram.com\\\/la_guia_de_pamplona\\\/\",\"https:\\\/\\\/www.youtube.com\\\/user\\\/laguiadepamplona\"]},{\"@type\":\"Person\",\"@id\":\"https:\\\/\\\/www.laguiadepamplona.com\\\/actualidad\\\/#\\\/schema\\\/person\\\/efe887376f0213d4657c93adc50b1fdb\",\"name\":\"La Gu\u00eda de Pamplona\",\"image\":{\"@type\":\"ImageObject\",\"inLanguage\":\"es\",\"@id\":\"https:\\\/\\\/secure.gravatar.com\\\/avatar\\\/b6992f131dc8d30ab0dff15446e9d346d9dbd95992de0fef795073f5ea83a81c?s=96&d=mm&r=g\",\"url\":\"https:\\\/\\\/secure.gravatar.com\\\/avatar\\\/b6992f131dc8d30ab0dff15446e9d346d9dbd95992de0fef795073f5ea83a81c?s=96&d=mm&r=g\",\"contentUrl\":\"https:\\\/\\\/secure.gravatar.com\\\/avatar\\\/b6992f131dc8d30ab0dff15446e9d346d9dbd95992de0fef795073f5ea83a81c?s=96&d=mm&r=g\",\"caption\":\"La Gu\u00eda de Pamplona\"}}]}<\/script>\n<!-- \/ Yoast SEO plugin. -->","yoast_head_json":{"title":"El Ayuntamiento subastar\u00e1 la concesi\u00f3n administrativa de uso de 16 parcelas para la construcci\u00f3n de panteones en el cementerio municipal de San Jos\u00e9","description":"Son parcelas de 7,5 metros cuadrados, con un precio de salida de 6.500 euros y una concesi\u00f3n administrativa para 50 a\u00f1os","robots":{"index":"index","follow":"follow","max-snippet":"max-snippet:-1","max-image-preview":"max-image-preview:large","max-video-preview":"max-video-preview:-1"},"canonical":"https:\/\/www.laguiadepamplona.com\/actualidad\/el-ayuntamiento-subastara-la-concesion-administrativa-de-uso-de-16-parcelas-para-la-construccion-de-panteones-en-el-cementerio-municipal-de-san-jose\/","og_locale":"es_ES","og_type":"article","og_title":"El Ayuntamiento subastar\u00e1 la concesi\u00f3n administrativa de uso de 16 parcelas para la construcci\u00f3n de panteones en el cementerio municipal de San Jos\u00e9","og_description":"Son parcelas de 7,5 metros cuadrados, con un precio de salida de 6.500 euros y una concesi\u00f3n administrativa para 50 a\u00f1os","og_url":"https:\/\/www.laguiadepamplona.com\/actualidad\/el-ayuntamiento-subastara-la-concesion-administrativa-de-uso-de-16-parcelas-para-la-construccion-de-panteones-en-el-cementerio-municipal-de-san-jose\/","og_site_name":"La Gu\u00eda de Pamplona","article_publisher":"https:\/\/www.facebook.com\/laguiadepamplonacom-133175176762273\/?ref=hl","article_published_time":"2021-06-07T16:03:55+00:00","article_modified_time":"2023-04-11T09:49:27+00:00","og_image":[{"width":1920,"height":1280,"url":"https:\/\/www.laguiadepamplona.com\/actualidad\/wp-content\/uploads\/2021\/06\/cementerio_JMG4640.jpg","type":"image\/jpeg"}],"author":"La Gu\u00eda de Pamplona","twitter_card":"summary_large_image","twitter_creator":"@LaGuiadPamplona","twitter_site":"@LaGuiadPamplona","twitter_misc":{"Escrito por":"La Gu\u00eda de Pamplona","Tiempo de lectura":"3 minutos"},"schema":{"@context":"https:\/\/schema.org","@graph":[{"@type":"Article","@id":"https:\/\/www.laguiadepamplona.com\/actualidad\/el-ayuntamiento-subastara-la-concesion-administrativa-de-uso-de-16-parcelas-para-la-construccion-de-panteones-en-el-cementerio-municipal-de-san-jose\/#article","isPartOf":{"@id":"https:\/\/www.laguiadepamplona.com\/actualidad\/el-ayuntamiento-subastara-la-concesion-administrativa-de-uso-de-16-parcelas-para-la-construccion-de-panteones-en-el-cementerio-municipal-de-san-jose\/"},"author":{"name":"La Gu\u00eda de Pamplona","@id":"https:\/\/www.laguiadepamplona.com\/actualidad\/#\/schema\/person\/efe887376f0213d4657c93adc50b1fdb"},"headline":"El Ayuntamiento subastar\u00e1 la concesi\u00f3n administrativa de uso de 16 parcelas para la construcci\u00f3n de panteones en el cementerio municipal de San Jos\u00e9","datePublished":"2021-06-07T16:03:55+00:00","dateModified":"2023-04-11T09:49:27+00:00","mainEntityOfPage":{"@id":"https:\/\/www.laguiadepamplona.com\/actualidad\/el-ayuntamiento-subastara-la-concesion-administrativa-de-uso-de-16-parcelas-para-la-construccion-de-panteones-en-el-cementerio-municipal-de-san-jose\/"},"wordCount":534,"commentCount":0,"publisher":{"@id":"https:\/\/www.laguiadepamplona.com\/actualidad\/#organization"},"image":{"@id":"https:\/\/www.laguiadepamplona.com\/actualidad\/el-ayuntamiento-subastara-la-concesion-administrativa-de-uso-de-16-parcelas-para-la-construccion-de-panteones-en-el-cementerio-municipal-de-san-jose\/#primaryimage"},"thumbnailUrl":"https:\/\/www.laguiadepamplona.com\/actualidad\/wp-content\/uploads\/2021\/06\/cementerio_JMG4640.jpg","articleSection":["Ayto Pamplona"],"inLanguage":"es","potentialAction":[{"@type":"CommentAction","name":"Comment","target":["https:\/\/www.laguiadepamplona.com\/actualidad\/el-ayuntamiento-subastara-la-concesion-administrativa-de-uso-de-16-parcelas-para-la-construccion-de-panteones-en-el-cementerio-municipal-de-san-jose\/#respond"]}]},{"@type":"WebPage","@id":"https:\/\/www.laguiadepamplona.com\/actualidad\/el-ayuntamiento-subastara-la-concesion-administrativa-de-uso-de-16-parcelas-para-la-construccion-de-panteones-en-el-cementerio-municipal-de-san-jose\/","url":"https:\/\/www.laguiadepamplona.com\/actualidad\/el-ayuntamiento-subastara-la-concesion-administrativa-de-uso-de-16-parcelas-para-la-construccion-de-panteones-en-el-cementerio-municipal-de-san-jose\/","name":"El Ayuntamiento subastar\u00e1 la concesi\u00f3n administrativa de uso de 16 parcelas para la construcci\u00f3n de panteones en el cementerio municipal de San Jos\u00e9","isPartOf":{"@id":"https:\/\/www.laguiadepamplona.com\/actualidad\/#website"},"primaryImageOfPage":{"@id":"https:\/\/www.laguiadepamplona.com\/actualidad\/el-ayuntamiento-subastara-la-concesion-administrativa-de-uso-de-16-parcelas-para-la-construccion-de-panteones-en-el-cementerio-municipal-de-san-jose\/#primaryimage"},"image":{"@id":"https:\/\/www.laguiadepamplona.com\/actualidad\/el-ayuntamiento-subastara-la-concesion-administrativa-de-uso-de-16-parcelas-para-la-construccion-de-panteones-en-el-cementerio-municipal-de-san-jose\/#primaryimage"},"thumbnailUrl":"https:\/\/www.laguiadepamplona.com\/actualidad\/wp-content\/uploads\/2021\/06\/cementerio_JMG4640.jpg","datePublished":"2021-06-07T16:03:55+00:00","dateModified":"2023-04-11T09:49:27+00:00","description":"Son parcelas de 7,5 metros cuadrados, con un precio de salida de 6.500 euros y una concesi\u00f3n administrativa para 50 a\u00f1os","breadcrumb":{"@id":"https:\/\/www.laguiadepamplona.com\/actualidad\/el-ayuntamiento-subastara-la-concesion-administrativa-de-uso-de-16-parcelas-para-la-construccion-de-panteones-en-el-cementerio-municipal-de-san-jose\/#breadcrumb"},"inLanguage":"es","potentialAction":[{"@type":"ReadAction","target":["https:\/\/www.laguiadepamplona.com\/actualidad\/el-ayuntamiento-subastara-la-concesion-administrativa-de-uso-de-16-parcelas-para-la-construccion-de-panteones-en-el-cementerio-municipal-de-san-jose\/"]}]},{"@type":"ImageObject","inLanguage":"es","@id":"https:\/\/www.laguiadepamplona.com\/actualidad\/el-ayuntamiento-subastara-la-concesion-administrativa-de-uso-de-16-parcelas-para-la-construccion-de-panteones-en-el-cementerio-municipal-de-san-jose\/#primaryimage","url":"https:\/\/www.laguiadepamplona.com\/actualidad\/wp-content\/uploads\/2021\/06\/cementerio_JMG4640.jpg","contentUrl":"https:\/\/www.laguiadepamplona.com\/actualidad\/wp-content\/uploads\/2021\/06\/cementerio_JMG4640.jpg","width":1920,"height":1280,"caption":"A* Jes\u00fas Garzaron F* 2020_10_27 T* Di\u00e1s previos al D\u00eda de todos los Santos. L* Cementerio de Pamplona"},{"@type":"BreadcrumbList","@id":"https:\/\/www.laguiadepamplona.com\/actualidad\/el-ayuntamiento-subastara-la-concesion-administrativa-de-uso-de-16-parcelas-para-la-construccion-de-panteones-en-el-cementerio-municipal-de-san-jose\/#breadcrumb","itemListElement":[{"@type":"ListItem","position":1,"name":"Portada","item":"https:\/\/www.laguiadepamplona.com\/actualidad\/"},{"@type":"ListItem","position":2,"name":"El Ayuntamiento subastar\u00e1 la concesi\u00f3n administrativa de uso de 16 parcelas para la construcci\u00f3n de panteones en el cementerio municipal de San Jos\u00e9"}]},{"@type":"WebSite","@id":"https:\/\/www.laguiadepamplona.com\/actualidad\/#website","url":"https:\/\/www.laguiadepamplona.com\/actualidad\/","name":"La gu\u00eda de Pamplona","description":"Noticias de Pamplona","publisher":{"@id":"https:\/\/www.laguiadepamplona.com\/actualidad\/#organization"},"potentialAction":[{"@type":"SearchAction","target":{"@type":"EntryPoint","urlTemplate":"https:\/\/www.laguiadepamplona.com\/actualidad\/?s={search_term_string}"},"query-input":{"@type":"PropertyValueSpecification","valueRequired":true,"valueName":"search_term_string"}}],"inLanguage":"es"},{"@type":"Organization","@id":"https:\/\/www.laguiadepamplona.com\/actualidad\/#organization","name":"La Gu\u00eda de Pamplona \/ Noticias","url":"https:\/\/www.laguiadepamplona.com\/actualidad\/","logo":{"@type":"ImageObject","inLanguage":"es","@id":"https:\/\/www.laguiadepamplona.com\/actualidad\/#\/schema\/logo\/image\/","url":"https:\/\/www.laguiadepamplona.com\/actualidad\/wp-content\/uploads\/2018\/11\/logo-laguiadepamplona18-web1.png","contentUrl":"https:\/\/www.laguiadepamplona.com\/actualidad\/wp-content\/uploads\/2018\/11\/logo-laguiadepamplona18-web1.png","width":600,"height":196,"caption":"La Gu\u00eda de Pamplona \/ Noticias"},"image":{"@id":"https:\/\/www.laguiadepamplona.com\/actualidad\/#\/schema\/logo\/image\/"},"sameAs":["https:\/\/www.facebook.com\/laguiadepamplonacom-133175176762273\/?ref=hl","https:\/\/x.com\/LaGuiadPamplona","https:\/\/www.instagram.com\/la_guia_de_pamplona\/","https:\/\/www.youtube.com\/user\/laguiadepamplona"]},{"@type":"Person","@id":"https:\/\/www.laguiadepamplona.com\/actualidad\/#\/schema\/person\/efe887376f0213d4657c93adc50b1fdb","name":"La Gu\u00eda de Pamplona","image":{"@type":"ImageObject","inLanguage":"es","@id":"https:\/\/secure.gravatar.com\/avatar\/b6992f131dc8d30ab0dff15446e9d346d9dbd95992de0fef795073f5ea83a81c?s=96&d=mm&r=g","url":"https:\/\/secure.gravatar.com\/avatar\/b6992f131dc8d30ab0dff15446e9d346d9dbd95992de0fef795073f5ea83a81c?s=96&d=mm&r=g","contentUrl":"https:\/\/secure.gravatar.com\/avatar\/b6992f131dc8d30ab0dff15446e9d346d9dbd95992de0fef795073f5ea83a81c?s=96&d=mm&r=g","caption":"La Gu\u00eda de Pamplona"}}]}},"post_mailing_queue_ids":[],"_links":{"self":[{"href":"https:\/\/www.laguiadepamplona.com\/actualidad\/wp-json\/wp\/v2\/posts\/35276","targetHints":{"allow":["GET"]}}],"collection":[{"href":"https:\/\/www.laguiadepamplona.com\/actualidad\/wp-json\/wp\/v2\/posts"}],"about":[{"href":"https:\/\/www.laguiadepamplona.com\/actualidad\/wp-json\/wp\/v2\/types\/post"}],"author":[{"embeddable":true,"href":"https:\/\/www.laguiadepamplona.com\/actualidad\/wp-json\/wp\/v2\/users\/1"}],"replies":[{"embeddable":true,"href":"https:\/\/www.laguiadepamplona.com\/actualidad\/wp-json\/wp\/v2\/comments?post=35276"}],"version-history":[{"count":0,"href":"https:\/\/www.laguiadepamplona.com\/actualidad\/wp-json\/wp\/v2\/posts\/35276\/revisions"}],"wp:featuredmedia":[{"embeddable":true,"href":"https:\/\/www.laguiadepamplona.com\/actualidad\/wp-json\/wp\/v2\/media\/35277"}],"wp:attachment":[{"href":"https:\/\/www.laguiadepamplona.com\/actualidad\/wp-json\/wp\/v2\/media?parent=35276"}],"wp:term":[{"taxonomy":"category","embeddable":true,"href":"https:\/\/www.laguiadepamplona.com\/actualidad\/wp-json\/wp\/v2\/categories?post=35276"},{"taxonomy":"post_tag","embeddable":true,"href":"https:\/\/www.laguiadepamplona.com\/actualidad\/wp-json\/wp\/v2\/tags?post=35276"}],"curies":[{"name":"wp","href":"https:\/\/api.w.org\/{rel}","templated":true}]}}