{"id":35271,"date":"2021-06-04T17:57:53","date_gmt":"2021-06-04T15:57:53","guid":{"rendered":"https:\/\/www.laguiadepamplona.com\/actualidad\/?p=35271"},"modified":"2023-04-11T11:49:27","modified_gmt":"2023-04-11T09:49:27","slug":"el-alcalde-recibe-al-productor-cinematografico-gerardo-herrero-que-se-encuentra-inmerso-en-el-rodaje-en-pamplona-de-el-comensal","status":"publish","type":"post","link":"https:\/\/www.laguiadepamplona.com\/actualidad\/el-alcalde-recibe-al-productor-cinematografico-gerardo-herrero-que-se-encuentra-inmerso-en-el-rodaje-en-pamplona-de-el-comensal\/","title":{"rendered":"El alcalde recibe al productor cinematogr\u00e1fico Gerardo Herrero, que se encuentra inmerso en el rodaje en Pamplona de \u2018El comensal\u2019"},"content":{"rendered":"<h5>Acompa\u00f1ado por el presidente de la CEN, Jos\u00e9 Miguel Sucunza, ha presentado al alcalde algunos de los proyectos en los que est\u00e1 inmerso<\/h5>\n<p><!--more--><\/p>\n<p>El alcalde de Pamplona, Enrique Maya, ha recibido en su despacho al director, guionista y productor de cine Gerardo Herrero, que se encuentra en Pamplona inmerso en el rodaje de \u2018El comensal\u2019, un proyecto cinematogr\u00e1fico que gira en torno al secuestro y posterior asesinato del empresario Javier de Ybarra por parte de la banda terrorista ETA, sucedido en 1977. Herrero ha acudido al encuentro acompa\u00f1ado por el presidente de la Confederaci\u00f3n Empresarial Navarra (CEN), Jos\u00e9 Miguel Sucunza, y ha explicado alguno de los proyectos audiovisuales en los que actualmente est\u00e1 trabajando.<\/p>\n<p><script async src=\"\/\/pagead2.googlesyndication.com\/pagead\/js\/adsbygoogle.js\"><\/script><br \/>\n<!-- Noticias La Guia de Pamplona --><br \/>\n<ins class=\"adsbygoogle\"\nstyle=\"display:block\"\ndata-ad-client=\"ca-pub-6943679897239327\"\ndata-ad-slot=\"7048180777\"\ndata-ad-format=\"auto\"><\/ins><br \/>\n<script>\n(adsbygoogle = window.adsbygoogle || []).push({});\n<\/script><\/p>\n<p>Pamplona ha sido uno de los escenarios que \u2018Tornasol\u2019, la compa\u00f1\u00eda audiovisual de Gerardo Herrero, ha seleccionado para ubicar alguna de las escenas de \u2018El comensal\u2019. Se trata de una adaptaci\u00f3n de la novela de la escritora Gabriela Ybarra, que se ambienta en el a\u00f1o 1977, en el momento en el que la banda terrorista ETA secuestr\u00f3 y asesin\u00f3 al empresario Javier de Ybarra.\u00a0 Dirigido por la ex ministra \u00c1ngeles Gonz\u00e1lez-Sinde, el rodaje de este film lleg\u00f3 ya hace unos d\u00edas a Pamplona, donde ha escogido parte de sus localizaciones.<\/p>\n<p>En los m\u00e1s de cuarenta a\u00f1os de trayectoria profesional, Gerardo Herrero ha dirigido una veintena de pel\u00edculas y ha participado en la producci\u00f3n de un centenar por medio de su productora \u2018Tornasol films\u2019, que fund\u00f3 en 1987. Entre sus logros est\u00e1 la consecuci\u00f3n del \u00d3scar a la mejor pel\u00edcula extranjera en 2010 por \u2018Te doy mis ojos\u2019, una coproducci\u00f3n que llevaron a cabo junto con desarrolladores audiovisuales de Argentina. No es la primera vez que las calles y escenarios que ofrece Pamplona han sido seleccionados para ambientar alguna de sus pel\u00edculas. De hecho, hace tan solo un par de a\u00f1os la capital navarra fue uno de los lugares elegidos para el rodaje de \u2018Explota, explota\u2019, una de los \u00faltimos largometrajes que ha producido.<\/p>\n<p><script async src=\"\/\/pagead2.googlesyndication.com\/pagead\/js\/adsbygoogle.js\"><\/script><br \/>\n<!-- Noticias La Guia de Pamplona --><br \/>\n<ins class=\"adsbygoogle\"\nstyle=\"display:block\"\ndata-ad-client=\"ca-pub-6943679897239327\"\ndata-ad-slot=\"7048180777\"\ndata-ad-format=\"auto\"><\/ins><br \/>\n<script>\n(adsbygoogle = window.adsbygoogle || []).push({});\n<\/script><\/p>\n","protected":false},"excerpt":{"rendered":"<p>Acompa\u00f1ado por el presidente de la CEN, Jos\u00e9 Miguel Sucunza, ha presentado al alcalde algunos de los proyectos en los que est\u00e1 inmerso<\/p>\n","protected":false},"author":1,"featured_media":35272,"comment_status":"open","ping_status":"closed","sticky":false,"template":"","format":"standard","meta":{"footnotes":""},"categories":[2],"tags":[],"class_list":["post-35271","post","type-post","status-publish","format-standard","has-post-thumbnail","hentry","category-ayuntamiento-pamplona"],"yoast_head":"<!-- This site is optimized with the Yoast SEO plugin v27.3 - https:\/\/yoast.com\/product\/yoast-seo-wordpress\/ -->\n<title>El alcalde recibe al productor cinematogr\u00e1fico Gerardo Herrero, que se encuentra inmerso en el rodaje en Pamplona de \u2018El comensal\u2019<\/title>\n<meta name=\"description\" content=\"Acompa\u00f1ado por el presidente de la CEN, Jos\u00e9 Miguel Sucunza, ha presentado al alcalde algunos de los proyectos en los que est\u00e1 inmerso\" \/>\n<meta name=\"robots\" content=\"index, follow, max-snippet:-1, max-image-preview:large, max-video-preview:-1\" \/>\n<link rel=\"canonical\" href=\"https:\/\/www.laguiadepamplona.com\/actualidad\/el-alcalde-recibe-al-productor-cinematografico-gerardo-herrero-que-se-encuentra-inmerso-en-el-rodaje-en-pamplona-de-el-comensal\/\" \/>\n<meta property=\"og:locale\" content=\"es_ES\" \/>\n<meta property=\"og:type\" content=\"article\" \/>\n<meta property=\"og:title\" content=\"El alcalde recibe al productor cinematogr\u00e1fico Gerardo Herrero, que se encuentra inmerso en el rodaje en Pamplona de \u2018El comensal\u2019\" \/>\n<meta property=\"og:description\" content=\"Acompa\u00f1ado por el presidente de la CEN, Jos\u00e9 Miguel Sucunza, ha presentado al alcalde algunos de los proyectos en los que est\u00e1 inmerso\" \/>\n<meta property=\"og:url\" content=\"https:\/\/www.laguiadepamplona.com\/actualidad\/el-alcalde-recibe-al-productor-cinematografico-gerardo-herrero-que-se-encuentra-inmerso-en-el-rodaje-en-pamplona-de-el-comensal\/\" \/>\n<meta property=\"og:site_name\" content=\"La Gu\u00eda de Pamplona\" \/>\n<meta property=\"article:publisher\" content=\"https:\/\/www.facebook.com\/laguiadepamplonacom-133175176762273\/?ref=hl\" \/>\n<meta property=\"article:published_time\" content=\"2021-06-04T15:57:53+00:00\" \/>\n<meta property=\"article:modified_time\" content=\"2023-04-11T09:49:27+00:00\" \/>\n<meta property=\"og:image\" content=\"https:\/\/www.laguiadepamplona.com\/actualidad\/wp-content\/uploads\/2021\/06\/director_cine_gerardo_herrero_ee5a0649.jpg\" \/>\n\t<meta property=\"og:image:width\" content=\"1920\" \/>\n\t<meta property=\"og:image:height\" content=\"1280\" \/>\n\t<meta property=\"og:image:type\" content=\"image\/jpeg\" \/>\n<meta name=\"author\" content=\"La Gu\u00eda de Pamplona\" \/>\n<meta name=\"twitter:card\" content=\"summary_large_image\" \/>\n<meta name=\"twitter:creator\" content=\"@LaGuiadPamplona\" \/>\n<meta name=\"twitter:site\" content=\"@LaGuiadPamplona\" \/>\n<meta name=\"twitter:label1\" content=\"Escrito por\" \/>\n\t<meta name=\"twitter:data1\" content=\"La Gu\u00eda de Pamplona\" \/>\n\t<meta name=\"twitter:label2\" content=\"Tiempo de lectura\" \/>\n\t<meta name=\"twitter:data2\" content=\"2 minutos\" \/>\n<script type=\"application\/ld+json\" class=\"yoast-schema-graph\">{\"@context\":\"https:\\\/\\\/schema.org\",\"@graph\":[{\"@type\":\"Article\",\"@id\":\"https:\\\/\\\/www.laguiadepamplona.com\\\/actualidad\\\/el-alcalde-recibe-al-productor-cinematografico-gerardo-herrero-que-se-encuentra-inmerso-en-el-rodaje-en-pamplona-de-el-comensal\\\/#article\",\"isPartOf\":{\"@id\":\"https:\\\/\\\/www.laguiadepamplona.com\\\/actualidad\\\/el-alcalde-recibe-al-productor-cinematografico-gerardo-herrero-que-se-encuentra-inmerso-en-el-rodaje-en-pamplona-de-el-comensal\\\/\"},\"author\":{\"name\":\"La Gu\u00eda de Pamplona\",\"@id\":\"https:\\\/\\\/www.laguiadepamplona.com\\\/actualidad\\\/#\\\/schema\\\/person\\\/efe887376f0213d4657c93adc50b1fdb\"},\"headline\":\"El alcalde recibe al productor cinematogr\u00e1fico Gerardo Herrero, que se encuentra inmerso en el rodaje en Pamplona de \u2018El comensal\u2019\",\"datePublished\":\"2021-06-04T15:57:53+00:00\",\"dateModified\":\"2023-04-11T09:49:27+00:00\",\"mainEntityOfPage\":{\"@id\":\"https:\\\/\\\/www.laguiadepamplona.com\\\/actualidad\\\/el-alcalde-recibe-al-productor-cinematografico-gerardo-herrero-que-se-encuentra-inmerso-en-el-rodaje-en-pamplona-de-el-comensal\\\/\"},\"wordCount\":362,\"commentCount\":0,\"publisher\":{\"@id\":\"https:\\\/\\\/www.laguiadepamplona.com\\\/actualidad\\\/#organization\"},\"image\":{\"@id\":\"https:\\\/\\\/www.laguiadepamplona.com\\\/actualidad\\\/el-alcalde-recibe-al-productor-cinematografico-gerardo-herrero-que-se-encuentra-inmerso-en-el-rodaje-en-pamplona-de-el-comensal\\\/#primaryimage\"},\"thumbnailUrl\":\"https:\\\/\\\/www.laguiadepamplona.com\\\/actualidad\\\/wp-content\\\/uploads\\\/2021\\\/06\\\/director_cine_gerardo_herrero_ee5a0649.jpg\",\"articleSection\":[\"Ayto Pamplona\"],\"inLanguage\":\"es\",\"potentialAction\":[{\"@type\":\"CommentAction\",\"name\":\"Comment\",\"target\":[\"https:\\\/\\\/www.laguiadepamplona.com\\\/actualidad\\\/el-alcalde-recibe-al-productor-cinematografico-gerardo-herrero-que-se-encuentra-inmerso-en-el-rodaje-en-pamplona-de-el-comensal\\\/#respond\"]}]},{\"@type\":\"WebPage\",\"@id\":\"https:\\\/\\\/www.laguiadepamplona.com\\\/actualidad\\\/el-alcalde-recibe-al-productor-cinematografico-gerardo-herrero-que-se-encuentra-inmerso-en-el-rodaje-en-pamplona-de-el-comensal\\\/\",\"url\":\"https:\\\/\\\/www.laguiadepamplona.com\\\/actualidad\\\/el-alcalde-recibe-al-productor-cinematografico-gerardo-herrero-que-se-encuentra-inmerso-en-el-rodaje-en-pamplona-de-el-comensal\\\/\",\"name\":\"El alcalde recibe al productor cinematogr\u00e1fico Gerardo Herrero, que se encuentra inmerso en el rodaje en Pamplona de \u2018El comensal\u2019\",\"isPartOf\":{\"@id\":\"https:\\\/\\\/www.laguiadepamplona.com\\\/actualidad\\\/#website\"},\"primaryImageOfPage\":{\"@id\":\"https:\\\/\\\/www.laguiadepamplona.com\\\/actualidad\\\/el-alcalde-recibe-al-productor-cinematografico-gerardo-herrero-que-se-encuentra-inmerso-en-el-rodaje-en-pamplona-de-el-comensal\\\/#primaryimage\"},\"image\":{\"@id\":\"https:\\\/\\\/www.laguiadepamplona.com\\\/actualidad\\\/el-alcalde-recibe-al-productor-cinematografico-gerardo-herrero-que-se-encuentra-inmerso-en-el-rodaje-en-pamplona-de-el-comensal\\\/#primaryimage\"},\"thumbnailUrl\":\"https:\\\/\\\/www.laguiadepamplona.com\\\/actualidad\\\/wp-content\\\/uploads\\\/2021\\\/06\\\/director_cine_gerardo_herrero_ee5a0649.jpg\",\"datePublished\":\"2021-06-04T15:57:53+00:00\",\"dateModified\":\"2023-04-11T09:49:27+00:00\",\"description\":\"Acompa\u00f1ado por el presidente de la CEN, Jos\u00e9 Miguel Sucunza, ha presentado al alcalde algunos de los proyectos en los que est\u00e1 inmerso\",\"breadcrumb\":{\"@id\":\"https:\\\/\\\/www.laguiadepamplona.com\\\/actualidad\\\/el-alcalde-recibe-al-productor-cinematografico-gerardo-herrero-que-se-encuentra-inmerso-en-el-rodaje-en-pamplona-de-el-comensal\\\/#breadcrumb\"},\"inLanguage\":\"es\",\"potentialAction\":[{\"@type\":\"ReadAction\",\"target\":[\"https:\\\/\\\/www.laguiadepamplona.com\\\/actualidad\\\/el-alcalde-recibe-al-productor-cinematografico-gerardo-herrero-que-se-encuentra-inmerso-en-el-rodaje-en-pamplona-de-el-comensal\\\/\"]}]},{\"@type\":\"ImageObject\",\"inLanguage\":\"es\",\"@id\":\"https:\\\/\\\/www.laguiadepamplona.com\\\/actualidad\\\/el-alcalde-recibe-al-productor-cinematografico-gerardo-herrero-que-se-encuentra-inmerso-en-el-rodaje-en-pamplona-de-el-comensal\\\/#primaryimage\",\"url\":\"https:\\\/\\\/www.laguiadepamplona.com\\\/actualidad\\\/wp-content\\\/uploads\\\/2021\\\/06\\\/director_cine_gerardo_herrero_ee5a0649.jpg\",\"contentUrl\":\"https:\\\/\\\/www.laguiadepamplona.com\\\/actualidad\\\/wp-content\\\/uploads\\\/2021\\\/06\\\/director_cine_gerardo_herrero_ee5a0649.jpg\",\"width\":1920,\"height\":1280},{\"@type\":\"BreadcrumbList\",\"@id\":\"https:\\\/\\\/www.laguiadepamplona.com\\\/actualidad\\\/el-alcalde-recibe-al-productor-cinematografico-gerardo-herrero-que-se-encuentra-inmerso-en-el-rodaje-en-pamplona-de-el-comensal\\\/#breadcrumb\",\"itemListElement\":[{\"@type\":\"ListItem\",\"position\":1,\"name\":\"Portada\",\"item\":\"https:\\\/\\\/www.laguiadepamplona.com\\\/actualidad\\\/\"},{\"@type\":\"ListItem\",\"position\":2,\"name\":\"El alcalde recibe al productor cinematogr\u00e1fico Gerardo Herrero, que se encuentra inmerso en el rodaje en Pamplona de \u2018El comensal\u2019\"}]},{\"@type\":\"WebSite\",\"@id\":\"https:\\\/\\\/www.laguiadepamplona.com\\\/actualidad\\\/#website\",\"url\":\"https:\\\/\\\/www.laguiadepamplona.com\\\/actualidad\\\/\",\"name\":\"La gu\u00eda de Pamplona\",\"description\":\"Noticias de Pamplona\",\"publisher\":{\"@id\":\"https:\\\/\\\/www.laguiadepamplona.com\\\/actualidad\\\/#organization\"},\"potentialAction\":[{\"@type\":\"SearchAction\",\"target\":{\"@type\":\"EntryPoint\",\"urlTemplate\":\"https:\\\/\\\/www.laguiadepamplona.com\\\/actualidad\\\/?s={search_term_string}\"},\"query-input\":{\"@type\":\"PropertyValueSpecification\",\"valueRequired\":true,\"valueName\":\"search_term_string\"}}],\"inLanguage\":\"es\"},{\"@type\":\"Organization\",\"@id\":\"https:\\\/\\\/www.laguiadepamplona.com\\\/actualidad\\\/#organization\",\"name\":\"La Gu\u00eda de Pamplona \\\/ Noticias\",\"url\":\"https:\\\/\\\/www.laguiadepamplona.com\\\/actualidad\\\/\",\"logo\":{\"@type\":\"ImageObject\",\"inLanguage\":\"es\",\"@id\":\"https:\\\/\\\/www.laguiadepamplona.com\\\/actualidad\\\/#\\\/schema\\\/logo\\\/image\\\/\",\"url\":\"https:\\\/\\\/www.laguiadepamplona.com\\\/actualidad\\\/wp-content\\\/uploads\\\/2018\\\/11\\\/logo-laguiadepamplona18-web1.png\",\"contentUrl\":\"https:\\\/\\\/www.laguiadepamplona.com\\\/actualidad\\\/wp-content\\\/uploads\\\/2018\\\/11\\\/logo-laguiadepamplona18-web1.png\",\"width\":600,\"height\":196,\"caption\":\"La Gu\u00eda de Pamplona \\\/ Noticias\"},\"image\":{\"@id\":\"https:\\\/\\\/www.laguiadepamplona.com\\\/actualidad\\\/#\\\/schema\\\/logo\\\/image\\\/\"},\"sameAs\":[\"https:\\\/\\\/www.facebook.com\\\/laguiadepamplonacom-133175176762273\\\/?ref=hl\",\"https:\\\/\\\/x.com\\\/LaGuiadPamplona\",\"https:\\\/\\\/www.instagram.com\\\/la_guia_de_pamplona\\\/\",\"https:\\\/\\\/www.youtube.com\\\/user\\\/laguiadepamplona\"]},{\"@type\":\"Person\",\"@id\":\"https:\\\/\\\/www.laguiadepamplona.com\\\/actualidad\\\/#\\\/schema\\\/person\\\/efe887376f0213d4657c93adc50b1fdb\",\"name\":\"La Gu\u00eda de Pamplona\",\"image\":{\"@type\":\"ImageObject\",\"inLanguage\":\"es\",\"@id\":\"https:\\\/\\\/secure.gravatar.com\\\/avatar\\\/b6992f131dc8d30ab0dff15446e9d346d9dbd95992de0fef795073f5ea83a81c?s=96&d=mm&r=g\",\"url\":\"https:\\\/\\\/secure.gravatar.com\\\/avatar\\\/b6992f131dc8d30ab0dff15446e9d346d9dbd95992de0fef795073f5ea83a81c?s=96&d=mm&r=g\",\"contentUrl\":\"https:\\\/\\\/secure.gravatar.com\\\/avatar\\\/b6992f131dc8d30ab0dff15446e9d346d9dbd95992de0fef795073f5ea83a81c?s=96&d=mm&r=g\",\"caption\":\"La Gu\u00eda de Pamplona\"}}]}<\/script>\n<!-- \/ Yoast SEO plugin. -->","yoast_head_json":{"title":"El alcalde recibe al productor cinematogr\u00e1fico Gerardo Herrero, que se encuentra inmerso en el rodaje en Pamplona de \u2018El comensal\u2019","description":"Acompa\u00f1ado por el presidente de la CEN, Jos\u00e9 Miguel Sucunza, ha presentado al alcalde algunos de los proyectos en los que est\u00e1 inmerso","robots":{"index":"index","follow":"follow","max-snippet":"max-snippet:-1","max-image-preview":"max-image-preview:large","max-video-preview":"max-video-preview:-1"},"canonical":"https:\/\/www.laguiadepamplona.com\/actualidad\/el-alcalde-recibe-al-productor-cinematografico-gerardo-herrero-que-se-encuentra-inmerso-en-el-rodaje-en-pamplona-de-el-comensal\/","og_locale":"es_ES","og_type":"article","og_title":"El alcalde recibe al productor cinematogr\u00e1fico Gerardo Herrero, que se encuentra inmerso en el rodaje en Pamplona de \u2018El comensal\u2019","og_description":"Acompa\u00f1ado por el presidente de la CEN, Jos\u00e9 Miguel Sucunza, ha presentado al alcalde algunos de los proyectos en los que est\u00e1 inmerso","og_url":"https:\/\/www.laguiadepamplona.com\/actualidad\/el-alcalde-recibe-al-productor-cinematografico-gerardo-herrero-que-se-encuentra-inmerso-en-el-rodaje-en-pamplona-de-el-comensal\/","og_site_name":"La Gu\u00eda de Pamplona","article_publisher":"https:\/\/www.facebook.com\/laguiadepamplonacom-133175176762273\/?ref=hl","article_published_time":"2021-06-04T15:57:53+00:00","article_modified_time":"2023-04-11T09:49:27+00:00","og_image":[{"width":1920,"height":1280,"url":"https:\/\/www.laguiadepamplona.com\/actualidad\/wp-content\/uploads\/2021\/06\/director_cine_gerardo_herrero_ee5a0649.jpg","type":"image\/jpeg"}],"author":"La Gu\u00eda de Pamplona","twitter_card":"summary_large_image","twitter_creator":"@LaGuiadPamplona","twitter_site":"@LaGuiadPamplona","twitter_misc":{"Escrito por":"La Gu\u00eda de Pamplona","Tiempo de lectura":"2 minutos"},"schema":{"@context":"https:\/\/schema.org","@graph":[{"@type":"Article","@id":"https:\/\/www.laguiadepamplona.com\/actualidad\/el-alcalde-recibe-al-productor-cinematografico-gerardo-herrero-que-se-encuentra-inmerso-en-el-rodaje-en-pamplona-de-el-comensal\/#article","isPartOf":{"@id":"https:\/\/www.laguiadepamplona.com\/actualidad\/el-alcalde-recibe-al-productor-cinematografico-gerardo-herrero-que-se-encuentra-inmerso-en-el-rodaje-en-pamplona-de-el-comensal\/"},"author":{"name":"La Gu\u00eda de Pamplona","@id":"https:\/\/www.laguiadepamplona.com\/actualidad\/#\/schema\/person\/efe887376f0213d4657c93adc50b1fdb"},"headline":"El alcalde recibe al productor cinematogr\u00e1fico Gerardo Herrero, que se encuentra inmerso en el rodaje en Pamplona de \u2018El comensal\u2019","datePublished":"2021-06-04T15:57:53+00:00","dateModified":"2023-04-11T09:49:27+00:00","mainEntityOfPage":{"@id":"https:\/\/www.laguiadepamplona.com\/actualidad\/el-alcalde-recibe-al-productor-cinematografico-gerardo-herrero-que-se-encuentra-inmerso-en-el-rodaje-en-pamplona-de-el-comensal\/"},"wordCount":362,"commentCount":0,"publisher":{"@id":"https:\/\/www.laguiadepamplona.com\/actualidad\/#organization"},"image":{"@id":"https:\/\/www.laguiadepamplona.com\/actualidad\/el-alcalde-recibe-al-productor-cinematografico-gerardo-herrero-que-se-encuentra-inmerso-en-el-rodaje-en-pamplona-de-el-comensal\/#primaryimage"},"thumbnailUrl":"https:\/\/www.laguiadepamplona.com\/actualidad\/wp-content\/uploads\/2021\/06\/director_cine_gerardo_herrero_ee5a0649.jpg","articleSection":["Ayto Pamplona"],"inLanguage":"es","potentialAction":[{"@type":"CommentAction","name":"Comment","target":["https:\/\/www.laguiadepamplona.com\/actualidad\/el-alcalde-recibe-al-productor-cinematografico-gerardo-herrero-que-se-encuentra-inmerso-en-el-rodaje-en-pamplona-de-el-comensal\/#respond"]}]},{"@type":"WebPage","@id":"https:\/\/www.laguiadepamplona.com\/actualidad\/el-alcalde-recibe-al-productor-cinematografico-gerardo-herrero-que-se-encuentra-inmerso-en-el-rodaje-en-pamplona-de-el-comensal\/","url":"https:\/\/www.laguiadepamplona.com\/actualidad\/el-alcalde-recibe-al-productor-cinematografico-gerardo-herrero-que-se-encuentra-inmerso-en-el-rodaje-en-pamplona-de-el-comensal\/","name":"El alcalde recibe al productor cinematogr\u00e1fico Gerardo Herrero, que se encuentra inmerso en el rodaje en Pamplona de \u2018El comensal\u2019","isPartOf":{"@id":"https:\/\/www.laguiadepamplona.com\/actualidad\/#website"},"primaryImageOfPage":{"@id":"https:\/\/www.laguiadepamplona.com\/actualidad\/el-alcalde-recibe-al-productor-cinematografico-gerardo-herrero-que-se-encuentra-inmerso-en-el-rodaje-en-pamplona-de-el-comensal\/#primaryimage"},"image":{"@id":"https:\/\/www.laguiadepamplona.com\/actualidad\/el-alcalde-recibe-al-productor-cinematografico-gerardo-herrero-que-se-encuentra-inmerso-en-el-rodaje-en-pamplona-de-el-comensal\/#primaryimage"},"thumbnailUrl":"https:\/\/www.laguiadepamplona.com\/actualidad\/wp-content\/uploads\/2021\/06\/director_cine_gerardo_herrero_ee5a0649.jpg","datePublished":"2021-06-04T15:57:53+00:00","dateModified":"2023-04-11T09:49:27+00:00","description":"Acompa\u00f1ado por el presidente de la CEN, Jos\u00e9 Miguel Sucunza, ha presentado al alcalde algunos de los proyectos en los que est\u00e1 inmerso","breadcrumb":{"@id":"https:\/\/www.laguiadepamplona.com\/actualidad\/el-alcalde-recibe-al-productor-cinematografico-gerardo-herrero-que-se-encuentra-inmerso-en-el-rodaje-en-pamplona-de-el-comensal\/#breadcrumb"},"inLanguage":"es","potentialAction":[{"@type":"ReadAction","target":["https:\/\/www.laguiadepamplona.com\/actualidad\/el-alcalde-recibe-al-productor-cinematografico-gerardo-herrero-que-se-encuentra-inmerso-en-el-rodaje-en-pamplona-de-el-comensal\/"]}]},{"@type":"ImageObject","inLanguage":"es","@id":"https:\/\/www.laguiadepamplona.com\/actualidad\/el-alcalde-recibe-al-productor-cinematografico-gerardo-herrero-que-se-encuentra-inmerso-en-el-rodaje-en-pamplona-de-el-comensal\/#primaryimage","url":"https:\/\/www.laguiadepamplona.com\/actualidad\/wp-content\/uploads\/2021\/06\/director_cine_gerardo_herrero_ee5a0649.jpg","contentUrl":"https:\/\/www.laguiadepamplona.com\/actualidad\/wp-content\/uploads\/2021\/06\/director_cine_gerardo_herrero_ee5a0649.jpg","width":1920,"height":1280},{"@type":"BreadcrumbList","@id":"https:\/\/www.laguiadepamplona.com\/actualidad\/el-alcalde-recibe-al-productor-cinematografico-gerardo-herrero-que-se-encuentra-inmerso-en-el-rodaje-en-pamplona-de-el-comensal\/#breadcrumb","itemListElement":[{"@type":"ListItem","position":1,"name":"Portada","item":"https:\/\/www.laguiadepamplona.com\/actualidad\/"},{"@type":"ListItem","position":2,"name":"El alcalde recibe al productor cinematogr\u00e1fico Gerardo Herrero, que se encuentra inmerso en el rodaje en Pamplona de \u2018El comensal\u2019"}]},{"@type":"WebSite","@id":"https:\/\/www.laguiadepamplona.com\/actualidad\/#website","url":"https:\/\/www.laguiadepamplona.com\/actualidad\/","name":"La gu\u00eda de Pamplona","description":"Noticias de Pamplona","publisher":{"@id":"https:\/\/www.laguiadepamplona.com\/actualidad\/#organization"},"potentialAction":[{"@type":"SearchAction","target":{"@type":"EntryPoint","urlTemplate":"https:\/\/www.laguiadepamplona.com\/actualidad\/?s={search_term_string}"},"query-input":{"@type":"PropertyValueSpecification","valueRequired":true,"valueName":"search_term_string"}}],"inLanguage":"es"},{"@type":"Organization","@id":"https:\/\/www.laguiadepamplona.com\/actualidad\/#organization","name":"La Gu\u00eda de Pamplona \/ Noticias","url":"https:\/\/www.laguiadepamplona.com\/actualidad\/","logo":{"@type":"ImageObject","inLanguage":"es","@id":"https:\/\/www.laguiadepamplona.com\/actualidad\/#\/schema\/logo\/image\/","url":"https:\/\/www.laguiadepamplona.com\/actualidad\/wp-content\/uploads\/2018\/11\/logo-laguiadepamplona18-web1.png","contentUrl":"https:\/\/www.laguiadepamplona.com\/actualidad\/wp-content\/uploads\/2018\/11\/logo-laguiadepamplona18-web1.png","width":600,"height":196,"caption":"La Gu\u00eda de Pamplona \/ Noticias"},"image":{"@id":"https:\/\/www.laguiadepamplona.com\/actualidad\/#\/schema\/logo\/image\/"},"sameAs":["https:\/\/www.facebook.com\/laguiadepamplonacom-133175176762273\/?ref=hl","https:\/\/x.com\/LaGuiadPamplona","https:\/\/www.instagram.com\/la_guia_de_pamplona\/","https:\/\/www.youtube.com\/user\/laguiadepamplona"]},{"@type":"Person","@id":"https:\/\/www.laguiadepamplona.com\/actualidad\/#\/schema\/person\/efe887376f0213d4657c93adc50b1fdb","name":"La Gu\u00eda de Pamplona","image":{"@type":"ImageObject","inLanguage":"es","@id":"https:\/\/secure.gravatar.com\/avatar\/b6992f131dc8d30ab0dff15446e9d346d9dbd95992de0fef795073f5ea83a81c?s=96&d=mm&r=g","url":"https:\/\/secure.gravatar.com\/avatar\/b6992f131dc8d30ab0dff15446e9d346d9dbd95992de0fef795073f5ea83a81c?s=96&d=mm&r=g","contentUrl":"https:\/\/secure.gravatar.com\/avatar\/b6992f131dc8d30ab0dff15446e9d346d9dbd95992de0fef795073f5ea83a81c?s=96&d=mm&r=g","caption":"La Gu\u00eda de Pamplona"}}]}},"post_mailing_queue_ids":[],"_links":{"self":[{"href":"https:\/\/www.laguiadepamplona.com\/actualidad\/wp-json\/wp\/v2\/posts\/35271","targetHints":{"allow":["GET"]}}],"collection":[{"href":"https:\/\/www.laguiadepamplona.com\/actualidad\/wp-json\/wp\/v2\/posts"}],"about":[{"href":"https:\/\/www.laguiadepamplona.com\/actualidad\/wp-json\/wp\/v2\/types\/post"}],"author":[{"embeddable":true,"href":"https:\/\/www.laguiadepamplona.com\/actualidad\/wp-json\/wp\/v2\/users\/1"}],"replies":[{"embeddable":true,"href":"https:\/\/www.laguiadepamplona.com\/actualidad\/wp-json\/wp\/v2\/comments?post=35271"}],"version-history":[{"count":0,"href":"https:\/\/www.laguiadepamplona.com\/actualidad\/wp-json\/wp\/v2\/posts\/35271\/revisions"}],"wp:featuredmedia":[{"embeddable":true,"href":"https:\/\/www.laguiadepamplona.com\/actualidad\/wp-json\/wp\/v2\/media\/35272"}],"wp:attachment":[{"href":"https:\/\/www.laguiadepamplona.com\/actualidad\/wp-json\/wp\/v2\/media?parent=35271"}],"wp:term":[{"taxonomy":"category","embeddable":true,"href":"https:\/\/www.laguiadepamplona.com\/actualidad\/wp-json\/wp\/v2\/categories?post=35271"},{"taxonomy":"post_tag","embeddable":true,"href":"https:\/\/www.laguiadepamplona.com\/actualidad\/wp-json\/wp\/v2\/tags?post=35271"}],"curies":[{"name":"wp","href":"https:\/\/api.w.org\/{rel}","templated":true}]}}