{"id":35267,"date":"2021-06-04T17:54:43","date_gmt":"2021-06-04T15:54:43","guid":{"rendered":"https:\/\/www.laguiadepamplona.com\/actualidad\/?p=35267"},"modified":"2023-04-11T11:49:27","modified_gmt":"2023-04-11T09:49:27","slug":"entregados-los-xx-premios-tomas-belzunegui-que-reconocen-trabajos-literarios-periodisticos-y-universitarios-que-divulgan-una-imagen-positiva-de-las-personas-mayores","status":"publish","type":"post","link":"https:\/\/www.laguiadepamplona.com\/actualidad\/entregados-los-xx-premios-tomas-belzunegui-que-reconocen-trabajos-literarios-periodisticos-y-universitarios-que-divulgan-una-imagen-positiva-de-las-personas-mayores\/","title":{"rendered":"Entregados los XX Premios Tom\u00e1s Belzunegui, que reconocen trabajos literarios, period\u00edsticos y universitarios que divulgan una imagen positiva de las personas mayores"},"content":{"rendered":"<h5>Se han otorgado 7 premios y 3 acc\u00e9sits, en una edici\u00f3n dedicada las personas mayores, a las v\u00edctimas del COVID y al personal de servicios esenciales<\/h5>\n<p><!--more--><\/p>\n<div id='gallery-1' class='gallery galleryid-35267 gallery-columns-2 gallery-size-medium'><figure class='gallery-item'>\n\t\t\t<div class='gallery-icon landscape'>\n\t\t\t\t<a href='https:\/\/www.laguiadepamplona.com\/actualidad\/wp-content\/uploads\/2021\/06\/Entregados-los-XX-Premios-Tomas-Belzunegui1.jpg'><img loading=\"lazy\" decoding=\"async\" width=\"450\" height=\"300\" src=\"https:\/\/www.laguiadepamplona.com\/actualidad\/wp-content\/uploads\/2021\/06\/Entregados-los-XX-Premios-Tomas-Belzunegui1-450x300.jpg\" class=\"attachment-medium size-medium\" alt=\"\" aria-describedby=\"gallery-1-35268\" srcset=\"https:\/\/www.laguiadepamplona.com\/actualidad\/wp-content\/uploads\/2021\/06\/Entregados-los-XX-Premios-Tomas-Belzunegui1-450x300.jpg 450w, https:\/\/www.laguiadepamplona.com\/actualidad\/wp-content\/uploads\/2021\/06\/Entregados-los-XX-Premios-Tomas-Belzunegui1-1024x682.jpg 1024w, https:\/\/www.laguiadepamplona.com\/actualidad\/wp-content\/uploads\/2021\/06\/Entregados-los-XX-Premios-Tomas-Belzunegui1-768x512.jpg 768w, https:\/\/www.laguiadepamplona.com\/actualidad\/wp-content\/uploads\/2021\/06\/Entregados-los-XX-Premios-Tomas-Belzunegui1-1536x1024.jpg 1536w, https:\/\/www.laguiadepamplona.com\/actualidad\/wp-content\/uploads\/2021\/06\/Entregados-los-XX-Premios-Tomas-Belzunegui1-640x427.jpg 640w, https:\/\/www.laguiadepamplona.com\/actualidad\/wp-content\/uploads\/2021\/06\/Entregados-los-XX-Premios-Tomas-Belzunegui1.jpg 1920w\" sizes=\"auto, (max-width: 450px) 100vw, 450px\" \/><\/a>\n\t\t\t<\/div>\n\t\t\t\t<figcaption class='wp-caption-text gallery-caption' id='gallery-1-35268'>\n\t\t\t\tA: Jes\u00fas Caso\nF: 04.06.2021\nP: \nL: Pamplona. \nT: Entrega de los premios Tom\u00e1s Belzunegui. Condestable.\n\t\t\t\t<\/figcaption><\/figure><figure class='gallery-item'>\n\t\t\t<div class='gallery-icon landscape'>\n\t\t\t\t<a href='https:\/\/www.laguiadepamplona.com\/actualidad\/wp-content\/uploads\/2021\/06\/Entregados-los-XX-Premios-Tomas-Belzunegui2.jpg'><img loading=\"lazy\" decoding=\"async\" width=\"450\" height=\"300\" src=\"https:\/\/www.laguiadepamplona.com\/actualidad\/wp-content\/uploads\/2021\/06\/Entregados-los-XX-Premios-Tomas-Belzunegui2-450x300.jpg\" class=\"attachment-medium size-medium\" alt=\"\" aria-describedby=\"gallery-1-35269\" srcset=\"https:\/\/www.laguiadepamplona.com\/actualidad\/wp-content\/uploads\/2021\/06\/Entregados-los-XX-Premios-Tomas-Belzunegui2-450x300.jpg 450w, https:\/\/www.laguiadepamplona.com\/actualidad\/wp-content\/uploads\/2021\/06\/Entregados-los-XX-Premios-Tomas-Belzunegui2-1024x682.jpg 1024w, https:\/\/www.laguiadepamplona.com\/actualidad\/wp-content\/uploads\/2021\/06\/Entregados-los-XX-Premios-Tomas-Belzunegui2-768x512.jpg 768w, https:\/\/www.laguiadepamplona.com\/actualidad\/wp-content\/uploads\/2021\/06\/Entregados-los-XX-Premios-Tomas-Belzunegui2-1536x1024.jpg 1536w, https:\/\/www.laguiadepamplona.com\/actualidad\/wp-content\/uploads\/2021\/06\/Entregados-los-XX-Premios-Tomas-Belzunegui2-640x427.jpg 640w, https:\/\/www.laguiadepamplona.com\/actualidad\/wp-content\/uploads\/2021\/06\/Entregados-los-XX-Premios-Tomas-Belzunegui2.jpg 1920w\" sizes=\"auto, (max-width: 450px) 100vw, 450px\" \/><\/a>\n\t\t\t<\/div>\n\t\t\t\t<figcaption class='wp-caption-text gallery-caption' id='gallery-1-35269'>\n\t\t\t\tA: Jes\u00fas Caso\nF: 04.06.2021\nP: \nL: Pamplona. \nT: Entrega de los premios Tom\u00e1s Belzunegui. Condestable.\n\t\t\t\t<\/figcaption><\/figure>\n\t\t<\/div>\n\n<p>El Palacio del Condestable ha acogido esta ma\u00f1ana la entrega de los XX Premios Tom\u00e1s Belzunegui, organizados por la Sociedad Navarra de Geriatr\u00eda y Gerontolog\u00eda de Navarra. Estos premios recuerdan a Tom\u00e1s Belzunegui Sarasa, doctor que fund\u00f3 con el apoyo y la ayuda del doctor Joaqu\u00edn Pe\u00f1alba, el Servicio de Geriatr\u00eda del Hospital de Navarra en 1980. Premian y reconocen la promoci\u00f3n y divulgaci\u00f3n, a trav\u00e9s de la literatura, el periodismo, las relaciones intergeneracionales y la educaci\u00f3n, de una imagen positiva de las personas mayores.<\/p>\n<p>El alcalde de Pamplona, Enrique Maya, la presidenta de la Sociedad Navarra de Geriatr\u00eda y Gerontolog\u00eda, Teresa Marcell\u00e1n, la subdirectora de la Agencia Navarra de ADP, Olga Sala y el presidente de la Asociaci\u00f3n de Periodistas de Navarra, Francisco P\u00e9rez, han sido los encargados de entregar los siete premios y los tres acc\u00e9sits otorgados en las diferentes modalidades convocadas en estos premios Tom\u00e1s Belzunegui. Esta edici\u00f3n especial est\u00e1 dedicada a las personas mayores y otras v\u00edctimas de la COVID-19 y en agradecimiento a los profesionales de los servicios esenciales.<\/p>\n<p>Los premios cuentan, adem\u00e1s, con la colaboraci\u00f3n del Ayuntamiento de Pamplona, el Gobierno de Navarra, la Asociaci\u00f3n de Periodistas de Navarra, Bilaketa, la Universidad P\u00fablica de Navarra, la Universidad de Navarra, UNED Pamplona, Centro Navarro de la Audici\u00f3n y Diario de Navarra. El Premio Tom\u00e1s Belzunegui est\u00e1 patrocinado por la Obra Social \u201dLa Caixa\u201d.<\/p>\n<p><script async src=\"\/\/pagead2.googlesyndication.com\/pagead\/js\/adsbygoogle.js\"><\/script><br \/>\n<!-- Noticias La Guia de Pamplona --><br \/>\n<ins class=\"adsbygoogle\"\nstyle=\"display:block\"\ndata-ad-client=\"ca-pub-6943679897239327\"\ndata-ad-slot=\"7048180777\"\ndata-ad-format=\"auto\"><\/ins><br \/>\n<script>\n(adsbygoogle = window.adsbygoogle || []).push({});\n<\/script><\/p>\n<p><strong>Relatos y trabajos period\u00edsticos<\/strong><\/p>\n<p>Una primera modalidad premia relatos cortos literarios in\u00e9ditos que fomenten la imagen positiva de las personas mayores, sin estereotipos ni prejuicios, en una sociedad intergeneracional, en categor\u00eda abierta y en categor\u00eda senior. El galard\u00f3n en categor\u00eda abierta se le ha concedido a Jos\u00e9 Murugarren Leoz por su relato \u2018La mujer que aprendi\u00f3 del coronavirus\u2019. Consiste en un premio en met\u00e1lico de 300 y la publicaci\u00f3n del texto en la revista \u2018Cuadernos Gerontol\u00f3gicos. Se ha otorgado un acc\u00e9sit a Nuria Alguacil Morales por su relato \u2018La ardilla Buti\u2019.<\/p>\n<p>En la categor\u00eda senior, dirigida a mayores de 60 a\u00f1os residentes en Navarra, el premio, dotado con 300 euros y la publicaci\u00f3n del texto, ha sido para Alberto Oroz Valencia por su relato \u2018Mi amigo Fernando\u2019. Tambi\u00e9n se ha concedido un acc\u00e9sit a Mar\u00eda Elena Oliva G\u00f3mez por su relato \u2018Piensa, sue\u00f1a, atr\u00e9vete\u2019.<\/p>\n<p>En la modalidad de trabajos period\u00edsticos se ha reconocido el art\u00edculo \u2018June me ha salvado la vida\u2019, escrito por Mar\u00eda Luz Vicondoa. Podr\u00edan concurrir a esta modalidad, trabajos period\u00edsticos en cualquiera de sus g\u00e9neros, que versaran sobre las personas mayores y\/o las relaciones intergeneracionales, publicados en medios de comunicaci\u00f3n navarros impresos o digitales. Se han otorgado un acc\u00e9sit a Patricia Carballo por su art\u00edculo \u2018Abaurrea Alta, vivencias en blanco y negro\u2019.<\/p>\n<p><script async src=\"\/\/pagead2.googlesyndication.com\/pagead\/js\/adsbygoogle.js\"><\/script><br \/>\n<!-- Noticias La Guia de Pamplona --><br \/>\n<ins class=\"adsbygoogle\"\nstyle=\"display:block\"\ndata-ad-client=\"ca-pub-6943679897239327\"\ndata-ad-slot=\"7048180777\"\ndata-ad-format=\"auto\"><\/ins><br \/>\n<script>\n(adsbygoogle = window.adsbygoogle || []).push({});\n<\/script><\/p>\n<p><strong>Actividades intergeneracionales y trabajos universitarios<\/strong><\/p>\n<p>En la modalidad de \u2018Actividades intergeneracionales\u2019, el premio ha reca\u00eddo en el IES Mendillorri, por su programa \u2018Vetera cum novis\u2019. Esta modalidad busca reconocer actividades intergeneracionales realizadas entre personas mayores de 60 a\u00f1os y menores de 18 a\u00f1os. Debido al confinamiento del pasado a\u00f1o por la COVID-19, tambi\u00e9n se pod\u00edan presentar actividades realizadas de forma virtual. El premio es un vale regalo canjeable por material inform\u00e1tico, adem\u00e1s de la publicaci\u00f3n de la memoria del proyecto en la revista Cuadernos Gerontol\u00f3gicos.<\/p>\n<p>La cuarta y \u00faltima modalidad estaba centrada en la universidad, en tesis de Doctorado, en trabajos de M\u00e1ster y en trabajos de Grado, que trataran sobre el fen\u00f3meno individual y social del envejecimiento. Se ha premiado a Soledad Lor\u00e9s (Universidad de Zaragoza) por su tesis doctoral, a Laura Lirio (Universidad de Lleida) por su trabajo de fin de Grado y a Gloria Alicia Cavia (Universidad de Navarra) por su trabajo fin de M\u00e1ster. Todas ellas han obtenido una beca\/ayuda para inscribirse en un Congreso de Geriatr\u00eda y Gerontolog\u00eda auton\u00f3mico o nacional, que se celebre este a\u00f1o, as\u00ed como la publicaci\u00f3n de su trabajo en la revista Cuadernos Gerontol\u00f3gicos.<\/p>\n<p><script async src=\"\/\/pagead2.googlesyndication.com\/pagead\/js\/adsbygoogle.js\"><\/script><br \/>\n<!-- Noticias La Guia de Pamplona --><br \/>\n<ins class=\"adsbygoogle\"\nstyle=\"display:block\"\ndata-ad-client=\"ca-pub-6943679897239327\"\ndata-ad-slot=\"7048180777\"\ndata-ad-format=\"auto\"><\/ins><br \/>\n<script>\n(adsbygoogle = window.adsbygoogle || []).push({});\n<\/script><\/p>\n<p>&nbsp;<\/p>\n<h3>XX Premios Tom\u00e1s Belzunegui<\/h3>\n<ul>\n<li><span style=\"color: #ff0000;\"><strong><u>MODALIDAD RELATO CORTO<\/u><\/strong><\/span><\/li>\n<li><u>Convocatoria abierta<\/u>\n<ul>\n<li>Premio: Jos\u00e9 Murugarren Leoz, por su relato \u2018La mujer que aprendi\u00f3 del coronavirus\u2019<\/li>\n<li>Acc\u00e9sit: Nuria Alguacil Morales, por su relato \u2018La ardilla Buti\u2019<\/li>\n<\/ul>\n<\/li>\n<li><u>Senior<\/u>\n<ul>\n<li>Premio: Alberto Oroz Valencia, por su relato \u2018Mi amigo Fernando\u2019<\/li>\n<li>Acc\u00e9sit: Mar\u00eda Elena Oliva G\u00f3mez, por su relato \u2018Piensa, sue\u00f1a, atr\u00e9vete\u2019<\/li>\n<\/ul>\n<\/li>\n<li><span style=\"color: #ff0000;\"><strong><u>MODALIDAD PERIODISMO ESCRITO<\/u><\/strong><\/span>\n<ul>\n<li>Premio: Mar\u00eda Luz Vicondoa, por su art\u00edculo \u2018June me ha salvado la vida\u2019<\/li>\n<li>Acc\u00e9sit: Patricia Carballo, por su art\u00edculo \u2018Abaurrea Alta, vivencias en blanco y negro\u2019<\/li>\n<\/ul>\n<\/li>\n<li><strong><span style=\"color: #ff0000;\"><u>MODALIDAD ACTIVIDADES INTERGENERACIONALES<\/u><\/span><\/strong>\n<ul>\n<li>Premio: IES Mendillorri de Pamplona, por su actividad intergeneracional \u2018Vetera cum novis\u2019<\/li>\n<\/ul>\n<\/li>\n<li><span style=\"color: #ff0000;\"><strong><u>MODALIDAD UNIVERSIDAD<\/u><\/strong><\/span>\n<ul>\n<li>Tesis Doctoral: Soledad Lor\u00e9s (Universidad de Zaragoza)<\/li>\n<li>TFG: Laura Lirio (Universidad de Lleida)<\/li>\n<li>TFM: Gloria Alicia Cavia (Universidad de Navarra)<\/li>\n<\/ul>\n<\/li>\n<\/ul>\n","protected":false},"excerpt":{"rendered":"<p>Se han otorgado 7 premios y 3 acc\u00e9sits, en una edici\u00f3n dedicada las personas mayores, a las v\u00edctimas del COVID y al personal de servicios esenciales<\/p>\n","protected":false},"author":1,"featured_media":35269,"comment_status":"open","ping_status":"closed","sticky":false,"template":"","format":"standard","meta":{"footnotes":""},"categories":[2],"tags":[],"class_list":["post-35267","post","type-post","status-publish","format-standard","has-post-thumbnail","hentry","category-ayuntamiento-pamplona"],"yoast_head":"<!-- This site is optimized with the Yoast SEO plugin v27.3 - https:\/\/yoast.com\/product\/yoast-seo-wordpress\/ -->\n<title>Entregados los XX Premios Tom\u00e1s Belzunegui, que reconocen trabajos literarios, period\u00edsticos y universitarios que divulgan una imagen positiva de las personas mayores<\/title>\n<meta name=\"description\" content=\"Se han otorgado 7 premios y 3 acc\u00e9sits, en una edici\u00f3n dedicada las personas mayores, a las v\u00edctimas del COVID y al personal de servicios esenciales\" \/>\n<meta name=\"robots\" content=\"index, follow, max-snippet:-1, max-image-preview:large, max-video-preview:-1\" \/>\n<link rel=\"canonical\" href=\"https:\/\/www.laguiadepamplona.com\/actualidad\/entregados-los-xx-premios-tomas-belzunegui-que-reconocen-trabajos-literarios-periodisticos-y-universitarios-que-divulgan-una-imagen-positiva-de-las-personas-mayores\/\" \/>\n<meta property=\"og:locale\" content=\"es_ES\" \/>\n<meta property=\"og:type\" content=\"article\" \/>\n<meta property=\"og:title\" content=\"Entregados los XX Premios Tom\u00e1s Belzunegui, que reconocen trabajos literarios, period\u00edsticos y universitarios que divulgan una imagen positiva de las personas mayores\" \/>\n<meta property=\"og:description\" content=\"Se han otorgado 7 premios y 3 acc\u00e9sits, en una edici\u00f3n dedicada las personas mayores, a las v\u00edctimas del COVID y al personal de servicios esenciales\" \/>\n<meta property=\"og:url\" content=\"https:\/\/www.laguiadepamplona.com\/actualidad\/entregados-los-xx-premios-tomas-belzunegui-que-reconocen-trabajos-literarios-periodisticos-y-universitarios-que-divulgan-una-imagen-positiva-de-las-personas-mayores\/\" \/>\n<meta property=\"og:site_name\" content=\"La Gu\u00eda de Pamplona\" \/>\n<meta property=\"article:publisher\" content=\"https:\/\/www.facebook.com\/laguiadepamplonacom-133175176762273\/?ref=hl\" \/>\n<meta property=\"article:published_time\" content=\"2021-06-04T15:54:43+00:00\" \/>\n<meta property=\"article:modified_time\" content=\"2023-04-11T09:49:27+00:00\" \/>\n<meta property=\"og:image\" content=\"https:\/\/www.laguiadepamplona.com\/actualidad\/wp-content\/uploads\/2021\/06\/Entregados-los-XX-Premios-Tomas-Belzunegui2.jpg\" \/>\n\t<meta property=\"og:image:width\" content=\"1920\" \/>\n\t<meta property=\"og:image:height\" content=\"1280\" \/>\n\t<meta property=\"og:image:type\" content=\"image\/jpeg\" \/>\n<meta name=\"author\" content=\"La Gu\u00eda de Pamplona\" \/>\n<meta name=\"twitter:card\" content=\"summary_large_image\" \/>\n<meta name=\"twitter:creator\" content=\"@LaGuiadPamplona\" \/>\n<meta name=\"twitter:site\" content=\"@LaGuiadPamplona\" \/>\n<meta name=\"twitter:label1\" content=\"Escrito por\" \/>\n\t<meta name=\"twitter:data1\" content=\"La Gu\u00eda de Pamplona\" \/>\n\t<meta name=\"twitter:label2\" content=\"Tiempo de lectura\" \/>\n\t<meta name=\"twitter:data2\" content=\"4 minutos\" \/>\n<script type=\"application\/ld+json\" class=\"yoast-schema-graph\">{\"@context\":\"https:\\\/\\\/schema.org\",\"@graph\":[{\"@type\":\"Article\",\"@id\":\"https:\\\/\\\/www.laguiadepamplona.com\\\/actualidad\\\/entregados-los-xx-premios-tomas-belzunegui-que-reconocen-trabajos-literarios-periodisticos-y-universitarios-que-divulgan-una-imagen-positiva-de-las-personas-mayores\\\/#article\",\"isPartOf\":{\"@id\":\"https:\\\/\\\/www.laguiadepamplona.com\\\/actualidad\\\/entregados-los-xx-premios-tomas-belzunegui-que-reconocen-trabajos-literarios-periodisticos-y-universitarios-que-divulgan-una-imagen-positiva-de-las-personas-mayores\\\/\"},\"author\":{\"name\":\"La Gu\u00eda de Pamplona\",\"@id\":\"https:\\\/\\\/www.laguiadepamplona.com\\\/actualidad\\\/#\\\/schema\\\/person\\\/efe887376f0213d4657c93adc50b1fdb\"},\"headline\":\"Entregados los XX Premios Tom\u00e1s Belzunegui, que reconocen trabajos literarios, period\u00edsticos y universitarios que divulgan una imagen positiva de las personas mayores\",\"datePublished\":\"2021-06-04T15:54:43+00:00\",\"dateModified\":\"2023-04-11T09:49:27+00:00\",\"mainEntityOfPage\":{\"@id\":\"https:\\\/\\\/www.laguiadepamplona.com\\\/actualidad\\\/entregados-los-xx-premios-tomas-belzunegui-que-reconocen-trabajos-literarios-periodisticos-y-universitarios-que-divulgan-una-imagen-positiva-de-las-personas-mayores\\\/\"},\"wordCount\":898,\"commentCount\":0,\"publisher\":{\"@id\":\"https:\\\/\\\/www.laguiadepamplona.com\\\/actualidad\\\/#organization\"},\"image\":{\"@id\":\"https:\\\/\\\/www.laguiadepamplona.com\\\/actualidad\\\/entregados-los-xx-premios-tomas-belzunegui-que-reconocen-trabajos-literarios-periodisticos-y-universitarios-que-divulgan-una-imagen-positiva-de-las-personas-mayores\\\/#primaryimage\"},\"thumbnailUrl\":\"https:\\\/\\\/www.laguiadepamplona.com\\\/actualidad\\\/wp-content\\\/uploads\\\/2021\\\/06\\\/Entregados-los-XX-Premios-Tomas-Belzunegui2.jpg\",\"articleSection\":[\"Ayto Pamplona\"],\"inLanguage\":\"es\",\"potentialAction\":[{\"@type\":\"CommentAction\",\"name\":\"Comment\",\"target\":[\"https:\\\/\\\/www.laguiadepamplona.com\\\/actualidad\\\/entregados-los-xx-premios-tomas-belzunegui-que-reconocen-trabajos-literarios-periodisticos-y-universitarios-que-divulgan-una-imagen-positiva-de-las-personas-mayores\\\/#respond\"]}]},{\"@type\":\"WebPage\",\"@id\":\"https:\\\/\\\/www.laguiadepamplona.com\\\/actualidad\\\/entregados-los-xx-premios-tomas-belzunegui-que-reconocen-trabajos-literarios-periodisticos-y-universitarios-que-divulgan-una-imagen-positiva-de-las-personas-mayores\\\/\",\"url\":\"https:\\\/\\\/www.laguiadepamplona.com\\\/actualidad\\\/entregados-los-xx-premios-tomas-belzunegui-que-reconocen-trabajos-literarios-periodisticos-y-universitarios-que-divulgan-una-imagen-positiva-de-las-personas-mayores\\\/\",\"name\":\"Entregados los XX Premios Tom\u00e1s Belzunegui, que reconocen trabajos literarios, period\u00edsticos y universitarios que divulgan una imagen positiva de las personas mayores\",\"isPartOf\":{\"@id\":\"https:\\\/\\\/www.laguiadepamplona.com\\\/actualidad\\\/#website\"},\"primaryImageOfPage\":{\"@id\":\"https:\\\/\\\/www.laguiadepamplona.com\\\/actualidad\\\/entregados-los-xx-premios-tomas-belzunegui-que-reconocen-trabajos-literarios-periodisticos-y-universitarios-que-divulgan-una-imagen-positiva-de-las-personas-mayores\\\/#primaryimage\"},\"image\":{\"@id\":\"https:\\\/\\\/www.laguiadepamplona.com\\\/actualidad\\\/entregados-los-xx-premios-tomas-belzunegui-que-reconocen-trabajos-literarios-periodisticos-y-universitarios-que-divulgan-una-imagen-positiva-de-las-personas-mayores\\\/#primaryimage\"},\"thumbnailUrl\":\"https:\\\/\\\/www.laguiadepamplona.com\\\/actualidad\\\/wp-content\\\/uploads\\\/2021\\\/06\\\/Entregados-los-XX-Premios-Tomas-Belzunegui2.jpg\",\"datePublished\":\"2021-06-04T15:54:43+00:00\",\"dateModified\":\"2023-04-11T09:49:27+00:00\",\"description\":\"Se han otorgado 7 premios y 3 acc\u00e9sits, en una edici\u00f3n dedicada las personas mayores, a las v\u00edctimas del COVID y al personal de servicios esenciales\",\"breadcrumb\":{\"@id\":\"https:\\\/\\\/www.laguiadepamplona.com\\\/actualidad\\\/entregados-los-xx-premios-tomas-belzunegui-que-reconocen-trabajos-literarios-periodisticos-y-universitarios-que-divulgan-una-imagen-positiva-de-las-personas-mayores\\\/#breadcrumb\"},\"inLanguage\":\"es\",\"potentialAction\":[{\"@type\":\"ReadAction\",\"target\":[\"https:\\\/\\\/www.laguiadepamplona.com\\\/actualidad\\\/entregados-los-xx-premios-tomas-belzunegui-que-reconocen-trabajos-literarios-periodisticos-y-universitarios-que-divulgan-una-imagen-positiva-de-las-personas-mayores\\\/\"]}]},{\"@type\":\"ImageObject\",\"inLanguage\":\"es\",\"@id\":\"https:\\\/\\\/www.laguiadepamplona.com\\\/actualidad\\\/entregados-los-xx-premios-tomas-belzunegui-que-reconocen-trabajos-literarios-periodisticos-y-universitarios-que-divulgan-una-imagen-positiva-de-las-personas-mayores\\\/#primaryimage\",\"url\":\"https:\\\/\\\/www.laguiadepamplona.com\\\/actualidad\\\/wp-content\\\/uploads\\\/2021\\\/06\\\/Entregados-los-XX-Premios-Tomas-Belzunegui2.jpg\",\"contentUrl\":\"https:\\\/\\\/www.laguiadepamplona.com\\\/actualidad\\\/wp-content\\\/uploads\\\/2021\\\/06\\\/Entregados-los-XX-Premios-Tomas-Belzunegui2.jpg\",\"width\":1920,\"height\":1280,\"caption\":\"A: Jes\u00fas Caso F: 04.06.2021 P: L: Pamplona. T: Entrega de los premios Tom\u00e1s Belzunegui. Condestable.\"},{\"@type\":\"BreadcrumbList\",\"@id\":\"https:\\\/\\\/www.laguiadepamplona.com\\\/actualidad\\\/entregados-los-xx-premios-tomas-belzunegui-que-reconocen-trabajos-literarios-periodisticos-y-universitarios-que-divulgan-una-imagen-positiva-de-las-personas-mayores\\\/#breadcrumb\",\"itemListElement\":[{\"@type\":\"ListItem\",\"position\":1,\"name\":\"Portada\",\"item\":\"https:\\\/\\\/www.laguiadepamplona.com\\\/actualidad\\\/\"},{\"@type\":\"ListItem\",\"position\":2,\"name\":\"Entregados los XX Premios Tom\u00e1s Belzunegui, que reconocen trabajos literarios, period\u00edsticos y universitarios que divulgan una imagen positiva de las personas mayores\"}]},{\"@type\":\"WebSite\",\"@id\":\"https:\\\/\\\/www.laguiadepamplona.com\\\/actualidad\\\/#website\",\"url\":\"https:\\\/\\\/www.laguiadepamplona.com\\\/actualidad\\\/\",\"name\":\"La gu\u00eda de Pamplona\",\"description\":\"Noticias de Pamplona\",\"publisher\":{\"@id\":\"https:\\\/\\\/www.laguiadepamplona.com\\\/actualidad\\\/#organization\"},\"potentialAction\":[{\"@type\":\"SearchAction\",\"target\":{\"@type\":\"EntryPoint\",\"urlTemplate\":\"https:\\\/\\\/www.laguiadepamplona.com\\\/actualidad\\\/?s={search_term_string}\"},\"query-input\":{\"@type\":\"PropertyValueSpecification\",\"valueRequired\":true,\"valueName\":\"search_term_string\"}}],\"inLanguage\":\"es\"},{\"@type\":\"Organization\",\"@id\":\"https:\\\/\\\/www.laguiadepamplona.com\\\/actualidad\\\/#organization\",\"name\":\"La Gu\u00eda de Pamplona \\\/ Noticias\",\"url\":\"https:\\\/\\\/www.laguiadepamplona.com\\\/actualidad\\\/\",\"logo\":{\"@type\":\"ImageObject\",\"inLanguage\":\"es\",\"@id\":\"https:\\\/\\\/www.laguiadepamplona.com\\\/actualidad\\\/#\\\/schema\\\/logo\\\/image\\\/\",\"url\":\"https:\\\/\\\/www.laguiadepamplona.com\\\/actualidad\\\/wp-content\\\/uploads\\\/2018\\\/11\\\/logo-laguiadepamplona18-web1.png\",\"contentUrl\":\"https:\\\/\\\/www.laguiadepamplona.com\\\/actualidad\\\/wp-content\\\/uploads\\\/2018\\\/11\\\/logo-laguiadepamplona18-web1.png\",\"width\":600,\"height\":196,\"caption\":\"La Gu\u00eda de Pamplona \\\/ Noticias\"},\"image\":{\"@id\":\"https:\\\/\\\/www.laguiadepamplona.com\\\/actualidad\\\/#\\\/schema\\\/logo\\\/image\\\/\"},\"sameAs\":[\"https:\\\/\\\/www.facebook.com\\\/laguiadepamplonacom-133175176762273\\\/?ref=hl\",\"https:\\\/\\\/x.com\\\/LaGuiadPamplona\",\"https:\\\/\\\/www.instagram.com\\\/la_guia_de_pamplona\\\/\",\"https:\\\/\\\/www.youtube.com\\\/user\\\/laguiadepamplona\"]},{\"@type\":\"Person\",\"@id\":\"https:\\\/\\\/www.laguiadepamplona.com\\\/actualidad\\\/#\\\/schema\\\/person\\\/efe887376f0213d4657c93adc50b1fdb\",\"name\":\"La Gu\u00eda de Pamplona\",\"image\":{\"@type\":\"ImageObject\",\"inLanguage\":\"es\",\"@id\":\"https:\\\/\\\/secure.gravatar.com\\\/avatar\\\/b6992f131dc8d30ab0dff15446e9d346d9dbd95992de0fef795073f5ea83a81c?s=96&d=mm&r=g\",\"url\":\"https:\\\/\\\/secure.gravatar.com\\\/avatar\\\/b6992f131dc8d30ab0dff15446e9d346d9dbd95992de0fef795073f5ea83a81c?s=96&d=mm&r=g\",\"contentUrl\":\"https:\\\/\\\/secure.gravatar.com\\\/avatar\\\/b6992f131dc8d30ab0dff15446e9d346d9dbd95992de0fef795073f5ea83a81c?s=96&d=mm&r=g\",\"caption\":\"La Gu\u00eda de Pamplona\"}}]}<\/script>\n<!-- \/ Yoast SEO plugin. -->","yoast_head_json":{"title":"Entregados los XX Premios Tom\u00e1s Belzunegui, que reconocen trabajos literarios, period\u00edsticos y universitarios que divulgan una imagen positiva de las personas mayores","description":"Se han otorgado 7 premios y 3 acc\u00e9sits, en una edici\u00f3n dedicada las personas mayores, a las v\u00edctimas del COVID y al personal de servicios esenciales","robots":{"index":"index","follow":"follow","max-snippet":"max-snippet:-1","max-image-preview":"max-image-preview:large","max-video-preview":"max-video-preview:-1"},"canonical":"https:\/\/www.laguiadepamplona.com\/actualidad\/entregados-los-xx-premios-tomas-belzunegui-que-reconocen-trabajos-literarios-periodisticos-y-universitarios-que-divulgan-una-imagen-positiva-de-las-personas-mayores\/","og_locale":"es_ES","og_type":"article","og_title":"Entregados los XX Premios Tom\u00e1s Belzunegui, que reconocen trabajos literarios, period\u00edsticos y universitarios que divulgan una imagen positiva de las personas mayores","og_description":"Se han otorgado 7 premios y 3 acc\u00e9sits, en una edici\u00f3n dedicada las personas mayores, a las v\u00edctimas del COVID y al personal de servicios esenciales","og_url":"https:\/\/www.laguiadepamplona.com\/actualidad\/entregados-los-xx-premios-tomas-belzunegui-que-reconocen-trabajos-literarios-periodisticos-y-universitarios-que-divulgan-una-imagen-positiva-de-las-personas-mayores\/","og_site_name":"La Gu\u00eda de Pamplona","article_publisher":"https:\/\/www.facebook.com\/laguiadepamplonacom-133175176762273\/?ref=hl","article_published_time":"2021-06-04T15:54:43+00:00","article_modified_time":"2023-04-11T09:49:27+00:00","og_image":[{"width":1920,"height":1280,"url":"https:\/\/www.laguiadepamplona.com\/actualidad\/wp-content\/uploads\/2021\/06\/Entregados-los-XX-Premios-Tomas-Belzunegui2.jpg","type":"image\/jpeg"}],"author":"La Gu\u00eda de Pamplona","twitter_card":"summary_large_image","twitter_creator":"@LaGuiadPamplona","twitter_site":"@LaGuiadPamplona","twitter_misc":{"Escrito por":"La Gu\u00eda de Pamplona","Tiempo de lectura":"4 minutos"},"schema":{"@context":"https:\/\/schema.org","@graph":[{"@type":"Article","@id":"https:\/\/www.laguiadepamplona.com\/actualidad\/entregados-los-xx-premios-tomas-belzunegui-que-reconocen-trabajos-literarios-periodisticos-y-universitarios-que-divulgan-una-imagen-positiva-de-las-personas-mayores\/#article","isPartOf":{"@id":"https:\/\/www.laguiadepamplona.com\/actualidad\/entregados-los-xx-premios-tomas-belzunegui-que-reconocen-trabajos-literarios-periodisticos-y-universitarios-que-divulgan-una-imagen-positiva-de-las-personas-mayores\/"},"author":{"name":"La Gu\u00eda de Pamplona","@id":"https:\/\/www.laguiadepamplona.com\/actualidad\/#\/schema\/person\/efe887376f0213d4657c93adc50b1fdb"},"headline":"Entregados los XX Premios Tom\u00e1s Belzunegui, que reconocen trabajos literarios, period\u00edsticos y universitarios que divulgan una imagen positiva de las personas mayores","datePublished":"2021-06-04T15:54:43+00:00","dateModified":"2023-04-11T09:49:27+00:00","mainEntityOfPage":{"@id":"https:\/\/www.laguiadepamplona.com\/actualidad\/entregados-los-xx-premios-tomas-belzunegui-que-reconocen-trabajos-literarios-periodisticos-y-universitarios-que-divulgan-una-imagen-positiva-de-las-personas-mayores\/"},"wordCount":898,"commentCount":0,"publisher":{"@id":"https:\/\/www.laguiadepamplona.com\/actualidad\/#organization"},"image":{"@id":"https:\/\/www.laguiadepamplona.com\/actualidad\/entregados-los-xx-premios-tomas-belzunegui-que-reconocen-trabajos-literarios-periodisticos-y-universitarios-que-divulgan-una-imagen-positiva-de-las-personas-mayores\/#primaryimage"},"thumbnailUrl":"https:\/\/www.laguiadepamplona.com\/actualidad\/wp-content\/uploads\/2021\/06\/Entregados-los-XX-Premios-Tomas-Belzunegui2.jpg","articleSection":["Ayto Pamplona"],"inLanguage":"es","potentialAction":[{"@type":"CommentAction","name":"Comment","target":["https:\/\/www.laguiadepamplona.com\/actualidad\/entregados-los-xx-premios-tomas-belzunegui-que-reconocen-trabajos-literarios-periodisticos-y-universitarios-que-divulgan-una-imagen-positiva-de-las-personas-mayores\/#respond"]}]},{"@type":"WebPage","@id":"https:\/\/www.laguiadepamplona.com\/actualidad\/entregados-los-xx-premios-tomas-belzunegui-que-reconocen-trabajos-literarios-periodisticos-y-universitarios-que-divulgan-una-imagen-positiva-de-las-personas-mayores\/","url":"https:\/\/www.laguiadepamplona.com\/actualidad\/entregados-los-xx-premios-tomas-belzunegui-que-reconocen-trabajos-literarios-periodisticos-y-universitarios-que-divulgan-una-imagen-positiva-de-las-personas-mayores\/","name":"Entregados los XX Premios Tom\u00e1s Belzunegui, que reconocen trabajos literarios, period\u00edsticos y universitarios que divulgan una imagen positiva de las personas mayores","isPartOf":{"@id":"https:\/\/www.laguiadepamplona.com\/actualidad\/#website"},"primaryImageOfPage":{"@id":"https:\/\/www.laguiadepamplona.com\/actualidad\/entregados-los-xx-premios-tomas-belzunegui-que-reconocen-trabajos-literarios-periodisticos-y-universitarios-que-divulgan-una-imagen-positiva-de-las-personas-mayores\/#primaryimage"},"image":{"@id":"https:\/\/www.laguiadepamplona.com\/actualidad\/entregados-los-xx-premios-tomas-belzunegui-que-reconocen-trabajos-literarios-periodisticos-y-universitarios-que-divulgan-una-imagen-positiva-de-las-personas-mayores\/#primaryimage"},"thumbnailUrl":"https:\/\/www.laguiadepamplona.com\/actualidad\/wp-content\/uploads\/2021\/06\/Entregados-los-XX-Premios-Tomas-Belzunegui2.jpg","datePublished":"2021-06-04T15:54:43+00:00","dateModified":"2023-04-11T09:49:27+00:00","description":"Se han otorgado 7 premios y 3 acc\u00e9sits, en una edici\u00f3n dedicada las personas mayores, a las v\u00edctimas del COVID y al personal de servicios esenciales","breadcrumb":{"@id":"https:\/\/www.laguiadepamplona.com\/actualidad\/entregados-los-xx-premios-tomas-belzunegui-que-reconocen-trabajos-literarios-periodisticos-y-universitarios-que-divulgan-una-imagen-positiva-de-las-personas-mayores\/#breadcrumb"},"inLanguage":"es","potentialAction":[{"@type":"ReadAction","target":["https:\/\/www.laguiadepamplona.com\/actualidad\/entregados-los-xx-premios-tomas-belzunegui-que-reconocen-trabajos-literarios-periodisticos-y-universitarios-que-divulgan-una-imagen-positiva-de-las-personas-mayores\/"]}]},{"@type":"ImageObject","inLanguage":"es","@id":"https:\/\/www.laguiadepamplona.com\/actualidad\/entregados-los-xx-premios-tomas-belzunegui-que-reconocen-trabajos-literarios-periodisticos-y-universitarios-que-divulgan-una-imagen-positiva-de-las-personas-mayores\/#primaryimage","url":"https:\/\/www.laguiadepamplona.com\/actualidad\/wp-content\/uploads\/2021\/06\/Entregados-los-XX-Premios-Tomas-Belzunegui2.jpg","contentUrl":"https:\/\/www.laguiadepamplona.com\/actualidad\/wp-content\/uploads\/2021\/06\/Entregados-los-XX-Premios-Tomas-Belzunegui2.jpg","width":1920,"height":1280,"caption":"A: Jes\u00fas Caso F: 04.06.2021 P: L: Pamplona. T: Entrega de los premios Tom\u00e1s Belzunegui. Condestable."},{"@type":"BreadcrumbList","@id":"https:\/\/www.laguiadepamplona.com\/actualidad\/entregados-los-xx-premios-tomas-belzunegui-que-reconocen-trabajos-literarios-periodisticos-y-universitarios-que-divulgan-una-imagen-positiva-de-las-personas-mayores\/#breadcrumb","itemListElement":[{"@type":"ListItem","position":1,"name":"Portada","item":"https:\/\/www.laguiadepamplona.com\/actualidad\/"},{"@type":"ListItem","position":2,"name":"Entregados los XX Premios Tom\u00e1s Belzunegui, que reconocen trabajos literarios, period\u00edsticos y universitarios que divulgan una imagen positiva de las personas mayores"}]},{"@type":"WebSite","@id":"https:\/\/www.laguiadepamplona.com\/actualidad\/#website","url":"https:\/\/www.laguiadepamplona.com\/actualidad\/","name":"La gu\u00eda de Pamplona","description":"Noticias de Pamplona","publisher":{"@id":"https:\/\/www.laguiadepamplona.com\/actualidad\/#organization"},"potentialAction":[{"@type":"SearchAction","target":{"@type":"EntryPoint","urlTemplate":"https:\/\/www.laguiadepamplona.com\/actualidad\/?s={search_term_string}"},"query-input":{"@type":"PropertyValueSpecification","valueRequired":true,"valueName":"search_term_string"}}],"inLanguage":"es"},{"@type":"Organization","@id":"https:\/\/www.laguiadepamplona.com\/actualidad\/#organization","name":"La Gu\u00eda de Pamplona \/ Noticias","url":"https:\/\/www.laguiadepamplona.com\/actualidad\/","logo":{"@type":"ImageObject","inLanguage":"es","@id":"https:\/\/www.laguiadepamplona.com\/actualidad\/#\/schema\/logo\/image\/","url":"https:\/\/www.laguiadepamplona.com\/actualidad\/wp-content\/uploads\/2018\/11\/logo-laguiadepamplona18-web1.png","contentUrl":"https:\/\/www.laguiadepamplona.com\/actualidad\/wp-content\/uploads\/2018\/11\/logo-laguiadepamplona18-web1.png","width":600,"height":196,"caption":"La Gu\u00eda de Pamplona \/ Noticias"},"image":{"@id":"https:\/\/www.laguiadepamplona.com\/actualidad\/#\/schema\/logo\/image\/"},"sameAs":["https:\/\/www.facebook.com\/laguiadepamplonacom-133175176762273\/?ref=hl","https:\/\/x.com\/LaGuiadPamplona","https:\/\/www.instagram.com\/la_guia_de_pamplona\/","https:\/\/www.youtube.com\/user\/laguiadepamplona"]},{"@type":"Person","@id":"https:\/\/www.laguiadepamplona.com\/actualidad\/#\/schema\/person\/efe887376f0213d4657c93adc50b1fdb","name":"La Gu\u00eda de Pamplona","image":{"@type":"ImageObject","inLanguage":"es","@id":"https:\/\/secure.gravatar.com\/avatar\/b6992f131dc8d30ab0dff15446e9d346d9dbd95992de0fef795073f5ea83a81c?s=96&d=mm&r=g","url":"https:\/\/secure.gravatar.com\/avatar\/b6992f131dc8d30ab0dff15446e9d346d9dbd95992de0fef795073f5ea83a81c?s=96&d=mm&r=g","contentUrl":"https:\/\/secure.gravatar.com\/avatar\/b6992f131dc8d30ab0dff15446e9d346d9dbd95992de0fef795073f5ea83a81c?s=96&d=mm&r=g","caption":"La Gu\u00eda de Pamplona"}}]}},"post_mailing_queue_ids":[],"_links":{"self":[{"href":"https:\/\/www.laguiadepamplona.com\/actualidad\/wp-json\/wp\/v2\/posts\/35267","targetHints":{"allow":["GET"]}}],"collection":[{"href":"https:\/\/www.laguiadepamplona.com\/actualidad\/wp-json\/wp\/v2\/posts"}],"about":[{"href":"https:\/\/www.laguiadepamplona.com\/actualidad\/wp-json\/wp\/v2\/types\/post"}],"author":[{"embeddable":true,"href":"https:\/\/www.laguiadepamplona.com\/actualidad\/wp-json\/wp\/v2\/users\/1"}],"replies":[{"embeddable":true,"href":"https:\/\/www.laguiadepamplona.com\/actualidad\/wp-json\/wp\/v2\/comments?post=35267"}],"version-history":[{"count":0,"href":"https:\/\/www.laguiadepamplona.com\/actualidad\/wp-json\/wp\/v2\/posts\/35267\/revisions"}],"wp:featuredmedia":[{"embeddable":true,"href":"https:\/\/www.laguiadepamplona.com\/actualidad\/wp-json\/wp\/v2\/media\/35269"}],"wp:attachment":[{"href":"https:\/\/www.laguiadepamplona.com\/actualidad\/wp-json\/wp\/v2\/media?parent=35267"}],"wp:term":[{"taxonomy":"category","embeddable":true,"href":"https:\/\/www.laguiadepamplona.com\/actualidad\/wp-json\/wp\/v2\/categories?post=35267"},{"taxonomy":"post_tag","embeddable":true,"href":"https:\/\/www.laguiadepamplona.com\/actualidad\/wp-json\/wp\/v2\/tags?post=35267"}],"curies":[{"name":"wp","href":"https:\/\/api.w.org\/{rel}","templated":true}]}}