{"id":35260,"date":"2021-06-04T17:46:53","date_gmt":"2021-06-04T15:46:53","guid":{"rendered":"https:\/\/www.laguiadepamplona.com\/actualidad\/?p=35260"},"modified":"2023-04-11T11:49:27","modified_gmt":"2023-04-11T09:49:27","slug":"la-zona-azul-llegara-a-rochapea-norte-txantrea-y-san-jorge-en-el-mes-de-septiembre-regulando-mas-de-10-800-plazas-de-aparcamiento","status":"publish","type":"post","link":"https:\/\/www.laguiadepamplona.com\/actualidad\/la-zona-azul-llegara-a-rochapea-norte-txantrea-y-san-jorge-en-el-mes-de-septiembre-regulando-mas-de-10-800-plazas-de-aparcamiento\/","title":{"rendered":"La zona azul llegar\u00e1 a Rochapea Norte, Txantrea y San Jorge en el mes de septiembre, regulando m\u00e1s de 10.800 plazas de aparcamiento"},"content":{"rendered":"<h5>Este mes habr\u00e1 sesiones informativas en los barrios y en julio y agosto se habilitar\u00e1n oficinas permanentes para tramitar las tarjetas de residente<\/h5>\n<p><!--more--><\/p>\n<div id='gallery-1' class='gallery galleryid-35260 gallery-columns-4 gallery-size-medium'><figure class='gallery-item'>\n\t\t\t<div class='gallery-icon landscape'>\n\t\t\t\t<a href='https:\/\/www.laguiadepamplona.com\/actualidad\/wp-content\/uploads\/2021\/06\/rochapea.jpg'><img loading=\"lazy\" decoding=\"async\" width=\"473\" height=\"300\" src=\"https:\/\/www.laguiadepamplona.com\/actualidad\/wp-content\/uploads\/2021\/06\/rochapea-473x300.jpg\" class=\"attachment-medium size-medium\" alt=\"\" srcset=\"https:\/\/www.laguiadepamplona.com\/actualidad\/wp-content\/uploads\/2021\/06\/rochapea-473x300.jpg 473w, https:\/\/www.laguiadepamplona.com\/actualidad\/wp-content\/uploads\/2021\/06\/rochapea-1024x649.jpg 1024w, https:\/\/www.laguiadepamplona.com\/actualidad\/wp-content\/uploads\/2021\/06\/rochapea-768x487.jpg 768w, https:\/\/www.laguiadepamplona.com\/actualidad\/wp-content\/uploads\/2021\/06\/rochapea-1536x974.jpg 1536w, https:\/\/www.laguiadepamplona.com\/actualidad\/wp-content\/uploads\/2021\/06\/rochapea-640x406.jpg 640w, https:\/\/www.laguiadepamplona.com\/actualidad\/wp-content\/uploads\/2021\/06\/rochapea.jpg 2000w\" sizes=\"auto, (max-width: 473px) 100vw, 473px\" \/><\/a>\n\t\t\t<\/div><\/figure><figure class='gallery-item'>\n\t\t\t<div class='gallery-icon landscape'>\n\t\t\t\t<a href='https:\/\/www.laguiadepamplona.com\/actualidad\/wp-content\/uploads\/2021\/06\/sanjorge.jpg'><img loading=\"lazy\" decoding=\"async\" width=\"500\" height=\"282\" src=\"https:\/\/www.laguiadepamplona.com\/actualidad\/wp-content\/uploads\/2021\/06\/sanjorge-531x300.jpg\" class=\"attachment-medium size-medium\" alt=\"\" srcset=\"https:\/\/www.laguiadepamplona.com\/actualidad\/wp-content\/uploads\/2021\/06\/sanjorge-531x300.jpg 531w, https:\/\/www.laguiadepamplona.com\/actualidad\/wp-content\/uploads\/2021\/06\/sanjorge-1024x578.jpg 1024w, https:\/\/www.laguiadepamplona.com\/actualidad\/wp-content\/uploads\/2021\/06\/sanjorge-768x434.jpg 768w, https:\/\/www.laguiadepamplona.com\/actualidad\/wp-content\/uploads\/2021\/06\/sanjorge-1536x867.jpg 1536w, https:\/\/www.laguiadepamplona.com\/actualidad\/wp-content\/uploads\/2021\/06\/sanjorge-640x361.jpg 640w, https:\/\/www.laguiadepamplona.com\/actualidad\/wp-content\/uploads\/2021\/06\/sanjorge.jpg 2000w\" sizes=\"auto, (max-width: 500px) 100vw, 500px\" \/><\/a>\n\t\t\t<\/div><\/figure><figure class='gallery-item'>\n\t\t\t<div class='gallery-icon landscape'>\n\t\t\t\t<a href='https:\/\/www.laguiadepamplona.com\/actualidad\/wp-content\/uploads\/2021\/06\/txantrea_0.jpg'><img loading=\"lazy\" decoding=\"async\" width=\"439\" height=\"300\" src=\"https:\/\/www.laguiadepamplona.com\/actualidad\/wp-content\/uploads\/2021\/06\/txantrea_0-439x300.jpg\" class=\"attachment-medium size-medium\" alt=\"\" srcset=\"https:\/\/www.laguiadepamplona.com\/actualidad\/wp-content\/uploads\/2021\/06\/txantrea_0-439x300.jpg 439w, https:\/\/www.laguiadepamplona.com\/actualidad\/wp-content\/uploads\/2021\/06\/txantrea_0-998x682.jpg 998w, https:\/\/www.laguiadepamplona.com\/actualidad\/wp-content\/uploads\/2021\/06\/txantrea_0-768x525.jpg 768w, https:\/\/www.laguiadepamplona.com\/actualidad\/wp-content\/uploads\/2021\/06\/txantrea_0-1536x1050.jpg 1536w, https:\/\/www.laguiadepamplona.com\/actualidad\/wp-content\/uploads\/2021\/06\/txantrea_0-640x437.jpg 640w, https:\/\/www.laguiadepamplona.com\/actualidad\/wp-content\/uploads\/2021\/06\/txantrea_0.jpg 2000w\" sizes=\"auto, (max-width: 439px) 100vw, 439px\" \/><\/a>\n\t\t\t<\/div><\/figure><figure class='gallery-item'>\n\t\t\t<div class='gallery-icon landscape'>\n\t\t\t\t<a href='https:\/\/www.laguiadepamplona.com\/actualidad\/wp-content\/uploads\/2021\/06\/ezkabaorvina_0.jpg'><img loading=\"lazy\" decoding=\"async\" width=\"500\" height=\"234\" src=\"https:\/\/www.laguiadepamplona.com\/actualidad\/wp-content\/uploads\/2021\/06\/ezkabaorvina_0-600x281.jpg\" class=\"attachment-medium size-medium\" alt=\"\" srcset=\"https:\/\/www.laguiadepamplona.com\/actualidad\/wp-content\/uploads\/2021\/06\/ezkabaorvina_0-600x281.jpg 600w, https:\/\/www.laguiadepamplona.com\/actualidad\/wp-content\/uploads\/2021\/06\/ezkabaorvina_0-1024x480.jpg 1024w, https:\/\/www.laguiadepamplona.com\/actualidad\/wp-content\/uploads\/2021\/06\/ezkabaorvina_0-768x360.jpg 768w, https:\/\/www.laguiadepamplona.com\/actualidad\/wp-content\/uploads\/2021\/06\/ezkabaorvina_0-1536x720.jpg 1536w, https:\/\/www.laguiadepamplona.com\/actualidad\/wp-content\/uploads\/2021\/06\/ezkabaorvina_0-640x300.jpg 640w, https:\/\/www.laguiadepamplona.com\/actualidad\/wp-content\/uploads\/2021\/06\/ezkabaorvina_0.jpg 2000w\" sizes=\"auto, (max-width: 500px) 100vw, 500px\" \/><\/a>\n\t\t\t<\/div><\/figure>\n\t\t<\/div>\n\n<p>&nbsp;<\/p>\n<p class=\"3Texto\">El pr\u00f3ximo mes de septiembre comenzar\u00e1 a funcionar la zona azul en los barrios de Txantrea y San Jorge y en la zona de Rochapea Norte. Se regular\u00e1n m\u00e1s de 10.800 plazas de aparcamiento, con un 54% de color naranja, un 45,2% de color azul y un 0,8% de color verde. Un estudio sobre el aparcamiento en la ciudad presentado en octubre de 2020 constataba la saturaci\u00f3n en esos tres barrios, con ocupaciones por encima del 100% en determinadas horas del d\u00eda, es decir, con aparcamientos incluso indebidos, y un ratio por debajo del 15% en la relaci\u00f3n entre plazas de aparcamiento libres y n\u00famero de veh\u00edculos matriculados en esas zonas.<\/p>\n<p class=\"3Texto\">El concejal delegado de Seguridad Ciudadana, Javier Labairu, y el director del \u00e1rea, Patxi Fern\u00e1ndez, han comparecido en rueda de prensa, tras la celebraci\u00f3n de la Junta de Movilidad, para exponer los detalles de esta nueva ampliaci\u00f3n del estacionamiento regulado a los barrios del norte de la ciudad. Entre otros objetivos, se busca minimizar las consecuencias del efecto frontera, garantizar una soluci\u00f3n de aparcamiento a las personas residentes, liberar espacio de la v\u00eda p\u00fablica para otras opciones de desplazamiento m\u00e1s sostenibles, mejorar la fluidez del tr\u00e1fico y la actividad social en esos barrios y eliminar veh\u00edculos aparcados en la v\u00eda p\u00fablica de forma permanente que no son propiedad de vecinos o vecinas de esas zonas.<\/p>\n<p class=\"3Texto\">Para informar a la ciudadan\u00eda de los barrios afectados se han organizado durante este mes de junio tres sesiones presenciales. El 8 de junio se celebrar\u00e1 una reuni\u00f3n en el sal\u00f3n de actos de Mar\u00eda Auxiliadora, junto a la Unidad de Barrio, para hablar sobre las afecciones en Txantrea, el 14 de junio en Civivox Jus la Rocha para abordar la zona azul en Rochapea Norte y el 16 de junio en Civivox San Jorge para comentar los aspectos fundamentales de la ampliaci\u00f3n a ese barrio. Las tres sesiones tendr\u00e1n lugar a las 19 horas, con entrada libre hasta completar el aforo. En los meses de julio y agosto, se habilitar\u00e1n oficinales de atenci\u00f3n permanente, una en cada uno de los tres barrios, para resolver dudas y tramitar las tarjetas de residentes. Adem\u00e1s, se buzonear\u00e1 un tr\u00edptico en domicilios y comercios de los barrios afectados. La informaci\u00f3n se puede consultar en la <a href=\"http:\/\/www.pamplona.es\/temas\/seguridad-ciudadana-y-convivencia\/nuevazonaazul\">web municipal<\/a> y las dudas se remitir a la direcci\u00f3n de correo electr\u00f3nico <a href=\"mailto:nuevazonaazul@pamplona.es\">nuevazonaazul@pamplona.es<\/a>.<\/p>\n<p class=\"3Texto\">Se prev\u00e9 la emisi\u00f3n de alrededor de 12.500 tarjetas de residentes, unas 2.900 en San Jorge, unas 1.900 en Rochapea Norte y en torno a 7.700 en Txantrea. El precio anual de esa tarjeta de residente es de 48,35 euros. En el caso de estos tres nuevos barrios, como solo se aplicar\u00e1 en los \u00faltimos cuatro meses, desde septiembre hasta diciembre, el precio ser\u00e1 de 16,12 euros. Las labores de pintado a realizar durante el verano determinar\u00e1n exactamente el n\u00famero de plazas definitivo. Ser\u00e1 necesaria tambi\u00e9n la colocaci\u00f3n de la se\u00f1al\u00e9tica correspondiente, la ubicaci\u00f3n de los expendedores y la gesti\u00f3n de esos nuevos sectores por parte de la empresa Dornier, adjudicataria del servicio en el resto de la ciudad. Se estima un coste para el Ayuntamiento de Pamplona vinculado a esta ampliaci\u00f3n de 539.983,89 euros.<\/p>\n<p><script async src=\"\/\/pagead2.googlesyndication.com\/pagead\/js\/adsbygoogle.js\"><\/script><br \/>\n<!-- Noticias La Guia de Pamplona --><br \/>\n<ins class=\"adsbygoogle\"\nstyle=\"display:block\"\ndata-ad-client=\"ca-pub-6943679897239327\"\ndata-ad-slot=\"7048180777\"\ndata-ad-format=\"auto\"><\/ins><br \/>\n<script>\n(adsbygoogle = window.adsbygoogle || []).push({});\n<\/script><\/p>\n<p class=\"4Ladillo\"><strong>Alta ocupaci\u00f3n en horario nocturno en San Jorge<\/strong><\/p>\n<p class=\"3Texto\">Los problemas de aparcamiento en San Jorge se producen principalmente durante la ma\u00f1ana, con ocupaciones que superan el 90% de las plazas entre las 8 y las 13 horas. La ocupaci\u00f3n media diaria de las plazas es del 87%, con una ocupaci\u00f3n nocturna del 90%. La zona de estacionamiento regulado, sector 9, generar\u00e1 en el barrio 2.534 plazas, 1.074 azules (42,3%), 1.376 naranjas (54,3%) y 84 verdes (3,4%). Esa zona verde exclusiva para residentes se ubicar\u00e1 en el actual aparcamiento disuasorio junto al campo de f\u00fatbol municipal. Se mantiene como zona roja el espacio frente a la estaci\u00f3n de tren.<\/p>\n<p class=\"3Texto\">Las plazas naranjas coinciden con las calles del Muelle, El Irati, Dr. Canalejo, parte de Dr. Rep\u00e1raz, el tramo de Dr. Juaristi desde el campo de f\u00fatbol hasta la avenida de Navarra y las plazas ubicadas en esa misma avenida de Navarra. Asimismo, ser\u00e1n naranjas las plazas comprendidas entre Santa Vicenta Mar\u00eda, Dr. Fleming, Dr. Jos\u00e9 Alfonso y Sanduzelai, excepto un tramo de esta \u00faltima calle. La avenida de San Jorge ser\u00e1 mayoritariamente zona azul (menos algunas plazas naranjas en el entorno de la plaza Dra. Juana Garc\u00eda de Orcoyen), como tambi\u00e9n lo ser\u00e1n Dr. H\u00fader, Dr. Gortari, Dr. Blasco, Dr. Gal\u00e1n, parte de Dr. Rep\u00e1raz, la plaza de la Estaci\u00f3n o el tramo de la calle del Muelle desde Cuatrovientos hasta esa plaza. El cuadrante delimitado por Sanduzelai, avenida de San Jorge, Dr. Simomena y Dr. Salva tambi\u00e9n ser\u00e1 azul.<\/p>\n<p><script async src=\"\/\/pagead2.googlesyndication.com\/pagead\/js\/adsbygoogle.js\"><\/script><br \/>\n<!-- Noticias La Guia de Pamplona --><br \/>\n<ins class=\"adsbygoogle\"\nstyle=\"display:block\"\ndata-ad-client=\"ca-pub-6943679897239327\"\ndata-ad-slot=\"7048180777\"\ndata-ad-format=\"auto\"><\/ins><br \/>\n<script>\n(adsbygoogle = window.adsbygoogle || []).push({});\n<\/script><\/p>\n<p class=\"4Ladillo\"><strong>Txantrea: m\u00e1s de 6.500 plazas de aparcamiento<\/strong><\/p>\n<p class=\"3Texto\">Esta ampliaci\u00f3n de la zona azul a todos los barrios del norte llegar\u00e1 a Txantrea, un barrio con m\u00e1s de 6.500 plazas de aparcamiento que, seg\u00fan ese estudio sobre el aparcamiento en la ciudad, tienen una ocupaci\u00f3n media del 80%, que llegan al 87% en horario nocturno y con picos en horas por la ma\u00f1ana que rozan el 100%. El barrio se puede dividir en dos zonas, con la avenida de Villava como l\u00edmite, aunque ambas formar\u00e1n parte del mismo sector el sector 10.<\/p>\n<p class=\"3Texto\">La zona sur de Txantrea cuenta con 4.472 plazas de aparcamiento, con 2.040 que se pintar\u00e1n de azul (45,6%) y 2.432 de naranja (54,38%). A groso modo, ser\u00e1n azules las v\u00edas principales del barrio como Magdalena, San Crist\u00f3bal, avenida de Villava, Juan de Tarazona, Cuenca de Pamplona, Ororbia, Cendea de Cizur, Berriosuso, Miravalles, Z\u00fa\u00f1iga, Etxarri-Aranatz o el tramo de Ezkaba m\u00e1s cercano a la avenida de Villava. Ser\u00e1n naranjas gran parte de Padre Adoain, Cendea de Iza, Larrasoa\u00f1a, la plaza Santa Teresa de Jes\u00fas, Santesteban, Lesaka, Monreal y el tramo de Mendigor\u00eda que limita con ellas, la calle Ezkaba, Azoz, Ferm\u00edn Daoiz y Mugazuri, entre otras m\u00e1s interiores. Aunque est\u00e1 todav\u00eda sin ejecutar, se prev\u00e9 que la nueva urbanizaci\u00f3n anexa al parque de Txantrea Sur sea tambi\u00e9n a futuro zona naranja.<\/p>\n<p class=\"3Texto\">En la zona de Orvina y Ezkaba, en el lado norte de la avenida de Villava, se contabilizan 2.089 plazas, de las que 1.196 ser\u00e1n naranjas (54,3%) y 1.006 azules (45,7%). Toda la zona de Ezkaba ser\u00e1 naranja, incluida la calle Canal en lo que se refiere a su parte m\u00e1s al norte. La zona sur de la calle Canal, que linda con las agrupaciones de Orvina ser\u00e1 azul, como el resto del \u00e1rea triangular delimitada por la avenida de Villava y San Crist\u00f3bal. Las excepciones ser\u00e1n las bolsas de aparcamiento de calles como Urroz o Valtierra, que ser\u00e1n zona naranja.<\/p>\n<p><script async src=\"\/\/pagead2.googlesyndication.com\/pagead\/js\/adsbygoogle.js\"><\/script><br \/>\n<!-- Noticias La Guia de Pamplona --><br \/>\n<ins class=\"adsbygoogle\"\nstyle=\"display:block\"\ndata-ad-client=\"ca-pub-6943679897239327\"\ndata-ad-slot=\"7048180777\"\ndata-ad-format=\"auto\"><\/ins><br \/>\n<script>\n(adsbygoogle = window.adsbygoogle || []).push({});\n<\/script><\/p>\n<p class=\"4Ladillo\"><strong>Completar el barrio de Rochapea<\/strong><\/p>\n<p class=\"3Texto\">Un a\u00f1o y medio despu\u00e9s de su implantaci\u00f3n en enero de 2020 en la zona sur del barrio, el estacionamiento regulado superar\u00e1 la avenida de Marcelo Celayeta y llegar\u00e1 a toda la Rochapea con el mismo sector, el 8. Ese l\u00edmite hab\u00eda generado problemas de aparcamiento y una alta ocupaci\u00f3n en la zona norte, que con esta ampliaci\u00f3n de la zona azul se equiparar\u00e1 al resto de plazas de estacionamiento en el barrio. El estudio realizado por el Ayuntamiento mostraba una ocupaci\u00f3n media diaria de las plazas en Rochapea Norte del 92%, con un 96% de ocupaci\u00f3n en horario diurno y un 89% en horario nocturno. Incluso con franjas entre las 9 y las 19 horas en las que la ocupaci\u00f3n superaba el 100%.<\/p>\n<p class=\"3Texto\">Se calcula que esta nueva regulaci\u00f3n afectar\u00e1 a 1.657 plazas, de las que se prev\u00e9 que 792 sean azules (un 47,8%) y 865 naranjas (un 52,25). Ser\u00e1n zonas naranjas las calles Pedro de Urs\u00faa, Xim\u00e9nez de Rada, Tiburcio Red\u00edn, Cruz de Barkazio, El Salvador, traves\u00eda de Artica, parte de Padre Maceda o San Blas, as\u00ed como los tramos m\u00e1s al norte de Bernardino Tirapu y Artica o la zona m\u00e1s al este de la traves\u00eda Tom\u00e1s de Burgui. Ser\u00e1n zona azul viales m\u00e1s interiores del barrio como las calles Nazario Carriquiri, Toda Azn\u00e1rez, traves\u00eda del Ave Mar\u00eda, traves\u00eda del Plazaola, Ciudad de Sueca, Las Cendeas, Garde, Tom\u00e1s de Burgui, Anso\u00e1in o Juan de Goyeneche, as\u00ed como tramos de Artica, Bernardino Tirapu y traves\u00eda de Tom\u00e1s de Burgui y las plazas de Marcelo Celayeta que lindan con esa parte norte del barrio.<\/p>\n<p><script async src=\"\/\/pagead2.googlesyndication.com\/pagead\/js\/adsbygoogle.js\"><\/script><br \/>\n<!-- Noticias La Guia de Pamplona --><br \/>\n<ins class=\"adsbygoogle\"\nstyle=\"display:block\"\ndata-ad-client=\"ca-pub-6943679897239327\"\ndata-ad-slot=\"7048180777\"\ndata-ad-format=\"auto\"><\/ins><br \/>\n<script>\n(adsbygoogle = window.adsbygoogle || []).push({});\n<\/script><\/p>\n<p class=\"4Ladillo\"><strong>Aparcamiento disuasorio gratis el 1\u00ba d\u00eda y de pago a partir del 3\u00ba junto a Cardenal Ilund\u00e1in<\/strong><\/p>\n<p class=\"3Texto\">Entre los barrios de Rochapea y Txantrea, en el l\u00edmite del t\u00e9rmino municipal de Pamplona con Anso\u00e1in, existe un aparcamiento disuasorio con cerca de 300 plazas. Se ubica junto al C.P. Cardenal Ilund\u00e1in y en la actualidad es una zona de estacionamiento gratuito. Para que no quede como un solar sin regular, el Ayuntamiento de Pamplona lo va a convertir en un aparcamiento disuasorio de pago.<\/p>\n<p class=\"3Texto\">La idea es que el aparcamiento durante las primeras 24 horas sea gratuito y que se empiece a pagar a partir del segundo d\u00eda. Las tarifas que se barajan establecen un paso de 1 euro para ese segundo d\u00eda, 3 euros para el tercer d\u00eda, 6 euros para el cuarto d\u00eda, 10 euros para el quinto d\u00eda y 10 euros por d\u00eda a partir del sexto d\u00eda del veh\u00edculo aparcado en la zona. De esta forma se ofrece una alternativa para posibles aparcamientos de larga duraci\u00f3n, pero sin convertir la zona en un \u00e1rea para que determinados veh\u00edculos se mantengan estacionados de forma permanente.<\/p>\n<p class=\"3Texto\">La generaci\u00f3n de ese aparcamiento disuasorio de pago conllevar\u00eda una inversi\u00f3n en infraestructura e instalaci\u00f3n, ya que ser\u00eda necesario un cierre perimetral de la zona, barreras de acceso y salida, iluminaci\u00f3n, un cajero, c\u00e1mara de control y vigilancia y actuaciones de pintura y pavimento.<\/p>\n<p>&nbsp;<br \/>\n[qodef_button size=\u00bblarge\u00bb type=\u00bb\u00bb text=\u00bbAmpiaci\u00f3n zona azul.pdf\u00bb custom_class=\u00bb\u00bb icon_pack=\u00bbfont_elegant\u00bb fa_icon=\u00bbicon_download\u00bb link=\u00bbhttps:\/\/www.laguiadepamplona.com\/actualidad\/wp-content\/uploads\/2021\/06\/21.06.04_ampliacion_zona_azul.pdf\u00bb target=\u00bb_blank\u00bb color=\u00bbffffff\u00bb hover_color=\u00bb\u00bb background_color=\u00bb\u00bb hover_background_color=\u00bb\u00bb border_color=\u00bb\u00bb hover_border_color=\u00bb\u00bb font_size=\u00bb\u00bb font_weight=\u00bb\u00bb margin=\u00bb\u00bb]\n","protected":false},"excerpt":{"rendered":"<p>Este mes habr\u00e1 sesiones informativas en los barrios y en julio y agosto se habilitar\u00e1n oficinas permanentes para tramitar las tarjetas de residente<\/p>\n","protected":false},"author":1,"featured_media":35263,"comment_status":"open","ping_status":"closed","sticky":false,"template":"","format":"standard","meta":{"footnotes":""},"categories":[2],"tags":[],"class_list":["post-35260","post","type-post","status-publish","format-standard","has-post-thumbnail","hentry","category-ayuntamiento-pamplona"],"yoast_head":"<!-- This site is optimized with the Yoast SEO plugin v27.3 - https:\/\/yoast.com\/product\/yoast-seo-wordpress\/ -->\n<title>La zona azul llegar\u00e1 a Rochapea Norte, Txantrea y San Jorge en el mes de septiembre, regulando m\u00e1s de 10.800 plazas de aparcamiento<\/title>\n<meta name=\"description\" content=\"Este mes habr\u00e1 sesiones informativas en los barrios y en julio y agosto se habilitar\u00e1n oficinas permanentes para tramitar las tarjetas de residente\" \/>\n<meta name=\"robots\" content=\"index, follow, max-snippet:-1, max-image-preview:large, max-video-preview:-1\" \/>\n<link rel=\"canonical\" href=\"https:\/\/www.laguiadepamplona.com\/actualidad\/la-zona-azul-llegara-a-rochapea-norte-txantrea-y-san-jorge-en-el-mes-de-septiembre-regulando-mas-de-10-800-plazas-de-aparcamiento\/\" \/>\n<meta property=\"og:locale\" content=\"es_ES\" \/>\n<meta property=\"og:type\" content=\"article\" \/>\n<meta property=\"og:title\" content=\"La zona azul llegar\u00e1 a Rochapea Norte, Txantrea y San Jorge en el mes de septiembre, regulando m\u00e1s de 10.800 plazas de aparcamiento\" \/>\n<meta property=\"og:description\" content=\"Este mes habr\u00e1 sesiones informativas en los barrios y en julio y agosto se habilitar\u00e1n oficinas permanentes para tramitar las tarjetas de residente\" \/>\n<meta property=\"og:url\" content=\"https:\/\/www.laguiadepamplona.com\/actualidad\/la-zona-azul-llegara-a-rochapea-norte-txantrea-y-san-jorge-en-el-mes-de-septiembre-regulando-mas-de-10-800-plazas-de-aparcamiento\/\" \/>\n<meta property=\"og:site_name\" content=\"La Gu\u00eda de Pamplona\" \/>\n<meta property=\"article:publisher\" content=\"https:\/\/www.facebook.com\/laguiadepamplonacom-133175176762273\/?ref=hl\" \/>\n<meta property=\"article:published_time\" content=\"2021-06-04T15:46:53+00:00\" \/>\n<meta property=\"article:modified_time\" content=\"2023-04-11T09:49:27+00:00\" \/>\n<meta property=\"og:image\" content=\"https:\/\/www.laguiadepamplona.com\/actualidad\/wp-content\/uploads\/2021\/06\/txantrea_0.jpg\" \/>\n\t<meta property=\"og:image:width\" content=\"2000\" \/>\n\t<meta property=\"og:image:height\" content=\"1367\" \/>\n\t<meta property=\"og:image:type\" content=\"image\/jpeg\" \/>\n<meta name=\"author\" content=\"La Gu\u00eda de Pamplona\" \/>\n<meta name=\"twitter:card\" content=\"summary_large_image\" \/>\n<meta name=\"twitter:creator\" content=\"@LaGuiadPamplona\" \/>\n<meta name=\"twitter:site\" content=\"@LaGuiadPamplona\" \/>\n<meta name=\"twitter:label1\" content=\"Escrito por\" \/>\n\t<meta name=\"twitter:data1\" content=\"La Gu\u00eda de Pamplona\" \/>\n\t<meta name=\"twitter:label2\" content=\"Tiempo de lectura\" \/>\n\t<meta name=\"twitter:data2\" content=\"8 minutos\" \/>\n<script type=\"application\/ld+json\" class=\"yoast-schema-graph\">{\"@context\":\"https:\\\/\\\/schema.org\",\"@graph\":[{\"@type\":\"Article\",\"@id\":\"https:\\\/\\\/www.laguiadepamplona.com\\\/actualidad\\\/la-zona-azul-llegara-a-rochapea-norte-txantrea-y-san-jorge-en-el-mes-de-septiembre-regulando-mas-de-10-800-plazas-de-aparcamiento\\\/#article\",\"isPartOf\":{\"@id\":\"https:\\\/\\\/www.laguiadepamplona.com\\\/actualidad\\\/la-zona-azul-llegara-a-rochapea-norte-txantrea-y-san-jorge-en-el-mes-de-septiembre-regulando-mas-de-10-800-plazas-de-aparcamiento\\\/\"},\"author\":{\"name\":\"La Gu\u00eda de Pamplona\",\"@id\":\"https:\\\/\\\/www.laguiadepamplona.com\\\/actualidad\\\/#\\\/schema\\\/person\\\/efe887376f0213d4657c93adc50b1fdb\"},\"headline\":\"La zona azul llegar\u00e1 a Rochapea Norte, Txantrea y San Jorge en el mes de septiembre, regulando m\u00e1s de 10.800 plazas de aparcamiento\",\"datePublished\":\"2021-06-04T15:46:53+00:00\",\"dateModified\":\"2023-04-11T09:49:27+00:00\",\"mainEntityOfPage\":{\"@id\":\"https:\\\/\\\/www.laguiadepamplona.com\\\/actualidad\\\/la-zona-azul-llegara-a-rochapea-norte-txantrea-y-san-jorge-en-el-mes-de-septiembre-regulando-mas-de-10-800-plazas-de-aparcamiento\\\/\"},\"wordCount\":1785,\"commentCount\":0,\"publisher\":{\"@id\":\"https:\\\/\\\/www.laguiadepamplona.com\\\/actualidad\\\/#organization\"},\"image\":{\"@id\":\"https:\\\/\\\/www.laguiadepamplona.com\\\/actualidad\\\/la-zona-azul-llegara-a-rochapea-norte-txantrea-y-san-jorge-en-el-mes-de-septiembre-regulando-mas-de-10-800-plazas-de-aparcamiento\\\/#primaryimage\"},\"thumbnailUrl\":\"https:\\\/\\\/www.laguiadepamplona.com\\\/actualidad\\\/wp-content\\\/uploads\\\/2021\\\/06\\\/txantrea_0.jpg\",\"articleSection\":[\"Ayto Pamplona\"],\"inLanguage\":\"es\",\"potentialAction\":[{\"@type\":\"CommentAction\",\"name\":\"Comment\",\"target\":[\"https:\\\/\\\/www.laguiadepamplona.com\\\/actualidad\\\/la-zona-azul-llegara-a-rochapea-norte-txantrea-y-san-jorge-en-el-mes-de-septiembre-regulando-mas-de-10-800-plazas-de-aparcamiento\\\/#respond\"]}]},{\"@type\":\"WebPage\",\"@id\":\"https:\\\/\\\/www.laguiadepamplona.com\\\/actualidad\\\/la-zona-azul-llegara-a-rochapea-norte-txantrea-y-san-jorge-en-el-mes-de-septiembre-regulando-mas-de-10-800-plazas-de-aparcamiento\\\/\",\"url\":\"https:\\\/\\\/www.laguiadepamplona.com\\\/actualidad\\\/la-zona-azul-llegara-a-rochapea-norte-txantrea-y-san-jorge-en-el-mes-de-septiembre-regulando-mas-de-10-800-plazas-de-aparcamiento\\\/\",\"name\":\"La zona azul llegar\u00e1 a Rochapea Norte, Txantrea y San Jorge en el mes de septiembre, regulando m\u00e1s de 10.800 plazas de aparcamiento\",\"isPartOf\":{\"@id\":\"https:\\\/\\\/www.laguiadepamplona.com\\\/actualidad\\\/#website\"},\"primaryImageOfPage\":{\"@id\":\"https:\\\/\\\/www.laguiadepamplona.com\\\/actualidad\\\/la-zona-azul-llegara-a-rochapea-norte-txantrea-y-san-jorge-en-el-mes-de-septiembre-regulando-mas-de-10-800-plazas-de-aparcamiento\\\/#primaryimage\"},\"image\":{\"@id\":\"https:\\\/\\\/www.laguiadepamplona.com\\\/actualidad\\\/la-zona-azul-llegara-a-rochapea-norte-txantrea-y-san-jorge-en-el-mes-de-septiembre-regulando-mas-de-10-800-plazas-de-aparcamiento\\\/#primaryimage\"},\"thumbnailUrl\":\"https:\\\/\\\/www.laguiadepamplona.com\\\/actualidad\\\/wp-content\\\/uploads\\\/2021\\\/06\\\/txantrea_0.jpg\",\"datePublished\":\"2021-06-04T15:46:53+00:00\",\"dateModified\":\"2023-04-11T09:49:27+00:00\",\"description\":\"Este mes habr\u00e1 sesiones informativas en los barrios y en julio y agosto se habilitar\u00e1n oficinas permanentes para tramitar las tarjetas de residente\",\"breadcrumb\":{\"@id\":\"https:\\\/\\\/www.laguiadepamplona.com\\\/actualidad\\\/la-zona-azul-llegara-a-rochapea-norte-txantrea-y-san-jorge-en-el-mes-de-septiembre-regulando-mas-de-10-800-plazas-de-aparcamiento\\\/#breadcrumb\"},\"inLanguage\":\"es\",\"potentialAction\":[{\"@type\":\"ReadAction\",\"target\":[\"https:\\\/\\\/www.laguiadepamplona.com\\\/actualidad\\\/la-zona-azul-llegara-a-rochapea-norte-txantrea-y-san-jorge-en-el-mes-de-septiembre-regulando-mas-de-10-800-plazas-de-aparcamiento\\\/\"]}]},{\"@type\":\"ImageObject\",\"inLanguage\":\"es\",\"@id\":\"https:\\\/\\\/www.laguiadepamplona.com\\\/actualidad\\\/la-zona-azul-llegara-a-rochapea-norte-txantrea-y-san-jorge-en-el-mes-de-septiembre-regulando-mas-de-10-800-plazas-de-aparcamiento\\\/#primaryimage\",\"url\":\"https:\\\/\\\/www.laguiadepamplona.com\\\/actualidad\\\/wp-content\\\/uploads\\\/2021\\\/06\\\/txantrea_0.jpg\",\"contentUrl\":\"https:\\\/\\\/www.laguiadepamplona.com\\\/actualidad\\\/wp-content\\\/uploads\\\/2021\\\/06\\\/txantrea_0.jpg\",\"width\":2000,\"height\":1367},{\"@type\":\"BreadcrumbList\",\"@id\":\"https:\\\/\\\/www.laguiadepamplona.com\\\/actualidad\\\/la-zona-azul-llegara-a-rochapea-norte-txantrea-y-san-jorge-en-el-mes-de-septiembre-regulando-mas-de-10-800-plazas-de-aparcamiento\\\/#breadcrumb\",\"itemListElement\":[{\"@type\":\"ListItem\",\"position\":1,\"name\":\"Portada\",\"item\":\"https:\\\/\\\/www.laguiadepamplona.com\\\/actualidad\\\/\"},{\"@type\":\"ListItem\",\"position\":2,\"name\":\"La zona azul llegar\u00e1 a Rochapea Norte, Txantrea y San Jorge en el mes de septiembre, regulando m\u00e1s de 10.800 plazas de aparcamiento\"}]},{\"@type\":\"WebSite\",\"@id\":\"https:\\\/\\\/www.laguiadepamplona.com\\\/actualidad\\\/#website\",\"url\":\"https:\\\/\\\/www.laguiadepamplona.com\\\/actualidad\\\/\",\"name\":\"La gu\u00eda de Pamplona\",\"description\":\"Noticias de Pamplona\",\"publisher\":{\"@id\":\"https:\\\/\\\/www.laguiadepamplona.com\\\/actualidad\\\/#organization\"},\"potentialAction\":[{\"@type\":\"SearchAction\",\"target\":{\"@type\":\"EntryPoint\",\"urlTemplate\":\"https:\\\/\\\/www.laguiadepamplona.com\\\/actualidad\\\/?s={search_term_string}\"},\"query-input\":{\"@type\":\"PropertyValueSpecification\",\"valueRequired\":true,\"valueName\":\"search_term_string\"}}],\"inLanguage\":\"es\"},{\"@type\":\"Organization\",\"@id\":\"https:\\\/\\\/www.laguiadepamplona.com\\\/actualidad\\\/#organization\",\"name\":\"La Gu\u00eda de Pamplona \\\/ Noticias\",\"url\":\"https:\\\/\\\/www.laguiadepamplona.com\\\/actualidad\\\/\",\"logo\":{\"@type\":\"ImageObject\",\"inLanguage\":\"es\",\"@id\":\"https:\\\/\\\/www.laguiadepamplona.com\\\/actualidad\\\/#\\\/schema\\\/logo\\\/image\\\/\",\"url\":\"https:\\\/\\\/www.laguiadepamplona.com\\\/actualidad\\\/wp-content\\\/uploads\\\/2018\\\/11\\\/logo-laguiadepamplona18-web1.png\",\"contentUrl\":\"https:\\\/\\\/www.laguiadepamplona.com\\\/actualidad\\\/wp-content\\\/uploads\\\/2018\\\/11\\\/logo-laguiadepamplona18-web1.png\",\"width\":600,\"height\":196,\"caption\":\"La Gu\u00eda de Pamplona \\\/ Noticias\"},\"image\":{\"@id\":\"https:\\\/\\\/www.laguiadepamplona.com\\\/actualidad\\\/#\\\/schema\\\/logo\\\/image\\\/\"},\"sameAs\":[\"https:\\\/\\\/www.facebook.com\\\/laguiadepamplonacom-133175176762273\\\/?ref=hl\",\"https:\\\/\\\/x.com\\\/LaGuiadPamplona\",\"https:\\\/\\\/www.instagram.com\\\/la_guia_de_pamplona\\\/\",\"https:\\\/\\\/www.youtube.com\\\/user\\\/laguiadepamplona\"]},{\"@type\":\"Person\",\"@id\":\"https:\\\/\\\/www.laguiadepamplona.com\\\/actualidad\\\/#\\\/schema\\\/person\\\/efe887376f0213d4657c93adc50b1fdb\",\"name\":\"La Gu\u00eda de Pamplona\",\"image\":{\"@type\":\"ImageObject\",\"inLanguage\":\"es\",\"@id\":\"https:\\\/\\\/secure.gravatar.com\\\/avatar\\\/b6992f131dc8d30ab0dff15446e9d346d9dbd95992de0fef795073f5ea83a81c?s=96&d=mm&r=g\",\"url\":\"https:\\\/\\\/secure.gravatar.com\\\/avatar\\\/b6992f131dc8d30ab0dff15446e9d346d9dbd95992de0fef795073f5ea83a81c?s=96&d=mm&r=g\",\"contentUrl\":\"https:\\\/\\\/secure.gravatar.com\\\/avatar\\\/b6992f131dc8d30ab0dff15446e9d346d9dbd95992de0fef795073f5ea83a81c?s=96&d=mm&r=g\",\"caption\":\"La Gu\u00eda de Pamplona\"}}]}<\/script>\n<!-- \/ Yoast SEO plugin. -->","yoast_head_json":{"title":"La zona azul llegar\u00e1 a Rochapea Norte, Txantrea y San Jorge en el mes de septiembre, regulando m\u00e1s de 10.800 plazas de aparcamiento","description":"Este mes habr\u00e1 sesiones informativas en los barrios y en julio y agosto se habilitar\u00e1n oficinas permanentes para tramitar las tarjetas de residente","robots":{"index":"index","follow":"follow","max-snippet":"max-snippet:-1","max-image-preview":"max-image-preview:large","max-video-preview":"max-video-preview:-1"},"canonical":"https:\/\/www.laguiadepamplona.com\/actualidad\/la-zona-azul-llegara-a-rochapea-norte-txantrea-y-san-jorge-en-el-mes-de-septiembre-regulando-mas-de-10-800-plazas-de-aparcamiento\/","og_locale":"es_ES","og_type":"article","og_title":"La zona azul llegar\u00e1 a Rochapea Norte, Txantrea y San Jorge en el mes de septiembre, regulando m\u00e1s de 10.800 plazas de aparcamiento","og_description":"Este mes habr\u00e1 sesiones informativas en los barrios y en julio y agosto se habilitar\u00e1n oficinas permanentes para tramitar las tarjetas de residente","og_url":"https:\/\/www.laguiadepamplona.com\/actualidad\/la-zona-azul-llegara-a-rochapea-norte-txantrea-y-san-jorge-en-el-mes-de-septiembre-regulando-mas-de-10-800-plazas-de-aparcamiento\/","og_site_name":"La Gu\u00eda de Pamplona","article_publisher":"https:\/\/www.facebook.com\/laguiadepamplonacom-133175176762273\/?ref=hl","article_published_time":"2021-06-04T15:46:53+00:00","article_modified_time":"2023-04-11T09:49:27+00:00","og_image":[{"width":2000,"height":1367,"url":"https:\/\/www.laguiadepamplona.com\/actualidad\/wp-content\/uploads\/2021\/06\/txantrea_0.jpg","type":"image\/jpeg"}],"author":"La Gu\u00eda de Pamplona","twitter_card":"summary_large_image","twitter_creator":"@LaGuiadPamplona","twitter_site":"@LaGuiadPamplona","twitter_misc":{"Escrito por":"La Gu\u00eda de Pamplona","Tiempo de lectura":"8 minutos"},"schema":{"@context":"https:\/\/schema.org","@graph":[{"@type":"Article","@id":"https:\/\/www.laguiadepamplona.com\/actualidad\/la-zona-azul-llegara-a-rochapea-norte-txantrea-y-san-jorge-en-el-mes-de-septiembre-regulando-mas-de-10-800-plazas-de-aparcamiento\/#article","isPartOf":{"@id":"https:\/\/www.laguiadepamplona.com\/actualidad\/la-zona-azul-llegara-a-rochapea-norte-txantrea-y-san-jorge-en-el-mes-de-septiembre-regulando-mas-de-10-800-plazas-de-aparcamiento\/"},"author":{"name":"La Gu\u00eda de Pamplona","@id":"https:\/\/www.laguiadepamplona.com\/actualidad\/#\/schema\/person\/efe887376f0213d4657c93adc50b1fdb"},"headline":"La zona azul llegar\u00e1 a Rochapea Norte, Txantrea y San Jorge en el mes de septiembre, regulando m\u00e1s de 10.800 plazas de aparcamiento","datePublished":"2021-06-04T15:46:53+00:00","dateModified":"2023-04-11T09:49:27+00:00","mainEntityOfPage":{"@id":"https:\/\/www.laguiadepamplona.com\/actualidad\/la-zona-azul-llegara-a-rochapea-norte-txantrea-y-san-jorge-en-el-mes-de-septiembre-regulando-mas-de-10-800-plazas-de-aparcamiento\/"},"wordCount":1785,"commentCount":0,"publisher":{"@id":"https:\/\/www.laguiadepamplona.com\/actualidad\/#organization"},"image":{"@id":"https:\/\/www.laguiadepamplona.com\/actualidad\/la-zona-azul-llegara-a-rochapea-norte-txantrea-y-san-jorge-en-el-mes-de-septiembre-regulando-mas-de-10-800-plazas-de-aparcamiento\/#primaryimage"},"thumbnailUrl":"https:\/\/www.laguiadepamplona.com\/actualidad\/wp-content\/uploads\/2021\/06\/txantrea_0.jpg","articleSection":["Ayto Pamplona"],"inLanguage":"es","potentialAction":[{"@type":"CommentAction","name":"Comment","target":["https:\/\/www.laguiadepamplona.com\/actualidad\/la-zona-azul-llegara-a-rochapea-norte-txantrea-y-san-jorge-en-el-mes-de-septiembre-regulando-mas-de-10-800-plazas-de-aparcamiento\/#respond"]}]},{"@type":"WebPage","@id":"https:\/\/www.laguiadepamplona.com\/actualidad\/la-zona-azul-llegara-a-rochapea-norte-txantrea-y-san-jorge-en-el-mes-de-septiembre-regulando-mas-de-10-800-plazas-de-aparcamiento\/","url":"https:\/\/www.laguiadepamplona.com\/actualidad\/la-zona-azul-llegara-a-rochapea-norte-txantrea-y-san-jorge-en-el-mes-de-septiembre-regulando-mas-de-10-800-plazas-de-aparcamiento\/","name":"La zona azul llegar\u00e1 a Rochapea Norte, Txantrea y San Jorge en el mes de septiembre, regulando m\u00e1s de 10.800 plazas de aparcamiento","isPartOf":{"@id":"https:\/\/www.laguiadepamplona.com\/actualidad\/#website"},"primaryImageOfPage":{"@id":"https:\/\/www.laguiadepamplona.com\/actualidad\/la-zona-azul-llegara-a-rochapea-norte-txantrea-y-san-jorge-en-el-mes-de-septiembre-regulando-mas-de-10-800-plazas-de-aparcamiento\/#primaryimage"},"image":{"@id":"https:\/\/www.laguiadepamplona.com\/actualidad\/la-zona-azul-llegara-a-rochapea-norte-txantrea-y-san-jorge-en-el-mes-de-septiembre-regulando-mas-de-10-800-plazas-de-aparcamiento\/#primaryimage"},"thumbnailUrl":"https:\/\/www.laguiadepamplona.com\/actualidad\/wp-content\/uploads\/2021\/06\/txantrea_0.jpg","datePublished":"2021-06-04T15:46:53+00:00","dateModified":"2023-04-11T09:49:27+00:00","description":"Este mes habr\u00e1 sesiones informativas en los barrios y en julio y agosto se habilitar\u00e1n oficinas permanentes para tramitar las tarjetas de residente","breadcrumb":{"@id":"https:\/\/www.laguiadepamplona.com\/actualidad\/la-zona-azul-llegara-a-rochapea-norte-txantrea-y-san-jorge-en-el-mes-de-septiembre-regulando-mas-de-10-800-plazas-de-aparcamiento\/#breadcrumb"},"inLanguage":"es","potentialAction":[{"@type":"ReadAction","target":["https:\/\/www.laguiadepamplona.com\/actualidad\/la-zona-azul-llegara-a-rochapea-norte-txantrea-y-san-jorge-en-el-mes-de-septiembre-regulando-mas-de-10-800-plazas-de-aparcamiento\/"]}]},{"@type":"ImageObject","inLanguage":"es","@id":"https:\/\/www.laguiadepamplona.com\/actualidad\/la-zona-azul-llegara-a-rochapea-norte-txantrea-y-san-jorge-en-el-mes-de-septiembre-regulando-mas-de-10-800-plazas-de-aparcamiento\/#primaryimage","url":"https:\/\/www.laguiadepamplona.com\/actualidad\/wp-content\/uploads\/2021\/06\/txantrea_0.jpg","contentUrl":"https:\/\/www.laguiadepamplona.com\/actualidad\/wp-content\/uploads\/2021\/06\/txantrea_0.jpg","width":2000,"height":1367},{"@type":"BreadcrumbList","@id":"https:\/\/www.laguiadepamplona.com\/actualidad\/la-zona-azul-llegara-a-rochapea-norte-txantrea-y-san-jorge-en-el-mes-de-septiembre-regulando-mas-de-10-800-plazas-de-aparcamiento\/#breadcrumb","itemListElement":[{"@type":"ListItem","position":1,"name":"Portada","item":"https:\/\/www.laguiadepamplona.com\/actualidad\/"},{"@type":"ListItem","position":2,"name":"La zona azul llegar\u00e1 a Rochapea Norte, Txantrea y San Jorge en el mes de septiembre, regulando m\u00e1s de 10.800 plazas de aparcamiento"}]},{"@type":"WebSite","@id":"https:\/\/www.laguiadepamplona.com\/actualidad\/#website","url":"https:\/\/www.laguiadepamplona.com\/actualidad\/","name":"La gu\u00eda de Pamplona","description":"Noticias de Pamplona","publisher":{"@id":"https:\/\/www.laguiadepamplona.com\/actualidad\/#organization"},"potentialAction":[{"@type":"SearchAction","target":{"@type":"EntryPoint","urlTemplate":"https:\/\/www.laguiadepamplona.com\/actualidad\/?s={search_term_string}"},"query-input":{"@type":"PropertyValueSpecification","valueRequired":true,"valueName":"search_term_string"}}],"inLanguage":"es"},{"@type":"Organization","@id":"https:\/\/www.laguiadepamplona.com\/actualidad\/#organization","name":"La Gu\u00eda de Pamplona \/ Noticias","url":"https:\/\/www.laguiadepamplona.com\/actualidad\/","logo":{"@type":"ImageObject","inLanguage":"es","@id":"https:\/\/www.laguiadepamplona.com\/actualidad\/#\/schema\/logo\/image\/","url":"https:\/\/www.laguiadepamplona.com\/actualidad\/wp-content\/uploads\/2018\/11\/logo-laguiadepamplona18-web1.png","contentUrl":"https:\/\/www.laguiadepamplona.com\/actualidad\/wp-content\/uploads\/2018\/11\/logo-laguiadepamplona18-web1.png","width":600,"height":196,"caption":"La Gu\u00eda de Pamplona \/ Noticias"},"image":{"@id":"https:\/\/www.laguiadepamplona.com\/actualidad\/#\/schema\/logo\/image\/"},"sameAs":["https:\/\/www.facebook.com\/laguiadepamplonacom-133175176762273\/?ref=hl","https:\/\/x.com\/LaGuiadPamplona","https:\/\/www.instagram.com\/la_guia_de_pamplona\/","https:\/\/www.youtube.com\/user\/laguiadepamplona"]},{"@type":"Person","@id":"https:\/\/www.laguiadepamplona.com\/actualidad\/#\/schema\/person\/efe887376f0213d4657c93adc50b1fdb","name":"La Gu\u00eda de Pamplona","image":{"@type":"ImageObject","inLanguage":"es","@id":"https:\/\/secure.gravatar.com\/avatar\/b6992f131dc8d30ab0dff15446e9d346d9dbd95992de0fef795073f5ea83a81c?s=96&d=mm&r=g","url":"https:\/\/secure.gravatar.com\/avatar\/b6992f131dc8d30ab0dff15446e9d346d9dbd95992de0fef795073f5ea83a81c?s=96&d=mm&r=g","contentUrl":"https:\/\/secure.gravatar.com\/avatar\/b6992f131dc8d30ab0dff15446e9d346d9dbd95992de0fef795073f5ea83a81c?s=96&d=mm&r=g","caption":"La Gu\u00eda de Pamplona"}}]}},"post_mailing_queue_ids":[],"_links":{"self":[{"href":"https:\/\/www.laguiadepamplona.com\/actualidad\/wp-json\/wp\/v2\/posts\/35260","targetHints":{"allow":["GET"]}}],"collection":[{"href":"https:\/\/www.laguiadepamplona.com\/actualidad\/wp-json\/wp\/v2\/posts"}],"about":[{"href":"https:\/\/www.laguiadepamplona.com\/actualidad\/wp-json\/wp\/v2\/types\/post"}],"author":[{"embeddable":true,"href":"https:\/\/www.laguiadepamplona.com\/actualidad\/wp-json\/wp\/v2\/users\/1"}],"replies":[{"embeddable":true,"href":"https:\/\/www.laguiadepamplona.com\/actualidad\/wp-json\/wp\/v2\/comments?post=35260"}],"version-history":[{"count":0,"href":"https:\/\/www.laguiadepamplona.com\/actualidad\/wp-json\/wp\/v2\/posts\/35260\/revisions"}],"wp:featuredmedia":[{"embeddable":true,"href":"https:\/\/www.laguiadepamplona.com\/actualidad\/wp-json\/wp\/v2\/media\/35263"}],"wp:attachment":[{"href":"https:\/\/www.laguiadepamplona.com\/actualidad\/wp-json\/wp\/v2\/media?parent=35260"}],"wp:term":[{"taxonomy":"category","embeddable":true,"href":"https:\/\/www.laguiadepamplona.com\/actualidad\/wp-json\/wp\/v2\/categories?post=35260"},{"taxonomy":"post_tag","embeddable":true,"href":"https:\/\/www.laguiadepamplona.com\/actualidad\/wp-json\/wp\/v2\/tags?post=35260"}],"curies":[{"name":"wp","href":"https:\/\/api.w.org\/{rel}","templated":true}]}}