{"id":35256,"date":"2021-06-04T17:40:03","date_gmt":"2021-06-04T15:40:03","guid":{"rendered":"https:\/\/www.laguiadepamplona.com\/actualidad\/?p=35256"},"modified":"2023-04-11T11:49:27","modified_gmt":"2023-04-11T09:49:27","slug":"estampar-con-frutas-o-recuperar-el-bordado-tradicional-para-customizar-el-fondo-de-armario-dos-de-los-cursos-que-se-impartiran-este-agosto-en-la-casa-de-la-juventud","status":"publish","type":"post","link":"https:\/\/www.laguiadepamplona.com\/actualidad\/estampar-con-frutas-o-recuperar-el-bordado-tradicional-para-customizar-el-fondo-de-armario-dos-de-los-cursos-que-se-impartiran-este-agosto-en-la-casa-de-la-juventud\/","title":{"rendered":"Estampar con frutas o recuperar el bordado tradicional para customizar el fondo de armario: dos de los cursos que se impartir\u00e1n este agosto en la Casa de la Juventud"},"content":{"rendered":"<h5>El lunes 7 de junio se abre el plazo de inscripci\u00f3n para seis cursos de verano y cuatro talleres gratuitos de inform\u00e1tica para j\u00f3venes de 14 a 30 a\u00f1os<\/h5>\n<p><!--more--><\/p>\n<p><img loading=\"lazy\" decoding=\"async\" class=\"alignleft size-medium wp-image-35257\" src=\"https:\/\/www.laguiadepamplona.com\/actualidad\/wp-content\/uploads\/2021\/06\/21.06.04_cursos_verano_juventud_cartel-212x300.jpg\" alt=\"\" width=\"212\" height=\"300\" srcset=\"https:\/\/www.laguiadepamplona.com\/actualidad\/wp-content\/uploads\/2021\/06\/21.06.04_cursos_verano_juventud_cartel-212x300.jpg 212w, https:\/\/www.laguiadepamplona.com\/actualidad\/wp-content\/uploads\/2021\/06\/21.06.04_cursos_verano_juventud_cartel-482x682.jpg 482w, https:\/\/www.laguiadepamplona.com\/actualidad\/wp-content\/uploads\/2021\/06\/21.06.04_cursos_verano_juventud_cartel-768x1086.jpg 768w, https:\/\/www.laguiadepamplona.com\/actualidad\/wp-content\/uploads\/2021\/06\/21.06.04_cursos_verano_juventud_cartel-1086x1536.jpg 1086w, https:\/\/www.laguiadepamplona.com\/actualidad\/wp-content\/uploads\/2021\/06\/21.06.04_cursos_verano_juventud_cartel-640x905.jpg 640w, https:\/\/www.laguiadepamplona.com\/actualidad\/wp-content\/uploads\/2021\/06\/21.06.04_cursos_verano_juventud_cartel.jpg 1131w\" sizes=\"auto, (max-width: 212px) 100vw, 212px\" \/>Este pr\u00f3ximo lunes 7 de junio se abre el plazo de inscripci\u00f3n para los cursos y talleres que la Casa de la Juventud ha programado para el verano de 2021. En total se ofrecen 128 plazas, repartidas entre 6 cursos y 4 talleres gratuitos de inform\u00e1tica para j\u00f3venes de 14 a 30 a\u00f1os. Todas las actividades se desarrollar\u00e1n en tardes del mes de agosto.<\/p>\n<p>En esta edici\u00f3n veraniega, y dada la normativa de seguridad sanitaria, se ha reducido el n\u00famero de plazas tanto en los cursos como en los talleres, adapt\u00e1ndolos a los aforos permitidos. Las salas y las actividades estar\u00e1n siempre adaptadas a los requisitos que marque en cada momento la legislaci\u00f3n. El precio de los cursos var\u00eda, desde los 10,80 a los 26,40 euros, dependiendo del n\u00famero de horas previstas para la actividad y, tambi\u00e9n, de la edad de quien se inscribe. Los menores, de 14 a 18 a\u00f1os, tienen un precio especial.<\/p>\n<p>Para apuntarse a cualquiera de estas iniciativas se debe acudir con el DNI, hasta el 30 de julio, a la Casa de la Juventud (calle Sang\u00fcesa 30).<\/p>\n<p><script async src=\"\/\/pagead2.googlesyndication.com\/pagead\/js\/adsbygoogle.js\"><\/script><br \/>\n<!-- Noticias La Guia de Pamplona --><br \/>\n<ins class=\"adsbygoogle\"\nstyle=\"display:block\"\ndata-ad-client=\"ca-pub-6943679897239327\"\ndata-ad-slot=\"7048180777\"\ndata-ad-format=\"auto\"><\/ins><br \/>\n<script>\n(adsbygoogle = window.adsbygoogle || []).push({});\n<\/script><\/p>\n<p><strong>Un mes de agosto para aprender disfrutando<\/strong><\/p>\n<p>La oferta de cursos para este verano recoge el cl\u00e1sico \u201cPlantas medicinales de la estaci\u00f3n\u201d, en cuyo desarrollo se realizar\u00e1n salidas por los alrededores de Pamplona y tambi\u00e9n sesiones te\u00f3rico-pr\u00e1cticas de \u201cFotograf\u00eda\u201d; \u201cTeatro\u201d, un curso en el que se realizar\u00e1n ejercicios de t\u00e9cnicas de voz, improvisaci\u00f3n y creatividad, y \u201cCer\u00e1mica de secado al aire libre\u201d (en euskera). Este 2021 se ofrecen tambi\u00e9n dos contenidos que se estrenan en la programaci\u00f3n de la Casa de la Juventud: \u201cBordado Creativo: Personaliza tu ropa\u201d y \u201cGrabado para principiantes\u201d. Todos los cursos tienen diferentes horarios de desarrollo de lunes a jueves, entre las 18 y las 20.50 horas, siempre durante el mes de agosto.<\/p>\n<p>A esta propuesta se suma la de cuatro talleres gratuitos de inform\u00e1tica, con 12 plazas cada uno, que se impartir\u00e1n en la Ciberaula: \u201cProgramaci\u00f3n b\u00e1sica con Python I y II\u201d (con editor VSCode), \u201cArreglos b\u00e1sicos para tu PC\u201d, y \u201cAprende a crear p\u00e1ginas web\u201d (HTML\/CSS3). Todos los talleres se impartir\u00e1n en martes y jueves de agosto, de 19 a 20.50 horas.<\/p>\n<p>Estos contenidos estar\u00e1n a cargo de Jos\u00e9 Antonio Vidaurre, especialista en \u00e1rboles, plantas medicinales y aromaterapia; Mikel Tolosana, titulado en sistemas de telecomunicaci\u00f3n e inform\u00e1ticos y operador de c\u00e1mara; Ferm\u00edn Cari\u00f1ena, actor y director; Leyre Monge, estudiante de \u201cDise\u00f1o de Moda\u201d en la Escuela Superior de Dise\u00f1o de la Rioja y Garazi Valluerca. Licenciada en Bellas Artes por la Universidad de Bilbao. Los talleres de inform\u00e1tica los ofrecer\u00e1 I\u00f1aki Irujo, responsable de la Ciberaula de la Casa.<\/p>\n<p><script async src=\"\/\/pagead2.googlesyndication.com\/pagead\/js\/adsbygoogle.js\"><\/script><br \/>\n<!-- Noticias La Guia de Pamplona --><br \/>\n<ins class=\"adsbygoogle\"\nstyle=\"display:block\"\ndata-ad-client=\"ca-pub-6943679897239327\"\ndata-ad-slot=\"7048180777\"\ndata-ad-format=\"auto\"><\/ins><br \/>\n<script>\n(adsbygoogle = window.adsbygoogle || []).push({});\n<\/script><\/p>\n<p><strong>Los dos talleres nuevos: bordado y grabado<\/strong><\/p>\n<p>Leyre Monge, estudiante de \u201cDise\u00f1o de Moda\u201d en la Escuela Superior de Dise\u00f1o de la Rioja ofrecer\u00e1 los martes y jueves de agosto, del 3 al 26, el curso \u201cBordado creativo: Personaliza tu ropa\u201d. Durante las 16 horas de desarrollo ense\u00f1ar\u00e1 desde cero las diferentes t\u00e9cnicas de bordado con las que se puede personalizar la ropa. Se comenzar\u00e1 con las puntadas b\u00e1sicas para ir, poco a poco, profundizando en tareas m\u00e1s complejas, de forma que quienes asistan puedan acabar personalizando su ropa, d\u00e1ndole una segunda vida a prendas que tienen ya un tiempo en el armario. Esta actividad a\u00fana reutilizaci\u00f3n y respeto al medio ambiente con el desarrollo de la creatividad personal.<\/p>\n<p>Por su parte Garazi Valluerca, Licenciada en Bellas Artes por la Universidad de Bilbao con una ERASMUS en Venecia, impartir\u00e1 12 horas de un \u201cTaller de grabado para principiantes\u201d., los lunes y mi\u00e9rcoles de agosto, de 19 a 20.50 horas. Tambi\u00e9n el respecto al medioambiente ser\u00e1 importante en este contenido ya que se emplear\u00e1n t\u00e9cnicas caseras, naturales y con elementos de reciclaje, para desarrollar grabados y diferentes estampas. Entre los diferentes m\u00e9todos destacan los de estampaci\u00f3n con verduras y frutas; el de creaci\u00f3n de sellos personales a trav\u00e9s de patrones de objetos caseros; el de linograf\u00eda (t\u00e9cnica art\u00edstica cuya plancha matriz, de la que se obtiene la imagen, est\u00e1 fabricada en lin\u00f3leo, aunque tambi\u00e9n puede utilizarse la madera y ser recubierta por el material proveniente del aceite de lino); la xilograf\u00eda (o grabado en madera); la t\u00e9cnica de punta seca; o el transfer (que permite grabar en base fotogr\u00e1fica).<\/p>\n<p><script async src=\"\/\/pagead2.googlesyndication.com\/pagead\/js\/adsbygoogle.js\"><\/script><br \/>\n<!-- Noticias La Guia de Pamplona --><br \/>\n<ins class=\"adsbygoogle\"\nstyle=\"display:block\"\ndata-ad-client=\"ca-pub-6943679897239327\"\ndata-ad-slot=\"7048180777\"\ndata-ad-format=\"auto\"><\/ins><br \/>\n<script>\n(adsbygoogle = window.adsbygoogle || []).push({});\n<\/script><\/p>\n<p>&nbsp;<\/p>\n<h3>Cursos, talleres y horarios<\/h3>\n<p><span style=\"color: #ff0000;\"><strong>CURSOS<\/strong><\/span><\/p>\n<p><span style=\"color: #ff0000;\"><strong>Plantas medicinales de verano<\/strong><\/span><\/p>\n<ul>\n<li>Lunes y mi\u00e9rcoles, desde el 2 al 25 de agosto, de 18 a 20.50 horas<\/li>\n<li>Precio: De 14 a 18 a\u00f1os, 21,60\u20ac; De 18 a 30: 26,40\u20ac<\/li>\n<\/ul>\n<p><span style=\"color: #ff0000;\"><strong>Fotograf\u00eda<\/strong><\/span><\/p>\n<ul>\n<li>Martes y jueves, desde el 3 al 26 de agosto, de 18 a 20.50 horas<\/li>\n<li>Precio: De 14 a 18 a\u00f1os, 21,60\u20ac; De 18 a 30: 26,40\u20ac<\/li>\n<\/ul>\n<p><span style=\"color: #ff0000;\"><strong>Teatro<\/strong><\/span><\/p>\n<ul>\n<li>Lunes, mi\u00e9rcoles y jueves desde el 2 al 26 de agosto, de 18 a 20.50 horas<\/li>\n<li>Precio: De 14 a 18 a\u00f1os, 21,60\u20ac; De 18 a 30: 26,40\u20ac<\/li>\n<\/ul>\n<p><span style=\"color: #ff0000;\"><strong>Bordado creativo: Personaliza tu ropa<\/strong><\/span><\/p>\n<ul>\n<li>Martes y jueves, desde el 3 al 26 de agosto, de 19 a 20.50 horas<\/li>\n<li>Precio: De 14 a 18 a\u00f1os, 14,40\u20ac; De 18 a 30: 17,60\u20ac<\/li>\n<\/ul>\n<p><span style=\"color: #ff0000;\"><strong>Grabado para principiantes<\/strong><\/span><\/p>\n<ul>\n<li>Lunes y mi\u00e9rcoles, desde el 2 al 18 de agosto, de 19 a 20.50 horas<\/li>\n<li>Precio: De 14 a 18 a\u00f1os, 10,80\u20ac; De 18 a 30: 13,20\u20ac<\/li>\n<\/ul>\n<p><span style=\"color: #ff0000;\"><strong>Taller de Cer\u00e1mica de secado al aire libre (euskera)<\/strong><\/span><\/p>\n<ul>\n<li>Martes y jueves, desde el 3 al 19 de agosto, de 19 a 20.50 horas<\/li>\n<li>Precio: De 14 a 18 a\u00f1os, 10,80\u20ac; De 18 a 30: 13,20\u20ac<\/li>\n<\/ul>\n<p><span style=\"color: #ff0000;\"><strong>TALLERES<\/strong><\/span><\/p>\n<p>Los talleres de inform\u00e1tica son gratuitos, los martes y jueves de agosto, de 19 a 20.50 horas<\/p>\n<p><span style=\"color: #ff0000;\"><strong>\u201cProgramaci\u00f3n b\u00e1sica en Python I\u201d. <\/strong><\/span>3 y 5 de agosto<\/p>\n<p><span style=\"color: #ff0000;\"><strong>\u201cProgramaci\u00f3n b\u00e1sica en Python II\u201d. <\/strong><\/span>10 y 12 de agosto<\/p>\n<p><strong><span style=\"color: #ff0000;\">\u201cArreglos b\u00e1sicos para tu PC\u201d.<\/span> <\/strong>17 y 19 de agosto<\/p>\n<p><strong><span style=\"color: #ff0000;\">\u201cAprende a crear p\u00e1ginas web\u201d.<\/span> <\/strong>24 y 26 de agosto<\/p>\n","protected":false},"excerpt":{"rendered":"<p>El lunes 7 de junio se abre el plazo de inscripci\u00f3n para seis cursos de verano y cuatro talleres gratuitos de inform\u00e1tica para j\u00f3venes de 14 a 30 a\u00f1os<\/p>\n","protected":false},"author":1,"featured_media":35258,"comment_status":"open","ping_status":"closed","sticky":false,"template":"","format":"standard","meta":{"footnotes":""},"categories":[2],"tags":[],"class_list":["post-35256","post","type-post","status-publish","format-standard","has-post-thumbnail","hentry","category-ayuntamiento-pamplona"],"yoast_head":"<!-- This site is optimized with the Yoast SEO plugin v27.3 - https:\/\/yoast.com\/product\/yoast-seo-wordpress\/ -->\n<title>Estampar con frutas o recuperar el bordado tradicional para customizar el fondo de armario: dos de los cursos que se impartir\u00e1n este agosto en la Casa de la Juventud<\/title>\n<meta name=\"description\" content=\"El lunes 7 de junio se abre el plazo de inscripci\u00f3n para seis cursos de verano y cuatro talleres gratuitos de inform\u00e1tica para j\u00f3venes de 14 a 30 a\u00f1os\" \/>\n<meta name=\"robots\" content=\"index, follow, max-snippet:-1, max-image-preview:large, max-video-preview:-1\" \/>\n<link rel=\"canonical\" href=\"https:\/\/www.laguiadepamplona.com\/actualidad\/estampar-con-frutas-o-recuperar-el-bordado-tradicional-para-customizar-el-fondo-de-armario-dos-de-los-cursos-que-se-impartiran-este-agosto-en-la-casa-de-la-juventud\/\" \/>\n<meta property=\"og:locale\" content=\"es_ES\" \/>\n<meta property=\"og:type\" content=\"article\" \/>\n<meta property=\"og:title\" content=\"Estampar con frutas o recuperar el bordado tradicional para customizar el fondo de armario: dos de los cursos que se impartir\u00e1n este agosto en la Casa de la Juventud\" \/>\n<meta property=\"og:description\" content=\"El lunes 7 de junio se abre el plazo de inscripci\u00f3n para seis cursos de verano y cuatro talleres gratuitos de inform\u00e1tica para j\u00f3venes de 14 a 30 a\u00f1os\" \/>\n<meta property=\"og:url\" content=\"https:\/\/www.laguiadepamplona.com\/actualidad\/estampar-con-frutas-o-recuperar-el-bordado-tradicional-para-customizar-el-fondo-de-armario-dos-de-los-cursos-que-se-impartiran-este-agosto-en-la-casa-de-la-juventud\/\" \/>\n<meta property=\"og:site_name\" content=\"La Gu\u00eda de Pamplona\" \/>\n<meta property=\"article:publisher\" content=\"https:\/\/www.facebook.com\/laguiadepamplonacom-133175176762273\/?ref=hl\" \/>\n<meta property=\"article:published_time\" content=\"2021-06-04T15:40:03+00:00\" \/>\n<meta property=\"article:modified_time\" content=\"2023-04-11T09:49:27+00:00\" \/>\n<meta property=\"og:image\" content=\"https:\/\/www.laguiadepamplona.com\/actualidad\/wp-content\/uploads\/2021\/06\/21.06.04_cursos_verano_juventud_cartel1.jpg\" \/>\n\t<meta property=\"og:image:width\" content=\"1587\" \/>\n\t<meta property=\"og:image:height\" content=\"802\" \/>\n\t<meta property=\"og:image:type\" content=\"image\/jpeg\" \/>\n<meta name=\"author\" content=\"La Gu\u00eda de Pamplona\" \/>\n<meta name=\"twitter:card\" content=\"summary_large_image\" \/>\n<meta name=\"twitter:creator\" content=\"@LaGuiadPamplona\" \/>\n<meta name=\"twitter:site\" content=\"@LaGuiadPamplona\" \/>\n<meta name=\"twitter:label1\" content=\"Escrito por\" \/>\n\t<meta name=\"twitter:data1\" content=\"La Gu\u00eda de Pamplona\" \/>\n\t<meta name=\"twitter:label2\" content=\"Tiempo de lectura\" \/>\n\t<meta name=\"twitter:data2\" content=\"5 minutos\" \/>\n<script type=\"application\/ld+json\" class=\"yoast-schema-graph\">{\"@context\":\"https:\\\/\\\/schema.org\",\"@graph\":[{\"@type\":\"Article\",\"@id\":\"https:\\\/\\\/www.laguiadepamplona.com\\\/actualidad\\\/estampar-con-frutas-o-recuperar-el-bordado-tradicional-para-customizar-el-fondo-de-armario-dos-de-los-cursos-que-se-impartiran-este-agosto-en-la-casa-de-la-juventud\\\/#article\",\"isPartOf\":{\"@id\":\"https:\\\/\\\/www.laguiadepamplona.com\\\/actualidad\\\/estampar-con-frutas-o-recuperar-el-bordado-tradicional-para-customizar-el-fondo-de-armario-dos-de-los-cursos-que-se-impartiran-este-agosto-en-la-casa-de-la-juventud\\\/\"},\"author\":{\"name\":\"La Gu\u00eda de Pamplona\",\"@id\":\"https:\\\/\\\/www.laguiadepamplona.com\\\/actualidad\\\/#\\\/schema\\\/person\\\/efe887376f0213d4657c93adc50b1fdb\"},\"headline\":\"Estampar con frutas o recuperar el bordado tradicional para customizar el fondo de armario: dos de los cursos que se impartir\u00e1n este agosto en la Casa de la Juventud\",\"datePublished\":\"2021-06-04T15:40:03+00:00\",\"dateModified\":\"2023-04-11T09:49:27+00:00\",\"mainEntityOfPage\":{\"@id\":\"https:\\\/\\\/www.laguiadepamplona.com\\\/actualidad\\\/estampar-con-frutas-o-recuperar-el-bordado-tradicional-para-customizar-el-fondo-de-armario-dos-de-los-cursos-que-se-impartiran-este-agosto-en-la-casa-de-la-juventud\\\/\"},\"wordCount\":1010,\"commentCount\":0,\"publisher\":{\"@id\":\"https:\\\/\\\/www.laguiadepamplona.com\\\/actualidad\\\/#organization\"},\"image\":{\"@id\":\"https:\\\/\\\/www.laguiadepamplona.com\\\/actualidad\\\/estampar-con-frutas-o-recuperar-el-bordado-tradicional-para-customizar-el-fondo-de-armario-dos-de-los-cursos-que-se-impartiran-este-agosto-en-la-casa-de-la-juventud\\\/#primaryimage\"},\"thumbnailUrl\":\"https:\\\/\\\/www.laguiadepamplona.com\\\/actualidad\\\/wp-content\\\/uploads\\\/2021\\\/06\\\/21.06.04_cursos_verano_juventud_cartel1.jpg\",\"articleSection\":[\"Ayto Pamplona\"],\"inLanguage\":\"es\",\"potentialAction\":[{\"@type\":\"CommentAction\",\"name\":\"Comment\",\"target\":[\"https:\\\/\\\/www.laguiadepamplona.com\\\/actualidad\\\/estampar-con-frutas-o-recuperar-el-bordado-tradicional-para-customizar-el-fondo-de-armario-dos-de-los-cursos-que-se-impartiran-este-agosto-en-la-casa-de-la-juventud\\\/#respond\"]}]},{\"@type\":\"WebPage\",\"@id\":\"https:\\\/\\\/www.laguiadepamplona.com\\\/actualidad\\\/estampar-con-frutas-o-recuperar-el-bordado-tradicional-para-customizar-el-fondo-de-armario-dos-de-los-cursos-que-se-impartiran-este-agosto-en-la-casa-de-la-juventud\\\/\",\"url\":\"https:\\\/\\\/www.laguiadepamplona.com\\\/actualidad\\\/estampar-con-frutas-o-recuperar-el-bordado-tradicional-para-customizar-el-fondo-de-armario-dos-de-los-cursos-que-se-impartiran-este-agosto-en-la-casa-de-la-juventud\\\/\",\"name\":\"Estampar con frutas o recuperar el bordado tradicional para customizar el fondo de armario: dos de los cursos que se impartir\u00e1n este agosto en la Casa de la Juventud\",\"isPartOf\":{\"@id\":\"https:\\\/\\\/www.laguiadepamplona.com\\\/actualidad\\\/#website\"},\"primaryImageOfPage\":{\"@id\":\"https:\\\/\\\/www.laguiadepamplona.com\\\/actualidad\\\/estampar-con-frutas-o-recuperar-el-bordado-tradicional-para-customizar-el-fondo-de-armario-dos-de-los-cursos-que-se-impartiran-este-agosto-en-la-casa-de-la-juventud\\\/#primaryimage\"},\"image\":{\"@id\":\"https:\\\/\\\/www.laguiadepamplona.com\\\/actualidad\\\/estampar-con-frutas-o-recuperar-el-bordado-tradicional-para-customizar-el-fondo-de-armario-dos-de-los-cursos-que-se-impartiran-este-agosto-en-la-casa-de-la-juventud\\\/#primaryimage\"},\"thumbnailUrl\":\"https:\\\/\\\/www.laguiadepamplona.com\\\/actualidad\\\/wp-content\\\/uploads\\\/2021\\\/06\\\/21.06.04_cursos_verano_juventud_cartel1.jpg\",\"datePublished\":\"2021-06-04T15:40:03+00:00\",\"dateModified\":\"2023-04-11T09:49:27+00:00\",\"description\":\"El lunes 7 de junio se abre el plazo de inscripci\u00f3n para seis cursos de verano y cuatro talleres gratuitos de inform\u00e1tica para j\u00f3venes de 14 a 30 a\u00f1os\",\"breadcrumb\":{\"@id\":\"https:\\\/\\\/www.laguiadepamplona.com\\\/actualidad\\\/estampar-con-frutas-o-recuperar-el-bordado-tradicional-para-customizar-el-fondo-de-armario-dos-de-los-cursos-que-se-impartiran-este-agosto-en-la-casa-de-la-juventud\\\/#breadcrumb\"},\"inLanguage\":\"es\",\"potentialAction\":[{\"@type\":\"ReadAction\",\"target\":[\"https:\\\/\\\/www.laguiadepamplona.com\\\/actualidad\\\/estampar-con-frutas-o-recuperar-el-bordado-tradicional-para-customizar-el-fondo-de-armario-dos-de-los-cursos-que-se-impartiran-este-agosto-en-la-casa-de-la-juventud\\\/\"]}]},{\"@type\":\"ImageObject\",\"inLanguage\":\"es\",\"@id\":\"https:\\\/\\\/www.laguiadepamplona.com\\\/actualidad\\\/estampar-con-frutas-o-recuperar-el-bordado-tradicional-para-customizar-el-fondo-de-armario-dos-de-los-cursos-que-se-impartiran-este-agosto-en-la-casa-de-la-juventud\\\/#primaryimage\",\"url\":\"https:\\\/\\\/www.laguiadepamplona.com\\\/actualidad\\\/wp-content\\\/uploads\\\/2021\\\/06\\\/21.06.04_cursos_verano_juventud_cartel1.jpg\",\"contentUrl\":\"https:\\\/\\\/www.laguiadepamplona.com\\\/actualidad\\\/wp-content\\\/uploads\\\/2021\\\/06\\\/21.06.04_cursos_verano_juventud_cartel1.jpg\",\"width\":1587,\"height\":802},{\"@type\":\"BreadcrumbList\",\"@id\":\"https:\\\/\\\/www.laguiadepamplona.com\\\/actualidad\\\/estampar-con-frutas-o-recuperar-el-bordado-tradicional-para-customizar-el-fondo-de-armario-dos-de-los-cursos-que-se-impartiran-este-agosto-en-la-casa-de-la-juventud\\\/#breadcrumb\",\"itemListElement\":[{\"@type\":\"ListItem\",\"position\":1,\"name\":\"Portada\",\"item\":\"https:\\\/\\\/www.laguiadepamplona.com\\\/actualidad\\\/\"},{\"@type\":\"ListItem\",\"position\":2,\"name\":\"Estampar con frutas o recuperar el bordado tradicional para customizar el fondo de armario: dos de los cursos que se impartir\u00e1n este agosto en la Casa de la Juventud\"}]},{\"@type\":\"WebSite\",\"@id\":\"https:\\\/\\\/www.laguiadepamplona.com\\\/actualidad\\\/#website\",\"url\":\"https:\\\/\\\/www.laguiadepamplona.com\\\/actualidad\\\/\",\"name\":\"La gu\u00eda de Pamplona\",\"description\":\"Noticias de Pamplona\",\"publisher\":{\"@id\":\"https:\\\/\\\/www.laguiadepamplona.com\\\/actualidad\\\/#organization\"},\"potentialAction\":[{\"@type\":\"SearchAction\",\"target\":{\"@type\":\"EntryPoint\",\"urlTemplate\":\"https:\\\/\\\/www.laguiadepamplona.com\\\/actualidad\\\/?s={search_term_string}\"},\"query-input\":{\"@type\":\"PropertyValueSpecification\",\"valueRequired\":true,\"valueName\":\"search_term_string\"}}],\"inLanguage\":\"es\"},{\"@type\":\"Organization\",\"@id\":\"https:\\\/\\\/www.laguiadepamplona.com\\\/actualidad\\\/#organization\",\"name\":\"La Gu\u00eda de Pamplona \\\/ Noticias\",\"url\":\"https:\\\/\\\/www.laguiadepamplona.com\\\/actualidad\\\/\",\"logo\":{\"@type\":\"ImageObject\",\"inLanguage\":\"es\",\"@id\":\"https:\\\/\\\/www.laguiadepamplona.com\\\/actualidad\\\/#\\\/schema\\\/logo\\\/image\\\/\",\"url\":\"https:\\\/\\\/www.laguiadepamplona.com\\\/actualidad\\\/wp-content\\\/uploads\\\/2018\\\/11\\\/logo-laguiadepamplona18-web1.png\",\"contentUrl\":\"https:\\\/\\\/www.laguiadepamplona.com\\\/actualidad\\\/wp-content\\\/uploads\\\/2018\\\/11\\\/logo-laguiadepamplona18-web1.png\",\"width\":600,\"height\":196,\"caption\":\"La Gu\u00eda de Pamplona \\\/ Noticias\"},\"image\":{\"@id\":\"https:\\\/\\\/www.laguiadepamplona.com\\\/actualidad\\\/#\\\/schema\\\/logo\\\/image\\\/\"},\"sameAs\":[\"https:\\\/\\\/www.facebook.com\\\/laguiadepamplonacom-133175176762273\\\/?ref=hl\",\"https:\\\/\\\/x.com\\\/LaGuiadPamplona\",\"https:\\\/\\\/www.instagram.com\\\/la_guia_de_pamplona\\\/\",\"https:\\\/\\\/www.youtube.com\\\/user\\\/laguiadepamplona\"]},{\"@type\":\"Person\",\"@id\":\"https:\\\/\\\/www.laguiadepamplona.com\\\/actualidad\\\/#\\\/schema\\\/person\\\/efe887376f0213d4657c93adc50b1fdb\",\"name\":\"La Gu\u00eda de Pamplona\",\"image\":{\"@type\":\"ImageObject\",\"inLanguage\":\"es\",\"@id\":\"https:\\\/\\\/secure.gravatar.com\\\/avatar\\\/b6992f131dc8d30ab0dff15446e9d346d9dbd95992de0fef795073f5ea83a81c?s=96&d=mm&r=g\",\"url\":\"https:\\\/\\\/secure.gravatar.com\\\/avatar\\\/b6992f131dc8d30ab0dff15446e9d346d9dbd95992de0fef795073f5ea83a81c?s=96&d=mm&r=g\",\"contentUrl\":\"https:\\\/\\\/secure.gravatar.com\\\/avatar\\\/b6992f131dc8d30ab0dff15446e9d346d9dbd95992de0fef795073f5ea83a81c?s=96&d=mm&r=g\",\"caption\":\"La Gu\u00eda de Pamplona\"}}]}<\/script>\n<!-- \/ Yoast SEO plugin. -->","yoast_head_json":{"title":"Estampar con frutas o recuperar el bordado tradicional para customizar el fondo de armario: dos de los cursos que se impartir\u00e1n este agosto en la Casa de la Juventud","description":"El lunes 7 de junio se abre el plazo de inscripci\u00f3n para seis cursos de verano y cuatro talleres gratuitos de inform\u00e1tica para j\u00f3venes de 14 a 30 a\u00f1os","robots":{"index":"index","follow":"follow","max-snippet":"max-snippet:-1","max-image-preview":"max-image-preview:large","max-video-preview":"max-video-preview:-1"},"canonical":"https:\/\/www.laguiadepamplona.com\/actualidad\/estampar-con-frutas-o-recuperar-el-bordado-tradicional-para-customizar-el-fondo-de-armario-dos-de-los-cursos-que-se-impartiran-este-agosto-en-la-casa-de-la-juventud\/","og_locale":"es_ES","og_type":"article","og_title":"Estampar con frutas o recuperar el bordado tradicional para customizar el fondo de armario: dos de los cursos que se impartir\u00e1n este agosto en la Casa de la Juventud","og_description":"El lunes 7 de junio se abre el plazo de inscripci\u00f3n para seis cursos de verano y cuatro talleres gratuitos de inform\u00e1tica para j\u00f3venes de 14 a 30 a\u00f1os","og_url":"https:\/\/www.laguiadepamplona.com\/actualidad\/estampar-con-frutas-o-recuperar-el-bordado-tradicional-para-customizar-el-fondo-de-armario-dos-de-los-cursos-que-se-impartiran-este-agosto-en-la-casa-de-la-juventud\/","og_site_name":"La Gu\u00eda de Pamplona","article_publisher":"https:\/\/www.facebook.com\/laguiadepamplonacom-133175176762273\/?ref=hl","article_published_time":"2021-06-04T15:40:03+00:00","article_modified_time":"2023-04-11T09:49:27+00:00","og_image":[{"width":1587,"height":802,"url":"https:\/\/www.laguiadepamplona.com\/actualidad\/wp-content\/uploads\/2021\/06\/21.06.04_cursos_verano_juventud_cartel1.jpg","type":"image\/jpeg"}],"author":"La Gu\u00eda de Pamplona","twitter_card":"summary_large_image","twitter_creator":"@LaGuiadPamplona","twitter_site":"@LaGuiadPamplona","twitter_misc":{"Escrito por":"La Gu\u00eda de Pamplona","Tiempo de lectura":"5 minutos"},"schema":{"@context":"https:\/\/schema.org","@graph":[{"@type":"Article","@id":"https:\/\/www.laguiadepamplona.com\/actualidad\/estampar-con-frutas-o-recuperar-el-bordado-tradicional-para-customizar-el-fondo-de-armario-dos-de-los-cursos-que-se-impartiran-este-agosto-en-la-casa-de-la-juventud\/#article","isPartOf":{"@id":"https:\/\/www.laguiadepamplona.com\/actualidad\/estampar-con-frutas-o-recuperar-el-bordado-tradicional-para-customizar-el-fondo-de-armario-dos-de-los-cursos-que-se-impartiran-este-agosto-en-la-casa-de-la-juventud\/"},"author":{"name":"La Gu\u00eda de Pamplona","@id":"https:\/\/www.laguiadepamplona.com\/actualidad\/#\/schema\/person\/efe887376f0213d4657c93adc50b1fdb"},"headline":"Estampar con frutas o recuperar el bordado tradicional para customizar el fondo de armario: dos de los cursos que se impartir\u00e1n este agosto en la Casa de la Juventud","datePublished":"2021-06-04T15:40:03+00:00","dateModified":"2023-04-11T09:49:27+00:00","mainEntityOfPage":{"@id":"https:\/\/www.laguiadepamplona.com\/actualidad\/estampar-con-frutas-o-recuperar-el-bordado-tradicional-para-customizar-el-fondo-de-armario-dos-de-los-cursos-que-se-impartiran-este-agosto-en-la-casa-de-la-juventud\/"},"wordCount":1010,"commentCount":0,"publisher":{"@id":"https:\/\/www.laguiadepamplona.com\/actualidad\/#organization"},"image":{"@id":"https:\/\/www.laguiadepamplona.com\/actualidad\/estampar-con-frutas-o-recuperar-el-bordado-tradicional-para-customizar-el-fondo-de-armario-dos-de-los-cursos-que-se-impartiran-este-agosto-en-la-casa-de-la-juventud\/#primaryimage"},"thumbnailUrl":"https:\/\/www.laguiadepamplona.com\/actualidad\/wp-content\/uploads\/2021\/06\/21.06.04_cursos_verano_juventud_cartel1.jpg","articleSection":["Ayto Pamplona"],"inLanguage":"es","potentialAction":[{"@type":"CommentAction","name":"Comment","target":["https:\/\/www.laguiadepamplona.com\/actualidad\/estampar-con-frutas-o-recuperar-el-bordado-tradicional-para-customizar-el-fondo-de-armario-dos-de-los-cursos-que-se-impartiran-este-agosto-en-la-casa-de-la-juventud\/#respond"]}]},{"@type":"WebPage","@id":"https:\/\/www.laguiadepamplona.com\/actualidad\/estampar-con-frutas-o-recuperar-el-bordado-tradicional-para-customizar-el-fondo-de-armario-dos-de-los-cursos-que-se-impartiran-este-agosto-en-la-casa-de-la-juventud\/","url":"https:\/\/www.laguiadepamplona.com\/actualidad\/estampar-con-frutas-o-recuperar-el-bordado-tradicional-para-customizar-el-fondo-de-armario-dos-de-los-cursos-que-se-impartiran-este-agosto-en-la-casa-de-la-juventud\/","name":"Estampar con frutas o recuperar el bordado tradicional para customizar el fondo de armario: dos de los cursos que se impartir\u00e1n este agosto en la Casa de la Juventud","isPartOf":{"@id":"https:\/\/www.laguiadepamplona.com\/actualidad\/#website"},"primaryImageOfPage":{"@id":"https:\/\/www.laguiadepamplona.com\/actualidad\/estampar-con-frutas-o-recuperar-el-bordado-tradicional-para-customizar-el-fondo-de-armario-dos-de-los-cursos-que-se-impartiran-este-agosto-en-la-casa-de-la-juventud\/#primaryimage"},"image":{"@id":"https:\/\/www.laguiadepamplona.com\/actualidad\/estampar-con-frutas-o-recuperar-el-bordado-tradicional-para-customizar-el-fondo-de-armario-dos-de-los-cursos-que-se-impartiran-este-agosto-en-la-casa-de-la-juventud\/#primaryimage"},"thumbnailUrl":"https:\/\/www.laguiadepamplona.com\/actualidad\/wp-content\/uploads\/2021\/06\/21.06.04_cursos_verano_juventud_cartel1.jpg","datePublished":"2021-06-04T15:40:03+00:00","dateModified":"2023-04-11T09:49:27+00:00","description":"El lunes 7 de junio se abre el plazo de inscripci\u00f3n para seis cursos de verano y cuatro talleres gratuitos de inform\u00e1tica para j\u00f3venes de 14 a 30 a\u00f1os","breadcrumb":{"@id":"https:\/\/www.laguiadepamplona.com\/actualidad\/estampar-con-frutas-o-recuperar-el-bordado-tradicional-para-customizar-el-fondo-de-armario-dos-de-los-cursos-que-se-impartiran-este-agosto-en-la-casa-de-la-juventud\/#breadcrumb"},"inLanguage":"es","potentialAction":[{"@type":"ReadAction","target":["https:\/\/www.laguiadepamplona.com\/actualidad\/estampar-con-frutas-o-recuperar-el-bordado-tradicional-para-customizar-el-fondo-de-armario-dos-de-los-cursos-que-se-impartiran-este-agosto-en-la-casa-de-la-juventud\/"]}]},{"@type":"ImageObject","inLanguage":"es","@id":"https:\/\/www.laguiadepamplona.com\/actualidad\/estampar-con-frutas-o-recuperar-el-bordado-tradicional-para-customizar-el-fondo-de-armario-dos-de-los-cursos-que-se-impartiran-este-agosto-en-la-casa-de-la-juventud\/#primaryimage","url":"https:\/\/www.laguiadepamplona.com\/actualidad\/wp-content\/uploads\/2021\/06\/21.06.04_cursos_verano_juventud_cartel1.jpg","contentUrl":"https:\/\/www.laguiadepamplona.com\/actualidad\/wp-content\/uploads\/2021\/06\/21.06.04_cursos_verano_juventud_cartel1.jpg","width":1587,"height":802},{"@type":"BreadcrumbList","@id":"https:\/\/www.laguiadepamplona.com\/actualidad\/estampar-con-frutas-o-recuperar-el-bordado-tradicional-para-customizar-el-fondo-de-armario-dos-de-los-cursos-que-se-impartiran-este-agosto-en-la-casa-de-la-juventud\/#breadcrumb","itemListElement":[{"@type":"ListItem","position":1,"name":"Portada","item":"https:\/\/www.laguiadepamplona.com\/actualidad\/"},{"@type":"ListItem","position":2,"name":"Estampar con frutas o recuperar el bordado tradicional para customizar el fondo de armario: dos de los cursos que se impartir\u00e1n este agosto en la Casa de la Juventud"}]},{"@type":"WebSite","@id":"https:\/\/www.laguiadepamplona.com\/actualidad\/#website","url":"https:\/\/www.laguiadepamplona.com\/actualidad\/","name":"La gu\u00eda de Pamplona","description":"Noticias de Pamplona","publisher":{"@id":"https:\/\/www.laguiadepamplona.com\/actualidad\/#organization"},"potentialAction":[{"@type":"SearchAction","target":{"@type":"EntryPoint","urlTemplate":"https:\/\/www.laguiadepamplona.com\/actualidad\/?s={search_term_string}"},"query-input":{"@type":"PropertyValueSpecification","valueRequired":true,"valueName":"search_term_string"}}],"inLanguage":"es"},{"@type":"Organization","@id":"https:\/\/www.laguiadepamplona.com\/actualidad\/#organization","name":"La Gu\u00eda de Pamplona \/ Noticias","url":"https:\/\/www.laguiadepamplona.com\/actualidad\/","logo":{"@type":"ImageObject","inLanguage":"es","@id":"https:\/\/www.laguiadepamplona.com\/actualidad\/#\/schema\/logo\/image\/","url":"https:\/\/www.laguiadepamplona.com\/actualidad\/wp-content\/uploads\/2018\/11\/logo-laguiadepamplona18-web1.png","contentUrl":"https:\/\/www.laguiadepamplona.com\/actualidad\/wp-content\/uploads\/2018\/11\/logo-laguiadepamplona18-web1.png","width":600,"height":196,"caption":"La Gu\u00eda de Pamplona \/ Noticias"},"image":{"@id":"https:\/\/www.laguiadepamplona.com\/actualidad\/#\/schema\/logo\/image\/"},"sameAs":["https:\/\/www.facebook.com\/laguiadepamplonacom-133175176762273\/?ref=hl","https:\/\/x.com\/LaGuiadPamplona","https:\/\/www.instagram.com\/la_guia_de_pamplona\/","https:\/\/www.youtube.com\/user\/laguiadepamplona"]},{"@type":"Person","@id":"https:\/\/www.laguiadepamplona.com\/actualidad\/#\/schema\/person\/efe887376f0213d4657c93adc50b1fdb","name":"La Gu\u00eda de Pamplona","image":{"@type":"ImageObject","inLanguage":"es","@id":"https:\/\/secure.gravatar.com\/avatar\/b6992f131dc8d30ab0dff15446e9d346d9dbd95992de0fef795073f5ea83a81c?s=96&d=mm&r=g","url":"https:\/\/secure.gravatar.com\/avatar\/b6992f131dc8d30ab0dff15446e9d346d9dbd95992de0fef795073f5ea83a81c?s=96&d=mm&r=g","contentUrl":"https:\/\/secure.gravatar.com\/avatar\/b6992f131dc8d30ab0dff15446e9d346d9dbd95992de0fef795073f5ea83a81c?s=96&d=mm&r=g","caption":"La Gu\u00eda de Pamplona"}}]}},"post_mailing_queue_ids":[],"_links":{"self":[{"href":"https:\/\/www.laguiadepamplona.com\/actualidad\/wp-json\/wp\/v2\/posts\/35256","targetHints":{"allow":["GET"]}}],"collection":[{"href":"https:\/\/www.laguiadepamplona.com\/actualidad\/wp-json\/wp\/v2\/posts"}],"about":[{"href":"https:\/\/www.laguiadepamplona.com\/actualidad\/wp-json\/wp\/v2\/types\/post"}],"author":[{"embeddable":true,"href":"https:\/\/www.laguiadepamplona.com\/actualidad\/wp-json\/wp\/v2\/users\/1"}],"replies":[{"embeddable":true,"href":"https:\/\/www.laguiadepamplona.com\/actualidad\/wp-json\/wp\/v2\/comments?post=35256"}],"version-history":[{"count":0,"href":"https:\/\/www.laguiadepamplona.com\/actualidad\/wp-json\/wp\/v2\/posts\/35256\/revisions"}],"wp:featuredmedia":[{"embeddable":true,"href":"https:\/\/www.laguiadepamplona.com\/actualidad\/wp-json\/wp\/v2\/media\/35258"}],"wp:attachment":[{"href":"https:\/\/www.laguiadepamplona.com\/actualidad\/wp-json\/wp\/v2\/media?parent=35256"}],"wp:term":[{"taxonomy":"category","embeddable":true,"href":"https:\/\/www.laguiadepamplona.com\/actualidad\/wp-json\/wp\/v2\/categories?post=35256"},{"taxonomy":"post_tag","embeddable":true,"href":"https:\/\/www.laguiadepamplona.com\/actualidad\/wp-json\/wp\/v2\/tags?post=35256"}],"curies":[{"name":"wp","href":"https:\/\/api.w.org\/{rel}","templated":true}]}}