{"id":35252,"date":"2021-06-04T17:36:02","date_gmt":"2021-06-04T15:36:02","guid":{"rendered":"https:\/\/www.laguiadepamplona.com\/actualidad\/?p=35252"},"modified":"2023-04-11T11:49:27","modified_gmt":"2023-04-11T09:49:27","slug":"el-ayuntamiento-organiza-unas-jornadas-para-abordar-la-identificacion-y-prevencion-de-situaciones-de-violencias-sexistas-entre-jovenes-en-los-entornos-digitales","status":"publish","type":"post","link":"https:\/\/www.laguiadepamplona.com\/actualidad\/el-ayuntamiento-organiza-unas-jornadas-para-abordar-la-identificacion-y-prevencion-de-situaciones-de-violencias-sexistas-entre-jovenes-en-los-entornos-digitales\/","title":{"rendered":"El Ayuntamiento organiza unas jornadas para abordar la identificaci\u00f3n y prevenci\u00f3n de situaciones de violencias sexistas entre j\u00f3venes en los entornos digitales"},"content":{"rendered":"<p>\u2018J\u00f3venes, entornos digitales y violencia sexista\u2019 se desarrollar\u00e1 del 9 al 11 de junio en Baluarte con inscripciones gratuitas en el tel\u00e9fono 010<\/p>\n<p><!--more--><\/p>\n<p><img loading=\"lazy\" decoding=\"async\" class=\"size-medium wp-image-35253 alignleft\" src=\"https:\/\/www.laguiadepamplona.com\/actualidad\/wp-content\/uploads\/2021\/06\/Cartel-Jornadas-jovenes-entornos-digitales-y-vilencias-sexistas-212x300.jpg\" alt=\"\" width=\"212\" height=\"300\" srcset=\"https:\/\/www.laguiadepamplona.com\/actualidad\/wp-content\/uploads\/2021\/06\/Cartel-Jornadas-jovenes-entornos-digitales-y-vilencias-sexistas-212x300.jpg 212w, https:\/\/www.laguiadepamplona.com\/actualidad\/wp-content\/uploads\/2021\/06\/Cartel-Jornadas-jovenes-entornos-digitales-y-vilencias-sexistas-482x682.jpg 482w, https:\/\/www.laguiadepamplona.com\/actualidad\/wp-content\/uploads\/2021\/06\/Cartel-Jornadas-jovenes-entornos-digitales-y-vilencias-sexistas-768x1087.jpg 768w, https:\/\/www.laguiadepamplona.com\/actualidad\/wp-content\/uploads\/2021\/06\/Cartel-Jornadas-jovenes-entornos-digitales-y-vilencias-sexistas-640x906.jpg 640w, https:\/\/www.laguiadepamplona.com\/actualidad\/wp-content\/uploads\/2021\/06\/Cartel-Jornadas-jovenes-entornos-digitales-y-vilencias-sexistas.jpg 1060w\" sizes=\"auto, (max-width: 212px) 100vw, 212px\" \/>El Ayuntamiento de Pamplona ha organizado las jornadas \u2018J\u00f3venes, entornos digitales y violencia sexista\u2019 del 9 al 11 de junio en Baluarte para ofrecer nuevas herramientas de an\u00e1lisis que ayuden a la mejor identificaci\u00f3n, intervenci\u00f3n y prevenci\u00f3n de las situaciones de violencias sexistas que se est\u00e1n dando entre j\u00f3venes en los nuevos entornos digitales, tal y como han explicado en la rueda de prensa de presentaci\u00f3n la concejala delegada de Cultura e Igualdad, Mar\u00eda Garc\u00eda-Barberena y la t\u00e9cnica de Igualdad, Zaloa Basabe.<\/p>\n<p>Las jornadas, organizadas en el marco de los Fondos del Pacto de Estado contra la Violencia de G\u00e9nero, se completan con un taller online sobre c\u00f3mo hacer un podcast feminista y una actuaci\u00f3n de teatro con la compa\u00f1\u00eda Nomofobikoak. La informaci\u00f3n completa del programa y de los horarios se encuentra disponible en la web municipal <a href=\"http:\/\/www.pamplona.es\" target=\"_blank\" rel=\"noopener\">www.pamplona.es<\/a> tanto en <a href=\"https:\/\/www.pamplona.es\/temas\/igualdad-y-lgtbi\/jornadas-jovenes\" target=\"_blank\" rel=\"noopener\">castellano<\/a> como en <a href=\"https:\/\/www.pamplona.es\/eu\/temas\/igualdad-y-lgtbi\/jornadas-jovenes\" target=\"_blank\" rel=\"noopener\">euskera<\/a>.<\/p>\n<p>Para las jornadas y para el taller es necesario realizar la inscripci\u00f3n previa gratuita en el Tel\u00e9fono de Atenci\u00f3n Ciudadana 010 o 948 420 100. Las sesiones tambi\u00e9n se podr\u00e1n seguir online por streaming en <a href=\"https:\/\/culturaeigualdadpamplona.nirestream.com\/\" target=\"_blank\" rel=\"noopener\">https:\/\/culturaeigualdadpamplona.nirestream.com\/<\/a>. Las invitaciones para la obra de teatro estar\u00e1n disponibles en la taquilla de la Escuela Navarra de Teatro una hora y media antes del inicio de la funci\u00f3n.<\/p>\n<p>De esta forma, el Consistorio pamplon\u00e9s contin\u00faa trabajando en la profundizaci\u00f3n de las diferentes expresiones de violencias contra las mujeres y las ni\u00f1as. En esta edici\u00f3n, ha querido poner el foco en un espacio, el digital, que tanta presencia y relevancia ha adquirido en este \u00faltimo a\u00f1o, centr\u00e1ndose especialmente en la juventud. Un entorno en el que priman nuevas formas de comunicaci\u00f3n y de relaci\u00f3n virtual, el acceso a la informaci\u00f3n y los contenidos, la reproducci\u00f3n de estereotipos y, en ocasiones, la naturalizaci\u00f3n de la violencia.<\/p>\n<p><script async src=\"\/\/pagead2.googlesyndication.com\/pagead\/js\/adsbygoogle.js\"><\/script><br \/>\n<!-- Noticias La Guia de Pamplona --><br \/>\n<ins class=\"adsbygoogle\"\nstyle=\"display:block\"\ndata-ad-client=\"ca-pub-6943679897239327\"\ndata-ad-slot=\"7048180777\"\ndata-ad-format=\"auto\"><\/ins><br \/>\n<script>\n(adsbygoogle = window.adsbygoogle || []).push({});\n<\/script><\/p>\n<p><strong>H\u00e1bitos digitales, nuevas relaciones, construcci\u00f3n de la identidad, referentes\u2026<\/strong><\/p>\n<p>Las jornadas est\u00e1n dirigidas a profesionales del \u00e1mbito de la juventud, la educaci\u00f3n, las nuevas tecnolog\u00edas, la igualdad y la prevenci\u00f3n e intervenci\u00f3n en violencia contra las mujeres, adem\u00e1s de a todas aquellas personas interesadas en el tema. En las sesiones se abordar\u00e1n los h\u00e1bitos de consumo digital entre j\u00f3venes, las nuevas relaciones y la construcci\u00f3n de identidades y los referentes en estos entornos, as\u00ed como las diferentes expresiones de violencias sexistas a las que se exponen. Y se realizar\u00e1 desde diferentes disciplinas: la psicolog\u00eda, el derecho, el periodismo, la investigaci\u00f3n social, etc.<\/p>\n<p>Las jornadas comenzar\u00e1n el 9 de junio por la tarde con un acto de apertura con presencia de la concejala delegada de Cultura e Igualdad del Ayuntamiento de Pamplona, Mar\u00eda Garc\u00eda-Barberena, y la directora de la Unidad de Coordinaci\u00f3n contra la Violencia sobre las mujeres de la Delegaci\u00f3n del Gobierno en Navarra, Estrella Lamadrid. Las sesiones contar\u00e1n con la participaci\u00f3n de Estibaliz Linares Lahillo, investigadora y profesora del Grado de Trabajo Social en la Universidad de Deusto y tallerista de prevenci\u00f3n de ciberviolencia machista.<\/p>\n<p>El d\u00eda 10 presentar\u00e1 las sesiones la periodista Lohizune Amatria y las profesionales que participar\u00e1n ser\u00e1n \u00c1ngela Alemany Rojo, abogada Asociaci\u00f3n de Mujeres Juristas Themis; Alamillo Granados, productora audiovisual y consultora; Laura Vi\u00f1uela, consultora y experta en coeducaci\u00f3n y Alexandra Crettaz, psic\u00f3loga, sex\u00f3loga cl\u00ednica y psicoterapeuta sist\u00e9mica.<\/p>\n<p>El \u00faltimo d\u00eda, intervendr\u00e1n representantes del Proyecto Una, colectividad milenial para la investigaci\u00f3n de la cultura popular y digital, y June Fern\u00e1ndez, periodista feminista, fundadora de Pikara Magazine. La clausura correr\u00e1 a cargo de la concejala especial de Igualdad del Ayuntamiento de Pamplona, Cristina Mart\u00ednez Dawe, y del delegado del Gobierno en Navarra, Jos\u00e9 Luis Arasti.<\/p>\n<p><script async src=\"\/\/pagead2.googlesyndication.com\/pagead\/js\/adsbygoogle.js\"><\/script><br \/>\n<!-- Noticias La Guia de Pamplona --><br \/>\n<ins class=\"adsbygoogle\"\nstyle=\"display:block\"\ndata-ad-client=\"ca-pub-6943679897239327\"\ndata-ad-slot=\"7048180777\"\ndata-ad-format=\"auto\"><\/ins><br \/>\n<script>\n(adsbygoogle = window.adsbygoogle || []).push({});\n<\/script><\/p>\n<p><strong>Taller on line el 16 de junio y representaci\u00f3n teatral el 19 de junio<\/strong><\/p>\n<p>Tras las jornadas, y esta vez dirigido a un p\u00fablico m\u00e1s joven, el Ayuntamiento ha organizado un taller on line sobre c\u00f3mo hacer un podcast feminista que se desarrollar\u00e1 el 16 de junio de 17 a 20 horas. En el taller, adem\u00e1s de trasladar nociones pr\u00e1cticas y t\u00e9cnicas sobre guiones y producci\u00f3n, se reflexionar\u00e1 sobre la importancia de trabajar desde la creaci\u00f3n sobre la ocupaci\u00f3n de voces feministas en el espacio digital.<\/p>\n<p>Finalmente, se ha programado la obre de teatro en euskera <strong>\u201c<\/strong>Hackerrak<strong>\u201d<\/strong> que proporcionar\u00e1, mediante el humor y una original puesta en escena, la posibilidad de interpelar a los usos y dependencias que se han creado hacia los soportes de comunicaci\u00f3n digital, una situaci\u00f3n cada vez m\u00e1s acentuada en los \u00faltimos tiempos. La representaci\u00f3n tendr\u00e1 lugar en la Escuela Navarra de Teatro el 19 de junio a las 19 horas.<\/p>\n<p><script async src=\"\/\/pagead2.googlesyndication.com\/pagead\/js\/adsbygoogle.js\"><\/script><br \/>\n<!-- Noticias La Guia de Pamplona --><br \/>\n<ins class=\"adsbygoogle\"\nstyle=\"display:block\"\ndata-ad-client=\"ca-pub-6943679897239327\"\ndata-ad-slot=\"7048180777\"\ndata-ad-format=\"auto\"><\/ins><br \/>\n<script>\n(adsbygoogle = window.adsbygoogle || []).push({});\n<\/script><\/p>\n<p>&nbsp;<\/p>\n<h3>&#8216;J\u00f3venes, entornos digitales y violencias sexistas&#8217; <strong>Del 9 al 11 de junio. Baluarte<\/strong><\/h3>\n<ul>\n<li><span style=\"color: #ff0000;\"><strong><u>Inscripciones gratuitas en el Tel\u00e9fono 010 &#8211; 948420100<\/u><\/strong><\/span><\/li>\n<\/ul>\n<p><strong>\u00a0<\/strong><\/p>\n<p><span style=\"color: #ff0000;\"><strong>9 DE JUNIO<\/strong><\/span><\/p>\n<ul>\n<li>30 <strong>Bienvenida<\/strong><\/li>\n<li>00-17.30 <strong>Intervenci\u00f3n institucional. <\/strong>Concejala delegada de Cultura e Igualdad del Ayuntamiento de Pamplona, Mar\u00eda Garc\u00eda-Barberena, y directora de la Unidad de Coordinaci\u00f3n contra la Violencia sobre las mujeres de la Delegaci\u00f3n del Gobierno en Navarra, Estrella Lamadrid<\/li>\n<li>30-18.30 <strong>El iceberg digital machista: an\u00e1lisis, prevenci\u00f3n e intervenci\u00f3n en la adolescencia. <\/strong>Estibaliz Linares Lahillo, investigadora y profesora del Grado de Trabajo Social en la Universidad de Deusto. Tallerista de prevenci\u00f3n de ciberviolencia machista<\/li>\n<li>30- 19.00 <strong>Coloquio<\/strong><\/li>\n<\/ul>\n<p><strong>\u00a0<\/strong><\/p>\n<p><span style=\"color: #ff0000;\"><strong>10 DE JUNIO<\/strong><\/span><\/p>\n<ul>\n<li>00- 10.30 <strong>Presentaci\u00f3n. Lohizune Amatria, periodista<\/strong><\/li>\n<li>30-11.15 <strong>Respuesta judicial a delitos inform\u00e1ticos: sexting, grooming\u2026<\/strong> \u00c1ngela Alemany Rojo, abogada Asociaci\u00f3n de Mujeres Juristas Themis<\/li>\n<li>15-11.45 <strong>Pausa-caf\u00e9<\/strong><\/li>\n<li>45-12-30 <strong>Videojuegos: violencia y estereotipos desde la perspectiva de g\u00e9nero. M<\/strong>arta Alamillo Granados, productora audiovisual y consultora<\/li>\n<li>.30-13.30 <strong>Coloquio<\/strong><\/li>\n<li>30-17.45 <strong>Ciberamor rom\u00e1ntico: nuevos medios para viejos discursos.<\/strong> Laura Vi\u00f1uela., consultora y experta en coeducaci\u00f3n<\/li>\n<li>45-19.00 <strong>Violencia de g\u00e9nero digital y fen\u00f3menos de acoso y abuso en la red: una mirada psicol\u00f3gica<\/strong><strong>. <\/strong>Alexandra Crettaz, psic\u00f3loga, sex\u00f3loga cl\u00ednica y psicoterapeuta sist\u00e9mica<\/li>\n<\/ul>\n<p><strong>\u00a0<\/strong><\/p>\n<p><span style=\"color: #ff0000;\"><strong>11 DE JUNIO<\/strong><\/span><\/p>\n<ul>\n<li>30-10.45 <strong>Presentaci\u00f3n<\/strong><\/li>\n<li>45 -11.30 <strong>\u00bfQui\u00e9n est\u00e1 alimentando al troll? Machismo pop y acoso digital.<\/strong> Proyecto Una, colectividad milenial para la investigaci\u00f3n de la cultura popular y digital<\/li>\n<li>30-12.00 <strong>Pausa caf\u00e9<\/strong><\/li>\n<li>00-12.45 <strong>Ciberfeminismo y empoderamiento digital \u00bfla clave de la cuarta ola? <\/strong>June Fern\u00e1ndez, periodista feminista, fundadora de Pikara Magazine<\/li>\n<li>45-13.30 <strong>Coloquio y conclusiones<\/strong><\/li>\n<li>45 <strong>Despedida y clausura. C<\/strong>oncejala especial de Igualdad del Ayuntamiento de Pamplona, Cristina Mart\u00ednez Dawe, y delegado del Gobierno en Navarra, Jos\u00e9 Luis Arasti.<\/li>\n<\/ul>\n","protected":false},"excerpt":{"rendered":"<p>\u2018J\u00f3venes, entornos digitales y violencia sexista\u2019 se desarrollar\u00e1 del 9 al 11 de junio en Baluarte con inscripciones gratuitas en el tel\u00e9fono 010<\/p>\n","protected":false},"author":1,"featured_media":35254,"comment_status":"open","ping_status":"closed","sticky":false,"template":"","format":"standard","meta":{"footnotes":""},"categories":[2],"tags":[],"class_list":["post-35252","post","type-post","status-publish","format-standard","has-post-thumbnail","hentry","category-ayuntamiento-pamplona"],"yoast_head":"<!-- This site is optimized with the Yoast SEO plugin v27.3 - https:\/\/yoast.com\/product\/yoast-seo-wordpress\/ -->\n<title>El Ayuntamiento organiza unas jornadas para abordar la identificaci\u00f3n y prevenci\u00f3n de situaciones de violencias sexistas entre j\u00f3venes en los entornos digitales<\/title>\n<meta name=\"description\" content=\"\u2018J\u00f3venes, entornos digitales y violencia sexista\u2019 se desarrollar\u00e1 del 9 al 11 de junio en Baluarte con inscripciones gratuitas en el tel\u00e9fono 010\" \/>\n<meta name=\"robots\" content=\"index, follow, max-snippet:-1, max-image-preview:large, max-video-preview:-1\" \/>\n<link rel=\"canonical\" href=\"https:\/\/www.laguiadepamplona.com\/actualidad\/el-ayuntamiento-organiza-unas-jornadas-para-abordar-la-identificacion-y-prevencion-de-situaciones-de-violencias-sexistas-entre-jovenes-en-los-entornos-digitales\/\" \/>\n<meta property=\"og:locale\" content=\"es_ES\" \/>\n<meta property=\"og:type\" content=\"article\" \/>\n<meta property=\"og:title\" content=\"El Ayuntamiento organiza unas jornadas para abordar la identificaci\u00f3n y prevenci\u00f3n de situaciones de violencias sexistas entre j\u00f3venes en los entornos digitales\" \/>\n<meta property=\"og:description\" content=\"\u2018J\u00f3venes, entornos digitales y violencia sexista\u2019 se desarrollar\u00e1 del 9 al 11 de junio en Baluarte con inscripciones gratuitas en el tel\u00e9fono 010\" \/>\n<meta property=\"og:url\" content=\"https:\/\/www.laguiadepamplona.com\/actualidad\/el-ayuntamiento-organiza-unas-jornadas-para-abordar-la-identificacion-y-prevencion-de-situaciones-de-violencias-sexistas-entre-jovenes-en-los-entornos-digitales\/\" \/>\n<meta property=\"og:site_name\" content=\"La Gu\u00eda de Pamplona\" \/>\n<meta property=\"article:publisher\" content=\"https:\/\/www.facebook.com\/laguiadepamplonacom-133175176762273\/?ref=hl\" \/>\n<meta property=\"article:published_time\" content=\"2021-06-04T15:36:02+00:00\" \/>\n<meta property=\"article:modified_time\" content=\"2023-04-11T09:49:27+00:00\" \/>\n<meta property=\"og:image\" content=\"https:\/\/www.laguiadepamplona.com\/actualidad\/wp-content\/uploads\/2021\/06\/Cartel-Jornadas-jovenes-entornos-digitales-y-vilencias-sexistas1.jpg\" \/>\n\t<meta property=\"og:image:width\" content=\"1060\" \/>\n\t<meta property=\"og:image:height\" content=\"536\" \/>\n\t<meta property=\"og:image:type\" content=\"image\/jpeg\" \/>\n<meta name=\"author\" content=\"La Gu\u00eda de Pamplona\" \/>\n<meta name=\"twitter:card\" content=\"summary_large_image\" \/>\n<meta name=\"twitter:creator\" content=\"@LaGuiadPamplona\" \/>\n<meta name=\"twitter:site\" content=\"@LaGuiadPamplona\" \/>\n<meta name=\"twitter:label1\" content=\"Escrito por\" \/>\n\t<meta name=\"twitter:data1\" content=\"La Gu\u00eda de Pamplona\" \/>\n\t<meta name=\"twitter:label2\" content=\"Tiempo de lectura\" \/>\n\t<meta name=\"twitter:data2\" content=\"5 minutos\" \/>\n<script type=\"application\/ld+json\" class=\"yoast-schema-graph\">{\"@context\":\"https:\\\/\\\/schema.org\",\"@graph\":[{\"@type\":\"Article\",\"@id\":\"https:\\\/\\\/www.laguiadepamplona.com\\\/actualidad\\\/el-ayuntamiento-organiza-unas-jornadas-para-abordar-la-identificacion-y-prevencion-de-situaciones-de-violencias-sexistas-entre-jovenes-en-los-entornos-digitales\\\/#article\",\"isPartOf\":{\"@id\":\"https:\\\/\\\/www.laguiadepamplona.com\\\/actualidad\\\/el-ayuntamiento-organiza-unas-jornadas-para-abordar-la-identificacion-y-prevencion-de-situaciones-de-violencias-sexistas-entre-jovenes-en-los-entornos-digitales\\\/\"},\"author\":{\"name\":\"La Gu\u00eda de Pamplona\",\"@id\":\"https:\\\/\\\/www.laguiadepamplona.com\\\/actualidad\\\/#\\\/schema\\\/person\\\/efe887376f0213d4657c93adc50b1fdb\"},\"headline\":\"El Ayuntamiento organiza unas jornadas para abordar la identificaci\u00f3n y prevenci\u00f3n de situaciones de violencias sexistas entre j\u00f3venes en los entornos digitales\",\"datePublished\":\"2021-06-04T15:36:02+00:00\",\"dateModified\":\"2023-04-11T09:49:27+00:00\",\"mainEntityOfPage\":{\"@id\":\"https:\\\/\\\/www.laguiadepamplona.com\\\/actualidad\\\/el-ayuntamiento-organiza-unas-jornadas-para-abordar-la-identificacion-y-prevencion-de-situaciones-de-violencias-sexistas-entre-jovenes-en-los-entornos-digitales\\\/\"},\"wordCount\":1148,\"commentCount\":0,\"publisher\":{\"@id\":\"https:\\\/\\\/www.laguiadepamplona.com\\\/actualidad\\\/#organization\"},\"image\":{\"@id\":\"https:\\\/\\\/www.laguiadepamplona.com\\\/actualidad\\\/el-ayuntamiento-organiza-unas-jornadas-para-abordar-la-identificacion-y-prevencion-de-situaciones-de-violencias-sexistas-entre-jovenes-en-los-entornos-digitales\\\/#primaryimage\"},\"thumbnailUrl\":\"https:\\\/\\\/www.laguiadepamplona.com\\\/actualidad\\\/wp-content\\\/uploads\\\/2021\\\/06\\\/Cartel-Jornadas-jovenes-entornos-digitales-y-vilencias-sexistas1.jpg\",\"articleSection\":[\"Ayto Pamplona\"],\"inLanguage\":\"es\",\"potentialAction\":[{\"@type\":\"CommentAction\",\"name\":\"Comment\",\"target\":[\"https:\\\/\\\/www.laguiadepamplona.com\\\/actualidad\\\/el-ayuntamiento-organiza-unas-jornadas-para-abordar-la-identificacion-y-prevencion-de-situaciones-de-violencias-sexistas-entre-jovenes-en-los-entornos-digitales\\\/#respond\"]}]},{\"@type\":\"WebPage\",\"@id\":\"https:\\\/\\\/www.laguiadepamplona.com\\\/actualidad\\\/el-ayuntamiento-organiza-unas-jornadas-para-abordar-la-identificacion-y-prevencion-de-situaciones-de-violencias-sexistas-entre-jovenes-en-los-entornos-digitales\\\/\",\"url\":\"https:\\\/\\\/www.laguiadepamplona.com\\\/actualidad\\\/el-ayuntamiento-organiza-unas-jornadas-para-abordar-la-identificacion-y-prevencion-de-situaciones-de-violencias-sexistas-entre-jovenes-en-los-entornos-digitales\\\/\",\"name\":\"El Ayuntamiento organiza unas jornadas para abordar la identificaci\u00f3n y prevenci\u00f3n de situaciones de violencias sexistas entre j\u00f3venes en los entornos digitales\",\"isPartOf\":{\"@id\":\"https:\\\/\\\/www.laguiadepamplona.com\\\/actualidad\\\/#website\"},\"primaryImageOfPage\":{\"@id\":\"https:\\\/\\\/www.laguiadepamplona.com\\\/actualidad\\\/el-ayuntamiento-organiza-unas-jornadas-para-abordar-la-identificacion-y-prevencion-de-situaciones-de-violencias-sexistas-entre-jovenes-en-los-entornos-digitales\\\/#primaryimage\"},\"image\":{\"@id\":\"https:\\\/\\\/www.laguiadepamplona.com\\\/actualidad\\\/el-ayuntamiento-organiza-unas-jornadas-para-abordar-la-identificacion-y-prevencion-de-situaciones-de-violencias-sexistas-entre-jovenes-en-los-entornos-digitales\\\/#primaryimage\"},\"thumbnailUrl\":\"https:\\\/\\\/www.laguiadepamplona.com\\\/actualidad\\\/wp-content\\\/uploads\\\/2021\\\/06\\\/Cartel-Jornadas-jovenes-entornos-digitales-y-vilencias-sexistas1.jpg\",\"datePublished\":\"2021-06-04T15:36:02+00:00\",\"dateModified\":\"2023-04-11T09:49:27+00:00\",\"description\":\"\u2018J\u00f3venes, entornos digitales y violencia sexista\u2019 se desarrollar\u00e1 del 9 al 11 de junio en Baluarte con inscripciones gratuitas en el tel\u00e9fono 010\",\"breadcrumb\":{\"@id\":\"https:\\\/\\\/www.laguiadepamplona.com\\\/actualidad\\\/el-ayuntamiento-organiza-unas-jornadas-para-abordar-la-identificacion-y-prevencion-de-situaciones-de-violencias-sexistas-entre-jovenes-en-los-entornos-digitales\\\/#breadcrumb\"},\"inLanguage\":\"es\",\"potentialAction\":[{\"@type\":\"ReadAction\",\"target\":[\"https:\\\/\\\/www.laguiadepamplona.com\\\/actualidad\\\/el-ayuntamiento-organiza-unas-jornadas-para-abordar-la-identificacion-y-prevencion-de-situaciones-de-violencias-sexistas-entre-jovenes-en-los-entornos-digitales\\\/\"]}]},{\"@type\":\"ImageObject\",\"inLanguage\":\"es\",\"@id\":\"https:\\\/\\\/www.laguiadepamplona.com\\\/actualidad\\\/el-ayuntamiento-organiza-unas-jornadas-para-abordar-la-identificacion-y-prevencion-de-situaciones-de-violencias-sexistas-entre-jovenes-en-los-entornos-digitales\\\/#primaryimage\",\"url\":\"https:\\\/\\\/www.laguiadepamplona.com\\\/actualidad\\\/wp-content\\\/uploads\\\/2021\\\/06\\\/Cartel-Jornadas-jovenes-entornos-digitales-y-vilencias-sexistas1.jpg\",\"contentUrl\":\"https:\\\/\\\/www.laguiadepamplona.com\\\/actualidad\\\/wp-content\\\/uploads\\\/2021\\\/06\\\/Cartel-Jornadas-jovenes-entornos-digitales-y-vilencias-sexistas1.jpg\",\"width\":1060,\"height\":536},{\"@type\":\"BreadcrumbList\",\"@id\":\"https:\\\/\\\/www.laguiadepamplona.com\\\/actualidad\\\/el-ayuntamiento-organiza-unas-jornadas-para-abordar-la-identificacion-y-prevencion-de-situaciones-de-violencias-sexistas-entre-jovenes-en-los-entornos-digitales\\\/#breadcrumb\",\"itemListElement\":[{\"@type\":\"ListItem\",\"position\":1,\"name\":\"Portada\",\"item\":\"https:\\\/\\\/www.laguiadepamplona.com\\\/actualidad\\\/\"},{\"@type\":\"ListItem\",\"position\":2,\"name\":\"El Ayuntamiento organiza unas jornadas para abordar la identificaci\u00f3n y prevenci\u00f3n de situaciones de violencias sexistas entre j\u00f3venes en los entornos digitales\"}]},{\"@type\":\"WebSite\",\"@id\":\"https:\\\/\\\/www.laguiadepamplona.com\\\/actualidad\\\/#website\",\"url\":\"https:\\\/\\\/www.laguiadepamplona.com\\\/actualidad\\\/\",\"name\":\"La gu\u00eda de Pamplona\",\"description\":\"Noticias de Pamplona\",\"publisher\":{\"@id\":\"https:\\\/\\\/www.laguiadepamplona.com\\\/actualidad\\\/#organization\"},\"potentialAction\":[{\"@type\":\"SearchAction\",\"target\":{\"@type\":\"EntryPoint\",\"urlTemplate\":\"https:\\\/\\\/www.laguiadepamplona.com\\\/actualidad\\\/?s={search_term_string}\"},\"query-input\":{\"@type\":\"PropertyValueSpecification\",\"valueRequired\":true,\"valueName\":\"search_term_string\"}}],\"inLanguage\":\"es\"},{\"@type\":\"Organization\",\"@id\":\"https:\\\/\\\/www.laguiadepamplona.com\\\/actualidad\\\/#organization\",\"name\":\"La Gu\u00eda de Pamplona \\\/ Noticias\",\"url\":\"https:\\\/\\\/www.laguiadepamplona.com\\\/actualidad\\\/\",\"logo\":{\"@type\":\"ImageObject\",\"inLanguage\":\"es\",\"@id\":\"https:\\\/\\\/www.laguiadepamplona.com\\\/actualidad\\\/#\\\/schema\\\/logo\\\/image\\\/\",\"url\":\"https:\\\/\\\/www.laguiadepamplona.com\\\/actualidad\\\/wp-content\\\/uploads\\\/2018\\\/11\\\/logo-laguiadepamplona18-web1.png\",\"contentUrl\":\"https:\\\/\\\/www.laguiadepamplona.com\\\/actualidad\\\/wp-content\\\/uploads\\\/2018\\\/11\\\/logo-laguiadepamplona18-web1.png\",\"width\":600,\"height\":196,\"caption\":\"La Gu\u00eda de Pamplona \\\/ Noticias\"},\"image\":{\"@id\":\"https:\\\/\\\/www.laguiadepamplona.com\\\/actualidad\\\/#\\\/schema\\\/logo\\\/image\\\/\"},\"sameAs\":[\"https:\\\/\\\/www.facebook.com\\\/laguiadepamplonacom-133175176762273\\\/?ref=hl\",\"https:\\\/\\\/x.com\\\/LaGuiadPamplona\",\"https:\\\/\\\/www.instagram.com\\\/la_guia_de_pamplona\\\/\",\"https:\\\/\\\/www.youtube.com\\\/user\\\/laguiadepamplona\"]},{\"@type\":\"Person\",\"@id\":\"https:\\\/\\\/www.laguiadepamplona.com\\\/actualidad\\\/#\\\/schema\\\/person\\\/efe887376f0213d4657c93adc50b1fdb\",\"name\":\"La Gu\u00eda de Pamplona\",\"image\":{\"@type\":\"ImageObject\",\"inLanguage\":\"es\",\"@id\":\"https:\\\/\\\/secure.gravatar.com\\\/avatar\\\/b6992f131dc8d30ab0dff15446e9d346d9dbd95992de0fef795073f5ea83a81c?s=96&d=mm&r=g\",\"url\":\"https:\\\/\\\/secure.gravatar.com\\\/avatar\\\/b6992f131dc8d30ab0dff15446e9d346d9dbd95992de0fef795073f5ea83a81c?s=96&d=mm&r=g\",\"contentUrl\":\"https:\\\/\\\/secure.gravatar.com\\\/avatar\\\/b6992f131dc8d30ab0dff15446e9d346d9dbd95992de0fef795073f5ea83a81c?s=96&d=mm&r=g\",\"caption\":\"La Gu\u00eda de Pamplona\"}}]}<\/script>\n<!-- \/ Yoast SEO plugin. -->","yoast_head_json":{"title":"El Ayuntamiento organiza unas jornadas para abordar la identificaci\u00f3n y prevenci\u00f3n de situaciones de violencias sexistas entre j\u00f3venes en los entornos digitales","description":"\u2018J\u00f3venes, entornos digitales y violencia sexista\u2019 se desarrollar\u00e1 del 9 al 11 de junio en Baluarte con inscripciones gratuitas en el tel\u00e9fono 010","robots":{"index":"index","follow":"follow","max-snippet":"max-snippet:-1","max-image-preview":"max-image-preview:large","max-video-preview":"max-video-preview:-1"},"canonical":"https:\/\/www.laguiadepamplona.com\/actualidad\/el-ayuntamiento-organiza-unas-jornadas-para-abordar-la-identificacion-y-prevencion-de-situaciones-de-violencias-sexistas-entre-jovenes-en-los-entornos-digitales\/","og_locale":"es_ES","og_type":"article","og_title":"El Ayuntamiento organiza unas jornadas para abordar la identificaci\u00f3n y prevenci\u00f3n de situaciones de violencias sexistas entre j\u00f3venes en los entornos digitales","og_description":"\u2018J\u00f3venes, entornos digitales y violencia sexista\u2019 se desarrollar\u00e1 del 9 al 11 de junio en Baluarte con inscripciones gratuitas en el tel\u00e9fono 010","og_url":"https:\/\/www.laguiadepamplona.com\/actualidad\/el-ayuntamiento-organiza-unas-jornadas-para-abordar-la-identificacion-y-prevencion-de-situaciones-de-violencias-sexistas-entre-jovenes-en-los-entornos-digitales\/","og_site_name":"La Gu\u00eda de Pamplona","article_publisher":"https:\/\/www.facebook.com\/laguiadepamplonacom-133175176762273\/?ref=hl","article_published_time":"2021-06-04T15:36:02+00:00","article_modified_time":"2023-04-11T09:49:27+00:00","og_image":[{"width":1060,"height":536,"url":"https:\/\/www.laguiadepamplona.com\/actualidad\/wp-content\/uploads\/2021\/06\/Cartel-Jornadas-jovenes-entornos-digitales-y-vilencias-sexistas1.jpg","type":"image\/jpeg"}],"author":"La Gu\u00eda de Pamplona","twitter_card":"summary_large_image","twitter_creator":"@LaGuiadPamplona","twitter_site":"@LaGuiadPamplona","twitter_misc":{"Escrito por":"La Gu\u00eda de Pamplona","Tiempo de lectura":"5 minutos"},"schema":{"@context":"https:\/\/schema.org","@graph":[{"@type":"Article","@id":"https:\/\/www.laguiadepamplona.com\/actualidad\/el-ayuntamiento-organiza-unas-jornadas-para-abordar-la-identificacion-y-prevencion-de-situaciones-de-violencias-sexistas-entre-jovenes-en-los-entornos-digitales\/#article","isPartOf":{"@id":"https:\/\/www.laguiadepamplona.com\/actualidad\/el-ayuntamiento-organiza-unas-jornadas-para-abordar-la-identificacion-y-prevencion-de-situaciones-de-violencias-sexistas-entre-jovenes-en-los-entornos-digitales\/"},"author":{"name":"La Gu\u00eda de Pamplona","@id":"https:\/\/www.laguiadepamplona.com\/actualidad\/#\/schema\/person\/efe887376f0213d4657c93adc50b1fdb"},"headline":"El Ayuntamiento organiza unas jornadas para abordar la identificaci\u00f3n y prevenci\u00f3n de situaciones de violencias sexistas entre j\u00f3venes en los entornos digitales","datePublished":"2021-06-04T15:36:02+00:00","dateModified":"2023-04-11T09:49:27+00:00","mainEntityOfPage":{"@id":"https:\/\/www.laguiadepamplona.com\/actualidad\/el-ayuntamiento-organiza-unas-jornadas-para-abordar-la-identificacion-y-prevencion-de-situaciones-de-violencias-sexistas-entre-jovenes-en-los-entornos-digitales\/"},"wordCount":1148,"commentCount":0,"publisher":{"@id":"https:\/\/www.laguiadepamplona.com\/actualidad\/#organization"},"image":{"@id":"https:\/\/www.laguiadepamplona.com\/actualidad\/el-ayuntamiento-organiza-unas-jornadas-para-abordar-la-identificacion-y-prevencion-de-situaciones-de-violencias-sexistas-entre-jovenes-en-los-entornos-digitales\/#primaryimage"},"thumbnailUrl":"https:\/\/www.laguiadepamplona.com\/actualidad\/wp-content\/uploads\/2021\/06\/Cartel-Jornadas-jovenes-entornos-digitales-y-vilencias-sexistas1.jpg","articleSection":["Ayto Pamplona"],"inLanguage":"es","potentialAction":[{"@type":"CommentAction","name":"Comment","target":["https:\/\/www.laguiadepamplona.com\/actualidad\/el-ayuntamiento-organiza-unas-jornadas-para-abordar-la-identificacion-y-prevencion-de-situaciones-de-violencias-sexistas-entre-jovenes-en-los-entornos-digitales\/#respond"]}]},{"@type":"WebPage","@id":"https:\/\/www.laguiadepamplona.com\/actualidad\/el-ayuntamiento-organiza-unas-jornadas-para-abordar-la-identificacion-y-prevencion-de-situaciones-de-violencias-sexistas-entre-jovenes-en-los-entornos-digitales\/","url":"https:\/\/www.laguiadepamplona.com\/actualidad\/el-ayuntamiento-organiza-unas-jornadas-para-abordar-la-identificacion-y-prevencion-de-situaciones-de-violencias-sexistas-entre-jovenes-en-los-entornos-digitales\/","name":"El Ayuntamiento organiza unas jornadas para abordar la identificaci\u00f3n y prevenci\u00f3n de situaciones de violencias sexistas entre j\u00f3venes en los entornos digitales","isPartOf":{"@id":"https:\/\/www.laguiadepamplona.com\/actualidad\/#website"},"primaryImageOfPage":{"@id":"https:\/\/www.laguiadepamplona.com\/actualidad\/el-ayuntamiento-organiza-unas-jornadas-para-abordar-la-identificacion-y-prevencion-de-situaciones-de-violencias-sexistas-entre-jovenes-en-los-entornos-digitales\/#primaryimage"},"image":{"@id":"https:\/\/www.laguiadepamplona.com\/actualidad\/el-ayuntamiento-organiza-unas-jornadas-para-abordar-la-identificacion-y-prevencion-de-situaciones-de-violencias-sexistas-entre-jovenes-en-los-entornos-digitales\/#primaryimage"},"thumbnailUrl":"https:\/\/www.laguiadepamplona.com\/actualidad\/wp-content\/uploads\/2021\/06\/Cartel-Jornadas-jovenes-entornos-digitales-y-vilencias-sexistas1.jpg","datePublished":"2021-06-04T15:36:02+00:00","dateModified":"2023-04-11T09:49:27+00:00","description":"\u2018J\u00f3venes, entornos digitales y violencia sexista\u2019 se desarrollar\u00e1 del 9 al 11 de junio en Baluarte con inscripciones gratuitas en el tel\u00e9fono 010","breadcrumb":{"@id":"https:\/\/www.laguiadepamplona.com\/actualidad\/el-ayuntamiento-organiza-unas-jornadas-para-abordar-la-identificacion-y-prevencion-de-situaciones-de-violencias-sexistas-entre-jovenes-en-los-entornos-digitales\/#breadcrumb"},"inLanguage":"es","potentialAction":[{"@type":"ReadAction","target":["https:\/\/www.laguiadepamplona.com\/actualidad\/el-ayuntamiento-organiza-unas-jornadas-para-abordar-la-identificacion-y-prevencion-de-situaciones-de-violencias-sexistas-entre-jovenes-en-los-entornos-digitales\/"]}]},{"@type":"ImageObject","inLanguage":"es","@id":"https:\/\/www.laguiadepamplona.com\/actualidad\/el-ayuntamiento-organiza-unas-jornadas-para-abordar-la-identificacion-y-prevencion-de-situaciones-de-violencias-sexistas-entre-jovenes-en-los-entornos-digitales\/#primaryimage","url":"https:\/\/www.laguiadepamplona.com\/actualidad\/wp-content\/uploads\/2021\/06\/Cartel-Jornadas-jovenes-entornos-digitales-y-vilencias-sexistas1.jpg","contentUrl":"https:\/\/www.laguiadepamplona.com\/actualidad\/wp-content\/uploads\/2021\/06\/Cartel-Jornadas-jovenes-entornos-digitales-y-vilencias-sexistas1.jpg","width":1060,"height":536},{"@type":"BreadcrumbList","@id":"https:\/\/www.laguiadepamplona.com\/actualidad\/el-ayuntamiento-organiza-unas-jornadas-para-abordar-la-identificacion-y-prevencion-de-situaciones-de-violencias-sexistas-entre-jovenes-en-los-entornos-digitales\/#breadcrumb","itemListElement":[{"@type":"ListItem","position":1,"name":"Portada","item":"https:\/\/www.laguiadepamplona.com\/actualidad\/"},{"@type":"ListItem","position":2,"name":"El Ayuntamiento organiza unas jornadas para abordar la identificaci\u00f3n y prevenci\u00f3n de situaciones de violencias sexistas entre j\u00f3venes en los entornos digitales"}]},{"@type":"WebSite","@id":"https:\/\/www.laguiadepamplona.com\/actualidad\/#website","url":"https:\/\/www.laguiadepamplona.com\/actualidad\/","name":"La gu\u00eda de Pamplona","description":"Noticias de Pamplona","publisher":{"@id":"https:\/\/www.laguiadepamplona.com\/actualidad\/#organization"},"potentialAction":[{"@type":"SearchAction","target":{"@type":"EntryPoint","urlTemplate":"https:\/\/www.laguiadepamplona.com\/actualidad\/?s={search_term_string}"},"query-input":{"@type":"PropertyValueSpecification","valueRequired":true,"valueName":"search_term_string"}}],"inLanguage":"es"},{"@type":"Organization","@id":"https:\/\/www.laguiadepamplona.com\/actualidad\/#organization","name":"La Gu\u00eda de Pamplona \/ Noticias","url":"https:\/\/www.laguiadepamplona.com\/actualidad\/","logo":{"@type":"ImageObject","inLanguage":"es","@id":"https:\/\/www.laguiadepamplona.com\/actualidad\/#\/schema\/logo\/image\/","url":"https:\/\/www.laguiadepamplona.com\/actualidad\/wp-content\/uploads\/2018\/11\/logo-laguiadepamplona18-web1.png","contentUrl":"https:\/\/www.laguiadepamplona.com\/actualidad\/wp-content\/uploads\/2018\/11\/logo-laguiadepamplona18-web1.png","width":600,"height":196,"caption":"La Gu\u00eda de Pamplona \/ Noticias"},"image":{"@id":"https:\/\/www.laguiadepamplona.com\/actualidad\/#\/schema\/logo\/image\/"},"sameAs":["https:\/\/www.facebook.com\/laguiadepamplonacom-133175176762273\/?ref=hl","https:\/\/x.com\/LaGuiadPamplona","https:\/\/www.instagram.com\/la_guia_de_pamplona\/","https:\/\/www.youtube.com\/user\/laguiadepamplona"]},{"@type":"Person","@id":"https:\/\/www.laguiadepamplona.com\/actualidad\/#\/schema\/person\/efe887376f0213d4657c93adc50b1fdb","name":"La Gu\u00eda de Pamplona","image":{"@type":"ImageObject","inLanguage":"es","@id":"https:\/\/secure.gravatar.com\/avatar\/b6992f131dc8d30ab0dff15446e9d346d9dbd95992de0fef795073f5ea83a81c?s=96&d=mm&r=g","url":"https:\/\/secure.gravatar.com\/avatar\/b6992f131dc8d30ab0dff15446e9d346d9dbd95992de0fef795073f5ea83a81c?s=96&d=mm&r=g","contentUrl":"https:\/\/secure.gravatar.com\/avatar\/b6992f131dc8d30ab0dff15446e9d346d9dbd95992de0fef795073f5ea83a81c?s=96&d=mm&r=g","caption":"La Gu\u00eda de Pamplona"}}]}},"post_mailing_queue_ids":[],"_links":{"self":[{"href":"https:\/\/www.laguiadepamplona.com\/actualidad\/wp-json\/wp\/v2\/posts\/35252","targetHints":{"allow":["GET"]}}],"collection":[{"href":"https:\/\/www.laguiadepamplona.com\/actualidad\/wp-json\/wp\/v2\/posts"}],"about":[{"href":"https:\/\/www.laguiadepamplona.com\/actualidad\/wp-json\/wp\/v2\/types\/post"}],"author":[{"embeddable":true,"href":"https:\/\/www.laguiadepamplona.com\/actualidad\/wp-json\/wp\/v2\/users\/1"}],"replies":[{"embeddable":true,"href":"https:\/\/www.laguiadepamplona.com\/actualidad\/wp-json\/wp\/v2\/comments?post=35252"}],"version-history":[{"count":0,"href":"https:\/\/www.laguiadepamplona.com\/actualidad\/wp-json\/wp\/v2\/posts\/35252\/revisions"}],"wp:featuredmedia":[{"embeddable":true,"href":"https:\/\/www.laguiadepamplona.com\/actualidad\/wp-json\/wp\/v2\/media\/35254"}],"wp:attachment":[{"href":"https:\/\/www.laguiadepamplona.com\/actualidad\/wp-json\/wp\/v2\/media?parent=35252"}],"wp:term":[{"taxonomy":"category","embeddable":true,"href":"https:\/\/www.laguiadepamplona.com\/actualidad\/wp-json\/wp\/v2\/categories?post=35252"},{"taxonomy":"post_tag","embeddable":true,"href":"https:\/\/www.laguiadepamplona.com\/actualidad\/wp-json\/wp\/v2\/tags?post=35252"}],"curies":[{"name":"wp","href":"https:\/\/api.w.org\/{rel}","templated":true}]}}