{"id":35250,"date":"2021-06-04T17:31:36","date_gmt":"2021-06-04T15:31:36","guid":{"rendered":"https:\/\/www.laguiadepamplona.com\/actualidad\/?p=35250"},"modified":"2023-04-11T11:49:27","modified_gmt":"2023-04-11T09:49:27","slug":"el-ayuntamiento-de-pamplona-se-suma-manana-al-dia-mundial-del-medio-ambiente-con-la-iluminacion-de-la-fachada-de-la-casa-consistorial-y-varias-actividades","status":"publish","type":"post","link":"https:\/\/www.laguiadepamplona.com\/actualidad\/el-ayuntamiento-de-pamplona-se-suma-manana-al-dia-mundial-del-medio-ambiente-con-la-iluminacion-de-la-fachada-de-la-casa-consistorial-y-varias-actividades\/","title":{"rendered":"El Ayuntamiento de Pamplona se suma ma\u00f1ana al D\u00eda Mundial del Medio Ambiente con la iluminaci\u00f3n de la fachada de la Casa Consistorial y varias actividades"},"content":{"rendered":"<h5>Ma\u00f1ana se realizar\u00e1n visitas guiadas y actividades infantiles en la calle y habr\u00e1 talleres en torno al medio ambiente durante toda la pr\u00f3xima semana<\/h5>\n<p><!--more--><\/p>\n<p>Este s\u00e1bado 5 de junio se celebra el D\u00eda Mundial del Medio Ambiente, que tiene el objetivo de concienciar a la poblaci\u00f3n de la necesidad de cuidar el entorno y el planeta. El Ayuntamiento, a trav\u00e9s de su estrategia \u2018Go Green Pamplona\u2019, hace suyos esos objetivos y se suma a esta conmemoraci\u00f3n iluminando simb\u00f3licamente la fachada de la Casa Consistorial de color verde. Adem\u00e1s, y con el objetivo de involucrar a toda la ciudadan\u00eda en el respeto y cuidado del medio ambiente, durante toda la semana se llevar\u00e1n a cabo diversas actividades, como talleres, charlas o visitas guiadas.<\/p>\n<p><script async src=\"\/\/pagead2.googlesyndication.com\/pagead\/js\/adsbygoogle.js\"><\/script><br \/>\n<!-- Noticias La Guia de Pamplona --><br \/>\n<ins class=\"adsbygoogle\"\nstyle=\"display:block\"\ndata-ad-client=\"ca-pub-6943679897239327\"\ndata-ad-slot=\"7048180777\"\ndata-ad-format=\"auto\"><\/ins><br \/>\n<script>\n(adsbygoogle = window.adsbygoogle || []).push({});\n<\/script><\/p>\n<p>Ma\u00f1ana s\u00e1bado, en el D\u00eda Mundial del Medio Ambiente, y con la colaboraci\u00f3n del Ayuntamiento de Pamplona, el Museo de Ciencias de la Universidad de Navarra organizar\u00e1 actividades para todos los p\u00fablicos frente al monumento al encierro de la avenida Carlos III. Se expondr\u00e1n algunas de las piezas del museo, y se llevar\u00e1n a cabo talleres infantiles en torno al reciclaje, el dibujo, la observaci\u00f3n de animales, o el mantenimiento de un huerto. Adem\u00e1s, se plantear\u00e1n experimentos de f\u00edsica y qu\u00edmica y se organizar\u00e1 un juego de escape visual. Las actividades se desarrollar\u00e1n entre las 11.00 y las 14.00 horas por la ma\u00f1ana y desde las 16:00 hasta las 18:00 por la tarde.<\/p>\n<p>Con motivo de esta jornada mundial la red Civivox, a trav\u00e9s de su centro de Mendillorri, organiza una serie de actividades abiertas a todo el p\u00fablico en el ciclo \u2018Reduce, reutiliza, recicla\u2019. Este s\u00e1bado, la actividad principal ser\u00e1 una visita guiada por el barrio, que recorrer\u00e1 algunos de los puntos principales de la zona para demostrar que la vida y el color verde de la naturaleza son unos de sus principales atractivos. La vista se realizar\u00e1 por la ma\u00f1ana (de 11:30 a 13:30 horas) en euskera y se repetir\u00e1 por la tarde (de 17:30 a 19:00 horas) en castellano.<\/p>\n<p><script async src=\"\/\/pagead2.googlesyndication.com\/pagead\/js\/adsbygoogle.js\"><\/script><br \/>\n<!-- Noticias La Guia de Pamplona --><br \/>\n<ins class=\"adsbygoogle\"\nstyle=\"display:block\"\ndata-ad-client=\"ca-pub-6943679897239327\"\ndata-ad-slot=\"7048180777\"\ndata-ad-format=\"auto\"><\/ins><br \/>\n<script>\n(adsbygoogle = window.adsbygoogle || []).push({});\n<\/script><\/p>\n<p><strong>Una charla esta tarde y talleres en torno al medio ambiente durante toda la pr\u00f3xima semana<\/strong><\/p>\n<p>En la v\u00edspera de la conmemoraci\u00f3n del D\u00eda Mundial del Medio Ambiente, Civivox Condestable acoge esta tarde la conferencia \u00ab<a href=\"https:\/\/www.youtube.com\/watch?v=_VZa5eRImuY\" target=\"_blank\" rel=\"noopener\"><strong>La d\u00e9cada del nitr\u00f3geno, m\u00e1s all\u00e1 del cambio clim\u00e1tico<\/strong><\/a>\u00ab. El investigador Luis Lassaletta explicar\u00e1 la alteraci\u00f3n de los ciclos de los nutrientes y las relaciones existentes entre pr\u00e1cticas agr\u00edcolas, productividad, dieta humana, contaminaci\u00f3n y pol\u00edtica ambiental. La cita ser\u00e1 a las 19:00 y se podr\u00e1 seguir tambi\u00e9n online a trav\u00e9s del\u00a0<strong><a href=\"https:\/\/www.youtube.com\/channel\/UCePSHjtWhrFAdx7wF107uzw\" target=\"_blank\" rel=\"noopener\">canal de YouTube\u00a0<\/a><\/strong>del Museo de Ciencias de la Universidad de Navarra.<\/p>\n<p>Las actividades del ciclo \u2018Reduce, reutiliza, recicla\u2019, que se vienen desarrollando desde el pasado mi\u00e9rcoles, se extender\u00e1n durante la pr\u00f3xima semana, y se dirigen a todo tipo de p\u00fablicos. Aprender a realizar jabones naturales, elaborar productos para la limpieza del hogar que no da\u00f1en el medio ambiente o familiarizarse con el reciclaje y la reutilizaci\u00f3n son algunas de las ideas que se desarrollar\u00e1n en los talleres que ofrece este ciclo. Adem\u00e1s, se propone un espect\u00e1culo multidisciplinar que tendr\u00e1 lugar el pr\u00f3ximo d\u00eda 12 en Civivox Mendillorri. La participaci\u00f3n en estas actividades es gratuita, pero es necesario inscribirse en los propios centros de la red Civivox o a trav\u00e9s de la web pamplonaescultura.es.<\/p>\n<p><script async src=\"\/\/pagead2.googlesyndication.com\/pagead\/js\/adsbygoogle.js\"><\/script><br \/>\n<!-- Noticias La Guia de Pamplona --><br \/>\n<ins class=\"adsbygoogle\"\nstyle=\"display:block\"\ndata-ad-client=\"ca-pub-6943679897239327\"\ndata-ad-slot=\"7048180777\"\ndata-ad-format=\"auto\"><\/ins><br \/>\n<script>\n(adsbygoogle = window.adsbygoogle || []).push({});\n<\/script><\/p>\n<p>Los objetivos a nivel global que defiende la conmemoraci\u00f3n del D\u00eda Mundial del Medio Ambiente se localizan en Pamplona en la estrategia \u2018Go Green Pamplona\u2019, que engloba todas las actuaciones en materia de lucha contra el cambio clim\u00e1tico desarrolladas por la ciudad y que define las nuevas l\u00edneas de actuaci\u00f3n para los pr\u00f3ximos a\u00f1os en materias de energ\u00eda, transporte o del fomento de zonas naturales en el entorno urbano.<\/p>\n","protected":false},"excerpt":{"rendered":"<p>Ma\u00f1ana se realizar\u00e1n visitas guiadas y actividades infantiles en la calle y habr\u00e1 talleres en torno al medio ambiente durante toda la pr\u00f3xima semana<\/p>\n","protected":false},"author":1,"featured_media":35241,"comment_status":"open","ping_status":"closed","sticky":false,"template":"","format":"standard","meta":{"footnotes":""},"categories":[2],"tags":[],"class_list":["post-35250","post","type-post","status-publish","format-standard","has-post-thumbnail","hentry","category-ayuntamiento-pamplona"],"yoast_head":"<!-- This site is optimized with the Yoast SEO plugin v27.3 - https:\/\/yoast.com\/product\/yoast-seo-wordpress\/ -->\n<title>El Ayuntamiento de Pamplona se suma ma\u00f1ana al D\u00eda Mundial del Medio Ambiente con la iluminaci\u00f3n de la fachada de la Casa Consistorial y varias actividades<\/title>\n<meta name=\"description\" content=\"Ma\u00f1ana se realizar\u00e1n visitas guiadas y actividades infantiles en la calle y habr\u00e1 talleres en torno al medio ambiente durante toda la pr\u00f3xima semana\" \/>\n<meta name=\"robots\" content=\"index, follow, max-snippet:-1, max-image-preview:large, max-video-preview:-1\" \/>\n<link rel=\"canonical\" href=\"https:\/\/www.laguiadepamplona.com\/actualidad\/el-ayuntamiento-de-pamplona-se-suma-manana-al-dia-mundial-del-medio-ambiente-con-la-iluminacion-de-la-fachada-de-la-casa-consistorial-y-varias-actividades\/\" \/>\n<meta property=\"og:locale\" content=\"es_ES\" \/>\n<meta property=\"og:type\" content=\"article\" \/>\n<meta property=\"og:title\" content=\"El Ayuntamiento de Pamplona se suma ma\u00f1ana al D\u00eda Mundial del Medio Ambiente con la iluminaci\u00f3n de la fachada de la Casa Consistorial y varias actividades\" \/>\n<meta property=\"og:description\" content=\"Ma\u00f1ana se realizar\u00e1n visitas guiadas y actividades infantiles en la calle y habr\u00e1 talleres en torno al medio ambiente durante toda la pr\u00f3xima semana\" \/>\n<meta property=\"og:url\" content=\"https:\/\/www.laguiadepamplona.com\/actualidad\/el-ayuntamiento-de-pamplona-se-suma-manana-al-dia-mundial-del-medio-ambiente-con-la-iluminacion-de-la-fachada-de-la-casa-consistorial-y-varias-actividades\/\" \/>\n<meta property=\"og:site_name\" content=\"La Gu\u00eda de Pamplona\" \/>\n<meta property=\"article:publisher\" content=\"https:\/\/www.facebook.com\/laguiadepamplonacom-133175176762273\/?ref=hl\" \/>\n<meta property=\"article:published_time\" content=\"2021-06-04T15:31:36+00:00\" \/>\n<meta property=\"article:modified_time\" content=\"2023-04-11T09:49:27+00:00\" \/>\n<meta property=\"og:image\" content=\"https:\/\/www.laguiadepamplona.com\/actualidad\/wp-content\/uploads\/2021\/06\/Dia-Mundial-del-Medio-Ambiente.jpg\" \/>\n\t<meta property=\"og:image:width\" content=\"1200\" \/>\n\t<meta property=\"og:image:height\" content=\"599\" \/>\n\t<meta property=\"og:image:type\" content=\"image\/jpeg\" \/>\n<meta name=\"author\" content=\"La Gu\u00eda de Pamplona\" \/>\n<meta name=\"twitter:card\" content=\"summary_large_image\" \/>\n<meta name=\"twitter:creator\" content=\"@LaGuiadPamplona\" \/>\n<meta name=\"twitter:site\" content=\"@LaGuiadPamplona\" \/>\n<meta name=\"twitter:label1\" content=\"Escrito por\" \/>\n\t<meta name=\"twitter:data1\" content=\"La Gu\u00eda de Pamplona\" \/>\n\t<meta name=\"twitter:label2\" content=\"Tiempo de lectura\" \/>\n\t<meta name=\"twitter:data2\" content=\"3 minutos\" \/>\n<script type=\"application\/ld+json\" class=\"yoast-schema-graph\">{\"@context\":\"https:\\\/\\\/schema.org\",\"@graph\":[{\"@type\":\"Article\",\"@id\":\"https:\\\/\\\/www.laguiadepamplona.com\\\/actualidad\\\/el-ayuntamiento-de-pamplona-se-suma-manana-al-dia-mundial-del-medio-ambiente-con-la-iluminacion-de-la-fachada-de-la-casa-consistorial-y-varias-actividades\\\/#article\",\"isPartOf\":{\"@id\":\"https:\\\/\\\/www.laguiadepamplona.com\\\/actualidad\\\/el-ayuntamiento-de-pamplona-se-suma-manana-al-dia-mundial-del-medio-ambiente-con-la-iluminacion-de-la-fachada-de-la-casa-consistorial-y-varias-actividades\\\/\"},\"author\":{\"name\":\"La Gu\u00eda de Pamplona\",\"@id\":\"https:\\\/\\\/www.laguiadepamplona.com\\\/actualidad\\\/#\\\/schema\\\/person\\\/efe887376f0213d4657c93adc50b1fdb\"},\"headline\":\"El Ayuntamiento de Pamplona se suma ma\u00f1ana al D\u00eda Mundial del Medio Ambiente con la iluminaci\u00f3n de la fachada de la Casa Consistorial y varias actividades\",\"datePublished\":\"2021-06-04T15:31:36+00:00\",\"dateModified\":\"2023-04-11T09:49:27+00:00\",\"mainEntityOfPage\":{\"@id\":\"https:\\\/\\\/www.laguiadepamplona.com\\\/actualidad\\\/el-ayuntamiento-de-pamplona-se-suma-manana-al-dia-mundial-del-medio-ambiente-con-la-iluminacion-de-la-fachada-de-la-casa-consistorial-y-varias-actividades\\\/\"},\"wordCount\":698,\"commentCount\":0,\"publisher\":{\"@id\":\"https:\\\/\\\/www.laguiadepamplona.com\\\/actualidad\\\/#organization\"},\"image\":{\"@id\":\"https:\\\/\\\/www.laguiadepamplona.com\\\/actualidad\\\/el-ayuntamiento-de-pamplona-se-suma-manana-al-dia-mundial-del-medio-ambiente-con-la-iluminacion-de-la-fachada-de-la-casa-consistorial-y-varias-actividades\\\/#primaryimage\"},\"thumbnailUrl\":\"https:\\\/\\\/www.laguiadepamplona.com\\\/actualidad\\\/wp-content\\\/uploads\\\/2021\\\/06\\\/Dia-Mundial-del-Medio-Ambiente.jpg\",\"articleSection\":[\"Ayto Pamplona\"],\"inLanguage\":\"es\",\"potentialAction\":[{\"@type\":\"CommentAction\",\"name\":\"Comment\",\"target\":[\"https:\\\/\\\/www.laguiadepamplona.com\\\/actualidad\\\/el-ayuntamiento-de-pamplona-se-suma-manana-al-dia-mundial-del-medio-ambiente-con-la-iluminacion-de-la-fachada-de-la-casa-consistorial-y-varias-actividades\\\/#respond\"]}]},{\"@type\":\"WebPage\",\"@id\":\"https:\\\/\\\/www.laguiadepamplona.com\\\/actualidad\\\/el-ayuntamiento-de-pamplona-se-suma-manana-al-dia-mundial-del-medio-ambiente-con-la-iluminacion-de-la-fachada-de-la-casa-consistorial-y-varias-actividades\\\/\",\"url\":\"https:\\\/\\\/www.laguiadepamplona.com\\\/actualidad\\\/el-ayuntamiento-de-pamplona-se-suma-manana-al-dia-mundial-del-medio-ambiente-con-la-iluminacion-de-la-fachada-de-la-casa-consistorial-y-varias-actividades\\\/\",\"name\":\"El Ayuntamiento de Pamplona se suma ma\u00f1ana al D\u00eda Mundial del Medio Ambiente con la iluminaci\u00f3n de la fachada de la Casa Consistorial y varias actividades\",\"isPartOf\":{\"@id\":\"https:\\\/\\\/www.laguiadepamplona.com\\\/actualidad\\\/#website\"},\"primaryImageOfPage\":{\"@id\":\"https:\\\/\\\/www.laguiadepamplona.com\\\/actualidad\\\/el-ayuntamiento-de-pamplona-se-suma-manana-al-dia-mundial-del-medio-ambiente-con-la-iluminacion-de-la-fachada-de-la-casa-consistorial-y-varias-actividades\\\/#primaryimage\"},\"image\":{\"@id\":\"https:\\\/\\\/www.laguiadepamplona.com\\\/actualidad\\\/el-ayuntamiento-de-pamplona-se-suma-manana-al-dia-mundial-del-medio-ambiente-con-la-iluminacion-de-la-fachada-de-la-casa-consistorial-y-varias-actividades\\\/#primaryimage\"},\"thumbnailUrl\":\"https:\\\/\\\/www.laguiadepamplona.com\\\/actualidad\\\/wp-content\\\/uploads\\\/2021\\\/06\\\/Dia-Mundial-del-Medio-Ambiente.jpg\",\"datePublished\":\"2021-06-04T15:31:36+00:00\",\"dateModified\":\"2023-04-11T09:49:27+00:00\",\"description\":\"Ma\u00f1ana se realizar\u00e1n visitas guiadas y actividades infantiles en la calle y habr\u00e1 talleres en torno al medio ambiente durante toda la pr\u00f3xima semana\",\"breadcrumb\":{\"@id\":\"https:\\\/\\\/www.laguiadepamplona.com\\\/actualidad\\\/el-ayuntamiento-de-pamplona-se-suma-manana-al-dia-mundial-del-medio-ambiente-con-la-iluminacion-de-la-fachada-de-la-casa-consistorial-y-varias-actividades\\\/#breadcrumb\"},\"inLanguage\":\"es\",\"potentialAction\":[{\"@type\":\"ReadAction\",\"target\":[\"https:\\\/\\\/www.laguiadepamplona.com\\\/actualidad\\\/el-ayuntamiento-de-pamplona-se-suma-manana-al-dia-mundial-del-medio-ambiente-con-la-iluminacion-de-la-fachada-de-la-casa-consistorial-y-varias-actividades\\\/\"]}]},{\"@type\":\"ImageObject\",\"inLanguage\":\"es\",\"@id\":\"https:\\\/\\\/www.laguiadepamplona.com\\\/actualidad\\\/el-ayuntamiento-de-pamplona-se-suma-manana-al-dia-mundial-del-medio-ambiente-con-la-iluminacion-de-la-fachada-de-la-casa-consistorial-y-varias-actividades\\\/#primaryimage\",\"url\":\"https:\\\/\\\/www.laguiadepamplona.com\\\/actualidad\\\/wp-content\\\/uploads\\\/2021\\\/06\\\/Dia-Mundial-del-Medio-Ambiente.jpg\",\"contentUrl\":\"https:\\\/\\\/www.laguiadepamplona.com\\\/actualidad\\\/wp-content\\\/uploads\\\/2021\\\/06\\\/Dia-Mundial-del-Medio-Ambiente.jpg\",\"width\":1200,\"height\":599},{\"@type\":\"BreadcrumbList\",\"@id\":\"https:\\\/\\\/www.laguiadepamplona.com\\\/actualidad\\\/el-ayuntamiento-de-pamplona-se-suma-manana-al-dia-mundial-del-medio-ambiente-con-la-iluminacion-de-la-fachada-de-la-casa-consistorial-y-varias-actividades\\\/#breadcrumb\",\"itemListElement\":[{\"@type\":\"ListItem\",\"position\":1,\"name\":\"Portada\",\"item\":\"https:\\\/\\\/www.laguiadepamplona.com\\\/actualidad\\\/\"},{\"@type\":\"ListItem\",\"position\":2,\"name\":\"El Ayuntamiento de Pamplona se suma ma\u00f1ana al D\u00eda Mundial del Medio Ambiente con la iluminaci\u00f3n de la fachada de la Casa Consistorial y varias actividades\"}]},{\"@type\":\"WebSite\",\"@id\":\"https:\\\/\\\/www.laguiadepamplona.com\\\/actualidad\\\/#website\",\"url\":\"https:\\\/\\\/www.laguiadepamplona.com\\\/actualidad\\\/\",\"name\":\"La gu\u00eda de Pamplona\",\"description\":\"Noticias de Pamplona\",\"publisher\":{\"@id\":\"https:\\\/\\\/www.laguiadepamplona.com\\\/actualidad\\\/#organization\"},\"potentialAction\":[{\"@type\":\"SearchAction\",\"target\":{\"@type\":\"EntryPoint\",\"urlTemplate\":\"https:\\\/\\\/www.laguiadepamplona.com\\\/actualidad\\\/?s={search_term_string}\"},\"query-input\":{\"@type\":\"PropertyValueSpecification\",\"valueRequired\":true,\"valueName\":\"search_term_string\"}}],\"inLanguage\":\"es\"},{\"@type\":\"Organization\",\"@id\":\"https:\\\/\\\/www.laguiadepamplona.com\\\/actualidad\\\/#organization\",\"name\":\"La Gu\u00eda de Pamplona \\\/ Noticias\",\"url\":\"https:\\\/\\\/www.laguiadepamplona.com\\\/actualidad\\\/\",\"logo\":{\"@type\":\"ImageObject\",\"inLanguage\":\"es\",\"@id\":\"https:\\\/\\\/www.laguiadepamplona.com\\\/actualidad\\\/#\\\/schema\\\/logo\\\/image\\\/\",\"url\":\"https:\\\/\\\/www.laguiadepamplona.com\\\/actualidad\\\/wp-content\\\/uploads\\\/2018\\\/11\\\/logo-laguiadepamplona18-web1.png\",\"contentUrl\":\"https:\\\/\\\/www.laguiadepamplona.com\\\/actualidad\\\/wp-content\\\/uploads\\\/2018\\\/11\\\/logo-laguiadepamplona18-web1.png\",\"width\":600,\"height\":196,\"caption\":\"La Gu\u00eda de Pamplona \\\/ Noticias\"},\"image\":{\"@id\":\"https:\\\/\\\/www.laguiadepamplona.com\\\/actualidad\\\/#\\\/schema\\\/logo\\\/image\\\/\"},\"sameAs\":[\"https:\\\/\\\/www.facebook.com\\\/laguiadepamplonacom-133175176762273\\\/?ref=hl\",\"https:\\\/\\\/x.com\\\/LaGuiadPamplona\",\"https:\\\/\\\/www.instagram.com\\\/la_guia_de_pamplona\\\/\",\"https:\\\/\\\/www.youtube.com\\\/user\\\/laguiadepamplona\"]},{\"@type\":\"Person\",\"@id\":\"https:\\\/\\\/www.laguiadepamplona.com\\\/actualidad\\\/#\\\/schema\\\/person\\\/efe887376f0213d4657c93adc50b1fdb\",\"name\":\"La Gu\u00eda de Pamplona\",\"image\":{\"@type\":\"ImageObject\",\"inLanguage\":\"es\",\"@id\":\"https:\\\/\\\/secure.gravatar.com\\\/avatar\\\/b6992f131dc8d30ab0dff15446e9d346d9dbd95992de0fef795073f5ea83a81c?s=96&d=mm&r=g\",\"url\":\"https:\\\/\\\/secure.gravatar.com\\\/avatar\\\/b6992f131dc8d30ab0dff15446e9d346d9dbd95992de0fef795073f5ea83a81c?s=96&d=mm&r=g\",\"contentUrl\":\"https:\\\/\\\/secure.gravatar.com\\\/avatar\\\/b6992f131dc8d30ab0dff15446e9d346d9dbd95992de0fef795073f5ea83a81c?s=96&d=mm&r=g\",\"caption\":\"La Gu\u00eda de Pamplona\"}}]}<\/script>\n<!-- \/ Yoast SEO plugin. -->","yoast_head_json":{"title":"El Ayuntamiento de Pamplona se suma ma\u00f1ana al D\u00eda Mundial del Medio Ambiente con la iluminaci\u00f3n de la fachada de la Casa Consistorial y varias actividades","description":"Ma\u00f1ana se realizar\u00e1n visitas guiadas y actividades infantiles en la calle y habr\u00e1 talleres en torno al medio ambiente durante toda la pr\u00f3xima semana","robots":{"index":"index","follow":"follow","max-snippet":"max-snippet:-1","max-image-preview":"max-image-preview:large","max-video-preview":"max-video-preview:-1"},"canonical":"https:\/\/www.laguiadepamplona.com\/actualidad\/el-ayuntamiento-de-pamplona-se-suma-manana-al-dia-mundial-del-medio-ambiente-con-la-iluminacion-de-la-fachada-de-la-casa-consistorial-y-varias-actividades\/","og_locale":"es_ES","og_type":"article","og_title":"El Ayuntamiento de Pamplona se suma ma\u00f1ana al D\u00eda Mundial del Medio Ambiente con la iluminaci\u00f3n de la fachada de la Casa Consistorial y varias actividades","og_description":"Ma\u00f1ana se realizar\u00e1n visitas guiadas y actividades infantiles en la calle y habr\u00e1 talleres en torno al medio ambiente durante toda la pr\u00f3xima semana","og_url":"https:\/\/www.laguiadepamplona.com\/actualidad\/el-ayuntamiento-de-pamplona-se-suma-manana-al-dia-mundial-del-medio-ambiente-con-la-iluminacion-de-la-fachada-de-la-casa-consistorial-y-varias-actividades\/","og_site_name":"La Gu\u00eda de Pamplona","article_publisher":"https:\/\/www.facebook.com\/laguiadepamplonacom-133175176762273\/?ref=hl","article_published_time":"2021-06-04T15:31:36+00:00","article_modified_time":"2023-04-11T09:49:27+00:00","og_image":[{"width":1200,"height":599,"url":"https:\/\/www.laguiadepamplona.com\/actualidad\/wp-content\/uploads\/2021\/06\/Dia-Mundial-del-Medio-Ambiente.jpg","type":"image\/jpeg"}],"author":"La Gu\u00eda de Pamplona","twitter_card":"summary_large_image","twitter_creator":"@LaGuiadPamplona","twitter_site":"@LaGuiadPamplona","twitter_misc":{"Escrito por":"La Gu\u00eda de Pamplona","Tiempo de lectura":"3 minutos"},"schema":{"@context":"https:\/\/schema.org","@graph":[{"@type":"Article","@id":"https:\/\/www.laguiadepamplona.com\/actualidad\/el-ayuntamiento-de-pamplona-se-suma-manana-al-dia-mundial-del-medio-ambiente-con-la-iluminacion-de-la-fachada-de-la-casa-consistorial-y-varias-actividades\/#article","isPartOf":{"@id":"https:\/\/www.laguiadepamplona.com\/actualidad\/el-ayuntamiento-de-pamplona-se-suma-manana-al-dia-mundial-del-medio-ambiente-con-la-iluminacion-de-la-fachada-de-la-casa-consistorial-y-varias-actividades\/"},"author":{"name":"La Gu\u00eda de Pamplona","@id":"https:\/\/www.laguiadepamplona.com\/actualidad\/#\/schema\/person\/efe887376f0213d4657c93adc50b1fdb"},"headline":"El Ayuntamiento de Pamplona se suma ma\u00f1ana al D\u00eda Mundial del Medio Ambiente con la iluminaci\u00f3n de la fachada de la Casa Consistorial y varias actividades","datePublished":"2021-06-04T15:31:36+00:00","dateModified":"2023-04-11T09:49:27+00:00","mainEntityOfPage":{"@id":"https:\/\/www.laguiadepamplona.com\/actualidad\/el-ayuntamiento-de-pamplona-se-suma-manana-al-dia-mundial-del-medio-ambiente-con-la-iluminacion-de-la-fachada-de-la-casa-consistorial-y-varias-actividades\/"},"wordCount":698,"commentCount":0,"publisher":{"@id":"https:\/\/www.laguiadepamplona.com\/actualidad\/#organization"},"image":{"@id":"https:\/\/www.laguiadepamplona.com\/actualidad\/el-ayuntamiento-de-pamplona-se-suma-manana-al-dia-mundial-del-medio-ambiente-con-la-iluminacion-de-la-fachada-de-la-casa-consistorial-y-varias-actividades\/#primaryimage"},"thumbnailUrl":"https:\/\/www.laguiadepamplona.com\/actualidad\/wp-content\/uploads\/2021\/06\/Dia-Mundial-del-Medio-Ambiente.jpg","articleSection":["Ayto Pamplona"],"inLanguage":"es","potentialAction":[{"@type":"CommentAction","name":"Comment","target":["https:\/\/www.laguiadepamplona.com\/actualidad\/el-ayuntamiento-de-pamplona-se-suma-manana-al-dia-mundial-del-medio-ambiente-con-la-iluminacion-de-la-fachada-de-la-casa-consistorial-y-varias-actividades\/#respond"]}]},{"@type":"WebPage","@id":"https:\/\/www.laguiadepamplona.com\/actualidad\/el-ayuntamiento-de-pamplona-se-suma-manana-al-dia-mundial-del-medio-ambiente-con-la-iluminacion-de-la-fachada-de-la-casa-consistorial-y-varias-actividades\/","url":"https:\/\/www.laguiadepamplona.com\/actualidad\/el-ayuntamiento-de-pamplona-se-suma-manana-al-dia-mundial-del-medio-ambiente-con-la-iluminacion-de-la-fachada-de-la-casa-consistorial-y-varias-actividades\/","name":"El Ayuntamiento de Pamplona se suma ma\u00f1ana al D\u00eda Mundial del Medio Ambiente con la iluminaci\u00f3n de la fachada de la Casa Consistorial y varias actividades","isPartOf":{"@id":"https:\/\/www.laguiadepamplona.com\/actualidad\/#website"},"primaryImageOfPage":{"@id":"https:\/\/www.laguiadepamplona.com\/actualidad\/el-ayuntamiento-de-pamplona-se-suma-manana-al-dia-mundial-del-medio-ambiente-con-la-iluminacion-de-la-fachada-de-la-casa-consistorial-y-varias-actividades\/#primaryimage"},"image":{"@id":"https:\/\/www.laguiadepamplona.com\/actualidad\/el-ayuntamiento-de-pamplona-se-suma-manana-al-dia-mundial-del-medio-ambiente-con-la-iluminacion-de-la-fachada-de-la-casa-consistorial-y-varias-actividades\/#primaryimage"},"thumbnailUrl":"https:\/\/www.laguiadepamplona.com\/actualidad\/wp-content\/uploads\/2021\/06\/Dia-Mundial-del-Medio-Ambiente.jpg","datePublished":"2021-06-04T15:31:36+00:00","dateModified":"2023-04-11T09:49:27+00:00","description":"Ma\u00f1ana se realizar\u00e1n visitas guiadas y actividades infantiles en la calle y habr\u00e1 talleres en torno al medio ambiente durante toda la pr\u00f3xima semana","breadcrumb":{"@id":"https:\/\/www.laguiadepamplona.com\/actualidad\/el-ayuntamiento-de-pamplona-se-suma-manana-al-dia-mundial-del-medio-ambiente-con-la-iluminacion-de-la-fachada-de-la-casa-consistorial-y-varias-actividades\/#breadcrumb"},"inLanguage":"es","potentialAction":[{"@type":"ReadAction","target":["https:\/\/www.laguiadepamplona.com\/actualidad\/el-ayuntamiento-de-pamplona-se-suma-manana-al-dia-mundial-del-medio-ambiente-con-la-iluminacion-de-la-fachada-de-la-casa-consistorial-y-varias-actividades\/"]}]},{"@type":"ImageObject","inLanguage":"es","@id":"https:\/\/www.laguiadepamplona.com\/actualidad\/el-ayuntamiento-de-pamplona-se-suma-manana-al-dia-mundial-del-medio-ambiente-con-la-iluminacion-de-la-fachada-de-la-casa-consistorial-y-varias-actividades\/#primaryimage","url":"https:\/\/www.laguiadepamplona.com\/actualidad\/wp-content\/uploads\/2021\/06\/Dia-Mundial-del-Medio-Ambiente.jpg","contentUrl":"https:\/\/www.laguiadepamplona.com\/actualidad\/wp-content\/uploads\/2021\/06\/Dia-Mundial-del-Medio-Ambiente.jpg","width":1200,"height":599},{"@type":"BreadcrumbList","@id":"https:\/\/www.laguiadepamplona.com\/actualidad\/el-ayuntamiento-de-pamplona-se-suma-manana-al-dia-mundial-del-medio-ambiente-con-la-iluminacion-de-la-fachada-de-la-casa-consistorial-y-varias-actividades\/#breadcrumb","itemListElement":[{"@type":"ListItem","position":1,"name":"Portada","item":"https:\/\/www.laguiadepamplona.com\/actualidad\/"},{"@type":"ListItem","position":2,"name":"El Ayuntamiento de Pamplona se suma ma\u00f1ana al D\u00eda Mundial del Medio Ambiente con la iluminaci\u00f3n de la fachada de la Casa Consistorial y varias actividades"}]},{"@type":"WebSite","@id":"https:\/\/www.laguiadepamplona.com\/actualidad\/#website","url":"https:\/\/www.laguiadepamplona.com\/actualidad\/","name":"La gu\u00eda de Pamplona","description":"Noticias de Pamplona","publisher":{"@id":"https:\/\/www.laguiadepamplona.com\/actualidad\/#organization"},"potentialAction":[{"@type":"SearchAction","target":{"@type":"EntryPoint","urlTemplate":"https:\/\/www.laguiadepamplona.com\/actualidad\/?s={search_term_string}"},"query-input":{"@type":"PropertyValueSpecification","valueRequired":true,"valueName":"search_term_string"}}],"inLanguage":"es"},{"@type":"Organization","@id":"https:\/\/www.laguiadepamplona.com\/actualidad\/#organization","name":"La Gu\u00eda de Pamplona \/ Noticias","url":"https:\/\/www.laguiadepamplona.com\/actualidad\/","logo":{"@type":"ImageObject","inLanguage":"es","@id":"https:\/\/www.laguiadepamplona.com\/actualidad\/#\/schema\/logo\/image\/","url":"https:\/\/www.laguiadepamplona.com\/actualidad\/wp-content\/uploads\/2018\/11\/logo-laguiadepamplona18-web1.png","contentUrl":"https:\/\/www.laguiadepamplona.com\/actualidad\/wp-content\/uploads\/2018\/11\/logo-laguiadepamplona18-web1.png","width":600,"height":196,"caption":"La Gu\u00eda de Pamplona \/ Noticias"},"image":{"@id":"https:\/\/www.laguiadepamplona.com\/actualidad\/#\/schema\/logo\/image\/"},"sameAs":["https:\/\/www.facebook.com\/laguiadepamplonacom-133175176762273\/?ref=hl","https:\/\/x.com\/LaGuiadPamplona","https:\/\/www.instagram.com\/la_guia_de_pamplona\/","https:\/\/www.youtube.com\/user\/laguiadepamplona"]},{"@type":"Person","@id":"https:\/\/www.laguiadepamplona.com\/actualidad\/#\/schema\/person\/efe887376f0213d4657c93adc50b1fdb","name":"La Gu\u00eda de Pamplona","image":{"@type":"ImageObject","inLanguage":"es","@id":"https:\/\/secure.gravatar.com\/avatar\/b6992f131dc8d30ab0dff15446e9d346d9dbd95992de0fef795073f5ea83a81c?s=96&d=mm&r=g","url":"https:\/\/secure.gravatar.com\/avatar\/b6992f131dc8d30ab0dff15446e9d346d9dbd95992de0fef795073f5ea83a81c?s=96&d=mm&r=g","contentUrl":"https:\/\/secure.gravatar.com\/avatar\/b6992f131dc8d30ab0dff15446e9d346d9dbd95992de0fef795073f5ea83a81c?s=96&d=mm&r=g","caption":"La Gu\u00eda de Pamplona"}}]}},"post_mailing_queue_ids":[],"_links":{"self":[{"href":"https:\/\/www.laguiadepamplona.com\/actualidad\/wp-json\/wp\/v2\/posts\/35250","targetHints":{"allow":["GET"]}}],"collection":[{"href":"https:\/\/www.laguiadepamplona.com\/actualidad\/wp-json\/wp\/v2\/posts"}],"about":[{"href":"https:\/\/www.laguiadepamplona.com\/actualidad\/wp-json\/wp\/v2\/types\/post"}],"author":[{"embeddable":true,"href":"https:\/\/www.laguiadepamplona.com\/actualidad\/wp-json\/wp\/v2\/users\/1"}],"replies":[{"embeddable":true,"href":"https:\/\/www.laguiadepamplona.com\/actualidad\/wp-json\/wp\/v2\/comments?post=35250"}],"version-history":[{"count":0,"href":"https:\/\/www.laguiadepamplona.com\/actualidad\/wp-json\/wp\/v2\/posts\/35250\/revisions"}],"wp:featuredmedia":[{"embeddable":true,"href":"https:\/\/www.laguiadepamplona.com\/actualidad\/wp-json\/wp\/v2\/media\/35241"}],"wp:attachment":[{"href":"https:\/\/www.laguiadepamplona.com\/actualidad\/wp-json\/wp\/v2\/media?parent=35250"}],"wp:term":[{"taxonomy":"category","embeddable":true,"href":"https:\/\/www.laguiadepamplona.com\/actualidad\/wp-json\/wp\/v2\/categories?post=35250"},{"taxonomy":"post_tag","embeddable":true,"href":"https:\/\/www.laguiadepamplona.com\/actualidad\/wp-json\/wp\/v2\/tags?post=35250"}],"curies":[{"name":"wp","href":"https:\/\/api.w.org\/{rel}","templated":true}]}}