{"id":35219,"date":"2021-06-03T13:11:56","date_gmt":"2021-06-03T11:11:56","guid":{"rendered":"https:\/\/www.laguiadepamplona.com\/actualidad\/?p=35219"},"modified":"2023-04-11T11:49:27","modified_gmt":"2023-04-11T09:49:27","slug":"mas-de-1-100-personas-asisten-al-festival-internacional-de-cine-y-medio-ambiente-ecozine-una-cita-anual-asentada-en-la-ciudad","status":"publish","type":"post","link":"https:\/\/www.laguiadepamplona.com\/actualidad\/mas-de-1-100-personas-asisten-al-festival-internacional-de-cine-y-medio-ambiente-ecozine-una-cita-anual-asentada-en-la-ciudad\/","title":{"rendered":"M\u00e1s de 1.100 personas asisten al Festival Internacional de Cine y Medio Ambiente ECOZINE, una cita anual asentada en la ciudad"},"content":{"rendered":"<h5>Durante los cuatro d\u00edas de sesiones de la Secci\u00f3n Oficial se agotaron las m\u00e1s de 500 entradas disponibles para salas de Golem Baiona<\/h5>\n<p><!--more--><\/p>\n<p>Pamplona ha acogido por cuarto a\u00f1o el Festival Internacional de Cine y Medio Ambiente ECOZINE y la demanda de la ciudadan\u00eda ha completado todas las sesiones que se ofertaban en la Secci\u00f3n Oficial que se desarroll\u00f3 la pasada semana. Si se suman las 572 personas asistentes a esta parte del certamen con el desarrollo, el pasado marzo, de la Secci\u00f3n Joven Educativa, un total de 1.117 personas han participado en la ciudad en esta cita anual que a\u00fana el cine y el medio ambiente.<\/p>\n<p><script async src=\"\/\/pagead2.googlesyndication.com\/pagead\/js\/adsbygoogle.js\"><\/script><br \/>\n<!-- Noticias La Guia de Pamplona --><br \/>\n<ins class=\"adsbygoogle\"\nstyle=\"display:block\"\ndata-ad-client=\"ca-pub-6943679897239327\"\ndata-ad-slot=\"7048180777\"\ndata-ad-format=\"auto\"><\/ins><br \/>\n<script>\n(adsbygoogle = window.adsbygoogle || []).push({});\n<\/script><\/p>\n<p>Las sesiones han tenido lugar en las salas m\u00e1s grandes de los cines Golem Baiona que presentaban un aforo m\u00e1ximo del 50% debido a las restricciones decretadas por seguridad sanitaria. El a\u00f1o pasado el festival no se pudo desarrollar por la pandemia de la COVID 19, pero los asistentes de este a\u00f1o han igualado los datos de participaci\u00f3n de la edici\u00f3n de 2019, por lo que desde el Ayuntamiento de Pamplona esta se considera una cita ya asentada en la ciudad.<\/p>\n<p>El festival ECOZINE promociona y difunde producciones audiovisuales vinculadas al Medio Ambiente y comenz\u00f3 su andadura en 2007 en Zaragoza. En el programa de la Secci\u00f3n Oficial de 2021 se inclu\u00edan las cintas \u2018Zumiriki\u2019 (2019), de Oscar Alegr\u00eda, el documental \u2018Titixe\u2019, dirigido por Tania Hernandez Velasco, el audiovisual \u2018The Price of progress\u2019 de Victor Luengo y la pel\u00edcula \u2018Urpean Lurra\u2019 (2019), de Maddi Barber.<\/p>\n","protected":false},"excerpt":{"rendered":"<p>Durante los cuatro d\u00edas de sesiones de la Secci\u00f3n Oficial se agotaron las m\u00e1s de 500 entradas disponibles para salas de Golem Baiona<\/p>\n","protected":false},"author":1,"featured_media":35220,"comment_status":"open","ping_status":"closed","sticky":false,"template":"","format":"standard","meta":{"footnotes":""},"categories":[2],"tags":[],"class_list":["post-35219","post","type-post","status-publish","format-standard","has-post-thumbnail","hentry","category-ayuntamiento-pamplona"],"yoast_head":"<!-- This site is optimized with the Yoast SEO plugin v27.3 - https:\/\/yoast.com\/product\/yoast-seo-wordpress\/ -->\n<title>M\u00e1s de 1.100 personas asisten al Festival Internacional de Cine y Medio Ambiente ECOZINE, una cita anual asentada en la ciudad<\/title>\n<meta name=\"description\" content=\"Durante los cuatro d\u00edas de sesiones de la Secci\u00f3n Oficial se agotaron las m\u00e1s de 500 entradas disponibles para salas de Golem Baiona\" \/>\n<meta name=\"robots\" content=\"index, follow, max-snippet:-1, max-image-preview:large, max-video-preview:-1\" \/>\n<link rel=\"canonical\" href=\"https:\/\/www.laguiadepamplona.com\/actualidad\/mas-de-1-100-personas-asisten-al-festival-internacional-de-cine-y-medio-ambiente-ecozine-una-cita-anual-asentada-en-la-ciudad\/\" \/>\n<meta property=\"og:locale\" content=\"es_ES\" \/>\n<meta property=\"og:type\" content=\"article\" \/>\n<meta property=\"og:title\" content=\"M\u00e1s de 1.100 personas asisten al Festival Internacional de Cine y Medio Ambiente ECOZINE, una cita anual asentada en la ciudad\" \/>\n<meta property=\"og:description\" content=\"Durante los cuatro d\u00edas de sesiones de la Secci\u00f3n Oficial se agotaron las m\u00e1s de 500 entradas disponibles para salas de Golem Baiona\" \/>\n<meta property=\"og:url\" content=\"https:\/\/www.laguiadepamplona.com\/actualidad\/mas-de-1-100-personas-asisten-al-festival-internacional-de-cine-y-medio-ambiente-ecozine-una-cita-anual-asentada-en-la-ciudad\/\" \/>\n<meta property=\"og:site_name\" content=\"La Gu\u00eda de Pamplona\" \/>\n<meta property=\"article:publisher\" content=\"https:\/\/www.facebook.com\/laguiadepamplonacom-133175176762273\/?ref=hl\" \/>\n<meta property=\"article:published_time\" content=\"2021-06-03T11:11:56+00:00\" \/>\n<meta property=\"article:modified_time\" content=\"2023-04-11T09:49:27+00:00\" \/>\n<meta property=\"og:image\" content=\"https:\/\/www.laguiadepamplona.com\/actualidad\/wp-content\/uploads\/2021\/06\/ekozine_0.jpg\" \/>\n\t<meta property=\"og:image:width\" content=\"1024\" \/>\n\t<meta property=\"og:image:height\" content=\"1024\" \/>\n\t<meta property=\"og:image:type\" content=\"image\/jpeg\" \/>\n<meta name=\"author\" content=\"La Gu\u00eda de Pamplona\" \/>\n<meta name=\"twitter:card\" content=\"summary_large_image\" \/>\n<meta name=\"twitter:creator\" content=\"@LaGuiadPamplona\" \/>\n<meta name=\"twitter:site\" content=\"@LaGuiadPamplona\" \/>\n<meta name=\"twitter:label1\" content=\"Escrito por\" \/>\n\t<meta name=\"twitter:data1\" content=\"La Gu\u00eda de Pamplona\" \/>\n\t<meta name=\"twitter:label2\" content=\"Tiempo de lectura\" \/>\n\t<meta name=\"twitter:data2\" content=\"2 minutos\" \/>\n<script type=\"application\/ld+json\" class=\"yoast-schema-graph\">{\"@context\":\"https:\\\/\\\/schema.org\",\"@graph\":[{\"@type\":\"Article\",\"@id\":\"https:\\\/\\\/www.laguiadepamplona.com\\\/actualidad\\\/mas-de-1-100-personas-asisten-al-festival-internacional-de-cine-y-medio-ambiente-ecozine-una-cita-anual-asentada-en-la-ciudad\\\/#article\",\"isPartOf\":{\"@id\":\"https:\\\/\\\/www.laguiadepamplona.com\\\/actualidad\\\/mas-de-1-100-personas-asisten-al-festival-internacional-de-cine-y-medio-ambiente-ecozine-una-cita-anual-asentada-en-la-ciudad\\\/\"},\"author\":{\"name\":\"La Gu\u00eda de Pamplona\",\"@id\":\"https:\\\/\\\/www.laguiadepamplona.com\\\/actualidad\\\/#\\\/schema\\\/person\\\/efe887376f0213d4657c93adc50b1fdb\"},\"headline\":\"M\u00e1s de 1.100 personas asisten al Festival Internacional de Cine y Medio Ambiente ECOZINE, una cita anual asentada en la ciudad\",\"datePublished\":\"2021-06-03T11:11:56+00:00\",\"dateModified\":\"2023-04-11T09:49:27+00:00\",\"mainEntityOfPage\":{\"@id\":\"https:\\\/\\\/www.laguiadepamplona.com\\\/actualidad\\\/mas-de-1-100-personas-asisten-al-festival-internacional-de-cine-y-medio-ambiente-ecozine-una-cita-anual-asentada-en-la-ciudad\\\/\"},\"wordCount\":281,\"commentCount\":0,\"publisher\":{\"@id\":\"https:\\\/\\\/www.laguiadepamplona.com\\\/actualidad\\\/#organization\"},\"image\":{\"@id\":\"https:\\\/\\\/www.laguiadepamplona.com\\\/actualidad\\\/mas-de-1-100-personas-asisten-al-festival-internacional-de-cine-y-medio-ambiente-ecozine-una-cita-anual-asentada-en-la-ciudad\\\/#primaryimage\"},\"thumbnailUrl\":\"https:\\\/\\\/www.laguiadepamplona.com\\\/actualidad\\\/wp-content\\\/uploads\\\/2021\\\/06\\\/ekozine_0.jpg\",\"articleSection\":[\"Ayto Pamplona\"],\"inLanguage\":\"es\",\"potentialAction\":[{\"@type\":\"CommentAction\",\"name\":\"Comment\",\"target\":[\"https:\\\/\\\/www.laguiadepamplona.com\\\/actualidad\\\/mas-de-1-100-personas-asisten-al-festival-internacional-de-cine-y-medio-ambiente-ecozine-una-cita-anual-asentada-en-la-ciudad\\\/#respond\"]}]},{\"@type\":\"WebPage\",\"@id\":\"https:\\\/\\\/www.laguiadepamplona.com\\\/actualidad\\\/mas-de-1-100-personas-asisten-al-festival-internacional-de-cine-y-medio-ambiente-ecozine-una-cita-anual-asentada-en-la-ciudad\\\/\",\"url\":\"https:\\\/\\\/www.laguiadepamplona.com\\\/actualidad\\\/mas-de-1-100-personas-asisten-al-festival-internacional-de-cine-y-medio-ambiente-ecozine-una-cita-anual-asentada-en-la-ciudad\\\/\",\"name\":\"M\u00e1s de 1.100 personas asisten al Festival Internacional de Cine y Medio Ambiente ECOZINE, una cita anual asentada en la ciudad\",\"isPartOf\":{\"@id\":\"https:\\\/\\\/www.laguiadepamplona.com\\\/actualidad\\\/#website\"},\"primaryImageOfPage\":{\"@id\":\"https:\\\/\\\/www.laguiadepamplona.com\\\/actualidad\\\/mas-de-1-100-personas-asisten-al-festival-internacional-de-cine-y-medio-ambiente-ecozine-una-cita-anual-asentada-en-la-ciudad\\\/#primaryimage\"},\"image\":{\"@id\":\"https:\\\/\\\/www.laguiadepamplona.com\\\/actualidad\\\/mas-de-1-100-personas-asisten-al-festival-internacional-de-cine-y-medio-ambiente-ecozine-una-cita-anual-asentada-en-la-ciudad\\\/#primaryimage\"},\"thumbnailUrl\":\"https:\\\/\\\/www.laguiadepamplona.com\\\/actualidad\\\/wp-content\\\/uploads\\\/2021\\\/06\\\/ekozine_0.jpg\",\"datePublished\":\"2021-06-03T11:11:56+00:00\",\"dateModified\":\"2023-04-11T09:49:27+00:00\",\"description\":\"Durante los cuatro d\u00edas de sesiones de la Secci\u00f3n Oficial se agotaron las m\u00e1s de 500 entradas disponibles para salas de Golem Baiona\",\"breadcrumb\":{\"@id\":\"https:\\\/\\\/www.laguiadepamplona.com\\\/actualidad\\\/mas-de-1-100-personas-asisten-al-festival-internacional-de-cine-y-medio-ambiente-ecozine-una-cita-anual-asentada-en-la-ciudad\\\/#breadcrumb\"},\"inLanguage\":\"es\",\"potentialAction\":[{\"@type\":\"ReadAction\",\"target\":[\"https:\\\/\\\/www.laguiadepamplona.com\\\/actualidad\\\/mas-de-1-100-personas-asisten-al-festival-internacional-de-cine-y-medio-ambiente-ecozine-una-cita-anual-asentada-en-la-ciudad\\\/\"]}]},{\"@type\":\"ImageObject\",\"inLanguage\":\"es\",\"@id\":\"https:\\\/\\\/www.laguiadepamplona.com\\\/actualidad\\\/mas-de-1-100-personas-asisten-al-festival-internacional-de-cine-y-medio-ambiente-ecozine-una-cita-anual-asentada-en-la-ciudad\\\/#primaryimage\",\"url\":\"https:\\\/\\\/www.laguiadepamplona.com\\\/actualidad\\\/wp-content\\\/uploads\\\/2021\\\/06\\\/ekozine_0.jpg\",\"contentUrl\":\"https:\\\/\\\/www.laguiadepamplona.com\\\/actualidad\\\/wp-content\\\/uploads\\\/2021\\\/06\\\/ekozine_0.jpg\",\"width\":1024,\"height\":1024},{\"@type\":\"BreadcrumbList\",\"@id\":\"https:\\\/\\\/www.laguiadepamplona.com\\\/actualidad\\\/mas-de-1-100-personas-asisten-al-festival-internacional-de-cine-y-medio-ambiente-ecozine-una-cita-anual-asentada-en-la-ciudad\\\/#breadcrumb\",\"itemListElement\":[{\"@type\":\"ListItem\",\"position\":1,\"name\":\"Portada\",\"item\":\"https:\\\/\\\/www.laguiadepamplona.com\\\/actualidad\\\/\"},{\"@type\":\"ListItem\",\"position\":2,\"name\":\"M\u00e1s de 1.100 personas asisten al Festival Internacional de Cine y Medio Ambiente ECOZINE, una cita anual asentada en la ciudad\"}]},{\"@type\":\"WebSite\",\"@id\":\"https:\\\/\\\/www.laguiadepamplona.com\\\/actualidad\\\/#website\",\"url\":\"https:\\\/\\\/www.laguiadepamplona.com\\\/actualidad\\\/\",\"name\":\"La gu\u00eda de Pamplona\",\"description\":\"Noticias de Pamplona\",\"publisher\":{\"@id\":\"https:\\\/\\\/www.laguiadepamplona.com\\\/actualidad\\\/#organization\"},\"potentialAction\":[{\"@type\":\"SearchAction\",\"target\":{\"@type\":\"EntryPoint\",\"urlTemplate\":\"https:\\\/\\\/www.laguiadepamplona.com\\\/actualidad\\\/?s={search_term_string}\"},\"query-input\":{\"@type\":\"PropertyValueSpecification\",\"valueRequired\":true,\"valueName\":\"search_term_string\"}}],\"inLanguage\":\"es\"},{\"@type\":\"Organization\",\"@id\":\"https:\\\/\\\/www.laguiadepamplona.com\\\/actualidad\\\/#organization\",\"name\":\"La Gu\u00eda de Pamplona \\\/ Noticias\",\"url\":\"https:\\\/\\\/www.laguiadepamplona.com\\\/actualidad\\\/\",\"logo\":{\"@type\":\"ImageObject\",\"inLanguage\":\"es\",\"@id\":\"https:\\\/\\\/www.laguiadepamplona.com\\\/actualidad\\\/#\\\/schema\\\/logo\\\/image\\\/\",\"url\":\"https:\\\/\\\/www.laguiadepamplona.com\\\/actualidad\\\/wp-content\\\/uploads\\\/2018\\\/11\\\/logo-laguiadepamplona18-web1.png\",\"contentUrl\":\"https:\\\/\\\/www.laguiadepamplona.com\\\/actualidad\\\/wp-content\\\/uploads\\\/2018\\\/11\\\/logo-laguiadepamplona18-web1.png\",\"width\":600,\"height\":196,\"caption\":\"La Gu\u00eda de Pamplona \\\/ Noticias\"},\"image\":{\"@id\":\"https:\\\/\\\/www.laguiadepamplona.com\\\/actualidad\\\/#\\\/schema\\\/logo\\\/image\\\/\"},\"sameAs\":[\"https:\\\/\\\/www.facebook.com\\\/laguiadepamplonacom-133175176762273\\\/?ref=hl\",\"https:\\\/\\\/x.com\\\/LaGuiadPamplona\",\"https:\\\/\\\/www.instagram.com\\\/la_guia_de_pamplona\\\/\",\"https:\\\/\\\/www.youtube.com\\\/user\\\/laguiadepamplona\"]},{\"@type\":\"Person\",\"@id\":\"https:\\\/\\\/www.laguiadepamplona.com\\\/actualidad\\\/#\\\/schema\\\/person\\\/efe887376f0213d4657c93adc50b1fdb\",\"name\":\"La Gu\u00eda de Pamplona\",\"image\":{\"@type\":\"ImageObject\",\"inLanguage\":\"es\",\"@id\":\"https:\\\/\\\/secure.gravatar.com\\\/avatar\\\/b6992f131dc8d30ab0dff15446e9d346d9dbd95992de0fef795073f5ea83a81c?s=96&d=mm&r=g\",\"url\":\"https:\\\/\\\/secure.gravatar.com\\\/avatar\\\/b6992f131dc8d30ab0dff15446e9d346d9dbd95992de0fef795073f5ea83a81c?s=96&d=mm&r=g\",\"contentUrl\":\"https:\\\/\\\/secure.gravatar.com\\\/avatar\\\/b6992f131dc8d30ab0dff15446e9d346d9dbd95992de0fef795073f5ea83a81c?s=96&d=mm&r=g\",\"caption\":\"La Gu\u00eda de Pamplona\"}}]}<\/script>\n<!-- \/ Yoast SEO plugin. -->","yoast_head_json":{"title":"M\u00e1s de 1.100 personas asisten al Festival Internacional de Cine y Medio Ambiente ECOZINE, una cita anual asentada en la ciudad","description":"Durante los cuatro d\u00edas de sesiones de la Secci\u00f3n Oficial se agotaron las m\u00e1s de 500 entradas disponibles para salas de Golem Baiona","robots":{"index":"index","follow":"follow","max-snippet":"max-snippet:-1","max-image-preview":"max-image-preview:large","max-video-preview":"max-video-preview:-1"},"canonical":"https:\/\/www.laguiadepamplona.com\/actualidad\/mas-de-1-100-personas-asisten-al-festival-internacional-de-cine-y-medio-ambiente-ecozine-una-cita-anual-asentada-en-la-ciudad\/","og_locale":"es_ES","og_type":"article","og_title":"M\u00e1s de 1.100 personas asisten al Festival Internacional de Cine y Medio Ambiente ECOZINE, una cita anual asentada en la ciudad","og_description":"Durante los cuatro d\u00edas de sesiones de la Secci\u00f3n Oficial se agotaron las m\u00e1s de 500 entradas disponibles para salas de Golem Baiona","og_url":"https:\/\/www.laguiadepamplona.com\/actualidad\/mas-de-1-100-personas-asisten-al-festival-internacional-de-cine-y-medio-ambiente-ecozine-una-cita-anual-asentada-en-la-ciudad\/","og_site_name":"La Gu\u00eda de Pamplona","article_publisher":"https:\/\/www.facebook.com\/laguiadepamplonacom-133175176762273\/?ref=hl","article_published_time":"2021-06-03T11:11:56+00:00","article_modified_time":"2023-04-11T09:49:27+00:00","og_image":[{"width":1024,"height":1024,"url":"https:\/\/www.laguiadepamplona.com\/actualidad\/wp-content\/uploads\/2021\/06\/ekozine_0.jpg","type":"image\/jpeg"}],"author":"La Gu\u00eda de Pamplona","twitter_card":"summary_large_image","twitter_creator":"@LaGuiadPamplona","twitter_site":"@LaGuiadPamplona","twitter_misc":{"Escrito por":"La Gu\u00eda de Pamplona","Tiempo de lectura":"2 minutos"},"schema":{"@context":"https:\/\/schema.org","@graph":[{"@type":"Article","@id":"https:\/\/www.laguiadepamplona.com\/actualidad\/mas-de-1-100-personas-asisten-al-festival-internacional-de-cine-y-medio-ambiente-ecozine-una-cita-anual-asentada-en-la-ciudad\/#article","isPartOf":{"@id":"https:\/\/www.laguiadepamplona.com\/actualidad\/mas-de-1-100-personas-asisten-al-festival-internacional-de-cine-y-medio-ambiente-ecozine-una-cita-anual-asentada-en-la-ciudad\/"},"author":{"name":"La Gu\u00eda de Pamplona","@id":"https:\/\/www.laguiadepamplona.com\/actualidad\/#\/schema\/person\/efe887376f0213d4657c93adc50b1fdb"},"headline":"M\u00e1s de 1.100 personas asisten al Festival Internacional de Cine y Medio Ambiente ECOZINE, una cita anual asentada en la ciudad","datePublished":"2021-06-03T11:11:56+00:00","dateModified":"2023-04-11T09:49:27+00:00","mainEntityOfPage":{"@id":"https:\/\/www.laguiadepamplona.com\/actualidad\/mas-de-1-100-personas-asisten-al-festival-internacional-de-cine-y-medio-ambiente-ecozine-una-cita-anual-asentada-en-la-ciudad\/"},"wordCount":281,"commentCount":0,"publisher":{"@id":"https:\/\/www.laguiadepamplona.com\/actualidad\/#organization"},"image":{"@id":"https:\/\/www.laguiadepamplona.com\/actualidad\/mas-de-1-100-personas-asisten-al-festival-internacional-de-cine-y-medio-ambiente-ecozine-una-cita-anual-asentada-en-la-ciudad\/#primaryimage"},"thumbnailUrl":"https:\/\/www.laguiadepamplona.com\/actualidad\/wp-content\/uploads\/2021\/06\/ekozine_0.jpg","articleSection":["Ayto Pamplona"],"inLanguage":"es","potentialAction":[{"@type":"CommentAction","name":"Comment","target":["https:\/\/www.laguiadepamplona.com\/actualidad\/mas-de-1-100-personas-asisten-al-festival-internacional-de-cine-y-medio-ambiente-ecozine-una-cita-anual-asentada-en-la-ciudad\/#respond"]}]},{"@type":"WebPage","@id":"https:\/\/www.laguiadepamplona.com\/actualidad\/mas-de-1-100-personas-asisten-al-festival-internacional-de-cine-y-medio-ambiente-ecozine-una-cita-anual-asentada-en-la-ciudad\/","url":"https:\/\/www.laguiadepamplona.com\/actualidad\/mas-de-1-100-personas-asisten-al-festival-internacional-de-cine-y-medio-ambiente-ecozine-una-cita-anual-asentada-en-la-ciudad\/","name":"M\u00e1s de 1.100 personas asisten al Festival Internacional de Cine y Medio Ambiente ECOZINE, una cita anual asentada en la ciudad","isPartOf":{"@id":"https:\/\/www.laguiadepamplona.com\/actualidad\/#website"},"primaryImageOfPage":{"@id":"https:\/\/www.laguiadepamplona.com\/actualidad\/mas-de-1-100-personas-asisten-al-festival-internacional-de-cine-y-medio-ambiente-ecozine-una-cita-anual-asentada-en-la-ciudad\/#primaryimage"},"image":{"@id":"https:\/\/www.laguiadepamplona.com\/actualidad\/mas-de-1-100-personas-asisten-al-festival-internacional-de-cine-y-medio-ambiente-ecozine-una-cita-anual-asentada-en-la-ciudad\/#primaryimage"},"thumbnailUrl":"https:\/\/www.laguiadepamplona.com\/actualidad\/wp-content\/uploads\/2021\/06\/ekozine_0.jpg","datePublished":"2021-06-03T11:11:56+00:00","dateModified":"2023-04-11T09:49:27+00:00","description":"Durante los cuatro d\u00edas de sesiones de la Secci\u00f3n Oficial se agotaron las m\u00e1s de 500 entradas disponibles para salas de Golem Baiona","breadcrumb":{"@id":"https:\/\/www.laguiadepamplona.com\/actualidad\/mas-de-1-100-personas-asisten-al-festival-internacional-de-cine-y-medio-ambiente-ecozine-una-cita-anual-asentada-en-la-ciudad\/#breadcrumb"},"inLanguage":"es","potentialAction":[{"@type":"ReadAction","target":["https:\/\/www.laguiadepamplona.com\/actualidad\/mas-de-1-100-personas-asisten-al-festival-internacional-de-cine-y-medio-ambiente-ecozine-una-cita-anual-asentada-en-la-ciudad\/"]}]},{"@type":"ImageObject","inLanguage":"es","@id":"https:\/\/www.laguiadepamplona.com\/actualidad\/mas-de-1-100-personas-asisten-al-festival-internacional-de-cine-y-medio-ambiente-ecozine-una-cita-anual-asentada-en-la-ciudad\/#primaryimage","url":"https:\/\/www.laguiadepamplona.com\/actualidad\/wp-content\/uploads\/2021\/06\/ekozine_0.jpg","contentUrl":"https:\/\/www.laguiadepamplona.com\/actualidad\/wp-content\/uploads\/2021\/06\/ekozine_0.jpg","width":1024,"height":1024},{"@type":"BreadcrumbList","@id":"https:\/\/www.laguiadepamplona.com\/actualidad\/mas-de-1-100-personas-asisten-al-festival-internacional-de-cine-y-medio-ambiente-ecozine-una-cita-anual-asentada-en-la-ciudad\/#breadcrumb","itemListElement":[{"@type":"ListItem","position":1,"name":"Portada","item":"https:\/\/www.laguiadepamplona.com\/actualidad\/"},{"@type":"ListItem","position":2,"name":"M\u00e1s de 1.100 personas asisten al Festival Internacional de Cine y Medio Ambiente ECOZINE, una cita anual asentada en la ciudad"}]},{"@type":"WebSite","@id":"https:\/\/www.laguiadepamplona.com\/actualidad\/#website","url":"https:\/\/www.laguiadepamplona.com\/actualidad\/","name":"La gu\u00eda de Pamplona","description":"Noticias de Pamplona","publisher":{"@id":"https:\/\/www.laguiadepamplona.com\/actualidad\/#organization"},"potentialAction":[{"@type":"SearchAction","target":{"@type":"EntryPoint","urlTemplate":"https:\/\/www.laguiadepamplona.com\/actualidad\/?s={search_term_string}"},"query-input":{"@type":"PropertyValueSpecification","valueRequired":true,"valueName":"search_term_string"}}],"inLanguage":"es"},{"@type":"Organization","@id":"https:\/\/www.laguiadepamplona.com\/actualidad\/#organization","name":"La Gu\u00eda de Pamplona \/ Noticias","url":"https:\/\/www.laguiadepamplona.com\/actualidad\/","logo":{"@type":"ImageObject","inLanguage":"es","@id":"https:\/\/www.laguiadepamplona.com\/actualidad\/#\/schema\/logo\/image\/","url":"https:\/\/www.laguiadepamplona.com\/actualidad\/wp-content\/uploads\/2018\/11\/logo-laguiadepamplona18-web1.png","contentUrl":"https:\/\/www.laguiadepamplona.com\/actualidad\/wp-content\/uploads\/2018\/11\/logo-laguiadepamplona18-web1.png","width":600,"height":196,"caption":"La Gu\u00eda de Pamplona \/ Noticias"},"image":{"@id":"https:\/\/www.laguiadepamplona.com\/actualidad\/#\/schema\/logo\/image\/"},"sameAs":["https:\/\/www.facebook.com\/laguiadepamplonacom-133175176762273\/?ref=hl","https:\/\/x.com\/LaGuiadPamplona","https:\/\/www.instagram.com\/la_guia_de_pamplona\/","https:\/\/www.youtube.com\/user\/laguiadepamplona"]},{"@type":"Person","@id":"https:\/\/www.laguiadepamplona.com\/actualidad\/#\/schema\/person\/efe887376f0213d4657c93adc50b1fdb","name":"La Gu\u00eda de Pamplona","image":{"@type":"ImageObject","inLanguage":"es","@id":"https:\/\/secure.gravatar.com\/avatar\/b6992f131dc8d30ab0dff15446e9d346d9dbd95992de0fef795073f5ea83a81c?s=96&d=mm&r=g","url":"https:\/\/secure.gravatar.com\/avatar\/b6992f131dc8d30ab0dff15446e9d346d9dbd95992de0fef795073f5ea83a81c?s=96&d=mm&r=g","contentUrl":"https:\/\/secure.gravatar.com\/avatar\/b6992f131dc8d30ab0dff15446e9d346d9dbd95992de0fef795073f5ea83a81c?s=96&d=mm&r=g","caption":"La Gu\u00eda de Pamplona"}}]}},"post_mailing_queue_ids":[],"_links":{"self":[{"href":"https:\/\/www.laguiadepamplona.com\/actualidad\/wp-json\/wp\/v2\/posts\/35219","targetHints":{"allow":["GET"]}}],"collection":[{"href":"https:\/\/www.laguiadepamplona.com\/actualidad\/wp-json\/wp\/v2\/posts"}],"about":[{"href":"https:\/\/www.laguiadepamplona.com\/actualidad\/wp-json\/wp\/v2\/types\/post"}],"author":[{"embeddable":true,"href":"https:\/\/www.laguiadepamplona.com\/actualidad\/wp-json\/wp\/v2\/users\/1"}],"replies":[{"embeddable":true,"href":"https:\/\/www.laguiadepamplona.com\/actualidad\/wp-json\/wp\/v2\/comments?post=35219"}],"version-history":[{"count":0,"href":"https:\/\/www.laguiadepamplona.com\/actualidad\/wp-json\/wp\/v2\/posts\/35219\/revisions"}],"wp:featuredmedia":[{"embeddable":true,"href":"https:\/\/www.laguiadepamplona.com\/actualidad\/wp-json\/wp\/v2\/media\/35220"}],"wp:attachment":[{"href":"https:\/\/www.laguiadepamplona.com\/actualidad\/wp-json\/wp\/v2\/media?parent=35219"}],"wp:term":[{"taxonomy":"category","embeddable":true,"href":"https:\/\/www.laguiadepamplona.com\/actualidad\/wp-json\/wp\/v2\/categories?post=35219"},{"taxonomy":"post_tag","embeddable":true,"href":"https:\/\/www.laguiadepamplona.com\/actualidad\/wp-json\/wp\/v2\/tags?post=35219"}],"curies":[{"name":"wp","href":"https:\/\/api.w.org\/{rel}","templated":true}]}}