{"id":35217,"date":"2021-06-03T13:10:40","date_gmt":"2021-06-03T11:10:40","guid":{"rendered":"https:\/\/www.laguiadepamplona.com\/actualidad\/?p=35217"},"modified":"2023-04-11T11:49:27","modified_gmt":"2023-04-11T09:49:27","slug":"pamplona-presenta-a-sus-socios-europeos-de-potent-un-proyecto-para-el-desarrollo-de-una-comunidad-energetica-basada-en-el-autoconsumo-de-energia-solar-fotovoltaica","status":"publish","type":"post","link":"https:\/\/www.laguiadepamplona.com\/actualidad\/pamplona-presenta-a-sus-socios-europeos-de-potent-un-proyecto-para-el-desarrollo-de-una-comunidad-energetica-basada-en-el-autoconsumo-de-energia-solar-fotovoltaica\/","title":{"rendered":"Pamplona presenta a sus socios europeos de POTEnT un proyecto para el desarrollo de una comunidad energ\u00e9tica basada en el autoconsumo de energ\u00eda solar fotovoltaica"},"content":{"rendered":"<h5>En este segundo trimestre se han previsto tres encuentros virtuales para seguir compartiendo experiencias en materia de transici\u00f3n energ\u00e9tica<\/h5>\n<p><!--more--><\/p>\n<p>El Ayuntamiento de Pamplona contin\u00faa dando pasos en su participaci\u00f3n en el programa europeo POTEnT, centrado en el proceso de transici\u00f3n energ\u00e9tica en las entidades locales. Durante este segundo trimestre del a\u00f1o, Pamplona ha tomado parte en las visitas de estudio que se han realizado online, debido a la pandemia de la COVID-19. En concreto, tres eventos virtuales previstos para compartir y poner en valor experiencias y buenas pr\u00e1cticas entre los 9 socios europeos presentes en POTEnT en relaci\u00f3n con las comunidades energ\u00e9ticas.<\/p>\n<p><script async src=\"\/\/pagead2.googlesyndication.com\/pagead\/js\/adsbygoogle.js\"><\/script><br \/>\n<!-- Noticias La Guia de Pamplona --><br \/>\n<ins class=\"adsbygoogle\"\nstyle=\"display:block\"\ndata-ad-client=\"ca-pub-6943679897239327\"\ndata-ad-slot=\"7048180777\"\ndata-ad-format=\"auto\"><\/ins><br \/>\n<script>\n(adsbygoogle = window.adsbygoogle || []).push({});\n<\/script><\/p>\n<p>A finales del mes de mayo, el Ayuntamiento de Pamplona, junto una representaci\u00f3n del Gobierno de Navarra, present\u00f3 un proyecto piloto com\u00fan, promovido por el Servicio de Transici\u00f3n Energ\u00e9tica del propio Gobierno de Navarra, que tiene como objetivo el desarrollo de la primera comunidad energ\u00e9tica basada en un autoconsumo colectivo de energ\u00eda solar fotovoltaica y que se desarrolla en el entorno del Navarra Arena. En esa misma sesi\u00f3n, el Ayuntamiento de Parma, con la colaboraci\u00f3n de la Agencia de Energ\u00eda y Desarrollo Sostenible de M\u00f3dena, dio a conocer su proyecto \u2018Geco\u2019, uno de los primeros ejemplos en Italia, precisamente de comunidades energ\u00e9ticas.<\/p>\n<p>Estos encuentros virtuales se completar\u00e1n este mes de junio con una sesi\u00f3n organizada por el socio alem\u00e1n Stadtwerke Ettlingen, en la que se presentar\u00e1 tambi\u00e9n un proyecto de cooperativa energ\u00e9tica comunitaria, que permite a la ciudadan\u00eda contribuir econ\u00f3micamente a la expansi\u00f3n de las energ\u00edas renovables y participar en los ingresos de las plantas. En esa sesi\u00f3n est\u00e1 previsto que participe la Agencia Energ\u00e9tica Municipal del Ayuntamiento de Pamplona.<\/p>\n<p><script async src=\"\/\/pagead2.googlesyndication.com\/pagead\/js\/adsbygoogle.js\"><\/script><br \/>\n<!-- Noticias La Guia de Pamplona --><br \/>\n<ins class=\"adsbygoogle\"\nstyle=\"display:block\"\ndata-ad-client=\"ca-pub-6943679897239327\"\ndata-ad-slot=\"7048180777\"\ndata-ad-format=\"auto\"><\/ins><br \/>\n<script>\n(adsbygoogle = window.adsbygoogle || []).push({});\n<\/script><\/p>\n<p>POTEnT es un proyecto destinado a fomentar el papel de las autoridades locales en la transici\u00f3n energ\u00e9tica. Se desarrollar\u00e1 hasta julio de 2022, con 12 meses m\u00e1s de monitoreo de los resultados. El proyecto POTEnT est\u00e1 cofinanciado por Interreg Europe y el Fondo Europeo de Desarrollo Regional, un programa que ayuda a los gobiernos regionales y locales de toda Europa a elaborar y aplicar mejores pol\u00edticas mediante la creaci\u00f3n de un entorno y oportunidades para compartir soluciones, asegurando as\u00ed que la inversi\u00f3n gubernamental, la innovaci\u00f3n y los esfuerzos de aplicaci\u00f3n conduzcan a un impacto integrado y sostenible para las personas y su entorno.<\/p>\n","protected":false},"excerpt":{"rendered":"<p>En este segundo trimestre se han previsto tres encuentros virtuales para seguir compartiendo experiencias en materia de transici\u00f3n energ\u00e9tica<\/p>\n","protected":false},"author":1,"featured_media":33286,"comment_status":"open","ping_status":"closed","sticky":false,"template":"","format":"standard","meta":{"footnotes":""},"categories":[2],"tags":[],"class_list":["post-35217","post","type-post","status-publish","format-standard","has-post-thumbnail","hentry","category-ayuntamiento-pamplona"],"yoast_head":"<!-- This site is optimized with the Yoast SEO plugin v27.3 - https:\/\/yoast.com\/product\/yoast-seo-wordpress\/ -->\n<title>Pamplona presenta a sus socios europeos de POTEnT un proyecto para el desarrollo de una comunidad energ\u00e9tica basada en el autoconsumo de energ\u00eda solar fotovoltaica<\/title>\n<meta name=\"description\" content=\"En este segundo trimestre se han previsto tres encuentros virtuales para seguir compartiendo experiencias en materia de transici\u00f3n energ\u00e9tica\" \/>\n<meta name=\"robots\" content=\"index, follow, max-snippet:-1, max-image-preview:large, max-video-preview:-1\" \/>\n<link rel=\"canonical\" href=\"https:\/\/www.laguiadepamplona.com\/actualidad\/pamplona-presenta-a-sus-socios-europeos-de-potent-un-proyecto-para-el-desarrollo-de-una-comunidad-energetica-basada-en-el-autoconsumo-de-energia-solar-fotovoltaica\/\" \/>\n<meta property=\"og:locale\" content=\"es_ES\" \/>\n<meta property=\"og:type\" content=\"article\" \/>\n<meta property=\"og:title\" content=\"Pamplona presenta a sus socios europeos de POTEnT un proyecto para el desarrollo de una comunidad energ\u00e9tica basada en el autoconsumo de energ\u00eda solar fotovoltaica\" \/>\n<meta property=\"og:description\" content=\"En este segundo trimestre se han previsto tres encuentros virtuales para seguir compartiendo experiencias en materia de transici\u00f3n energ\u00e9tica\" \/>\n<meta property=\"og:url\" content=\"https:\/\/www.laguiadepamplona.com\/actualidad\/pamplona-presenta-a-sus-socios-europeos-de-potent-un-proyecto-para-el-desarrollo-de-una-comunidad-energetica-basada-en-el-autoconsumo-de-energia-solar-fotovoltaica\/\" \/>\n<meta property=\"og:site_name\" content=\"La Gu\u00eda de Pamplona\" \/>\n<meta property=\"article:publisher\" content=\"https:\/\/www.facebook.com\/laguiadepamplonacom-133175176762273\/?ref=hl\" \/>\n<meta property=\"article:published_time\" content=\"2021-06-03T11:10:40+00:00\" \/>\n<meta property=\"article:modified_time\" content=\"2023-04-11T09:49:27+00:00\" \/>\n<meta property=\"og:image\" content=\"https:\/\/www.laguiadepamplona.com\/actualidad\/wp-content\/uploads\/2021\/02\/POTEnT.jpg\" \/>\n\t<meta property=\"og:image:width\" content=\"1654\" \/>\n\t<meta property=\"og:image:height\" content=\"1182\" \/>\n\t<meta property=\"og:image:type\" content=\"image\/jpeg\" \/>\n<meta name=\"author\" content=\"La Gu\u00eda de Pamplona\" \/>\n<meta name=\"twitter:card\" content=\"summary_large_image\" \/>\n<meta name=\"twitter:creator\" content=\"@LaGuiadPamplona\" \/>\n<meta name=\"twitter:site\" content=\"@LaGuiadPamplona\" \/>\n<meta name=\"twitter:label1\" content=\"Escrito por\" \/>\n\t<meta name=\"twitter:data1\" content=\"La Gu\u00eda de Pamplona\" \/>\n\t<meta name=\"twitter:label2\" content=\"Tiempo de lectura\" \/>\n\t<meta name=\"twitter:data2\" content=\"2 minutos\" \/>\n<script type=\"application\/ld+json\" class=\"yoast-schema-graph\">{\"@context\":\"https:\\\/\\\/schema.org\",\"@graph\":[{\"@type\":\"Article\",\"@id\":\"https:\\\/\\\/www.laguiadepamplona.com\\\/actualidad\\\/pamplona-presenta-a-sus-socios-europeos-de-potent-un-proyecto-para-el-desarrollo-de-una-comunidad-energetica-basada-en-el-autoconsumo-de-energia-solar-fotovoltaica\\\/#article\",\"isPartOf\":{\"@id\":\"https:\\\/\\\/www.laguiadepamplona.com\\\/actualidad\\\/pamplona-presenta-a-sus-socios-europeos-de-potent-un-proyecto-para-el-desarrollo-de-una-comunidad-energetica-basada-en-el-autoconsumo-de-energia-solar-fotovoltaica\\\/\"},\"author\":{\"name\":\"La Gu\u00eda de Pamplona\",\"@id\":\"https:\\\/\\\/www.laguiadepamplona.com\\\/actualidad\\\/#\\\/schema\\\/person\\\/efe887376f0213d4657c93adc50b1fdb\"},\"headline\":\"Pamplona presenta a sus socios europeos de POTEnT un proyecto para el desarrollo de una comunidad energ\u00e9tica basada en el autoconsumo de energ\u00eda solar fotovoltaica\",\"datePublished\":\"2021-06-03T11:10:40+00:00\",\"dateModified\":\"2023-04-11T09:49:27+00:00\",\"mainEntityOfPage\":{\"@id\":\"https:\\\/\\\/www.laguiadepamplona.com\\\/actualidad\\\/pamplona-presenta-a-sus-socios-europeos-de-potent-un-proyecto-para-el-desarrollo-de-una-comunidad-energetica-basada-en-el-autoconsumo-de-energia-solar-fotovoltaica\\\/\"},\"wordCount\":439,\"commentCount\":0,\"publisher\":{\"@id\":\"https:\\\/\\\/www.laguiadepamplona.com\\\/actualidad\\\/#organization\"},\"image\":{\"@id\":\"https:\\\/\\\/www.laguiadepamplona.com\\\/actualidad\\\/pamplona-presenta-a-sus-socios-europeos-de-potent-un-proyecto-para-el-desarrollo-de-una-comunidad-energetica-basada-en-el-autoconsumo-de-energia-solar-fotovoltaica\\\/#primaryimage\"},\"thumbnailUrl\":\"https:\\\/\\\/www.laguiadepamplona.com\\\/actualidad\\\/wp-content\\\/uploads\\\/2021\\\/02\\\/POTEnT.jpg\",\"articleSection\":[\"Ayto Pamplona\"],\"inLanguage\":\"es\",\"potentialAction\":[{\"@type\":\"CommentAction\",\"name\":\"Comment\",\"target\":[\"https:\\\/\\\/www.laguiadepamplona.com\\\/actualidad\\\/pamplona-presenta-a-sus-socios-europeos-de-potent-un-proyecto-para-el-desarrollo-de-una-comunidad-energetica-basada-en-el-autoconsumo-de-energia-solar-fotovoltaica\\\/#respond\"]}]},{\"@type\":\"WebPage\",\"@id\":\"https:\\\/\\\/www.laguiadepamplona.com\\\/actualidad\\\/pamplona-presenta-a-sus-socios-europeos-de-potent-un-proyecto-para-el-desarrollo-de-una-comunidad-energetica-basada-en-el-autoconsumo-de-energia-solar-fotovoltaica\\\/\",\"url\":\"https:\\\/\\\/www.laguiadepamplona.com\\\/actualidad\\\/pamplona-presenta-a-sus-socios-europeos-de-potent-un-proyecto-para-el-desarrollo-de-una-comunidad-energetica-basada-en-el-autoconsumo-de-energia-solar-fotovoltaica\\\/\",\"name\":\"Pamplona presenta a sus socios europeos de POTEnT un proyecto para el desarrollo de una comunidad energ\u00e9tica basada en el autoconsumo de energ\u00eda solar fotovoltaica\",\"isPartOf\":{\"@id\":\"https:\\\/\\\/www.laguiadepamplona.com\\\/actualidad\\\/#website\"},\"primaryImageOfPage\":{\"@id\":\"https:\\\/\\\/www.laguiadepamplona.com\\\/actualidad\\\/pamplona-presenta-a-sus-socios-europeos-de-potent-un-proyecto-para-el-desarrollo-de-una-comunidad-energetica-basada-en-el-autoconsumo-de-energia-solar-fotovoltaica\\\/#primaryimage\"},\"image\":{\"@id\":\"https:\\\/\\\/www.laguiadepamplona.com\\\/actualidad\\\/pamplona-presenta-a-sus-socios-europeos-de-potent-un-proyecto-para-el-desarrollo-de-una-comunidad-energetica-basada-en-el-autoconsumo-de-energia-solar-fotovoltaica\\\/#primaryimage\"},\"thumbnailUrl\":\"https:\\\/\\\/www.laguiadepamplona.com\\\/actualidad\\\/wp-content\\\/uploads\\\/2021\\\/02\\\/POTEnT.jpg\",\"datePublished\":\"2021-06-03T11:10:40+00:00\",\"dateModified\":\"2023-04-11T09:49:27+00:00\",\"description\":\"En este segundo trimestre se han previsto tres encuentros virtuales para seguir compartiendo experiencias en materia de transici\u00f3n energ\u00e9tica\",\"breadcrumb\":{\"@id\":\"https:\\\/\\\/www.laguiadepamplona.com\\\/actualidad\\\/pamplona-presenta-a-sus-socios-europeos-de-potent-un-proyecto-para-el-desarrollo-de-una-comunidad-energetica-basada-en-el-autoconsumo-de-energia-solar-fotovoltaica\\\/#breadcrumb\"},\"inLanguage\":\"es\",\"potentialAction\":[{\"@type\":\"ReadAction\",\"target\":[\"https:\\\/\\\/www.laguiadepamplona.com\\\/actualidad\\\/pamplona-presenta-a-sus-socios-europeos-de-potent-un-proyecto-para-el-desarrollo-de-una-comunidad-energetica-basada-en-el-autoconsumo-de-energia-solar-fotovoltaica\\\/\"]}]},{\"@type\":\"ImageObject\",\"inLanguage\":\"es\",\"@id\":\"https:\\\/\\\/www.laguiadepamplona.com\\\/actualidad\\\/pamplona-presenta-a-sus-socios-europeos-de-potent-un-proyecto-para-el-desarrollo-de-una-comunidad-energetica-basada-en-el-autoconsumo-de-energia-solar-fotovoltaica\\\/#primaryimage\",\"url\":\"https:\\\/\\\/www.laguiadepamplona.com\\\/actualidad\\\/wp-content\\\/uploads\\\/2021\\\/02\\\/POTEnT.jpg\",\"contentUrl\":\"https:\\\/\\\/www.laguiadepamplona.com\\\/actualidad\\\/wp-content\\\/uploads\\\/2021\\\/02\\\/POTEnT.jpg\",\"width\":1654,\"height\":1182},{\"@type\":\"BreadcrumbList\",\"@id\":\"https:\\\/\\\/www.laguiadepamplona.com\\\/actualidad\\\/pamplona-presenta-a-sus-socios-europeos-de-potent-un-proyecto-para-el-desarrollo-de-una-comunidad-energetica-basada-en-el-autoconsumo-de-energia-solar-fotovoltaica\\\/#breadcrumb\",\"itemListElement\":[{\"@type\":\"ListItem\",\"position\":1,\"name\":\"Portada\",\"item\":\"https:\\\/\\\/www.laguiadepamplona.com\\\/actualidad\\\/\"},{\"@type\":\"ListItem\",\"position\":2,\"name\":\"Pamplona presenta a sus socios europeos de POTEnT un proyecto para el desarrollo de una comunidad energ\u00e9tica basada en el autoconsumo de energ\u00eda solar fotovoltaica\"}]},{\"@type\":\"WebSite\",\"@id\":\"https:\\\/\\\/www.laguiadepamplona.com\\\/actualidad\\\/#website\",\"url\":\"https:\\\/\\\/www.laguiadepamplona.com\\\/actualidad\\\/\",\"name\":\"La gu\u00eda de Pamplona\",\"description\":\"Noticias de Pamplona\",\"publisher\":{\"@id\":\"https:\\\/\\\/www.laguiadepamplona.com\\\/actualidad\\\/#organization\"},\"potentialAction\":[{\"@type\":\"SearchAction\",\"target\":{\"@type\":\"EntryPoint\",\"urlTemplate\":\"https:\\\/\\\/www.laguiadepamplona.com\\\/actualidad\\\/?s={search_term_string}\"},\"query-input\":{\"@type\":\"PropertyValueSpecification\",\"valueRequired\":true,\"valueName\":\"search_term_string\"}}],\"inLanguage\":\"es\"},{\"@type\":\"Organization\",\"@id\":\"https:\\\/\\\/www.laguiadepamplona.com\\\/actualidad\\\/#organization\",\"name\":\"La Gu\u00eda de Pamplona \\\/ Noticias\",\"url\":\"https:\\\/\\\/www.laguiadepamplona.com\\\/actualidad\\\/\",\"logo\":{\"@type\":\"ImageObject\",\"inLanguage\":\"es\",\"@id\":\"https:\\\/\\\/www.laguiadepamplona.com\\\/actualidad\\\/#\\\/schema\\\/logo\\\/image\\\/\",\"url\":\"https:\\\/\\\/www.laguiadepamplona.com\\\/actualidad\\\/wp-content\\\/uploads\\\/2018\\\/11\\\/logo-laguiadepamplona18-web1.png\",\"contentUrl\":\"https:\\\/\\\/www.laguiadepamplona.com\\\/actualidad\\\/wp-content\\\/uploads\\\/2018\\\/11\\\/logo-laguiadepamplona18-web1.png\",\"width\":600,\"height\":196,\"caption\":\"La Gu\u00eda de Pamplona \\\/ Noticias\"},\"image\":{\"@id\":\"https:\\\/\\\/www.laguiadepamplona.com\\\/actualidad\\\/#\\\/schema\\\/logo\\\/image\\\/\"},\"sameAs\":[\"https:\\\/\\\/www.facebook.com\\\/laguiadepamplonacom-133175176762273\\\/?ref=hl\",\"https:\\\/\\\/x.com\\\/LaGuiadPamplona\",\"https:\\\/\\\/www.instagram.com\\\/la_guia_de_pamplona\\\/\",\"https:\\\/\\\/www.youtube.com\\\/user\\\/laguiadepamplona\"]},{\"@type\":\"Person\",\"@id\":\"https:\\\/\\\/www.laguiadepamplona.com\\\/actualidad\\\/#\\\/schema\\\/person\\\/efe887376f0213d4657c93adc50b1fdb\",\"name\":\"La Gu\u00eda de Pamplona\",\"image\":{\"@type\":\"ImageObject\",\"inLanguage\":\"es\",\"@id\":\"https:\\\/\\\/secure.gravatar.com\\\/avatar\\\/b6992f131dc8d30ab0dff15446e9d346d9dbd95992de0fef795073f5ea83a81c?s=96&d=mm&r=g\",\"url\":\"https:\\\/\\\/secure.gravatar.com\\\/avatar\\\/b6992f131dc8d30ab0dff15446e9d346d9dbd95992de0fef795073f5ea83a81c?s=96&d=mm&r=g\",\"contentUrl\":\"https:\\\/\\\/secure.gravatar.com\\\/avatar\\\/b6992f131dc8d30ab0dff15446e9d346d9dbd95992de0fef795073f5ea83a81c?s=96&d=mm&r=g\",\"caption\":\"La Gu\u00eda de Pamplona\"}}]}<\/script>\n<!-- \/ Yoast SEO plugin. -->","yoast_head_json":{"title":"Pamplona presenta a sus socios europeos de POTEnT un proyecto para el desarrollo de una comunidad energ\u00e9tica basada en el autoconsumo de energ\u00eda solar fotovoltaica","description":"En este segundo trimestre se han previsto tres encuentros virtuales para seguir compartiendo experiencias en materia de transici\u00f3n energ\u00e9tica","robots":{"index":"index","follow":"follow","max-snippet":"max-snippet:-1","max-image-preview":"max-image-preview:large","max-video-preview":"max-video-preview:-1"},"canonical":"https:\/\/www.laguiadepamplona.com\/actualidad\/pamplona-presenta-a-sus-socios-europeos-de-potent-un-proyecto-para-el-desarrollo-de-una-comunidad-energetica-basada-en-el-autoconsumo-de-energia-solar-fotovoltaica\/","og_locale":"es_ES","og_type":"article","og_title":"Pamplona presenta a sus socios europeos de POTEnT un proyecto para el desarrollo de una comunidad energ\u00e9tica basada en el autoconsumo de energ\u00eda solar fotovoltaica","og_description":"En este segundo trimestre se han previsto tres encuentros virtuales para seguir compartiendo experiencias en materia de transici\u00f3n energ\u00e9tica","og_url":"https:\/\/www.laguiadepamplona.com\/actualidad\/pamplona-presenta-a-sus-socios-europeos-de-potent-un-proyecto-para-el-desarrollo-de-una-comunidad-energetica-basada-en-el-autoconsumo-de-energia-solar-fotovoltaica\/","og_site_name":"La Gu\u00eda de Pamplona","article_publisher":"https:\/\/www.facebook.com\/laguiadepamplonacom-133175176762273\/?ref=hl","article_published_time":"2021-06-03T11:10:40+00:00","article_modified_time":"2023-04-11T09:49:27+00:00","og_image":[{"width":1654,"height":1182,"url":"https:\/\/www.laguiadepamplona.com\/actualidad\/wp-content\/uploads\/2021\/02\/POTEnT.jpg","type":"image\/jpeg"}],"author":"La Gu\u00eda de Pamplona","twitter_card":"summary_large_image","twitter_creator":"@LaGuiadPamplona","twitter_site":"@LaGuiadPamplona","twitter_misc":{"Escrito por":"La Gu\u00eda de Pamplona","Tiempo de lectura":"2 minutos"},"schema":{"@context":"https:\/\/schema.org","@graph":[{"@type":"Article","@id":"https:\/\/www.laguiadepamplona.com\/actualidad\/pamplona-presenta-a-sus-socios-europeos-de-potent-un-proyecto-para-el-desarrollo-de-una-comunidad-energetica-basada-en-el-autoconsumo-de-energia-solar-fotovoltaica\/#article","isPartOf":{"@id":"https:\/\/www.laguiadepamplona.com\/actualidad\/pamplona-presenta-a-sus-socios-europeos-de-potent-un-proyecto-para-el-desarrollo-de-una-comunidad-energetica-basada-en-el-autoconsumo-de-energia-solar-fotovoltaica\/"},"author":{"name":"La Gu\u00eda de Pamplona","@id":"https:\/\/www.laguiadepamplona.com\/actualidad\/#\/schema\/person\/efe887376f0213d4657c93adc50b1fdb"},"headline":"Pamplona presenta a sus socios europeos de POTEnT un proyecto para el desarrollo de una comunidad energ\u00e9tica basada en el autoconsumo de energ\u00eda solar fotovoltaica","datePublished":"2021-06-03T11:10:40+00:00","dateModified":"2023-04-11T09:49:27+00:00","mainEntityOfPage":{"@id":"https:\/\/www.laguiadepamplona.com\/actualidad\/pamplona-presenta-a-sus-socios-europeos-de-potent-un-proyecto-para-el-desarrollo-de-una-comunidad-energetica-basada-en-el-autoconsumo-de-energia-solar-fotovoltaica\/"},"wordCount":439,"commentCount":0,"publisher":{"@id":"https:\/\/www.laguiadepamplona.com\/actualidad\/#organization"},"image":{"@id":"https:\/\/www.laguiadepamplona.com\/actualidad\/pamplona-presenta-a-sus-socios-europeos-de-potent-un-proyecto-para-el-desarrollo-de-una-comunidad-energetica-basada-en-el-autoconsumo-de-energia-solar-fotovoltaica\/#primaryimage"},"thumbnailUrl":"https:\/\/www.laguiadepamplona.com\/actualidad\/wp-content\/uploads\/2021\/02\/POTEnT.jpg","articleSection":["Ayto Pamplona"],"inLanguage":"es","potentialAction":[{"@type":"CommentAction","name":"Comment","target":["https:\/\/www.laguiadepamplona.com\/actualidad\/pamplona-presenta-a-sus-socios-europeos-de-potent-un-proyecto-para-el-desarrollo-de-una-comunidad-energetica-basada-en-el-autoconsumo-de-energia-solar-fotovoltaica\/#respond"]}]},{"@type":"WebPage","@id":"https:\/\/www.laguiadepamplona.com\/actualidad\/pamplona-presenta-a-sus-socios-europeos-de-potent-un-proyecto-para-el-desarrollo-de-una-comunidad-energetica-basada-en-el-autoconsumo-de-energia-solar-fotovoltaica\/","url":"https:\/\/www.laguiadepamplona.com\/actualidad\/pamplona-presenta-a-sus-socios-europeos-de-potent-un-proyecto-para-el-desarrollo-de-una-comunidad-energetica-basada-en-el-autoconsumo-de-energia-solar-fotovoltaica\/","name":"Pamplona presenta a sus socios europeos de POTEnT un proyecto para el desarrollo de una comunidad energ\u00e9tica basada en el autoconsumo de energ\u00eda solar fotovoltaica","isPartOf":{"@id":"https:\/\/www.laguiadepamplona.com\/actualidad\/#website"},"primaryImageOfPage":{"@id":"https:\/\/www.laguiadepamplona.com\/actualidad\/pamplona-presenta-a-sus-socios-europeos-de-potent-un-proyecto-para-el-desarrollo-de-una-comunidad-energetica-basada-en-el-autoconsumo-de-energia-solar-fotovoltaica\/#primaryimage"},"image":{"@id":"https:\/\/www.laguiadepamplona.com\/actualidad\/pamplona-presenta-a-sus-socios-europeos-de-potent-un-proyecto-para-el-desarrollo-de-una-comunidad-energetica-basada-en-el-autoconsumo-de-energia-solar-fotovoltaica\/#primaryimage"},"thumbnailUrl":"https:\/\/www.laguiadepamplona.com\/actualidad\/wp-content\/uploads\/2021\/02\/POTEnT.jpg","datePublished":"2021-06-03T11:10:40+00:00","dateModified":"2023-04-11T09:49:27+00:00","description":"En este segundo trimestre se han previsto tres encuentros virtuales para seguir compartiendo experiencias en materia de transici\u00f3n energ\u00e9tica","breadcrumb":{"@id":"https:\/\/www.laguiadepamplona.com\/actualidad\/pamplona-presenta-a-sus-socios-europeos-de-potent-un-proyecto-para-el-desarrollo-de-una-comunidad-energetica-basada-en-el-autoconsumo-de-energia-solar-fotovoltaica\/#breadcrumb"},"inLanguage":"es","potentialAction":[{"@type":"ReadAction","target":["https:\/\/www.laguiadepamplona.com\/actualidad\/pamplona-presenta-a-sus-socios-europeos-de-potent-un-proyecto-para-el-desarrollo-de-una-comunidad-energetica-basada-en-el-autoconsumo-de-energia-solar-fotovoltaica\/"]}]},{"@type":"ImageObject","inLanguage":"es","@id":"https:\/\/www.laguiadepamplona.com\/actualidad\/pamplona-presenta-a-sus-socios-europeos-de-potent-un-proyecto-para-el-desarrollo-de-una-comunidad-energetica-basada-en-el-autoconsumo-de-energia-solar-fotovoltaica\/#primaryimage","url":"https:\/\/www.laguiadepamplona.com\/actualidad\/wp-content\/uploads\/2021\/02\/POTEnT.jpg","contentUrl":"https:\/\/www.laguiadepamplona.com\/actualidad\/wp-content\/uploads\/2021\/02\/POTEnT.jpg","width":1654,"height":1182},{"@type":"BreadcrumbList","@id":"https:\/\/www.laguiadepamplona.com\/actualidad\/pamplona-presenta-a-sus-socios-europeos-de-potent-un-proyecto-para-el-desarrollo-de-una-comunidad-energetica-basada-en-el-autoconsumo-de-energia-solar-fotovoltaica\/#breadcrumb","itemListElement":[{"@type":"ListItem","position":1,"name":"Portada","item":"https:\/\/www.laguiadepamplona.com\/actualidad\/"},{"@type":"ListItem","position":2,"name":"Pamplona presenta a sus socios europeos de POTEnT un proyecto para el desarrollo de una comunidad energ\u00e9tica basada en el autoconsumo de energ\u00eda solar fotovoltaica"}]},{"@type":"WebSite","@id":"https:\/\/www.laguiadepamplona.com\/actualidad\/#website","url":"https:\/\/www.laguiadepamplona.com\/actualidad\/","name":"La gu\u00eda de Pamplona","description":"Noticias de Pamplona","publisher":{"@id":"https:\/\/www.laguiadepamplona.com\/actualidad\/#organization"},"potentialAction":[{"@type":"SearchAction","target":{"@type":"EntryPoint","urlTemplate":"https:\/\/www.laguiadepamplona.com\/actualidad\/?s={search_term_string}"},"query-input":{"@type":"PropertyValueSpecification","valueRequired":true,"valueName":"search_term_string"}}],"inLanguage":"es"},{"@type":"Organization","@id":"https:\/\/www.laguiadepamplona.com\/actualidad\/#organization","name":"La Gu\u00eda de Pamplona \/ Noticias","url":"https:\/\/www.laguiadepamplona.com\/actualidad\/","logo":{"@type":"ImageObject","inLanguage":"es","@id":"https:\/\/www.laguiadepamplona.com\/actualidad\/#\/schema\/logo\/image\/","url":"https:\/\/www.laguiadepamplona.com\/actualidad\/wp-content\/uploads\/2018\/11\/logo-laguiadepamplona18-web1.png","contentUrl":"https:\/\/www.laguiadepamplona.com\/actualidad\/wp-content\/uploads\/2018\/11\/logo-laguiadepamplona18-web1.png","width":600,"height":196,"caption":"La Gu\u00eda de Pamplona \/ Noticias"},"image":{"@id":"https:\/\/www.laguiadepamplona.com\/actualidad\/#\/schema\/logo\/image\/"},"sameAs":["https:\/\/www.facebook.com\/laguiadepamplonacom-133175176762273\/?ref=hl","https:\/\/x.com\/LaGuiadPamplona","https:\/\/www.instagram.com\/la_guia_de_pamplona\/","https:\/\/www.youtube.com\/user\/laguiadepamplona"]},{"@type":"Person","@id":"https:\/\/www.laguiadepamplona.com\/actualidad\/#\/schema\/person\/efe887376f0213d4657c93adc50b1fdb","name":"La Gu\u00eda de Pamplona","image":{"@type":"ImageObject","inLanguage":"es","@id":"https:\/\/secure.gravatar.com\/avatar\/b6992f131dc8d30ab0dff15446e9d346d9dbd95992de0fef795073f5ea83a81c?s=96&d=mm&r=g","url":"https:\/\/secure.gravatar.com\/avatar\/b6992f131dc8d30ab0dff15446e9d346d9dbd95992de0fef795073f5ea83a81c?s=96&d=mm&r=g","contentUrl":"https:\/\/secure.gravatar.com\/avatar\/b6992f131dc8d30ab0dff15446e9d346d9dbd95992de0fef795073f5ea83a81c?s=96&d=mm&r=g","caption":"La Gu\u00eda de Pamplona"}}]}},"post_mailing_queue_ids":[],"_links":{"self":[{"href":"https:\/\/www.laguiadepamplona.com\/actualidad\/wp-json\/wp\/v2\/posts\/35217","targetHints":{"allow":["GET"]}}],"collection":[{"href":"https:\/\/www.laguiadepamplona.com\/actualidad\/wp-json\/wp\/v2\/posts"}],"about":[{"href":"https:\/\/www.laguiadepamplona.com\/actualidad\/wp-json\/wp\/v2\/types\/post"}],"author":[{"embeddable":true,"href":"https:\/\/www.laguiadepamplona.com\/actualidad\/wp-json\/wp\/v2\/users\/1"}],"replies":[{"embeddable":true,"href":"https:\/\/www.laguiadepamplona.com\/actualidad\/wp-json\/wp\/v2\/comments?post=35217"}],"version-history":[{"count":0,"href":"https:\/\/www.laguiadepamplona.com\/actualidad\/wp-json\/wp\/v2\/posts\/35217\/revisions"}],"wp:featuredmedia":[{"embeddable":true,"href":"https:\/\/www.laguiadepamplona.com\/actualidad\/wp-json\/wp\/v2\/media\/33286"}],"wp:attachment":[{"href":"https:\/\/www.laguiadepamplona.com\/actualidad\/wp-json\/wp\/v2\/media?parent=35217"}],"wp:term":[{"taxonomy":"category","embeddable":true,"href":"https:\/\/www.laguiadepamplona.com\/actualidad\/wp-json\/wp\/v2\/categories?post=35217"},{"taxonomy":"post_tag","embeddable":true,"href":"https:\/\/www.laguiadepamplona.com\/actualidad\/wp-json\/wp\/v2\/tags?post=35217"}],"curies":[{"name":"wp","href":"https:\/\/api.w.org\/{rel}","templated":true}]}}