{"id":35215,"date":"2021-06-03T13:04:15","date_gmt":"2021-06-03T11:04:15","guid":{"rendered":"https:\/\/www.laguiadepamplona.com\/actualidad\/?p=35215"},"modified":"2023-04-11T11:49:27","modified_gmt":"2023-04-11T09:49:27","slug":"convocadas-las-ayudas-economicas-destinadas-a-conciliacion-para-familias-con-menores-de-0-a-12-anos-o-hasta-16-anos-si-tienen-discapacidad-igual-o-superior-al-33","status":"publish","type":"post","link":"https:\/\/www.laguiadepamplona.com\/actualidad\/convocadas-las-ayudas-economicas-destinadas-a-conciliacion-para-familias-con-menores-de-0-a-12-anos-o-hasta-16-anos-si-tienen-discapacidad-igual-o-superior-al-33\/","title":{"rendered":"Convocadas las ayudas econ\u00f3micas destinadas a conciliaci\u00f3n para familias con menores de 0 a 12 a\u00f1os o hasta 16 a\u00f1os si tienen discapacidad igual o superior al 33%"},"content":{"rendered":"<h5>La cuant\u00eda aumenta este a\u00f1o de 12.000 a 15.000 euros y ya est\u00e1 abierto el plazo de presentaci\u00f3n de solicitudes<\/h5>\n<p><!--more--><\/p>\n<p>El Ayuntamiento de Pamplona ha abierto el plazo de presentaci\u00f3n de solicitudes para la convocatoria de subvenciones destinadas a la concesi\u00f3n de prestaciones econ\u00f3micas a familias con menores de 0 a 12 a\u00f1os a su cargo, o hasta 16 a\u00f1os si presentan alg\u00fan tipo de discapacidad (igual o superior al 33%), a fin de que puedan compatibilizar sus responsabilidades familiares, sociales y laborales. La cuant\u00eda de la convocatoria se ha incrementado en un 25%, pasando de 12.000 a 15.000 euros. Las solicitudes se pueden presentar durante toda la vigencia de la convocatoria, es decir, a lo largo de todo el a\u00f1o 2021.<\/p>\n<p>Se trata de subvencionar la conciliaci\u00f3n de la vida laboral, social y familiar de padres, madres y\/o tutores legales ante la imposibilidad de atenci\u00f3n a los menores debido a situaciones relacionadas con la actividad laboral de sus responsables; ante la imposibilidad de atenci\u00f3n motivada por la realizaci\u00f3n de actividades formativas y\/o de promoci\u00f3n socio-laboral cuyo objetivo principal sea, bien mejorar el nivel de empleabilidad de padres, madres y\/o tutores de cara a acceder a un empleo, o bien avanzar en el itinerario de incorporaci\u00f3n social previamente consensuado con un servicio social municipal cuya funci\u00f3n principal sea mejorar la inserci\u00f3n social de las familias.<\/p>\n<p>Asimismo, se facilitar\u00e1 la conciliaci\u00f3n en casos de concurrencia en una misma persona de la doble condici\u00f3n de cuidadora, al mismo tiempo, de personas adultas o mayores dependientes y de menores (no habiendo posibilidades de compartir dichas responsabilidades con otra persona adulta con autonom\u00eda personal suficiente dentro del hogar); o como recurso preventivo y de protecci\u00f3n para el menor en situaciones de posible riesgo o desprotecci\u00f3n infantil.<\/p>\n<p>La valoraci\u00f3n de la concurrencia de las situaciones mencionadas atender\u00e1 a factores como la insuficiencia de plazas en la red de Escuelas Infantiles p\u00fablicas; la posibilidad de atenci\u00f3n a los menores en el domicilio; la necesidad de apoyo en los desplazamientos de los menores a centros escolares; o la necesidad de hacer uso de otro tipo de servicios de atenci\u00f3n a los menores por incompatibilidad entre los horarios escolares y los horarios laborales o de las actividades socio-formativas de sus responsables (incluyendo en estos los per\u00edodos vacacionales).<\/p>\n<p><script async src=\"\/\/pagead2.googlesyndication.com\/pagead\/js\/adsbygoogle.js\"><\/script><br \/>\n<!-- Noticias La Guia de Pamplona --><br \/>\n<ins class=\"adsbygoogle\"\nstyle=\"display:block\"\ndata-ad-client=\"ca-pub-6943679897239327\"\ndata-ad-slot=\"7048180777\"\ndata-ad-format=\"auto\"><\/ins><br \/>\n<script>\n(adsbygoogle = window.adsbygoogle || []).push({});\n<\/script><\/p>\n<p><strong>Gastos subvencionables<\/strong><\/p>\n<p>A efectos de esta convocatoria se consideran subvencionables los gastos derivados de diferentes situaciones, seg\u00fan la edad de los menores destinatarios. En el caso de la atenci\u00f3n de 0 a 3 a\u00f1os, se otorgar\u00e1n ayudas econ\u00f3micas para facilitar el coste de la atenci\u00f3n diurna en guarder\u00edas privadas, en horarios que permitan la conciliaci\u00f3n de la vida familiar y sociolaboral. Tambi\u00e9n se incluye la atenci\u00f3n del menor en el domicilio. En los casos en los que no sea posible dar respuesta a la necesidad planteada desde una escuela infantil o una guarder\u00eda, se podr\u00e1 apoyar el cuidado del ni\u00f1o o de la ni\u00f1a en edades comprendidas entre las 16 semanas de vida y hasta su incorporaci\u00f3n al centro escolar en el ciclo de Educaci\u00f3n Infantil (3 a\u00f1os).<\/p>\n<p>En la atenci\u00f3n a menores de 3 a 12 a\u00f1os y\/o menores hasta 16 a\u00f1os con discapacidad, se subvencionara su atenci\u00f3n en el domicilio hasta la incorporaci\u00f3n del menor al aula matutina, si la hubiera, o al colegio en periodo escolar, y\/o hasta la incorporaci\u00f3n al Servicio de Conciliaci\u00f3n correspondiente en per\u00edodos vacacionales; desde la salida del menor del colegio o aula vespertina, si la hubiera, o del Servicio de Conciliaci\u00f3n correspondiente en per\u00edodos vacacionales, hasta la llegada al domicilio de las personas responsables; o los fines de semana o festivos, cuando las personas adultas responsables trabajen y por tanto, no se encuentren en el domicilio, y no exista red de apoyo natural.<\/p>\n<p>Se incluyen tambi\u00e9n ayudas econ\u00f3micas para el pago de servicios comunitarios de atenci\u00f3n matutina o vespertina. Tienen por objeto proporcionar un apoyo econ\u00f3mico que contribuya a costear un recurso de conciliaci\u00f3n familiar y sociolaboral complementario, ante la incompatibilidad de los horarios que ofrecen los centros de educaci\u00f3n y los horarios laborales de padres, madres y\/o responsables. Al objeto de que no se produzcan situaciones en las que el menor permanezca m\u00e1s de 8 horas diarias sin contacto con su familia, en ning\u00fan caso podr\u00e1 hacerse uso de forma consecutiva de los servicios de atenci\u00f3n matutina y vespertina.<\/p>\n<p><script async src=\"\/\/pagead2.googlesyndication.com\/pagead\/js\/adsbygoogle.js\"><\/script><br \/>\n<!-- Noticias La Guia de Pamplona --><br \/>\n<ins class=\"adsbygoogle\"\nstyle=\"display:block\"\ndata-ad-client=\"ca-pub-6943679897239327\"\ndata-ad-slot=\"7048180777\"\ndata-ad-format=\"auto\"><\/ins><br \/>\n<script>\n(adsbygoogle = window.adsbygoogle || []).push({});\n<\/script><\/p>\n<p><strong>Requisitos para concurrir y baremos<\/strong><\/p>\n<p>Pueden concurrir a esta convocatoria quienes tengan vecindad efectiva y empadronamiento con un m\u00ednimo de 6 meses de antig\u00fcedad en Pamplona, excepto situaciones de riesgo o desprotecci\u00f3n y menores procedentes de procesos de reagrupaci\u00f3n familiar. Para determinar el n\u00famero de miembros del n\u00facleo familiar se tendr\u00e1 en cuenta el n\u00famero de miembros de la misma en la fecha de la realizaci\u00f3n de la solicitud. Asimismo, deben ser padres, madres o tutores legales de menores hasta los 12 a\u00f1os inclusive, o hasta los 16 en caso de tener alg\u00fan tipo de discapacidad igual o superior al 33%.<\/p>\n<p>Otros requisitos establecen la necesidad de carecer de medios econ\u00f3micos propios superiores a los establecidos en la convocatoria, as\u00ed como de apoyo familiar con el que hacer frente a la situaci\u00f3n; presentar la documentaci\u00f3n que se le requiera desde los servicios sociales municipales; y, en el caso de ayudas para guarder\u00edas privadas, las familias deber\u00e1n solicitar plaza en una Escuela Infantil P\u00fablica en el plazo anual correspondiente.<\/p>\n<p>El porcentaje subvencionado se aplicar\u00e1 sobre el coste del servicio y\/o sobre la cuant\u00eda m\u00e1xima subvencionable. Las bases de la convocatoria establecen cuatro tramos de subvenci\u00f3n, en funci\u00f3n al n\u00famero de miembros y a los ingresos anuales del n\u00facleo familias. Los porcentajes de subvenci\u00f3n oscilan entre el 25 y el 90%. La subvenci\u00f3n se establece para todos los supuestos de ayuda para el pago de guarder\u00edas sobre la cantidad de 300 euros al mes como m\u00e1ximo, sobre la cantidad de 300 euros al mes como m\u00e1ximo. Para todos los supuestos de atenci\u00f3n domiciliaria la subvenci\u00f3n se calcular\u00e1 aplicando el porcentaje al que tuviera derecho sobre la cantidad m\u00e1xima de 400 euros al mes.<\/p>\n","protected":false},"excerpt":{"rendered":"<p>La cuant\u00eda aumenta este a\u00f1o de 12.000 a 15.000 euros y ya est\u00e1 abierto el plazo de presentaci\u00f3n de solicitudes<\/p>\n","protected":false},"author":1,"featured_media":33021,"comment_status":"open","ping_status":"closed","sticky":false,"template":"","format":"standard","meta":{"footnotes":""},"categories":[2],"tags":[],"class_list":["post-35215","post","type-post","status-publish","format-standard","has-post-thumbnail","hentry","category-ayuntamiento-pamplona"],"yoast_head":"<!-- This site is optimized with the Yoast SEO plugin v27.5 - https:\/\/yoast.com\/product\/yoast-seo-wordpress\/ -->\n<title>Convocadas las ayudas econ\u00f3micas destinadas a conciliaci\u00f3n para familias con menores de 0 a 12 a\u00f1os o hasta 16 a\u00f1os si tienen discapacidad igual o superior al 33%<\/title>\n<meta name=\"description\" content=\"La cuant\u00eda aumenta este a\u00f1o de 12.000 a 15.000 euros y ya est\u00e1 abierto el plazo de presentaci\u00f3n de solicitudes\" \/>\n<meta name=\"robots\" content=\"index, follow, max-snippet:-1, max-image-preview:large, max-video-preview:-1\" \/>\n<link rel=\"canonical\" href=\"https:\/\/www.laguiadepamplona.com\/actualidad\/convocadas-las-ayudas-economicas-destinadas-a-conciliacion-para-familias-con-menores-de-0-a-12-anos-o-hasta-16-anos-si-tienen-discapacidad-igual-o-superior-al-33\/\" \/>\n<meta property=\"og:locale\" content=\"es_ES\" \/>\n<meta property=\"og:type\" content=\"article\" \/>\n<meta property=\"og:title\" content=\"Convocadas las ayudas econ\u00f3micas destinadas a conciliaci\u00f3n para familias con menores de 0 a 12 a\u00f1os o hasta 16 a\u00f1os si tienen discapacidad igual o superior al 33%\" \/>\n<meta property=\"og:description\" content=\"La cuant\u00eda aumenta este a\u00f1o de 12.000 a 15.000 euros y ya est\u00e1 abierto el plazo de presentaci\u00f3n de solicitudes\" \/>\n<meta property=\"og:url\" content=\"https:\/\/www.laguiadepamplona.com\/actualidad\/convocadas-las-ayudas-economicas-destinadas-a-conciliacion-para-familias-con-menores-de-0-a-12-anos-o-hasta-16-anos-si-tienen-discapacidad-igual-o-superior-al-33\/\" \/>\n<meta property=\"og:site_name\" content=\"La Gu\u00eda de Pamplona\" \/>\n<meta property=\"article:publisher\" content=\"https:\/\/www.facebook.com\/laguiadepamplonacom-133175176762273\/?ref=hl\" \/>\n<meta property=\"article:published_time\" content=\"2021-06-03T11:04:15+00:00\" \/>\n<meta property=\"article:modified_time\" content=\"2023-04-11T09:49:27+00:00\" \/>\n<meta property=\"og:image\" content=\"https:\/\/www.laguiadepamplona.com\/actualidad\/wp-content\/uploads\/2021\/02\/ayuntamiento-pamplona.jpg\" \/>\n\t<meta property=\"og:image:width\" content=\"1920\" \/>\n\t<meta property=\"og:image:height\" content=\"1080\" \/>\n\t<meta property=\"og:image:type\" content=\"image\/jpeg\" \/>\n<meta name=\"author\" content=\"La Gu\u00eda de Pamplona\" \/>\n<meta name=\"twitter:card\" content=\"summary_large_image\" \/>\n<meta name=\"twitter:creator\" content=\"@LaGuiadPamplona\" \/>\n<meta name=\"twitter:site\" content=\"@LaGuiadPamplona\" \/>\n<meta name=\"twitter:label1\" content=\"Escrito por\" \/>\n\t<meta name=\"twitter:data1\" content=\"La Gu\u00eda de Pamplona\" \/>\n\t<meta name=\"twitter:label2\" content=\"Tiempo de lectura\" \/>\n\t<meta name=\"twitter:data2\" content=\"5 minutos\" \/>\n<script type=\"application\/ld+json\" class=\"yoast-schema-graph\">{\"@context\":\"https:\\\/\\\/schema.org\",\"@graph\":[{\"@type\":\"Article\",\"@id\":\"https:\\\/\\\/www.laguiadepamplona.com\\\/actualidad\\\/convocadas-las-ayudas-economicas-destinadas-a-conciliacion-para-familias-con-menores-de-0-a-12-anos-o-hasta-16-anos-si-tienen-discapacidad-igual-o-superior-al-33\\\/#article\",\"isPartOf\":{\"@id\":\"https:\\\/\\\/www.laguiadepamplona.com\\\/actualidad\\\/convocadas-las-ayudas-economicas-destinadas-a-conciliacion-para-familias-con-menores-de-0-a-12-anos-o-hasta-16-anos-si-tienen-discapacidad-igual-o-superior-al-33\\\/\"},\"author\":{\"name\":\"La Gu\u00eda de Pamplona\",\"@id\":\"https:\\\/\\\/www.laguiadepamplona.com\\\/actualidad\\\/#\\\/schema\\\/person\\\/efe887376f0213d4657c93adc50b1fdb\"},\"headline\":\"Convocadas las ayudas econ\u00f3micas destinadas a conciliaci\u00f3n para familias con menores de 0 a 12 a\u00f1os o hasta 16 a\u00f1os si tienen discapacidad igual o superior al 33%\",\"datePublished\":\"2021-06-03T11:04:15+00:00\",\"dateModified\":\"2023-04-11T09:49:27+00:00\",\"mainEntityOfPage\":{\"@id\":\"https:\\\/\\\/www.laguiadepamplona.com\\\/actualidad\\\/convocadas-las-ayudas-economicas-destinadas-a-conciliacion-para-familias-con-menores-de-0-a-12-anos-o-hasta-16-anos-si-tienen-discapacidad-igual-o-superior-al-33\\\/\"},\"wordCount\":1100,\"commentCount\":0,\"publisher\":{\"@id\":\"https:\\\/\\\/www.laguiadepamplona.com\\\/actualidad\\\/#organization\"},\"image\":{\"@id\":\"https:\\\/\\\/www.laguiadepamplona.com\\\/actualidad\\\/convocadas-las-ayudas-economicas-destinadas-a-conciliacion-para-familias-con-menores-de-0-a-12-anos-o-hasta-16-anos-si-tienen-discapacidad-igual-o-superior-al-33\\\/#primaryimage\"},\"thumbnailUrl\":\"https:\\\/\\\/www.laguiadepamplona.com\\\/actualidad\\\/wp-content\\\/uploads\\\/2021\\\/02\\\/ayuntamiento-pamplona.jpg\",\"articleSection\":[\"Ayto Pamplona\"],\"inLanguage\":\"es\",\"potentialAction\":[{\"@type\":\"CommentAction\",\"name\":\"Comment\",\"target\":[\"https:\\\/\\\/www.laguiadepamplona.com\\\/actualidad\\\/convocadas-las-ayudas-economicas-destinadas-a-conciliacion-para-familias-con-menores-de-0-a-12-anos-o-hasta-16-anos-si-tienen-discapacidad-igual-o-superior-al-33\\\/#respond\"]}]},{\"@type\":\"WebPage\",\"@id\":\"https:\\\/\\\/www.laguiadepamplona.com\\\/actualidad\\\/convocadas-las-ayudas-economicas-destinadas-a-conciliacion-para-familias-con-menores-de-0-a-12-anos-o-hasta-16-anos-si-tienen-discapacidad-igual-o-superior-al-33\\\/\",\"url\":\"https:\\\/\\\/www.laguiadepamplona.com\\\/actualidad\\\/convocadas-las-ayudas-economicas-destinadas-a-conciliacion-para-familias-con-menores-de-0-a-12-anos-o-hasta-16-anos-si-tienen-discapacidad-igual-o-superior-al-33\\\/\",\"name\":\"Convocadas las ayudas econ\u00f3micas destinadas a conciliaci\u00f3n para familias con menores de 0 a 12 a\u00f1os o hasta 16 a\u00f1os si tienen discapacidad igual o superior al 33%\",\"isPartOf\":{\"@id\":\"https:\\\/\\\/www.laguiadepamplona.com\\\/actualidad\\\/#website\"},\"primaryImageOfPage\":{\"@id\":\"https:\\\/\\\/www.laguiadepamplona.com\\\/actualidad\\\/convocadas-las-ayudas-economicas-destinadas-a-conciliacion-para-familias-con-menores-de-0-a-12-anos-o-hasta-16-anos-si-tienen-discapacidad-igual-o-superior-al-33\\\/#primaryimage\"},\"image\":{\"@id\":\"https:\\\/\\\/www.laguiadepamplona.com\\\/actualidad\\\/convocadas-las-ayudas-economicas-destinadas-a-conciliacion-para-familias-con-menores-de-0-a-12-anos-o-hasta-16-anos-si-tienen-discapacidad-igual-o-superior-al-33\\\/#primaryimage\"},\"thumbnailUrl\":\"https:\\\/\\\/www.laguiadepamplona.com\\\/actualidad\\\/wp-content\\\/uploads\\\/2021\\\/02\\\/ayuntamiento-pamplona.jpg\",\"datePublished\":\"2021-06-03T11:04:15+00:00\",\"dateModified\":\"2023-04-11T09:49:27+00:00\",\"description\":\"La cuant\u00eda aumenta este a\u00f1o de 12.000 a 15.000 euros y ya est\u00e1 abierto el plazo de presentaci\u00f3n de solicitudes\",\"breadcrumb\":{\"@id\":\"https:\\\/\\\/www.laguiadepamplona.com\\\/actualidad\\\/convocadas-las-ayudas-economicas-destinadas-a-conciliacion-para-familias-con-menores-de-0-a-12-anos-o-hasta-16-anos-si-tienen-discapacidad-igual-o-superior-al-33\\\/#breadcrumb\"},\"inLanguage\":\"es\",\"potentialAction\":[{\"@type\":\"ReadAction\",\"target\":[\"https:\\\/\\\/www.laguiadepamplona.com\\\/actualidad\\\/convocadas-las-ayudas-economicas-destinadas-a-conciliacion-para-familias-con-menores-de-0-a-12-anos-o-hasta-16-anos-si-tienen-discapacidad-igual-o-superior-al-33\\\/\"]}]},{\"@type\":\"ImageObject\",\"inLanguage\":\"es\",\"@id\":\"https:\\\/\\\/www.laguiadepamplona.com\\\/actualidad\\\/convocadas-las-ayudas-economicas-destinadas-a-conciliacion-para-familias-con-menores-de-0-a-12-anos-o-hasta-16-anos-si-tienen-discapacidad-igual-o-superior-al-33\\\/#primaryimage\",\"url\":\"https:\\\/\\\/www.laguiadepamplona.com\\\/actualidad\\\/wp-content\\\/uploads\\\/2021\\\/02\\\/ayuntamiento-pamplona.jpg\",\"contentUrl\":\"https:\\\/\\\/www.laguiadepamplona.com\\\/actualidad\\\/wp-content\\\/uploads\\\/2021\\\/02\\\/ayuntamiento-pamplona.jpg\",\"width\":1920,\"height\":1080},{\"@type\":\"BreadcrumbList\",\"@id\":\"https:\\\/\\\/www.laguiadepamplona.com\\\/actualidad\\\/convocadas-las-ayudas-economicas-destinadas-a-conciliacion-para-familias-con-menores-de-0-a-12-anos-o-hasta-16-anos-si-tienen-discapacidad-igual-o-superior-al-33\\\/#breadcrumb\",\"itemListElement\":[{\"@type\":\"ListItem\",\"position\":1,\"name\":\"Portada\",\"item\":\"https:\\\/\\\/www.laguiadepamplona.com\\\/actualidad\\\/\"},{\"@type\":\"ListItem\",\"position\":2,\"name\":\"Convocadas las ayudas econ\u00f3micas destinadas a conciliaci\u00f3n para familias con menores de 0 a 12 a\u00f1os o hasta 16 a\u00f1os si tienen discapacidad igual o superior al 33%\"}]},{\"@type\":\"WebSite\",\"@id\":\"https:\\\/\\\/www.laguiadepamplona.com\\\/actualidad\\\/#website\",\"url\":\"https:\\\/\\\/www.laguiadepamplona.com\\\/actualidad\\\/\",\"name\":\"La gu\u00eda de Pamplona\",\"description\":\"Noticias de Pamplona\",\"publisher\":{\"@id\":\"https:\\\/\\\/www.laguiadepamplona.com\\\/actualidad\\\/#organization\"},\"potentialAction\":[{\"@type\":\"SearchAction\",\"target\":{\"@type\":\"EntryPoint\",\"urlTemplate\":\"https:\\\/\\\/www.laguiadepamplona.com\\\/actualidad\\\/?s={search_term_string}\"},\"query-input\":{\"@type\":\"PropertyValueSpecification\",\"valueRequired\":true,\"valueName\":\"search_term_string\"}}],\"inLanguage\":\"es\"},{\"@type\":\"Organization\",\"@id\":\"https:\\\/\\\/www.laguiadepamplona.com\\\/actualidad\\\/#organization\",\"name\":\"La Gu\u00eda de Pamplona \\\/ Noticias\",\"url\":\"https:\\\/\\\/www.laguiadepamplona.com\\\/actualidad\\\/\",\"logo\":{\"@type\":\"ImageObject\",\"inLanguage\":\"es\",\"@id\":\"https:\\\/\\\/www.laguiadepamplona.com\\\/actualidad\\\/#\\\/schema\\\/logo\\\/image\\\/\",\"url\":\"https:\\\/\\\/www.laguiadepamplona.com\\\/actualidad\\\/wp-content\\\/uploads\\\/2018\\\/11\\\/logo-laguiadepamplona18-web1.png\",\"contentUrl\":\"https:\\\/\\\/www.laguiadepamplona.com\\\/actualidad\\\/wp-content\\\/uploads\\\/2018\\\/11\\\/logo-laguiadepamplona18-web1.png\",\"width\":600,\"height\":196,\"caption\":\"La Gu\u00eda de Pamplona \\\/ Noticias\"},\"image\":{\"@id\":\"https:\\\/\\\/www.laguiadepamplona.com\\\/actualidad\\\/#\\\/schema\\\/logo\\\/image\\\/\"},\"sameAs\":[\"https:\\\/\\\/www.facebook.com\\\/laguiadepamplonacom-133175176762273\\\/?ref=hl\",\"https:\\\/\\\/x.com\\\/LaGuiadPamplona\",\"https:\\\/\\\/www.instagram.com\\\/la_guia_de_pamplona\\\/\",\"https:\\\/\\\/www.youtube.com\\\/user\\\/laguiadepamplona\"]},{\"@type\":\"Person\",\"@id\":\"https:\\\/\\\/www.laguiadepamplona.com\\\/actualidad\\\/#\\\/schema\\\/person\\\/efe887376f0213d4657c93adc50b1fdb\",\"name\":\"La Gu\u00eda de Pamplona\",\"image\":{\"@type\":\"ImageObject\",\"inLanguage\":\"es\",\"@id\":\"https:\\\/\\\/secure.gravatar.com\\\/avatar\\\/b6992f131dc8d30ab0dff15446e9d346d9dbd95992de0fef795073f5ea83a81c?s=96&d=mm&r=g\",\"url\":\"https:\\\/\\\/secure.gravatar.com\\\/avatar\\\/b6992f131dc8d30ab0dff15446e9d346d9dbd95992de0fef795073f5ea83a81c?s=96&d=mm&r=g\",\"contentUrl\":\"https:\\\/\\\/secure.gravatar.com\\\/avatar\\\/b6992f131dc8d30ab0dff15446e9d346d9dbd95992de0fef795073f5ea83a81c?s=96&d=mm&r=g\",\"caption\":\"La Gu\u00eda de Pamplona\"}}]}<\/script>\n<!-- \/ Yoast SEO plugin. -->","yoast_head_json":{"title":"Convocadas las ayudas econ\u00f3micas destinadas a conciliaci\u00f3n para familias con menores de 0 a 12 a\u00f1os o hasta 16 a\u00f1os si tienen discapacidad igual o superior al 33%","description":"La cuant\u00eda aumenta este a\u00f1o de 12.000 a 15.000 euros y ya est\u00e1 abierto el plazo de presentaci\u00f3n de solicitudes","robots":{"index":"index","follow":"follow","max-snippet":"max-snippet:-1","max-image-preview":"max-image-preview:large","max-video-preview":"max-video-preview:-1"},"canonical":"https:\/\/www.laguiadepamplona.com\/actualidad\/convocadas-las-ayudas-economicas-destinadas-a-conciliacion-para-familias-con-menores-de-0-a-12-anos-o-hasta-16-anos-si-tienen-discapacidad-igual-o-superior-al-33\/","og_locale":"es_ES","og_type":"article","og_title":"Convocadas las ayudas econ\u00f3micas destinadas a conciliaci\u00f3n para familias con menores de 0 a 12 a\u00f1os o hasta 16 a\u00f1os si tienen discapacidad igual o superior al 33%","og_description":"La cuant\u00eda aumenta este a\u00f1o de 12.000 a 15.000 euros y ya est\u00e1 abierto el plazo de presentaci\u00f3n de solicitudes","og_url":"https:\/\/www.laguiadepamplona.com\/actualidad\/convocadas-las-ayudas-economicas-destinadas-a-conciliacion-para-familias-con-menores-de-0-a-12-anos-o-hasta-16-anos-si-tienen-discapacidad-igual-o-superior-al-33\/","og_site_name":"La Gu\u00eda de Pamplona","article_publisher":"https:\/\/www.facebook.com\/laguiadepamplonacom-133175176762273\/?ref=hl","article_published_time":"2021-06-03T11:04:15+00:00","article_modified_time":"2023-04-11T09:49:27+00:00","og_image":[{"width":1920,"height":1080,"url":"https:\/\/www.laguiadepamplona.com\/actualidad\/wp-content\/uploads\/2021\/02\/ayuntamiento-pamplona.jpg","type":"image\/jpeg"}],"author":"La Gu\u00eda de Pamplona","twitter_card":"summary_large_image","twitter_creator":"@LaGuiadPamplona","twitter_site":"@LaGuiadPamplona","twitter_misc":{"Escrito por":"La Gu\u00eda de Pamplona","Tiempo de lectura":"5 minutos"},"schema":{"@context":"https:\/\/schema.org","@graph":[{"@type":"Article","@id":"https:\/\/www.laguiadepamplona.com\/actualidad\/convocadas-las-ayudas-economicas-destinadas-a-conciliacion-para-familias-con-menores-de-0-a-12-anos-o-hasta-16-anos-si-tienen-discapacidad-igual-o-superior-al-33\/#article","isPartOf":{"@id":"https:\/\/www.laguiadepamplona.com\/actualidad\/convocadas-las-ayudas-economicas-destinadas-a-conciliacion-para-familias-con-menores-de-0-a-12-anos-o-hasta-16-anos-si-tienen-discapacidad-igual-o-superior-al-33\/"},"author":{"name":"La Gu\u00eda de Pamplona","@id":"https:\/\/www.laguiadepamplona.com\/actualidad\/#\/schema\/person\/efe887376f0213d4657c93adc50b1fdb"},"headline":"Convocadas las ayudas econ\u00f3micas destinadas a conciliaci\u00f3n para familias con menores de 0 a 12 a\u00f1os o hasta 16 a\u00f1os si tienen discapacidad igual o superior al 33%","datePublished":"2021-06-03T11:04:15+00:00","dateModified":"2023-04-11T09:49:27+00:00","mainEntityOfPage":{"@id":"https:\/\/www.laguiadepamplona.com\/actualidad\/convocadas-las-ayudas-economicas-destinadas-a-conciliacion-para-familias-con-menores-de-0-a-12-anos-o-hasta-16-anos-si-tienen-discapacidad-igual-o-superior-al-33\/"},"wordCount":1100,"commentCount":0,"publisher":{"@id":"https:\/\/www.laguiadepamplona.com\/actualidad\/#organization"},"image":{"@id":"https:\/\/www.laguiadepamplona.com\/actualidad\/convocadas-las-ayudas-economicas-destinadas-a-conciliacion-para-familias-con-menores-de-0-a-12-anos-o-hasta-16-anos-si-tienen-discapacidad-igual-o-superior-al-33\/#primaryimage"},"thumbnailUrl":"https:\/\/www.laguiadepamplona.com\/actualidad\/wp-content\/uploads\/2021\/02\/ayuntamiento-pamplona.jpg","articleSection":["Ayto Pamplona"],"inLanguage":"es","potentialAction":[{"@type":"CommentAction","name":"Comment","target":["https:\/\/www.laguiadepamplona.com\/actualidad\/convocadas-las-ayudas-economicas-destinadas-a-conciliacion-para-familias-con-menores-de-0-a-12-anos-o-hasta-16-anos-si-tienen-discapacidad-igual-o-superior-al-33\/#respond"]}]},{"@type":"WebPage","@id":"https:\/\/www.laguiadepamplona.com\/actualidad\/convocadas-las-ayudas-economicas-destinadas-a-conciliacion-para-familias-con-menores-de-0-a-12-anos-o-hasta-16-anos-si-tienen-discapacidad-igual-o-superior-al-33\/","url":"https:\/\/www.laguiadepamplona.com\/actualidad\/convocadas-las-ayudas-economicas-destinadas-a-conciliacion-para-familias-con-menores-de-0-a-12-anos-o-hasta-16-anos-si-tienen-discapacidad-igual-o-superior-al-33\/","name":"Convocadas las ayudas econ\u00f3micas destinadas a conciliaci\u00f3n para familias con menores de 0 a 12 a\u00f1os o hasta 16 a\u00f1os si tienen discapacidad igual o superior al 33%","isPartOf":{"@id":"https:\/\/www.laguiadepamplona.com\/actualidad\/#website"},"primaryImageOfPage":{"@id":"https:\/\/www.laguiadepamplona.com\/actualidad\/convocadas-las-ayudas-economicas-destinadas-a-conciliacion-para-familias-con-menores-de-0-a-12-anos-o-hasta-16-anos-si-tienen-discapacidad-igual-o-superior-al-33\/#primaryimage"},"image":{"@id":"https:\/\/www.laguiadepamplona.com\/actualidad\/convocadas-las-ayudas-economicas-destinadas-a-conciliacion-para-familias-con-menores-de-0-a-12-anos-o-hasta-16-anos-si-tienen-discapacidad-igual-o-superior-al-33\/#primaryimage"},"thumbnailUrl":"https:\/\/www.laguiadepamplona.com\/actualidad\/wp-content\/uploads\/2021\/02\/ayuntamiento-pamplona.jpg","datePublished":"2021-06-03T11:04:15+00:00","dateModified":"2023-04-11T09:49:27+00:00","description":"La cuant\u00eda aumenta este a\u00f1o de 12.000 a 15.000 euros y ya est\u00e1 abierto el plazo de presentaci\u00f3n de solicitudes","breadcrumb":{"@id":"https:\/\/www.laguiadepamplona.com\/actualidad\/convocadas-las-ayudas-economicas-destinadas-a-conciliacion-para-familias-con-menores-de-0-a-12-anos-o-hasta-16-anos-si-tienen-discapacidad-igual-o-superior-al-33\/#breadcrumb"},"inLanguage":"es","potentialAction":[{"@type":"ReadAction","target":["https:\/\/www.laguiadepamplona.com\/actualidad\/convocadas-las-ayudas-economicas-destinadas-a-conciliacion-para-familias-con-menores-de-0-a-12-anos-o-hasta-16-anos-si-tienen-discapacidad-igual-o-superior-al-33\/"]}]},{"@type":"ImageObject","inLanguage":"es","@id":"https:\/\/www.laguiadepamplona.com\/actualidad\/convocadas-las-ayudas-economicas-destinadas-a-conciliacion-para-familias-con-menores-de-0-a-12-anos-o-hasta-16-anos-si-tienen-discapacidad-igual-o-superior-al-33\/#primaryimage","url":"https:\/\/www.laguiadepamplona.com\/actualidad\/wp-content\/uploads\/2021\/02\/ayuntamiento-pamplona.jpg","contentUrl":"https:\/\/www.laguiadepamplona.com\/actualidad\/wp-content\/uploads\/2021\/02\/ayuntamiento-pamplona.jpg","width":1920,"height":1080},{"@type":"BreadcrumbList","@id":"https:\/\/www.laguiadepamplona.com\/actualidad\/convocadas-las-ayudas-economicas-destinadas-a-conciliacion-para-familias-con-menores-de-0-a-12-anos-o-hasta-16-anos-si-tienen-discapacidad-igual-o-superior-al-33\/#breadcrumb","itemListElement":[{"@type":"ListItem","position":1,"name":"Portada","item":"https:\/\/www.laguiadepamplona.com\/actualidad\/"},{"@type":"ListItem","position":2,"name":"Convocadas las ayudas econ\u00f3micas destinadas a conciliaci\u00f3n para familias con menores de 0 a 12 a\u00f1os o hasta 16 a\u00f1os si tienen discapacidad igual o superior al 33%"}]},{"@type":"WebSite","@id":"https:\/\/www.laguiadepamplona.com\/actualidad\/#website","url":"https:\/\/www.laguiadepamplona.com\/actualidad\/","name":"La gu\u00eda de Pamplona","description":"Noticias de Pamplona","publisher":{"@id":"https:\/\/www.laguiadepamplona.com\/actualidad\/#organization"},"potentialAction":[{"@type":"SearchAction","target":{"@type":"EntryPoint","urlTemplate":"https:\/\/www.laguiadepamplona.com\/actualidad\/?s={search_term_string}"},"query-input":{"@type":"PropertyValueSpecification","valueRequired":true,"valueName":"search_term_string"}}],"inLanguage":"es"},{"@type":"Organization","@id":"https:\/\/www.laguiadepamplona.com\/actualidad\/#organization","name":"La Gu\u00eda de Pamplona \/ Noticias","url":"https:\/\/www.laguiadepamplona.com\/actualidad\/","logo":{"@type":"ImageObject","inLanguage":"es","@id":"https:\/\/www.laguiadepamplona.com\/actualidad\/#\/schema\/logo\/image\/","url":"https:\/\/www.laguiadepamplona.com\/actualidad\/wp-content\/uploads\/2018\/11\/logo-laguiadepamplona18-web1.png","contentUrl":"https:\/\/www.laguiadepamplona.com\/actualidad\/wp-content\/uploads\/2018\/11\/logo-laguiadepamplona18-web1.png","width":600,"height":196,"caption":"La Gu\u00eda de Pamplona \/ Noticias"},"image":{"@id":"https:\/\/www.laguiadepamplona.com\/actualidad\/#\/schema\/logo\/image\/"},"sameAs":["https:\/\/www.facebook.com\/laguiadepamplonacom-133175176762273\/?ref=hl","https:\/\/x.com\/LaGuiadPamplona","https:\/\/www.instagram.com\/la_guia_de_pamplona\/","https:\/\/www.youtube.com\/user\/laguiadepamplona"]},{"@type":"Person","@id":"https:\/\/www.laguiadepamplona.com\/actualidad\/#\/schema\/person\/efe887376f0213d4657c93adc50b1fdb","name":"La Gu\u00eda de Pamplona","image":{"@type":"ImageObject","inLanguage":"es","@id":"https:\/\/secure.gravatar.com\/avatar\/b6992f131dc8d30ab0dff15446e9d346d9dbd95992de0fef795073f5ea83a81c?s=96&d=mm&r=g","url":"https:\/\/secure.gravatar.com\/avatar\/b6992f131dc8d30ab0dff15446e9d346d9dbd95992de0fef795073f5ea83a81c?s=96&d=mm&r=g","contentUrl":"https:\/\/secure.gravatar.com\/avatar\/b6992f131dc8d30ab0dff15446e9d346d9dbd95992de0fef795073f5ea83a81c?s=96&d=mm&r=g","caption":"La Gu\u00eda de Pamplona"}}]}},"post_mailing_queue_ids":[],"_links":{"self":[{"href":"https:\/\/www.laguiadepamplona.com\/actualidad\/wp-json\/wp\/v2\/posts\/35215","targetHints":{"allow":["GET"]}}],"collection":[{"href":"https:\/\/www.laguiadepamplona.com\/actualidad\/wp-json\/wp\/v2\/posts"}],"about":[{"href":"https:\/\/www.laguiadepamplona.com\/actualidad\/wp-json\/wp\/v2\/types\/post"}],"author":[{"embeddable":true,"href":"https:\/\/www.laguiadepamplona.com\/actualidad\/wp-json\/wp\/v2\/users\/1"}],"replies":[{"embeddable":true,"href":"https:\/\/www.laguiadepamplona.com\/actualidad\/wp-json\/wp\/v2\/comments?post=35215"}],"version-history":[{"count":0,"href":"https:\/\/www.laguiadepamplona.com\/actualidad\/wp-json\/wp\/v2\/posts\/35215\/revisions"}],"wp:featuredmedia":[{"embeddable":true,"href":"https:\/\/www.laguiadepamplona.com\/actualidad\/wp-json\/wp\/v2\/media\/33021"}],"wp:attachment":[{"href":"https:\/\/www.laguiadepamplona.com\/actualidad\/wp-json\/wp\/v2\/media?parent=35215"}],"wp:term":[{"taxonomy":"category","embeddable":true,"href":"https:\/\/www.laguiadepamplona.com\/actualidad\/wp-json\/wp\/v2\/categories?post=35215"},{"taxonomy":"post_tag","embeddable":true,"href":"https:\/\/www.laguiadepamplona.com\/actualidad\/wp-json\/wp\/v2\/tags?post=35215"}],"curies":[{"name":"wp","href":"https:\/\/api.w.org\/{rel}","templated":true}]}}