{"id":34770,"date":"2021-05-11T13:27:25","date_gmt":"2021-05-11T11:27:25","guid":{"rendered":"https:\/\/www.laguiadepamplona.com\/actualidad\/?p=34770"},"modified":"2023-04-11T11:49:34","modified_gmt":"2023-04-11T09:49:34","slug":"civivox-condestable-acoge-manana-miercoles-un-encuentro-con-el-coreografo-internacional-jose-carlos-martinez","status":"publish","type":"post","link":"https:\/\/www.laguiadepamplona.com\/actualidad\/civivox-condestable-acoge-manana-miercoles-un-encuentro-con-el-coreografo-internacional-jose-carlos-martinez\/","title":{"rendered":"Civivox Condestable acoge ma\u00f1ana mi\u00e9rcoles un encuentro con el core\u00f3grafo internacional Jos\u00e9 Carlos Mart\u00ednez"},"content":{"rendered":"<h5>Explicar\u00e1 los entresijos del mundo del ballet a prop\u00f3sito de su participaci\u00f3n en la programaci\u00f3n del Museo Universidad de Navarra<\/h5>\n<p><!--more--><\/p>\n<p>El reputado core\u00f3grafo y director art\u00edstico internacional Jos\u00e9 Carlos Mart\u00ednez participar\u00e1 ma\u00f1ana mi\u00e9rcoles, 12 de mayo, en un encuentro a las 19 horas en el Palacio del Condestable. El que fuera estrella de la \u00d3pera de Par\u00eds, explicar\u00e1 los entresijos del mundo del ballet en una sesi\u00f3n titulada \u2018Jos\u00e9 Carlos Mart\u00ednez, la danza en primera persona\u2019. La actividad tiene entrada libre hasta completar aforo.<\/p>\n<p>El encuentro, organizado por el Museo Universidad de Navarra dentro de su programa de danza, ser\u00e1 moderado por la periodista especializada y cr\u00edtica de danza Iratxe de Arantzibia y estar\u00e1 abierto a las preguntas de las personas participantes. Jos\u00e9 Carlos Mart\u00ednez responder\u00e1 a cuestiones como cu\u00e1les son los diferentes estilos danc\u00edsticos, qu\u00e9 relaci\u00f3n hay entre el ballet cl\u00e1sico y la danza contempor\u00e1nea o qu\u00e9 aporta una estrella del ballet cl\u00e1sico a la coreograf\u00eda actual. Tambi\u00e9n ahondar\u00e1 en aspectos m\u00e1s personales como qu\u00e9 se siente cuando una leyenda del ballet te escoge para entrar en la cuna del ballet o qu\u00e9 supone ser una estrella en la compa\u00f1\u00eda m\u00e1s importante del mundo.<\/p>\n<p><script async src=\"\/\/pagead2.googlesyndication.com\/pagead\/js\/adsbygoogle.js\"><\/script><br \/>\n<!-- Noticias La Guia de Pamplona --><br \/>\n<ins class=\"adsbygoogle\"\nstyle=\"display:block\"\ndata-ad-client=\"ca-pub-6943679897239327\"\ndata-ad-slot=\"7048180777\"\ndata-ad-format=\"auto\"><\/ins><br \/>\n<script>\n(adsbygoogle = window.adsbygoogle || []).push({});\n<\/script><\/p>\n<p><strong>14 a\u00f1os estrella del ballet la \u00d3pera de Par\u00eds<\/strong><\/p>\n<p>Nacido en Cartagena, Jos\u00e9 Carlos Mart\u00ednez fue elegido en 1988 por Rudolf Nureyev para ser miembro del Cuerpo de Baile de la \u00d3pera de Par\u00eds, donde fue ascendiendo progresivamente hasta ser en 1997 promovido al rango de estrella, puesto que ocup\u00f3 durante 14 a\u00f1os. Previamente fue reconocido con la medalla de oro del Concurso Internacional de Ballet de Varna (Bulgaria), siendo hasta la fecha el \u00fanico bailar\u00edn espa\u00f1ol que la ha obtenido.<\/p>\n<p>Como estrella invitada, Jos\u00e9 Carlos Mart\u00ednez bail\u00f3 con el Bolshoi Ballet de Mosc\u00fa, el Teatro Mariinsky de San Peterburgo, Teatro alla Scala de Mil\u00e1n, Staatsballett Berl\u00edn, Ballet Nacional de China, \u00d3pera de Roma, English National Ballet, Ballet Nacional de Cuba, Het Nationale Ballet de \u00c1msterdam, Tokyo Ballet, Ballet de la \u00d3pera Nacional de Burdeos, Ballet de Florencia y \u00d3pera de Niza. Dentro del circuito internacional de galas de estrellas del ballet, actu\u00f3 en Mosc\u00fa, Nueva York, Londres, San Petersburgo, Roma, Tokio, Montreal, Viena, Los \u00c1ngeles, Montreal, Dallas, Lisboa, Cannes, Se\u00fal, La Habana y Madrid. Trabaj\u00f3 con la mayor\u00eda de grandes core\u00f3grafos de finales del siglo XX. Se despidi\u00f3 de los escenarios en 2011.<\/p>\n<p><script async src=\"\/\/pagead2.googlesyndication.com\/pagead\/js\/adsbygoogle.js\"><\/script><br \/>\n<!-- Noticias La Guia de Pamplona --><br \/>\n<ins class=\"adsbygoogle\"\nstyle=\"display:block\"\ndata-ad-client=\"ca-pub-6943679897239327\"\ndata-ad-slot=\"7048180777\"\ndata-ad-format=\"auto\"><\/ins><br \/>\n<script>\n(adsbygoogle = window.adsbygoogle || []).push({});\n<\/script><\/p>\n<p>Entre 2011 y 2019 fue director de la Compa\u00f1\u00eda Nacional de Danza. Adem\u00e1s, ha trabajado para los ballets de Boston, \u00d3pera de Roma, Ljubljana; y \u00d3pera de Zagreb y se ha convertido en el primer creador invitado dos a\u00f1os consecutivos al tradicional Concierto de A\u00f1o Nuevo de Viena.<\/p>\n","protected":false},"excerpt":{"rendered":"<p>Explicar\u00e1 los entresijos del mundo del ballet a prop\u00f3sito de su participaci\u00f3n en la programaci\u00f3n del Museo Universidad de Navarra<\/p>\n","protected":false},"author":1,"featured_media":17390,"comment_status":"open","ping_status":"closed","sticky":false,"template":"","format":"standard","meta":{"footnotes":""},"categories":[2],"tags":[],"class_list":["post-34770","post","type-post","status-publish","format-standard","has-post-thumbnail","hentry","category-ayuntamiento-pamplona"],"yoast_head":"<!-- This site is optimized with the Yoast SEO plugin v27.3 - https:\/\/yoast.com\/product\/yoast-seo-wordpress\/ -->\n<title>Civivox Condestable acoge ma\u00f1ana mi\u00e9rcoles un encuentro con el core\u00f3grafo internacional Jos\u00e9 Carlos Mart\u00ednez<\/title>\n<meta name=\"description\" content=\"Explicar\u00e1 los entresijos del mundo del ballet a prop\u00f3sito de su participaci\u00f3n en la programaci\u00f3n del Museo Universidad de Navarra\" \/>\n<meta name=\"robots\" content=\"index, follow, max-snippet:-1, max-image-preview:large, max-video-preview:-1\" \/>\n<link rel=\"canonical\" href=\"https:\/\/www.laguiadepamplona.com\/actualidad\/civivox-condestable-acoge-manana-miercoles-un-encuentro-con-el-coreografo-internacional-jose-carlos-martinez\/\" \/>\n<meta property=\"og:locale\" content=\"es_ES\" \/>\n<meta property=\"og:type\" content=\"article\" \/>\n<meta property=\"og:title\" content=\"Civivox Condestable acoge ma\u00f1ana mi\u00e9rcoles un encuentro con el core\u00f3grafo internacional Jos\u00e9 Carlos Mart\u00ednez\" \/>\n<meta property=\"og:description\" content=\"Explicar\u00e1 los entresijos del mundo del ballet a prop\u00f3sito de su participaci\u00f3n en la programaci\u00f3n del Museo Universidad de Navarra\" \/>\n<meta property=\"og:url\" content=\"https:\/\/www.laguiadepamplona.com\/actualidad\/civivox-condestable-acoge-manana-miercoles-un-encuentro-con-el-coreografo-internacional-jose-carlos-martinez\/\" \/>\n<meta property=\"og:site_name\" content=\"La Gu\u00eda de Pamplona\" \/>\n<meta property=\"article:publisher\" content=\"https:\/\/www.facebook.com\/laguiadepamplonacom-133175176762273\/?ref=hl\" \/>\n<meta property=\"article:published_time\" content=\"2021-05-11T11:27:25+00:00\" \/>\n<meta property=\"article:modified_time\" content=\"2023-04-11T09:49:34+00:00\" \/>\n<meta property=\"og:image\" content=\"https:\/\/www.laguiadepamplona.com\/actualidad\/wp-content\/uploads\/2018\/05\/palacio-condestable.jpg\" \/>\n\t<meta property=\"og:image:width\" content=\"950\" \/>\n\t<meta property=\"og:image:height\" content=\"634\" \/>\n\t<meta property=\"og:image:type\" content=\"image\/jpeg\" \/>\n<meta name=\"author\" content=\"La Gu\u00eda de Pamplona\" \/>\n<meta name=\"twitter:card\" content=\"summary_large_image\" \/>\n<meta name=\"twitter:creator\" content=\"@LaGuiadPamplona\" \/>\n<meta name=\"twitter:site\" content=\"@LaGuiadPamplona\" \/>\n<meta name=\"twitter:label1\" content=\"Escrito por\" \/>\n\t<meta name=\"twitter:data1\" content=\"La Gu\u00eda de Pamplona\" \/>\n\t<meta name=\"twitter:label2\" content=\"Tiempo de lectura\" \/>\n\t<meta name=\"twitter:data2\" content=\"2 minutos\" \/>\n<script type=\"application\/ld+json\" class=\"yoast-schema-graph\">{\"@context\":\"https:\\\/\\\/schema.org\",\"@graph\":[{\"@type\":\"Article\",\"@id\":\"https:\\\/\\\/www.laguiadepamplona.com\\\/actualidad\\\/civivox-condestable-acoge-manana-miercoles-un-encuentro-con-el-coreografo-internacional-jose-carlos-martinez\\\/#article\",\"isPartOf\":{\"@id\":\"https:\\\/\\\/www.laguiadepamplona.com\\\/actualidad\\\/civivox-condestable-acoge-manana-miercoles-un-encuentro-con-el-coreografo-internacional-jose-carlos-martinez\\\/\"},\"author\":{\"name\":\"La Gu\u00eda de Pamplona\",\"@id\":\"https:\\\/\\\/www.laguiadepamplona.com\\\/actualidad\\\/#\\\/schema\\\/person\\\/efe887376f0213d4657c93adc50b1fdb\"},\"headline\":\"Civivox Condestable acoge ma\u00f1ana mi\u00e9rcoles un encuentro con el core\u00f3grafo internacional Jos\u00e9 Carlos Mart\u00ednez\",\"datePublished\":\"2021-05-11T11:27:25+00:00\",\"dateModified\":\"2023-04-11T09:49:34+00:00\",\"mainEntityOfPage\":{\"@id\":\"https:\\\/\\\/www.laguiadepamplona.com\\\/actualidad\\\/civivox-condestable-acoge-manana-miercoles-un-encuentro-con-el-coreografo-internacional-jose-carlos-martinez\\\/\"},\"wordCount\":487,\"commentCount\":0,\"publisher\":{\"@id\":\"https:\\\/\\\/www.laguiadepamplona.com\\\/actualidad\\\/#organization\"},\"image\":{\"@id\":\"https:\\\/\\\/www.laguiadepamplona.com\\\/actualidad\\\/civivox-condestable-acoge-manana-miercoles-un-encuentro-con-el-coreografo-internacional-jose-carlos-martinez\\\/#primaryimage\"},\"thumbnailUrl\":\"https:\\\/\\\/www.laguiadepamplona.com\\\/actualidad\\\/wp-content\\\/uploads\\\/2018\\\/05\\\/palacio-condestable.jpg\",\"articleSection\":[\"Ayto Pamplona\"],\"inLanguage\":\"es\",\"potentialAction\":[{\"@type\":\"CommentAction\",\"name\":\"Comment\",\"target\":[\"https:\\\/\\\/www.laguiadepamplona.com\\\/actualidad\\\/civivox-condestable-acoge-manana-miercoles-un-encuentro-con-el-coreografo-internacional-jose-carlos-martinez\\\/#respond\"]}]},{\"@type\":\"WebPage\",\"@id\":\"https:\\\/\\\/www.laguiadepamplona.com\\\/actualidad\\\/civivox-condestable-acoge-manana-miercoles-un-encuentro-con-el-coreografo-internacional-jose-carlos-martinez\\\/\",\"url\":\"https:\\\/\\\/www.laguiadepamplona.com\\\/actualidad\\\/civivox-condestable-acoge-manana-miercoles-un-encuentro-con-el-coreografo-internacional-jose-carlos-martinez\\\/\",\"name\":\"Civivox Condestable acoge ma\u00f1ana mi\u00e9rcoles un encuentro con el core\u00f3grafo internacional Jos\u00e9 Carlos Mart\u00ednez\",\"isPartOf\":{\"@id\":\"https:\\\/\\\/www.laguiadepamplona.com\\\/actualidad\\\/#website\"},\"primaryImageOfPage\":{\"@id\":\"https:\\\/\\\/www.laguiadepamplona.com\\\/actualidad\\\/civivox-condestable-acoge-manana-miercoles-un-encuentro-con-el-coreografo-internacional-jose-carlos-martinez\\\/#primaryimage\"},\"image\":{\"@id\":\"https:\\\/\\\/www.laguiadepamplona.com\\\/actualidad\\\/civivox-condestable-acoge-manana-miercoles-un-encuentro-con-el-coreografo-internacional-jose-carlos-martinez\\\/#primaryimage\"},\"thumbnailUrl\":\"https:\\\/\\\/www.laguiadepamplona.com\\\/actualidad\\\/wp-content\\\/uploads\\\/2018\\\/05\\\/palacio-condestable.jpg\",\"datePublished\":\"2021-05-11T11:27:25+00:00\",\"dateModified\":\"2023-04-11T09:49:34+00:00\",\"description\":\"Explicar\u00e1 los entresijos del mundo del ballet a prop\u00f3sito de su participaci\u00f3n en la programaci\u00f3n del Museo Universidad de Navarra\",\"breadcrumb\":{\"@id\":\"https:\\\/\\\/www.laguiadepamplona.com\\\/actualidad\\\/civivox-condestable-acoge-manana-miercoles-un-encuentro-con-el-coreografo-internacional-jose-carlos-martinez\\\/#breadcrumb\"},\"inLanguage\":\"es\",\"potentialAction\":[{\"@type\":\"ReadAction\",\"target\":[\"https:\\\/\\\/www.laguiadepamplona.com\\\/actualidad\\\/civivox-condestable-acoge-manana-miercoles-un-encuentro-con-el-coreografo-internacional-jose-carlos-martinez\\\/\"]}]},{\"@type\":\"ImageObject\",\"inLanguage\":\"es\",\"@id\":\"https:\\\/\\\/www.laguiadepamplona.com\\\/actualidad\\\/civivox-condestable-acoge-manana-miercoles-un-encuentro-con-el-coreografo-internacional-jose-carlos-martinez\\\/#primaryimage\",\"url\":\"https:\\\/\\\/www.laguiadepamplona.com\\\/actualidad\\\/wp-content\\\/uploads\\\/2018\\\/05\\\/palacio-condestable.jpg\",\"contentUrl\":\"https:\\\/\\\/www.laguiadepamplona.com\\\/actualidad\\\/wp-content\\\/uploads\\\/2018\\\/05\\\/palacio-condestable.jpg\",\"width\":950,\"height\":634,\"caption\":\"civivox condestable\"},{\"@type\":\"BreadcrumbList\",\"@id\":\"https:\\\/\\\/www.laguiadepamplona.com\\\/actualidad\\\/civivox-condestable-acoge-manana-miercoles-un-encuentro-con-el-coreografo-internacional-jose-carlos-martinez\\\/#breadcrumb\",\"itemListElement\":[{\"@type\":\"ListItem\",\"position\":1,\"name\":\"Portada\",\"item\":\"https:\\\/\\\/www.laguiadepamplona.com\\\/actualidad\\\/\"},{\"@type\":\"ListItem\",\"position\":2,\"name\":\"Civivox Condestable acoge ma\u00f1ana mi\u00e9rcoles un encuentro con el core\u00f3grafo internacional Jos\u00e9 Carlos Mart\u00ednez\"}]},{\"@type\":\"WebSite\",\"@id\":\"https:\\\/\\\/www.laguiadepamplona.com\\\/actualidad\\\/#website\",\"url\":\"https:\\\/\\\/www.laguiadepamplona.com\\\/actualidad\\\/\",\"name\":\"La gu\u00eda de Pamplona\",\"description\":\"Noticias de Pamplona\",\"publisher\":{\"@id\":\"https:\\\/\\\/www.laguiadepamplona.com\\\/actualidad\\\/#organization\"},\"potentialAction\":[{\"@type\":\"SearchAction\",\"target\":{\"@type\":\"EntryPoint\",\"urlTemplate\":\"https:\\\/\\\/www.laguiadepamplona.com\\\/actualidad\\\/?s={search_term_string}\"},\"query-input\":{\"@type\":\"PropertyValueSpecification\",\"valueRequired\":true,\"valueName\":\"search_term_string\"}}],\"inLanguage\":\"es\"},{\"@type\":\"Organization\",\"@id\":\"https:\\\/\\\/www.laguiadepamplona.com\\\/actualidad\\\/#organization\",\"name\":\"La Gu\u00eda de Pamplona \\\/ Noticias\",\"url\":\"https:\\\/\\\/www.laguiadepamplona.com\\\/actualidad\\\/\",\"logo\":{\"@type\":\"ImageObject\",\"inLanguage\":\"es\",\"@id\":\"https:\\\/\\\/www.laguiadepamplona.com\\\/actualidad\\\/#\\\/schema\\\/logo\\\/image\\\/\",\"url\":\"https:\\\/\\\/www.laguiadepamplona.com\\\/actualidad\\\/wp-content\\\/uploads\\\/2018\\\/11\\\/logo-laguiadepamplona18-web1.png\",\"contentUrl\":\"https:\\\/\\\/www.laguiadepamplona.com\\\/actualidad\\\/wp-content\\\/uploads\\\/2018\\\/11\\\/logo-laguiadepamplona18-web1.png\",\"width\":600,\"height\":196,\"caption\":\"La Gu\u00eda de Pamplona \\\/ Noticias\"},\"image\":{\"@id\":\"https:\\\/\\\/www.laguiadepamplona.com\\\/actualidad\\\/#\\\/schema\\\/logo\\\/image\\\/\"},\"sameAs\":[\"https:\\\/\\\/www.facebook.com\\\/laguiadepamplonacom-133175176762273\\\/?ref=hl\",\"https:\\\/\\\/x.com\\\/LaGuiadPamplona\",\"https:\\\/\\\/www.instagram.com\\\/la_guia_de_pamplona\\\/\",\"https:\\\/\\\/www.youtube.com\\\/user\\\/laguiadepamplona\"]},{\"@type\":\"Person\",\"@id\":\"https:\\\/\\\/www.laguiadepamplona.com\\\/actualidad\\\/#\\\/schema\\\/person\\\/efe887376f0213d4657c93adc50b1fdb\",\"name\":\"La Gu\u00eda de Pamplona\",\"image\":{\"@type\":\"ImageObject\",\"inLanguage\":\"es\",\"@id\":\"https:\\\/\\\/secure.gravatar.com\\\/avatar\\\/b6992f131dc8d30ab0dff15446e9d346d9dbd95992de0fef795073f5ea83a81c?s=96&d=mm&r=g\",\"url\":\"https:\\\/\\\/secure.gravatar.com\\\/avatar\\\/b6992f131dc8d30ab0dff15446e9d346d9dbd95992de0fef795073f5ea83a81c?s=96&d=mm&r=g\",\"contentUrl\":\"https:\\\/\\\/secure.gravatar.com\\\/avatar\\\/b6992f131dc8d30ab0dff15446e9d346d9dbd95992de0fef795073f5ea83a81c?s=96&d=mm&r=g\",\"caption\":\"La Gu\u00eda de Pamplona\"}}]}<\/script>\n<!-- \/ Yoast SEO plugin. -->","yoast_head_json":{"title":"Civivox Condestable acoge ma\u00f1ana mi\u00e9rcoles un encuentro con el core\u00f3grafo internacional Jos\u00e9 Carlos Mart\u00ednez","description":"Explicar\u00e1 los entresijos del mundo del ballet a prop\u00f3sito de su participaci\u00f3n en la programaci\u00f3n del Museo Universidad de Navarra","robots":{"index":"index","follow":"follow","max-snippet":"max-snippet:-1","max-image-preview":"max-image-preview:large","max-video-preview":"max-video-preview:-1"},"canonical":"https:\/\/www.laguiadepamplona.com\/actualidad\/civivox-condestable-acoge-manana-miercoles-un-encuentro-con-el-coreografo-internacional-jose-carlos-martinez\/","og_locale":"es_ES","og_type":"article","og_title":"Civivox Condestable acoge ma\u00f1ana mi\u00e9rcoles un encuentro con el core\u00f3grafo internacional Jos\u00e9 Carlos Mart\u00ednez","og_description":"Explicar\u00e1 los entresijos del mundo del ballet a prop\u00f3sito de su participaci\u00f3n en la programaci\u00f3n del Museo Universidad de Navarra","og_url":"https:\/\/www.laguiadepamplona.com\/actualidad\/civivox-condestable-acoge-manana-miercoles-un-encuentro-con-el-coreografo-internacional-jose-carlos-martinez\/","og_site_name":"La Gu\u00eda de Pamplona","article_publisher":"https:\/\/www.facebook.com\/laguiadepamplonacom-133175176762273\/?ref=hl","article_published_time":"2021-05-11T11:27:25+00:00","article_modified_time":"2023-04-11T09:49:34+00:00","og_image":[{"width":950,"height":634,"url":"https:\/\/www.laguiadepamplona.com\/actualidad\/wp-content\/uploads\/2018\/05\/palacio-condestable.jpg","type":"image\/jpeg"}],"author":"La Gu\u00eda de Pamplona","twitter_card":"summary_large_image","twitter_creator":"@LaGuiadPamplona","twitter_site":"@LaGuiadPamplona","twitter_misc":{"Escrito por":"La Gu\u00eda de Pamplona","Tiempo de lectura":"2 minutos"},"schema":{"@context":"https:\/\/schema.org","@graph":[{"@type":"Article","@id":"https:\/\/www.laguiadepamplona.com\/actualidad\/civivox-condestable-acoge-manana-miercoles-un-encuentro-con-el-coreografo-internacional-jose-carlos-martinez\/#article","isPartOf":{"@id":"https:\/\/www.laguiadepamplona.com\/actualidad\/civivox-condestable-acoge-manana-miercoles-un-encuentro-con-el-coreografo-internacional-jose-carlos-martinez\/"},"author":{"name":"La Gu\u00eda de Pamplona","@id":"https:\/\/www.laguiadepamplona.com\/actualidad\/#\/schema\/person\/efe887376f0213d4657c93adc50b1fdb"},"headline":"Civivox Condestable acoge ma\u00f1ana mi\u00e9rcoles un encuentro con el core\u00f3grafo internacional Jos\u00e9 Carlos Mart\u00ednez","datePublished":"2021-05-11T11:27:25+00:00","dateModified":"2023-04-11T09:49:34+00:00","mainEntityOfPage":{"@id":"https:\/\/www.laguiadepamplona.com\/actualidad\/civivox-condestable-acoge-manana-miercoles-un-encuentro-con-el-coreografo-internacional-jose-carlos-martinez\/"},"wordCount":487,"commentCount":0,"publisher":{"@id":"https:\/\/www.laguiadepamplona.com\/actualidad\/#organization"},"image":{"@id":"https:\/\/www.laguiadepamplona.com\/actualidad\/civivox-condestable-acoge-manana-miercoles-un-encuentro-con-el-coreografo-internacional-jose-carlos-martinez\/#primaryimage"},"thumbnailUrl":"https:\/\/www.laguiadepamplona.com\/actualidad\/wp-content\/uploads\/2018\/05\/palacio-condestable.jpg","articleSection":["Ayto Pamplona"],"inLanguage":"es","potentialAction":[{"@type":"CommentAction","name":"Comment","target":["https:\/\/www.laguiadepamplona.com\/actualidad\/civivox-condestable-acoge-manana-miercoles-un-encuentro-con-el-coreografo-internacional-jose-carlos-martinez\/#respond"]}]},{"@type":"WebPage","@id":"https:\/\/www.laguiadepamplona.com\/actualidad\/civivox-condestable-acoge-manana-miercoles-un-encuentro-con-el-coreografo-internacional-jose-carlos-martinez\/","url":"https:\/\/www.laguiadepamplona.com\/actualidad\/civivox-condestable-acoge-manana-miercoles-un-encuentro-con-el-coreografo-internacional-jose-carlos-martinez\/","name":"Civivox Condestable acoge ma\u00f1ana mi\u00e9rcoles un encuentro con el core\u00f3grafo internacional Jos\u00e9 Carlos Mart\u00ednez","isPartOf":{"@id":"https:\/\/www.laguiadepamplona.com\/actualidad\/#website"},"primaryImageOfPage":{"@id":"https:\/\/www.laguiadepamplona.com\/actualidad\/civivox-condestable-acoge-manana-miercoles-un-encuentro-con-el-coreografo-internacional-jose-carlos-martinez\/#primaryimage"},"image":{"@id":"https:\/\/www.laguiadepamplona.com\/actualidad\/civivox-condestable-acoge-manana-miercoles-un-encuentro-con-el-coreografo-internacional-jose-carlos-martinez\/#primaryimage"},"thumbnailUrl":"https:\/\/www.laguiadepamplona.com\/actualidad\/wp-content\/uploads\/2018\/05\/palacio-condestable.jpg","datePublished":"2021-05-11T11:27:25+00:00","dateModified":"2023-04-11T09:49:34+00:00","description":"Explicar\u00e1 los entresijos del mundo del ballet a prop\u00f3sito de su participaci\u00f3n en la programaci\u00f3n del Museo Universidad de Navarra","breadcrumb":{"@id":"https:\/\/www.laguiadepamplona.com\/actualidad\/civivox-condestable-acoge-manana-miercoles-un-encuentro-con-el-coreografo-internacional-jose-carlos-martinez\/#breadcrumb"},"inLanguage":"es","potentialAction":[{"@type":"ReadAction","target":["https:\/\/www.laguiadepamplona.com\/actualidad\/civivox-condestable-acoge-manana-miercoles-un-encuentro-con-el-coreografo-internacional-jose-carlos-martinez\/"]}]},{"@type":"ImageObject","inLanguage":"es","@id":"https:\/\/www.laguiadepamplona.com\/actualidad\/civivox-condestable-acoge-manana-miercoles-un-encuentro-con-el-coreografo-internacional-jose-carlos-martinez\/#primaryimage","url":"https:\/\/www.laguiadepamplona.com\/actualidad\/wp-content\/uploads\/2018\/05\/palacio-condestable.jpg","contentUrl":"https:\/\/www.laguiadepamplona.com\/actualidad\/wp-content\/uploads\/2018\/05\/palacio-condestable.jpg","width":950,"height":634,"caption":"civivox condestable"},{"@type":"BreadcrumbList","@id":"https:\/\/www.laguiadepamplona.com\/actualidad\/civivox-condestable-acoge-manana-miercoles-un-encuentro-con-el-coreografo-internacional-jose-carlos-martinez\/#breadcrumb","itemListElement":[{"@type":"ListItem","position":1,"name":"Portada","item":"https:\/\/www.laguiadepamplona.com\/actualidad\/"},{"@type":"ListItem","position":2,"name":"Civivox Condestable acoge ma\u00f1ana mi\u00e9rcoles un encuentro con el core\u00f3grafo internacional Jos\u00e9 Carlos Mart\u00ednez"}]},{"@type":"WebSite","@id":"https:\/\/www.laguiadepamplona.com\/actualidad\/#website","url":"https:\/\/www.laguiadepamplona.com\/actualidad\/","name":"La gu\u00eda de Pamplona","description":"Noticias de Pamplona","publisher":{"@id":"https:\/\/www.laguiadepamplona.com\/actualidad\/#organization"},"potentialAction":[{"@type":"SearchAction","target":{"@type":"EntryPoint","urlTemplate":"https:\/\/www.laguiadepamplona.com\/actualidad\/?s={search_term_string}"},"query-input":{"@type":"PropertyValueSpecification","valueRequired":true,"valueName":"search_term_string"}}],"inLanguage":"es"},{"@type":"Organization","@id":"https:\/\/www.laguiadepamplona.com\/actualidad\/#organization","name":"La Gu\u00eda de Pamplona \/ Noticias","url":"https:\/\/www.laguiadepamplona.com\/actualidad\/","logo":{"@type":"ImageObject","inLanguage":"es","@id":"https:\/\/www.laguiadepamplona.com\/actualidad\/#\/schema\/logo\/image\/","url":"https:\/\/www.laguiadepamplona.com\/actualidad\/wp-content\/uploads\/2018\/11\/logo-laguiadepamplona18-web1.png","contentUrl":"https:\/\/www.laguiadepamplona.com\/actualidad\/wp-content\/uploads\/2018\/11\/logo-laguiadepamplona18-web1.png","width":600,"height":196,"caption":"La Gu\u00eda de Pamplona \/ Noticias"},"image":{"@id":"https:\/\/www.laguiadepamplona.com\/actualidad\/#\/schema\/logo\/image\/"},"sameAs":["https:\/\/www.facebook.com\/laguiadepamplonacom-133175176762273\/?ref=hl","https:\/\/x.com\/LaGuiadPamplona","https:\/\/www.instagram.com\/la_guia_de_pamplona\/","https:\/\/www.youtube.com\/user\/laguiadepamplona"]},{"@type":"Person","@id":"https:\/\/www.laguiadepamplona.com\/actualidad\/#\/schema\/person\/efe887376f0213d4657c93adc50b1fdb","name":"La Gu\u00eda de Pamplona","image":{"@type":"ImageObject","inLanguage":"es","@id":"https:\/\/secure.gravatar.com\/avatar\/b6992f131dc8d30ab0dff15446e9d346d9dbd95992de0fef795073f5ea83a81c?s=96&d=mm&r=g","url":"https:\/\/secure.gravatar.com\/avatar\/b6992f131dc8d30ab0dff15446e9d346d9dbd95992de0fef795073f5ea83a81c?s=96&d=mm&r=g","contentUrl":"https:\/\/secure.gravatar.com\/avatar\/b6992f131dc8d30ab0dff15446e9d346d9dbd95992de0fef795073f5ea83a81c?s=96&d=mm&r=g","caption":"La Gu\u00eda de Pamplona"}}]}},"post_mailing_queue_ids":[],"_links":{"self":[{"href":"https:\/\/www.laguiadepamplona.com\/actualidad\/wp-json\/wp\/v2\/posts\/34770","targetHints":{"allow":["GET"]}}],"collection":[{"href":"https:\/\/www.laguiadepamplona.com\/actualidad\/wp-json\/wp\/v2\/posts"}],"about":[{"href":"https:\/\/www.laguiadepamplona.com\/actualidad\/wp-json\/wp\/v2\/types\/post"}],"author":[{"embeddable":true,"href":"https:\/\/www.laguiadepamplona.com\/actualidad\/wp-json\/wp\/v2\/users\/1"}],"replies":[{"embeddable":true,"href":"https:\/\/www.laguiadepamplona.com\/actualidad\/wp-json\/wp\/v2\/comments?post=34770"}],"version-history":[{"count":0,"href":"https:\/\/www.laguiadepamplona.com\/actualidad\/wp-json\/wp\/v2\/posts\/34770\/revisions"}],"wp:featuredmedia":[{"embeddable":true,"href":"https:\/\/www.laguiadepamplona.com\/actualidad\/wp-json\/wp\/v2\/media\/17390"}],"wp:attachment":[{"href":"https:\/\/www.laguiadepamplona.com\/actualidad\/wp-json\/wp\/v2\/media?parent=34770"}],"wp:term":[{"taxonomy":"category","embeddable":true,"href":"https:\/\/www.laguiadepamplona.com\/actualidad\/wp-json\/wp\/v2\/categories?post=34770"},{"taxonomy":"post_tag","embeddable":true,"href":"https:\/\/www.laguiadepamplona.com\/actualidad\/wp-json\/wp\/v2\/tags?post=34770"}],"curies":[{"name":"wp","href":"https:\/\/api.w.org\/{rel}","templated":true}]}}