{"id":34767,"date":"2021-05-11T13:26:14","date_gmt":"2021-05-11T11:26:14","guid":{"rendered":"https:\/\/www.laguiadepamplona.com\/actualidad\/?p=34767"},"modified":"2023-04-11T11:49:34","modified_gmt":"2023-04-11T09:49:34","slug":"urbanismo-conocera-el-miercoles-la-aprobacion-definitiva-del-estudio-de-detalle-del-ambito-en-el-que-se-ha-solicitado-licencia-para-construir-una-residencia-de-estudiantes","status":"publish","type":"post","link":"https:\/\/www.laguiadepamplona.com\/actualidad\/urbanismo-conocera-el-miercoles-la-aprobacion-definitiva-del-estudio-de-detalle-del-ambito-en-el-que-se-ha-solicitado-licencia-para-construir-una-residencia-de-estudiantes\/","title":{"rendered":"Urbanismo conocer\u00e1 el mi\u00e9rcoles la aprobaci\u00f3n definitiva del estudio de detalle del \u00e1mbito en el que se ha solicitado licencia para construir una residencia de estudiantes"},"content":{"rendered":"<h5>El estudio de detalle busca la homogeneidad compositiva y material de edificaci\u00f3n de 4 parcelas para conseguir una imagen unitaria del conjunto<\/h5>\n<p><!--more--><\/p>\n<p>El Consejo de Gerencia de Urbanismo de ma\u00f1ana mi\u00e9rcoles conocer\u00e1 el expediente para aprobar definitivamente el estudio de detalle de la unidad b\u00e1sica L-6 del Plan Parcial del \u00e1rea de reparto ARS-3 (Arrosad\u00eda-Lezkairu), que engloba las cuatro parcelas que conforman la unidad. El objetivo del estudio de detalle es asegurar la homogeneidad compositiva y material de edificaci\u00f3n para conseguir una imagen unitaria del conjunto.<\/p>\n<p><script async src=\"\/\/pagead2.googlesyndication.com\/pagead\/js\/adsbygoogle.js\"><\/script><br \/>\n<!-- Noticias La Guia de Pamplona --><br \/>\n<ins class=\"adsbygoogle\"\nstyle=\"display:block\"\ndata-ad-client=\"ca-pub-6943679897239327\"\ndata-ad-slot=\"7048180777\"\ndata-ad-format=\"auto\"><\/ins><br \/>\n<script>\n(adsbygoogle = window.adsbygoogle || []).push({});\n<\/script><\/p>\n<p>El Ayuntamiento de Pamplona ha recibido una solicitud de licencia para construir una residencia de estudiantes en ese \u00e1mbito, situado junto a la avenida de Juan Pablo II en una zona cercana a la calle Monte Monjard\u00edn. Actualmente, la solicitud se encuentra en tramitaci\u00f3n a la espera de informes externos.<\/p>\n<p>B\u00e1sicamente, el estudio de detalle consiste en marcar las rasantes obligatorias de la cornisa y la coronaci\u00f3n, as\u00ed como las de los forjados del suelo de la planta baja y de los s\u00f3tanos. La solicitud fue presentada por Gabriela Propco, S.L. Tambi\u00e9n se regulan las alturas de la planta baja.<\/p>\n<p><script async src=\"\/\/pagead2.googlesyndication.com\/pagead\/js\/adsbygoogle.js\"><\/script><br \/>\n<!-- Noticias La Guia de Pamplona --><br \/>\n<ins class=\"adsbygoogle\"\nstyle=\"display:block\"\ndata-ad-client=\"ca-pub-6943679897239327\"\ndata-ad-slot=\"7048180777\"\ndata-ad-format=\"auto\"><\/ins><br \/>\n<script>\n(adsbygoogle = window.adsbygoogle || []).push({});\n<\/script><\/p>\n<p>Recientemente, el Ayuntamiento aprob\u00f3 una modificaci\u00f3n del Plan Parcial de Arrosad\u00eda-Lezkairu, que afectaba entre otras a estas parcelas, en la que se ampliaban los usos del suelo posibilitando los usos dotacionales de residencia comunitaria y asistencial en las parcelas de uso terciario, adem\u00e1s del uso residencial eventual. La modificaci\u00f3n persegu\u00eda que en esas parcelas previstas para oficinas o actividades comerciales situadas en el eje de la avenida de Juan Pablo II puedan darse nuevos usos como el solicitado para la L-6.<\/p>\n","protected":false},"excerpt":{"rendered":"<p>El estudio de detalle busca la homogeneidad compositiva y material de edificaci\u00f3n de 4 parcelas para conseguir una imagen unitaria del conjunto<\/p>\n","protected":false},"author":1,"featured_media":34768,"comment_status":"open","ping_status":"closed","sticky":false,"template":"","format":"standard","meta":{"footnotes":""},"categories":[2],"tags":[],"class_list":["post-34767","post","type-post","status-publish","format-standard","has-post-thumbnail","hentry","category-ayuntamiento-pamplona"],"yoast_head":"<!-- This site is optimized with the Yoast SEO plugin v27.3 - https:\/\/yoast.com\/product\/yoast-seo-wordpress\/ -->\n<title>Urbanismo conocer\u00e1 el mi\u00e9rcoles la aprobaci\u00f3n definitiva del estudio de detalle del \u00e1mbito en el que se ha solicitado licencia para construir una residencia de estudiantes<\/title>\n<meta name=\"description\" content=\"El estudio de detalle busca la homogeneidad compositiva y material de edificaci\u00f3n de 4 parcelas para conseguir una imagen unitaria del conjunto\" \/>\n<meta name=\"robots\" content=\"index, follow, max-snippet:-1, max-image-preview:large, max-video-preview:-1\" \/>\n<link rel=\"canonical\" href=\"https:\/\/www.laguiadepamplona.com\/actualidad\/urbanismo-conocera-el-miercoles-la-aprobacion-definitiva-del-estudio-de-detalle-del-ambito-en-el-que-se-ha-solicitado-licencia-para-construir-una-residencia-de-estudiantes\/\" \/>\n<meta property=\"og:locale\" content=\"es_ES\" \/>\n<meta property=\"og:type\" content=\"article\" \/>\n<meta property=\"og:title\" content=\"Urbanismo conocer\u00e1 el mi\u00e9rcoles la aprobaci\u00f3n definitiva del estudio de detalle del \u00e1mbito en el que se ha solicitado licencia para construir una residencia de estudiantes\" \/>\n<meta property=\"og:description\" content=\"El estudio de detalle busca la homogeneidad compositiva y material de edificaci\u00f3n de 4 parcelas para conseguir una imagen unitaria del conjunto\" \/>\n<meta property=\"og:url\" content=\"https:\/\/www.laguiadepamplona.com\/actualidad\/urbanismo-conocera-el-miercoles-la-aprobacion-definitiva-del-estudio-de-detalle-del-ambito-en-el-que-se-ha-solicitado-licencia-para-construir-una-residencia-de-estudiantes\/\" \/>\n<meta property=\"og:site_name\" content=\"La Gu\u00eda de Pamplona\" \/>\n<meta property=\"article:publisher\" content=\"https:\/\/www.facebook.com\/laguiadepamplonacom-133175176762273\/?ref=hl\" \/>\n<meta property=\"article:published_time\" content=\"2021-05-11T11:26:14+00:00\" \/>\n<meta property=\"article:modified_time\" content=\"2023-04-11T09:49:34+00:00\" \/>\n<meta property=\"og:image\" content=\"https:\/\/www.laguiadepamplona.com\/actualidad\/wp-content\/uploads\/2021\/05\/Lezkaitu_0.png\" \/>\n\t<meta property=\"og:image:width\" content=\"782\" \/>\n\t<meta property=\"og:image:height\" content=\"254\" \/>\n\t<meta property=\"og:image:type\" content=\"image\/png\" \/>\n<meta name=\"author\" content=\"La Gu\u00eda de Pamplona\" \/>\n<meta name=\"twitter:card\" content=\"summary_large_image\" \/>\n<meta name=\"twitter:creator\" content=\"@LaGuiadPamplona\" \/>\n<meta name=\"twitter:site\" content=\"@LaGuiadPamplona\" \/>\n<meta name=\"twitter:label1\" content=\"Escrito por\" \/>\n\t<meta name=\"twitter:data1\" content=\"La Gu\u00eda de Pamplona\" \/>\n\t<meta name=\"twitter:label2\" content=\"Tiempo de lectura\" \/>\n\t<meta name=\"twitter:data2\" content=\"2 minutos\" \/>\n<script type=\"application\/ld+json\" class=\"yoast-schema-graph\">{\"@context\":\"https:\\\/\\\/schema.org\",\"@graph\":[{\"@type\":\"Article\",\"@id\":\"https:\\\/\\\/www.laguiadepamplona.com\\\/actualidad\\\/urbanismo-conocera-el-miercoles-la-aprobacion-definitiva-del-estudio-de-detalle-del-ambito-en-el-que-se-ha-solicitado-licencia-para-construir-una-residencia-de-estudiantes\\\/#article\",\"isPartOf\":{\"@id\":\"https:\\\/\\\/www.laguiadepamplona.com\\\/actualidad\\\/urbanismo-conocera-el-miercoles-la-aprobacion-definitiva-del-estudio-de-detalle-del-ambito-en-el-que-se-ha-solicitado-licencia-para-construir-una-residencia-de-estudiantes\\\/\"},\"author\":{\"name\":\"La Gu\u00eda de Pamplona\",\"@id\":\"https:\\\/\\\/www.laguiadepamplona.com\\\/actualidad\\\/#\\\/schema\\\/person\\\/efe887376f0213d4657c93adc50b1fdb\"},\"headline\":\"Urbanismo conocer\u00e1 el mi\u00e9rcoles la aprobaci\u00f3n definitiva del estudio de detalle del \u00e1mbito en el que se ha solicitado licencia para construir una residencia de estudiantes\",\"datePublished\":\"2021-05-11T11:26:14+00:00\",\"dateModified\":\"2023-04-11T09:49:34+00:00\",\"mainEntityOfPage\":{\"@id\":\"https:\\\/\\\/www.laguiadepamplona.com\\\/actualidad\\\/urbanismo-conocera-el-miercoles-la-aprobacion-definitiva-del-estudio-de-detalle-del-ambito-en-el-que-se-ha-solicitado-licencia-para-construir-una-residencia-de-estudiantes\\\/\"},\"wordCount\":312,\"commentCount\":0,\"publisher\":{\"@id\":\"https:\\\/\\\/www.laguiadepamplona.com\\\/actualidad\\\/#organization\"},\"image\":{\"@id\":\"https:\\\/\\\/www.laguiadepamplona.com\\\/actualidad\\\/urbanismo-conocera-el-miercoles-la-aprobacion-definitiva-del-estudio-de-detalle-del-ambito-en-el-que-se-ha-solicitado-licencia-para-construir-una-residencia-de-estudiantes\\\/#primaryimage\"},\"thumbnailUrl\":\"https:\\\/\\\/www.laguiadepamplona.com\\\/actualidad\\\/wp-content\\\/uploads\\\/2021\\\/05\\\/Lezkaitu_0.png\",\"articleSection\":[\"Ayto Pamplona\"],\"inLanguage\":\"es\",\"potentialAction\":[{\"@type\":\"CommentAction\",\"name\":\"Comment\",\"target\":[\"https:\\\/\\\/www.laguiadepamplona.com\\\/actualidad\\\/urbanismo-conocera-el-miercoles-la-aprobacion-definitiva-del-estudio-de-detalle-del-ambito-en-el-que-se-ha-solicitado-licencia-para-construir-una-residencia-de-estudiantes\\\/#respond\"]}]},{\"@type\":\"WebPage\",\"@id\":\"https:\\\/\\\/www.laguiadepamplona.com\\\/actualidad\\\/urbanismo-conocera-el-miercoles-la-aprobacion-definitiva-del-estudio-de-detalle-del-ambito-en-el-que-se-ha-solicitado-licencia-para-construir-una-residencia-de-estudiantes\\\/\",\"url\":\"https:\\\/\\\/www.laguiadepamplona.com\\\/actualidad\\\/urbanismo-conocera-el-miercoles-la-aprobacion-definitiva-del-estudio-de-detalle-del-ambito-en-el-que-se-ha-solicitado-licencia-para-construir-una-residencia-de-estudiantes\\\/\",\"name\":\"Urbanismo conocer\u00e1 el mi\u00e9rcoles la aprobaci\u00f3n definitiva del estudio de detalle del \u00e1mbito en el que se ha solicitado licencia para construir una residencia de estudiantes\",\"isPartOf\":{\"@id\":\"https:\\\/\\\/www.laguiadepamplona.com\\\/actualidad\\\/#website\"},\"primaryImageOfPage\":{\"@id\":\"https:\\\/\\\/www.laguiadepamplona.com\\\/actualidad\\\/urbanismo-conocera-el-miercoles-la-aprobacion-definitiva-del-estudio-de-detalle-del-ambito-en-el-que-se-ha-solicitado-licencia-para-construir-una-residencia-de-estudiantes\\\/#primaryimage\"},\"image\":{\"@id\":\"https:\\\/\\\/www.laguiadepamplona.com\\\/actualidad\\\/urbanismo-conocera-el-miercoles-la-aprobacion-definitiva-del-estudio-de-detalle-del-ambito-en-el-que-se-ha-solicitado-licencia-para-construir-una-residencia-de-estudiantes\\\/#primaryimage\"},\"thumbnailUrl\":\"https:\\\/\\\/www.laguiadepamplona.com\\\/actualidad\\\/wp-content\\\/uploads\\\/2021\\\/05\\\/Lezkaitu_0.png\",\"datePublished\":\"2021-05-11T11:26:14+00:00\",\"dateModified\":\"2023-04-11T09:49:34+00:00\",\"description\":\"El estudio de detalle busca la homogeneidad compositiva y material de edificaci\u00f3n de 4 parcelas para conseguir una imagen unitaria del conjunto\",\"breadcrumb\":{\"@id\":\"https:\\\/\\\/www.laguiadepamplona.com\\\/actualidad\\\/urbanismo-conocera-el-miercoles-la-aprobacion-definitiva-del-estudio-de-detalle-del-ambito-en-el-que-se-ha-solicitado-licencia-para-construir-una-residencia-de-estudiantes\\\/#breadcrumb\"},\"inLanguage\":\"es\",\"potentialAction\":[{\"@type\":\"ReadAction\",\"target\":[\"https:\\\/\\\/www.laguiadepamplona.com\\\/actualidad\\\/urbanismo-conocera-el-miercoles-la-aprobacion-definitiva-del-estudio-de-detalle-del-ambito-en-el-que-se-ha-solicitado-licencia-para-construir-una-residencia-de-estudiantes\\\/\"]}]},{\"@type\":\"ImageObject\",\"inLanguage\":\"es\",\"@id\":\"https:\\\/\\\/www.laguiadepamplona.com\\\/actualidad\\\/urbanismo-conocera-el-miercoles-la-aprobacion-definitiva-del-estudio-de-detalle-del-ambito-en-el-que-se-ha-solicitado-licencia-para-construir-una-residencia-de-estudiantes\\\/#primaryimage\",\"url\":\"https:\\\/\\\/www.laguiadepamplona.com\\\/actualidad\\\/wp-content\\\/uploads\\\/2021\\\/05\\\/Lezkaitu_0.png\",\"contentUrl\":\"https:\\\/\\\/www.laguiadepamplona.com\\\/actualidad\\\/wp-content\\\/uploads\\\/2021\\\/05\\\/Lezkaitu_0.png\",\"width\":782,\"height\":254},{\"@type\":\"BreadcrumbList\",\"@id\":\"https:\\\/\\\/www.laguiadepamplona.com\\\/actualidad\\\/urbanismo-conocera-el-miercoles-la-aprobacion-definitiva-del-estudio-de-detalle-del-ambito-en-el-que-se-ha-solicitado-licencia-para-construir-una-residencia-de-estudiantes\\\/#breadcrumb\",\"itemListElement\":[{\"@type\":\"ListItem\",\"position\":1,\"name\":\"Portada\",\"item\":\"https:\\\/\\\/www.laguiadepamplona.com\\\/actualidad\\\/\"},{\"@type\":\"ListItem\",\"position\":2,\"name\":\"Urbanismo conocer\u00e1 el mi\u00e9rcoles la aprobaci\u00f3n definitiva del estudio de detalle del \u00e1mbito en el que se ha solicitado licencia para construir una residencia de estudiantes\"}]},{\"@type\":\"WebSite\",\"@id\":\"https:\\\/\\\/www.laguiadepamplona.com\\\/actualidad\\\/#website\",\"url\":\"https:\\\/\\\/www.laguiadepamplona.com\\\/actualidad\\\/\",\"name\":\"La gu\u00eda de Pamplona\",\"description\":\"Noticias de Pamplona\",\"publisher\":{\"@id\":\"https:\\\/\\\/www.laguiadepamplona.com\\\/actualidad\\\/#organization\"},\"potentialAction\":[{\"@type\":\"SearchAction\",\"target\":{\"@type\":\"EntryPoint\",\"urlTemplate\":\"https:\\\/\\\/www.laguiadepamplona.com\\\/actualidad\\\/?s={search_term_string}\"},\"query-input\":{\"@type\":\"PropertyValueSpecification\",\"valueRequired\":true,\"valueName\":\"search_term_string\"}}],\"inLanguage\":\"es\"},{\"@type\":\"Organization\",\"@id\":\"https:\\\/\\\/www.laguiadepamplona.com\\\/actualidad\\\/#organization\",\"name\":\"La Gu\u00eda de Pamplona \\\/ Noticias\",\"url\":\"https:\\\/\\\/www.laguiadepamplona.com\\\/actualidad\\\/\",\"logo\":{\"@type\":\"ImageObject\",\"inLanguage\":\"es\",\"@id\":\"https:\\\/\\\/www.laguiadepamplona.com\\\/actualidad\\\/#\\\/schema\\\/logo\\\/image\\\/\",\"url\":\"https:\\\/\\\/www.laguiadepamplona.com\\\/actualidad\\\/wp-content\\\/uploads\\\/2018\\\/11\\\/logo-laguiadepamplona18-web1.png\",\"contentUrl\":\"https:\\\/\\\/www.laguiadepamplona.com\\\/actualidad\\\/wp-content\\\/uploads\\\/2018\\\/11\\\/logo-laguiadepamplona18-web1.png\",\"width\":600,\"height\":196,\"caption\":\"La Gu\u00eda de Pamplona \\\/ Noticias\"},\"image\":{\"@id\":\"https:\\\/\\\/www.laguiadepamplona.com\\\/actualidad\\\/#\\\/schema\\\/logo\\\/image\\\/\"},\"sameAs\":[\"https:\\\/\\\/www.facebook.com\\\/laguiadepamplonacom-133175176762273\\\/?ref=hl\",\"https:\\\/\\\/x.com\\\/LaGuiadPamplona\",\"https:\\\/\\\/www.instagram.com\\\/la_guia_de_pamplona\\\/\",\"https:\\\/\\\/www.youtube.com\\\/user\\\/laguiadepamplona\"]},{\"@type\":\"Person\",\"@id\":\"https:\\\/\\\/www.laguiadepamplona.com\\\/actualidad\\\/#\\\/schema\\\/person\\\/efe887376f0213d4657c93adc50b1fdb\",\"name\":\"La Gu\u00eda de Pamplona\",\"image\":{\"@type\":\"ImageObject\",\"inLanguage\":\"es\",\"@id\":\"https:\\\/\\\/secure.gravatar.com\\\/avatar\\\/b6992f131dc8d30ab0dff15446e9d346d9dbd95992de0fef795073f5ea83a81c?s=96&d=mm&r=g\",\"url\":\"https:\\\/\\\/secure.gravatar.com\\\/avatar\\\/b6992f131dc8d30ab0dff15446e9d346d9dbd95992de0fef795073f5ea83a81c?s=96&d=mm&r=g\",\"contentUrl\":\"https:\\\/\\\/secure.gravatar.com\\\/avatar\\\/b6992f131dc8d30ab0dff15446e9d346d9dbd95992de0fef795073f5ea83a81c?s=96&d=mm&r=g\",\"caption\":\"La Gu\u00eda de Pamplona\"}}]}<\/script>\n<!-- \/ Yoast SEO plugin. -->","yoast_head_json":{"title":"Urbanismo conocer\u00e1 el mi\u00e9rcoles la aprobaci\u00f3n definitiva del estudio de detalle del \u00e1mbito en el que se ha solicitado licencia para construir una residencia de estudiantes","description":"El estudio de detalle busca la homogeneidad compositiva y material de edificaci\u00f3n de 4 parcelas para conseguir una imagen unitaria del conjunto","robots":{"index":"index","follow":"follow","max-snippet":"max-snippet:-1","max-image-preview":"max-image-preview:large","max-video-preview":"max-video-preview:-1"},"canonical":"https:\/\/www.laguiadepamplona.com\/actualidad\/urbanismo-conocera-el-miercoles-la-aprobacion-definitiva-del-estudio-de-detalle-del-ambito-en-el-que-se-ha-solicitado-licencia-para-construir-una-residencia-de-estudiantes\/","og_locale":"es_ES","og_type":"article","og_title":"Urbanismo conocer\u00e1 el mi\u00e9rcoles la aprobaci\u00f3n definitiva del estudio de detalle del \u00e1mbito en el que se ha solicitado licencia para construir una residencia de estudiantes","og_description":"El estudio de detalle busca la homogeneidad compositiva y material de edificaci\u00f3n de 4 parcelas para conseguir una imagen unitaria del conjunto","og_url":"https:\/\/www.laguiadepamplona.com\/actualidad\/urbanismo-conocera-el-miercoles-la-aprobacion-definitiva-del-estudio-de-detalle-del-ambito-en-el-que-se-ha-solicitado-licencia-para-construir-una-residencia-de-estudiantes\/","og_site_name":"La Gu\u00eda de Pamplona","article_publisher":"https:\/\/www.facebook.com\/laguiadepamplonacom-133175176762273\/?ref=hl","article_published_time":"2021-05-11T11:26:14+00:00","article_modified_time":"2023-04-11T09:49:34+00:00","og_image":[{"width":782,"height":254,"url":"https:\/\/www.laguiadepamplona.com\/actualidad\/wp-content\/uploads\/2021\/05\/Lezkaitu_0.png","type":"image\/png"}],"author":"La Gu\u00eda de Pamplona","twitter_card":"summary_large_image","twitter_creator":"@LaGuiadPamplona","twitter_site":"@LaGuiadPamplona","twitter_misc":{"Escrito por":"La Gu\u00eda de Pamplona","Tiempo de lectura":"2 minutos"},"schema":{"@context":"https:\/\/schema.org","@graph":[{"@type":"Article","@id":"https:\/\/www.laguiadepamplona.com\/actualidad\/urbanismo-conocera-el-miercoles-la-aprobacion-definitiva-del-estudio-de-detalle-del-ambito-en-el-que-se-ha-solicitado-licencia-para-construir-una-residencia-de-estudiantes\/#article","isPartOf":{"@id":"https:\/\/www.laguiadepamplona.com\/actualidad\/urbanismo-conocera-el-miercoles-la-aprobacion-definitiva-del-estudio-de-detalle-del-ambito-en-el-que-se-ha-solicitado-licencia-para-construir-una-residencia-de-estudiantes\/"},"author":{"name":"La Gu\u00eda de Pamplona","@id":"https:\/\/www.laguiadepamplona.com\/actualidad\/#\/schema\/person\/efe887376f0213d4657c93adc50b1fdb"},"headline":"Urbanismo conocer\u00e1 el mi\u00e9rcoles la aprobaci\u00f3n definitiva del estudio de detalle del \u00e1mbito en el que se ha solicitado licencia para construir una residencia de estudiantes","datePublished":"2021-05-11T11:26:14+00:00","dateModified":"2023-04-11T09:49:34+00:00","mainEntityOfPage":{"@id":"https:\/\/www.laguiadepamplona.com\/actualidad\/urbanismo-conocera-el-miercoles-la-aprobacion-definitiva-del-estudio-de-detalle-del-ambito-en-el-que-se-ha-solicitado-licencia-para-construir-una-residencia-de-estudiantes\/"},"wordCount":312,"commentCount":0,"publisher":{"@id":"https:\/\/www.laguiadepamplona.com\/actualidad\/#organization"},"image":{"@id":"https:\/\/www.laguiadepamplona.com\/actualidad\/urbanismo-conocera-el-miercoles-la-aprobacion-definitiva-del-estudio-de-detalle-del-ambito-en-el-que-se-ha-solicitado-licencia-para-construir-una-residencia-de-estudiantes\/#primaryimage"},"thumbnailUrl":"https:\/\/www.laguiadepamplona.com\/actualidad\/wp-content\/uploads\/2021\/05\/Lezkaitu_0.png","articleSection":["Ayto Pamplona"],"inLanguage":"es","potentialAction":[{"@type":"CommentAction","name":"Comment","target":["https:\/\/www.laguiadepamplona.com\/actualidad\/urbanismo-conocera-el-miercoles-la-aprobacion-definitiva-del-estudio-de-detalle-del-ambito-en-el-que-se-ha-solicitado-licencia-para-construir-una-residencia-de-estudiantes\/#respond"]}]},{"@type":"WebPage","@id":"https:\/\/www.laguiadepamplona.com\/actualidad\/urbanismo-conocera-el-miercoles-la-aprobacion-definitiva-del-estudio-de-detalle-del-ambito-en-el-que-se-ha-solicitado-licencia-para-construir-una-residencia-de-estudiantes\/","url":"https:\/\/www.laguiadepamplona.com\/actualidad\/urbanismo-conocera-el-miercoles-la-aprobacion-definitiva-del-estudio-de-detalle-del-ambito-en-el-que-se-ha-solicitado-licencia-para-construir-una-residencia-de-estudiantes\/","name":"Urbanismo conocer\u00e1 el mi\u00e9rcoles la aprobaci\u00f3n definitiva del estudio de detalle del \u00e1mbito en el que se ha solicitado licencia para construir una residencia de estudiantes","isPartOf":{"@id":"https:\/\/www.laguiadepamplona.com\/actualidad\/#website"},"primaryImageOfPage":{"@id":"https:\/\/www.laguiadepamplona.com\/actualidad\/urbanismo-conocera-el-miercoles-la-aprobacion-definitiva-del-estudio-de-detalle-del-ambito-en-el-que-se-ha-solicitado-licencia-para-construir-una-residencia-de-estudiantes\/#primaryimage"},"image":{"@id":"https:\/\/www.laguiadepamplona.com\/actualidad\/urbanismo-conocera-el-miercoles-la-aprobacion-definitiva-del-estudio-de-detalle-del-ambito-en-el-que-se-ha-solicitado-licencia-para-construir-una-residencia-de-estudiantes\/#primaryimage"},"thumbnailUrl":"https:\/\/www.laguiadepamplona.com\/actualidad\/wp-content\/uploads\/2021\/05\/Lezkaitu_0.png","datePublished":"2021-05-11T11:26:14+00:00","dateModified":"2023-04-11T09:49:34+00:00","description":"El estudio de detalle busca la homogeneidad compositiva y material de edificaci\u00f3n de 4 parcelas para conseguir una imagen unitaria del conjunto","breadcrumb":{"@id":"https:\/\/www.laguiadepamplona.com\/actualidad\/urbanismo-conocera-el-miercoles-la-aprobacion-definitiva-del-estudio-de-detalle-del-ambito-en-el-que-se-ha-solicitado-licencia-para-construir-una-residencia-de-estudiantes\/#breadcrumb"},"inLanguage":"es","potentialAction":[{"@type":"ReadAction","target":["https:\/\/www.laguiadepamplona.com\/actualidad\/urbanismo-conocera-el-miercoles-la-aprobacion-definitiva-del-estudio-de-detalle-del-ambito-en-el-que-se-ha-solicitado-licencia-para-construir-una-residencia-de-estudiantes\/"]}]},{"@type":"ImageObject","inLanguage":"es","@id":"https:\/\/www.laguiadepamplona.com\/actualidad\/urbanismo-conocera-el-miercoles-la-aprobacion-definitiva-del-estudio-de-detalle-del-ambito-en-el-que-se-ha-solicitado-licencia-para-construir-una-residencia-de-estudiantes\/#primaryimage","url":"https:\/\/www.laguiadepamplona.com\/actualidad\/wp-content\/uploads\/2021\/05\/Lezkaitu_0.png","contentUrl":"https:\/\/www.laguiadepamplona.com\/actualidad\/wp-content\/uploads\/2021\/05\/Lezkaitu_0.png","width":782,"height":254},{"@type":"BreadcrumbList","@id":"https:\/\/www.laguiadepamplona.com\/actualidad\/urbanismo-conocera-el-miercoles-la-aprobacion-definitiva-del-estudio-de-detalle-del-ambito-en-el-que-se-ha-solicitado-licencia-para-construir-una-residencia-de-estudiantes\/#breadcrumb","itemListElement":[{"@type":"ListItem","position":1,"name":"Portada","item":"https:\/\/www.laguiadepamplona.com\/actualidad\/"},{"@type":"ListItem","position":2,"name":"Urbanismo conocer\u00e1 el mi\u00e9rcoles la aprobaci\u00f3n definitiva del estudio de detalle del \u00e1mbito en el que se ha solicitado licencia para construir una residencia de estudiantes"}]},{"@type":"WebSite","@id":"https:\/\/www.laguiadepamplona.com\/actualidad\/#website","url":"https:\/\/www.laguiadepamplona.com\/actualidad\/","name":"La gu\u00eda de Pamplona","description":"Noticias de Pamplona","publisher":{"@id":"https:\/\/www.laguiadepamplona.com\/actualidad\/#organization"},"potentialAction":[{"@type":"SearchAction","target":{"@type":"EntryPoint","urlTemplate":"https:\/\/www.laguiadepamplona.com\/actualidad\/?s={search_term_string}"},"query-input":{"@type":"PropertyValueSpecification","valueRequired":true,"valueName":"search_term_string"}}],"inLanguage":"es"},{"@type":"Organization","@id":"https:\/\/www.laguiadepamplona.com\/actualidad\/#organization","name":"La Gu\u00eda de Pamplona \/ Noticias","url":"https:\/\/www.laguiadepamplona.com\/actualidad\/","logo":{"@type":"ImageObject","inLanguage":"es","@id":"https:\/\/www.laguiadepamplona.com\/actualidad\/#\/schema\/logo\/image\/","url":"https:\/\/www.laguiadepamplona.com\/actualidad\/wp-content\/uploads\/2018\/11\/logo-laguiadepamplona18-web1.png","contentUrl":"https:\/\/www.laguiadepamplona.com\/actualidad\/wp-content\/uploads\/2018\/11\/logo-laguiadepamplona18-web1.png","width":600,"height":196,"caption":"La Gu\u00eda de Pamplona \/ Noticias"},"image":{"@id":"https:\/\/www.laguiadepamplona.com\/actualidad\/#\/schema\/logo\/image\/"},"sameAs":["https:\/\/www.facebook.com\/laguiadepamplonacom-133175176762273\/?ref=hl","https:\/\/x.com\/LaGuiadPamplona","https:\/\/www.instagram.com\/la_guia_de_pamplona\/","https:\/\/www.youtube.com\/user\/laguiadepamplona"]},{"@type":"Person","@id":"https:\/\/www.laguiadepamplona.com\/actualidad\/#\/schema\/person\/efe887376f0213d4657c93adc50b1fdb","name":"La Gu\u00eda de Pamplona","image":{"@type":"ImageObject","inLanguage":"es","@id":"https:\/\/secure.gravatar.com\/avatar\/b6992f131dc8d30ab0dff15446e9d346d9dbd95992de0fef795073f5ea83a81c?s=96&d=mm&r=g","url":"https:\/\/secure.gravatar.com\/avatar\/b6992f131dc8d30ab0dff15446e9d346d9dbd95992de0fef795073f5ea83a81c?s=96&d=mm&r=g","contentUrl":"https:\/\/secure.gravatar.com\/avatar\/b6992f131dc8d30ab0dff15446e9d346d9dbd95992de0fef795073f5ea83a81c?s=96&d=mm&r=g","caption":"La Gu\u00eda de Pamplona"}}]}},"post_mailing_queue_ids":[],"_links":{"self":[{"href":"https:\/\/www.laguiadepamplona.com\/actualidad\/wp-json\/wp\/v2\/posts\/34767","targetHints":{"allow":["GET"]}}],"collection":[{"href":"https:\/\/www.laguiadepamplona.com\/actualidad\/wp-json\/wp\/v2\/posts"}],"about":[{"href":"https:\/\/www.laguiadepamplona.com\/actualidad\/wp-json\/wp\/v2\/types\/post"}],"author":[{"embeddable":true,"href":"https:\/\/www.laguiadepamplona.com\/actualidad\/wp-json\/wp\/v2\/users\/1"}],"replies":[{"embeddable":true,"href":"https:\/\/www.laguiadepamplona.com\/actualidad\/wp-json\/wp\/v2\/comments?post=34767"}],"version-history":[{"count":0,"href":"https:\/\/www.laguiadepamplona.com\/actualidad\/wp-json\/wp\/v2\/posts\/34767\/revisions"}],"wp:featuredmedia":[{"embeddable":true,"href":"https:\/\/www.laguiadepamplona.com\/actualidad\/wp-json\/wp\/v2\/media\/34768"}],"wp:attachment":[{"href":"https:\/\/www.laguiadepamplona.com\/actualidad\/wp-json\/wp\/v2\/media?parent=34767"}],"wp:term":[{"taxonomy":"category","embeddable":true,"href":"https:\/\/www.laguiadepamplona.com\/actualidad\/wp-json\/wp\/v2\/categories?post=34767"},{"taxonomy":"post_tag","embeddable":true,"href":"https:\/\/www.laguiadepamplona.com\/actualidad\/wp-json\/wp\/v2\/tags?post=34767"}],"curies":[{"name":"wp","href":"https:\/\/api.w.org\/{rel}","templated":true}]}}