{"id":34765,"date":"2021-05-10T15:51:58","date_gmt":"2021-05-10T13:51:58","guid":{"rendered":"https:\/\/www.laguiadepamplona.com\/actualidad\/?p=34765"},"modified":"2023-04-11T11:49:34","modified_gmt":"2023-04-11T09:49:34","slug":"gerencia-de-urbanismo-conocera-la-aprobacion-inicial-de-la-modificacion-del-plan-parcial-buztintxuri-euntzetxiki-que-posibilitara-construir-un-polideportivo-junto-al-centro-escolar","status":"publish","type":"post","link":"https:\/\/www.laguiadepamplona.com\/actualidad\/gerencia-de-urbanismo-conocera-la-aprobacion-inicial-de-la-modificacion-del-plan-parcial-buztintxuri-euntzetxiki-que-posibilitara-construir-un-polideportivo-junto-al-centro-escolar\/","title":{"rendered":"Gerencia de Urbanismo conocer\u00e1 la aprobaci\u00f3n inicial de la modificaci\u00f3n del Plan Parcial Buztintxuri-Euntzetxiki que posibilitar\u00e1 construir un polideportivo junto al centro escolar"},"content":{"rendered":"<h5>La parcela tiene actualmente un uso de equipamiento p\u00fablico docente-cultural y con el cambio se le incorporar\u00eda el deportivo<\/h5>\n<p><!--more--><\/p>\n<p>El Consejo de Gerencia de Urbanismo del mi\u00e9rcoles conocer\u00e1 la aprobaci\u00f3n inicial del Plan Parcial Buztintxuri-Euntzetxiki (U.I. II-S.O.-1) que posibilitar\u00e1 construir un polideportivo en la parcela dotacional municipal E-1.4 (parcela catastral 2912 del pol\u00edgono 7), situada junto al centro escolar.<\/p>\n<p><script async src=\"\/\/pagead2.googlesyndication.com\/pagead\/js\/adsbygoogle.js\"><\/script><br \/>\n<!-- Noticias La Guia de Pamplona --><br \/>\n<ins class=\"adsbygoogle\"\nstyle=\"display:block\"\ndata-ad-client=\"ca-pub-6943679897239327\"\ndata-ad-slot=\"7048180777\"\ndata-ad-format=\"auto\"><\/ins><br \/>\n<script>\n(adsbygoogle = window.adsbygoogle || []).push({});\n<\/script><\/p>\n<p>En estos momentos esa parcela tiene como uso el de equipamiento p\u00fablico docente-cultural sin que est\u00e9n marcadas alineaciones, ni definidas las alturas de los edificios. El cambio propuesto consiste en incorporar el uso deportivo, definiendo alineaciones m\u00e1ximas. La parcela tiene 8.867 m<sup>2<\/sup>.<\/p>\n<p>El barrio de Buztintxuri se encuentra en la actualidad ya urbanizado y edificado casi en su totalidad. De acuerdo a los informes municipales, se trata de un barrio con una poblaci\u00f3n ya asentada y con algunas carencias dotacionales, entre las que se encuentran las instalaciones deportivas. Los presupuestos municipales de 2021, tras el acuerdo entre los grupos de Navarra Suma y Socialistas del Ayuntamiento de Pamplona, incluyen una partida econ\u00f3mica para la redacci\u00f3n de un proyecto para la construcci\u00f3n de un polideportivo en el barrio.<\/p>\n<p><script async src=\"\/\/pagead2.googlesyndication.com\/pagead\/js\/adsbygoogle.js\"><\/script><br \/>\n<!-- Noticias La Guia de Pamplona --><br \/>\n<ins class=\"adsbygoogle\"\nstyle=\"display:block\"\ndata-ad-client=\"ca-pub-6943679897239327\"\ndata-ad-slot=\"7048180777\"\ndata-ad-format=\"auto\"><\/ins><br \/>\n<script>\n(adsbygoogle = window.adsbygoogle || []).push({});\n<\/script><\/p>\n<p>El expediente que se ver\u00e1 el mi\u00e9rcoles cuenta con un informe del \u00e1rea de Acci\u00f3n Comunitaria, Cooperaci\u00f3n y Deporte en el que se considera la parcela E-1.4 como la m\u00e1s id\u00f3nea de las disponibles para poder acoger una instalaci\u00f3n deportiva. Adem\u00e1s de por las caracter\u00edsticas del \u00e1mbito, porque se encuentra junto a las parcelas escolares. De esta forma, podr\u00eda tener un uso docente-deportivo ya que al encontrarse pr\u00f3xima a los edificios del colegio se propiciar\u00eda que, durante el curso escolar, el alumnado pueda desarrollar sus clases de educaci\u00f3n f\u00edsica, as\u00ed como su actividad deportiva escolar. Se dotar\u00eda de un contenido adicional al uso que tendr\u00eda por parte del vecindario que tendr\u00eda acceso a trav\u00e9s de entidades deportivas (federaciones y clubes), otras asociaciones vecinales o mediante solicitudes individuales.<\/p>\n<p>Tras la aprobaci\u00f3n inicial, el expediente se expondr\u00e1 al p\u00fablico durante el plazo de un mes a partir de su publicaci\u00f3n en el Bolet\u00edn Oficial de Navarra.<\/p>\n","protected":false},"excerpt":{"rendered":"<p>La parcela tiene actualmente un uso de equipamiento p\u00fablico docente-cultural y con el cambio se le incorporar\u00eda el deportivo<\/p>\n","protected":false},"author":1,"featured_media":33021,"comment_status":"open","ping_status":"closed","sticky":false,"template":"","format":"standard","meta":{"footnotes":""},"categories":[2],"tags":[],"class_list":["post-34765","post","type-post","status-publish","format-standard","has-post-thumbnail","hentry","category-ayuntamiento-pamplona"],"yoast_head":"<!-- This site is optimized with the Yoast SEO plugin v27.3 - https:\/\/yoast.com\/product\/yoast-seo-wordpress\/ -->\n<title>Gerencia de Urbanismo conocer\u00e1 la aprobaci\u00f3n inicial de la modificaci\u00f3n del Plan Parcial Buztintxuri-Euntzetxiki que posibilitar\u00e1 construir un polideportivo junto al centro escolar<\/title>\n<meta name=\"description\" content=\"La parcela tiene actualmente un uso de equipamiento p\u00fablico docente-cultural y con el cambio se le incorporar\u00eda el deportivo\" \/>\n<meta name=\"robots\" content=\"index, follow, max-snippet:-1, max-image-preview:large, max-video-preview:-1\" \/>\n<link rel=\"canonical\" href=\"https:\/\/www.laguiadepamplona.com\/actualidad\/gerencia-de-urbanismo-conocera-la-aprobacion-inicial-de-la-modificacion-del-plan-parcial-buztintxuri-euntzetxiki-que-posibilitara-construir-un-polideportivo-junto-al-centro-escolar\/\" \/>\n<meta property=\"og:locale\" content=\"es_ES\" \/>\n<meta property=\"og:type\" content=\"article\" \/>\n<meta property=\"og:title\" content=\"Gerencia de Urbanismo conocer\u00e1 la aprobaci\u00f3n inicial de la modificaci\u00f3n del Plan Parcial Buztintxuri-Euntzetxiki que posibilitar\u00e1 construir un polideportivo junto al centro escolar\" \/>\n<meta property=\"og:description\" content=\"La parcela tiene actualmente un uso de equipamiento p\u00fablico docente-cultural y con el cambio se le incorporar\u00eda el deportivo\" \/>\n<meta property=\"og:url\" content=\"https:\/\/www.laguiadepamplona.com\/actualidad\/gerencia-de-urbanismo-conocera-la-aprobacion-inicial-de-la-modificacion-del-plan-parcial-buztintxuri-euntzetxiki-que-posibilitara-construir-un-polideportivo-junto-al-centro-escolar\/\" \/>\n<meta property=\"og:site_name\" content=\"La Gu\u00eda de Pamplona\" \/>\n<meta property=\"article:publisher\" content=\"https:\/\/www.facebook.com\/laguiadepamplonacom-133175176762273\/?ref=hl\" \/>\n<meta property=\"article:published_time\" content=\"2021-05-10T13:51:58+00:00\" \/>\n<meta property=\"article:modified_time\" content=\"2023-04-11T09:49:34+00:00\" \/>\n<meta property=\"og:image\" content=\"https:\/\/www.laguiadepamplona.com\/actualidad\/wp-content\/uploads\/2021\/02\/ayuntamiento-pamplona.jpg\" \/>\n\t<meta property=\"og:image:width\" content=\"1920\" \/>\n\t<meta property=\"og:image:height\" content=\"1080\" \/>\n\t<meta property=\"og:image:type\" content=\"image\/jpeg\" \/>\n<meta name=\"author\" content=\"La Gu\u00eda de Pamplona\" \/>\n<meta name=\"twitter:card\" content=\"summary_large_image\" \/>\n<meta name=\"twitter:creator\" content=\"@LaGuiadPamplona\" \/>\n<meta name=\"twitter:site\" content=\"@LaGuiadPamplona\" \/>\n<meta name=\"twitter:label1\" content=\"Escrito por\" \/>\n\t<meta name=\"twitter:data1\" content=\"La Gu\u00eda de Pamplona\" \/>\n\t<meta name=\"twitter:label2\" content=\"Tiempo de lectura\" \/>\n\t<meta name=\"twitter:data2\" content=\"2 minutos\" \/>\n<script type=\"application\/ld+json\" class=\"yoast-schema-graph\">{\"@context\":\"https:\\\/\\\/schema.org\",\"@graph\":[{\"@type\":\"Article\",\"@id\":\"https:\\\/\\\/www.laguiadepamplona.com\\\/actualidad\\\/gerencia-de-urbanismo-conocera-la-aprobacion-inicial-de-la-modificacion-del-plan-parcial-buztintxuri-euntzetxiki-que-posibilitara-construir-un-polideportivo-junto-al-centro-escolar\\\/#article\",\"isPartOf\":{\"@id\":\"https:\\\/\\\/www.laguiadepamplona.com\\\/actualidad\\\/gerencia-de-urbanismo-conocera-la-aprobacion-inicial-de-la-modificacion-del-plan-parcial-buztintxuri-euntzetxiki-que-posibilitara-construir-un-polideportivo-junto-al-centro-escolar\\\/\"},\"author\":{\"name\":\"La Gu\u00eda de Pamplona\",\"@id\":\"https:\\\/\\\/www.laguiadepamplona.com\\\/actualidad\\\/#\\\/schema\\\/person\\\/efe887376f0213d4657c93adc50b1fdb\"},\"headline\":\"Gerencia de Urbanismo conocer\u00e1 la aprobaci\u00f3n inicial de la modificaci\u00f3n del Plan Parcial Buztintxuri-Euntzetxiki que posibilitar\u00e1 construir un polideportivo junto al centro escolar\",\"datePublished\":\"2021-05-10T13:51:58+00:00\",\"dateModified\":\"2023-04-11T09:49:34+00:00\",\"mainEntityOfPage\":{\"@id\":\"https:\\\/\\\/www.laguiadepamplona.com\\\/actualidad\\\/gerencia-de-urbanismo-conocera-la-aprobacion-inicial-de-la-modificacion-del-plan-parcial-buztintxuri-euntzetxiki-que-posibilitara-construir-un-polideportivo-junto-al-centro-escolar\\\/\"},\"wordCount\":397,\"commentCount\":0,\"publisher\":{\"@id\":\"https:\\\/\\\/www.laguiadepamplona.com\\\/actualidad\\\/#organization\"},\"image\":{\"@id\":\"https:\\\/\\\/www.laguiadepamplona.com\\\/actualidad\\\/gerencia-de-urbanismo-conocera-la-aprobacion-inicial-de-la-modificacion-del-plan-parcial-buztintxuri-euntzetxiki-que-posibilitara-construir-un-polideportivo-junto-al-centro-escolar\\\/#primaryimage\"},\"thumbnailUrl\":\"https:\\\/\\\/www.laguiadepamplona.com\\\/actualidad\\\/wp-content\\\/uploads\\\/2021\\\/02\\\/ayuntamiento-pamplona.jpg\",\"articleSection\":[\"Ayto Pamplona\"],\"inLanguage\":\"es\",\"potentialAction\":[{\"@type\":\"CommentAction\",\"name\":\"Comment\",\"target\":[\"https:\\\/\\\/www.laguiadepamplona.com\\\/actualidad\\\/gerencia-de-urbanismo-conocera-la-aprobacion-inicial-de-la-modificacion-del-plan-parcial-buztintxuri-euntzetxiki-que-posibilitara-construir-un-polideportivo-junto-al-centro-escolar\\\/#respond\"]}]},{\"@type\":\"WebPage\",\"@id\":\"https:\\\/\\\/www.laguiadepamplona.com\\\/actualidad\\\/gerencia-de-urbanismo-conocera-la-aprobacion-inicial-de-la-modificacion-del-plan-parcial-buztintxuri-euntzetxiki-que-posibilitara-construir-un-polideportivo-junto-al-centro-escolar\\\/\",\"url\":\"https:\\\/\\\/www.laguiadepamplona.com\\\/actualidad\\\/gerencia-de-urbanismo-conocera-la-aprobacion-inicial-de-la-modificacion-del-plan-parcial-buztintxuri-euntzetxiki-que-posibilitara-construir-un-polideportivo-junto-al-centro-escolar\\\/\",\"name\":\"Gerencia de Urbanismo conocer\u00e1 la aprobaci\u00f3n inicial de la modificaci\u00f3n del Plan Parcial Buztintxuri-Euntzetxiki que posibilitar\u00e1 construir un polideportivo junto al centro escolar\",\"isPartOf\":{\"@id\":\"https:\\\/\\\/www.laguiadepamplona.com\\\/actualidad\\\/#website\"},\"primaryImageOfPage\":{\"@id\":\"https:\\\/\\\/www.laguiadepamplona.com\\\/actualidad\\\/gerencia-de-urbanismo-conocera-la-aprobacion-inicial-de-la-modificacion-del-plan-parcial-buztintxuri-euntzetxiki-que-posibilitara-construir-un-polideportivo-junto-al-centro-escolar\\\/#primaryimage\"},\"image\":{\"@id\":\"https:\\\/\\\/www.laguiadepamplona.com\\\/actualidad\\\/gerencia-de-urbanismo-conocera-la-aprobacion-inicial-de-la-modificacion-del-plan-parcial-buztintxuri-euntzetxiki-que-posibilitara-construir-un-polideportivo-junto-al-centro-escolar\\\/#primaryimage\"},\"thumbnailUrl\":\"https:\\\/\\\/www.laguiadepamplona.com\\\/actualidad\\\/wp-content\\\/uploads\\\/2021\\\/02\\\/ayuntamiento-pamplona.jpg\",\"datePublished\":\"2021-05-10T13:51:58+00:00\",\"dateModified\":\"2023-04-11T09:49:34+00:00\",\"description\":\"La parcela tiene actualmente un uso de equipamiento p\u00fablico docente-cultural y con el cambio se le incorporar\u00eda el deportivo\",\"breadcrumb\":{\"@id\":\"https:\\\/\\\/www.laguiadepamplona.com\\\/actualidad\\\/gerencia-de-urbanismo-conocera-la-aprobacion-inicial-de-la-modificacion-del-plan-parcial-buztintxuri-euntzetxiki-que-posibilitara-construir-un-polideportivo-junto-al-centro-escolar\\\/#breadcrumb\"},\"inLanguage\":\"es\",\"potentialAction\":[{\"@type\":\"ReadAction\",\"target\":[\"https:\\\/\\\/www.laguiadepamplona.com\\\/actualidad\\\/gerencia-de-urbanismo-conocera-la-aprobacion-inicial-de-la-modificacion-del-plan-parcial-buztintxuri-euntzetxiki-que-posibilitara-construir-un-polideportivo-junto-al-centro-escolar\\\/\"]}]},{\"@type\":\"ImageObject\",\"inLanguage\":\"es\",\"@id\":\"https:\\\/\\\/www.laguiadepamplona.com\\\/actualidad\\\/gerencia-de-urbanismo-conocera-la-aprobacion-inicial-de-la-modificacion-del-plan-parcial-buztintxuri-euntzetxiki-que-posibilitara-construir-un-polideportivo-junto-al-centro-escolar\\\/#primaryimage\",\"url\":\"https:\\\/\\\/www.laguiadepamplona.com\\\/actualidad\\\/wp-content\\\/uploads\\\/2021\\\/02\\\/ayuntamiento-pamplona.jpg\",\"contentUrl\":\"https:\\\/\\\/www.laguiadepamplona.com\\\/actualidad\\\/wp-content\\\/uploads\\\/2021\\\/02\\\/ayuntamiento-pamplona.jpg\",\"width\":1920,\"height\":1080},{\"@type\":\"BreadcrumbList\",\"@id\":\"https:\\\/\\\/www.laguiadepamplona.com\\\/actualidad\\\/gerencia-de-urbanismo-conocera-la-aprobacion-inicial-de-la-modificacion-del-plan-parcial-buztintxuri-euntzetxiki-que-posibilitara-construir-un-polideportivo-junto-al-centro-escolar\\\/#breadcrumb\",\"itemListElement\":[{\"@type\":\"ListItem\",\"position\":1,\"name\":\"Portada\",\"item\":\"https:\\\/\\\/www.laguiadepamplona.com\\\/actualidad\\\/\"},{\"@type\":\"ListItem\",\"position\":2,\"name\":\"Gerencia de Urbanismo conocer\u00e1 la aprobaci\u00f3n inicial de la modificaci\u00f3n del Plan Parcial Buztintxuri-Euntzetxiki que posibilitar\u00e1 construir un polideportivo junto al centro escolar\"}]},{\"@type\":\"WebSite\",\"@id\":\"https:\\\/\\\/www.laguiadepamplona.com\\\/actualidad\\\/#website\",\"url\":\"https:\\\/\\\/www.laguiadepamplona.com\\\/actualidad\\\/\",\"name\":\"La gu\u00eda de Pamplona\",\"description\":\"Noticias de Pamplona\",\"publisher\":{\"@id\":\"https:\\\/\\\/www.laguiadepamplona.com\\\/actualidad\\\/#organization\"},\"potentialAction\":[{\"@type\":\"SearchAction\",\"target\":{\"@type\":\"EntryPoint\",\"urlTemplate\":\"https:\\\/\\\/www.laguiadepamplona.com\\\/actualidad\\\/?s={search_term_string}\"},\"query-input\":{\"@type\":\"PropertyValueSpecification\",\"valueRequired\":true,\"valueName\":\"search_term_string\"}}],\"inLanguage\":\"es\"},{\"@type\":\"Organization\",\"@id\":\"https:\\\/\\\/www.laguiadepamplona.com\\\/actualidad\\\/#organization\",\"name\":\"La Gu\u00eda de Pamplona \\\/ Noticias\",\"url\":\"https:\\\/\\\/www.laguiadepamplona.com\\\/actualidad\\\/\",\"logo\":{\"@type\":\"ImageObject\",\"inLanguage\":\"es\",\"@id\":\"https:\\\/\\\/www.laguiadepamplona.com\\\/actualidad\\\/#\\\/schema\\\/logo\\\/image\\\/\",\"url\":\"https:\\\/\\\/www.laguiadepamplona.com\\\/actualidad\\\/wp-content\\\/uploads\\\/2018\\\/11\\\/logo-laguiadepamplona18-web1.png\",\"contentUrl\":\"https:\\\/\\\/www.laguiadepamplona.com\\\/actualidad\\\/wp-content\\\/uploads\\\/2018\\\/11\\\/logo-laguiadepamplona18-web1.png\",\"width\":600,\"height\":196,\"caption\":\"La Gu\u00eda de Pamplona \\\/ Noticias\"},\"image\":{\"@id\":\"https:\\\/\\\/www.laguiadepamplona.com\\\/actualidad\\\/#\\\/schema\\\/logo\\\/image\\\/\"},\"sameAs\":[\"https:\\\/\\\/www.facebook.com\\\/laguiadepamplonacom-133175176762273\\\/?ref=hl\",\"https:\\\/\\\/x.com\\\/LaGuiadPamplona\",\"https:\\\/\\\/www.instagram.com\\\/la_guia_de_pamplona\\\/\",\"https:\\\/\\\/www.youtube.com\\\/user\\\/laguiadepamplona\"]},{\"@type\":\"Person\",\"@id\":\"https:\\\/\\\/www.laguiadepamplona.com\\\/actualidad\\\/#\\\/schema\\\/person\\\/efe887376f0213d4657c93adc50b1fdb\",\"name\":\"La Gu\u00eda de Pamplona\",\"image\":{\"@type\":\"ImageObject\",\"inLanguage\":\"es\",\"@id\":\"https:\\\/\\\/secure.gravatar.com\\\/avatar\\\/b6992f131dc8d30ab0dff15446e9d346d9dbd95992de0fef795073f5ea83a81c?s=96&d=mm&r=g\",\"url\":\"https:\\\/\\\/secure.gravatar.com\\\/avatar\\\/b6992f131dc8d30ab0dff15446e9d346d9dbd95992de0fef795073f5ea83a81c?s=96&d=mm&r=g\",\"contentUrl\":\"https:\\\/\\\/secure.gravatar.com\\\/avatar\\\/b6992f131dc8d30ab0dff15446e9d346d9dbd95992de0fef795073f5ea83a81c?s=96&d=mm&r=g\",\"caption\":\"La Gu\u00eda de Pamplona\"}}]}<\/script>\n<!-- \/ Yoast SEO plugin. -->","yoast_head_json":{"title":"Gerencia de Urbanismo conocer\u00e1 la aprobaci\u00f3n inicial de la modificaci\u00f3n del Plan Parcial Buztintxuri-Euntzetxiki que posibilitar\u00e1 construir un polideportivo junto al centro escolar","description":"La parcela tiene actualmente un uso de equipamiento p\u00fablico docente-cultural y con el cambio se le incorporar\u00eda el deportivo","robots":{"index":"index","follow":"follow","max-snippet":"max-snippet:-1","max-image-preview":"max-image-preview:large","max-video-preview":"max-video-preview:-1"},"canonical":"https:\/\/www.laguiadepamplona.com\/actualidad\/gerencia-de-urbanismo-conocera-la-aprobacion-inicial-de-la-modificacion-del-plan-parcial-buztintxuri-euntzetxiki-que-posibilitara-construir-un-polideportivo-junto-al-centro-escolar\/","og_locale":"es_ES","og_type":"article","og_title":"Gerencia de Urbanismo conocer\u00e1 la aprobaci\u00f3n inicial de la modificaci\u00f3n del Plan Parcial Buztintxuri-Euntzetxiki que posibilitar\u00e1 construir un polideportivo junto al centro escolar","og_description":"La parcela tiene actualmente un uso de equipamiento p\u00fablico docente-cultural y con el cambio se le incorporar\u00eda el deportivo","og_url":"https:\/\/www.laguiadepamplona.com\/actualidad\/gerencia-de-urbanismo-conocera-la-aprobacion-inicial-de-la-modificacion-del-plan-parcial-buztintxuri-euntzetxiki-que-posibilitara-construir-un-polideportivo-junto-al-centro-escolar\/","og_site_name":"La Gu\u00eda de Pamplona","article_publisher":"https:\/\/www.facebook.com\/laguiadepamplonacom-133175176762273\/?ref=hl","article_published_time":"2021-05-10T13:51:58+00:00","article_modified_time":"2023-04-11T09:49:34+00:00","og_image":[{"width":1920,"height":1080,"url":"https:\/\/www.laguiadepamplona.com\/actualidad\/wp-content\/uploads\/2021\/02\/ayuntamiento-pamplona.jpg","type":"image\/jpeg"}],"author":"La Gu\u00eda de Pamplona","twitter_card":"summary_large_image","twitter_creator":"@LaGuiadPamplona","twitter_site":"@LaGuiadPamplona","twitter_misc":{"Escrito por":"La Gu\u00eda de Pamplona","Tiempo de lectura":"2 minutos"},"schema":{"@context":"https:\/\/schema.org","@graph":[{"@type":"Article","@id":"https:\/\/www.laguiadepamplona.com\/actualidad\/gerencia-de-urbanismo-conocera-la-aprobacion-inicial-de-la-modificacion-del-plan-parcial-buztintxuri-euntzetxiki-que-posibilitara-construir-un-polideportivo-junto-al-centro-escolar\/#article","isPartOf":{"@id":"https:\/\/www.laguiadepamplona.com\/actualidad\/gerencia-de-urbanismo-conocera-la-aprobacion-inicial-de-la-modificacion-del-plan-parcial-buztintxuri-euntzetxiki-que-posibilitara-construir-un-polideportivo-junto-al-centro-escolar\/"},"author":{"name":"La Gu\u00eda de Pamplona","@id":"https:\/\/www.laguiadepamplona.com\/actualidad\/#\/schema\/person\/efe887376f0213d4657c93adc50b1fdb"},"headline":"Gerencia de Urbanismo conocer\u00e1 la aprobaci\u00f3n inicial de la modificaci\u00f3n del Plan Parcial Buztintxuri-Euntzetxiki que posibilitar\u00e1 construir un polideportivo junto al centro escolar","datePublished":"2021-05-10T13:51:58+00:00","dateModified":"2023-04-11T09:49:34+00:00","mainEntityOfPage":{"@id":"https:\/\/www.laguiadepamplona.com\/actualidad\/gerencia-de-urbanismo-conocera-la-aprobacion-inicial-de-la-modificacion-del-plan-parcial-buztintxuri-euntzetxiki-que-posibilitara-construir-un-polideportivo-junto-al-centro-escolar\/"},"wordCount":397,"commentCount":0,"publisher":{"@id":"https:\/\/www.laguiadepamplona.com\/actualidad\/#organization"},"image":{"@id":"https:\/\/www.laguiadepamplona.com\/actualidad\/gerencia-de-urbanismo-conocera-la-aprobacion-inicial-de-la-modificacion-del-plan-parcial-buztintxuri-euntzetxiki-que-posibilitara-construir-un-polideportivo-junto-al-centro-escolar\/#primaryimage"},"thumbnailUrl":"https:\/\/www.laguiadepamplona.com\/actualidad\/wp-content\/uploads\/2021\/02\/ayuntamiento-pamplona.jpg","articleSection":["Ayto Pamplona"],"inLanguage":"es","potentialAction":[{"@type":"CommentAction","name":"Comment","target":["https:\/\/www.laguiadepamplona.com\/actualidad\/gerencia-de-urbanismo-conocera-la-aprobacion-inicial-de-la-modificacion-del-plan-parcial-buztintxuri-euntzetxiki-que-posibilitara-construir-un-polideportivo-junto-al-centro-escolar\/#respond"]}]},{"@type":"WebPage","@id":"https:\/\/www.laguiadepamplona.com\/actualidad\/gerencia-de-urbanismo-conocera-la-aprobacion-inicial-de-la-modificacion-del-plan-parcial-buztintxuri-euntzetxiki-que-posibilitara-construir-un-polideportivo-junto-al-centro-escolar\/","url":"https:\/\/www.laguiadepamplona.com\/actualidad\/gerencia-de-urbanismo-conocera-la-aprobacion-inicial-de-la-modificacion-del-plan-parcial-buztintxuri-euntzetxiki-que-posibilitara-construir-un-polideportivo-junto-al-centro-escolar\/","name":"Gerencia de Urbanismo conocer\u00e1 la aprobaci\u00f3n inicial de la modificaci\u00f3n del Plan Parcial Buztintxuri-Euntzetxiki que posibilitar\u00e1 construir un polideportivo junto al centro escolar","isPartOf":{"@id":"https:\/\/www.laguiadepamplona.com\/actualidad\/#website"},"primaryImageOfPage":{"@id":"https:\/\/www.laguiadepamplona.com\/actualidad\/gerencia-de-urbanismo-conocera-la-aprobacion-inicial-de-la-modificacion-del-plan-parcial-buztintxuri-euntzetxiki-que-posibilitara-construir-un-polideportivo-junto-al-centro-escolar\/#primaryimage"},"image":{"@id":"https:\/\/www.laguiadepamplona.com\/actualidad\/gerencia-de-urbanismo-conocera-la-aprobacion-inicial-de-la-modificacion-del-plan-parcial-buztintxuri-euntzetxiki-que-posibilitara-construir-un-polideportivo-junto-al-centro-escolar\/#primaryimage"},"thumbnailUrl":"https:\/\/www.laguiadepamplona.com\/actualidad\/wp-content\/uploads\/2021\/02\/ayuntamiento-pamplona.jpg","datePublished":"2021-05-10T13:51:58+00:00","dateModified":"2023-04-11T09:49:34+00:00","description":"La parcela tiene actualmente un uso de equipamiento p\u00fablico docente-cultural y con el cambio se le incorporar\u00eda el deportivo","breadcrumb":{"@id":"https:\/\/www.laguiadepamplona.com\/actualidad\/gerencia-de-urbanismo-conocera-la-aprobacion-inicial-de-la-modificacion-del-plan-parcial-buztintxuri-euntzetxiki-que-posibilitara-construir-un-polideportivo-junto-al-centro-escolar\/#breadcrumb"},"inLanguage":"es","potentialAction":[{"@type":"ReadAction","target":["https:\/\/www.laguiadepamplona.com\/actualidad\/gerencia-de-urbanismo-conocera-la-aprobacion-inicial-de-la-modificacion-del-plan-parcial-buztintxuri-euntzetxiki-que-posibilitara-construir-un-polideportivo-junto-al-centro-escolar\/"]}]},{"@type":"ImageObject","inLanguage":"es","@id":"https:\/\/www.laguiadepamplona.com\/actualidad\/gerencia-de-urbanismo-conocera-la-aprobacion-inicial-de-la-modificacion-del-plan-parcial-buztintxuri-euntzetxiki-que-posibilitara-construir-un-polideportivo-junto-al-centro-escolar\/#primaryimage","url":"https:\/\/www.laguiadepamplona.com\/actualidad\/wp-content\/uploads\/2021\/02\/ayuntamiento-pamplona.jpg","contentUrl":"https:\/\/www.laguiadepamplona.com\/actualidad\/wp-content\/uploads\/2021\/02\/ayuntamiento-pamplona.jpg","width":1920,"height":1080},{"@type":"BreadcrumbList","@id":"https:\/\/www.laguiadepamplona.com\/actualidad\/gerencia-de-urbanismo-conocera-la-aprobacion-inicial-de-la-modificacion-del-plan-parcial-buztintxuri-euntzetxiki-que-posibilitara-construir-un-polideportivo-junto-al-centro-escolar\/#breadcrumb","itemListElement":[{"@type":"ListItem","position":1,"name":"Portada","item":"https:\/\/www.laguiadepamplona.com\/actualidad\/"},{"@type":"ListItem","position":2,"name":"Gerencia de Urbanismo conocer\u00e1 la aprobaci\u00f3n inicial de la modificaci\u00f3n del Plan Parcial Buztintxuri-Euntzetxiki que posibilitar\u00e1 construir un polideportivo junto al centro escolar"}]},{"@type":"WebSite","@id":"https:\/\/www.laguiadepamplona.com\/actualidad\/#website","url":"https:\/\/www.laguiadepamplona.com\/actualidad\/","name":"La gu\u00eda de Pamplona","description":"Noticias de Pamplona","publisher":{"@id":"https:\/\/www.laguiadepamplona.com\/actualidad\/#organization"},"potentialAction":[{"@type":"SearchAction","target":{"@type":"EntryPoint","urlTemplate":"https:\/\/www.laguiadepamplona.com\/actualidad\/?s={search_term_string}"},"query-input":{"@type":"PropertyValueSpecification","valueRequired":true,"valueName":"search_term_string"}}],"inLanguage":"es"},{"@type":"Organization","@id":"https:\/\/www.laguiadepamplona.com\/actualidad\/#organization","name":"La Gu\u00eda de Pamplona \/ Noticias","url":"https:\/\/www.laguiadepamplona.com\/actualidad\/","logo":{"@type":"ImageObject","inLanguage":"es","@id":"https:\/\/www.laguiadepamplona.com\/actualidad\/#\/schema\/logo\/image\/","url":"https:\/\/www.laguiadepamplona.com\/actualidad\/wp-content\/uploads\/2018\/11\/logo-laguiadepamplona18-web1.png","contentUrl":"https:\/\/www.laguiadepamplona.com\/actualidad\/wp-content\/uploads\/2018\/11\/logo-laguiadepamplona18-web1.png","width":600,"height":196,"caption":"La Gu\u00eda de Pamplona \/ Noticias"},"image":{"@id":"https:\/\/www.laguiadepamplona.com\/actualidad\/#\/schema\/logo\/image\/"},"sameAs":["https:\/\/www.facebook.com\/laguiadepamplonacom-133175176762273\/?ref=hl","https:\/\/x.com\/LaGuiadPamplona","https:\/\/www.instagram.com\/la_guia_de_pamplona\/","https:\/\/www.youtube.com\/user\/laguiadepamplona"]},{"@type":"Person","@id":"https:\/\/www.laguiadepamplona.com\/actualidad\/#\/schema\/person\/efe887376f0213d4657c93adc50b1fdb","name":"La Gu\u00eda de Pamplona","image":{"@type":"ImageObject","inLanguage":"es","@id":"https:\/\/secure.gravatar.com\/avatar\/b6992f131dc8d30ab0dff15446e9d346d9dbd95992de0fef795073f5ea83a81c?s=96&d=mm&r=g","url":"https:\/\/secure.gravatar.com\/avatar\/b6992f131dc8d30ab0dff15446e9d346d9dbd95992de0fef795073f5ea83a81c?s=96&d=mm&r=g","contentUrl":"https:\/\/secure.gravatar.com\/avatar\/b6992f131dc8d30ab0dff15446e9d346d9dbd95992de0fef795073f5ea83a81c?s=96&d=mm&r=g","caption":"La Gu\u00eda de Pamplona"}}]}},"post_mailing_queue_ids":[],"_links":{"self":[{"href":"https:\/\/www.laguiadepamplona.com\/actualidad\/wp-json\/wp\/v2\/posts\/34765","targetHints":{"allow":["GET"]}}],"collection":[{"href":"https:\/\/www.laguiadepamplona.com\/actualidad\/wp-json\/wp\/v2\/posts"}],"about":[{"href":"https:\/\/www.laguiadepamplona.com\/actualidad\/wp-json\/wp\/v2\/types\/post"}],"author":[{"embeddable":true,"href":"https:\/\/www.laguiadepamplona.com\/actualidad\/wp-json\/wp\/v2\/users\/1"}],"replies":[{"embeddable":true,"href":"https:\/\/www.laguiadepamplona.com\/actualidad\/wp-json\/wp\/v2\/comments?post=34765"}],"version-history":[{"count":0,"href":"https:\/\/www.laguiadepamplona.com\/actualidad\/wp-json\/wp\/v2\/posts\/34765\/revisions"}],"wp:featuredmedia":[{"embeddable":true,"href":"https:\/\/www.laguiadepamplona.com\/actualidad\/wp-json\/wp\/v2\/media\/33021"}],"wp:attachment":[{"href":"https:\/\/www.laguiadepamplona.com\/actualidad\/wp-json\/wp\/v2\/media?parent=34765"}],"wp:term":[{"taxonomy":"category","embeddable":true,"href":"https:\/\/www.laguiadepamplona.com\/actualidad\/wp-json\/wp\/v2\/categories?post=34765"},{"taxonomy":"post_tag","embeddable":true,"href":"https:\/\/www.laguiadepamplona.com\/actualidad\/wp-json\/wp\/v2\/tags?post=34765"}],"curies":[{"name":"wp","href":"https:\/\/api.w.org\/{rel}","templated":true}]}}