{"id":34763,"date":"2021-05-10T15:50:49","date_gmt":"2021-05-10T13:50:49","guid":{"rendered":"https:\/\/www.laguiadepamplona.com\/actualidad\/?p=34763"},"modified":"2023-04-11T11:49:34","modified_gmt":"2023-04-11T09:49:34","slug":"el-ayuntamiento-muestra-su-reconocimiento-a-las-enfermeras-iluminando-la-fachada-de-la-casa-consistorial-para-conmemorar-el-dia-internacional-de-la-enfermera","status":"publish","type":"post","link":"https:\/\/www.laguiadepamplona.com\/actualidad\/el-ayuntamiento-muestra-su-reconocimiento-a-las-enfermeras-iluminando-la-fachada-de-la-casa-consistorial-para-conmemorar-el-dia-internacional-de-la-enfermera\/","title":{"rendered":"El Ayuntamiento muestra su reconocimiento a las enfermeras iluminando la fachada de la Casa Consistorial para conmemorar el D\u00eda Internacional de la Enfermera"},"content":{"rendered":"<h5>La solicitud para visibilizar ese d\u00eda ha llegado desde el Colegio de Enfermer\u00eda de Navarra que cuenta con 5.724 personas colegiadas<\/h5>\n<p><!--more--><\/p>\n<p>El Ayuntamiento de Pamplona quiere mostrar su reconocimiento al importante papel desarrollado por las enfermeras en esta crisis sanitaria iluminando la fachada de la Casa Consistorial de azul, ma\u00f1ana martes, con motivo del D\u00eda Internacional de la Enfermera que se celebra cada a\u00f1o el 12 de mayo. El Ayuntamiento ha adelantado un d\u00eda la iluminaci\u00f3n ya que para el mi\u00e9rcoles hab\u00eda llegado otra solicitud con anterioridad a la del Colegio de Enfermer\u00eda de Navarra.<\/p>\n<p><script async src=\"\/\/pagead2.googlesyndication.com\/pagead\/js\/adsbygoogle.js\"><\/script><br \/>\n<!-- Noticias La Guia de Pamplona --><br \/>\n<ins class=\"adsbygoogle\"\nstyle=\"display:block\"\ndata-ad-client=\"ca-pub-6943679897239327\"\ndata-ad-slot=\"7048180777\"\ndata-ad-format=\"auto\"><\/ins><br \/>\n<script>\n(adsbygoogle = window.adsbygoogle || []).push({});\n<\/script><\/p>\n<p>La fecha, impulsada por el Consejo Internacional de Enfermeras, coincide con el d\u00eda del nacimiento de Florence Nightingale, considerada como la creadora de la enfermer\u00eda moderna. El tema elegido para 2021 es el de \u201cEnfermer\u00eda: Una voz para liderar \u2013 Una visi\u00f3n de futuro para la atenci\u00f3n de salud\u201d. El objetivo de ese a\u00f1o es mostrar c\u00f3mo la enfermer\u00eda mirar\u00e1 hacia el futuro y c\u00f3mo la profesi\u00f3n transformar\u00e1 la pr\u00f3xima etapa de la atenci\u00f3n m\u00e9dica.<\/p>\n<p>El Colegio de Enfermer\u00eda de Navarra, que cuenta con 5.724 personas colegiadas, se ha unido a la conmemoraci\u00f3n con la jornada anual del Colegio que se celebrar\u00e1 el 13 de mayo bajo el t\u00edtulo \u201cInfluencia pol\u00edtica y perspectiva de g\u00e9nero dos siglos despu\u00e9s de Florence Nightingal\u201d. Este a\u00f1o, la actividad ser\u00e1 online teniendo en cuenta la actual situaci\u00f3n.<\/p>\n<p><script async src=\"\/\/pagead2.googlesyndication.com\/pagead\/js\/adsbygoogle.js\"><\/script><br \/>\n<!-- Noticias La Guia de Pamplona --><br \/>\n<ins class=\"adsbygoogle\"\nstyle=\"display:block\"\ndata-ad-client=\"ca-pub-6943679897239327\"\ndata-ad-slot=\"7048180777\"\ndata-ad-format=\"auto\"><\/ins><br \/>\n<script>\n(adsbygoogle = window.adsbygoogle || []).push({});\n<\/script><\/p>\n<p>El Colegio de Enfermer\u00eda de Navarra, adem\u00e1s de jornadas, tambi\u00e9n ofrece formaci\u00f3n de posgrado a trav\u00e9s de cursos y talleres de actualizaci\u00f3n profesional, asesor\u00eda jur\u00eddica, apoyo a la investigaci\u00f3n, bolsa de empleo, biblioteca, reserva de salas y becas, entre otros servicios.<\/p>\n","protected":false},"excerpt":{"rendered":"<p>La solicitud para visibilizar ese d\u00eda ha llegado desde el Colegio de Enfermer\u00eda de Navarra que cuenta con 5.724 personas colegiadas<\/p>\n","protected":false},"author":1,"featured_media":33821,"comment_status":"open","ping_status":"closed","sticky":false,"template":"","format":"standard","meta":{"footnotes":""},"categories":[2],"tags":[],"class_list":["post-34763","post","type-post","status-publish","format-standard","has-post-thumbnail","hentry","category-ayuntamiento-pamplona"],"yoast_head":"<!-- This site is optimized with the Yoast SEO plugin v27.3 - https:\/\/yoast.com\/product\/yoast-seo-wordpress\/ -->\n<title>El Ayuntamiento muestra su reconocimiento a las enfermeras iluminando la fachada de la Casa Consistorial para conmemorar el D\u00eda Internacional de la Enfermera<\/title>\n<meta name=\"description\" content=\"La solicitud para visibilizar ese d\u00eda ha llegado desde el Colegio de Enfermer\u00eda de Navarra que cuenta con 5.724 personas colegiadas\" \/>\n<meta name=\"robots\" content=\"index, follow, max-snippet:-1, max-image-preview:large, max-video-preview:-1\" \/>\n<link rel=\"canonical\" href=\"https:\/\/www.laguiadepamplona.com\/actualidad\/el-ayuntamiento-muestra-su-reconocimiento-a-las-enfermeras-iluminando-la-fachada-de-la-casa-consistorial-para-conmemorar-el-dia-internacional-de-la-enfermera\/\" \/>\n<meta property=\"og:locale\" content=\"es_ES\" \/>\n<meta property=\"og:type\" content=\"article\" \/>\n<meta property=\"og:title\" content=\"El Ayuntamiento muestra su reconocimiento a las enfermeras iluminando la fachada de la Casa Consistorial para conmemorar el D\u00eda Internacional de la Enfermera\" \/>\n<meta property=\"og:description\" content=\"La solicitud para visibilizar ese d\u00eda ha llegado desde el Colegio de Enfermer\u00eda de Navarra que cuenta con 5.724 personas colegiadas\" \/>\n<meta property=\"og:url\" content=\"https:\/\/www.laguiadepamplona.com\/actualidad\/el-ayuntamiento-muestra-su-reconocimiento-a-las-enfermeras-iluminando-la-fachada-de-la-casa-consistorial-para-conmemorar-el-dia-internacional-de-la-enfermera\/\" \/>\n<meta property=\"og:site_name\" content=\"La Gu\u00eda de Pamplona\" \/>\n<meta property=\"article:publisher\" content=\"https:\/\/www.facebook.com\/laguiadepamplonacom-133175176762273\/?ref=hl\" \/>\n<meta property=\"article:published_time\" content=\"2021-05-10T13:50:49+00:00\" \/>\n<meta property=\"article:modified_time\" content=\"2023-04-11T09:49:34+00:00\" \/>\n<meta property=\"og:image\" content=\"https:\/\/www.laguiadepamplona.com\/actualidad\/wp-content\/uploads\/2021\/03\/aytoazul_JGV8972_1.jpg\" \/>\n\t<meta property=\"og:image:width\" content=\"1920\" \/>\n\t<meta property=\"og:image:height\" content=\"1280\" \/>\n\t<meta property=\"og:image:type\" content=\"image\/jpeg\" \/>\n<meta name=\"author\" content=\"La Gu\u00eda de Pamplona\" \/>\n<meta name=\"twitter:card\" content=\"summary_large_image\" \/>\n<meta name=\"twitter:creator\" content=\"@LaGuiadPamplona\" \/>\n<meta name=\"twitter:site\" content=\"@LaGuiadPamplona\" \/>\n<meta name=\"twitter:label1\" content=\"Escrito por\" \/>\n\t<meta name=\"twitter:data1\" content=\"La Gu\u00eda de Pamplona\" \/>\n\t<meta name=\"twitter:label2\" content=\"Tiempo de lectura\" \/>\n\t<meta name=\"twitter:data2\" content=\"2 minutos\" \/>\n<script type=\"application\/ld+json\" class=\"yoast-schema-graph\">{\"@context\":\"https:\\\/\\\/schema.org\",\"@graph\":[{\"@type\":\"Article\",\"@id\":\"https:\\\/\\\/www.laguiadepamplona.com\\\/actualidad\\\/el-ayuntamiento-muestra-su-reconocimiento-a-las-enfermeras-iluminando-la-fachada-de-la-casa-consistorial-para-conmemorar-el-dia-internacional-de-la-enfermera\\\/#article\",\"isPartOf\":{\"@id\":\"https:\\\/\\\/www.laguiadepamplona.com\\\/actualidad\\\/el-ayuntamiento-muestra-su-reconocimiento-a-las-enfermeras-iluminando-la-fachada-de-la-casa-consistorial-para-conmemorar-el-dia-internacional-de-la-enfermera\\\/\"},\"author\":{\"name\":\"La Gu\u00eda de Pamplona\",\"@id\":\"https:\\\/\\\/www.laguiadepamplona.com\\\/actualidad\\\/#\\\/schema\\\/person\\\/efe887376f0213d4657c93adc50b1fdb\"},\"headline\":\"El Ayuntamiento muestra su reconocimiento a las enfermeras iluminando la fachada de la Casa Consistorial para conmemorar el D\u00eda Internacional de la Enfermera\",\"datePublished\":\"2021-05-10T13:50:49+00:00\",\"dateModified\":\"2023-04-11T09:49:34+00:00\",\"mainEntityOfPage\":{\"@id\":\"https:\\\/\\\/www.laguiadepamplona.com\\\/actualidad\\\/el-ayuntamiento-muestra-su-reconocimiento-a-las-enfermeras-iluminando-la-fachada-de-la-casa-consistorial-para-conmemorar-el-dia-internacional-de-la-enfermera\\\/\"},\"wordCount\":327,\"commentCount\":0,\"publisher\":{\"@id\":\"https:\\\/\\\/www.laguiadepamplona.com\\\/actualidad\\\/#organization\"},\"image\":{\"@id\":\"https:\\\/\\\/www.laguiadepamplona.com\\\/actualidad\\\/el-ayuntamiento-muestra-su-reconocimiento-a-las-enfermeras-iluminando-la-fachada-de-la-casa-consistorial-para-conmemorar-el-dia-internacional-de-la-enfermera\\\/#primaryimage\"},\"thumbnailUrl\":\"https:\\\/\\\/www.laguiadepamplona.com\\\/actualidad\\\/wp-content\\\/uploads\\\/2021\\\/03\\\/aytoazul_JGV8972_1.jpg\",\"articleSection\":[\"Ayto Pamplona\"],\"inLanguage\":\"es\",\"potentialAction\":[{\"@type\":\"CommentAction\",\"name\":\"Comment\",\"target\":[\"https:\\\/\\\/www.laguiadepamplona.com\\\/actualidad\\\/el-ayuntamiento-muestra-su-reconocimiento-a-las-enfermeras-iluminando-la-fachada-de-la-casa-consistorial-para-conmemorar-el-dia-internacional-de-la-enfermera\\\/#respond\"]}]},{\"@type\":\"WebPage\",\"@id\":\"https:\\\/\\\/www.laguiadepamplona.com\\\/actualidad\\\/el-ayuntamiento-muestra-su-reconocimiento-a-las-enfermeras-iluminando-la-fachada-de-la-casa-consistorial-para-conmemorar-el-dia-internacional-de-la-enfermera\\\/\",\"url\":\"https:\\\/\\\/www.laguiadepamplona.com\\\/actualidad\\\/el-ayuntamiento-muestra-su-reconocimiento-a-las-enfermeras-iluminando-la-fachada-de-la-casa-consistorial-para-conmemorar-el-dia-internacional-de-la-enfermera\\\/\",\"name\":\"El Ayuntamiento muestra su reconocimiento a las enfermeras iluminando la fachada de la Casa Consistorial para conmemorar el D\u00eda Internacional de la Enfermera\",\"isPartOf\":{\"@id\":\"https:\\\/\\\/www.laguiadepamplona.com\\\/actualidad\\\/#website\"},\"primaryImageOfPage\":{\"@id\":\"https:\\\/\\\/www.laguiadepamplona.com\\\/actualidad\\\/el-ayuntamiento-muestra-su-reconocimiento-a-las-enfermeras-iluminando-la-fachada-de-la-casa-consistorial-para-conmemorar-el-dia-internacional-de-la-enfermera\\\/#primaryimage\"},\"image\":{\"@id\":\"https:\\\/\\\/www.laguiadepamplona.com\\\/actualidad\\\/el-ayuntamiento-muestra-su-reconocimiento-a-las-enfermeras-iluminando-la-fachada-de-la-casa-consistorial-para-conmemorar-el-dia-internacional-de-la-enfermera\\\/#primaryimage\"},\"thumbnailUrl\":\"https:\\\/\\\/www.laguiadepamplona.com\\\/actualidad\\\/wp-content\\\/uploads\\\/2021\\\/03\\\/aytoazul_JGV8972_1.jpg\",\"datePublished\":\"2021-05-10T13:50:49+00:00\",\"dateModified\":\"2023-04-11T09:49:34+00:00\",\"description\":\"La solicitud para visibilizar ese d\u00eda ha llegado desde el Colegio de Enfermer\u00eda de Navarra que cuenta con 5.724 personas colegiadas\",\"breadcrumb\":{\"@id\":\"https:\\\/\\\/www.laguiadepamplona.com\\\/actualidad\\\/el-ayuntamiento-muestra-su-reconocimiento-a-las-enfermeras-iluminando-la-fachada-de-la-casa-consistorial-para-conmemorar-el-dia-internacional-de-la-enfermera\\\/#breadcrumb\"},\"inLanguage\":\"es\",\"potentialAction\":[{\"@type\":\"ReadAction\",\"target\":[\"https:\\\/\\\/www.laguiadepamplona.com\\\/actualidad\\\/el-ayuntamiento-muestra-su-reconocimiento-a-las-enfermeras-iluminando-la-fachada-de-la-casa-consistorial-para-conmemorar-el-dia-internacional-de-la-enfermera\\\/\"]}]},{\"@type\":\"ImageObject\",\"inLanguage\":\"es\",\"@id\":\"https:\\\/\\\/www.laguiadepamplona.com\\\/actualidad\\\/el-ayuntamiento-muestra-su-reconocimiento-a-las-enfermeras-iluminando-la-fachada-de-la-casa-consistorial-para-conmemorar-el-dia-internacional-de-la-enfermera\\\/#primaryimage\",\"url\":\"https:\\\/\\\/www.laguiadepamplona.com\\\/actualidad\\\/wp-content\\\/uploads\\\/2021\\\/03\\\/aytoazul_JGV8972_1.jpg\",\"contentUrl\":\"https:\\\/\\\/www.laguiadepamplona.com\\\/actualidad\\\/wp-content\\\/uploads\\\/2021\\\/03\\\/aytoazul_JGV8972_1.jpg\",\"width\":1920,\"height\":1280,\"caption\":\"A* Jes\u00fas Garzaron F* 2020_11_12 T* Iluminaci\u00f3n en azul de la fachada del Ayuntamiento con motivo del D\u00eda Mundial contra la Neumon\u00eda L* Ayuntamiento de Pamplona\"},{\"@type\":\"BreadcrumbList\",\"@id\":\"https:\\\/\\\/www.laguiadepamplona.com\\\/actualidad\\\/el-ayuntamiento-muestra-su-reconocimiento-a-las-enfermeras-iluminando-la-fachada-de-la-casa-consistorial-para-conmemorar-el-dia-internacional-de-la-enfermera\\\/#breadcrumb\",\"itemListElement\":[{\"@type\":\"ListItem\",\"position\":1,\"name\":\"Portada\",\"item\":\"https:\\\/\\\/www.laguiadepamplona.com\\\/actualidad\\\/\"},{\"@type\":\"ListItem\",\"position\":2,\"name\":\"El Ayuntamiento muestra su reconocimiento a las enfermeras iluminando la fachada de la Casa Consistorial para conmemorar el D\u00eda Internacional de la Enfermera\"}]},{\"@type\":\"WebSite\",\"@id\":\"https:\\\/\\\/www.laguiadepamplona.com\\\/actualidad\\\/#website\",\"url\":\"https:\\\/\\\/www.laguiadepamplona.com\\\/actualidad\\\/\",\"name\":\"La gu\u00eda de Pamplona\",\"description\":\"Noticias de Pamplona\",\"publisher\":{\"@id\":\"https:\\\/\\\/www.laguiadepamplona.com\\\/actualidad\\\/#organization\"},\"potentialAction\":[{\"@type\":\"SearchAction\",\"target\":{\"@type\":\"EntryPoint\",\"urlTemplate\":\"https:\\\/\\\/www.laguiadepamplona.com\\\/actualidad\\\/?s={search_term_string}\"},\"query-input\":{\"@type\":\"PropertyValueSpecification\",\"valueRequired\":true,\"valueName\":\"search_term_string\"}}],\"inLanguage\":\"es\"},{\"@type\":\"Organization\",\"@id\":\"https:\\\/\\\/www.laguiadepamplona.com\\\/actualidad\\\/#organization\",\"name\":\"La Gu\u00eda de Pamplona \\\/ Noticias\",\"url\":\"https:\\\/\\\/www.laguiadepamplona.com\\\/actualidad\\\/\",\"logo\":{\"@type\":\"ImageObject\",\"inLanguage\":\"es\",\"@id\":\"https:\\\/\\\/www.laguiadepamplona.com\\\/actualidad\\\/#\\\/schema\\\/logo\\\/image\\\/\",\"url\":\"https:\\\/\\\/www.laguiadepamplona.com\\\/actualidad\\\/wp-content\\\/uploads\\\/2018\\\/11\\\/logo-laguiadepamplona18-web1.png\",\"contentUrl\":\"https:\\\/\\\/www.laguiadepamplona.com\\\/actualidad\\\/wp-content\\\/uploads\\\/2018\\\/11\\\/logo-laguiadepamplona18-web1.png\",\"width\":600,\"height\":196,\"caption\":\"La Gu\u00eda de Pamplona \\\/ Noticias\"},\"image\":{\"@id\":\"https:\\\/\\\/www.laguiadepamplona.com\\\/actualidad\\\/#\\\/schema\\\/logo\\\/image\\\/\"},\"sameAs\":[\"https:\\\/\\\/www.facebook.com\\\/laguiadepamplonacom-133175176762273\\\/?ref=hl\",\"https:\\\/\\\/x.com\\\/LaGuiadPamplona\",\"https:\\\/\\\/www.instagram.com\\\/la_guia_de_pamplona\\\/\",\"https:\\\/\\\/www.youtube.com\\\/user\\\/laguiadepamplona\"]},{\"@type\":\"Person\",\"@id\":\"https:\\\/\\\/www.laguiadepamplona.com\\\/actualidad\\\/#\\\/schema\\\/person\\\/efe887376f0213d4657c93adc50b1fdb\",\"name\":\"La Gu\u00eda de Pamplona\",\"image\":{\"@type\":\"ImageObject\",\"inLanguage\":\"es\",\"@id\":\"https:\\\/\\\/secure.gravatar.com\\\/avatar\\\/b6992f131dc8d30ab0dff15446e9d346d9dbd95992de0fef795073f5ea83a81c?s=96&d=mm&r=g\",\"url\":\"https:\\\/\\\/secure.gravatar.com\\\/avatar\\\/b6992f131dc8d30ab0dff15446e9d346d9dbd95992de0fef795073f5ea83a81c?s=96&d=mm&r=g\",\"contentUrl\":\"https:\\\/\\\/secure.gravatar.com\\\/avatar\\\/b6992f131dc8d30ab0dff15446e9d346d9dbd95992de0fef795073f5ea83a81c?s=96&d=mm&r=g\",\"caption\":\"La Gu\u00eda de Pamplona\"}}]}<\/script>\n<!-- \/ Yoast SEO plugin. -->","yoast_head_json":{"title":"El Ayuntamiento muestra su reconocimiento a las enfermeras iluminando la fachada de la Casa Consistorial para conmemorar el D\u00eda Internacional de la Enfermera","description":"La solicitud para visibilizar ese d\u00eda ha llegado desde el Colegio de Enfermer\u00eda de Navarra que cuenta con 5.724 personas colegiadas","robots":{"index":"index","follow":"follow","max-snippet":"max-snippet:-1","max-image-preview":"max-image-preview:large","max-video-preview":"max-video-preview:-1"},"canonical":"https:\/\/www.laguiadepamplona.com\/actualidad\/el-ayuntamiento-muestra-su-reconocimiento-a-las-enfermeras-iluminando-la-fachada-de-la-casa-consistorial-para-conmemorar-el-dia-internacional-de-la-enfermera\/","og_locale":"es_ES","og_type":"article","og_title":"El Ayuntamiento muestra su reconocimiento a las enfermeras iluminando la fachada de la Casa Consistorial para conmemorar el D\u00eda Internacional de la Enfermera","og_description":"La solicitud para visibilizar ese d\u00eda ha llegado desde el Colegio de Enfermer\u00eda de Navarra que cuenta con 5.724 personas colegiadas","og_url":"https:\/\/www.laguiadepamplona.com\/actualidad\/el-ayuntamiento-muestra-su-reconocimiento-a-las-enfermeras-iluminando-la-fachada-de-la-casa-consistorial-para-conmemorar-el-dia-internacional-de-la-enfermera\/","og_site_name":"La Gu\u00eda de Pamplona","article_publisher":"https:\/\/www.facebook.com\/laguiadepamplonacom-133175176762273\/?ref=hl","article_published_time":"2021-05-10T13:50:49+00:00","article_modified_time":"2023-04-11T09:49:34+00:00","og_image":[{"width":1920,"height":1280,"url":"https:\/\/www.laguiadepamplona.com\/actualidad\/wp-content\/uploads\/2021\/03\/aytoazul_JGV8972_1.jpg","type":"image\/jpeg"}],"author":"La Gu\u00eda de Pamplona","twitter_card":"summary_large_image","twitter_creator":"@LaGuiadPamplona","twitter_site":"@LaGuiadPamplona","twitter_misc":{"Escrito por":"La Gu\u00eda de Pamplona","Tiempo de lectura":"2 minutos"},"schema":{"@context":"https:\/\/schema.org","@graph":[{"@type":"Article","@id":"https:\/\/www.laguiadepamplona.com\/actualidad\/el-ayuntamiento-muestra-su-reconocimiento-a-las-enfermeras-iluminando-la-fachada-de-la-casa-consistorial-para-conmemorar-el-dia-internacional-de-la-enfermera\/#article","isPartOf":{"@id":"https:\/\/www.laguiadepamplona.com\/actualidad\/el-ayuntamiento-muestra-su-reconocimiento-a-las-enfermeras-iluminando-la-fachada-de-la-casa-consistorial-para-conmemorar-el-dia-internacional-de-la-enfermera\/"},"author":{"name":"La Gu\u00eda de Pamplona","@id":"https:\/\/www.laguiadepamplona.com\/actualidad\/#\/schema\/person\/efe887376f0213d4657c93adc50b1fdb"},"headline":"El Ayuntamiento muestra su reconocimiento a las enfermeras iluminando la fachada de la Casa Consistorial para conmemorar el D\u00eda Internacional de la Enfermera","datePublished":"2021-05-10T13:50:49+00:00","dateModified":"2023-04-11T09:49:34+00:00","mainEntityOfPage":{"@id":"https:\/\/www.laguiadepamplona.com\/actualidad\/el-ayuntamiento-muestra-su-reconocimiento-a-las-enfermeras-iluminando-la-fachada-de-la-casa-consistorial-para-conmemorar-el-dia-internacional-de-la-enfermera\/"},"wordCount":327,"commentCount":0,"publisher":{"@id":"https:\/\/www.laguiadepamplona.com\/actualidad\/#organization"},"image":{"@id":"https:\/\/www.laguiadepamplona.com\/actualidad\/el-ayuntamiento-muestra-su-reconocimiento-a-las-enfermeras-iluminando-la-fachada-de-la-casa-consistorial-para-conmemorar-el-dia-internacional-de-la-enfermera\/#primaryimage"},"thumbnailUrl":"https:\/\/www.laguiadepamplona.com\/actualidad\/wp-content\/uploads\/2021\/03\/aytoazul_JGV8972_1.jpg","articleSection":["Ayto Pamplona"],"inLanguage":"es","potentialAction":[{"@type":"CommentAction","name":"Comment","target":["https:\/\/www.laguiadepamplona.com\/actualidad\/el-ayuntamiento-muestra-su-reconocimiento-a-las-enfermeras-iluminando-la-fachada-de-la-casa-consistorial-para-conmemorar-el-dia-internacional-de-la-enfermera\/#respond"]}]},{"@type":"WebPage","@id":"https:\/\/www.laguiadepamplona.com\/actualidad\/el-ayuntamiento-muestra-su-reconocimiento-a-las-enfermeras-iluminando-la-fachada-de-la-casa-consistorial-para-conmemorar-el-dia-internacional-de-la-enfermera\/","url":"https:\/\/www.laguiadepamplona.com\/actualidad\/el-ayuntamiento-muestra-su-reconocimiento-a-las-enfermeras-iluminando-la-fachada-de-la-casa-consistorial-para-conmemorar-el-dia-internacional-de-la-enfermera\/","name":"El Ayuntamiento muestra su reconocimiento a las enfermeras iluminando la fachada de la Casa Consistorial para conmemorar el D\u00eda Internacional de la Enfermera","isPartOf":{"@id":"https:\/\/www.laguiadepamplona.com\/actualidad\/#website"},"primaryImageOfPage":{"@id":"https:\/\/www.laguiadepamplona.com\/actualidad\/el-ayuntamiento-muestra-su-reconocimiento-a-las-enfermeras-iluminando-la-fachada-de-la-casa-consistorial-para-conmemorar-el-dia-internacional-de-la-enfermera\/#primaryimage"},"image":{"@id":"https:\/\/www.laguiadepamplona.com\/actualidad\/el-ayuntamiento-muestra-su-reconocimiento-a-las-enfermeras-iluminando-la-fachada-de-la-casa-consistorial-para-conmemorar-el-dia-internacional-de-la-enfermera\/#primaryimage"},"thumbnailUrl":"https:\/\/www.laguiadepamplona.com\/actualidad\/wp-content\/uploads\/2021\/03\/aytoazul_JGV8972_1.jpg","datePublished":"2021-05-10T13:50:49+00:00","dateModified":"2023-04-11T09:49:34+00:00","description":"La solicitud para visibilizar ese d\u00eda ha llegado desde el Colegio de Enfermer\u00eda de Navarra que cuenta con 5.724 personas colegiadas","breadcrumb":{"@id":"https:\/\/www.laguiadepamplona.com\/actualidad\/el-ayuntamiento-muestra-su-reconocimiento-a-las-enfermeras-iluminando-la-fachada-de-la-casa-consistorial-para-conmemorar-el-dia-internacional-de-la-enfermera\/#breadcrumb"},"inLanguage":"es","potentialAction":[{"@type":"ReadAction","target":["https:\/\/www.laguiadepamplona.com\/actualidad\/el-ayuntamiento-muestra-su-reconocimiento-a-las-enfermeras-iluminando-la-fachada-de-la-casa-consistorial-para-conmemorar-el-dia-internacional-de-la-enfermera\/"]}]},{"@type":"ImageObject","inLanguage":"es","@id":"https:\/\/www.laguiadepamplona.com\/actualidad\/el-ayuntamiento-muestra-su-reconocimiento-a-las-enfermeras-iluminando-la-fachada-de-la-casa-consistorial-para-conmemorar-el-dia-internacional-de-la-enfermera\/#primaryimage","url":"https:\/\/www.laguiadepamplona.com\/actualidad\/wp-content\/uploads\/2021\/03\/aytoazul_JGV8972_1.jpg","contentUrl":"https:\/\/www.laguiadepamplona.com\/actualidad\/wp-content\/uploads\/2021\/03\/aytoazul_JGV8972_1.jpg","width":1920,"height":1280,"caption":"A* Jes\u00fas Garzaron F* 2020_11_12 T* Iluminaci\u00f3n en azul de la fachada del Ayuntamiento con motivo del D\u00eda Mundial contra la Neumon\u00eda L* Ayuntamiento de Pamplona"},{"@type":"BreadcrumbList","@id":"https:\/\/www.laguiadepamplona.com\/actualidad\/el-ayuntamiento-muestra-su-reconocimiento-a-las-enfermeras-iluminando-la-fachada-de-la-casa-consistorial-para-conmemorar-el-dia-internacional-de-la-enfermera\/#breadcrumb","itemListElement":[{"@type":"ListItem","position":1,"name":"Portada","item":"https:\/\/www.laguiadepamplona.com\/actualidad\/"},{"@type":"ListItem","position":2,"name":"El Ayuntamiento muestra su reconocimiento a las enfermeras iluminando la fachada de la Casa Consistorial para conmemorar el D\u00eda Internacional de la Enfermera"}]},{"@type":"WebSite","@id":"https:\/\/www.laguiadepamplona.com\/actualidad\/#website","url":"https:\/\/www.laguiadepamplona.com\/actualidad\/","name":"La gu\u00eda de Pamplona","description":"Noticias de Pamplona","publisher":{"@id":"https:\/\/www.laguiadepamplona.com\/actualidad\/#organization"},"potentialAction":[{"@type":"SearchAction","target":{"@type":"EntryPoint","urlTemplate":"https:\/\/www.laguiadepamplona.com\/actualidad\/?s={search_term_string}"},"query-input":{"@type":"PropertyValueSpecification","valueRequired":true,"valueName":"search_term_string"}}],"inLanguage":"es"},{"@type":"Organization","@id":"https:\/\/www.laguiadepamplona.com\/actualidad\/#organization","name":"La Gu\u00eda de Pamplona \/ Noticias","url":"https:\/\/www.laguiadepamplona.com\/actualidad\/","logo":{"@type":"ImageObject","inLanguage":"es","@id":"https:\/\/www.laguiadepamplona.com\/actualidad\/#\/schema\/logo\/image\/","url":"https:\/\/www.laguiadepamplona.com\/actualidad\/wp-content\/uploads\/2018\/11\/logo-laguiadepamplona18-web1.png","contentUrl":"https:\/\/www.laguiadepamplona.com\/actualidad\/wp-content\/uploads\/2018\/11\/logo-laguiadepamplona18-web1.png","width":600,"height":196,"caption":"La Gu\u00eda de Pamplona \/ Noticias"},"image":{"@id":"https:\/\/www.laguiadepamplona.com\/actualidad\/#\/schema\/logo\/image\/"},"sameAs":["https:\/\/www.facebook.com\/laguiadepamplonacom-133175176762273\/?ref=hl","https:\/\/x.com\/LaGuiadPamplona","https:\/\/www.instagram.com\/la_guia_de_pamplona\/","https:\/\/www.youtube.com\/user\/laguiadepamplona"]},{"@type":"Person","@id":"https:\/\/www.laguiadepamplona.com\/actualidad\/#\/schema\/person\/efe887376f0213d4657c93adc50b1fdb","name":"La Gu\u00eda de Pamplona","image":{"@type":"ImageObject","inLanguage":"es","@id":"https:\/\/secure.gravatar.com\/avatar\/b6992f131dc8d30ab0dff15446e9d346d9dbd95992de0fef795073f5ea83a81c?s=96&d=mm&r=g","url":"https:\/\/secure.gravatar.com\/avatar\/b6992f131dc8d30ab0dff15446e9d346d9dbd95992de0fef795073f5ea83a81c?s=96&d=mm&r=g","contentUrl":"https:\/\/secure.gravatar.com\/avatar\/b6992f131dc8d30ab0dff15446e9d346d9dbd95992de0fef795073f5ea83a81c?s=96&d=mm&r=g","caption":"La Gu\u00eda de Pamplona"}}]}},"post_mailing_queue_ids":[],"_links":{"self":[{"href":"https:\/\/www.laguiadepamplona.com\/actualidad\/wp-json\/wp\/v2\/posts\/34763","targetHints":{"allow":["GET"]}}],"collection":[{"href":"https:\/\/www.laguiadepamplona.com\/actualidad\/wp-json\/wp\/v2\/posts"}],"about":[{"href":"https:\/\/www.laguiadepamplona.com\/actualidad\/wp-json\/wp\/v2\/types\/post"}],"author":[{"embeddable":true,"href":"https:\/\/www.laguiadepamplona.com\/actualidad\/wp-json\/wp\/v2\/users\/1"}],"replies":[{"embeddable":true,"href":"https:\/\/www.laguiadepamplona.com\/actualidad\/wp-json\/wp\/v2\/comments?post=34763"}],"version-history":[{"count":0,"href":"https:\/\/www.laguiadepamplona.com\/actualidad\/wp-json\/wp\/v2\/posts\/34763\/revisions"}],"wp:featuredmedia":[{"embeddable":true,"href":"https:\/\/www.laguiadepamplona.com\/actualidad\/wp-json\/wp\/v2\/media\/33821"}],"wp:attachment":[{"href":"https:\/\/www.laguiadepamplona.com\/actualidad\/wp-json\/wp\/v2\/media?parent=34763"}],"wp:term":[{"taxonomy":"category","embeddable":true,"href":"https:\/\/www.laguiadepamplona.com\/actualidad\/wp-json\/wp\/v2\/categories?post=34763"},{"taxonomy":"post_tag","embeddable":true,"href":"https:\/\/www.laguiadepamplona.com\/actualidad\/wp-json\/wp\/v2\/tags?post=34763"}],"curies":[{"name":"wp","href":"https:\/\/api.w.org\/{rel}","templated":true}]}}