{"id":34754,"date":"2021-05-10T12:53:43","date_gmt":"2021-05-10T10:53:43","guid":{"rendered":"https:\/\/www.laguiadepamplona.com\/actualidad\/?p=34754"},"modified":"2023-04-11T11:49:34","modified_gmt":"2023-04-11T09:49:34","slug":"el-ayuntamiento-de-pamplona-recibe-a-representantes-de-la-escuela-oficial-de-idiomas-de-pamplona-eoip-iheo","status":"publish","type":"post","link":"https:\/\/www.laguiadepamplona.com\/actualidad\/el-ayuntamiento-de-pamplona-recibe-a-representantes-de-la-escuela-oficial-de-idiomas-de-pamplona-eoip-iheo\/","title":{"rendered":"El Ayuntamiento de Pamplona recibe a representantes de la Escuela Oficial de Idiomas de Pamplona (EOIP-IHEO)"},"content":{"rendered":"<h5>El Consistorio quiere reconocer en este acto y con ocasi\u00f3n al D\u00eda de Europa, su trabajo en torno a la diversidad ling\u00fc\u00edstica y cultural<\/h5>\n<p><!--more--><\/p>\n<p>El Ayuntamiento de Pamplona, encabezado por su alcalde Enrique Maya, ha recibido esta ma\u00f1ana a una representaci\u00f3n de la Escuela Oficial de Idiomas de Pamplona (EOIP-IHEO) compuesta por su directora, Maite Casero, su vicediretor, Carlos Rem\u00f3n, y el jefe de estudios de la escuela, Imanol Aramburu.<\/p>\n<p><script async src=\"\/\/pagead2.googlesyndication.com\/pagead\/js\/adsbygoogle.js\"><\/script><br \/>\n<!-- Noticias La Guia de Pamplona --><br \/>\n<ins class=\"adsbygoogle\"\nstyle=\"display:block\"\ndata-ad-client=\"ca-pub-6943679897239327\"\ndata-ad-slot=\"7048180777\"\ndata-ad-format=\"auto\"><\/ins><br \/>\n<script>\n(adsbygoogle = window.adsbygoogle || []).push({});\n<\/script><\/p>\n<p>El domingo 9 de mayo se celebraba el D\u00eda de Europa y, en ocasi\u00f3n a esta fecha, el Consistorio ha querido reconocer por medio de este acto formal la contribuci\u00f3n de la Escuela Oficial de Idiomas de Pamplona a la difusi\u00f3n del aprendizaje de las lenguas. El Consistorio tambi\u00e9n ha agradecido a sus representantes el fomento de las actividades educativas, culturales y de ocio que realiza la escuela, siempre vinculadas al mejor conocimiento de los pueblos europeos a trav\u00e9s del multiling\u00fcismo. Como aprob\u00f3 el pasado 4 de mayo la Comisi\u00f3n de Asuntos Ciudadanos, el Ayuntamiento buscar\u00e1 estrechar relaciones con la Escuela Oficial de Idiomas de Pamplona para apoyar y colaborar con su \u201cesencial labor de formaci\u00f3n y divulgaci\u00f3n de la diversidad ling\u00fc\u00edstica y cultural\u201d.<\/p>\n<p>La Escuela Oficial de Idiomas de Pamplona lleva 43 a\u00f1os trabajando por el multiling\u00fcismo y la promoci\u00f3n de actividades de ocio y cultura en la ciudad. Desde el principio de este curso la instituci\u00f3n est\u00e1 ofreciendo clases presenciales, aunque en aulas h\u00edbridas para garantizar el cumplimiento de las previsiones de seguridad sanitaria. La escuela est\u00e1 impartiendo clases en los idiomas oficiales: ingl\u00e9s, franc\u00e9s, alem\u00e1n, italiano y euskera. Sin embargo, en este a\u00f1o de perfiles peculiares, se ha tenido que renunciar a las sesiones de idiomas no oficiales (chino, japon\u00e9s y espa\u00f1ol como lengua extranjera). La calidad de su ense\u00f1anza semipresencial ha quedado acreditada a trav\u00e9s del t\u00edtulo Erasmus+, solo obtenido por otra escuela de idiomas del pa\u00eds.<\/p>\n<p><script async src=\"\/\/pagead2.googlesyndication.com\/pagead\/js\/adsbygoogle.js\"><\/script><br \/>\n<!-- Noticias La Guia de Pamplona --><br \/>\n<ins class=\"adsbygoogle\"\nstyle=\"display:block\"\ndata-ad-client=\"ca-pub-6943679897239327\"\ndata-ad-slot=\"7048180777\"\ndata-ad-format=\"auto\"><\/ins><br \/>\n<script>\n(adsbygoogle = window.adsbygoogle || []).push({});\n<\/script><\/p>\n<p>La EOIP tambi\u00e9n est\u00e1 manteniendo durante este curso, las actividades de promoci\u00f3n cultural, aunque \u00fanicamente para el alumnado matriculado en sus instalaciones de plaza de Compa\u00f1\u00eda, 6 y la difusi\u00f3n de contenidos propios a trav\u00e9s de su revista y su radio online (Raibabel). Asimismo, contin\u00faan en funcionamiento los convenios con GOLEM y Filmoteca para acudir a sesiones de cine en versi\u00f3n original. La de Pamplona tambi\u00e9n desarrolla, con profesores y profesoras de otras escuelas oficiales de idiomas, el proyecto Escuelas Amigas.<\/p>\n<p>En este curso 2020\/2021 que acabar\u00e1 a finales del pr\u00f3ximo mes, la Escuela Oficial de Idiomas de Pamplona cuenta con, aproximadamente, 3.700 personas matriculadas de muy diversos perfiles. En junio se abrir\u00e1 el plazo de matr\u00edcula para el curso que viene, un periodo que se extender\u00e1 hasta el mes de septiembre. Toda la informaci\u00f3n actualizada se puede consultar en su <a href=\"https:\/\/eoip.educacion.navarra.es\/web\/\" target=\"_blank\" rel=\"noopener\">web<\/a>.<\/p>\n","protected":false},"excerpt":{"rendered":"<p>El Consistorio quiere reconocer en este acto y con ocasi\u00f3n al D\u00eda de Europa, su trabajo en torno a la diversidad ling\u00fc\u00edstica y cultural<\/p>\n","protected":false},"author":1,"featured_media":34755,"comment_status":"open","ping_status":"closed","sticky":false,"template":"","format":"standard","meta":{"footnotes":""},"categories":[2],"tags":[],"class_list":["post-34754","post","type-post","status-publish","format-standard","has-post-thumbnail","hentry","category-ayuntamiento-pamplona"],"yoast_head":"<!-- This site is optimized with the Yoast SEO plugin v27.3 - https:\/\/yoast.com\/product\/yoast-seo-wordpress\/ -->\n<title>El Ayuntamiento de Pamplona recibe a representantes de la Escuela Oficial de Idiomas de Pamplona (EOIP-IHEO)<\/title>\n<meta name=\"description\" content=\"El Consistorio quiere reconocer en este acto y con ocasi\u00f3n al D\u00eda de Europa, su trabajo en torno a la diversidad ling\u00fc\u00edstica y cultural\" \/>\n<meta name=\"robots\" content=\"index, follow, max-snippet:-1, max-image-preview:large, max-video-preview:-1\" \/>\n<link rel=\"canonical\" href=\"https:\/\/www.laguiadepamplona.com\/actualidad\/el-ayuntamiento-de-pamplona-recibe-a-representantes-de-la-escuela-oficial-de-idiomas-de-pamplona-eoip-iheo\/\" \/>\n<meta property=\"og:locale\" content=\"es_ES\" \/>\n<meta property=\"og:type\" content=\"article\" \/>\n<meta property=\"og:title\" content=\"El Ayuntamiento de Pamplona recibe a representantes de la Escuela Oficial de Idiomas de Pamplona (EOIP-IHEO)\" \/>\n<meta property=\"og:description\" content=\"El Consistorio quiere reconocer en este acto y con ocasi\u00f3n al D\u00eda de Europa, su trabajo en torno a la diversidad ling\u00fc\u00edstica y cultural\" \/>\n<meta property=\"og:url\" content=\"https:\/\/www.laguiadepamplona.com\/actualidad\/el-ayuntamiento-de-pamplona-recibe-a-representantes-de-la-escuela-oficial-de-idiomas-de-pamplona-eoip-iheo\/\" \/>\n<meta property=\"og:site_name\" content=\"La Gu\u00eda de Pamplona\" \/>\n<meta property=\"article:publisher\" content=\"https:\/\/www.facebook.com\/laguiadepamplonacom-133175176762273\/?ref=hl\" \/>\n<meta property=\"article:published_time\" content=\"2021-05-10T10:53:43+00:00\" \/>\n<meta property=\"article:modified_time\" content=\"2023-04-11T09:49:34+00:00\" \/>\n<meta property=\"og:image\" content=\"https:\/\/www.laguiadepamplona.com\/actualidad\/wp-content\/uploads\/2021\/05\/representantes-escuela-oficial-idiomas.jpg\" \/>\n\t<meta property=\"og:image:width\" content=\"1620\" \/>\n\t<meta property=\"og:image:height\" content=\"1080\" \/>\n\t<meta property=\"og:image:type\" content=\"image\/jpeg\" \/>\n<meta name=\"author\" content=\"La Gu\u00eda de Pamplona\" \/>\n<meta name=\"twitter:card\" content=\"summary_large_image\" \/>\n<meta name=\"twitter:creator\" content=\"@LaGuiadPamplona\" \/>\n<meta name=\"twitter:site\" content=\"@LaGuiadPamplona\" \/>\n<meta name=\"twitter:label1\" content=\"Escrito por\" \/>\n\t<meta name=\"twitter:data1\" content=\"La Gu\u00eda de Pamplona\" \/>\n\t<meta name=\"twitter:label2\" content=\"Tiempo de lectura\" \/>\n\t<meta name=\"twitter:data2\" content=\"2 minutos\" \/>\n<script type=\"application\/ld+json\" class=\"yoast-schema-graph\">{\"@context\":\"https:\\\/\\\/schema.org\",\"@graph\":[{\"@type\":\"Article\",\"@id\":\"https:\\\/\\\/www.laguiadepamplona.com\\\/actualidad\\\/el-ayuntamiento-de-pamplona-recibe-a-representantes-de-la-escuela-oficial-de-idiomas-de-pamplona-eoip-iheo\\\/#article\",\"isPartOf\":{\"@id\":\"https:\\\/\\\/www.laguiadepamplona.com\\\/actualidad\\\/el-ayuntamiento-de-pamplona-recibe-a-representantes-de-la-escuela-oficial-de-idiomas-de-pamplona-eoip-iheo\\\/\"},\"author\":{\"name\":\"La Gu\u00eda de Pamplona\",\"@id\":\"https:\\\/\\\/www.laguiadepamplona.com\\\/actualidad\\\/#\\\/schema\\\/person\\\/efe887376f0213d4657c93adc50b1fdb\"},\"headline\":\"El Ayuntamiento de Pamplona recibe a representantes de la Escuela Oficial de Idiomas de Pamplona (EOIP-IHEO)\",\"datePublished\":\"2021-05-10T10:53:43+00:00\",\"dateModified\":\"2023-04-11T09:49:34+00:00\",\"mainEntityOfPage\":{\"@id\":\"https:\\\/\\\/www.laguiadepamplona.com\\\/actualidad\\\/el-ayuntamiento-de-pamplona-recibe-a-representantes-de-la-escuela-oficial-de-idiomas-de-pamplona-eoip-iheo\\\/\"},\"wordCount\":506,\"commentCount\":0,\"publisher\":{\"@id\":\"https:\\\/\\\/www.laguiadepamplona.com\\\/actualidad\\\/#organization\"},\"image\":{\"@id\":\"https:\\\/\\\/www.laguiadepamplona.com\\\/actualidad\\\/el-ayuntamiento-de-pamplona-recibe-a-representantes-de-la-escuela-oficial-de-idiomas-de-pamplona-eoip-iheo\\\/#primaryimage\"},\"thumbnailUrl\":\"https:\\\/\\\/www.laguiadepamplona.com\\\/actualidad\\\/wp-content\\\/uploads\\\/2021\\\/05\\\/representantes-escuela-oficial-idiomas.jpg\",\"articleSection\":[\"Ayto Pamplona\"],\"inLanguage\":\"es\",\"potentialAction\":[{\"@type\":\"CommentAction\",\"name\":\"Comment\",\"target\":[\"https:\\\/\\\/www.laguiadepamplona.com\\\/actualidad\\\/el-ayuntamiento-de-pamplona-recibe-a-representantes-de-la-escuela-oficial-de-idiomas-de-pamplona-eoip-iheo\\\/#respond\"]}]},{\"@type\":\"WebPage\",\"@id\":\"https:\\\/\\\/www.laguiadepamplona.com\\\/actualidad\\\/el-ayuntamiento-de-pamplona-recibe-a-representantes-de-la-escuela-oficial-de-idiomas-de-pamplona-eoip-iheo\\\/\",\"url\":\"https:\\\/\\\/www.laguiadepamplona.com\\\/actualidad\\\/el-ayuntamiento-de-pamplona-recibe-a-representantes-de-la-escuela-oficial-de-idiomas-de-pamplona-eoip-iheo\\\/\",\"name\":\"El Ayuntamiento de Pamplona recibe a representantes de la Escuela Oficial de Idiomas de Pamplona (EOIP-IHEO)\",\"isPartOf\":{\"@id\":\"https:\\\/\\\/www.laguiadepamplona.com\\\/actualidad\\\/#website\"},\"primaryImageOfPage\":{\"@id\":\"https:\\\/\\\/www.laguiadepamplona.com\\\/actualidad\\\/el-ayuntamiento-de-pamplona-recibe-a-representantes-de-la-escuela-oficial-de-idiomas-de-pamplona-eoip-iheo\\\/#primaryimage\"},\"image\":{\"@id\":\"https:\\\/\\\/www.laguiadepamplona.com\\\/actualidad\\\/el-ayuntamiento-de-pamplona-recibe-a-representantes-de-la-escuela-oficial-de-idiomas-de-pamplona-eoip-iheo\\\/#primaryimage\"},\"thumbnailUrl\":\"https:\\\/\\\/www.laguiadepamplona.com\\\/actualidad\\\/wp-content\\\/uploads\\\/2021\\\/05\\\/representantes-escuela-oficial-idiomas.jpg\",\"datePublished\":\"2021-05-10T10:53:43+00:00\",\"dateModified\":\"2023-04-11T09:49:34+00:00\",\"description\":\"El Consistorio quiere reconocer en este acto y con ocasi\u00f3n al D\u00eda de Europa, su trabajo en torno a la diversidad ling\u00fc\u00edstica y cultural\",\"breadcrumb\":{\"@id\":\"https:\\\/\\\/www.laguiadepamplona.com\\\/actualidad\\\/el-ayuntamiento-de-pamplona-recibe-a-representantes-de-la-escuela-oficial-de-idiomas-de-pamplona-eoip-iheo\\\/#breadcrumb\"},\"inLanguage\":\"es\",\"potentialAction\":[{\"@type\":\"ReadAction\",\"target\":[\"https:\\\/\\\/www.laguiadepamplona.com\\\/actualidad\\\/el-ayuntamiento-de-pamplona-recibe-a-representantes-de-la-escuela-oficial-de-idiomas-de-pamplona-eoip-iheo\\\/\"]}]},{\"@type\":\"ImageObject\",\"inLanguage\":\"es\",\"@id\":\"https:\\\/\\\/www.laguiadepamplona.com\\\/actualidad\\\/el-ayuntamiento-de-pamplona-recibe-a-representantes-de-la-escuela-oficial-de-idiomas-de-pamplona-eoip-iheo\\\/#primaryimage\",\"url\":\"https:\\\/\\\/www.laguiadepamplona.com\\\/actualidad\\\/wp-content\\\/uploads\\\/2021\\\/05\\\/representantes-escuela-oficial-idiomas.jpg\",\"contentUrl\":\"https:\\\/\\\/www.laguiadepamplona.com\\\/actualidad\\\/wp-content\\\/uploads\\\/2021\\\/05\\\/representantes-escuela-oficial-idiomas.jpg\",\"width\":1620,\"height\":1080},{\"@type\":\"BreadcrumbList\",\"@id\":\"https:\\\/\\\/www.laguiadepamplona.com\\\/actualidad\\\/el-ayuntamiento-de-pamplona-recibe-a-representantes-de-la-escuela-oficial-de-idiomas-de-pamplona-eoip-iheo\\\/#breadcrumb\",\"itemListElement\":[{\"@type\":\"ListItem\",\"position\":1,\"name\":\"Portada\",\"item\":\"https:\\\/\\\/www.laguiadepamplona.com\\\/actualidad\\\/\"},{\"@type\":\"ListItem\",\"position\":2,\"name\":\"El Ayuntamiento de Pamplona recibe a representantes de la Escuela Oficial de Idiomas de Pamplona (EOIP-IHEO)\"}]},{\"@type\":\"WebSite\",\"@id\":\"https:\\\/\\\/www.laguiadepamplona.com\\\/actualidad\\\/#website\",\"url\":\"https:\\\/\\\/www.laguiadepamplona.com\\\/actualidad\\\/\",\"name\":\"La gu\u00eda de Pamplona\",\"description\":\"Noticias de Pamplona\",\"publisher\":{\"@id\":\"https:\\\/\\\/www.laguiadepamplona.com\\\/actualidad\\\/#organization\"},\"potentialAction\":[{\"@type\":\"SearchAction\",\"target\":{\"@type\":\"EntryPoint\",\"urlTemplate\":\"https:\\\/\\\/www.laguiadepamplona.com\\\/actualidad\\\/?s={search_term_string}\"},\"query-input\":{\"@type\":\"PropertyValueSpecification\",\"valueRequired\":true,\"valueName\":\"search_term_string\"}}],\"inLanguage\":\"es\"},{\"@type\":\"Organization\",\"@id\":\"https:\\\/\\\/www.laguiadepamplona.com\\\/actualidad\\\/#organization\",\"name\":\"La Gu\u00eda de Pamplona \\\/ Noticias\",\"url\":\"https:\\\/\\\/www.laguiadepamplona.com\\\/actualidad\\\/\",\"logo\":{\"@type\":\"ImageObject\",\"inLanguage\":\"es\",\"@id\":\"https:\\\/\\\/www.laguiadepamplona.com\\\/actualidad\\\/#\\\/schema\\\/logo\\\/image\\\/\",\"url\":\"https:\\\/\\\/www.laguiadepamplona.com\\\/actualidad\\\/wp-content\\\/uploads\\\/2018\\\/11\\\/logo-laguiadepamplona18-web1.png\",\"contentUrl\":\"https:\\\/\\\/www.laguiadepamplona.com\\\/actualidad\\\/wp-content\\\/uploads\\\/2018\\\/11\\\/logo-laguiadepamplona18-web1.png\",\"width\":600,\"height\":196,\"caption\":\"La Gu\u00eda de Pamplona \\\/ Noticias\"},\"image\":{\"@id\":\"https:\\\/\\\/www.laguiadepamplona.com\\\/actualidad\\\/#\\\/schema\\\/logo\\\/image\\\/\"},\"sameAs\":[\"https:\\\/\\\/www.facebook.com\\\/laguiadepamplonacom-133175176762273\\\/?ref=hl\",\"https:\\\/\\\/x.com\\\/LaGuiadPamplona\",\"https:\\\/\\\/www.instagram.com\\\/la_guia_de_pamplona\\\/\",\"https:\\\/\\\/www.youtube.com\\\/user\\\/laguiadepamplona\"]},{\"@type\":\"Person\",\"@id\":\"https:\\\/\\\/www.laguiadepamplona.com\\\/actualidad\\\/#\\\/schema\\\/person\\\/efe887376f0213d4657c93adc50b1fdb\",\"name\":\"La Gu\u00eda de Pamplona\",\"image\":{\"@type\":\"ImageObject\",\"inLanguage\":\"es\",\"@id\":\"https:\\\/\\\/secure.gravatar.com\\\/avatar\\\/b6992f131dc8d30ab0dff15446e9d346d9dbd95992de0fef795073f5ea83a81c?s=96&d=mm&r=g\",\"url\":\"https:\\\/\\\/secure.gravatar.com\\\/avatar\\\/b6992f131dc8d30ab0dff15446e9d346d9dbd95992de0fef795073f5ea83a81c?s=96&d=mm&r=g\",\"contentUrl\":\"https:\\\/\\\/secure.gravatar.com\\\/avatar\\\/b6992f131dc8d30ab0dff15446e9d346d9dbd95992de0fef795073f5ea83a81c?s=96&d=mm&r=g\",\"caption\":\"La Gu\u00eda de Pamplona\"}}]}<\/script>\n<!-- \/ Yoast SEO plugin. -->","yoast_head_json":{"title":"El Ayuntamiento de Pamplona recibe a representantes de la Escuela Oficial de Idiomas de Pamplona (EOIP-IHEO)","description":"El Consistorio quiere reconocer en este acto y con ocasi\u00f3n al D\u00eda de Europa, su trabajo en torno a la diversidad ling\u00fc\u00edstica y cultural","robots":{"index":"index","follow":"follow","max-snippet":"max-snippet:-1","max-image-preview":"max-image-preview:large","max-video-preview":"max-video-preview:-1"},"canonical":"https:\/\/www.laguiadepamplona.com\/actualidad\/el-ayuntamiento-de-pamplona-recibe-a-representantes-de-la-escuela-oficial-de-idiomas-de-pamplona-eoip-iheo\/","og_locale":"es_ES","og_type":"article","og_title":"El Ayuntamiento de Pamplona recibe a representantes de la Escuela Oficial de Idiomas de Pamplona (EOIP-IHEO)","og_description":"El Consistorio quiere reconocer en este acto y con ocasi\u00f3n al D\u00eda de Europa, su trabajo en torno a la diversidad ling\u00fc\u00edstica y cultural","og_url":"https:\/\/www.laguiadepamplona.com\/actualidad\/el-ayuntamiento-de-pamplona-recibe-a-representantes-de-la-escuela-oficial-de-idiomas-de-pamplona-eoip-iheo\/","og_site_name":"La Gu\u00eda de Pamplona","article_publisher":"https:\/\/www.facebook.com\/laguiadepamplonacom-133175176762273\/?ref=hl","article_published_time":"2021-05-10T10:53:43+00:00","article_modified_time":"2023-04-11T09:49:34+00:00","og_image":[{"width":1620,"height":1080,"url":"https:\/\/www.laguiadepamplona.com\/actualidad\/wp-content\/uploads\/2021\/05\/representantes-escuela-oficial-idiomas.jpg","type":"image\/jpeg"}],"author":"La Gu\u00eda de Pamplona","twitter_card":"summary_large_image","twitter_creator":"@LaGuiadPamplona","twitter_site":"@LaGuiadPamplona","twitter_misc":{"Escrito por":"La Gu\u00eda de Pamplona","Tiempo de lectura":"2 minutos"},"schema":{"@context":"https:\/\/schema.org","@graph":[{"@type":"Article","@id":"https:\/\/www.laguiadepamplona.com\/actualidad\/el-ayuntamiento-de-pamplona-recibe-a-representantes-de-la-escuela-oficial-de-idiomas-de-pamplona-eoip-iheo\/#article","isPartOf":{"@id":"https:\/\/www.laguiadepamplona.com\/actualidad\/el-ayuntamiento-de-pamplona-recibe-a-representantes-de-la-escuela-oficial-de-idiomas-de-pamplona-eoip-iheo\/"},"author":{"name":"La Gu\u00eda de Pamplona","@id":"https:\/\/www.laguiadepamplona.com\/actualidad\/#\/schema\/person\/efe887376f0213d4657c93adc50b1fdb"},"headline":"El Ayuntamiento de Pamplona recibe a representantes de la Escuela Oficial de Idiomas de Pamplona (EOIP-IHEO)","datePublished":"2021-05-10T10:53:43+00:00","dateModified":"2023-04-11T09:49:34+00:00","mainEntityOfPage":{"@id":"https:\/\/www.laguiadepamplona.com\/actualidad\/el-ayuntamiento-de-pamplona-recibe-a-representantes-de-la-escuela-oficial-de-idiomas-de-pamplona-eoip-iheo\/"},"wordCount":506,"commentCount":0,"publisher":{"@id":"https:\/\/www.laguiadepamplona.com\/actualidad\/#organization"},"image":{"@id":"https:\/\/www.laguiadepamplona.com\/actualidad\/el-ayuntamiento-de-pamplona-recibe-a-representantes-de-la-escuela-oficial-de-idiomas-de-pamplona-eoip-iheo\/#primaryimage"},"thumbnailUrl":"https:\/\/www.laguiadepamplona.com\/actualidad\/wp-content\/uploads\/2021\/05\/representantes-escuela-oficial-idiomas.jpg","articleSection":["Ayto Pamplona"],"inLanguage":"es","potentialAction":[{"@type":"CommentAction","name":"Comment","target":["https:\/\/www.laguiadepamplona.com\/actualidad\/el-ayuntamiento-de-pamplona-recibe-a-representantes-de-la-escuela-oficial-de-idiomas-de-pamplona-eoip-iheo\/#respond"]}]},{"@type":"WebPage","@id":"https:\/\/www.laguiadepamplona.com\/actualidad\/el-ayuntamiento-de-pamplona-recibe-a-representantes-de-la-escuela-oficial-de-idiomas-de-pamplona-eoip-iheo\/","url":"https:\/\/www.laguiadepamplona.com\/actualidad\/el-ayuntamiento-de-pamplona-recibe-a-representantes-de-la-escuela-oficial-de-idiomas-de-pamplona-eoip-iheo\/","name":"El Ayuntamiento de Pamplona recibe a representantes de la Escuela Oficial de Idiomas de Pamplona (EOIP-IHEO)","isPartOf":{"@id":"https:\/\/www.laguiadepamplona.com\/actualidad\/#website"},"primaryImageOfPage":{"@id":"https:\/\/www.laguiadepamplona.com\/actualidad\/el-ayuntamiento-de-pamplona-recibe-a-representantes-de-la-escuela-oficial-de-idiomas-de-pamplona-eoip-iheo\/#primaryimage"},"image":{"@id":"https:\/\/www.laguiadepamplona.com\/actualidad\/el-ayuntamiento-de-pamplona-recibe-a-representantes-de-la-escuela-oficial-de-idiomas-de-pamplona-eoip-iheo\/#primaryimage"},"thumbnailUrl":"https:\/\/www.laguiadepamplona.com\/actualidad\/wp-content\/uploads\/2021\/05\/representantes-escuela-oficial-idiomas.jpg","datePublished":"2021-05-10T10:53:43+00:00","dateModified":"2023-04-11T09:49:34+00:00","description":"El Consistorio quiere reconocer en este acto y con ocasi\u00f3n al D\u00eda de Europa, su trabajo en torno a la diversidad ling\u00fc\u00edstica y cultural","breadcrumb":{"@id":"https:\/\/www.laguiadepamplona.com\/actualidad\/el-ayuntamiento-de-pamplona-recibe-a-representantes-de-la-escuela-oficial-de-idiomas-de-pamplona-eoip-iheo\/#breadcrumb"},"inLanguage":"es","potentialAction":[{"@type":"ReadAction","target":["https:\/\/www.laguiadepamplona.com\/actualidad\/el-ayuntamiento-de-pamplona-recibe-a-representantes-de-la-escuela-oficial-de-idiomas-de-pamplona-eoip-iheo\/"]}]},{"@type":"ImageObject","inLanguage":"es","@id":"https:\/\/www.laguiadepamplona.com\/actualidad\/el-ayuntamiento-de-pamplona-recibe-a-representantes-de-la-escuela-oficial-de-idiomas-de-pamplona-eoip-iheo\/#primaryimage","url":"https:\/\/www.laguiadepamplona.com\/actualidad\/wp-content\/uploads\/2021\/05\/representantes-escuela-oficial-idiomas.jpg","contentUrl":"https:\/\/www.laguiadepamplona.com\/actualidad\/wp-content\/uploads\/2021\/05\/representantes-escuela-oficial-idiomas.jpg","width":1620,"height":1080},{"@type":"BreadcrumbList","@id":"https:\/\/www.laguiadepamplona.com\/actualidad\/el-ayuntamiento-de-pamplona-recibe-a-representantes-de-la-escuela-oficial-de-idiomas-de-pamplona-eoip-iheo\/#breadcrumb","itemListElement":[{"@type":"ListItem","position":1,"name":"Portada","item":"https:\/\/www.laguiadepamplona.com\/actualidad\/"},{"@type":"ListItem","position":2,"name":"El Ayuntamiento de Pamplona recibe a representantes de la Escuela Oficial de Idiomas de Pamplona (EOIP-IHEO)"}]},{"@type":"WebSite","@id":"https:\/\/www.laguiadepamplona.com\/actualidad\/#website","url":"https:\/\/www.laguiadepamplona.com\/actualidad\/","name":"La gu\u00eda de Pamplona","description":"Noticias de Pamplona","publisher":{"@id":"https:\/\/www.laguiadepamplona.com\/actualidad\/#organization"},"potentialAction":[{"@type":"SearchAction","target":{"@type":"EntryPoint","urlTemplate":"https:\/\/www.laguiadepamplona.com\/actualidad\/?s={search_term_string}"},"query-input":{"@type":"PropertyValueSpecification","valueRequired":true,"valueName":"search_term_string"}}],"inLanguage":"es"},{"@type":"Organization","@id":"https:\/\/www.laguiadepamplona.com\/actualidad\/#organization","name":"La Gu\u00eda de Pamplona \/ Noticias","url":"https:\/\/www.laguiadepamplona.com\/actualidad\/","logo":{"@type":"ImageObject","inLanguage":"es","@id":"https:\/\/www.laguiadepamplona.com\/actualidad\/#\/schema\/logo\/image\/","url":"https:\/\/www.laguiadepamplona.com\/actualidad\/wp-content\/uploads\/2018\/11\/logo-laguiadepamplona18-web1.png","contentUrl":"https:\/\/www.laguiadepamplona.com\/actualidad\/wp-content\/uploads\/2018\/11\/logo-laguiadepamplona18-web1.png","width":600,"height":196,"caption":"La Gu\u00eda de Pamplona \/ Noticias"},"image":{"@id":"https:\/\/www.laguiadepamplona.com\/actualidad\/#\/schema\/logo\/image\/"},"sameAs":["https:\/\/www.facebook.com\/laguiadepamplonacom-133175176762273\/?ref=hl","https:\/\/x.com\/LaGuiadPamplona","https:\/\/www.instagram.com\/la_guia_de_pamplona\/","https:\/\/www.youtube.com\/user\/laguiadepamplona"]},{"@type":"Person","@id":"https:\/\/www.laguiadepamplona.com\/actualidad\/#\/schema\/person\/efe887376f0213d4657c93adc50b1fdb","name":"La Gu\u00eda de Pamplona","image":{"@type":"ImageObject","inLanguage":"es","@id":"https:\/\/secure.gravatar.com\/avatar\/b6992f131dc8d30ab0dff15446e9d346d9dbd95992de0fef795073f5ea83a81c?s=96&d=mm&r=g","url":"https:\/\/secure.gravatar.com\/avatar\/b6992f131dc8d30ab0dff15446e9d346d9dbd95992de0fef795073f5ea83a81c?s=96&d=mm&r=g","contentUrl":"https:\/\/secure.gravatar.com\/avatar\/b6992f131dc8d30ab0dff15446e9d346d9dbd95992de0fef795073f5ea83a81c?s=96&d=mm&r=g","caption":"La Gu\u00eda de Pamplona"}}]}},"post_mailing_queue_ids":[],"_links":{"self":[{"href":"https:\/\/www.laguiadepamplona.com\/actualidad\/wp-json\/wp\/v2\/posts\/34754","targetHints":{"allow":["GET"]}}],"collection":[{"href":"https:\/\/www.laguiadepamplona.com\/actualidad\/wp-json\/wp\/v2\/posts"}],"about":[{"href":"https:\/\/www.laguiadepamplona.com\/actualidad\/wp-json\/wp\/v2\/types\/post"}],"author":[{"embeddable":true,"href":"https:\/\/www.laguiadepamplona.com\/actualidad\/wp-json\/wp\/v2\/users\/1"}],"replies":[{"embeddable":true,"href":"https:\/\/www.laguiadepamplona.com\/actualidad\/wp-json\/wp\/v2\/comments?post=34754"}],"version-history":[{"count":0,"href":"https:\/\/www.laguiadepamplona.com\/actualidad\/wp-json\/wp\/v2\/posts\/34754\/revisions"}],"wp:featuredmedia":[{"embeddable":true,"href":"https:\/\/www.laguiadepamplona.com\/actualidad\/wp-json\/wp\/v2\/media\/34755"}],"wp:attachment":[{"href":"https:\/\/www.laguiadepamplona.com\/actualidad\/wp-json\/wp\/v2\/media?parent=34754"}],"wp:term":[{"taxonomy":"category","embeddable":true,"href":"https:\/\/www.laguiadepamplona.com\/actualidad\/wp-json\/wp\/v2\/categories?post=34754"},{"taxonomy":"post_tag","embeddable":true,"href":"https:\/\/www.laguiadepamplona.com\/actualidad\/wp-json\/wp\/v2\/tags?post=34754"}],"curies":[{"name":"wp","href":"https:\/\/api.w.org\/{rel}","templated":true}]}}