{"id":34716,"date":"2021-05-10T12:27:09","date_gmt":"2021-05-10T10:27:09","guid":{"rendered":"https:\/\/www.laguiadepamplona.com\/actualidad\/?p=34716"},"modified":"2023-04-11T11:49:34","modified_gmt":"2023-04-11T09:49:34","slug":"el-ayuntamiento-de-pamplona-iniciara-en-septiembre-las-obras-de-rehabilitacion-del-baluarte-de-parma-y-la-zona-de-corralillos","status":"publish","type":"post","link":"https:\/\/www.laguiadepamplona.com\/actualidad\/el-ayuntamiento-de-pamplona-iniciara-en-septiembre-las-obras-de-rehabilitacion-del-baluarte-de-parma-y-la-zona-de-corralillos\/","title":{"rendered":"El Ayuntamiento de Pamplona iniciar\u00e1 en septiembre las obras de rehabilitaci\u00f3n del Baluarte de Parma y la zona de Corralillos"},"content":{"rendered":"<h5>La Junta de Gobierno Local lanza la licitaci\u00f3n con un presupuesto inicial de 1.021.723 euros de los que el Estado aportar\u00e1 un 65%<\/h5>\n<p><!--more--><\/p>\n<p>En septiembre el Ayuntamiento de Pamplona iniciar\u00e1 la intervenci\u00f3n en el Baluarte de Parma y la zona de Corralillos, un trabajo de rehabilitaci\u00f3n sobre el patrimonio fortificado que cuando concluya, en 2022, cerrar\u00e1 el ciclo de recuperaci\u00f3n del conjunto formado por la Ciudadela y las murallas de la ciudad. La Junta de Gobierno Local ha aprobado hoy el expediente de contrataci\u00f3n de las obras que se realizar\u00e1n en un plazo m\u00e1ximo de 10 meses por un importe de salida de 1.021.723 euros. La licitaci\u00f3n se realiza por procedimiento abierto y pr\u00f3ximamente se publicar\u00e1 en el Portal de Contrataci\u00f3n de Navarra. El plazo de presentaci\u00f3n de ofertas ser\u00e1 de veinte d\u00edas a partir de la fecha de publicaci\u00f3n del anuncio.<\/p>\n<p><script async src=\"\/\/pagead2.googlesyndication.com\/pagead\/js\/adsbygoogle.js\"><\/script><br \/>\n<!-- Noticias La Guia de Pamplona --><br \/>\n<ins class=\"adsbygoogle\"\nstyle=\"display:block\"\ndata-ad-client=\"ca-pub-6943679897239327\"\ndata-ad-slot=\"7048180777\"\ndata-ad-format=\"auto\"><\/ins><br \/>\n<script>\n(adsbygoogle = window.adsbygoogle || []).push({});\n<\/script><\/p>\n<p>Del presupuesto de salida, 1.021.723 euros, el Estado aportar\u00e1 un m\u00e1ximo de 664.120 euros a trav\u00e9s del Ministerio de Transportes Movilidad y Agenda Urbana (programa de ayudas \u201c1,5% Cultural\u201d). El Ayuntamiento de Pamplona se har\u00e1 cargo de la cantidad restante, 357.603 euros. El presupuesto estar\u00e1 dividido en dos anualidades.<\/p>\n<p>La empresas o empresas adjudicatarias de estos trabajos ejecutar\u00e1n el proyecto redactado por los arquitectos Marta y Miguel Monreal Vidal. Los trabajos a acometer son similares a los que se vienen haciendo en el resto de lienzos, paramentos u otros elementos defensivos del sistema fortificado de Pamplona, aunque por accesibilidad ser\u00e1 necesario colocar diferentes tipos de andamiaje sobre el cauce del r\u00edo. Habr\u00e1 que realizar el desbroce, picado de juntas y el desmontaje y consolidaci\u00f3n de las zonas afectadas estructuralmente; adem\u00e1s de realizar la reposici\u00f3n material en donde sea preciso (como la reconstrucci\u00f3n completa de una esquina de la bater\u00eda baja, la reconstrucci\u00f3n de ca\u00f1oneras y la consolidaci\u00f3n de los restos de una garita). Ser\u00e1 necesario estudiar tambi\u00e9n el recalce de una parte de la cimentaci\u00f3n del baluarte, adem\u00e1s de la limpieza de todos los paramentos y la instalaci\u00f3n de la Iluminaci\u00f3n ornamental.<\/p>\n<p><script async src=\"\/\/pagead2.googlesyndication.com\/pagead\/js\/adsbygoogle.js\"><\/script><br \/>\n<!-- Noticias La Guia de Pamplona --><br \/>\n<ins class=\"adsbygoogle\"\nstyle=\"display:block\"\ndata-ad-client=\"ca-pub-6943679897239327\"\ndata-ad-slot=\"7048180777\"\ndata-ad-format=\"auto\"><\/ins><br \/>\n<script>\n(adsbygoogle = window.adsbygoogle || []).push({});\n<\/script><\/p>\n<p>El contrato se adjudicar\u00e1 a la oferta con la mejor calidad-precio, de acuerdo con una distribuci\u00f3n de puntos que otorgar\u00e1 40 a la propuesta t\u00e9cnica, otros 40 a la econ\u00f3mica, 10 a la introducci\u00f3n de criterios sociales en la oferta, cinco puntos a la disminuci\u00f3n de los plazos de ejecuci\u00f3n de la obra y otros 5 a criterios ambientales.<\/p>\n<p>El Baluarte de Parma es \u00fanico tramo de la muralla que falta para terminar la rehabilitaci\u00f3n de los 5 km. de per\u00edmetro fortificado de la ciudad. Construido a partir del siglo XVI, se encuentra ubicado entre el Archivo Real y General de Navarra y el final del Paseo de Ronda del frente amurallado de Rochapea, frente el edificio de Educaci\u00f3n de Gobierno de Navarra. Su restauraci\u00f3n y todo el proceso vinculado a la recuperaci\u00f3n de las fortificaciones se pueden enmarcar dentro del Plan estrat\u00e9gico de ciudad (Estrategia 2030). El Casco Antiguo y el recinto amurallado de la ciudad est\u00e1n calificados como \u201cConjunto hist\u00f3rico-art\u00edstico\u201d desde abril de 1968 y las murallas est\u00e1n categorizadas como Bien de Inter\u00e9s Cultural (BIC).<\/p>\n","protected":false},"excerpt":{"rendered":"<p>La Junta de Gobierno Local lanza la licitaci\u00f3n con un presupuesto inicial de 1.021.723 euros de los que el Estado aportar\u00e1 un 65%<\/p>\n","protected":false},"author":1,"featured_media":34717,"comment_status":"open","ping_status":"closed","sticky":false,"template":"","format":"standard","meta":{"footnotes":""},"categories":[2],"tags":[],"class_list":["post-34716","post","type-post","status-publish","format-standard","has-post-thumbnail","hentry","category-ayuntamiento-pamplona"],"yoast_head":"<!-- This site is optimized with the Yoast SEO plugin v27.3 - https:\/\/yoast.com\/product\/yoast-seo-wordpress\/ -->\n<title>El Ayuntamiento de Pamplona iniciar\u00e1 en septiembre las obras de rehabilitaci\u00f3n del Baluarte de Parma y la zona de Corralillos<\/title>\n<meta name=\"description\" content=\"La Junta de Gobierno Local lanza la licitaci\u00f3n con un presupuesto inicial de 1.021.723 euros de los que el Estado aportar\u00e1 un 65%\" \/>\n<meta name=\"robots\" content=\"index, follow, max-snippet:-1, max-image-preview:large, max-video-preview:-1\" \/>\n<link rel=\"canonical\" href=\"https:\/\/www.laguiadepamplona.com\/actualidad\/el-ayuntamiento-de-pamplona-iniciara-en-septiembre-las-obras-de-rehabilitacion-del-baluarte-de-parma-y-la-zona-de-corralillos\/\" \/>\n<meta property=\"og:locale\" content=\"es_ES\" \/>\n<meta property=\"og:type\" content=\"article\" \/>\n<meta property=\"og:title\" content=\"El Ayuntamiento de Pamplona iniciar\u00e1 en septiembre las obras de rehabilitaci\u00f3n del Baluarte de Parma y la zona de Corralillos\" \/>\n<meta property=\"og:description\" content=\"La Junta de Gobierno Local lanza la licitaci\u00f3n con un presupuesto inicial de 1.021.723 euros de los que el Estado aportar\u00e1 un 65%\" \/>\n<meta property=\"og:url\" content=\"https:\/\/www.laguiadepamplona.com\/actualidad\/el-ayuntamiento-de-pamplona-iniciara-en-septiembre-las-obras-de-rehabilitacion-del-baluarte-de-parma-y-la-zona-de-corralillos\/\" \/>\n<meta property=\"og:site_name\" content=\"La Gu\u00eda de Pamplona\" \/>\n<meta property=\"article:publisher\" content=\"https:\/\/www.facebook.com\/laguiadepamplonacom-133175176762273\/?ref=hl\" \/>\n<meta property=\"article:published_time\" content=\"2021-05-10T10:27:09+00:00\" \/>\n<meta property=\"article:modified_time\" content=\"2023-04-11T09:49:34+00:00\" \/>\n<meta property=\"og:image\" content=\"https:\/\/www.laguiadepamplona.com\/actualidad\/wp-content\/uploads\/2021\/05\/baluarte_JGV0045.jpg\" \/>\n\t<meta property=\"og:image:width\" content=\"1920\" \/>\n\t<meta property=\"og:image:height\" content=\"1280\" \/>\n\t<meta property=\"og:image:type\" content=\"image\/jpeg\" \/>\n<meta name=\"author\" content=\"La Gu\u00eda de Pamplona\" \/>\n<meta name=\"twitter:card\" content=\"summary_large_image\" \/>\n<meta name=\"twitter:creator\" content=\"@LaGuiadPamplona\" \/>\n<meta name=\"twitter:site\" content=\"@LaGuiadPamplona\" \/>\n<meta name=\"twitter:label1\" content=\"Escrito por\" \/>\n\t<meta name=\"twitter:data1\" content=\"La Gu\u00eda de Pamplona\" \/>\n\t<meta name=\"twitter:label2\" content=\"Tiempo de lectura\" \/>\n\t<meta name=\"twitter:data2\" content=\"3 minutos\" \/>\n<script type=\"application\/ld+json\" class=\"yoast-schema-graph\">{\"@context\":\"https:\\\/\\\/schema.org\",\"@graph\":[{\"@type\":\"Article\",\"@id\":\"https:\\\/\\\/www.laguiadepamplona.com\\\/actualidad\\\/el-ayuntamiento-de-pamplona-iniciara-en-septiembre-las-obras-de-rehabilitacion-del-baluarte-de-parma-y-la-zona-de-corralillos\\\/#article\",\"isPartOf\":{\"@id\":\"https:\\\/\\\/www.laguiadepamplona.com\\\/actualidad\\\/el-ayuntamiento-de-pamplona-iniciara-en-septiembre-las-obras-de-rehabilitacion-del-baluarte-de-parma-y-la-zona-de-corralillos\\\/\"},\"author\":{\"name\":\"La Gu\u00eda de Pamplona\",\"@id\":\"https:\\\/\\\/www.laguiadepamplona.com\\\/actualidad\\\/#\\\/schema\\\/person\\\/efe887376f0213d4657c93adc50b1fdb\"},\"headline\":\"El Ayuntamiento de Pamplona iniciar\u00e1 en septiembre las obras de rehabilitaci\u00f3n del Baluarte de Parma y la zona de Corralillos\",\"datePublished\":\"2021-05-10T10:27:09+00:00\",\"dateModified\":\"2023-04-11T09:49:34+00:00\",\"mainEntityOfPage\":{\"@id\":\"https:\\\/\\\/www.laguiadepamplona.com\\\/actualidad\\\/el-ayuntamiento-de-pamplona-iniciara-en-septiembre-las-obras-de-rehabilitacion-del-baluarte-de-parma-y-la-zona-de-corralillos\\\/\"},\"wordCount\":563,\"commentCount\":0,\"publisher\":{\"@id\":\"https:\\\/\\\/www.laguiadepamplona.com\\\/actualidad\\\/#organization\"},\"image\":{\"@id\":\"https:\\\/\\\/www.laguiadepamplona.com\\\/actualidad\\\/el-ayuntamiento-de-pamplona-iniciara-en-septiembre-las-obras-de-rehabilitacion-del-baluarte-de-parma-y-la-zona-de-corralillos\\\/#primaryimage\"},\"thumbnailUrl\":\"https:\\\/\\\/www.laguiadepamplona.com\\\/actualidad\\\/wp-content\\\/uploads\\\/2021\\\/05\\\/baluarte_JGV0045.jpg\",\"articleSection\":[\"Ayto Pamplona\"],\"inLanguage\":\"es\",\"potentialAction\":[{\"@type\":\"CommentAction\",\"name\":\"Comment\",\"target\":[\"https:\\\/\\\/www.laguiadepamplona.com\\\/actualidad\\\/el-ayuntamiento-de-pamplona-iniciara-en-septiembre-las-obras-de-rehabilitacion-del-baluarte-de-parma-y-la-zona-de-corralillos\\\/#respond\"]}]},{\"@type\":\"WebPage\",\"@id\":\"https:\\\/\\\/www.laguiadepamplona.com\\\/actualidad\\\/el-ayuntamiento-de-pamplona-iniciara-en-septiembre-las-obras-de-rehabilitacion-del-baluarte-de-parma-y-la-zona-de-corralillos\\\/\",\"url\":\"https:\\\/\\\/www.laguiadepamplona.com\\\/actualidad\\\/el-ayuntamiento-de-pamplona-iniciara-en-septiembre-las-obras-de-rehabilitacion-del-baluarte-de-parma-y-la-zona-de-corralillos\\\/\",\"name\":\"El Ayuntamiento de Pamplona iniciar\u00e1 en septiembre las obras de rehabilitaci\u00f3n del Baluarte de Parma y la zona de Corralillos\",\"isPartOf\":{\"@id\":\"https:\\\/\\\/www.laguiadepamplona.com\\\/actualidad\\\/#website\"},\"primaryImageOfPage\":{\"@id\":\"https:\\\/\\\/www.laguiadepamplona.com\\\/actualidad\\\/el-ayuntamiento-de-pamplona-iniciara-en-septiembre-las-obras-de-rehabilitacion-del-baluarte-de-parma-y-la-zona-de-corralillos\\\/#primaryimage\"},\"image\":{\"@id\":\"https:\\\/\\\/www.laguiadepamplona.com\\\/actualidad\\\/el-ayuntamiento-de-pamplona-iniciara-en-septiembre-las-obras-de-rehabilitacion-del-baluarte-de-parma-y-la-zona-de-corralillos\\\/#primaryimage\"},\"thumbnailUrl\":\"https:\\\/\\\/www.laguiadepamplona.com\\\/actualidad\\\/wp-content\\\/uploads\\\/2021\\\/05\\\/baluarte_JGV0045.jpg\",\"datePublished\":\"2021-05-10T10:27:09+00:00\",\"dateModified\":\"2023-04-11T09:49:34+00:00\",\"description\":\"La Junta de Gobierno Local lanza la licitaci\u00f3n con un presupuesto inicial de 1.021.723 euros de los que el Estado aportar\u00e1 un 65%\",\"breadcrumb\":{\"@id\":\"https:\\\/\\\/www.laguiadepamplona.com\\\/actualidad\\\/el-ayuntamiento-de-pamplona-iniciara-en-septiembre-las-obras-de-rehabilitacion-del-baluarte-de-parma-y-la-zona-de-corralillos\\\/#breadcrumb\"},\"inLanguage\":\"es\",\"potentialAction\":[{\"@type\":\"ReadAction\",\"target\":[\"https:\\\/\\\/www.laguiadepamplona.com\\\/actualidad\\\/el-ayuntamiento-de-pamplona-iniciara-en-septiembre-las-obras-de-rehabilitacion-del-baluarte-de-parma-y-la-zona-de-corralillos\\\/\"]}]},{\"@type\":\"ImageObject\",\"inLanguage\":\"es\",\"@id\":\"https:\\\/\\\/www.laguiadepamplona.com\\\/actualidad\\\/el-ayuntamiento-de-pamplona-iniciara-en-septiembre-las-obras-de-rehabilitacion-del-baluarte-de-parma-y-la-zona-de-corralillos\\\/#primaryimage\",\"url\":\"https:\\\/\\\/www.laguiadepamplona.com\\\/actualidad\\\/wp-content\\\/uploads\\\/2021\\\/05\\\/baluarte_JGV0045.jpg\",\"contentUrl\":\"https:\\\/\\\/www.laguiadepamplona.com\\\/actualidad\\\/wp-content\\\/uploads\\\/2021\\\/05\\\/baluarte_JGV0045.jpg\",\"width\":1920,\"height\":1280,\"caption\":\"A* Jes\u00fas Garzaron F* 2021_01_28 T* Baluarte antes de la restauraci\u00f3n L* Baluarte situado entre los corrales de Santo Domingo y el Archivo General\"},{\"@type\":\"BreadcrumbList\",\"@id\":\"https:\\\/\\\/www.laguiadepamplona.com\\\/actualidad\\\/el-ayuntamiento-de-pamplona-iniciara-en-septiembre-las-obras-de-rehabilitacion-del-baluarte-de-parma-y-la-zona-de-corralillos\\\/#breadcrumb\",\"itemListElement\":[{\"@type\":\"ListItem\",\"position\":1,\"name\":\"Portada\",\"item\":\"https:\\\/\\\/www.laguiadepamplona.com\\\/actualidad\\\/\"},{\"@type\":\"ListItem\",\"position\":2,\"name\":\"El Ayuntamiento de Pamplona iniciar\u00e1 en septiembre las obras de rehabilitaci\u00f3n del Baluarte de Parma y la zona de Corralillos\"}]},{\"@type\":\"WebSite\",\"@id\":\"https:\\\/\\\/www.laguiadepamplona.com\\\/actualidad\\\/#website\",\"url\":\"https:\\\/\\\/www.laguiadepamplona.com\\\/actualidad\\\/\",\"name\":\"La gu\u00eda de Pamplona\",\"description\":\"Noticias de Pamplona\",\"publisher\":{\"@id\":\"https:\\\/\\\/www.laguiadepamplona.com\\\/actualidad\\\/#organization\"},\"potentialAction\":[{\"@type\":\"SearchAction\",\"target\":{\"@type\":\"EntryPoint\",\"urlTemplate\":\"https:\\\/\\\/www.laguiadepamplona.com\\\/actualidad\\\/?s={search_term_string}\"},\"query-input\":{\"@type\":\"PropertyValueSpecification\",\"valueRequired\":true,\"valueName\":\"search_term_string\"}}],\"inLanguage\":\"es\"},{\"@type\":\"Organization\",\"@id\":\"https:\\\/\\\/www.laguiadepamplona.com\\\/actualidad\\\/#organization\",\"name\":\"La Gu\u00eda de Pamplona \\\/ Noticias\",\"url\":\"https:\\\/\\\/www.laguiadepamplona.com\\\/actualidad\\\/\",\"logo\":{\"@type\":\"ImageObject\",\"inLanguage\":\"es\",\"@id\":\"https:\\\/\\\/www.laguiadepamplona.com\\\/actualidad\\\/#\\\/schema\\\/logo\\\/image\\\/\",\"url\":\"https:\\\/\\\/www.laguiadepamplona.com\\\/actualidad\\\/wp-content\\\/uploads\\\/2018\\\/11\\\/logo-laguiadepamplona18-web1.png\",\"contentUrl\":\"https:\\\/\\\/www.laguiadepamplona.com\\\/actualidad\\\/wp-content\\\/uploads\\\/2018\\\/11\\\/logo-laguiadepamplona18-web1.png\",\"width\":600,\"height\":196,\"caption\":\"La Gu\u00eda de Pamplona \\\/ Noticias\"},\"image\":{\"@id\":\"https:\\\/\\\/www.laguiadepamplona.com\\\/actualidad\\\/#\\\/schema\\\/logo\\\/image\\\/\"},\"sameAs\":[\"https:\\\/\\\/www.facebook.com\\\/laguiadepamplonacom-133175176762273\\\/?ref=hl\",\"https:\\\/\\\/x.com\\\/LaGuiadPamplona\",\"https:\\\/\\\/www.instagram.com\\\/la_guia_de_pamplona\\\/\",\"https:\\\/\\\/www.youtube.com\\\/user\\\/laguiadepamplona\"]},{\"@type\":\"Person\",\"@id\":\"https:\\\/\\\/www.laguiadepamplona.com\\\/actualidad\\\/#\\\/schema\\\/person\\\/efe887376f0213d4657c93adc50b1fdb\",\"name\":\"La Gu\u00eda de Pamplona\",\"image\":{\"@type\":\"ImageObject\",\"inLanguage\":\"es\",\"@id\":\"https:\\\/\\\/secure.gravatar.com\\\/avatar\\\/b6992f131dc8d30ab0dff15446e9d346d9dbd95992de0fef795073f5ea83a81c?s=96&d=mm&r=g\",\"url\":\"https:\\\/\\\/secure.gravatar.com\\\/avatar\\\/b6992f131dc8d30ab0dff15446e9d346d9dbd95992de0fef795073f5ea83a81c?s=96&d=mm&r=g\",\"contentUrl\":\"https:\\\/\\\/secure.gravatar.com\\\/avatar\\\/b6992f131dc8d30ab0dff15446e9d346d9dbd95992de0fef795073f5ea83a81c?s=96&d=mm&r=g\",\"caption\":\"La Gu\u00eda de Pamplona\"}}]}<\/script>\n<!-- \/ Yoast SEO plugin. -->","yoast_head_json":{"title":"El Ayuntamiento de Pamplona iniciar\u00e1 en septiembre las obras de rehabilitaci\u00f3n del Baluarte de Parma y la zona de Corralillos","description":"La Junta de Gobierno Local lanza la licitaci\u00f3n con un presupuesto inicial de 1.021.723 euros de los que el Estado aportar\u00e1 un 65%","robots":{"index":"index","follow":"follow","max-snippet":"max-snippet:-1","max-image-preview":"max-image-preview:large","max-video-preview":"max-video-preview:-1"},"canonical":"https:\/\/www.laguiadepamplona.com\/actualidad\/el-ayuntamiento-de-pamplona-iniciara-en-septiembre-las-obras-de-rehabilitacion-del-baluarte-de-parma-y-la-zona-de-corralillos\/","og_locale":"es_ES","og_type":"article","og_title":"El Ayuntamiento de Pamplona iniciar\u00e1 en septiembre las obras de rehabilitaci\u00f3n del Baluarte de Parma y la zona de Corralillos","og_description":"La Junta de Gobierno Local lanza la licitaci\u00f3n con un presupuesto inicial de 1.021.723 euros de los que el Estado aportar\u00e1 un 65%","og_url":"https:\/\/www.laguiadepamplona.com\/actualidad\/el-ayuntamiento-de-pamplona-iniciara-en-septiembre-las-obras-de-rehabilitacion-del-baluarte-de-parma-y-la-zona-de-corralillos\/","og_site_name":"La Gu\u00eda de Pamplona","article_publisher":"https:\/\/www.facebook.com\/laguiadepamplonacom-133175176762273\/?ref=hl","article_published_time":"2021-05-10T10:27:09+00:00","article_modified_time":"2023-04-11T09:49:34+00:00","og_image":[{"width":1920,"height":1280,"url":"https:\/\/www.laguiadepamplona.com\/actualidad\/wp-content\/uploads\/2021\/05\/baluarte_JGV0045.jpg","type":"image\/jpeg"}],"author":"La Gu\u00eda de Pamplona","twitter_card":"summary_large_image","twitter_creator":"@LaGuiadPamplona","twitter_site":"@LaGuiadPamplona","twitter_misc":{"Escrito por":"La Gu\u00eda de Pamplona","Tiempo de lectura":"3 minutos"},"schema":{"@context":"https:\/\/schema.org","@graph":[{"@type":"Article","@id":"https:\/\/www.laguiadepamplona.com\/actualidad\/el-ayuntamiento-de-pamplona-iniciara-en-septiembre-las-obras-de-rehabilitacion-del-baluarte-de-parma-y-la-zona-de-corralillos\/#article","isPartOf":{"@id":"https:\/\/www.laguiadepamplona.com\/actualidad\/el-ayuntamiento-de-pamplona-iniciara-en-septiembre-las-obras-de-rehabilitacion-del-baluarte-de-parma-y-la-zona-de-corralillos\/"},"author":{"name":"La Gu\u00eda de Pamplona","@id":"https:\/\/www.laguiadepamplona.com\/actualidad\/#\/schema\/person\/efe887376f0213d4657c93adc50b1fdb"},"headline":"El Ayuntamiento de Pamplona iniciar\u00e1 en septiembre las obras de rehabilitaci\u00f3n del Baluarte de Parma y la zona de Corralillos","datePublished":"2021-05-10T10:27:09+00:00","dateModified":"2023-04-11T09:49:34+00:00","mainEntityOfPage":{"@id":"https:\/\/www.laguiadepamplona.com\/actualidad\/el-ayuntamiento-de-pamplona-iniciara-en-septiembre-las-obras-de-rehabilitacion-del-baluarte-de-parma-y-la-zona-de-corralillos\/"},"wordCount":563,"commentCount":0,"publisher":{"@id":"https:\/\/www.laguiadepamplona.com\/actualidad\/#organization"},"image":{"@id":"https:\/\/www.laguiadepamplona.com\/actualidad\/el-ayuntamiento-de-pamplona-iniciara-en-septiembre-las-obras-de-rehabilitacion-del-baluarte-de-parma-y-la-zona-de-corralillos\/#primaryimage"},"thumbnailUrl":"https:\/\/www.laguiadepamplona.com\/actualidad\/wp-content\/uploads\/2021\/05\/baluarte_JGV0045.jpg","articleSection":["Ayto Pamplona"],"inLanguage":"es","potentialAction":[{"@type":"CommentAction","name":"Comment","target":["https:\/\/www.laguiadepamplona.com\/actualidad\/el-ayuntamiento-de-pamplona-iniciara-en-septiembre-las-obras-de-rehabilitacion-del-baluarte-de-parma-y-la-zona-de-corralillos\/#respond"]}]},{"@type":"WebPage","@id":"https:\/\/www.laguiadepamplona.com\/actualidad\/el-ayuntamiento-de-pamplona-iniciara-en-septiembre-las-obras-de-rehabilitacion-del-baluarte-de-parma-y-la-zona-de-corralillos\/","url":"https:\/\/www.laguiadepamplona.com\/actualidad\/el-ayuntamiento-de-pamplona-iniciara-en-septiembre-las-obras-de-rehabilitacion-del-baluarte-de-parma-y-la-zona-de-corralillos\/","name":"El Ayuntamiento de Pamplona iniciar\u00e1 en septiembre las obras de rehabilitaci\u00f3n del Baluarte de Parma y la zona de Corralillos","isPartOf":{"@id":"https:\/\/www.laguiadepamplona.com\/actualidad\/#website"},"primaryImageOfPage":{"@id":"https:\/\/www.laguiadepamplona.com\/actualidad\/el-ayuntamiento-de-pamplona-iniciara-en-septiembre-las-obras-de-rehabilitacion-del-baluarte-de-parma-y-la-zona-de-corralillos\/#primaryimage"},"image":{"@id":"https:\/\/www.laguiadepamplona.com\/actualidad\/el-ayuntamiento-de-pamplona-iniciara-en-septiembre-las-obras-de-rehabilitacion-del-baluarte-de-parma-y-la-zona-de-corralillos\/#primaryimage"},"thumbnailUrl":"https:\/\/www.laguiadepamplona.com\/actualidad\/wp-content\/uploads\/2021\/05\/baluarte_JGV0045.jpg","datePublished":"2021-05-10T10:27:09+00:00","dateModified":"2023-04-11T09:49:34+00:00","description":"La Junta de Gobierno Local lanza la licitaci\u00f3n con un presupuesto inicial de 1.021.723 euros de los que el Estado aportar\u00e1 un 65%","breadcrumb":{"@id":"https:\/\/www.laguiadepamplona.com\/actualidad\/el-ayuntamiento-de-pamplona-iniciara-en-septiembre-las-obras-de-rehabilitacion-del-baluarte-de-parma-y-la-zona-de-corralillos\/#breadcrumb"},"inLanguage":"es","potentialAction":[{"@type":"ReadAction","target":["https:\/\/www.laguiadepamplona.com\/actualidad\/el-ayuntamiento-de-pamplona-iniciara-en-septiembre-las-obras-de-rehabilitacion-del-baluarte-de-parma-y-la-zona-de-corralillos\/"]}]},{"@type":"ImageObject","inLanguage":"es","@id":"https:\/\/www.laguiadepamplona.com\/actualidad\/el-ayuntamiento-de-pamplona-iniciara-en-septiembre-las-obras-de-rehabilitacion-del-baluarte-de-parma-y-la-zona-de-corralillos\/#primaryimage","url":"https:\/\/www.laguiadepamplona.com\/actualidad\/wp-content\/uploads\/2021\/05\/baluarte_JGV0045.jpg","contentUrl":"https:\/\/www.laguiadepamplona.com\/actualidad\/wp-content\/uploads\/2021\/05\/baluarte_JGV0045.jpg","width":1920,"height":1280,"caption":"A* Jes\u00fas Garzaron F* 2021_01_28 T* Baluarte antes de la restauraci\u00f3n L* Baluarte situado entre los corrales de Santo Domingo y el Archivo General"},{"@type":"BreadcrumbList","@id":"https:\/\/www.laguiadepamplona.com\/actualidad\/el-ayuntamiento-de-pamplona-iniciara-en-septiembre-las-obras-de-rehabilitacion-del-baluarte-de-parma-y-la-zona-de-corralillos\/#breadcrumb","itemListElement":[{"@type":"ListItem","position":1,"name":"Portada","item":"https:\/\/www.laguiadepamplona.com\/actualidad\/"},{"@type":"ListItem","position":2,"name":"El Ayuntamiento de Pamplona iniciar\u00e1 en septiembre las obras de rehabilitaci\u00f3n del Baluarte de Parma y la zona de Corralillos"}]},{"@type":"WebSite","@id":"https:\/\/www.laguiadepamplona.com\/actualidad\/#website","url":"https:\/\/www.laguiadepamplona.com\/actualidad\/","name":"La gu\u00eda de Pamplona","description":"Noticias de Pamplona","publisher":{"@id":"https:\/\/www.laguiadepamplona.com\/actualidad\/#organization"},"potentialAction":[{"@type":"SearchAction","target":{"@type":"EntryPoint","urlTemplate":"https:\/\/www.laguiadepamplona.com\/actualidad\/?s={search_term_string}"},"query-input":{"@type":"PropertyValueSpecification","valueRequired":true,"valueName":"search_term_string"}}],"inLanguage":"es"},{"@type":"Organization","@id":"https:\/\/www.laguiadepamplona.com\/actualidad\/#organization","name":"La Gu\u00eda de Pamplona \/ Noticias","url":"https:\/\/www.laguiadepamplona.com\/actualidad\/","logo":{"@type":"ImageObject","inLanguage":"es","@id":"https:\/\/www.laguiadepamplona.com\/actualidad\/#\/schema\/logo\/image\/","url":"https:\/\/www.laguiadepamplona.com\/actualidad\/wp-content\/uploads\/2018\/11\/logo-laguiadepamplona18-web1.png","contentUrl":"https:\/\/www.laguiadepamplona.com\/actualidad\/wp-content\/uploads\/2018\/11\/logo-laguiadepamplona18-web1.png","width":600,"height":196,"caption":"La Gu\u00eda de Pamplona \/ Noticias"},"image":{"@id":"https:\/\/www.laguiadepamplona.com\/actualidad\/#\/schema\/logo\/image\/"},"sameAs":["https:\/\/www.facebook.com\/laguiadepamplonacom-133175176762273\/?ref=hl","https:\/\/x.com\/LaGuiadPamplona","https:\/\/www.instagram.com\/la_guia_de_pamplona\/","https:\/\/www.youtube.com\/user\/laguiadepamplona"]},{"@type":"Person","@id":"https:\/\/www.laguiadepamplona.com\/actualidad\/#\/schema\/person\/efe887376f0213d4657c93adc50b1fdb","name":"La Gu\u00eda de Pamplona","image":{"@type":"ImageObject","inLanguage":"es","@id":"https:\/\/secure.gravatar.com\/avatar\/b6992f131dc8d30ab0dff15446e9d346d9dbd95992de0fef795073f5ea83a81c?s=96&d=mm&r=g","url":"https:\/\/secure.gravatar.com\/avatar\/b6992f131dc8d30ab0dff15446e9d346d9dbd95992de0fef795073f5ea83a81c?s=96&d=mm&r=g","contentUrl":"https:\/\/secure.gravatar.com\/avatar\/b6992f131dc8d30ab0dff15446e9d346d9dbd95992de0fef795073f5ea83a81c?s=96&d=mm&r=g","caption":"La Gu\u00eda de Pamplona"}}]}},"post_mailing_queue_ids":[],"_links":{"self":[{"href":"https:\/\/www.laguiadepamplona.com\/actualidad\/wp-json\/wp\/v2\/posts\/34716","targetHints":{"allow":["GET"]}}],"collection":[{"href":"https:\/\/www.laguiadepamplona.com\/actualidad\/wp-json\/wp\/v2\/posts"}],"about":[{"href":"https:\/\/www.laguiadepamplona.com\/actualidad\/wp-json\/wp\/v2\/types\/post"}],"author":[{"embeddable":true,"href":"https:\/\/www.laguiadepamplona.com\/actualidad\/wp-json\/wp\/v2\/users\/1"}],"replies":[{"embeddable":true,"href":"https:\/\/www.laguiadepamplona.com\/actualidad\/wp-json\/wp\/v2\/comments?post=34716"}],"version-history":[{"count":0,"href":"https:\/\/www.laguiadepamplona.com\/actualidad\/wp-json\/wp\/v2\/posts\/34716\/revisions"}],"wp:featuredmedia":[{"embeddable":true,"href":"https:\/\/www.laguiadepamplona.com\/actualidad\/wp-json\/wp\/v2\/media\/34717"}],"wp:attachment":[{"href":"https:\/\/www.laguiadepamplona.com\/actualidad\/wp-json\/wp\/v2\/media?parent=34716"}],"wp:term":[{"taxonomy":"category","embeddable":true,"href":"https:\/\/www.laguiadepamplona.com\/actualidad\/wp-json\/wp\/v2\/categories?post=34716"},{"taxonomy":"post_tag","embeddable":true,"href":"https:\/\/www.laguiadepamplona.com\/actualidad\/wp-json\/wp\/v2\/tags?post=34716"}],"curies":[{"name":"wp","href":"https:\/\/api.w.org\/{rel}","templated":true}]}}