{"id":34713,"date":"2021-05-10T12:25:28","date_gmt":"2021-05-10T10:25:28","guid":{"rendered":"https:\/\/www.laguiadepamplona.com\/actualidad\/?p=34713"},"modified":"2023-04-11T11:49:34","modified_gmt":"2023-04-11T09:49:34","slug":"el-nuevo-civivox-del-ensanche-en-salesianos-sera-un-edificio-de-tres-alturas-con-un-salon-de-actos-para-400-personas-y-espacio-para-los-legados-de-ciga-y-sarasate","status":"publish","type":"post","link":"https:\/\/www.laguiadepamplona.com\/actualidad\/el-nuevo-civivox-del-ensanche-en-salesianos-sera-un-edificio-de-tres-alturas-con-un-salon-de-actos-para-400-personas-y-espacio-para-los-legados-de-ciga-y-sarasate\/","title":{"rendered":"El nuevo civivox del Ensanche en Salesianos ser\u00e1 un edificio de tres alturas, con un sal\u00f3n de actos para 400 personas y espacio para los legados de Ciga y Sarasate"},"content":{"rendered":"<h5>La Junta de Gobierno ha aprobado licitar la redacci\u00f3n del proyecto, que se espera tener para final de a\u00f1o y planificar su construcci\u00f3n a partir de 2022<\/h5>\n<p><!--more--><\/p>\n<p><a href=\"https:\/\/www.laguiadepamplona.com\/actualidad\/wp-content\/uploads\/2021\/05\/21.05.10_plano_ubicacion_civivox_ensanche.jpg\"><img loading=\"lazy\" decoding=\"async\" class=\"alignleft size-medium wp-image-34714\" src=\"https:\/\/www.laguiadepamplona.com\/actualidad\/wp-content\/uploads\/2021\/05\/21.05.10_plano_ubicacion_civivox_ensanche-425x300.jpg\" alt=\"\" width=\"425\" height=\"300\" srcset=\"https:\/\/www.laguiadepamplona.com\/actualidad\/wp-content\/uploads\/2021\/05\/21.05.10_plano_ubicacion_civivox_ensanche-425x300.jpg 425w, https:\/\/www.laguiadepamplona.com\/actualidad\/wp-content\/uploads\/2021\/05\/21.05.10_plano_ubicacion_civivox_ensanche-966x682.jpg 966w, https:\/\/www.laguiadepamplona.com\/actualidad\/wp-content\/uploads\/2021\/05\/21.05.10_plano_ubicacion_civivox_ensanche-768x542.jpg 768w, https:\/\/www.laguiadepamplona.com\/actualidad\/wp-content\/uploads\/2021\/05\/21.05.10_plano_ubicacion_civivox_ensanche-1536x1085.jpg 1536w, https:\/\/www.laguiadepamplona.com\/actualidad\/wp-content\/uploads\/2021\/05\/21.05.10_plano_ubicacion_civivox_ensanche-640x452.jpg 640w, https:\/\/www.laguiadepamplona.com\/actualidad\/wp-content\/uploads\/2021\/05\/21.05.10_plano_ubicacion_civivox_ensanche.jpg 1920w\" sizes=\"auto, (max-width: 425px) 100vw, 425px\" \/><\/a>El nuevo civivox del Ensanche, que se prev\u00e9 construir en la parcela 7 del solar del antiguo colegio de los Salesianos, ser\u00e1 un edificio con s\u00f3tano, planta baja y tres alturas, de consumo energ\u00e9tico casi nulo, con una imagen singular y atractiva e integrado en el entorno. Entre sus dotaciones, contar\u00e1 con un sal\u00f3n de actos con capacidad para 400 personas y espacios para acoger la Sala Museo Pablo Sarasate, ahora en Condestable, y la exposici\u00f3n permanente sobre el pintor Javier Ciga, entre otras salas, aulas y zonas de actividad.<\/p>\n<p>La Junta de Gobierno Local ha dado esta ma\u00f1ana el primer paso para hacer realizada ese nuevo civivox del Ensanche \u2013 Salesianos, al aprobar la licitaci\u00f3n del contrato de redacci\u00f3n del proyecto y, en su caso, de la direcci\u00f3n t\u00e9cnica de las obras de ejecuci\u00f3n. El presupuesto de este contrato asciende a 459.800 euros y tiene un plazo de ejecuci\u00f3n de 110 d\u00edas, con una previsi\u00f3n de inicio en el mes de agosto. Por tanto, se prev\u00e9 que en el \u00faltimo trimestre del a\u00f1o el Ayuntamiento de Pamplona pueda contar ya con el proyecto. Despu\u00e9s, a partir del a\u00f1o que viene, habr\u00eda que licitar las obras propiamente dichas para proceder a la construcci\u00f3n del civivox.<\/p>\n<p>El alcalde de Pamplona, Enrique Maya, la concejala delegada de Cultura e Igualdad, Mar\u00eda Garc\u00eda-Barberena, han presentado esta ma\u00f1ana los detalles de esa licitaci\u00f3n y del futuro civivox, as\u00ed como la propuesta de organizaci\u00f3n de los espacios interiores del centro c\u00edvico. El nuevo civivox del Ensanche se ubicar\u00e1 en la parcela 7 del actual solar, aproximadamente en el centro de la parcela, lindando con la calle Media Luna y con acceso desde la plaza peatonal ya denominada de Salesianos. En la actualidad, el barrio del Segundo Ensanche cuenta como espacio c\u00edvico, incluido en la red Civivox, con unas aulas adaptadas en la tercera planta del antiguo colegio Blanca de Navarra.<\/p>\n<p><script async src=\"\/\/pagead2.googlesyndication.com\/pagead\/js\/adsbygoogle.js\"><\/script><br \/>\n<!-- Noticias La Guia de Pamplona --><br \/>\n<ins class=\"adsbygoogle\"\nstyle=\"display:block\"\ndata-ad-client=\"ca-pub-6943679897239327\"\ndata-ad-slot=\"7048180777\"\ndata-ad-format=\"auto\"><\/ins><br \/>\n<script>\n(adsbygoogle = window.adsbygoogle || []).push({});\n<\/script><\/p>\n<p><strong>Sal\u00f3n de actos para 400 personas y salas espec\u00edficas para Ciga y Sarasate<\/strong><\/p>\n<p>El edificio, seg\u00fan se recoge en la propuesta de organizaci\u00f3n de espacios del nuevo civivox, cuenta con unos 4.000 metros cuadrados de superficie total y se estructura en cuatro \u00e1reas: acceso informaci\u00f3n y gesti\u00f3n, salas de actividades (incluido sal\u00f3n de actos), aulas polivalentes y otros espacios. En estos \u00faltimos, se detallan dos salas que acoger\u00e1n los legados de dos artistas referentes de la cultura pamplonesa y navarra. Ser\u00e1n espacios dedicados a las exposiciones permanentes sobre el pintor Javier Ciga y el m\u00fasico y compositor Pablo Sarasate, con unos 600 y 300 metros cuadrados, respectivamente. La Sala Museo Pablo Sarasate est\u00e1 previsto, por tanto, que se traslade de Condestable a este nuevo civivox. En los pr\u00f3ximos d\u00edas, se firmar\u00e1 un convenio con la familia Ciga para sentar las bases de esa futura exposici\u00f3n permanente.<\/p>\n<p>El espacio m\u00e1s amplio ser\u00e1 el dedicado al sal\u00f3n de actos, con unos 610 metros cuadrados y una capacidad para 400 butacas. Esa sala deber\u00e1 tener acceso por el propio civivox y tambi\u00e9n otra entrada independiente para poder programar, aunque el centro est\u00e9 cerrado. Ser\u00e1 una zona insonorizada respecto al resto del edificio con su escenario de 200 metros cuadrados, camerinos, cabina de control t\u00e9cnico y proyecci\u00f3n y almac\u00e9n. El nuevo civivox del Ensanche contar\u00e1 tambi\u00e9n con salas espec\u00edficas para actividades deportivas y de danza, con sus consiguientes vestuarios y almac\u00e9n, as\u00ed como dos talleres para artes pl\u00e1sticas y un aula de cocina.<\/p>\n<p>Dentro de las llamadas aulas polivalentes, se establece espacio para una sala de conferencias, un aula inform\u00e1tica, aulas multiusos con capacidades para 20 o 40 personas y una sala adaptada para actividades dirigidas a p\u00fablico infantil. Por \u00faltimo, se habilitar\u00e1n espacios para informaci\u00f3n y atenci\u00f3n a las personas usuarias y zonas destinadas a la direcci\u00f3n y gesti\u00f3n del centro con despachos, oficinas, almacenaje e instalaciones de suministro y abastecimiento de energ\u00eda. A todo ello se unen otras dependencias y servicios, como aseos en todas las plantas, una sala de lectura y estudio, una sala de lactancia, un espacio para el personal de limpieza con taquillas y zona de almac\u00e9n, y un \u00e1rea de aparcamiento para veh\u00edculos autorizados en el s\u00f3tano, con la posibilidad de incluir tambi\u00e9n espacios del equipamiento cultural.<\/p>\n<p><script async src=\"\/\/pagead2.googlesyndication.com\/pagead\/js\/adsbygoogle.js\"><\/script><br \/>\n<!-- Noticias La Guia de Pamplona --><br \/>\n<ins class=\"adsbygoogle\"\nstyle=\"display:block\"\ndata-ad-client=\"ca-pub-6943679897239327\"\ndata-ad-slot=\"7048180777\"\ndata-ad-format=\"auto\"><\/ins><br \/>\n<script>\n(adsbygoogle = window.adsbygoogle || []).push({});\n<\/script><\/p>\n<p><strong>Edificio representativo, sugerente e integrado<\/strong><\/p>\n<p>El Ayuntamiento de Pamplona busca con este contrato de redacci\u00f3n del proyecto un edificio representativo, con una imagen singular, sugerente y atractiva, integrado en el entorno, con una buena relaci\u00f3n con los espacios contiguos y que sirva de referente para la vida cultural del Segundo Ensanche y para toda la ciudad. Por ello, se valorar\u00e1n aspectos como el dise\u00f1o, la composici\u00f3n, el cumplimiento de los aspectos funcionales y organizativos del programa, la calidad espacial y su capacidad de promover un espacio social y comunitario como lugar actividades, de encuentro y de relaci\u00f3n.<\/p>\n<p>Se tendr\u00e1n en cuenta tambi\u00e9n las calidades, tanto de materiales como de otros aspectos como la adecuaci\u00f3n al uso de los diferentes espacios, las soluciones t\u00e9cnicas de acabados y de instalaciones, y su idoneidad. El plazo de presentaci\u00f3n de ofertas comenzar\u00e1 una vez que se publique el anuncio de licitaci\u00f3n en el Portal de Contrataci\u00f3n de Navarra. Los criterios de adjudicaci\u00f3n del contrato se reparten al 50% entre aspectos cualitativos (calidad arquitect\u00f3nica, dise\u00f1o y sostenibilidad, justificaci\u00f3n del programa de necesidades y calidad constructiva) y aspectos objetivos (oferta econ\u00f3mica, plazo de redacci\u00f3n del proyecto, propuesta de direcci\u00f3n de obra y criterio social).<\/p>\n<p>Los centros civivox son equipamientos polivalentes de desarrollo cultural y social que ponen a disposici\u00f3n de la ciudadan\u00eda espacios de encuentro, formaci\u00f3n, creaci\u00f3n, exhibici\u00f3n e informaci\u00f3n para contribuir a promover valores e intereses culturales dentro de sus \u00e1mbitos de acci\u00f3n. La red Civivox se distribuye en la actualidad por siete barrios de la ciudad, incluidas las aulas del llamado Civivox Ensanche en el colegio Blanca de Navarra. Son centros que se plantean como espacios de proximidad, abiertos, cercanos, accesibles y con una amplia oferta program\u00e1tica.<\/p>\n<p>El Ayuntamiento de Pamplona dota a estos espacios de programaci\u00f3n regular basada en cursos, talleres y actividades socioculturales, que suponen el grueso de la programaci\u00f3n cultural de la ciudad. Asimismo, estas dotaciones socioculturales ceden espacios de forma permanente o puntual a entidades, asociaciones y colectivos para el desarrollo de sus propias actividades. En definitiva, mediante la red Civivox, el Ayuntamiento busca garantizar el derecho universal de acceso a la cultura, entendida como bien com\u00fan y promoviendo la participaci\u00f3n de la ciudadan\u00eda en esa vida cultural de la ciudad.<\/p>\n","protected":false},"excerpt":{"rendered":"<p>La Junta de Gobierno ha aprobado licitar la redacci\u00f3n del proyecto, que se espera tener para final de a\u00f1o y planificar su construcci\u00f3n a partir de 2022<\/p>\n","protected":false},"author":1,"featured_media":34714,"comment_status":"open","ping_status":"closed","sticky":false,"template":"","format":"standard","meta":{"footnotes":""},"categories":[2],"tags":[],"class_list":["post-34713","post","type-post","status-publish","format-standard","has-post-thumbnail","hentry","category-ayuntamiento-pamplona"],"yoast_head":"<!-- This site is optimized with the Yoast SEO plugin v27.3 - https:\/\/yoast.com\/product\/yoast-seo-wordpress\/ -->\n<title>El nuevo civivox del Ensanche en Salesianos ser\u00e1 un edificio de tres alturas, con un sal\u00f3n de actos para 400 personas y espacio para los legados de Ciga y Sarasate<\/title>\n<meta name=\"description\" content=\"La Junta de Gobierno ha aprobado licitar la redacci\u00f3n del proyecto, que se espera tener para final de a\u00f1o y planificar su construcci\u00f3n a partir de 2022\" \/>\n<meta name=\"robots\" content=\"index, follow, max-snippet:-1, max-image-preview:large, max-video-preview:-1\" \/>\n<link rel=\"canonical\" href=\"https:\/\/www.laguiadepamplona.com\/actualidad\/el-nuevo-civivox-del-ensanche-en-salesianos-sera-un-edificio-de-tres-alturas-con-un-salon-de-actos-para-400-personas-y-espacio-para-los-legados-de-ciga-y-sarasate\/\" \/>\n<meta property=\"og:locale\" content=\"es_ES\" \/>\n<meta property=\"og:type\" content=\"article\" \/>\n<meta property=\"og:title\" content=\"El nuevo civivox del Ensanche en Salesianos ser\u00e1 un edificio de tres alturas, con un sal\u00f3n de actos para 400 personas y espacio para los legados de Ciga y Sarasate\" \/>\n<meta property=\"og:description\" content=\"La Junta de Gobierno ha aprobado licitar la redacci\u00f3n del proyecto, que se espera tener para final de a\u00f1o y planificar su construcci\u00f3n a partir de 2022\" \/>\n<meta property=\"og:url\" content=\"https:\/\/www.laguiadepamplona.com\/actualidad\/el-nuevo-civivox-del-ensanche-en-salesianos-sera-un-edificio-de-tres-alturas-con-un-salon-de-actos-para-400-personas-y-espacio-para-los-legados-de-ciga-y-sarasate\/\" \/>\n<meta property=\"og:site_name\" content=\"La Gu\u00eda de Pamplona\" \/>\n<meta property=\"article:publisher\" content=\"https:\/\/www.facebook.com\/laguiadepamplonacom-133175176762273\/?ref=hl\" \/>\n<meta property=\"article:published_time\" content=\"2021-05-10T10:25:28+00:00\" \/>\n<meta property=\"article:modified_time\" content=\"2023-04-11T09:49:34+00:00\" \/>\n<meta property=\"og:image\" content=\"https:\/\/www.laguiadepamplona.com\/actualidad\/wp-content\/uploads\/2021\/05\/21.05.10_plano_ubicacion_civivox_ensanche.jpg\" \/>\n\t<meta property=\"og:image:width\" content=\"1920\" \/>\n\t<meta property=\"og:image:height\" content=\"1356\" \/>\n\t<meta property=\"og:image:type\" content=\"image\/jpeg\" \/>\n<meta name=\"author\" content=\"La Gu\u00eda de Pamplona\" \/>\n<meta name=\"twitter:card\" content=\"summary_large_image\" \/>\n<meta name=\"twitter:creator\" content=\"@LaGuiadPamplona\" \/>\n<meta name=\"twitter:site\" content=\"@LaGuiadPamplona\" \/>\n<meta name=\"twitter:label1\" content=\"Escrito por\" \/>\n\t<meta name=\"twitter:data1\" content=\"La Gu\u00eda de Pamplona\" \/>\n\t<meta name=\"twitter:label2\" content=\"Tiempo de lectura\" \/>\n\t<meta name=\"twitter:data2\" content=\"5 minutos\" \/>\n<script type=\"application\/ld+json\" class=\"yoast-schema-graph\">{\"@context\":\"https:\\\/\\\/schema.org\",\"@graph\":[{\"@type\":\"Article\",\"@id\":\"https:\\\/\\\/www.laguiadepamplona.com\\\/actualidad\\\/el-nuevo-civivox-del-ensanche-en-salesianos-sera-un-edificio-de-tres-alturas-con-un-salon-de-actos-para-400-personas-y-espacio-para-los-legados-de-ciga-y-sarasate\\\/#article\",\"isPartOf\":{\"@id\":\"https:\\\/\\\/www.laguiadepamplona.com\\\/actualidad\\\/el-nuevo-civivox-del-ensanche-en-salesianos-sera-un-edificio-de-tres-alturas-con-un-salon-de-actos-para-400-personas-y-espacio-para-los-legados-de-ciga-y-sarasate\\\/\"},\"author\":{\"name\":\"La Gu\u00eda de Pamplona\",\"@id\":\"https:\\\/\\\/www.laguiadepamplona.com\\\/actualidad\\\/#\\\/schema\\\/person\\\/efe887376f0213d4657c93adc50b1fdb\"},\"headline\":\"El nuevo civivox del Ensanche en Salesianos ser\u00e1 un edificio de tres alturas, con un sal\u00f3n de actos para 400 personas y espacio para los legados de Ciga y Sarasate\",\"datePublished\":\"2021-05-10T10:25:28+00:00\",\"dateModified\":\"2023-04-11T09:49:34+00:00\",\"mainEntityOfPage\":{\"@id\":\"https:\\\/\\\/www.laguiadepamplona.com\\\/actualidad\\\/el-nuevo-civivox-del-ensanche-en-salesianos-sera-un-edificio-de-tres-alturas-con-un-salon-de-actos-para-400-personas-y-espacio-para-los-legados-de-ciga-y-sarasate\\\/\"},\"wordCount\":1201,\"commentCount\":0,\"publisher\":{\"@id\":\"https:\\\/\\\/www.laguiadepamplona.com\\\/actualidad\\\/#organization\"},\"image\":{\"@id\":\"https:\\\/\\\/www.laguiadepamplona.com\\\/actualidad\\\/el-nuevo-civivox-del-ensanche-en-salesianos-sera-un-edificio-de-tres-alturas-con-un-salon-de-actos-para-400-personas-y-espacio-para-los-legados-de-ciga-y-sarasate\\\/#primaryimage\"},\"thumbnailUrl\":\"https:\\\/\\\/www.laguiadepamplona.com\\\/actualidad\\\/wp-content\\\/uploads\\\/2021\\\/05\\\/21.05.10_plano_ubicacion_civivox_ensanche.jpg\",\"articleSection\":[\"Ayto Pamplona\"],\"inLanguage\":\"es\",\"potentialAction\":[{\"@type\":\"CommentAction\",\"name\":\"Comment\",\"target\":[\"https:\\\/\\\/www.laguiadepamplona.com\\\/actualidad\\\/el-nuevo-civivox-del-ensanche-en-salesianos-sera-un-edificio-de-tres-alturas-con-un-salon-de-actos-para-400-personas-y-espacio-para-los-legados-de-ciga-y-sarasate\\\/#respond\"]}]},{\"@type\":\"WebPage\",\"@id\":\"https:\\\/\\\/www.laguiadepamplona.com\\\/actualidad\\\/el-nuevo-civivox-del-ensanche-en-salesianos-sera-un-edificio-de-tres-alturas-con-un-salon-de-actos-para-400-personas-y-espacio-para-los-legados-de-ciga-y-sarasate\\\/\",\"url\":\"https:\\\/\\\/www.laguiadepamplona.com\\\/actualidad\\\/el-nuevo-civivox-del-ensanche-en-salesianos-sera-un-edificio-de-tres-alturas-con-un-salon-de-actos-para-400-personas-y-espacio-para-los-legados-de-ciga-y-sarasate\\\/\",\"name\":\"El nuevo civivox del Ensanche en Salesianos ser\u00e1 un edificio de tres alturas, con un sal\u00f3n de actos para 400 personas y espacio para los legados de Ciga y Sarasate\",\"isPartOf\":{\"@id\":\"https:\\\/\\\/www.laguiadepamplona.com\\\/actualidad\\\/#website\"},\"primaryImageOfPage\":{\"@id\":\"https:\\\/\\\/www.laguiadepamplona.com\\\/actualidad\\\/el-nuevo-civivox-del-ensanche-en-salesianos-sera-un-edificio-de-tres-alturas-con-un-salon-de-actos-para-400-personas-y-espacio-para-los-legados-de-ciga-y-sarasate\\\/#primaryimage\"},\"image\":{\"@id\":\"https:\\\/\\\/www.laguiadepamplona.com\\\/actualidad\\\/el-nuevo-civivox-del-ensanche-en-salesianos-sera-un-edificio-de-tres-alturas-con-un-salon-de-actos-para-400-personas-y-espacio-para-los-legados-de-ciga-y-sarasate\\\/#primaryimage\"},\"thumbnailUrl\":\"https:\\\/\\\/www.laguiadepamplona.com\\\/actualidad\\\/wp-content\\\/uploads\\\/2021\\\/05\\\/21.05.10_plano_ubicacion_civivox_ensanche.jpg\",\"datePublished\":\"2021-05-10T10:25:28+00:00\",\"dateModified\":\"2023-04-11T09:49:34+00:00\",\"description\":\"La Junta de Gobierno ha aprobado licitar la redacci\u00f3n del proyecto, que se espera tener para final de a\u00f1o y planificar su construcci\u00f3n a partir de 2022\",\"breadcrumb\":{\"@id\":\"https:\\\/\\\/www.laguiadepamplona.com\\\/actualidad\\\/el-nuevo-civivox-del-ensanche-en-salesianos-sera-un-edificio-de-tres-alturas-con-un-salon-de-actos-para-400-personas-y-espacio-para-los-legados-de-ciga-y-sarasate\\\/#breadcrumb\"},\"inLanguage\":\"es\",\"potentialAction\":[{\"@type\":\"ReadAction\",\"target\":[\"https:\\\/\\\/www.laguiadepamplona.com\\\/actualidad\\\/el-nuevo-civivox-del-ensanche-en-salesianos-sera-un-edificio-de-tres-alturas-con-un-salon-de-actos-para-400-personas-y-espacio-para-los-legados-de-ciga-y-sarasate\\\/\"]}]},{\"@type\":\"ImageObject\",\"inLanguage\":\"es\",\"@id\":\"https:\\\/\\\/www.laguiadepamplona.com\\\/actualidad\\\/el-nuevo-civivox-del-ensanche-en-salesianos-sera-un-edificio-de-tres-alturas-con-un-salon-de-actos-para-400-personas-y-espacio-para-los-legados-de-ciga-y-sarasate\\\/#primaryimage\",\"url\":\"https:\\\/\\\/www.laguiadepamplona.com\\\/actualidad\\\/wp-content\\\/uploads\\\/2021\\\/05\\\/21.05.10_plano_ubicacion_civivox_ensanche.jpg\",\"contentUrl\":\"https:\\\/\\\/www.laguiadepamplona.com\\\/actualidad\\\/wp-content\\\/uploads\\\/2021\\\/05\\\/21.05.10_plano_ubicacion_civivox_ensanche.jpg\",\"width\":1920,\"height\":1356},{\"@type\":\"BreadcrumbList\",\"@id\":\"https:\\\/\\\/www.laguiadepamplona.com\\\/actualidad\\\/el-nuevo-civivox-del-ensanche-en-salesianos-sera-un-edificio-de-tres-alturas-con-un-salon-de-actos-para-400-personas-y-espacio-para-los-legados-de-ciga-y-sarasate\\\/#breadcrumb\",\"itemListElement\":[{\"@type\":\"ListItem\",\"position\":1,\"name\":\"Portada\",\"item\":\"https:\\\/\\\/www.laguiadepamplona.com\\\/actualidad\\\/\"},{\"@type\":\"ListItem\",\"position\":2,\"name\":\"El nuevo civivox del Ensanche en Salesianos ser\u00e1 un edificio de tres alturas, con un sal\u00f3n de actos para 400 personas y espacio para los legados de Ciga y Sarasate\"}]},{\"@type\":\"WebSite\",\"@id\":\"https:\\\/\\\/www.laguiadepamplona.com\\\/actualidad\\\/#website\",\"url\":\"https:\\\/\\\/www.laguiadepamplona.com\\\/actualidad\\\/\",\"name\":\"La gu\u00eda de Pamplona\",\"description\":\"Noticias de Pamplona\",\"publisher\":{\"@id\":\"https:\\\/\\\/www.laguiadepamplona.com\\\/actualidad\\\/#organization\"},\"potentialAction\":[{\"@type\":\"SearchAction\",\"target\":{\"@type\":\"EntryPoint\",\"urlTemplate\":\"https:\\\/\\\/www.laguiadepamplona.com\\\/actualidad\\\/?s={search_term_string}\"},\"query-input\":{\"@type\":\"PropertyValueSpecification\",\"valueRequired\":true,\"valueName\":\"search_term_string\"}}],\"inLanguage\":\"es\"},{\"@type\":\"Organization\",\"@id\":\"https:\\\/\\\/www.laguiadepamplona.com\\\/actualidad\\\/#organization\",\"name\":\"La Gu\u00eda de Pamplona \\\/ Noticias\",\"url\":\"https:\\\/\\\/www.laguiadepamplona.com\\\/actualidad\\\/\",\"logo\":{\"@type\":\"ImageObject\",\"inLanguage\":\"es\",\"@id\":\"https:\\\/\\\/www.laguiadepamplona.com\\\/actualidad\\\/#\\\/schema\\\/logo\\\/image\\\/\",\"url\":\"https:\\\/\\\/www.laguiadepamplona.com\\\/actualidad\\\/wp-content\\\/uploads\\\/2018\\\/11\\\/logo-laguiadepamplona18-web1.png\",\"contentUrl\":\"https:\\\/\\\/www.laguiadepamplona.com\\\/actualidad\\\/wp-content\\\/uploads\\\/2018\\\/11\\\/logo-laguiadepamplona18-web1.png\",\"width\":600,\"height\":196,\"caption\":\"La Gu\u00eda de Pamplona \\\/ Noticias\"},\"image\":{\"@id\":\"https:\\\/\\\/www.laguiadepamplona.com\\\/actualidad\\\/#\\\/schema\\\/logo\\\/image\\\/\"},\"sameAs\":[\"https:\\\/\\\/www.facebook.com\\\/laguiadepamplonacom-133175176762273\\\/?ref=hl\",\"https:\\\/\\\/x.com\\\/LaGuiadPamplona\",\"https:\\\/\\\/www.instagram.com\\\/la_guia_de_pamplona\\\/\",\"https:\\\/\\\/www.youtube.com\\\/user\\\/laguiadepamplona\"]},{\"@type\":\"Person\",\"@id\":\"https:\\\/\\\/www.laguiadepamplona.com\\\/actualidad\\\/#\\\/schema\\\/person\\\/efe887376f0213d4657c93adc50b1fdb\",\"name\":\"La Gu\u00eda de Pamplona\",\"image\":{\"@type\":\"ImageObject\",\"inLanguage\":\"es\",\"@id\":\"https:\\\/\\\/secure.gravatar.com\\\/avatar\\\/b6992f131dc8d30ab0dff15446e9d346d9dbd95992de0fef795073f5ea83a81c?s=96&d=mm&r=g\",\"url\":\"https:\\\/\\\/secure.gravatar.com\\\/avatar\\\/b6992f131dc8d30ab0dff15446e9d346d9dbd95992de0fef795073f5ea83a81c?s=96&d=mm&r=g\",\"contentUrl\":\"https:\\\/\\\/secure.gravatar.com\\\/avatar\\\/b6992f131dc8d30ab0dff15446e9d346d9dbd95992de0fef795073f5ea83a81c?s=96&d=mm&r=g\",\"caption\":\"La Gu\u00eda de Pamplona\"}}]}<\/script>\n<!-- \/ Yoast SEO plugin. -->","yoast_head_json":{"title":"El nuevo civivox del Ensanche en Salesianos ser\u00e1 un edificio de tres alturas, con un sal\u00f3n de actos para 400 personas y espacio para los legados de Ciga y Sarasate","description":"La Junta de Gobierno ha aprobado licitar la redacci\u00f3n del proyecto, que se espera tener para final de a\u00f1o y planificar su construcci\u00f3n a partir de 2022","robots":{"index":"index","follow":"follow","max-snippet":"max-snippet:-1","max-image-preview":"max-image-preview:large","max-video-preview":"max-video-preview:-1"},"canonical":"https:\/\/www.laguiadepamplona.com\/actualidad\/el-nuevo-civivox-del-ensanche-en-salesianos-sera-un-edificio-de-tres-alturas-con-un-salon-de-actos-para-400-personas-y-espacio-para-los-legados-de-ciga-y-sarasate\/","og_locale":"es_ES","og_type":"article","og_title":"El nuevo civivox del Ensanche en Salesianos ser\u00e1 un edificio de tres alturas, con un sal\u00f3n de actos para 400 personas y espacio para los legados de Ciga y Sarasate","og_description":"La Junta de Gobierno ha aprobado licitar la redacci\u00f3n del proyecto, que se espera tener para final de a\u00f1o y planificar su construcci\u00f3n a partir de 2022","og_url":"https:\/\/www.laguiadepamplona.com\/actualidad\/el-nuevo-civivox-del-ensanche-en-salesianos-sera-un-edificio-de-tres-alturas-con-un-salon-de-actos-para-400-personas-y-espacio-para-los-legados-de-ciga-y-sarasate\/","og_site_name":"La Gu\u00eda de Pamplona","article_publisher":"https:\/\/www.facebook.com\/laguiadepamplonacom-133175176762273\/?ref=hl","article_published_time":"2021-05-10T10:25:28+00:00","article_modified_time":"2023-04-11T09:49:34+00:00","og_image":[{"width":1920,"height":1356,"url":"https:\/\/www.laguiadepamplona.com\/actualidad\/wp-content\/uploads\/2021\/05\/21.05.10_plano_ubicacion_civivox_ensanche.jpg","type":"image\/jpeg"}],"author":"La Gu\u00eda de Pamplona","twitter_card":"summary_large_image","twitter_creator":"@LaGuiadPamplona","twitter_site":"@LaGuiadPamplona","twitter_misc":{"Escrito por":"La Gu\u00eda de Pamplona","Tiempo de lectura":"5 minutos"},"schema":{"@context":"https:\/\/schema.org","@graph":[{"@type":"Article","@id":"https:\/\/www.laguiadepamplona.com\/actualidad\/el-nuevo-civivox-del-ensanche-en-salesianos-sera-un-edificio-de-tres-alturas-con-un-salon-de-actos-para-400-personas-y-espacio-para-los-legados-de-ciga-y-sarasate\/#article","isPartOf":{"@id":"https:\/\/www.laguiadepamplona.com\/actualidad\/el-nuevo-civivox-del-ensanche-en-salesianos-sera-un-edificio-de-tres-alturas-con-un-salon-de-actos-para-400-personas-y-espacio-para-los-legados-de-ciga-y-sarasate\/"},"author":{"name":"La Gu\u00eda de Pamplona","@id":"https:\/\/www.laguiadepamplona.com\/actualidad\/#\/schema\/person\/efe887376f0213d4657c93adc50b1fdb"},"headline":"El nuevo civivox del Ensanche en Salesianos ser\u00e1 un edificio de tres alturas, con un sal\u00f3n de actos para 400 personas y espacio para los legados de Ciga y Sarasate","datePublished":"2021-05-10T10:25:28+00:00","dateModified":"2023-04-11T09:49:34+00:00","mainEntityOfPage":{"@id":"https:\/\/www.laguiadepamplona.com\/actualidad\/el-nuevo-civivox-del-ensanche-en-salesianos-sera-un-edificio-de-tres-alturas-con-un-salon-de-actos-para-400-personas-y-espacio-para-los-legados-de-ciga-y-sarasate\/"},"wordCount":1201,"commentCount":0,"publisher":{"@id":"https:\/\/www.laguiadepamplona.com\/actualidad\/#organization"},"image":{"@id":"https:\/\/www.laguiadepamplona.com\/actualidad\/el-nuevo-civivox-del-ensanche-en-salesianos-sera-un-edificio-de-tres-alturas-con-un-salon-de-actos-para-400-personas-y-espacio-para-los-legados-de-ciga-y-sarasate\/#primaryimage"},"thumbnailUrl":"https:\/\/www.laguiadepamplona.com\/actualidad\/wp-content\/uploads\/2021\/05\/21.05.10_plano_ubicacion_civivox_ensanche.jpg","articleSection":["Ayto Pamplona"],"inLanguage":"es","potentialAction":[{"@type":"CommentAction","name":"Comment","target":["https:\/\/www.laguiadepamplona.com\/actualidad\/el-nuevo-civivox-del-ensanche-en-salesianos-sera-un-edificio-de-tres-alturas-con-un-salon-de-actos-para-400-personas-y-espacio-para-los-legados-de-ciga-y-sarasate\/#respond"]}]},{"@type":"WebPage","@id":"https:\/\/www.laguiadepamplona.com\/actualidad\/el-nuevo-civivox-del-ensanche-en-salesianos-sera-un-edificio-de-tres-alturas-con-un-salon-de-actos-para-400-personas-y-espacio-para-los-legados-de-ciga-y-sarasate\/","url":"https:\/\/www.laguiadepamplona.com\/actualidad\/el-nuevo-civivox-del-ensanche-en-salesianos-sera-un-edificio-de-tres-alturas-con-un-salon-de-actos-para-400-personas-y-espacio-para-los-legados-de-ciga-y-sarasate\/","name":"El nuevo civivox del Ensanche en Salesianos ser\u00e1 un edificio de tres alturas, con un sal\u00f3n de actos para 400 personas y espacio para los legados de Ciga y Sarasate","isPartOf":{"@id":"https:\/\/www.laguiadepamplona.com\/actualidad\/#website"},"primaryImageOfPage":{"@id":"https:\/\/www.laguiadepamplona.com\/actualidad\/el-nuevo-civivox-del-ensanche-en-salesianos-sera-un-edificio-de-tres-alturas-con-un-salon-de-actos-para-400-personas-y-espacio-para-los-legados-de-ciga-y-sarasate\/#primaryimage"},"image":{"@id":"https:\/\/www.laguiadepamplona.com\/actualidad\/el-nuevo-civivox-del-ensanche-en-salesianos-sera-un-edificio-de-tres-alturas-con-un-salon-de-actos-para-400-personas-y-espacio-para-los-legados-de-ciga-y-sarasate\/#primaryimage"},"thumbnailUrl":"https:\/\/www.laguiadepamplona.com\/actualidad\/wp-content\/uploads\/2021\/05\/21.05.10_plano_ubicacion_civivox_ensanche.jpg","datePublished":"2021-05-10T10:25:28+00:00","dateModified":"2023-04-11T09:49:34+00:00","description":"La Junta de Gobierno ha aprobado licitar la redacci\u00f3n del proyecto, que se espera tener para final de a\u00f1o y planificar su construcci\u00f3n a partir de 2022","breadcrumb":{"@id":"https:\/\/www.laguiadepamplona.com\/actualidad\/el-nuevo-civivox-del-ensanche-en-salesianos-sera-un-edificio-de-tres-alturas-con-un-salon-de-actos-para-400-personas-y-espacio-para-los-legados-de-ciga-y-sarasate\/#breadcrumb"},"inLanguage":"es","potentialAction":[{"@type":"ReadAction","target":["https:\/\/www.laguiadepamplona.com\/actualidad\/el-nuevo-civivox-del-ensanche-en-salesianos-sera-un-edificio-de-tres-alturas-con-un-salon-de-actos-para-400-personas-y-espacio-para-los-legados-de-ciga-y-sarasate\/"]}]},{"@type":"ImageObject","inLanguage":"es","@id":"https:\/\/www.laguiadepamplona.com\/actualidad\/el-nuevo-civivox-del-ensanche-en-salesianos-sera-un-edificio-de-tres-alturas-con-un-salon-de-actos-para-400-personas-y-espacio-para-los-legados-de-ciga-y-sarasate\/#primaryimage","url":"https:\/\/www.laguiadepamplona.com\/actualidad\/wp-content\/uploads\/2021\/05\/21.05.10_plano_ubicacion_civivox_ensanche.jpg","contentUrl":"https:\/\/www.laguiadepamplona.com\/actualidad\/wp-content\/uploads\/2021\/05\/21.05.10_plano_ubicacion_civivox_ensanche.jpg","width":1920,"height":1356},{"@type":"BreadcrumbList","@id":"https:\/\/www.laguiadepamplona.com\/actualidad\/el-nuevo-civivox-del-ensanche-en-salesianos-sera-un-edificio-de-tres-alturas-con-un-salon-de-actos-para-400-personas-y-espacio-para-los-legados-de-ciga-y-sarasate\/#breadcrumb","itemListElement":[{"@type":"ListItem","position":1,"name":"Portada","item":"https:\/\/www.laguiadepamplona.com\/actualidad\/"},{"@type":"ListItem","position":2,"name":"El nuevo civivox del Ensanche en Salesianos ser\u00e1 un edificio de tres alturas, con un sal\u00f3n de actos para 400 personas y espacio para los legados de Ciga y Sarasate"}]},{"@type":"WebSite","@id":"https:\/\/www.laguiadepamplona.com\/actualidad\/#website","url":"https:\/\/www.laguiadepamplona.com\/actualidad\/","name":"La gu\u00eda de Pamplona","description":"Noticias de Pamplona","publisher":{"@id":"https:\/\/www.laguiadepamplona.com\/actualidad\/#organization"},"potentialAction":[{"@type":"SearchAction","target":{"@type":"EntryPoint","urlTemplate":"https:\/\/www.laguiadepamplona.com\/actualidad\/?s={search_term_string}"},"query-input":{"@type":"PropertyValueSpecification","valueRequired":true,"valueName":"search_term_string"}}],"inLanguage":"es"},{"@type":"Organization","@id":"https:\/\/www.laguiadepamplona.com\/actualidad\/#organization","name":"La Gu\u00eda de Pamplona \/ Noticias","url":"https:\/\/www.laguiadepamplona.com\/actualidad\/","logo":{"@type":"ImageObject","inLanguage":"es","@id":"https:\/\/www.laguiadepamplona.com\/actualidad\/#\/schema\/logo\/image\/","url":"https:\/\/www.laguiadepamplona.com\/actualidad\/wp-content\/uploads\/2018\/11\/logo-laguiadepamplona18-web1.png","contentUrl":"https:\/\/www.laguiadepamplona.com\/actualidad\/wp-content\/uploads\/2018\/11\/logo-laguiadepamplona18-web1.png","width":600,"height":196,"caption":"La Gu\u00eda de Pamplona \/ Noticias"},"image":{"@id":"https:\/\/www.laguiadepamplona.com\/actualidad\/#\/schema\/logo\/image\/"},"sameAs":["https:\/\/www.facebook.com\/laguiadepamplonacom-133175176762273\/?ref=hl","https:\/\/x.com\/LaGuiadPamplona","https:\/\/www.instagram.com\/la_guia_de_pamplona\/","https:\/\/www.youtube.com\/user\/laguiadepamplona"]},{"@type":"Person","@id":"https:\/\/www.laguiadepamplona.com\/actualidad\/#\/schema\/person\/efe887376f0213d4657c93adc50b1fdb","name":"La Gu\u00eda de Pamplona","image":{"@type":"ImageObject","inLanguage":"es","@id":"https:\/\/secure.gravatar.com\/avatar\/b6992f131dc8d30ab0dff15446e9d346d9dbd95992de0fef795073f5ea83a81c?s=96&d=mm&r=g","url":"https:\/\/secure.gravatar.com\/avatar\/b6992f131dc8d30ab0dff15446e9d346d9dbd95992de0fef795073f5ea83a81c?s=96&d=mm&r=g","contentUrl":"https:\/\/secure.gravatar.com\/avatar\/b6992f131dc8d30ab0dff15446e9d346d9dbd95992de0fef795073f5ea83a81c?s=96&d=mm&r=g","caption":"La Gu\u00eda de Pamplona"}}]}},"post_mailing_queue_ids":[],"_links":{"self":[{"href":"https:\/\/www.laguiadepamplona.com\/actualidad\/wp-json\/wp\/v2\/posts\/34713","targetHints":{"allow":["GET"]}}],"collection":[{"href":"https:\/\/www.laguiadepamplona.com\/actualidad\/wp-json\/wp\/v2\/posts"}],"about":[{"href":"https:\/\/www.laguiadepamplona.com\/actualidad\/wp-json\/wp\/v2\/types\/post"}],"author":[{"embeddable":true,"href":"https:\/\/www.laguiadepamplona.com\/actualidad\/wp-json\/wp\/v2\/users\/1"}],"replies":[{"embeddable":true,"href":"https:\/\/www.laguiadepamplona.com\/actualidad\/wp-json\/wp\/v2\/comments?post=34713"}],"version-history":[{"count":0,"href":"https:\/\/www.laguiadepamplona.com\/actualidad\/wp-json\/wp\/v2\/posts\/34713\/revisions"}],"wp:featuredmedia":[{"embeddable":true,"href":"https:\/\/www.laguiadepamplona.com\/actualidad\/wp-json\/wp\/v2\/media\/34714"}],"wp:attachment":[{"href":"https:\/\/www.laguiadepamplona.com\/actualidad\/wp-json\/wp\/v2\/media?parent=34713"}],"wp:term":[{"taxonomy":"category","embeddable":true,"href":"https:\/\/www.laguiadepamplona.com\/actualidad\/wp-json\/wp\/v2\/categories?post=34713"},{"taxonomy":"post_tag","embeddable":true,"href":"https:\/\/www.laguiadepamplona.com\/actualidad\/wp-json\/wp\/v2\/tags?post=34713"}],"curies":[{"name":"wp","href":"https:\/\/api.w.org\/{rel}","templated":true}]}}